{"id":17683,"date":"2021-08-18T08:59:00","date_gmt":"2021-08-18T06:59:00","guid":{"rendered":"https:\/\/skalnik.pl\/blog\/?p=17683"},"modified":"2023-09-28T14:21:22","modified_gmt":"2023-09-28T12:21:22","slug":"spiwor-volven-polaris-recenzja","status":"publish","type":"post","link":"https:\/\/www.skalnik.pl\/blog\/spiwor-volven-polaris-recenzja\/","title":{"rendered":"\u015apiw\u00f3r Volven Polaris &#8211; recenzja"},"content":{"rendered":"\n<p><strong>Trekking, ci\u0119\u017cki plecak, ciep\u0142e dni i zimne noce. Biwakowanie pod chmurk\u0105. Spanie pod namiotem &#8211; wiosn\u0105, latem i jesieni\u0105. Zim\u0105 &#8211; nocowanie pod dachem bez sprawnego ogrzewania. Takie warunki wystawi\u0142y na pr\u00f3b\u0119 \u015bpiw\u00f3r Polaris marki Volven. Jeste\u015bcie ciekawi, jak si\u0119 spisa\u0142? Zapraszam do lektury.<\/strong><\/p>\n\n\n\n<p>Przedstawi\u0119 Polarisa od strony technicznej. To \u015bpiw\u00f3r puchowy wype\u0142niony naturalnym puchem kaczym. Jego w\u0142a\u015bciwo\u015bci izoluj\u0105ce ceni ka\u017cdy do\u015bwiadczony turysta. 300 gram\u00f3w puchu o spr\u0119\u017cysto\u015bci 700 cuin, kt\u00f3re go wype\u0142niaj\u0105, to w sam raz na trzy pory roku i wi\u0119kszo\u015b\u0107 wypraw na terenie kraju i Europy. Zakres temperatur podawany przez producenta przedstawia si\u0119 nast\u0119puj\u0105co:<\/p>\n\n\n\n<ul class=\"wp-block-list\">\n<li>komfort: 6 stopni<\/li>\n\n\n\n<li>limit: 2 stopnie<\/li>\n\n\n\n<li>ekstremum: &#8211; 14 stopni<\/li>\n<\/ul>\n\n\n\n<p><mark style=\"background-color:rgba(0, 0, 0, 0)\" class=\"has-inline-color has-vivid-cyan-blue-color\">\u015apiw\u00f3r Polaris znajdziesz <a href=\"https:\/\/skalnik.pl\/catalog\/product\/view\/_ignore_category\/1\/id\/595800\/s\/spiwor-puchowy-volven-polaris-pomaranczowy-pomaranczowy-volven-595800\/\" target=\"_blank\" rel=\"noreferrer noopener\"><strong>tutaj<\/strong><\/a>. <\/mark><\/p>\n\n\n<div class=\"wp-block-image\">\n<figure class=\"aligncenter size-large\"><img loading=\"lazy\" decoding=\"async\" width=\"1024\" height=\"685\" src=\"https:\/\/skalnik.pl\/blog\/wp-content\/uploads\/2021\/08\/Polaris-2-3-1024x685.jpg\" alt=\"Puchowy \u015bpiw\u00f3r Polaris Volven\" class=\"wp-image-17697\" srcset=\"https:\/\/www.skalnik.pl\/blog\/wp-content\/uploads\/2021\/08\/Polaris-2-3-1024x685.jpg 1024w, https:\/\/www.skalnik.pl\/blog\/wp-content\/uploads\/2021\/08\/Polaris-2-3-300x201.jpg 300w, https:\/\/www.skalnik.pl\/blog\/wp-content\/uploads\/2021\/08\/Polaris-2-3-768x514.jpg 768w, https:\/\/www.skalnik.pl\/blog\/wp-content\/uploads\/2021\/08\/Polaris-2-3-1536x1028.jpg 1536w, https:\/\/www.skalnik.pl\/blog\/wp-content\/uploads\/2021\/08\/Polaris-2-3.jpg 1920w\" sizes=\"auto, (max-width: 1024px) 100vw, 1024px\" \/><figcaption class=\"wp-element-caption\"><em>Ocieplany kaptur podczas zimnych nocy zast\u0119puje czapk\u0119, w kt\u00f3rej \u015bpi si\u0119 niewygodnie. (fot. Marcin Basiura)<\/em><\/figcaption><\/figure>\n<\/div>\n\n\n<p>Od razu odnios\u0119 te warto\u015bci do swojego do\u015bwiadczenia z tym modelem \u015bpiwora. Zaznacz\u0119 tylko, \u017ce jestem kobiet\u0105 o drobnej budowie i z regu\u0142y marzn\u0119 tam, gdzie wi\u0119kszo\u015bci moich towarzyszy jest przyjemnie ch\u0142odno. Mam tak\u017ce problem z rozgrzaniem st\u00f3p. Czasami nawet latem. <\/p>\n\n\n\n<p>W temperaturach oscyluj\u0105cych wok\u00f3\u0142 8 \u00b0C spa\u0142am rzeczywi\u015bcie komfortowo. Przy wy\u017cszych temperaturach (12-14 \u00b0C) pojawia si\u0119 jeden problem. Mo\u017ce by\u0107 za ciep\u0142o. W\u00f3wczas rozpi\u0119cie \u015bpiwora nie do ko\u0144ca zdaje egzamin, bo szybko traci si\u0119 zgromadzone przy ciele ciep\u0142o. To dylemat zaistnia\u0142y podczas nocy pod chmurk\u0105, gdzie nie chroni nas \u017cadna dodatkowa warstwa poza \u015bpiworem i bielizn\u0105 termiczn\u0105. Pod namiotem termodynamika jest ju\u017c korzystniejsza. W temperaturach poni\u017cej 6\u00b0C zaczynam pod tym \u015bpiworem marzn\u0105\u0107. Oczywi\u015bcie nie od razu. Je\u015bli po\u0142o\u017c\u0119 si\u0119 spa\u0107 w miar\u0119 rozgrzana, przez pierwsze 2-3 godziny b\u0119dzie w porz\u0105dku. Jednak przespanie ca\u0142ej d\u0142ugiej nocy bez straty ciep\u0142a b\u0119dzie utrudnione. Oczywi\u015bcie przy niskich temperaturach mo\u017cemy zawsze wspom\u00f3c si\u0119 wk\u0142adkami thermo podnosz\u0105cymi nieco komfort termiczny \u015bpiwora. Ponadto taka wk\u0142adka do \u015bpiwora znacznie zwi\u0119kszy higien\u0119 i u\u0142atwi piel\u0119gnacj\u0119.<\/p>\n\n\n<div class=\"wp-block-image\">\n<figure class=\"aligncenter size-large\"><img loading=\"lazy\" decoding=\"async\" width=\"1024\" height=\"685\" src=\"https:\/\/skalnik.pl\/blog\/wp-content\/uploads\/2021\/08\/Polaris-2-9-1024x685.jpg\" alt=\"\u015apiw\u00f3r puchowy Polaris Volven\" class=\"wp-image-17687\" srcset=\"https:\/\/www.skalnik.pl\/blog\/wp-content\/uploads\/2021\/08\/Polaris-2-9-1024x685.jpg 1024w, https:\/\/www.skalnik.pl\/blog\/wp-content\/uploads\/2021\/08\/Polaris-2-9-300x201.jpg 300w, https:\/\/www.skalnik.pl\/blog\/wp-content\/uploads\/2021\/08\/Polaris-2-9-768x514.jpg 768w, https:\/\/www.skalnik.pl\/blog\/wp-content\/uploads\/2021\/08\/Polaris-2-9-1536x1028.jpg 1536w, https:\/\/www.skalnik.pl\/blog\/wp-content\/uploads\/2021\/08\/Polaris-2-9.jpg 1769w\" sizes=\"auto, (max-width: 1024px) 100vw, 1024px\" \/><figcaption class=\"wp-element-caption\"><em>Biwak w Kotlinie K\u0142odzkiej przenie\u015bli\u015bmy noc\u0105 pod namiot. Przy du\u017cej wilgotno\u015bci powietrza \u015bpiw\u00f3r puchowy potrzebuje dodatkowej ochrony przed wod\u0105.<\/em><br>(f<em>ot<\/em>.<em> Marcin Basiura<\/em>)<\/figcaption><\/figure>\n<\/div>\n\n\n<p>Poniewa\u017c jestem zmarzluchem, nie chcia\u0142abym sp\u0119dza\u0107 nocy w \u015bpiworze przy temperaturze bliskiej jego ekstremum. Ku przestrodze: ta warto\u015b\u0107 oznacza granic\u0119, za kt\u00f3r\u0105 czai si\u0119 hipotermia. W zale\u017cno\u015bci od indywidualnych predyspozycji ta granica mo\u017ce znajdowa\u0107 si\u0119 wy\u017cej lub ni\u017cej. Moja z pewno\u015bci\u0105 plasuje si\u0119 wy\u017cej, dlatego nie ryzykuj\u0119, je\u015bli nie musz\u0119.<\/p>\n\n\n\n<p>Moim \u015bpiworem do zada\u0144 specjalnych jest Cumulus Panyam 600 (komfort -6 stopni). To niezaprzeczalny czempion w swojej kategorii. Na co dzie\u0144 nie mam jednak okazji, aby wyci\u0105ga\u0107 go z szafy. Wsz\u0119dzie tam, gdzie temperatury nie spadaj\u0105 poni\u017cej zera, Polaris zdaje egzamin.<\/p>\n\n\n\n<p><mark style=\"background-color:rgba(0, 0, 0, 0)\" class=\"has-inline-color has-vivid-cyan-blue-color\">Zobacz te\u017c inne <strong><a href=\"https:\/\/skalnik.pl\/sprzet-turystyczny\/spiwory-i-maty\/spiwory-i-maty-syntetyczne\/volven\" target=\"_blank\" rel=\"noreferrer noopener\">\u015bpiwory Volven<\/a><\/strong>.<\/mark><\/p>\n\n\n\n<div id=\"ez-toc-container\" class=\"ez-toc-v2_0_85 counter-hierarchy ez-toc-counter ez-toc-light-blue ez-toc-container-direction\">\n<div class=\"ez-toc-title-container\">\n<p class=\"ez-toc-title\" style=\"cursor:inherit\">SPIS TRE\u015aCI <\/p>\n<span class=\"ez-toc-title-toggle\"><a href=\"#\" class=\"ez-toc-pull-right ez-toc-btn ez-toc-btn-xs ez-toc-btn-default ez-toc-toggle\" aria-label=\"Prze\u0142\u0105cznik Spisu Tre\u015bci\"><span class=\"ez-toc-js-icon-con\"><span class=\"\"><span class=\"eztoc-hide\" style=\"display:none;\">Toggle<\/span><span class=\"ez-toc-icon-toggle-span\"><svg style=\"fill: #999;color:#999\" xmlns=\"http:\/\/www.w3.org\/2000\/svg\" class=\"list-377408\" width=\"20px\" height=\"20px\" viewBox=\"0 0 24 24\" fill=\"none\"><path d=\"M6 6H4v2h2V6zm14 0H8v2h12V6zM4 11h2v2H4v-2zm16 0H8v2h12v-2zM4 16h2v2H4v-2zm16 0H8v2h12v-2z\" fill=\"currentColor\"><\/path><\/svg><svg style=\"fill: #999;color:#999\" class=\"arrow-unsorted-368013\" xmlns=\"http:\/\/www.w3.org\/2000\/svg\" width=\"10px\" height=\"10px\" viewBox=\"0 0 24 24\" version=\"1.2\" baseProfile=\"tiny\"><path d=\"M18.2 9.3l-6.2-6.3-6.2 6.3c-.2.2-.3.4-.3.7s.1.5.3.7c.2.2.4.3.7.3h11c.3 0 .5-.1.7-.3.2-.2.3-.5.3-.7s-.1-.5-.3-.7zM5.8 14.7l6.2 6.3 6.2-6.3c.2-.2.3-.5.3-.7s-.1-.5-.3-.7c-.2-.2-.4-.3-.7-.3h-11c-.3 0-.5.1-.7.3-.2.2-.3.5-.3.7s.1.5.3.7z\"\/><\/svg><\/span><\/span><\/span><\/a><\/span><\/div>\n<nav><ul class='ez-toc-list ez-toc-list-level-1 ' ><li class='ez-toc-page-1 ez-toc-heading-level-2'><a class=\"ez-toc-link ez-toc-heading-1\" href=\"https:\/\/www.skalnik.pl\/blog\/spiwor-volven-polaris-recenzja\/#Spiwor_Volven_Polaris_%E2%80%93_budowa\" >\u015apiw\u00f3r Volven Polaris &#8211; budowa<\/a><\/li><li class='ez-toc-page-1 ez-toc-heading-level-2'><a class=\"ez-toc-link ez-toc-heading-2\" href=\"https:\/\/www.skalnik.pl\/blog\/spiwor-volven-polaris-recenzja\/#Polaris_Volven_%E2%80%93_glowne_atuty_spiwora\" >Polaris Volven &#8211; g\u0142\u00f3wne atuty \u015bpiwora<\/a><\/li><\/ul><\/nav><\/div>\n<h2 class=\"wp-block-heading\"><span class=\"ez-toc-section\" id=\"Spiwor_Volven_Polaris_%E2%80%93_budowa\"><\/span>\u015apiw\u00f3r Volven Polaris &#8211; budowa<span class=\"ez-toc-section-end\"><\/span><\/h2>\n\n\n\n<p>Polaris Volven ma kszta\u0142t mumii. Jest zw\u0119\u017cany na dole, dzi\u0119ki czemu zajmuje niewiele miejsca i da si\u0119 spakowa\u0107 w ma\u0142y pakunek. Ten model wyposa\u017cono w ocieplany kaptur, co jest konieczno\u015bci\u0105 podczas zimnych nocy. Przez nieos\u0142oni\u0119t\u0105 g\u0142ow\u0119 tracimy bardzo du\u017co energii cieplnej. Kolejnym \u015bwietnym rozwi\u0105zaniem jest izoluj\u0105cy ko\u0142nierz termiczny nad ramionami. Mo\u017cna go dopasowa\u0107 do swojej sylwetki za pomoc\u0105 \u015bci\u0105gacza. Ko\u0142nierz uszczelnia i zapobiega utracie ciep\u0142a z tu\u0142owia &#8211; miejsca, kt\u00f3re chcemy szczeg\u00f3lnie chroni\u0107 przed wyzi\u0119bieniem.<\/p>\n\n\n\n<p>Materia\u0142 zewn\u0119trzny, 40D\/280T nylon diamond ripstop, to trwa\u0142a tkanina, kt\u00f3ra ma chroni\u0107 wype\u0142nienie przed uszkodzeniami mechanicznymi. Cho\u0107 Polaris nie poddaje si\u0119 byle dra\u015bni\u0119ciu, staram si\u0119 na niego uwa\u017ca\u0107, bo mam wra\u017cenie, \u017ce materia\u0142 jest do\u015b\u0107 delikatny. Wn\u0119trze wy\u015bcielone jest przyjemn\u0105 w dotyku tkanin\u0105 poliestrow\u0105. Przyznam szczerze, to jeden z milszych \u015bpiwor\u00f3w, jakie mi towarzyszy\u0142y w terenie.<\/p>\n\n\n<div class=\"wp-block-image\">\n<figure class=\"aligncenter size-large\"><img loading=\"lazy\" decoding=\"async\" width=\"1024\" height=\"685\" src=\"https:\/\/skalnik.pl\/blog\/wp-content\/uploads\/2021\/08\/Polaris-2-4-1024x685.jpg\" alt=\"\u015apiw\u00f3r Polaris. Kubek termiczny Contigo.\" class=\"wp-image-17688\" srcset=\"https:\/\/www.skalnik.pl\/blog\/wp-content\/uploads\/2021\/08\/Polaris-2-4-1024x685.jpg 1024w, https:\/\/www.skalnik.pl\/blog\/wp-content\/uploads\/2021\/08\/Polaris-2-4-300x201.jpg 300w, https:\/\/www.skalnik.pl\/blog\/wp-content\/uploads\/2021\/08\/Polaris-2-4-768x514.jpg 768w, https:\/\/www.skalnik.pl\/blog\/wp-content\/uploads\/2021\/08\/Polaris-2-4-1536x1028.jpg 1536w, https:\/\/www.skalnik.pl\/blog\/wp-content\/uploads\/2021\/08\/Polaris-2-4.jpg 1769w\" sizes=\"auto, (max-width: 1024px) 100vw, 1024px\" \/><figcaption class=\"wp-element-caption\"><em>Namiot, wygodna mata, kubek ciep\u0142ej herbaty i \u015bpiw\u00f3r Polaris to przepis na komfortowy sen w terenie.<\/em><br><em>fot. Marcin Basiura<\/em><\/figcaption><\/figure>\n<\/div>\n\n\n<h2 class=\"wp-block-heading\"><span class=\"ez-toc-section\" id=\"Polaris_Volven_%E2%80%93_glowne_atuty_spiwora\"><\/span>Polaris Volven &#8211; g\u0142\u00f3wne atuty \u015bpiwora<span class=\"ez-toc-section-end\"><\/span><\/h2>\n\n\n\n<p>Volven Polaris to produkt uniwersalny, trzysezonowy. W ostatnim roku ten model towarzyszy\u0142 mi praktycznie na ka\u017cdej wyprawie. W ska\u0142y, w Tatry, w Beskid Niski, na dwudniowym biwaku. Razem z moim partnerem wybra\u0142 si\u0119 tak\u017ce na przeja\u017cd\u017ck\u0119 motocyklow\u0105, gdzie zaliczy\u0142 spanie pod chmurk\u0105. Kilka istotnych cech tego \u015bpiwora zawa\u017cy\u0142o na tym, \u017ce sta\u0142 si\u0119 g\u0142\u00f3wnym elementem wyposa\u017cenia turystycznego, z kt\u00f3rego korzystam.<\/p>\n\n\n\n<p>Po pierwsze: waga. \u015apiw\u00f3r Polaris postawiony na dok\u0142adnej wadze, nie dobija do kilograma. Producent podaje wag\u0119 930 gram\u00f3w. To rzeczywi\u015bcie poprawia samopoczucie przy pakowaniu plecaka na trekking, a jeszcze bardziej &#8211; w trakcie w\u0119dr\u00f3wki po stromych zboczach g\u00f3rskich.&nbsp;<\/p>\n\n\n\n<p>Po drugie: kompresja i dekompresja oraz zwi\u0105zana z nimi obj\u0119to\u015b\u0107 \u015bpiwora. Polaris zajmuje bardzo ma\u0142o miejsca w plecaku. Korzystam z 50 litrowego Ospreya i wrzucam \u015bpiw\u00f3r do osobnej komory na dole. Pakuj\u0105c tam Polarisa, bez problemu mieszcz\u0119 razem z nim w przegrodzie tak\u017ce r\u0119cznik szybkoschn\u0105cy, bielizn\u0119 termiczn\u0105 i zwykle co\u015b jeszcze. Producent podaje, \u017ce po spakowaniu \u015bpiw\u00f3r ma wymiary ok. 30 x 14 cm, a po kompresji 19 x 14 cm. Paski kompresyjne w pokrowcu naprawd\u0119 dzia\u0142aj\u0105 cuda. Pakunek jest finalnie malutki.<\/p>\n\n\n<div class=\"wp-block-image\">\n<figure class=\"aligncenter size-large\"><img loading=\"lazy\" decoding=\"async\" width=\"1024\" height=\"685\" src=\"https:\/\/skalnik.pl\/blog\/wp-content\/uploads\/2021\/08\/aaa-1024x685.jpg\" alt=\"\u015apiw\u00f3r Puchowy Volven Polaris\" class=\"wp-image-17691\" srcset=\"https:\/\/www.skalnik.pl\/blog\/wp-content\/uploads\/2021\/08\/aaa-1024x685.jpg 1024w, https:\/\/www.skalnik.pl\/blog\/wp-content\/uploads\/2021\/08\/aaa-300x201.jpg 300w, https:\/\/www.skalnik.pl\/blog\/wp-content\/uploads\/2021\/08\/aaa-768x514.jpg 768w, https:\/\/www.skalnik.pl\/blog\/wp-content\/uploads\/2021\/08\/aaa-1536x1028.jpg 1536w, https:\/\/www.skalnik.pl\/blog\/wp-content\/uploads\/2021\/08\/aaa.jpg 1769w\" sizes=\"auto, (max-width: 1024px) 100vw, 1024px\" \/><figcaption class=\"wp-element-caption\"><em>W tym miejscu codziennie mo\u017cna by ogl\u0105da\u0107 wschody i zachody s\u0142o\u0144ca.<\/em><br><em>Fot. Marcin Basiura<\/em><\/figcaption><\/figure>\n<\/div>\n\n\n<p>\u015apiw\u00f3r bez trudu mie\u015bci si\u0119 w niewielkim pokrowcu (ugniata\u0107, nie zwija\u0107!). \u0141atwo ulega kompresji i tak samo \u0142atwo si\u0119 dekompresuje. Wystarczy go roztrzepa\u0107 chwil\u0119 przed spaniem i pozostawi\u0107 na kilkana\u015bcie minut lub p\u00f3\u0142 godziny, a szybko nabierze obj\u0119to\u015bci. Rozpr\u0119\u017cony puch b\u0119dzie gotowy do sprawnego izolowania od zimna.<\/p>\n\n\n\n<p>Wewn\u0105trz \u015bpiwora znajdziecie niewielk\u0105 kieszonk\u0119 na klucze lub dokumenty. Zamek jest dwubiegowy, z por\u0119cznym suwakiem, ale tutaj g\u0142\u00f3wna (a mo\u017ce jedyna) wada \u015bpiwora: wcina materia\u0142. Pomimo ochronnej patki suwak bardzo cz\u0119sto zagarnia kawa\u0142ek materia\u0142u \u015bpiwora i zacina si\u0119. To szczeg\u00f3lnie irytuj\u0105ce po zmroku, gdy chc\u0119 si\u0119 szybko zapi\u0105\u0107 pod szyj\u0119 lub rozpi\u0105\u0107 i wpu\u015bci\u0107 nieco ch\u0142odu.<\/p>\n\n\n<div class=\"wp-block-image\">\n<figure class=\"aligncenter size-large\"><img loading=\"lazy\" decoding=\"async\" width=\"1024\" height=\"685\" src=\"https:\/\/skalnik.pl\/blog\/wp-content\/uploads\/2021\/08\/Polaris-025342-1024x685.jpg\" alt=\"Biwak w hamaku ze \u015bpiworem Volven Polaris\" class=\"wp-image-17690\" srcset=\"https:\/\/www.skalnik.pl\/blog\/wp-content\/uploads\/2021\/08\/Polaris-025342-1024x685.jpg 1024w, https:\/\/www.skalnik.pl\/blog\/wp-content\/uploads\/2021\/08\/Polaris-025342-300x201.jpg 300w, https:\/\/www.skalnik.pl\/blog\/wp-content\/uploads\/2021\/08\/Polaris-025342-768x514.jpg 768w, https:\/\/www.skalnik.pl\/blog\/wp-content\/uploads\/2021\/08\/Polaris-025342-1536x1028.jpg 1536w, https:\/\/www.skalnik.pl\/blog\/wp-content\/uploads\/2021\/08\/Polaris-025342-2048x1371.jpg 2048w\" sizes=\"auto, (max-width: 1024px) 100vw, 1024px\" \/><figcaption class=\"wp-element-caption\"><em>Noce sp\u0119dzone pod koron\u0105 drzew w towarzystwie lekkiego \u015bpiwora puchowego to czysta przyjemno\u015b\u0107.<\/em> <em>(fot. Marcin Basiura)<\/em><\/figcaption><\/figure>\n<\/div>\n\n\n<p>Volven towarzyszy\u0142 mi wiernie w kilku wyprawach o r\u00f3\u017cnym charakterze. Chroni\u0142 mnie przed przenikliwym zimnem w Tatrach (skutecznie, dop\u00f3ki nie zm\u00f3k\u0142 w deszczu). Pod namiotem w Taborze spisa\u0142 si\u0119 wy\u015bmienicie. Spa\u0142am w nim komfortowo tak\u017ce w Kotlinie K\u0142odzkiej, gdzie noc\u0105 przy du\u017cej wilgotno\u015bci bywa wyj\u0105tkowo nieprzyjemnie. <\/p>\n\n\n\n<p>&nbsp;<\/p>\n\n\n\n<p>\u015apiw\u00f3r Polaris zabieram praktycznie na ka\u017cdy wypad, gdy nie wiem do ko\u0144ca, jak b\u0119dzie wygl\u0105da\u0142 nocleg. Dopiero co wr\u00f3ci\u0142am z Karkonoszy, gdzie co prawda uda\u0142o mi si\u0119 znale\u017a\u0107 miejsce w schronisku, ale w plecaku nios\u0142am w\u0142a\u015bnie Polarisa i mat\u0119 na wypadek, gdyby przysz\u0142o mi spa\u0107 w wiacie. O ile zapewni\u0119 mu suche warunki, grzeje mnie bez zastrze\u017ce\u0144 przez trzy pory roku. Jest \u015bwietnym kompromisem pomi\u0119dzy jako\u015bci\u0105 i cen\u0105. Przy swoich parametrach i puchowym wype\u0142nieniu, cena z pewno\u015bci\u0105 zapewnia mu przewag\u0119 w\u015br\u00f3d konkurencji. Je\u017celi szukacie nie najdro\u017cszego \u015bpiwora puchowego na trzy sezony, Polaris b\u0119dzie dobrym wyborem.<\/p>\n\n\n\n<p><mark style=\"background-color:rgba(0, 0, 0, 0)\" class=\"has-inline-color has-vivid-cyan-blue-color\">Poznaj inne produkty marki <strong><a href=\"https:\/\/skalnik.pl\/volven\" target=\"_blank\" rel=\"noreferrer noopener\">Volven<\/a><\/strong>.<\/mark><\/p>\n","protected":false},"excerpt":{"rendered":"<p>Pod lup\u0119 trafia bestseller marki Volven. Sprawdzamy, w jakich warunkach spisuje si\u0119 \u015bpiw\u00f3r Polaris.<\/p>\n","protected":false},"author":33,"featured_media":17686,"comment_status":"open","ping_status":"open","sticky":false,"template":"","format":"standard","meta":{"_acf_changed":false,"footnotes":""},"categories":[8],"tags":[159,97,95],"magento_category":[125],"magento_product":[627,626,625],"class_list":["post-17683","post","type-post","status-publish","format-standard","has-post-thumbnail","hentry","category-testy","tag-spiwor-puchowy","tag-spiwory","tag-sprzet-turystyczny"],"acf":[],"aioseo_notices":[],"aioseo_head":"\n\t\t<!-- All in One SEO 4.9.10 - aioseo.com -->\n\t<meta name=\"description\" content=\"\u015apiw\u00f3r turystyczny Volven Polaris. W jakich warunkach si\u0119 sprawdza i kiedy zapewni komfort termiczny na noce w terenie?\" \/>\n\t<meta name=\"robots\" content=\"max-image-preview:large\" \/>\n\t<meta name=\"author\" content=\"Zosia Kajca\"\/>\n\t<link rel=\"canonical\" href=\"https:\/\/www.skalnik.pl\/blog\/spiwor-volven-polaris-recenzja\/\" \/>\n\t<meta name=\"generator\" content=\"All in One SEO (AIOSEO) 4.9.10\" \/>\n\t\t<meta property=\"og:locale\" content=\"pl_PL\" \/>\n\t\t<meta property=\"og:site_name\" content=\"blog Skalnik - Blog, porady, artyku\u0142y - blog Skalnik\" \/>\n\t\t<meta property=\"og:type\" content=\"article\" \/>\n\t\t<meta property=\"og:title\" content=\"\u015apiw\u00f3r Volven Polaris \u2013 recenzja - blog Skalnik\" \/>\n\t\t<meta property=\"og:description\" content=\"\u015apiw\u00f3r turystyczny Volven Polaris. W jakich warunkach si\u0119 sprawdza i kiedy zapewni komfort termiczny na noce w terenie?\" \/>\n\t\t<meta property=\"og:url\" content=\"https:\/\/www.skalnik.pl\/blog\/spiwor-volven-polaris-recenzja\/\" \/>\n\t\t<meta property=\"og:image\" content=\"https:\/\/skalnik.pl\/blog\/wp-content\/uploads\/2021\/08\/Polaris-2-3-1024x685.jpg\" \/>\n\t\t<meta property=\"og:image:secure_url\" content=\"https:\/\/skalnik.pl\/blog\/wp-content\/uploads\/2021\/08\/Polaris-2-3-1024x685.jpg\" \/>\n\t\t<meta property=\"article:tag\" content=\"testy\" \/>\n\t\t<meta property=\"article:tag\" content=\"\u015bpiw\u00f3r puchowy\" \/>\n\t\t<meta property=\"article:tag\" content=\"\u015bpiwory\" \/>\n\t\t<meta property=\"article:tag\" content=\"sprz\u0119t turystyczny\" \/>\n\t\t<meta property=\"article:published_time\" content=\"2021-08-18T06:59:00+00:00\" \/>\n\t\t<meta property=\"article:modified_time\" content=\"2023-09-28T12:21:22+00:00\" \/>\n\t\t<meta name=\"twitter:card\" content=\"summary_large_image\" \/>\n\t\t<meta name=\"twitter:title\" content=\"\u015apiw\u00f3r Volven Polaris \u2013 recenzja - blog Skalnik\" \/>\n\t\t<meta name=\"twitter:description\" content=\"\u015apiw\u00f3r turystyczny Volven Polaris. W jakich warunkach si\u0119 sprawdza i kiedy zapewni komfort termiczny na noce w terenie?\" \/>\n\t\t<meta name=\"twitter:image\" content=\"https:\/\/skalnik.pl\/blog\/wp-content\/uploads\/2021\/08\/Polaris-2-3-1024x685.jpg\" \/>\n\t\t<script type=\"application\/ld+json\" class=\"aioseo-schema\">\n\t\t\t{\"@context\":\"https:\\\/\\\/schema.org\",\"@graph\":[{\"@type\":\"BlogPosting\",\"@id\":\"https:\\\/\\\/www.skalnik.pl\\\/blog\\\/spiwor-volven-polaris-recenzja\\\/#blogposting\",\"name\":\"\\u015apiw\\u00f3r Volven Polaris \\u2013 recenzja - blog Skalnik\",\"headline\":\"\\u015apiw\\u00f3r Volven Polaris &#8211; recenzja\",\"author\":{\"@id\":\"https:\\\/\\\/www.skalnik.pl\\\/blog\\\/author\\\/zosia-kajca\\\/#author\"},\"publisher\":{\"@id\":\"https:\\\/\\\/www.skalnik.pl\\\/blog\\\/#organization\"},\"image\":{\"@type\":\"ImageObject\",\"url\":\"https:\\\/\\\/www.skalnik.pl\\\/blog\\\/wp-content\\\/uploads\\\/2021\\\/08\\\/Polaris-2-7-e1629026125132.jpg\",\"width\":1920,\"height\":706,\"caption\":\"\\u015bpiw\\u00f3r Polaris Volven\"},\"datePublished\":\"2021-08-18T08:59:00+02:00\",\"dateModified\":\"2023-09-28T14:21:22+02:00\",\"inLanguage\":\"pl-PL\",\"mainEntityOfPage\":{\"@id\":\"https:\\\/\\\/www.skalnik.pl\\\/blog\\\/spiwor-volven-polaris-recenzja\\\/#webpage\"},\"isPartOf\":{\"@id\":\"https:\\\/\\\/www.skalnik.pl\\\/blog\\\/spiwor-volven-polaris-recenzja\\\/#webpage\"},\"articleSection\":\"Testy, \\u015bpiw\\u00f3r puchowy, \\u015bpiwory, sprz\\u0119t turystyczny, 1219, 595800, 987841, 987845\"},{\"@type\":\"BreadcrumbList\",\"@id\":\"https:\\\/\\\/www.skalnik.pl\\\/blog\\\/spiwor-volven-polaris-recenzja\\\/#breadcrumblist\",\"itemListElement\":[{\"@type\":\"ListItem\",\"@id\":\"https:\\\/\\\/www.skalnik.pl\\\/blog#listItem\",\"position\":1,\"name\":\"Home\",\"item\":\"https:\\\/\\\/www.skalnik.pl\\\/blog\",\"nextItem\":{\"@type\":\"ListItem\",\"@id\":\"https:\\\/\\\/www.skalnik.pl\\\/blog\\\/.\\\/testy\\\/#listItem\",\"name\":\"Testy\"}},{\"@type\":\"ListItem\",\"@id\":\"https:\\\/\\\/www.skalnik.pl\\\/blog\\\/.\\\/testy\\\/#listItem\",\"position\":2,\"name\":\"Testy\",\"item\":\"https:\\\/\\\/www.skalnik.pl\\\/blog\\\/.\\\/testy\\\/\",\"nextItem\":{\"@type\":\"ListItem\",\"@id\":\"https:\\\/\\\/www.skalnik.pl\\\/blog\\\/spiwor-volven-polaris-recenzja\\\/#listItem\",\"name\":\"\\u015apiw\\u00f3r Volven Polaris &#8211; recenzja\"},\"previousItem\":{\"@type\":\"ListItem\",\"@id\":\"https:\\\/\\\/www.skalnik.pl\\\/blog#listItem\",\"name\":\"Home\"}},{\"@type\":\"ListItem\",\"@id\":\"https:\\\/\\\/www.skalnik.pl\\\/blog\\\/spiwor-volven-polaris-recenzja\\\/#listItem\",\"position\":3,\"name\":\"\\u015apiw\\u00f3r Volven Polaris &#8211; recenzja\",\"previousItem\":{\"@type\":\"ListItem\",\"@id\":\"https:\\\/\\\/www.skalnik.pl\\\/blog\\\/.\\\/testy\\\/#listItem\",\"name\":\"Testy\"}}]},{\"@type\":\"Organization\",\"@id\":\"https:\\\/\\\/www.skalnik.pl\\\/blog\\\/#organization\",\"name\":\"blog Skalnik\",\"description\":\"Blog, porady, artyku\\u0142y - blog Skalnik\",\"url\":\"https:\\\/\\\/www.skalnik.pl\\\/blog\\\/\"},{\"@type\":\"Person\",\"@id\":\"https:\\\/\\\/www.skalnik.pl\\\/blog\\\/author\\\/zosia-kajca\\\/#author\",\"url\":\"https:\\\/\\\/www.skalnik.pl\\\/blog\\\/author\\\/zosia-kajca\\\/\",\"name\":\"Zosia Kajca\",\"image\":{\"@type\":\"ImageObject\",\"@id\":\"https:\\\/\\\/www.skalnik.pl\\\/blog\\\/spiwor-volven-polaris-recenzja\\\/#authorImage\",\"url\":\"https:\\\/\\\/secure.gravatar.com\\\/avatar\\\/637f436bc564494ec136668bfb2e9db6626df8a6fc12e5e7e1362587f051bbd4?s=96&d=mm&r=g\",\"width\":96,\"height\":96,\"caption\":\"Zosia Kajca\"}},{\"@type\":\"WebPage\",\"@id\":\"https:\\\/\\\/www.skalnik.pl\\\/blog\\\/spiwor-volven-polaris-recenzja\\\/#webpage\",\"url\":\"https:\\\/\\\/www.skalnik.pl\\\/blog\\\/spiwor-volven-polaris-recenzja\\\/\",\"name\":\"\\u015apiw\\u00f3r Volven Polaris \\u2013 recenzja - blog Skalnik\",\"description\":\"\\u015apiw\\u00f3r turystyczny Volven Polaris. W jakich warunkach si\\u0119 sprawdza i kiedy zapewni komfort termiczny na noce w terenie?\",\"inLanguage\":\"pl-PL\",\"isPartOf\":{\"@id\":\"https:\\\/\\\/www.skalnik.pl\\\/blog\\\/#website\"},\"breadcrumb\":{\"@id\":\"https:\\\/\\\/www.skalnik.pl\\\/blog\\\/spiwor-volven-polaris-recenzja\\\/#breadcrumblist\"},\"author\":{\"@id\":\"https:\\\/\\\/www.skalnik.pl\\\/blog\\\/author\\\/zosia-kajca\\\/#author\"},\"creator\":{\"@id\":\"https:\\\/\\\/www.skalnik.pl\\\/blog\\\/author\\\/zosia-kajca\\\/#author\"},\"image\":{\"@type\":\"ImageObject\",\"url\":\"https:\\\/\\\/www.skalnik.pl\\\/blog\\\/wp-content\\\/uploads\\\/2021\\\/08\\\/Polaris-2-7-e1629026125132.jpg\",\"@id\":\"https:\\\/\\\/www.skalnik.pl\\\/blog\\\/spiwor-volven-polaris-recenzja\\\/#mainImage\",\"width\":1920,\"height\":706,\"caption\":\"\\u015bpiw\\u00f3r Polaris Volven\"},\"primaryImageOfPage\":{\"@id\":\"https:\\\/\\\/www.skalnik.pl\\\/blog\\\/spiwor-volven-polaris-recenzja\\\/#mainImage\"},\"datePublished\":\"2021-08-18T08:59:00+02:00\",\"dateModified\":\"2023-09-28T14:21:22+02:00\"},{\"@type\":\"WebSite\",\"@id\":\"https:\\\/\\\/www.skalnik.pl\\\/blog\\\/#website\",\"url\":\"https:\\\/\\\/www.skalnik.pl\\\/blog\\\/\",\"name\":\"blog Skalnik\",\"description\":\"Blog, porady, artyku\\u0142y - blog Skalnik\",\"inLanguage\":\"pl-PL\",\"publisher\":{\"@id\":\"https:\\\/\\\/www.skalnik.pl\\\/blog\\\/#organization\"}}]}\n\t\t<\/script>\n\t\t<!-- All in One SEO -->\n\n","aioseo_head_json":{"title":"\u015apiw\u00f3r Volven Polaris \u2013 recenzja - blog Skalnik","description":"\u015apiw\u00f3r turystyczny Volven Polaris. W jakich warunkach si\u0119 sprawdza i kiedy zapewni komfort termiczny na noce w terenie?","canonical_url":"https:\/\/www.skalnik.pl\/blog\/spiwor-volven-polaris-recenzja\/","robots":"max-image-preview:large","keywords":"","webmasterTools":{"miscellaneous":""},"schema":{"@context":"https:\/\/schema.org","@graph":[{"@type":"BlogPosting","@id":"https:\/\/www.skalnik.pl\/blog\/spiwor-volven-polaris-recenzja\/#blogposting","name":"\u015apiw\u00f3r Volven Polaris \u2013 recenzja - blog Skalnik","headline":"\u015apiw\u00f3r Volven Polaris &#8211; recenzja","author":{"@id":"https:\/\/www.skalnik.pl\/blog\/author\/zosia-kajca\/#author"},"publisher":{"@id":"https:\/\/www.skalnik.pl\/blog\/#organization"},"image":{"@type":"ImageObject","url":"https:\/\/www.skalnik.pl\/blog\/wp-content\/uploads\/2021\/08\/Polaris-2-7-e1629026125132.jpg","width":1920,"height":706,"caption":"\u015bpiw\u00f3r Polaris Volven"},"datePublished":"2021-08-18T08:59:00+02:00","dateModified":"2023-09-28T14:21:22+02:00","inLanguage":"pl-PL","mainEntityOfPage":{"@id":"https:\/\/www.skalnik.pl\/blog\/spiwor-volven-polaris-recenzja\/#webpage"},"isPartOf":{"@id":"https:\/\/www.skalnik.pl\/blog\/spiwor-volven-polaris-recenzja\/#webpage"},"articleSection":"Testy, \u015bpiw\u00f3r puchowy, \u015bpiwory, sprz\u0119t turystyczny, 1219, 595800, 987841, 987845"},{"@type":"BreadcrumbList","@id":"https:\/\/www.skalnik.pl\/blog\/spiwor-volven-polaris-recenzja\/#breadcrumblist","itemListElement":[{"@type":"ListItem","@id":"https:\/\/www.skalnik.pl\/blog#listItem","position":1,"name":"Home","item":"https:\/\/www.skalnik.pl\/blog","nextItem":{"@type":"ListItem","@id":"https:\/\/www.skalnik.pl\/blog\/.\/testy\/#listItem","name":"Testy"}},{"@type":"ListItem","@id":"https:\/\/www.skalnik.pl\/blog\/.\/testy\/#listItem","position":2,"name":"Testy","item":"https:\/\/www.skalnik.pl\/blog\/.\/testy\/","nextItem":{"@type":"ListItem","@id":"https:\/\/www.skalnik.pl\/blog\/spiwor-volven-polaris-recenzja\/#listItem","name":"\u015apiw\u00f3r Volven Polaris &#8211; recenzja"},"previousItem":{"@type":"ListItem","@id":"https:\/\/www.skalnik.pl\/blog#listItem","name":"Home"}},{"@type":"ListItem","@id":"https:\/\/www.skalnik.pl\/blog\/spiwor-volven-polaris-recenzja\/#listItem","position":3,"name":"\u015apiw\u00f3r Volven Polaris &#8211; recenzja","previousItem":{"@type":"ListItem","@id":"https:\/\/www.skalnik.pl\/blog\/.\/testy\/#listItem","name":"Testy"}}]},{"@type":"Organization","@id":"https:\/\/www.skalnik.pl\/blog\/#organization","name":"blog Skalnik","description":"Blog, porady, artyku\u0142y - blog Skalnik","url":"https:\/\/www.skalnik.pl\/blog\/"},{"@type":"Person","@id":"https:\/\/www.skalnik.pl\/blog\/author\/zosia-kajca\/#author","url":"https:\/\/www.skalnik.pl\/blog\/author\/zosia-kajca\/","name":"Zosia Kajca","image":{"@type":"ImageObject","@id":"https:\/\/www.skalnik.pl\/blog\/spiwor-volven-polaris-recenzja\/#authorImage","url":"https:\/\/secure.gravatar.com\/avatar\/637f436bc564494ec136668bfb2e9db6626df8a6fc12e5e7e1362587f051bbd4?s=96&d=mm&r=g","width":96,"height":96,"caption":"Zosia Kajca"}},{"@type":"WebPage","@id":"https:\/\/www.skalnik.pl\/blog\/spiwor-volven-polaris-recenzja\/#webpage","url":"https:\/\/www.skalnik.pl\/blog\/spiwor-volven-polaris-recenzja\/","name":"\u015apiw\u00f3r Volven Polaris \u2013 recenzja - blog Skalnik","description":"\u015apiw\u00f3r turystyczny Volven Polaris. W jakich warunkach si\u0119 sprawdza i kiedy zapewni komfort termiczny na noce w terenie?","inLanguage":"pl-PL","isPartOf":{"@id":"https:\/\/www.skalnik.pl\/blog\/#website"},"breadcrumb":{"@id":"https:\/\/www.skalnik.pl\/blog\/spiwor-volven-polaris-recenzja\/#breadcrumblist"},"author":{"@id":"https:\/\/www.skalnik.pl\/blog\/author\/zosia-kajca\/#author"},"creator":{"@id":"https:\/\/www.skalnik.pl\/blog\/author\/zosia-kajca\/#author"},"image":{"@type":"ImageObject","url":"https:\/\/www.skalnik.pl\/blog\/wp-content\/uploads\/2021\/08\/Polaris-2-7-e1629026125132.jpg","@id":"https:\/\/www.skalnik.pl\/blog\/spiwor-volven-polaris-recenzja\/#mainImage","width":1920,"height":706,"caption":"\u015bpiw\u00f3r Polaris Volven"},"primaryImageOfPage":{"@id":"https:\/\/www.skalnik.pl\/blog\/spiwor-volven-polaris-recenzja\/#mainImage"},"datePublished":"2021-08-18T08:59:00+02:00","dateModified":"2023-09-28T14:21:22+02:00"},{"@type":"WebSite","@id":"https:\/\/www.skalnik.pl\/blog\/#website","url":"https:\/\/www.skalnik.pl\/blog\/","name":"blog Skalnik","description":"Blog, porady, artyku\u0142y - blog Skalnik","inLanguage":"pl-PL","publisher":{"@id":"https:\/\/www.skalnik.pl\/blog\/#organization"}}]},"og:locale":"pl_PL","og:site_name":"blog Skalnik - Blog, porady, artyku\u0142y - blog Skalnik","og:type":"article","og:title":"\u015apiw\u00f3r Volven Polaris \u2013 recenzja - blog Skalnik","og:description":"\u015apiw\u00f3r turystyczny Volven Polaris. W jakich warunkach si\u0119 sprawdza i kiedy zapewni komfort termiczny na noce w terenie?","og:url":"https:\/\/www.skalnik.pl\/blog\/spiwor-volven-polaris-recenzja\/","og:image":"https:\/\/skalnik.pl\/blog\/wp-content\/uploads\/2021\/08\/Polaris-2-3-1024x685.jpg","og:image:secure_url":"https:\/\/skalnik.pl\/blog\/wp-content\/uploads\/2021\/08\/Polaris-2-3-1024x685.jpg","article:tag":["testy","\u015bpiw\u00f3r puchowy","\u015bpiwory","sprz\u0119t turystyczny"],"article:published_time":"2021-08-18T06:59:00+00:00","article:modified_time":"2023-09-28T12:21:22+00:00","twitter:card":"summary_large_image","twitter:title":"\u015apiw\u00f3r Volven Polaris \u2013 recenzja - blog Skalnik","twitter:description":"\u015apiw\u00f3r turystyczny Volven Polaris. W jakich warunkach si\u0119 sprawdza i kiedy zapewni komfort termiczny na noce w terenie?","twitter:image":"https:\/\/skalnik.pl\/blog\/wp-content\/uploads\/2021\/08\/Polaris-2-3-1024x685.jpg"},"aioseo_meta_data":{"post_id":"17683","title":null,"description":"\u015apiw\u00f3r turystyczny Volven Polaris. W jakich warunkach si\u0119 sprawdza i kiedy zapewni komfort termiczny na noce w terenie?","keywords":[{"label":"\u015bpiw\u00f3r Polaris","value":"\u015bpiw\u00f3r Polaris"},{"label":"Volven Polaris","value":"Volven Polaris"},{"label":"\u015bpiw\u00f3r puchowy","value":"\u015bpiw\u00f3r puchowy"},{"label":"sprz\u0119t turystyczny","value":"sprz\u0119t turystyczny"}],"keyphrases":{"focus":{"keyphrase":"","score":0,"analysis":{"keyphraseInTitle":{"score":0,"maxScore":9,"error":1}}},"additional":[]},"primary_term":null,"canonical_url":null,"og_title":null,"og_description":null,"og_object_type":"default","og_image_type":"default","og_image_url":null,"og_image_width":null,"og_image_height":null,"og_image_custom_url":null,"og_image_custom_fields":null,"og_video":"","og_custom_url":null,"og_article_section":null,"og_article_tags":[],"twitter_use_og":false,"twitter_card":"default","twitter_image_type":"default","twitter_image_url":null,"twitter_image_custom_url":null,"twitter_image_custom_fields":null,"twitter_title":null,"twitter_description":null,"schema":{"blockGraphs":[],"customGraphs":[],"default":{"data":{"Article":[],"Course":[],"Dataset":[],"FAQPage":[],"Movie":[],"Person":[],"Product":[],"ProductReview":[],"Car":[],"Recipe":[],"Service":[],"SoftwareApplication":[],"WebPage":[]},"graphName":"","isEnabled":true},"graphs":[]},"schema_type":"default","schema_type_options":null,"pillar_content":false,"robots_default":true,"robots_noindex":false,"robots_noarchive":false,"robots_nosnippet":false,"robots_nofollow":false,"robots_noimageindex":false,"robots_noodp":false,"robots_notranslate":false,"robots_max_snippet":"-1","robots_max_videopreview":"-1","robots_max_imagepreview":"large","priority":null,"frequency":"default","local_seo":null,"breadcrumb_settings":null,"limit_modified_date":false,"ai":null,"created":"2022-08-26 10:39:37","updated":"2026-02-17 22:13:19","seo_analyzer_scan_date":null},"aioseo_breadcrumb":"<div class=\"aioseo-breadcrumbs\"><span class=\"aioseo-breadcrumb\">\n\t\t\t<a href=\"https:\/\/www.skalnik.pl\/blog\" title=\"Home\">Home<\/a>\n\t\t<\/span><span class=\"aioseo-breadcrumb-separator\">&raquo;<\/span><span class=\"aioseo-breadcrumb\">\n\t\t\t<a href=\"https:\/\/www.skalnik.pl\/blog\/.\/testy\/\" title=\"Testy\">Testy<\/a>\n\t\t<\/span><span class=\"aioseo-breadcrumb-separator\">&raquo;<\/span><span class=\"aioseo-breadcrumb\">\n\t\t\t\u015apiw\u00f3r Volven Polaris \u2013 recenzja\n\t\t<\/span><\/div>","aioseo_breadcrumb_json":[{"label":"Home","link":"https:\/\/www.skalnik.pl\/blog"},{"label":"Testy","link":"https:\/\/www.skalnik.pl\/blog\/.\/testy\/"},{"label":"\u015apiw\u00f3r Volven Polaris &#8211; recenzja","link":"https:\/\/www.skalnik.pl\/blog\/spiwor-volven-polaris-recenzja\/"}],"_links":{"self":[{"href":"https:\/\/www.skalnik.pl\/blog\/wp-json\/wp\/v2\/posts\/17683","targetHints":{"allow":["GET"]}}],"collection":[{"href":"https:\/\/www.skalnik.pl\/blog\/wp-json\/wp\/v2\/posts"}],"about":[{"href":"https:\/\/www.skalnik.pl\/blog\/wp-json\/wp\/v2\/types\/post"}],"author":[{"embeddable":true,"href":"https:\/\/www.skalnik.pl\/blog\/wp-json\/wp\/v2\/users\/33"}],"replies":[{"embeddable":true,"href":"https:\/\/www.skalnik.pl\/blog\/wp-json\/wp\/v2\/comments?post=17683"}],"version-history":[{"count":11,"href":"https:\/\/www.skalnik.pl\/blog\/wp-json\/wp\/v2\/posts\/17683\/revisions"}],"predecessor-version":[{"id":24386,"href":"https:\/\/www.skalnik.pl\/blog\/wp-json\/wp\/v2\/posts\/17683\/revisions\/24386"}],"wp:featuredmedia":[{"embeddable":true,"href":"https:\/\/www.skalnik.pl\/blog\/wp-json\/wp\/v2\/media\/17686"}],"wp:attachment":[{"href":"https:\/\/www.skalnik.pl\/blog\/wp-json\/wp\/v2\/media?parent=17683"}],"wp:term":[{"taxonomy":"category","embeddable":true,"href":"https:\/\/www.skalnik.pl\/blog\/wp-json\/wp\/v2\/categories?post=17683"},{"taxonomy":"post_tag","embeddable":true,"href":"https:\/\/www.skalnik.pl\/blog\/wp-json\/wp\/v2\/tags?post=17683"},{"taxonomy":"magento_category","embeddable":true,"href":"https:\/\/www.skalnik.pl\/blog\/wp-json\/wp\/v2\/magento_category?post=17683"},{"taxonomy":"magento_product","embeddable":true,"href":"https:\/\/www.skalnik.pl\/blog\/wp-json\/wp\/v2\/magento_product?post=17683"}],"curies":[{"name":"wp","href":"https:\/\/api.w.org\/{rel}","templated":true}]}}