{"id":17837,"date":"2021-09-03T10:21:00","date_gmt":"2021-09-03T08:21:00","guid":{"rendered":"https:\/\/skalnik.pl\/blog\/?p=17837"},"modified":"2021-08-26T11:27:30","modified_gmt":"2021-08-26T09:27:30","slug":"5-najciekawszych-szlakow-w-bieszczadach","status":"publish","type":"post","link":"https:\/\/www.skalnik.pl\/blog\/5-najciekawszych-szlakow-w-bieszczadach\/","title":{"rendered":"5 najciekawszych szlak\u00f3w w Bieszczadach"},"content":{"rendered":"\n<p><strong>Mamy wiele malowniczych pasm g\u00f3rskich w Polsce, ale nie ka\u017cdy rejon obr\u00f3s\u0142 tak\u0105 legend\u0105 jak Bieszczady. I to nie tylko w \u015brodowisku g\u00f3ro\u0142az\u00f3w, ale r\u00f3wnie\u017c w popkulturze i opinii publicznej. Czy legend\u0105 zas\u0142u\u017con\u0105?<\/strong><\/p>\n\n\n\n<p>Jak najbardziej! Pewnie ci\u0119\u017cko b\u0119dzie znale\u017a\u0107 mi\u0142o\u015bnika w\u0119dr\u00f3wek po g\u00f3rach, kt\u00f3ry jeszcze jakim\u015b cudem nie trafi\u0142 w \u201eBiesy\u201d. Tak czy inaczej, dla wszystkich tych, kt\u00f3rzy zastanawiaj\u0105 si\u0119, jakie szlaki w Bieszczadach s\u0105 najciekawsze, b\u0105d\u017a co w Bieszczadach warto zobaczy\u0107 w pierwszej kolejno\u015bci, przygotowali\u015bmy ma\u0142e zestawienie.<\/p>\n\n\n\n<p>Prosz\u0119 mie\u0107 na uwadze, i\u017c nie jest to \u017caden ranking i kolejno\u015b\u0107 tych miejsc jest przypadkowa. Nie s\u0105 to r\u00f3wnie\u017c kompletnie rozpisane wycieczki, kt\u00f3re zaczynaj\u0105 i ko\u0144cz\u0105 sw\u00f3j bieg na parkingu lub przystanku autobusowym, a bardziej warte uwagi odcinki szlak\u00f3w, kt\u00f3re mo\u017cna w\u0142\u0105czy\u0107 do planowanej akurat wycieczki.<\/p>\n\n\n\n<p>Wszystkie proponowane szlaki s\u0105 \u0142atwo dost\u0119pne i na tyle proste technicznie oraz kondycyjnie, \u017ce poradz\u0105 sobie z nimi nawet mniej wytrawni w\u0119drowcy. Wystarcz\u0105 wygodne buty g\u00f3rskie na nogach, w kieszeni mapa Bieszczad, a w plecaku prowiant, odzie\u017c i apteczka. Wtedy ju\u017c mo\u017cna wyrusza\u0107 na podb\u00f3j po\u0142onin.<\/p>\n\n\n\n<p><span class=\"has-inline-color has-vivid-cyan-blue-color\">Skorzystaj z tego linku i znajd\u017a dobre<strong> <a href=\"https:\/\/skalnik.pl\/buty\" target=\"_blank\" rel=\"noreferrer noopener\">buty w g\u00f3ry<\/a><\/strong>.<\/span><\/p>\n\n\n\n<div id=\"ez-toc-container\" class=\"ez-toc-v2_0_85 counter-hierarchy ez-toc-counter ez-toc-light-blue ez-toc-container-direction\">\n<div class=\"ez-toc-title-container\">\n<p class=\"ez-toc-title\" style=\"cursor:inherit\">SPIS TRE\u015aCI <\/p>\n<span class=\"ez-toc-title-toggle\"><a href=\"#\" class=\"ez-toc-pull-right ez-toc-btn ez-toc-btn-xs ez-toc-btn-default ez-toc-toggle\" aria-label=\"Prze\u0142\u0105cznik Spisu Tre\u015bci\"><span class=\"ez-toc-js-icon-con\"><span class=\"\"><span class=\"eztoc-hide\" style=\"display:none;\">Toggle<\/span><span class=\"ez-toc-icon-toggle-span\"><svg style=\"fill: #999;color:#999\" xmlns=\"http:\/\/www.w3.org\/2000\/svg\" class=\"list-377408\" width=\"20px\" height=\"20px\" viewBox=\"0 0 24 24\" fill=\"none\"><path d=\"M6 6H4v2h2V6zm14 0H8v2h12V6zM4 11h2v2H4v-2zm16 0H8v2h12v-2zM4 16h2v2H4v-2zm16 0H8v2h12v-2z\" fill=\"currentColor\"><\/path><\/svg><svg style=\"fill: #999;color:#999\" class=\"arrow-unsorted-368013\" xmlns=\"http:\/\/www.w3.org\/2000\/svg\" width=\"10px\" height=\"10px\" viewBox=\"0 0 24 24\" version=\"1.2\" baseProfile=\"tiny\"><path d=\"M18.2 9.3l-6.2-6.3-6.2 6.3c-.2.2-.3.4-.3.7s.1.5.3.7c.2.2.4.3.7.3h11c.3 0 .5-.1.7-.3.2-.2.3-.5.3-.7s-.1-.5-.3-.7zM5.8 14.7l6.2 6.3 6.2-6.3c.2-.2.3-.5.3-.7s-.1-.5-.3-.7c-.2-.2-.4-.3-.7-.3h-11c-.3 0-.5.1-.7.3-.2.2-.3.5-.3.7s.1.5.3.7z\"\/><\/svg><\/span><\/span><\/span><\/a><\/span><\/div>\n<nav><ul class='ez-toc-list ez-toc-list-level-1 ' ><li class='ez-toc-page-1 ez-toc-heading-level-2'><a class=\"ez-toc-link ez-toc-heading-1\" href=\"https:\/\/www.skalnik.pl\/blog\/5-najciekawszych-szlakow-w-bieszczadach\/#Bukowe_Berdo\" >Bukowe Berdo<\/a><\/li><li class='ez-toc-page-1 ez-toc-heading-level-2'><a class=\"ez-toc-link ez-toc-heading-2\" href=\"https:\/\/www.skalnik.pl\/blog\/5-najciekawszych-szlakow-w-bieszczadach\/#Polonina_Wetlinska\" >Po\u0142onina Wetli\u0144ska<\/a><\/li><li class='ez-toc-page-1 ez-toc-heading-level-2'><a class=\"ez-toc-link ez-toc-heading-3\" href=\"https:\/\/www.skalnik.pl\/blog\/5-najciekawszych-szlakow-w-bieszczadach\/#Polonina_Carynska\" >Po\u0142onina Cary\u0144ska<\/a><\/li><li class='ez-toc-page-1 ez-toc-heading-level-2'><a class=\"ez-toc-link ez-toc-heading-4\" href=\"https:\/\/www.skalnik.pl\/blog\/5-najciekawszych-szlakow-w-bieszczadach\/#Tarnica\" >Tarnica<\/a><\/li><li class='ez-toc-page-1 ez-toc-heading-level-2'><a class=\"ez-toc-link ez-toc-heading-5\" href=\"https:\/\/www.skalnik.pl\/blog\/5-najciekawszych-szlakow-w-bieszczadach\/#Halicz_i_Rozsypaniec\" >Halicz i Rozsypaniec<\/a><\/li><\/ul><\/nav><\/div>\n<h2 class=\"wp-block-heading\"><span class=\"ez-toc-section\" id=\"Bukowe_Berdo\"><\/span>Bukowe Berdo<span class=\"ez-toc-section-end\"><\/span><\/h2>\n\n\n\n<p>Postanowi\u0142em, \u017ce Bukowe Berdo otworzy zestawienie, bo jest to du\u017co mniej popularny cel ni\u017c Po\u0142onina Wetli\u0144ska i Cary\u0144ska. To w\u0142a\u015bnie przez swoj\u0105 kameralno\u015b\u0107 Bukowe Berdo pozwoli cieszy\u0107 si\u0119 spokojem niespotykanym w bardziej zat\u0142oczonych cz\u0119\u015bciach Bieszczad\u00f3w i r\u00f3wnie pi\u0119knymi widokami, kt\u00f3re si\u0119gaj\u0105 a\u017c po Ukrain\u0119.<\/p>\n\n\n\n<p>Bukowe Berdo jest d\u0142ugim masywem zwie\u0144czonym po\u0142oninami, w kt\u00f3rym wyr\u00f3\u017cnia si\u0119 kilka kulminacji o wysoko\u015bci ponad 1200 m n.p.m. ka\u017cda, a s\u0105 to Szo\u0142tynia, Po\u0142onina D\u017awiniacka oraz Bukowe Berdo (to w\u0142a\u015bciwe). Szlak niebieski wije si\u0119 \u015bcie\u017ck\u0105 w\u015br\u00f3d malowniczych ska\u0142ek i traw i mo\u017cemy tu zasmakowa\u0107 tej s\u0142ynnej bieszczadzkiej dziczy, z dala od parking\u00f3w i schronisk.<\/p>\n\n\n\n<div class=\"wp-block-image\"><figure class=\"aligncenter size-large\"><img loading=\"lazy\" decoding=\"async\" width=\"1024\" height=\"683\" src=\"https:\/\/skalnik.pl\/blog\/wp-content\/uploads\/2021\/08\/wojciech-celinski-bukowe-berdo-2-unsplash.jpg\" alt=\"Bukowe Berdo bieszczady\" class=\"wp-image-17841\" srcset=\"https:\/\/www.skalnik.pl\/blog\/wp-content\/uploads\/2021\/08\/wojciech-celinski-bukowe-berdo-2-unsplash.jpg 1024w, https:\/\/www.skalnik.pl\/blog\/wp-content\/uploads\/2021\/08\/wojciech-celinski-bukowe-berdo-2-unsplash-300x200.jpg 300w, https:\/\/www.skalnik.pl\/blog\/wp-content\/uploads\/2021\/08\/wojciech-celinski-bukowe-berdo-2-unsplash-768x512.jpg 768w\" sizes=\"auto, (max-width: 1024px) 100vw, 1024px\" \/><figcaption><em>Bukowe Berdo (fot. Wojciech Celi\u0144ski, Unsplash)<\/em><\/figcaption><\/figure><\/div>\n\n\n\n<p><strong>Przebieg szlaku: <\/strong>Pszczeliny Wide\u0142ki > Kiczera Bereszcza\u0144ska > Szo\u0142tynia > Bukowe Berdo > Prze\u0142\u0119cz Goprowska<br><strong>Szlaki: <\/strong>niebieski<br><strong>Dystans:<\/strong> ~10,6 km (+907m \/-330m)<\/p>\n\n\n\n<div style=\"max-width:1000px;overflow:hidden;margin:0 auto;min-width:300px;\"><iframe src=\"https:\/\/mapa-turystyczna.pl\/map\/widget\/route\/h1l0p1\/a6y7.html\" height=\"800\" frameborder=\"0\" style=\"width:100%;border:0;\"><\/iframe><a href=\"https:\/\/mapa-turystyczna.pl\/route\/a6y7?utm_source=external_web&amp;utm_medium=widget&amp;utm_campaign=route_widget\" target=\"_blank\" style=\"color:#999;padding:7px 0;font-size: 13px;font-family:Roboto,Arial,sans-serif;display: inline-block;\" rel=\"noopener noreferrer\">Trasa: Pszczeliny, Wide\u0142ki \u2013 Prze\u0142\u0119cz Goprowska | mapa-turystyczna.pl<\/a><\/div>\n\n\n\n<p><strong>Kt\u00f3r\u0119dy doj\u015b\u0107? <\/strong>Zaznaczony wy\u017cej szlak to trasa przez ca\u0142y masyw Bukowego Berda, od przystanku PKS w Pszczelinach, a\u017c po Prze\u0142\u0119cz Goprowsk\u0105 u st\u00f3p Tarnicy. Wspomniana mniejsza popularno\u015b\u0107 tego miejsca wynika zapewne z trudniejszego dojazdu i logistyki, ale zdecydowanie warto sp\u0119dzi\u0107 kilka chwil nad map\u0105 i zaplanowa\u0107 tu ca\u0142odniow\u0105 wycieczk\u0119. Najszybsza droga na Bukowe wiedzie \u017c\u00f3\u0142tym szlakiem doj\u015bciowym z Mucznego, kt\u00f3ry wyprowadza nas mniej wi\u0119cej w po\u0142owie masywu.<\/p>\n\n\n\n<h2 class=\"wp-block-heading\"><span class=\"ez-toc-section\" id=\"Polonina_Wetlinska\"><\/span>Po\u0142onina Wetli\u0144ska<span class=\"ez-toc-section-end\"><\/span><\/h2>\n\n\n\n<p>Gdy zapytacie kogo\u015b \u201egdzie w Bieszczady?\u201d, z du\u017c\u0105 doz\u0105 prawdopodobie\u0144stwa osoba ta jednym tchem zacznie opowiada\u0107 po po\u0142oninach. Jedna z nich, czyli Po\u0142onina Wetli\u0144ska jest bezsprzecznie jednym z symboli Bieszczad\u00f3w, a widoki jakie rozpo\u015bcieraj\u0105 si\u0119 z g\u00f3ry, dos\u0142ownie zapieraj\u0105 dech. Krajobraz zmienia si\u0119 z ka\u017cdym pokonanym wzniesieniem i zdecydowanie warto to miejsce odwiedzi\u0107 o ka\u017cdej z czterech p\u00f3r roku, aby zazna\u0107 eksplozji zieleni latem, jesiennego z\u0142ota i lodowej pustyni zim\u0105.<\/p>\n\n\n\n<p>W sezonie bywa tutaj t\u0142oczno, ale taki ju\u017c urok popularnych szlak\u00f3w. W Bieszczadach niewiele jest schronisk g\u00f3rskich, ale to najs\u0142ynniejsze, czyli Chatka Puchatka znajduje si\u0119 w\u0142a\u015bnie na Po\u0142oninie Wetli\u0144skiej. Obecnie, po wielu perypetiach, jest przebudowywane, ale miejmy nadziej\u0119, \u017ce jeszcze b\u0119dzie nam dane cieszy\u0107 si\u0119 tym kultowym schronem.<\/p>\n\n\n\n<p><strong>Przebieg szlaku: <\/strong>Smerek \/ Kalnica &gt; Smerek (szczyt) &gt; Prze\u0142\u0119cz Or\u0142owicza &gt; Osadzki Wierch &gt; Chatka Puchatka &gt; Brzegi G\u00f3rne<br><strong>Szlaki: <\/strong>czerwony (\u017c\u00f3\u0142ty)<br><strong>Dystans: <\/strong>~13,9 km (+934m \/-786m)<\/p>\n\n\n\n<div style=\"max-width:1000px;overflow:hidden;margin:0 auto;min-width:300px;\"><iframe src=\"https:\/\/mapa-turystyczna.pl\/map\/widget\/route\/h1l0p1\/6ud0.html\" height=\"800\" frameborder=\"0\" style=\"width:100%;border:0;\"><\/iframe><a href=\"https:\/\/mapa-turystyczna.pl\/route\/6ud0?utm_source=external_web&amp;utm_medium=widget&amp;utm_campaign=route_widget\" target=\"_blank\" style=\"color:#999;padding:7px 0;font-size: 13px;font-family:Roboto,Arial,sans-serif;display: inline-block;\" rel=\"noopener noreferrer\">Trasa: Kalnica \u2013 Brzegi G\u00f3rne | mapa-turystyczna.pl<\/a><\/div>\n\n\n\n<p><strong>Kt\u00f3r\u0119dy doj\u015b\u0107? <\/strong>Doskona\u0142a trasa do przebycia calutkiego grzbietu Po\u0142oniny Wetli\u0144skiej to czerwony szlak z Kalnicy do Brzeg\u00f3w G\u00f3rnych. Na przystawk\u0119 czeka nas wspinaczka na Smerek i to b\u0119dzie dobra rozgrzewka przez dalsz\u0105 drog\u0105 dzi\u0119ki ponad 650 metrom przewy\u017cszenia, ale w nagrod\u0119 otrzymamy pi\u0119kne widoki ze szczytowych po\u0142onin. Dalej czerwony szlak staje si\u0119 \u0142agodniejszy i prowadzi przez ca\u0142\u0105 Po\u0142onin\u0119 Wetli\u0144sk\u0105 \u0142atw\u0105 technicznie \u015bcie\u017ck\u0105, na kt\u00f3rej nie pozostaje nic innego ni\u017c napawa\u0107 si\u0119 rozleg\u0142ymi panoramami. Je\u015bli komu\u015b zale\u017cy g\u0142\u00f3wnie na Wetli\u0144skiej to \u017caden problem \u2013 mo\u017cna pomin\u0105\u0107 szczyt Smereka i wyruszy\u0107 \u017c\u00f3\u0142tym szlakiem doj\u015bciowym z Wetliny, kt\u00f3ry \u0142\u0105czy si\u0119 z czerwonym na Prze\u0142\u0119cz Or\u0142owicza.<\/p>\n\n\n\n<div class=\"wp-block-image\"><figure class=\"aligncenter size-large\"><img loading=\"lazy\" decoding=\"async\" width=\"1024\" height=\"640\" src=\"https:\/\/skalnik.pl\/blog\/wp-content\/uploads\/2021\/08\/marek-piwnicki-po\u0142oniny-unsplash.jpg\" alt=\"bieszczadzkie po\u0142oniny szlaki\n\" class=\"wp-image-17850\" srcset=\"https:\/\/www.skalnik.pl\/blog\/wp-content\/uploads\/2021\/08\/marek-piwnicki-po\u0142oniny-unsplash.jpg 1024w, https:\/\/www.skalnik.pl\/blog\/wp-content\/uploads\/2021\/08\/marek-piwnicki-po\u0142oniny-unsplash-300x188.jpg 300w, https:\/\/www.skalnik.pl\/blog\/wp-content\/uploads\/2021\/08\/marek-piwnicki-po\u0142oniny-unsplash-768x480.jpg 768w\" sizes=\"auto, (max-width: 1024px) 100vw, 1024px\" \/><figcaption><em>W Bieszczady szlakiem po\u0142onin! (fot. Marek Piwnicki)<\/em><\/figcaption><\/figure><\/div>\n\n\n\n<p><span class=\"has-inline-color has-vivid-cyan-blue-color\">Ju\u017c planujesz wypad? Zobacz <a href=\"https:\/\/skalnik.pl\/blog\/buty-w-bieszczady\/\" target=\"_blank\" rel=\"noreferrer noopener\"><strong>jakie buty w Bieszczady<\/strong><\/a> poleca ten autor.<\/span><\/p>\n\n\n\n<h2 class=\"wp-block-heading\"><span class=\"ez-toc-section\" id=\"Polonina_Carynska\"><\/span>Po\u0142onina Cary\u0144ska<span class=\"ez-toc-section-end\"><\/span><\/h2>\n\n\n\n<p>Popularnych po\u0142onin cz\u0119\u015b\u0107 druga, czyli pora na Cary\u0144sk\u0105. Niegdy\u015b odbywa\u0142 si\u0119 tu wypas owiec, dzi\u015b w granicach Parku Narodowego wypasaj\u0105 si\u0119 jedynie tury\u015bci. Czerwony szlak wiod\u0105cy grzbietem (notabene fragment G\u0142\u00f3wnego Szlaku Beskidzkiego) jest do\u015b\u0107 kr\u00f3tki, wi\u0119c dla \u015bmia\u0142k\u00f3w mo\u017cliwa jest opcja \u201ezaliczenia\u201d obu s\u0142ynnych po\u0142onin podczas jednej wycieczki.<\/p>\n\n\n\n<p>Najwy\u017cszym wzniesieniem masywu jest Kruh\u0142y Wierch o wysoko\u015bci 1297 m n.p.m. Widoki na wszystkie strony \u015bwiata r\u00f3wnie wspania\u0142e, co z Po\u0142oniny Wetli\u0144skiej, a dzi\u0119ki stosunkowo kr\u00f3tkim czasom doj\u015bcia warto si\u0119 tu wybra\u0107 na podziwianie zachod\u00f3w s\u0142o\u0144ca, kt\u00f3re nad szerokimi bieszczadzkimi pejza\u017cami bywaj\u0105 wyj\u0105tkowo spektakularne.<\/p>\n\n\n\n<p><strong>Przebieg szlaku: <\/strong>Brzegi G\u00f3rne > Po\u0142onina Cary\u0144ska > Ustrzyki G\u00f3rne<br><strong>Szlaki: <\/strong>czerwony<br><strong>Dystans: <\/strong>~8,9 km (+592m \/-674m)<\/p>\n\n\n\n<div style=\"max-width:1000px;overflow:hidden;margin:0 auto;min-width:300px;\"><iframe src=\"https:\/\/mapa-turystyczna.pl\/map\/widget\/route\/h1l0p1\/y8dr.html\" height=\"800\" frameborder=\"0\" style=\"width:100%;border:0;\"><\/iframe><a href=\"https:\/\/mapa-turystyczna.pl\/route\/y8dr?utm_source=external_web&amp;utm_medium=widget&amp;utm_campaign=route_widget\" target=\"_blank\" style=\"color:#999;padding:7px 0;font-size: 13px;font-family:Roboto,Arial,sans-serif;display: inline-block;\" rel=\"noopener noreferrer\">Trasa: Brzegi G\u00f3rne \u2013 Ustrzyki G\u00f3rne | mapa-turystyczna.pl<\/a><\/div>\n\n\n\n<p><strong>Kt\u00f3r\u0119dy doj\u015b\u0107? <\/strong>Mo\u017cemy spokojnie przeby\u0107 szlak w proponowanym kierunku, bo chyba jednak widoki s\u0105 wtedy \u0142adniejsze (ukazuje si\u0119 przed nami mi\u0119dzy innymi Tarnica), ale to ju\u017c sprawa indywidualna. Na pewno szlak na Po\u0142onin\u0119 Cary\u0144sk\u0105 od strony Ustrzyk jest du\u017co \u0142agodniejszy do wspinaczki, co dla niekt\u00f3rych mo\u017ce by\u0107 pomocne w podj\u0119ciu decyzji. Sama cz\u0119\u015b\u0107 grzbietowa to blisko 4km spokojnej i \u0142atwej w\u0119dr\u00f3wki po wyp\u0142aszczeniu. Na trasie nie u\u015bwiadczymy \u017cadnego schroniska ani bufetu, jednak blisko\u015b\u0107 dobrze zaopatrzonych miejscowo\u015bci turystycznych spokojnie to rekompensuje.<\/p>\n\n\n\n<h2 class=\"wp-block-heading\"><span class=\"ez-toc-section\" id=\"Tarnica\"><\/span>Tarnica<span class=\"ez-toc-section-end\"><\/span><\/h2>\n\n\n\n<p>No tak, nareszcie kr\u00f3lowa. Kr\u00f3lowa Tarnica, czyli najwy\u017cszy szczyt Bieszczad zaliczany do Korony G\u00f3r Polski, mierzy ca\u0142e 1346 m n.p.m. Bardziej obszerny tekst o zdobywaniu Tarnicy wraz z rozpisanymi dok\u0142adnymi trasami wycieczek (r\u00f3wnie\u017c tymi ambitniejszymi) znajdziecie w jednym z moich tekst\u00f3w z serii KGP (<a href=\"https:\/\/skalnik.pl\/blog\/korona-gor-polski-tarnica\/\" target=\"_blank\" rel=\"noreferrer noopener\">tutaj<\/a>).<\/p>\n\n\n\n<p>Tarnica to nie tylko najwy\u017csze wzniesienie po polskiej stronie Bieszczad\u00f3w, ale r\u00f3wnie\u017c ca\u0142ego wojew\u00f3dztwa podkarpackiego. Widoki ze szczytu mo\u017ce i nie s\u0105 tak spektakularne jak z po\u0142onin, ale i tak robi\u0105 wra\u017cenie. Szczeg\u00f3lnie spektakularne s\u0105 ci\u0105gn\u0105ce si\u0119 w niesko\u0144czono\u015b\u0107 dzikie obszary Ukrainy z majacz\u0105cymi na horyzoncie masywami Gorgan\u00f3w.<\/p>\n\n\n\n<div class=\"wp-block-image\"><figure class=\"aligncenter size-large\"><img loading=\"lazy\" decoding=\"async\" width=\"1024\" height=\"683\" src=\"https:\/\/skalnik.pl\/blog\/wp-content\/uploads\/2021\/08\/wojciech-celinski-tarnica-1-unsplash.jpg\" alt=\"Szlak na Tarnic\u0119 schody\" class=\"wp-image-17847\" srcset=\"https:\/\/www.skalnik.pl\/blog\/wp-content\/uploads\/2021\/08\/wojciech-celinski-tarnica-1-unsplash.jpg 1024w, https:\/\/www.skalnik.pl\/blog\/wp-content\/uploads\/2021\/08\/wojciech-celinski-tarnica-1-unsplash-300x200.jpg 300w, https:\/\/www.skalnik.pl\/blog\/wp-content\/uploads\/2021\/08\/wojciech-celinski-tarnica-1-unsplash-768x512.jpg 768w\" sizes=\"auto, (max-width: 1024px) 100vw, 1024px\" \/><figcaption><em>Schodami pod same niebo. Dla tych widok\u00f3w warto! (fot. Wojciech Celi\u0144ski, Unsplash)<\/em><\/figcaption><\/figure><\/div>\n\n\n\n<p><strong>Przebieg szlaku: <\/strong>Wo\u0142osate &gt; Prze\u0142\u0119cz pod Tarnic\u0105 &gt; Tarnica<br><strong>Szlaki: <\/strong>niebieski, \u017c\u00f3\u0142ty<br><strong>Dystans: <\/strong>~4,3 km (+617m)<\/p>\n\n\n\n<div style=\"max-width:1000px;overflow:hidden;margin:0 auto;min-width:300px;\"><iframe src=\"https:\/\/mapa-turystyczna.pl\/map\/widget\/route\/h1l0p1\/wnyp.html\" height=\"800\" frameborder=\"0\" style=\"width:100%;border:0;\"><\/iframe><a href=\"https:\/\/mapa-turystyczna.pl\/route\/wnyp?utm_source=external_web&amp;utm_medium=widget&amp;utm_campaign=route_widget\" target=\"_blank\" style=\"color:#999;padding:7px 0;font-size: 13px;font-family:Roboto,Arial,sans-serif;display: inline-block;\" rel=\"noopener noreferrer\">Trasa: Wo\u0142osate \u2013 Tarnica | mapa-turystyczna.pl<\/a><\/div>\n\n\n\n<p><strong>Kt\u00f3r\u0119dy doj\u015b\u0107? <\/strong>Na potrzeby tego zestawienia wybra\u0142em zdecydowanie naj\u0142atwiejszy i najpopularniejszy zarazem szlak na szczyt, wiod\u0105cy z parkingu w Wo\u0142osatem. Trasa ta prowadzi nas na g\u00f3r\u0119 cz\u0119\u015bciowo przez s\u0142ynne schody, przez niekt\u00f3rych znienawidzone i szpec\u0105ce, przez innych doceniane za u\u0142atwienie zdobycia szczytu. W sezonie zawsze jest bardzo wielu ch\u0119tnych do zdobywania Kr\u00f3lowej Bieszczad\u00f3w, warto wi\u0119c wyruszy\u0107 na szlak mo\u017cliwie wcze\u015bnie rano, a powr\u00f3t jest mo\u017cliwy t\u0105 sam\u0105 drog\u0105. Nieco d\u0142u\u017csze i wymagaj\u0105ce, ale wspania\u0142e widokowo szlaki na Tarnice prowadz\u0105 r\u00f3wnie\u017c czerwonym od strony Ustrzyk G\u00f3rnych lub p\u0119tl\u0105 od Rozsypa\u0144ca i Halicza, ale chwileczk\u0119\u2026 te dwa szczyty pozostawmy na ostatni punkt niniejszego zestawienia.<\/p>\n\n\n\n<h2 class=\"wp-block-heading\"><span class=\"ez-toc-section\" id=\"Halicz_i_Rozsypaniec\"><\/span><strong>Halicz <\/strong><strong>i<\/strong><strong> Rozsypaniec<\/strong><span class=\"ez-toc-section-end\"><\/span><\/h2>\n\n\n\n<p>Pocz\u0105tek G\u0142\u00f3wnego Szlaku Beskidzkiego na odcinku od Wo\u0142osatego po Prze\u0142\u0119cz pod Tarnic\u0105 jest du\u017co rzadziej odwiedzany ni\u017c wy\u017cej wymienione rejony Bieszczad\u00f3w, co nie znaczy, \u017ce nie warto wybra\u0107 si\u0119 w tym kierunku!<\/p>\n\n\n\n<p>W\u0119druj\u0105c \u015bcie\u017ck\u0105 z czerwonymi znakami z jednej strony b\u0119dziemy mie\u0107 widok na masyw Tarnicy, z drugiej strony rozpo\u015bcieraj\u0105 si\u0119 widoki na stron\u0119 ukrai\u0144sk\u0105. Id\u0105c z Wo\u0142osatego na wsch\u00f3d \u2013 gdy ju\u017c przem\u0119czymy si\u0119 na asfaltowym odcinku \u2013 czeka nas wej\u015bcie na dwa szczyty. Pierwszym b\u0119dzie Rozsypaniec, drugim Halicz, kt\u00f3ry wznosz\u0105c si\u0119 1333 metry nad poziomem morza, jest trzecim co do wysoko\u015bci szczytem polskich Bieszczad.<\/p>\n\n\n\n<div class=\"wp-block-image\"><figure class=\"aligncenter size-large\"><img loading=\"lazy\" decoding=\"async\" width=\"1024\" height=\"683\" src=\"https:\/\/skalnik.pl\/blog\/wp-content\/uploads\/2021\/08\/wojciech-celinski-halicz-unsplash.jpg\" alt=\"Halicz Bieszczady szlaki\" class=\"wp-image-17843\" srcset=\"https:\/\/www.skalnik.pl\/blog\/wp-content\/uploads\/2021\/08\/wojciech-celinski-halicz-unsplash.jpg 1024w, https:\/\/www.skalnik.pl\/blog\/wp-content\/uploads\/2021\/08\/wojciech-celinski-halicz-unsplash-300x200.jpg 300w, https:\/\/www.skalnik.pl\/blog\/wp-content\/uploads\/2021\/08\/wojciech-celinski-halicz-unsplash-768x512.jpg 768w\" sizes=\"auto, (max-width: 1024px) 100vw, 1024px\" \/><figcaption>Halicz. <em>(fot. Wojciech Celi\u0144ski, Unsplash)<\/em><\/figcaption><\/figure><\/div>\n\n\n\n<p><strong>Przebieg szlaku: <\/strong>Prze\u0142\u0119cz Bukowska &gt; Rozsypaniec &gt; Halicz &gt; Prze\u0142\u0119cz Goprowska &gt; Prze\u0142\u0119cz pod Tarnic\u0105<br><strong>Szlaki: <\/strong>czerwony (niebieski)<br><strong>Dystans: <\/strong>~6,5 km (+438m \/-280m)<\/p>\n\n\n\n<div style=\"max-width:1000px;overflow:hidden;margin:0 auto;min-width:300px;\"><iframe src=\"https:\/\/mapa-turystyczna.pl\/map\/widget\/route\/h1l0p1\/l2p9.html\" height=\"800\" frameborder=\"0\" style=\"width:100%;border:0;\"><\/iframe><a href=\"https:\/\/mapa-turystyczna.pl\/route\/l2p9?utm_source=external_web&amp;utm_medium=widget&amp;utm_campaign=route_widget\" target=\"_blank\" style=\"color:#999;padding:7px 0;font-size: 13px;font-family:Roboto,Arial,sans-serif;display: inline-block;\" rel=\"noopener noreferrer\">Trasa: Prze\u0142\u0119cz Bukowska \u2013 Prze\u0142\u0119cz pod Tarnic\u0105 | mapa-turystyczna.pl<\/a><\/div>\n\n\n\n<p><strong>Kt\u00f3r\u0119dy doj\u015b\u0107? <\/strong>Warto t\u0119 wycieczk\u0119 po\u0142\u0105czy\u0107 ze zdobyciem Tarnicy, co pozwoli zakre\u015bli\u0107 \u0142adn\u0105 p\u0119tl\u0119 z pocz\u0105tkiem i ko\u0144cem marszu w Wo\u0142osatem. Po przej\u015bciu masywu Halicza skr\u0119camy na zach\u00f3d w kierunku Tarnicy, tam czeka nas mocniejsze podej\u015bcie od Prze\u0142\u0119czy Goprowskiej na Prze\u0142\u0119cz pod Tarnic\u0105 i zej\u015bcie niebieskim szlakiem z powrotem do Wo\u0142osatego (z zaliczeniem po drodze Tarnicy, lub te\u017c nie).<\/p>\n\n\n\n<p>&nbsp;<\/p>\n\n\n\n<p>I jak? Rzucisz wszystko wy wyruszysz w Bieszczady?<\/p>\n\n\n\n<p><span class=\"has-inline-color has-vivid-cyan-blue-color\">Szukasz innych inspiracji? Zobacz <a href=\"https:\/\/skalnik.pl\/blog\/karkonosze-zima-5-szlakow-w-polskich-karkonoszach\/\" target=\"_blank\" rel=\"noreferrer noopener\"><strong>jakie szlaki w Karkonoszach<\/strong><\/a> poleca ten autor. <\/span><\/p>\n","protected":false},"excerpt":{"rendered":"<p>Rzu\u0107 wszystko i jed\u017a w Bieszczady! Najpierw jednak przeczytaj ten artyku\u0142. <\/p>\n","protected":false},"author":21,"featured_media":17838,"comment_status":"open","ping_status":"open","sticky":false,"template":"","format":"standard","meta":{"_acf_changed":false,"footnotes":""},"categories":[84],"tags":[28,94,225],"magento_category":[],"magento_product":[],"class_list":["post-17837","post","type-post","status-publish","format-standard","has-post-thumbnail","hentry","category-pasja","tag-gory","tag-inspiracje","tag-karpaty"],"acf":[],"aioseo_notices":[],"aioseo_head":"\n\t\t<!-- All in One SEO 4.9.10 - aioseo.com -->\n\t<meta name=\"description\" content=\"Chcesz odkry\u0107 Bieszczady? Rzu\u0107 wszystko i rusz przez najpi\u0119kniejsze szlaki w Bieszczadach. Nasz autor poleca 5 najciekawszych miejsc do odwiedzenia w tych pi\u0119knych g\u00f3rach.\" \/>\n\t<meta name=\"robots\" content=\"max-image-preview:large\" \/>\n\t<meta name=\"author\" content=\"Dominik Marzec\"\/>\n\t<link rel=\"canonical\" href=\"https:\/\/www.skalnik.pl\/blog\/5-najciekawszych-szlakow-w-bieszczadach\/\" \/>\n\t<meta name=\"generator\" content=\"All in One SEO (AIOSEO) 4.9.10\" \/>\n\t\t<meta property=\"og:locale\" content=\"pl_PL\" \/>\n\t\t<meta property=\"og:site_name\" content=\"blog Skalnik - Blog, porady, artyku\u0142y - blog Skalnik\" \/>\n\t\t<meta property=\"og:type\" content=\"article\" \/>\n\t\t<meta property=\"og:title\" content=\"5 najciekawszych szlak\u00f3w w Bieszczadach - blog Skalnik\" \/>\n\t\t<meta property=\"og:description\" content=\"Chcesz odkry\u0107 Bieszczady? Rzu\u0107 wszystko i rusz przez najpi\u0119kniejsze szlaki w Bieszczadach. Nasz autor poleca 5 najciekawszych miejsc do odwiedzenia w tych pi\u0119knych g\u00f3rach.\" \/>\n\t\t<meta property=\"og:url\" content=\"https:\/\/www.skalnik.pl\/blog\/5-najciekawszych-szlakow-w-bieszczadach\/\" \/>\n\t\t<meta property=\"og:image\" content=\"https:\/\/skalnik.pl\/blog\/wp-content\/uploads\/2021\/08\/wojciech-celinski-bukowe-berdo-2-unsplash.jpg\" \/>\n\t\t<meta property=\"og:image:secure_url\" content=\"https:\/\/skalnik.pl\/blog\/wp-content\/uploads\/2021\/08\/wojciech-celinski-bukowe-berdo-2-unsplash.jpg\" \/>\n\t\t<meta property=\"article:tag\" content=\"pasja\" \/>\n\t\t<meta property=\"article:tag\" content=\"g\u00f3ry\" \/>\n\t\t<meta property=\"article:tag\" content=\"inspiracje\" \/>\n\t\t<meta property=\"article:tag\" content=\"karpaty\" \/>\n\t\t<meta property=\"article:published_time\" content=\"2021-09-03T08:21:00+00:00\" \/>\n\t\t<meta property=\"article:modified_time\" content=\"2021-08-26T09:27:30+00:00\" \/>\n\t\t<meta name=\"twitter:card\" content=\"summary_large_image\" \/>\n\t\t<meta name=\"twitter:title\" content=\"5 najciekawszych szlak\u00f3w w Bieszczadach - blog Skalnik\" \/>\n\t\t<meta name=\"twitter:description\" content=\"Chcesz odkry\u0107 Bieszczady? Rzu\u0107 wszystko i rusz przez najpi\u0119kniejsze szlaki w Bieszczadach. Nasz autor poleca 5 najciekawszych miejsc do odwiedzenia w tych pi\u0119knych g\u00f3rach.\" \/>\n\t\t<meta name=\"twitter:image\" content=\"https:\/\/skalnik.pl\/blog\/wp-content\/uploads\/2021\/08\/wojciech-celinski-bukowe-berdo-2-unsplash.jpg\" \/>\n\t\t<script type=\"application\/ld+json\" class=\"aioseo-schema\">\n\t\t\t{\"@context\":\"https:\\\/\\\/schema.org\",\"@graph\":[{\"@type\":\"BlogPosting\",\"@id\":\"https:\\\/\\\/www.skalnik.pl\\\/blog\\\/5-najciekawszych-szlakow-w-bieszczadach\\\/#blogposting\",\"name\":\"5 najciekawszych szlak\\u00f3w w Bieszczadach - blog Skalnik\",\"headline\":\"5 najciekawszych szlak\\u00f3w w Bieszczadach\",\"author\":{\"@id\":\"https:\\\/\\\/www.skalnik.pl\\\/blog\\\/author\\\/dominik-marzec\\\/#author\"},\"publisher\":{\"@id\":\"https:\\\/\\\/www.skalnik.pl\\\/blog\\\/#organization\"},\"image\":{\"@type\":\"ImageObject\",\"url\":\"https:\\\/\\\/www.skalnik.pl\\\/blog\\\/wp-content\\\/uploads\\\/2021\\\/08\\\/wojciech-celinski-szlaki-bieszczady-unsplash.jpg\",\"width\":1920,\"height\":706},\"datePublished\":\"2021-09-03T10:21:00+02:00\",\"dateModified\":\"2021-08-26T11:27:30+02:00\",\"inLanguage\":\"pl-PL\",\"mainEntityOfPage\":{\"@id\":\"https:\\\/\\\/www.skalnik.pl\\\/blog\\\/5-najciekawszych-szlakow-w-bieszczadach\\\/#webpage\"},\"isPartOf\":{\"@id\":\"https:\\\/\\\/www.skalnik.pl\\\/blog\\\/5-najciekawszych-szlakow-w-bieszczadach\\\/#webpage\"},\"articleSection\":\"Pasja, g\\u00f3ry, inspiracje, karpaty\"},{\"@type\":\"BreadcrumbList\",\"@id\":\"https:\\\/\\\/www.skalnik.pl\\\/blog\\\/5-najciekawszych-szlakow-w-bieszczadach\\\/#breadcrumblist\",\"itemListElement\":[{\"@type\":\"ListItem\",\"@id\":\"https:\\\/\\\/www.skalnik.pl\\\/blog#listItem\",\"position\":1,\"name\":\"Home\",\"item\":\"https:\\\/\\\/www.skalnik.pl\\\/blog\",\"nextItem\":{\"@type\":\"ListItem\",\"@id\":\"https:\\\/\\\/www.skalnik.pl\\\/blog\\\/.\\\/pasja\\\/#listItem\",\"name\":\"Pasja\"}},{\"@type\":\"ListItem\",\"@id\":\"https:\\\/\\\/www.skalnik.pl\\\/blog\\\/.\\\/pasja\\\/#listItem\",\"position\":2,\"name\":\"Pasja\",\"item\":\"https:\\\/\\\/www.skalnik.pl\\\/blog\\\/.\\\/pasja\\\/\",\"nextItem\":{\"@type\":\"ListItem\",\"@id\":\"https:\\\/\\\/www.skalnik.pl\\\/blog\\\/5-najciekawszych-szlakow-w-bieszczadach\\\/#listItem\",\"name\":\"5 najciekawszych szlak\\u00f3w w Bieszczadach\"},\"previousItem\":{\"@type\":\"ListItem\",\"@id\":\"https:\\\/\\\/www.skalnik.pl\\\/blog#listItem\",\"name\":\"Home\"}},{\"@type\":\"ListItem\",\"@id\":\"https:\\\/\\\/www.skalnik.pl\\\/blog\\\/5-najciekawszych-szlakow-w-bieszczadach\\\/#listItem\",\"position\":3,\"name\":\"5 najciekawszych szlak\\u00f3w w Bieszczadach\",\"previousItem\":{\"@type\":\"ListItem\",\"@id\":\"https:\\\/\\\/www.skalnik.pl\\\/blog\\\/.\\\/pasja\\\/#listItem\",\"name\":\"Pasja\"}}]},{\"@type\":\"Organization\",\"@id\":\"https:\\\/\\\/www.skalnik.pl\\\/blog\\\/#organization\",\"name\":\"blog Skalnik\",\"description\":\"Blog, porady, artyku\\u0142y - blog Skalnik\",\"url\":\"https:\\\/\\\/www.skalnik.pl\\\/blog\\\/\"},{\"@type\":\"Person\",\"@id\":\"https:\\\/\\\/www.skalnik.pl\\\/blog\\\/author\\\/dominik-marzec\\\/#author\",\"url\":\"https:\\\/\\\/www.skalnik.pl\\\/blog\\\/author\\\/dominik-marzec\\\/\",\"name\":\"Dominik Marzec\",\"image\":{\"@type\":\"ImageObject\",\"@id\":\"https:\\\/\\\/www.skalnik.pl\\\/blog\\\/5-najciekawszych-szlakow-w-bieszczadach\\\/#authorImage\",\"url\":\"https:\\\/\\\/secure.gravatar.com\\\/avatar\\\/3b5d5b73985d1015e6793369ac3b78362bc9b0fc6b0d982a1e6396714ef4fb75?s=96&d=mm&r=g\",\"width\":96,\"height\":96,\"caption\":\"Dominik Marzec\"}},{\"@type\":\"WebPage\",\"@id\":\"https:\\\/\\\/www.skalnik.pl\\\/blog\\\/5-najciekawszych-szlakow-w-bieszczadach\\\/#webpage\",\"url\":\"https:\\\/\\\/www.skalnik.pl\\\/blog\\\/5-najciekawszych-szlakow-w-bieszczadach\\\/\",\"name\":\"5 najciekawszych szlak\\u00f3w w Bieszczadach - blog Skalnik\",\"description\":\"Chcesz odkry\\u0107 Bieszczady? Rzu\\u0107 wszystko i rusz przez najpi\\u0119kniejsze szlaki w Bieszczadach. Nasz autor poleca 5 najciekawszych miejsc do odwiedzenia w tych pi\\u0119knych g\\u00f3rach.\",\"inLanguage\":\"pl-PL\",\"isPartOf\":{\"@id\":\"https:\\\/\\\/www.skalnik.pl\\\/blog\\\/#website\"},\"breadcrumb\":{\"@id\":\"https:\\\/\\\/www.skalnik.pl\\\/blog\\\/5-najciekawszych-szlakow-w-bieszczadach\\\/#breadcrumblist\"},\"author\":{\"@id\":\"https:\\\/\\\/www.skalnik.pl\\\/blog\\\/author\\\/dominik-marzec\\\/#author\"},\"creator\":{\"@id\":\"https:\\\/\\\/www.skalnik.pl\\\/blog\\\/author\\\/dominik-marzec\\\/#author\"},\"image\":{\"@type\":\"ImageObject\",\"url\":\"https:\\\/\\\/www.skalnik.pl\\\/blog\\\/wp-content\\\/uploads\\\/2021\\\/08\\\/wojciech-celinski-szlaki-bieszczady-unsplash.jpg\",\"@id\":\"https:\\\/\\\/www.skalnik.pl\\\/blog\\\/5-najciekawszych-szlakow-w-bieszczadach\\\/#mainImage\",\"width\":1920,\"height\":706},\"primaryImageOfPage\":{\"@id\":\"https:\\\/\\\/www.skalnik.pl\\\/blog\\\/5-najciekawszych-szlakow-w-bieszczadach\\\/#mainImage\"},\"datePublished\":\"2021-09-03T10:21:00+02:00\",\"dateModified\":\"2021-08-26T11:27:30+02:00\"},{\"@type\":\"WebSite\",\"@id\":\"https:\\\/\\\/www.skalnik.pl\\\/blog\\\/#website\",\"url\":\"https:\\\/\\\/www.skalnik.pl\\\/blog\\\/\",\"name\":\"blog Skalnik\",\"description\":\"Blog, porady, artyku\\u0142y - blog Skalnik\",\"inLanguage\":\"pl-PL\",\"publisher\":{\"@id\":\"https:\\\/\\\/www.skalnik.pl\\\/blog\\\/#organization\"}}]}\n\t\t<\/script>\n\t\t<!-- All in One SEO -->\n\n","aioseo_head_json":{"title":"5 najciekawszych szlak\u00f3w w Bieszczadach - blog Skalnik","description":"Chcesz odkry\u0107 Bieszczady? Rzu\u0107 wszystko i rusz przez najpi\u0119kniejsze szlaki w Bieszczadach. Nasz autor poleca 5 najciekawszych miejsc do odwiedzenia w tych pi\u0119knych g\u00f3rach.","canonical_url":"https:\/\/www.skalnik.pl\/blog\/5-najciekawszych-szlakow-w-bieszczadach\/","robots":"max-image-preview:large","keywords":"","webmasterTools":{"miscellaneous":""},"schema":{"@context":"https:\/\/schema.org","@graph":[{"@type":"BlogPosting","@id":"https:\/\/www.skalnik.pl\/blog\/5-najciekawszych-szlakow-w-bieszczadach\/#blogposting","name":"5 najciekawszych szlak\u00f3w w Bieszczadach - blog Skalnik","headline":"5 najciekawszych szlak\u00f3w w Bieszczadach","author":{"@id":"https:\/\/www.skalnik.pl\/blog\/author\/dominik-marzec\/#author"},"publisher":{"@id":"https:\/\/www.skalnik.pl\/blog\/#organization"},"image":{"@type":"ImageObject","url":"https:\/\/www.skalnik.pl\/blog\/wp-content\/uploads\/2021\/08\/wojciech-celinski-szlaki-bieszczady-unsplash.jpg","width":1920,"height":706},"datePublished":"2021-09-03T10:21:00+02:00","dateModified":"2021-08-26T11:27:30+02:00","inLanguage":"pl-PL","mainEntityOfPage":{"@id":"https:\/\/www.skalnik.pl\/blog\/5-najciekawszych-szlakow-w-bieszczadach\/#webpage"},"isPartOf":{"@id":"https:\/\/www.skalnik.pl\/blog\/5-najciekawszych-szlakow-w-bieszczadach\/#webpage"},"articleSection":"Pasja, g\u00f3ry, inspiracje, karpaty"},{"@type":"BreadcrumbList","@id":"https:\/\/www.skalnik.pl\/blog\/5-najciekawszych-szlakow-w-bieszczadach\/#breadcrumblist","itemListElement":[{"@type":"ListItem","@id":"https:\/\/www.skalnik.pl\/blog#listItem","position":1,"name":"Home","item":"https:\/\/www.skalnik.pl\/blog","nextItem":{"@type":"ListItem","@id":"https:\/\/www.skalnik.pl\/blog\/.\/pasja\/#listItem","name":"Pasja"}},{"@type":"ListItem","@id":"https:\/\/www.skalnik.pl\/blog\/.\/pasja\/#listItem","position":2,"name":"Pasja","item":"https:\/\/www.skalnik.pl\/blog\/.\/pasja\/","nextItem":{"@type":"ListItem","@id":"https:\/\/www.skalnik.pl\/blog\/5-najciekawszych-szlakow-w-bieszczadach\/#listItem","name":"5 najciekawszych szlak\u00f3w w Bieszczadach"},"previousItem":{"@type":"ListItem","@id":"https:\/\/www.skalnik.pl\/blog#listItem","name":"Home"}},{"@type":"ListItem","@id":"https:\/\/www.skalnik.pl\/blog\/5-najciekawszych-szlakow-w-bieszczadach\/#listItem","position":3,"name":"5 najciekawszych szlak\u00f3w w Bieszczadach","previousItem":{"@type":"ListItem","@id":"https:\/\/www.skalnik.pl\/blog\/.\/pasja\/#listItem","name":"Pasja"}}]},{"@type":"Organization","@id":"https:\/\/www.skalnik.pl\/blog\/#organization","name":"blog Skalnik","description":"Blog, porady, artyku\u0142y - blog Skalnik","url":"https:\/\/www.skalnik.pl\/blog\/"},{"@type":"Person","@id":"https:\/\/www.skalnik.pl\/blog\/author\/dominik-marzec\/#author","url":"https:\/\/www.skalnik.pl\/blog\/author\/dominik-marzec\/","name":"Dominik Marzec","image":{"@type":"ImageObject","@id":"https:\/\/www.skalnik.pl\/blog\/5-najciekawszych-szlakow-w-bieszczadach\/#authorImage","url":"https:\/\/secure.gravatar.com\/avatar\/3b5d5b73985d1015e6793369ac3b78362bc9b0fc6b0d982a1e6396714ef4fb75?s=96&d=mm&r=g","width":96,"height":96,"caption":"Dominik Marzec"}},{"@type":"WebPage","@id":"https:\/\/www.skalnik.pl\/blog\/5-najciekawszych-szlakow-w-bieszczadach\/#webpage","url":"https:\/\/www.skalnik.pl\/blog\/5-najciekawszych-szlakow-w-bieszczadach\/","name":"5 najciekawszych szlak\u00f3w w Bieszczadach - blog Skalnik","description":"Chcesz odkry\u0107 Bieszczady? Rzu\u0107 wszystko i rusz przez najpi\u0119kniejsze szlaki w Bieszczadach. Nasz autor poleca 5 najciekawszych miejsc do odwiedzenia w tych pi\u0119knych g\u00f3rach.","inLanguage":"pl-PL","isPartOf":{"@id":"https:\/\/www.skalnik.pl\/blog\/#website"},"breadcrumb":{"@id":"https:\/\/www.skalnik.pl\/blog\/5-najciekawszych-szlakow-w-bieszczadach\/#breadcrumblist"},"author":{"@id":"https:\/\/www.skalnik.pl\/blog\/author\/dominik-marzec\/#author"},"creator":{"@id":"https:\/\/www.skalnik.pl\/blog\/author\/dominik-marzec\/#author"},"image":{"@type":"ImageObject","url":"https:\/\/www.skalnik.pl\/blog\/wp-content\/uploads\/2021\/08\/wojciech-celinski-szlaki-bieszczady-unsplash.jpg","@id":"https:\/\/www.skalnik.pl\/blog\/5-najciekawszych-szlakow-w-bieszczadach\/#mainImage","width":1920,"height":706},"primaryImageOfPage":{"@id":"https:\/\/www.skalnik.pl\/blog\/5-najciekawszych-szlakow-w-bieszczadach\/#mainImage"},"datePublished":"2021-09-03T10:21:00+02:00","dateModified":"2021-08-26T11:27:30+02:00"},{"@type":"WebSite","@id":"https:\/\/www.skalnik.pl\/blog\/#website","url":"https:\/\/www.skalnik.pl\/blog\/","name":"blog Skalnik","description":"Blog, porady, artyku\u0142y - blog Skalnik","inLanguage":"pl-PL","publisher":{"@id":"https:\/\/www.skalnik.pl\/blog\/#organization"}}]},"og:locale":"pl_PL","og:site_name":"blog Skalnik - Blog, porady, artyku\u0142y - blog Skalnik","og:type":"article","og:title":"5 najciekawszych szlak\u00f3w w Bieszczadach - blog Skalnik","og:description":"Chcesz odkry\u0107 Bieszczady? Rzu\u0107 wszystko i rusz przez najpi\u0119kniejsze szlaki w Bieszczadach. Nasz autor poleca 5 najciekawszych miejsc do odwiedzenia w tych pi\u0119knych g\u00f3rach.","og:url":"https:\/\/www.skalnik.pl\/blog\/5-najciekawszych-szlakow-w-bieszczadach\/","og:image":"https:\/\/skalnik.pl\/blog\/wp-content\/uploads\/2021\/08\/wojciech-celinski-bukowe-berdo-2-unsplash.jpg","og:image:secure_url":"https:\/\/skalnik.pl\/blog\/wp-content\/uploads\/2021\/08\/wojciech-celinski-bukowe-berdo-2-unsplash.jpg","article:tag":["pasja","g\u00f3ry","inspiracje","karpaty"],"article:published_time":"2021-09-03T08:21:00+00:00","article:modified_time":"2021-08-26T09:27:30+00:00","twitter:card":"summary_large_image","twitter:title":"5 najciekawszych szlak\u00f3w w Bieszczadach - blog Skalnik","twitter:description":"Chcesz odkry\u0107 Bieszczady? Rzu\u0107 wszystko i rusz przez najpi\u0119kniejsze szlaki w Bieszczadach. Nasz autor poleca 5 najciekawszych miejsc do odwiedzenia w tych pi\u0119knych g\u00f3rach.","twitter:image":"https:\/\/skalnik.pl\/blog\/wp-content\/uploads\/2021\/08\/wojciech-celinski-bukowe-berdo-2-unsplash.jpg"},"aioseo_meta_data":{"post_id":"17837","title":null,"description":"Chcesz odkry\u0107 Bieszczady? Rzu\u0107 wszystko i rusz przez najpi\u0119kniejsze szlaki w Bieszczadach. Nasz autor poleca 5 najciekawszych miejsc do odwiedzenia w tych pi\u0119knych g\u00f3rach.","keywords":[{"label":"Bieszczady","value":"Bieszczady"},{"label":"bieszczady szlaki","value":"bieszczady szlaki"},{"label":"szlaki w bieszczadach","value":"szlaki w bieszczadach"},{"label":"bieszczady najpi\u0119kniejsze szlaki","value":"bieszczady najpi\u0119kniejsze szlaki"},{"label":"tarnica","value":"tarnica"},{"label":"bukowe berdo","value":"bukowe berdo"},{"label":"po\u0142oniny","value":"po\u0142oniny"}],"keyphrases":null,"primary_term":null,"canonical_url":"","og_title":null,"og_description":null,"og_object_type":"default","og_image_type":"default","og_image_url":null,"og_image_width":null,"og_image_height":null,"og_image_custom_url":null,"og_image_custom_fields":null,"og_video":null,"og_custom_url":null,"og_article_section":null,"og_article_tags":null,"twitter_use_og":false,"twitter_card":"default","twitter_image_type":"default","twitter_image_url":null,"twitter_image_custom_url":null,"twitter_image_custom_fields":null,"twitter_title":null,"twitter_description":null,"schema":{"blockGraphs":[],"customGraphs":[],"default":{"data":{"Article":[],"Course":[],"Dataset":[],"FAQPage":[],"Movie":[],"Person":[],"Product":[],"ProductReview":[],"Car":[],"Recipe":[],"Service":[],"SoftwareApplication":[],"WebPage":[]},"graphName":"BlogPosting","isEnabled":true},"graphs":[]},"schema_type":"default","schema_type_options":null,"pillar_content":false,"robots_default":true,"robots_noindex":false,"robots_noarchive":false,"robots_nosnippet":false,"robots_nofollow":false,"robots_noimageindex":false,"robots_noodp":false,"robots_notranslate":false,"robots_max_snippet":null,"robots_max_videopreview":null,"robots_max_imagepreview":"large","priority":null,"frequency":null,"local_seo":null,"breadcrumb_settings":null,"limit_modified_date":false,"ai":null,"created":"2022-08-26 10:39:38","updated":"2026-02-17 22:14:20","seo_analyzer_scan_date":null},"aioseo_breadcrumb":"<div class=\"aioseo-breadcrumbs\"><span class=\"aioseo-breadcrumb\">\n\t\t\t<a href=\"https:\/\/www.skalnik.pl\/blog\" title=\"Home\">Home<\/a>\n\t\t<\/span><span class=\"aioseo-breadcrumb-separator\">&raquo;<\/span><span class=\"aioseo-breadcrumb\">\n\t\t\t<a href=\"https:\/\/www.skalnik.pl\/blog\/.\/pasja\/\" title=\"Pasja\">Pasja<\/a>\n\t\t<\/span><span class=\"aioseo-breadcrumb-separator\">&raquo;<\/span><span class=\"aioseo-breadcrumb\">\n\t\t\t5 najciekawszych szlak\u00f3w w Bieszczadach\n\t\t<\/span><\/div>","aioseo_breadcrumb_json":[{"label":"Home","link":"https:\/\/www.skalnik.pl\/blog"},{"label":"Pasja","link":"https:\/\/www.skalnik.pl\/blog\/.\/pasja\/"},{"label":"5 najciekawszych szlak\u00f3w w Bieszczadach","link":"https:\/\/www.skalnik.pl\/blog\/5-najciekawszych-szlakow-w-bieszczadach\/"}],"_links":{"self":[{"href":"https:\/\/www.skalnik.pl\/blog\/wp-json\/wp\/v2\/posts\/17837","targetHints":{"allow":["GET"]}}],"collection":[{"href":"https:\/\/www.skalnik.pl\/blog\/wp-json\/wp\/v2\/posts"}],"about":[{"href":"https:\/\/www.skalnik.pl\/blog\/wp-json\/wp\/v2\/types\/post"}],"author":[{"embeddable":true,"href":"https:\/\/www.skalnik.pl\/blog\/wp-json\/wp\/v2\/users\/21"}],"replies":[{"embeddable":true,"href":"https:\/\/www.skalnik.pl\/blog\/wp-json\/wp\/v2\/comments?post=17837"}],"version-history":[{"count":13,"href":"https:\/\/www.skalnik.pl\/blog\/wp-json\/wp\/v2\/posts\/17837\/revisions"}],"predecessor-version":[{"id":17861,"href":"https:\/\/www.skalnik.pl\/blog\/wp-json\/wp\/v2\/posts\/17837\/revisions\/17861"}],"wp:featuredmedia":[{"embeddable":true,"href":"https:\/\/www.skalnik.pl\/blog\/wp-json\/wp\/v2\/media\/17838"}],"wp:attachment":[{"href":"https:\/\/www.skalnik.pl\/blog\/wp-json\/wp\/v2\/media?parent=17837"}],"wp:term":[{"taxonomy":"category","embeddable":true,"href":"https:\/\/www.skalnik.pl\/blog\/wp-json\/wp\/v2\/categories?post=17837"},{"taxonomy":"post_tag","embeddable":true,"href":"https:\/\/www.skalnik.pl\/blog\/wp-json\/wp\/v2\/tags?post=17837"},{"taxonomy":"magento_category","embeddable":true,"href":"https:\/\/www.skalnik.pl\/blog\/wp-json\/wp\/v2\/magento_category?post=17837"},{"taxonomy":"magento_product","embeddable":true,"href":"https:\/\/www.skalnik.pl\/blog\/wp-json\/wp\/v2\/magento_product?post=17837"}],"curies":[{"name":"wp","href":"https:\/\/api.w.org\/{rel}","templated":true}]}}