{"id":18189,"date":"2021-10-07T07:43:00","date_gmt":"2021-10-07T05:43:00","guid":{"rendered":"https:\/\/skalnik.pl\/blog\/?p=18189"},"modified":"2021-10-25T07:31:54","modified_gmt":"2021-10-25T05:31:54","slug":"czerwone-wierchy-niezapomniana-jesienna-wedrowka","status":"publish","type":"post","link":"https:\/\/www.skalnik.pl\/blog\/czerwone-wierchy-niezapomniana-jesienna-wedrowka\/","title":{"rendered":"Czerwone Wierchy &#8211; niezapomniana jesienna w\u0119dr\u00f3wka"},"content":{"rendered":"\n<p><strong>Kiedy dni robi\u0105 si\u0119 coraz kr\u00f3tsze, a pogoda coraz mniej stabilna, pustoszej\u0105 polskie g\u00f3ry. To najlepszy czas na w\u0119dr\u00f3wk\u0119 szczeg\u00f3lnie po Tatrach Zachodnich, w kt\u00f3rych jesie\u0144 czu\u0107 i wida\u0107 niemal na ka\u017cdym kroku. Nie ma chyba pi\u0119kniejszych widok\u00f3w ni\u017c zbocza Czerwonych Wierch\u00f3w w jesiennych barwach.<\/strong><\/p>\n\n\n\n<p>Czerwone Wierchy to nazwa masywu obejmuj\u0105cego cztery szczyty w Tatrach Zachodnich. Od wschodu na zach\u00f3d s\u0105 to Kondracka Kopa, Ma\u0142o\u0142\u0105czniak, Krzesanica oraz Ciemniak. Z daleka ich sylwetki wydaj\u0105 si\u0119 przypomina\u0107 bardziej szczyty beskidzkie \u2013 zamiast ostrych grani wida\u0107 bowiem \u0142agodniejsze stoki okryte ro\u015blinno\u015bci\u0105. Jednak te pozory mog\u0105 bardzo myli\u0107. Maj\u0105 Czerwone Wierchy wysoko\u015b\u0107 przekraczaj\u0105c\u0105 2000 m n.p.m. \u2013 najwy\u017csza jest Krzesanica 2122 m n.p.m. Oznacza to, \u017ce w Polsce (poza Tatrami) nie ma szczyt\u00f3w r\u00f3wnie wysokich.<\/p>\n\n\n\n<div class=\"wp-block-image\"><figure class=\"aligncenter size-large\"><img loading=\"lazy\" decoding=\"async\" width=\"1024\" height=\"682\" src=\"https:\/\/skalnik.pl\/blog\/wp-content\/uploads\/2021\/09\/arctic-photo-pixabay-krzesanica.jpg\" alt=\"skalne, strome zbocza Krzesanicy, na pierwszym planie widoczna turystka\" class=\"wp-image-18199\" srcset=\"https:\/\/www.skalnik.pl\/blog\/wp-content\/uploads\/2021\/09\/arctic-photo-pixabay-krzesanica.jpg 1024w, https:\/\/www.skalnik.pl\/blog\/wp-content\/uploads\/2021\/09\/arctic-photo-pixabay-krzesanica-300x200.jpg 300w, https:\/\/www.skalnik.pl\/blog\/wp-content\/uploads\/2021\/09\/arctic-photo-pixabay-krzesanica-768x512.jpg 768w\" sizes=\"auto, (max-width: 1024px) 100vw, 1024px\" \/><figcaption><em>Imponuj\u0105ce zbocza Krzesanicy od strony s\u0142owackiej (fot. Arctic Photo, Pixabay)<\/em><\/figcaption><\/figure><\/div>\n\n\n\n<p>Czerwone Wierchy jesieni\u0105 wygl\u0105daj\u0105 najpi\u0119kniej. Porastaj\u0105ca zbocza sit skucina (ro\u015blina wysokog\u00f3rska przypominaj\u0105ca traw\u0119) zabarwia si\u0119 wtedy na czerwono, bordowo, w ko\u0144cu na br\u0105zowo. Kiedy patrzy si\u0119 na jesienne kolory tych szczyt\u00f3w nie trudno odgadn\u0105\u0107, sk\u0105d wzi\u0119\u0142a si\u0119 ich nazwa.<\/p>\n\n\n\n<div id=\"ez-toc-container\" class=\"ez-toc-v2_0_85 counter-hierarchy ez-toc-counter ez-toc-light-blue ez-toc-container-direction\">\n<div class=\"ez-toc-title-container\">\n<p class=\"ez-toc-title\" style=\"cursor:inherit\">SPIS TRE\u015aCI <\/p>\n<span class=\"ez-toc-title-toggle\"><a href=\"#\" class=\"ez-toc-pull-right ez-toc-btn ez-toc-btn-xs ez-toc-btn-default ez-toc-toggle\" aria-label=\"Prze\u0142\u0105cznik Spisu Tre\u015bci\"><span class=\"ez-toc-js-icon-con\"><span class=\"\"><span class=\"eztoc-hide\" style=\"display:none;\">Toggle<\/span><span class=\"ez-toc-icon-toggle-span\"><svg style=\"fill: #999;color:#999\" xmlns=\"http:\/\/www.w3.org\/2000\/svg\" class=\"list-377408\" width=\"20px\" height=\"20px\" viewBox=\"0 0 24 24\" fill=\"none\"><path d=\"M6 6H4v2h2V6zm14 0H8v2h12V6zM4 11h2v2H4v-2zm16 0H8v2h12v-2zM4 16h2v2H4v-2zm16 0H8v2h12v-2z\" fill=\"currentColor\"><\/path><\/svg><svg style=\"fill: #999;color:#999\" class=\"arrow-unsorted-368013\" xmlns=\"http:\/\/www.w3.org\/2000\/svg\" width=\"10px\" height=\"10px\" viewBox=\"0 0 24 24\" version=\"1.2\" baseProfile=\"tiny\"><path d=\"M18.2 9.3l-6.2-6.3-6.2 6.3c-.2.2-.3.4-.3.7s.1.5.3.7c.2.2.4.3.7.3h11c.3 0 .5-.1.7-.3.2-.2.3-.5.3-.7s-.1-.5-.3-.7zM5.8 14.7l6.2 6.3 6.2-6.3c.2-.2.3-.5.3-.7s-.1-.5-.3-.7c-.2-.2-.4-.3-.7-.3h-11c-.3 0-.5.1-.7.3-.2.2-.3.5-.3.7s.1.5.3.7z\"\/><\/svg><\/span><\/span><\/span><\/a><\/span><\/div>\n<nav><ul class='ez-toc-list ez-toc-list-level-1 ' ><li class='ez-toc-page-1 ez-toc-heading-level-2'><a class=\"ez-toc-link ez-toc-heading-1\" href=\"https:\/\/www.skalnik.pl\/blog\/czerwone-wierchy-niezapomniana-jesienna-wedrowka\/#Szlak_na_Czerwone_Wierchy\" >Szlak na Czerwone Wierchy<\/a><\/li><li class='ez-toc-page-1 ez-toc-heading-level-2'><a class=\"ez-toc-link ez-toc-heading-2\" href=\"https:\/\/www.skalnik.pl\/blog\/czerwone-wierchy-niezapomniana-jesienna-wedrowka\/#Czerwone_Wierchy_trasa_wedrowki\" >Czerwone Wierchy trasa w\u0119dr\u00f3wki<\/a><\/li><li class='ez-toc-page-1 ez-toc-heading-level-2'><a class=\"ez-toc-link ez-toc-heading-3\" href=\"https:\/\/www.skalnik.pl\/blog\/czerwone-wierchy-niezapomniana-jesienna-wedrowka\/#Z_dzieckiem_na_Czerwone_Wierchy\" >Z dzieckiem na Czerwone Wierchy<\/a><\/li><li class='ez-toc-page-1 ez-toc-heading-level-2'><a class=\"ez-toc-link ez-toc-heading-4\" href=\"https:\/\/www.skalnik.pl\/blog\/czerwone-wierchy-niezapomniana-jesienna-wedrowka\/#Czerwone_Wierchy_w_zimie_i_we_mgle\" >Czerwone Wierchy w zimie i we mgle<\/a><\/li><li class='ez-toc-page-1 ez-toc-heading-level-2'><a class=\"ez-toc-link ez-toc-heading-5\" href=\"https:\/\/www.skalnik.pl\/blog\/czerwone-wierchy-niezapomniana-jesienna-wedrowka\/#Jesien_w_Tatrach_Zachodnich\" >Jesie\u0144 w Tatrach Zachodnich<\/a><\/li><li class='ez-toc-page-1 ez-toc-heading-level-2'><a class=\"ez-toc-link ez-toc-heading-6\" href=\"https:\/\/www.skalnik.pl\/blog\/czerwone-wierchy-niezapomniana-jesienna-wedrowka\/#Ciekawostki_o_Czerwonych_Wierchach\" >Ciekawostki o Czerwonych Wierchach<\/a><\/li><\/ul><\/nav><\/div>\n<h2 class=\"wp-block-heading\"><span class=\"ez-toc-section\" id=\"Szlak_na_Czerwone_Wierchy\"><\/span>Szlak na Czerwone Wierchy<span class=\"ez-toc-section-end\"><\/span><\/h2>\n\n\n\n<p>Przez ca\u0142\u0105 gra\u0144 Czerwonych Wierch\u00f3w prowadzi szlak czerwony, biegn\u0105cy wzd\u0142u\u017c polsko-s\u0142owackiej granicy. Pozwala on na przej\u015bcie zar\u00f3wno ze wschodu na zach\u00f3d, jak i odwrotnie. Z zachodu na wsch\u00f3d prowadzi na Czerwone Wierchy szlak z Kir z finiszem w N\u0119dz\u00f3wce. Odwr\u00f3cony kierunek tej trasy pozwala przej\u015b\u0107 Czerwone Wierchy od Kondrackiej Kopy po Ciemniak.<\/p>\n\n\n\n<p>Do czerwonego, granicznego szlaku z dolin dochodzi kilka innych, dzi\u0119ki czemu w\u0119dr\u00f3wka na Czerwone Wierchy ma wiele ciekawych wariant\u00f3w. Cho\u0107 w\u00f3wczas zazwyczaj skraca si\u0119 w\u0119dr\u00f3wk\u0119 omijaj\u0105c kt\u00f3ry\u015b ze szczyt\u00f3w. To zapewnia elastyczno\u015b\u0107 w w\u0119dr\u00f3wce szczeg\u00f3lnie w przypadku za\u0142amania pogody i ch\u0119ci szybszego zej\u015bcia w doliny.<\/p>\n\n\n\n<h2 class=\"wp-block-heading\"><span class=\"ez-toc-section\" id=\"Czerwone_Wierchy_trasa_wedrowki\"><\/span>Czerwone Wierchy trasa w\u0119dr\u00f3wki<span class=\"ez-toc-section-end\"><\/span><\/h2>\n\n\n\n<p>Zielony a nast\u0119pnie czerwony szlak wiedzie na Czerwone Wierchy z Doliny Ko\u015bcieliskiej. To wariant trasy, na kt\u00f3ry trzeba przeznaczy\u0107 8,5 godziny. Nie jest to trudna, ale wymagaj\u0105ca ca\u0142kiem dobrej kondycji, mozolna w\u0119dr\u00f3wka jednostajnie pod g\u00f3r\u0119. Po drodze jednak s\u0105 miejsca, w kt\u00f3rych warto przystan\u0105\u0107 i popatrze\u0107 wok\u00f3\u0142. Na pewno Polana Up\u0142az z pi\u0119knym widokiem w stron\u0119 Kominiarskiego Wierchu, a nieco wy\u017cej przy skale Piec mi\u0119dzy drzewami mo\u017cna spojrze\u0107 w d\u00f3\u0142 na Dolin\u0119 Mi\u0119tusi\u0105. Podczas doj\u015bcia do Chudej Prze\u0142\u0105czki wida\u0107 urwiste progi stok\u00f3w Czerwonych Wierch\u00f3w. Ciemniak to pierwszy od tej strony szczyt Czerwonych Wierch\u00f3w. Z niego szlak biegnie tylko w kierunku wschodnim. Na zachodzie a\u017c do Pysznia\u0144skiej Prze\u0142\u0119czy nie ma tras turystycznych.<\/p>\n\n\n\n<div style=\"max-width:1000px;overflow:hidden;margin:0 auto;min-width:300px;\"><iframe src=\"https:\/\/mapa-turystyczna.pl\/map\/widget\/route\/h1l0p1\/04gt.html\" style=\"width:100%;border:0;\" height=\"800\" frameborder=\"0\"><\/iframe><a href=\"https:\/\/mapa-turystyczna.pl\/route\/04gt?utm_source=external_web&amp;utm_medium=widget&amp;utm_campaign=route_widget\" target=\"_blank\" style=\"color:#999;padding:7px 0;font-size: 13px;font-family:Roboto,Arial,sans-serif;display: inline-block;\" rel=\"noopener noreferrer\">Trasa: Kiry \u2013 Gronik | mapa-turystyczna.pl<\/a><\/div>\n\n\n\n<p>Samo przej\u015bcie wszystkich czterech Czerwonych Wierch\u00f3w zajmuje ok. godziny. Do tego czasu warto jednak doliczy\u0107 podczas planowania wycieczki co najmniej kilkana\u015bcie minut na podziwianie i uwiecznianie widok\u00f3w. Dobrym miejscem widokowym jest najwy\u017csza z Czerwonych Wierch\u00f3w Krzesanica, z kt\u00f3rej wida\u0107 zar\u00f3wno poszarpane granie Tatr Wysokich na wschodzie, jak i rozleg\u0142e po\u0142acie Tatr Zachodnich. Czerwone Wierchy s\u0105 niczym z\u0119by grzebienia \u2013 szczyty oddzielone s\u0105 od siebie prze\u0142\u0119czami i ka\u017cde pokonane wzniesienie opada, by za chwil\u0119 ponownie si\u0119 podnosi\u0107.<\/p>\n\n\n\n<p>Pierwszy odcinek \u017c\u00f3\u0142tego szlaku z Kondrackiej Kopy wiedzie ku prze\u0142\u0119czy i s\u0142ynnemu Giewontowi. P\u00f3\u017aniej opada do Doliny Ma\u0142ej \u0141\u0105ki. Z Prze\u0142\u0119czy Kondrackiej mo\u017cna te\u017c ruszy\u0107 w stron\u0119 Ku\u017anic po drodze odwiedzaj\u0105c malutkie i przytulne schronisko na Hali Kondratowej. Mniej ucz\u0119szczanym wariantem na pewno b\u0119dzie \u017c\u00f3\u0142ty szlak.<\/p>\n\n\n\n<div class=\"wp-block-image\"><figure class=\"aligncenter size-large\"><img loading=\"lazy\" decoding=\"async\" width=\"1024\" height=\"675\" src=\"https:\/\/skalnik.pl\/blog\/wp-content\/uploads\/2021\/09\/malolaczniak.jpg\" alt=\"widok z Ma\u0142o\u0142\u0105czniaka na Tatry Wysokie, na pierwszym planie widoczna Kopa Kondracka\" class=\"wp-image-18200\" srcset=\"https:\/\/www.skalnik.pl\/blog\/wp-content\/uploads\/2021\/09\/malolaczniak.jpg 1024w, https:\/\/www.skalnik.pl\/blog\/wp-content\/uploads\/2021\/09\/malolaczniak-300x198.jpg 300w, https:\/\/www.skalnik.pl\/blog\/wp-content\/uploads\/2021\/09\/malolaczniak-768x506.jpg 768w\" sizes=\"auto, (max-width: 1024px) 100vw, 1024px\" \/><figcaption><em>Widok na Tatry Wysokie z Ma\u0142o\u0142\u0105czniaka<\/em><\/figcaption><\/figure><\/div>\n\n\n\n<p>Zaproponowan\u0105 tu tras\u0119 mo\u017cna odwr\u00f3ci\u0107 zaczynaj\u0105c j\u0105 w Dolinie Ma\u0142ej \u0141\u0105ki, a ko\u0144cz\u0105c w Dolinie Ko\u015bcieliskiej. Obie wersje w\u0119dr\u00f3wki maj\u0105 zaledwie kilka minut r\u00f3\u017cnicy.<\/p>\n\n\n\n<h2 class=\"wp-block-heading\"><span class=\"ez-toc-section\" id=\"Z_dzieckiem_na_Czerwone_Wierchy\"><\/span>Z dzieckiem na Czerwone Wierchy<span class=\"ez-toc-section-end\"><\/span><\/h2>\n\n\n\n<p>Je\u015bli pogoda dopisuje mo\u017cesz ruszy\u0107 na Czerwone Wierchy z dzieckiem, kt\u00f3re dobrze si\u0119 czuje w g\u00f3rach i spokojnie radzi sobie na ca\u0142odniowych wycieczkach. We\u017a tylko pod uwag\u0119, \u017ce prawdopodobnie potrzebowa\u0107 b\u0119dziecie wi\u0119cej czasu na w\u0119dr\u00f3wk\u0119, zatem poranne wyj\u015bcie b\u0119dzie konieczno\u015bci\u0105. Je\u015bli natomiast planujesz skr\u00f3con\u0105 wersj\u0119 wycieczki, pami\u0119taj, \u017ce szlak na Ma\u0142o\u0142\u0105czniak jest na odcinku przez Kobylarzowy \u017bleb ubezpieczony \u0142a\u0144cuchami. To jednak dobre miejsce na zaznajomienie swojej pociechy z tego typu sztucznymi u\u0142atwieniami na tatrza\u0144skich szlakach.<\/p>\n\n\n\n<p>Je\u015bli masz obawy o tak d\u0142ug\u0105 tras\u0119 skorzystaj z \u201epodw\u00f3zki\u201d kolejk\u0105 linow\u0105 na Kasprowy Wierch. Szlakiem czerwonym z Kasprowego dotrzesz na wszystkie cztery szczyty Czerwonych Wierch\u00f3w, do Ciemniaka droga zajmuje niespe\u0142na 3 godz., cho\u0107 z dzieckiem wypada doliczy\u0107 troch\u0119 wi\u0119cej czasu. Po doj\u015bciu do ostatniego szczytu mo\u017cesz wr\u00f3ci\u0107 t\u0105 sam\u0105 drog\u0105 lub zej\u015b\u0107 do Doliny Ko\u015bcieliskiej. Masz do wyboru dwie opcje: nieco trudniejszym na samym pocz\u0105tku zielonym szlakiem w kierunku Tomanowej Prze\u0142\u0119czy i schroniska na Hali Ornak lub czerwonym przez Piec, Polan\u0119 Up\u0142az i Adamic\u0119.<\/p>\n\n\n\n<h2 class=\"wp-block-heading\"><span class=\"ez-toc-section\" id=\"Czerwone_Wierchy_w_zimie_i_we_mgle\"><\/span>Czerwone Wierchy w zimie i we mgle<span class=\"ez-toc-section-end\"><\/span><\/h2>\n\n\n\n<p>W czasie z\u0142otej polskiej jesieni szlak na Czerwone Wierchy trudno\u015b\u0107 ma minimaln\u0105 i ka\u017cdy, kto dba o kondycje poradzi sobie na w\u0119dr\u00f3wce. Jednak sytuacja ta zdecydowanie zmienia si\u0119 podczas g\u0119stej mg\u0142y czy nag\u0142ej \u015bnie\u017cycy. Ratownicy TOPR odradzaj\u0105 w tak\u0105 pogod\u0119 wychodzenie w te rejony osobom bez du\u017cego do\u015bwiadczenia g\u00f3rskiego.<\/p>\n\n\n\n<div class=\"wp-block-image\"><figure class=\"aligncenter size-large\"><img loading=\"lazy\" decoding=\"async\" width=\"1024\" height=\"576\" src=\"https:\/\/skalnik.pl\/blog\/wp-content\/uploads\/2021\/09\/DSC_3316.jpg\" alt=\"drogowskaz - szlak niebieski Giewont, szlak \u017c\u00f3\u0142ty Kopa Kondracka, miejsce zrobienia zdj\u0119cia Kondracka Prze\u0142\u0119cz\" class=\"wp-image-18197\" srcset=\"https:\/\/www.skalnik.pl\/blog\/wp-content\/uploads\/2021\/09\/DSC_3316.jpg 1024w, https:\/\/www.skalnik.pl\/blog\/wp-content\/uploads\/2021\/09\/DSC_3316-300x169.jpg 300w, https:\/\/www.skalnik.pl\/blog\/wp-content\/uploads\/2021\/09\/DSC_3316-768x432.jpg 768w\" sizes=\"auto, (max-width: 1024px) 100vw, 1024px\" \/><figcaption><em>Zdarzaj\u0105 si\u0119 te\u017c i takie warunki zimowe &#8211; Kondracka Prze\u0142\u0119cz<\/em><\/figcaption><\/figure><\/div>\n\n\n\n<p>O ile bowiem g\u00f3rna cz\u0119\u015b\u0107 szczyt\u00f3w Czerwonych Wierch\u00f3w jest \u0142agodna, o tyle poni\u017cej urywaj\u0105 si\u0119 one kilkusetmetrowymi skalnymi progami (Litworowym i Mu\u0142owym). Progi te stanowi\u0105 \u015bmiertelne niebezpiecze\u0144stwo dla turyst\u00f3w, kt\u00f3rzy zejd\u0105 z graniowego szlaku, co niestety zdarza\u0142o si\u0119 w przesz\u0142o\u015bci. Dlatego te\u017c nawet je\u015bli dobrze znasz Tatry Zachodnie podczas w\u0119dr\u00f3wki na Czerwone Wierchy we\u017a map\u0119 i kompas. W przypadku g\u0119stej mg\u0142y, czy nag\u0142ej \u015bnie\u017cycy b\u0119dzie ci \u0142atwiej nawigowa\u0107, by bezpiecznie zej\u015b\u0107 w doliny.<\/p>\n\n\n\n<h2 class=\"wp-block-heading\"><span class=\"ez-toc-section\" id=\"Jesien_w_Tatrach_Zachodnich\"><\/span>Jesie\u0144 w Tatrach Zachodnich<span class=\"ez-toc-section-end\"><\/span><\/h2>\n\n\n\n<p>Tatry Zachodnie to nie tylko Czerwone Wierchy, cho\u0107 dla wielu os\u00f3b jest to niekiedy pierwsze skojarzenie. Najs\u0142ynniejsze tatrza\u0144skie doliny Ko\u015bcieliska i Chocho\u0142owska to dopiero wst\u0119p do w\u0119dr\u00f3wek po tym rejonie polskich Tatr.<\/p>\n\n\n\n<p>Je\u015bli chcesz odkry\u0107 pi\u0119kno Tatr Zachodnich jesieni\u0105 najlepsz\u0105 baz\u0105 wypadow\u0105 b\u0119dzie schronisko na Polanie Chocho\u0142owskiej. Nocleg w nim pozwoli zaoszcz\u0119dzi\u0107 spor\u0105 cz\u0119\u015b\u0107 jesiennego dnia \u2013 zamiast przemierza\u0107 kilometry doliny od razu mo\u017cesz rusza\u0107 w g\u00f3ry. W\u0119drowa\u0107 st\u0105d mo\u017cesz na Grzesia, Wo\u0142owiec, Rako\u0144, a tak\u017ce s\u0142ynne wierchy Starorocia\u0144ski czy Trzydniowia\u0144ski. Maj\u0105 Tatry Zachodnie szczyty pi\u0119knie po\u0142o\u017cone na pograniczu polsko-s\u0142owackim.<\/p>\n\n\n\n<div class=\"wp-block-image\"><figure class=\"aligncenter size-large\"><img loading=\"lazy\" decoding=\"async\" width=\"1024\" height=\"1024\" src=\"https:\/\/skalnik.pl\/blog\/wp-content\/uploads\/2021\/09\/starorobocianski-mapa-1024x1024.jpg\" alt=\"na pierwszym planie wyra\u017ana mapa odwr\u00f3cona do g\u00f3ry nogami, za ni\u0105 rozmyte szczyty g\u00f3r\" class=\"wp-image-18196\" srcset=\"https:\/\/www.skalnik.pl\/blog\/wp-content\/uploads\/2021\/09\/starorobocianski-mapa.jpg 1024w, https:\/\/www.skalnik.pl\/blog\/wp-content\/uploads\/2021\/09\/starorobocianski-mapa-300x300.jpg 300w, https:\/\/www.skalnik.pl\/blog\/wp-content\/uploads\/2021\/09\/starorobocianski-mapa-768x768.jpg 768w\" sizes=\"auto, (max-width: 1024px) 100vw, 1024px\" \/><figcaption><em>Na zach\u00f3d Czerwonych Wierch\u00f3w &#8211; widok na Starorobocia\u0144ski<\/em><\/figcaption><\/figure><\/div>\n\n\n\n<p>Je\u015bli wolisz cisz\u0119 i spokojn\u0105 w\u0119dr\u00f3wk\u0119 docenisz Tatry Zachodnie szlaki tutejsze s\u0105 zdecydowanie mniej zat\u0142oczone (pomijam oczywi\u015bcie sam\u0105 Dolin\u0119 Chocho\u0142owsk\u0105).<\/p>\n\n\n\n<p>Ju\u017c dzi\u015b wyci\u0105gnij map\u0119, zaplanuj w\u0119dr\u00f3wk\u0119, wybierz szlak Czerwone Wierchy i inne szczyty Tatr Zachodnich czekaj\u0105.<\/p>\n\n\n\n<h2 class=\"wp-block-heading\"><span class=\"ez-toc-section\" id=\"Ciekawostki_o_Czerwonych_Wierchach\"><\/span>Ciekawostki o Czerwonych Wierchach<span class=\"ez-toc-section-end\"><\/span><\/h2>\n\n\n\n<ul class=\"wp-block-list\"><li>Kiedy\u015b Czerwonym Wierchem nazywano wy\u0142\u0105cznie Ma\u0142o\u0142\u0105czniak, jednak p\u00f3\u017aniej nazwa ta przylgn\u0119\u0142a tak\u017ce do otaczaj\u0105cych go szczyt\u00f3w.<\/li><li>Czerwone Wierchy maj\u0105 ciekaw\u0105 budow\u0119 geologiczn\u0105 \u2013 wi\u0119ksz\u0105 ich cz\u0119\u015b\u0107 tzw. trzon stanowi\u0105 ska\u0142y osadowe, kt\u00f3re ulegaj\u0105 krasowieniu (dolomity i wapienie), ale wierzcho\u0142ki przykrywaj\u0105 ska\u0142y krystaliczne (granity i gnejsy).<\/li><li>W masywie znajduj\u0105 si\u0119 najwi\u0119ksze i najbardziej znane tatrza\u0144skie jaskinie (dost\u0119pne tylko dla taternik\u00f3w jaskiniowych &#8211; nie wiesz kto to? <a href=\"https:\/\/skalnik.pl\/blog\/kurs-taternictwa-jaskiniowego-czy-warto\/\" target=\"_blank\" rel=\"noreferrer noopener\">mamy tekst o groto\u0142azach, przeczytaj<\/a>)<\/li><li>Czerwone Wierchy to szczyty graniczne. Chocia\u017c na S\u0142owacj\u0119 nie prowadzi z nich \u017caden szlak turystyczny. Pami\u0119taj, \u017ce u naszych po\u0142udniowych s\u0105siad\u00f3w akcje ratunkowe s\u0105 odp\u0142atne, dlatego dla w\u0142asnego bezpiecze\u0144stwa i komfortu zaopatrz si\u0119 w g\u00f3rskie ubezpieczenie (przed wyborem przeczytaj nasze porady <a href=\"https:\/\/skalnik.pl\/blog\/jak-wybrac-ubezpieczenie-w-gory\/\" target=\"_blank\" rel=\"noreferrer noopener\">jakie ubezpieczenie w g\u00f3ry wybra\u0107<\/a>)<\/li><li>Krzesanica to jedyny szczyt Czerwonych Wierch\u00f3w, na kt\u00f3ry mo\u017cna dosta\u0107 si\u0119 wy\u0142\u0105cznie czerwonym szlakiem granicznym. Na pozosta\u0142e trzy szczyty mo\u017cna si\u0119 dosta\u0107 tak\u017ce na inne sposoby. Na Ciemniak ze schroniska na Hali Ornak (szlak zielony, otwarty od po\u0142owy maja do ko\u0144ca listopada), na Ma\u0142o\u0142\u0105czniak przez Czerwony Grzbiet (szlakiem niebieskim), na Kop\u0119 Kondrack\u0105 od strony Doliny Ma\u0142ej \u0141\u0105ki (szlak \u017c\u00f3\u0142ty), Kasprowego Wierchu (szlak czerwony) lub Doliny Kondratowej (szlak zielony i czerwony).<\/li><li>W drodze na Ma\u0142o\u0142\u0105czniak jest fragment szlaku ubezpieczony \u0142a\u0144cuchami \u2013 to kawa\u0142ek Kobylarzowego \u017blebu, czyli podej\u015bcia mi\u0119dzy Skoru\u015bniakiem a Czerwonym Grzbietem.<\/li><\/ul>\n\n\n\n<p><em>Zdj\u0119cie tytu\u0142owe pochodzi z serwisu Pixabay, jego autorem jest Jerzy G\u00f3recki.<\/em><\/p>\n","protected":false},"excerpt":{"rendered":"<p>Wycieczka na Czerwone Wierchy i w Tatry Zachodnie jesieni\u0105 to znakomity pomys\u0142 na sp\u0119dzenie kilku dni w g\u00f3rach.<\/p>\n","protected":false},"author":9,"featured_media":18195,"comment_status":"open","ping_status":"open","sticky":false,"template":"","format":"standard","meta":{"_acf_changed":false,"footnotes":""},"categories":[84],"tags":[28,14,91],"magento_category":[],"magento_product":[],"class_list":["post-18189","post","type-post","status-publish","format-standard","has-post-thumbnail","hentry","category-pasja","tag-gory","tag-tatry","tag-trekking"],"acf":[],"aioseo_notices":[],"aioseo_head":"\n\t\t<!-- All in One SEO 4.9.10 - aioseo.com -->\n\t<meta name=\"description\" content=\"Jesieni\u0105 Czerwone Wierchy s\u0105 najpi\u0119kniejsze. Dowiedz si\u0119 sk\u0105d wzi\u0119\u0142a si\u0119 ich nazwa, jak d\u0142uga jest wycieczka na Czerwone Wierchy i co trzeba ze sob\u0105 zabra\u0107?\" \/>\n\t<meta name=\"robots\" content=\"max-image-preview:large\" \/>\n\t<meta name=\"author\" content=\"Beata Nawrotkiewicz\"\/>\n\t<link rel=\"canonical\" href=\"https:\/\/www.skalnik.pl\/blog\/czerwone-wierchy-niezapomniana-jesienna-wedrowka\/\" \/>\n\t<meta name=\"generator\" content=\"All in One SEO (AIOSEO) 4.9.10\" \/>\n\t\t<meta property=\"og:locale\" content=\"pl_PL\" \/>\n\t\t<meta property=\"og:site_name\" content=\"blog Skalnik - Blog, porady, artyku\u0142y - blog Skalnik\" \/>\n\t\t<meta property=\"og:type\" content=\"article\" \/>\n\t\t<meta property=\"og:title\" content=\"Czerwone Wierchy \u2013 niezapomniana jesienna w\u0119dr\u00f3wka - blog Skalnik\" \/>\n\t\t<meta property=\"og:description\" content=\"Jesieni\u0105 Czerwone Wierchy s\u0105 najpi\u0119kniejsze. Dowiedz si\u0119 sk\u0105d wzi\u0119\u0142a si\u0119 ich nazwa, jak d\u0142uga jest wycieczka na Czerwone Wierchy i co trzeba ze sob\u0105 zabra\u0107?\" \/>\n\t\t<meta property=\"og:url\" content=\"https:\/\/www.skalnik.pl\/blog\/czerwone-wierchy-niezapomniana-jesienna-wedrowka\/\" \/>\n\t\t<meta property=\"og:image\" content=\"https:\/\/skalnik.pl\/blog\/wp-content\/uploads\/2021\/09\/arctic-photo-pixabay-krzesanica.jpg\" \/>\n\t\t<meta property=\"og:image:secure_url\" content=\"https:\/\/skalnik.pl\/blog\/wp-content\/uploads\/2021\/09\/arctic-photo-pixabay-krzesanica.jpg\" \/>\n\t\t<meta property=\"article:tag\" content=\"pasja\" \/>\n\t\t<meta property=\"article:tag\" content=\"g\u00f3ry\" \/>\n\t\t<meta property=\"article:tag\" content=\"tatry\" \/>\n\t\t<meta property=\"article:tag\" content=\"trekking\" \/>\n\t\t<meta property=\"article:published_time\" content=\"2021-10-07T05:43:00+00:00\" \/>\n\t\t<meta property=\"article:modified_time\" content=\"2021-10-25T05:31:54+00:00\" \/>\n\t\t<meta name=\"twitter:card\" content=\"summary_large_image\" \/>\n\t\t<meta name=\"twitter:title\" content=\"Czerwone Wierchy \u2013 niezapomniana jesienna w\u0119dr\u00f3wka - blog Skalnik\" \/>\n\t\t<meta name=\"twitter:description\" content=\"Jesieni\u0105 Czerwone Wierchy s\u0105 najpi\u0119kniejsze. Dowiedz si\u0119 sk\u0105d wzi\u0119\u0142a si\u0119 ich nazwa, jak d\u0142uga jest wycieczka na Czerwone Wierchy i co trzeba ze sob\u0105 zabra\u0107?\" \/>\n\t\t<meta name=\"twitter:image\" content=\"https:\/\/skalnik.pl\/blog\/wp-content\/uploads\/2021\/09\/arctic-photo-pixabay-krzesanica.jpg\" \/>\n\t\t<script type=\"application\/ld+json\" class=\"aioseo-schema\">\n\t\t\t{\"@context\":\"https:\\\/\\\/schema.org\",\"@graph\":[{\"@type\":\"BlogPosting\",\"@id\":\"https:\\\/\\\/www.skalnik.pl\\\/blog\\\/czerwone-wierchy-niezapomniana-jesienna-wedrowka\\\/#blogposting\",\"name\":\"Czerwone Wierchy \\u2013 niezapomniana jesienna w\\u0119dr\\u00f3wka - blog Skalnik\",\"headline\":\"Czerwone Wierchy &#8211; niezapomniana jesienna w\\u0119dr\\u00f3wka\",\"author\":{\"@id\":\"https:\\\/\\\/www.skalnik.pl\\\/blog\\\/author\\\/beata-nawrotkiewicz\\\/#author\"},\"publisher\":{\"@id\":\"https:\\\/\\\/www.skalnik.pl\\\/blog\\\/#organization\"},\"image\":{\"@type\":\"ImageObject\",\"url\":\"https:\\\/\\\/www.skalnik.pl\\\/blog\\\/wp-content\\\/uploads\\\/2021\\\/09\\\/JerzyGorecki-pixabay-kopa-kondracka-zdjecie-tytulowe.jpg\",\"width\":1920,\"height\":705,\"caption\":\"jesienny widok Czerwone Wierchy w tle Kasprowy Wierch\"},\"datePublished\":\"2021-10-07T07:43:00+02:00\",\"dateModified\":\"2021-10-25T07:31:54+02:00\",\"inLanguage\":\"pl-PL\",\"mainEntityOfPage\":{\"@id\":\"https:\\\/\\\/www.skalnik.pl\\\/blog\\\/czerwone-wierchy-niezapomniana-jesienna-wedrowka\\\/#webpage\"},\"isPartOf\":{\"@id\":\"https:\\\/\\\/www.skalnik.pl\\\/blog\\\/czerwone-wierchy-niezapomniana-jesienna-wedrowka\\\/#webpage\"},\"articleSection\":\"Pasja, g\\u00f3ry, tatry, trekking\"},{\"@type\":\"BreadcrumbList\",\"@id\":\"https:\\\/\\\/www.skalnik.pl\\\/blog\\\/czerwone-wierchy-niezapomniana-jesienna-wedrowka\\\/#breadcrumblist\",\"itemListElement\":[{\"@type\":\"ListItem\",\"@id\":\"https:\\\/\\\/www.skalnik.pl\\\/blog#listItem\",\"position\":1,\"name\":\"Home\",\"item\":\"https:\\\/\\\/www.skalnik.pl\\\/blog\",\"nextItem\":{\"@type\":\"ListItem\",\"@id\":\"https:\\\/\\\/www.skalnik.pl\\\/blog\\\/.\\\/pasja\\\/#listItem\",\"name\":\"Pasja\"}},{\"@type\":\"ListItem\",\"@id\":\"https:\\\/\\\/www.skalnik.pl\\\/blog\\\/.\\\/pasja\\\/#listItem\",\"position\":2,\"name\":\"Pasja\",\"item\":\"https:\\\/\\\/www.skalnik.pl\\\/blog\\\/.\\\/pasja\\\/\",\"nextItem\":{\"@type\":\"ListItem\",\"@id\":\"https:\\\/\\\/www.skalnik.pl\\\/blog\\\/czerwone-wierchy-niezapomniana-jesienna-wedrowka\\\/#listItem\",\"name\":\"Czerwone Wierchy &#8211; niezapomniana jesienna w\\u0119dr\\u00f3wka\"},\"previousItem\":{\"@type\":\"ListItem\",\"@id\":\"https:\\\/\\\/www.skalnik.pl\\\/blog#listItem\",\"name\":\"Home\"}},{\"@type\":\"ListItem\",\"@id\":\"https:\\\/\\\/www.skalnik.pl\\\/blog\\\/czerwone-wierchy-niezapomniana-jesienna-wedrowka\\\/#listItem\",\"position\":3,\"name\":\"Czerwone Wierchy &#8211; niezapomniana jesienna w\\u0119dr\\u00f3wka\",\"previousItem\":{\"@type\":\"ListItem\",\"@id\":\"https:\\\/\\\/www.skalnik.pl\\\/blog\\\/.\\\/pasja\\\/#listItem\",\"name\":\"Pasja\"}}]},{\"@type\":\"Organization\",\"@id\":\"https:\\\/\\\/www.skalnik.pl\\\/blog\\\/#organization\",\"name\":\"blog Skalnik\",\"description\":\"Blog, porady, artyku\\u0142y - blog Skalnik\",\"url\":\"https:\\\/\\\/www.skalnik.pl\\\/blog\\\/\"},{\"@type\":\"Person\",\"@id\":\"https:\\\/\\\/www.skalnik.pl\\\/blog\\\/author\\\/beata-nawrotkiewicz\\\/#author\",\"url\":\"https:\\\/\\\/www.skalnik.pl\\\/blog\\\/author\\\/beata-nawrotkiewicz\\\/\",\"name\":\"Beata Nawrotkiewicz\",\"image\":{\"@type\":\"ImageObject\",\"@id\":\"https:\\\/\\\/www.skalnik.pl\\\/blog\\\/czerwone-wierchy-niezapomniana-jesienna-wedrowka\\\/#authorImage\",\"url\":\"https:\\\/\\\/secure.gravatar.com\\\/avatar\\\/53cf81cfcc3a81694535515925ffcf159be725e8bd1fb455eeb9e2cadcaa5684?s=96&d=mm&r=g\",\"width\":96,\"height\":96,\"caption\":\"Beata Nawrotkiewicz\"}},{\"@type\":\"WebPage\",\"@id\":\"https:\\\/\\\/www.skalnik.pl\\\/blog\\\/czerwone-wierchy-niezapomniana-jesienna-wedrowka\\\/#webpage\",\"url\":\"https:\\\/\\\/www.skalnik.pl\\\/blog\\\/czerwone-wierchy-niezapomniana-jesienna-wedrowka\\\/\",\"name\":\"Czerwone Wierchy \\u2013 niezapomniana jesienna w\\u0119dr\\u00f3wka - blog Skalnik\",\"description\":\"Jesieni\\u0105 Czerwone Wierchy s\\u0105 najpi\\u0119kniejsze. Dowiedz si\\u0119 sk\\u0105d wzi\\u0119\\u0142a si\\u0119 ich nazwa, jak d\\u0142uga jest wycieczka na Czerwone Wierchy i co trzeba ze sob\\u0105 zabra\\u0107?\",\"inLanguage\":\"pl-PL\",\"isPartOf\":{\"@id\":\"https:\\\/\\\/www.skalnik.pl\\\/blog\\\/#website\"},\"breadcrumb\":{\"@id\":\"https:\\\/\\\/www.skalnik.pl\\\/blog\\\/czerwone-wierchy-niezapomniana-jesienna-wedrowka\\\/#breadcrumblist\"},\"author\":{\"@id\":\"https:\\\/\\\/www.skalnik.pl\\\/blog\\\/author\\\/beata-nawrotkiewicz\\\/#author\"},\"creator\":{\"@id\":\"https:\\\/\\\/www.skalnik.pl\\\/blog\\\/author\\\/beata-nawrotkiewicz\\\/#author\"},\"image\":{\"@type\":\"ImageObject\",\"url\":\"https:\\\/\\\/www.skalnik.pl\\\/blog\\\/wp-content\\\/uploads\\\/2021\\\/09\\\/JerzyGorecki-pixabay-kopa-kondracka-zdjecie-tytulowe.jpg\",\"@id\":\"https:\\\/\\\/www.skalnik.pl\\\/blog\\\/czerwone-wierchy-niezapomniana-jesienna-wedrowka\\\/#mainImage\",\"width\":1920,\"height\":705,\"caption\":\"jesienny widok Czerwone Wierchy w tle Kasprowy Wierch\"},\"primaryImageOfPage\":{\"@id\":\"https:\\\/\\\/www.skalnik.pl\\\/blog\\\/czerwone-wierchy-niezapomniana-jesienna-wedrowka\\\/#mainImage\"},\"datePublished\":\"2021-10-07T07:43:00+02:00\",\"dateModified\":\"2021-10-25T07:31:54+02:00\"},{\"@type\":\"WebSite\",\"@id\":\"https:\\\/\\\/www.skalnik.pl\\\/blog\\\/#website\",\"url\":\"https:\\\/\\\/www.skalnik.pl\\\/blog\\\/\",\"name\":\"blog Skalnik\",\"description\":\"Blog, porady, artyku\\u0142y - blog Skalnik\",\"inLanguage\":\"pl-PL\",\"publisher\":{\"@id\":\"https:\\\/\\\/www.skalnik.pl\\\/blog\\\/#organization\"}}]}\n\t\t<\/script>\n\t\t<!-- All in One SEO -->\n\n","aioseo_head_json":{"title":"Czerwone Wierchy \u2013 niezapomniana jesienna w\u0119dr\u00f3wka - blog Skalnik","description":"Jesieni\u0105 Czerwone Wierchy s\u0105 najpi\u0119kniejsze. Dowiedz si\u0119 sk\u0105d wzi\u0119\u0142a si\u0119 ich nazwa, jak d\u0142uga jest wycieczka na Czerwone Wierchy i co trzeba ze sob\u0105 zabra\u0107?","canonical_url":"https:\/\/www.skalnik.pl\/blog\/czerwone-wierchy-niezapomniana-jesienna-wedrowka\/","robots":"max-image-preview:large","keywords":"","webmasterTools":{"miscellaneous":""},"schema":{"@context":"https:\/\/schema.org","@graph":[{"@type":"BlogPosting","@id":"https:\/\/www.skalnik.pl\/blog\/czerwone-wierchy-niezapomniana-jesienna-wedrowka\/#blogposting","name":"Czerwone Wierchy \u2013 niezapomniana jesienna w\u0119dr\u00f3wka - blog Skalnik","headline":"Czerwone Wierchy &#8211; niezapomniana jesienna w\u0119dr\u00f3wka","author":{"@id":"https:\/\/www.skalnik.pl\/blog\/author\/beata-nawrotkiewicz\/#author"},"publisher":{"@id":"https:\/\/www.skalnik.pl\/blog\/#organization"},"image":{"@type":"ImageObject","url":"https:\/\/www.skalnik.pl\/blog\/wp-content\/uploads\/2021\/09\/JerzyGorecki-pixabay-kopa-kondracka-zdjecie-tytulowe.jpg","width":1920,"height":705,"caption":"jesienny widok Czerwone Wierchy w tle Kasprowy Wierch"},"datePublished":"2021-10-07T07:43:00+02:00","dateModified":"2021-10-25T07:31:54+02:00","inLanguage":"pl-PL","mainEntityOfPage":{"@id":"https:\/\/www.skalnik.pl\/blog\/czerwone-wierchy-niezapomniana-jesienna-wedrowka\/#webpage"},"isPartOf":{"@id":"https:\/\/www.skalnik.pl\/blog\/czerwone-wierchy-niezapomniana-jesienna-wedrowka\/#webpage"},"articleSection":"Pasja, g\u00f3ry, tatry, trekking"},{"@type":"BreadcrumbList","@id":"https:\/\/www.skalnik.pl\/blog\/czerwone-wierchy-niezapomniana-jesienna-wedrowka\/#breadcrumblist","itemListElement":[{"@type":"ListItem","@id":"https:\/\/www.skalnik.pl\/blog#listItem","position":1,"name":"Home","item":"https:\/\/www.skalnik.pl\/blog","nextItem":{"@type":"ListItem","@id":"https:\/\/www.skalnik.pl\/blog\/.\/pasja\/#listItem","name":"Pasja"}},{"@type":"ListItem","@id":"https:\/\/www.skalnik.pl\/blog\/.\/pasja\/#listItem","position":2,"name":"Pasja","item":"https:\/\/www.skalnik.pl\/blog\/.\/pasja\/","nextItem":{"@type":"ListItem","@id":"https:\/\/www.skalnik.pl\/blog\/czerwone-wierchy-niezapomniana-jesienna-wedrowka\/#listItem","name":"Czerwone Wierchy &#8211; niezapomniana jesienna w\u0119dr\u00f3wka"},"previousItem":{"@type":"ListItem","@id":"https:\/\/www.skalnik.pl\/blog#listItem","name":"Home"}},{"@type":"ListItem","@id":"https:\/\/www.skalnik.pl\/blog\/czerwone-wierchy-niezapomniana-jesienna-wedrowka\/#listItem","position":3,"name":"Czerwone Wierchy &#8211; niezapomniana jesienna w\u0119dr\u00f3wka","previousItem":{"@type":"ListItem","@id":"https:\/\/www.skalnik.pl\/blog\/.\/pasja\/#listItem","name":"Pasja"}}]},{"@type":"Organization","@id":"https:\/\/www.skalnik.pl\/blog\/#organization","name":"blog Skalnik","description":"Blog, porady, artyku\u0142y - blog Skalnik","url":"https:\/\/www.skalnik.pl\/blog\/"},{"@type":"Person","@id":"https:\/\/www.skalnik.pl\/blog\/author\/beata-nawrotkiewicz\/#author","url":"https:\/\/www.skalnik.pl\/blog\/author\/beata-nawrotkiewicz\/","name":"Beata Nawrotkiewicz","image":{"@type":"ImageObject","@id":"https:\/\/www.skalnik.pl\/blog\/czerwone-wierchy-niezapomniana-jesienna-wedrowka\/#authorImage","url":"https:\/\/secure.gravatar.com\/avatar\/53cf81cfcc3a81694535515925ffcf159be725e8bd1fb455eeb9e2cadcaa5684?s=96&d=mm&r=g","width":96,"height":96,"caption":"Beata Nawrotkiewicz"}},{"@type":"WebPage","@id":"https:\/\/www.skalnik.pl\/blog\/czerwone-wierchy-niezapomniana-jesienna-wedrowka\/#webpage","url":"https:\/\/www.skalnik.pl\/blog\/czerwone-wierchy-niezapomniana-jesienna-wedrowka\/","name":"Czerwone Wierchy \u2013 niezapomniana jesienna w\u0119dr\u00f3wka - blog Skalnik","description":"Jesieni\u0105 Czerwone Wierchy s\u0105 najpi\u0119kniejsze. Dowiedz si\u0119 sk\u0105d wzi\u0119\u0142a si\u0119 ich nazwa, jak d\u0142uga jest wycieczka na Czerwone Wierchy i co trzeba ze sob\u0105 zabra\u0107?","inLanguage":"pl-PL","isPartOf":{"@id":"https:\/\/www.skalnik.pl\/blog\/#website"},"breadcrumb":{"@id":"https:\/\/www.skalnik.pl\/blog\/czerwone-wierchy-niezapomniana-jesienna-wedrowka\/#breadcrumblist"},"author":{"@id":"https:\/\/www.skalnik.pl\/blog\/author\/beata-nawrotkiewicz\/#author"},"creator":{"@id":"https:\/\/www.skalnik.pl\/blog\/author\/beata-nawrotkiewicz\/#author"},"image":{"@type":"ImageObject","url":"https:\/\/www.skalnik.pl\/blog\/wp-content\/uploads\/2021\/09\/JerzyGorecki-pixabay-kopa-kondracka-zdjecie-tytulowe.jpg","@id":"https:\/\/www.skalnik.pl\/blog\/czerwone-wierchy-niezapomniana-jesienna-wedrowka\/#mainImage","width":1920,"height":705,"caption":"jesienny widok Czerwone Wierchy w tle Kasprowy Wierch"},"primaryImageOfPage":{"@id":"https:\/\/www.skalnik.pl\/blog\/czerwone-wierchy-niezapomniana-jesienna-wedrowka\/#mainImage"},"datePublished":"2021-10-07T07:43:00+02:00","dateModified":"2021-10-25T07:31:54+02:00"},{"@type":"WebSite","@id":"https:\/\/www.skalnik.pl\/blog\/#website","url":"https:\/\/www.skalnik.pl\/blog\/","name":"blog Skalnik","description":"Blog, porady, artyku\u0142y - blog Skalnik","inLanguage":"pl-PL","publisher":{"@id":"https:\/\/www.skalnik.pl\/blog\/#organization"}}]},"og:locale":"pl_PL","og:site_name":"blog Skalnik - Blog, porady, artyku\u0142y - blog Skalnik","og:type":"article","og:title":"Czerwone Wierchy \u2013 niezapomniana jesienna w\u0119dr\u00f3wka - blog Skalnik","og:description":"Jesieni\u0105 Czerwone Wierchy s\u0105 najpi\u0119kniejsze. Dowiedz si\u0119 sk\u0105d wzi\u0119\u0142a si\u0119 ich nazwa, jak d\u0142uga jest wycieczka na Czerwone Wierchy i co trzeba ze sob\u0105 zabra\u0107?","og:url":"https:\/\/www.skalnik.pl\/blog\/czerwone-wierchy-niezapomniana-jesienna-wedrowka\/","og:image":"https:\/\/skalnik.pl\/blog\/wp-content\/uploads\/2021\/09\/arctic-photo-pixabay-krzesanica.jpg","og:image:secure_url":"https:\/\/skalnik.pl\/blog\/wp-content\/uploads\/2021\/09\/arctic-photo-pixabay-krzesanica.jpg","article:tag":["pasja","g\u00f3ry","tatry","trekking"],"article:published_time":"2021-10-07T05:43:00+00:00","article:modified_time":"2021-10-25T05:31:54+00:00","twitter:card":"summary_large_image","twitter:title":"Czerwone Wierchy \u2013 niezapomniana jesienna w\u0119dr\u00f3wka - blog Skalnik","twitter:description":"Jesieni\u0105 Czerwone Wierchy s\u0105 najpi\u0119kniejsze. Dowiedz si\u0119 sk\u0105d wzi\u0119\u0142a si\u0119 ich nazwa, jak d\u0142uga jest wycieczka na Czerwone Wierchy i co trzeba ze sob\u0105 zabra\u0107?","twitter:image":"https:\/\/skalnik.pl\/blog\/wp-content\/uploads\/2021\/09\/arctic-photo-pixabay-krzesanica.jpg"},"aioseo_meta_data":{"post_id":"18189","title":null,"description":"Jesieni\u0105 Czerwone Wierchy s\u0105 najpi\u0119kniejsze. Dowiedz si\u0119 sk\u0105d wzi\u0119\u0142a si\u0119 ich nazwa, jak d\u0142uga jest wycieczka na Czerwone Wierchy i co trzeba ze sob\u0105 zabra\u0107?","keywords":"","keyphrases":null,"primary_term":null,"canonical_url":"","og_title":null,"og_description":null,"og_object_type":"default","og_image_type":"default","og_image_url":null,"og_image_width":null,"og_image_height":null,"og_image_custom_url":null,"og_image_custom_fields":null,"og_video":null,"og_custom_url":null,"og_article_section":null,"og_article_tags":null,"twitter_use_og":false,"twitter_card":"default","twitter_image_type":"default","twitter_image_url":null,"twitter_image_custom_url":null,"twitter_image_custom_fields":null,"twitter_title":null,"twitter_description":null,"schema":{"blockGraphs":[],"customGraphs":[],"default":{"data":{"Article":[],"Course":[],"Dataset":[],"FAQPage":[],"Movie":[],"Person":[],"Product":[],"ProductReview":[],"Car":[],"Recipe":[],"Service":[],"SoftwareApplication":[],"WebPage":[]},"graphName":"BlogPosting","isEnabled":true},"graphs":[]},"schema_type":"default","schema_type_options":null,"pillar_content":false,"robots_default":true,"robots_noindex":false,"robots_noarchive":false,"robots_nosnippet":false,"robots_nofollow":false,"robots_noimageindex":false,"robots_noodp":false,"robots_notranslate":false,"robots_max_snippet":null,"robots_max_videopreview":null,"robots_max_imagepreview":"large","priority":null,"frequency":null,"local_seo":null,"breadcrumb_settings":null,"limit_modified_date":false,"ai":null,"created":"2022-08-26 09:42:15","updated":"2026-02-17 22:15:24","seo_analyzer_scan_date":null},"aioseo_breadcrumb":"<div class=\"aioseo-breadcrumbs\"><span class=\"aioseo-breadcrumb\">\n\t\t\t<a href=\"https:\/\/www.skalnik.pl\/blog\" title=\"Home\">Home<\/a>\n\t\t<\/span><span class=\"aioseo-breadcrumb-separator\">&raquo;<\/span><span class=\"aioseo-breadcrumb\">\n\t\t\t<a href=\"https:\/\/www.skalnik.pl\/blog\/.\/pasja\/\" title=\"Pasja\">Pasja<\/a>\n\t\t<\/span><span class=\"aioseo-breadcrumb-separator\">&raquo;<\/span><span class=\"aioseo-breadcrumb\">\n\t\t\tCzerwone Wierchy \u2013 niezapomniana jesienna w\u0119dr\u00f3wka\n\t\t<\/span><\/div>","aioseo_breadcrumb_json":[{"label":"Home","link":"https:\/\/www.skalnik.pl\/blog"},{"label":"Pasja","link":"https:\/\/www.skalnik.pl\/blog\/.\/pasja\/"},{"label":"Czerwone Wierchy &#8211; niezapomniana jesienna w\u0119dr\u00f3wka","link":"https:\/\/www.skalnik.pl\/blog\/czerwone-wierchy-niezapomniana-jesienna-wedrowka\/"}],"_links":{"self":[{"href":"https:\/\/www.skalnik.pl\/blog\/wp-json\/wp\/v2\/posts\/18189","targetHints":{"allow":["GET"]}}],"collection":[{"href":"https:\/\/www.skalnik.pl\/blog\/wp-json\/wp\/v2\/posts"}],"about":[{"href":"https:\/\/www.skalnik.pl\/blog\/wp-json\/wp\/v2\/types\/post"}],"author":[{"embeddable":true,"href":"https:\/\/www.skalnik.pl\/blog\/wp-json\/wp\/v2\/users\/9"}],"replies":[{"embeddable":true,"href":"https:\/\/www.skalnik.pl\/blog\/wp-json\/wp\/v2\/comments?post=18189"}],"version-history":[{"count":7,"href":"https:\/\/www.skalnik.pl\/blog\/wp-json\/wp\/v2\/posts\/18189\/revisions"}],"predecessor-version":[{"id":18209,"href":"https:\/\/www.skalnik.pl\/blog\/wp-json\/wp\/v2\/posts\/18189\/revisions\/18209"}],"wp:featuredmedia":[{"embeddable":true,"href":"https:\/\/www.skalnik.pl\/blog\/wp-json\/wp\/v2\/media\/18195"}],"wp:attachment":[{"href":"https:\/\/www.skalnik.pl\/blog\/wp-json\/wp\/v2\/media?parent=18189"}],"wp:term":[{"taxonomy":"category","embeddable":true,"href":"https:\/\/www.skalnik.pl\/blog\/wp-json\/wp\/v2\/categories?post=18189"},{"taxonomy":"post_tag","embeddable":true,"href":"https:\/\/www.skalnik.pl\/blog\/wp-json\/wp\/v2\/tags?post=18189"},{"taxonomy":"magento_category","embeddable":true,"href":"https:\/\/www.skalnik.pl\/blog\/wp-json\/wp\/v2\/magento_category?post=18189"},{"taxonomy":"magento_product","embeddable":true,"href":"https:\/\/www.skalnik.pl\/blog\/wp-json\/wp\/v2\/magento_product?post=18189"}],"curies":[{"name":"wp","href":"https:\/\/api.w.org\/{rel}","templated":true}]}}