{"id":18520,"date":"2021-11-26T08:25:00","date_gmt":"2021-11-26T07:25:00","guid":{"rendered":"https:\/\/www.skalnik.pl\/blog\/?p=18520"},"modified":"2023-01-12T09:30:09","modified_gmt":"2023-01-12T08:30:09","slug":"kurtka-rab-microlight-alpine-kultowa-i-coraz-lepsza","status":"publish","type":"post","link":"https:\/\/www.skalnik.pl\/blog\/kurtka-rab-microlight-alpine-kultowa-i-coraz-lepsza\/","title":{"rendered":"Kurtka Rab Microlight Alpine \u2013 kultowa i coraz lepsza"},"content":{"rendered":"\n<p><strong>G\u00f3rscy w\u0119drowcy nie s\u0105 naiwn\u0105 grup\u0105 konsument\u00f3w. Trudne warunki szybko weryfikuj\u0105 przydatno\u015b\u0107 poszczeg\u00f3lnych rozwi\u0105za\u0144. S\u0105 jednak takie modele ubra\u0144, kt\u00f3re pozytywnie przechodz\u0105 wszelkie testy i zdobywaj\u0105 serca turyst\u00f3w. Do tej kategorii nale\u017cy niew\u0105tpliwie lekka kurtka puchowa Rab Microlight Alpine.<\/strong><\/p>\n\n\n\n<p>Hardshell Marmot Minimalist, kurtka polarowa Better Sweater marki Patagonia czy w\u0142a\u015bnie bohaterka tego tekstu \u2013 kurtka puchowa Rab Microlight Alpine &#8211; to modele, kt\u00f3re wi\u0119kszo\u015b\u0107 turyst\u00f3w poleci innym bez mrugni\u0119cia okiem.<\/p>\n\n\n\n<p>Kurtka Microlight Alpine pojawi\u0142a si\u0119 na rynku ju\u017c ponad 10 lat temu i do dzisiaj jest to jeden z najlepiej sprzedaj\u0105cych si\u0119 modeli marki Rab. Co sprawi\u0142o, \u017ce to w\u0142a\u015bnie ta kurtka puchowa awansowa\u0142a do elitarnej klasy kurtek kultowych? Czym wyr\u00f3\u017cnia si\u0119 najnowsza wersja tego modelu?<\/p>\n\n\n\n<div class=\"wp-block-image\"><figure class=\"aligncenter size-large\"><img loading=\"lazy\" decoding=\"async\" width=\"1024\" height=\"772\" src=\"https:\/\/www.skalnik.pl\/blog\/wp-content\/uploads\/2021\/11\/Rab-Microlight-Alpine-wspinaczka.jpg\" alt=\"Rab Microlight Alpine - wspinaczka\" class=\"wp-image-18528\" srcset=\"https:\/\/www.skalnik.pl\/blog\/wp-content\/uploads\/2021\/11\/Rab-Microlight-Alpine-wspinaczka.jpg 1024w, https:\/\/www.skalnik.pl\/blog\/wp-content\/uploads\/2021\/11\/Rab-Microlight-Alpine-wspinaczka-300x226.jpg 300w, https:\/\/www.skalnik.pl\/blog\/wp-content\/uploads\/2021\/11\/Rab-Microlight-Alpine-wspinaczka-768x579.jpg 768w\" sizes=\"auto, (max-width: 1024px) 100vw, 1024px\" \/><figcaption><em>Do miasta, na w\u0119dr\u00f3wk\u0119 i na wspinaczk\u0119 &#8211; kurtki Rab Microlight mog\u0105 ci towarzyszy\u0107 przy r\u00f3\u017cnych okazjach (fot. Rab)<\/em><\/figcaption><\/figure><\/div>\n\n\n\n<div id=\"ez-toc-container\" class=\"ez-toc-v2_0_85 counter-hierarchy ez-toc-counter ez-toc-light-blue ez-toc-container-direction\">\n<div class=\"ez-toc-title-container\">\n<p class=\"ez-toc-title\" style=\"cursor:inherit\">SPIS TRE\u015aCI <\/p>\n<span class=\"ez-toc-title-toggle\"><a href=\"#\" class=\"ez-toc-pull-right ez-toc-btn ez-toc-btn-xs ez-toc-btn-default ez-toc-toggle\" aria-label=\"Prze\u0142\u0105cznik Spisu Tre\u015bci\"><span class=\"ez-toc-js-icon-con\"><span class=\"\"><span class=\"eztoc-hide\" style=\"display:none;\">Toggle<\/span><span class=\"ez-toc-icon-toggle-span\"><svg style=\"fill: #999;color:#999\" xmlns=\"http:\/\/www.w3.org\/2000\/svg\" class=\"list-377408\" width=\"20px\" height=\"20px\" viewBox=\"0 0 24 24\" fill=\"none\"><path d=\"M6 6H4v2h2V6zm14 0H8v2h12V6zM4 11h2v2H4v-2zm16 0H8v2h12v-2zM4 16h2v2H4v-2zm16 0H8v2h12v-2z\" fill=\"currentColor\"><\/path><\/svg><svg style=\"fill: #999;color:#999\" class=\"arrow-unsorted-368013\" xmlns=\"http:\/\/www.w3.org\/2000\/svg\" width=\"10px\" height=\"10px\" viewBox=\"0 0 24 24\" version=\"1.2\" baseProfile=\"tiny\"><path d=\"M18.2 9.3l-6.2-6.3-6.2 6.3c-.2.2-.3.4-.3.7s.1.5.3.7c.2.2.4.3.7.3h11c.3 0 .5-.1.7-.3.2-.2.3-.5.3-.7s-.1-.5-.3-.7zM5.8 14.7l6.2 6.3 6.2-6.3c.2-.2.3-.5.3-.7s-.1-.5-.3-.7c-.2-.2-.4-.3-.7-.3h-11c-.3 0-.5.1-.7.3-.2.2-.3.5-.3.7s.1.5.3.7z\"\/><\/svg><\/span><\/span><\/span><\/a><\/span><\/div>\n<nav><ul class='ez-toc-list ez-toc-list-level-1 ' ><li class='ez-toc-page-1 ez-toc-heading-level-2'><a class=\"ez-toc-link ez-toc-heading-1\" href=\"https:\/\/www.skalnik.pl\/blog\/kurtka-rab-microlight-alpine-kultowa-i-coraz-lepsza\/#Kurtka_puchowa_odgoni_szczypiacy_chlod\" >Kurtka puchowa odgoni szczypi\u0105cy ch\u0142\u00f3d<\/a><\/li><li class='ez-toc-page-1 ez-toc-heading-level-2'><a class=\"ez-toc-link ez-toc-heading-2\" href=\"https:\/\/www.skalnik.pl\/blog\/kurtka-rab-microlight-alpine-kultowa-i-coraz-lepsza\/#Microlight_Alpine_%E2%80%93_male_jest_piekne_i_mocne\" >Microlight Alpine \u2013 ma\u0142e jest pi\u0119kne i mocne<\/a><\/li><li class='ez-toc-page-1 ez-toc-heading-level-2'><a class=\"ez-toc-link ez-toc-heading-3\" href=\"https:\/\/www.skalnik.pl\/blog\/kurtka-rab-microlight-alpine-kultowa-i-coraz-lepsza\/#Najnowsza_wersja_%E2%80%93_jeszcze_bardziej_naturalna\" >Najnowsza wersja \u2013 jeszcze bardziej naturalna<\/a><\/li><li class='ez-toc-page-1 ez-toc-heading-level-2'><a class=\"ez-toc-link ez-toc-heading-4\" href=\"https:\/\/www.skalnik.pl\/blog\/kurtka-rab-microlight-alpine-kultowa-i-coraz-lepsza\/#Zajrzyjmy_do_wnetrza_%E2%80%93_puch_gesi_odporny_na_wilgoc\" >Zajrzyjmy do wn\u0119trza \u2013 puch g\u0119si odporny na wilgo\u0107<\/a><\/li><li class='ez-toc-page-1 ez-toc-heading-level-2'><a class=\"ez-toc-link ez-toc-heading-5\" href=\"https:\/\/www.skalnik.pl\/blog\/kurtka-rab-microlight-alpine-kultowa-i-coraz-lepsza\/#Certyfikat_RDS_%E2%80%93_co_oznaczaja_te_trzy_literki\" >Certyfikat RDS \u2013 co oznaczaj\u0105 te trzy literki?<\/a><\/li><\/ul><\/nav><\/div>\n<h2 class=\"wp-block-heading\"><span class=\"ez-toc-section\" id=\"Kurtka_puchowa_odgoni_szczypiacy_chlod\"><\/span>Kurtka puchowa odgoni szczypi\u0105cy ch\u0142\u00f3d<span class=\"ez-toc-section-end\"><\/span><\/h2>\n\n\n\n<p>Kiedy tylko robi si\u0119 ch\u0142odniej, tury\u015bci milszym okiem zaczynaj\u0105 spogl\u0105da\u0107 na kurtki puchowe. Dlaczego to w\u0142a\u015bnie ten rodzaj odzie\u017cy jest tak ch\u0119tnie wybierany, kiedy na dworze panuj\u0105 niskie temperatury? Przyczyn\u0105 s\u0105 oczywi\u015bcie niesamowite zdolno\u015bci puchu do izolacji od nieprzyjemnego mrozu. Te w\u0142a\u015bciwo\u015bci wynikaj\u0105 z dw\u00f3ch rzeczy:<\/p>\n\n\n\n<ul class=\"wp-block-list\"><li><strong>ma\u0142a pojemno\u015b\u0107 cieplna puchu<\/strong> \u2013 puch prawie nie musi si\u0119 sam nagrzewa\u0107, wi\u0119c od razu po za\u0142o\u017ceniu kurtki na siebie czujesz rozkoszne ciep\u0142o;<\/li><li><strong>wysoka spr\u0119\u017cysto\u015b\u0107 puchu<\/strong> \u2013 dzi\u0119ki temu wok\u00f3\u0142 puchu utrzymuje si\u0119 sporo powietrza, a to w\u0142a\u015bnie nagrzane powietrze izoluje ci\u0119 od ch\u0142odu na zewn\u0105trz.<\/li><\/ul>\n\n\n\n<p>Jednostk\u0105 spr\u0119\u017cysto\u015bci puchu jest <strong>cuin<\/strong>. Zasada jest prosta: im wy\u017csza warto\u015b\u0107, tym lepsze w\u0142a\u015bciwo\u015bci izolacyjne puchu. Znane outdoorowe marki swoj\u0105 ofert\u0119 rozpoczynaj\u0105 zwykle od modeli o spr\u0119\u017cysto\u015bci ok. 550 cuin. Lekka kurtka puchowa Microlight Alpine marki Rab wykorzystuje puch g\u0119si o spr\u0119\u017cysto\u015bci wynosz\u0105cej <strong>700 cuin<\/strong>. Jest to wi\u0119c ju\u017c bardzo dobra warto\u015b\u0107, dzi\u0119ki kt\u00f3rej Microlight Alpine sprawdzi si\u0119 jako kurtka zimowa na wi\u0119kszo\u015b\u0107 g\u00f3rskich w\u0119dr\u00f3wek.<\/p>\n\n\n\n<iframe loading=\"lazy\" src=\"https:\/\/www.youtube.com\/embed\/21ADDF2Cfzo\" title=\"YouTube video player\" allow=\"accelerometer; autoplay; clipboard-write; encrypted-media; gyroscope; picture-in-picture\" allowfullscreen=\"\" width=\"800\" height=\"442\" frameborder=\"0\"><\/iframe>\n\n\n\n<h2 class=\"wp-block-heading\"><span class=\"ez-toc-section\" id=\"Microlight_Alpine_%E2%80%93_male_jest_piekne_i_mocne\"><\/span>M<strong>icrolight Alpine \u2013 ma\u0142e jest pi\u0119kne i mocne<\/strong><span class=\"ez-toc-section-end\"><\/span><\/h2>\n\n\n\n<p>Kurtek puchowych o dobrych i bardzo dobrych w\u0142a\u015bciwo\u015bciach izolacyjnych jest na rynku sporo. Dlaczego wi\u0119c to w\u0142a\u015bnie ten model kurtki Rab zdoby\u0142 tak du\u017ce uznanie turyst\u00f3w? Sekret tkwi w rozmiarze. Kurtka puchowa m\u0119ska i damska Microlight Alpine jest <strong>lekka<\/strong>, a po spakowaniu zajmuje <strong>bardzo ma\u0142o miejsca<\/strong>. Przed g\u00f3rsk\u0105 wypraw\u0105 mo\u017cesz wrzuci\u0107 j\u0105 do plecaka i przypomnie\u0107 sobie o jej istnieniu dopiero wtedy, kiedy zacznie ci dokucza\u0107 ch\u0142\u00f3d. Ta kurtka puchowa mo\u017ce ci nawet towarzyszy\u0107 jako awaryjna odzie\u017c w mie\u015bcie, kiedy masz ze sob\u0105 tylko niewielki plecak miejski. Jest to wi\u0119c uniwersalna kurtka zimowa, kt\u00f3r\u0105 wykorzystasz w r\u00f3\u017cnych sytuacjach.<\/p>\n\n\n\n<figure class=\"wp-block-image size-large\"><img loading=\"lazy\" decoding=\"async\" width=\"1024\" height=\"683\" src=\"https:\/\/www.skalnik.pl\/blog\/wp-content\/uploads\/2021\/11\/Rab-Microlight-Alpine-kompresja.jpg\" alt=\"Rab Microlight Alpine - kompresja\" class=\"wp-image-18640\" srcset=\"https:\/\/www.skalnik.pl\/blog\/wp-content\/uploads\/2021\/11\/Rab-Microlight-Alpine-kompresja.jpg 1024w, https:\/\/www.skalnik.pl\/blog\/wp-content\/uploads\/2021\/11\/Rab-Microlight-Alpine-kompresja-300x200.jpg 300w, https:\/\/www.skalnik.pl\/blog\/wp-content\/uploads\/2021\/11\/Rab-Microlight-Alpine-kompresja-768x512.jpg 768w\" sizes=\"auto, (max-width: 1024px) 100vw, 1024px\" \/><figcaption><em>Rab wie, jak cenne jest miejsce w plecaku. Kurtka Microlight Alpine kompresuje si\u0119 wi\u0119c do niewielkich rozmiar\u00f3w (fot. Rab)<\/em><\/figcaption><\/figure>\n\n\n\n<p>Niew\u0105tpliw\u0105 zalet\u0105 tej kurtki jest te\u017c <strong>\u015bwietny stosunek <\/strong>ceny do jako\u015bci. Kurtki puchowe, jak wi\u0119kszo\u015b\u0107 produkt\u00f3w wytwarzanych z naturalnych materia\u0142\u00f3w, s\u0105 zazwyczaj do\u015b\u0107 drogie. Microlight Alpine nie nadwyr\u0119\u017cy jednak bardzo domowego bud\u017cetu.<\/p>\n\n\n\n<p>Projektanci Rab postarali si\u0119 r\u00f3wnie\u017c, by ta kurtka puchowa po prostu dobrze wygl\u0105da\u0142a. Funkcjonalny, a jednocze\u015bnie <strong>dopasowany do sylwetki kr\u00f3j<\/strong>, sprawia, \u017ce Microlight Alpine mo\u017cesz ubra\u0107 r\u00f3wnie\u017c na spacer w mie\u015bcie i nie obawia\u0107 si\u0119, \u017ce staniesz si\u0119 nierozpoznawalnym kszta\u0142tem owini\u0119tym w materia\u0142.<\/p>\n\n\n\n<p>Elastyczne mankiety dopasuj\u0105 r\u0119kawy, a na dole znajdziesz \u015bci\u0105gacz do wyregulowania kurtki. Praktycznym detalem jest r\u00f3wnie\u017c <strong>usztywniony brzeg kaptura<\/strong>. Dzi\u0119ki temu materia\u0142 nie b\u0119dzie opada\u0142 ci na oczy. Szyj\u0119 przed zimnem ochroni natomiast <strong>ciep\u0142a garda<\/strong>.<\/p>\n\n\n\n<div class=\"wp-block-image\"><figure class=\"aligncenter size-large\"><img loading=\"lazy\" decoding=\"async\" width=\"1024\" height=\"683\" src=\"https:\/\/www.skalnik.pl\/blog\/wp-content\/uploads\/2021\/11\/Rab-Microlight-Alpine-garda.jpg\" alt=\"Rab Microlight Alpine - garda\" class=\"wp-image-18637\" srcset=\"https:\/\/www.skalnik.pl\/blog\/wp-content\/uploads\/2021\/11\/Rab-Microlight-Alpine-garda.jpg 1024w, https:\/\/www.skalnik.pl\/blog\/wp-content\/uploads\/2021\/11\/Rab-Microlight-Alpine-garda-300x200.jpg 300w, https:\/\/www.skalnik.pl\/blog\/wp-content\/uploads\/2021\/11\/Rab-Microlight-Alpine-garda-768x512.jpg 768w\" sizes=\"auto, (max-width: 1024px) 100vw, 1024px\" \/><figcaption><em>Garda zapewni dodatkow\u0105 ochron\u0119 przed ch\u0142odem (fot. Rab)<\/em><\/figcaption><\/figure><\/div>\n\n\n\n<p>Kurtka puchowa Microlight Alpine jest dost\u0119pna w <strong>wersji dla pan\u00f3w i pa\u0144<\/strong>. Kurtka puchowa damska ma kr\u00f3j dopasowany do kobiecej sylwetki. Rozpoznasz j\u0105 po dopisku Women przy nazwie modelu.<\/p>\n\n\n\n<p>Zar\u00f3wno kurtka puchowa m\u0119ska, jak i damska s\u0105 dost\u0119pne w <strong>wersji Long<\/strong> z przed\u0142u\u017conym ty\u0142em. To dobry wyb\u00f3r dla wysokich os\u00f3b lub tych, kt\u00f3rym szczeg\u00f3lnie dokucza ch\u0142\u00f3d.<\/p>\n\n\n\n<iframe loading=\"lazy\" src=\"https:\/\/www.youtube.com\/embed\/1EMFilm32Dw\" title=\"YouTube video player\" allow=\"accelerometer; autoplay; clipboard-write; encrypted-media; gyroscope; picture-in-picture\" allowfullscreen=\"\" width=\"800\" height=\"442\" frameborder=\"0\"><\/iframe>\n\n\n\n<h2 class=\"wp-block-heading\"><span class=\"ez-toc-section\" id=\"Najnowsza_wersja_%E2%80%93_jeszcze_bardziej_naturalna\"><\/span>Najnowsza wersja \u2013 jeszcze bardziej naturalna<span class=\"ez-toc-section-end\"><\/span><\/h2>\n\n\n\n<p>Na zewn\u0105trz kurtki Rab Microlight Alpine znajdziesz <strong>Pertex Quantum<\/strong> &#8211; lekki i odporny na uszkodzenia ripstopowy nylon. Dzi\u0119ki g\u0119stej strukturze \u015bwietnie chroni on przed wiatrem. Hydrofobowa pow\u0142oka DWR sprawia natomiast, \u017ce cz\u0105steczki wody s\u0105 odpychane od materia\u0142u, zamiast w niego wsi\u0105ka\u0107. Tak uzbrojony Pertex Quantum nie zagwarantuje ci pe\u0142nej wodoodporno\u015bci, ale dzielnie stawi czo\u0142a lekkim opadom \u015bniegu czy deszczu.<\/p>\n\n\n\n<div class=\"wp-block-image\"><figure class=\"aligncenter size-large\"><img loading=\"lazy\" decoding=\"async\" width=\"1024\" height=\"768\" src=\"https:\/\/www.skalnik.pl\/blog\/wp-content\/uploads\/2021\/11\/Rab-Microlight-Alpine-w-g\u00f3rach.jpg\" alt=\"Rab Microlight Alpine i Pertex Quantum\" class=\"wp-image-18645\" srcset=\"https:\/\/www.skalnik.pl\/blog\/wp-content\/uploads\/2021\/11\/Rab-Microlight-Alpine-w-g\u00f3rach.jpg 1024w, https:\/\/www.skalnik.pl\/blog\/wp-content\/uploads\/2021\/11\/Rab-Microlight-Alpine-w-g\u00f3rach-300x225.jpg 300w, https:\/\/www.skalnik.pl\/blog\/wp-content\/uploads\/2021\/11\/Rab-Microlight-Alpine-w-g\u00f3rach-768x576.jpg 768w\" sizes=\"auto, (max-width: 1024px) 100vw, 1024px\" \/><figcaption><em>Wytrzyma\u0142y Pertex Quantum zabezpiecza kurtk\u0119 od zewn\u0105trz (fot. Rab)<\/em><\/figcaption><\/figure><\/div>\n\n\n\n<p>Rab wie, \u017ce kultowe g\u00f3rskie modele odzie\u017cy trac\u0105 swoj\u0105 pozycj\u0119, je\u015bli tylko przestan\u0105 si\u0119 rozwija\u0107. Dlatego te\u017c ka\u017cda kolejna wersja Microlight Alpine jest jeszcze lepsza. W najnowszym modelu Rab wykona\u0142 kolejny krok w stron\u0119 ekologicznej produkcji. Tkanina Perteq Quantum jest w ca\u0142o\u015bci wykonana z surowc\u00f3w pochodz\u0105cych z recyklingu. Ta kurtka puchowa damska lub m\u0119ska chroni wi\u0119c nie tylko ciebie, lecz r\u00f3wnie\u017c \u015brodowisko.<\/p>\n\n\n\n<h2 class=\"wp-block-heading\"><span class=\"ez-toc-section\" id=\"Zajrzyjmy_do_wnetrza_%E2%80%93_puch_gesi_odporny_na_wilgoc\"><\/span>Zajrzyjmy do wn\u0119trza \u2013 puch g\u0119si odporny na wilgo\u0107<span class=\"ez-toc-section-end\"><\/span><\/h2>\n\n\n\n<p>Kurtki puchowe i wilgo\u0107 to zazwyczaj niezbyt dobre po\u0142\u0105czenie. Zawilgocony puch g\u0119si zbija si\u0119 i traci swoje zdolno\u015bci izolacyjne. Na szcz\u0119\u015bcie in\u017cynierowie znale\u017ali spos\u00f3b na przynajmniej cz\u0119\u015bciowe poprawienie natury. Kurtka puchowa damska i m\u0119ska Microlight Alpine posiada ocieplenie z puchu wzbogaconego o impregnacj\u0119 Nikwax. Taki <strong>hydrofobowy puch g\u0119si<\/strong>:<\/p>\n\n\n\n<ul class=\"wp-block-list\"><li>nie \u0142apie a\u017c tak szybko wilgoci,<\/li><li>nie zbija si\u0119 \u0142atwo pod jej wp\u0142ywem,<\/li><li>w razie przemoczenia schnie szybciej ni\u017c zwyk\u0142y puch pozbawiony ulepsze\u0144.<\/li><\/ul>\n\n\n\n<div class=\"wp-block-image\"><figure class=\"aligncenter size-large\"><img loading=\"lazy\" decoding=\"async\" width=\"1024\" height=\"683\" src=\"https:\/\/www.skalnik.pl\/blog\/wp-content\/uploads\/2021\/11\/Rab-RDS.jpg\" alt=\"Rab - puch RDS\" class=\"wp-image-18642\" srcset=\"https:\/\/www.skalnik.pl\/blog\/wp-content\/uploads\/2021\/11\/Rab-RDS.jpg 1024w, https:\/\/www.skalnik.pl\/blog\/wp-content\/uploads\/2021\/11\/Rab-RDS-300x200.jpg 300w, https:\/\/www.skalnik.pl\/blog\/wp-content\/uploads\/2021\/11\/Rab-RDS-768x512.jpg 768w\" sizes=\"auto, (max-width: 1024px) 100vw, 1024px\" \/><figcaption><em>Skorzystaj z niezwyk\u0142ego dary natury, jakim jest puch i ciesz si\u0119 ciep\u0142em przez ca\u0142y rok (fot. Rab)<\/em><\/figcaption><\/figure><\/div>\n\n\n\n<p>Co wa\u017cne, tegoroczny model Microlight Alpine zawiera wyczyszczony puch g\u0119si odzyskany z innych produkt\u00f3w. Ta kurtka puchowa w pe\u0142ni udowadnia wi\u0119c, jakie mo\u017cliwo\u015bci otwiera obecnie recykling przed producentami odzie\u017cy.<\/p>\n\n\n\n<p>Puch g\u0119si w Microlight Alpine umieszczono w starannie zaprojektowanych komorach. Dbaj\u0105 one o r\u00f3wnomiern\u0105 dystrybucj\u0119 puchu, dzi\u0119ki czemu kurtka puchowa chroni ca\u0142e twoje cia\u0142o.<\/p>\n\n\n\n<h2 class=\"wp-block-heading\"><span class=\"ez-toc-section\" id=\"Certyfikat_RDS_%E2%80%93_co_oznaczaja_te_trzy_literki\"><\/span><strong>Certyfikat<\/strong> RDS \u2013 co oznaczaj\u0105 te trzy literki?<span class=\"ez-toc-section-end\"><\/span><\/h2>\n\n\n\n<p>Na metce kurtki Rab Microlight Alpine znajdziesz trzy tajemnicze literki: RDS. Co one oznaczaj\u0105?<\/p>\n\n\n\n<p><strong>Certyfikat RDS<\/strong>, czyli Responsible Down Standard, to jeden z wa\u017cniejszych certyfikat\u00f3w w bran\u017cy w\u0142\u00f3kienniczej. Je\u015bli na metce danej kurtki widnieje ten skr\u00f3t, to mo\u017cna by\u0107 pewnym, \u017ce znajduj\u0105cy si\u0119 w \u015brodku puch pozyskano od ptak\u00f3w, kt\u00f3re hodowano w dobrych warunkach. Warto podkre\u015bli\u0107, \u017ce firmy przyst\u0119puj\u0105ce do tego programu zupe\u0142nie dobrowolnie zobowi\u0105zuj\u0105 si\u0119 do przestrzegania zaostrzonych norm post\u0119powania.<\/p>\n\n\n\n<div class=\"wp-block-image\"><figure class=\"aligncenter size-large is-resized\"><img loading=\"lazy\" decoding=\"async\" src=\"https:\/\/www.skalnik.pl\/blog\/wp-content\/uploads\/2021\/11\/Logo-RDS-968x1024.jpg\" alt=\"Logo RDS\" class=\"wp-image-18644\" width=\"242\" height=\"256\" srcset=\"https:\/\/www.skalnik.pl\/blog\/wp-content\/uploads\/2021\/11\/Logo-RDS-968x1024.jpg 968w, https:\/\/www.skalnik.pl\/blog\/wp-content\/uploads\/2021\/11\/Logo-RDS-284x300.jpg 284w, https:\/\/www.skalnik.pl\/blog\/wp-content\/uploads\/2021\/11\/Logo-RDS-768x812.jpg 768w, https:\/\/www.skalnik.pl\/blog\/wp-content\/uploads\/2021\/11\/Logo-RDS.jpg 1024w\" sizes=\"auto, (max-width: 242px) 100vw, 242px\" \/><figcaption><em>Logiem RDS mog\u0105 si\u0119 pochwali\u0107 tylko producenci stosuj\u0105cy zaostrzone normy post\u0119powania (fot. Rab) <\/em><\/figcaption><\/figure><\/div>\n\n\n\n<p>Jakie zasady musz\u0105 by\u0107 spe\u0142nione, aby m\u00f3c otrzyma\u0107 puch RDS? Najwa\u017cniejsze regu\u0142y m\u00f3wi\u0105 o:<\/p>\n\n\n\n<ul class=\"wp-block-list\"><li>zakazie pozyskiwania puchu i pierza z \u017cywych ptak\u00f3w<\/li><li>zakazie karmienia ptak\u00f3w si\u0142\u0105<\/li><li>obowi\u0105zku kontroli ka\u017cdego etapu \u0142a\u0144cucha dostaw przez niezale\u017cn\u0105 jednostk\u0119<\/li><li>obowi\u0105zku zapewnienia ptakom godnych warunk\u00f3w \u017cycia od wyl\u0119gu do uboju.<\/li><\/ul>\n\n\n\n<p>Warto podkre\u015bli\u0107, \u017ce puch RDS musi stanowi\u0107 100% puchu znajduj\u0105cego si\u0119 w danej kurtce, aby mo\u017cna by\u0142o u\u017cywa\u0107 na metce tego trzyliterowego skr\u00f3tu.<\/p>\n\n\n\n<p>Kurtki Rab, r\u00f3wnie\u017c Microlight Alpine, powstaj\u0105 jedynie z puchu i pierza posiadaj\u0105cych certyfikat RDS. Recykling i logo RDS to dwa g\u0142\u00f3wne punkty udowadniaj\u0105ce, \u017ce Rab nie tylko m\u00f3wi o ochronie \u015brodowiska, lecz tak\u017ce podejmuje faktyczne dzia\u0142ania w tym kierunku.<\/p>\n\n\n\n<div class=\"wp-block-image\"><figure class=\"aligncenter size-large\"><img loading=\"lazy\" decoding=\"async\" width=\"1024\" height=\"683\" src=\"https:\/\/www.skalnik.pl\/blog\/wp-content\/uploads\/2021\/11\/Kurtki-Rab-Microlight-Alpine.jpg\" alt=\"Kurtki Rab Microlight Alpine\" class=\"wp-image-18530\" srcset=\"https:\/\/www.skalnik.pl\/blog\/wp-content\/uploads\/2021\/11\/Kurtki-Rab-Microlight-Alpine.jpg 1024w, https:\/\/www.skalnik.pl\/blog\/wp-content\/uploads\/2021\/11\/Kurtki-Rab-Microlight-Alpine-300x200.jpg 300w, https:\/\/www.skalnik.pl\/blog\/wp-content\/uploads\/2021\/11\/Kurtki-Rab-Microlight-Alpine-768x512.jpg 768w\" sizes=\"auto, (max-width: 1024px) 100vw, 1024px\" \/><figcaption><em>Kurtki Rab Microlight Alpine towarzysz\u0105 turystom na ca\u0142ym \u015bwiecie. Czy zdob\u0119d\u0105 r\u00f3wnie\u017c twoje uznanie? (fot. Rab)<\/em><\/figcaption><\/figure><\/div>\n\n\n\n<p>Kurtki puchowe damskie i m\u0119skie Microlight Alpine ju\u017c od ponad 10 lat towarzysz\u0105 turystom na szlakach w mro\u017ane dni. Najnowsza ods\u0142ona tego kultowego modelu \u015bwietnie izoluje od zimna, nie boi si\u0119 wilgoci, a na dodatek jest przyjazna dla \u015brodowiska. Rab po raz kolejny udowadnia wi\u0119c, \u017ce zamiast spocz\u0105\u0107 na laurach, woli wci\u0105\u017c ulepsza\u0107 i rozwija\u0107 modele, kt\u00f3re podbi\u0142y serca tysi\u0119cy turyst\u00f3w. Je\u015bli Microlight Alpine to r\u00f3wnie\u017c tw\u00f3j wyb\u00f3r na zimowe dni, daj zna\u0107 w komentarzu, za co ty cenisz ten model.<\/p>\n\n\n\n<p class=\"has-text-align-right\"><em>Katarzyna Ha\u0142upka<\/em><\/p>\n","protected":false},"excerpt":{"rendered":"<p>Kurtka puchowa Rab Microlight Alpine to dla wielu kultowy model. Co wyr\u00f3\u017cnia t\u0119 kurtk\u0119?<\/p>\n","protected":false},"author":7,"featured_media":18635,"comment_status":"open","ping_status":"open","sticky":false,"template":"","format":"standard","meta":{"_acf_changed":false,"footnotes":""},"categories":[5],"tags":[27,132,16],"magento_category":[168],"magento_product":[],"class_list":["post-18520","post","type-post","status-publish","format-standard","has-post-thumbnail","hentry","category-branza","tag-eko","tag-kurtki-puchowe","tag-zima"],"acf":[],"aioseo_notices":[],"aioseo_head":"\n\t\t<!-- All in One SEO 4.9.10 - aioseo.com -->\n\t<meta name=\"description\" content=\"Kurtka puchowa Rab Microlight Alpine zawiera puch g\u0119si \u015bwietnie izoluj\u0105cy od zimna. Sprawd\u017a, czemu jeszcze ta kurtka Rab to dla wielu kultowa kurtka puchowa.\" \/>\n\t<meta name=\"robots\" content=\"max-image-preview:large\" \/>\n\t<meta name=\"author\" content=\"Redakcja skalnik.pl\"\/>\n\t<link rel=\"canonical\" href=\"https:\/\/www.skalnik.pl\/blog\/kurtka-rab-microlight-alpine-kultowa-i-coraz-lepsza\/\" \/>\n\t<meta name=\"generator\" content=\"All in One SEO (AIOSEO) 4.9.10\" \/>\n\t\t<meta property=\"og:locale\" content=\"pl_PL\" \/>\n\t\t<meta property=\"og:site_name\" content=\"blog Skalnik - Blog, porady, artyku\u0142y - blog Skalnik\" \/>\n\t\t<meta property=\"og:type\" content=\"article\" \/>\n\t\t<meta property=\"og:title\" content=\"Kurtka Rab Microlight Alpine \u2013 kultowa i coraz lepsza - blog Skalnik\" \/>\n\t\t<meta property=\"og:description\" content=\"Kurtka puchowa Rab Microlight Alpine zawiera puch g\u0119si \u015bwietnie izoluj\u0105cy od zimna. Sprawd\u017a, czemu jeszcze ta kurtka Rab to dla wielu kultowa kurtka puchowa.\" \/>\n\t\t<meta property=\"og:url\" content=\"https:\/\/www.skalnik.pl\/blog\/kurtka-rab-microlight-alpine-kultowa-i-coraz-lepsza\/\" \/>\n\t\t<meta property=\"og:image\" content=\"https:\/\/www.skalnik.pl\/blog\/wp-content\/uploads\/2021\/11\/Rab-Microlight-Alpine-wspinaczka.jpg\" \/>\n\t\t<meta property=\"og:image:secure_url\" content=\"https:\/\/www.skalnik.pl\/blog\/wp-content\/uploads\/2021\/11\/Rab-Microlight-Alpine-wspinaczka.jpg\" \/>\n\t\t<meta property=\"og:image:width\" content=\"1024\" \/>\n\t\t<meta property=\"og:image:height\" content=\"772\" \/>\n\t\t<meta property=\"article:tag\" content=\"bran\u017ca\" \/>\n\t\t<meta property=\"article:tag\" content=\"eko\" \/>\n\t\t<meta property=\"article:tag\" content=\"kurtki puchowe\" \/>\n\t\t<meta property=\"article:tag\" content=\"zima\" \/>\n\t\t<meta property=\"article:published_time\" content=\"2021-11-26T07:25:00+00:00\" \/>\n\t\t<meta property=\"article:modified_time\" content=\"2023-01-12T08:30:09+00:00\" \/>\n\t\t<meta name=\"twitter:card\" content=\"summary_large_image\" \/>\n\t\t<meta name=\"twitter:title\" content=\"Kurtka Rab Microlight Alpine \u2013 kultowa i coraz lepsza - blog Skalnik\" \/>\n\t\t<meta name=\"twitter:description\" content=\"Kurtka puchowa Rab Microlight Alpine zawiera puch g\u0119si \u015bwietnie izoluj\u0105cy od zimna. Sprawd\u017a, czemu jeszcze ta kurtka Rab to dla wielu kultowa kurtka puchowa.\" \/>\n\t\t<meta name=\"twitter:image\" content=\"https:\/\/www.skalnik.pl\/blog\/wp-content\/uploads\/2021\/11\/Rab-Microlight-Alpine-wspinaczka.jpg\" \/>\n\t\t<script type=\"application\/ld+json\" class=\"aioseo-schema\">\n\t\t\t{\"@context\":\"https:\\\/\\\/schema.org\",\"@graph\":[{\"@type\":\"BlogPosting\",\"@id\":\"https:\\\/\\\/www.skalnik.pl\\\/blog\\\/kurtka-rab-microlight-alpine-kultowa-i-coraz-lepsza\\\/#blogposting\",\"name\":\"Kurtka Rab Microlight Alpine \\u2013 kultowa i coraz lepsza - blog Skalnik\",\"headline\":\"Kurtka Rab Microlight Alpine \\u2013 kultowa i coraz lepsza\",\"author\":{\"@id\":\"https:\\\/\\\/www.skalnik.pl\\\/blog\\\/author\\\/redakcja-skalnik-pl\\\/#author\"},\"publisher\":{\"@id\":\"https:\\\/\\\/www.skalnik.pl\\\/blog\\\/#organization\"},\"image\":{\"@type\":\"ImageObject\",\"url\":\"https:\\\/\\\/www.skalnik.pl\\\/blog\\\/wp-content\\\/uploads\\\/2021\\\/11\\\/Kurtka-Rab-Microlight-Alpine-m\\u0119ska-i-damska.jpg\",\"width\":1920,\"height\":705,\"caption\":\"Microlight Campaign AW20. 3F6B8977.jpg\"},\"datePublished\":\"2021-11-26T08:25:00+02:00\",\"dateModified\":\"2023-01-12T09:30:09+02:00\",\"inLanguage\":\"pl-PL\",\"mainEntityOfPage\":{\"@id\":\"https:\\\/\\\/www.skalnik.pl\\\/blog\\\/kurtka-rab-microlight-alpine-kultowa-i-coraz-lepsza\\\/#webpage\"},\"isPartOf\":{\"@id\":\"https:\\\/\\\/www.skalnik.pl\\\/blog\\\/kurtka-rab-microlight-alpine-kultowa-i-coraz-lepsza\\\/#webpage\"},\"articleSection\":\"Bran\\u017ca, eko, kurtki puchowe, zima, 1091\"},{\"@type\":\"BreadcrumbList\",\"@id\":\"https:\\\/\\\/www.skalnik.pl\\\/blog\\\/kurtka-rab-microlight-alpine-kultowa-i-coraz-lepsza\\\/#breadcrumblist\",\"itemListElement\":[{\"@type\":\"ListItem\",\"@id\":\"https:\\\/\\\/www.skalnik.pl\\\/blog#listItem\",\"position\":1,\"name\":\"Home\",\"item\":\"https:\\\/\\\/www.skalnik.pl\\\/blog\",\"nextItem\":{\"@type\":\"ListItem\",\"@id\":\"https:\\\/\\\/www.skalnik.pl\\\/blog\\\/.\\\/branza\\\/#listItem\",\"name\":\"Bran\\u017ca\"}},{\"@type\":\"ListItem\",\"@id\":\"https:\\\/\\\/www.skalnik.pl\\\/blog\\\/.\\\/branza\\\/#listItem\",\"position\":2,\"name\":\"Bran\\u017ca\",\"item\":\"https:\\\/\\\/www.skalnik.pl\\\/blog\\\/.\\\/branza\\\/\",\"nextItem\":{\"@type\":\"ListItem\",\"@id\":\"https:\\\/\\\/www.skalnik.pl\\\/blog\\\/kurtka-rab-microlight-alpine-kultowa-i-coraz-lepsza\\\/#listItem\",\"name\":\"Kurtka Rab Microlight Alpine \\u2013 kultowa i coraz lepsza\"},\"previousItem\":{\"@type\":\"ListItem\",\"@id\":\"https:\\\/\\\/www.skalnik.pl\\\/blog#listItem\",\"name\":\"Home\"}},{\"@type\":\"ListItem\",\"@id\":\"https:\\\/\\\/www.skalnik.pl\\\/blog\\\/kurtka-rab-microlight-alpine-kultowa-i-coraz-lepsza\\\/#listItem\",\"position\":3,\"name\":\"Kurtka Rab Microlight Alpine \\u2013 kultowa i coraz lepsza\",\"previousItem\":{\"@type\":\"ListItem\",\"@id\":\"https:\\\/\\\/www.skalnik.pl\\\/blog\\\/.\\\/branza\\\/#listItem\",\"name\":\"Bran\\u017ca\"}}]},{\"@type\":\"Organization\",\"@id\":\"https:\\\/\\\/www.skalnik.pl\\\/blog\\\/#organization\",\"name\":\"blog Skalnik\",\"description\":\"Blog, porady, artyku\\u0142y - blog Skalnik\",\"url\":\"https:\\\/\\\/www.skalnik.pl\\\/blog\\\/\"},{\"@type\":\"Person\",\"@id\":\"https:\\\/\\\/www.skalnik.pl\\\/blog\\\/author\\\/redakcja-skalnik-pl\\\/#author\",\"url\":\"https:\\\/\\\/www.skalnik.pl\\\/blog\\\/author\\\/redakcja-skalnik-pl\\\/\",\"name\":\"Redakcja skalnik.pl\",\"image\":{\"@type\":\"ImageObject\",\"@id\":\"https:\\\/\\\/www.skalnik.pl\\\/blog\\\/kurtka-rab-microlight-alpine-kultowa-i-coraz-lepsza\\\/#authorImage\",\"url\":\"https:\\\/\\\/secure.gravatar.com\\\/avatar\\\/7eab29b048aaf0899cd9a145e9adb814e2130ced31e65b454b902500bea65f9e?s=96&d=mm&r=g\",\"width\":96,\"height\":96,\"caption\":\"Redakcja skalnik.pl\"}},{\"@type\":\"WebPage\",\"@id\":\"https:\\\/\\\/www.skalnik.pl\\\/blog\\\/kurtka-rab-microlight-alpine-kultowa-i-coraz-lepsza\\\/#webpage\",\"url\":\"https:\\\/\\\/www.skalnik.pl\\\/blog\\\/kurtka-rab-microlight-alpine-kultowa-i-coraz-lepsza\\\/\",\"name\":\"Kurtka Rab Microlight Alpine \\u2013 kultowa i coraz lepsza - blog Skalnik\",\"description\":\"Kurtka puchowa Rab Microlight Alpine zawiera puch g\\u0119si \\u015bwietnie izoluj\\u0105cy od zimna. Sprawd\\u017a, czemu jeszcze ta kurtka Rab to dla wielu kultowa kurtka puchowa.\",\"inLanguage\":\"pl-PL\",\"isPartOf\":{\"@id\":\"https:\\\/\\\/www.skalnik.pl\\\/blog\\\/#website\"},\"breadcrumb\":{\"@id\":\"https:\\\/\\\/www.skalnik.pl\\\/blog\\\/kurtka-rab-microlight-alpine-kultowa-i-coraz-lepsza\\\/#breadcrumblist\"},\"author\":{\"@id\":\"https:\\\/\\\/www.skalnik.pl\\\/blog\\\/author\\\/redakcja-skalnik-pl\\\/#author\"},\"creator\":{\"@id\":\"https:\\\/\\\/www.skalnik.pl\\\/blog\\\/author\\\/redakcja-skalnik-pl\\\/#author\"},\"image\":{\"@type\":\"ImageObject\",\"url\":\"https:\\\/\\\/www.skalnik.pl\\\/blog\\\/wp-content\\\/uploads\\\/2021\\\/11\\\/Kurtka-Rab-Microlight-Alpine-m\\u0119ska-i-damska.jpg\",\"@id\":\"https:\\\/\\\/www.skalnik.pl\\\/blog\\\/kurtka-rab-microlight-alpine-kultowa-i-coraz-lepsza\\\/#mainImage\",\"width\":1920,\"height\":705,\"caption\":\"Microlight Campaign AW20. 3F6B8977.jpg\"},\"primaryImageOfPage\":{\"@id\":\"https:\\\/\\\/www.skalnik.pl\\\/blog\\\/kurtka-rab-microlight-alpine-kultowa-i-coraz-lepsza\\\/#mainImage\"},\"datePublished\":\"2021-11-26T08:25:00+02:00\",\"dateModified\":\"2023-01-12T09:30:09+02:00\"},{\"@type\":\"WebSite\",\"@id\":\"https:\\\/\\\/www.skalnik.pl\\\/blog\\\/#website\",\"url\":\"https:\\\/\\\/www.skalnik.pl\\\/blog\\\/\",\"name\":\"blog Skalnik\",\"description\":\"Blog, porady, artyku\\u0142y - blog Skalnik\",\"inLanguage\":\"pl-PL\",\"publisher\":{\"@id\":\"https:\\\/\\\/www.skalnik.pl\\\/blog\\\/#organization\"}}]}\n\t\t<\/script>\n\t\t<!-- All in One SEO -->\n\n","aioseo_head_json":{"title":"Kurtka Rab Microlight Alpine \u2013 kultowa i coraz lepsza - blog Skalnik","description":"Kurtka puchowa Rab Microlight Alpine zawiera puch g\u0119si \u015bwietnie izoluj\u0105cy od zimna. Sprawd\u017a, czemu jeszcze ta kurtka Rab to dla wielu kultowa kurtka puchowa.","canonical_url":"https:\/\/www.skalnik.pl\/blog\/kurtka-rab-microlight-alpine-kultowa-i-coraz-lepsza\/","robots":"max-image-preview:large","keywords":"","webmasterTools":{"miscellaneous":""},"schema":{"@context":"https:\/\/schema.org","@graph":[{"@type":"BlogPosting","@id":"https:\/\/www.skalnik.pl\/blog\/kurtka-rab-microlight-alpine-kultowa-i-coraz-lepsza\/#blogposting","name":"Kurtka Rab Microlight Alpine \u2013 kultowa i coraz lepsza - blog Skalnik","headline":"Kurtka Rab Microlight Alpine \u2013 kultowa i coraz lepsza","author":{"@id":"https:\/\/www.skalnik.pl\/blog\/author\/redakcja-skalnik-pl\/#author"},"publisher":{"@id":"https:\/\/www.skalnik.pl\/blog\/#organization"},"image":{"@type":"ImageObject","url":"https:\/\/www.skalnik.pl\/blog\/wp-content\/uploads\/2021\/11\/Kurtka-Rab-Microlight-Alpine-m\u0119ska-i-damska.jpg","width":1920,"height":705,"caption":"Microlight Campaign AW20. 3F6B8977.jpg"},"datePublished":"2021-11-26T08:25:00+02:00","dateModified":"2023-01-12T09:30:09+02:00","inLanguage":"pl-PL","mainEntityOfPage":{"@id":"https:\/\/www.skalnik.pl\/blog\/kurtka-rab-microlight-alpine-kultowa-i-coraz-lepsza\/#webpage"},"isPartOf":{"@id":"https:\/\/www.skalnik.pl\/blog\/kurtka-rab-microlight-alpine-kultowa-i-coraz-lepsza\/#webpage"},"articleSection":"Bran\u017ca, eko, kurtki puchowe, zima, 1091"},{"@type":"BreadcrumbList","@id":"https:\/\/www.skalnik.pl\/blog\/kurtka-rab-microlight-alpine-kultowa-i-coraz-lepsza\/#breadcrumblist","itemListElement":[{"@type":"ListItem","@id":"https:\/\/www.skalnik.pl\/blog#listItem","position":1,"name":"Home","item":"https:\/\/www.skalnik.pl\/blog","nextItem":{"@type":"ListItem","@id":"https:\/\/www.skalnik.pl\/blog\/.\/branza\/#listItem","name":"Bran\u017ca"}},{"@type":"ListItem","@id":"https:\/\/www.skalnik.pl\/blog\/.\/branza\/#listItem","position":2,"name":"Bran\u017ca","item":"https:\/\/www.skalnik.pl\/blog\/.\/branza\/","nextItem":{"@type":"ListItem","@id":"https:\/\/www.skalnik.pl\/blog\/kurtka-rab-microlight-alpine-kultowa-i-coraz-lepsza\/#listItem","name":"Kurtka Rab Microlight Alpine \u2013 kultowa i coraz lepsza"},"previousItem":{"@type":"ListItem","@id":"https:\/\/www.skalnik.pl\/blog#listItem","name":"Home"}},{"@type":"ListItem","@id":"https:\/\/www.skalnik.pl\/blog\/kurtka-rab-microlight-alpine-kultowa-i-coraz-lepsza\/#listItem","position":3,"name":"Kurtka Rab Microlight Alpine \u2013 kultowa i coraz lepsza","previousItem":{"@type":"ListItem","@id":"https:\/\/www.skalnik.pl\/blog\/.\/branza\/#listItem","name":"Bran\u017ca"}}]},{"@type":"Organization","@id":"https:\/\/www.skalnik.pl\/blog\/#organization","name":"blog Skalnik","description":"Blog, porady, artyku\u0142y - blog Skalnik","url":"https:\/\/www.skalnik.pl\/blog\/"},{"@type":"Person","@id":"https:\/\/www.skalnik.pl\/blog\/author\/redakcja-skalnik-pl\/#author","url":"https:\/\/www.skalnik.pl\/blog\/author\/redakcja-skalnik-pl\/","name":"Redakcja skalnik.pl","image":{"@type":"ImageObject","@id":"https:\/\/www.skalnik.pl\/blog\/kurtka-rab-microlight-alpine-kultowa-i-coraz-lepsza\/#authorImage","url":"https:\/\/secure.gravatar.com\/avatar\/7eab29b048aaf0899cd9a145e9adb814e2130ced31e65b454b902500bea65f9e?s=96&d=mm&r=g","width":96,"height":96,"caption":"Redakcja skalnik.pl"}},{"@type":"WebPage","@id":"https:\/\/www.skalnik.pl\/blog\/kurtka-rab-microlight-alpine-kultowa-i-coraz-lepsza\/#webpage","url":"https:\/\/www.skalnik.pl\/blog\/kurtka-rab-microlight-alpine-kultowa-i-coraz-lepsza\/","name":"Kurtka Rab Microlight Alpine \u2013 kultowa i coraz lepsza - blog Skalnik","description":"Kurtka puchowa Rab Microlight Alpine zawiera puch g\u0119si \u015bwietnie izoluj\u0105cy od zimna. Sprawd\u017a, czemu jeszcze ta kurtka Rab to dla wielu kultowa kurtka puchowa.","inLanguage":"pl-PL","isPartOf":{"@id":"https:\/\/www.skalnik.pl\/blog\/#website"},"breadcrumb":{"@id":"https:\/\/www.skalnik.pl\/blog\/kurtka-rab-microlight-alpine-kultowa-i-coraz-lepsza\/#breadcrumblist"},"author":{"@id":"https:\/\/www.skalnik.pl\/blog\/author\/redakcja-skalnik-pl\/#author"},"creator":{"@id":"https:\/\/www.skalnik.pl\/blog\/author\/redakcja-skalnik-pl\/#author"},"image":{"@type":"ImageObject","url":"https:\/\/www.skalnik.pl\/blog\/wp-content\/uploads\/2021\/11\/Kurtka-Rab-Microlight-Alpine-m\u0119ska-i-damska.jpg","@id":"https:\/\/www.skalnik.pl\/blog\/kurtka-rab-microlight-alpine-kultowa-i-coraz-lepsza\/#mainImage","width":1920,"height":705,"caption":"Microlight Campaign AW20. 3F6B8977.jpg"},"primaryImageOfPage":{"@id":"https:\/\/www.skalnik.pl\/blog\/kurtka-rab-microlight-alpine-kultowa-i-coraz-lepsza\/#mainImage"},"datePublished":"2021-11-26T08:25:00+02:00","dateModified":"2023-01-12T09:30:09+02:00"},{"@type":"WebSite","@id":"https:\/\/www.skalnik.pl\/blog\/#website","url":"https:\/\/www.skalnik.pl\/blog\/","name":"blog Skalnik","description":"Blog, porady, artyku\u0142y - blog Skalnik","inLanguage":"pl-PL","publisher":{"@id":"https:\/\/www.skalnik.pl\/blog\/#organization"}}]},"og:locale":"pl_PL","og:site_name":"blog Skalnik - Blog, porady, artyku\u0142y - blog Skalnik","og:type":"article","og:title":"Kurtka Rab Microlight Alpine \u2013 kultowa i coraz lepsza - blog Skalnik","og:description":"Kurtka puchowa Rab Microlight Alpine zawiera puch g\u0119si \u015bwietnie izoluj\u0105cy od zimna. Sprawd\u017a, czemu jeszcze ta kurtka Rab to dla wielu kultowa kurtka puchowa.","og:url":"https:\/\/www.skalnik.pl\/blog\/kurtka-rab-microlight-alpine-kultowa-i-coraz-lepsza\/","og:image":"https:\/\/www.skalnik.pl\/blog\/wp-content\/uploads\/2021\/11\/Rab-Microlight-Alpine-wspinaczka.jpg","og:image:secure_url":"https:\/\/www.skalnik.pl\/blog\/wp-content\/uploads\/2021\/11\/Rab-Microlight-Alpine-wspinaczka.jpg","og:image:width":1024,"og:image:height":772,"article:tag":["bran\u017ca","eko","kurtki puchowe","zima"],"article:published_time":"2021-11-26T07:25:00+00:00","article:modified_time":"2023-01-12T08:30:09+00:00","twitter:card":"summary_large_image","twitter:title":"Kurtka Rab Microlight Alpine \u2013 kultowa i coraz lepsza - blog Skalnik","twitter:description":"Kurtka puchowa Rab Microlight Alpine zawiera puch g\u0119si \u015bwietnie izoluj\u0105cy od zimna. Sprawd\u017a, czemu jeszcze ta kurtka Rab to dla wielu kultowa kurtka puchowa.","twitter:image":"https:\/\/www.skalnik.pl\/blog\/wp-content\/uploads\/2021\/11\/Rab-Microlight-Alpine-wspinaczka.jpg"},"aioseo_meta_data":{"post_id":"18520","title":null,"description":"Kurtka puchowa Rab Microlight Alpine zawiera puch g\u0119si \u015bwietnie izoluj\u0105cy od zimna. Sprawd\u017a, czemu jeszcze ta kurtka Rab to dla wielu kultowa kurtka puchowa.","keywords":[{"label":"kurtka puchowa","value":"kurtka puchowa"},{"label":"kurtka puchowa damska","value":"kurtka puchowa damska"},{"label":"kurtka puchowa m\u0119ska","value":"kurtka puchowa m\u0119ska"},{"label":"kurtka zimowa","value":"kurtka zimowa"},{"label":"puch g\u0119si","value":"puch g\u0119si"},{"label":"kurtki Rab","value":"kurtki Rab"}],"keyphrases":null,"primary_term":null,"canonical_url":"","og_title":null,"og_description":null,"og_object_type":"default","og_image_type":"default","og_image_url":null,"og_image_width":null,"og_image_height":null,"og_image_custom_url":null,"og_image_custom_fields":null,"og_video":null,"og_custom_url":null,"og_article_section":null,"og_article_tags":null,"twitter_use_og":false,"twitter_card":"default","twitter_image_type":"default","twitter_image_url":null,"twitter_image_custom_url":null,"twitter_image_custom_fields":null,"twitter_title":null,"twitter_description":null,"schema":{"blockGraphs":[],"customGraphs":[],"default":{"data":{"Article":[],"Course":[],"Dataset":[],"FAQPage":[],"Movie":[],"Person":[],"Product":[],"ProductReview":[],"Car":[],"Recipe":[],"Service":[],"SoftwareApplication":[],"WebPage":[]},"graphName":"BlogPosting","isEnabled":true},"graphs":[]},"schema_type":"default","schema_type_options":null,"pillar_content":false,"robots_default":true,"robots_noindex":false,"robots_noarchive":false,"robots_nosnippet":false,"robots_nofollow":false,"robots_noimageindex":false,"robots_noodp":false,"robots_notranslate":false,"robots_max_snippet":null,"robots_max_videopreview":null,"robots_max_imagepreview":"large","priority":null,"frequency":null,"local_seo":null,"breadcrumb_settings":null,"limit_modified_date":false,"ai":null,"created":"2022-08-26 10:42:55","updated":"2026-02-17 22:16:42","seo_analyzer_scan_date":null},"aioseo_breadcrumb":"<div class=\"aioseo-breadcrumbs\"><span class=\"aioseo-breadcrumb\">\n\t\t\t<a href=\"https:\/\/www.skalnik.pl\/blog\" title=\"Home\">Home<\/a>\n\t\t<\/span><span class=\"aioseo-breadcrumb-separator\">&raquo;<\/span><span class=\"aioseo-breadcrumb\">\n\t\t\t<a href=\"https:\/\/www.skalnik.pl\/blog\/.\/branza\/\" title=\"Bran\u017ca\">Bran\u017ca<\/a>\n\t\t<\/span><span class=\"aioseo-breadcrumb-separator\">&raquo;<\/span><span class=\"aioseo-breadcrumb\">\n\t\t\tKurtka Rab Microlight Alpine \u2013 kultowa i coraz lepsza\n\t\t<\/span><\/div>","aioseo_breadcrumb_json":[{"label":"Home","link":"https:\/\/www.skalnik.pl\/blog"},{"label":"Bran\u017ca","link":"https:\/\/www.skalnik.pl\/blog\/.\/branza\/"},{"label":"Kurtka Rab Microlight Alpine \u2013 kultowa i coraz lepsza","link":"https:\/\/www.skalnik.pl\/blog\/kurtka-rab-microlight-alpine-kultowa-i-coraz-lepsza\/"}],"_links":{"self":[{"href":"https:\/\/www.skalnik.pl\/blog\/wp-json\/wp\/v2\/posts\/18520","targetHints":{"allow":["GET"]}}],"collection":[{"href":"https:\/\/www.skalnik.pl\/blog\/wp-json\/wp\/v2\/posts"}],"about":[{"href":"https:\/\/www.skalnik.pl\/blog\/wp-json\/wp\/v2\/types\/post"}],"author":[{"embeddable":true,"href":"https:\/\/www.skalnik.pl\/blog\/wp-json\/wp\/v2\/users\/7"}],"replies":[{"embeddable":true,"href":"https:\/\/www.skalnik.pl\/blog\/wp-json\/wp\/v2\/comments?post=18520"}],"version-history":[{"count":12,"href":"https:\/\/www.skalnik.pl\/blog\/wp-json\/wp\/v2\/posts\/18520\/revisions"}],"predecessor-version":[{"id":21868,"href":"https:\/\/www.skalnik.pl\/blog\/wp-json\/wp\/v2\/posts\/18520\/revisions\/21868"}],"wp:featuredmedia":[{"embeddable":true,"href":"https:\/\/www.skalnik.pl\/blog\/wp-json\/wp\/v2\/media\/18635"}],"wp:attachment":[{"href":"https:\/\/www.skalnik.pl\/blog\/wp-json\/wp\/v2\/media?parent=18520"}],"wp:term":[{"taxonomy":"category","embeddable":true,"href":"https:\/\/www.skalnik.pl\/blog\/wp-json\/wp\/v2\/categories?post=18520"},{"taxonomy":"post_tag","embeddable":true,"href":"https:\/\/www.skalnik.pl\/blog\/wp-json\/wp\/v2\/tags?post=18520"},{"taxonomy":"magento_category","embeddable":true,"href":"https:\/\/www.skalnik.pl\/blog\/wp-json\/wp\/v2\/magento_category?post=18520"},{"taxonomy":"magento_product","embeddable":true,"href":"https:\/\/www.skalnik.pl\/blog\/wp-json\/wp\/v2\/magento_product?post=18520"}],"curies":[{"name":"wp","href":"https:\/\/api.w.org\/{rel}","templated":true}]}}