{"id":18863,"date":"2021-12-17T08:35:00","date_gmt":"2021-12-17T07:35:00","guid":{"rendered":"https:\/\/www.skalnik.pl\/blog\/?p=18863"},"modified":"2023-09-28T11:51:42","modified_gmt":"2023-09-28T09:51:42","slug":"raczki-pro-traxion-test","status":"publish","type":"post","link":"https:\/\/www.skalnik.pl\/blog\/raczki-pro-traxion-test\/","title":{"rendered":"Raczki Pro Traxion \u2013 test"},"content":{"rendered":"\n<p><strong>Zanim zaczn\u0105 si\u0119 mro\u017ane miesi\u0105ce, uzbrajamy nasze auta w opony zimowe. G\u00f3rskie buty r\u00f3wnie\u017c mo\u017cna wzmocni\u0107, zak\u0142adaj\u0105c na nie raki lub raczki. Postanowi\u0142am sprawdzi\u0107, czy na sudeckie szlaki raczki Pro Traxion marki VI.6+ b\u0119d\u0105 dobrym wyborem.<\/strong><\/p>\n\n\n\n<p>G\u00f3ry pokryte \u015bniegiem wygl\u0105daj\u0105 pi\u0119knie. W tej urodzie kryje si\u0119 te\u017c jednak niebezpiecze\u0144stwo po\u015blizgni\u0119cia i bolesnego upadku. Na szcz\u0119\u015bcie ludzka kreatywno\u015b\u0107 potrafi\u0142a znale\u017a\u0107 rozwi\u0105zanie i dla tego problemu. W wysokich g\u00f3rach raki, a w ni\u017cszych raczki na buty co roku pomagaj\u0105 tysi\u0105com turystom bezpiecznie przemierza\u0107 zimowe trasy. Jednym z popularniejszych modeli w Polsce s\u0105 raczki VI.6+ Pro Traxion. Przetestowa\u0142am, czy zas\u0142uguj\u0105 one na swoj\u0105 dobr\u0105 opini\u0119.<\/p>\n\n\n<div class=\"wp-block-image\">\n<figure class=\"aligncenter size-large\"><img loading=\"lazy\" decoding=\"async\" width=\"1024\" height=\"683\" src=\"https:\/\/www.skalnik.pl\/blog\/wp-content\/uploads\/2023\/01\/por\u00f3wnanie-raczk\u00f3w.jpg\" alt=\"por\u00f3wnanie raczk\u00f3w VI.6+\" class=\"wp-image-21880\" srcset=\"https:\/\/www.skalnik.pl\/blog\/wp-content\/uploads\/2023\/01\/por\u00f3wnanie-raczk\u00f3w.jpg 1024w, https:\/\/www.skalnik.pl\/blog\/wp-content\/uploads\/2023\/01\/por\u00f3wnanie-raczk\u00f3w-300x200.jpg 300w, https:\/\/www.skalnik.pl\/blog\/wp-content\/uploads\/2023\/01\/por\u00f3wnanie-raczk\u00f3w-768x512.jpg 768w\" sizes=\"auto, (max-width: 1024px) 100vw, 1024px\" \/><figcaption class=\"wp-element-caption\"><em>Czas przetestowa\u0107 popularne raczki turystyczne Pro Traxion. Na zdj\u0119ciu raczki Pro Traxion Lite (z lewej) i testowane raczki Pro Traxion (z prawej). <\/em><\/figcaption><\/figure>\n<\/div>\n\n\n<div id=\"ez-toc-container\" class=\"ez-toc-v2_0_85 counter-hierarchy ez-toc-counter ez-toc-light-blue ez-toc-container-direction\">\n<div class=\"ez-toc-title-container\">\n<p class=\"ez-toc-title\" style=\"cursor:inherit\">SPIS TRE\u015aCI <\/p>\n<span class=\"ez-toc-title-toggle\"><a href=\"#\" class=\"ez-toc-pull-right ez-toc-btn ez-toc-btn-xs ez-toc-btn-default ez-toc-toggle\" aria-label=\"Prze\u0142\u0105cznik Spisu Tre\u015bci\"><span class=\"ez-toc-js-icon-con\"><span class=\"\"><span class=\"eztoc-hide\" style=\"display:none;\">Toggle<\/span><span class=\"ez-toc-icon-toggle-span\"><svg style=\"fill: #999;color:#999\" xmlns=\"http:\/\/www.w3.org\/2000\/svg\" class=\"list-377408\" width=\"20px\" height=\"20px\" viewBox=\"0 0 24 24\" fill=\"none\"><path d=\"M6 6H4v2h2V6zm14 0H8v2h12V6zM4 11h2v2H4v-2zm16 0H8v2h12v-2zM4 16h2v2H4v-2zm16 0H8v2h12v-2z\" fill=\"currentColor\"><\/path><\/svg><svg style=\"fill: #999;color:#999\" class=\"arrow-unsorted-368013\" xmlns=\"http:\/\/www.w3.org\/2000\/svg\" width=\"10px\" height=\"10px\" viewBox=\"0 0 24 24\" version=\"1.2\" baseProfile=\"tiny\"><path d=\"M18.2 9.3l-6.2-6.3-6.2 6.3c-.2.2-.3.4-.3.7s.1.5.3.7c.2.2.4.3.7.3h11c.3 0 .5-.1.7-.3.2-.2.3-.5.3-.7s-.1-.5-.3-.7zM5.8 14.7l6.2 6.3 6.2-6.3c.2-.2.3-.5.3-.7s-.1-.5-.3-.7c-.2-.2-.4-.3-.7-.3h-11c-.3 0-.5.1-.7.3-.2.2-.3.5-.3.7s.1.5.3.7z\"\/><\/svg><\/span><\/span><\/span><\/a><\/span><\/div>\n<nav><ul class='ez-toc-list ez-toc-list-level-1 ' ><li class='ez-toc-page-1 ez-toc-heading-level-2'><a class=\"ez-toc-link ez-toc-heading-1\" href=\"https:\/\/www.skalnik.pl\/blog\/raczki-pro-traxion-test\/#Jak_dzialaja_raczki\" >Jak dzia\u0142aj\u0105 raczki?<\/a><\/li><li class='ez-toc-page-1 ez-toc-heading-level-2'><a class=\"ez-toc-link ez-toc-heading-2\" href=\"https:\/\/www.skalnik.pl\/blog\/raczki-pro-traxion-test\/#Raczki_Pro_Traxion_%E2%80%93_jaki_rozmiar_wybrac\" >Raczki Pro Traxion \u2013 jaki rozmiar wybra\u0107?<\/a><\/li><li class='ez-toc-page-1 ez-toc-heading-level-2'><a class=\"ez-toc-link ez-toc-heading-3\" href=\"https:\/\/www.skalnik.pl\/blog\/raczki-pro-traxion-test\/#Jakie_buty_do_raczkow\" >Jakie buty do raczk\u00f3w?<\/a><\/li><li class='ez-toc-page-1 ez-toc-heading-level-2'><a class=\"ez-toc-link ez-toc-heading-4\" href=\"https:\/\/www.skalnik.pl\/blog\/raczki-pro-traxion-test\/#Raczki_Pro_Traxion_%E2%80%93_test\" >Raczki Pro Traxion \u2013 test<\/a><\/li><li class='ez-toc-page-1 ez-toc-heading-level-2'><a class=\"ez-toc-link ez-toc-heading-5\" href=\"https:\/\/www.skalnik.pl\/blog\/raczki-pro-traxion-test\/#Raczki_w_gory_%E2%80%93_pewne_kroki_w_kazdych_okolicznosciach\" >Raczki w g\u00f3ry \u2013 pewne kroki w ka\u017cdych okoliczno\u015bciach<\/a><\/li><\/ul><\/nav><\/div>\n<h2 class=\"wp-block-heading\"><span class=\"ez-toc-section\" id=\"Jak_dzialaja_raczki\"><\/span><strong>Jak dzia\u0142aj\u0105<\/strong> raczki?<span class=\"ez-toc-section-end\"><\/span><\/h2>\n\n\n\n<p>Na pocz\u0105tek kilka s\u0142\u00f3w wyja\u015bnienia dla tych, kt\u00f3rzy jeszcze nie mieli okazji skorzysta\u0107 ze specjalnej mocy, kt\u00f3r\u0105 daj\u0105 raczki w g\u00f3ry.<\/p>\n\n\n\n<p>Raczki turystyczne sk\u0142adaj\u0105 si\u0119 z <strong>dw\u00f3ch po\u0142\u0105czonych cz\u0119\u015bci<\/strong>:<\/p>\n\n\n\n<ul class=\"wp-block-list\">\n<li>dolna cz\u0119\u015b\u0107 z kolcami<\/li>\n\n\n\n<li>g\u00f3rna cz\u0119\u015b\u0107 z elastycznego tworzywa zak\u0142adana na buty.<\/li>\n<\/ul>\n\n\n\n<p>Kolce wbijaj\u0105 si\u0119 w zmro\u017cone pod\u0142o\u017ce, dzi\u0119ki czemu mo\u017cesz pewnie st\u0105pa\u0107 po lodzie i \u015bniegu.<\/p>\n\n\n<div class=\"wp-block-image\">\n<figure class=\"aligncenter size-large\"><img loading=\"lazy\" decoding=\"async\" width=\"1024\" height=\"683\" src=\"https:\/\/www.skalnik.pl\/blog\/wp-content\/uploads\/2023\/01\/raczki-pro-traxion-w-akcji.jpg\" alt=\"raczki pro traxion\" class=\"wp-image-21881\" srcset=\"https:\/\/www.skalnik.pl\/blog\/wp-content\/uploads\/2023\/01\/raczki-pro-traxion-w-akcji.jpg 1024w, https:\/\/www.skalnik.pl\/blog\/wp-content\/uploads\/2023\/01\/raczki-pro-traxion-w-akcji-300x200.jpg 300w, https:\/\/www.skalnik.pl\/blog\/wp-content\/uploads\/2023\/01\/raczki-pro-traxion-w-akcji-768x512.jpg 768w\" sizes=\"auto, (max-width: 1024px) 100vw, 1024px\" \/><figcaption class=\"wp-element-caption\"><em>W tych raczkach mo\u017cna zyska\u0107 pewny krok na oblodzonych pod\u0142o\u017cach. <\/em><\/figcaption><\/figure>\n<\/div>\n\n\n<p>Mo\u017cliwe \u017ce zastanawiasz si\u0119, czym dok\u0142adnie r\u00f3\u017cni\u0105 si\u0119 raczki na buty od rak\u00f3w. Raki a raczki \u2013 jaka jest r\u00f3\u017cnica? Mo\u017cna powiedzie\u0107, \u017ce raczki to m\u0142odszy brat rak\u00f3w, kt\u00f3ry sprawdzi si\u0119 na mniej wymagaj\u0105cych szlakach. Je\u015bli ruszasz zim\u0105 w Tatry lub inne wysokie g\u00f3ry, w kt\u00f3rych czekaj\u0105 ci\u0119 techniczne trudno\u015bci, koniecznie zabierz ze sob\u0105 raki turystyczne. Je\u017celi jednak twoim celem s\u0105 takie g\u00f3ry jak Sudety czy Beskidy, najprawdopodobniej wystarcz\u0105 ci raczki turystyczne.<\/p>\n\n\n\n<p><mark style=\"background-color:rgba(0, 0, 0, 0)\" class=\"has-inline-color has-vivid-cyan-blue-color\">Kliknij w link i poznaj wszystkie popularne<strong> <a href=\"https:\/\/www.skalnik.pl\/sprzet-zimowy\/turystyka-zimowa\/turystyka-zimowa-raki-raczki\/raczki-turystyczne\/marka:vi.6\" target=\"_blank\" rel=\"noreferrer noopener\">raczki VI.6+<\/a><\/strong>. <\/mark><\/p>\n\n\n\n<p>Raczki Pro Traxion w najnowszej wersji postanowi\u0142am przetestowa\u0107 w Masywie \u015anie\u017cnika. W przypadku tego sudeckiego szczytu mo\u017cna by\u0107 pewnym, \u017ce zim\u0105 na szlaku b\u0119dzie sporo lodu i \u015bniegu. Jednocze\u015bnie jednak nie ma tam \u017cadnych technicznych trudno\u015bci, wi\u0119c raczki powinny poradzi\u0107 sobie z takim wyzwaniem.<\/p>\n\n\n\n<h2 class=\"wp-block-heading\"><span class=\"ez-toc-section\" id=\"Raczki_Pro_Traxion_%E2%80%93_jaki_rozmiar_wybrac\"><\/span>Raczki Pro Traxion \u2013 jaki rozmiar wybra\u0107?<span class=\"ez-toc-section-end\"><\/span><\/h2>\n\n\n\n<p>Zanim ruszy si\u0119 na szlak, trzeba dobra\u0107 sprz\u0119t w odpowiednim rozmiarze. W przypadku raczk\u00f3w Pro Traxion producent podaje nast\u0119puj\u0105c\u0105 rozmiar\u00f3wk\u0119:<\/p>\n\n\n\n<ul class=\"wp-block-list\">\n<li>rozmiar but\u00f3w 33-35: <strong>raczki XS<\/strong> (kolor raczk\u00f3w \u017c\u00f3\u0142ty)<\/li>\n\n\n\n<li>36-38: <strong>S<\/strong> (kolor pomara\u0144czowy)<\/li>\n\n\n\n<li>39-41: <strong>M<\/strong> (kolor niebieski)<\/li>\n\n\n\n<li>42-44: <strong>L<\/strong> (kolor zielony)<\/li>\n\n\n\n<li>45-47: <strong>XL<\/strong> (kolor czerwony)<\/li>\n<\/ul>\n\n\n<div class=\"wp-block-image\">\n<figure class=\"aligncenter size-large\"><img loading=\"lazy\" decoding=\"async\" width=\"1024\" height=\"768\" src=\"https:\/\/www.skalnik.pl\/blog\/wp-content\/uploads\/2021\/12\/Raczki-Pro-Traxion-rozmiar\u00f3wka.jpg\" alt=\"Raczki Pro Traxion - rozmiary\" class=\"wp-image-18871\" srcset=\"https:\/\/www.skalnik.pl\/blog\/wp-content\/uploads\/2021\/12\/Raczki-Pro-Traxion-rozmiar\u00f3wka.jpg 1024w, https:\/\/www.skalnik.pl\/blog\/wp-content\/uploads\/2021\/12\/Raczki-Pro-Traxion-rozmiar\u00f3wka-300x225.jpg 300w, https:\/\/www.skalnik.pl\/blog\/wp-content\/uploads\/2021\/12\/Raczki-Pro-Traxion-rozmiar\u00f3wka-768x576.jpg 768w\" sizes=\"auto, (max-width: 1024px) 100vw, 1024px\" \/><figcaption class=\"wp-element-caption\"><em>Rozmiar raczk\u00f3w nale\u017cy dopasowa\u0107 do rozmiaru but\u00f3w (fot. Katarzyna Ha\u0142upka)<\/em><\/figcaption><\/figure>\n<\/div>\n\n\n<p>Ja na co dzie\u0144 nosz\u0119 buty 41, natomiast moje wysokie buty trekkingowe maj\u0105 rozmiar 42. Wybieraj\u0105c raczki dla siebie, przez moment waha\u0142am si\u0119 wi\u0119c, czy zdecydowa\u0107 si\u0119 na \u201eM\u201d czy jednak na \u201eL\u201d. Ostatecznie postawi\u0142am na niebiesk\u0105 \u201eM\u201d, co okaza\u0142o si\u0119 dobrym wyborem. Naci\u0105gni\u0119cie raczk\u00f3w na buty wymaga\u0142o mo\u017ce odrobiny wi\u0119kszego wysi\u0142ku, ale po za\u0142o\u017ceniu trzyma\u0142y si\u0119 ju\u017c one bardzo pewnie na nogach.<\/p>\n\n\n\n<h2 class=\"wp-block-heading\"><span class=\"ez-toc-section\" id=\"Jakie_buty_do_raczkow\"><\/span>Jakie buty do raczk\u00f3w?<span class=\"ez-toc-section-end\"><\/span><\/h2>\n\n\n\n<p>Raki turystyczne nie nadaj\u0105 si\u0119 na ka\u017cde obuwie. Mo\u017cesz si\u0119 wi\u0119c zastanawia\u0107, jak to wygl\u0105da w przypadku raczk\u00f3w. Jakie buty do raczk\u00f3w za\u0142o\u017cy\u0107?<\/p>\n\n\n\n<p>Dobra wiadomo\u015b\u0107 brzmi nast\u0119puj\u0105co: <strong>raczki w g\u00f3ry mo\u017cna za\u0142o\u017cy\u0107 na ka\u017cde wysokie buty trekkingowe<\/strong>, a nawet na niekt\u00f3re niskie modele, je\u015bli tylko s\u0105 nieco masywniejsze. M\u00f3wi\u0105c kr\u00f3tko: je\u017celi w danych butach nie obawiasz si\u0119 i\u015b\u0107 na za\u015bnie\u017cone szlaki, mo\u017cesz na nie za\u0142o\u017cy\u0107 r\u00f3wnie\u017c raczki turystyczne. Twoje obuwie trekkingowe nie musi mie\u0107 nawet szczeg\u00f3lnie twardej podeszwy.<\/p>\n\n\n<div class=\"wp-block-image\">\n<figure class=\"aligncenter size-large\"><img loading=\"lazy\" decoding=\"async\" width=\"1024\" height=\"683\" src=\"https:\/\/www.skalnik.pl\/blog\/wp-content\/uploads\/2023\/01\/raczki-pro-traxion-r\u00f3\u017cne-modele.jpg\" alt=\"raczki VI.6+ opinie\" class=\"wp-image-21882\" srcset=\"https:\/\/www.skalnik.pl\/blog\/wp-content\/uploads\/2023\/01\/raczki-pro-traxion-r\u00f3\u017cne-modele.jpg 1024w, https:\/\/www.skalnik.pl\/blog\/wp-content\/uploads\/2023\/01\/raczki-pro-traxion-r\u00f3\u017cne-modele-300x200.jpg 300w, https:\/\/www.skalnik.pl\/blog\/wp-content\/uploads\/2023\/01\/raczki-pro-traxion-r\u00f3\u017cne-modele-768x512.jpg 768w\" sizes=\"auto, (max-width: 1024px) 100vw, 1024px\" \/><figcaption class=\"wp-element-caption\"><em>Raczki turystyczne mo\u017cna za\u0142o\u017cy\u0107 na r\u00f3\u017cne buty trekkingowe.<\/em><\/figcaption><\/figure>\n<\/div>\n\n\n<p>Dlatego te\u017c tego typu nak\u0142adki na buty z kolcami s\u0105 stosowane r\u00f3wnie\u017c przez biegaczy. Z my\u015bl\u0105 o nich marka VI.6+ wypu\u015bci\u0142a nawet specjalny odchudzony model: <strong>raczki Pro Traxion Lite<\/strong>. Maj\u0105 one cie\u0144sze mocowania i l\u017cejszy \u0142a\u0144cuszek. W efekcie ten model w rozmiarze M wa\u017cy o oko\u0142o 200 g mniej od raczk\u00f3w testowanych przeze mnie. Oczywi\u015bcie ni\u017csza waga wi\u0105\u017ce si\u0119 r\u00f3wnie\u017c z nieco mniejsz\u0105 wytrzyma\u0142o\u015bci\u0105. Wybieraj\u0105c raczki turystyczne dla siebie, musisz wi\u0119c zdecydowa\u0107, co jest dla ciebie priorytetem. Czy liczysz ka\u017cdy gram baga\u017cu czy te\u017c zaakceptujesz nieco ci\u0119\u017csze, ale trwalsze raczki?<\/p>\n\n\n\n<p><mark style=\"background-color:rgba(0, 0, 0, 0)\" class=\"has-inline-color has-vivid-cyan-blue-color\">Kliknij na ten link i<\/mark> <mark style=\"background-color:rgba(0, 0, 0, 0)\" class=\"has-inline-color has-vivid-cyan-blue-color\">sprawd\u017a, kt\u00f3re <a href=\"https:\/\/www.skalnik.pl\/sprzet-zimowy\/turystyka-zimowa\/turystyka-zimowa-raki-raczki\/raczki-turystyczne\" target=\"_blank\" rel=\"noreferrer noopener\"><strong>raczki<\/strong><\/a> b\u0119d\u0105 dla ciebie najlepsze.<\/mark><\/p>\n\n\n\n<h2 class=\"wp-block-heading\"><span class=\"ez-toc-section\" id=\"Raczki_Pro_Traxion_%E2%80%93_test\"><\/span>Raczki Pro Traxion \u2013 test<span class=\"ez-toc-section-end\"><\/span><\/h2>\n\n\n\n<p>Rozmiar wybrany, buty dobrane \u2013 czas na sprawdzenie raczk\u00f3w w akcji.<\/p>\n\n\n\n<p>Kiedy za\u0142o\u017cy\u0107 raczki? Je\u015bli tylko nie idziesz po asfalcie, a \u015bcie\u017cka jest pokryta \u015bniegiem lub lodem, mo\u017cesz ubra\u0107 raczki turystyczne na buty. Nie czekaj, a\u017c teren stanie si\u0119 trudniejszy i bardziej wymagaj\u0105cy. Je\u015bli tylko poczujesz, \u017ce tracisz przyczepno\u015b\u0107, zak\u0142adaj raczki w g\u00f3ry i ruszaj pewnie przed siebie. Id\u0105c na \u015anie\u017cnik, raczki za\u0142o\u017cy\u0142am nied\u0142ugo po mini\u0119ciu wiosek i wej\u015bciu do lasu.<\/p>\n\n\n\n<p>Z za\u0142o\u017ceniem raczk\u00f3w warto poczeka\u0107, je\u017celi \u015bniegu nie ma bardzo du\u017co i gdzieniegdzie prze\u015bwituj\u0105 spod niego ska\u0142y. Je\u015bli jednak robi si\u0119 niebezpiecznie \u015blisko, za\u0142\u00f3\u017c raczki mimo wystaj\u0105cych kamieni. Staraj si\u0119 jedynie stawia\u0107 kroki tam, gdzie jest grubsza warstwa \u015bniegu lub lodu. Kamienie st\u0119pi\u0105 bowiem kolce w twoich raczkach. Oczywi\u015bcie, pami\u0119taj te\u017c o \u015bci\u0105gni\u0119ciu raczk\u00f3w przed wej\u015bciem do schroniska.<\/p>\n\n\n\n<p><strong>Raczki Pro Traxion zak\u0142ada si\u0119 bardzo prosto<\/strong>. Nie mia\u0142am z tym problemu nawet za pierwszym razem. Raczki maj\u0105 oznaczony prz\u00f3d i ty\u0142 (napisy \u201efront\u201d i \u201eback\u201d). Wystarczy wi\u0119c naci\u0105gn\u0105\u0107 elastyczn\u0105 obr\u0119cz na buty zgodnie ze wskazanym kierunkiem, a nast\u0119pnie zaci\u0105gn\u0105\u0107 rzep, kt\u00f3ry dodatkowo stabilizuje raczki.<\/p>\n\n\n<div class=\"wp-block-image\">\n<figure class=\"aligncenter size-large\"><img loading=\"lazy\" decoding=\"async\" width=\"1024\" height=\"683\" src=\"https:\/\/www.skalnik.pl\/blog\/wp-content\/uploads\/2023\/01\/zak\u0142adanie-raczk\u00f3w.jpg\" alt=\"kt\u00f3re raczki turystyczne wybra\u0107\" class=\"wp-image-21883\" srcset=\"https:\/\/www.skalnik.pl\/blog\/wp-content\/uploads\/2023\/01\/zak\u0142adanie-raczk\u00f3w.jpg 1024w, https:\/\/www.skalnik.pl\/blog\/wp-content\/uploads\/2023\/01\/zak\u0142adanie-raczk\u00f3w-300x200.jpg 300w, https:\/\/www.skalnik.pl\/blog\/wp-content\/uploads\/2023\/01\/zak\u0142adanie-raczk\u00f3w-768x512.jpg 768w\" sizes=\"auto, (max-width: 1024px) 100vw, 1024px\" \/><figcaption class=\"wp-element-caption\"><em>Raczki Pro Traxion zak\u0142ada si\u0119 \u0142atwo i b\u0142yskawicznie.<\/em><\/figcaption><\/figure>\n<\/div>\n\n\n<iframe loading=\"lazy\" src=\"https:\/\/www.youtube.com\/embed\/LQXm4L4sXN0\" title=\"YouTube video player\" allow=\"accelerometer; autoplay; clipboard-write; encrypted-media; gyroscope; picture-in-picture\" allowfullscreen=\"\" width=\"800\" height=\"442\" frameborder=\"0\"><\/iframe>\n\n\n\n<h2 class=\"wp-block-heading\"><span class=\"ez-toc-section\" id=\"Raczki_w_gory_%E2%80%93_pewne_kroki_w_kazdych_okolicznosciach\"><\/span>Raczki w g\u00f3ry \u2013 pewne kroki w ka\u017cdych okoliczno\u015bciach<span class=\"ez-toc-section-end\"><\/span><\/h2>\n\n\n\n<p>Je\u017celi masz pierwszy raz raczki na butach, mo\u017cesz poczu\u0107 si\u0119 nieco dziwnie. M\u00f3zg musi si\u0119 przyzwyczai\u0107 do faktu, \u017ce nogi nie \u015blizgaj\u0105 si\u0119, mimo \u017ce oczekiwa\u0142oby si\u0119 tego, patrz\u0105c na pod\u0142o\u017ce.<\/p>\n\n\n\n<p>Maj\u0105c raczki na nogach, <strong>wbijaj si\u0119 stanowczo kolcami w pod\u0142o\u017ce<\/strong> i stawiaj pewnie kroki. W ten spos\u00f3b wykorzystasz najefektywniej potencja\u0142 raczk\u00f3w.<\/p>\n\n\n\n<p>Raczki VI.6+ maj\u0105 13 kolc\u00f3w: 9 z przodu i 4 z ty\u0142u. Nie s\u0105 one zbyt agresywne, ale mimo to na prostych szlakach zapewniaj\u0105 dobr\u0105 przyczepno\u015b\u0107. Zar\u00f3wno na podej\u015bciu, jak i na zej\u015bciu ze \u015anie\u017cnika czu\u0142am si\u0119 pewnie i bezpiecznie.<\/p>\n\n\n\n<p>Jako \u017ce dolna cz\u0119\u015b\u0107 raczk\u00f3w jest wystawiona na dzia\u0142anie najwi\u0119kszych si\u0142, jej poszczeg\u00f3lne elementy po\u0142\u0105czono w spos\u00f3b przypominaj\u0105cy <strong>proste zawiasy<\/strong>. Dzi\u0119ki tej ruchomej cz\u0119\u015bci raczki w g\u00f3ry mog\u0105 pod\u0105\u017ca\u0107 za krokami turysty i nie \u0142ami\u0105 si\u0119 nawet wtedy, kiedy za\u0142o\u017cy si\u0119 je na buty o do\u015b\u0107 mi\u0119kkiej podeszwie.<\/p>\n\n\n<div class=\"wp-block-image\">\n<figure class=\"aligncenter size-large is-resized\"><img loading=\"lazy\" decoding=\"async\" src=\"https:\/\/www.skalnik.pl\/blog\/wp-content\/uploads\/2021\/12\/raczki-VI.6-pro-traxion-zawias.jpg\" alt=\"jakie raczki turystyczne opinie\" class=\"wp-image-18886\" width=\"1024\" height=\"683\" srcset=\"https:\/\/www.skalnik.pl\/blog\/wp-content\/uploads\/2021\/12\/raczki-VI.6-pro-traxion-zawias.jpg 1024w, https:\/\/www.skalnik.pl\/blog\/wp-content\/uploads\/2021\/12\/raczki-VI.6-pro-traxion-zawias-300x200.jpg 300w, https:\/\/www.skalnik.pl\/blog\/wp-content\/uploads\/2021\/12\/raczki-VI.6-pro-traxion-zawias-768x512.jpg 768w\" sizes=\"auto, (max-width: 1024px) 100vw, 1024px\" \/><figcaption class=\"wp-element-caption\"><em>Zawias w przedniej cz\u0119\u015bci raczk\u00f3w zwi\u0119ksza trwa\u0142o\u015b\u0107 i zmniejsza napr\u0119\u017cenia w najbardziej ruchomej cz\u0119\u015bci obuwia. (fot. Start Your Adventure)<\/em><\/figcaption><\/figure>\n<\/div>\n\n\n<p>Id\u0105c w raczkach, <strong>warto co pewien czas je obejrze\u0107<\/strong> i sprawdzi\u0107, czy do stalowych element\u00f3w nie przyczepi\u0142y si\u0119 ci\u0119\u017ckie grudki \u015bniegu. Kiedy u\u017cywa\u0142am raczk\u00f3w pierwszy raz, zapomnia\u0142am o takiej regularnej kontroli dolnej cz\u0119\u015bci i potem d\u0142u\u017csz\u0105 chwil\u0119 musia\u0142am walczy\u0107 ze zbit\u0105 bry\u0142k\u0105.<\/p>\n\n\n\n<p>Raczki na buty s\u0105 w Polsce coraz popularniejsze, ale nadal nie wszyscy tury\u015bci ruszaj\u0105cy na zimowe szlaki wiedz\u0105, \u017ce na rynku jest dost\u0119pny taki tani, a u\u017cyteczny sprz\u0119t. Schodz\u0105c po za\u015bnie\u017conym stoku mija\u0142am kilka os\u00f3b, kt\u00f3re by\u0142y bardzo zaskoczone tym, \u017ce w og\u00f3le nie \u015blizgam si\u0119 na zej\u015bciu. Maj\u0105c raczki na nogach, przygotuj si\u0119 wi\u0119c na zaciekawione spojrzenia i pytania od innych turyst\u00f3w.<\/p>\n\n\n\n<p>Raczki VI.6+ Pro Traxion w g\u00f3rnej cz\u0119\u015bci posiadaj\u0105 obr\u0119cz z tworzywa, kt\u00f3re faktycznie <strong>zachowuje elastyczno\u015b\u0107 nawet w temperaturach poni\u017cej zera<\/strong>. Niew\u0105tpliw\u0105 zalet\u0105 jest r\u00f3wnie\u017c to, \u017ce \u015bnieg nie przyczepia si\u0119 za bardzo do tego materia\u0142u.<\/p>\n\n\n\n<p>Zdejmowanie raczk\u00f3w nie nastr\u0119cza \u017cadnych trudno\u015bci. Pami\u0119taj jednak o ich wytrzepaniu przed schowaniem do plecaka. Po powrocie z g\u00f3r obmyj natomiast dok\u0142adnie raczki i wysusz, aby by\u0142y gotowe na kolejn\u0105 wypraw\u0119.<\/p>\n\n\n<div class=\"wp-block-image\">\n<figure class=\"aligncenter size-large\"><img loading=\"lazy\" decoding=\"async\" width=\"1024\" height=\"683\" src=\"https:\/\/www.skalnik.pl\/blog\/wp-content\/uploads\/2021\/12\/RACZKI-PRO-TRAXION-1.jpg\" alt=\"raczki dla turyst\u00f3w \" class=\"wp-image-18890\" srcset=\"https:\/\/www.skalnik.pl\/blog\/wp-content\/uploads\/2021\/12\/RACZKI-PRO-TRAXION-1.jpg 1024w, https:\/\/www.skalnik.pl\/blog\/wp-content\/uploads\/2021\/12\/RACZKI-PRO-TRAXION-1-300x200.jpg 300w, https:\/\/www.skalnik.pl\/blog\/wp-content\/uploads\/2021\/12\/RACZKI-PRO-TRAXION-1-768x512.jpg 768w\" sizes=\"auto, (max-width: 1024px) 100vw, 1024px\" \/><figcaption class=\"wp-element-caption\"><em>Je\u015bli zadbasz o raczki, one odwdzi\u0119cz\u0105 si\u0119 niejedn\u0105 pi\u0119kn\u0105 i bezpieczn\u0105 przygod\u0105 w g\u00f3rach! (fot. Start Your Adventure)<\/em><\/figcaption><\/figure>\n<\/div>\n\n\n<p>Kupuj\u0105c raczki Pro Traxion, otrzymasz r\u00f3wnie\u017c w zestawie <strong>wytrzyma\u0142y pokrowiec<\/strong>, do kt\u00f3rego mo\u017cna schowa\u0107 sprz\u0119t na czas transportu w plecaku. Dzi\u0119ki temu nie trzeba si\u0119 obawia\u0107, \u017ce raczki uszkodz\u0105 lub pobrudz\u0105 inne rzeczy. Wad\u0105 pokrowca jest to, \u017ce jest nieco ci\u0119\u017cki i zajmuje sporo miejsca. Je\u017celi jedziesz w g\u00f3ry na dzie\u0144 lub dwa, nie b\u0119dzie to problemem. Je\u015bli jednak wybierasz si\u0119 na d\u0142u\u017cszy trekking i chcesz zabra\u0107 ze sob\u0105 raczki, to lepiej prze\u0142\u00f3\u017c je do wytrzyma\u0142ego, wodoodpornego worka. Same raczki na buty s\u0105 lekkie (testowany przeze mnie rozmiar M wa\u017cy 500 g), wi\u0119c w plecaku nie b\u0119d\u0105 du\u017cym obci\u0105\u017ceniem.<\/p>\n\n\n\n<p>Raczki Pro Traxion przydadz\u0105 si\u0119 ka\u017cdemu tury\u015bcie ruszaj\u0105cemu na zimowe szlaki w ni\u017cszych g\u00f3rach. Dzi\u0119ki nim polubi\u0142am schodzenie po za\u015bnie\u017conych stokach. Z raczkami na nogach nie musz\u0119 traci\u0107 ca\u0142ej energii i uwagi na stawianie kolejnych ostro\u017cnych krok\u00f3w. Zamiast tego mog\u0119 pewnie schodzi\u0107, podziwiaj\u0105c pi\u0119kne widoki wok\u00f3\u0142 i ciesz\u0105c si\u0119 zim\u0105 w g\u00f3rach.<\/p>\n\n\n\n<p class=\"has-text-align-right\"><em>Katarzyna Ha\u0142upka<\/em><\/p>\n","protected":false},"excerpt":{"rendered":"<p>Testujemy raczki Pro Traxion od VI.6+. Zobacz, jak te raczki sprawdzi\u0142y si\u0119 na sudeckich szlakach.<\/p>\n","protected":false},"author":7,"featured_media":18891,"comment_status":"open","ping_status":"open","sticky":false,"template":"","format":"standard","meta":{"_acf_changed":false,"footnotes":""},"categories":[8],"tags":[254,138,16],"magento_category":[66],"magento_product":[607,603,602,605,608,606,560,604],"class_list":["post-18863","post","type-post","status-publish","format-standard","has-post-thumbnail","hentry","category-testy","tag-raki","tag-vi-6","tag-zima"],"acf":[],"aioseo_notices":[],"aioseo_head":"\n\t\t<!-- All in One SEO 4.9.10 - aioseo.com -->\n\t<meta name=\"description\" content=\"Raczki Pro Traxion marki VI.6+ to model, kt\u00f3ry zdoby\u0142 du\u017c\u0105 popularno\u015b\u0107. Sprawdzam, czy te raczki na buty faktycznie zas\u0142uguj\u0105 na swoj\u0105 dobr\u0105 opini\u0119.\" \/>\n\t<meta name=\"robots\" content=\"max-image-preview:large\" \/>\n\t<meta name=\"author\" content=\"Redakcja skalnik.pl\"\/>\n\t<link rel=\"canonical\" href=\"https:\/\/www.skalnik.pl\/blog\/raczki-pro-traxion-test\/\" \/>\n\t<meta name=\"generator\" content=\"All in One SEO (AIOSEO) 4.9.10\" \/>\n\t\t<meta property=\"og:locale\" content=\"pl_PL\" \/>\n\t\t<meta property=\"og:site_name\" content=\"blog Skalnik - Blog, porady, artyku\u0142y - blog Skalnik\" \/>\n\t\t<meta property=\"og:type\" content=\"article\" \/>\n\t\t<meta property=\"og:title\" content=\"Raczki Pro Traxion \u2013 test - blog Skalnik\" \/>\n\t\t<meta property=\"og:description\" content=\"Raczki Pro Traxion marki VI.6+ to model, kt\u00f3ry zdoby\u0142 du\u017c\u0105 popularno\u015b\u0107. Sprawdzam, czy te raczki na buty faktycznie zas\u0142uguj\u0105 na swoj\u0105 dobr\u0105 opini\u0119.\" \/>\n\t\t<meta property=\"og:url\" content=\"https:\/\/www.skalnik.pl\/blog\/raczki-pro-traxion-test\/\" \/>\n\t\t<meta property=\"og:image\" content=\"https:\/\/www.skalnik.pl\/blog\/wp-content\/uploads\/2023\/01\/por\u00f3wnanie-raczk\u00f3w.jpg\" \/>\n\t\t<meta property=\"og:image:secure_url\" content=\"https:\/\/www.skalnik.pl\/blog\/wp-content\/uploads\/2023\/01\/por\u00f3wnanie-raczk\u00f3w.jpg\" \/>\n\t\t<meta property=\"og:image:width\" content=\"1024\" \/>\n\t\t<meta property=\"og:image:height\" content=\"683\" \/>\n\t\t<meta property=\"article:tag\" content=\"testy\" \/>\n\t\t<meta property=\"article:tag\" content=\"raki\" \/>\n\t\t<meta property=\"article:tag\" content=\"vi.6+\" \/>\n\t\t<meta property=\"article:tag\" content=\"zima\" \/>\n\t\t<meta property=\"article:published_time\" content=\"2021-12-17T07:35:00+00:00\" \/>\n\t\t<meta property=\"article:modified_time\" content=\"2023-09-28T09:51:42+00:00\" \/>\n\t\t<meta name=\"twitter:card\" content=\"summary_large_image\" \/>\n\t\t<meta name=\"twitter:title\" content=\"Raczki Pro Traxion \u2013 test - blog Skalnik\" \/>\n\t\t<meta name=\"twitter:description\" content=\"Raczki Pro Traxion marki VI.6+ to model, kt\u00f3ry zdoby\u0142 du\u017c\u0105 popularno\u015b\u0107. Sprawdzam, czy te raczki na buty faktycznie zas\u0142uguj\u0105 na swoj\u0105 dobr\u0105 opini\u0119.\" \/>\n\t\t<meta name=\"twitter:image\" content=\"https:\/\/www.skalnik.pl\/blog\/wp-content\/uploads\/2023\/01\/por\u00f3wnanie-raczk\u00f3w.jpg\" \/>\n\t\t<script type=\"application\/ld+json\" class=\"aioseo-schema\">\n\t\t\t{\"@context\":\"https:\\\/\\\/schema.org\",\"@graph\":[{\"@type\":\"BlogPosting\",\"@id\":\"https:\\\/\\\/www.skalnik.pl\\\/blog\\\/raczki-pro-traxion-test\\\/#blogposting\",\"name\":\"Raczki Pro Traxion \\u2013 test - blog Skalnik\",\"headline\":\"Raczki Pro Traxion \\u2013 test\",\"author\":{\"@id\":\"https:\\\/\\\/www.skalnik.pl\\\/blog\\\/author\\\/redakcja-skalnik-pl\\\/#author\"},\"publisher\":{\"@id\":\"https:\\\/\\\/www.skalnik.pl\\\/blog\\\/#organization\"},\"image\":{\"@type\":\"ImageObject\",\"url\":\"https:\\\/\\\/www.skalnik.pl\\\/blog\\\/wp-content\\\/uploads\\\/2021\\\/12\\\/test-raczk\\u00f3w-pro-traxion.jpg\",\"width\":1920,\"height\":706},\"datePublished\":\"2021-12-17T08:35:00+02:00\",\"dateModified\":\"2023-09-28T11:51:42+02:00\",\"inLanguage\":\"pl-PL\",\"mainEntityOfPage\":{\"@id\":\"https:\\\/\\\/www.skalnik.pl\\\/blog\\\/raczki-pro-traxion-test\\\/#webpage\"},\"isPartOf\":{\"@id\":\"https:\\\/\\\/www.skalnik.pl\\\/blog\\\/raczki-pro-traxion-test\\\/#webpage\"},\"articleSection\":\"Testy, raki, VI.6+, zima, 1285, 1005212, 1005218, 603653, 603654, 603655, 671335, 678289, 710786\"},{\"@type\":\"BreadcrumbList\",\"@id\":\"https:\\\/\\\/www.skalnik.pl\\\/blog\\\/raczki-pro-traxion-test\\\/#breadcrumblist\",\"itemListElement\":[{\"@type\":\"ListItem\",\"@id\":\"https:\\\/\\\/www.skalnik.pl\\\/blog#listItem\",\"position\":1,\"name\":\"Home\",\"item\":\"https:\\\/\\\/www.skalnik.pl\\\/blog\",\"nextItem\":{\"@type\":\"ListItem\",\"@id\":\"https:\\\/\\\/www.skalnik.pl\\\/blog\\\/.\\\/testy\\\/#listItem\",\"name\":\"Testy\"}},{\"@type\":\"ListItem\",\"@id\":\"https:\\\/\\\/www.skalnik.pl\\\/blog\\\/.\\\/testy\\\/#listItem\",\"position\":2,\"name\":\"Testy\",\"item\":\"https:\\\/\\\/www.skalnik.pl\\\/blog\\\/.\\\/testy\\\/\",\"nextItem\":{\"@type\":\"ListItem\",\"@id\":\"https:\\\/\\\/www.skalnik.pl\\\/blog\\\/raczki-pro-traxion-test\\\/#listItem\",\"name\":\"Raczki Pro Traxion \\u2013 test\"},\"previousItem\":{\"@type\":\"ListItem\",\"@id\":\"https:\\\/\\\/www.skalnik.pl\\\/blog#listItem\",\"name\":\"Home\"}},{\"@type\":\"ListItem\",\"@id\":\"https:\\\/\\\/www.skalnik.pl\\\/blog\\\/raczki-pro-traxion-test\\\/#listItem\",\"position\":3,\"name\":\"Raczki Pro Traxion \\u2013 test\",\"previousItem\":{\"@type\":\"ListItem\",\"@id\":\"https:\\\/\\\/www.skalnik.pl\\\/blog\\\/.\\\/testy\\\/#listItem\",\"name\":\"Testy\"}}]},{\"@type\":\"Organization\",\"@id\":\"https:\\\/\\\/www.skalnik.pl\\\/blog\\\/#organization\",\"name\":\"blog Skalnik\",\"description\":\"Blog, porady, artyku\\u0142y - blog Skalnik\",\"url\":\"https:\\\/\\\/www.skalnik.pl\\\/blog\\\/\"},{\"@type\":\"Person\",\"@id\":\"https:\\\/\\\/www.skalnik.pl\\\/blog\\\/author\\\/redakcja-skalnik-pl\\\/#author\",\"url\":\"https:\\\/\\\/www.skalnik.pl\\\/blog\\\/author\\\/redakcja-skalnik-pl\\\/\",\"name\":\"Redakcja skalnik.pl\",\"image\":{\"@type\":\"ImageObject\",\"@id\":\"https:\\\/\\\/www.skalnik.pl\\\/blog\\\/raczki-pro-traxion-test\\\/#authorImage\",\"url\":\"https:\\\/\\\/secure.gravatar.com\\\/avatar\\\/7eab29b048aaf0899cd9a145e9adb814e2130ced31e65b454b902500bea65f9e?s=96&d=mm&r=g\",\"width\":96,\"height\":96,\"caption\":\"Redakcja skalnik.pl\"}},{\"@type\":\"WebPage\",\"@id\":\"https:\\\/\\\/www.skalnik.pl\\\/blog\\\/raczki-pro-traxion-test\\\/#webpage\",\"url\":\"https:\\\/\\\/www.skalnik.pl\\\/blog\\\/raczki-pro-traxion-test\\\/\",\"name\":\"Raczki Pro Traxion \\u2013 test - blog Skalnik\",\"description\":\"Raczki Pro Traxion marki VI.6+ to model, kt\\u00f3ry zdoby\\u0142 du\\u017c\\u0105 popularno\\u015b\\u0107. Sprawdzam, czy te raczki na buty faktycznie zas\\u0142uguj\\u0105 na swoj\\u0105 dobr\\u0105 opini\\u0119.\",\"inLanguage\":\"pl-PL\",\"isPartOf\":{\"@id\":\"https:\\\/\\\/www.skalnik.pl\\\/blog\\\/#website\"},\"breadcrumb\":{\"@id\":\"https:\\\/\\\/www.skalnik.pl\\\/blog\\\/raczki-pro-traxion-test\\\/#breadcrumblist\"},\"author\":{\"@id\":\"https:\\\/\\\/www.skalnik.pl\\\/blog\\\/author\\\/redakcja-skalnik-pl\\\/#author\"},\"creator\":{\"@id\":\"https:\\\/\\\/www.skalnik.pl\\\/blog\\\/author\\\/redakcja-skalnik-pl\\\/#author\"},\"image\":{\"@type\":\"ImageObject\",\"url\":\"https:\\\/\\\/www.skalnik.pl\\\/blog\\\/wp-content\\\/uploads\\\/2021\\\/12\\\/test-raczk\\u00f3w-pro-traxion.jpg\",\"@id\":\"https:\\\/\\\/www.skalnik.pl\\\/blog\\\/raczki-pro-traxion-test\\\/#mainImage\",\"width\":1920,\"height\":706},\"primaryImageOfPage\":{\"@id\":\"https:\\\/\\\/www.skalnik.pl\\\/blog\\\/raczki-pro-traxion-test\\\/#mainImage\"},\"datePublished\":\"2021-12-17T08:35:00+02:00\",\"dateModified\":\"2023-09-28T11:51:42+02:00\"},{\"@type\":\"WebSite\",\"@id\":\"https:\\\/\\\/www.skalnik.pl\\\/blog\\\/#website\",\"url\":\"https:\\\/\\\/www.skalnik.pl\\\/blog\\\/\",\"name\":\"blog Skalnik\",\"description\":\"Blog, porady, artyku\\u0142y - blog Skalnik\",\"inLanguage\":\"pl-PL\",\"publisher\":{\"@id\":\"https:\\\/\\\/www.skalnik.pl\\\/blog\\\/#organization\"}}]}\n\t\t<\/script>\n\t\t<!-- All in One SEO -->\n\n","aioseo_head_json":{"title":"Raczki Pro Traxion \u2013 test - blog Skalnik","description":"Raczki Pro Traxion marki VI.6+ to model, kt\u00f3ry zdoby\u0142 du\u017c\u0105 popularno\u015b\u0107. Sprawdzam, czy te raczki na buty faktycznie zas\u0142uguj\u0105 na swoj\u0105 dobr\u0105 opini\u0119.","canonical_url":"https:\/\/www.skalnik.pl\/blog\/raczki-pro-traxion-test\/","robots":"max-image-preview:large","keywords":"","webmasterTools":{"miscellaneous":""},"schema":{"@context":"https:\/\/schema.org","@graph":[{"@type":"BlogPosting","@id":"https:\/\/www.skalnik.pl\/blog\/raczki-pro-traxion-test\/#blogposting","name":"Raczki Pro Traxion \u2013 test - blog Skalnik","headline":"Raczki Pro Traxion \u2013 test","author":{"@id":"https:\/\/www.skalnik.pl\/blog\/author\/redakcja-skalnik-pl\/#author"},"publisher":{"@id":"https:\/\/www.skalnik.pl\/blog\/#organization"},"image":{"@type":"ImageObject","url":"https:\/\/www.skalnik.pl\/blog\/wp-content\/uploads\/2021\/12\/test-raczk\u00f3w-pro-traxion.jpg","width":1920,"height":706},"datePublished":"2021-12-17T08:35:00+02:00","dateModified":"2023-09-28T11:51:42+02:00","inLanguage":"pl-PL","mainEntityOfPage":{"@id":"https:\/\/www.skalnik.pl\/blog\/raczki-pro-traxion-test\/#webpage"},"isPartOf":{"@id":"https:\/\/www.skalnik.pl\/blog\/raczki-pro-traxion-test\/#webpage"},"articleSection":"Testy, raki, VI.6+, zima, 1285, 1005212, 1005218, 603653, 603654, 603655, 671335, 678289, 710786"},{"@type":"BreadcrumbList","@id":"https:\/\/www.skalnik.pl\/blog\/raczki-pro-traxion-test\/#breadcrumblist","itemListElement":[{"@type":"ListItem","@id":"https:\/\/www.skalnik.pl\/blog#listItem","position":1,"name":"Home","item":"https:\/\/www.skalnik.pl\/blog","nextItem":{"@type":"ListItem","@id":"https:\/\/www.skalnik.pl\/blog\/.\/testy\/#listItem","name":"Testy"}},{"@type":"ListItem","@id":"https:\/\/www.skalnik.pl\/blog\/.\/testy\/#listItem","position":2,"name":"Testy","item":"https:\/\/www.skalnik.pl\/blog\/.\/testy\/","nextItem":{"@type":"ListItem","@id":"https:\/\/www.skalnik.pl\/blog\/raczki-pro-traxion-test\/#listItem","name":"Raczki Pro Traxion \u2013 test"},"previousItem":{"@type":"ListItem","@id":"https:\/\/www.skalnik.pl\/blog#listItem","name":"Home"}},{"@type":"ListItem","@id":"https:\/\/www.skalnik.pl\/blog\/raczki-pro-traxion-test\/#listItem","position":3,"name":"Raczki Pro Traxion \u2013 test","previousItem":{"@type":"ListItem","@id":"https:\/\/www.skalnik.pl\/blog\/.\/testy\/#listItem","name":"Testy"}}]},{"@type":"Organization","@id":"https:\/\/www.skalnik.pl\/blog\/#organization","name":"blog Skalnik","description":"Blog, porady, artyku\u0142y - blog Skalnik","url":"https:\/\/www.skalnik.pl\/blog\/"},{"@type":"Person","@id":"https:\/\/www.skalnik.pl\/blog\/author\/redakcja-skalnik-pl\/#author","url":"https:\/\/www.skalnik.pl\/blog\/author\/redakcja-skalnik-pl\/","name":"Redakcja skalnik.pl","image":{"@type":"ImageObject","@id":"https:\/\/www.skalnik.pl\/blog\/raczki-pro-traxion-test\/#authorImage","url":"https:\/\/secure.gravatar.com\/avatar\/7eab29b048aaf0899cd9a145e9adb814e2130ced31e65b454b902500bea65f9e?s=96&d=mm&r=g","width":96,"height":96,"caption":"Redakcja skalnik.pl"}},{"@type":"WebPage","@id":"https:\/\/www.skalnik.pl\/blog\/raczki-pro-traxion-test\/#webpage","url":"https:\/\/www.skalnik.pl\/blog\/raczki-pro-traxion-test\/","name":"Raczki Pro Traxion \u2013 test - blog Skalnik","description":"Raczki Pro Traxion marki VI.6+ to model, kt\u00f3ry zdoby\u0142 du\u017c\u0105 popularno\u015b\u0107. Sprawdzam, czy te raczki na buty faktycznie zas\u0142uguj\u0105 na swoj\u0105 dobr\u0105 opini\u0119.","inLanguage":"pl-PL","isPartOf":{"@id":"https:\/\/www.skalnik.pl\/blog\/#website"},"breadcrumb":{"@id":"https:\/\/www.skalnik.pl\/blog\/raczki-pro-traxion-test\/#breadcrumblist"},"author":{"@id":"https:\/\/www.skalnik.pl\/blog\/author\/redakcja-skalnik-pl\/#author"},"creator":{"@id":"https:\/\/www.skalnik.pl\/blog\/author\/redakcja-skalnik-pl\/#author"},"image":{"@type":"ImageObject","url":"https:\/\/www.skalnik.pl\/blog\/wp-content\/uploads\/2021\/12\/test-raczk\u00f3w-pro-traxion.jpg","@id":"https:\/\/www.skalnik.pl\/blog\/raczki-pro-traxion-test\/#mainImage","width":1920,"height":706},"primaryImageOfPage":{"@id":"https:\/\/www.skalnik.pl\/blog\/raczki-pro-traxion-test\/#mainImage"},"datePublished":"2021-12-17T08:35:00+02:00","dateModified":"2023-09-28T11:51:42+02:00"},{"@type":"WebSite","@id":"https:\/\/www.skalnik.pl\/blog\/#website","url":"https:\/\/www.skalnik.pl\/blog\/","name":"blog Skalnik","description":"Blog, porady, artyku\u0142y - blog Skalnik","inLanguage":"pl-PL","publisher":{"@id":"https:\/\/www.skalnik.pl\/blog\/#organization"}}]},"og:locale":"pl_PL","og:site_name":"blog Skalnik - Blog, porady, artyku\u0142y - blog Skalnik","og:type":"article","og:title":"Raczki Pro Traxion \u2013 test - blog Skalnik","og:description":"Raczki Pro Traxion marki VI.6+ to model, kt\u00f3ry zdoby\u0142 du\u017c\u0105 popularno\u015b\u0107. Sprawdzam, czy te raczki na buty faktycznie zas\u0142uguj\u0105 na swoj\u0105 dobr\u0105 opini\u0119.","og:url":"https:\/\/www.skalnik.pl\/blog\/raczki-pro-traxion-test\/","og:image":"https:\/\/www.skalnik.pl\/blog\/wp-content\/uploads\/2023\/01\/por\u00f3wnanie-raczk\u00f3w.jpg","og:image:secure_url":"https:\/\/www.skalnik.pl\/blog\/wp-content\/uploads\/2023\/01\/por\u00f3wnanie-raczk\u00f3w.jpg","og:image:width":1024,"og:image:height":683,"article:tag":["testy","raki","vi.6+","zima"],"article:published_time":"2021-12-17T07:35:00+00:00","article:modified_time":"2023-09-28T09:51:42+00:00","twitter:card":"summary_large_image","twitter:title":"Raczki Pro Traxion \u2013 test - blog Skalnik","twitter:description":"Raczki Pro Traxion marki VI.6+ to model, kt\u00f3ry zdoby\u0142 du\u017c\u0105 popularno\u015b\u0107. Sprawdzam, czy te raczki na buty faktycznie zas\u0142uguj\u0105 na swoj\u0105 dobr\u0105 opini\u0119.","twitter:image":"https:\/\/www.skalnik.pl\/blog\/wp-content\/uploads\/2023\/01\/por\u00f3wnanie-raczk\u00f3w.jpg"},"aioseo_meta_data":{"post_id":"18863","title":null,"description":"Raczki Pro Traxion marki VI.6+ to model, kt\u00f3ry zdoby\u0142 du\u017c\u0105 popularno\u015b\u0107. Sprawdzam, czy te raczki na buty faktycznie zas\u0142uguj\u0105 na swoj\u0105 dobr\u0105 opini\u0119.","keywords":[{"label":"raczki","value":"raczki"},{"label":"raczki na buty","value":"raczki na buty"},{"label":"raczki turystyczne","value":"raczki turystyczne"},{"label":"raczki pro traxion","value":"raczki pro traxion"},{"label":"raczki w g\u00f3ry","value":"raczki w g\u00f3ry"},{"label":"raczki VI.6+","value":"raczki VI.6+"}],"keyphrases":{"focus":{"keyphrase":"","score":0,"analysis":{"keyphraseInTitle":{"score":0,"maxScore":9,"error":1}}},"additional":[]},"primary_term":null,"canonical_url":null,"og_title":null,"og_description":null,"og_object_type":"default","og_image_type":"default","og_image_url":null,"og_image_width":null,"og_image_height":null,"og_image_custom_url":null,"og_image_custom_fields":null,"og_video":"","og_custom_url":null,"og_article_section":null,"og_article_tags":[],"twitter_use_og":false,"twitter_card":"default","twitter_image_type":"default","twitter_image_url":null,"twitter_image_custom_url":null,"twitter_image_custom_fields":null,"twitter_title":null,"twitter_description":null,"schema":{"blockGraphs":[],"customGraphs":[],"default":{"data":{"Article":[],"Course":[],"Dataset":[],"FAQPage":[],"Movie":[],"Person":[],"Product":[],"ProductReview":[],"Car":[],"Recipe":[],"Service":[],"SoftwareApplication":[],"WebPage":[]},"graphName":"","isEnabled":true},"graphs":[]},"schema_type":"default","schema_type_options":null,"pillar_content":false,"robots_default":true,"robots_noindex":false,"robots_noarchive":false,"robots_nosnippet":false,"robots_nofollow":false,"robots_noimageindex":false,"robots_noodp":false,"robots_notranslate":false,"robots_max_snippet":"-1","robots_max_videopreview":"-1","robots_max_imagepreview":"large","priority":null,"frequency":"default","local_seo":null,"breadcrumb_settings":null,"limit_modified_date":false,"ai":null,"created":"2022-08-26 10:43:38","updated":"2026-02-17 22:17:21","seo_analyzer_scan_date":null},"aioseo_breadcrumb":"<div class=\"aioseo-breadcrumbs\"><span class=\"aioseo-breadcrumb\">\n\t\t\t<a href=\"https:\/\/www.skalnik.pl\/blog\" title=\"Home\">Home<\/a>\n\t\t<\/span><span class=\"aioseo-breadcrumb-separator\">&raquo;<\/span><span class=\"aioseo-breadcrumb\">\n\t\t\t<a href=\"https:\/\/www.skalnik.pl\/blog\/.\/testy\/\" title=\"Testy\">Testy<\/a>\n\t\t<\/span><span class=\"aioseo-breadcrumb-separator\">&raquo;<\/span><span class=\"aioseo-breadcrumb\">\n\t\t\tRaczki Pro Traxion \u2013 test\n\t\t<\/span><\/div>","aioseo_breadcrumb_json":[{"label":"Home","link":"https:\/\/www.skalnik.pl\/blog"},{"label":"Testy","link":"https:\/\/www.skalnik.pl\/blog\/.\/testy\/"},{"label":"Raczki Pro Traxion \u2013 test","link":"https:\/\/www.skalnik.pl\/blog\/raczki-pro-traxion-test\/"}],"_links":{"self":[{"href":"https:\/\/www.skalnik.pl\/blog\/wp-json\/wp\/v2\/posts\/18863","targetHints":{"allow":["GET"]}}],"collection":[{"href":"https:\/\/www.skalnik.pl\/blog\/wp-json\/wp\/v2\/posts"}],"about":[{"href":"https:\/\/www.skalnik.pl\/blog\/wp-json\/wp\/v2\/types\/post"}],"author":[{"embeddable":true,"href":"https:\/\/www.skalnik.pl\/blog\/wp-json\/wp\/v2\/users\/7"}],"replies":[{"embeddable":true,"href":"https:\/\/www.skalnik.pl\/blog\/wp-json\/wp\/v2\/comments?post=18863"}],"version-history":[{"count":15,"href":"https:\/\/www.skalnik.pl\/blog\/wp-json\/wp\/v2\/posts\/18863\/revisions"}],"predecessor-version":[{"id":24381,"href":"https:\/\/www.skalnik.pl\/blog\/wp-json\/wp\/v2\/posts\/18863\/revisions\/24381"}],"wp:featuredmedia":[{"embeddable":true,"href":"https:\/\/www.skalnik.pl\/blog\/wp-json\/wp\/v2\/media\/18891"}],"wp:attachment":[{"href":"https:\/\/www.skalnik.pl\/blog\/wp-json\/wp\/v2\/media?parent=18863"}],"wp:term":[{"taxonomy":"category","embeddable":true,"href":"https:\/\/www.skalnik.pl\/blog\/wp-json\/wp\/v2\/categories?post=18863"},{"taxonomy":"post_tag","embeddable":true,"href":"https:\/\/www.skalnik.pl\/blog\/wp-json\/wp\/v2\/tags?post=18863"},{"taxonomy":"magento_category","embeddable":true,"href":"https:\/\/www.skalnik.pl\/blog\/wp-json\/wp\/v2\/magento_category?post=18863"},{"taxonomy":"magento_product","embeddable":true,"href":"https:\/\/www.skalnik.pl\/blog\/wp-json\/wp\/v2\/magento_product?post=18863"}],"curies":[{"name":"wp","href":"https:\/\/api.w.org\/{rel}","templated":true}]}}