{"id":18957,"date":"2021-12-27T11:38:00","date_gmt":"2021-12-27T10:38:00","guid":{"rendered":"https:\/\/www.skalnik.pl\/blog\/?p=18957"},"modified":"2023-06-21T10:57:50","modified_gmt":"2023-06-21T08:57:50","slug":"kultowe-kurtki-arcteryx-alpha-atom-i-gamma","status":"publish","type":"post","link":"https:\/\/www.skalnik.pl\/blog\/kultowe-kurtki-arcteryx-alpha-atom-i-gamma\/","title":{"rendered":"Kultowe kurtki Arc&#8217;teryx: Alpha, Atom i Gamma"},"content":{"rendered":"\n<p><strong>S\u0105 takie marki, o kt\u00f3rych m\u00f3wi\u0107 i pisa\u0107 nie trzeba. Ich rozpoznawalno\u015b\u0107 i renoma nie bierze si\u0119 znik\u0105d. To godziny, dni i tygodnie sp\u0119dzone w wymagaj\u0105cym terenie i w jeszcze bardziej wymagaj\u0105cych warunkach. Arcteryx, bo o tej kultowej ju\u017c kanadyjskiej marce mowa, przyzwyczai\u0142 nas do produkt\u00f3w dopracowanych i przystosowanych do u\u017cycia w niemal ka\u017cdych warunkach, kt\u00f3re mi\u0142o\u015bnik g\u00f3rskich przyg\u00f3d i wyzwa\u0144 jest w stanie sobie wyobrazi\u0107.<\/strong><\/p>\n\n\n\n<p>W swoim wpisie przedstawi\u0119 wam topowe kurtki Arcteryx z trzech linii produktowych \u2013 Alpha, Atom oraz Gamma. Wszystkie te linie s\u0105 znane u\u017cytkownikom i ciesz\u0105 si\u0119 uznaniem w\u015br\u00f3d turyst\u00f3w, wspinaczy i alpinist\u00f3w, jednak ka\u017cda z nich ma inne zastosowanie i w\u0142a\u015bciwo\u015bci.<\/p>\n\n\n\n<p><mark style=\"background-color:rgba(0, 0, 0, 0)\" class=\"has-inline-color has-vivid-cyan-blue-color\">Poznaj niezawodne produkty marki <strong><a href=\"https:\/\/www.skalnik.pl\/arcteryx\" target=\"_blank\" rel=\"noreferrer noopener\">Arc&#8217;teryx<\/a><\/strong>.<\/mark><\/p>\n\n\n<div class=\"wp-block-image\">\n<figure class=\"aligncenter size-large\"><img loading=\"lazy\" decoding=\"async\" width=\"1024\" height=\"683\" src=\"https:\/\/www.skalnik.pl\/blog\/wp-content\/uploads\/2021\/12\/kurtka-alpha-hardshell-arcteryx.png\" alt=\"hardshell goretex\" class=\"wp-image-18960\" srcset=\"https:\/\/www.skalnik.pl\/blog\/wp-content\/uploads\/2021\/12\/kurtka-alpha-hardshell-arcteryx.png 1024w, https:\/\/www.skalnik.pl\/blog\/wp-content\/uploads\/2021\/12\/kurtka-alpha-hardshell-arcteryx-300x200.png 300w, https:\/\/www.skalnik.pl\/blog\/wp-content\/uploads\/2021\/12\/kurtka-alpha-hardshell-arcteryx-768x512.png 768w\" sizes=\"auto, (max-width: 1024px) 100vw, 1024px\" \/><figcaption class=\"wp-element-caption\"><em>Gdzie na drodze staj\u0105 trudne warunki, tam pojawia si\u0119 hardshell Arc&#8217;teryx Alpha. <br>(fot. Arc&#8217;teryx)<\/em><\/figcaption><\/figure>\n<\/div>\n\n\n<div id=\"ez-toc-container\" class=\"ez-toc-v2_0_85 counter-hierarchy ez-toc-counter ez-toc-light-blue ez-toc-container-direction\">\n<div class=\"ez-toc-title-container\">\n<p class=\"ez-toc-title\" style=\"cursor:inherit\">SPIS TRE\u015aCI <\/p>\n<span class=\"ez-toc-title-toggle\"><a href=\"#\" class=\"ez-toc-pull-right ez-toc-btn ez-toc-btn-xs ez-toc-btn-default ez-toc-toggle\" aria-label=\"Prze\u0142\u0105cznik Spisu Tre\u015bci\"><span class=\"ez-toc-js-icon-con\"><span class=\"\"><span class=\"eztoc-hide\" style=\"display:none;\">Toggle<\/span><span class=\"ez-toc-icon-toggle-span\"><svg style=\"fill: #999;color:#999\" xmlns=\"http:\/\/www.w3.org\/2000\/svg\" class=\"list-377408\" width=\"20px\" height=\"20px\" viewBox=\"0 0 24 24\" fill=\"none\"><path d=\"M6 6H4v2h2V6zm14 0H8v2h12V6zM4 11h2v2H4v-2zm16 0H8v2h12v-2zM4 16h2v2H4v-2zm16 0H8v2h12v-2z\" fill=\"currentColor\"><\/path><\/svg><svg style=\"fill: #999;color:#999\" class=\"arrow-unsorted-368013\" xmlns=\"http:\/\/www.w3.org\/2000\/svg\" width=\"10px\" height=\"10px\" viewBox=\"0 0 24 24\" version=\"1.2\" baseProfile=\"tiny\"><path d=\"M18.2 9.3l-6.2-6.3-6.2 6.3c-.2.2-.3.4-.3.7s.1.5.3.7c.2.2.4.3.7.3h11c.3 0 .5-.1.7-.3.2-.2.3-.5.3-.7s-.1-.5-.3-.7zM5.8 14.7l6.2 6.3 6.2-6.3c.2-.2.3-.5.3-.7s-.1-.5-.3-.7c-.2-.2-.4-.3-.7-.3h-11c-.3 0-.5.1-.7.3-.2.2-.3.5-.3.7s.1.5.3.7z\"\/><\/svg><\/span><\/span><\/span><\/a><\/span><\/div>\n<nav><ul class='ez-toc-list ez-toc-list-level-1 ' ><li class='ez-toc-page-1 ez-toc-heading-level-2'><a class=\"ez-toc-link ez-toc-heading-1\" href=\"https:\/\/www.skalnik.pl\/blog\/kultowe-kurtki-arcteryx-alpha-atom-i-gamma\/#Kurtki_Arcteryx_Alpha_%E2%80%93_hardshell_na_najciezsze_pojedynki\" >Kurtki Arcteryx Alpha \u2013 hardshell na najci\u0119\u017csze pojedynki<\/a><\/li><li class='ez-toc-page-1 ez-toc-heading-level-2'><a class=\"ez-toc-link ez-toc-heading-2\" href=\"https:\/\/www.skalnik.pl\/blog\/kultowe-kurtki-arcteryx-alpha-atom-i-gamma\/#Kurtka_Atom_%E2%80%93_lekka_kurtka_ocieplana_Arcteryx\" >Kurtka Atom \u2013 lekka kurtka ocieplana Arc\u2019teryx<\/a><\/li><li class='ez-toc-page-1 ez-toc-heading-level-2'><a class=\"ez-toc-link ez-toc-heading-3\" href=\"https:\/\/www.skalnik.pl\/blog\/kultowe-kurtki-arcteryx-alpha-atom-i-gamma\/#Gamma_%E2%80%93_softshell_idealny\" >Gamma \u2013 softshell idealny<\/a><\/li><\/ul><\/nav><\/div>\n<h2 class=\"wp-block-heading\"><span class=\"ez-toc-section\" id=\"Kurtki_Arcteryx_Alpha_%E2%80%93_hardshell_na_najciezsze_pojedynki\"><\/span>Kurtki Arcteryx Alpha \u2013 hardshell na najci\u0119\u017csze pojedynki<span class=\"ez-toc-section-end\"><\/span><\/h2>\n\n\n\n<p>Kurtki Gore-tex serii Alpha to jedne z najlepiej dopracowanych hardshelli dost\u0119pnych na rynku outdoorowym. Najbardziej rozpoznawalnym i najmocniejszym modelem jest kurtka Gore-Tex <strong>Alpha SV<\/strong>, kt\u00f3ra zosta\u0142a stworzona z my\u015bl\u0105 o wspinaczce i dzia\u0142aniach w skrajnie nieprzyjaznych warunkach pogodowych. Warto nadmieni\u0107, \u017ce Alpha SV w ca\u0142o\u015bci wykonana jest z tr\u00f3jwarstwowego laminatu Gore-Tex Pro Most Rugged. Mocny materia\u0142 zewn\u0119trzny N100d (100 denier\u00f3w) gwarantuje wysok\u0105 wytrzyma\u0142o\u015b\u0107 mechaniczn\u0105, a membrana Gore-Tex gwarantuje 100% wiatroszczelno\u015bci, wysok\u0105 oddychalno\u015b\u0107 i ponadprzeci\u0119tn\u0105 wodoodporno\u015b\u0107. Arcteryx Alpha SV posiada obszerniejszy kr\u00f3j, kt\u00f3ry pozwoli zmie\u015bci\u0107 pod ni\u0105 kurtk\u0119 puchow\u0105. SV-ka \u015bwietnie sprawdzi si\u0119 podczas zimowej wspinaczki w Alpach lub podczas wej\u015bcia na szczyty takie jak cho\u0107by na Denali.<\/p>\n\n\n\n<iframe loading=\"lazy\" src=\"https:\/\/www.youtube.com\/embed\/d5udlwtLUDc\" title=\"YouTube video player\" allow=\"accelerometer; autoplay; clipboard-write; encrypted-media; gyroscope; picture-in-picture\" allowfullscreen=\"\" width=\"800\" height=\"442\" frameborder=\"0\"><\/iframe>\n\n\n\n<p>Kurtka <strong>Arcteryx Alpha AR <\/strong>jest wszechstronnym hardshellem, kt\u00f3rego spektrum u\u017cycia jest wyj\u0105tkowo szerokie i ch\u0119tnie korzystaj\u0105 z niego profesjonalni przewodnicy g\u00f3rscy. Kurtka Gore-Tex Alpha AR jest wykonana z tr\u00f3jwarstwowych laminat\u00f3w Gore-Tex Most Rugged. W miejscach, kt\u00f3rych podatno\u015b\u0107 na uszkodzenia mechaniczne jest wy\u017csza zosta\u0142 u\u017cyty materia\u0142 zewn\u0119trzny N80d (80 denier\u00f3w), a w pozosta\u0142ych cz\u0119\u015bciach N40d (40 denier\u00f3w). Takie po\u0142\u0105czenie pozwoli\u0142o uzyska\u0107 relatywnie nisk\u0105 wag\u0119 i du\u017c\u0105 wytrzyma\u0142o\u015b\u0107, co jest wyj\u0105tkowo po\u017c\u0105danym po\u0142\u0105czeniem. Kr\u00f3j kurtki jest wyra\u017anie bardziej dopasowany, lecz mimo to nie wp\u0142ywa on na zakres ruchu czy komfort u\u017cytkownika. Kurtki Arcteryx Alpha AR \u015bwietnie sprawdz\u0105 si\u0119 podczas zimowej wspinaczki w Tatrach, ale ch\u0119tnie stawi\u0105 czo\u0142a ambitniejszym zadaniom.<\/p>\n\n\n\n<iframe loading=\"lazy\" src=\"https:\/\/www.youtube.com\/embed\/KE346vgZpM8\" title=\"YouTube video player\" allow=\"accelerometer; autoplay; clipboard-write; encrypted-media; gyroscope; picture-in-picture\" allowfullscreen=\"\" width=\"800\" height=\"442\" frameborder=\"0\"><\/iframe>\n\n\n\n<p><mark style=\"background-color:rgba(0, 0, 0, 0)\" class=\"has-inline-color has-vivid-cyan-blue-color\">Wi\u0119cej o kurtkach serii Alpha dowiesz si\u0119 z moich wcze\u015bniejszych wpis\u00f3w \u2013 <a href=\"https:\/\/www.skalnik.pl\/blog\/arcteryx-alpha-topowa-kurtka-hardshell\/\" target=\"_blank\" rel=\"noreferrer noopener\"><strong>kliknij tutaj<\/strong><\/a>.<\/mark><\/p>\n\n\n\n<h2 class=\"wp-block-heading\"><span class=\"ez-toc-section\" id=\"Kurtka_Atom_%E2%80%93_lekka_kurtka_ocieplana_Arcteryx\"><\/span>Kurtka Atom \u2013 lekka kurtka ocieplana Arc\u2019teryx<span class=\"ez-toc-section-end\"><\/span><\/h2>\n\n\n\n<p>Odpowiednio dobrana warstwa izolacyjna jest nie bez znaczenia. Maj\u0105c na my\u015bli odpowiedni\u0105 izolacj\u0119 nie my\u015bl\u0119 jedynie o ilo\u015bci ociepliny, ale r\u00f3wnie\u017c o jej typie. Puch znany jest ze swoich w\u0142a\u015bciwo\u015bci: efektywno\u015bci utrzymywania ciep\u0142a u\u017cytkownika, niskiej wagi i kompresyjno\u015bci. Jednak nie ma r\u00f3\u017cy bez kolc\u00f3w. Puch w kontakcie z wilgoci\u0105 traci swoje w\u0142a\u015bciwo\u015bci i staje si\u0119 bezu\u017cyteczny. Coraz bardziej popularny puch impregnowany z wilgoci\u0105 radzi sobie zdecydowanie lepiej, jednak fabryczn\u0105 impregnacj\u0119 nale\u017cy odnawia\u0107. Alternatyw\u0105 s\u0105 ociepliny syntetyczne.<\/p>\n\n\n<div class=\"wp-block-image\">\n<figure class=\"aligncenter size-large\"><img loading=\"lazy\" decoding=\"async\" width=\"1024\" height=\"683\" src=\"https:\/\/www.skalnik.pl\/blog\/wp-content\/uploads\/2021\/12\/kurtki-ocieplane-arcteryx.png\" alt=\"kurtka ocieplana syntetyczna arcteryx atom\" class=\"wp-image-18961\" srcset=\"https:\/\/www.skalnik.pl\/blog\/wp-content\/uploads\/2021\/12\/kurtki-ocieplane-arcteryx.png 1024w, https:\/\/www.skalnik.pl\/blog\/wp-content\/uploads\/2021\/12\/kurtki-ocieplane-arcteryx-300x200.png 300w, https:\/\/www.skalnik.pl\/blog\/wp-content\/uploads\/2021\/12\/kurtki-ocieplane-arcteryx-768x512.png 768w\" sizes=\"auto, (max-width: 1024px) 100vw, 1024px\" \/><figcaption class=\"wp-element-caption\"><em>Kurtki ocieplane Arc&#8217;teryx Atom to wyb\u00f3r wielu os\u00f3b dzia\u0142aj\u0105cych profesjonalnie w g\u00f3rach i \u015bwiadomych swoich odzie\u017cowych wybor\u00f3w. (fot. Arc&#8217;teryx)<\/em><\/figcaption><\/figure>\n<\/div>\n\n\n<figure class=\"wp-block-image size-full\"><a href=\"https:\/\/www.skalnik.pl\/odziez\/odziez-meska\/odziez-meska-kurtki\/marka:arcteryx\"><img loading=\"lazy\" decoding=\"async\" width=\"1024\" height=\"250\" src=\"https:\/\/www.skalnik.pl\/blog\/wp-content\/uploads\/2023\/06\/KURTKI-MESKIE-ARCTERYX-SKLEP-1.jpg\" alt=\"\" class=\"wp-image-23311\" srcset=\"https:\/\/www.skalnik.pl\/blog\/wp-content\/uploads\/2023\/06\/KURTKI-MESKIE-ARCTERYX-SKLEP-1.jpg 1024w, https:\/\/www.skalnik.pl\/blog\/wp-content\/uploads\/2023\/06\/KURTKI-MESKIE-ARCTERYX-SKLEP-1-300x73.jpg 300w, https:\/\/www.skalnik.pl\/blog\/wp-content\/uploads\/2023\/06\/KURTKI-MESKIE-ARCTERYX-SKLEP-1-768x188.jpg 768w\" sizes=\"auto, (max-width: 1024px) 100vw, 1024px\" \/><\/a><\/figure>\n\n\n\n<p>W\u015br\u00f3d nich doskona\u0142\u0105 renom\u0105 ciesz\u0105 si\u0119 kurtki Arcteryx serii Atom. Kurtki Atom to ociepliny w pe\u0142ni syntetyczne, kt\u00f3rych rdzeniem jest wype\u0142nienie Coreloft. Coreloft jest wykonany z sylikonowanych w\u0142\u00f3kien poliestrowych, kt\u00f3re analogicznie do puchu zatrzymuj\u0105 ogrzane powietrze. Ogromn\u0105 przewag\u0105 w przypadku Coreloftu jest jego odporno\u015b\u0107 na wilgo\u0107. Nawet w przypadku mocnego zawilgocenia, a nawet przemoczenia ocieplina nie zbije si\u0119 i wci\u0105\u017c powinna (cho\u0107 w mniejszym stopniu) chroni\u0107 nas przed wych\u0142odzeniem. Coreloft po wysuszeniu, nawet w schronisku, gdzie nie ma dost\u0119pu do suszarki b\u0119bnowej nie straci swoich w\u0142a\u015bciwo\u015bci.<\/p>\n\n\n\n<p>Kurtka <strong>Atom AR Hoody<\/strong> to \u201esyntetyk\u201d do zada\u0144 specjalnych, kt\u00f3ry \u015bwietnie sprawdzi si\u0119 jako po\u015brednia warstwa docieplaj\u0105ca, ale i z powodzeniem b\u0119dzie dzia\u0142a\u0107 w pojedynk\u0119. Mocny i zarazem lekki materia\u0142 zewn\u0119trzny Tonyo gwarantuje wysok\u0105 odporno\u015b\u0107 na wiatr, chroni przed delikatnym opadem i gwarantuje wysok\u0105 oddychalno\u015b\u0107. Sercem kurtki Arcteryx Atom AR Hoody jest wspomniana wy\u017cej ocieplina Coreloft, kt\u00f3ra chroni u\u017cytkownika przed wych\u0142odzeniem. Kurtka ma dopasowany i komfortowy kr\u00f3j oraz kaptur, kt\u00f3ry mo\u017cna za\u0142o\u017cy\u0107 na kask. Niebywa\u0142\u0105 zalet\u0105 jest niska waga wynosz\u0105ca zaledwie 475 gram\u00f3w. Dla por\u00f3wnania puchowa kurtka Thorium AR Hoody wa\u017cy o oko\u0142o 20 gram\u00f3w wi\u0119cej. Atom AR jest \u015bwietn\u0105 propozycj\u0105 dla tych, kt\u00f3rzy szukaj\u0105 skutecznej ochrony przed ch\u0142odem na wymagaj\u0105cym szlaku lub w wielkiej \u015bcianie.<\/p>\n\n\n\n<iframe loading=\"lazy\" src=\"https:\/\/www.youtube.com\/embed\/9vnMrAmBXtI\" title=\"YouTube video player\" allow=\"accelerometer; autoplay; clipboard-write; encrypted-media; gyroscope; picture-in-picture\" allowfullscreen=\"\" width=\"800\" height=\"442\" frameborder=\"0\"><\/iframe>\n\n\n\n<p>L\u017cejszy i bardziej uniwersalny brat Atoma AR Hoody, czyli <strong>Atom LT Hoody <\/strong>to propozycja dla wszystkich turyst\u00f3w, wspinaczy i alpinist\u00f3w. W swojej hybrydowej konstrukcji pr\u00f3cz ociepliny syntetycznej Coreloft posiada boczne, stretchowe panele. Panele te u\u0142atwiaj\u0105 odprowadzanie wilgoci i gwarantuj\u0105 u\u017cytkownikowi jeszcze wi\u0119kszy zakres ruch\u00f3w. Arcteryx kurtka Atom LT Hoody, tak jak jego ci\u0119\u017cszy brat sprawdzi si\u0119 jako warstwa po\u015brednia i osobna kurtka w ch\u0142odne jesienne dni. Arcteryx Atom LT Hoody fantastycznie sprawdzi si\u0119 wiosn\u0105 w ska\u0142ach, gdy partner lub partnerka b\u0119d\u0105 patentowa\u0107 drog\u0119, a wam pozostanie asekuracja i zdradzenie patent\u00f3w na jej przej\u015bcie.<\/p>\n\n\n\n<p><mark style=\"background-color:rgba(0, 0, 0, 0)\" class=\"has-inline-color has-vivid-cyan-blue-color\">Przeczytaj <strong><a href=\"https:\/\/www.skalnik.pl\/blog\/arcteryx-atom-lt-sweter-puchowy-xxi-wieku\/\" target=\"_blank\" rel=\"noreferrer noopener\">test kurtki Atom LT Hoody<\/a><\/strong>.<\/mark><\/p>\n\n\n\n<iframe loading=\"lazy\" src=\"https:\/\/www.youtube.com\/embed\/fMfxFo6jDeI\" title=\"YouTube video player\" allow=\"accelerometer; autoplay; clipboard-write; encrypted-media; gyroscope; picture-in-picture\" allowfullscreen=\"\" width=\"800\" height=\"442\" frameborder=\"0\"><\/iframe>\n\n\n\n<h2 class=\"wp-block-heading\"><span class=\"ez-toc-section\" id=\"Gamma_%E2%80%93_softshell_idealny\"><\/span>Gamma \u2013 softshell idealny<span class=\"ez-toc-section-end\"><\/span><\/h2>\n\n\n\n<p>W tych wszystkich przypadkach, gdzie hardshell serii Alpha to zbyt wiele, tam softshell serii Gamma sprawdzi si\u0119 znakomicie. Seria Gamma to jedne z najbardziej dopracowanych kurtek softshell, kt\u00f3re s\u0105 niekwestionowanym liderem w tej kategorii na naszym rodzimym rynku outdoorowym.<\/p>\n\n\n\n<p>Softshell Arcteryx kurtka <strong>Gamma MX Hoody <\/strong>to najci\u0119\u017csza, ale te\u017c najcieplejsza kurtka softshell tej serii. Gamma MX Hoody jest do\u015b\u0107 uniwersaln\u0105 kurtk\u0105, kt\u00f3ra sprawdzi si\u0119 wsz\u0119dzie tam, gdzie podmuchy wiatru s\u0105 silniejsze i zdecydowanie ch\u0142odniejsze. Kurtka wykonana jest z materia\u0142u Fortius 2.0, kt\u00f3ry odznacza si\u0119 wysok\u0105 wiatroszczelno\u015bci\u0105 i chroni przed niewielkim opadem. Jego niew\u0105tpliw\u0105 zalet\u0105 jest wysoka oddychalno\u015b\u0107, dzi\u0119ki kt\u00f3rej u\u017cytkownik b\u0119dzie czu\u0107 si\u0119 komfortowo i b\u0119dzie m\u00f3g\u0142 skupi\u0107 si\u0119 na pokonywaniu kolejnych metr\u00f3w wyci\u0105gu. Kurtka posiada cztery kieszenie i regulowany kaptur StormHood\u2122, kt\u00f3ry jest na tyle obszerny, \u017ce zmie\u015bci pod sob\u0105 kask. Gamma MX Hoody to wyj\u0105tkowa propozycja dla wspinaczy, kt\u00f3ra sprawdzi si\u0119 r\u00f3wnie\u017c podczas mniej wymagaj\u0105cych aktywno\u015bci, np. zimowych hiking\u00f3w w Sudetach.<\/p>\n\n\n\n<p><strong>Gamma LT Hoody <\/strong>to najpopularniejszy z technicznych softshelli proponowanych przez mark\u0119 Arcteryx. Niska waga, wysoka oddychalno\u015b\u0107 i wiatroszczelno\u015b\u0107 w po\u0142\u0105czeniu z mocnym, odpornym na uszkodzenia mechaniczne materia\u0142em to cechy, na kt\u00f3re zwr\u00f3ci uwag\u0119 ka\u017cdy, dla kogo p\u00f3\u0142\u015brodki nie s\u0105 \u017cadnym rozwi\u0105zaniem. Kurtka posiada dwie kieszenie, z kt\u00f3rych mo\u017cna korzysta\u0107 nawet wtedy, gdy u\u017cytkownik ma na sobie uprz\u0105\u017c. Obszerny kaptur StormHood\u2122 zmie\u015bci kask, a elastyczny materia\u0142 z kt\u00f3rego zosta\u0142a wykonana kurtka Arcteryx Gamma LT Hoody nie b\u0119dzie ogranicza\u0107 ruch\u00f3w u\u017cytkownika. Na szczeg\u00f3ln\u0105 uwag\u0119 zas\u0142uguj\u0119 kr\u00f3j kurtki, kt\u00f3ry jest dopasowany, jednak pozwala na za\u0142o\u017cenie docieplaj\u0105cych warstw po\u015brednich. Kurtka Gamma LT Hoody jest \u015bwietnym rozwi\u0105zaniem dla tych, kt\u00f3rzy maj\u0105 wysokie wymagania wobec swojego sprz\u0119tu. W kurtce Gamma LT Hoody u\u017cytkownik mo\u017ce skupi\u0107 si\u0119 na celu i realizowa\u0107 swoje najambitniejsze plany.<\/p>\n\n\n<div class=\"wp-block-image\">\n<figure class=\"aligncenter size-large\"><img loading=\"lazy\" decoding=\"async\" width=\"1024\" height=\"683\" src=\"https:\/\/www.skalnik.pl\/blog\/wp-content\/uploads\/2021\/12\/kurtka-arcteryx-gamma.png\" alt=\"kurtka gamma arcteryx softshell\" class=\"wp-image-18962\" srcset=\"https:\/\/www.skalnik.pl\/blog\/wp-content\/uploads\/2021\/12\/kurtka-arcteryx-gamma.png 1024w, https:\/\/www.skalnik.pl\/blog\/wp-content\/uploads\/2021\/12\/kurtka-arcteryx-gamma-300x200.png 300w, https:\/\/www.skalnik.pl\/blog\/wp-content\/uploads\/2021\/12\/kurtka-arcteryx-gamma-768x512.png 768w\" sizes=\"auto, (max-width: 1024px) 100vw, 1024px\" \/><figcaption class=\"wp-element-caption\"><em>Kurtki softshell z serii Gamma sprawdz\u0105 si\u0119 na ka\u017cdym szlaku turystycznym. (fot. Arc&#8217;teryx)<\/em><\/figcaption><\/figure>\n<\/div>\n\n\n<figure class=\"wp-block-image size-full\"><a href=\"https:\/\/www.skalnik.pl\/odziez\/odziez-damska\/odziez-damska-kurtki\/marka:arcteryx\" target=\"_blank\" rel=\"noreferrer noopener\"><img loading=\"lazy\" decoding=\"async\" width=\"1024\" height=\"250\" src=\"https:\/\/www.skalnik.pl\/blog\/wp-content\/uploads\/2023\/06\/KURTKI-DAMSKIE-ARCTERYX-SKLEP.jpg\" alt=\"\" class=\"wp-image-23307\" srcset=\"https:\/\/www.skalnik.pl\/blog\/wp-content\/uploads\/2023\/06\/KURTKI-DAMSKIE-ARCTERYX-SKLEP.jpg 1024w, https:\/\/www.skalnik.pl\/blog\/wp-content\/uploads\/2023\/06\/KURTKI-DAMSKIE-ARCTERYX-SKLEP-300x73.jpg 300w, https:\/\/www.skalnik.pl\/blog\/wp-content\/uploads\/2023\/06\/KURTKI-DAMSKIE-ARCTERYX-SKLEP-768x188.jpg 768w\" sizes=\"auto, (max-width: 1024px) 100vw, 1024px\" \/><\/a><\/figure>\n\n\n\n<p>Arcteryx softshell <strong>Gamma SL Hoody<\/strong>,czyli najl\u017cejsza kurtka z serii Gamma, to \u015bwietne rozwi\u0105zanie przede wszystkim na cieplejsze pory roku. Lekki, oddychaj\u0105cy i wyj\u0105tkowo elastyczny materia\u0142, z kt\u00f3rego zosta\u0142a wykonana ta super lekka kurtka softshell nie ochroni nas przed silnymi i ch\u0142odnymi podmuchami wiatru, jednak \u015bwietnie sprawdzi si\u0119 podczas letnich wspinaczek na drogach wielowyci\u0105gowych lub podczas hiking\u00f3w w ni\u017cszych partiach g\u00f3r. Jest na tyle lekka i oddychaj\u0105ca, \u017ce zdejmowanie jej na stromym podej\u015bciu nie b\u0119dzie konieczne. Gamma SL Hoody jest mimo wszystko kurtk\u0105 do\u015b\u0107 uniwersaln\u0105, kt\u00f3ra r\u00f3wnie\u017c sprawdzi si\u0119 podczas zimowych trening\u00f3w biegowych lub na skiturach.<\/p>\n\n\n\n<p>&nbsp;<\/p>\n\n\n\n<p>Kurtki Arcteryx serii Alpha, Atom i Gamma to sprz\u0119t najwy\u017cszej klasy, na kt\u00f3rym mo\u017cna polega\u0107 w ka\u017cdej sytuacji. Cho\u0107 nie istnieje co\u015b takiego jak \u201ejedna kurtka do wszystkiego\u201d, to u\u017cywaj\u0105c produkty tej kanadyjskiej marki czu\u0107, \u017ce projektanci dok\u0142adaj\u0105 wszelkich stara\u0144, \u017ceby produkt by\u0142 dla u\u017cytkownika w najwi\u0119kszym stopniu uniwersalny.<\/p>\n\n\n\n<p><mark style=\"background-color:rgba(0, 0, 0, 0)\" class=\"has-inline-color has-vivid-cyan-blue-color\">Poznaj jeszcze bli\u017cej mark\u0119 Arc&#8217;teryx z lektur\u0105 <a href=\"https:\/\/www.skalnik.pl\/blog\/arcteryx-ludzie-natura-wartosci\/\" target=\"_blank\" rel=\"noreferrer noopener\"><strong>tego artyku\u0142u<\/strong><\/a>. <\/mark><\/p>\n","protected":false},"excerpt":{"rendered":"<p>Nas to nie dziwi! Te kurtki Arc&#8217;teryx to po prostu ponadczasowe i niezawodne produkty. <\/p>\n","protected":false},"author":15,"featured_media":18964,"comment_status":"open","ping_status":"open","sticky":false,"template":"","format":"standard","meta":{"_acf_changed":false,"footnotes":""},"categories":[5],"tags":[194,15,99],"magento_category":[40],"magento_product":[],"class_list":["post-18957","post","type-post","status-publish","format-standard","has-post-thumbnail","hentry","category-branza","tag-arcteryx","tag-odziez","tag-rynek-outdoor"],"acf":[],"aioseo_notices":[],"aioseo_head":"\n\t\t<!-- All in One SEO 4.9.10 - aioseo.com -->\n\t<meta name=\"description\" content=\"Poznaj z bliska trzy kultowe kurtki Arc&#039;teryx. Wybrali\u015bmy trzy kurtki w g\u00f3ry: hardshell Alpha, kurtk\u0119 ocieplan\u0105 Atom i softshell Gamma, by pokaza\u0107 na czym polega fenomen tych modeli i fenomen kandyjskiej marki.\" \/>\n\t<meta name=\"robots\" content=\"max-image-preview:large\" \/>\n\t<meta name=\"author\" content=\"Marcin Nowak\"\/>\n\t<link rel=\"canonical\" href=\"https:\/\/www.skalnik.pl\/blog\/kultowe-kurtki-arcteryx-alpha-atom-i-gamma\/\" \/>\n\t<meta name=\"generator\" content=\"All in One SEO (AIOSEO) 4.9.10\" \/>\n\t\t<meta property=\"og:locale\" content=\"pl_PL\" \/>\n\t\t<meta property=\"og:site_name\" content=\"blog Skalnik - Blog, porady, artyku\u0142y - blog Skalnik\" \/>\n\t\t<meta property=\"og:type\" content=\"article\" \/>\n\t\t<meta property=\"og:title\" content=\"Kultowe kurtki Arc\u2019teryx: Alpha, Atom i Gamma - blog Skalnik\" \/>\n\t\t<meta property=\"og:description\" content=\"Poznaj z bliska trzy kultowe kurtki Arc&#039;teryx. Wybrali\u015bmy trzy kurtki w g\u00f3ry: hardshell Alpha, kurtk\u0119 ocieplan\u0105 Atom i softshell Gamma, by pokaza\u0107 na czym polega fenomen tych modeli i fenomen kandyjskiej marki.\" \/>\n\t\t<meta property=\"og:url\" content=\"https:\/\/www.skalnik.pl\/blog\/kultowe-kurtki-arcteryx-alpha-atom-i-gamma\/\" \/>\n\t\t<meta property=\"og:image\" content=\"https:\/\/www.skalnik.pl\/blog\/wp-content\/uploads\/2021\/12\/kurtka-alpha-hardshell-arcteryx.png\" \/>\n\t\t<meta property=\"og:image:secure_url\" content=\"https:\/\/www.skalnik.pl\/blog\/wp-content\/uploads\/2021\/12\/kurtka-alpha-hardshell-arcteryx.png\" \/>\n\t\t<meta property=\"og:image:width\" content=\"1024\" \/>\n\t\t<meta property=\"og:image:height\" content=\"683\" \/>\n\t\t<meta property=\"article:tag\" content=\"bran\u017ca\" \/>\n\t\t<meta property=\"article:tag\" content=\"arc&#039;teryx\" \/>\n\t\t<meta property=\"article:tag\" content=\"odzie\u017c\" \/>\n\t\t<meta property=\"article:tag\" content=\"rynek outdoor\" \/>\n\t\t<meta property=\"article:published_time\" content=\"2021-12-27T10:38:00+00:00\" \/>\n\t\t<meta property=\"article:modified_time\" content=\"2023-06-21T08:57:50+00:00\" \/>\n\t\t<meta name=\"twitter:card\" content=\"summary_large_image\" \/>\n\t\t<meta name=\"twitter:title\" content=\"Kultowe kurtki Arc\u2019teryx: Alpha, Atom i Gamma - blog Skalnik\" \/>\n\t\t<meta name=\"twitter:description\" content=\"Poznaj z bliska trzy kultowe kurtki Arc&#039;teryx. Wybrali\u015bmy trzy kurtki w g\u00f3ry: hardshell Alpha, kurtk\u0119 ocieplan\u0105 Atom i softshell Gamma, by pokaza\u0107 na czym polega fenomen tych modeli i fenomen kandyjskiej marki.\" \/>\n\t\t<meta name=\"twitter:image\" content=\"https:\/\/www.skalnik.pl\/blog\/wp-content\/uploads\/2021\/12\/kurtka-alpha-hardshell-arcteryx.png\" \/>\n\t\t<script type=\"application\/ld+json\" class=\"aioseo-schema\">\n\t\t\t{\"@context\":\"https:\\\/\\\/schema.org\",\"@graph\":[{\"@type\":\"BlogPosting\",\"@id\":\"https:\\\/\\\/www.skalnik.pl\\\/blog\\\/kultowe-kurtki-arcteryx-alpha-atom-i-gamma\\\/#blogposting\",\"name\":\"Kultowe kurtki Arc\\u2019teryx: Alpha, Atom i Gamma - blog Skalnik\",\"headline\":\"Kultowe kurtki Arc&#8217;teryx: Alpha, Atom i Gamma\",\"author\":{\"@id\":\"https:\\\/\\\/www.skalnik.pl\\\/blog\\\/author\\\/marcin-nowak\\\/#author\"},\"publisher\":{\"@id\":\"https:\\\/\\\/www.skalnik.pl\\\/blog\\\/#organization\"},\"image\":{\"@type\":\"ImageObject\",\"url\":\"https:\\\/\\\/www.skalnik.pl\\\/blog\\\/wp-content\\\/uploads\\\/2021\\\/12\\\/3-kultowe-kurtki-arcteryx.jpg\",\"width\":1920,\"height\":706},\"datePublished\":\"2021-12-27T11:38:00+02:00\",\"dateModified\":\"2023-06-21T10:57:50+02:00\",\"inLanguage\":\"pl-PL\",\"mainEntityOfPage\":{\"@id\":\"https:\\\/\\\/www.skalnik.pl\\\/blog\\\/kultowe-kurtki-arcteryx-alpha-atom-i-gamma\\\/#webpage\"},\"isPartOf\":{\"@id\":\"https:\\\/\\\/www.skalnik.pl\\\/blog\\\/kultowe-kurtki-arcteryx-alpha-atom-i-gamma\\\/#webpage\"},\"articleSection\":\"Bran\\u017ca, arc'teryx, odzie\\u017c, rynek outdoor, 1090\"},{\"@type\":\"BreadcrumbList\",\"@id\":\"https:\\\/\\\/www.skalnik.pl\\\/blog\\\/kultowe-kurtki-arcteryx-alpha-atom-i-gamma\\\/#breadcrumblist\",\"itemListElement\":[{\"@type\":\"ListItem\",\"@id\":\"https:\\\/\\\/www.skalnik.pl\\\/blog#listItem\",\"position\":1,\"name\":\"Home\",\"item\":\"https:\\\/\\\/www.skalnik.pl\\\/blog\",\"nextItem\":{\"@type\":\"ListItem\",\"@id\":\"https:\\\/\\\/www.skalnik.pl\\\/blog\\\/.\\\/branza\\\/#listItem\",\"name\":\"Bran\\u017ca\"}},{\"@type\":\"ListItem\",\"@id\":\"https:\\\/\\\/www.skalnik.pl\\\/blog\\\/.\\\/branza\\\/#listItem\",\"position\":2,\"name\":\"Bran\\u017ca\",\"item\":\"https:\\\/\\\/www.skalnik.pl\\\/blog\\\/.\\\/branza\\\/\",\"nextItem\":{\"@type\":\"ListItem\",\"@id\":\"https:\\\/\\\/www.skalnik.pl\\\/blog\\\/kultowe-kurtki-arcteryx-alpha-atom-i-gamma\\\/#listItem\",\"name\":\"Kultowe kurtki Arc&#8217;teryx: Alpha, Atom i Gamma\"},\"previousItem\":{\"@type\":\"ListItem\",\"@id\":\"https:\\\/\\\/www.skalnik.pl\\\/blog#listItem\",\"name\":\"Home\"}},{\"@type\":\"ListItem\",\"@id\":\"https:\\\/\\\/www.skalnik.pl\\\/blog\\\/kultowe-kurtki-arcteryx-alpha-atom-i-gamma\\\/#listItem\",\"position\":3,\"name\":\"Kultowe kurtki Arc&#8217;teryx: Alpha, Atom i Gamma\",\"previousItem\":{\"@type\":\"ListItem\",\"@id\":\"https:\\\/\\\/www.skalnik.pl\\\/blog\\\/.\\\/branza\\\/#listItem\",\"name\":\"Bran\\u017ca\"}}]},{\"@type\":\"Organization\",\"@id\":\"https:\\\/\\\/www.skalnik.pl\\\/blog\\\/#organization\",\"name\":\"blog Skalnik\",\"description\":\"Blog, porady, artyku\\u0142y - blog Skalnik\",\"url\":\"https:\\\/\\\/www.skalnik.pl\\\/blog\\\/\"},{\"@type\":\"Person\",\"@id\":\"https:\\\/\\\/www.skalnik.pl\\\/blog\\\/author\\\/marcin-nowak\\\/#author\",\"url\":\"https:\\\/\\\/www.skalnik.pl\\\/blog\\\/author\\\/marcin-nowak\\\/\",\"name\":\"Marcin Nowak\",\"image\":{\"@type\":\"ImageObject\",\"@id\":\"https:\\\/\\\/www.skalnik.pl\\\/blog\\\/kultowe-kurtki-arcteryx-alpha-atom-i-gamma\\\/#authorImage\",\"url\":\"https:\\\/\\\/secure.gravatar.com\\\/avatar\\\/f73628a26381dc449e848c17fc0bed5da595b192c42ec3df1b8c321ba4534014?s=96&d=mm&r=g\",\"width\":96,\"height\":96,\"caption\":\"Marcin Nowak\"}},{\"@type\":\"WebPage\",\"@id\":\"https:\\\/\\\/www.skalnik.pl\\\/blog\\\/kultowe-kurtki-arcteryx-alpha-atom-i-gamma\\\/#webpage\",\"url\":\"https:\\\/\\\/www.skalnik.pl\\\/blog\\\/kultowe-kurtki-arcteryx-alpha-atom-i-gamma\\\/\",\"name\":\"Kultowe kurtki Arc\\u2019teryx: Alpha, Atom i Gamma - blog Skalnik\",\"description\":\"Poznaj z bliska trzy kultowe kurtki Arc'teryx. Wybrali\\u015bmy trzy kurtki w g\\u00f3ry: hardshell Alpha, kurtk\\u0119 ocieplan\\u0105 Atom i softshell Gamma, by pokaza\\u0107 na czym polega fenomen tych modeli i fenomen kandyjskiej marki.\",\"inLanguage\":\"pl-PL\",\"isPartOf\":{\"@id\":\"https:\\\/\\\/www.skalnik.pl\\\/blog\\\/#website\"},\"breadcrumb\":{\"@id\":\"https:\\\/\\\/www.skalnik.pl\\\/blog\\\/kultowe-kurtki-arcteryx-alpha-atom-i-gamma\\\/#breadcrumblist\"},\"author\":{\"@id\":\"https:\\\/\\\/www.skalnik.pl\\\/blog\\\/author\\\/marcin-nowak\\\/#author\"},\"creator\":{\"@id\":\"https:\\\/\\\/www.skalnik.pl\\\/blog\\\/author\\\/marcin-nowak\\\/#author\"},\"image\":{\"@type\":\"ImageObject\",\"url\":\"https:\\\/\\\/www.skalnik.pl\\\/blog\\\/wp-content\\\/uploads\\\/2021\\\/12\\\/3-kultowe-kurtki-arcteryx.jpg\",\"@id\":\"https:\\\/\\\/www.skalnik.pl\\\/blog\\\/kultowe-kurtki-arcteryx-alpha-atom-i-gamma\\\/#mainImage\",\"width\":1920,\"height\":706},\"primaryImageOfPage\":{\"@id\":\"https:\\\/\\\/www.skalnik.pl\\\/blog\\\/kultowe-kurtki-arcteryx-alpha-atom-i-gamma\\\/#mainImage\"},\"datePublished\":\"2021-12-27T11:38:00+02:00\",\"dateModified\":\"2023-06-21T10:57:50+02:00\"},{\"@type\":\"WebSite\",\"@id\":\"https:\\\/\\\/www.skalnik.pl\\\/blog\\\/#website\",\"url\":\"https:\\\/\\\/www.skalnik.pl\\\/blog\\\/\",\"name\":\"blog Skalnik\",\"description\":\"Blog, porady, artyku\\u0142y - blog Skalnik\",\"inLanguage\":\"pl-PL\",\"publisher\":{\"@id\":\"https:\\\/\\\/www.skalnik.pl\\\/blog\\\/#organization\"}}]}\n\t\t<\/script>\n\t\t<!-- All in One SEO -->\n\n","aioseo_head_json":{"title":"Kultowe kurtki Arc\u2019teryx: Alpha, Atom i Gamma - blog Skalnik","description":"Poznaj z bliska trzy kultowe kurtki Arc'teryx. Wybrali\u015bmy trzy kurtki w g\u00f3ry: hardshell Alpha, kurtk\u0119 ocieplan\u0105 Atom i softshell Gamma, by pokaza\u0107 na czym polega fenomen tych modeli i fenomen kandyjskiej marki.","canonical_url":"https:\/\/www.skalnik.pl\/blog\/kultowe-kurtki-arcteryx-alpha-atom-i-gamma\/","robots":"max-image-preview:large","keywords":"","webmasterTools":{"miscellaneous":""},"schema":{"@context":"https:\/\/schema.org","@graph":[{"@type":"BlogPosting","@id":"https:\/\/www.skalnik.pl\/blog\/kultowe-kurtki-arcteryx-alpha-atom-i-gamma\/#blogposting","name":"Kultowe kurtki Arc\u2019teryx: Alpha, Atom i Gamma - blog Skalnik","headline":"Kultowe kurtki Arc&#8217;teryx: Alpha, Atom i Gamma","author":{"@id":"https:\/\/www.skalnik.pl\/blog\/author\/marcin-nowak\/#author"},"publisher":{"@id":"https:\/\/www.skalnik.pl\/blog\/#organization"},"image":{"@type":"ImageObject","url":"https:\/\/www.skalnik.pl\/blog\/wp-content\/uploads\/2021\/12\/3-kultowe-kurtki-arcteryx.jpg","width":1920,"height":706},"datePublished":"2021-12-27T11:38:00+02:00","dateModified":"2023-06-21T10:57:50+02:00","inLanguage":"pl-PL","mainEntityOfPage":{"@id":"https:\/\/www.skalnik.pl\/blog\/kultowe-kurtki-arcteryx-alpha-atom-i-gamma\/#webpage"},"isPartOf":{"@id":"https:\/\/www.skalnik.pl\/blog\/kultowe-kurtki-arcteryx-alpha-atom-i-gamma\/#webpage"},"articleSection":"Bran\u017ca, arc'teryx, odzie\u017c, rynek outdoor, 1090"},{"@type":"BreadcrumbList","@id":"https:\/\/www.skalnik.pl\/blog\/kultowe-kurtki-arcteryx-alpha-atom-i-gamma\/#breadcrumblist","itemListElement":[{"@type":"ListItem","@id":"https:\/\/www.skalnik.pl\/blog#listItem","position":1,"name":"Home","item":"https:\/\/www.skalnik.pl\/blog","nextItem":{"@type":"ListItem","@id":"https:\/\/www.skalnik.pl\/blog\/.\/branza\/#listItem","name":"Bran\u017ca"}},{"@type":"ListItem","@id":"https:\/\/www.skalnik.pl\/blog\/.\/branza\/#listItem","position":2,"name":"Bran\u017ca","item":"https:\/\/www.skalnik.pl\/blog\/.\/branza\/","nextItem":{"@type":"ListItem","@id":"https:\/\/www.skalnik.pl\/blog\/kultowe-kurtki-arcteryx-alpha-atom-i-gamma\/#listItem","name":"Kultowe kurtki Arc&#8217;teryx: Alpha, Atom i Gamma"},"previousItem":{"@type":"ListItem","@id":"https:\/\/www.skalnik.pl\/blog#listItem","name":"Home"}},{"@type":"ListItem","@id":"https:\/\/www.skalnik.pl\/blog\/kultowe-kurtki-arcteryx-alpha-atom-i-gamma\/#listItem","position":3,"name":"Kultowe kurtki Arc&#8217;teryx: Alpha, Atom i Gamma","previousItem":{"@type":"ListItem","@id":"https:\/\/www.skalnik.pl\/blog\/.\/branza\/#listItem","name":"Bran\u017ca"}}]},{"@type":"Organization","@id":"https:\/\/www.skalnik.pl\/blog\/#organization","name":"blog Skalnik","description":"Blog, porady, artyku\u0142y - blog Skalnik","url":"https:\/\/www.skalnik.pl\/blog\/"},{"@type":"Person","@id":"https:\/\/www.skalnik.pl\/blog\/author\/marcin-nowak\/#author","url":"https:\/\/www.skalnik.pl\/blog\/author\/marcin-nowak\/","name":"Marcin Nowak","image":{"@type":"ImageObject","@id":"https:\/\/www.skalnik.pl\/blog\/kultowe-kurtki-arcteryx-alpha-atom-i-gamma\/#authorImage","url":"https:\/\/secure.gravatar.com\/avatar\/f73628a26381dc449e848c17fc0bed5da595b192c42ec3df1b8c321ba4534014?s=96&d=mm&r=g","width":96,"height":96,"caption":"Marcin Nowak"}},{"@type":"WebPage","@id":"https:\/\/www.skalnik.pl\/blog\/kultowe-kurtki-arcteryx-alpha-atom-i-gamma\/#webpage","url":"https:\/\/www.skalnik.pl\/blog\/kultowe-kurtki-arcteryx-alpha-atom-i-gamma\/","name":"Kultowe kurtki Arc\u2019teryx: Alpha, Atom i Gamma - blog Skalnik","description":"Poznaj z bliska trzy kultowe kurtki Arc'teryx. Wybrali\u015bmy trzy kurtki w g\u00f3ry: hardshell Alpha, kurtk\u0119 ocieplan\u0105 Atom i softshell Gamma, by pokaza\u0107 na czym polega fenomen tych modeli i fenomen kandyjskiej marki.","inLanguage":"pl-PL","isPartOf":{"@id":"https:\/\/www.skalnik.pl\/blog\/#website"},"breadcrumb":{"@id":"https:\/\/www.skalnik.pl\/blog\/kultowe-kurtki-arcteryx-alpha-atom-i-gamma\/#breadcrumblist"},"author":{"@id":"https:\/\/www.skalnik.pl\/blog\/author\/marcin-nowak\/#author"},"creator":{"@id":"https:\/\/www.skalnik.pl\/blog\/author\/marcin-nowak\/#author"},"image":{"@type":"ImageObject","url":"https:\/\/www.skalnik.pl\/blog\/wp-content\/uploads\/2021\/12\/3-kultowe-kurtki-arcteryx.jpg","@id":"https:\/\/www.skalnik.pl\/blog\/kultowe-kurtki-arcteryx-alpha-atom-i-gamma\/#mainImage","width":1920,"height":706},"primaryImageOfPage":{"@id":"https:\/\/www.skalnik.pl\/blog\/kultowe-kurtki-arcteryx-alpha-atom-i-gamma\/#mainImage"},"datePublished":"2021-12-27T11:38:00+02:00","dateModified":"2023-06-21T10:57:50+02:00"},{"@type":"WebSite","@id":"https:\/\/www.skalnik.pl\/blog\/#website","url":"https:\/\/www.skalnik.pl\/blog\/","name":"blog Skalnik","description":"Blog, porady, artyku\u0142y - blog Skalnik","inLanguage":"pl-PL","publisher":{"@id":"https:\/\/www.skalnik.pl\/blog\/#organization"}}]},"og:locale":"pl_PL","og:site_name":"blog Skalnik - Blog, porady, artyku\u0142y - blog Skalnik","og:type":"article","og:title":"Kultowe kurtki Arc\u2019teryx: Alpha, Atom i Gamma - blog Skalnik","og:description":"Poznaj z bliska trzy kultowe kurtki Arc'teryx. Wybrali\u015bmy trzy kurtki w g\u00f3ry: hardshell Alpha, kurtk\u0119 ocieplan\u0105 Atom i softshell Gamma, by pokaza\u0107 na czym polega fenomen tych modeli i fenomen kandyjskiej marki.","og:url":"https:\/\/www.skalnik.pl\/blog\/kultowe-kurtki-arcteryx-alpha-atom-i-gamma\/","og:image":"https:\/\/www.skalnik.pl\/blog\/wp-content\/uploads\/2021\/12\/kurtka-alpha-hardshell-arcteryx.png","og:image:secure_url":"https:\/\/www.skalnik.pl\/blog\/wp-content\/uploads\/2021\/12\/kurtka-alpha-hardshell-arcteryx.png","og:image:width":1024,"og:image:height":683,"article:tag":["bran\u017ca","arc'teryx","odzie\u017c","rynek outdoor"],"article:published_time":"2021-12-27T10:38:00+00:00","article:modified_time":"2023-06-21T08:57:50+00:00","twitter:card":"summary_large_image","twitter:title":"Kultowe kurtki Arc\u2019teryx: Alpha, Atom i Gamma - blog Skalnik","twitter:description":"Poznaj z bliska trzy kultowe kurtki Arc'teryx. Wybrali\u015bmy trzy kurtki w g\u00f3ry: hardshell Alpha, kurtk\u0119 ocieplan\u0105 Atom i softshell Gamma, by pokaza\u0107 na czym polega fenomen tych modeli i fenomen kandyjskiej marki.","twitter:image":"https:\/\/www.skalnik.pl\/blog\/wp-content\/uploads\/2021\/12\/kurtka-alpha-hardshell-arcteryx.png"},"aioseo_meta_data":{"post_id":"18957","title":null,"description":"Poznaj z bliska trzy kultowe kurtki Arc'teryx. Wybrali\u015bmy trzy kurtki w g\u00f3ry: hardshell Alpha, kurtk\u0119 ocieplan\u0105 Atom i softshell Gamma, by pokaza\u0107 na czym polega fenomen tych modeli i fenomen kandyjskiej marki.","keywords":"","keyphrases":null,"primary_term":null,"canonical_url":"","og_title":null,"og_description":null,"og_object_type":"default","og_image_type":"default","og_image_url":null,"og_image_width":null,"og_image_height":null,"og_image_custom_url":null,"og_image_custom_fields":null,"og_video":null,"og_custom_url":null,"og_article_section":null,"og_article_tags":null,"twitter_use_og":false,"twitter_card":"default","twitter_image_type":"default","twitter_image_url":null,"twitter_image_custom_url":null,"twitter_image_custom_fields":null,"twitter_title":null,"twitter_description":null,"schema":{"blockGraphs":[],"customGraphs":[],"default":{"data":{"Article":[],"Course":[],"Dataset":[],"FAQPage":[],"Movie":[],"Person":[],"Product":[],"ProductReview":[],"Car":[],"Recipe":[],"Service":[],"SoftwareApplication":[],"WebPage":[]},"graphName":"","isEnabled":true},"graphs":[]},"schema_type":"default","schema_type_options":null,"pillar_content":false,"robots_default":true,"robots_noindex":false,"robots_noarchive":false,"robots_nosnippet":false,"robots_nofollow":false,"robots_noimageindex":false,"robots_noodp":false,"robots_notranslate":false,"robots_max_snippet":null,"robots_max_videopreview":null,"robots_max_imagepreview":"large","priority":null,"frequency":null,"local_seo":null,"breadcrumb_settings":null,"limit_modified_date":false,"ai":null,"created":"2022-08-26 10:43:38","updated":"2026-02-17 22:17:21","seo_analyzer_scan_date":null},"aioseo_breadcrumb":"<div class=\"aioseo-breadcrumbs\"><span class=\"aioseo-breadcrumb\">\n\t\t\t<a href=\"https:\/\/www.skalnik.pl\/blog\" title=\"Home\">Home<\/a>\n\t\t<\/span><span class=\"aioseo-breadcrumb-separator\">&raquo;<\/span><span class=\"aioseo-breadcrumb\">\n\t\t\t<a href=\"https:\/\/www.skalnik.pl\/blog\/.\/branza\/\" title=\"Bran\u017ca\">Bran\u017ca<\/a>\n\t\t<\/span><span class=\"aioseo-breadcrumb-separator\">&raquo;<\/span><span class=\"aioseo-breadcrumb\">\n\t\t\tKultowe kurtki Arc\u2019teryx: Alpha, Atom i Gamma\n\t\t<\/span><\/div>","aioseo_breadcrumb_json":[{"label":"Home","link":"https:\/\/www.skalnik.pl\/blog"},{"label":"Bran\u017ca","link":"https:\/\/www.skalnik.pl\/blog\/.\/branza\/"},{"label":"Kultowe kurtki Arc&#8217;teryx: Alpha, Atom i Gamma","link":"https:\/\/www.skalnik.pl\/blog\/kultowe-kurtki-arcteryx-alpha-atom-i-gamma\/"}],"_links":{"self":[{"href":"https:\/\/www.skalnik.pl\/blog\/wp-json\/wp\/v2\/posts\/18957","targetHints":{"allow":["GET"]}}],"collection":[{"href":"https:\/\/www.skalnik.pl\/blog\/wp-json\/wp\/v2\/posts"}],"about":[{"href":"https:\/\/www.skalnik.pl\/blog\/wp-json\/wp\/v2\/types\/post"}],"author":[{"embeddable":true,"href":"https:\/\/www.skalnik.pl\/blog\/wp-json\/wp\/v2\/users\/15"}],"replies":[{"embeddable":true,"href":"https:\/\/www.skalnik.pl\/blog\/wp-json\/wp\/v2\/comments?post=18957"}],"version-history":[{"count":8,"href":"https:\/\/www.skalnik.pl\/blog\/wp-json\/wp\/v2\/posts\/18957\/revisions"}],"predecessor-version":[{"id":23313,"href":"https:\/\/www.skalnik.pl\/blog\/wp-json\/wp\/v2\/posts\/18957\/revisions\/23313"}],"wp:featuredmedia":[{"embeddable":true,"href":"https:\/\/www.skalnik.pl\/blog\/wp-json\/wp\/v2\/media\/18964"}],"wp:attachment":[{"href":"https:\/\/www.skalnik.pl\/blog\/wp-json\/wp\/v2\/media?parent=18957"}],"wp:term":[{"taxonomy":"category","embeddable":true,"href":"https:\/\/www.skalnik.pl\/blog\/wp-json\/wp\/v2\/categories?post=18957"},{"taxonomy":"post_tag","embeddable":true,"href":"https:\/\/www.skalnik.pl\/blog\/wp-json\/wp\/v2\/tags?post=18957"},{"taxonomy":"magento_category","embeddable":true,"href":"https:\/\/www.skalnik.pl\/blog\/wp-json\/wp\/v2\/magento_category?post=18957"},{"taxonomy":"magento_product","embeddable":true,"href":"https:\/\/www.skalnik.pl\/blog\/wp-json\/wp\/v2\/magento_product?post=18957"}],"curies":[{"name":"wp","href":"https:\/\/api.w.org\/{rel}","templated":true}]}}