{"id":19029,"date":"2022-01-11T10:50:00","date_gmt":"2022-01-11T09:50:00","guid":{"rendered":"https:\/\/www.skalnik.pl\/blog\/?p=19029"},"modified":"2021-12-29T06:35:38","modified_gmt":"2021-12-29T05:35:38","slug":"fair-trade-i-outdoor","status":"publish","type":"post","link":"https:\/\/www.skalnik.pl\/blog\/fair-trade-i-outdoor\/","title":{"rendered":"Fair Trade i outdoor"},"content":{"rendered":"\n<p>Metki z napisem: ,,Made in China\u201d, sta\u0142y si\u0119 dla nas tak powszechne, \u017ce nikogo ju\u017c nie dziwi\u0105. Jednak kiedy wydajesz spor\u0105 sum\u0119 na nowy sprz\u0119t outdoorowy i ogl\u0105dasz sw\u00f3j nowy nabytek, taki kraj produkcji czasem zaczyna budzi\u0107 Tw\u00f3j niepok\u00f3j. Jak to jest z t\u0105 jako\u015bci\u0105 sprz\u0119tu g\u00f3rskiego produkowanego Krajach Trzeciego \u015awiata i co ma z ni\u0105 wsp\u00f3lnego etyka? Dzi\u015b s\u0142\u00f3w kilka o Certyfikacie Sprawiedliwego Handlu.<\/p>\n\n\n\n<div id=\"ez-toc-container\" class=\"ez-toc-v2_0_85 counter-hierarchy ez-toc-counter ez-toc-light-blue ez-toc-container-direction\">\n<div class=\"ez-toc-title-container\">\n<p class=\"ez-toc-title\" style=\"cursor:inherit\">SPIS TRE\u015aCI <\/p>\n<span class=\"ez-toc-title-toggle\"><a href=\"#\" class=\"ez-toc-pull-right ez-toc-btn ez-toc-btn-xs ez-toc-btn-default ez-toc-toggle\" aria-label=\"Prze\u0142\u0105cznik Spisu Tre\u015bci\"><span class=\"ez-toc-js-icon-con\"><span class=\"\"><span class=\"eztoc-hide\" style=\"display:none;\">Toggle<\/span><span class=\"ez-toc-icon-toggle-span\"><svg style=\"fill: #999;color:#999\" xmlns=\"http:\/\/www.w3.org\/2000\/svg\" class=\"list-377408\" width=\"20px\" height=\"20px\" viewBox=\"0 0 24 24\" fill=\"none\"><path d=\"M6 6H4v2h2V6zm14 0H8v2h12V6zM4 11h2v2H4v-2zm16 0H8v2h12v-2zM4 16h2v2H4v-2zm16 0H8v2h12v-2z\" fill=\"currentColor\"><\/path><\/svg><svg style=\"fill: #999;color:#999\" class=\"arrow-unsorted-368013\" xmlns=\"http:\/\/www.w3.org\/2000\/svg\" width=\"10px\" height=\"10px\" viewBox=\"0 0 24 24\" version=\"1.2\" baseProfile=\"tiny\"><path d=\"M18.2 9.3l-6.2-6.3-6.2 6.3c-.2.2-.3.4-.3.7s.1.5.3.7c.2.2.4.3.7.3h11c.3 0 .5-.1.7-.3.2-.2.3-.5.3-.7s-.1-.5-.3-.7zM5.8 14.7l6.2 6.3 6.2-6.3c.2-.2.3-.5.3-.7s-.1-.5-.3-.7c-.2-.2-.4-.3-.7-.3h-11c-.3 0-.5.1-.7.3-.2.2-.3.5-.3.7s.1.5.3.7z\"\/><\/svg><\/span><\/span><\/span><\/a><\/span><\/div>\n<nav><ul class='ez-toc-list ez-toc-list-level-1 ' ><li class='ez-toc-page-1 ez-toc-heading-level-2'><a class=\"ez-toc-link ez-toc-heading-1\" href=\"https:\/\/www.skalnik.pl\/blog\/fair-trade-i-outdoor\/#Fair_Trade_co_to_dokladnie_jest\" >Fair Trade co to dok\u0142adnie jest?<\/a><\/li><li class='ez-toc-page-1 ez-toc-heading-level-2'><a class=\"ez-toc-link ez-toc-heading-2\" href=\"https:\/\/www.skalnik.pl\/blog\/fair-trade-i-outdoor\/#Czy_znak_Fair_Trade_oznacza_produkt_lepszej_jakosci\" >Czy znak Fair Trade oznacza produkt lepszej jako\u015bci?<\/a><\/li><li class='ez-toc-page-1 ez-toc-heading-level-2'><a class=\"ez-toc-link ez-toc-heading-3\" href=\"https:\/\/www.skalnik.pl\/blog\/fair-trade-i-outdoor\/#Czy_warto_placic_wiecej_za_lepszy_swiat\" >Czy warto p\u0142aci\u0107 wi\u0119cej za lepszy \u015bwiat?<\/a><\/li><li class='ez-toc-page-1 ez-toc-heading-level-2'><a class=\"ez-toc-link ez-toc-heading-4\" href=\"https:\/\/www.skalnik.pl\/blog\/fair-trade-i-outdoor\/#Marki_Fair_Trade_w_branzy_outdoor\" >Marki Fair Trade w bran\u017cy outdoor<\/a><\/li><\/ul><\/nav><\/div>\n<h2 class=\"wp-block-heading\"><span class=\"ez-toc-section\" id=\"Fair_Trade_co_to_dokladnie_jest\"><\/span><strong>Fair Trade co to dok\u0142adnie jest?<\/strong><span class=\"ez-toc-section-end\"><\/span><\/h2>\n\n\n\n<p>Certyfikat Sprawiedliwego Handlu (ang. <strong>Fair Trade<\/strong>) dotyka przede wszystkim kwestii etycznych, dbaj\u0105c o interesy pracownik\u00f3w produkcji, lokalnych rolnik\u00f3w, plantator\u00f3w i ma\u0142ych producent\u00f3w m.in. kawy, kakao czy bawe\u0142ny. S\u0105 to osoby cz\u0119sto najbardziej pokrzywdzone w ca\u0142ym \u0142a\u0144cuchu produkcyjnym &#8211; ca\u0142e \u017cycie ci\u0119\u017cko pracuj\u0105 w deszczu, upale i ch\u0142odzie, a za sw\u00f3j trud nie s\u0105 w stanie zapewni\u0107 godnego \u017cycia sobie i swoim bliskim. Praca za przys\u0142owiow\u0105 ,,misk\u0119 ry\u017cu\u201d to wci\u0105\u017c smutna rzeczywisto\u015b\u0107 w wielu fabrykach i na plantacjach. Organizacja Sprawiedliwego Handlu powsta\u0142a, aby to zmieni\u0107.<\/p>\n\n\n\n<div class=\"wp-block-image\"><figure class=\"aligncenter size-full\"><img loading=\"lazy\" decoding=\"async\" width=\"697\" height=\"685\" src=\"https:\/\/www.skalnik.pl\/blog\/wp-content\/uploads\/2021\/12\/obraz.png\" alt=\"\" class=\"wp-image-19033\" srcset=\"https:\/\/www.skalnik.pl\/blog\/wp-content\/uploads\/2021\/12\/obraz.png 697w, https:\/\/www.skalnik.pl\/blog\/wp-content\/uploads\/2021\/12\/obraz-300x295.png 300w\" sizes=\"auto, (max-width: 697px) 100vw, 697px\" \/><\/figure><\/div>\n\n\n\n<p><strong>Zasady Fair Trade<\/strong> to przede wszystkim:<\/p>\n\n\n\n<ul class=\"wp-block-list\"><li>przeciwdzia\u0142anie karygodnym warunkom pracy (w tym walka z zatrudnianiem dzieci) i edukacja pracownik\u00f3w w zakresie ich praw<\/li><li>uczciwe pensje, umo\u017cliwiaj\u0105ce godne \u017cycie w danym kraju<\/li><li>premie specjalne, czyli sta\u0142e fundusze na rozw\u00f3j ma\u0142ych firm i wsparcie lokalnych spo\u0142eczno\u015bci (pracownicy danej plantacji\/fabryki demokratycznie g\u0142osuj\u0105, na co chc\u0105 przeznaczy\u0107 przyznane dotacje Fair Trade: dofinansowanie okolicznej szko\u0142y\/szpitala, budowa nowej studni itp.)<\/li><li>poczucie szacunku i sprawczo\u015bci, czyli realny wp\u0142yw pracownik\u00f3w\/rolnik\u00f3w na to, co dzieje si\u0119 w ich spo\u0142eczno\u015bciach (a\u017c 50% cz\u0142onk\u00f3w zarz\u0105du Organizacji Sprawiedliwego Handlu stanowi\u0105 przedstawiciele ma\u0142ych fabryk i lokalnych rolnik\u00f3w, kt\u00f3rzy w obr\u0119bie swoich kraj\u00f3w zrzeszaj\u0105 si\u0119 w pr\u0119\u017cnie dzia\u0142aj\u0105ce sp\u00f3\u0142dzielnie)<\/li><li>uczciwe ceny skupu produkt\u00f3w rolnych (np. bawe\u0142na, herbata)<\/li><\/ul>\n\n\n\n<h2 class=\"wp-block-heading\"><span class=\"ez-toc-section\" id=\"Czy_znak_Fair_Trade_oznacza_produkt_lepszej_jakosci\"><\/span><strong>Czy znak Fair Trade oznacza produkt lepszej jako\u015bci?<\/strong><span class=\"ez-toc-section-end\"><\/span><\/h2>\n\n\n\n<p>Kr\u00f3tko m\u00f3wi\u0105c &#8211; tak. W zamian za realne wsparcie finansowo-spo\u0142eczne, ka\u017cdy rolnik\/w\u0142a\u015bciciel firmy jest zobowi\u0105zany do przestrzegania surowych norm prawa pracy, narzuconych przez Organizacj\u0119 Sprawiedliwego Handlu. Dzi\u0119ki temu pracownicy s\u0105 bardziej wypocz\u0119ci i zadowoleni ze swojej pracy &#8211; wykonuj\u0105 j\u0105 lepiej i dok\u0142adniej. Zwykle rezygnuje si\u0119 z pracy na akord, zapewniaj\u0105c uczciwe wynagrodzenie za przepracowane godziny.<\/p>\n\n\n\n<p>Chcia\u0142by\u015b kupi\u0107 spodnie outdoorowe, kt\u00f3re kto\u015b uszy\u0142 w skupieniu, z dba\u0142o\u015bci\u0105 o detale wyko\u0144czenia, czy takie, kt\u00f3rym pracownik nie mia\u0142 czasu po\u015bwi\u0119ci\u0107 wi\u0119kszej uwagi? Certyfikat Fairtradesprawia, \u017ce metka ,,Made in China\u201d nie musi ju\u017c oznacza\u0107 kiepskiej jako\u015bci produktu &#8211; wszak nawet w krajach zachodu, wi\u0119kszo\u015b\u0107 pracownik\u00f3w fabryk stanowi\u0105 imigranci (cz\u0119sto w\u0142a\u015bnie z Kraj\u00f3w Trzeciego \u015awiata). Topowe firmy outdoorowe przenosz\u0105c produkcj\u0119 do Azji, Afryki czy Ameryki Po\u0142udniowej faktycznie minimalizuj\u0105 koszty, jednak nie musi to automatycznie oznacza\u0107 rezygnacji z jako\u015bci oraz wyzysku. Produkt jest Fair Trade &#8211; co tooznacza dla Ciebie? Etyczne traktowanie pracownik\u00f3w ma swoj\u0105 cen\u0119, kt\u00f3r\u0105 (koniec ko\u0144c\u00f3w) w du\u017cej cz\u0119\u015bci pokrywasz Ty, kiedy decydujesz si\u0119 na zakup konkretnego sprz\u0119tu turystycznego.<\/p>\n\n\n\n<iframe loading=\"lazy\" src=\"https:\/\/www.youtube.com\/embed\/esmzyS642M4\" title=\"YouTube video player\" allow=\"accelerometer; autoplay; clipboard-write; encrypted-media; gyroscope; picture-in-picture\" allowfullscreen=\"\" width=\"800\" height=\"442\" frameborder=\"0\"><\/iframe>\n\n\n\n<h2 class=\"wp-block-heading\"><span class=\"ez-toc-section\" id=\"Czy_warto_placic_wiecej_za_lepszy_swiat\"><\/span><strong>Czy warto p\u0142aci\u0107 wi\u0119cej za lepszy <\/strong><strong>\u015b<\/strong><strong>wiat?<\/strong><span class=\"ez-toc-section-end\"><\/span><\/h2>\n\n\n\n<p>W sumie trudno odpowiedzie\u0107 przecz\u0105co na tak zadane pytanie. Wielkie idee Fair Trade cz\u0119sto trac\u0105 jednak (chwilowo) na znaczeniu w obliczu p\u00f3\u0142ki sklepowej, przed kt\u00f3r\u0105 stoisz. Widzisz koszulk\u0119 Patagonia i zastanawiasz si\u0119 dlaczego, u licha, jest dro\u017csza w por\u00f3wnaniu z t-shirtami innych marek. Kalkulacja jest prosta &#8211; skoro zosta\u0142a uszyta przez godziwie op\u0142acanych pracownik\u00f3w, z materia\u0142\u00f3w najlepszej jako\u015bci (cz\u0119sto pochodz\u0105cych z recyklingu), to nic dziwnego, \u017ce kosztuje nieco wi\u0119cej od produkt\u00f3w konkurencji, kt\u00f3ra by\u0107 mo\u017ce nie korzysta jeszcze z etycznych i tak zaawansowanych ekologicznie rozwi\u0105za\u0144.<\/p>\n\n\n\n<p>Marki Fair Trade to jako\u015b\u0107 i spo\u0142eczna odpowiedzialno\u015b\u0107, ale te\u017c wy\u017csze ceny produkt\u00f3w. Wybieraj \u015bwiadomie &#8211; to, jaki sprz\u0119t outdoorowy wk\u0142adasz do koszyka ma kolosalny wp\u0142yw na los ludzi, kt\u00f3rzy go wytwarzaj\u0105 oraz na kondycj\u0119 naszej planety. Swoimi odpowiedzialnymi wyborami konsumenckimi mo\u017cesz sprawi\u0107, \u017ce \u015bwiat stanie si\u0119 lepszy!<\/p>\n\n\n\n<p>Od niedawna ambasadorem Fair Trade w Polsce jest s\u0142ynny podr\u00f3\u017cnik i pierwszy zdobywca dw\u00f3ch biegun\u00f3w, Marek Kami\u0144ski kt\u00f3ry na polskiej stronie Organizacji Sprawiedliwego Handlu przyznaje: ,,<em>Cz\u0142owiek jest tym, co daje innym. Kupuj\u0105c produkty ze znakiem Fairtrade, wspierasz ludzi mniej uprzywilejowanych\u201d.<\/em><\/p>\n\n\n\n<iframe loading=\"lazy\" src=\"https:\/\/www.youtube.com\/embed\/xUVfISaqbrE\" title=\"YouTube video player\" allow=\"accelerometer; autoplay; clipboard-write; encrypted-media; gyroscope; picture-in-picture\" allowfullscreen=\"\" width=\"800\" height=\"442\" frameborder=\"0\"><\/iframe>\n\n\n\n<p><strong>Idea Fair Trade, a ekologia &#8211; ja to wygl\u0105da w praktyce<\/strong><\/p>\n\n\n\n<p>Organizacja Sprawiedliwego Handlu skupia si\u0119 g\u0142\u00f3wnie na etyce (dba\u0142o\u015b\u0107 o dobro lokalnych pracownik\u00f3w) jednak nie pozostaj\u0105 jej obce r\u00f3wnie\u017c kwestie \u015brodowiskowe. Rolnicy s\u0105 zobligowani do zminimalizowania ilo\u015bci chemii i pestycyd\u00f3w u\u017cywanych przy swoich uprawach oraz rezygnacji z ro\u015blin modyfikowanych genetycznie GMO. Je\u015bli m\u00f3wimy o tym co to jest Fair Trade w bran\u017cy outdoor, mamy na my\u015bli r\u00f3wnie\u017c produkcj\u0119 bawe\u0142ny, kt\u00f3ra mo\u017ce by\u0107 obj\u0119ta tym certyfikatem. Blisko 50% takiej etycznie wytwarzanej bawe\u0142ny posiada pe\u0142n\u0105 certyfikacj\u0119 ekologiczn\u0105, natomiast pozosta\u0142a cz\u0119\u015b\u0107 jest produkowana ze zminimalizowanym wp\u0142ywem na \u015brodowisko naturalne.<\/p>\n\n\n\n<h2 class=\"wp-block-heading\"><span class=\"ez-toc-section\" id=\"Marki_Fair_Trade_w_branzy_outdoor\"><\/span><strong>Marki Fair Trade w bran\u017cy outdoor<\/strong><span class=\"ez-toc-section-end\"><\/span><\/h2>\n\n\n\n<p>Certyfikacja Organizacji Sprawiedliwego Handlu wymaga przestrzegania restrykcyjnych norm produkcji, \u0142a\u0144cuch\u00f3w dostaw i sta\u0142ego uiszczania specjalnej op\u0142aty certyfikacyjnej, kt\u00f3ra jest nast\u0119pnie wyp\u0142acana pracownikom fabryk i rolnikom w formie premii Fair Trade. W bran\u017cy sprz\u0119tu i odzie\u017cy g\u00f3rskiej do Fair Trade jako pierwsza zdecydowa\u0142a si\u0119 przy\u0142\u0105czy\u0107 marka Patagonia. Ju\u017c ponad 460 jej produkt\u00f3w jest obj\u0119tych Certyfikatem Sprawiedliwego Handlu i ten asortyment sukcesywnie si\u0119 powi\u0119ksza. <\/p>\n\n\n\n<p><span class=\"has-inline-color has-vivid-cyan-blue-color\">Zobacz produkty marki <a href=\"https:\/\/www.skalnik.pl\/patagonia\" target=\"_blank\" rel=\"noreferrer noopener\">Patagonia<\/a>.<\/span><\/p>\n\n\n\n<p>Oczywi\u015bcie wiele marek outdoorowych posiada inne certyfikaty \u015bwiadcz\u0105ce o etycznym podej\u015bciu do produkcji, jednak to znak Fair Trade jest tym najstarszym, najbardziej rozpoznawalnym i renomowanym certyfikatem spo\u0142ecznej odpowiedzialno\u015bci handlu.<\/p>\n\n\n\n<iframe loading=\"lazy\" src=\"https:\/\/www.youtube.com\/embed\/5hR6gT63Gz0\" title=\"YouTube video player\" allow=\"accelerometer; autoplay; clipboard-write; encrypted-media; gyroscope; picture-in-picture\" allowfullscreen=\"\" width=\"800\" height=\"442\" frameborder=\"0\"><\/iframe>\n\n\n\n<p>Trzymam mocno kciuki, aby coraz wi\u0119cej firm, nie tylko g\u00f3rskich, przy\u0142\u0105czy\u0142o si\u0119 do \u015awiatowej Organizacji Sprawiedliwego Handlu &#8211; w imi\u0119 walki o lepszy, bardziej etyczny \u015awiat.<\/p>\n\n\n\n<p><span class=\"has-inline-color has-vivid-cyan-blue-color\">Je\u015bli chcesz poczyta\u0107 o innych certyfikatach etyczno-ekologicznych, kt\u00f3re mo\u017cesz spotka\u0107 w bran\u017cy outdoor, zach\u0119cam do przeczytania mojego innego wpisu &#8211; <a href=\"https:\/\/www.skalnik.pl\/blog\/eko-certyfikaty-w-branzy-outdoor\/\" target=\"_blank\" rel=\"noreferrer noopener\">kliknij tutaj<\/a>.<\/span><\/p>\n","protected":false},"excerpt":{"rendered":"<p>Co Fair Trade ma wsp\u00f3lnego z bran\u017c\u0105 outdoor? Sprawd\u017a to!<\/p>\n","protected":false},"author":16,"featured_media":19042,"comment_status":"open","ping_status":"open","sticky":false,"template":"","format":"standard","meta":{"_acf_changed":false,"footnotes":""},"categories":[5],"tags":[27,208],"magento_category":[],"magento_product":[],"class_list":["post-19029","post","type-post","status-publish","format-standard","has-post-thumbnail","hentry","category-branza","tag-eko","tag-patagonia"],"acf":[],"aioseo_notices":[],"aioseo_head":"\n\t\t<!-- All in One SEO 4.9.10 - aioseo.com -->\n\t<meta name=\"description\" content=\"Inicjatywa Fair Trade nie omija bran\u017cy outdoor. Ju\u017c pierwsze marki outdoor staj\u0105 si\u0119 Fair Trade, by dba\u0107 o pracownik\u00f3w fabryk odzie\u017cowych i troszczy\u0107 si\u0119 o Ziemi\u0119.\" \/>\n\t<meta name=\"robots\" content=\"max-image-preview:large\" \/>\n\t<meta name=\"author\" content=\"Natalia Tkacz\"\/>\n\t<link rel=\"canonical\" href=\"https:\/\/www.skalnik.pl\/blog\/fair-trade-i-outdoor\/\" \/>\n\t<meta name=\"generator\" content=\"All in One SEO (AIOSEO) 4.9.10\" \/>\n\t\t<meta property=\"og:locale\" content=\"pl_PL\" \/>\n\t\t<meta property=\"og:site_name\" content=\"blog Skalnik - Blog, porady, artyku\u0142y - blog Skalnik\" \/>\n\t\t<meta property=\"og:type\" content=\"article\" \/>\n\t\t<meta property=\"og:title\" content=\"Fair Trade i outdoor - blog Skalnik\" \/>\n\t\t<meta property=\"og:description\" content=\"Inicjatywa Fair Trade nie omija bran\u017cy outdoor. Ju\u017c pierwsze marki outdoor staj\u0105 si\u0119 Fair Trade, by dba\u0107 o pracownik\u00f3w fabryk odzie\u017cowych i troszczy\u0107 si\u0119 o Ziemi\u0119.\" \/>\n\t\t<meta property=\"og:url\" content=\"https:\/\/www.skalnik.pl\/blog\/fair-trade-i-outdoor\/\" \/>\n\t\t<meta property=\"og:image\" content=\"https:\/\/www.skalnik.pl\/blog\/wp-content\/uploads\/2021\/12\/obraz.png\" \/>\n\t\t<meta property=\"og:image:secure_url\" content=\"https:\/\/www.skalnik.pl\/blog\/wp-content\/uploads\/2021\/12\/obraz.png\" \/>\n\t\t<meta property=\"og:image:width\" content=\"697\" \/>\n\t\t<meta property=\"og:image:height\" content=\"685\" \/>\n\t\t<meta property=\"article:tag\" content=\"bran\u017ca\" \/>\n\t\t<meta property=\"article:tag\" content=\"eko\" \/>\n\t\t<meta property=\"article:tag\" content=\"patagonia\" \/>\n\t\t<meta property=\"article:published_time\" content=\"2022-01-11T09:50:00+00:00\" \/>\n\t\t<meta property=\"article:modified_time\" content=\"2021-12-29T05:35:38+00:00\" \/>\n\t\t<meta name=\"twitter:card\" content=\"summary_large_image\" \/>\n\t\t<meta name=\"twitter:title\" content=\"Fair Trade i outdoor - blog Skalnik\" \/>\n\t\t<meta name=\"twitter:description\" content=\"Inicjatywa Fair Trade nie omija bran\u017cy outdoor. Ju\u017c pierwsze marki outdoor staj\u0105 si\u0119 Fair Trade, by dba\u0107 o pracownik\u00f3w fabryk odzie\u017cowych i troszczy\u0107 si\u0119 o Ziemi\u0119.\" \/>\n\t\t<meta name=\"twitter:image\" content=\"https:\/\/www.skalnik.pl\/blog\/wp-content\/uploads\/2021\/12\/obraz.png\" \/>\n\t\t<script type=\"application\/ld+json\" class=\"aioseo-schema\">\n\t\t\t{\"@context\":\"https:\\\/\\\/schema.org\",\"@graph\":[{\"@type\":\"BlogPosting\",\"@id\":\"https:\\\/\\\/www.skalnik.pl\\\/blog\\\/fair-trade-i-outdoor\\\/#blogposting\",\"name\":\"Fair Trade i outdoor - blog Skalnik\",\"headline\":\"Fair Trade i outdoor\",\"author\":{\"@id\":\"https:\\\/\\\/www.skalnik.pl\\\/blog\\\/author\\\/natalia-tkacz\\\/#author\"},\"publisher\":{\"@id\":\"https:\\\/\\\/www.skalnik.pl\\\/blog\\\/#organization\"},\"image\":{\"@type\":\"ImageObject\",\"url\":\"https:\\\/\\\/www.skalnik.pl\\\/blog\\\/wp-content\\\/uploads\\\/2021\\\/12\\\/fair-trade-okl.jpg\",\"width\":1920,\"height\":706},\"datePublished\":\"2022-01-11T10:50:00+02:00\",\"dateModified\":\"2021-12-29T06:35:38+02:00\",\"inLanguage\":\"pl-PL\",\"mainEntityOfPage\":{\"@id\":\"https:\\\/\\\/www.skalnik.pl\\\/blog\\\/fair-trade-i-outdoor\\\/#webpage\"},\"isPartOf\":{\"@id\":\"https:\\\/\\\/www.skalnik.pl\\\/blog\\\/fair-trade-i-outdoor\\\/#webpage\"},\"articleSection\":\"Bran\\u017ca, eko, Patagonia\"},{\"@type\":\"BreadcrumbList\",\"@id\":\"https:\\\/\\\/www.skalnik.pl\\\/blog\\\/fair-trade-i-outdoor\\\/#breadcrumblist\",\"itemListElement\":[{\"@type\":\"ListItem\",\"@id\":\"https:\\\/\\\/www.skalnik.pl\\\/blog#listItem\",\"position\":1,\"name\":\"Home\",\"item\":\"https:\\\/\\\/www.skalnik.pl\\\/blog\",\"nextItem\":{\"@type\":\"ListItem\",\"@id\":\"https:\\\/\\\/www.skalnik.pl\\\/blog\\\/.\\\/branza\\\/#listItem\",\"name\":\"Bran\\u017ca\"}},{\"@type\":\"ListItem\",\"@id\":\"https:\\\/\\\/www.skalnik.pl\\\/blog\\\/.\\\/branza\\\/#listItem\",\"position\":2,\"name\":\"Bran\\u017ca\",\"item\":\"https:\\\/\\\/www.skalnik.pl\\\/blog\\\/.\\\/branza\\\/\",\"nextItem\":{\"@type\":\"ListItem\",\"@id\":\"https:\\\/\\\/www.skalnik.pl\\\/blog\\\/fair-trade-i-outdoor\\\/#listItem\",\"name\":\"Fair Trade i outdoor\"},\"previousItem\":{\"@type\":\"ListItem\",\"@id\":\"https:\\\/\\\/www.skalnik.pl\\\/blog#listItem\",\"name\":\"Home\"}},{\"@type\":\"ListItem\",\"@id\":\"https:\\\/\\\/www.skalnik.pl\\\/blog\\\/fair-trade-i-outdoor\\\/#listItem\",\"position\":3,\"name\":\"Fair Trade i outdoor\",\"previousItem\":{\"@type\":\"ListItem\",\"@id\":\"https:\\\/\\\/www.skalnik.pl\\\/blog\\\/.\\\/branza\\\/#listItem\",\"name\":\"Bran\\u017ca\"}}]},{\"@type\":\"Organization\",\"@id\":\"https:\\\/\\\/www.skalnik.pl\\\/blog\\\/#organization\",\"name\":\"blog Skalnik\",\"description\":\"Blog, porady, artyku\\u0142y - blog Skalnik\",\"url\":\"https:\\\/\\\/www.skalnik.pl\\\/blog\\\/\"},{\"@type\":\"Person\",\"@id\":\"https:\\\/\\\/www.skalnik.pl\\\/blog\\\/author\\\/natalia-tkacz\\\/#author\",\"url\":\"https:\\\/\\\/www.skalnik.pl\\\/blog\\\/author\\\/natalia-tkacz\\\/\",\"name\":\"Natalia Tkacz\",\"image\":{\"@type\":\"ImageObject\",\"@id\":\"https:\\\/\\\/www.skalnik.pl\\\/blog\\\/fair-trade-i-outdoor\\\/#authorImage\",\"url\":\"https:\\\/\\\/secure.gravatar.com\\\/avatar\\\/24d9aac3fbd38a103c7982d6bfca91b9e9c5357140fbe5dbc5bb7d220a2a1eaf?s=96&d=mm&r=g\",\"width\":96,\"height\":96,\"caption\":\"Natalia Tkacz\"}},{\"@type\":\"WebPage\",\"@id\":\"https:\\\/\\\/www.skalnik.pl\\\/blog\\\/fair-trade-i-outdoor\\\/#webpage\",\"url\":\"https:\\\/\\\/www.skalnik.pl\\\/blog\\\/fair-trade-i-outdoor\\\/\",\"name\":\"Fair Trade i outdoor - blog Skalnik\",\"description\":\"Inicjatywa Fair Trade nie omija bran\\u017cy outdoor. Ju\\u017c pierwsze marki outdoor staj\\u0105 si\\u0119 Fair Trade, by dba\\u0107 o pracownik\\u00f3w fabryk odzie\\u017cowych i troszczy\\u0107 si\\u0119 o Ziemi\\u0119.\",\"inLanguage\":\"pl-PL\",\"isPartOf\":{\"@id\":\"https:\\\/\\\/www.skalnik.pl\\\/blog\\\/#website\"},\"breadcrumb\":{\"@id\":\"https:\\\/\\\/www.skalnik.pl\\\/blog\\\/fair-trade-i-outdoor\\\/#breadcrumblist\"},\"author\":{\"@id\":\"https:\\\/\\\/www.skalnik.pl\\\/blog\\\/author\\\/natalia-tkacz\\\/#author\"},\"creator\":{\"@id\":\"https:\\\/\\\/www.skalnik.pl\\\/blog\\\/author\\\/natalia-tkacz\\\/#author\"},\"image\":{\"@type\":\"ImageObject\",\"url\":\"https:\\\/\\\/www.skalnik.pl\\\/blog\\\/wp-content\\\/uploads\\\/2021\\\/12\\\/fair-trade-okl.jpg\",\"@id\":\"https:\\\/\\\/www.skalnik.pl\\\/blog\\\/fair-trade-i-outdoor\\\/#mainImage\",\"width\":1920,\"height\":706},\"primaryImageOfPage\":{\"@id\":\"https:\\\/\\\/www.skalnik.pl\\\/blog\\\/fair-trade-i-outdoor\\\/#mainImage\"},\"datePublished\":\"2022-01-11T10:50:00+02:00\",\"dateModified\":\"2021-12-29T06:35:38+02:00\"},{\"@type\":\"WebSite\",\"@id\":\"https:\\\/\\\/www.skalnik.pl\\\/blog\\\/#website\",\"url\":\"https:\\\/\\\/www.skalnik.pl\\\/blog\\\/\",\"name\":\"blog Skalnik\",\"description\":\"Blog, porady, artyku\\u0142y - blog Skalnik\",\"inLanguage\":\"pl-PL\",\"publisher\":{\"@id\":\"https:\\\/\\\/www.skalnik.pl\\\/blog\\\/#organization\"}}]}\n\t\t<\/script>\n\t\t<!-- All in One SEO -->\n\n","aioseo_head_json":{"title":"Fair Trade i outdoor - blog Skalnik","description":"Inicjatywa Fair Trade nie omija bran\u017cy outdoor. Ju\u017c pierwsze marki outdoor staj\u0105 si\u0119 Fair Trade, by dba\u0107 o pracownik\u00f3w fabryk odzie\u017cowych i troszczy\u0107 si\u0119 o Ziemi\u0119.","canonical_url":"https:\/\/www.skalnik.pl\/blog\/fair-trade-i-outdoor\/","robots":"max-image-preview:large","keywords":"","webmasterTools":{"miscellaneous":""},"schema":{"@context":"https:\/\/schema.org","@graph":[{"@type":"BlogPosting","@id":"https:\/\/www.skalnik.pl\/blog\/fair-trade-i-outdoor\/#blogposting","name":"Fair Trade i outdoor - blog Skalnik","headline":"Fair Trade i outdoor","author":{"@id":"https:\/\/www.skalnik.pl\/blog\/author\/natalia-tkacz\/#author"},"publisher":{"@id":"https:\/\/www.skalnik.pl\/blog\/#organization"},"image":{"@type":"ImageObject","url":"https:\/\/www.skalnik.pl\/blog\/wp-content\/uploads\/2021\/12\/fair-trade-okl.jpg","width":1920,"height":706},"datePublished":"2022-01-11T10:50:00+02:00","dateModified":"2021-12-29T06:35:38+02:00","inLanguage":"pl-PL","mainEntityOfPage":{"@id":"https:\/\/www.skalnik.pl\/blog\/fair-trade-i-outdoor\/#webpage"},"isPartOf":{"@id":"https:\/\/www.skalnik.pl\/blog\/fair-trade-i-outdoor\/#webpage"},"articleSection":"Bran\u017ca, eko, Patagonia"},{"@type":"BreadcrumbList","@id":"https:\/\/www.skalnik.pl\/blog\/fair-trade-i-outdoor\/#breadcrumblist","itemListElement":[{"@type":"ListItem","@id":"https:\/\/www.skalnik.pl\/blog#listItem","position":1,"name":"Home","item":"https:\/\/www.skalnik.pl\/blog","nextItem":{"@type":"ListItem","@id":"https:\/\/www.skalnik.pl\/blog\/.\/branza\/#listItem","name":"Bran\u017ca"}},{"@type":"ListItem","@id":"https:\/\/www.skalnik.pl\/blog\/.\/branza\/#listItem","position":2,"name":"Bran\u017ca","item":"https:\/\/www.skalnik.pl\/blog\/.\/branza\/","nextItem":{"@type":"ListItem","@id":"https:\/\/www.skalnik.pl\/blog\/fair-trade-i-outdoor\/#listItem","name":"Fair Trade i outdoor"},"previousItem":{"@type":"ListItem","@id":"https:\/\/www.skalnik.pl\/blog#listItem","name":"Home"}},{"@type":"ListItem","@id":"https:\/\/www.skalnik.pl\/blog\/fair-trade-i-outdoor\/#listItem","position":3,"name":"Fair Trade i outdoor","previousItem":{"@type":"ListItem","@id":"https:\/\/www.skalnik.pl\/blog\/.\/branza\/#listItem","name":"Bran\u017ca"}}]},{"@type":"Organization","@id":"https:\/\/www.skalnik.pl\/blog\/#organization","name":"blog Skalnik","description":"Blog, porady, artyku\u0142y - blog Skalnik","url":"https:\/\/www.skalnik.pl\/blog\/"},{"@type":"Person","@id":"https:\/\/www.skalnik.pl\/blog\/author\/natalia-tkacz\/#author","url":"https:\/\/www.skalnik.pl\/blog\/author\/natalia-tkacz\/","name":"Natalia Tkacz","image":{"@type":"ImageObject","@id":"https:\/\/www.skalnik.pl\/blog\/fair-trade-i-outdoor\/#authorImage","url":"https:\/\/secure.gravatar.com\/avatar\/24d9aac3fbd38a103c7982d6bfca91b9e9c5357140fbe5dbc5bb7d220a2a1eaf?s=96&d=mm&r=g","width":96,"height":96,"caption":"Natalia Tkacz"}},{"@type":"WebPage","@id":"https:\/\/www.skalnik.pl\/blog\/fair-trade-i-outdoor\/#webpage","url":"https:\/\/www.skalnik.pl\/blog\/fair-trade-i-outdoor\/","name":"Fair Trade i outdoor - blog Skalnik","description":"Inicjatywa Fair Trade nie omija bran\u017cy outdoor. Ju\u017c pierwsze marki outdoor staj\u0105 si\u0119 Fair Trade, by dba\u0107 o pracownik\u00f3w fabryk odzie\u017cowych i troszczy\u0107 si\u0119 o Ziemi\u0119.","inLanguage":"pl-PL","isPartOf":{"@id":"https:\/\/www.skalnik.pl\/blog\/#website"},"breadcrumb":{"@id":"https:\/\/www.skalnik.pl\/blog\/fair-trade-i-outdoor\/#breadcrumblist"},"author":{"@id":"https:\/\/www.skalnik.pl\/blog\/author\/natalia-tkacz\/#author"},"creator":{"@id":"https:\/\/www.skalnik.pl\/blog\/author\/natalia-tkacz\/#author"},"image":{"@type":"ImageObject","url":"https:\/\/www.skalnik.pl\/blog\/wp-content\/uploads\/2021\/12\/fair-trade-okl.jpg","@id":"https:\/\/www.skalnik.pl\/blog\/fair-trade-i-outdoor\/#mainImage","width":1920,"height":706},"primaryImageOfPage":{"@id":"https:\/\/www.skalnik.pl\/blog\/fair-trade-i-outdoor\/#mainImage"},"datePublished":"2022-01-11T10:50:00+02:00","dateModified":"2021-12-29T06:35:38+02:00"},{"@type":"WebSite","@id":"https:\/\/www.skalnik.pl\/blog\/#website","url":"https:\/\/www.skalnik.pl\/blog\/","name":"blog Skalnik","description":"Blog, porady, artyku\u0142y - blog Skalnik","inLanguage":"pl-PL","publisher":{"@id":"https:\/\/www.skalnik.pl\/blog\/#organization"}}]},"og:locale":"pl_PL","og:site_name":"blog Skalnik - Blog, porady, artyku\u0142y - blog Skalnik","og:type":"article","og:title":"Fair Trade i outdoor - blog Skalnik","og:description":"Inicjatywa Fair Trade nie omija bran\u017cy outdoor. Ju\u017c pierwsze marki outdoor staj\u0105 si\u0119 Fair Trade, by dba\u0107 o pracownik\u00f3w fabryk odzie\u017cowych i troszczy\u0107 si\u0119 o Ziemi\u0119.","og:url":"https:\/\/www.skalnik.pl\/blog\/fair-trade-i-outdoor\/","og:image":"https:\/\/www.skalnik.pl\/blog\/wp-content\/uploads\/2021\/12\/obraz.png","og:image:secure_url":"https:\/\/www.skalnik.pl\/blog\/wp-content\/uploads\/2021\/12\/obraz.png","og:image:width":697,"og:image:height":685,"article:tag":["bran\u017ca","eko","patagonia"],"article:published_time":"2022-01-11T09:50:00+00:00","article:modified_time":"2021-12-29T05:35:38+00:00","twitter:card":"summary_large_image","twitter:title":"Fair Trade i outdoor - blog Skalnik","twitter:description":"Inicjatywa Fair Trade nie omija bran\u017cy outdoor. Ju\u017c pierwsze marki outdoor staj\u0105 si\u0119 Fair Trade, by dba\u0107 o pracownik\u00f3w fabryk odzie\u017cowych i troszczy\u0107 si\u0119 o Ziemi\u0119.","twitter:image":"https:\/\/www.skalnik.pl\/blog\/wp-content\/uploads\/2021\/12\/obraz.png"},"aioseo_meta_data":{"post_id":"19029","title":null,"description":"Inicjatywa Fair Trade nie omija bran\u017cy outdoor. Ju\u017c pierwsze marki outdoor staj\u0105 si\u0119 Fair Trade, by dba\u0107 o pracownik\u00f3w fabryk odzie\u017cowych i troszczy\u0107 si\u0119 o Ziemi\u0119.","keywords":[{"label":"fair trade","value":"fair trade"},{"label":"patagonia fair trade","value":"patagonia fair trade"},{"label":"etyczne zakupy","value":"etyczne zakupy"},{"label":"eko zakupy","value":"eko zakupy"}],"keyphrases":null,"primary_term":null,"canonical_url":"","og_title":null,"og_description":null,"og_object_type":"default","og_image_type":"default","og_image_url":null,"og_image_width":null,"og_image_height":null,"og_image_custom_url":null,"og_image_custom_fields":null,"og_video":null,"og_custom_url":null,"og_article_section":null,"og_article_tags":null,"twitter_use_og":false,"twitter_card":"default","twitter_image_type":"default","twitter_image_url":null,"twitter_image_custom_url":null,"twitter_image_custom_fields":null,"twitter_title":null,"twitter_description":null,"schema":{"blockGraphs":[],"customGraphs":[],"default":{"data":{"Article":[],"Course":[],"Dataset":[],"FAQPage":[],"Movie":[],"Person":[],"Product":[],"ProductReview":[],"Car":[],"Recipe":[],"Service":[],"SoftwareApplication":[],"WebPage":[]},"graphName":"BlogPosting","isEnabled":true},"graphs":[]},"schema_type":"default","schema_type_options":null,"pillar_content":false,"robots_default":true,"robots_noindex":false,"robots_noarchive":false,"robots_nosnippet":false,"robots_nofollow":false,"robots_noimageindex":false,"robots_noodp":false,"robots_notranslate":false,"robots_max_snippet":null,"robots_max_videopreview":null,"robots_max_imagepreview":"large","priority":null,"frequency":null,"local_seo":null,"breadcrumb_settings":null,"limit_modified_date":false,"ai":null,"created":"2022-08-26 10:44:58","updated":"2026-02-17 22:18:20","seo_analyzer_scan_date":null},"aioseo_breadcrumb":"<div class=\"aioseo-breadcrumbs\"><span class=\"aioseo-breadcrumb\">\n\t\t\t<a href=\"https:\/\/www.skalnik.pl\/blog\" title=\"Home\">Home<\/a>\n\t\t<\/span><span class=\"aioseo-breadcrumb-separator\">&raquo;<\/span><span class=\"aioseo-breadcrumb\">\n\t\t\t<a href=\"https:\/\/www.skalnik.pl\/blog\/.\/branza\/\" title=\"Bran\u017ca\">Bran\u017ca<\/a>\n\t\t<\/span><span class=\"aioseo-breadcrumb-separator\">&raquo;<\/span><span class=\"aioseo-breadcrumb\">\n\t\t\tFair Trade i outdoor\n\t\t<\/span><\/div>","aioseo_breadcrumb_json":[{"label":"Home","link":"https:\/\/www.skalnik.pl\/blog"},{"label":"Bran\u017ca","link":"https:\/\/www.skalnik.pl\/blog\/.\/branza\/"},{"label":"Fair Trade i outdoor","link":"https:\/\/www.skalnik.pl\/blog\/fair-trade-i-outdoor\/"}],"_links":{"self":[{"href":"https:\/\/www.skalnik.pl\/blog\/wp-json\/wp\/v2\/posts\/19029","targetHints":{"allow":["GET"]}}],"collection":[{"href":"https:\/\/www.skalnik.pl\/blog\/wp-json\/wp\/v2\/posts"}],"about":[{"href":"https:\/\/www.skalnik.pl\/blog\/wp-json\/wp\/v2\/types\/post"}],"author":[{"embeddable":true,"href":"https:\/\/www.skalnik.pl\/blog\/wp-json\/wp\/v2\/users\/16"}],"replies":[{"embeddable":true,"href":"https:\/\/www.skalnik.pl\/blog\/wp-json\/wp\/v2\/comments?post=19029"}],"version-history":[{"count":7,"href":"https:\/\/www.skalnik.pl\/blog\/wp-json\/wp\/v2\/posts\/19029\/revisions"}],"predecessor-version":[{"id":19044,"href":"https:\/\/www.skalnik.pl\/blog\/wp-json\/wp\/v2\/posts\/19029\/revisions\/19044"}],"wp:featuredmedia":[{"embeddable":true,"href":"https:\/\/www.skalnik.pl\/blog\/wp-json\/wp\/v2\/media\/19042"}],"wp:attachment":[{"href":"https:\/\/www.skalnik.pl\/blog\/wp-json\/wp\/v2\/media?parent=19029"}],"wp:term":[{"taxonomy":"category","embeddable":true,"href":"https:\/\/www.skalnik.pl\/blog\/wp-json\/wp\/v2\/categories?post=19029"},{"taxonomy":"post_tag","embeddable":true,"href":"https:\/\/www.skalnik.pl\/blog\/wp-json\/wp\/v2\/tags?post=19029"},{"taxonomy":"magento_category","embeddable":true,"href":"https:\/\/www.skalnik.pl\/blog\/wp-json\/wp\/v2\/magento_category?post=19029"},{"taxonomy":"magento_product","embeddable":true,"href":"https:\/\/www.skalnik.pl\/blog\/wp-json\/wp\/v2\/magento_product?post=19029"}],"curies":[{"name":"wp","href":"https:\/\/api.w.org\/{rel}","templated":true}]}}