{"id":19365,"date":"2022-02-11T07:48:00","date_gmt":"2022-02-11T06:48:00","guid":{"rendered":"https:\/\/www.skalnik.pl\/blog\/?p=19365"},"modified":"2023-09-07T15:52:33","modified_gmt":"2023-09-07T13:52:33","slug":"raczki-pro-traxion-camouflage-nie-tylko-do-zadan-specjalnych","status":"publish","type":"post","link":"https:\/\/www.skalnik.pl\/blog\/raczki-pro-traxion-camouflage-nie-tylko-do-zadan-specjalnych\/","title":{"rendered":"Raczki Pro Traxion Camouflage. Nie tylko do zada\u0144 specjalnych"},"content":{"rendered":"\n<p><strong>\u015aliska sprawa z t\u0105 zim\u0105. Przez ca\u0142y rok latania w butach biegowych z podeszw\u0105 dostosowan\u0105 do najgorszego b\u0142ota przyzwyczai\u0142em si\u0119, \u017ce trzymam si\u0119 wszystkiego. Jestem jak Spider-Man, przynajmniej je\u015bli chodzi o przyczepno\u015b\u0107 stopami. Ale kiedy przychodzi zima i mi\u0119kkie b\u0142oto staje si\u0119 twarde jak ska\u0142a, <\/strong><strong>a w lesie pojawia si\u0119 l\u00f3d, j<\/strong><strong>est gorzej. A w\u0142a\u015bciwie by\u0142o gorzej.<\/strong><\/p>\n\n\n\n<div id=\"ez-toc-container\" class=\"ez-toc-v2_0_85 counter-hierarchy ez-toc-counter ez-toc-light-blue ez-toc-container-direction\">\n<div class=\"ez-toc-title-container\">\n<p class=\"ez-toc-title\" style=\"cursor:inherit\">SPIS TRE\u015aCI <\/p>\n<span class=\"ez-toc-title-toggle\"><a href=\"#\" class=\"ez-toc-pull-right ez-toc-btn ez-toc-btn-xs ez-toc-btn-default ez-toc-toggle\" aria-label=\"Prze\u0142\u0105cznik Spisu Tre\u015bci\"><span class=\"ez-toc-js-icon-con\"><span class=\"\"><span class=\"eztoc-hide\" style=\"display:none;\">Toggle<\/span><span class=\"ez-toc-icon-toggle-span\"><svg style=\"fill: #999;color:#999\" xmlns=\"http:\/\/www.w3.org\/2000\/svg\" class=\"list-377408\" width=\"20px\" height=\"20px\" viewBox=\"0 0 24 24\" fill=\"none\"><path d=\"M6 6H4v2h2V6zm14 0H8v2h12V6zM4 11h2v2H4v-2zm16 0H8v2h12v-2zM4 16h2v2H4v-2zm16 0H8v2h12v-2z\" fill=\"currentColor\"><\/path><\/svg><svg style=\"fill: #999;color:#999\" class=\"arrow-unsorted-368013\" xmlns=\"http:\/\/www.w3.org\/2000\/svg\" width=\"10px\" height=\"10px\" viewBox=\"0 0 24 24\" version=\"1.2\" baseProfile=\"tiny\"><path d=\"M18.2 9.3l-6.2-6.3-6.2 6.3c-.2.2-.3.4-.3.7s.1.5.3.7c.2.2.4.3.7.3h11c.3 0 .5-.1.7-.3.2-.2.3-.5.3-.7s-.1-.5-.3-.7zM5.8 14.7l6.2 6.3 6.2-6.3c.2-.2.3-.5.3-.7s-.1-.5-.3-.7c-.2-.2-.4-.3-.7-.3h-11c-.3 0-.5.1-.7.3-.2.2-.3.5-.3.7s.1.5.3.7z\"\/><\/svg><\/span><\/span><\/span><\/a><\/span><\/div>\n<nav><ul class='ez-toc-list ez-toc-list-level-1 ' ><li class='ez-toc-page-1 ez-toc-heading-level-2'><a class=\"ez-toc-link ez-toc-heading-1\" href=\"https:\/\/www.skalnik.pl\/blog\/raczki-pro-traxion-camouflage-nie-tylko-do-zadan-specjalnych\/#Po_co_mi_raczki_na_buty\" >Po co mi raczki na buty?<\/a><\/li><li class='ez-toc-page-1 ez-toc-heading-level-2'><a class=\"ez-toc-link ez-toc-heading-2\" href=\"https:\/\/www.skalnik.pl\/blog\/raczki-pro-traxion-camouflage-nie-tylko-do-zadan-specjalnych\/#Moje_pierwsze_raczki_turystyczne\" >Moje pierwsze raczki turystyczne<\/a><\/li><li class='ez-toc-page-1 ez-toc-heading-level-2'><a class=\"ez-toc-link ez-toc-heading-3\" href=\"https:\/\/www.skalnik.pl\/blog\/raczki-pro-traxion-camouflage-nie-tylko-do-zadan-specjalnych\/#Najwieksza_zaleta_raczkow\" >Najwi\u0119ksza zaleta raczk\u00f3w<\/a><\/li><li class='ez-toc-page-1 ez-toc-heading-level-2'><a class=\"ez-toc-link ez-toc-heading-4\" href=\"https:\/\/www.skalnik.pl\/blog\/raczki-pro-traxion-camouflage-nie-tylko-do-zadan-specjalnych\/#Gdzie_uzywam_raczkow\" >Gdzie u\u017cywam raczk\u00f3w?<\/a><\/li><li class='ez-toc-page-1 ez-toc-heading-level-2'><a class=\"ez-toc-link ez-toc-heading-5\" href=\"https:\/\/www.skalnik.pl\/blog\/raczki-pro-traxion-camouflage-nie-tylko-do-zadan-specjalnych\/#Po_co_sa_raczki_w_kamuflazu\" >Po co s\u0105 raczki w kamufla\u017cu?<\/a><\/li><li class='ez-toc-page-1 ez-toc-heading-level-2'><a class=\"ez-toc-link ez-toc-heading-6\" href=\"https:\/\/www.skalnik.pl\/blog\/raczki-pro-traxion-camouflage-nie-tylko-do-zadan-specjalnych\/#Pro_Traxion_Camouflage_%E2%80%93_czym_sie_roznia\" >Pro Traxion Camouflage \u2013 czym si\u0119 r\u00f3\u017cni\u0105?<\/a><\/li><li class='ez-toc-page-1 ez-toc-heading-level-2'><a class=\"ez-toc-link ez-toc-heading-7\" href=\"https:\/\/www.skalnik.pl\/blog\/raczki-pro-traxion-camouflage-nie-tylko-do-zadan-specjalnych\/#Przeciez_to_tylko_kolor%E2%80%A6\" >Przecie\u017c to tylko kolor&#8230;<\/a><\/li><li class='ez-toc-page-1 ez-toc-heading-level-2'><a class=\"ez-toc-link ez-toc-heading-8\" href=\"https:\/\/www.skalnik.pl\/blog\/raczki-pro-traxion-camouflage-nie-tylko-do-zadan-specjalnych\/#Raczki_dla_lesnikow_zolnierzy_policjantow_w_gorach\" >Raczki dla le\u015bnik\u00f3w, \u017co\u0142nierzy, policjant\u00f3w w g\u00f3rach<\/a><\/li><li class='ez-toc-page-1 ez-toc-heading-level-2'><a class=\"ez-toc-link ez-toc-heading-9\" href=\"https:\/\/www.skalnik.pl\/blog\/raczki-pro-traxion-camouflage-nie-tylko-do-zadan-specjalnych\/#Czego_mi_brakuje_w_raczkach_Pro_Traxion_Camouflage\" >Czego mi brakuje w raczkach Pro Traxion Camouflage?<\/a><\/li><\/ul><\/nav><\/div>\n<h2 class=\"wp-block-heading\"><span class=\"ez-toc-section\" id=\"Po_co_mi_raczki_na_buty\"><\/span><strong>Po co mi raczki na buty?<\/strong><span class=\"ez-toc-section-end\"><\/span><\/h2>\n\n\n\n<p>Musz\u0119 przyzna\u0107, \u017ce nie jestem fanem chodzenia w czymkolwiek opr\u00f3cz but\u00f3w. Im mniej mam na sobie tym lepiej, bo jest wygodniej. Kiedy jednak tempo spada do tempa \u015blimaka ze wzgl\u0119du na \u015blisk\u0105 powierzchni\u0119, nie waham si\u0119 u\u017cy\u0107 wszystkich dost\u0119pnych \u015brodk\u00f3w, \u017ceby bezpiecznie przyspieszy\u0107. Wobec tego wyci\u0105gam raczki turystyczne, kt\u00f3re s\u0105 w plecaku, wrzucam na buty i maszeruj\u0119 dalej. Zwykle robi\u0119 to w ostateczno\u015bci, licz\u0105c \u017ce zaraz sko\u0144czy si\u0119 ten nieprzyjemny moment, a przecie\u017c na ostatnie metry nie b\u0119d\u0119 zak\u0142ada\u0107 sprz\u0119tu&#8230; Zwykle si\u0119 nie ko\u0144czy, a ja \u017ca\u0142uj\u0119, \u017ce nie mam raczk\u00f3w od pocz\u0105tku.<\/p>\n\n\n\n<h2 class=\"wp-block-heading\"><span class=\"ez-toc-section\" id=\"Moje_pierwsze_raczki_turystyczne\"><\/span><strong>Moje pierwsze raczki turystyczne<\/strong><span class=\"ez-toc-section-end\"><\/span><\/h2>\n\n\n\n<p>Kupuj\u0105c pierwsze raczki w g\u00f3ry patrzy\u0142em na to ile zajmuj\u0105 miejsca i ile wa\u017c\u0105. Wiedzia\u0142em, \u017ce wi\u0119kszo\u015b\u0107 czasu b\u0119d\u0105 le\u017ca\u0142y w plecaku, a ten powinien by\u0107 jak najl\u017cejszy. To sprawi\u0142o, \u017ce bardzo lubi\u0119 odchudzony model raczk\u00f3w VI.6+ &#8211; model Pro Traxion Lite &#8211; o kt\u00f3rym mo\u017cecie przeczyta\u0107 <a href=\"https:\/\/www.skalnik.pl\/blog\/raczki-turystyczne-vi-6-pro-traxion-lite-test\/\" target=\"_blank\" rel=\"noreferrer noopener\">tutaj<\/a>.<\/p>\n\n\n<div class=\"wp-block-image\">\n<figure class=\"aligncenter size-large\"><img loading=\"lazy\" decoding=\"async\" width=\"1024\" height=\"709\" src=\"https:\/\/www.skalnik.pl\/blog\/wp-content\/uploads\/2019\/01\/08raczki-1024x709.jpg\" alt=\"raczki turystyczne VI.6+\" class=\"wp-image-5331\" srcset=\"https:\/\/www.skalnik.pl\/blog\/wp-content\/uploads\/2019\/01\/08raczki-1024x709.jpg 1024w, https:\/\/www.skalnik.pl\/blog\/wp-content\/uploads\/2019\/01\/08raczki-300x208.jpg 300w, https:\/\/www.skalnik.pl\/blog\/wp-content\/uploads\/2019\/01\/08raczki-768x531.jpg 768w, https:\/\/www.skalnik.pl\/blog\/wp-content\/uploads\/2019\/01\/08raczki.jpg 1919w\" sizes=\"auto, (max-width: 1024px) 100vw, 1024px\" \/><figcaption class=\"wp-element-caption\">Raczki<em> Pro Traxion Lite o delikatnie odchudzonej konstrukcji. Moje pierwsze, ale nie jedyne raczki. (fot. Dominik Marzec)<\/em><\/figcaption><\/figure>\n<\/div>\n\n\n<h2 class=\"wp-block-heading\"><span class=\"ez-toc-section\" id=\"Najwieksza_zaleta_raczkow\"><\/span><strong>Najwi\u0119ksza zaleta raczk\u00f3w<\/strong><span class=\"ez-toc-section-end\"><\/span><\/h2>\n\n\n\n<p>Mam dla Was ciekawostk\u0119. Czasami widz\u0119 w internecie rozwa\u017cania \u201eJakie buty do raczk\u00f3w trzeba kupi\u0107?\u201d Zdarza\u0142o mi si\u0119 zak\u0142ada\u0107 je na buty biegowe. Tak, takie zwyk\u0142e, letnie z siatk\u0105. Dzia\u0142aj\u0105, \u015bwiat nie wybuch\u0142! By\u0142o mniej wygodnie ni\u017c w sztywnych butach, ale zupe\u0142nie akceptowalnie. Wi\u0119c obuwie, kt\u00f3re macie w domu na 99,9% b\u0119dzie odpowiednie do raczk\u00f3w.<\/p>\n\n\n\n<p>Wracaj\u0105c do tematu, je\u015bli mia\u0142bym wybra\u0107 dwa najwa\u017cniejsze elementy sprz\u0119tu w g\u00f3ry zim\u0105, wybra\u0142bym w\u0142a\u015bnie lekkie raczki Pro Traction Lite i raki turystyczne. Raki, wiadomo \u2013 na ci\u0119\u017ckie, wymagaj\u0105ce warunki, a raczki wsz\u0119dzie indziej. Ca\u0142e szcz\u0119\u015bcie, \u017ce nie musz\u0119 wybiera\u0107 i mog\u0119 te\u017c u\u017cywa\u0107 tak\u017ce raczk\u00f3w <em>Pro Traxion Camouflage<\/em>, czyli wersji z kamufla\u017cem.<\/p>\n\n\n\n<h2 class=\"wp-block-heading\"><span class=\"ez-toc-section\" id=\"Gdzie_uzywam_raczkow\"><\/span><strong>Gdzie u\u017cywam raczk\u00f3w?<\/strong><span class=\"ez-toc-section-end\"><\/span><\/h2>\n\n\n\n<p>Nie chodz\u0119 zim\u0105 po Tatrach, ani innych g\u00f3rach wysokich. Natomiast po lokalnych (dla mnie) Sudetach ca\u0142kiem sporo. To w\u0142a\u015bnie rejon, w kt\u00f3rym u\u017cywam raczk\u00f3w. Zdarza\u0142o mi si\u0119 korzysta\u0107 z nich podczas jednodniowych wypad\u00f3w, podczas 2-3 dniowych wypad\u00f3w z noclegiem w terenie oraz w czasie bieg\u00f3w na orientacj\u0119 lub przy innych grach terenowych \u2013 na przyk\u0142ad w airsofcie.<\/p>\n\n\n<div class=\"wp-block-image\">\n<figure class=\"aligncenter size-large\"><img loading=\"lazy\" decoding=\"async\" width=\"1024\" height=\"683\" src=\"https:\/\/www.skalnik.pl\/blog\/wp-content\/uploads\/2023\/01\/raczki-kamufla\u017c-raczki-vi.6.jpg\" alt=\"raczki kamufla\u017c do asg dla harcerzy\" class=\"wp-image-21889\" srcset=\"https:\/\/www.skalnik.pl\/blog\/wp-content\/uploads\/2023\/01\/raczki-kamufla\u017c-raczki-vi.6.jpg 1024w, https:\/\/www.skalnik.pl\/blog\/wp-content\/uploads\/2023\/01\/raczki-kamufla\u017c-raczki-vi.6-300x200.jpg 300w, https:\/\/www.skalnik.pl\/blog\/wp-content\/uploads\/2023\/01\/raczki-kamufla\u017c-raczki-vi.6-768x512.jpg 768w\" sizes=\"auto, (max-width: 1024px) 100vw, 1024px\" \/><figcaption class=\"wp-element-caption\"><em>Raczki doskonale sprawdz\u0105 si\u0119 tam, gdzie b\u0119dzie \u015blisko. <\/em><\/figcaption><\/figure>\n<\/div>\n\n\n<p>To z pozoru podobne sytuacje. Wsz\u0119dzie jest \u015blisko, za ka\u017cdym razem jestem w terenie. Tylko z pozoru to to samo. Na jednodniowych wypadach wszystko jedno co mam w plecaku \u2013 nie licz\u0119 ka\u017cdego grama, je\u015bli wycieczka ma potrwa\u0107 kilka, czy nawet kilkana\u015bcie godzin. Przy wyjazdach, gdzie s\u0105 kr\u0119cone wi\u0119ksze przebiegi zdecydowanie bardziej na to uwa\u017cam. Tak jak wy\u017cej pisa\u0142em \u2013 opr\u00f3cz wagi r\u00f3\u017cnic\u0119 zrobi obj\u0119to\u015b\u0107 pokrowca, kt\u00f3ry zabierze mniej miejsca w, i tak wypchanym po brzegi sprz\u0119tem zimowym, plecaku.<\/p>\n\n\n\n<h2 class=\"wp-block-heading\"><span class=\"ez-toc-section\" id=\"Po_co_sa_raczki_w_kamuflazu\"><\/span><strong>Po co s\u0105 raczki w kamufla\u017cu?<\/strong><span class=\"ez-toc-section-end\"><\/span><\/h2>\n\n\n\n<p>Wniosek? <em>\u201eBierz lekkie raczki i b\u0119dziesz Pan zadowolony!\u201d<\/em>, Teraz na szal\u0119 wrzucam airsoft i inne tego typu militarne scenariusze. Sprawa si\u0119 komplikuje. W normalnych warunkach jaskrawe elementy wyposa\u017cenia s\u0105 po\u017c\u0105dane ze wzgl\u0119du na bezpiecze\u0144stwo. W sytuacjach, gdzie nie chcemy by\u0107 zauwa\u017ceni wprost przeciwnie. Gry militarne, w wi\u0119kszo\u015bci przypadk\u00f3w, polegaj\u0105 w\u0142a\u015bnie na tym, \u017ceby nie zosta\u0107 znalezionym. Jednocze\u015bnie chcia\u0142bym porusza\u0107 si\u0119 bezpiecznie i mo\u017cliwie szybko po niepewnym terenie. Producenci odpowiedzieli na moje potrzeby wypuszczaj\u0105c lini\u0119 raczk\u00f3w Pro Traction w kamulfa\u017cu.<\/p>\n\n\n\n<p><mark style=\"background-color:rgba(0, 0, 0, 0)\" class=\"has-inline-color has-vivid-cyan-blue-color\">Zobacz <strong><a href=\"https:\/\/www.skalnik.pl\/raczki-pro-traxion-camouflage-kamuflaz-678289\" target=\"_blank\" rel=\"noreferrer noopener\">raczki Pro Traxion Camouflage<\/a><\/strong> w naszym sklepie.<\/mark><\/p>\n\n\n\n<h2 class=\"wp-block-heading\"><span class=\"ez-toc-section\" id=\"Pro_Traxion_Camouflage_%E2%80%93_czym_sie_roznia\"><\/span>Pro Traxion Camouflage \u2013 czym si\u0119 r\u00f3\u017cni\u0105?<span class=\"ez-toc-section-end\"><\/span><\/h2>\n\n\n\n<p>Kr\u00f3tkie przedstawienie naszych bohater\u00f3w. Raczki Pro Traxion Camouflage to znana z poprzednich modeli konstrukcja w od\u015bwie\u017conym designie. Cz\u0119\u015b\u0107 \u201erobocza\u201d pozosta\u0142a bez zmian wzgl\u0119dem swojej cywilnej wersji \u2013 sk\u0142ada si\u0119 z dw\u00f3ch segment\u00f3w z kolcami o raz systemu \u0142a\u0144cuszk\u00f3w. Ca\u0142o\u015b\u0107 jest oczywi\u015bcie metalowa, aby oferowa\u0107 maksymaln\u0105 wytrzyma\u0142o\u015b\u0107 i odporno\u015b\u0107 na ci\u0119\u017ckie warunki. 13 z\u0119b\u00f3w zapewnia przyczepno\u015b\u0107, a zastosowanie zawias\u00f3w zmniejsza napr\u0119\u017cenia, dzi\u0119ki czemu \u0142\u0105czenia nie zrywaj\u0105 si\u0119. Najwi\u0119ksz\u0105 zmian\u0105 jest cz\u0119\u015b\u0107 gumowa. Na szcz\u0119\u015bcie producent zosta\u0142 przy tej samej mieszance gumy, kt\u00f3ra jest odporna na mr\u00f3z i \u015bcieranie. Zamiesza\u0142 natomiast w palecie barw tworz\u0105c ciekawe rozwi\u0105zanie dla entuzjast\u00f3w militari\u00f3w.<\/p>\n\n\n<div class=\"wp-block-image\">\n<figure class=\"aligncenter size-large\"><img loading=\"lazy\" decoding=\"async\" width=\"1024\" height=\"1024\" src=\"https:\/\/www.skalnik.pl\/blog\/wp-content\/uploads\/2022\/02\/raczki-dla-le\u015bnik\u00f3w-1024x1024.jpg\" alt=\"raczki turystyczne dla harcerzy\" class=\"wp-image-19370\" srcset=\"https:\/\/www.skalnik.pl\/blog\/wp-content\/uploads\/2022\/02\/raczki-dla-le\u015bnik\u00f3w.jpg 1024w, https:\/\/www.skalnik.pl\/blog\/wp-content\/uploads\/2022\/02\/raczki-dla-le\u015bnik\u00f3w-300x300.jpg 300w, https:\/\/www.skalnik.pl\/blog\/wp-content\/uploads\/2022\/02\/raczki-dla-le\u015bnik\u00f3w-768x768.jpg 768w\" sizes=\"auto, (max-width: 1024px) 100vw, 1024px\" \/><figcaption class=\"wp-element-caption\"><em>Raczki w ataku! Zawias w przedniej cz\u0119\u015bci skutecznie zmniejsza napr\u0119\u017cenia i dzia\u0142a bez zarzutu. (fot. autor)<\/em><\/figcaption><\/figure>\n<\/div>\n\n\n<h2 class=\"wp-block-heading\"><span class=\"ez-toc-section\" id=\"Przeciez_to_tylko_kolor%E2%80%A6\"><\/span><strong>Przecie\u017c to tylko kolor&#8230;<\/strong><span class=\"ez-toc-section-end\"><\/span><\/h2>\n\n\n\n<p>To jest a\u017c kolor! Za kolor w samochodzie mo\u017cna dop\u0142aci\u0107 dziesi\u0105tki tysi\u0119cy z\u0142otych! Gdy ca\u0142y sprz\u0119t jest w stonowanych kolorach, a my chcemy zachowywa\u0107 si\u0119 jak komandosi, nie chcemy, by na naszych butach znajdowa\u0142y si\u0119 opaski w jaskrawych kolorach.<br><br>zdj\u0119cie 6. <em>Br\u0105zowy but + zielone raczki. Zupe\u0142nie jak mieszanka br\u0105zowych li\u015bci i zielonych niedobitk\u00f3w po lecie.<\/em><\/p>\n\n\n\n<p>Ka\u017cdy \u015bwiec\u0105cy, czy jaskrawy element mo\u017ce nas zdradzi\u0107, wi\u0119c unikamy wszystkiego. Przez nieregularne zabarwienie gumowe cz\u0119\u015bci opasaj\u0105ce cholewki mog\u0105 te\u017c zaburza\u0107 kszta\u0142t but\u00f3w, co jest po\u017c\u0105dane. Oczywi\u015bcie, nie jest to kluczowa cecha raczk\u00f3w, ale skoro oferuj\u0105 to \u201eprzy okazji\u201d to warto si\u0119 z tego cieszy\u0107.<\/p>\n\n\n\n<h2 class=\"wp-block-heading\"><span class=\"ez-toc-section\" id=\"Raczki_dla_lesnikow_zolnierzy_policjantow_w_gorach\"><\/span><strong>Raczki <\/strong><strong>dla le\u015bnik\u00f3w, \u017co\u0142nierzy, <\/strong><strong>policjant\u00f3w w g\u00f3rach<\/strong><span class=\"ez-toc-section-end\"><\/span><\/h2>\n\n\n\n<p>Warto wspomnie\u0107, \u017ce nie ka\u017cdy ma swobod\u0119 ubioru. W s\u0142u\u017cbach mundurowych cz\u0119sto dodatki, kt\u00f3re mo\u017cemy mie\u0107 przy sobie s\u0105 \u015bci\u015ble okre\u015blone. Cz\u0119sto parametrem decyduj\u0105cym czy co\u015b jest dopuszczone do u\u017cytku, czy nie, jest w\u0142a\u015bnie kolor. Takie raczki to \u015bwietna sprawa dla ludzi pracuj\u0105cych w terenie \u2013 przez codzienn\u0105 ekspozycj\u0119 na trudne warunki s\u0105 nara\u017ceni na urazy bardziej ni\u017c niedzielni tury\u015bci. Raczki w stonowanych kolorach s\u0105 idealnym rozwi\u0105zaniem dla wielu grup zawodowych: policji, wojska, stra\u017cy granicznej, s\u0142u\u017cby le\u015bnej, czy stra\u017cnik\u00f3w w parkach narodowych. B\u0119d\u0105 te\u017c elementem doskonale pasuj\u0105cym do harcerskiego munduru czy kamufla\u017cu os\u00f3b fotografuj\u0105cych przyrod\u0119. Jak widzisz, nie musisz trzeba kry\u0107 si\u0119 po lasach jak fani ASG, by takie raczki sta\u0142y si\u0119 potrzebne.<\/p>\n\n\n<div class=\"wp-block-image\">\n<figure class=\"aligncenter size-large\"><img loading=\"lazy\" decoding=\"async\" width=\"1024\" height=\"683\" src=\"https:\/\/www.skalnik.pl\/blog\/wp-content\/uploads\/2023\/01\/kompaktowe-raczki-turystyczne-w-kolorach-kamufla\u017cu.jpg\" alt=\"raczki turystyczne cammuflage\" class=\"wp-image-21890\" srcset=\"https:\/\/www.skalnik.pl\/blog\/wp-content\/uploads\/2023\/01\/kompaktowe-raczki-turystyczne-w-kolorach-kamufla\u017cu.jpg 1024w, https:\/\/www.skalnik.pl\/blog\/wp-content\/uploads\/2023\/01\/kompaktowe-raczki-turystyczne-w-kolorach-kamufla\u017cu-300x200.jpg 300w, https:\/\/www.skalnik.pl\/blog\/wp-content\/uploads\/2023\/01\/kompaktowe-raczki-turystyczne-w-kolorach-kamufla\u017cu-768x512.jpg 768w\" sizes=\"auto, (max-width: 1024px) 100vw, 1024px\" \/><figcaption class=\"wp-element-caption\"><em>Kompaktowy rozmiar raczk\u00f3w to r\u00f3wnie\u017c ich atut. <\/em><\/figcaption><\/figure>\n<\/div>\n\n\n<h2 class=\"wp-block-heading\"><span class=\"ez-toc-section\" id=\"Czego_mi_brakuje_w_raczkach_Pro_Traxion_Camouflage\"><\/span><strong>Czego mi brakuje w raczkach Pro Traxion Camouflage?<\/strong><span class=\"ez-toc-section-end\"><\/span><\/h2>\n\n\n\n<p>Kosmetyczna zmiana, kt\u00f3rej mi brakuje to kolor metalowych cz\u0119\u015bci. Niestety s\u0105 takie jak w standardowych raczkach. Wiem, \u017ce wi\u0119kszo\u015b\u0107 czasu i tak s\u0105 pod butem, a na oko\u0142o zakrywa je \u015bnieg. Cz\u0119sto zdarza\u0142o mi si\u0119 le\u017ce\u0107, aby skry\u0107 si\u0119 lepiej i wtedy jest szansa, \u017ce s\u0142o\u0144ce niefortunnie si\u0119 odbije od metalowych cz\u0119\u015bci. To drobiazg, bo przecie\u017c s\u0142o\u0144ce odbija si\u0119 te\u017c od \u015bniegu, ale gdyby tylko producent pomalowa\u0142 je na czarno&#8230; By\u0142oby idealnie.<\/p>\n\n\n\n<div style=\"height:50px\" aria-hidden=\"true\" class=\"wp-block-spacer\"><\/div>\n\n\n\n<hr class=\"wp-block-separator has-css-opacity\"\/>\n\n\n\n<p>Raczki VI.6+w kamufla\u017cu to z pewno\u015bci\u0105 nie jest co\u015b, co wywraca rynek do g\u00f3ry nogami. Nie mniej jednak jest to produkt, kt\u00f3ry wype\u0142nia pewn\u0105 du\u017c\u0105 luk\u0119 w rynku outdoor. Po\u015br\u00f3d mnogo\u015bci raczk\u00f3w mieni\u0105cych si\u0119 palet\u0105 jaskrawych kolor\u00f3w, na pewno warto zwr\u00f3ci\u0107 uwag\u0119 na model, kt\u00f3ry oferuje co\u015b innego. Jestem przekonany, \u017ce mi\u0142o\u015bnicy bushcraftu, militari\u00f3w i innych \u201etajnych\u201d le\u015bnych aktywno\u015bci przychylniej spojrz\u0105 na wersj\u0119 Camouflage ni\u017c na zwyk\u0142e raczki Pro Traxion.<\/p>\n\n\n\n<p><em><span class=\"has-inline-color has-vivid-cyan-blue-color\">Skocz do kategorii, w kt\u00f3rej zobaczysz wszystkie <strong><a href=\"https:\/\/www.skalnik.pl\/sprzet-zimowy\/turystyka-zimowa\/turystyka-zimowa-raki-raczki\/typ_rakow:raczki\" target=\"_blank\" rel=\"noreferrer noopener\">raczki turystyczne<\/a><\/strong>!<\/span><\/em><\/p>\n","protected":false},"excerpt":{"rendered":"<p>Raczki z kamufla\u017cem &#8211; dla kogo? Dla wielu sprawdz\u0105 si\u0119 nawet lepiej! <\/p>\n","protected":false},"author":36,"featured_media":21887,"comment_status":"open","ping_status":"open","sticky":false,"template":"","format":"standard","meta":{"_acf_changed":false,"footnotes":""},"categories":[8],"tags":[],"magento_category":[],"magento_product":[560],"class_list":["post-19365","post","type-post","status-publish","format-standard","has-post-thumbnail","hentry","category-testy"],"acf":[],"aioseo_notices":[],"aioseo_head":"\n\t\t<!-- All in One SEO 4.9.10 - aioseo.com -->\n\t<meta name=\"description\" content=\"Nie tylko do misji specjalnych. Poznaj Pro Traxion Camouflage - raczki turystyczne dla harcerzy, fan\u00f3w ASG, Survivalu, bushcraftu i le\u015bnik\u00f3w. Te traczki w militarnym kamufla\u017cu znajduj\u0105 szerokie zastosowanie.\" \/>\n\t<meta name=\"robots\" content=\"max-image-preview:large\" \/>\n\t<meta name=\"author\" content=\"Krzysztof Ostry\u017cniuk\"\/>\n\t<link rel=\"canonical\" href=\"https:\/\/www.skalnik.pl\/blog\/raczki-pro-traxion-camouflage-nie-tylko-do-zadan-specjalnych\/\" \/>\n\t<meta name=\"generator\" content=\"All in One SEO (AIOSEO) 4.9.10\" \/>\n\t\t<meta property=\"og:locale\" content=\"pl_PL\" \/>\n\t\t<meta property=\"og:site_name\" content=\"blog Skalnik - Blog, porady, artyku\u0142y - blog Skalnik\" \/>\n\t\t<meta property=\"og:type\" content=\"article\" \/>\n\t\t<meta property=\"og:title\" content=\"Raczki Pro Traxion Camouflage. Nie tylko do zada\u0144 specjalnych - blog Skalnik\" \/>\n\t\t<meta property=\"og:description\" content=\"Nie tylko do misji specjalnych. Poznaj Pro Traxion Camouflage - raczki turystyczne dla harcerzy, fan\u00f3w ASG, Survivalu, bushcraftu i le\u015bnik\u00f3w. Te traczki w militarnym kamufla\u017cu znajduj\u0105 szerokie zastosowanie.\" \/>\n\t\t<meta property=\"og:url\" content=\"https:\/\/www.skalnik.pl\/blog\/raczki-pro-traxion-camouflage-nie-tylko-do-zadan-specjalnych\/\" \/>\n\t\t<meta property=\"og:image\" content=\"https:\/\/www.skalnik.pl\/blog\/wp-content\/uploads\/2019\/01\/08raczki.jpg\" \/>\n\t\t<meta property=\"og:image:secure_url\" content=\"https:\/\/www.skalnik.pl\/blog\/wp-content\/uploads\/2019\/01\/08raczki.jpg\" \/>\n\t\t<meta property=\"og:image:width\" content=\"1919\" \/>\n\t\t<meta property=\"og:image:height\" content=\"1328\" \/>\n\t\t<meta property=\"article:tag\" content=\"testy\" \/>\n\t\t<meta property=\"article:published_time\" content=\"2022-02-11T06:48:00+00:00\" \/>\n\t\t<meta property=\"article:modified_time\" content=\"2023-09-07T13:52:33+00:00\" \/>\n\t\t<meta name=\"twitter:card\" content=\"summary_large_image\" \/>\n\t\t<meta name=\"twitter:title\" content=\"Raczki Pro Traxion Camouflage. Nie tylko do zada\u0144 specjalnych - blog Skalnik\" \/>\n\t\t<meta name=\"twitter:description\" content=\"Nie tylko do misji specjalnych. Poznaj Pro Traxion Camouflage - raczki turystyczne dla harcerzy, fan\u00f3w ASG, Survivalu, bushcraftu i le\u015bnik\u00f3w. Te traczki w militarnym kamufla\u017cu znajduj\u0105 szerokie zastosowanie.\" \/>\n\t\t<meta name=\"twitter:image\" content=\"https:\/\/www.skalnik.pl\/blog\/wp-content\/uploads\/2019\/01\/08raczki.jpg\" \/>\n\t\t<script type=\"application\/ld+json\" class=\"aioseo-schema\">\n\t\t\t{\"@context\":\"https:\\\/\\\/schema.org\",\"@graph\":[{\"@type\":\"BlogPosting\",\"@id\":\"https:\\\/\\\/www.skalnik.pl\\\/blog\\\/raczki-pro-traxion-camouflage-nie-tylko-do-zadan-specjalnych\\\/#blogposting\",\"name\":\"Raczki Pro Traxion Camouflage. Nie tylko do zada\\u0144 specjalnych - blog Skalnik\",\"headline\":\"Raczki Pro Traxion Camouflage. Nie tylko do zada\\u0144 specjalnych\",\"author\":{\"@id\":\"https:\\\/\\\/www.skalnik.pl\\\/blog\\\/author\\\/krzysztof-ostryzniuk\\\/#author\"},\"publisher\":{\"@id\":\"https:\\\/\\\/www.skalnik.pl\\\/blog\\\/#organization\"},\"image\":{\"@type\":\"ImageObject\",\"url\":\"https:\\\/\\\/www.skalnik.pl\\\/blog\\\/wp-content\\\/uploads\\\/2022\\\/02\\\/raczki-pro-traxion-cammuflage-test.jpg\",\"width\":1920,\"height\":706},\"datePublished\":\"2022-02-11T07:48:00+02:00\",\"dateModified\":\"2023-09-07T15:52:33+02:00\",\"inLanguage\":\"pl-PL\",\"mainEntityOfPage\":{\"@id\":\"https:\\\/\\\/www.skalnik.pl\\\/blog\\\/raczki-pro-traxion-camouflage-nie-tylko-do-zadan-specjalnych\\\/#webpage\"},\"isPartOf\":{\"@id\":\"https:\\\/\\\/www.skalnik.pl\\\/blog\\\/raczki-pro-traxion-camouflage-nie-tylko-do-zadan-specjalnych\\\/#webpage\"},\"articleSection\":\"Testy, 678289\"},{\"@type\":\"BreadcrumbList\",\"@id\":\"https:\\\/\\\/www.skalnik.pl\\\/blog\\\/raczki-pro-traxion-camouflage-nie-tylko-do-zadan-specjalnych\\\/#breadcrumblist\",\"itemListElement\":[{\"@type\":\"ListItem\",\"@id\":\"https:\\\/\\\/www.skalnik.pl\\\/blog#listItem\",\"position\":1,\"name\":\"Home\",\"item\":\"https:\\\/\\\/www.skalnik.pl\\\/blog\",\"nextItem\":{\"@type\":\"ListItem\",\"@id\":\"https:\\\/\\\/www.skalnik.pl\\\/blog\\\/.\\\/testy\\\/#listItem\",\"name\":\"Testy\"}},{\"@type\":\"ListItem\",\"@id\":\"https:\\\/\\\/www.skalnik.pl\\\/blog\\\/.\\\/testy\\\/#listItem\",\"position\":2,\"name\":\"Testy\",\"item\":\"https:\\\/\\\/www.skalnik.pl\\\/blog\\\/.\\\/testy\\\/\",\"nextItem\":{\"@type\":\"ListItem\",\"@id\":\"https:\\\/\\\/www.skalnik.pl\\\/blog\\\/raczki-pro-traxion-camouflage-nie-tylko-do-zadan-specjalnych\\\/#listItem\",\"name\":\"Raczki Pro Traxion Camouflage. Nie tylko do zada\\u0144 specjalnych\"},\"previousItem\":{\"@type\":\"ListItem\",\"@id\":\"https:\\\/\\\/www.skalnik.pl\\\/blog#listItem\",\"name\":\"Home\"}},{\"@type\":\"ListItem\",\"@id\":\"https:\\\/\\\/www.skalnik.pl\\\/blog\\\/raczki-pro-traxion-camouflage-nie-tylko-do-zadan-specjalnych\\\/#listItem\",\"position\":3,\"name\":\"Raczki Pro Traxion Camouflage. Nie tylko do zada\\u0144 specjalnych\",\"previousItem\":{\"@type\":\"ListItem\",\"@id\":\"https:\\\/\\\/www.skalnik.pl\\\/blog\\\/.\\\/testy\\\/#listItem\",\"name\":\"Testy\"}}]},{\"@type\":\"Organization\",\"@id\":\"https:\\\/\\\/www.skalnik.pl\\\/blog\\\/#organization\",\"name\":\"blog Skalnik\",\"description\":\"Blog, porady, artyku\\u0142y - blog Skalnik\",\"url\":\"https:\\\/\\\/www.skalnik.pl\\\/blog\\\/\"},{\"@type\":\"Person\",\"@id\":\"https:\\\/\\\/www.skalnik.pl\\\/blog\\\/author\\\/krzysztof-ostryzniuk\\\/#author\",\"url\":\"https:\\\/\\\/www.skalnik.pl\\\/blog\\\/author\\\/krzysztof-ostryzniuk\\\/\",\"name\":\"Krzysztof Ostry\\u017cniuk\",\"image\":{\"@type\":\"ImageObject\",\"@id\":\"https:\\\/\\\/www.skalnik.pl\\\/blog\\\/raczki-pro-traxion-camouflage-nie-tylko-do-zadan-specjalnych\\\/#authorImage\",\"url\":\"https:\\\/\\\/secure.gravatar.com\\\/avatar\\\/4600ff58a0243a08913d57bbc4055c2d277233f33a85f841ecb639e269a6697a?s=96&d=mm&r=g\",\"width\":96,\"height\":96,\"caption\":\"Krzysztof Ostry\\u017cniuk\"}},{\"@type\":\"WebPage\",\"@id\":\"https:\\\/\\\/www.skalnik.pl\\\/blog\\\/raczki-pro-traxion-camouflage-nie-tylko-do-zadan-specjalnych\\\/#webpage\",\"url\":\"https:\\\/\\\/www.skalnik.pl\\\/blog\\\/raczki-pro-traxion-camouflage-nie-tylko-do-zadan-specjalnych\\\/\",\"name\":\"Raczki Pro Traxion Camouflage. Nie tylko do zada\\u0144 specjalnych - blog Skalnik\",\"description\":\"Nie tylko do misji specjalnych. Poznaj Pro Traxion Camouflage - raczki turystyczne dla harcerzy, fan\\u00f3w ASG, Survivalu, bushcraftu i le\\u015bnik\\u00f3w. Te traczki w militarnym kamufla\\u017cu znajduj\\u0105 szerokie zastosowanie.\",\"inLanguage\":\"pl-PL\",\"isPartOf\":{\"@id\":\"https:\\\/\\\/www.skalnik.pl\\\/blog\\\/#website\"},\"breadcrumb\":{\"@id\":\"https:\\\/\\\/www.skalnik.pl\\\/blog\\\/raczki-pro-traxion-camouflage-nie-tylko-do-zadan-specjalnych\\\/#breadcrumblist\"},\"author\":{\"@id\":\"https:\\\/\\\/www.skalnik.pl\\\/blog\\\/author\\\/krzysztof-ostryzniuk\\\/#author\"},\"creator\":{\"@id\":\"https:\\\/\\\/www.skalnik.pl\\\/blog\\\/author\\\/krzysztof-ostryzniuk\\\/#author\"},\"image\":{\"@type\":\"ImageObject\",\"url\":\"https:\\\/\\\/www.skalnik.pl\\\/blog\\\/wp-content\\\/uploads\\\/2022\\\/02\\\/raczki-pro-traxion-cammuflage-test.jpg\",\"@id\":\"https:\\\/\\\/www.skalnik.pl\\\/blog\\\/raczki-pro-traxion-camouflage-nie-tylko-do-zadan-specjalnych\\\/#mainImage\",\"width\":1920,\"height\":706},\"primaryImageOfPage\":{\"@id\":\"https:\\\/\\\/www.skalnik.pl\\\/blog\\\/raczki-pro-traxion-camouflage-nie-tylko-do-zadan-specjalnych\\\/#mainImage\"},\"datePublished\":\"2022-02-11T07:48:00+02:00\",\"dateModified\":\"2023-09-07T15:52:33+02:00\"},{\"@type\":\"WebSite\",\"@id\":\"https:\\\/\\\/www.skalnik.pl\\\/blog\\\/#website\",\"url\":\"https:\\\/\\\/www.skalnik.pl\\\/blog\\\/\",\"name\":\"blog Skalnik\",\"description\":\"Blog, porady, artyku\\u0142y - blog Skalnik\",\"inLanguage\":\"pl-PL\",\"publisher\":{\"@id\":\"https:\\\/\\\/www.skalnik.pl\\\/blog\\\/#organization\"}}]}\n\t\t<\/script>\n\t\t<!-- All in One SEO -->\n\n","aioseo_head_json":{"title":"Raczki Pro Traxion Camouflage. Nie tylko do zada\u0144 specjalnych - blog Skalnik","description":"Nie tylko do misji specjalnych. Poznaj Pro Traxion Camouflage - raczki turystyczne dla harcerzy, fan\u00f3w ASG, Survivalu, bushcraftu i le\u015bnik\u00f3w. Te traczki w militarnym kamufla\u017cu znajduj\u0105 szerokie zastosowanie.","canonical_url":"https:\/\/www.skalnik.pl\/blog\/raczki-pro-traxion-camouflage-nie-tylko-do-zadan-specjalnych\/","robots":"max-image-preview:large","keywords":"","webmasterTools":{"miscellaneous":""},"schema":{"@context":"https:\/\/schema.org","@graph":[{"@type":"BlogPosting","@id":"https:\/\/www.skalnik.pl\/blog\/raczki-pro-traxion-camouflage-nie-tylko-do-zadan-specjalnych\/#blogposting","name":"Raczki Pro Traxion Camouflage. Nie tylko do zada\u0144 specjalnych - blog Skalnik","headline":"Raczki Pro Traxion Camouflage. Nie tylko do zada\u0144 specjalnych","author":{"@id":"https:\/\/www.skalnik.pl\/blog\/author\/krzysztof-ostryzniuk\/#author"},"publisher":{"@id":"https:\/\/www.skalnik.pl\/blog\/#organization"},"image":{"@type":"ImageObject","url":"https:\/\/www.skalnik.pl\/blog\/wp-content\/uploads\/2022\/02\/raczki-pro-traxion-cammuflage-test.jpg","width":1920,"height":706},"datePublished":"2022-02-11T07:48:00+02:00","dateModified":"2023-09-07T15:52:33+02:00","inLanguage":"pl-PL","mainEntityOfPage":{"@id":"https:\/\/www.skalnik.pl\/blog\/raczki-pro-traxion-camouflage-nie-tylko-do-zadan-specjalnych\/#webpage"},"isPartOf":{"@id":"https:\/\/www.skalnik.pl\/blog\/raczki-pro-traxion-camouflage-nie-tylko-do-zadan-specjalnych\/#webpage"},"articleSection":"Testy, 678289"},{"@type":"BreadcrumbList","@id":"https:\/\/www.skalnik.pl\/blog\/raczki-pro-traxion-camouflage-nie-tylko-do-zadan-specjalnych\/#breadcrumblist","itemListElement":[{"@type":"ListItem","@id":"https:\/\/www.skalnik.pl\/blog#listItem","position":1,"name":"Home","item":"https:\/\/www.skalnik.pl\/blog","nextItem":{"@type":"ListItem","@id":"https:\/\/www.skalnik.pl\/blog\/.\/testy\/#listItem","name":"Testy"}},{"@type":"ListItem","@id":"https:\/\/www.skalnik.pl\/blog\/.\/testy\/#listItem","position":2,"name":"Testy","item":"https:\/\/www.skalnik.pl\/blog\/.\/testy\/","nextItem":{"@type":"ListItem","@id":"https:\/\/www.skalnik.pl\/blog\/raczki-pro-traxion-camouflage-nie-tylko-do-zadan-specjalnych\/#listItem","name":"Raczki Pro Traxion Camouflage. Nie tylko do zada\u0144 specjalnych"},"previousItem":{"@type":"ListItem","@id":"https:\/\/www.skalnik.pl\/blog#listItem","name":"Home"}},{"@type":"ListItem","@id":"https:\/\/www.skalnik.pl\/blog\/raczki-pro-traxion-camouflage-nie-tylko-do-zadan-specjalnych\/#listItem","position":3,"name":"Raczki Pro Traxion Camouflage. Nie tylko do zada\u0144 specjalnych","previousItem":{"@type":"ListItem","@id":"https:\/\/www.skalnik.pl\/blog\/.\/testy\/#listItem","name":"Testy"}}]},{"@type":"Organization","@id":"https:\/\/www.skalnik.pl\/blog\/#organization","name":"blog Skalnik","description":"Blog, porady, artyku\u0142y - blog Skalnik","url":"https:\/\/www.skalnik.pl\/blog\/"},{"@type":"Person","@id":"https:\/\/www.skalnik.pl\/blog\/author\/krzysztof-ostryzniuk\/#author","url":"https:\/\/www.skalnik.pl\/blog\/author\/krzysztof-ostryzniuk\/","name":"Krzysztof Ostry\u017cniuk","image":{"@type":"ImageObject","@id":"https:\/\/www.skalnik.pl\/blog\/raczki-pro-traxion-camouflage-nie-tylko-do-zadan-specjalnych\/#authorImage","url":"https:\/\/secure.gravatar.com\/avatar\/4600ff58a0243a08913d57bbc4055c2d277233f33a85f841ecb639e269a6697a?s=96&d=mm&r=g","width":96,"height":96,"caption":"Krzysztof Ostry\u017cniuk"}},{"@type":"WebPage","@id":"https:\/\/www.skalnik.pl\/blog\/raczki-pro-traxion-camouflage-nie-tylko-do-zadan-specjalnych\/#webpage","url":"https:\/\/www.skalnik.pl\/blog\/raczki-pro-traxion-camouflage-nie-tylko-do-zadan-specjalnych\/","name":"Raczki Pro Traxion Camouflage. Nie tylko do zada\u0144 specjalnych - blog Skalnik","description":"Nie tylko do misji specjalnych. Poznaj Pro Traxion Camouflage - raczki turystyczne dla harcerzy, fan\u00f3w ASG, Survivalu, bushcraftu i le\u015bnik\u00f3w. Te traczki w militarnym kamufla\u017cu znajduj\u0105 szerokie zastosowanie.","inLanguage":"pl-PL","isPartOf":{"@id":"https:\/\/www.skalnik.pl\/blog\/#website"},"breadcrumb":{"@id":"https:\/\/www.skalnik.pl\/blog\/raczki-pro-traxion-camouflage-nie-tylko-do-zadan-specjalnych\/#breadcrumblist"},"author":{"@id":"https:\/\/www.skalnik.pl\/blog\/author\/krzysztof-ostryzniuk\/#author"},"creator":{"@id":"https:\/\/www.skalnik.pl\/blog\/author\/krzysztof-ostryzniuk\/#author"},"image":{"@type":"ImageObject","url":"https:\/\/www.skalnik.pl\/blog\/wp-content\/uploads\/2022\/02\/raczki-pro-traxion-cammuflage-test.jpg","@id":"https:\/\/www.skalnik.pl\/blog\/raczki-pro-traxion-camouflage-nie-tylko-do-zadan-specjalnych\/#mainImage","width":1920,"height":706},"primaryImageOfPage":{"@id":"https:\/\/www.skalnik.pl\/blog\/raczki-pro-traxion-camouflage-nie-tylko-do-zadan-specjalnych\/#mainImage"},"datePublished":"2022-02-11T07:48:00+02:00","dateModified":"2023-09-07T15:52:33+02:00"},{"@type":"WebSite","@id":"https:\/\/www.skalnik.pl\/blog\/#website","url":"https:\/\/www.skalnik.pl\/blog\/","name":"blog Skalnik","description":"Blog, porady, artyku\u0142y - blog Skalnik","inLanguage":"pl-PL","publisher":{"@id":"https:\/\/www.skalnik.pl\/blog\/#organization"}}]},"og:locale":"pl_PL","og:site_name":"blog Skalnik - Blog, porady, artyku\u0142y - blog Skalnik","og:type":"article","og:title":"Raczki Pro Traxion Camouflage. Nie tylko do zada\u0144 specjalnych - blog Skalnik","og:description":"Nie tylko do misji specjalnych. Poznaj Pro Traxion Camouflage - raczki turystyczne dla harcerzy, fan\u00f3w ASG, Survivalu, bushcraftu i le\u015bnik\u00f3w. Te traczki w militarnym kamufla\u017cu znajduj\u0105 szerokie zastosowanie.","og:url":"https:\/\/www.skalnik.pl\/blog\/raczki-pro-traxion-camouflage-nie-tylko-do-zadan-specjalnych\/","og:image":"https:\/\/www.skalnik.pl\/blog\/wp-content\/uploads\/2019\/01\/08raczki.jpg","og:image:secure_url":"https:\/\/www.skalnik.pl\/blog\/wp-content\/uploads\/2019\/01\/08raczki.jpg","og:image:width":1919,"og:image:height":1328,"article:tag":["testy"],"article:published_time":"2022-02-11T06:48:00+00:00","article:modified_time":"2023-09-07T13:52:33+00:00","twitter:card":"summary_large_image","twitter:title":"Raczki Pro Traxion Camouflage. Nie tylko do zada\u0144 specjalnych - blog Skalnik","twitter:description":"Nie tylko do misji specjalnych. Poznaj Pro Traxion Camouflage - raczki turystyczne dla harcerzy, fan\u00f3w ASG, Survivalu, bushcraftu i le\u015bnik\u00f3w. Te traczki w militarnym kamufla\u017cu znajduj\u0105 szerokie zastosowanie.","twitter:image":"https:\/\/www.skalnik.pl\/blog\/wp-content\/uploads\/2019\/01\/08raczki.jpg"},"aioseo_meta_data":{"post_id":"19365","title":null,"description":"Nie tylko do misji specjalnych. Poznaj Pro Traxion Camouflage - raczki turystyczne dla harcerzy, fan\u00f3w ASG, Survivalu, bushcraftu i le\u015bnik\u00f3w. Te traczki w militarnym kamufla\u017cu znajduj\u0105 szerokie zastosowanie.","keywords":[{"label":"raczki kamufla\u017c","value":"raczki kamufla\u017c"},{"label":"raczki dla harcerzy","value":"raczki dla harcerzy"},{"label":"raczki turystyczne","value":"raczki turystyczne"},{"label":"raczki do lasu","value":"raczki do lasu"},{"label":"raczki na buty","value":"raczki na buty"}],"keyphrases":{"focus":{"keyphrase":"","score":0,"analysis":{"keyphraseInTitle":{"score":0,"maxScore":9,"error":1}}},"additional":[]},"primary_term":null,"canonical_url":null,"og_title":null,"og_description":null,"og_object_type":"default","og_image_type":"default","og_image_url":null,"og_image_width":null,"og_image_height":null,"og_image_custom_url":null,"og_image_custom_fields":null,"og_video":"","og_custom_url":null,"og_article_section":null,"og_article_tags":[],"twitter_use_og":false,"twitter_card":"default","twitter_image_type":"default","twitter_image_url":null,"twitter_image_custom_url":null,"twitter_image_custom_fields":null,"twitter_title":null,"twitter_description":null,"schema":{"blockGraphs":[],"customGraphs":[],"default":{"data":{"Article":[],"Course":[],"Dataset":[],"FAQPage":[],"Movie":[],"Person":[],"Product":[],"ProductReview":[],"Car":[],"Recipe":[],"Service":[],"SoftwareApplication":[],"WebPage":[]},"graphName":"","isEnabled":true},"graphs":[]},"schema_type":"default","schema_type_options":null,"pillar_content":false,"robots_default":true,"robots_noindex":false,"robots_noarchive":false,"robots_nosnippet":false,"robots_nofollow":false,"robots_noimageindex":false,"robots_noodp":false,"robots_notranslate":false,"robots_max_snippet":"-1","robots_max_videopreview":"-1","robots_max_imagepreview":"large","priority":null,"frequency":"default","local_seo":null,"breadcrumb_settings":null,"limit_modified_date":false,"ai":null,"created":"2022-08-26 10:45:54","updated":"2026-02-17 22:19:32","seo_analyzer_scan_date":null},"aioseo_breadcrumb":"<div class=\"aioseo-breadcrumbs\"><span class=\"aioseo-breadcrumb\">\n\t\t\t<a href=\"https:\/\/www.skalnik.pl\/blog\" title=\"Home\">Home<\/a>\n\t\t<\/span><span class=\"aioseo-breadcrumb-separator\">&raquo;<\/span><span class=\"aioseo-breadcrumb\">\n\t\t\t<a href=\"https:\/\/www.skalnik.pl\/blog\/.\/testy\/\" title=\"Testy\">Testy<\/a>\n\t\t<\/span><span class=\"aioseo-breadcrumb-separator\">&raquo;<\/span><span class=\"aioseo-breadcrumb\">\n\t\t\tRaczki Pro Traxion Camouflage. Nie tylko do zada\u0144 specjalnych\n\t\t<\/span><\/div>","aioseo_breadcrumb_json":[{"label":"Home","link":"https:\/\/www.skalnik.pl\/blog"},{"label":"Testy","link":"https:\/\/www.skalnik.pl\/blog\/.\/testy\/"},{"label":"Raczki Pro Traxion Camouflage. Nie tylko do zada\u0144 specjalnych","link":"https:\/\/www.skalnik.pl\/blog\/raczki-pro-traxion-camouflage-nie-tylko-do-zadan-specjalnych\/"}],"_links":{"self":[{"href":"https:\/\/www.skalnik.pl\/blog\/wp-json\/wp\/v2\/posts\/19365","targetHints":{"allow":["GET"]}}],"collection":[{"href":"https:\/\/www.skalnik.pl\/blog\/wp-json\/wp\/v2\/posts"}],"about":[{"href":"https:\/\/www.skalnik.pl\/blog\/wp-json\/wp\/v2\/types\/post"}],"author":[{"embeddable":true,"href":"https:\/\/www.skalnik.pl\/blog\/wp-json\/wp\/v2\/users\/36"}],"replies":[{"embeddable":true,"href":"https:\/\/www.skalnik.pl\/blog\/wp-json\/wp\/v2\/comments?post=19365"}],"version-history":[{"count":10,"href":"https:\/\/www.skalnik.pl\/blog\/wp-json\/wp\/v2\/posts\/19365\/revisions"}],"predecessor-version":[{"id":24180,"href":"https:\/\/www.skalnik.pl\/blog\/wp-json\/wp\/v2\/posts\/19365\/revisions\/24180"}],"wp:featuredmedia":[{"embeddable":true,"href":"https:\/\/www.skalnik.pl\/blog\/wp-json\/wp\/v2\/media\/21887"}],"wp:attachment":[{"href":"https:\/\/www.skalnik.pl\/blog\/wp-json\/wp\/v2\/media?parent=19365"}],"wp:term":[{"taxonomy":"category","embeddable":true,"href":"https:\/\/www.skalnik.pl\/blog\/wp-json\/wp\/v2\/categories?post=19365"},{"taxonomy":"post_tag","embeddable":true,"href":"https:\/\/www.skalnik.pl\/blog\/wp-json\/wp\/v2\/tags?post=19365"},{"taxonomy":"magento_category","embeddable":true,"href":"https:\/\/www.skalnik.pl\/blog\/wp-json\/wp\/v2\/magento_category?post=19365"},{"taxonomy":"magento_product","embeddable":true,"href":"https:\/\/www.skalnik.pl\/blog\/wp-json\/wp\/v2\/magento_product?post=19365"}],"curies":[{"name":"wp","href":"https:\/\/api.w.org\/{rel}","templated":true}]}}