{"id":19388,"date":"2022-02-14T15:20:51","date_gmt":"2022-02-14T14:20:51","guid":{"rendered":"https:\/\/www.skalnik.pl\/blog\/?p=19388"},"modified":"2022-02-15T07:38:10","modified_gmt":"2022-02-15T06:38:10","slug":"korona-gor-polski-sleza","status":"publish","type":"post","link":"https:\/\/www.skalnik.pl\/blog\/korona-gor-polski-sleza\/","title":{"rendered":"Korona G\u00f3r Polski &#8211; \u015al\u0119\u017ca"},"content":{"rendered":"\n<p><strong>Kompletuj\u0105c szczyty do odznaki KGP przyjdzie nam zdobywa\u0107 szyty wybitne, ale te\u017c i te, kt\u00f3re swoim wzrostem nie pora\u017caj\u0105. Cho\u0107 \u015al\u0119\u017ca, b\u0119d\u0105ca drugim w kolejno\u015bci najni\u017cszym szczytem KGP, faktycznie nie powala swoj\u0105 wysoko\u015bci\u0105, to jednak w zamian oferuje wiele ciekawych szlak\u00f3w i atrakcji dla odwiedzaj\u0105cych j\u0105 turyst\u00f3w.<\/strong><\/p>\n\n\n\n<p>Wznosz\u0105cy si\u0119 na 718 m n.p.m. szczyt \u015al\u0119\u017cy spogl\u0105da na R\u00f3wnin\u0119 Wroc\u0142awsk\u0105 i Przedg\u00f3rze Sudeckie, wraz z jego pozosta\u0142ymi wzg\u00f3rzami. Ta niepozorna g\u00f3ra, wraz z s\u0105siaduj\u0105c\u0105 Raduni\u0105 s\u0105 cz\u0119stym kierunkiem rodzinnych i przyjacielskich wycieczek mieszka\u0144c\u00f3w okolicznych miejscowo\u015bci. Masyw \u015al\u0119\u017cy, jak na powierzchni\u0119, kt\u00f3r\u0105 zajmuje, ma do zaoferowania turystom wiele ciekawych szlak\u00f3w i jeszcze wi\u0119cej atrakcji, kt\u00f3re swoj\u0105 wyj\u0105tkowo\u015bci\u0105 wp\u0142ywaj\u0105 na walory turystyczne, dodaj\u0105c kilka dodatkowych metr\u00f3w do wysoko\u015bci \u015al\u0119\u017cy. Je\u017celi odznaka \u201eKorona G\u00f3r Polski\u201d jest waszym celem, a przed wami zdobycie \u015al\u0119\u017cy, to zapraszam do lektury tego tekstu.<\/p>\n\n\n\n<p><span class=\"has-inline-color has-vivid-cyan-blue-color\">Nie wiesz jak skompletowa\u0107 Koron\u0119 G\u00f3r Polski? Przeczytaj <strong><a href=\"https:\/\/www.skalnik.pl\/blog\/korona-gor-polski\/\" target=\"_blank\" rel=\"noreferrer noopener\">ten tekst<\/a><\/strong>, a dowiesz si\u0119 wi\u0119cej o tym projekcie. <\/span><\/p>\n\n\n\n<div id=\"ez-toc-container\" class=\"ez-toc-v2_0_85 counter-hierarchy ez-toc-counter ez-toc-light-blue ez-toc-container-direction\">\n<div class=\"ez-toc-title-container\">\n<p class=\"ez-toc-title\" style=\"cursor:inherit\">SPIS TRE\u015aCI <\/p>\n<span class=\"ez-toc-title-toggle\"><a href=\"#\" class=\"ez-toc-pull-right ez-toc-btn ez-toc-btn-xs ez-toc-btn-default ez-toc-toggle\" aria-label=\"Prze\u0142\u0105cznik Spisu Tre\u015bci\"><span class=\"ez-toc-js-icon-con\"><span class=\"\"><span class=\"eztoc-hide\" style=\"display:none;\">Toggle<\/span><span class=\"ez-toc-icon-toggle-span\"><svg style=\"fill: #999;color:#999\" xmlns=\"http:\/\/www.w3.org\/2000\/svg\" class=\"list-377408\" width=\"20px\" height=\"20px\" viewBox=\"0 0 24 24\" fill=\"none\"><path d=\"M6 6H4v2h2V6zm14 0H8v2h12V6zM4 11h2v2H4v-2zm16 0H8v2h12v-2zM4 16h2v2H4v-2zm16 0H8v2h12v-2z\" fill=\"currentColor\"><\/path><\/svg><svg style=\"fill: #999;color:#999\" class=\"arrow-unsorted-368013\" xmlns=\"http:\/\/www.w3.org\/2000\/svg\" width=\"10px\" height=\"10px\" viewBox=\"0 0 24 24\" version=\"1.2\" baseProfile=\"tiny\"><path d=\"M18.2 9.3l-6.2-6.3-6.2 6.3c-.2.2-.3.4-.3.7s.1.5.3.7c.2.2.4.3.7.3h11c.3 0 .5-.1.7-.3.2-.2.3-.5.3-.7s-.1-.5-.3-.7zM5.8 14.7l6.2 6.3 6.2-6.3c.2-.2.3-.5.3-.7s-.1-.5-.3-.7c-.2-.2-.4-.3-.7-.3h-11c-.3 0-.5.1-.7.3-.2.2-.3.5-.3.7s.1.5.3.7z\"\/><\/svg><\/span><\/span><\/span><\/a><\/span><\/div>\n<nav><ul class='ez-toc-list ez-toc-list-level-1 ' ><li class='ez-toc-page-1 ez-toc-heading-level-2'><a class=\"ez-toc-link ez-toc-heading-1\" href=\"https:\/\/www.skalnik.pl\/blog\/korona-gor-polski-sleza\/#O_historii_Slezy_slow_kilka\" >O historii \u015al\u0119\u017cy s\u0142\u00f3w kilka<\/a><\/li><li class='ez-toc-page-1 ez-toc-heading-level-2'><a class=\"ez-toc-link ez-toc-heading-2\" href=\"https:\/\/www.skalnik.pl\/blog\/korona-gor-polski-sleza\/#Sleza_%E2%80%93_jak_dotrzec_pod_szczyt_KGP\" >\u015al\u0119\u017ca &#8211; jak dotrze\u0107 pod szczyt KGP<\/a><\/li><li class='ez-toc-page-1 ez-toc-heading-level-2'><a class=\"ez-toc-link ez-toc-heading-3\" href=\"https:\/\/www.skalnik.pl\/blog\/korona-gor-polski-sleza\/#Sleza_%E2%80%93_co_powinniscie_wiedziec\" >\u015al\u0119\u017ca \u2013 co powinni\u015bcie wiedzie\u0107?<\/a><\/li><li class='ez-toc-page-1 ez-toc-heading-level-2'><a class=\"ez-toc-link ez-toc-heading-4\" href=\"https:\/\/www.skalnik.pl\/blog\/korona-gor-polski-sleza\/#Sleza_z_noclegiem\" >\u015al\u0119\u017ca z noclegiem<\/a><\/li><li class='ez-toc-page-1 ez-toc-heading-level-2'><a class=\"ez-toc-link ez-toc-heading-5\" href=\"https:\/\/www.skalnik.pl\/blog\/korona-gor-polski-sleza\/#Ktoredy_na_szczyt_Szlaki_na_Sleze\" >Kt\u00f3r\u0119dy na szczyt? Szlaki na \u015al\u0119\u017c\u0119<\/a><\/li><li class='ez-toc-page-1 ez-toc-heading-level-2'><a class=\"ez-toc-link ez-toc-heading-6\" href=\"https:\/\/www.skalnik.pl\/blog\/korona-gor-polski-sleza\/#Trasa_na_Sleze_Parking_pod_Wiezyca_%E2%80%93_Sleza_%E2%80%93_Wiezyca_%E2%80%93_Parking_pod_Wiezyca_%E2%80%93\" >Trasa na \u015al\u0119\u017c\u0119: Parking pod Wie\u017cyc\u0105 \u2013 \u015al\u0119\u017ca \u2013 Wie\u017cyca \u2013 Parking pod Wie\u017cyc\u0105 &#8211;<\/a><\/li><li class='ez-toc-page-1 ez-toc-heading-level-2'><a class=\"ez-toc-link ez-toc-heading-7\" href=\"https:\/\/www.skalnik.pl\/blog\/korona-gor-polski-sleza\/#Sleza_i_Masyw_Slezy_%E2%80%93_ciekawostki\" >\u015al\u0119\u017ca i Masyw \u015al\u0119\u017cy \u2013 ciekawostki<\/a><\/li><\/ul><\/nav><\/div>\n<h2 class=\"wp-block-heading\"><span class=\"ez-toc-section\" id=\"O_historii_Slezy_slow_kilka\"><\/span><strong>O historii \u015al\u0119\u017cy s\u0142\u00f3w kilka<\/strong><span class=\"ez-toc-section-end\"><\/span><\/h2>\n\n\n\n<p>\u015al\u0119\u017ca to dawne miejsce kultu solarnego plemion, kt\u00f3re zamieszkiwa\u0142y tereny Masywu \u015al\u0119\u017cy, a kt\u00f3rego pocz\u0105tki mia\u0142y miejsce w epoce br\u0105zu i trwa\u0142y nieprzerwanie do X-XI wieku. O obecno\u015bci poga\u0144skich plemion na G\u00f3rze \u015al\u0119\u017cy \u015bwiadcz\u0105 r\u00f3\u017cnorakie rze\u017aby przedstawiaj\u0105ce mi\u0119dzy innymi Pann\u0119 z ryb\u0105 oraz nied\u017awiedzie. Na niekt\u00f3rych z rze\u017ab widoczny jest uko\u015bny krzy\u017c, kt\u00f3ry jest \u0142\u0105czony wraz z wcze\u015bniej wspomnianym kultem solarnym, obecno\u015bci\u0105 mnich\u00f3w na szczycie g\u00f3ry lub granic\u0105 d\u00f3br klasztornych i rycerskich.<\/p>\n\n\n\n<p>W XII wieku na szczycie powsta\u0142 klasztor augustian\u00f3w, kt\u00f3ry ufundowa\u0142 wywodz\u0105cy si\u0119 z rodu \u0141ab\u0119dzi\u00f3w mo\u017cnow\u0142adca \u015bl\u0105ski, Piotr Wo\u0142ostowic. Klasztor zosta\u0142 przeniesiony do znajduj\u0105cej si\u0119 u podn\u00f3\u017cy \u015al\u0119\u017cy wsi G\u00f3rka, co by\u0142o spowodowane oddaleniem od miejsc zamieszka\u0142ych przez ludzi i surowo\u015bci\u0105 klimatu panuj\u0105cego na szczycie g\u00f3ry.<\/p>\n\n\n\n<p>W latach 1813-1914 \u015al\u0119\u017ca by\u0142a miejscem spotka\u0144 studenckich \u2013 tzw. komerszy. Podczas komerszy upami\u0119tniano antynapoleo\u0144ski wymarsz ochotnik\u00f3w z pobliskiego Rogowa Sob\u00f3ckiego pod wodz\u0105 bohatera pruskiego, jakim by\u0142 baron Ludwig Adolf Wilhelm von L\u00fctzow.<\/p>\n\n\n\n<p>W pierwszej po\u0142owie XIX wieku na szczycie \u015al\u0119\u017cy powsta\u0142o schronisko Mooshaus, za\u015b na samym pocz\u0105tku drugiej po\u0142owy tego stulecia powsta\u0142o nowe schronisko w stylu szwajcarskim. Z pocz\u0105tkiem XX wieku, schronisko nie by\u0142o wystarczaj\u0105ce i na jego miejscu powsta\u0142 stoj\u0105cy do dzi\u015b obiekt, kt\u00f3ry znamy jako Dom Turysty.<\/p>\n\n\n\n<div class=\"wp-block-image\"><figure class=\"aligncenter size-large\"><img loading=\"lazy\" decoding=\"async\" width=\"1025\" height=\"682\" src=\"https:\/\/www.skalnik.pl\/blog\/wp-content\/uploads\/2022\/02\/\u015bl\u0119\u017ca-kgp-2.jpeg\" alt=\"szczyt \u015al\u0119\u017cy ko\u015bci\u00f3\u0142\" class=\"wp-image-19392\" srcset=\"https:\/\/www.skalnik.pl\/blog\/wp-content\/uploads\/2022\/02\/\u015bl\u0119\u017ca-kgp-2.jpeg 1025w, https:\/\/www.skalnik.pl\/blog\/wp-content\/uploads\/2022\/02\/\u015bl\u0119\u017ca-kgp-2-300x200.jpeg 300w, https:\/\/www.skalnik.pl\/blog\/wp-content\/uploads\/2022\/02\/\u015bl\u0119\u017ca-kgp-2-768x511.jpeg 768w\" sizes=\"auto, (max-width: 1025px) 100vw, 1025px\" \/><figcaption><em>Ko\u015bci\u00f3\u0142 na szczycie \u015al\u0119\u017cy. Pod drzewem mo\u017cna dostrzec rze\u017ab\u0119 charakterystycznego nied\u017awiadka. <\/em><\/figcaption><\/figure><\/div>\n\n\n\n<h2 class=\"wp-block-heading\"><span class=\"ez-toc-section\" id=\"Sleza_%E2%80%93_jak_dotrzec_pod_szczyt_KGP\"><\/span><strong>\u015al\u0119\u017ca &#8211; jak dotrze\u0107 <\/strong><strong>pod szczyt KGP<\/strong><span class=\"ez-toc-section-end\"><\/span><\/h2>\n\n\n\n<p>\u017beby zdoby\u0107 \u015al\u0119\u017c\u0119 powinni\u015bmy uda\u0107 si\u0119 miejscowo\u015bci Sob\u00f3tka, kt\u00f3ra cz\u0119sto mylona jest z nazw\u0105 g\u00f3ruj\u0105cej nad ni\u0105 szczytu. Do Sob\u00f3tki mo\u017cemy dotrze\u0107:<\/p>\n\n\n\n<ul class=\"wp-block-list\"><li>samochodem \u2013 trasa z Wroc\u0142awia to niespe\u0142na 30 km. Auto mo\u017cemy zostawi\u0107 na du\u017cym parkingu pod Wie\u017cyc\u0105 lub na parkingu przy g\u00f3rce. Parkingi s\u0105 p\u0142atne!<\/li><li>autobusami linii 522 i 512 obs\u0142ugiwanymi przez Polbus Wroc\u0142aw<\/li><\/ul>\n\n\n\n<p>W niedalekiej przysz\u0142o\u015bci planowane jest ponadto otwarcie nowego po\u0142\u0105czenia kolejowego, kt\u00f3re po\u0142\u0105czy Wroc\u0142aw i Sob\u00f3tk\u0119. Trwa bowiem odbudowa linii kolejowej \u0142\u0105cz\u0105cej Wroc\u0142aw &#8211; przez Sob\u00f3tk\u0119 &#8211; ze \u015awidnic\u0105.<\/p>\n\n\n\n<p>Uda\u0107 mo\u017cemy si\u0119 r\u00f3wnie\u017c na Prze\u0142\u0119cz T\u0105pad\u0142a, gdzie na odwiedzaj\u0105cych r\u00f3wnie\u017c udost\u0119pniony jest parking, kt\u00f3ry jednak cz\u0119sto bywa zape\u0142niony. Jest to spowodowane jego po\u0142o\u017ceniem w pobli\u017cu wiod\u0105cego na szczyt \u015al\u0119\u017cy \u017c\u00f3\u0142tego szlaku, kt\u00f3ry jest ch\u0119tnie ucz\u0119szczany przez rodziny z dzie\u0107mi. Ten szlak to najszybsza i naj\u0142atwiejsza droga na szczyt \u015al\u0119\u017cy. Prze\u0142\u0119cz T\u0105pad\u0142a to r\u00f3wnie\u017c \u015bwietna baza wypadowa dla turyst\u00f3w, kt\u00f3rych celem s\u0105 szlaki Raduni.<\/p>\n\n\n\n<h2 class=\"wp-block-heading\"><span class=\"ez-toc-section\" id=\"Sleza_%E2%80%93_co_powinniscie_wiedziec\"><\/span><strong>\u015al\u0119\u017ca \u2013 co powinni\u015bcie wiedzie\u0107?<\/strong><span class=\"ez-toc-section-end\"><\/span><\/h2>\n\n\n\n<p>Wybieraj\u0105c si\u0119 na \u015al\u0119\u017c\u0119 powinni\u015bmy pami\u0119ta\u0107, \u017ce przebywamy na terenie rezerwatu krajobrazowo-geologicznego i historycznego. Pami\u0119tajmy, \u017ceby zachowywa\u0107 si\u0119 w g\u00f3rach tak, jak nakazuje tego turystyczny savoir vivre. Starajmy si\u0119 zostawi\u0107 miejsca odwiedzone przez nas w stanie lepszym, ni\u017c je zastali\u015bmy.<\/p>\n\n\n\n<p><span class=\"has-inline-color has-vivid-cyan-blue-color\">Zobacz nasz film o tym, <strong><a href=\"https:\/\/youtu.be\/qw0LUMdxln4\" target=\"_blank\" rel=\"noreferrer noopener\">jak zachowywa\u0107 si\u0119 w g\u00f3rach<\/a><\/strong>. <\/span><\/p>\n\n\n\n<p>\u015al\u0119\u017ca ze wzgl\u0119du na swoje po\u0142o\u017cenie jest szczytem obleganym przez masy turyst\u00f3w. Najwi\u0119ksze nat\u0119\u017cenie ruchu przypada na weekendy, niezale\u017cnie od pory roku. W ci\u0105gu tygodnia pracy turyst\u00f3w jest znacznie mniej, a szlaki na \u015al\u0119\u017c\u0119 pokonuje si\u0119 znacznie bardziej komfortowo.<\/p>\n\n\n\n<p>Klimat w Masywie \u015al\u0119\u017cy nie jest ani surowy, ani wymagaj\u0105cy. Mimo to, zawsze nale\u017cy by\u0107 przygotowanym na nag\u0142\u0105 zmian\u0119 aury i och\u0142odzenie. Pami\u0119tajmy, \u017ce r\u00f3\u017cnica wysoko\u015bci mi\u0119dzy szczytem \u015al\u0119\u017cy i otaczaj\u0105c\u0105 j\u0105 R\u00f3wnin\u0105 Wroc\u0142awsk\u0105 to a\u017c 500 metr\u00f3w.<\/p>\n\n\n\n<h2 class=\"wp-block-heading\"><span class=\"ez-toc-section\" id=\"Sleza_z_noclegiem\"><\/span><strong>\u015al\u0119\u017ca z noclegiem<\/strong><span class=\"ez-toc-section-end\"><\/span><\/h2>\n\n\n\n<p>Na szczycie wprawdzie ma \u015al\u0119\u017ca schronisko, jednak nie oferuje ono nocleg\u00f3w dla turyst\u00f3w z powodu problem\u00f3w z wod\u0105. Stan ten trwa od kilku lat i nie jest wiadome, kiedy Dom Turysty \u015al\u0119\u017ca zn\u00f3w przyjmie na nocleg odwiedzaj\u0105cych szczyt piechur\u00f3w. Mimo to na szczycie jest mo\u017cliwo\u015b\u0107 zakupienia ciep\u0142ego posi\u0142ku i napoj\u00f3w. <\/p>\n\n\n\n<div class=\"wp-block-image\"><figure class=\"aligncenter size-large\"><img loading=\"lazy\" decoding=\"async\" width=\"1025\" height=\"682\" src=\"https:\/\/www.skalnik.pl\/blog\/wp-content\/uploads\/2022\/02\/\u015bl\u0119\u017ca-kgp-3.jpeg\" alt=\"\u015bl\u0119\u017ca szczyt dom turysty\" class=\"wp-image-19391\" srcset=\"https:\/\/www.skalnik.pl\/blog\/wp-content\/uploads\/2022\/02\/\u015bl\u0119\u017ca-kgp-3.jpeg 1025w, https:\/\/www.skalnik.pl\/blog\/wp-content\/uploads\/2022\/02\/\u015bl\u0119\u017ca-kgp-3-300x200.jpeg 300w, https:\/\/www.skalnik.pl\/blog\/wp-content\/uploads\/2022\/02\/\u015bl\u0119\u017ca-kgp-3-768x511.jpeg 768w\" sizes=\"auto, (max-width: 1025px) 100vw, 1025px\" \/><figcaption><em>Dom Turysty i ogromna wie\u017ca przeka\u017anikowa na szczycie. <\/em><\/figcaption><\/figure><\/div>\n\n\n\n<p>Dla tych, kt\u00f3rzy w Masywie \u015al\u0119\u017cy koniecznie chc\u0105 sp\u0119dzi\u0107 wi\u0119cej ni\u017c jeden dzie\u0144 mog\u0105 skorzysta\u0107 z us\u0142ug obiektu le\u017c\u0105cego u podn\u00f3\u017cy masywu. Dom Turysty pod Wie\u017cyc\u0105 to bardzo przyjazny obiekt oferuj\u0105cy noclegi, a w ci\u0105gu dnia serwuj\u0105cy r\u00f3\u017cnorakie i smaczne dania, kt\u00f3re po ca\u0142ym dniu sp\u0119dzonym w Masywie \u015al\u0119\u017cy smakuj\u0105 jeszcze lepiej.<\/p>\n\n\n\n<p>Sob\u00f3tka noclegi oferuje tym, kt\u00f3rzy nie b\u0119d\u0105 mieli mo\u017cliwo\u015bci skorzysta\u0107 z us\u0142ug Domu Turysty Pod Wie\u017cyc\u0105. Zdobywcy \u015al\u0119\u017cy mog\u0105 skorzysta\u0107 z bogatej oferty hoteli, pensjonat\u00f3w i apartament\u00f3w.<\/p>\n\n\n\n<h2 class=\"wp-block-heading\"><span class=\"ez-toc-section\" id=\"Ktoredy_na_szczyt_Szlaki_na_Sleze\"><\/span><strong>Kt\u00f3r\u0119dy na szczyt? Szlaki na \u015al\u0119\u017c\u0119<\/strong><span class=\"ez-toc-section-end\"><\/span><\/h2>\n\n\n\n<p>\u017beby G\u00f3ra \u015al\u0119\u017ca zosta\u0142a zaliczona do KGP nale\u017cy wybra\u0107 jeden ze szlak\u00f3w:<\/p>\n\n\n\n<ul class=\"wp-block-list\"><li>\u0142\u0105cz\u0105cy Sob\u00f3tk\u0119 i T\u0105pad\u0142\u0105, czyli szlaki \u017c\u00f3\u0142ty lub niebieski<\/li><li>\u0142\u0105cz\u0105cy Sob\u00f3tk\u0119 i Sulistrowice, czyli szlak czerwony<\/li><\/ul>\n\n\n\n<p>W Masywie \u015al\u0119\u017cy mo\u017cemy wybra\u0107 jeszcze prowadz\u0105cy dooko\u0142a \u015al\u0119\u017cy szlak czarny i szlak zielony, kt\u00f3ry jest cz\u0119\u015bci\u0105 szlaku Strzelce \u2013 Z\u0105bkowice \u015al\u0105skie, jednak \u017caden z nich nie prowadzi na sam szczyt KGP &#8211; \u015al\u0119\u017ca.<\/p>\n\n\n\n<h2 class=\"wp-block-heading\"><span class=\"ez-toc-section\" id=\"Trasa_na_Sleze_Parking_pod_Wiezyca_%E2%80%93_Sleza_%E2%80%93_Wiezyca_%E2%80%93_Parking_pod_Wiezyca_%E2%80%93\"><\/span><strong>Trasa na \u015al\u0119\u017c\u0119: Parking pod Wie\u017cyc\u0105 \u2013 \u015al\u0119\u017ca \u2013 Wie\u017cyca \u2013 Parking pod Wie\u017cyc\u0105 &#8211;<\/strong><span class=\"ez-toc-section-end\"><\/span><\/h2>\n\n\n\n<p>Czas: 3h (p\u0119tla)<br>Dystans: 8,7 km<\/p>\n\n\n\n<p>To moja ulubiona i najcz\u0119\u015bciej wybierana przeze mnie trasa. Nasz\u0105 wycieczk\u0119 rozpoczynamy przy Parkingu pod Wie\u017cyc\u0105. Niezmotoryzowani tury\u015bci rozpoczn\u0105 swoj\u0105 wycieczk\u0119 w Sob\u00f3tce. Z parkingu ruszamy szlakiem niebieskim, kt\u00f3ry asfaltow\u0105 drog\u0105 poprowadzi nas do Domy Turysty pod Wie\u017cyc\u0105. W tym miejscu zmieniamy kolor szlaku na czarny. Schodz\u0105c z asfaltowej drogi i wkraczaj\u0105c na le\u015bne dukty po naszej lewicy mo\u017cemy ujrze\u0107 mozaikowy model Masywu \u015al\u0119zy.<\/p>\n\n\n\n<div style=\"max-width:1000px;overflow:hidden;margin:0 auto;min-width:300px;\"><iframe src=\"https:\/\/mapa-turystyczna.pl\/map\/widget\/route\/h1l0p1\/vip2.html\" style=\"width:100%;border:0;\" height=\"800\" frameborder=\"0\"><\/iframe><a href=\"https:\/\/mapa-turystyczna.pl\/route\/vip2?utm_source=external_web&amp;utm_medium=widget&amp;utm_campaign=route_widget\" target=\"_blank\" style=\"color:#999;padding:7px 0;font-size: 13px;font-family:Roboto,Arial,sans-serif;display: inline-block;\" rel=\"noopener noreferrer\">Trasa: Dom Turysty Pod Wie\u017cyc\u0105 \u2013 Dom Turysty Pod Wie\u017cyc\u0105 | mapa-turystyczna.pl<\/a><\/div>\n\n\n\n<div style=\"width:100%; height:600px; padding: 15px; resize:both; overflow: auto;\"> <div style=\"width:100%; height:100%; box-shadow: 5px 5px 15px #00000038;\"> <iframe src=\"https:\/\/kgp3d.amu.edu.pl\/szczyty\/Sleza.html\" allow=\"xr xr-spatial-tracking\" style=\"height: 100%; width: 100%; border: 0;\" ><\/iframe> <\/div> <\/div>\n\n\n\n<p>Czarnym szlakiem przyjdzie nam maszerowa\u0107 po\u015br\u00f3d drzew przez najbli\u017csze trzy kwadranse, co mo\u017cna uzna\u0107 za dobr\u0105 rozgrzewk\u0119 przed bardziej wymagaj\u0105c\u0105 cz\u0119\u015bci\u0105 trasy. Po oko\u0142o 2 km na czarnym szlaku dojdziemy do skrzy\u017cowania ze szlakiem niebieskim \u2013 na tym skrzy\u017cowaniu skr\u0119camy w lewo i przez nast\u0119pne 2,5 km b\u0119dziemy systematycznie zyskiwa\u0107 na wysoko\u015bci. Ta cz\u0119\u015b\u0107 niebieskiego szlaku jest najbardziej wymagaj\u0105c\u0105 cz\u0119\u015bci\u0105 wycieczki, jednak nie powinna sprawi\u0107 \u017cadnego problemu nawet pocz\u0105tkuj\u0105cym turystom. Je\u017celi macie ochot\u0119 urozmaici\u0107 sobie wycieczk\u0119, to na oko\u0142o 300 metr\u00f3w przed szczytem mo\u017cemy zej\u015b\u0107 w prawo na \u015acie\u017ck\u0119 pod ska\u0142ami i doj\u015b\u0107 do \u017ar\u00f3d\u0142a \u015bw. Jana. Od \u017ar\u00f3d\u0142a wracamy t\u0105 sam\u0105 drog\u0105 do szlaku niebieskiego, gdzie pokonuj\u0105c kamienne stopnie osi\u0105gniemy nasz cel i przed naszymi oczami pojawi si\u0119 szczyt KGP \u2013 G\u00f3ra \u015al\u0119\u017ca.<\/p>\n\n\n\n<p>Na szczycie mo\u017cecie odpocz\u0105\u0107 korzystaj\u0105c z zadaszonej wiaty, kt\u00f3ra znajduje si\u0119 przy po\u0142\u0105czeniu szlak\u00f3w \u2013 archeologicznego, czerwonego, niebieskiego i \u017c\u00f3\u0142tego. Pobyt na szczycie \u015al\u0119\u017cy warto urozmaici\u0107 o wej\u015bcie na wie\u017c\u0119 widokow\u0105, z kt\u00f3rej mo\u017cna podziwia\u0107 panoram\u0119 okalaj\u0105cych Masyw \u015al\u0119\u017cy teren\u00f3w. Przy dobrej widoczno\u015bci wie\u017ca pozwoli nam dostrzec odleg\u0142e Karkonosze, Masyw \u015anie\u017cnika, G\u00f3ry Sowie i G\u00f3ry Opawskie.<\/p>\n\n\n\n<p>Zej\u015bcie rozpoczynamy wcze\u015bniej wspomnianym po\u0142\u0105czeniem szlak\u00f3w. Po przej\u015bciu oko\u0142o 2 km mo\u017cemy zatrzyma\u0107 si\u0119, by podziwia\u0107 jedn\u0105 z kultowych rze\u017ab, Pann\u0119 z ryb\u0105. 200-300 m poni\u017cej, po lewej stronie szlaku czeka na nas \u017ar\u00f3d\u0142o \u015bw. Jakuba. Kontynuujemy zej\u015bcie i docieramy do rozdro\u017ca, kt\u00f3rego znakiem rozpoznawczym jest drewniana wiatka. W tym miejscu zej\u015bcie kontynuujemy szlakiem niebieskim i \u017c\u00f3\u0142tym.<\/p>\n\n\n\n<p>Po 700 metrach dochodzimy do Prze\u0142\u0119czy D\u0119bowej, gdzie rozpoczynamy podej\u015bcie pod Wie\u017cyc\u0119. Po przebyciu niespe\u0142na 400 metr\u00f3w docieramy do Wie\u017cycy, kt\u00f3rej nie spos\u00f3b nie zauwa\u017cy\u0107. Stoi tu jedna z wielu wie\u017c, kt\u00f3re wznoszone by\u0142y w XIX i XX wieku na cz\u0119\u015b\u0107 Ottona von Bismarcka i by\u0142y wyrazem niemieckiej dumy narodowej. Wie\u017ce wznoszone by\u0142y w Europie, Afryce, Ameryce Po\u0142udniowej (Chile), a nawet w odleg\u0142ej Papui-Nowej Gwinei. Wie\u017cycka wie\u017ca Bismarcka jest jedn\u0105 z siedemnastu zachowanych wie\u017c w Polsce.<\/p>\n\n\n\n<div class=\"wp-block-image\"><figure class=\"aligncenter size-large\"><img loading=\"lazy\" decoding=\"async\" width=\"1025\" height=\"682\" src=\"https:\/\/www.skalnik.pl\/blog\/wp-content\/uploads\/2022\/02\/\u015bl\u0119\u017ca-kgp-1.jpeg\" alt=\"wie\u017ca bismarcka na wie\u017cycy\" class=\"wp-image-19393\" srcset=\"https:\/\/www.skalnik.pl\/blog\/wp-content\/uploads\/2022\/02\/\u015bl\u0119\u017ca-kgp-1.jpeg 1025w, https:\/\/www.skalnik.pl\/blog\/wp-content\/uploads\/2022\/02\/\u015bl\u0119\u017ca-kgp-1-300x200.jpeg 300w, https:\/\/www.skalnik.pl\/blog\/wp-content\/uploads\/2022\/02\/\u015bl\u0119\u017ca-kgp-1-768x511.jpeg 768w\" sizes=\"auto, (max-width: 1025px) 100vw, 1025px\" \/><figcaption><em>Wie\u017cyca z niezwykle ciekaw\u0105 wie\u017c\u0105 Bismarcka. <\/em><\/figcaption><\/figure><\/div>\n\n\n\n<p>Po pobycie na Wie\u017cycy czeka nas do\u015b\u0107 strome zej\u015bcie, kt\u00f3re doprowadzi nas bezpo\u015brednio do Domu Turysty pod Wie\u017cyc\u0105, gdzie po \u015al\u0119\u017ca\u0144skiej eskapadzie warto wej\u015b\u0107, \u017ceby po\u017cywi\u0107 si\u0119 ciep\u0142ym posi\u0142kiem. Nasz\u0105 wycieczk\u0119 ko\u0144czymy w na parkingu pod Wie\u017cyc\u0105. Niezmotoryzowani tury\u015bci b\u0119d\u0105 ko\u0144czy\u0107 swoj\u0105 wycieczk\u0119 w Sob\u00f3tce.<\/p>\n\n\n\n<h2 class=\"wp-block-heading\"><span class=\"ez-toc-section\" id=\"Sleza_i_Masyw_Slezy_%E2%80%93_ciekawostki\"><\/span><strong>\u015al\u0119\u017ca i Masyw \u015al\u0119\u017cy \u2013 ciekawostki<\/strong><span class=\"ez-toc-section-end\"><\/span><\/h2>\n\n\n\n<ul class=\"wp-block-list\"><li>nazwa \u015al\u0119\u017ca wywodzi si\u0119 (prawdopodobnie) od staros\u0142owia\u0144skiego s\u0142owa <em>\u015bl\u0119g<\/em> oznaczaj\u0105cego spowite mg\u0142\u0105, podmok\u0142e miejsce<\/li><li>od nazwy szczytu sw\u0105 nazw\u0119 przyj\u0119\u0142o lechickie plemi\u0119 \u015al\u0119\u017can<\/li><li>g\u00f3ra \u015al\u0119\u017ca i Radunia ze wzgl\u0119du na wyst\u0119puj\u0105ce tu anomalie magnetyczne by\u0142y uznawane za \u015bwi\u0119te g\u00f3ry<\/li><li>na zboczach Raduni istnieje staro\u017cytny wa\u0142 kultowy; sam szczyt nie jest dost\u0119pny z uwagi na ustanowiony tu rezerwat przyrody \u2013 Rezerwat G\u00f3ra Radunia<\/li><li>na \u015al\u0119\u017cy i Raduni znaleziono \u015blady obecno\u015bci cz\u0142owieka z epoki neolitu<\/li><li>\u015al\u0119\u017ca i jej okolice by\u0142y miejscem wydobywania nefrytu i serpentynitu<\/li><li>masyw zbudowany jest z granit\u00f3w, gabra, serpentynit\u00f3w i amfibolit\u00f3w; wed\u0142ug geolog\u00f3w ska\u0142y te s\u0105 ofiolitem, czyli sekwencj\u0105 ska\u0142 pochodz\u0105c\u0105 z dna oceanicznego<\/li><li>na zachodnim zboczy \u015al\u0119\u017cy znajduje si\u0119 Kwarcowa G\u00f3ra, gdzie mi\u0142o\u015bnicy boulderingu b\u0119d\u0105 mogli spr\u00f3bowa\u0107 swoich wspinaczkowych si\u0142 na wymagaj\u0105cych problemach, w tym na \u015al\u0119\u017ca\u0144skim klasyku, Kwacrmistrz 7B+<\/li><li>na szczycie \u015al\u0119\u017cy znajduje si\u0119 ko\u015bci\u00f3\u0142 Nawiedzenia NMP, kt\u00f3ry zosta\u0142 wzniesiony w 1852 roku<\/li><li>pomi\u0119dzy ko\u015bcio\u0142em i ska\u0142ami zamkowymi znajduj\u0105 si\u0119 fragmenty mur\u00f3w zamkowych z XIII wieku<\/li><li>na szczycie stoi 136 metrowa, wybudowana w 1972 roku wie\u017ca radiowo-telewizyjnego centrum nadawczego \u015al\u0119\u017ca.<\/li><li>na zboczach G\u00f3ry \u015al\u0119\u017cy istnieje wiele nieoznakowanych, poniemieckich szlak\u00f3w turystycznych<\/li><li>poruszaj\u0105c si\u0119 niebieskim szlakiem mo\u017cemy przej\u015b\u0107 \u015bcie\u017ck\u0105 pod ska\u0142ami, na kt\u00f3rej przyjdzie nam pokona\u0107 kr\u00f3tki, ale daj\u0105cy wiele satysfakcji skalny trawers<\/li><li>w okresie zlodowace\u0144, kt\u00f3re nawiedza\u0142y Sudety, \u015al\u0119\u017ca by\u0142a nunatakiem &#8211; szczytem wystaj\u0105cym ponad powierzchni\u0119 l\u0105dolodu<\/li><li>w okolicy samego szczytu &#8211; od wysoko\u015bci tzw. \u015acie\u017cki pod Ska\u0142ami (ok. 560-600 m n.p.m.) wyznaczono Rezerwat G\u00f3ra \u015al\u0119\u017ca; na tym obszarze nale\u017cy porusza\u0107 si\u0119 tylko znakowanymi szlakami<\/li><\/ul>\n\n\n\n<p><span class=\"has-inline-color has-vivid-cyan-blue-color\">Zobacz ca\u0142\u0105 seri\u0119 naszych artyku\u0142\u00f3w <a href=\"https:\/\/www.skalnik.pl\/blog\/tag\/korona-gor-polski\/\" target=\"_blank\" rel=\"noreferrer noopener\"><strong>Korona G\u00f3r Polskich<\/strong><\/a>.<\/span><\/p>\n","protected":false},"excerpt":{"rendered":"<p>\u015al\u0119\u017ca to jeden z najni\u017cszych szczyt\u00f3w KGP. Mimo to potrafi zaskoczy\u0107 i zachwyci\u0107. <\/p>\n","protected":false},"author":15,"featured_media":19390,"comment_status":"open","ping_status":"open","sticky":false,"template":"","format":"standard","meta":{"_acf_changed":false,"footnotes":""},"categories":[84],"tags":[260,162,210],"magento_category":[],"magento_product":[],"class_list":["post-19388","post","type-post","status-publish","format-standard","has-post-thumbnail","hentry","category-pasja","tag-korona-gor-polski","tag-sudety","tag-turystyka"],"acf":[],"aioseo_notices":[],"aioseo_head":"\n\t\t<!-- All in One SEO 4.9.10 - aioseo.com -->\n\t<meta name=\"description\" content=\"Drugi najni\u017cszy szczyt KGP - \u015al\u0119\u017ca - potrafi zaskoczy\u0107, a przede wszystkim zachwyci\u0107! Wybierz si\u0119 na g\u00f3r\u0119 pradawnych kult\u00f3w i zdob\u0105d\u017a piecz\u0105tk\u0119 do ksi\u0105\u017ceczki Korony G\u00f3r Polskich.\" \/>\n\t<meta name=\"robots\" content=\"max-image-preview:large\" \/>\n\t<meta name=\"author\" content=\"Marcin Nowak\"\/>\n\t<link rel=\"canonical\" href=\"https:\/\/www.skalnik.pl\/blog\/korona-gor-polski-sleza\/\" \/>\n\t<meta name=\"generator\" content=\"All in One SEO (AIOSEO) 4.9.10\" \/>\n\t\t<meta property=\"og:locale\" content=\"pl_PL\" \/>\n\t\t<meta property=\"og:site_name\" content=\"blog Skalnik - Blog, porady, artyku\u0142y - blog Skalnik\" \/>\n\t\t<meta property=\"og:type\" content=\"article\" \/>\n\t\t<meta property=\"og:title\" content=\"Korona G\u00f3r Polski \u2013 \u015al\u0119\u017ca - blog Skalnik\" \/>\n\t\t<meta property=\"og:description\" content=\"Drugi najni\u017cszy szczyt KGP - \u015al\u0119\u017ca - potrafi zaskoczy\u0107, a przede wszystkim zachwyci\u0107! Wybierz si\u0119 na g\u00f3r\u0119 pradawnych kult\u00f3w i zdob\u0105d\u017a piecz\u0105tk\u0119 do ksi\u0105\u017ceczki Korony G\u00f3r Polskich.\" \/>\n\t\t<meta property=\"og:url\" content=\"https:\/\/www.skalnik.pl\/blog\/korona-gor-polski-sleza\/\" \/>\n\t\t<meta property=\"og:image\" content=\"https:\/\/www.skalnik.pl\/blog\/wp-content\/uploads\/2022\/02\/\u015bl\u0119\u017ca-kgp-2.jpeg\" \/>\n\t\t<meta property=\"og:image:secure_url\" content=\"https:\/\/www.skalnik.pl\/blog\/wp-content\/uploads\/2022\/02\/\u015bl\u0119\u017ca-kgp-2.jpeg\" \/>\n\t\t<meta property=\"og:image:width\" content=\"1025\" \/>\n\t\t<meta property=\"og:image:height\" content=\"682\" \/>\n\t\t<meta property=\"article:tag\" content=\"pasja\" \/>\n\t\t<meta property=\"article:tag\" content=\"korona g\u00f3r polski\" \/>\n\t\t<meta property=\"article:tag\" content=\"sudety\" \/>\n\t\t<meta property=\"article:tag\" content=\"turystyka\" \/>\n\t\t<meta property=\"article:published_time\" content=\"2022-02-14T14:20:51+00:00\" \/>\n\t\t<meta property=\"article:modified_time\" content=\"2022-02-15T06:38:10+00:00\" \/>\n\t\t<meta name=\"twitter:card\" content=\"summary_large_image\" \/>\n\t\t<meta name=\"twitter:title\" content=\"Korona G\u00f3r Polski \u2013 \u015al\u0119\u017ca - blog Skalnik\" \/>\n\t\t<meta name=\"twitter:description\" content=\"Drugi najni\u017cszy szczyt KGP - \u015al\u0119\u017ca - potrafi zaskoczy\u0107, a przede wszystkim zachwyci\u0107! Wybierz si\u0119 na g\u00f3r\u0119 pradawnych kult\u00f3w i zdob\u0105d\u017a piecz\u0105tk\u0119 do ksi\u0105\u017ceczki Korony G\u00f3r Polskich.\" \/>\n\t\t<meta name=\"twitter:image\" content=\"https:\/\/www.skalnik.pl\/blog\/wp-content\/uploads\/2022\/02\/\u015bl\u0119\u017ca-kgp-2.jpeg\" \/>\n\t\t<script type=\"application\/ld+json\" class=\"aioseo-schema\">\n\t\t\t{\"@context\":\"https:\\\/\\\/schema.org\",\"@graph\":[{\"@type\":\"BlogPosting\",\"@id\":\"https:\\\/\\\/www.skalnik.pl\\\/blog\\\/korona-gor-polski-sleza\\\/#blogposting\",\"name\":\"Korona G\\u00f3r Polski \\u2013 \\u015al\\u0119\\u017ca - blog Skalnik\",\"headline\":\"Korona G\\u00f3r Polski &#8211; \\u015al\\u0119\\u017ca\",\"author\":{\"@id\":\"https:\\\/\\\/www.skalnik.pl\\\/blog\\\/author\\\/marcin-nowak\\\/#author\"},\"publisher\":{\"@id\":\"https:\\\/\\\/www.skalnik.pl\\\/blog\\\/#organization\"},\"image\":{\"@type\":\"ImageObject\",\"url\":\"https:\\\/\\\/www.skalnik.pl\\\/blog\\\/wp-content\\\/uploads\\\/2022\\\/02\\\/\\u015bl\\u0119\\u017ca.jpeg\",\"width\":1920,\"height\":706},\"datePublished\":\"2022-02-14T15:20:51+02:00\",\"dateModified\":\"2022-02-15T07:38:10+02:00\",\"inLanguage\":\"pl-PL\",\"mainEntityOfPage\":{\"@id\":\"https:\\\/\\\/www.skalnik.pl\\\/blog\\\/korona-gor-polski-sleza\\\/#webpage\"},\"isPartOf\":{\"@id\":\"https:\\\/\\\/www.skalnik.pl\\\/blog\\\/korona-gor-polski-sleza\\\/#webpage\"},\"articleSection\":\"Pasja, korona g\\u00f3r polski, sudety, turystyka\"},{\"@type\":\"BreadcrumbList\",\"@id\":\"https:\\\/\\\/www.skalnik.pl\\\/blog\\\/korona-gor-polski-sleza\\\/#breadcrumblist\",\"itemListElement\":[{\"@type\":\"ListItem\",\"@id\":\"https:\\\/\\\/www.skalnik.pl\\\/blog#listItem\",\"position\":1,\"name\":\"Home\",\"item\":\"https:\\\/\\\/www.skalnik.pl\\\/blog\",\"nextItem\":{\"@type\":\"ListItem\",\"@id\":\"https:\\\/\\\/www.skalnik.pl\\\/blog\\\/.\\\/pasja\\\/#listItem\",\"name\":\"Pasja\"}},{\"@type\":\"ListItem\",\"@id\":\"https:\\\/\\\/www.skalnik.pl\\\/blog\\\/.\\\/pasja\\\/#listItem\",\"position\":2,\"name\":\"Pasja\",\"item\":\"https:\\\/\\\/www.skalnik.pl\\\/blog\\\/.\\\/pasja\\\/\",\"nextItem\":{\"@type\":\"ListItem\",\"@id\":\"https:\\\/\\\/www.skalnik.pl\\\/blog\\\/korona-gor-polski-sleza\\\/#listItem\",\"name\":\"Korona G\\u00f3r Polski &#8211; \\u015al\\u0119\\u017ca\"},\"previousItem\":{\"@type\":\"ListItem\",\"@id\":\"https:\\\/\\\/www.skalnik.pl\\\/blog#listItem\",\"name\":\"Home\"}},{\"@type\":\"ListItem\",\"@id\":\"https:\\\/\\\/www.skalnik.pl\\\/blog\\\/korona-gor-polski-sleza\\\/#listItem\",\"position\":3,\"name\":\"Korona G\\u00f3r Polski &#8211; \\u015al\\u0119\\u017ca\",\"previousItem\":{\"@type\":\"ListItem\",\"@id\":\"https:\\\/\\\/www.skalnik.pl\\\/blog\\\/.\\\/pasja\\\/#listItem\",\"name\":\"Pasja\"}}]},{\"@type\":\"Organization\",\"@id\":\"https:\\\/\\\/www.skalnik.pl\\\/blog\\\/#organization\",\"name\":\"blog Skalnik\",\"description\":\"Blog, porady, artyku\\u0142y - blog Skalnik\",\"url\":\"https:\\\/\\\/www.skalnik.pl\\\/blog\\\/\"},{\"@type\":\"Person\",\"@id\":\"https:\\\/\\\/www.skalnik.pl\\\/blog\\\/author\\\/marcin-nowak\\\/#author\",\"url\":\"https:\\\/\\\/www.skalnik.pl\\\/blog\\\/author\\\/marcin-nowak\\\/\",\"name\":\"Marcin Nowak\",\"image\":{\"@type\":\"ImageObject\",\"@id\":\"https:\\\/\\\/www.skalnik.pl\\\/blog\\\/korona-gor-polski-sleza\\\/#authorImage\",\"url\":\"https:\\\/\\\/secure.gravatar.com\\\/avatar\\\/f73628a26381dc449e848c17fc0bed5da595b192c42ec3df1b8c321ba4534014?s=96&d=mm&r=g\",\"width\":96,\"height\":96,\"caption\":\"Marcin Nowak\"}},{\"@type\":\"WebPage\",\"@id\":\"https:\\\/\\\/www.skalnik.pl\\\/blog\\\/korona-gor-polski-sleza\\\/#webpage\",\"url\":\"https:\\\/\\\/www.skalnik.pl\\\/blog\\\/korona-gor-polski-sleza\\\/\",\"name\":\"Korona G\\u00f3r Polski \\u2013 \\u015al\\u0119\\u017ca - blog Skalnik\",\"description\":\"Drugi najni\\u017cszy szczyt KGP - \\u015al\\u0119\\u017ca - potrafi zaskoczy\\u0107, a przede wszystkim zachwyci\\u0107! Wybierz si\\u0119 na g\\u00f3r\\u0119 pradawnych kult\\u00f3w i zdob\\u0105d\\u017a piecz\\u0105tk\\u0119 do ksi\\u0105\\u017ceczki Korony G\\u00f3r Polskich.\",\"inLanguage\":\"pl-PL\",\"isPartOf\":{\"@id\":\"https:\\\/\\\/www.skalnik.pl\\\/blog\\\/#website\"},\"breadcrumb\":{\"@id\":\"https:\\\/\\\/www.skalnik.pl\\\/blog\\\/korona-gor-polski-sleza\\\/#breadcrumblist\"},\"author\":{\"@id\":\"https:\\\/\\\/www.skalnik.pl\\\/blog\\\/author\\\/marcin-nowak\\\/#author\"},\"creator\":{\"@id\":\"https:\\\/\\\/www.skalnik.pl\\\/blog\\\/author\\\/marcin-nowak\\\/#author\"},\"image\":{\"@type\":\"ImageObject\",\"url\":\"https:\\\/\\\/www.skalnik.pl\\\/blog\\\/wp-content\\\/uploads\\\/2022\\\/02\\\/\\u015bl\\u0119\\u017ca.jpeg\",\"@id\":\"https:\\\/\\\/www.skalnik.pl\\\/blog\\\/korona-gor-polski-sleza\\\/#mainImage\",\"width\":1920,\"height\":706},\"primaryImageOfPage\":{\"@id\":\"https:\\\/\\\/www.skalnik.pl\\\/blog\\\/korona-gor-polski-sleza\\\/#mainImage\"},\"datePublished\":\"2022-02-14T15:20:51+02:00\",\"dateModified\":\"2022-02-15T07:38:10+02:00\"},{\"@type\":\"WebSite\",\"@id\":\"https:\\\/\\\/www.skalnik.pl\\\/blog\\\/#website\",\"url\":\"https:\\\/\\\/www.skalnik.pl\\\/blog\\\/\",\"name\":\"blog Skalnik\",\"description\":\"Blog, porady, artyku\\u0142y - blog Skalnik\",\"inLanguage\":\"pl-PL\",\"publisher\":{\"@id\":\"https:\\\/\\\/www.skalnik.pl\\\/blog\\\/#organization\"}}]}\n\t\t<\/script>\n\t\t<!-- All in One SEO -->\n\n","aioseo_head_json":{"title":"Korona G\u00f3r Polski \u2013 \u015al\u0119\u017ca - blog Skalnik","description":"Drugi najni\u017cszy szczyt KGP - \u015al\u0119\u017ca - potrafi zaskoczy\u0107, a przede wszystkim zachwyci\u0107! Wybierz si\u0119 na g\u00f3r\u0119 pradawnych kult\u00f3w i zdob\u0105d\u017a piecz\u0105tk\u0119 do ksi\u0105\u017ceczki Korony G\u00f3r Polskich.","canonical_url":"https:\/\/www.skalnik.pl\/blog\/korona-gor-polski-sleza\/","robots":"max-image-preview:large","keywords":"","webmasterTools":{"miscellaneous":""},"schema":{"@context":"https:\/\/schema.org","@graph":[{"@type":"BlogPosting","@id":"https:\/\/www.skalnik.pl\/blog\/korona-gor-polski-sleza\/#blogposting","name":"Korona G\u00f3r Polski \u2013 \u015al\u0119\u017ca - blog Skalnik","headline":"Korona G\u00f3r Polski &#8211; \u015al\u0119\u017ca","author":{"@id":"https:\/\/www.skalnik.pl\/blog\/author\/marcin-nowak\/#author"},"publisher":{"@id":"https:\/\/www.skalnik.pl\/blog\/#organization"},"image":{"@type":"ImageObject","url":"https:\/\/www.skalnik.pl\/blog\/wp-content\/uploads\/2022\/02\/\u015bl\u0119\u017ca.jpeg","width":1920,"height":706},"datePublished":"2022-02-14T15:20:51+02:00","dateModified":"2022-02-15T07:38:10+02:00","inLanguage":"pl-PL","mainEntityOfPage":{"@id":"https:\/\/www.skalnik.pl\/blog\/korona-gor-polski-sleza\/#webpage"},"isPartOf":{"@id":"https:\/\/www.skalnik.pl\/blog\/korona-gor-polski-sleza\/#webpage"},"articleSection":"Pasja, korona g\u00f3r polski, sudety, turystyka"},{"@type":"BreadcrumbList","@id":"https:\/\/www.skalnik.pl\/blog\/korona-gor-polski-sleza\/#breadcrumblist","itemListElement":[{"@type":"ListItem","@id":"https:\/\/www.skalnik.pl\/blog#listItem","position":1,"name":"Home","item":"https:\/\/www.skalnik.pl\/blog","nextItem":{"@type":"ListItem","@id":"https:\/\/www.skalnik.pl\/blog\/.\/pasja\/#listItem","name":"Pasja"}},{"@type":"ListItem","@id":"https:\/\/www.skalnik.pl\/blog\/.\/pasja\/#listItem","position":2,"name":"Pasja","item":"https:\/\/www.skalnik.pl\/blog\/.\/pasja\/","nextItem":{"@type":"ListItem","@id":"https:\/\/www.skalnik.pl\/blog\/korona-gor-polski-sleza\/#listItem","name":"Korona G\u00f3r Polski &#8211; \u015al\u0119\u017ca"},"previousItem":{"@type":"ListItem","@id":"https:\/\/www.skalnik.pl\/blog#listItem","name":"Home"}},{"@type":"ListItem","@id":"https:\/\/www.skalnik.pl\/blog\/korona-gor-polski-sleza\/#listItem","position":3,"name":"Korona G\u00f3r Polski &#8211; \u015al\u0119\u017ca","previousItem":{"@type":"ListItem","@id":"https:\/\/www.skalnik.pl\/blog\/.\/pasja\/#listItem","name":"Pasja"}}]},{"@type":"Organization","@id":"https:\/\/www.skalnik.pl\/blog\/#organization","name":"blog Skalnik","description":"Blog, porady, artyku\u0142y - blog Skalnik","url":"https:\/\/www.skalnik.pl\/blog\/"},{"@type":"Person","@id":"https:\/\/www.skalnik.pl\/blog\/author\/marcin-nowak\/#author","url":"https:\/\/www.skalnik.pl\/blog\/author\/marcin-nowak\/","name":"Marcin Nowak","image":{"@type":"ImageObject","@id":"https:\/\/www.skalnik.pl\/blog\/korona-gor-polski-sleza\/#authorImage","url":"https:\/\/secure.gravatar.com\/avatar\/f73628a26381dc449e848c17fc0bed5da595b192c42ec3df1b8c321ba4534014?s=96&d=mm&r=g","width":96,"height":96,"caption":"Marcin Nowak"}},{"@type":"WebPage","@id":"https:\/\/www.skalnik.pl\/blog\/korona-gor-polski-sleza\/#webpage","url":"https:\/\/www.skalnik.pl\/blog\/korona-gor-polski-sleza\/","name":"Korona G\u00f3r Polski \u2013 \u015al\u0119\u017ca - blog Skalnik","description":"Drugi najni\u017cszy szczyt KGP - \u015al\u0119\u017ca - potrafi zaskoczy\u0107, a przede wszystkim zachwyci\u0107! Wybierz si\u0119 na g\u00f3r\u0119 pradawnych kult\u00f3w i zdob\u0105d\u017a piecz\u0105tk\u0119 do ksi\u0105\u017ceczki Korony G\u00f3r Polskich.","inLanguage":"pl-PL","isPartOf":{"@id":"https:\/\/www.skalnik.pl\/blog\/#website"},"breadcrumb":{"@id":"https:\/\/www.skalnik.pl\/blog\/korona-gor-polski-sleza\/#breadcrumblist"},"author":{"@id":"https:\/\/www.skalnik.pl\/blog\/author\/marcin-nowak\/#author"},"creator":{"@id":"https:\/\/www.skalnik.pl\/blog\/author\/marcin-nowak\/#author"},"image":{"@type":"ImageObject","url":"https:\/\/www.skalnik.pl\/blog\/wp-content\/uploads\/2022\/02\/\u015bl\u0119\u017ca.jpeg","@id":"https:\/\/www.skalnik.pl\/blog\/korona-gor-polski-sleza\/#mainImage","width":1920,"height":706},"primaryImageOfPage":{"@id":"https:\/\/www.skalnik.pl\/blog\/korona-gor-polski-sleza\/#mainImage"},"datePublished":"2022-02-14T15:20:51+02:00","dateModified":"2022-02-15T07:38:10+02:00"},{"@type":"WebSite","@id":"https:\/\/www.skalnik.pl\/blog\/#website","url":"https:\/\/www.skalnik.pl\/blog\/","name":"blog Skalnik","description":"Blog, porady, artyku\u0142y - blog Skalnik","inLanguage":"pl-PL","publisher":{"@id":"https:\/\/www.skalnik.pl\/blog\/#organization"}}]},"og:locale":"pl_PL","og:site_name":"blog Skalnik - Blog, porady, artyku\u0142y - blog Skalnik","og:type":"article","og:title":"Korona G\u00f3r Polski \u2013 \u015al\u0119\u017ca - blog Skalnik","og:description":"Drugi najni\u017cszy szczyt KGP - \u015al\u0119\u017ca - potrafi zaskoczy\u0107, a przede wszystkim zachwyci\u0107! Wybierz si\u0119 na g\u00f3r\u0119 pradawnych kult\u00f3w i zdob\u0105d\u017a piecz\u0105tk\u0119 do ksi\u0105\u017ceczki Korony G\u00f3r Polskich.","og:url":"https:\/\/www.skalnik.pl\/blog\/korona-gor-polski-sleza\/","og:image":"https:\/\/www.skalnik.pl\/blog\/wp-content\/uploads\/2022\/02\/\u015bl\u0119\u017ca-kgp-2.jpeg","og:image:secure_url":"https:\/\/www.skalnik.pl\/blog\/wp-content\/uploads\/2022\/02\/\u015bl\u0119\u017ca-kgp-2.jpeg","og:image:width":1025,"og:image:height":682,"article:tag":["pasja","korona g\u00f3r polski","sudety","turystyka"],"article:published_time":"2022-02-14T14:20:51+00:00","article:modified_time":"2022-02-15T06:38:10+00:00","twitter:card":"summary_large_image","twitter:title":"Korona G\u00f3r Polski \u2013 \u015al\u0119\u017ca - blog Skalnik","twitter:description":"Drugi najni\u017cszy szczyt KGP - \u015al\u0119\u017ca - potrafi zaskoczy\u0107, a przede wszystkim zachwyci\u0107! Wybierz si\u0119 na g\u00f3r\u0119 pradawnych kult\u00f3w i zdob\u0105d\u017a piecz\u0105tk\u0119 do ksi\u0105\u017ceczki Korony G\u00f3r Polskich.","twitter:image":"https:\/\/www.skalnik.pl\/blog\/wp-content\/uploads\/2022\/02\/\u015bl\u0119\u017ca-kgp-2.jpeg"},"aioseo_meta_data":{"post_id":"19388","title":null,"description":"Drugi najni\u017cszy szczyt KGP - \u015al\u0119\u017ca - potrafi zaskoczy\u0107, a przede wszystkim zachwyci\u0107! Wybierz si\u0119 na g\u00f3r\u0119 pradawnych kult\u00f3w i zdob\u0105d\u017a piecz\u0105tk\u0119 do ksi\u0105\u017ceczki Korony G\u00f3r Polskich.","keywords":[{"label":"\u015bl\u0119\u017ca KGP","value":"\u015bl\u0119\u017ca KGP"},{"label":"\u015bl\u0119\u017ca szlaki","value":"\u015bl\u0119\u017ca szlaki"},{"label":"korona g\u00f3rs polskich \u015bl\u0119\u017ca","value":"korona g\u00f3rs polskich \u015bl\u0119\u017ca"},{"label":"szlak na \u015bl\u0119\u017c\u0119","value":"szlak na \u015bl\u0119\u017c\u0119"}],"keyphrases":null,"primary_term":null,"canonical_url":"","og_title":null,"og_description":null,"og_object_type":"default","og_image_type":"default","og_image_url":null,"og_image_width":null,"og_image_height":null,"og_image_custom_url":null,"og_image_custom_fields":null,"og_video":null,"og_custom_url":null,"og_article_section":null,"og_article_tags":null,"twitter_use_og":false,"twitter_card":"default","twitter_image_type":"default","twitter_image_url":null,"twitter_image_custom_url":null,"twitter_image_custom_fields":null,"twitter_title":null,"twitter_description":null,"schema":{"blockGraphs":[],"customGraphs":[],"default":{"data":{"Article":[],"Course":[],"Dataset":[],"FAQPage":[],"Movie":[],"Person":[],"Product":[],"ProductReview":[],"Car":[],"Recipe":[],"Service":[],"SoftwareApplication":[],"WebPage":[]},"graphName":"BlogPosting","isEnabled":true},"graphs":[]},"schema_type":"default","schema_type_options":null,"pillar_content":false,"robots_default":true,"robots_noindex":false,"robots_noarchive":false,"robots_nosnippet":false,"robots_nofollow":false,"robots_noimageindex":false,"robots_noodp":false,"robots_notranslate":false,"robots_max_snippet":null,"robots_max_videopreview":null,"robots_max_imagepreview":"large","priority":null,"frequency":null,"local_seo":null,"breadcrumb_settings":null,"limit_modified_date":false,"ai":null,"created":"2022-08-26 10:45:54","updated":"2026-02-17 22:19:32","seo_analyzer_scan_date":null},"aioseo_breadcrumb":"<div class=\"aioseo-breadcrumbs\"><span class=\"aioseo-breadcrumb\">\n\t\t\t<a href=\"https:\/\/www.skalnik.pl\/blog\" title=\"Home\">Home<\/a>\n\t\t<\/span><span class=\"aioseo-breadcrumb-separator\">&raquo;<\/span><span class=\"aioseo-breadcrumb\">\n\t\t\t<a href=\"https:\/\/www.skalnik.pl\/blog\/.\/pasja\/\" title=\"Pasja\">Pasja<\/a>\n\t\t<\/span><span class=\"aioseo-breadcrumb-separator\">&raquo;<\/span><span class=\"aioseo-breadcrumb\">\n\t\t\tKorona G\u00f3r Polski \u2013 \u015al\u0119\u017ca\n\t\t<\/span><\/div>","aioseo_breadcrumb_json":[{"label":"Home","link":"https:\/\/www.skalnik.pl\/blog"},{"label":"Pasja","link":"https:\/\/www.skalnik.pl\/blog\/.\/pasja\/"},{"label":"Korona G\u00f3r Polski &#8211; \u015al\u0119\u017ca","link":"https:\/\/www.skalnik.pl\/blog\/korona-gor-polski-sleza\/"}],"_links":{"self":[{"href":"https:\/\/www.skalnik.pl\/blog\/wp-json\/wp\/v2\/posts\/19388","targetHints":{"allow":["GET"]}}],"collection":[{"href":"https:\/\/www.skalnik.pl\/blog\/wp-json\/wp\/v2\/posts"}],"about":[{"href":"https:\/\/www.skalnik.pl\/blog\/wp-json\/wp\/v2\/types\/post"}],"author":[{"embeddable":true,"href":"https:\/\/www.skalnik.pl\/blog\/wp-json\/wp\/v2\/users\/15"}],"replies":[{"embeddable":true,"href":"https:\/\/www.skalnik.pl\/blog\/wp-json\/wp\/v2\/comments?post=19388"}],"version-history":[{"count":8,"href":"https:\/\/www.skalnik.pl\/blog\/wp-json\/wp\/v2\/posts\/19388\/revisions"}],"predecessor-version":[{"id":19403,"href":"https:\/\/www.skalnik.pl\/blog\/wp-json\/wp\/v2\/posts\/19388\/revisions\/19403"}],"wp:featuredmedia":[{"embeddable":true,"href":"https:\/\/www.skalnik.pl\/blog\/wp-json\/wp\/v2\/media\/19390"}],"wp:attachment":[{"href":"https:\/\/www.skalnik.pl\/blog\/wp-json\/wp\/v2\/media?parent=19388"}],"wp:term":[{"taxonomy":"category","embeddable":true,"href":"https:\/\/www.skalnik.pl\/blog\/wp-json\/wp\/v2\/categories?post=19388"},{"taxonomy":"post_tag","embeddable":true,"href":"https:\/\/www.skalnik.pl\/blog\/wp-json\/wp\/v2\/tags?post=19388"},{"taxonomy":"magento_category","embeddable":true,"href":"https:\/\/www.skalnik.pl\/blog\/wp-json\/wp\/v2\/magento_category?post=19388"},{"taxonomy":"magento_product","embeddable":true,"href":"https:\/\/www.skalnik.pl\/blog\/wp-json\/wp\/v2\/magento_product?post=19388"}],"curies":[{"name":"wp","href":"https:\/\/api.w.org\/{rel}","templated":true}]}}