{"id":19405,"date":"2022-02-17T12:19:10","date_gmt":"2022-02-17T11:19:10","guid":{"rendered":"https:\/\/www.skalnik.pl\/blog\/?p=19405"},"modified":"2023-09-07T15:39:14","modified_gmt":"2023-09-07T13:39:14","slug":"test-rab-electron-pro-kurtka-puchowa-dla-zmarzluchow","status":"publish","type":"post","link":"https:\/\/www.skalnik.pl\/blog\/test-rab-electron-pro-kurtka-puchowa-dla-zmarzluchow\/","title":{"rendered":"Test Rab Electron Pro \u2013 kurtka puchowa dla zmarzluch\u00f3w"},"content":{"rendered":"\n<p><strong>Gdy na zewn\u0105trz szyby zamarzaj\u0105, oddech paruje, a herbata stygnie w trakcie nalewania, to czas wyci\u0105gn\u0105\u0107 z szafy grubsze dzia\u0142o. W zimowych warunkach z pewno\u015bci\u0105 trzeba mocniej zastanowi\u0107 si\u0119 nad dobraniem w\u0142a\u015bciwego ubioru w g\u00f3ry. Czy puchowa kurtka Rab radzi sobie w tak\u0105 pogod\u0119? Szukaj odpowiedzi poni\u017cej.<\/strong><\/p>\n\n\n\n<p>Kurtki puchowe, czyli potocznie nazywane: puch\u00f3wki, powsta\u0142y, by walczy\u0107 z mrozem. Doceniane przez podr\u00f3\u017cnik\u00f3w i alpinist\u00f3w przede wszystkim za swoj\u0105 wag\u0119 i kompaktowo\u015b\u0107, kt\u00f3ra wyst\u0119puje w parze z ciep\u0142em, jakiego nie da si\u0119 zast\u0105pi\u0107 \u017cadnym innym materia\u0142em. Wywodz\u0105ce si\u0119 z ekspedycji w najwy\u017csze g\u00f3ry \u015bwiata, szybko sta\u0142y si\u0119 popularne w szerzej rozumianym outdoorze. Dzisiaj chyba nie ma turysty, kt\u00f3ry nie wiedzia\u0142by o ich istnieniu.<\/p>\n\n\n<div class=\"wp-block-image\">\n<figure class=\"aligncenter size-large\"><img loading=\"lazy\" decoding=\"async\" width=\"1024\" height=\"576\" src=\"https:\/\/www.skalnik.pl\/blog\/wp-content\/uploads\/2022\/02\/rab-electron-pro-wcalosci.jpg\" alt=\"Kurtka Rab Electron Pro zima\" class=\"wp-image-19407\" srcset=\"https:\/\/www.skalnik.pl\/blog\/wp-content\/uploads\/2022\/02\/rab-electron-pro-wcalosci.jpg 1024w, https:\/\/www.skalnik.pl\/blog\/wp-content\/uploads\/2022\/02\/rab-electron-pro-wcalosci-300x169.jpg 300w, https:\/\/www.skalnik.pl\/blog\/wp-content\/uploads\/2022\/02\/rab-electron-pro-wcalosci-768x432.jpg 768w\" sizes=\"auto, (max-width: 1024px) 100vw, 1024px\" \/><figcaption class=\"wp-element-caption\"><em>Rab Electron Pro Women w najnowszym wydaniu<\/em><\/figcaption><\/figure>\n<\/div>\n\n\n<p>Czas wi\u0119c na konkrety \u2013 w tym tek\u015bcie zapoznasz si\u0119 bli\u017cej z puch\u00f3wk\u0105 Electron Pro od brytyjskiej marki Rab. Przeczytaj, jak damska kurtka puchowa wypad\u0142a w te\u015bcie terenowym. Na pocz\u0105tek\u2026<\/p>\n\n\n\n<div id=\"ez-toc-container\" class=\"ez-toc-v2_0_85 counter-hierarchy ez-toc-counter ez-toc-light-blue ez-toc-container-direction\">\n<div class=\"ez-toc-title-container\">\n<p class=\"ez-toc-title\" style=\"cursor:inherit\">SPIS TRE\u015aCI <\/p>\n<span class=\"ez-toc-title-toggle\"><a href=\"#\" class=\"ez-toc-pull-right ez-toc-btn ez-toc-btn-xs ez-toc-btn-default ez-toc-toggle\" aria-label=\"Prze\u0142\u0105cznik Spisu Tre\u015bci\"><span class=\"ez-toc-js-icon-con\"><span class=\"\"><span class=\"eztoc-hide\" style=\"display:none;\">Toggle<\/span><span class=\"ez-toc-icon-toggle-span\"><svg style=\"fill: #999;color:#999\" xmlns=\"http:\/\/www.w3.org\/2000\/svg\" class=\"list-377408\" width=\"20px\" height=\"20px\" viewBox=\"0 0 24 24\" fill=\"none\"><path d=\"M6 6H4v2h2V6zm14 0H8v2h12V6zM4 11h2v2H4v-2zm16 0H8v2h12v-2zM4 16h2v2H4v-2zm16 0H8v2h12v-2z\" fill=\"currentColor\"><\/path><\/svg><svg style=\"fill: #999;color:#999\" class=\"arrow-unsorted-368013\" xmlns=\"http:\/\/www.w3.org\/2000\/svg\" width=\"10px\" height=\"10px\" viewBox=\"0 0 24 24\" version=\"1.2\" baseProfile=\"tiny\"><path d=\"M18.2 9.3l-6.2-6.3-6.2 6.3c-.2.2-.3.4-.3.7s.1.5.3.7c.2.2.4.3.7.3h11c.3 0 .5-.1.7-.3.2-.2.3-.5.3-.7s-.1-.5-.3-.7zM5.8 14.7l6.2 6.3 6.2-6.3c.2-.2.3-.5.3-.7s-.1-.5-.3-.7c-.2-.2-.4-.3-.7-.3h-11c-.3 0-.5.1-.7.3-.2.2-.3.5-.3.7s.1.5.3.7z\"\/><\/svg><\/span><\/span><\/span><\/a><\/span><\/div>\n<nav><ul class='ez-toc-list ez-toc-list-level-1 ' ><li class='ez-toc-page-1 ez-toc-heading-level-2'><a class=\"ez-toc-link ez-toc-heading-1\" href=\"https:\/\/www.skalnik.pl\/blog\/test-rab-electron-pro-kurtka-puchowa-dla-zmarzluchow\/#Kilka_slow_o_marce_Rab\" >Kilka s\u0142\u00f3w o marce Rab<\/a><\/li><li class='ez-toc-page-1 ez-toc-heading-level-2'><a class=\"ez-toc-link ez-toc-heading-2\" href=\"https:\/\/www.skalnik.pl\/blog\/test-rab-electron-pro-kurtka-puchowa-dla-zmarzluchow\/#Kurtka_Rab_Electron_Pro\" >Kurtka Rab Electron Pro<\/a><\/li><li class='ez-toc-page-1 ez-toc-heading-level-2'><a class=\"ez-toc-link ez-toc-heading-3\" href=\"https:\/\/www.skalnik.pl\/blog\/test-rab-electron-pro-kurtka-puchowa-dla-zmarzluchow\/#Kurtka_puchowa_Rab_tarcza_na_mroz\" >Kurtka puchowa + Rab = tarcza na mr\u00f3z<\/a><\/li><li class='ez-toc-page-1 ez-toc-heading-level-2'><a class=\"ez-toc-link ez-toc-heading-4\" href=\"https:\/\/www.skalnik.pl\/blog\/test-rab-electron-pro-kurtka-puchowa-dla-zmarzluchow\/#Gorska_zimowa_kurtka_dla_fotografa_i_alpinisty\" >G\u00f3rska zimowa kurtka dla fotografa i alpinisty<\/a><\/li><li class='ez-toc-page-1 ez-toc-heading-level-2'><a class=\"ez-toc-link ez-toc-heading-5\" href=\"https:\/\/www.skalnik.pl\/blog\/test-rab-electron-pro-kurtka-puchowa-dla-zmarzluchow\/#Kaptur_kieszenie_i_inne_dodatki\" >Kaptur, kieszenie i inne dodatki<\/a><\/li><li class='ez-toc-page-1 ez-toc-heading-level-2'><a class=\"ez-toc-link ez-toc-heading-6\" href=\"https:\/\/www.skalnik.pl\/blog\/test-rab-electron-pro-kurtka-puchowa-dla-zmarzluchow\/#Kurtka_puchowa_Electron_Pro_meskim_okiem\" >Kurtka puchowa Electron Pro m\u0119skim okiem<\/a><\/li><li class='ez-toc-page-1 ez-toc-heading-level-2'><a class=\"ez-toc-link ez-toc-heading-7\" href=\"https:\/\/www.skalnik.pl\/blog\/test-rab-electron-pro-kurtka-puchowa-dla-zmarzluchow\/#Szybkie_podsumowanie_testu_Rab_Electron_Pro\" >Szybkie podsumowanie testu Rab Electron Pro<\/a><\/li><li class='ez-toc-page-1 ez-toc-heading-level-2'><a class=\"ez-toc-link ez-toc-heading-8\" href=\"https:\/\/www.skalnik.pl\/blog\/test-rab-electron-pro-kurtka-puchowa-dla-zmarzluchow\/#Na_zakonczenie_%E2%80%93_dla_kogo_model_Electron_Pro\" >Na zako\u0144czenie \u2013 dla kogo model Electron Pro?<\/a><\/li><\/ul><\/nav><\/div>\n<h2 class=\"wp-block-heading\"><span class=\"ez-toc-section\" id=\"Kilka_slow_o_marce_Rab\"><\/span><strong>Kilka s\u0142\u00f3w o marce Rab<\/strong><span class=\"ez-toc-section-end\"><\/span><\/h2>\n\n\n\n<p>Z metk\u0105 marki Rab mo\u017cna znale\u017a\u0107 wiele r\u00f3\u017cnych produkt\u00f3w. Nie tylko tworz\u0105 niezawodn\u0105 odzie\u017c, ale r\u00f3wnie\u017c sprz\u0119t. W Polsce znani s\u0105 przede wszystkim ze swoich wyrob\u00f3w puchowych. Du\u017ca popularno\u015b\u0107 kurtek i \u015bpiwor\u00f3w nie wzi\u0119\u0142a si\u0119 znik\u0105d. Dba\u0142o\u015b\u0107 o detale, dobieranie odpowiednich materia\u0142\u00f3w, wysoka jako\u015b\u0107 wyko\u0144czenia \u2013 to wszystko sk\u0142ada si\u0119 na niezawodno\u015b\u0107, kt\u00f3ra w g\u00f3rach \u2013 um\u00f3wmy si\u0119 \u2013 musi by\u0107 postawiona na pierwszym miejscu. Za sukcesem stoi fakt, \u017ce produkty tworzone s\u0105 przez pasjonat\u00f3w. Inaczej m\u00f3wi\u0105c \u2013 osoby, kt\u00f3re same mog\u0142yby by\u0107 swoimi klientami.<\/p>\n\n\n\n<p><mark style=\"background-color:rgba(0, 0, 0, 0)\" class=\"has-inline-color has-vivid-cyan-blue-color\">Wi\u0119cej na temat sprz\u0119tu Rab przeczytasz tutaj:<strong> <a href=\"https:\/\/www.skalnik.pl\/blog\/marka-rab-specjalisci-od-ekstremalnej-ochrony\/\" target=\"_blank\" rel=\"noreferrer noopener\">Marka Rab \u2013 specjali\u015bci od ekstremalnej ochrony<\/a><\/strong><\/mark><\/p>\n\n\n\n<p>Tymczasem my przejdziemy do tego, po co tu jeste\u015bmy.<\/p>\n\n\n\n<h2 class=\"wp-block-heading\"><span class=\"ez-toc-section\" id=\"Kurtka_Rab_Electron_Pro\"><\/span><strong>Kurtka Rab Electron Pro<\/strong><span class=\"ez-toc-section-end\"><\/span><\/h2>\n\n\n\n<p>Zanim dojd\u0119 do tego, jak damska kurtka Electron Pro sprawdzi\u0142a si\u0119 na g\u00f3rskich wyj\u015bciach, to przedstawi\u0119 j\u0105 Wam bli\u017cej, (zatem, je\u015bli j\u0105 znasz, mo\u017cesz od razu zjecha\u0107 ni\u017cej, by pozna\u0107 wyniki testu).<\/p>\n\n\n\n<p>Kurtka puchowa Rab Electron Pro w swoich komorach skrywa wysokiej jako\u015bci puchowe wype\u0142nienie. Puch posiada certyfikat RDS i mo\u017ce poszczyci\u0107 si\u0119 spr\u0119\u017cysto\u015bci\u0105 w wysoko\u015bci 800 cuin \u2013 co oznacza, \u017ce ci\u0119\u017cko spotka\u0107 wy\u017csze parametry w tego typu odzie\u017cy. Warto zaznaczy\u0107 te\u017c, \u017ce puch jest zaimpregnowany, wi\u0119c lepiej znosi kontakt z wilgoci\u0105. \u201eOpakowanie kom\u00f3r\u201d to solidna tkanina Pertex\u00ae Quantum Pro \u2013 jest niezwykle odporna, ale tak\u017ce lekka i cienka. Dodatkowo kurtka zosta\u0142a zabezpieczona r\u00f3wnie\u017c zewn\u0119trzn\u0105 pow\u0142ok\u0105 DWR, by radzi\u0107 sobie z kaprysami pogody i \u2013 co tu du\u017co m\u00f3wi\u0107 \u2013 prawdziw\u0105, g\u00f3rsk\u0105 zim\u0105. A jak to wygl\u0105da w praktyce?<\/p>\n\n\n<div class=\"wp-block-image\">\n<figure class=\"aligncenter size-large\"><img loading=\"lazy\" decoding=\"async\" width=\"1024\" height=\"576\" src=\"https:\/\/www.skalnik.pl\/blog\/wp-content\/uploads\/2022\/02\/electron-pro-w-pokrowcu.jpg\" alt=\"Kurtka puchowa Rab Electron Pro Women w pokrowcu\" class=\"wp-image-19409\" srcset=\"https:\/\/www.skalnik.pl\/blog\/wp-content\/uploads\/2022\/02\/electron-pro-w-pokrowcu.jpg 1024w, https:\/\/www.skalnik.pl\/blog\/wp-content\/uploads\/2022\/02\/electron-pro-w-pokrowcu-300x169.jpg 300w, https:\/\/www.skalnik.pl\/blog\/wp-content\/uploads\/2022\/02\/electron-pro-w-pokrowcu-768x432.jpg 768w\" sizes=\"auto, (max-width: 1024px) 100vw, 1024px\" \/><figcaption class=\"wp-element-caption\"><em>Electron Pro po schowaniu do pokrowca przybiera ca\u0142kiem kompaktow\u0105 posta\u0107<\/em><\/figcaption><\/figure>\n<\/div>\n\n\n<h2 class=\"wp-block-heading\"><span class=\"ez-toc-section\" id=\"Kurtka_puchowa_Rab_tarcza_na_mroz\"><\/span><strong>Kurtka puchowa + Rab = tarcza na mr\u00f3z<\/strong><span class=\"ez-toc-section-end\"><\/span><\/h2>\n\n\n\n<p>B\u0119d\u0119 szczera \u2013 ta kurtka jest cieplejsza ni\u017c zak\u0142ada\u0142am. Bra\u0142am j\u0105 w g\u00f3ry kilkukrotnie, na r\u00f3\u017cne temperatury. Testowa\u0142am j\u0105 r\u00f3wnie\u017c podczas codziennego przemieszczania si\u0119, by pozna\u0107 j\u0105 od podszewki. Cho\u0107 t\u0119 kurtk\u0119 zna\u0142am ju\u017c przed przeprowadzeniem test\u00f3w \u2013 mia\u0142am mo\u017cliwo\u015b\u0107 okazjonalnie korzysta\u0107 z m\u0119skiej wersji, to i tak czu\u0142am zaskoczenie jej termik\u0105. Mam r\u00f3wnie\u017c por\u00f3wnanie do innego modelu Rab \u2013 kurtki Proton.<\/p>\n\n\n\n<p>Rozmowy o termice s\u0105 trudne, poniewa\u017c r\u00f3\u017cnimy si\u0119 mi\u0119dzy sob\u0105 znacz\u0105co w jej odczuwaniu. Mo\u017cna siedzie\u0107 w puch\u00f3wce i czu\u0107 si\u0119 komfortowo, gdy kto\u015b obok nas przechodzi w lekkiej bluzie. Dlatego czuj\u0119 si\u0119 w obowi\u0105zku zaznaczy\u0107, \u017ce nie nale\u017c\u0119 do grona zmarzluch\u00f3w. Zdecydowanie wol\u0119 na zewn\u0119trzu troch\u0119 si\u0119 sch\u0142odzi\u0107 ni\u017c przegrza\u0107. Do tego nie zdarza mi si\u0119 marzn\u0105\u0107 na podej\u015bciach, a na \u0142az\u0119gach zimowych nie piknikuj\u0119 &#8211; postoje robi\u0119 rzadko i s\u0105 one bardzo kr\u00f3tkie. Ostatecznie na termik\u0119 wp\u0142ywa te\u017c ka\u017cda warstwa pod kurtk\u0105, wi\u0119c bardzo du\u017ce znaczenie ma, co nosisz pod spodem.<\/p>\n\n\n<div class=\"wp-block-image\">\n<figure class=\"aligncenter size-large\"><img loading=\"lazy\" decoding=\"async\" width=\"1024\" height=\"630\" src=\"https:\/\/www.skalnik.pl\/blog\/wp-content\/uploads\/2022\/02\/electron-pro-pod-hardshell-Niestandardowy.jpg\" alt=\"Kurtka puchowa pod harshell\" class=\"wp-image-19410\" srcset=\"https:\/\/www.skalnik.pl\/blog\/wp-content\/uploads\/2022\/02\/electron-pro-pod-hardshell-Niestandardowy.jpg 1024w, https:\/\/www.skalnik.pl\/blog\/wp-content\/uploads\/2022\/02\/electron-pro-pod-hardshell-Niestandardowy-300x185.jpg 300w, https:\/\/www.skalnik.pl\/blog\/wp-content\/uploads\/2022\/02\/electron-pro-pod-hardshell-Niestandardowy-768x473.jpg 768w\" sizes=\"auto, (max-width: 1024px) 100vw, 1024px\" \/><figcaption class=\"wp-element-caption\"><em>Zimowy ubi\u00f3r warstwowy &#8211; kurtka puchowa powinna si\u0119 mie\u015bci\u0107 pod hardshellem, gdy chcesz z niej korzysta\u0107 w mokrych warunkach.<\/em><\/figcaption><\/figure>\n<\/div>\n\n\n<p>Solidna ilo\u015b\u0107 puchu w Electron Pro (170 g w damskim rozmiarze M i 190 g w m\u0119skiej L) sprawia, \u017ce kurtka bardzo szybko gromadzi ciep\u0142o i zapewnia skuteczn\u0105 izolacj\u0119 od zewn\u0119trznych temperatur. Podczas swojego testu nie mia\u0142am takiej pogody, by w niej podchodzi\u0107 do g\u00f3ry. W polskich warunkach by\u0142o zwyczajnie za ciep\u0142o. Kurtka \u015bwietnie si\u0119 sprawdza po wyj\u015bciu na ods\u0142oni\u0119ty grzbiet czy gra\u0144 przy minusowej temperaturze. Doskonale spisuje si\u0119 tak\u017ce, gdy po ca\u0142ym dniu chodzenia, usi\u0105dzie si\u0119 wieczorem na biwaku, by np. przygotowa\u0107 sobie posi\u0142ek. W ten spos\u00f3b korzysta\u0142am z niej nawet jak by\u0142o kilka stopni na plusie (ale pami\u0119tajmy, \u017ce g\u0142\u00f3d i baaardzo du\u017ce zm\u0119czenie nie s\u0105 tu bez znaczenia).<\/p>\n\n\n\n<h2 class=\"wp-block-heading\"><span class=\"ez-toc-section\" id=\"Gorska_zimowa_kurtka_dla_fotografa_i_alpinisty\"><\/span><strong>G\u00f3rska zimowa kurtka dla fotografa i alpinisty<\/strong><span class=\"ez-toc-section-end\"><\/span><\/h2>\n\n\n\n<p>Kompletnie zapomnia\u0142am o ch\u0142odzie w czasie d\u0142u\u017cszego postoju na grzbiecie Karkonoszy w temperaturze&nbsp; -8\u00b0C i podczas tego testu nie zbli\u017cy\u0142am si\u0119 wcale do granicy mo\u017cliwo\u015bci modelu Electron Pro. Maj\u0105c por\u00f3wnanie, wiem, \u017ce jest wyra\u017anie cieplejsza od swojej kuzynki z ni\u017cszymi parametrami \u2013 kurtki Proton (mniej wype\u0142nienia), kt\u00f3r\u0105 nosi\u0142am w czasie s\u0142onecznego dnia w Tatrach na grani, przy temperaturze -18\u00b0C. W Electronie tego dnia by\u0142oby mi za ciep\u0142o w trakcie przej\u015bcia.<\/p>\n\n\n<div class=\"wp-block-image\">\n<figure class=\"aligncenter size-large\"><img loading=\"lazy\" decoding=\"async\" width=\"1024\" height=\"512\" src=\"https:\/\/www.skalnik.pl\/blog\/wp-content\/uploads\/2022\/02\/electron-pro-proton.png\" alt=\"Electron Pro kontra Proton\" class=\"wp-image-19412\" srcset=\"https:\/\/www.skalnik.pl\/blog\/wp-content\/uploads\/2022\/02\/electron-pro-proton.png 1024w, https:\/\/www.skalnik.pl\/blog\/wp-content\/uploads\/2022\/02\/electron-pro-proton-300x150.png 300w, https:\/\/www.skalnik.pl\/blog\/wp-content\/uploads\/2022\/02\/electron-pro-proton-768x384.png 768w\" sizes=\"auto, (max-width: 1024px) 100vw, 1024px\" \/><figcaption class=\"wp-element-caption\"><em>R\u00f3\u017cnica pomi\u0119dzy Protonem i Electronem jest widoczna.Ta druga ma wi\u0119ksze komory i zdecydowanie bardziej wype\u0142nione.<\/em><\/figcaption><\/figure>\n<\/div>\n\n\n<p>Ko\u0144cz\u0105c temat termiki, podsumuj\u0119: puch\u00f3wka Rab idealnie sprawdzi si\u0119 na d\u0142u\u017cszych zimowych postojach, biwakach i na szczycie. Super sprawdzi si\u0119 u fotograf\u00f3w i os\u00f3b szybko marzn\u0105cych. Bez mrugni\u0119cia okiem zabra\u0142abym j\u0105 na podb\u00f3j surowych Alp, gdzie przy modelu Proton, mog\u0142abym si\u0119 lekko waha\u0107. Na pewno zadowoleni b\u0119d\u0105 z niej wspinacze. Na co dzie\u0144 (w miejskich warunkach) spisuje si\u0119 przy ujemnych temperaturach.<\/p>\n\n\n\n<p>*Temperatury podane wy\u017cej s\u0105 rzeczywiste, a NIE odczuwalne.<\/p>\n\n\n\n<h2 class=\"wp-block-heading\"><span class=\"ez-toc-section\" id=\"Kaptur_kieszenie_i_inne_dodatki\"><\/span><strong>Kaptur, kieszenie i inne dodatki<\/strong><span class=\"ez-toc-section-end\"><\/span><\/h2>\n\n\n\n<p>Testuj\u0105c kurtk\u0119 nie tylko termika ma znaczenie. Pierwsz\u0105 rzecz\u0105, na jak\u0105 zwr\u00f3ci\u0142am uwag\u0119 by\u0142a <strong>odporno\u015b\u0107 na wilgo\u0107<\/strong>. Warstwa DWR dzia\u0142a naprawd\u0119 dobrze. Zapomnia\u0142am, \u017ce kurtka j\u0105 posiada, ale przy pierwszym kontakcie z lekk\u0105 m\u017cawk\u0105 zauwa\u017cy\u0142am, \u017ce woda w og\u00f3le nie wsi\u0105ka w materia\u0142. Przy puchu to bardzo istotne, poniewa\u017c wilgo\u0107 mocno mu szkodzi, a zawilgocony traci w\u0142a\u015bciwo\u015bci izoluj\u0105ce.<\/p>\n\n\n<div class=\"wp-block-image\">\n<figure class=\"aligncenter size-large\"><img loading=\"lazy\" decoding=\"async\" width=\"1024\" height=\"576\" src=\"https:\/\/www.skalnik.pl\/blog\/wp-content\/uploads\/2022\/02\/nikwax-hydrophobic-down-electron-pro.jpg\" alt=\"Nikwax-Hydrophobic-down-electron-pro\" class=\"wp-image-19413\" srcset=\"https:\/\/www.skalnik.pl\/blog\/wp-content\/uploads\/2022\/02\/nikwax-hydrophobic-down-electron-pro.jpg 1024w, https:\/\/www.skalnik.pl\/blog\/wp-content\/uploads\/2022\/02\/nikwax-hydrophobic-down-electron-pro-300x169.jpg 300w, https:\/\/www.skalnik.pl\/blog\/wp-content\/uploads\/2022\/02\/nikwax-hydrophobic-down-electron-pro-768x432.jpg 768w\" sizes=\"auto, (max-width: 1024px) 100vw, 1024px\" \/><figcaption class=\"wp-element-caption\"><em>Wilgo\u0107 tej kurtce nie jest straszna, dzi\u0119ki pow\u0142oce DWR i impregnacji puchu.<\/em><\/figcaption><\/figure>\n<\/div>\n\n\n<p><strong>KIESZENIE \u2013 <\/strong>wiem, \u017ce one nie s\u0105 najistotniejsze, ale to w\u0142a\u015bnie je doceni\u0142am najmocniej na co dzie\u0144 \u2013 i nie tylko (sic!). Wewn\u0119trzna zabezpieczy warto\u015bciowe rzeczy, a boczne s\u0105 bardzo pojemne. Bez problemu zmieszcz\u0119 w nich portfel, telefon, chusteczki i zostanie jeszcze miejsce np. na batona lub zmarzni\u0119te d\u0142onie J Zape\u0142nione nie wybrzuszaj\u0105 si\u0119 brzydko i wsp\u00f3\u0142pracuj\u0105 z pasem od plecaka. My\u015bl\u0119, \u017ce wspomniani fotografowie znajd\u0105 dla nich zastosowanie na obiektywy, os\u0142onki i zapasowe baterie.<\/p>\n\n\n\n<div class=\"wp-block-group\"><div class=\"wp-block-group__inner-container is-layout-flow wp-block-group-is-layout-flow\"><div class=\"wp-block-image\">\n<figure class=\"aligncenter size-large\"><img loading=\"lazy\" decoding=\"async\" width=\"1024\" height=\"708\" src=\"https:\/\/www.skalnik.pl\/blog\/wp-content\/uploads\/2022\/02\/electron-pro-kieszenie.png\" alt=\"Kieszenie w Electron Pro\" class=\"wp-image-19417\" srcset=\"https:\/\/www.skalnik.pl\/blog\/wp-content\/uploads\/2022\/02\/electron-pro-kieszenie.png 1024w, https:\/\/www.skalnik.pl\/blog\/wp-content\/uploads\/2022\/02\/electron-pro-kieszenie-300x207.png 300w, https:\/\/www.skalnik.pl\/blog\/wp-content\/uploads\/2022\/02\/electron-pro-kieszenie-768x531.png 768w\" sizes=\"auto, (max-width: 1024px) 100vw, 1024px\" \/><figcaption class=\"wp-element-caption\"><em>G\u0142\u0119bokie kieszenie pe\u0142ni\u0105 r\u00f3wnie\u017c funkcj\u0119 izolacji dla zmarzni\u0119tych d\u0142oni. Wewn\u0119trzna kiesze\u0144 zapinana na zamek to dobre miejsce dla elektroniki.<\/em><\/figcaption><\/figure>\n<\/div><\/div><\/div>\n\n\n\n<p><strong>KAPTUR<\/strong> \u2013 bardzo ciep\u0142y, mo\u017ce zast\u0105pi\u0107 czapk\u0119. Jest obszerny (zmie\u015bci kask), a regulacja z przodu pozwala na dopasowanie jednym ruchem do aktualnej potrzeby. Dobrym rozwi\u0105zaniem jest rzep z ty\u0142u, kt\u00f3ry umo\u017cliwia zwi\u0119kszenie lub zmniejszenie profilu. W obecnej wersji kurtki nie mo\u017cna zwin\u0105\u0107 kaptura na czas nieu\u017cywania, jak to by\u0142o w starszym modelu. Ale najwa\u017cniejsze \u2013 ma daszek! Dobrze chroni przed sypaniem si\u0119 \u015bniegu do oczu.<\/p>\n\n\n<div class=\"wp-block-image\">\n<figure class=\"aligncenter size-large\"><img loading=\"lazy\" decoding=\"async\" width=\"1024\" height=\"598\" src=\"https:\/\/www.skalnik.pl\/blog\/wp-content\/uploads\/2022\/02\/kaptur-daszek.jpg\" alt=\"Daszek w kapturze\" class=\"wp-image-19418\" srcset=\"https:\/\/www.skalnik.pl\/blog\/wp-content\/uploads\/2022\/02\/kaptur-daszek.jpg 1024w, https:\/\/www.skalnik.pl\/blog\/wp-content\/uploads\/2022\/02\/kaptur-daszek-300x175.jpg 300w, https:\/\/www.skalnik.pl\/blog\/wp-content\/uploads\/2022\/02\/kaptur-daszek-768x449.jpg 768w\" sizes=\"auto, (max-width: 1024px) 100vw, 1024px\" \/><figcaption class=\"wp-element-caption\"><em>Daszek w kapturze skutecznie chroni twarz.<\/em><\/figcaption><\/figure>\n<\/div>\n\n<div class=\"wp-block-image\">\n<figure class=\"aligncenter size-large\"><img loading=\"lazy\" decoding=\"async\" width=\"1024\" height=\"621\" src=\"https:\/\/www.skalnik.pl\/blog\/wp-content\/uploads\/2022\/02\/tylna-regulacja-kaptura-rzep.jpg\" alt=\"Regulacja kaptura z ty\u0142u\" class=\"wp-image-19421\" srcset=\"https:\/\/www.skalnik.pl\/blog\/wp-content\/uploads\/2022\/02\/tylna-regulacja-kaptura-rzep.jpg 1024w, https:\/\/www.skalnik.pl\/blog\/wp-content\/uploads\/2022\/02\/tylna-regulacja-kaptura-rzep-300x182.jpg 300w, https:\/\/www.skalnik.pl\/blog\/wp-content\/uploads\/2022\/02\/tylna-regulacja-kaptura-rzep-768x466.jpg 768w\" sizes=\"auto, (max-width: 1024px) 100vw, 1024px\" \/><figcaption class=\"wp-element-caption\"><em>Dzi\u0119ki regulacji pod kapturem mo\u017cna zmie\u015bci\u0107 r\u00f3wnie\u017c kask.<\/em><\/figcaption><\/figure>\n<\/div>\n\n<div class=\"wp-block-image\">\n<figure class=\"aligncenter size-large\"><img loading=\"lazy\" decoding=\"async\" width=\"1024\" height=\"786\" src=\"https:\/\/www.skalnik.pl\/blog\/wp-content\/uploads\/2022\/02\/kaptur-ty\u0142.jpg\" alt=\"Kaptur Electron Pro - ty\u0142\" class=\"wp-image-19420\" srcset=\"https:\/\/www.skalnik.pl\/blog\/wp-content\/uploads\/2022\/02\/kaptur-ty\u0142.jpg 1024w, https:\/\/www.skalnik.pl\/blog\/wp-content\/uploads\/2022\/02\/kaptur-ty\u0142-300x230.jpg 300w, https:\/\/www.skalnik.pl\/blog\/wp-content\/uploads\/2022\/02\/kaptur-ty\u0142-768x590.jpg 768w\" sizes=\"auto, (max-width: 1024px) 100vw, 1024px\" \/><figcaption class=\"wp-element-caption\"><em>Wyregulowany kaptur trzyma si\u0119 dzi\u0119ki rzepowi.<\/em><\/figcaption><\/figure>\n<\/div>\n\n\n<p><strong>GARDA \u2013 <\/strong>i jej wyko\u0144czenie! Garda jest wysoka i dobrze os\u0142ania od wiatru, ale najcenniejsze skrywa od wewn\u0105trz. Pas ciep\u0142ej i mi\u0119kkiej podszewki doskonale si\u0119 sprawdza przy kontakcie z twarz\u0105 \u2013 zw\u0142aszcza na mrozie. Poprzednia wersja mia\u0142a os\u0142oni\u0119ty w ten spos\u00f3b tylko zamek, ale obecnie jest to praktycznie ca\u0142y ko\u0142nierz na przodzie, odziany w przyjemny polarek. Zmiana bardzo na plus!<\/p>\n\n\n<div class=\"wp-block-image\">\n<figure class=\"aligncenter size-large\"><img loading=\"lazy\" decoding=\"async\" width=\"1024\" height=\"659\" src=\"https:\/\/www.skalnik.pl\/blog\/wp-content\/uploads\/2022\/02\/kaptur-garda-electron-pro-1024x659.jpg\" alt=\"Garda z polarow\u0105 podszewk\u0105\" class=\"wp-image-19425\" srcset=\"https:\/\/www.skalnik.pl\/blog\/wp-content\/uploads\/2022\/02\/kaptur-garda-electron-pro-1024x659.jpg 1024w, https:\/\/www.skalnik.pl\/blog\/wp-content\/uploads\/2022\/02\/kaptur-garda-electron-pro-300x193.jpg 300w, https:\/\/www.skalnik.pl\/blog\/wp-content\/uploads\/2022\/02\/kaptur-garda-electron-pro-768x494.jpg 768w, https:\/\/www.skalnik.pl\/blog\/wp-content\/uploads\/2022\/02\/kaptur-garda-electron-pro-1536x988.jpg 1536w, https:\/\/www.skalnik.pl\/blog\/wp-content\/uploads\/2022\/02\/kaptur-garda-electron-pro-2048x1318.jpg 2048w\" sizes=\"auto, (max-width: 1024px) 100vw, 1024px\" \/><figcaption class=\"wp-element-caption\"><em>Garda z mi\u0119kkim wyko\u0144czeniem jest przyjemna dla twarzy.<\/em><\/figcaption><\/figure>\n<\/div>\n\n<div class=\"wp-block-image\">\n<figure class=\"aligncenter size-large\"><img loading=\"lazy\" decoding=\"async\" width=\"1023\" height=\"768\" src=\"https:\/\/www.skalnik.pl\/blog\/wp-content\/uploads\/2022\/02\/garda-electron-pro-rab-2.jpg\" alt=\"Wysoka garda w kurtce puchowej\" class=\"wp-image-19424\" srcset=\"https:\/\/www.skalnik.pl\/blog\/wp-content\/uploads\/2022\/02\/garda-electron-pro-rab-2.jpg 1023w, https:\/\/www.skalnik.pl\/blog\/wp-content\/uploads\/2022\/02\/garda-electron-pro-rab-2-300x225.jpg 300w, https:\/\/www.skalnik.pl\/blog\/wp-content\/uploads\/2022\/02\/garda-electron-pro-rab-2-768x577.jpg 768w\" sizes=\"auto, (max-width: 1023px) 100vw, 1023px\" \/><figcaption class=\"wp-element-caption\"><em>Dobrze os\u0142oni\u0119ta szyja minimalizuje straty ciep\u0142a na mrozie.<\/em><\/figcaption><\/figure>\n<\/div>\n\n\n<p><strong>REGULACJE \u2013 <\/strong>poza kapturem kurtka ma regulacj\u0119 r\u00f3wnie\u017c na dole \u2013 \u015bci\u0105gacze w dolnym brzegu kurtki. Jedne i drugie dobrze dzia\u0142aj\u0105, nie luzuj\u0105 si\u0119 samoistnie. Jednak dla mnie zosta\u0142y zaprojektowane w dziwnych miejscach. Dolne s\u0105 mocno przesuni\u0119te do ty\u0142u, co sprawia, \u017ce intuicyjnie gorzej je znale\u017a\u0107. Natomiast od kaptura s\u0105 schowane wewn\u0105trz gardy, co oznacza, \u017ce trzeba rozpi\u0105\u0107 kurtk\u0119, by \u015bci\u0105gn\u0105\u0107 kaptur (w poprzedniej wersji by\u0142y na zewn\u0105trz). Na szcz\u0119\u015bcie regulacja dobrze trzyma i w praktyce z tej dolnej rzadko korzysta\u0142am. Kostki w kapturze s\u0105 standardowym systemem luzuj\u0105cym \u015bci\u0105gacze w kurtkach Rab i dzia\u0142aj\u0105 jak zwykle \u2013 \u015bwietnie.<\/p>\n\n\n<div class=\"wp-block-image\">\n<figure class=\"aligncenter size-large\"><img loading=\"lazy\" decoding=\"async\" width=\"1024\" height=\"708\" src=\"https:\/\/www.skalnik.pl\/blog\/wp-content\/uploads\/2022\/02\/electron-pro-regulacje.png\" alt=\"Regulacje w damskiej kurtce puchowej Electron Pro\" class=\"wp-image-19430\" srcset=\"https:\/\/www.skalnik.pl\/blog\/wp-content\/uploads\/2022\/02\/electron-pro-regulacje.png 1024w, https:\/\/www.skalnik.pl\/blog\/wp-content\/uploads\/2022\/02\/electron-pro-regulacje-300x207.png 300w, https:\/\/www.skalnik.pl\/blog\/wp-content\/uploads\/2022\/02\/electron-pro-regulacje-768x531.png 768w\" sizes=\"auto, (max-width: 1024px) 100vw, 1024px\" \/><figcaption class=\"wp-element-caption\"><em>Electron Pro ma \u015bci\u0105gacze &#8211; do kaptura schowane w gardzie i na dole &#8211; do regulacji obwodu.<\/em><\/figcaption><\/figure>\n<\/div>\n\n<div class=\"wp-block-image\">\n<figure class=\"aligncenter size-large\"><img loading=\"lazy\" decoding=\"async\" width=\"1024\" height=\"576\" src=\"https:\/\/www.skalnik.pl\/blog\/wp-content\/uploads\/2022\/02\/garda-podszewka-regulacja-kaptura-electron-pro.jpg\" alt=\"Zbli\u017cenie na gard\u0119 od wewn\u0105trz\" class=\"wp-image-19431\" srcset=\"https:\/\/www.skalnik.pl\/blog\/wp-content\/uploads\/2022\/02\/garda-podszewka-regulacja-kaptura-electron-pro.jpg 1024w, https:\/\/www.skalnik.pl\/blog\/wp-content\/uploads\/2022\/02\/garda-podszewka-regulacja-kaptura-electron-pro-300x169.jpg 300w, https:\/\/www.skalnik.pl\/blog\/wp-content\/uploads\/2022\/02\/garda-podszewka-regulacja-kaptura-electron-pro-768x432.jpg 768w\" sizes=\"auto, (max-width: 1024px) 100vw, 1024px\" \/><figcaption class=\"wp-element-caption\"><em>Wszystko na jednym uj\u0119ciu &#8211; polarowe wyko\u0144czenie ko\u0142nierza, okr\u0105g\u0142e &#8222;kostki&#8221; do luzowania kaptura i g\u0142\u0119biej sznurki do \u015bci\u0105gania kaptura.<\/em><\/figcaption><\/figure>\n<\/div>\n\n\n<p><strong>MANKIETY<\/strong> \u2013 wyko\u0144czenie r\u0119kaw\u00f3w to mistrzostwo! Nie trzeba si\u0119 bawi\u0107 \u017cadn\u0105 regulacj\u0105, by idealnie przylega\u0142y, a idealnie przylegaj\u0105 \u2013 ZAWSZE. To zas\u0142uga ma\u0142ych wstawek z elastyczn\u0105 gumk\u0105 i specyficznego kroju mankiet\u00f3w. Nie ma znaczenia, jakie r\u0119kawy ma si\u0119 pod spodem, mankiety w Electron Pro si\u0119 do nich dopasuj\u0105. To samo tyczy si\u0119 zegark\u00f3w, bransoletek i nie wiem, co tam jeszcze nosicie na nadgarstkach. Kolejnym plusem jest to, \u017ce \u015bwietnie uzupe\u0142niaj\u0105 si\u0119 z r\u0119kawiczkami ka\u017cdego kroju i typu.<\/p>\n\n\n<div class=\"wp-block-image\">\n<figure class=\"aligncenter size-large\"><img loading=\"lazy\" decoding=\"async\" width=\"1024\" height=\"683\" src=\"https:\/\/www.skalnik.pl\/blog\/wp-content\/uploads\/2022\/02\/kaptur-electron-pro-1.jpg\" alt=\"Kurtka puchowa na szluka w zimie\" class=\"wp-image-19429\" srcset=\"https:\/\/www.skalnik.pl\/blog\/wp-content\/uploads\/2022\/02\/kaptur-electron-pro-1.jpg 1024w, https:\/\/www.skalnik.pl\/blog\/wp-content\/uploads\/2022\/02\/kaptur-electron-pro-1-300x200.jpg 300w, https:\/\/www.skalnik.pl\/blog\/wp-content\/uploads\/2022\/02\/kaptur-electron-pro-1-768x512.jpg 768w\" sizes=\"auto, (max-width: 1024px) 100vw, 1024px\" \/><figcaption class=\"wp-element-caption\"><em>Na tym zdj\u0119ciu mo\u017cna zauwa\u017cy\u0107 gumki w mankietach i jak dobrze wsp\u00f3\u0142pracuj\u0105 z r\u0119kawiczkami.<\/em><\/figcaption><\/figure>\n<\/div>\n\n\n<p><strong>SPR\u0118\u017bYSTO\u015a\u0106 I KOMPAKTOWO\u015a\u0106<\/strong> \u2013 troch\u0119 ju\u017c by\u0142a o tym mowa, ale warto wiedzie\u0107, \u017ce do kurtki do\u0142\u0105czony jest pokrowiec transportowy, a spakowana do niego zajmuje naprawd\u0119 niewiele miejsca. Co prawda przy puch\u00f3wkach ten fakt nie dziwi. M\u00f3j zmys\u0142 obserwacji zauwa\u017cy\u0142 jednak co\u015b jeszcze. Po wyci\u0105gni\u0119ciu z worka kurtka puchowa ekspresowo si\u0119 rozpr\u0119\u017ca. Nie sk\u0142ami\u0119, je\u015bli ci powiem, \u017ce zanim j\u0105 zd\u0105\u017c\u0119 na siebie w\u0142o\u017cy\u0107, to ju\u017c nie wida\u0107 po niej, \u017ce by\u0142a \u015bci\u015bni\u0119ta w ma\u0142ym pokrowcu. To udowadnia, jak dobrej jako\u015bci puch znajduje si\u0119 w \u015brodku. A wiem, co m\u00f3wi\u0119, bo mam por\u00f3wnanie do gorszych.<\/p>\n\n\n<div class=\"wp-block-image\">\n<figure class=\"aligncenter size-large\"><img loading=\"lazy\" decoding=\"async\" width=\"1024\" height=\"512\" src=\"https:\/\/www.skalnik.pl\/blog\/wp-content\/uploads\/2022\/02\/electron-pro-pokrowiec.png\" alt=\"Pokrowiec w Electron Pro\" class=\"wp-image-19434\" srcset=\"https:\/\/www.skalnik.pl\/blog\/wp-content\/uploads\/2022\/02\/electron-pro-pokrowiec.png 1024w, https:\/\/www.skalnik.pl\/blog\/wp-content\/uploads\/2022\/02\/electron-pro-pokrowiec-300x150.png 300w, https:\/\/www.skalnik.pl\/blog\/wp-content\/uploads\/2022\/02\/electron-pro-pokrowiec-768x384.png 768w\" sizes=\"auto, (max-width: 1024px) 100vw, 1024px\" \/><figcaption class=\"wp-element-caption\"><em>Z do\u0142\u0105czonym pokrowcem mo\u017cna szybko puch\u00f3wk\u0119 spakowa\u0107 do plecaka, gdy nie jest noszona.<\/em><\/figcaption><\/figure>\n<\/div>\n\n\n<p>Co do puchu, to nie zauwa\u017cy\u0142am, \u017ceby go ubywa\u0142o. By\u0142am przygotowana na to, \u017ce z pocz\u0105tku troch\u0119 si\u0119 b\u0119dzie wydostawa\u0142 na zewn\u0105trz, ale tutaj naprawd\u0119 mi\u0142e zaskoczenie. M\u00f3j egzemplarz nie straci\u0142 prawie nic.<\/p>\n\n\n\n<h2 class=\"wp-block-heading\"><span class=\"ez-toc-section\" id=\"Kurtka_puchowa_Electron_Pro_meskim_okiem\"><\/span><strong>Kurtka puchowa Electron Pro m\u0119skim okiem<\/strong><span class=\"ez-toc-section-end\"><\/span><\/h2>\n\n\n\n<p>Jak ju\u017c wspomnia\u0142am, mia\u0142am do czynienia z m\u0119sk\u0105 wersj\u0105 Electrona. Jest to te\u017c wersja starsza. Poza ju\u017c wymienionymi r\u00f3\u017cnicami w kapturze i gardzie niczym wi\u0119cej nie r\u00f3\u017cni si\u0119 od najnowszego wydania. W\u0142a\u015bciciel u\u017cytkuje t\u0119 kurtk\u0119 ju\u017c kilka sezon\u00f3w i wra\u017cenia ma podobne do moich. Jako m\u0119\u017cczyzna marznie p\u00f3\u017aniej ni\u017c ja, wi\u0119c po puch\u00f3wk\u0119 si\u0119ga podczas du\u017cego mrozu i w sytuacjach d\u0142ugiego bezruchu. Rab Electron jeszcze nigdy go nie zawi\u00f3d\u0142.<\/p>\n\n\n<div class=\"wp-block-image\">\n<figure class=\"aligncenter size-large\"><img loading=\"lazy\" decoding=\"async\" width=\"1024\" height=\"576\" src=\"https:\/\/www.skalnik.pl\/blog\/wp-content\/uploads\/2022\/02\/electron-pro-meska.jpg\" alt=\"kurtka puchowa m\u0119ska electron pro\" class=\"wp-image-19427\" srcset=\"https:\/\/www.skalnik.pl\/blog\/wp-content\/uploads\/2022\/02\/electron-pro-meska.jpg 1024w, https:\/\/www.skalnik.pl\/blog\/wp-content\/uploads\/2022\/02\/electron-pro-meska-300x169.jpg 300w, https:\/\/www.skalnik.pl\/blog\/wp-content\/uploads\/2022\/02\/electron-pro-meska-768x432.jpg 768w\" sizes=\"auto, (max-width: 1024px) 100vw, 1024px\" \/><figcaption class=\"wp-element-caption\"><em>M\u0119ska Electron Pro w poprzednim wydaniu i l\u017cejsza termicznie kurtka Proton.<\/em><\/figcaption><\/figure>\n<\/div>\n\n\n<p>Co do kroju, to m\u0119ska kurtka puchowa niewiele r\u00f3\u017cni si\u0119 od damskiej. Nie znalaz\u0142am tutaj specjalnie r\u00f3\u017cnic poza wielko\u015bci\u0105, a nosi\u0142am na sobie obie.<\/p>\n\n\n\n<h2 class=\"wp-block-heading\"><span class=\"ez-toc-section\" id=\"Szybkie_podsumowanie_testu_Rab_Electron_Pro\"><\/span><strong>Szybkie podsumowanie testu Rab Electron Pro<\/strong><span class=\"ez-toc-section-end\"><\/span><\/h2>\n\n\n\n<p>Zestawienie najmocniejszych plus\u00f3w widz\u0119 tak:<\/p>\n\n\n\n<p>+ termika 10\/10<br>+ spr\u0119\u017cysto\u015b\u0107 puchu \u2013 szybko nabiera puszysto\u015bci po \u015bci\u015bni\u0119ciu<br>+ kieszenie, za pojemno\u015b\u0107 i kszta\u0142t<br>+ waga &#8211; mam wra\u017cenie, \u017ce materia\u0142y nic nie wa\u017c\u0105, kurtki nie czu\u0107 ani na sobie, ani nie ci\u0105\u017cy w plecaku<br>+ garda i kaptur \u2013 pozwalaj\u0105 \u201eschowa\u0107 si\u0119 przed \u015bwiatem\u201d, daj\u0105c ciep\u0142o i swobod\u0119, no i ta polarowa podszewka!<br>+ odporno\u015b\u0107 na wilgo\u0107 i og\u00f3lna jako\u015b\u0107 wykonania\/estetyka na wysokim poziomie<\/p>\n\n\n\n<p>+\/- rozmiar po spakowaniu \u2013 jak na ciep\u0142o, kt\u00f3re zapewnia, rozmiar jest ma\u0142y, ale mo\u017ce nie zadowoli\u0107 ultraminimalist\u00f3w i os\u00f3b, kt\u00f3re szukaj\u0105 puch\u00f3wki awaryjnej (na pewno w takim przypadku odb\u0119dzie si\u0119 to kosztem termiki).<\/p>\n\n\n<div class=\"wp-block-image\">\n<figure class=\"aligncenter size-large\"><img loading=\"lazy\" decoding=\"async\" width=\"1024\" height=\"768\" src=\"https:\/\/www.skalnik.pl\/blog\/wp-content\/uploads\/2022\/02\/porownanie-puchowek-rab.jpg\" alt=\"Por\u00f3wnanie puch\u00f3wek Rab\" class=\"wp-image-19428\" srcset=\"https:\/\/www.skalnik.pl\/blog\/wp-content\/uploads\/2022\/02\/porownanie-puchowek-rab.jpg 1024w, https:\/\/www.skalnik.pl\/blog\/wp-content\/uploads\/2022\/02\/porownanie-puchowek-rab-300x225.jpg 300w, https:\/\/www.skalnik.pl\/blog\/wp-content\/uploads\/2022\/02\/porownanie-puchowek-rab-768x576.jpg 768w\" sizes=\"auto, (max-width: 1024px) 100vw, 1024px\" \/><figcaption class=\"wp-element-caption\"><em>Na zdj\u0119ciu wida\u0107 wielko\u015b\u0107 puch\u00f3wek po spakowaniu. Od lewej: kurtka m\u0119ska Electron Pro, damski Electron Pro, damski Proton. Wszystkie s\u0105 w rozmiarze S.<\/em><\/figcaption><\/figure>\n<\/div>\n\n\n<p>Minus jest w zasadzie jeden \u2013 umiejscowienie regulacji kaptura i do\u0142u. Na pewno mo\u017cna si\u0119 przyzwyczai\u0107. Mo\u017ce te\u017c ma to wyt\u0142umaczenie np. podczas wspinania, by nie kolidowa\u0142o z innym sprz\u0119tem. B\u0119d\u0119 jeszcze szuka\u0107 odpowiedzi.<\/p>\n\n\n\n<h2 class=\"wp-block-heading\"><span class=\"ez-toc-section\" id=\"Na_zakonczenie_%E2%80%93_dla_kogo_model_Electron_Pro\"><\/span><strong>Na zako\u0144czenie \u2013 dla kogo model Electron Pro?<\/strong><span class=\"ez-toc-section-end\"><\/span><\/h2>\n\n\n\n<p>Zale\u017ca\u0142o mi, by odnie\u015b\u0107 si\u0119 do g\u0142\u00f3wnych zalet kurtki, ale tak\u017ce detali. Natomiast przede wszystkim, chcia\u0142am ci podkre\u015bli\u0107, \u017ce ta kurtka puchowa jest bardzo ciep\u0142a. Je\u015bli du\u017co przebywasz na mrozie, jeste\u015b osob\u0105 szybko marzn\u0105c\u0105 lub szukasz modelu, kt\u00f3ry sprawdzi si\u0119 tak\u017ce poza granicami naszego kraju w surowszych warunkach, to jest to strza\u0142 w dziesi\u0105tk\u0119. Dobrze mie\u0107 w szafie tak mocn\u0105 ochron\u0119, gdy zima jest dla ciebie idealnym pretekstem do zwi\u0119kszenia g\u00f3rskiej aktywno\u015bci.<\/p>\n\n\n\n<p><mark style=\"background-color:rgba(0, 0, 0, 0)\" class=\"has-inline-color has-vivid-cyan-blue-color\">Poznaj wszystkie <a href=\"https:\/\/www.skalnik.pl\/odziez\/odziez-damska\/odziez-damska-kurtki-zimowe\/marka:rab\" target=\"_blank\" rel=\"noreferrer noopener\"><strong>damskie kurtki puchowe<\/strong> Rab<\/a> lub <strong><a href=\"https:\/\/www.skalnik.pl\/odziez\/odziez-meska\/odziez-meska-kurtki-zimowe\/marka:rab\/typ_kurtki:ocieplana+puchowa\" target=\"_blank\" rel=\"noreferrer noopener\">m\u0119skie kurtki puchowe Rab<\/a>. <\/strong><\/mark><\/p>\n","protected":false},"excerpt":{"rendered":"<p>Jak kurtka puchowa Electron Pro sprawdza si\u0119 w terenie? Zobacz, jaki mr\u00f3z mo\u017cesz z ni\u0105 pokona\u0107.<\/p>\n","protected":false},"author":28,"featured_media":19406,"comment_status":"open","ping_status":"open","sticky":false,"template":"","format":"standard","meta":{"_acf_changed":false,"footnotes":""},"categories":[8],"tags":[132,15,229],"magento_category":[58],"magento_product":[553,554,556,559,557,558,541,542,543,546,544,549,545,547,548,550,551,552,555],"class_list":["post-19405","post","type-post","status-publish","format-standard","has-post-thumbnail","hentry","category-testy","tag-kurtki-puchowe","tag-odziez","tag-testy"],"acf":[],"aioseo_notices":[],"aioseo_head":"\n\t\t<!-- All in One SEO 4.9.10 - aioseo.com -->\n\t<meta name=\"description\" content=\"Kurtka puchowa dla wspinaczy, alpinist\u00f3w i fotograf\u00f3w. Jak to mo\u017cliwe? Rab wie, jak dobrze zaprojektowa\u0107 puch\u00f3wk\u0119. Poznaj walory modelu Electron Pro..\" \/>\n\t<meta name=\"robots\" content=\"max-image-preview:large\" \/>\n\t<meta name=\"author\" content=\"Angela Semczuk\"\/>\n\t<link rel=\"canonical\" href=\"https:\/\/www.skalnik.pl\/blog\/test-rab-electron-pro-kurtka-puchowa-dla-zmarzluchow\/\" \/>\n\t<meta name=\"generator\" content=\"All in One SEO (AIOSEO) 4.9.10\" \/>\n\t\t<meta property=\"og:locale\" content=\"pl_PL\" \/>\n\t\t<meta property=\"og:site_name\" content=\"blog Skalnik - Blog, porady, artyku\u0142y - blog Skalnik\" \/>\n\t\t<meta property=\"og:type\" content=\"article\" \/>\n\t\t<meta property=\"og:title\" content=\"Test Rab Electron Pro \u2013 kurtka puchowa dla zmarzluch\u00f3w - blog Skalnik\" \/>\n\t\t<meta property=\"og:description\" content=\"Kurtka puchowa dla wspinaczy, alpinist\u00f3w i fotograf\u00f3w. Jak to mo\u017cliwe? Rab wie, jak dobrze zaprojektowa\u0107 puch\u00f3wk\u0119. Poznaj walory modelu Electron Pro..\" \/>\n\t\t<meta property=\"og:url\" content=\"https:\/\/www.skalnik.pl\/blog\/test-rab-electron-pro-kurtka-puchowa-dla-zmarzluchow\/\" \/>\n\t\t<meta property=\"og:image\" content=\"https:\/\/www.skalnik.pl\/blog\/wp-content\/uploads\/2022\/02\/rab-electron-pro-wcalosci.jpg\" \/>\n\t\t<meta property=\"og:image:secure_url\" content=\"https:\/\/www.skalnik.pl\/blog\/wp-content\/uploads\/2022\/02\/rab-electron-pro-wcalosci.jpg\" \/>\n\t\t<meta property=\"og:image:width\" content=\"1024\" \/>\n\t\t<meta property=\"og:image:height\" content=\"576\" \/>\n\t\t<meta property=\"article:tag\" content=\"testy\" \/>\n\t\t<meta property=\"article:tag\" content=\"kurtki puchowe\" \/>\n\t\t<meta property=\"article:tag\" content=\"odzie\u017c\" \/>\n\t\t<meta property=\"article:published_time\" content=\"2022-02-17T11:19:10+00:00\" \/>\n\t\t<meta property=\"article:modified_time\" content=\"2023-09-07T13:39:14+00:00\" \/>\n\t\t<meta name=\"twitter:card\" content=\"summary_large_image\" \/>\n\t\t<meta name=\"twitter:title\" content=\"Test Rab Electron Pro \u2013 kurtka puchowa dla zmarzluch\u00f3w - blog Skalnik\" \/>\n\t\t<meta name=\"twitter:description\" content=\"Kurtka puchowa dla wspinaczy, alpinist\u00f3w i fotograf\u00f3w. Jak to mo\u017cliwe? Rab wie, jak dobrze zaprojektowa\u0107 puch\u00f3wk\u0119. Poznaj walory modelu Electron Pro..\" \/>\n\t\t<meta name=\"twitter:image\" content=\"https:\/\/www.skalnik.pl\/blog\/wp-content\/uploads\/2022\/02\/rab-electron-pro-wcalosci.jpg\" \/>\n\t\t<script type=\"application\/ld+json\" class=\"aioseo-schema\">\n\t\t\t{\"@context\":\"https:\\\/\\\/schema.org\",\"@graph\":[{\"@type\":\"BlogPosting\",\"@id\":\"https:\\\/\\\/www.skalnik.pl\\\/blog\\\/test-rab-electron-pro-kurtka-puchowa-dla-zmarzluchow\\\/#blogposting\",\"name\":\"Test Rab Electron Pro \\u2013 kurtka puchowa dla zmarzluch\\u00f3w - blog Skalnik\",\"headline\":\"Test Rab Electron Pro \\u2013 kurtka puchowa dla zmarzluch\\u00f3w\",\"author\":{\"@id\":\"https:\\\/\\\/www.skalnik.pl\\\/blog\\\/author\\\/angela-semczuk\\\/#author\"},\"publisher\":{\"@id\":\"https:\\\/\\\/www.skalnik.pl\\\/blog\\\/#organization\"},\"image\":{\"@type\":\"ImageObject\",\"url\":\"https:\\\/\\\/www.skalnik.pl\\\/blog\\\/wp-content\\\/uploads\\\/2022\\\/02\\\/rab-electron-pro-ok\\u0142adka.jpg\",\"width\":1920,\"height\":705,\"caption\":\"rab-electron-pro-okladka\"},\"datePublished\":\"2022-02-17T12:19:10+02:00\",\"dateModified\":\"2023-09-07T15:39:14+02:00\",\"inLanguage\":\"pl-PL\",\"mainEntityOfPage\":{\"@id\":\"https:\\\/\\\/www.skalnik.pl\\\/blog\\\/test-rab-electron-pro-kurtka-puchowa-dla-zmarzluchow\\\/#webpage\"},\"isPartOf\":{\"@id\":\"https:\\\/\\\/www.skalnik.pl\\\/blog\\\/test-rab-electron-pro-kurtka-puchowa-dla-zmarzluchow\\\/#webpage\"},\"articleSection\":\"Testy, kurtki puchowe, odzie\\u017c, testy, 1102, 1000139, 1000141, 1000148, 1000161, 1000192, 1001388, 694738, 694739, 694740, 694741, 694742, 695782, 695787, 697100, 697104, 707269, 709187, 709190, 834650\"},{\"@type\":\"BreadcrumbList\",\"@id\":\"https:\\\/\\\/www.skalnik.pl\\\/blog\\\/test-rab-electron-pro-kurtka-puchowa-dla-zmarzluchow\\\/#breadcrumblist\",\"itemListElement\":[{\"@type\":\"ListItem\",\"@id\":\"https:\\\/\\\/www.skalnik.pl\\\/blog#listItem\",\"position\":1,\"name\":\"Home\",\"item\":\"https:\\\/\\\/www.skalnik.pl\\\/blog\",\"nextItem\":{\"@type\":\"ListItem\",\"@id\":\"https:\\\/\\\/www.skalnik.pl\\\/blog\\\/.\\\/testy\\\/#listItem\",\"name\":\"Testy\"}},{\"@type\":\"ListItem\",\"@id\":\"https:\\\/\\\/www.skalnik.pl\\\/blog\\\/.\\\/testy\\\/#listItem\",\"position\":2,\"name\":\"Testy\",\"item\":\"https:\\\/\\\/www.skalnik.pl\\\/blog\\\/.\\\/testy\\\/\",\"nextItem\":{\"@type\":\"ListItem\",\"@id\":\"https:\\\/\\\/www.skalnik.pl\\\/blog\\\/test-rab-electron-pro-kurtka-puchowa-dla-zmarzluchow\\\/#listItem\",\"name\":\"Test Rab Electron Pro \\u2013 kurtka puchowa dla zmarzluch\\u00f3w\"},\"previousItem\":{\"@type\":\"ListItem\",\"@id\":\"https:\\\/\\\/www.skalnik.pl\\\/blog#listItem\",\"name\":\"Home\"}},{\"@type\":\"ListItem\",\"@id\":\"https:\\\/\\\/www.skalnik.pl\\\/blog\\\/test-rab-electron-pro-kurtka-puchowa-dla-zmarzluchow\\\/#listItem\",\"position\":3,\"name\":\"Test Rab Electron Pro \\u2013 kurtka puchowa dla zmarzluch\\u00f3w\",\"previousItem\":{\"@type\":\"ListItem\",\"@id\":\"https:\\\/\\\/www.skalnik.pl\\\/blog\\\/.\\\/testy\\\/#listItem\",\"name\":\"Testy\"}}]},{\"@type\":\"Organization\",\"@id\":\"https:\\\/\\\/www.skalnik.pl\\\/blog\\\/#organization\",\"name\":\"blog Skalnik\",\"description\":\"Blog, porady, artyku\\u0142y - blog Skalnik\",\"url\":\"https:\\\/\\\/www.skalnik.pl\\\/blog\\\/\"},{\"@type\":\"Person\",\"@id\":\"https:\\\/\\\/www.skalnik.pl\\\/blog\\\/author\\\/angela-semczuk\\\/#author\",\"url\":\"https:\\\/\\\/www.skalnik.pl\\\/blog\\\/author\\\/angela-semczuk\\\/\",\"name\":\"Angela Semczuk\",\"image\":{\"@type\":\"ImageObject\",\"@id\":\"https:\\\/\\\/www.skalnik.pl\\\/blog\\\/test-rab-electron-pro-kurtka-puchowa-dla-zmarzluchow\\\/#authorImage\",\"url\":\"https:\\\/\\\/secure.gravatar.com\\\/avatar\\\/2e35895ed566f66486e308460c0caf9f9fa2f4bd643a42453eb55d7aa3584457?s=96&d=mm&r=g\",\"width\":96,\"height\":96,\"caption\":\"Angela Semczuk\"}},{\"@type\":\"WebPage\",\"@id\":\"https:\\\/\\\/www.skalnik.pl\\\/blog\\\/test-rab-electron-pro-kurtka-puchowa-dla-zmarzluchow\\\/#webpage\",\"url\":\"https:\\\/\\\/www.skalnik.pl\\\/blog\\\/test-rab-electron-pro-kurtka-puchowa-dla-zmarzluchow\\\/\",\"name\":\"Test Rab Electron Pro \\u2013 kurtka puchowa dla zmarzluch\\u00f3w - blog Skalnik\",\"description\":\"Kurtka puchowa dla wspinaczy, alpinist\\u00f3w i fotograf\\u00f3w. Jak to mo\\u017cliwe? Rab wie, jak dobrze zaprojektowa\\u0107 puch\\u00f3wk\\u0119. Poznaj walory modelu Electron Pro..\",\"inLanguage\":\"pl-PL\",\"isPartOf\":{\"@id\":\"https:\\\/\\\/www.skalnik.pl\\\/blog\\\/#website\"},\"breadcrumb\":{\"@id\":\"https:\\\/\\\/www.skalnik.pl\\\/blog\\\/test-rab-electron-pro-kurtka-puchowa-dla-zmarzluchow\\\/#breadcrumblist\"},\"author\":{\"@id\":\"https:\\\/\\\/www.skalnik.pl\\\/blog\\\/author\\\/angela-semczuk\\\/#author\"},\"creator\":{\"@id\":\"https:\\\/\\\/www.skalnik.pl\\\/blog\\\/author\\\/angela-semczuk\\\/#author\"},\"image\":{\"@type\":\"ImageObject\",\"url\":\"https:\\\/\\\/www.skalnik.pl\\\/blog\\\/wp-content\\\/uploads\\\/2022\\\/02\\\/rab-electron-pro-ok\\u0142adka.jpg\",\"@id\":\"https:\\\/\\\/www.skalnik.pl\\\/blog\\\/test-rab-electron-pro-kurtka-puchowa-dla-zmarzluchow\\\/#mainImage\",\"width\":1920,\"height\":705,\"caption\":\"rab-electron-pro-okladka\"},\"primaryImageOfPage\":{\"@id\":\"https:\\\/\\\/www.skalnik.pl\\\/blog\\\/test-rab-electron-pro-kurtka-puchowa-dla-zmarzluchow\\\/#mainImage\"},\"datePublished\":\"2022-02-17T12:19:10+02:00\",\"dateModified\":\"2023-09-07T15:39:14+02:00\"},{\"@type\":\"WebSite\",\"@id\":\"https:\\\/\\\/www.skalnik.pl\\\/blog\\\/#website\",\"url\":\"https:\\\/\\\/www.skalnik.pl\\\/blog\\\/\",\"name\":\"blog Skalnik\",\"description\":\"Blog, porady, artyku\\u0142y - blog Skalnik\",\"inLanguage\":\"pl-PL\",\"publisher\":{\"@id\":\"https:\\\/\\\/www.skalnik.pl\\\/blog\\\/#organization\"}}]}\n\t\t<\/script>\n\t\t<!-- All in One SEO -->\n\n","aioseo_head_json":{"title":"Test Rab Electron Pro \u2013 kurtka puchowa dla zmarzluch\u00f3w - blog Skalnik","description":"Kurtka puchowa dla wspinaczy, alpinist\u00f3w i fotograf\u00f3w. Jak to mo\u017cliwe? Rab wie, jak dobrze zaprojektowa\u0107 puch\u00f3wk\u0119. Poznaj walory modelu Electron Pro..","canonical_url":"https:\/\/www.skalnik.pl\/blog\/test-rab-electron-pro-kurtka-puchowa-dla-zmarzluchow\/","robots":"max-image-preview:large","keywords":"","webmasterTools":{"miscellaneous":""},"schema":{"@context":"https:\/\/schema.org","@graph":[{"@type":"BlogPosting","@id":"https:\/\/www.skalnik.pl\/blog\/test-rab-electron-pro-kurtka-puchowa-dla-zmarzluchow\/#blogposting","name":"Test Rab Electron Pro \u2013 kurtka puchowa dla zmarzluch\u00f3w - blog Skalnik","headline":"Test Rab Electron Pro \u2013 kurtka puchowa dla zmarzluch\u00f3w","author":{"@id":"https:\/\/www.skalnik.pl\/blog\/author\/angela-semczuk\/#author"},"publisher":{"@id":"https:\/\/www.skalnik.pl\/blog\/#organization"},"image":{"@type":"ImageObject","url":"https:\/\/www.skalnik.pl\/blog\/wp-content\/uploads\/2022\/02\/rab-electron-pro-ok\u0142adka.jpg","width":1920,"height":705,"caption":"rab-electron-pro-okladka"},"datePublished":"2022-02-17T12:19:10+02:00","dateModified":"2023-09-07T15:39:14+02:00","inLanguage":"pl-PL","mainEntityOfPage":{"@id":"https:\/\/www.skalnik.pl\/blog\/test-rab-electron-pro-kurtka-puchowa-dla-zmarzluchow\/#webpage"},"isPartOf":{"@id":"https:\/\/www.skalnik.pl\/blog\/test-rab-electron-pro-kurtka-puchowa-dla-zmarzluchow\/#webpage"},"articleSection":"Testy, kurtki puchowe, odzie\u017c, testy, 1102, 1000139, 1000141, 1000148, 1000161, 1000192, 1001388, 694738, 694739, 694740, 694741, 694742, 695782, 695787, 697100, 697104, 707269, 709187, 709190, 834650"},{"@type":"BreadcrumbList","@id":"https:\/\/www.skalnik.pl\/blog\/test-rab-electron-pro-kurtka-puchowa-dla-zmarzluchow\/#breadcrumblist","itemListElement":[{"@type":"ListItem","@id":"https:\/\/www.skalnik.pl\/blog#listItem","position":1,"name":"Home","item":"https:\/\/www.skalnik.pl\/blog","nextItem":{"@type":"ListItem","@id":"https:\/\/www.skalnik.pl\/blog\/.\/testy\/#listItem","name":"Testy"}},{"@type":"ListItem","@id":"https:\/\/www.skalnik.pl\/blog\/.\/testy\/#listItem","position":2,"name":"Testy","item":"https:\/\/www.skalnik.pl\/blog\/.\/testy\/","nextItem":{"@type":"ListItem","@id":"https:\/\/www.skalnik.pl\/blog\/test-rab-electron-pro-kurtka-puchowa-dla-zmarzluchow\/#listItem","name":"Test Rab Electron Pro \u2013 kurtka puchowa dla zmarzluch\u00f3w"},"previousItem":{"@type":"ListItem","@id":"https:\/\/www.skalnik.pl\/blog#listItem","name":"Home"}},{"@type":"ListItem","@id":"https:\/\/www.skalnik.pl\/blog\/test-rab-electron-pro-kurtka-puchowa-dla-zmarzluchow\/#listItem","position":3,"name":"Test Rab Electron Pro \u2013 kurtka puchowa dla zmarzluch\u00f3w","previousItem":{"@type":"ListItem","@id":"https:\/\/www.skalnik.pl\/blog\/.\/testy\/#listItem","name":"Testy"}}]},{"@type":"Organization","@id":"https:\/\/www.skalnik.pl\/blog\/#organization","name":"blog Skalnik","description":"Blog, porady, artyku\u0142y - blog Skalnik","url":"https:\/\/www.skalnik.pl\/blog\/"},{"@type":"Person","@id":"https:\/\/www.skalnik.pl\/blog\/author\/angela-semczuk\/#author","url":"https:\/\/www.skalnik.pl\/blog\/author\/angela-semczuk\/","name":"Angela Semczuk","image":{"@type":"ImageObject","@id":"https:\/\/www.skalnik.pl\/blog\/test-rab-electron-pro-kurtka-puchowa-dla-zmarzluchow\/#authorImage","url":"https:\/\/secure.gravatar.com\/avatar\/2e35895ed566f66486e308460c0caf9f9fa2f4bd643a42453eb55d7aa3584457?s=96&d=mm&r=g","width":96,"height":96,"caption":"Angela Semczuk"}},{"@type":"WebPage","@id":"https:\/\/www.skalnik.pl\/blog\/test-rab-electron-pro-kurtka-puchowa-dla-zmarzluchow\/#webpage","url":"https:\/\/www.skalnik.pl\/blog\/test-rab-electron-pro-kurtka-puchowa-dla-zmarzluchow\/","name":"Test Rab Electron Pro \u2013 kurtka puchowa dla zmarzluch\u00f3w - blog Skalnik","description":"Kurtka puchowa dla wspinaczy, alpinist\u00f3w i fotograf\u00f3w. Jak to mo\u017cliwe? Rab wie, jak dobrze zaprojektowa\u0107 puch\u00f3wk\u0119. Poznaj walory modelu Electron Pro..","inLanguage":"pl-PL","isPartOf":{"@id":"https:\/\/www.skalnik.pl\/blog\/#website"},"breadcrumb":{"@id":"https:\/\/www.skalnik.pl\/blog\/test-rab-electron-pro-kurtka-puchowa-dla-zmarzluchow\/#breadcrumblist"},"author":{"@id":"https:\/\/www.skalnik.pl\/blog\/author\/angela-semczuk\/#author"},"creator":{"@id":"https:\/\/www.skalnik.pl\/blog\/author\/angela-semczuk\/#author"},"image":{"@type":"ImageObject","url":"https:\/\/www.skalnik.pl\/blog\/wp-content\/uploads\/2022\/02\/rab-electron-pro-ok\u0142adka.jpg","@id":"https:\/\/www.skalnik.pl\/blog\/test-rab-electron-pro-kurtka-puchowa-dla-zmarzluchow\/#mainImage","width":1920,"height":705,"caption":"rab-electron-pro-okladka"},"primaryImageOfPage":{"@id":"https:\/\/www.skalnik.pl\/blog\/test-rab-electron-pro-kurtka-puchowa-dla-zmarzluchow\/#mainImage"},"datePublished":"2022-02-17T12:19:10+02:00","dateModified":"2023-09-07T15:39:14+02:00"},{"@type":"WebSite","@id":"https:\/\/www.skalnik.pl\/blog\/#website","url":"https:\/\/www.skalnik.pl\/blog\/","name":"blog Skalnik","description":"Blog, porady, artyku\u0142y - blog Skalnik","inLanguage":"pl-PL","publisher":{"@id":"https:\/\/www.skalnik.pl\/blog\/#organization"}}]},"og:locale":"pl_PL","og:site_name":"blog Skalnik - Blog, porady, artyku\u0142y - blog Skalnik","og:type":"article","og:title":"Test Rab Electron Pro \u2013 kurtka puchowa dla zmarzluch\u00f3w - blog Skalnik","og:description":"Kurtka puchowa dla wspinaczy, alpinist\u00f3w i fotograf\u00f3w. Jak to mo\u017cliwe? Rab wie, jak dobrze zaprojektowa\u0107 puch\u00f3wk\u0119. Poznaj walory modelu Electron Pro..","og:url":"https:\/\/www.skalnik.pl\/blog\/test-rab-electron-pro-kurtka-puchowa-dla-zmarzluchow\/","og:image":"https:\/\/www.skalnik.pl\/blog\/wp-content\/uploads\/2022\/02\/rab-electron-pro-wcalosci.jpg","og:image:secure_url":"https:\/\/www.skalnik.pl\/blog\/wp-content\/uploads\/2022\/02\/rab-electron-pro-wcalosci.jpg","og:image:width":1024,"og:image:height":576,"article:tag":["testy","kurtki puchowe","odzie\u017c"],"article:published_time":"2022-02-17T11:19:10+00:00","article:modified_time":"2023-09-07T13:39:14+00:00","twitter:card":"summary_large_image","twitter:title":"Test Rab Electron Pro \u2013 kurtka puchowa dla zmarzluch\u00f3w - blog Skalnik","twitter:description":"Kurtka puchowa dla wspinaczy, alpinist\u00f3w i fotograf\u00f3w. Jak to mo\u017cliwe? Rab wie, jak dobrze zaprojektowa\u0107 puch\u00f3wk\u0119. Poznaj walory modelu Electron Pro..","twitter:image":"https:\/\/www.skalnik.pl\/blog\/wp-content\/uploads\/2022\/02\/rab-electron-pro-wcalosci.jpg"},"aioseo_meta_data":{"post_id":"19405","title":null,"description":"Kurtka puchowa dla wspinaczy, alpinist\u00f3w i fotograf\u00f3w. Jak to mo\u017cliwe? Rab wie, jak dobrze zaprojektowa\u0107 puch\u00f3wk\u0119. Poznaj walory modelu Electron Pro..","keywords":[{"label":"damska kurtka puchowa","value":"damska kurtka puchowa"},{"label":"rab kurtka puchowa","value":"rab kurtka puchowa"},{"label":"m\u0119ska kurtka puchowa","value":"m\u0119ska kurtka puchowa"},{"label":"kurtka na zim\u0119 w g\u00f3ry","value":"kurtka na zim\u0119 w g\u00f3ry"},{"label":"lekka kurtka zimowa","value":"lekka kurtka zimowa"},{"label":"kurtka rab","value":"kurtka rab"}],"keyphrases":{"focus":{"keyphrase":"","score":0,"analysis":{"keyphraseInTitle":{"score":0,"maxScore":9,"error":1}}},"additional":[]},"primary_term":null,"canonical_url":null,"og_title":null,"og_description":null,"og_object_type":"default","og_image_type":"default","og_image_url":null,"og_image_width":null,"og_image_height":null,"og_image_custom_url":null,"og_image_custom_fields":null,"og_video":"","og_custom_url":null,"og_article_section":null,"og_article_tags":[],"twitter_use_og":false,"twitter_card":"default","twitter_image_type":"default","twitter_image_url":null,"twitter_image_custom_url":null,"twitter_image_custom_fields":null,"twitter_title":null,"twitter_description":null,"schema":{"blockGraphs":[],"customGraphs":[],"default":{"data":{"Article":[],"Course":[],"Dataset":[],"FAQPage":[],"Movie":[],"Person":[],"Product":[],"ProductReview":[],"Car":[],"Recipe":[],"Service":[],"SoftwareApplication":[],"WebPage":[]},"graphName":"","isEnabled":true},"graphs":[]},"schema_type":"default","schema_type_options":null,"pillar_content":false,"robots_default":true,"robots_noindex":false,"robots_noarchive":false,"robots_nosnippet":false,"robots_nofollow":false,"robots_noimageindex":false,"robots_noodp":false,"robots_notranslate":false,"robots_max_snippet":"-1","robots_max_videopreview":"-1","robots_max_imagepreview":"large","priority":null,"frequency":"default","local_seo":null,"breadcrumb_settings":null,"limit_modified_date":false,"ai":null,"created":"2022-08-26 10:45:54","updated":"2026-02-17 22:19:32","seo_analyzer_scan_date":null},"aioseo_breadcrumb":"<div class=\"aioseo-breadcrumbs\"><span class=\"aioseo-breadcrumb\">\n\t\t\t<a href=\"https:\/\/www.skalnik.pl\/blog\" title=\"Home\">Home<\/a>\n\t\t<\/span><span class=\"aioseo-breadcrumb-separator\">&raquo;<\/span><span class=\"aioseo-breadcrumb\">\n\t\t\t<a href=\"https:\/\/www.skalnik.pl\/blog\/.\/testy\/\" title=\"Testy\">Testy<\/a>\n\t\t<\/span><span class=\"aioseo-breadcrumb-separator\">&raquo;<\/span><span class=\"aioseo-breadcrumb\">\n\t\t\tTest Rab Electron Pro \u2013 kurtka puchowa dla zmarzluch\u00f3w\n\t\t<\/span><\/div>","aioseo_breadcrumb_json":[{"label":"Home","link":"https:\/\/www.skalnik.pl\/blog"},{"label":"Testy","link":"https:\/\/www.skalnik.pl\/blog\/.\/testy\/"},{"label":"Test Rab Electron Pro \u2013 kurtka puchowa dla zmarzluch\u00f3w","link":"https:\/\/www.skalnik.pl\/blog\/test-rab-electron-pro-kurtka-puchowa-dla-zmarzluchow\/"}],"_links":{"self":[{"href":"https:\/\/www.skalnik.pl\/blog\/wp-json\/wp\/v2\/posts\/19405","targetHints":{"allow":["GET"]}}],"collection":[{"href":"https:\/\/www.skalnik.pl\/blog\/wp-json\/wp\/v2\/posts"}],"about":[{"href":"https:\/\/www.skalnik.pl\/blog\/wp-json\/wp\/v2\/types\/post"}],"author":[{"embeddable":true,"href":"https:\/\/www.skalnik.pl\/blog\/wp-json\/wp\/v2\/users\/28"}],"replies":[{"embeddable":true,"href":"https:\/\/www.skalnik.pl\/blog\/wp-json\/wp\/v2\/comments?post=19405"}],"version-history":[{"count":10,"href":"https:\/\/www.skalnik.pl\/blog\/wp-json\/wp\/v2\/posts\/19405\/revisions"}],"predecessor-version":[{"id":24179,"href":"https:\/\/www.skalnik.pl\/blog\/wp-json\/wp\/v2\/posts\/19405\/revisions\/24179"}],"wp:featuredmedia":[{"embeddable":true,"href":"https:\/\/www.skalnik.pl\/blog\/wp-json\/wp\/v2\/media\/19406"}],"wp:attachment":[{"href":"https:\/\/www.skalnik.pl\/blog\/wp-json\/wp\/v2\/media?parent=19405"}],"wp:term":[{"taxonomy":"category","embeddable":true,"href":"https:\/\/www.skalnik.pl\/blog\/wp-json\/wp\/v2\/categories?post=19405"},{"taxonomy":"post_tag","embeddable":true,"href":"https:\/\/www.skalnik.pl\/blog\/wp-json\/wp\/v2\/tags?post=19405"},{"taxonomy":"magento_category","embeddable":true,"href":"https:\/\/www.skalnik.pl\/blog\/wp-json\/wp\/v2\/magento_category?post=19405"},{"taxonomy":"magento_product","embeddable":true,"href":"https:\/\/www.skalnik.pl\/blog\/wp-json\/wp\/v2\/magento_product?post=19405"}],"curies":[{"name":"wp","href":"https:\/\/api.w.org\/{rel}","templated":true}]}}