{"id":19460,"date":"2022-02-28T07:54:00","date_gmt":"2022-02-28T06:54:00","guid":{"rendered":"https:\/\/www.skalnik.pl\/blog\/?p=19460"},"modified":"2022-03-24T08:00:09","modified_gmt":"2022-03-24T07:00:09","slug":"biskupia-kopa-korona-gor-polski","status":"publish","type":"post","link":"https:\/\/www.skalnik.pl\/blog\/biskupia-kopa-korona-gor-polski\/","title":{"rendered":"Biskupia Kopa &#8211; Korona G\u00f3r Polski"},"content":{"rendered":"\n<p><strong>G\u00f3ry Opawskie s\u0105 najdalej wysuni\u0119tym na wsch\u00f3d pasmem w Sudetach. Tylko niewielki ich kawa\u0142ek le\u017cy po polskiej stronie granicy, znacznie wi\u0119ksza cz\u0119\u015b\u0107 po\u0142o\u017cona jest w Czechach. U naszych po\u0142udniowych s\u0105siad\u00f3w zmieniaj\u0105 one miano na Zlatohorsk\u00e1 vrchovina. Najwy\u017cszy szczyt polskich G\u00f3r Opawskich to Biskupia Kopa (890 m n.p.m.) \u2013 tak przynajmniej wskazuj\u0105 autorzy Korony G\u00f3r Polski.<\/strong><\/p>\n\n\n\n<p>Mimo niewielkich rozmiar\u00f3w i niezbyt wybitnych wysoko\u015bci G\u00f3ry Opawskie s\u0105 naprawd\u0119 ciekawym miejscem na g\u00f3rsk\u0105 w\u0119dr\u00f3wk\u0119. Znale\u017a\u0107 tu mo\u017cna \u0142atwe szlaki dla dzieci i senior\u00f3w, ale tak\u017ce szczypt\u0119 przygody, historii i ciekawostek. Ten zak\u0105tek Sudet\u00f3w jest pi\u0119kny o ka\u017cdej porze roku, nie tylko wiosn\u0105 i latem. Zima trwa tutaj ca\u0142kiem d\u0142ugo, a jesie\u0144 rozpala buki na z\u0142oto i czerwono. Jaka by nie by\u0142a pogoda Biskupia Kopa i G\u00f3ry Opawskie s\u0105 znakomitym celem w\u0119dr\u00f3wek przez ca\u0142y rok.<\/p>\n\n\n\n<p>Nazwa g\u00f3ry Kopa Biskupia pochodzi z do\u015b\u0107 zamierzch\u0142ych czas\u00f3w, gdy ziemie te by\u0142y w\u0142asno\u015bci\u0105 biskup\u00f3w wroc\u0142awskich. G\u00f3ra stanowi\u0142a granic\u0119 biskupstwa wroc\u0142awskiego i o\u0142omunieckiego. Wr\u00f3\u0107my jednak do czas\u00f3w wsp\u00f3\u0142czesnych \u2013 obecnie przebiega przez Biskupi\u0105 Kop\u0119 granica polsko-czeska. Co wi\u0119cej najwy\u017cszy punkt g\u00f3ry znajduje si\u0119 po stronie&#8230; czeskiej, ale nie czepiajmy si\u0119 szczeg\u00f3\u0142\u00f3w, bo wtedy najwy\u017csza by\u0142a Srebrna Kopa (785 m n.pm.).<\/p>\n\n\n\n<p><span class=\"has-inline-color has-vivid-cyan-blue-color\">Je\u015bli nie wiesz czym jest Korona G\u00f3r Polski zobacz do <a href=\"https:\/\/www.skalnik.pl\/blog\/tag\/korona-gor-polski\/\" target=\"_blank\" rel=\"noreferrer noopener\">tego artyku\u0142u<\/a>. <\/span><\/p>\n\n\n\n<div id=\"ez-toc-container\" class=\"ez-toc-v2_0_85 counter-hierarchy ez-toc-counter ez-toc-light-blue ez-toc-container-direction\">\n<div class=\"ez-toc-title-container\">\n<p class=\"ez-toc-title\" style=\"cursor:inherit\">SPIS TRE\u015aCI <\/p>\n<span class=\"ez-toc-title-toggle\"><a href=\"#\" class=\"ez-toc-pull-right ez-toc-btn ez-toc-btn-xs ez-toc-btn-default ez-toc-toggle\" aria-label=\"Prze\u0142\u0105cznik Spisu Tre\u015bci\"><span class=\"ez-toc-js-icon-con\"><span class=\"\"><span class=\"eztoc-hide\" style=\"display:none;\">Toggle<\/span><span class=\"ez-toc-icon-toggle-span\"><svg style=\"fill: #999;color:#999\" xmlns=\"http:\/\/www.w3.org\/2000\/svg\" class=\"list-377408\" width=\"20px\" height=\"20px\" viewBox=\"0 0 24 24\" fill=\"none\"><path d=\"M6 6H4v2h2V6zm14 0H8v2h12V6zM4 11h2v2H4v-2zm16 0H8v2h12v-2zM4 16h2v2H4v-2zm16 0H8v2h12v-2z\" fill=\"currentColor\"><\/path><\/svg><svg style=\"fill: #999;color:#999\" class=\"arrow-unsorted-368013\" xmlns=\"http:\/\/www.w3.org\/2000\/svg\" width=\"10px\" height=\"10px\" viewBox=\"0 0 24 24\" version=\"1.2\" baseProfile=\"tiny\"><path d=\"M18.2 9.3l-6.2-6.3-6.2 6.3c-.2.2-.3.4-.3.7s.1.5.3.7c.2.2.4.3.7.3h11c.3 0 .5-.1.7-.3.2-.2.3-.5.3-.7s-.1-.5-.3-.7zM5.8 14.7l6.2 6.3 6.2-6.3c.2-.2.3-.5.3-.7s-.1-.5-.3-.7c-.2-.2-.4-.3-.7-.3h-11c-.3 0-.5.1-.7.3-.2.2-.3.5-.3.7s.1.5.3.7z\"\/><\/svg><\/span><\/span><\/span><\/a><\/span><\/div>\n<nav><ul class='ez-toc-list ez-toc-list-level-1 ' ><li class='ez-toc-page-1 ez-toc-heading-level-2'><a class=\"ez-toc-link ez-toc-heading-1\" href=\"https:\/\/www.skalnik.pl\/blog\/biskupia-kopa-korona-gor-polski\/#Biskupia_Kopa_parking\" >Biskupia Kopa parking<\/a><\/li><li class='ez-toc-page-1 ez-toc-heading-level-2'><a class=\"ez-toc-link ez-toc-heading-2\" href=\"https:\/\/www.skalnik.pl\/blog\/biskupia-kopa-korona-gor-polski\/#Wieza_na_Biskupiej_Kopie\" >Wie\u017ca na Biskupiej Kopie<\/a><\/li><li class='ez-toc-page-1 ez-toc-heading-level-2'><a class=\"ez-toc-link ez-toc-heading-3\" href=\"https:\/\/www.skalnik.pl\/blog\/biskupia-kopa-korona-gor-polski\/#Biskupia_Kopa_schronisko\" >Biskupia Kopa schronisko<\/a><\/li><li class='ez-toc-page-1 ez-toc-heading-level-2'><a class=\"ez-toc-link ez-toc-heading-4\" href=\"https:\/\/www.skalnik.pl\/blog\/biskupia-kopa-korona-gor-polski\/#Biskupia_Kopa_najladniejszy_szlak\" >Biskupia Kopa naj\u0142adniejszy szlak<\/a><\/li><li class='ez-toc-page-1 ez-toc-heading-level-2'><a class=\"ez-toc-link ez-toc-heading-5\" href=\"https:\/\/www.skalnik.pl\/blog\/biskupia-kopa-korona-gor-polski\/#Ciekawostki\" >Ciekawostki<\/a><\/li><\/ul><\/nav><\/div>\n<h2 class=\"wp-block-heading\"><span class=\"ez-toc-section\" id=\"Biskupia_Kopa_parking\"><\/span>Biskupia Kopa parking<span class=\"ez-toc-section-end\"><\/span><\/h2>\n\n\n\n<p>Je\u015bli podr\u00f3\u017cujesz w\u0142asnym samochodem masz do dyspozycji kilka miejsc parkingowych, w kt\u00f3rych z powodzeniem mo\u017cesz zostawi\u0107 samoch\u00f3d i ruszy\u0107 na szlaki na Biskupi\u0105 Kop\u0119. Niezwykle popularnym miejscem jest parking przy domu wczasowym Ziemowit za Jarno\u0142t\u00f3wkiem. Z niego wiedzie na szczyt Biskupia Kopa najkr\u00f3tszy szlak (\u017c\u00f3\u0142ty), tzw. trasa Amalii. Rodzic\u00f3w ma\u0142ych dzieci i senior\u00f3w zapewne zainteresuje fakt, \u017ce jest to jednocze\u015bnie naj\u0142atwiejszy szlak na Biskupi\u0105 Kop\u0119. W samej miejscowo\u015bci Jarno\u0142t\u00f3wek znajduje si\u0119 tak\u017ce parking w pobli\u017cu szlaku czerwonego.<\/p>\n\n\n\n<p>Pl\u0105tanina szlak\u00f3w sprawia, \u017ce w G\u00f3ry Opawski mapa mo\u017ce by\u0107 ca\u0142kiem przydatna \u2013 wska\u017ce te\u017c dok\u0142adne po\u0142o\u017cenie ciekawych miejsc.<\/p>\n\n\n\n<h2 class=\"wp-block-heading\"><span class=\"ez-toc-section\" id=\"Wieza_na_Biskupiej_Kopie\"><\/span>Wie\u017ca na Biskupiej Kopie<span class=\"ez-toc-section-end\"><\/span><\/h2>\n\n\n\n<p>Poniewa\u017c sam szczyt Biskupiej Kopy jest poro\u015bni\u0119ty lasem, trudno tu o pi\u0119kne widoki. Dlatego warto wej\u015b\u0107 na wie\u017c\u0119 widokow\u0105. Roztacza si\u0119 z niej przepi\u0119kna panorama na Zlate hory, Zlatohorsk\u0105 vrchovin\u0119 i Jesieniki (od po\u0142udnia), a tak\u017ce na p\u00f3\u0142nocn\u0105, niezwykle p\u0142ask\u0105 Opolszczyzn\u0119 z dobrze widocznymi G\u0142ucho\u0142azami.<\/p>\n\n\n\n<div class=\"wp-block-image\"><figure class=\"aligncenter size-large\"><img loading=\"lazy\" decoding=\"async\" width=\"1024\" height=\"633\" src=\"https:\/\/www.skalnik.pl\/blog\/wp-content\/uploads\/2022\/02\/zlate-hory.jpg\" alt=\"Widok na miejscowo\u015b\u0107 Zlate hory otoczon\u0105 g\u00f3rami\" class=\"wp-image-19470\" srcset=\"https:\/\/www.skalnik.pl\/blog\/wp-content\/uploads\/2022\/02\/zlate-hory.jpg 1024w, https:\/\/www.skalnik.pl\/blog\/wp-content\/uploads\/2022\/02\/zlate-hory-300x185.jpg 300w, https:\/\/www.skalnik.pl\/blog\/wp-content\/uploads\/2022\/02\/zlate-hory-768x475.jpg 768w\" sizes=\"auto, (max-width: 1024px) 100vw, 1024px\" \/><figcaption><em>Widok z wie\u017cy na Zlate hory<\/em>.<\/figcaption><\/figure><\/div>\n\n\n\n<p>Murowana wie\u017ca widokowa stoi w tym miejscu ju\u017c ponad 100 lat. Postawiono j\u0105, by uczci\u0107 50. rocznic\u0119 panowania austro-w\u0119gierskiego cesarza Franciszka J\u00f3zefa i do dzisiaj nosi to miano.<\/p>\n\n\n\n<div class=\"wp-block-image\"><figure class=\"aligncenter size-large\"><img loading=\"lazy\" decoding=\"async\" width=\"1024\" height=\"768\" src=\"https:\/\/www.skalnik.pl\/blog\/wp-content\/uploads\/2022\/02\/wieza.jpg\" alt=\"Po lewej zdj\u0119cie ca\u0142ej wie\u017cy widokowej na Biskupiej Kopie, po prawej zbli\u017cenie na wej\u015bcie, nad kt\u00f3rym jest napis Kaiser Franz Josef Warte i portret cesarza\" class=\"wp-image-19467\" srcset=\"https:\/\/www.skalnik.pl\/blog\/wp-content\/uploads\/2022\/02\/wieza.jpg 1024w, https:\/\/www.skalnik.pl\/blog\/wp-content\/uploads\/2022\/02\/wieza-300x225.jpg 300w, https:\/\/www.skalnik.pl\/blog\/wp-content\/uploads\/2022\/02\/wieza-768x576.jpg 768w\" sizes=\"auto, (max-width: 1024px) 100vw, 1024px\" \/><figcaption><em>Stoi w tym miejscu ju\u017c ponad 100 lat &#8211; Kaiser Franz Josef Warte.<\/em><\/figcaption><\/figure><\/div>\n\n\n\n<p>Wie\u017ca obecnie znajduje si\u0119 tu\u017c za granic\u0105 i nale\u017cy do Republiki Czeskiej. Wst\u0119p na wie\u017c\u0119 jest p\u0142atny \u2013 w 2022 mo\u017cna p\u0142aci\u0107 jedynie w koronach czeskich lub kart\u0105. Godziny zwiedzania najlepiej na bie\u017c\u0105co sprawdza\u0107 na <a href=\"https:\/\/krajpokladu.cz\/rozhledna-na-biskupske-kupe\/\" target=\"_blank\" rel=\"noreferrer noopener nofollow\">stronie internetowej<\/a>. Teoretycznie w tym serwisie jest link Biskupia Kopa kamera, ale niestety nieaktywny.<\/p>\n\n\n\n<h2 class=\"wp-block-heading\"><span class=\"ez-toc-section\" id=\"Biskupia_Kopa_schronisko\"><\/span>Biskupia Kopa schronisko<span class=\"ez-toc-section-end\"><\/span><\/h2>\n\n\n\n<p>G\u00f3rski dom turysty Pod Biskupi\u0105 Kop\u0105 to dawne<em> Oberschlesierh\u00fctte<\/em>, czyli schronisko G\u00f3rno\u015bl\u0105zak\u00f3w. Budynek stoi na wysoko\u015bci 850 m n.p.m., przy \u017c\u00f3\u0142tym szlaku, kilkana\u015bcie minut od szczytu Biskupiej Kopy. Mo\u017cna tu nabra\u0107 si\u0142 przed w\u0119dr\u00f3wk\u0105 na szczyt lub posili\u0107 si\u0119 po zdobyciu go. Dzi\u015b jest to jedyne w okolicy schronisko Biskupia Kopa jest szczytem pozbawionym takiego budynku. Cho\u0107 na szczycie dzia\u0142a bufet, w kt\u00f3rym mo\u017cna kupi\u0107 przek\u0105ski i napoje.<\/p>\n\n\n\n<div class=\"wp-block-image\"><figure class=\"aligncenter size-large\"><img loading=\"lazy\" decoding=\"async\" width=\"1024\" height=\"768\" src=\"https:\/\/www.skalnik.pl\/blog\/wp-content\/uploads\/2022\/02\/schronisko.jpg\" alt=\"Na pierwszym planie drewniana rze\u017aba, na drugim schronisko Pod Biskupi\u0105 Kop\u0105\" class=\"wp-image-19468\" srcset=\"https:\/\/www.skalnik.pl\/blog\/wp-content\/uploads\/2022\/02\/schronisko.jpg 1024w, https:\/\/www.skalnik.pl\/blog\/wp-content\/uploads\/2022\/02\/schronisko-300x225.jpg 300w, https:\/\/www.skalnik.pl\/blog\/wp-content\/uploads\/2022\/02\/schronisko-768x576.jpg 768w\" sizes=\"auto, (max-width: 1024px) 100vw, 1024px\" \/><figcaption><em>W okolicy schroniska ustawiono kilka drewnianych stylizowanych rze\u017ab.<\/em><\/figcaption><\/figure><\/div>\n\n\n\n<h2 class=\"wp-block-heading\"><span class=\"ez-toc-section\" id=\"Biskupia_Kopa_najladniejszy_szlak\"><\/span>Biskupia Kopa naj\u0142adniejszy szlak<span class=\"ez-toc-section-end\"><\/span><\/h2>\n\n\n\n<p>Najciekawsza trasa na Biskupi\u0105 Kop\u0119 to kombinacja kilku szlak\u00f3w. Jest to zarazem propozycja kilkugodzinnej w\u0119dr\u00f3wki przez spory kawa\u0142ek G\u00f3r Opawskich. Samoch\u00f3d mo\u017cna zostawi\u0107 na le\u015bnym parkingu w Pokrzywnej. Parking jest niewielki, im p\u00f3\u017aniej, tym trudniej znale\u017a\u0107 na nim wolne miejsce.<\/p>\n\n\n\n<p><strong>Trasa: <\/strong>Pokrzywna \u2013 Gwarkowa Per\u0107 \u2013 Piekie\u0142ko (szlak niebieski) \u2013 Droga Amalii (szlak \u017c\u00f3\u0142ty) \u2013 Dom Turysty Pod Biskupi\u0105 Kop\u0105 \u2013 Biskupia Kopa (szlak zielony i czerwony) \u2013 Prze\u0142\u0119cz pod Kop\u0105 \u2013 Srebrna Kopa \u2013 Zamkowa G\u00f3ra \u2013 Szyndzielowa Kopa \u2013 Pokrzywna \u0142owisko (szlak czerwony) \u2013 Pokrzywna parking (szlak niebieski)<br><strong>czas przej\u015bcia: <\/strong>4:46 h (p\u0119tla)<br><strong>dystans:<\/strong> 13,8 km<\/p>\n\n\n\n<div style=\"max-width:1000px;overflow:hidden;margin:0 auto;min-width:300px;\"><iframe src=\"https:\/\/mapa-turystyczna.pl\/map\/widget\/route\/h1l0p1\/4rm4.html\" style=\"width:100%;border:0;\" height=\"800\" frameborder=\"0\"><\/iframe><a href=\"https:\/\/mapa-turystyczna.pl\/route\/4rm4?utm_source=external_web&amp;utm_medium=widget&amp;utm_campaign=route_widget\" target=\"_blank\" style=\"color:#999;padding:7px 0;font-size: 13px;font-family:Roboto,Arial,sans-serif;display: inline-block;\" rel=\"noopener noreferrer\">Trasa przez: Biskupia Kopa | mapa-turystyczna.pl<\/a><\/div>\n\n\n\n<p>Z parkingu w Pokrzywnej wygodn\u0105, le\u015bn\u0105 drog\u0105 biegn\u0105c\u0105 wzd\u0142u\u017c strumienia, dochodzi si\u0119 do polany z wiatami. Tutaj droga zaczyna by\u0107 znakowana na niebiesko. Podczas w\u0119dr\u00f3wki mija si\u0119 miejsce, gdzie w latach przedwojennych sta\u0142a skocznia narciarska \u2013 trudno dzi\u015b sobie to wyobrazi\u0107, szczeg\u00f3lnie, \u017ce zbocza porastaj\u0105 dostojne buki.<\/p>\n\n\n\n<p>Szlak odbija w prawo, gdzie po przej\u015bciu mostkiem rozpoczyna si\u0119 malownicza Gwarkowa Per\u0107. To dawne wyrobisko \u0142upku. Przej\u015bcie nim dla \u015brednio sprawnego turysty nie stanowi wi\u0119kszego problemu. Jak zawsze w g\u00f3rach warto zachowa\u0107 czujno\u015b\u0107, szczeg\u00f3lnie, \u017ce gdy ruch jest spory. Ludzie poruszaj\u0105 si\u0119 tu w obu kierunkach, a ska\u0142y bywaj\u0105 \u015bliskie. Zwie\u0144czeniem perci jest kilkumetrowa stalowa drabinka. T\u0142ok, po\u015bpiech i pionowy odcinek to nie jest dobre po\u0142\u0105czenie, lepiej wi\u0119c zachowa\u0107 bezpieczn\u0105 odleg\u0142o\u015b\u0107 od os\u00f3b z przodu.<\/p>\n\n\n\n<div class=\"wp-block-image\"><figure class=\"aligncenter size-large\"><img loading=\"lazy\" decoding=\"async\" width=\"1024\" height=\"768\" src=\"https:\/\/www.skalnik.pl\/blog\/wp-content\/uploads\/2022\/02\/drabinka.jpg\" alt=\"Kobieta wchodz\u0105ca stalow\u0105 drabink\u0105 w kamienio\u0142omie\" class=\"wp-image-19469\" srcset=\"https:\/\/www.skalnik.pl\/blog\/wp-content\/uploads\/2022\/02\/drabinka.jpg 1024w, https:\/\/www.skalnik.pl\/blog\/wp-content\/uploads\/2022\/02\/drabinka-300x225.jpg 300w, https:\/\/www.skalnik.pl\/blog\/wp-content\/uploads\/2022\/02\/drabinka-768x576.jpg 768w\" sizes=\"auto, (max-width: 1024px) 100vw, 1024px\" \/><figcaption><em>Drabinka na Gwarkowej Perci.<\/em><\/figcaption><\/figure><\/div>\n\n\n\n<p>Po pokonaniu drabinki warto jeszcze kawa\u0142ek przej\u015b\u0107 niebieskim szlakiem do drugiego \u0142upkowego wyrobiska \u2013 Piekie\u0142ka. Wed\u0142ug tablicy informacyjnej w miejscu tym ro\u015bnie rzadka papro\u0107, a \u0142upek tu wydobywany wci\u0105\u017c mo\u017cna zobaczy\u0107 na dachach najstarszych dom\u00f3w w okolicy. Z piekie\u0142ka trzeba si\u0119 kawa\u0142ek wr\u00f3ci\u0107 do \u017c\u00f3\u0142tego szlaku \u2013 prowadzi on do schroniska. Szlak \u017c\u00f3\u0142ty jest \u0142atwy, a przez to bywa bardzo zat\u0142oczony \u2013 maszeruj\u0105 nim tury\u015bci w r\u00f3\u017cnym wieku. <\/p>\n\n\n\n<p>Charakterystycznym punktem jest Plac Langego z kapliczk\u0105. Z tego miejsca szlak \u017c\u00f3\u0142ty zaczyna pi\u0105\u0107 si\u0119 stromiej ni\u017c do tej pory a\u017c dochodzi do schroniska. Ostatnie par\u0119 metr\u00f3w tej trasy mo\u017ce by\u0107 wyzwaniem szczeg\u00f3lnie w deszczu. Z placu mo\u017cna te\u017c nadal pod\u0105\u017ca\u0107 szerok\u0105 drog\u0105 \u2013 to dojazd do schroniska. Trasa zajmuje troch\u0119 wi\u0119cej czasu, ale jest zdecydowanie \u0142atwiejsza do pokonania.<\/p>\n\n\n\n<p>Ze schroniska na szczyt dochodzi si\u0119 najpierw szlakiem zielonym, a p\u00f3\u017aniej czerwonym. Je\u015bli zbierasz piecz\u0105tki KGP, popro\u015b o ni\u0105 w bufecie \u2013 na szczycie nie ma oddzielnej skrzynki.<\/p>\n\n\n\n<div class=\"wp-block-image\"><figure class=\"aligncenter size-large\"><img loading=\"lazy\" decoding=\"async\" width=\"1024\" height=\"768\" src=\"https:\/\/www.skalnik.pl\/blog\/wp-content\/uploads\/2022\/02\/w-strone-pradziada.jpg\" alt=\"Na horyzoncie g\u00f3ry\" class=\"wp-image-19471\" srcset=\"https:\/\/www.skalnik.pl\/blog\/wp-content\/uploads\/2022\/02\/w-strone-pradziada.jpg 1024w, https:\/\/www.skalnik.pl\/blog\/wp-content\/uploads\/2022\/02\/w-strone-pradziada-300x225.jpg 300w, https:\/\/www.skalnik.pl\/blog\/wp-content\/uploads\/2022\/02\/w-strone-pradziada-768x576.jpg 768w\" sizes=\"auto, (max-width: 1024px) 100vw, 1024px\" \/><figcaption><em>Widok z okolic Srebrnej Kopy w stron\u0119 Czech.<\/em><\/figcaption><\/figure><\/div>\n\n\n\n<p>Warto zobaczy\u0107 G\u00f3ry Opawskie szczyty ni\u017csze, ale stanowi\u0105ce doskona\u0142y punkt widokowy na Biskupi\u0105 Kop\u0119. Najlepiej w tym celu schodzi\u0107 granicznym szlakiem czerwonym. \u0141agodnie si\u0119 on wznosi i opada. Poniewa\u017c prowadzi po niezalesionym terenie doskonale wida\u0107 z niego masyw Biskupiej Kopy, do\u015b\u0107 \u0142atwo go rozpozna\u0107 dzi\u0119ki wie\u017cy widokowej i nadajnikowej. Dalsza trasa prowadzi mi\u0119dzy innymi przez Srebrn\u0105 Kop\u0119, kt\u00f3ra de facto jest najwy\u017cszym polskim szczytem G\u00f3r Opawskich, cho\u0107 nie zosta\u0142a wskazana w wykazie KGP.<\/p>\n\n\n\n<h2 class=\"wp-block-heading\"><span class=\"ez-toc-section\" id=\"Ciekawostki\"><\/span>Ciekawostki<span class=\"ez-toc-section-end\"><\/span><\/h2>\n\n\n\n<ul class=\"wp-block-list\"><li>kiedy\u015b sta\u0142o tu jeszcze jedno schronisko \u2013 <em>Rudolfsheim<\/em>, niestety opuszczone po II wojnie \u015bwiatowej niszcza\u0142o, do dzi\u015b zosta\u0142y po nim jedynie fundamenty, kt\u00f3re wida\u0107 z granicznego szlaku czerwonego;<\/li><li>w Domu Turysty Pod Biskupi\u0105 Kop\u0105 pod sufitem wisz\u0105 obci\u0119te krawaty \u2013 je\u015bli jaki\u015b turysta-elegant pojawi si\u0119 tu z t\u0105 ozdob\u0105 szyi, mo\u017ce liczy\u0107 na pewn\u0105 jej utrat\u0119;<\/li><li>Piekie\u0142ko i Gwarkowa Per\u0107 to niewielkie, dawne wyrobiska \u0142upku szarego;<\/li><li>do niedawna g\u00f3ry te by\u0142y w ca\u0142o\u015bci zalesione, jednak zaatakowane kornikiem drukarzem \u015bwierki postanowiono wyci\u0105\u0107. Dzi\u015b niemal \u201e\u0142yse\u201d stoki zaczyna na nowo porasta\u0107 las li\u015bciasty.<\/li><\/ul>\n\n\n\n<p><span class=\"has-inline-color has-vivid-cyan-blue-color\">Zobacz te\u017c inne nasze teksty z serii <strong><a href=\"https:\/\/www.skalnik.pl\/blog\/tag\/korona-gor-polski\/\" target=\"_blank\" rel=\"noreferrer noopener\">Korona G\u00f3r Polski<\/a><\/strong>. <\/span><\/p>\n","protected":false},"excerpt":{"rendered":"<p>G\u00f3ry Opawskie s\u0105 niewielkie, ale ciekawe. W\u0119dr\u00f3wka po nich nie jest trudna, a widoki z wie\u017cy na Biskupiej Kopie bywaj\u0105 niezapomniane.<\/p>\n","protected":false},"author":9,"featured_media":19502,"comment_status":"open","ping_status":"open","sticky":false,"template":"","format":"standard","meta":{"_acf_changed":false,"footnotes":""},"categories":[84],"tags":[28,260],"magento_category":[],"magento_product":[],"class_list":["post-19460","post","type-post","status-publish","format-standard","has-post-thumbnail","hentry","category-pasja","tag-gory","tag-korona-gor-polski"],"acf":[],"aioseo_notices":[],"aioseo_head":"\n\t\t<!-- All in One SEO 4.9.10 - aioseo.com -->\n\t<meta name=\"description\" content=\"Biskupia Kopa jest jednym z ni\u017cszych szczyt\u00f3w w Koronie G\u00f3r Polski. Warto przy okazji jej zdobywania przej\u015b\u0107 si\u0119 szlakami uroczych G\u00f3r Opawskich.\" \/>\n\t<meta name=\"robots\" content=\"max-image-preview:large\" \/>\n\t<meta name=\"author\" content=\"Beata Nawrotkiewicz\"\/>\n\t<link rel=\"canonical\" href=\"https:\/\/www.skalnik.pl\/blog\/biskupia-kopa-korona-gor-polski\/\" \/>\n\t<meta name=\"generator\" content=\"All in One SEO (AIOSEO) 4.9.10\" \/>\n\t\t<meta property=\"og:locale\" content=\"pl_PL\" \/>\n\t\t<meta property=\"og:site_name\" content=\"blog Skalnik - Blog, porady, artyku\u0142y - blog Skalnik\" \/>\n\t\t<meta property=\"og:type\" content=\"article\" \/>\n\t\t<meta property=\"og:title\" content=\"Biskupia Kopa \u2013 Korona G\u00f3r Polski - blog Skalnik\" \/>\n\t\t<meta property=\"og:description\" content=\"Biskupia Kopa jest jednym z ni\u017cszych szczyt\u00f3w w Koronie G\u00f3r Polski. Warto przy okazji jej zdobywania przej\u015b\u0107 si\u0119 szlakami uroczych G\u00f3r Opawskich.\" \/>\n\t\t<meta property=\"og:url\" content=\"https:\/\/www.skalnik.pl\/blog\/biskupia-kopa-korona-gor-polski\/\" \/>\n\t\t<meta property=\"og:image\" content=\"https:\/\/www.skalnik.pl\/blog\/wp-content\/uploads\/2022\/02\/zlate-hory.jpg\" \/>\n\t\t<meta property=\"og:image:secure_url\" content=\"https:\/\/www.skalnik.pl\/blog\/wp-content\/uploads\/2022\/02\/zlate-hory.jpg\" \/>\n\t\t<meta property=\"og:image:width\" content=\"1024\" \/>\n\t\t<meta property=\"og:image:height\" content=\"633\" \/>\n\t\t<meta property=\"article:tag\" content=\"pasja\" \/>\n\t\t<meta property=\"article:tag\" content=\"g\u00f3ry\" \/>\n\t\t<meta property=\"article:tag\" content=\"korona g\u00f3r polski\" \/>\n\t\t<meta property=\"article:published_time\" content=\"2022-02-28T06:54:00+00:00\" \/>\n\t\t<meta property=\"article:modified_time\" content=\"2022-03-24T07:00:09+00:00\" \/>\n\t\t<meta name=\"twitter:card\" content=\"summary_large_image\" \/>\n\t\t<meta name=\"twitter:title\" content=\"Biskupia Kopa \u2013 Korona G\u00f3r Polski - blog Skalnik\" \/>\n\t\t<meta name=\"twitter:description\" content=\"Biskupia Kopa jest jednym z ni\u017cszych szczyt\u00f3w w Koronie G\u00f3r Polski. Warto przy okazji jej zdobywania przej\u015b\u0107 si\u0119 szlakami uroczych G\u00f3r Opawskich.\" \/>\n\t\t<meta name=\"twitter:image\" content=\"https:\/\/www.skalnik.pl\/blog\/wp-content\/uploads\/2022\/02\/zlate-hory.jpg\" \/>\n\t\t<script type=\"application\/ld+json\" class=\"aioseo-schema\">\n\t\t\t{\"@context\":\"https:\\\/\\\/schema.org\",\"@graph\":[{\"@type\":\"BlogPosting\",\"@id\":\"https:\\\/\\\/www.skalnik.pl\\\/blog\\\/biskupia-kopa-korona-gor-polski\\\/#blogposting\",\"name\":\"Biskupia Kopa \\u2013 Korona G\\u00f3r Polski - blog Skalnik\",\"headline\":\"Biskupia Kopa &#8211; Korona G\\u00f3r Polski\",\"author\":{\"@id\":\"https:\\\/\\\/www.skalnik.pl\\\/blog\\\/author\\\/beata-nawrotkiewicz\\\/#author\"},\"publisher\":{\"@id\":\"https:\\\/\\\/www.skalnik.pl\\\/blog\\\/#organization\"},\"image\":{\"@type\":\"ImageObject\",\"url\":\"https:\\\/\\\/www.skalnik.pl\\\/blog\\\/wp-content\\\/uploads\\\/2022\\\/02\\\/shelter-gf38f534df_1920.jpg\",\"width\":1920,\"height\":706},\"datePublished\":\"2022-02-28T07:54:00+02:00\",\"dateModified\":\"2022-03-24T08:00:09+02:00\",\"inLanguage\":\"pl-PL\",\"mainEntityOfPage\":{\"@id\":\"https:\\\/\\\/www.skalnik.pl\\\/blog\\\/biskupia-kopa-korona-gor-polski\\\/#webpage\"},\"isPartOf\":{\"@id\":\"https:\\\/\\\/www.skalnik.pl\\\/blog\\\/biskupia-kopa-korona-gor-polski\\\/#webpage\"},\"articleSection\":\"Pasja, g\\u00f3ry, korona g\\u00f3r polski\"},{\"@type\":\"BreadcrumbList\",\"@id\":\"https:\\\/\\\/www.skalnik.pl\\\/blog\\\/biskupia-kopa-korona-gor-polski\\\/#breadcrumblist\",\"itemListElement\":[{\"@type\":\"ListItem\",\"@id\":\"https:\\\/\\\/www.skalnik.pl\\\/blog#listItem\",\"position\":1,\"name\":\"Home\",\"item\":\"https:\\\/\\\/www.skalnik.pl\\\/blog\",\"nextItem\":{\"@type\":\"ListItem\",\"@id\":\"https:\\\/\\\/www.skalnik.pl\\\/blog\\\/.\\\/pasja\\\/#listItem\",\"name\":\"Pasja\"}},{\"@type\":\"ListItem\",\"@id\":\"https:\\\/\\\/www.skalnik.pl\\\/blog\\\/.\\\/pasja\\\/#listItem\",\"position\":2,\"name\":\"Pasja\",\"item\":\"https:\\\/\\\/www.skalnik.pl\\\/blog\\\/.\\\/pasja\\\/\",\"nextItem\":{\"@type\":\"ListItem\",\"@id\":\"https:\\\/\\\/www.skalnik.pl\\\/blog\\\/biskupia-kopa-korona-gor-polski\\\/#listItem\",\"name\":\"Biskupia Kopa &#8211; Korona G\\u00f3r Polski\"},\"previousItem\":{\"@type\":\"ListItem\",\"@id\":\"https:\\\/\\\/www.skalnik.pl\\\/blog#listItem\",\"name\":\"Home\"}},{\"@type\":\"ListItem\",\"@id\":\"https:\\\/\\\/www.skalnik.pl\\\/blog\\\/biskupia-kopa-korona-gor-polski\\\/#listItem\",\"position\":3,\"name\":\"Biskupia Kopa &#8211; Korona G\\u00f3r Polski\",\"previousItem\":{\"@type\":\"ListItem\",\"@id\":\"https:\\\/\\\/www.skalnik.pl\\\/blog\\\/.\\\/pasja\\\/#listItem\",\"name\":\"Pasja\"}}]},{\"@type\":\"Organization\",\"@id\":\"https:\\\/\\\/www.skalnik.pl\\\/blog\\\/#organization\",\"name\":\"blog Skalnik\",\"description\":\"Blog, porady, artyku\\u0142y - blog Skalnik\",\"url\":\"https:\\\/\\\/www.skalnik.pl\\\/blog\\\/\"},{\"@type\":\"Person\",\"@id\":\"https:\\\/\\\/www.skalnik.pl\\\/blog\\\/author\\\/beata-nawrotkiewicz\\\/#author\",\"url\":\"https:\\\/\\\/www.skalnik.pl\\\/blog\\\/author\\\/beata-nawrotkiewicz\\\/\",\"name\":\"Beata Nawrotkiewicz\",\"image\":{\"@type\":\"ImageObject\",\"@id\":\"https:\\\/\\\/www.skalnik.pl\\\/blog\\\/biskupia-kopa-korona-gor-polski\\\/#authorImage\",\"url\":\"https:\\\/\\\/secure.gravatar.com\\\/avatar\\\/53cf81cfcc3a81694535515925ffcf159be725e8bd1fb455eeb9e2cadcaa5684?s=96&d=mm&r=g\",\"width\":96,\"height\":96,\"caption\":\"Beata Nawrotkiewicz\"}},{\"@type\":\"WebPage\",\"@id\":\"https:\\\/\\\/www.skalnik.pl\\\/blog\\\/biskupia-kopa-korona-gor-polski\\\/#webpage\",\"url\":\"https:\\\/\\\/www.skalnik.pl\\\/blog\\\/biskupia-kopa-korona-gor-polski\\\/\",\"name\":\"Biskupia Kopa \\u2013 Korona G\\u00f3r Polski - blog Skalnik\",\"description\":\"Biskupia Kopa jest jednym z ni\\u017cszych szczyt\\u00f3w w Koronie G\\u00f3r Polski. Warto przy okazji jej zdobywania przej\\u015b\\u0107 si\\u0119 szlakami uroczych G\\u00f3r Opawskich.\",\"inLanguage\":\"pl-PL\",\"isPartOf\":{\"@id\":\"https:\\\/\\\/www.skalnik.pl\\\/blog\\\/#website\"},\"breadcrumb\":{\"@id\":\"https:\\\/\\\/www.skalnik.pl\\\/blog\\\/biskupia-kopa-korona-gor-polski\\\/#breadcrumblist\"},\"author\":{\"@id\":\"https:\\\/\\\/www.skalnik.pl\\\/blog\\\/author\\\/beata-nawrotkiewicz\\\/#author\"},\"creator\":{\"@id\":\"https:\\\/\\\/www.skalnik.pl\\\/blog\\\/author\\\/beata-nawrotkiewicz\\\/#author\"},\"image\":{\"@type\":\"ImageObject\",\"url\":\"https:\\\/\\\/www.skalnik.pl\\\/blog\\\/wp-content\\\/uploads\\\/2022\\\/02\\\/shelter-gf38f534df_1920.jpg\",\"@id\":\"https:\\\/\\\/www.skalnik.pl\\\/blog\\\/biskupia-kopa-korona-gor-polski\\\/#mainImage\",\"width\":1920,\"height\":706},\"primaryImageOfPage\":{\"@id\":\"https:\\\/\\\/www.skalnik.pl\\\/blog\\\/biskupia-kopa-korona-gor-polski\\\/#mainImage\"},\"datePublished\":\"2022-02-28T07:54:00+02:00\",\"dateModified\":\"2022-03-24T08:00:09+02:00\"},{\"@type\":\"WebSite\",\"@id\":\"https:\\\/\\\/www.skalnik.pl\\\/blog\\\/#website\",\"url\":\"https:\\\/\\\/www.skalnik.pl\\\/blog\\\/\",\"name\":\"blog Skalnik\",\"description\":\"Blog, porady, artyku\\u0142y - blog Skalnik\",\"inLanguage\":\"pl-PL\",\"publisher\":{\"@id\":\"https:\\\/\\\/www.skalnik.pl\\\/blog\\\/#organization\"}}]}\n\t\t<\/script>\n\t\t<!-- All in One SEO -->\n\n","aioseo_head_json":{"title":"Biskupia Kopa \u2013 Korona G\u00f3r Polski - blog Skalnik","description":"Biskupia Kopa jest jednym z ni\u017cszych szczyt\u00f3w w Koronie G\u00f3r Polski. Warto przy okazji jej zdobywania przej\u015b\u0107 si\u0119 szlakami uroczych G\u00f3r Opawskich.","canonical_url":"https:\/\/www.skalnik.pl\/blog\/biskupia-kopa-korona-gor-polski\/","robots":"max-image-preview:large","keywords":"","webmasterTools":{"miscellaneous":""},"schema":{"@context":"https:\/\/schema.org","@graph":[{"@type":"BlogPosting","@id":"https:\/\/www.skalnik.pl\/blog\/biskupia-kopa-korona-gor-polski\/#blogposting","name":"Biskupia Kopa \u2013 Korona G\u00f3r Polski - blog Skalnik","headline":"Biskupia Kopa &#8211; Korona G\u00f3r Polski","author":{"@id":"https:\/\/www.skalnik.pl\/blog\/author\/beata-nawrotkiewicz\/#author"},"publisher":{"@id":"https:\/\/www.skalnik.pl\/blog\/#organization"},"image":{"@type":"ImageObject","url":"https:\/\/www.skalnik.pl\/blog\/wp-content\/uploads\/2022\/02\/shelter-gf38f534df_1920.jpg","width":1920,"height":706},"datePublished":"2022-02-28T07:54:00+02:00","dateModified":"2022-03-24T08:00:09+02:00","inLanguage":"pl-PL","mainEntityOfPage":{"@id":"https:\/\/www.skalnik.pl\/blog\/biskupia-kopa-korona-gor-polski\/#webpage"},"isPartOf":{"@id":"https:\/\/www.skalnik.pl\/blog\/biskupia-kopa-korona-gor-polski\/#webpage"},"articleSection":"Pasja, g\u00f3ry, korona g\u00f3r polski"},{"@type":"BreadcrumbList","@id":"https:\/\/www.skalnik.pl\/blog\/biskupia-kopa-korona-gor-polski\/#breadcrumblist","itemListElement":[{"@type":"ListItem","@id":"https:\/\/www.skalnik.pl\/blog#listItem","position":1,"name":"Home","item":"https:\/\/www.skalnik.pl\/blog","nextItem":{"@type":"ListItem","@id":"https:\/\/www.skalnik.pl\/blog\/.\/pasja\/#listItem","name":"Pasja"}},{"@type":"ListItem","@id":"https:\/\/www.skalnik.pl\/blog\/.\/pasja\/#listItem","position":2,"name":"Pasja","item":"https:\/\/www.skalnik.pl\/blog\/.\/pasja\/","nextItem":{"@type":"ListItem","@id":"https:\/\/www.skalnik.pl\/blog\/biskupia-kopa-korona-gor-polski\/#listItem","name":"Biskupia Kopa &#8211; Korona G\u00f3r Polski"},"previousItem":{"@type":"ListItem","@id":"https:\/\/www.skalnik.pl\/blog#listItem","name":"Home"}},{"@type":"ListItem","@id":"https:\/\/www.skalnik.pl\/blog\/biskupia-kopa-korona-gor-polski\/#listItem","position":3,"name":"Biskupia Kopa &#8211; Korona G\u00f3r Polski","previousItem":{"@type":"ListItem","@id":"https:\/\/www.skalnik.pl\/blog\/.\/pasja\/#listItem","name":"Pasja"}}]},{"@type":"Organization","@id":"https:\/\/www.skalnik.pl\/blog\/#organization","name":"blog Skalnik","description":"Blog, porady, artyku\u0142y - blog Skalnik","url":"https:\/\/www.skalnik.pl\/blog\/"},{"@type":"Person","@id":"https:\/\/www.skalnik.pl\/blog\/author\/beata-nawrotkiewicz\/#author","url":"https:\/\/www.skalnik.pl\/blog\/author\/beata-nawrotkiewicz\/","name":"Beata Nawrotkiewicz","image":{"@type":"ImageObject","@id":"https:\/\/www.skalnik.pl\/blog\/biskupia-kopa-korona-gor-polski\/#authorImage","url":"https:\/\/secure.gravatar.com\/avatar\/53cf81cfcc3a81694535515925ffcf159be725e8bd1fb455eeb9e2cadcaa5684?s=96&d=mm&r=g","width":96,"height":96,"caption":"Beata Nawrotkiewicz"}},{"@type":"WebPage","@id":"https:\/\/www.skalnik.pl\/blog\/biskupia-kopa-korona-gor-polski\/#webpage","url":"https:\/\/www.skalnik.pl\/blog\/biskupia-kopa-korona-gor-polski\/","name":"Biskupia Kopa \u2013 Korona G\u00f3r Polski - blog Skalnik","description":"Biskupia Kopa jest jednym z ni\u017cszych szczyt\u00f3w w Koronie G\u00f3r Polski. Warto przy okazji jej zdobywania przej\u015b\u0107 si\u0119 szlakami uroczych G\u00f3r Opawskich.","inLanguage":"pl-PL","isPartOf":{"@id":"https:\/\/www.skalnik.pl\/blog\/#website"},"breadcrumb":{"@id":"https:\/\/www.skalnik.pl\/blog\/biskupia-kopa-korona-gor-polski\/#breadcrumblist"},"author":{"@id":"https:\/\/www.skalnik.pl\/blog\/author\/beata-nawrotkiewicz\/#author"},"creator":{"@id":"https:\/\/www.skalnik.pl\/blog\/author\/beata-nawrotkiewicz\/#author"},"image":{"@type":"ImageObject","url":"https:\/\/www.skalnik.pl\/blog\/wp-content\/uploads\/2022\/02\/shelter-gf38f534df_1920.jpg","@id":"https:\/\/www.skalnik.pl\/blog\/biskupia-kopa-korona-gor-polski\/#mainImage","width":1920,"height":706},"primaryImageOfPage":{"@id":"https:\/\/www.skalnik.pl\/blog\/biskupia-kopa-korona-gor-polski\/#mainImage"},"datePublished":"2022-02-28T07:54:00+02:00","dateModified":"2022-03-24T08:00:09+02:00"},{"@type":"WebSite","@id":"https:\/\/www.skalnik.pl\/blog\/#website","url":"https:\/\/www.skalnik.pl\/blog\/","name":"blog Skalnik","description":"Blog, porady, artyku\u0142y - blog Skalnik","inLanguage":"pl-PL","publisher":{"@id":"https:\/\/www.skalnik.pl\/blog\/#organization"}}]},"og:locale":"pl_PL","og:site_name":"blog Skalnik - Blog, porady, artyku\u0142y - blog Skalnik","og:type":"article","og:title":"Biskupia Kopa \u2013 Korona G\u00f3r Polski - blog Skalnik","og:description":"Biskupia Kopa jest jednym z ni\u017cszych szczyt\u00f3w w Koronie G\u00f3r Polski. Warto przy okazji jej zdobywania przej\u015b\u0107 si\u0119 szlakami uroczych G\u00f3r Opawskich.","og:url":"https:\/\/www.skalnik.pl\/blog\/biskupia-kopa-korona-gor-polski\/","og:image":"https:\/\/www.skalnik.pl\/blog\/wp-content\/uploads\/2022\/02\/zlate-hory.jpg","og:image:secure_url":"https:\/\/www.skalnik.pl\/blog\/wp-content\/uploads\/2022\/02\/zlate-hory.jpg","og:image:width":1024,"og:image:height":633,"article:tag":["pasja","g\u00f3ry","korona g\u00f3r polski"],"article:published_time":"2022-02-28T06:54:00+00:00","article:modified_time":"2022-03-24T07:00:09+00:00","twitter:card":"summary_large_image","twitter:title":"Biskupia Kopa \u2013 Korona G\u00f3r Polski - blog Skalnik","twitter:description":"Biskupia Kopa jest jednym z ni\u017cszych szczyt\u00f3w w Koronie G\u00f3r Polski. Warto przy okazji jej zdobywania przej\u015b\u0107 si\u0119 szlakami uroczych G\u00f3r Opawskich.","twitter:image":"https:\/\/www.skalnik.pl\/blog\/wp-content\/uploads\/2022\/02\/zlate-hory.jpg"},"aioseo_meta_data":{"post_id":"19460","title":null,"description":"Biskupia Kopa jest jednym z ni\u017cszych szczyt\u00f3w w Koronie G\u00f3r Polski. Warto przy okazji jej zdobywania przej\u015b\u0107 si\u0119 szlakami uroczych G\u00f3r Opawskich.","keywords":"","keyphrases":null,"primary_term":null,"canonical_url":"","og_title":null,"og_description":null,"og_object_type":"default","og_image_type":"default","og_image_url":null,"og_image_width":null,"og_image_height":null,"og_image_custom_url":null,"og_image_custom_fields":null,"og_video":null,"og_custom_url":null,"og_article_section":null,"og_article_tags":null,"twitter_use_og":false,"twitter_card":"default","twitter_image_type":"default","twitter_image_url":null,"twitter_image_custom_url":null,"twitter_image_custom_fields":null,"twitter_title":null,"twitter_description":null,"schema":{"blockGraphs":[],"customGraphs":[],"default":{"data":{"Article":[],"Course":[],"Dataset":[],"FAQPage":[],"Movie":[],"Person":[],"Product":[],"ProductReview":[],"Car":[],"Recipe":[],"Service":[],"SoftwareApplication":[],"WebPage":[]},"graphName":"BlogPosting","isEnabled":true},"graphs":[]},"schema_type":"default","schema_type_options":null,"pillar_content":false,"robots_default":true,"robots_noindex":false,"robots_noarchive":false,"robots_nosnippet":false,"robots_nofollow":false,"robots_noimageindex":false,"robots_noodp":false,"robots_notranslate":false,"robots_max_snippet":null,"robots_max_videopreview":null,"robots_max_imagepreview":"large","priority":null,"frequency":null,"local_seo":null,"breadcrumb_settings":null,"limit_modified_date":false,"ai":null,"created":"2022-08-26 10:45:54","updated":"2026-02-17 22:20:38","seo_analyzer_scan_date":null},"aioseo_breadcrumb":"<div class=\"aioseo-breadcrumbs\"><span class=\"aioseo-breadcrumb\">\n\t\t\t<a href=\"https:\/\/www.skalnik.pl\/blog\" title=\"Home\">Home<\/a>\n\t\t<\/span><span class=\"aioseo-breadcrumb-separator\">&raquo;<\/span><span class=\"aioseo-breadcrumb\">\n\t\t\t<a href=\"https:\/\/www.skalnik.pl\/blog\/.\/pasja\/\" title=\"Pasja\">Pasja<\/a>\n\t\t<\/span><span class=\"aioseo-breadcrumb-separator\">&raquo;<\/span><span class=\"aioseo-breadcrumb\">\n\t\t\tBiskupia Kopa \u2013 Korona G\u00f3r Polski\n\t\t<\/span><\/div>","aioseo_breadcrumb_json":[{"label":"Home","link":"https:\/\/www.skalnik.pl\/blog"},{"label":"Pasja","link":"https:\/\/www.skalnik.pl\/blog\/.\/pasja\/"},{"label":"Biskupia Kopa &#8211; Korona G\u00f3r Polski","link":"https:\/\/www.skalnik.pl\/blog\/biskupia-kopa-korona-gor-polski\/"}],"_links":{"self":[{"href":"https:\/\/www.skalnik.pl\/blog\/wp-json\/wp\/v2\/posts\/19460","targetHints":{"allow":["GET"]}}],"collection":[{"href":"https:\/\/www.skalnik.pl\/blog\/wp-json\/wp\/v2\/posts"}],"about":[{"href":"https:\/\/www.skalnik.pl\/blog\/wp-json\/wp\/v2\/types\/post"}],"author":[{"embeddable":true,"href":"https:\/\/www.skalnik.pl\/blog\/wp-json\/wp\/v2\/users\/9"}],"replies":[{"embeddable":true,"href":"https:\/\/www.skalnik.pl\/blog\/wp-json\/wp\/v2\/comments?post=19460"}],"version-history":[{"count":4,"href":"https:\/\/www.skalnik.pl\/blog\/wp-json\/wp\/v2\/posts\/19460\/revisions"}],"predecessor-version":[{"id":19504,"href":"https:\/\/www.skalnik.pl\/blog\/wp-json\/wp\/v2\/posts\/19460\/revisions\/19504"}],"wp:featuredmedia":[{"embeddable":true,"href":"https:\/\/www.skalnik.pl\/blog\/wp-json\/wp\/v2\/media\/19502"}],"wp:attachment":[{"href":"https:\/\/www.skalnik.pl\/blog\/wp-json\/wp\/v2\/media?parent=19460"}],"wp:term":[{"taxonomy":"category","embeddable":true,"href":"https:\/\/www.skalnik.pl\/blog\/wp-json\/wp\/v2\/categories?post=19460"},{"taxonomy":"post_tag","embeddable":true,"href":"https:\/\/www.skalnik.pl\/blog\/wp-json\/wp\/v2\/tags?post=19460"},{"taxonomy":"magento_category","embeddable":true,"href":"https:\/\/www.skalnik.pl\/blog\/wp-json\/wp\/v2\/magento_category?post=19460"},{"taxonomy":"magento_product","embeddable":true,"href":"https:\/\/www.skalnik.pl\/blog\/wp-json\/wp\/v2\/magento_product?post=19460"}],"curies":[{"name":"wp","href":"https:\/\/api.w.org\/{rel}","templated":true}]}}