{"id":1947,"date":"2018-06-14T10:14:41","date_gmt":"2018-06-14T08:14:41","guid":{"rendered":"https:\/\/skalnik.pl\/blog\/?p=1947"},"modified":"2021-04-23T09:17:56","modified_gmt":"2021-04-23T07:17:56","slug":"sandaly-trekkingowe-poznaj-marke-keen","status":"publish","type":"post","link":"https:\/\/www.skalnik.pl\/blog\/sandaly-trekkingowe-poznaj-marke-keen\/","title":{"rendered":"Sanda\u0142y trekkingowe? Poznaj mark\u0119 Keen"},"content":{"rendered":"<p><b>Na facebooku Skalnika rozgorza\u0142a dyskusja nad tym czy mo\u017cna w og\u00f3le m\u00f3wi\u0107 o sanda\u0142ach trekkingowych. Niekt\u00f3rym nie mie\u015bci\u0142o si\u0119 w g\u0142owie, by po\u0142\u0105czy\u0107 te dwa s\u0142owa: \u201esanda\u0142y\u201d oraz \u201etrekkingowe\u201d w jedn\u0105 ca\u0142o\u015b\u0107, \u017ce to czysty oksymoron, jak ciep\u0142y \u015bnieg lub bia\u0142y w\u0119giel. Inni wprost przeciwnie \u2013 nie widzieli nic z\u0142ego w takim po\u0142\u0105czeniu, szczeg\u00f3lnie, \u017ce p\u00f3\u017ana wiosna w tym roku bardziej przypomina lato. To dobry czas, \u017ceby wyci\u0105gn\u0105\u0107 ze schowk\u00f3w sanda\u0142y trekkingowe i ruszy\u0107 w nich na szlak.<\/b><\/p>\n<div id=\"ez-toc-container\" class=\"ez-toc-v2_0_85 counter-hierarchy ez-toc-counter ez-toc-light-blue ez-toc-container-direction\">\n<div class=\"ez-toc-title-container\">\n<p class=\"ez-toc-title\" style=\"cursor:inherit\">SPIS TRE\u015aCI <\/p>\n<span class=\"ez-toc-title-toggle\"><a href=\"#\" class=\"ez-toc-pull-right ez-toc-btn ez-toc-btn-xs ez-toc-btn-default ez-toc-toggle\" aria-label=\"Prze\u0142\u0105cznik Spisu Tre\u015bci\"><span class=\"ez-toc-js-icon-con\"><span class=\"\"><span class=\"eztoc-hide\" style=\"display:none;\">Toggle<\/span><span class=\"ez-toc-icon-toggle-span\"><svg style=\"fill: #999;color:#999\" xmlns=\"http:\/\/www.w3.org\/2000\/svg\" class=\"list-377408\" width=\"20px\" height=\"20px\" viewBox=\"0 0 24 24\" fill=\"none\"><path d=\"M6 6H4v2h2V6zm14 0H8v2h12V6zM4 11h2v2H4v-2zm16 0H8v2h12v-2zM4 16h2v2H4v-2zm16 0H8v2h12v-2z\" fill=\"currentColor\"><\/path><\/svg><svg style=\"fill: #999;color:#999\" class=\"arrow-unsorted-368013\" xmlns=\"http:\/\/www.w3.org\/2000\/svg\" width=\"10px\" height=\"10px\" viewBox=\"0 0 24 24\" version=\"1.2\" baseProfile=\"tiny\"><path d=\"M18.2 9.3l-6.2-6.3-6.2 6.3c-.2.2-.3.4-.3.7s.1.5.3.7c.2.2.4.3.7.3h11c.3 0 .5-.1.7-.3.2-.2.3-.5.3-.7s-.1-.5-.3-.7zM5.8 14.7l6.2 6.3 6.2-6.3c.2-.2.3-.5.3-.7s-.1-.5-.3-.7c-.2-.2-.4-.3-.7-.3h-11c-.3 0-.5.1-.7.3-.2.2-.3.5-.3.7s.1.5.3.7z\"\/><\/svg><\/span><\/span><\/span><\/a><\/span><\/div>\n<nav><ul class='ez-toc-list ez-toc-list-level-1 ' ><li class='ez-toc-page-1 ez-toc-heading-level-2'><a class=\"ez-toc-link ez-toc-heading-1\" href=\"https:\/\/www.skalnik.pl\/blog\/sandaly-trekkingowe-poznaj-marke-keen\/#W_sandalach_Keen_na_szlaku\" >W sanda\u0142ach Keen na szlaku<\/a><\/li><li class='ez-toc-page-1 ez-toc-heading-level-2'><a class=\"ez-toc-link ez-toc-heading-2\" href=\"https:\/\/www.skalnik.pl\/blog\/sandaly-trekkingowe-poznaj-marke-keen\/#Skad_sie_wziely_sandaly_Keen\" >Sk\u0105d si\u0119 wzi\u0119\u0142y sanda\u0142y Keen<\/a><\/li><li class='ez-toc-page-1 ez-toc-heading-level-2'><a class=\"ez-toc-link ez-toc-heading-3\" href=\"https:\/\/www.skalnik.pl\/blog\/sandaly-trekkingowe-poznaj-marke-keen\/#Budowa_sandalow_Keen\" >Budowa sanda\u0142\u00f3w Keen<\/a><\/li><li class='ez-toc-page-1 ez-toc-heading-level-2'><a class=\"ez-toc-link ez-toc-heading-4\" href=\"https:\/\/www.skalnik.pl\/blog\/sandaly-trekkingowe-poznaj-marke-keen\/#Do_wody_w_gory_na_miejski_spacer\" >Do wody, w g\u00f3ry, na miejski spacer<\/a><\/li><li class='ez-toc-page-1 ez-toc-heading-level-2'><a class=\"ez-toc-link ez-toc-heading-5\" href=\"https:\/\/www.skalnik.pl\/blog\/sandaly-trekkingowe-poznaj-marke-keen\/#Sandaly_Keen_dla_calej_rodziny\" >Sanda\u0142y Keen dla ca\u0142ej rodziny<\/a><\/li><li class='ez-toc-page-1 ez-toc-heading-level-2'><a class=\"ez-toc-link ez-toc-heading-6\" href=\"https:\/\/www.skalnik.pl\/blog\/sandaly-trekkingowe-poznaj-marke-keen\/#Ponadczasowy_design\" >Ponadczasowy design<\/a><\/li><li class='ez-toc-page-1 ez-toc-heading-level-2'><a class=\"ez-toc-link ez-toc-heading-7\" href=\"https:\/\/www.skalnik.pl\/blog\/sandaly-trekkingowe-poznaj-marke-keen\/#Urodziny_Keen_Newport\" >Urodziny Keen Newport<\/a><\/li><\/ul><\/nav><\/div>\n<h2><span class=\"ez-toc-section\" id=\"W_sandalach_Keen_na_szlaku\"><\/span>W sanda\u0142ach Keen na szlaku<span class=\"ez-toc-section-end\"><\/span><\/h2>\n<p>Oczywi\u015bcie w sanda\u0142ach odpada wyprawa na Orl\u0105 Per\u0107 czy w og\u00f3le na tatrza\u0144skie, karkonoskie lub beskidzkie szczyty. Sprawdz\u0105 si\u0119 za to na \u015bcie\u017ckach prowadz\u0105cych dolinami lub po niewielkich wzniesieniach. Sama od lat mam sanda\u0142y Keen i kiedy tylko mog\u0119, chodz\u0119 w nich po ni\u017cszych g\u00f3rach i \u0142atwych szlakach. Wybieram je, bo s\u0105 zdecydowanie l\u017cejsze ni\u017c buty trekkingowe, zapewniaj\u0105 sta\u0142y dop\u0142yw powietrza, wi\u0119c stopa jest wentylowana. Jednocze\u015bnie ich podeszwa dobrze radzi sobie na skalnym pod\u0142o\u017cu. Moje sanda\u0142y Keen, kt\u00f3rych nazwa modelu umkn\u0119\u0142a gdzie\u015b przez wszystkie lata, u\u0142atwiaj\u0105 te\u017c przekraczanie strumieni. Nawet nie zatrzymuj\u0119 si\u0119, tylko dziarsko maszeruj\u0119 brodz\u0105c w wodzie. W upalne dni moje stopy s\u0105 mi za to niezmiernie wdzi\u0119czne, a kontakt z wod\u0105 nie wp\u0142ywa na trwa\u0142o\u015b\u0107 materia\u0142u, ani samych sanda\u0142\u00f3w. Do tego dochodzi jeden szczeg\u00f3\u0142, kt\u00f3ry sprawia, \u017ce sanda\u0142y Keen s\u0105 cz\u0119sto wybierane, to opatentowana ochrona palc\u00f3w st\u00f3p. To ona zapocz\u0105tkowa\u0142a histori\u0119 Keen&#8230;<\/p>\n<h2><span class=\"ez-toc-section\" id=\"Skad_sie_wziely_sandaly_Keen\"><\/span>Sk\u0105d si\u0119 wzi\u0119\u0142y sanda\u0142y Keen<span class=\"ez-toc-section-end\"><\/span><\/h2>\n<p>Wszystko zacz\u0119\u0142o si\u0119 w ciep\u0142ej Kalifornii 15 lat temu od modelu Newport, kt\u00f3ry by\u0142 tak szokuj\u0105co inny od dost\u0119pnych na rynku sanda\u0142\u00f3w, \u017ce od razu przyku\u0142 uwag\u0119 entuzjast\u00f3w outdooru. My\u015bl, jaka przy\u015bwieca\u0142a projektantom, to stworzenie sanda\u0142\u00f3w, kt\u00f3re ochroni\u0105 palce przed uszkodzeniami na pok\u0142adzie \u017cagl\u00f3wki. Przy okazji podeszwa nie mog\u0142a zostawia\u0107 \u015blad\u00f3w na pok\u0142adach. Musia\u0142y by\u0107 tak\u017ce \u2013 jak ka\u017cde <a href=\"https:\/\/skalnik.pl\/buty\/buty-damskie\/buty-damskie-sandaly-sportowe\">sanda\u0142y sportowe<\/a> \u2013 lekkie, wygodne, dobrze wentylowane i odporne na wod\u0119. Rozwi\u0105zaniem, kt\u00f3re zrewolucjonizowa\u0142o kszta\u0142t sanda\u0142\u00f3w turystycznych, okaza\u0142a si\u0119 \u201ezawini\u0119ta\u201d przednia podeszwa. To ona mia\u0142a za zadanie dobrze chroni\u0107 palce przed urazami. Przypomina\u0142a (i nadal przypomina) w tym wzmocnienia spotykane w butach trekkingowych. Sam producent m\u00f3wi, \u017ce sanda\u0142y Keen to buty hybrydowe i ma w tym sporo racji. \u0141\u0105cz\u0105c po\u017c\u0105dane cechy sanda\u0142\u00f3w i but\u00f3w trekkingowych powsta\u0142y buty, kt\u00f3re sprawdz\u0105 si\u0119 w bardzo r\u00f3\u017cnych miejscach.<\/p>\n<p><img loading=\"lazy\" decoding=\"async\" class=\"aligncenter wp-image-1950 size-large\" src=\"https:\/\/skalnik.pl\/blog\/wp-content\/uploads\/2018\/06\/keen-lodki-1024x683.jpg\" alt=\"\" width=\"1024\" height=\"683\" srcset=\"https:\/\/www.skalnik.pl\/blog\/wp-content\/uploads\/2018\/06\/keen-lodki-1024x683.jpg 1024w, https:\/\/www.skalnik.pl\/blog\/wp-content\/uploads\/2018\/06\/keen-lodki-300x200.jpg 300w, https:\/\/www.skalnik.pl\/blog\/wp-content\/uploads\/2018\/06\/keen-lodki-768x512.jpg 768w, https:\/\/www.skalnik.pl\/blog\/wp-content\/uploads\/2018\/06\/keen-lodki.jpg 2048w\" sizes=\"auto, (max-width: 1024px) 100vw, 1024px\" \/><\/p>\n<h2><span class=\"ez-toc-section\" id=\"Budowa_sandalow_Keen\"><\/span>Budowa sanda\u0142\u00f3w Keen<span class=\"ez-toc-section-end\"><\/span><\/h2>\n<p>Opatentowany system ochrony palc\u00f3w jest wyr\u00f3\u017cnikiem sanda\u0142\u00f3w Keen, chocia\u017c chyba raczej powinnam u\u017cy\u0107 tutaj formy \u201eby\u0142 wyr\u00f3\u017cnikiem\u201d. Wielu producent\u00f3w, po wielkim mi\u0119dzynarodowym sukcesie sanda\u0142\u00f3w Keen, tak\u017ce zacz\u0119\u0142o stosowa\u0107 tego typu budow\u0119. Warto pami\u0119ta\u0107, \u017ce to w\u0142a\u015bnie projektanci firmy Keen stoj\u0105 za tym jak\u017ce prostym, a jednocze\u015bnie bardzo skutecznym rozwi\u0105zaniem.<\/p>\n<p>Jednak sama ochrona palc\u00f3w to nie wszystko. Sanda\u0142y Keen tworz\u0105 sp\u00f3jn\u0105, bardzo dobrze zaprojektowan\u0105 ca\u0142o\u015b\u0107. Dlatego s\u0105 wybierane przez miliony os\u00f3b na ca\u0142ym \u015bwiecie. Podeszwa jest przyczepna i daje dobr\u0105 stabilno\u015b\u0107 w r\u00f3\u017cnym terenie. Ponadto wiele modeli (w tym np. kolejna ods\u0142ona sanda\u0142\u00f3w Newport) ma anatomicznie formowan\u0105 \u015br\u00f3dpodeszw\u0119 wykonana z pianki EVA o w\u0142a\u015bciwo\u015bciach amortyzuj\u0105cych. To dzi\u0119ki niej stopy podczas pokonywania \u015bcie\u017cek i dr\u00f3g, nie m\u0119cz\u0105 si\u0119 i przyjmuj\u0105 na siebie o wiele mniejsze si\u0142y.<\/p>\n<p><img loading=\"lazy\" decoding=\"async\" class=\"aligncenter wp-image-1953 size-large\" src=\"https:\/\/skalnik.pl\/blog\/wp-content\/uploads\/2018\/06\/keen-ziemia-1024x683.jpg\" alt=\"\" width=\"1024\" height=\"683\" srcset=\"https:\/\/www.skalnik.pl\/blog\/wp-content\/uploads\/2018\/06\/keen-ziemia-1024x683.jpg 1024w, https:\/\/www.skalnik.pl\/blog\/wp-content\/uploads\/2018\/06\/keen-ziemia-300x200.jpg 300w, https:\/\/www.skalnik.pl\/blog\/wp-content\/uploads\/2018\/06\/keen-ziemia-768x512.jpg 768w, https:\/\/www.skalnik.pl\/blog\/wp-content\/uploads\/2018\/06\/keen-ziemia.jpg 2048w\" sizes=\"auto, (max-width: 1024px) 100vw, 1024px\" \/><\/p>\n<p>Zewn\u0119trzn\u0105 cholewk\u0119 mog\u0105 pokrywa\u0107 od zewn\u0105trz sk\u00f3ra, materia\u0142, kt\u00f3ry powsta\u0142 ze zrecyklingowanych butelek PET lub inne materia\u0142y wolne od szkodliwych substancji (takich jak np. PFC). Cz\u0119sto s\u0105 to materia\u0142y odporne na zamoczenie. Od wewn\u0105trz sanda\u0142y Keen maj\u0105 mi\u0119kk\u0105 wy\u015bci\u00f3\u0142k\u0119. To ona sprawia, \u017ce nawet wielogodzinne spacery s\u0105 bardzo komfortowe. Wy\u015bci\u00f3\u0142ka ta ma jeszcze dwie \u015bwietne cechy. Po pierwsze bardzo szybko schnie. Nie musisz si\u0119 zatem martwi\u0107, gdy Twoje sanda\u0142y zmoczy przelotny deszcz lub napotkasz strumie\u0144. \u015amia\u0142o w\u0119druj dalej. Drug\u0105 jest materia\u0142 Aegis\u2122 Microbe Shield, kt\u00f3ry zapobiega powstawaniu przykrych zapach\u00f3w.<\/p>\n<p>Ostatni\u0105, ale nie najmniej istotn\u0105 cech\u0105, jest jeszcze system sznurowania. Dzi\u0119ki gumce ze stoperem, kt\u00f3r\u0105 umiejscowiono na \u015brodku cholewki, regulacja obwodu sanda\u0142\u00f3w zajmuje kilka sekund. Czasem warto \u015bci\u0105gn\u0105\u0107 j\u0105 bardziej na jakim\u015b trudniejszym odcinku szlaku, by buty dobrze przylega\u0142y do stopy, innym razem wygodniej chodzi\u0107 w poluzowanych. Stoper \u015bciskasz palcami, przesuwasz i gotowe &#8211; to dziecinnie proste!<\/p>\n<h2><span class=\"ez-toc-section\" id=\"Do_wody_w_gory_na_miejski_spacer\"><\/span>Do wody, w g\u00f3ry, na miejski spacer<span class=\"ez-toc-section-end\"><\/span><\/h2>\n<p>Przez 15 lat sporo si\u0119 zmieni\u0142o. Kultowy model Newport doczeka\u0142 wielu nowych wersji, kt\u00f3re sprawdzaj\u0105 si\u0119 podczas r\u00f3\u017cnego rodzaju aktywno\u015bci. Wybierasz si\u0119 na sp\u0142yw kajakowy lub rafting \u2013 sanda\u0142y Newport Hydro b\u0119d\u0105 idealne, bo materia\u0142 cholewki zosta\u0142 zabezpieczony przed wod\u0105, a gdy totalnie zmoknie, szybko wyschnie. Do s\u0142onej wody, czyli na rejs lub wyjazd nad morze lepsze b\u0119d\u0105 sanda\u0142y Newport Eco, poniewa\u017c cholewka zrobiona jest z materia\u0142u odpornego na s\u00f3l. Tak jak w pierwszych modelach, podeszwy sanda\u0142\u00f3w Keen nadal zrobione s\u0105 z gumy, kt\u00f3ra nie pozostawia \u015blad\u00f3w. Sprawdzi\u0142am w praktyce \u2013 chocia\u017c pok\u0142ad\u00f3w wszelkich jednostek p\u0142ywaj\u0105cych staram si\u0119 unika\u0107 \u2013 rzeczywi\u015bcie \u015blad\u00f3w \u017cadnych nie by\u0142o.<\/p>\n<p>Wr\u00f3c\u0119 na chwil\u0119 do tezy z pocz\u0105tku tego tekstu \u2013 tej o <a href=\"https:\/\/skalnik.pl\/buty\/buty-meskie\/buty-meskie-sandaly-sportowe\">sanda\u0142ach trekkingowych<\/a>. Hybrydowa budowa sanda\u0142\u00f3w Keen to najlepszy dow\u00f3d na to, \u017ce na letnie w\u0119dr\u00f3wki po szlakach nadaj\u0105 si\u0119 znakomicie. Szczeg\u00f3lnie model Newport H2, kt\u00f3rego podeszwa dobrze podtrzymuje stop\u0119 w bardzo r\u00f3\u017cnorodnym terenie, a ochrona palc\u00f3w dzia\u0142a niezawodnie. Wszelkie ucieczki od cywilizacji udaj\u0105 si\u0119 w nich znakomicie.<\/p>\n<p>Jednak sanda\u0142y Keen r\u00f3wnie dobrze sprawdzaj\u0105 si\u0119 podczas zwyk\u0142ych turystycznych wypad\u00f3w. Jedziesz w listopadzie do Egiptu, Maroka czy na po\u0142udnie Europy \u2013 ile par but\u00f3w zabierasz? Ja, bior\u0119 tylko jedn\u0105 \u2013 sanda\u0142y Keen. Nie przejmuj\u0105c si\u0119 za bardzo sterotypami, w naszym kraju zak\u0142adam dodatkowo skarpetki. Za to jeszcze przed opuszczeniem samolotu mog\u0119 szybko da\u0107 moim stopom odetchn\u0105\u0107.<\/p>\n<p>Cholewka w modelu Newport Hemp wykonana jest z naturalnego lnu \u2013 dzi\u0119ki temu sanda\u0142y \u015bwietnie wygl\u0105daj\u0105 do ka\u017cdego stroju a ponadto s\u0105 jeszcze bardziej komfortowe. \u015awietnie nadaj\u0105 si\u0119, by spacerowa\u0107 w nich po brukowanych uliczek star\u00f3wek, przechadza\u0107 si\u0119 po \u0142\u0105ce czy podr\u00f3\u017cowa\u0107 rowerem.<\/p>\n<p><img loading=\"lazy\" decoding=\"async\" class=\"aligncenter wp-image-1949 size-large\" src=\"https:\/\/skalnik.pl\/blog\/wp-content\/uploads\/2018\/06\/keen-sukienka2-1024x683.jpg\" alt=\"\" width=\"1024\" height=\"683\" srcset=\"https:\/\/www.skalnik.pl\/blog\/wp-content\/uploads\/2018\/06\/keen-sukienka2-1024x683.jpg 1024w, https:\/\/www.skalnik.pl\/blog\/wp-content\/uploads\/2018\/06\/keen-sukienka2-300x200.jpg 300w, https:\/\/www.skalnik.pl\/blog\/wp-content\/uploads\/2018\/06\/keen-sukienka2-768x512.jpg 768w, https:\/\/www.skalnik.pl\/blog\/wp-content\/uploads\/2018\/06\/keen-sukienka2.jpg 2048w\" sizes=\"auto, (max-width: 1024px) 100vw, 1024px\" \/><\/p>\n<h2><span class=\"ez-toc-section\" id=\"Sandaly_Keen_dla_calej_rodziny\"><\/span>Sanda\u0142y Keen dla ca\u0142ej rodziny<span class=\"ez-toc-section-end\"><\/span><\/h2>\n<p>Na pierwszy rzut oka klasyczne sanda\u0142y Keen wydaj\u0105 si\u0119 uniseksowe. To jednak tylko pozory. Stworzono bowiem oddzielne modele dla kobiet, m\u0119\u017cczyzn i dzieci. W modelach dla najm\u0142odszych cz\u0119sto pi\u0119ta jest zakryta, by dodatkowo chroni\u0107 t\u0119 cz\u0119\u015b\u0107 stopy. Ponadto w wiele juniorskich sanda\u0142\u00f3w ma te\u017c rzep, kt\u00f3ry u\u0142atwia maluchom samodzielne zak\u0142adanie i zdejmowanie but\u00f3w. Modele damskie i m\u0119skie s\u0105 do siebie bardziej podobne. Odr\u00f3\u017cnia je przede wszystkim kolorystyka oraz rozmiar\u00f3wka.<\/p>\n<p><img loading=\"lazy\" decoding=\"async\" class=\"aligncenter wp-image-1951 size-large\" src=\"https:\/\/skalnik.pl\/blog\/wp-content\/uploads\/2018\/06\/keen-dzieci-1024x683.jpg\" alt=\"\" width=\"1024\" height=\"683\" srcset=\"https:\/\/www.skalnik.pl\/blog\/wp-content\/uploads\/2018\/06\/keen-dzieci-1024x683.jpg 1024w, https:\/\/www.skalnik.pl\/blog\/wp-content\/uploads\/2018\/06\/keen-dzieci-300x200.jpg 300w, https:\/\/www.skalnik.pl\/blog\/wp-content\/uploads\/2018\/06\/keen-dzieci-768x512.jpg 768w, https:\/\/www.skalnik.pl\/blog\/wp-content\/uploads\/2018\/06\/keen-dzieci.jpg 2048w\" sizes=\"auto, (max-width: 1024px) 100vw, 1024px\" \/><\/p>\n<h2><span class=\"ez-toc-section\" id=\"Ponadczasowy_design\"><\/span>Ponadczasowy design<span class=\"ez-toc-section-end\"><\/span><\/h2>\n<p>Sanda\u0142y Keen s\u0105 ponadczasowe. Przez lata ulepszano materia\u0142y zar\u00f3wno podeszwy, jak i cholewki, wprowadzano delikatne modyfikacje kszta\u0142tu. Jednak sanda\u0142y Newport sprzed 15 lat mog\u0105 \u015bmia\u0142o stan\u0105\u0107 obok modeli tegorocznych i r\u00f3\u017cnica mi\u0119dzy nimi nie b\u0119dzie drastyczna. Szczeg\u00f3lnie, je\u015bli w\u0142a\u015bciciel sanda\u0142\u00f3w z 2003 r. o nie dba\u0142. Na szcz\u0119\u015bcie utrzymanie w czysto\u015bci sanda\u0142\u00f3w Keen jest bardzo \u0142atwe. Wi\u0119kszo\u015b\u0107 modeli mo\u017cna wypra\u0107 w pralce lub umy\u0107 delikatnymi detergentami.<\/p>\n<p>Ciekawa jestem czy nowa kolekcja sanda\u0142\u00f3w Keen dor\u00f3wna legendzie. Najnowszy pomys\u0142 projektant\u00f3w Keen to sanda\u0142o-mokasyny Uneek, kt\u00f3rych cholewka niemal w ca\u0142o\u015bci powsta\u0142a z zaplecionych dw\u00f3ch sznurk\u00f3w.<\/p>\n<h2><span class=\"ez-toc-section\" id=\"Urodziny_Keen_Newport\"><\/span>Urodziny Keen Newport<span class=\"ez-toc-section-end\"><\/span><\/h2>\n<p>Z okazji 15. urodzin modelu Newport <a href=\"https:\/\/skalnik.pl\/keen\">Keen<\/a> zaprasza do wsp\u00f3lnej zabawy. Na instagramie pod hasztagiem #KeenNewport mo\u017cesz znale\u017a\u0107 entuzjast\u00f3w tego modelu z ca\u0142ego \u015bwiata. Oznacz swoje sanda\u0142y Newport i podziel si\u0119 fotkami ze wsp\u00f3lnych wypraw \u2013 ty i sanda\u0142y Keen Newport.<\/p>\n<p>Latem, gdy tylko jest ciep\u0142o i s\u0142onecznie, co weekend ruszam na szlak, a ze mn\u0105 moje ulubione sanda\u0142y trekKEENgowe.<\/p>\n<p><iframe loading=\"lazy\" src=\"https:\/\/www.youtube.com\/embed\/kw9TO3H_MXg\" allowfullscreen=\"allowfullscreen\" width=\"880\" height=\"442\" frameborder=\"0\"><\/iframe><\/p>\n","protected":false},"excerpt":{"rendered":"<p>Na facebooku Skalnika rozgorza\u0142a dyskusja nad tym czy mo\u017cna w og\u00f3le m\u00f3wi\u0107 o sanda\u0142ach trekkingowych. Niekt\u00f3rym nie mie\u015bci\u0142o si\u0119 w g\u0142owie, by po\u0142\u0105czy\u0107 te dwa s\u0142owa: \u201esanda\u0142y\u201d oraz \u201etrekkingowe\u201d w jedn\u0105 ca\u0142o\u015b\u0107, \u017ce to czysty oksymoron, jak ciep\u0142y \u015bnieg lub bia\u0142y w\u0119giel. Inni wprost przeciwnie \u2013 nie widzieli nic z\u0142ego w takim po\u0142\u0105czeniu, szczeg\u00f3lnie, \u017ce [&hellip;]<\/p>\n","protected":false},"author":9,"featured_media":1963,"comment_status":"open","ping_status":"open","sticky":false,"template":"","format":"standard","meta":{"_acf_changed":false,"footnotes":""},"categories":[5,3],"tags":[146,107],"magento_category":[65],"magento_product":[],"class_list":["post-1947","post","type-post","status-publish","format-standard","has-post-thumbnail","hentry","category-branza","category-porady","tag-keen","tag-lato"],"acf":[],"aioseo_notices":[],"aioseo_head":"\n\t\t<!-- All in One SEO 4.9.10 - aioseo.com -->\n\t<meta name=\"description\" content=\"Na facebooku Skalnika rozgorza\u0142a dyskusja nad tym czy mo\u017cna w og\u00f3le m\u00f3wi\u0107 o sanda\u0142ach trekkingowych. Niekt\u00f3rym nie mie\u015bci\u0142o si\u0119 w g\u0142owie, by po\u0142\u0105czy\u0107 te dwa s\u0142owa: \u201esanda\u0142y\u201d oraz \u201etrekkingowe\u201d w jedn\u0105 ca\u0142o\u015b\u0107, \u017ce to czysty oksymoron, jak ciep\u0142y \u015bnieg lub bia\u0142y w\u0119giel. Inni wprost przeciwnie \u2013 nie widzieli nic z\u0142ego w takim po\u0142\u0105czeniu, szczeg\u00f3lnie, \u017ce\" \/>\n\t<meta name=\"robots\" content=\"max-image-preview:large\" \/>\n\t<meta name=\"author\" content=\"Beata Nawrotkiewicz\"\/>\n\t<link rel=\"canonical\" href=\"https:\/\/www.skalnik.pl\/blog\/sandaly-trekkingowe-poznaj-marke-keen\/\" \/>\n\t<meta name=\"generator\" content=\"All in One SEO (AIOSEO) 4.9.10\" \/>\n\t\t<meta property=\"og:locale\" content=\"pl_PL\" \/>\n\t\t<meta property=\"og:site_name\" content=\"blog Skalnik - Blog, porady, artyku\u0142y - blog Skalnik\" \/>\n\t\t<meta property=\"og:type\" content=\"article\" \/>\n\t\t<meta property=\"og:title\" content=\"Sanda\u0142y trekkingowe? Poznaj mark\u0119 Keen - blog Skalnik\" \/>\n\t\t<meta property=\"og:description\" content=\"Na facebooku Skalnika rozgorza\u0142a dyskusja nad tym czy mo\u017cna w og\u00f3le m\u00f3wi\u0107 o sanda\u0142ach trekkingowych. Niekt\u00f3rym nie mie\u015bci\u0142o si\u0119 w g\u0142owie, by po\u0142\u0105czy\u0107 te dwa s\u0142owa: \u201esanda\u0142y\u201d oraz \u201etrekkingowe\u201d w jedn\u0105 ca\u0142o\u015b\u0107, \u017ce to czysty oksymoron, jak ciep\u0142y \u015bnieg lub bia\u0142y w\u0119giel. Inni wprost przeciwnie \u2013 nie widzieli nic z\u0142ego w takim po\u0142\u0105czeniu, szczeg\u00f3lnie, \u017ce\" \/>\n\t\t<meta property=\"og:url\" content=\"https:\/\/www.skalnik.pl\/blog\/sandaly-trekkingowe-poznaj-marke-keen\/\" \/>\n\t\t<meta property=\"og:image\" content=\"https:\/\/skalnik.pl\/blog\/wp-content\/uploads\/2018\/06\/keen-lodki-1024x683.jpg\" \/>\n\t\t<meta property=\"og:image:secure_url\" content=\"https:\/\/skalnik.pl\/blog\/wp-content\/uploads\/2018\/06\/keen-lodki-1024x683.jpg\" \/>\n\t\t<meta property=\"article:tag\" content=\"bran\u017ca\" \/>\n\t\t<meta property=\"article:tag\" content=\"porady\" \/>\n\t\t<meta property=\"article:tag\" content=\"keen\" \/>\n\t\t<meta property=\"article:tag\" content=\"lato\" \/>\n\t\t<meta property=\"article:published_time\" content=\"2018-06-14T08:14:41+00:00\" \/>\n\t\t<meta property=\"article:modified_time\" content=\"2021-04-23T07:17:56+00:00\" \/>\n\t\t<meta name=\"twitter:card\" content=\"summary_large_image\" \/>\n\t\t<meta name=\"twitter:title\" content=\"Sanda\u0142y trekkingowe? Poznaj mark\u0119 Keen - blog Skalnik\" \/>\n\t\t<meta name=\"twitter:description\" content=\"Na facebooku Skalnika rozgorza\u0142a dyskusja nad tym czy mo\u017cna w og\u00f3le m\u00f3wi\u0107 o sanda\u0142ach trekkingowych. Niekt\u00f3rym nie mie\u015bci\u0142o si\u0119 w g\u0142owie, by po\u0142\u0105czy\u0107 te dwa s\u0142owa: \u201esanda\u0142y\u201d oraz \u201etrekkingowe\u201d w jedn\u0105 ca\u0142o\u015b\u0107, \u017ce to czysty oksymoron, jak ciep\u0142y \u015bnieg lub bia\u0142y w\u0119giel. Inni wprost przeciwnie \u2013 nie widzieli nic z\u0142ego w takim po\u0142\u0105czeniu, szczeg\u00f3lnie, \u017ce\" \/>\n\t\t<meta name=\"twitter:image\" content=\"https:\/\/skalnik.pl\/blog\/wp-content\/uploads\/2018\/06\/keen-lodki-1024x683.jpg\" \/>\n\t\t<script type=\"application\/ld+json\" class=\"aioseo-schema\">\n\t\t\t{\"@context\":\"https:\\\/\\\/schema.org\",\"@graph\":[{\"@type\":\"BlogPosting\",\"@id\":\"https:\\\/\\\/www.skalnik.pl\\\/blog\\\/sandaly-trekkingowe-poznaj-marke-keen\\\/#blogposting\",\"name\":\"Sanda\\u0142y trekkingowe? Poznaj mark\\u0119 Keen - blog Skalnik\",\"headline\":\"Sanda\\u0142y trekkingowe? Poznaj mark\\u0119 Keen\",\"author\":{\"@id\":\"https:\\\/\\\/www.skalnik.pl\\\/blog\\\/author\\\/beata-nawrotkiewicz\\\/#author\"},\"publisher\":{\"@id\":\"https:\\\/\\\/www.skalnik.pl\\\/blog\\\/#organization\"},\"image\":{\"@type\":\"ImageObject\",\"url\":\"https:\\\/\\\/www.skalnik.pl\\\/blog\\\/wp-content\\\/uploads\\\/2018\\\/06\\\/ok\\u0142adka_sanda\\u0142y2.jpg\",\"width\":1920,\"height\":705},\"datePublished\":\"2018-06-14T10:14:41+02:00\",\"dateModified\":\"2021-04-23T09:17:56+02:00\",\"inLanguage\":\"pl-PL\",\"mainEntityOfPage\":{\"@id\":\"https:\\\/\\\/www.skalnik.pl\\\/blog\\\/sandaly-trekkingowe-poznaj-marke-keen\\\/#webpage\"},\"isPartOf\":{\"@id\":\"https:\\\/\\\/www.skalnik.pl\\\/blog\\\/sandaly-trekkingowe-poznaj-marke-keen\\\/#webpage\"},\"articleSection\":\"Bran\\u017ca, Porady, keen, lato, 1146\"},{\"@type\":\"BreadcrumbList\",\"@id\":\"https:\\\/\\\/www.skalnik.pl\\\/blog\\\/sandaly-trekkingowe-poznaj-marke-keen\\\/#breadcrumblist\",\"itemListElement\":[{\"@type\":\"ListItem\",\"@id\":\"https:\\\/\\\/www.skalnik.pl\\\/blog#listItem\",\"position\":1,\"name\":\"Home\",\"item\":\"https:\\\/\\\/www.skalnik.pl\\\/blog\",\"nextItem\":{\"@type\":\"ListItem\",\"@id\":\"https:\\\/\\\/www.skalnik.pl\\\/blog\\\/.\\\/porady\\\/#listItem\",\"name\":\"Porady\"}},{\"@type\":\"ListItem\",\"@id\":\"https:\\\/\\\/www.skalnik.pl\\\/blog\\\/.\\\/porady\\\/#listItem\",\"position\":2,\"name\":\"Porady\",\"item\":\"https:\\\/\\\/www.skalnik.pl\\\/blog\\\/.\\\/porady\\\/\",\"nextItem\":{\"@type\":\"ListItem\",\"@id\":\"https:\\\/\\\/www.skalnik.pl\\\/blog\\\/sandaly-trekkingowe-poznaj-marke-keen\\\/#listItem\",\"name\":\"Sanda\\u0142y trekkingowe? Poznaj mark\\u0119 Keen\"},\"previousItem\":{\"@type\":\"ListItem\",\"@id\":\"https:\\\/\\\/www.skalnik.pl\\\/blog#listItem\",\"name\":\"Home\"}},{\"@type\":\"ListItem\",\"@id\":\"https:\\\/\\\/www.skalnik.pl\\\/blog\\\/sandaly-trekkingowe-poznaj-marke-keen\\\/#listItem\",\"position\":3,\"name\":\"Sanda\\u0142y trekkingowe? Poznaj mark\\u0119 Keen\",\"previousItem\":{\"@type\":\"ListItem\",\"@id\":\"https:\\\/\\\/www.skalnik.pl\\\/blog\\\/.\\\/porady\\\/#listItem\",\"name\":\"Porady\"}}]},{\"@type\":\"Organization\",\"@id\":\"https:\\\/\\\/www.skalnik.pl\\\/blog\\\/#organization\",\"name\":\"blog Skalnik\",\"description\":\"Blog, porady, artyku\\u0142y - blog Skalnik\",\"url\":\"https:\\\/\\\/www.skalnik.pl\\\/blog\\\/\"},{\"@type\":\"Person\",\"@id\":\"https:\\\/\\\/www.skalnik.pl\\\/blog\\\/author\\\/beata-nawrotkiewicz\\\/#author\",\"url\":\"https:\\\/\\\/www.skalnik.pl\\\/blog\\\/author\\\/beata-nawrotkiewicz\\\/\",\"name\":\"Beata Nawrotkiewicz\",\"image\":{\"@type\":\"ImageObject\",\"@id\":\"https:\\\/\\\/www.skalnik.pl\\\/blog\\\/sandaly-trekkingowe-poznaj-marke-keen\\\/#authorImage\",\"url\":\"https:\\\/\\\/secure.gravatar.com\\\/avatar\\\/53cf81cfcc3a81694535515925ffcf159be725e8bd1fb455eeb9e2cadcaa5684?s=96&d=mm&r=g\",\"width\":96,\"height\":96,\"caption\":\"Beata Nawrotkiewicz\"}},{\"@type\":\"WebPage\",\"@id\":\"https:\\\/\\\/www.skalnik.pl\\\/blog\\\/sandaly-trekkingowe-poznaj-marke-keen\\\/#webpage\",\"url\":\"https:\\\/\\\/www.skalnik.pl\\\/blog\\\/sandaly-trekkingowe-poznaj-marke-keen\\\/\",\"name\":\"Sanda\\u0142y trekkingowe? Poznaj mark\\u0119 Keen - blog Skalnik\",\"description\":\"Na facebooku Skalnika rozgorza\\u0142a dyskusja nad tym czy mo\\u017cna w og\\u00f3le m\\u00f3wi\\u0107 o sanda\\u0142ach trekkingowych. Niekt\\u00f3rym nie mie\\u015bci\\u0142o si\\u0119 w g\\u0142owie, by po\\u0142\\u0105czy\\u0107 te dwa s\\u0142owa: \\u201esanda\\u0142y\\u201d oraz \\u201etrekkingowe\\u201d w jedn\\u0105 ca\\u0142o\\u015b\\u0107, \\u017ce to czysty oksymoron, jak ciep\\u0142y \\u015bnieg lub bia\\u0142y w\\u0119giel. Inni wprost przeciwnie \\u2013 nie widzieli nic z\\u0142ego w takim po\\u0142\\u0105czeniu, szczeg\\u00f3lnie, \\u017ce\",\"inLanguage\":\"pl-PL\",\"isPartOf\":{\"@id\":\"https:\\\/\\\/www.skalnik.pl\\\/blog\\\/#website\"},\"breadcrumb\":{\"@id\":\"https:\\\/\\\/www.skalnik.pl\\\/blog\\\/sandaly-trekkingowe-poznaj-marke-keen\\\/#breadcrumblist\"},\"author\":{\"@id\":\"https:\\\/\\\/www.skalnik.pl\\\/blog\\\/author\\\/beata-nawrotkiewicz\\\/#author\"},\"creator\":{\"@id\":\"https:\\\/\\\/www.skalnik.pl\\\/blog\\\/author\\\/beata-nawrotkiewicz\\\/#author\"},\"image\":{\"@type\":\"ImageObject\",\"url\":\"https:\\\/\\\/www.skalnik.pl\\\/blog\\\/wp-content\\\/uploads\\\/2018\\\/06\\\/ok\\u0142adka_sanda\\u0142y2.jpg\",\"@id\":\"https:\\\/\\\/www.skalnik.pl\\\/blog\\\/sandaly-trekkingowe-poznaj-marke-keen\\\/#mainImage\",\"width\":1920,\"height\":705},\"primaryImageOfPage\":{\"@id\":\"https:\\\/\\\/www.skalnik.pl\\\/blog\\\/sandaly-trekkingowe-poznaj-marke-keen\\\/#mainImage\"},\"datePublished\":\"2018-06-14T10:14:41+02:00\",\"dateModified\":\"2021-04-23T09:17:56+02:00\"},{\"@type\":\"WebSite\",\"@id\":\"https:\\\/\\\/www.skalnik.pl\\\/blog\\\/#website\",\"url\":\"https:\\\/\\\/www.skalnik.pl\\\/blog\\\/\",\"name\":\"blog Skalnik\",\"description\":\"Blog, porady, artyku\\u0142y - blog Skalnik\",\"inLanguage\":\"pl-PL\",\"publisher\":{\"@id\":\"https:\\\/\\\/www.skalnik.pl\\\/blog\\\/#organization\"}}]}\n\t\t<\/script>\n\t\t<!-- All in One SEO -->\n\n","aioseo_head_json":{"title":"Sanda\u0142y trekkingowe? Poznaj mark\u0119 Keen - blog Skalnik","description":"Na facebooku Skalnika rozgorza\u0142a dyskusja nad tym czy mo\u017cna w og\u00f3le m\u00f3wi\u0107 o sanda\u0142ach trekkingowych. Niekt\u00f3rym nie mie\u015bci\u0142o si\u0119 w g\u0142owie, by po\u0142\u0105czy\u0107 te dwa s\u0142owa: \u201esanda\u0142y\u201d oraz \u201etrekkingowe\u201d w jedn\u0105 ca\u0142o\u015b\u0107, \u017ce to czysty oksymoron, jak ciep\u0142y \u015bnieg lub bia\u0142y w\u0119giel. Inni wprost przeciwnie \u2013 nie widzieli nic z\u0142ego w takim po\u0142\u0105czeniu, szczeg\u00f3lnie, \u017ce","canonical_url":"https:\/\/www.skalnik.pl\/blog\/sandaly-trekkingowe-poznaj-marke-keen\/","robots":"max-image-preview:large","keywords":"","webmasterTools":{"miscellaneous":""},"schema":{"@context":"https:\/\/schema.org","@graph":[{"@type":"BlogPosting","@id":"https:\/\/www.skalnik.pl\/blog\/sandaly-trekkingowe-poznaj-marke-keen\/#blogposting","name":"Sanda\u0142y trekkingowe? Poznaj mark\u0119 Keen - blog Skalnik","headline":"Sanda\u0142y trekkingowe? Poznaj mark\u0119 Keen","author":{"@id":"https:\/\/www.skalnik.pl\/blog\/author\/beata-nawrotkiewicz\/#author"},"publisher":{"@id":"https:\/\/www.skalnik.pl\/blog\/#organization"},"image":{"@type":"ImageObject","url":"https:\/\/www.skalnik.pl\/blog\/wp-content\/uploads\/2018\/06\/ok\u0142adka_sanda\u0142y2.jpg","width":1920,"height":705},"datePublished":"2018-06-14T10:14:41+02:00","dateModified":"2021-04-23T09:17:56+02:00","inLanguage":"pl-PL","mainEntityOfPage":{"@id":"https:\/\/www.skalnik.pl\/blog\/sandaly-trekkingowe-poznaj-marke-keen\/#webpage"},"isPartOf":{"@id":"https:\/\/www.skalnik.pl\/blog\/sandaly-trekkingowe-poznaj-marke-keen\/#webpage"},"articleSection":"Bran\u017ca, Porady, keen, lato, 1146"},{"@type":"BreadcrumbList","@id":"https:\/\/www.skalnik.pl\/blog\/sandaly-trekkingowe-poznaj-marke-keen\/#breadcrumblist","itemListElement":[{"@type":"ListItem","@id":"https:\/\/www.skalnik.pl\/blog#listItem","position":1,"name":"Home","item":"https:\/\/www.skalnik.pl\/blog","nextItem":{"@type":"ListItem","@id":"https:\/\/www.skalnik.pl\/blog\/.\/porady\/#listItem","name":"Porady"}},{"@type":"ListItem","@id":"https:\/\/www.skalnik.pl\/blog\/.\/porady\/#listItem","position":2,"name":"Porady","item":"https:\/\/www.skalnik.pl\/blog\/.\/porady\/","nextItem":{"@type":"ListItem","@id":"https:\/\/www.skalnik.pl\/blog\/sandaly-trekkingowe-poznaj-marke-keen\/#listItem","name":"Sanda\u0142y trekkingowe? Poznaj mark\u0119 Keen"},"previousItem":{"@type":"ListItem","@id":"https:\/\/www.skalnik.pl\/blog#listItem","name":"Home"}},{"@type":"ListItem","@id":"https:\/\/www.skalnik.pl\/blog\/sandaly-trekkingowe-poznaj-marke-keen\/#listItem","position":3,"name":"Sanda\u0142y trekkingowe? Poznaj mark\u0119 Keen","previousItem":{"@type":"ListItem","@id":"https:\/\/www.skalnik.pl\/blog\/.\/porady\/#listItem","name":"Porady"}}]},{"@type":"Organization","@id":"https:\/\/www.skalnik.pl\/blog\/#organization","name":"blog Skalnik","description":"Blog, porady, artyku\u0142y - blog Skalnik","url":"https:\/\/www.skalnik.pl\/blog\/"},{"@type":"Person","@id":"https:\/\/www.skalnik.pl\/blog\/author\/beata-nawrotkiewicz\/#author","url":"https:\/\/www.skalnik.pl\/blog\/author\/beata-nawrotkiewicz\/","name":"Beata Nawrotkiewicz","image":{"@type":"ImageObject","@id":"https:\/\/www.skalnik.pl\/blog\/sandaly-trekkingowe-poznaj-marke-keen\/#authorImage","url":"https:\/\/secure.gravatar.com\/avatar\/53cf81cfcc3a81694535515925ffcf159be725e8bd1fb455eeb9e2cadcaa5684?s=96&d=mm&r=g","width":96,"height":96,"caption":"Beata Nawrotkiewicz"}},{"@type":"WebPage","@id":"https:\/\/www.skalnik.pl\/blog\/sandaly-trekkingowe-poznaj-marke-keen\/#webpage","url":"https:\/\/www.skalnik.pl\/blog\/sandaly-trekkingowe-poznaj-marke-keen\/","name":"Sanda\u0142y trekkingowe? Poznaj mark\u0119 Keen - blog Skalnik","description":"Na facebooku Skalnika rozgorza\u0142a dyskusja nad tym czy mo\u017cna w og\u00f3le m\u00f3wi\u0107 o sanda\u0142ach trekkingowych. Niekt\u00f3rym nie mie\u015bci\u0142o si\u0119 w g\u0142owie, by po\u0142\u0105czy\u0107 te dwa s\u0142owa: \u201esanda\u0142y\u201d oraz \u201etrekkingowe\u201d w jedn\u0105 ca\u0142o\u015b\u0107, \u017ce to czysty oksymoron, jak ciep\u0142y \u015bnieg lub bia\u0142y w\u0119giel. Inni wprost przeciwnie \u2013 nie widzieli nic z\u0142ego w takim po\u0142\u0105czeniu, szczeg\u00f3lnie, \u017ce","inLanguage":"pl-PL","isPartOf":{"@id":"https:\/\/www.skalnik.pl\/blog\/#website"},"breadcrumb":{"@id":"https:\/\/www.skalnik.pl\/blog\/sandaly-trekkingowe-poznaj-marke-keen\/#breadcrumblist"},"author":{"@id":"https:\/\/www.skalnik.pl\/blog\/author\/beata-nawrotkiewicz\/#author"},"creator":{"@id":"https:\/\/www.skalnik.pl\/blog\/author\/beata-nawrotkiewicz\/#author"},"image":{"@type":"ImageObject","url":"https:\/\/www.skalnik.pl\/blog\/wp-content\/uploads\/2018\/06\/ok\u0142adka_sanda\u0142y2.jpg","@id":"https:\/\/www.skalnik.pl\/blog\/sandaly-trekkingowe-poznaj-marke-keen\/#mainImage","width":1920,"height":705},"primaryImageOfPage":{"@id":"https:\/\/www.skalnik.pl\/blog\/sandaly-trekkingowe-poznaj-marke-keen\/#mainImage"},"datePublished":"2018-06-14T10:14:41+02:00","dateModified":"2021-04-23T09:17:56+02:00"},{"@type":"WebSite","@id":"https:\/\/www.skalnik.pl\/blog\/#website","url":"https:\/\/www.skalnik.pl\/blog\/","name":"blog Skalnik","description":"Blog, porady, artyku\u0142y - blog Skalnik","inLanguage":"pl-PL","publisher":{"@id":"https:\/\/www.skalnik.pl\/blog\/#organization"}}]},"og:locale":"pl_PL","og:site_name":"blog Skalnik - Blog, porady, artyku\u0142y - blog Skalnik","og:type":"article","og:title":"Sanda\u0142y trekkingowe? Poznaj mark\u0119 Keen - blog Skalnik","og:description":"Na facebooku Skalnika rozgorza\u0142a dyskusja nad tym czy mo\u017cna w og\u00f3le m\u00f3wi\u0107 o sanda\u0142ach trekkingowych. Niekt\u00f3rym nie mie\u015bci\u0142o si\u0119 w g\u0142owie, by po\u0142\u0105czy\u0107 te dwa s\u0142owa: \u201esanda\u0142y\u201d oraz \u201etrekkingowe\u201d w jedn\u0105 ca\u0142o\u015b\u0107, \u017ce to czysty oksymoron, jak ciep\u0142y \u015bnieg lub bia\u0142y w\u0119giel. Inni wprost przeciwnie \u2013 nie widzieli nic z\u0142ego w takim po\u0142\u0105czeniu, szczeg\u00f3lnie, \u017ce","og:url":"https:\/\/www.skalnik.pl\/blog\/sandaly-trekkingowe-poznaj-marke-keen\/","og:image":"https:\/\/skalnik.pl\/blog\/wp-content\/uploads\/2018\/06\/keen-lodki-1024x683.jpg","og:image:secure_url":"https:\/\/skalnik.pl\/blog\/wp-content\/uploads\/2018\/06\/keen-lodki-1024x683.jpg","article:tag":["bran\u017ca","porady","keen","lato"],"article:published_time":"2018-06-14T08:14:41+00:00","article:modified_time":"2021-04-23T07:17:56+00:00","twitter:card":"summary_large_image","twitter:title":"Sanda\u0142y trekkingowe? Poznaj mark\u0119 Keen - blog Skalnik","twitter:description":"Na facebooku Skalnika rozgorza\u0142a dyskusja nad tym czy mo\u017cna w og\u00f3le m\u00f3wi\u0107 o sanda\u0142ach trekkingowych. Niekt\u00f3rym nie mie\u015bci\u0142o si\u0119 w g\u0142owie, by po\u0142\u0105czy\u0107 te dwa s\u0142owa: \u201esanda\u0142y\u201d oraz \u201etrekkingowe\u201d w jedn\u0105 ca\u0142o\u015b\u0107, \u017ce to czysty oksymoron, jak ciep\u0142y \u015bnieg lub bia\u0142y w\u0119giel. Inni wprost przeciwnie \u2013 nie widzieli nic z\u0142ego w takim po\u0142\u0105czeniu, szczeg\u00f3lnie, \u017ce","twitter:image":"https:\/\/skalnik.pl\/blog\/wp-content\/uploads\/2018\/06\/keen-lodki-1024x683.jpg"},"aioseo_meta_data":{"post_id":"1947","title":null,"description":"","keywords":[{"label":"sanda\u0142y keen","value":"sanda\u0142y keen"},{"label":"sanda\u0142y trekkingowe","value":"sanda\u0142y trekkingowe"},{"label":"sanda\u0142y turystyczne","value":"sanda\u0142y turystyczne"},{"label":"keen","value":"keen"}],"keyphrases":null,"primary_term":null,"canonical_url":"","og_title":null,"og_description":null,"og_object_type":"default","og_image_type":"default","og_image_url":null,"og_image_width":null,"og_image_height":null,"og_image_custom_url":null,"og_image_custom_fields":null,"og_video":null,"og_custom_url":null,"og_article_section":null,"og_article_tags":null,"twitter_use_og":false,"twitter_card":"default","twitter_image_type":"default","twitter_image_url":null,"twitter_image_custom_url":null,"twitter_image_custom_fields":null,"twitter_title":null,"twitter_description":null,"schema":{"blockGraphs":[],"customGraphs":[],"default":{"data":{"Article":[],"Course":[],"Dataset":[],"FAQPage":[],"Movie":[],"Person":[],"Product":[],"ProductReview":[],"Car":[],"Recipe":[],"Service":[],"SoftwareApplication":[],"WebPage":[]},"graphName":"BlogPosting","isEnabled":true},"graphs":[]},"schema_type":"default","schema_type_options":null,"pillar_content":false,"robots_default":true,"robots_noindex":false,"robots_noarchive":false,"robots_nosnippet":false,"robots_nofollow":false,"robots_noimageindex":false,"robots_noodp":false,"robots_notranslate":false,"robots_max_snippet":null,"robots_max_videopreview":null,"robots_max_imagepreview":"large","priority":null,"frequency":null,"local_seo":null,"breadcrumb_settings":null,"limit_modified_date":false,"ai":null,"created":"2022-08-26 09:51:53","updated":"2026-02-17 21:25:28","seo_analyzer_scan_date":null},"aioseo_breadcrumb":"<div class=\"aioseo-breadcrumbs\"><span class=\"aioseo-breadcrumb\">\n\t\t\t<a href=\"https:\/\/www.skalnik.pl\/blog\" title=\"Home\">Home<\/a>\n\t\t<\/span><span class=\"aioseo-breadcrumb-separator\">&raquo;<\/span><span class=\"aioseo-breadcrumb\">\n\t\t\t<a href=\"https:\/\/www.skalnik.pl\/blog\/.\/porady\/\" title=\"Porady\">Porady<\/a>\n\t\t<\/span><span class=\"aioseo-breadcrumb-separator\">&raquo;<\/span><span class=\"aioseo-breadcrumb\">\n\t\t\tSanda\u0142y trekkingowe? Poznaj mark\u0119 Keen\n\t\t<\/span><\/div>","aioseo_breadcrumb_json":[{"label":"Home","link":"https:\/\/www.skalnik.pl\/blog"},{"label":"Porady","link":"https:\/\/www.skalnik.pl\/blog\/.\/porady\/"},{"label":"Sanda\u0142y trekkingowe? Poznaj mark\u0119 Keen","link":"https:\/\/www.skalnik.pl\/blog\/sandaly-trekkingowe-poznaj-marke-keen\/"}],"_links":{"self":[{"href":"https:\/\/www.skalnik.pl\/blog\/wp-json\/wp\/v2\/posts\/1947","targetHints":{"allow":["GET"]}}],"collection":[{"href":"https:\/\/www.skalnik.pl\/blog\/wp-json\/wp\/v2\/posts"}],"about":[{"href":"https:\/\/www.skalnik.pl\/blog\/wp-json\/wp\/v2\/types\/post"}],"author":[{"embeddable":true,"href":"https:\/\/www.skalnik.pl\/blog\/wp-json\/wp\/v2\/users\/9"}],"replies":[{"embeddable":true,"href":"https:\/\/www.skalnik.pl\/blog\/wp-json\/wp\/v2\/comments?post=1947"}],"version-history":[{"count":9,"href":"https:\/\/www.skalnik.pl\/blog\/wp-json\/wp\/v2\/posts\/1947\/revisions"}],"predecessor-version":[{"id":16552,"href":"https:\/\/www.skalnik.pl\/blog\/wp-json\/wp\/v2\/posts\/1947\/revisions\/16552"}],"wp:featuredmedia":[{"embeddable":true,"href":"https:\/\/www.skalnik.pl\/blog\/wp-json\/wp\/v2\/media\/1963"}],"wp:attachment":[{"href":"https:\/\/www.skalnik.pl\/blog\/wp-json\/wp\/v2\/media?parent=1947"}],"wp:term":[{"taxonomy":"category","embeddable":true,"href":"https:\/\/www.skalnik.pl\/blog\/wp-json\/wp\/v2\/categories?post=1947"},{"taxonomy":"post_tag","embeddable":true,"href":"https:\/\/www.skalnik.pl\/blog\/wp-json\/wp\/v2\/tags?post=1947"},{"taxonomy":"magento_category","embeddable":true,"href":"https:\/\/www.skalnik.pl\/blog\/wp-json\/wp\/v2\/magento_category?post=1947"},{"taxonomy":"magento_product","embeddable":true,"href":"https:\/\/www.skalnik.pl\/blog\/wp-json\/wp\/v2\/magento_product?post=1947"}],"curies":[{"name":"wp","href":"https:\/\/api.w.org\/{rel}","templated":true}]}}