{"id":19742,"date":"2022-04-05T08:21:36","date_gmt":"2022-04-05T06:21:36","guid":{"rendered":"https:\/\/www.skalnik.pl\/blog\/?p=19742"},"modified":"2023-07-03T13:15:36","modified_gmt":"2023-07-03T11:15:36","slug":"nowa-edycja-kultowych-kurtek-marmot-minimalist","status":"publish","type":"post","link":"https:\/\/www.skalnik.pl\/blog\/nowa-edycja-kultowych-kurtek-marmot-minimalist\/","title":{"rendered":"Nowa edycja kultowych kurtek Marmot Minimalist"},"content":{"rendered":"\n<p><strong>Markowa membrana, dobrze przemy\u015blany kr\u00f3j i niewyg\u00f3rowana cena \u2013 to g\u0142\u00f3wne elementy, kt\u00f3re sk\u0142adaj\u0105 si\u0119 na popularno\u015b\u0107 Marmot Minimalist jako jednej z najch\u0119tniej wybieranych kurtek przeciwdeszczowych.<\/strong><\/p>\n\n\n\n<p>Minimalist to kurtka przeciwdeszczowa, kt\u00f3ra cieszy si\u0119 wielk\u0105 popularno\u015bci\u0105. Wynika ona ze wspomnianych czynnik\u00f3w: ceny, jako\u015bci i konstrukcji, ale jest te\u017c bardzo wszechstronna. Marmot na swojej stronie internetowej wymienia tylko kilka aktywno\u015bci, do kt\u00f3rych polecana jest kurtka Minimalist: g\u00f3rskie w\u0119dr\u00f3wki, sp\u0142ywy kajakowe czy miejskie spacery w deszczu. Z pewno\u015bci\u0105 mo\u017cna do\u0142o\u017cy\u0107 o wiele d\u0142u\u017csz\u0105 list\u0119.<\/p>\n\n\n\n<p class=\"has-white-color has-text-color\"><mark style=\"background-color:rgba(0, 0, 0, 0)\" class=\"has-inline-color has-vivid-cyan-blue-color\">Zobacz wszystkie produkty marki <strong><a href=\"https:\/\/www.skalnik.pl\/marmot\" target=\"_blank\" rel=\"noreferrer noopener\">Marmot<\/a><\/strong>. <\/mark><\/p>\n\n\n\n<div id=\"ez-toc-container\" class=\"ez-toc-v2_0_85 counter-hierarchy ez-toc-counter ez-toc-light-blue ez-toc-container-direction\">\n<div class=\"ez-toc-title-container\">\n<p class=\"ez-toc-title\" style=\"cursor:inherit\">SPIS TRE\u015aCI <\/p>\n<span class=\"ez-toc-title-toggle\"><a href=\"#\" class=\"ez-toc-pull-right ez-toc-btn ez-toc-btn-xs ez-toc-btn-default ez-toc-toggle\" aria-label=\"Prze\u0142\u0105cznik Spisu Tre\u015bci\"><span class=\"ez-toc-js-icon-con\"><span class=\"\"><span class=\"eztoc-hide\" style=\"display:none;\">Toggle<\/span><span class=\"ez-toc-icon-toggle-span\"><svg style=\"fill: #999;color:#999\" xmlns=\"http:\/\/www.w3.org\/2000\/svg\" class=\"list-377408\" width=\"20px\" height=\"20px\" viewBox=\"0 0 24 24\" fill=\"none\"><path d=\"M6 6H4v2h2V6zm14 0H8v2h12V6zM4 11h2v2H4v-2zm16 0H8v2h12v-2zM4 16h2v2H4v-2zm16 0H8v2h12v-2z\" fill=\"currentColor\"><\/path><\/svg><svg style=\"fill: #999;color:#999\" class=\"arrow-unsorted-368013\" xmlns=\"http:\/\/www.w3.org\/2000\/svg\" width=\"10px\" height=\"10px\" viewBox=\"0 0 24 24\" version=\"1.2\" baseProfile=\"tiny\"><path d=\"M18.2 9.3l-6.2-6.3-6.2 6.3c-.2.2-.3.4-.3.7s.1.5.3.7c.2.2.4.3.7.3h11c.3 0 .5-.1.7-.3.2-.2.3-.5.3-.7s-.1-.5-.3-.7zM5.8 14.7l6.2 6.3 6.2-6.3c.2-.2.3-.5.3-.7s-.1-.5-.3-.7c-.2-.2-.4-.3-.7-.3h-11c-.3 0-.5.1-.7.3-.2.2-.3.5-.3.7s.1.5.3.7z\"\/><\/svg><\/span><\/span><\/span><\/a><\/span><\/div>\n<nav><ul class='ez-toc-list ez-toc-list-level-1 ' ><li class='ez-toc-page-1 ez-toc-heading-level-2'><a class=\"ez-toc-link ez-toc-heading-1\" href=\"https:\/\/www.skalnik.pl\/blog\/nowa-edycja-kultowych-kurtek-marmot-minimalist\/#Kultowy_model_kurtki_Mamrot\" >Kultowy model kurtki Mamrot<\/a><\/li><li class='ez-toc-page-1 ez-toc-heading-level-2'><a class=\"ez-toc-link ez-toc-heading-2\" href=\"https:\/\/www.skalnik.pl\/blog\/nowa-edycja-kultowych-kurtek-marmot-minimalist\/#Minimalist_zmiany_w_kolekcji\" >Minimalist zmiany w kolekcji<\/a><ul class='ez-toc-list-level-3' ><li class='ez-toc-heading-level-3'><a class=\"ez-toc-link ez-toc-heading-3\" href=\"https:\/\/www.skalnik.pl\/blog\/nowa-edycja-kultowych-kurtek-marmot-minimalist\/#Kurtka_Minimalist\" >Kurtka Minimalist<\/a><\/li><li class='ez-toc-page-1 ez-toc-heading-level-3'><a class=\"ez-toc-link ez-toc-heading-4\" href=\"https:\/\/www.skalnik.pl\/blog\/nowa-edycja-kultowych-kurtek-marmot-minimalist\/#Kurtka_Minimalist_Pro\" >Kurtka Minimalist Pro<\/a><\/li><\/ul><\/li><\/ul><\/nav><\/div>\n<h2 class=\"wp-block-heading\"><span class=\"ez-toc-section\" id=\"Kultowy_model_kurtki_Mamrot\"><\/span>Kultowy model kurtki Mamrot<span class=\"ez-toc-section-end\"><\/span><\/h2>\n\n\n\n<p>Kurtki przeciwdeszczowe nie staj\u0105 si\u0119 kultowe same z siebie. To do\u015bwiadczenie wielu tysi\u0119cy u\u017cytkownik\u00f3w sprawia, \u017ce s\u0105 cz\u0119sto wybierane przez kolejne rzesze mi\u0142o\u015bnik\u00f3w outdooru. Minimalist sta\u0142 si\u0119 takim produktem, bo za niewyg\u00f3rowan\u0105 cen\u0119 u\u017cytkownicy otrzymuj\u0105 wysokiej jako\u015bci produkt, kt\u00f3ry spe\u0142nia ich oczekiwania. Jakie? <\/p>\n\n\n\n<p>To przede wszystkim kurtka GORE-TEX\u00ae, czyli wyposa\u017cona w najlepsz\u0105 i najbardziej znan\u0105 membran\u0119. Dzi\u0119ki niej kurtka jest wodo- i wiatroszczelna, mo\u017cna zatem planowa\u0107 ulubione aktywno\u015bci bez wzgl\u0119du na pogod\u0119. W kurtce Minimalist mamy membran\u0119 GORE-TEX Paclite\u00ae. Zastosowanie w\u0142a\u015bnie tego wariantu membrany sprawi\u0142o, \u017ce Minimalist to lekka kurtka przeciwdeszczowa i zarazem bardzo pakowna kurtka GORE-TEX\u00ae. Innymi s\u0142owy: zajmuje niewiele miejsca w plecaku i niedu\u017co wa\u017cy.<\/p>\n\n\n\n<p>Nazwa Minimalist to nie chwyt reklamowy. Jak pokazuje marka Marmot kurtka nie musi wcale mie\u0107 zaawansowanej konstrukcji. Funkcjonalny minimalizm przypadnie do gustu wielu klientom. Opr\u00f3cz membrany laminowane szwy, pojemne kieszenie, regulowany kaptur, wysoka garda, wywietrzniki &#8211; tak w skr\u00f3cie mo\u017cna opisa\u0107 kurtk\u0119 Minimalist.<\/p>\n\n\n\n<iframe loading=\"lazy\" width=\"800\" height=\"442\" src=\"https:\/\/www.youtube.com\/embed\/8idcTqBT3MI\" title=\"YouTube video player\" frameborder=\"0\" allow=\"accelerometer; autoplay; clipboard-write; encrypted-media; gyroscope; picture-in-picture\" allowfullscreen><\/iframe>\n\n\n\n<p>Warto te\u017c doda\u0107, \u017ce ju\u017c od kilku lat w\u0142\u00f3kna, z kt\u00f3rego powstaje materia\u0142 kurtki, pochodzi z recyklingu, a pow\u0142oka DWR pozbawiona zosta\u0142a szkodliwych polifluorokarbon\u00f3w. To podej\u015bcie coraz cz\u0119stsze w bran\u017cy outdoor \u2013 i s\u0142usznie \u2013  kt\u00f3re odgrywa coraz wi\u0119ksze znaczenie dla u\u017cytkownik\u00f3w.<\/p>\n\n\n\n<h2 class=\"wp-block-heading\"><span class=\"ez-toc-section\" id=\"Minimalist_zmiany_w_kolekcji\"><\/span>Minimalist zmiany w kolekcji<span class=\"ez-toc-section-end\"><\/span><\/h2>\n\n\n\n<p>Marka Marmot od lat ulepsza modele swoich produkt\u00f3w, wprowadzaj\u0105c mniejsze i wi\u0119ksze zmiany. Nie inaczej jest w przypadku kurtki Minimalist. Konstruktorzy stawiaj\u0105 przede wszystkim na zwi\u0119kszaniu trwa\u0142o\u015bci jednak bez utraty lekko\u015bci i pakowno\u015bci. Zmiany s\u0105 raczej ewolucyjne, cho\u0107 w 2022 r. posz\u0142y nieco w stron\u0119 rewolucji. Obok modelu Minimalist pojawi\u0142 si\u0119 jego m\u0142odszy brat \u2013 Minimalist Pro.<\/p>\n\n\n<div class=\"wp-block-image\">\n<figure class=\"aligncenter size-large\"><img loading=\"lazy\" decoding=\"async\" width=\"1024\" height=\"683\" src=\"https:\/\/www.skalnik.pl\/blog\/wp-content\/uploads\/2022\/04\/M12388_WOODWARD_212413-1024x683.jpg\" alt=\"\u015bmiej\u0105ca si\u0119 kobieta w zielonej kurtce przeciwdeszczowej z membran\u0105\" class=\"wp-image-19748\" srcset=\"https:\/\/www.skalnik.pl\/blog\/wp-content\/uploads\/2022\/04\/M12388_WOODWARD_212413-1024x683.jpg 1024w, https:\/\/www.skalnik.pl\/blog\/wp-content\/uploads\/2022\/04\/M12388_WOODWARD_212413-300x200.jpg 300w, https:\/\/www.skalnik.pl\/blog\/wp-content\/uploads\/2022\/04\/M12388_WOODWARD_212413-768x512.jpg 768w, https:\/\/www.skalnik.pl\/blog\/wp-content\/uploads\/2022\/04\/M12388_WOODWARD_212413.jpg 1080w\" sizes=\"auto, (max-width: 1024px) 100vw, 1024px\" \/><figcaption class=\"wp-element-caption\"><em>Dobrze zaprojektowana kurtka na wiele outdoorowych aktywno\u015bci (fot. dla Marmot William Woodward)<\/em><\/figcaption><\/figure>\n<\/div>\n\n\n<h3 class=\"wp-block-heading\"><span class=\"ez-toc-section\" id=\"Kurtka_Minimalist\"><\/span>Kurtka Minimalist<span class=\"ez-toc-section-end\"><\/span><\/h3>\n\n\n\n<p>Marmot Minimalist to wci\u0105\u017c ta sama lubiana przez turyst\u00f3w kurtka przeciwdeszczowa w g\u00f3ry. Wyst\u0119puje w dw\u00f3ch opcjach jako kurtka przeciwdeszczowa damska oraz m\u0119ska. Jest to model wyposa\u017cony w membran\u0119 GORE-TEX Paclite\u00ae, kt\u00f3ra chroni przed deszczem i wiatrem, a jednocze\u015bnie zapewnia dobr\u0105 oddychalno\u015b\u0107. Kurtka nie ma dodatkowej podszewki, warstwa tworzywa zabezpiecza membran\u0119. Ponadto ochron\u0119 w razie niepogody zapewniaj\u0105 laminowane szwy.<\/p>\n\n\n\n<p><mark style=\"background-color:rgba(0, 0, 0, 0)\" class=\"has-inline-color has-vivid-cyan-blue-color\">Dowiedz si\u0119 wi\u0119cej o membranach GORE-TEX\u00ae ich rodzajach. <a href=\"https:\/\/www.skalnik.pl\/blog\/goretex-najpopularniejsza-membrana-na-swiecie\/\" target=\"_blank\" rel=\"noreferrer noopener\"><strong>Przeczytaj ten artyku\u0142<\/strong><\/a>.<\/mark><\/p>\n\n\n\n<p>W konstrukcji kurtka Minimalist dok\u0142adnie odzwierciedla swoj\u0105 nazw\u0119. Dwie kieszenie boczne i jedna wewn\u0119trzna, g\u0142\u0119boki, regulowany kaptur z wysok\u0105 gard\u0105. Zamek g\u0142\u00f3wny chroniony patk\u0105. Niekt\u00f3rych zaskocz\u0105 chronione zamkami wywietrzniki pod pachami \u2013 ale Minimalist naprawd\u0119 jest kurtk\u0105, kt\u00f3ra ma sprosta\u0107 wymaganiom outdooru, nie mog\u0142o zatem zabrakn\u0105\u0107 dodatkowej wentylacji.<\/p>\n\n\n\n<p>Ka\u017cdego roku zmiany dotycz\u0105 gamy kolorystycznej kurtki Minimalist. Kurtk\u0119 cechuj\u0105 raczej naturalne kolory, ale te\u017c bardzo popularne w outdoorze. M\u0119skie modele maj\u0105 kolory ziemi \u2013 od be\u017cu poprzez br\u0105z, granat po czer\u0144. Damska odmiana kurtki Minimalist jest r\u00f3wnie\u017c naturalna, cho\u0107 wi\u0119cej tu delikatnych odcieni b\u0142\u0119kitu, jest szaro\u015b\u0107, khaki i czer\u0144.<\/p>\n\n\n\n<h3 class=\"wp-block-heading\"><span class=\"ez-toc-section\" id=\"Kurtka_Minimalist_Pro\"><\/span>Kurtka Minimalist Pro<span class=\"ez-toc-section-end\"><\/span><\/h3>\n\n\n\n<p>Minimalist Pro to model wy\u017cszej p\u00f3\u0142ki (tak\u017ce cenowej) o lepszych parametrach ni\u017c podstawowy Minimalist. Przede wszystkim zastosowano tutaj membran\u0119 GORE-TEX Paclite\u00ae Plus, kt\u00f3ra od zwyk\u0142ego GORE-TEX\u00ae Paclite r\u00f3\u017cni si\u0119 trwa\u0142o\u015bci\u0105. Zapewnia j\u0105 wewn\u0119trzna pow\u0142ok\u0105, kt\u00f3ra lepiej chroni membran\u0119 przed mechanicznymi uszkodzeniami.<\/p>\n\n\n<div class=\"wp-block-image\">\n<figure class=\"aligncenter size-large\"><img loading=\"lazy\" decoding=\"async\" width=\"1024\" height=\"683\" src=\"https:\/\/www.skalnik.pl\/blog\/wp-content\/uploads\/2022\/04\/M12351_9342_20210828_12947-1024x683.jpg\" alt=\"m\u0119\u017cczyzna w \u017c\u00f3\u0142tej kurtce GORE-TEX z kubkiem termicznym w r\u0119ce\" class=\"wp-image-19747\" srcset=\"https:\/\/www.skalnik.pl\/blog\/wp-content\/uploads\/2022\/04\/M12351_9342_20210828_12947-1024x683.jpg 1024w, https:\/\/www.skalnik.pl\/blog\/wp-content\/uploads\/2022\/04\/M12351_9342_20210828_12947-300x200.jpg 300w, https:\/\/www.skalnik.pl\/blog\/wp-content\/uploads\/2022\/04\/M12351_9342_20210828_12947-768x512.jpg 768w, https:\/\/www.skalnik.pl\/blog\/wp-content\/uploads\/2022\/04\/M12351_9342_20210828_12947.jpg 1080w\" sizes=\"auto, (max-width: 1024px) 100vw, 1024px\" \/><figcaption class=\"wp-element-caption\"><em>Jaskrawe kolory serii Minimalist Pro (fot. dla Marmot William Woodward)<\/em><\/figcaption><\/figure>\n<\/div>\n\n\n<p>Co pozostaje niezmienne? Funkcjonalna prostota \u2013 st\u0105d zreszt\u0105 pozostanie przy serii Minimalist. Laminowane szwy, wywietrzniki. S\u0105 jednak szczeg\u00f3\u0142y w konstrukcji, kt\u00f3re sprawiaj\u0105, \u017ce r\u00f3\u017cnica pomi\u0119dzy kurtk\u0105 Minimalist i Minimalist Pro jest widoczna na pierwszy rzut oka. Powi\u0119kszono kieszenie boczne, dzi\u0119ki czemu jest do nich dost\u0119p tak\u017ce przy zapi\u0119tym pasie biodrowym plecaka. Zamek g\u0142\u00f3wny jest laminowany, pozbawiono go listwy. Dodana zosta\u0142a tak\u017ce regulacja w dolnej cz\u0119\u015bci kurtki dla lepszej ochrony przed warunkami zewn\u0119trznymi.<\/p>\n\n\n\n<p>Jednak chyba najbardziej widoczna r\u00f3\u017cnica tkwi w gamie kolorystycznej. Designerzy Marmot postawili na du\u017co bardziej jaskrawe barwy (ale jest te\u017c nie\u015bmiertelny czarny, uspokajaj\u0105co dodam dla wszystkich \u201etradycjonalist\u00f3w\u201d). S\u0142onecznie \u017c\u00f3\u0142ty, soczysto zielony i czysto b\u0142\u0119kitny takie kolory ma kurtka przeciwdeszczowa m\u0119ska Minimalist Pro. W wersji damskiej niebieski jest nieco bardziej stonowany.<\/p>\n\n\n\n<figure class=\"wp-block-image size-full\"><a href=\"https:\/\/www.skalnik.pl\/odziez\/marka:marmot\" target=\"_blank\" rel=\"noreferrer noopener\"><img loading=\"lazy\" decoding=\"async\" width=\"1024\" height=\"250\" src=\"https:\/\/www.skalnik.pl\/blog\/wp-content\/uploads\/2023\/07\/odziez-marmot.jpg\" alt=\"\" class=\"wp-image-23582\" srcset=\"https:\/\/www.skalnik.pl\/blog\/wp-content\/uploads\/2023\/07\/odziez-marmot.jpg 1024w, https:\/\/www.skalnik.pl\/blog\/wp-content\/uploads\/2023\/07\/odziez-marmot-300x73.jpg 300w, https:\/\/www.skalnik.pl\/blog\/wp-content\/uploads\/2023\/07\/odziez-marmot-768x188.jpg 768w\" sizes=\"auto, (max-width: 1024px) 100vw, 1024px\" \/><\/a><\/figure>\n\n\n\n<hr class=\"wp-block-separator has-css-opacity is-style-dots\"\/>\n\n\n\n<p>Minimalist i Minimalist Pro to wyposa\u017cone w membran\u0119 GORE-TEX kurtki, lekkie i mocno kompresyjne, kt\u00f3re zmieszcz\u0105 si\u0119 w ka\u017cdym plecaku. S\u0105 uniwersalne, wi\u0119c sprawdz\u0105 si\u0119 w r\u00f3\u017cnych dzia\u0142aniach outdoor. Minimalist to model od lat ch\u0119tnie wybierany przez turyst\u00f3w, czy wkr\u00f3tce do tego sukcesu do\u0142\u0105czy Minimalist Pro i obie sygnowane logo Marmot kurtki b\u0119d\u0105 cz\u0119sto widywane na szlakach? Przekonamy si\u0119 ju\u017c wkr\u00f3tce.<\/p>\n\n\n\n<p><mark style=\"background-color:rgba(0, 0, 0, 0)\" class=\"has-inline-color has-vivid-cyan-blue-color\">Poznaj <a href=\"https:\/\/www.skalnik.pl\/odziez\/odziez-damska\/odziez-damska-kurtki\/marka:marmot\" target=\"_blank\" rel=\"noreferrer noopener\"><strong>kurtki damskie Marmot<\/strong> <\/a>albo <strong><a href=\"https:\/\/www.skalnik.pl\/odziez\/odziez-meska\/odziez-meska-kurtki\/marka:marmot\" target=\"_blank\" rel=\"noreferrer noopener\">kurtki m\u0119skie Marmot <\/a><\/strong>z naszej oferty.<\/mark><\/p>\n\n\n\n<p class=\"has-text-align-right has-small-font-size\">Aktualizacja, czerwiec 2023 r.<\/p>\n","protected":false},"excerpt":{"rendered":"<p>Marmot rozszerza lini\u0119 Minimalist o model Minimalist Pro. Czy on tak\u017ce b\u0119dzie kultow\u0105 kurtk\u0105 przeciwdeszczow\u0105?<\/p>\n","protected":false},"author":9,"featured_media":19745,"comment_status":"open","ping_status":"open","sticky":false,"template":"","format":"standard","meta":{"_acf_changed":false,"footnotes":""},"categories":[5],"tags":[109,157,230],"magento_category":[38],"magento_product":[],"class_list":["post-19742","post","type-post","status-publish","format-standard","has-post-thumbnail","hentry","category-branza","tag-gore-tex","tag-kurtki-gore-tex","tag-marmot"],"acf":[],"aioseo_notices":[],"aioseo_head":"\n\t\t<!-- All in One SEO 4.9.10 - aioseo.com -->\n\t<meta name=\"description\" content=\"Kurtka przeciwdeszczowa GORE-TEX w przyst\u0119pnej cenie to Marmot Minimalist. Teraz do\u0142\u0105cza do niej nowy Minimalist Pro jeszcze lepsza kurtka z membran\u0105\" \/>\n\t<meta name=\"robots\" content=\"max-image-preview:large\" \/>\n\t<meta name=\"author\" content=\"Beata Nawrotkiewicz\"\/>\n\t<link rel=\"canonical\" href=\"https:\/\/www.skalnik.pl\/blog\/nowa-edycja-kultowych-kurtek-marmot-minimalist\/\" \/>\n\t<meta name=\"generator\" content=\"All in One SEO (AIOSEO) 4.9.10\" \/>\n\t\t<meta property=\"og:locale\" content=\"pl_PL\" \/>\n\t\t<meta property=\"og:site_name\" content=\"blog Skalnik - Blog, porady, artyku\u0142y - blog Skalnik\" \/>\n\t\t<meta property=\"og:type\" content=\"article\" \/>\n\t\t<meta property=\"og:title\" content=\"Nowa edycja kultowych kurtek Marmot Minimalist - blog Skalnik\" \/>\n\t\t<meta property=\"og:description\" content=\"Kurtka przeciwdeszczowa GORE-TEX w przyst\u0119pnej cenie to Marmot Minimalist. Teraz do\u0142\u0105cza do niej nowy Minimalist Pro jeszcze lepsza kurtka z membran\u0105\" \/>\n\t\t<meta property=\"og:url\" content=\"https:\/\/www.skalnik.pl\/blog\/nowa-edycja-kultowych-kurtek-marmot-minimalist\/\" \/>\n\t\t<meta property=\"og:image\" content=\"https:\/\/www.skalnik.pl\/blog\/wp-content\/uploads\/2022\/04\/M12388_WOODWARD_212413.jpg\" \/>\n\t\t<meta property=\"og:image:secure_url\" content=\"https:\/\/www.skalnik.pl\/blog\/wp-content\/uploads\/2022\/04\/M12388_WOODWARD_212413.jpg\" \/>\n\t\t<meta property=\"og:image:width\" content=\"1080\" \/>\n\t\t<meta property=\"og:image:height\" content=\"720\" \/>\n\t\t<meta property=\"article:tag\" content=\"bran\u017ca\" \/>\n\t\t<meta property=\"article:tag\" content=\"gore-tex\" \/>\n\t\t<meta property=\"article:tag\" content=\"kurtki gore-tex\" \/>\n\t\t<meta property=\"article:tag\" content=\"marmot\" \/>\n\t\t<meta property=\"article:published_time\" content=\"2022-04-05T06:21:36+00:00\" \/>\n\t\t<meta property=\"article:modified_time\" content=\"2023-07-03T11:15:36+00:00\" \/>\n\t\t<meta name=\"twitter:card\" content=\"summary_large_image\" \/>\n\t\t<meta name=\"twitter:title\" content=\"Nowa edycja kultowych kurtek Marmot Minimalist - blog Skalnik\" \/>\n\t\t<meta name=\"twitter:description\" content=\"Kurtka przeciwdeszczowa GORE-TEX w przyst\u0119pnej cenie to Marmot Minimalist. Teraz do\u0142\u0105cza do niej nowy Minimalist Pro jeszcze lepsza kurtka z membran\u0105\" \/>\n\t\t<meta name=\"twitter:image\" content=\"https:\/\/www.skalnik.pl\/blog\/wp-content\/uploads\/2022\/04\/M12388_WOODWARD_212413.jpg\" \/>\n\t\t<script type=\"application\/ld+json\" class=\"aioseo-schema\">\n\t\t\t{\"@context\":\"https:\\\/\\\/schema.org\",\"@graph\":[{\"@type\":\"BlogPosting\",\"@id\":\"https:\\\/\\\/www.skalnik.pl\\\/blog\\\/nowa-edycja-kultowych-kurtek-marmot-minimalist\\\/#blogposting\",\"name\":\"Nowa edycja kultowych kurtek Marmot Minimalist - blog Skalnik\",\"headline\":\"Nowa edycja kultowych kurtek Marmot Minimalist\",\"author\":{\"@id\":\"https:\\\/\\\/www.skalnik.pl\\\/blog\\\/author\\\/beata-nawrotkiewicz\\\/#author\"},\"publisher\":{\"@id\":\"https:\\\/\\\/www.skalnik.pl\\\/blog\\\/#organization\"},\"image\":{\"@type\":\"ImageObject\",\"url\":\"https:\\\/\\\/www.skalnik.pl\\\/blog\\\/wp-content\\\/uploads\\\/2022\\\/04\\\/tytulowe.jpg\",\"width\":1920,\"height\":705,\"caption\":\"troje ludzi w kurtkach przeciwdeszczowych idzie brzegiem g\\u00f3rskiego jeziora\"},\"datePublished\":\"2022-04-05T08:21:36+02:00\",\"dateModified\":\"2023-07-03T13:15:36+02:00\",\"inLanguage\":\"pl-PL\",\"mainEntityOfPage\":{\"@id\":\"https:\\\/\\\/www.skalnik.pl\\\/blog\\\/nowa-edycja-kultowych-kurtek-marmot-minimalist\\\/#webpage\"},\"isPartOf\":{\"@id\":\"https:\\\/\\\/www.skalnik.pl\\\/blog\\\/nowa-edycja-kultowych-kurtek-marmot-minimalist\\\/#webpage\"},\"articleSection\":\"Bran\\u017ca, gore-tex, kurtki gore-tex, marmot, 1101\"},{\"@type\":\"BreadcrumbList\",\"@id\":\"https:\\\/\\\/www.skalnik.pl\\\/blog\\\/nowa-edycja-kultowych-kurtek-marmot-minimalist\\\/#breadcrumblist\",\"itemListElement\":[{\"@type\":\"ListItem\",\"@id\":\"https:\\\/\\\/www.skalnik.pl\\\/blog#listItem\",\"position\":1,\"name\":\"Home\",\"item\":\"https:\\\/\\\/www.skalnik.pl\\\/blog\",\"nextItem\":{\"@type\":\"ListItem\",\"@id\":\"https:\\\/\\\/www.skalnik.pl\\\/blog\\\/.\\\/branza\\\/#listItem\",\"name\":\"Bran\\u017ca\"}},{\"@type\":\"ListItem\",\"@id\":\"https:\\\/\\\/www.skalnik.pl\\\/blog\\\/.\\\/branza\\\/#listItem\",\"position\":2,\"name\":\"Bran\\u017ca\",\"item\":\"https:\\\/\\\/www.skalnik.pl\\\/blog\\\/.\\\/branza\\\/\",\"nextItem\":{\"@type\":\"ListItem\",\"@id\":\"https:\\\/\\\/www.skalnik.pl\\\/blog\\\/nowa-edycja-kultowych-kurtek-marmot-minimalist\\\/#listItem\",\"name\":\"Nowa edycja kultowych kurtek Marmot Minimalist\"},\"previousItem\":{\"@type\":\"ListItem\",\"@id\":\"https:\\\/\\\/www.skalnik.pl\\\/blog#listItem\",\"name\":\"Home\"}},{\"@type\":\"ListItem\",\"@id\":\"https:\\\/\\\/www.skalnik.pl\\\/blog\\\/nowa-edycja-kultowych-kurtek-marmot-minimalist\\\/#listItem\",\"position\":3,\"name\":\"Nowa edycja kultowych kurtek Marmot Minimalist\",\"previousItem\":{\"@type\":\"ListItem\",\"@id\":\"https:\\\/\\\/www.skalnik.pl\\\/blog\\\/.\\\/branza\\\/#listItem\",\"name\":\"Bran\\u017ca\"}}]},{\"@type\":\"Organization\",\"@id\":\"https:\\\/\\\/www.skalnik.pl\\\/blog\\\/#organization\",\"name\":\"blog Skalnik\",\"description\":\"Blog, porady, artyku\\u0142y - blog Skalnik\",\"url\":\"https:\\\/\\\/www.skalnik.pl\\\/blog\\\/\"},{\"@type\":\"Person\",\"@id\":\"https:\\\/\\\/www.skalnik.pl\\\/blog\\\/author\\\/beata-nawrotkiewicz\\\/#author\",\"url\":\"https:\\\/\\\/www.skalnik.pl\\\/blog\\\/author\\\/beata-nawrotkiewicz\\\/\",\"name\":\"Beata Nawrotkiewicz\",\"image\":{\"@type\":\"ImageObject\",\"@id\":\"https:\\\/\\\/www.skalnik.pl\\\/blog\\\/nowa-edycja-kultowych-kurtek-marmot-minimalist\\\/#authorImage\",\"url\":\"https:\\\/\\\/secure.gravatar.com\\\/avatar\\\/53cf81cfcc3a81694535515925ffcf159be725e8bd1fb455eeb9e2cadcaa5684?s=96&d=mm&r=g\",\"width\":96,\"height\":96,\"caption\":\"Beata Nawrotkiewicz\"}},{\"@type\":\"WebPage\",\"@id\":\"https:\\\/\\\/www.skalnik.pl\\\/blog\\\/nowa-edycja-kultowych-kurtek-marmot-minimalist\\\/#webpage\",\"url\":\"https:\\\/\\\/www.skalnik.pl\\\/blog\\\/nowa-edycja-kultowych-kurtek-marmot-minimalist\\\/\",\"name\":\"Nowa edycja kultowych kurtek Marmot Minimalist - blog Skalnik\",\"description\":\"Kurtka przeciwdeszczowa GORE-TEX w przyst\\u0119pnej cenie to Marmot Minimalist. Teraz do\\u0142\\u0105cza do niej nowy Minimalist Pro jeszcze lepsza kurtka z membran\\u0105\",\"inLanguage\":\"pl-PL\",\"isPartOf\":{\"@id\":\"https:\\\/\\\/www.skalnik.pl\\\/blog\\\/#website\"},\"breadcrumb\":{\"@id\":\"https:\\\/\\\/www.skalnik.pl\\\/blog\\\/nowa-edycja-kultowych-kurtek-marmot-minimalist\\\/#breadcrumblist\"},\"author\":{\"@id\":\"https:\\\/\\\/www.skalnik.pl\\\/blog\\\/author\\\/beata-nawrotkiewicz\\\/#author\"},\"creator\":{\"@id\":\"https:\\\/\\\/www.skalnik.pl\\\/blog\\\/author\\\/beata-nawrotkiewicz\\\/#author\"},\"image\":{\"@type\":\"ImageObject\",\"url\":\"https:\\\/\\\/www.skalnik.pl\\\/blog\\\/wp-content\\\/uploads\\\/2022\\\/04\\\/tytulowe.jpg\",\"@id\":\"https:\\\/\\\/www.skalnik.pl\\\/blog\\\/nowa-edycja-kultowych-kurtek-marmot-minimalist\\\/#mainImage\",\"width\":1920,\"height\":705,\"caption\":\"troje ludzi w kurtkach przeciwdeszczowych idzie brzegiem g\\u00f3rskiego jeziora\"},\"primaryImageOfPage\":{\"@id\":\"https:\\\/\\\/www.skalnik.pl\\\/blog\\\/nowa-edycja-kultowych-kurtek-marmot-minimalist\\\/#mainImage\"},\"datePublished\":\"2022-04-05T08:21:36+02:00\",\"dateModified\":\"2023-07-03T13:15:36+02:00\"},{\"@type\":\"WebSite\",\"@id\":\"https:\\\/\\\/www.skalnik.pl\\\/blog\\\/#website\",\"url\":\"https:\\\/\\\/www.skalnik.pl\\\/blog\\\/\",\"name\":\"blog Skalnik\",\"description\":\"Blog, porady, artyku\\u0142y - blog Skalnik\",\"inLanguage\":\"pl-PL\",\"publisher\":{\"@id\":\"https:\\\/\\\/www.skalnik.pl\\\/blog\\\/#organization\"}}]}\n\t\t<\/script>\n\t\t<!-- All in One SEO -->\n\n","aioseo_head_json":{"title":"Nowa edycja kultowych kurtek Marmot Minimalist - blog Skalnik","description":"Kurtka przeciwdeszczowa GORE-TEX w przyst\u0119pnej cenie to Marmot Minimalist. Teraz do\u0142\u0105cza do niej nowy Minimalist Pro jeszcze lepsza kurtka z membran\u0105","canonical_url":"https:\/\/www.skalnik.pl\/blog\/nowa-edycja-kultowych-kurtek-marmot-minimalist\/","robots":"max-image-preview:large","keywords":"","webmasterTools":{"miscellaneous":""},"schema":{"@context":"https:\/\/schema.org","@graph":[{"@type":"BlogPosting","@id":"https:\/\/www.skalnik.pl\/blog\/nowa-edycja-kultowych-kurtek-marmot-minimalist\/#blogposting","name":"Nowa edycja kultowych kurtek Marmot Minimalist - blog Skalnik","headline":"Nowa edycja kultowych kurtek Marmot Minimalist","author":{"@id":"https:\/\/www.skalnik.pl\/blog\/author\/beata-nawrotkiewicz\/#author"},"publisher":{"@id":"https:\/\/www.skalnik.pl\/blog\/#organization"},"image":{"@type":"ImageObject","url":"https:\/\/www.skalnik.pl\/blog\/wp-content\/uploads\/2022\/04\/tytulowe.jpg","width":1920,"height":705,"caption":"troje ludzi w kurtkach przeciwdeszczowych idzie brzegiem g\u00f3rskiego jeziora"},"datePublished":"2022-04-05T08:21:36+02:00","dateModified":"2023-07-03T13:15:36+02:00","inLanguage":"pl-PL","mainEntityOfPage":{"@id":"https:\/\/www.skalnik.pl\/blog\/nowa-edycja-kultowych-kurtek-marmot-minimalist\/#webpage"},"isPartOf":{"@id":"https:\/\/www.skalnik.pl\/blog\/nowa-edycja-kultowych-kurtek-marmot-minimalist\/#webpage"},"articleSection":"Bran\u017ca, gore-tex, kurtki gore-tex, marmot, 1101"},{"@type":"BreadcrumbList","@id":"https:\/\/www.skalnik.pl\/blog\/nowa-edycja-kultowych-kurtek-marmot-minimalist\/#breadcrumblist","itemListElement":[{"@type":"ListItem","@id":"https:\/\/www.skalnik.pl\/blog#listItem","position":1,"name":"Home","item":"https:\/\/www.skalnik.pl\/blog","nextItem":{"@type":"ListItem","@id":"https:\/\/www.skalnik.pl\/blog\/.\/branza\/#listItem","name":"Bran\u017ca"}},{"@type":"ListItem","@id":"https:\/\/www.skalnik.pl\/blog\/.\/branza\/#listItem","position":2,"name":"Bran\u017ca","item":"https:\/\/www.skalnik.pl\/blog\/.\/branza\/","nextItem":{"@type":"ListItem","@id":"https:\/\/www.skalnik.pl\/blog\/nowa-edycja-kultowych-kurtek-marmot-minimalist\/#listItem","name":"Nowa edycja kultowych kurtek Marmot Minimalist"},"previousItem":{"@type":"ListItem","@id":"https:\/\/www.skalnik.pl\/blog#listItem","name":"Home"}},{"@type":"ListItem","@id":"https:\/\/www.skalnik.pl\/blog\/nowa-edycja-kultowych-kurtek-marmot-minimalist\/#listItem","position":3,"name":"Nowa edycja kultowych kurtek Marmot Minimalist","previousItem":{"@type":"ListItem","@id":"https:\/\/www.skalnik.pl\/blog\/.\/branza\/#listItem","name":"Bran\u017ca"}}]},{"@type":"Organization","@id":"https:\/\/www.skalnik.pl\/blog\/#organization","name":"blog Skalnik","description":"Blog, porady, artyku\u0142y - blog Skalnik","url":"https:\/\/www.skalnik.pl\/blog\/"},{"@type":"Person","@id":"https:\/\/www.skalnik.pl\/blog\/author\/beata-nawrotkiewicz\/#author","url":"https:\/\/www.skalnik.pl\/blog\/author\/beata-nawrotkiewicz\/","name":"Beata Nawrotkiewicz","image":{"@type":"ImageObject","@id":"https:\/\/www.skalnik.pl\/blog\/nowa-edycja-kultowych-kurtek-marmot-minimalist\/#authorImage","url":"https:\/\/secure.gravatar.com\/avatar\/53cf81cfcc3a81694535515925ffcf159be725e8bd1fb455eeb9e2cadcaa5684?s=96&d=mm&r=g","width":96,"height":96,"caption":"Beata Nawrotkiewicz"}},{"@type":"WebPage","@id":"https:\/\/www.skalnik.pl\/blog\/nowa-edycja-kultowych-kurtek-marmot-minimalist\/#webpage","url":"https:\/\/www.skalnik.pl\/blog\/nowa-edycja-kultowych-kurtek-marmot-minimalist\/","name":"Nowa edycja kultowych kurtek Marmot Minimalist - blog Skalnik","description":"Kurtka przeciwdeszczowa GORE-TEX w przyst\u0119pnej cenie to Marmot Minimalist. Teraz do\u0142\u0105cza do niej nowy Minimalist Pro jeszcze lepsza kurtka z membran\u0105","inLanguage":"pl-PL","isPartOf":{"@id":"https:\/\/www.skalnik.pl\/blog\/#website"},"breadcrumb":{"@id":"https:\/\/www.skalnik.pl\/blog\/nowa-edycja-kultowych-kurtek-marmot-minimalist\/#breadcrumblist"},"author":{"@id":"https:\/\/www.skalnik.pl\/blog\/author\/beata-nawrotkiewicz\/#author"},"creator":{"@id":"https:\/\/www.skalnik.pl\/blog\/author\/beata-nawrotkiewicz\/#author"},"image":{"@type":"ImageObject","url":"https:\/\/www.skalnik.pl\/blog\/wp-content\/uploads\/2022\/04\/tytulowe.jpg","@id":"https:\/\/www.skalnik.pl\/blog\/nowa-edycja-kultowych-kurtek-marmot-minimalist\/#mainImage","width":1920,"height":705,"caption":"troje ludzi w kurtkach przeciwdeszczowych idzie brzegiem g\u00f3rskiego jeziora"},"primaryImageOfPage":{"@id":"https:\/\/www.skalnik.pl\/blog\/nowa-edycja-kultowych-kurtek-marmot-minimalist\/#mainImage"},"datePublished":"2022-04-05T08:21:36+02:00","dateModified":"2023-07-03T13:15:36+02:00"},{"@type":"WebSite","@id":"https:\/\/www.skalnik.pl\/blog\/#website","url":"https:\/\/www.skalnik.pl\/blog\/","name":"blog Skalnik","description":"Blog, porady, artyku\u0142y - blog Skalnik","inLanguage":"pl-PL","publisher":{"@id":"https:\/\/www.skalnik.pl\/blog\/#organization"}}]},"og:locale":"pl_PL","og:site_name":"blog Skalnik - Blog, porady, artyku\u0142y - blog Skalnik","og:type":"article","og:title":"Nowa edycja kultowych kurtek Marmot Minimalist - blog Skalnik","og:description":"Kurtka przeciwdeszczowa GORE-TEX w przyst\u0119pnej cenie to Marmot Minimalist. Teraz do\u0142\u0105cza do niej nowy Minimalist Pro jeszcze lepsza kurtka z membran\u0105","og:url":"https:\/\/www.skalnik.pl\/blog\/nowa-edycja-kultowych-kurtek-marmot-minimalist\/","og:image":"https:\/\/www.skalnik.pl\/blog\/wp-content\/uploads\/2022\/04\/M12388_WOODWARD_212413.jpg","og:image:secure_url":"https:\/\/www.skalnik.pl\/blog\/wp-content\/uploads\/2022\/04\/M12388_WOODWARD_212413.jpg","og:image:width":1080,"og:image:height":720,"article:tag":["bran\u017ca","gore-tex","kurtki gore-tex","marmot"],"article:published_time":"2022-04-05T06:21:36+00:00","article:modified_time":"2023-07-03T11:15:36+00:00","twitter:card":"summary_large_image","twitter:title":"Nowa edycja kultowych kurtek Marmot Minimalist - blog Skalnik","twitter:description":"Kurtka przeciwdeszczowa GORE-TEX w przyst\u0119pnej cenie to Marmot Minimalist. Teraz do\u0142\u0105cza do niej nowy Minimalist Pro jeszcze lepsza kurtka z membran\u0105","twitter:image":"https:\/\/www.skalnik.pl\/blog\/wp-content\/uploads\/2022\/04\/M12388_WOODWARD_212413.jpg"},"aioseo_meta_data":{"post_id":"19742","title":null,"description":"Kurtka przeciwdeszczowa GORE-TEX w przyst\u0119pnej cenie to Marmot Minimalist. Teraz do\u0142\u0105cza do niej nowy Minimalist Pro jeszcze lepsza kurtka z membran\u0105","keywords":[],"keyphrases":{"focus":{"keyphrase":"","score":0,"analysis":{"keyphraseInTitle":{"score":0,"maxScore":9,"error":1}}},"additional":[]},"primary_term":null,"canonical_url":null,"og_title":null,"og_description":null,"og_object_type":"default","og_image_type":"default","og_image_url":null,"og_image_width":null,"og_image_height":null,"og_image_custom_url":null,"og_image_custom_fields":null,"og_video":"","og_custom_url":null,"og_article_section":null,"og_article_tags":[],"twitter_use_og":false,"twitter_card":"default","twitter_image_type":"default","twitter_image_url":null,"twitter_image_custom_url":null,"twitter_image_custom_fields":null,"twitter_title":null,"twitter_description":null,"schema":{"blockGraphs":[],"customGraphs":[],"default":{"data":{"Article":[],"Course":[],"Dataset":[],"FAQPage":[],"Movie":[],"Person":[],"Product":[],"ProductReview":[],"Car":[],"Recipe":[],"Service":[],"SoftwareApplication":[],"WebPage":[]},"graphName":"","isEnabled":true},"graphs":[]},"schema_type":"default","schema_type_options":null,"pillar_content":false,"robots_default":true,"robots_noindex":false,"robots_noarchive":false,"robots_nosnippet":false,"robots_nofollow":false,"robots_noimageindex":false,"robots_noodp":false,"robots_notranslate":false,"robots_max_snippet":"-1","robots_max_videopreview":"-1","robots_max_imagepreview":"large","priority":null,"frequency":"default","local_seo":null,"breadcrumb_settings":null,"limit_modified_date":false,"ai":null,"created":"2022-08-26 10:47:38","updated":"2026-02-17 22:21:23","seo_analyzer_scan_date":null},"aioseo_breadcrumb":"<div class=\"aioseo-breadcrumbs\"><span class=\"aioseo-breadcrumb\">\n\t\t\t<a href=\"https:\/\/www.skalnik.pl\/blog\" title=\"Home\">Home<\/a>\n\t\t<\/span><span class=\"aioseo-breadcrumb-separator\">&raquo;<\/span><span class=\"aioseo-breadcrumb\">\n\t\t\t<a href=\"https:\/\/www.skalnik.pl\/blog\/.\/branza\/\" title=\"Bran\u017ca\">Bran\u017ca<\/a>\n\t\t<\/span><span class=\"aioseo-breadcrumb-separator\">&raquo;<\/span><span class=\"aioseo-breadcrumb\">\n\t\t\tNowa edycja kultowych kurtek Marmot Minimalist\n\t\t<\/span><\/div>","aioseo_breadcrumb_json":[{"label":"Home","link":"https:\/\/www.skalnik.pl\/blog"},{"label":"Bran\u017ca","link":"https:\/\/www.skalnik.pl\/blog\/.\/branza\/"},{"label":"Nowa edycja kultowych kurtek Marmot Minimalist","link":"https:\/\/www.skalnik.pl\/blog\/nowa-edycja-kultowych-kurtek-marmot-minimalist\/"}],"_links":{"self":[{"href":"https:\/\/www.skalnik.pl\/blog\/wp-json\/wp\/v2\/posts\/19742","targetHints":{"allow":["GET"]}}],"collection":[{"href":"https:\/\/www.skalnik.pl\/blog\/wp-json\/wp\/v2\/posts"}],"about":[{"href":"https:\/\/www.skalnik.pl\/blog\/wp-json\/wp\/v2\/types\/post"}],"author":[{"embeddable":true,"href":"https:\/\/www.skalnik.pl\/blog\/wp-json\/wp\/v2\/users\/9"}],"replies":[{"embeddable":true,"href":"https:\/\/www.skalnik.pl\/blog\/wp-json\/wp\/v2\/comments?post=19742"}],"version-history":[{"count":14,"href":"https:\/\/www.skalnik.pl\/blog\/wp-json\/wp\/v2\/posts\/19742\/revisions"}],"predecessor-version":[{"id":23586,"href":"https:\/\/www.skalnik.pl\/blog\/wp-json\/wp\/v2\/posts\/19742\/revisions\/23586"}],"wp:featuredmedia":[{"embeddable":true,"href":"https:\/\/www.skalnik.pl\/blog\/wp-json\/wp\/v2\/media\/19745"}],"wp:attachment":[{"href":"https:\/\/www.skalnik.pl\/blog\/wp-json\/wp\/v2\/media?parent=19742"}],"wp:term":[{"taxonomy":"category","embeddable":true,"href":"https:\/\/www.skalnik.pl\/blog\/wp-json\/wp\/v2\/categories?post=19742"},{"taxonomy":"post_tag","embeddable":true,"href":"https:\/\/www.skalnik.pl\/blog\/wp-json\/wp\/v2\/tags?post=19742"},{"taxonomy":"magento_category","embeddable":true,"href":"https:\/\/www.skalnik.pl\/blog\/wp-json\/wp\/v2\/magento_category?post=19742"},{"taxonomy":"magento_product","embeddable":true,"href":"https:\/\/www.skalnik.pl\/blog\/wp-json\/wp\/v2\/magento_product?post=19742"}],"curies":[{"name":"wp","href":"https:\/\/api.w.org\/{rel}","templated":true}]}}