{"id":19961,"date":"2022-05-17T18:45:00","date_gmt":"2022-05-17T16:45:00","guid":{"rendered":"https:\/\/www.skalnik.pl\/blog\/?p=19961"},"modified":"2022-08-04T09:42:03","modified_gmt":"2022-08-04T07:42:03","slug":"czapka-z-daszkiem-kapelusz-czy-buff-ochrona-glowy-w-gorach","status":"publish","type":"post","link":"https:\/\/www.skalnik.pl\/blog\/czapka-z-daszkiem-kapelusz-czy-buff-ochrona-glowy-w-gorach\/","title":{"rendered":"Czapka z daszkiem, kapelusz czy buff? Ochrona g\u0142owy w g\u00f3rach"},"content":{"rendered":"\n<p><strong>Ochrona g\u0142owy latem jest r\u00f3wnie wa\u017cna, co zim\u0105. Na szcz\u0119\u015bcie jest z czego wybiera\u0107 i mo\u017cna dopasowa\u0107 takie nakrycie g\u0142owy, kt\u00f3re najbardziej lubimy. Jakie s\u0105 zalety i wady najpopularniejszych z nich? Czy czapki z daszkiem s\u0105 lepsze od kapeluszy w g\u00f3ry, a mo\u017ce lepiej zabiera\u0107 na szlak<\/strong> <strong>chusty wielofunkcyjne<\/strong>?<\/p>\n\n\n\n<p>Jakie nakrycie g\u0142owy latem b\u0119dzie najlepsze? Przede wszystkim wygodne i takie, w kt\u00f3rym czujemy si\u0119 komfortowo. To wa\u017cne, bo wtedy z ch\u0119ci\u0105 je nosimy, a czapka z daszkiem w g\u00f3ry, kapelusz outdoor lub chusta znajduj\u0105 si\u0119 tam, gdzie powinny, czyli na g\u0142owie.<\/p>\n\n\n\n<p>Okrywanie g\u0142owy w s\u0142oneczny dzie\u0144 zapobiega udarowi s\u0142onecznemu, a zatem ma realny wp\u0142yw na nasze samopoczucie, wydolno\u015b\u0107 i, nie jest to zbyt g\u00f3rnolotne, tak\u017ce zdrowie i bezpiecze\u0144stwo w g\u00f3rach. \u017beby zapobiega\u0107 udarowi s\u0142onecznemu nie wystarczy tylko zakry\u0107 g\u0142ow\u0119, cho\u0107 to jeden z wa\u017cnych element\u00f3w. R\u00f3wnie wa\u017cne jest <strong>odpowiednie nawodnienie<\/strong>. <\/p>\n\n\n\n<div id=\"ez-toc-container\" class=\"ez-toc-v2_0_85 counter-hierarchy ez-toc-counter ez-toc-light-blue ez-toc-container-direction\">\n<div class=\"ez-toc-title-container\">\n<p class=\"ez-toc-title\" style=\"cursor:inherit\">SPIS TRE\u015aCI <\/p>\n<span class=\"ez-toc-title-toggle\"><a href=\"#\" class=\"ez-toc-pull-right ez-toc-btn ez-toc-btn-xs ez-toc-btn-default ez-toc-toggle\" aria-label=\"Prze\u0142\u0105cznik Spisu Tre\u015bci\"><span class=\"ez-toc-js-icon-con\"><span class=\"\"><span class=\"eztoc-hide\" style=\"display:none;\">Toggle<\/span><span class=\"ez-toc-icon-toggle-span\"><svg style=\"fill: #999;color:#999\" xmlns=\"http:\/\/www.w3.org\/2000\/svg\" class=\"list-377408\" width=\"20px\" height=\"20px\" viewBox=\"0 0 24 24\" fill=\"none\"><path d=\"M6 6H4v2h2V6zm14 0H8v2h12V6zM4 11h2v2H4v-2zm16 0H8v2h12v-2zM4 16h2v2H4v-2zm16 0H8v2h12v-2z\" fill=\"currentColor\"><\/path><\/svg><svg style=\"fill: #999;color:#999\" class=\"arrow-unsorted-368013\" xmlns=\"http:\/\/www.w3.org\/2000\/svg\" width=\"10px\" height=\"10px\" viewBox=\"0 0 24 24\" version=\"1.2\" baseProfile=\"tiny\"><path d=\"M18.2 9.3l-6.2-6.3-6.2 6.3c-.2.2-.3.4-.3.7s.1.5.3.7c.2.2.4.3.7.3h11c.3 0 .5-.1.7-.3.2-.2.3-.5.3-.7s-.1-.5-.3-.7zM5.8 14.7l6.2 6.3 6.2-6.3c.2-.2.3-.5.3-.7s-.1-.5-.3-.7c-.2-.2-.4-.3-.7-.3h-11c-.3 0-.5.1-.7.3-.2.2-.3.5-.3.7s.1.5.3.7z\"\/><\/svg><\/span><\/span><\/span><\/a><\/span><\/div>\n<nav><ul class='ez-toc-list ez-toc-list-level-1 ' ><li class='ez-toc-page-1 ez-toc-heading-level-2'><a class=\"ez-toc-link ez-toc-heading-1\" href=\"https:\/\/www.skalnik.pl\/blog\/czapka-z-daszkiem-kapelusz-czy-buff-ochrona-glowy-w-gorach\/#Czapka_w_gory\" >Czapka w g\u00f3ry<\/a><ul class='ez-toc-list-level-3' ><li class='ez-toc-heading-level-3'><a class=\"ez-toc-link ez-toc-heading-2\" href=\"https:\/\/www.skalnik.pl\/blog\/czapka-z-daszkiem-kapelusz-czy-buff-ochrona-glowy-w-gorach\/#Zalety_czapki_z_daszkiem\" >Zalety czapki z daszkiem:<\/a><\/li><li class='ez-toc-page-1 ez-toc-heading-level-3'><a class=\"ez-toc-link ez-toc-heading-3\" href=\"https:\/\/www.skalnik.pl\/blog\/czapka-z-daszkiem-kapelusz-czy-buff-ochrona-glowy-w-gorach\/#Wady_czapek_z_daszkiem\" >Wady czapek z daszkiem<\/a><\/li><\/ul><\/li><li class='ez-toc-page-1 ez-toc-heading-level-2'><a class=\"ez-toc-link ez-toc-heading-4\" href=\"https:\/\/www.skalnik.pl\/blog\/czapka-z-daszkiem-kapelusz-czy-buff-ochrona-glowy-w-gorach\/#Chusta_wielofunkcyjna\" >Chusta wielofunkcyjna<\/a><ul class='ez-toc-list-level-3' ><li class='ez-toc-heading-level-3'><a class=\"ez-toc-link ez-toc-heading-5\" href=\"https:\/\/www.skalnik.pl\/blog\/czapka-z-daszkiem-kapelusz-czy-buff-ochrona-glowy-w-gorach\/#Zalety_chusty_wielofunkcyjnej\" >Zalety chusty wielofunkcyjnej:<\/a><\/li><li class='ez-toc-page-1 ez-toc-heading-level-3'><a class=\"ez-toc-link ez-toc-heading-6\" href=\"https:\/\/www.skalnik.pl\/blog\/czapka-z-daszkiem-kapelusz-czy-buff-ochrona-glowy-w-gorach\/#Wady_chusty_wielofunkcyjnej\" >Wady chusty wielofunkcyjnej<\/a><\/li><\/ul><\/li><li class='ez-toc-page-1 ez-toc-heading-level-2'><a class=\"ez-toc-link ez-toc-heading-7\" href=\"https:\/\/www.skalnik.pl\/blog\/czapka-z-daszkiem-kapelusz-czy-buff-ochrona-glowy-w-gorach\/#Kapelusz_w_gory\" >Kapelusz w g\u00f3ry<\/a><ul class='ez-toc-list-level-3' ><li class='ez-toc-heading-level-3'><a class=\"ez-toc-link ez-toc-heading-8\" href=\"https:\/\/www.skalnik.pl\/blog\/czapka-z-daszkiem-kapelusz-czy-buff-ochrona-glowy-w-gorach\/#Zalety_kapeluszy_turystycznych\" >Zalety kapeluszy turystycznych:<\/a><\/li><li class='ez-toc-page-1 ez-toc-heading-level-3'><a class=\"ez-toc-link ez-toc-heading-9\" href=\"https:\/\/www.skalnik.pl\/blog\/czapka-z-daszkiem-kapelusz-czy-buff-ochrona-glowy-w-gorach\/#Wady_kapeluszy_turystycznych\" >Wady kapeluszy turystycznych<\/a><\/li><\/ul><\/li><\/ul><\/nav><\/div>\n<h2 class=\"wp-block-heading\"><span class=\"ez-toc-section\" id=\"Czapka_w_gory\"><\/span>Czapka w g\u00f3ry<span class=\"ez-toc-section-end\"><\/span><\/h2>\n\n\n\n<p>Czapka z daszkiem to jedno z najpopularniejszych nakry\u0107 g\u0142owy. Do niedawna kojarzy\u0142a si\u0119 przede wszystkim z emocjami sportowymi czy miejskimi wypadami, ale coraz cz\u0119\u015bciej wida\u0107 j\u0105 tak\u017ce na g\u00f3rskich szlakach. Du\u017ca w tym zas\u0142uga lubianych i popularnych marek outdoor. Czapka The North Face czy czapka z daszkiem Patagonia jednoznacznie wskazuj\u0105 na to, \u017ce ich przeznaczeniem jest ochrona i komfort w czasie g\u00f3rskich aktywno\u015bci.<\/p>\n\n\n\n<div class=\"wp-block-image\"><figure class=\"aligncenter size-large\"><img loading=\"lazy\" decoding=\"async\" width=\"1024\" height=\"683\" src=\"https:\/\/www.skalnik.pl\/blog\/wp-content\/uploads\/2022\/05\/czapka-bieg.png\" alt=\"\" class=\"wp-image-19964\" srcset=\"https:\/\/www.skalnik.pl\/blog\/wp-content\/uploads\/2022\/05\/czapka-bieg.png 1024w, https:\/\/www.skalnik.pl\/blog\/wp-content\/uploads\/2022\/05\/czapka-bieg-300x200.png 300w, https:\/\/www.skalnik.pl\/blog\/wp-content\/uploads\/2022\/05\/czapka-bieg-768x512.png 768w\" sizes=\"auto, (max-width: 1024px) 100vw, 1024px\" \/><figcaption><em>Biegowa czapka musi by\u0107 lekka, dobrze dopasowana i szybko odprowadza\u0107 wilgo\u0107 (fot. Buff)<\/em><\/figcaption><\/figure><\/div>\n\n\n\n<p>Zwr\u00f3\u0107 uwag\u0119, \u017ce nie ka\u017cda czapka w g\u00f3ry letnia ma identyczn\u0105 konstrukcj\u0119. S\u0105 czapki wykonane w ca\u0142o\u015bci z materia\u0142u (albo bardzo cienkiego, albo przeciwnie \u2013 do\u015b\u0107 sztywnego), s\u0105 r\u00f3wnie\u017c modele, kt\u00f3rych po\u0142owa zosta\u0142a wykonana z siateczki. Znakiem czas\u00f3w mo\u017ce by\u0107 czapka Patagonia, kt\u00f3ra designem nawi\u0105zuje do pocz\u0105tk\u00f3w marki, ale materia\u0142 pochodzi z przetworzonych sieci rybackich (najwi\u0119kszej kategorii morskich \u015bmieci).<\/p>\n\n\n\n<p>Czapk\u0119 warto kupowa\u0107 pod ulubione aktywno\u015bci. Im wi\u0119ksza intensywno\u015b\u0107 dzia\u0142a\u0144, tym model powinien lepiej przylega\u0107 do g\u0142owy (bez przymiarki mo\u017ce by\u0107 trudno), a materia\u0142 zapewnia\u0107 szybk\u0105 wymian\u0119 ciep\u0142a i efektywn\u0105 wentylacj\u0119. Wiele modeli dla biegaczy to ultralekkie czapki z daszkiem i z siateczk\u0105. S\u0105 te\u017c modele dedykowane r\u00f3\u017cnym sportom \u2013 takim przyk\u0142adem jest np. marki Buff czapka<strong> <\/strong>do biegania.<\/p>\n\n\n\n<h3 class=\"wp-block-heading\"><span class=\"ez-toc-section\" id=\"Zalety_czapki_z_daszkiem\"><\/span>Zalety czapki z daszkiem:<span class=\"ez-toc-section-end\"><\/span><\/h3>\n\n\n\n<ul class=\"wp-block-list\"><li>r\u00f3\u017cne modele przeznaczone do wielu aktywno\u015bci<\/li><li>daszek os\u0142aniaj\u0105cy oczy i chroni\u0105cy sk\u00f3r\u0119 twarzy<\/li><\/ul>\n\n\n\n<h3 class=\"wp-block-heading\"><span class=\"ez-toc-section\" id=\"Wady_czapek_z_daszkiem\"><\/span>Wady czapek z daszkiem<span class=\"ez-toc-section-end\"><\/span><\/h3>\n\n\n\n<ul class=\"wp-block-list\"><li>w plecaku zajmuj\u0105 sporo miejsca, daszek najcz\u0119\u015bciej jest sztywny<\/li><li>trzeba przymierza\u0107, \u017ceby wybra\u0107 odpowiedni model<\/li><\/ul>\n\n\n\n<p><span class=\"has-inline-color has-vivid-cyan-blue-color\">Modeli jest bardzo du\u017co. Sprawd\u017a, jakie <a href=\"https:\/\/www.skalnik.pl\/odziez\/akcesoria\/akcesoria-czapki\/przeznaczenie:lato\" target=\"_blank\" rel=\"noreferrer noopener\"><strong>czapki z daszkiem na lato<\/strong><\/a> s\u0105 dost\u0119pne w Skalniku.<\/span><\/p>\n\n\n\n<h2 class=\"wp-block-heading\"><span class=\"ez-toc-section\" id=\"Chusta_wielofunkcyjna\"><\/span>Chusta wielofunkcyjna<span class=\"ez-toc-section-end\"><\/span><\/h2>\n\n\n\n<p>Chusta zwana te\u017c kominem wielofunkcyjnym jest takim akcesorium, kt\u00f3rego nigdy za wiele w outdoorowej szafie. Sprawdza si\u0119 przez ca\u0142y rok, w ka\u017cdych warunkach. Nadaje si\u0119 do wielu aktywno\u015bci. Latem oczywi\u015bcie mo\u017cna z \u0142atwo\u015bci\u0105 za\u0142o\u017cy\u0107 j\u0105 na g\u0142ow\u0119, co wi\u0119cej jedn\u0105 chust\u0119 paroma ruchami mo\u017cesz przekszta\u0142ci\u0107 w kilka rodzaj\u00f3w czapek.<\/p>\n\n\n\n<div class=\"wp-block-image\"><figure class=\"aligncenter size-large\"><img loading=\"lazy\" decoding=\"async\" width=\"1024\" height=\"683\" src=\"https:\/\/www.skalnik.pl\/blog\/wp-content\/uploads\/2022\/05\/para-merino.png\" alt=\"\" class=\"wp-image-19965\" srcset=\"https:\/\/www.skalnik.pl\/blog\/wp-content\/uploads\/2022\/05\/para-merino.png 1024w, https:\/\/www.skalnik.pl\/blog\/wp-content\/uploads\/2022\/05\/para-merino-300x200.png 300w, https:\/\/www.skalnik.pl\/blog\/wp-content\/uploads\/2022\/05\/para-merino-768x512.png 768w\" sizes=\"auto, (max-width: 1024px) 100vw, 1024px\" \/><figcaption><em>Chust\u0119 wielofunkcyjn\u0105 mo\u017cesz nosi\u0107 na wiele sposob\u00f3w (fot. Buff)<\/em><\/figcaption><\/figure><\/div>\n\n\n\n<p>Chusty wielofunkcyjne pozbawione s\u0105 szw\u00f3w, co znakomicie przek\u0142ada si\u0119 na komfort ich noszenia. S\u0105 lekkie, najcz\u0119\u015bciej wykonane z mikrofibry, kt\u00f3ra ma t\u0119 doskona\u0142\u0105 zalet\u0119, \u017ce potrafi dobrze odprowadzi\u0107 wilgo\u0107 oraz szybko wysycha. U\u017cytkownicy uwielbiaj\u0105 mnogo\u015b\u0107 mo\u017cliwo\u015bci u\u017cycia chust wielofunkcyjnych. Na opakowaniach widnieje etykieta z rysunkami o\u015bmiu sposob\u00f3w u\u017cycia chust, ale z pewno\u015bci\u0105 mo\u017cna ich znale\u017a\u0107 o wiele wi\u0119cej.<\/p>\n\n\n\n<h3 class=\"wp-block-heading\"><span class=\"ez-toc-section\" id=\"Zalety_chusty_wielofunkcyjnej\"><\/span>Zalety chusty wielofunkcyjnej:<span class=\"ez-toc-section-end\"><\/span><\/h3>\n\n\n\n<ul class=\"wp-block-list\"><li>zmie\u015bci si\u0119 wsz\u0119dzie, bo jest bardzo niewielka<\/li><li>wielofunkcyjno\u015b\u0107 \u2013 mo\u017cna j\u0105 u\u017cywa\u0107 na wiele sposob\u00f3w<\/li><li>bezszwowa i bezfasonowa \u2013 dopasowuje si\u0119 do ka\u017cdego u\u017cytkownika lub u\u017cytkowniczki<\/li><\/ul>\n\n\n\n<h3 class=\"wp-block-heading\"><span class=\"ez-toc-section\" id=\"Wady_chusty_wielofunkcyjnej\"><\/span>Wady chusty wielofunkcyjnej<span class=\"ez-toc-section-end\"><\/span><\/h3>\n\n\n\n<ul class=\"wp-block-list\"><li>nie os\u0142oni twarzy i oczu<\/li><\/ul>\n\n\n\n<p>Popularnie chusty wielofunkcyjne nazywane s\u0105 u nas tak\u017ce \u201ebuffami\u201d. Nazwa wzi\u0119\u0142a si\u0119 oczywi\u015bcie od marki Buff, znanego (chocia\u017c nie jedynego!) producenta chust. Warto wiedzie\u0107, \u017ce w ofercie s\u0105 r\u00f3wnie\u017c czapki Buff.<\/p>\n\n\n\n<p><span class=\"has-inline-color has-vivid-cyan-blue-color\">Uniwersalna <a href=\"https:\/\/www.skalnik.pl\/odziez\/akcesoria\/akcesoria-chusty\" target=\"_blank\" rel=\"noreferrer noopener\"><strong>chusta wielofunkcyjna<\/strong><\/a> przyda si\u0119 ka\u017cdemu tury\u015bcie. Wybieraj spo\u015br\u00f3d setek wzor\u00f3w i modeli, na pewno znajdziesz w\u015br\u00f3d nich co\u015b dla siebie. <\/span><\/p>\n\n\n\n<h2 class=\"wp-block-heading\"><span class=\"ez-toc-section\" id=\"Kapelusz_w_gory\"><\/span>Kapelusz w g\u00f3ry<span class=\"ez-toc-section-end\"><\/span><\/h2>\n\n\n\n<p>Najrzadziej spotykane nakrycie g\u0142owy w g\u00f3rach, do\u015b\u0107 nies\u0142usznie. \u0141\u0105czy w sobie wiele zalet zar\u00f3wno czapek z daszkiem, jak i chust wielofunkcyjnych. Cho\u0107by w kwestii jednoczesnej ochrony oczu i karku. Nieu\u017cywany kapelusz mo\u017cna nosi\u0107 zawieszony na szyi i mie\u0107 go zawsze w pogotowiu.<\/p>\n\n\n\n<p>Najcz\u0119\u015bciej kapelusz sprawdzi si\u0119 w upalne lato lub na wyprawach w krajach po\u0142udniowych. Podobnie jak w przypadku czapek z daszkiem kapelusze w g\u00f3ry mog\u0105 by\u0107 wykonane z r\u00f3\u017cnych materia\u0142\u00f3w. Kapelusze przeznaczone na naprawd\u0119 wysokie temperatury s\u0105 uszyte z cienkich, przewiewnych materia\u0142\u00f3w.<\/p>\n\n\n\n<div class=\"wp-block-image\"><figure class=\"aligncenter size-large\"><img loading=\"lazy\" decoding=\"async\" width=\"1024\" height=\"683\" src=\"https:\/\/www.skalnik.pl\/blog\/wp-content\/uploads\/2022\/05\/kapelusz-dziewczyna.png\" alt=\"dziewczyna z plecakiem podchodzi pod g\u00f3r\u0119 na g\u0142owie ma kapelusz turystyczny\" class=\"wp-image-19966\" srcset=\"https:\/\/www.skalnik.pl\/blog\/wp-content\/uploads\/2022\/05\/kapelusz-dziewczyna.png 1024w, https:\/\/www.skalnik.pl\/blog\/wp-content\/uploads\/2022\/05\/kapelusz-dziewczyna-300x200.png 300w, https:\/\/www.skalnik.pl\/blog\/wp-content\/uploads\/2022\/05\/kapelusz-dziewczyna-768x512.png 768w\" sizes=\"auto, (max-width: 1024px) 100vw, 1024px\" \/><figcaption><em>W kapeluszu na g\u00f3rskich szlakach (fot. Buff)<\/em><\/figcaption><\/figure><\/div>\n\n\n\n<p>Warte uwagi s\u0105 kapelusze z moskitier\u0105. To znakomity \u201ewynalazek\u201d na wszelkie wypady w strefy tropikalne pe\u0142ne insekt\u00f3w, kt\u00f3re mog\u0105 by\u0107 nie tylko irytuj\u0105ce, ale nierzadko bywaj\u0105 te\u017c niebezpieczne.<\/p>\n\n\n\n<h3 class=\"wp-block-heading\"><span class=\"ez-toc-section\" id=\"Zalety_kapeluszy_turystycznych\"><\/span>Zalety kapeluszy turystycznych:<span class=\"ez-toc-section-end\"><\/span><\/h3>\n\n\n\n<ul class=\"wp-block-list\"><li>chroni\u0105 oczy i kark przed promieniami s\u0142onecznymi<\/li><li>istniej\u0105 modele ze zintegrowan\u0105 moskitier\u0105<\/li><li>nieu\u017cywane mo\u017cna nosi\u0107 na szyi<\/li><\/ul>\n\n\n\n<h3 class=\"wp-block-heading\"><span class=\"ez-toc-section\" id=\"Wady_kapeluszy_turystycznych\"><\/span>Wady kapeluszy turystycznych<span class=\"ez-toc-section-end\"><\/span><\/h3>\n\n\n\n<ul class=\"wp-block-list\"><li>ci\u0119\u017cko je z\u0142o\u017cy\u0107 do kompaktowych rozmiar\u00f3w<\/li><li>nie nadaj\u0105 si\u0119 do uprawiania intensywnych sport\u00f3w.<\/li><\/ul>\n\n\n\n<p><span class=\"has-inline-color has-vivid-cyan-blue-color\">Sprawd\u017a skalnikow\u0105 p\u00f3\u0142k\u0119 w kategorii <strong><a href=\"https:\/\/www.skalnik.pl\/odziez\/akcesoria\/akcesoria-kapelusze-turystyczne\" target=\"_blank\" rel=\"noreferrer noopener\">kapelusze turystyczne<\/a><\/strong>. <\/span><\/p>\n\n\n\n<hr class=\"wp-block-separator is-style-dots\"\/>\n\n\n\n<p>Licz\u0119 na to, \u017ce ten kr\u00f3tki przegl\u0105d nakry\u0107 g\u0142owy uzmys\u0142owi\u0142 ci, \u017ce jest w czym wybiera\u0107 \u2013 a decyzja nale\u017cy do ka\u017cdego i ka\u017cdej z nas. Warto po prostu mie\u0107 co\u015b na g\u0142owie podczas upa\u0142\u00f3w, odpowiednio si\u0119 nawadnia\u0107 i \u2013 jak zawsze w g\u00f3rach \u2013 wybiera\u0107 trasy dopasowane do warunk\u00f3w pogodowych. Pi\u0119knych letnich w\u0119dr\u00f3wek!<\/p>\n","protected":false},"excerpt":{"rendered":"<p>Czapka na lato, kapelusz w g\u00f3ry a mo\u017ce po prostu chusta wielofunkcyjna. Przedstawiamy kr\u00f3tk\u0105 ich charakterystyk\u0119 \u2013 wady i zalety. <\/p>\n","protected":false},"author":9,"featured_media":19963,"comment_status":"open","ping_status":"open","sticky":false,"template":"","format":"standard","meta":{"_acf_changed":false,"footnotes":""},"categories":[3],"tags":[28,107],"magento_category":[56],"magento_product":[],"class_list":["post-19961","post","type-post","status-publish","format-standard","has-post-thumbnail","hentry","category-porady","tag-gory","tag-lato"],"acf":[],"aioseo_notices":[],"aioseo_head":"\n\t\t<!-- All in One SEO 4.9.10 - aioseo.com -->\n\t<meta name=\"description\" content=\"Latem chro\u0144 g\u0142ow\u0119 przed upalnym s\u0142o\u0144cem. Wolisz kapelusz turystyczny, buff czy czapk\u0119 z daszkiem? Sprawd\u017a ich cechy przed zakupem.\" \/>\n\t<meta name=\"robots\" content=\"max-image-preview:large\" \/>\n\t<meta name=\"author\" content=\"Beata Nawrotkiewicz\"\/>\n\t<link rel=\"canonical\" href=\"https:\/\/www.skalnik.pl\/blog\/czapka-z-daszkiem-kapelusz-czy-buff-ochrona-glowy-w-gorach\/\" \/>\n\t<meta name=\"generator\" content=\"All in One SEO (AIOSEO) 4.9.10\" \/>\n\t\t<meta property=\"og:locale\" content=\"pl_PL\" \/>\n\t\t<meta property=\"og:site_name\" content=\"blog Skalnik - Blog, porady, artyku\u0142y - blog Skalnik\" \/>\n\t\t<meta property=\"og:type\" content=\"article\" \/>\n\t\t<meta property=\"og:title\" content=\"Czapka z daszkiem, kapelusz czy buff? Ochrona g\u0142owy w g\u00f3rach - blog Skalnik\" \/>\n\t\t<meta property=\"og:description\" content=\"Latem chro\u0144 g\u0142ow\u0119 przed upalnym s\u0142o\u0144cem. Wolisz kapelusz turystyczny, buff czy czapk\u0119 z daszkiem? Sprawd\u017a ich cechy przed zakupem.\" \/>\n\t\t<meta property=\"og:url\" content=\"https:\/\/www.skalnik.pl\/blog\/czapka-z-daszkiem-kapelusz-czy-buff-ochrona-glowy-w-gorach\/\" \/>\n\t\t<meta property=\"og:image\" content=\"https:\/\/www.skalnik.pl\/blog\/wp-content\/uploads\/2022\/05\/czapka-bieg.png\" \/>\n\t\t<meta property=\"og:image:secure_url\" content=\"https:\/\/www.skalnik.pl\/blog\/wp-content\/uploads\/2022\/05\/czapka-bieg.png\" \/>\n\t\t<meta property=\"og:image:width\" content=\"1024\" \/>\n\t\t<meta property=\"og:image:height\" content=\"683\" \/>\n\t\t<meta property=\"article:tag\" content=\"porady\" \/>\n\t\t<meta property=\"article:tag\" content=\"g\u00f3ry\" \/>\n\t\t<meta property=\"article:tag\" content=\"lato\" \/>\n\t\t<meta property=\"article:published_time\" content=\"2022-05-17T16:45:00+00:00\" \/>\n\t\t<meta property=\"article:modified_time\" content=\"2022-08-04T07:42:03+00:00\" \/>\n\t\t<meta name=\"twitter:card\" content=\"summary_large_image\" \/>\n\t\t<meta name=\"twitter:title\" content=\"Czapka z daszkiem, kapelusz czy buff? Ochrona g\u0142owy w g\u00f3rach - blog Skalnik\" \/>\n\t\t<meta name=\"twitter:description\" content=\"Latem chro\u0144 g\u0142ow\u0119 przed upalnym s\u0142o\u0144cem. Wolisz kapelusz turystyczny, buff czy czapk\u0119 z daszkiem? Sprawd\u017a ich cechy przed zakupem.\" \/>\n\t\t<meta name=\"twitter:image\" content=\"https:\/\/www.skalnik.pl\/blog\/wp-content\/uploads\/2022\/05\/czapka-bieg.png\" \/>\n\t\t<script type=\"application\/ld+json\" class=\"aioseo-schema\">\n\t\t\t{\"@context\":\"https:\\\/\\\/schema.org\",\"@graph\":[{\"@type\":\"BlogPosting\",\"@id\":\"https:\\\/\\\/www.skalnik.pl\\\/blog\\\/czapka-z-daszkiem-kapelusz-czy-buff-ochrona-glowy-w-gorach\\\/#blogposting\",\"name\":\"Czapka z daszkiem, kapelusz czy buff? Ochrona g\\u0142owy w g\\u00f3rach - blog Skalnik\",\"headline\":\"Czapka z daszkiem, kapelusz czy buff? Ochrona g\\u0142owy w g\\u00f3rach\",\"author\":{\"@id\":\"https:\\\/\\\/www.skalnik.pl\\\/blog\\\/author\\\/beata-nawrotkiewicz\\\/#author\"},\"publisher\":{\"@id\":\"https:\\\/\\\/www.skalnik.pl\\\/blog\\\/#organization\"},\"image\":{\"@type\":\"ImageObject\",\"url\":\"https:\\\/\\\/www.skalnik.pl\\\/blog\\\/wp-content\\\/uploads\\\/2022\\\/05\\\/glowne.png\",\"width\":1920,\"height\":705,\"caption\":\"m\\u0119\\u017cczyzna w kapeluszu na tle ska\\u0142\"},\"datePublished\":\"2022-05-17T18:45:00+02:00\",\"dateModified\":\"2022-08-04T09:42:03+02:00\",\"inLanguage\":\"pl-PL\",\"mainEntityOfPage\":{\"@id\":\"https:\\\/\\\/www.skalnik.pl\\\/blog\\\/czapka-z-daszkiem-kapelusz-czy-buff-ochrona-glowy-w-gorach\\\/#webpage\"},\"isPartOf\":{\"@id\":\"https:\\\/\\\/www.skalnik.pl\\\/blog\\\/czapka-z-daszkiem-kapelusz-czy-buff-ochrona-glowy-w-gorach\\\/#webpage\"},\"articleSection\":\"Porady, g\\u00f3ry, lato, 1123\"},{\"@type\":\"BreadcrumbList\",\"@id\":\"https:\\\/\\\/www.skalnik.pl\\\/blog\\\/czapka-z-daszkiem-kapelusz-czy-buff-ochrona-glowy-w-gorach\\\/#breadcrumblist\",\"itemListElement\":[{\"@type\":\"ListItem\",\"@id\":\"https:\\\/\\\/www.skalnik.pl\\\/blog#listItem\",\"position\":1,\"name\":\"Home\",\"item\":\"https:\\\/\\\/www.skalnik.pl\\\/blog\",\"nextItem\":{\"@type\":\"ListItem\",\"@id\":\"https:\\\/\\\/www.skalnik.pl\\\/blog\\\/.\\\/porady\\\/#listItem\",\"name\":\"Porady\"}},{\"@type\":\"ListItem\",\"@id\":\"https:\\\/\\\/www.skalnik.pl\\\/blog\\\/.\\\/porady\\\/#listItem\",\"position\":2,\"name\":\"Porady\",\"item\":\"https:\\\/\\\/www.skalnik.pl\\\/blog\\\/.\\\/porady\\\/\",\"nextItem\":{\"@type\":\"ListItem\",\"@id\":\"https:\\\/\\\/www.skalnik.pl\\\/blog\\\/czapka-z-daszkiem-kapelusz-czy-buff-ochrona-glowy-w-gorach\\\/#listItem\",\"name\":\"Czapka z daszkiem, kapelusz czy buff? Ochrona g\\u0142owy w g\\u00f3rach\"},\"previousItem\":{\"@type\":\"ListItem\",\"@id\":\"https:\\\/\\\/www.skalnik.pl\\\/blog#listItem\",\"name\":\"Home\"}},{\"@type\":\"ListItem\",\"@id\":\"https:\\\/\\\/www.skalnik.pl\\\/blog\\\/czapka-z-daszkiem-kapelusz-czy-buff-ochrona-glowy-w-gorach\\\/#listItem\",\"position\":3,\"name\":\"Czapka z daszkiem, kapelusz czy buff? Ochrona g\\u0142owy w g\\u00f3rach\",\"previousItem\":{\"@type\":\"ListItem\",\"@id\":\"https:\\\/\\\/www.skalnik.pl\\\/blog\\\/.\\\/porady\\\/#listItem\",\"name\":\"Porady\"}}]},{\"@type\":\"Organization\",\"@id\":\"https:\\\/\\\/www.skalnik.pl\\\/blog\\\/#organization\",\"name\":\"blog Skalnik\",\"description\":\"Blog, porady, artyku\\u0142y - blog Skalnik\",\"url\":\"https:\\\/\\\/www.skalnik.pl\\\/blog\\\/\"},{\"@type\":\"Person\",\"@id\":\"https:\\\/\\\/www.skalnik.pl\\\/blog\\\/author\\\/beata-nawrotkiewicz\\\/#author\",\"url\":\"https:\\\/\\\/www.skalnik.pl\\\/blog\\\/author\\\/beata-nawrotkiewicz\\\/\",\"name\":\"Beata Nawrotkiewicz\",\"image\":{\"@type\":\"ImageObject\",\"@id\":\"https:\\\/\\\/www.skalnik.pl\\\/blog\\\/czapka-z-daszkiem-kapelusz-czy-buff-ochrona-glowy-w-gorach\\\/#authorImage\",\"url\":\"https:\\\/\\\/secure.gravatar.com\\\/avatar\\\/53cf81cfcc3a81694535515925ffcf159be725e8bd1fb455eeb9e2cadcaa5684?s=96&d=mm&r=g\",\"width\":96,\"height\":96,\"caption\":\"Beata Nawrotkiewicz\"}},{\"@type\":\"WebPage\",\"@id\":\"https:\\\/\\\/www.skalnik.pl\\\/blog\\\/czapka-z-daszkiem-kapelusz-czy-buff-ochrona-glowy-w-gorach\\\/#webpage\",\"url\":\"https:\\\/\\\/www.skalnik.pl\\\/blog\\\/czapka-z-daszkiem-kapelusz-czy-buff-ochrona-glowy-w-gorach\\\/\",\"name\":\"Czapka z daszkiem, kapelusz czy buff? Ochrona g\\u0142owy w g\\u00f3rach - blog Skalnik\",\"description\":\"Latem chro\\u0144 g\\u0142ow\\u0119 przed upalnym s\\u0142o\\u0144cem. Wolisz kapelusz turystyczny, buff czy czapk\\u0119 z daszkiem? Sprawd\\u017a ich cechy przed zakupem.\",\"inLanguage\":\"pl-PL\",\"isPartOf\":{\"@id\":\"https:\\\/\\\/www.skalnik.pl\\\/blog\\\/#website\"},\"breadcrumb\":{\"@id\":\"https:\\\/\\\/www.skalnik.pl\\\/blog\\\/czapka-z-daszkiem-kapelusz-czy-buff-ochrona-glowy-w-gorach\\\/#breadcrumblist\"},\"author\":{\"@id\":\"https:\\\/\\\/www.skalnik.pl\\\/blog\\\/author\\\/beata-nawrotkiewicz\\\/#author\"},\"creator\":{\"@id\":\"https:\\\/\\\/www.skalnik.pl\\\/blog\\\/author\\\/beata-nawrotkiewicz\\\/#author\"},\"image\":{\"@type\":\"ImageObject\",\"url\":\"https:\\\/\\\/www.skalnik.pl\\\/blog\\\/wp-content\\\/uploads\\\/2022\\\/05\\\/glowne.png\",\"@id\":\"https:\\\/\\\/www.skalnik.pl\\\/blog\\\/czapka-z-daszkiem-kapelusz-czy-buff-ochrona-glowy-w-gorach\\\/#mainImage\",\"width\":1920,\"height\":705,\"caption\":\"m\\u0119\\u017cczyzna w kapeluszu na tle ska\\u0142\"},\"primaryImageOfPage\":{\"@id\":\"https:\\\/\\\/www.skalnik.pl\\\/blog\\\/czapka-z-daszkiem-kapelusz-czy-buff-ochrona-glowy-w-gorach\\\/#mainImage\"},\"datePublished\":\"2022-05-17T18:45:00+02:00\",\"dateModified\":\"2022-08-04T09:42:03+02:00\"},{\"@type\":\"WebSite\",\"@id\":\"https:\\\/\\\/www.skalnik.pl\\\/blog\\\/#website\",\"url\":\"https:\\\/\\\/www.skalnik.pl\\\/blog\\\/\",\"name\":\"blog Skalnik\",\"description\":\"Blog, porady, artyku\\u0142y - blog Skalnik\",\"inLanguage\":\"pl-PL\",\"publisher\":{\"@id\":\"https:\\\/\\\/www.skalnik.pl\\\/blog\\\/#organization\"}}]}\n\t\t<\/script>\n\t\t<!-- All in One SEO -->\n\n","aioseo_head_json":{"title":"Czapka z daszkiem, kapelusz czy buff? Ochrona g\u0142owy w g\u00f3rach - blog Skalnik","description":"Latem chro\u0144 g\u0142ow\u0119 przed upalnym s\u0142o\u0144cem. Wolisz kapelusz turystyczny, buff czy czapk\u0119 z daszkiem? Sprawd\u017a ich cechy przed zakupem.","canonical_url":"https:\/\/www.skalnik.pl\/blog\/czapka-z-daszkiem-kapelusz-czy-buff-ochrona-glowy-w-gorach\/","robots":"max-image-preview:large","keywords":"","webmasterTools":{"miscellaneous":""},"schema":{"@context":"https:\/\/schema.org","@graph":[{"@type":"BlogPosting","@id":"https:\/\/www.skalnik.pl\/blog\/czapka-z-daszkiem-kapelusz-czy-buff-ochrona-glowy-w-gorach\/#blogposting","name":"Czapka z daszkiem, kapelusz czy buff? Ochrona g\u0142owy w g\u00f3rach - blog Skalnik","headline":"Czapka z daszkiem, kapelusz czy buff? Ochrona g\u0142owy w g\u00f3rach","author":{"@id":"https:\/\/www.skalnik.pl\/blog\/author\/beata-nawrotkiewicz\/#author"},"publisher":{"@id":"https:\/\/www.skalnik.pl\/blog\/#organization"},"image":{"@type":"ImageObject","url":"https:\/\/www.skalnik.pl\/blog\/wp-content\/uploads\/2022\/05\/glowne.png","width":1920,"height":705,"caption":"m\u0119\u017cczyzna w kapeluszu na tle ska\u0142"},"datePublished":"2022-05-17T18:45:00+02:00","dateModified":"2022-08-04T09:42:03+02:00","inLanguage":"pl-PL","mainEntityOfPage":{"@id":"https:\/\/www.skalnik.pl\/blog\/czapka-z-daszkiem-kapelusz-czy-buff-ochrona-glowy-w-gorach\/#webpage"},"isPartOf":{"@id":"https:\/\/www.skalnik.pl\/blog\/czapka-z-daszkiem-kapelusz-czy-buff-ochrona-glowy-w-gorach\/#webpage"},"articleSection":"Porady, g\u00f3ry, lato, 1123"},{"@type":"BreadcrumbList","@id":"https:\/\/www.skalnik.pl\/blog\/czapka-z-daszkiem-kapelusz-czy-buff-ochrona-glowy-w-gorach\/#breadcrumblist","itemListElement":[{"@type":"ListItem","@id":"https:\/\/www.skalnik.pl\/blog#listItem","position":1,"name":"Home","item":"https:\/\/www.skalnik.pl\/blog","nextItem":{"@type":"ListItem","@id":"https:\/\/www.skalnik.pl\/blog\/.\/porady\/#listItem","name":"Porady"}},{"@type":"ListItem","@id":"https:\/\/www.skalnik.pl\/blog\/.\/porady\/#listItem","position":2,"name":"Porady","item":"https:\/\/www.skalnik.pl\/blog\/.\/porady\/","nextItem":{"@type":"ListItem","@id":"https:\/\/www.skalnik.pl\/blog\/czapka-z-daszkiem-kapelusz-czy-buff-ochrona-glowy-w-gorach\/#listItem","name":"Czapka z daszkiem, kapelusz czy buff? Ochrona g\u0142owy w g\u00f3rach"},"previousItem":{"@type":"ListItem","@id":"https:\/\/www.skalnik.pl\/blog#listItem","name":"Home"}},{"@type":"ListItem","@id":"https:\/\/www.skalnik.pl\/blog\/czapka-z-daszkiem-kapelusz-czy-buff-ochrona-glowy-w-gorach\/#listItem","position":3,"name":"Czapka z daszkiem, kapelusz czy buff? Ochrona g\u0142owy w g\u00f3rach","previousItem":{"@type":"ListItem","@id":"https:\/\/www.skalnik.pl\/blog\/.\/porady\/#listItem","name":"Porady"}}]},{"@type":"Organization","@id":"https:\/\/www.skalnik.pl\/blog\/#organization","name":"blog Skalnik","description":"Blog, porady, artyku\u0142y - blog Skalnik","url":"https:\/\/www.skalnik.pl\/blog\/"},{"@type":"Person","@id":"https:\/\/www.skalnik.pl\/blog\/author\/beata-nawrotkiewicz\/#author","url":"https:\/\/www.skalnik.pl\/blog\/author\/beata-nawrotkiewicz\/","name":"Beata Nawrotkiewicz","image":{"@type":"ImageObject","@id":"https:\/\/www.skalnik.pl\/blog\/czapka-z-daszkiem-kapelusz-czy-buff-ochrona-glowy-w-gorach\/#authorImage","url":"https:\/\/secure.gravatar.com\/avatar\/53cf81cfcc3a81694535515925ffcf159be725e8bd1fb455eeb9e2cadcaa5684?s=96&d=mm&r=g","width":96,"height":96,"caption":"Beata Nawrotkiewicz"}},{"@type":"WebPage","@id":"https:\/\/www.skalnik.pl\/blog\/czapka-z-daszkiem-kapelusz-czy-buff-ochrona-glowy-w-gorach\/#webpage","url":"https:\/\/www.skalnik.pl\/blog\/czapka-z-daszkiem-kapelusz-czy-buff-ochrona-glowy-w-gorach\/","name":"Czapka z daszkiem, kapelusz czy buff? Ochrona g\u0142owy w g\u00f3rach - blog Skalnik","description":"Latem chro\u0144 g\u0142ow\u0119 przed upalnym s\u0142o\u0144cem. Wolisz kapelusz turystyczny, buff czy czapk\u0119 z daszkiem? Sprawd\u017a ich cechy przed zakupem.","inLanguage":"pl-PL","isPartOf":{"@id":"https:\/\/www.skalnik.pl\/blog\/#website"},"breadcrumb":{"@id":"https:\/\/www.skalnik.pl\/blog\/czapka-z-daszkiem-kapelusz-czy-buff-ochrona-glowy-w-gorach\/#breadcrumblist"},"author":{"@id":"https:\/\/www.skalnik.pl\/blog\/author\/beata-nawrotkiewicz\/#author"},"creator":{"@id":"https:\/\/www.skalnik.pl\/blog\/author\/beata-nawrotkiewicz\/#author"},"image":{"@type":"ImageObject","url":"https:\/\/www.skalnik.pl\/blog\/wp-content\/uploads\/2022\/05\/glowne.png","@id":"https:\/\/www.skalnik.pl\/blog\/czapka-z-daszkiem-kapelusz-czy-buff-ochrona-glowy-w-gorach\/#mainImage","width":1920,"height":705,"caption":"m\u0119\u017cczyzna w kapeluszu na tle ska\u0142"},"primaryImageOfPage":{"@id":"https:\/\/www.skalnik.pl\/blog\/czapka-z-daszkiem-kapelusz-czy-buff-ochrona-glowy-w-gorach\/#mainImage"},"datePublished":"2022-05-17T18:45:00+02:00","dateModified":"2022-08-04T09:42:03+02:00"},{"@type":"WebSite","@id":"https:\/\/www.skalnik.pl\/blog\/#website","url":"https:\/\/www.skalnik.pl\/blog\/","name":"blog Skalnik","description":"Blog, porady, artyku\u0142y - blog Skalnik","inLanguage":"pl-PL","publisher":{"@id":"https:\/\/www.skalnik.pl\/blog\/#organization"}}]},"og:locale":"pl_PL","og:site_name":"blog Skalnik - Blog, porady, artyku\u0142y - blog Skalnik","og:type":"article","og:title":"Czapka z daszkiem, kapelusz czy buff? Ochrona g\u0142owy w g\u00f3rach - blog Skalnik","og:description":"Latem chro\u0144 g\u0142ow\u0119 przed upalnym s\u0142o\u0144cem. Wolisz kapelusz turystyczny, buff czy czapk\u0119 z daszkiem? Sprawd\u017a ich cechy przed zakupem.","og:url":"https:\/\/www.skalnik.pl\/blog\/czapka-z-daszkiem-kapelusz-czy-buff-ochrona-glowy-w-gorach\/","og:image":"https:\/\/www.skalnik.pl\/blog\/wp-content\/uploads\/2022\/05\/czapka-bieg.png","og:image:secure_url":"https:\/\/www.skalnik.pl\/blog\/wp-content\/uploads\/2022\/05\/czapka-bieg.png","og:image:width":1024,"og:image:height":683,"article:tag":["porady","g\u00f3ry","lato"],"article:published_time":"2022-05-17T16:45:00+00:00","article:modified_time":"2022-08-04T07:42:03+00:00","twitter:card":"summary_large_image","twitter:title":"Czapka z daszkiem, kapelusz czy buff? Ochrona g\u0142owy w g\u00f3rach - blog Skalnik","twitter:description":"Latem chro\u0144 g\u0142ow\u0119 przed upalnym s\u0142o\u0144cem. Wolisz kapelusz turystyczny, buff czy czapk\u0119 z daszkiem? Sprawd\u017a ich cechy przed zakupem.","twitter:image":"https:\/\/www.skalnik.pl\/blog\/wp-content\/uploads\/2022\/05\/czapka-bieg.png"},"aioseo_meta_data":{"post_id":"19961","title":null,"description":"Latem chro\u0144 g\u0142ow\u0119 przed upalnym s\u0142o\u0144cem. Wolisz kapelusz turystyczny, buff czy czapk\u0119 z daszkiem? Sprawd\u017a ich cechy przed zakupem.","keywords":"","keyphrases":null,"primary_term":null,"canonical_url":"","og_title":null,"og_description":null,"og_object_type":"default","og_image_type":"default","og_image_url":null,"og_image_width":null,"og_image_height":null,"og_image_custom_url":null,"og_image_custom_fields":null,"og_video":null,"og_custom_url":null,"og_article_section":null,"og_article_tags":null,"twitter_use_og":false,"twitter_card":"default","twitter_image_type":"default","twitter_image_url":null,"twitter_image_custom_url":null,"twitter_image_custom_fields":null,"twitter_title":null,"twitter_description":null,"schema":{"blockGraphs":[],"customGraphs":[],"default":{"data":{"Article":[],"Course":[],"Dataset":[],"FAQPage":[],"Movie":[],"Person":[],"Product":[],"ProductReview":[],"Car":[],"Recipe":[],"Service":[],"SoftwareApplication":[],"WebPage":[]},"graphName":"BlogPosting","isEnabled":true},"graphs":[]},"schema_type":"default","schema_type_options":null,"pillar_content":false,"robots_default":true,"robots_noindex":false,"robots_noarchive":false,"robots_nosnippet":false,"robots_nofollow":false,"robots_noimageindex":false,"robots_noodp":false,"robots_notranslate":false,"robots_max_snippet":null,"robots_max_videopreview":null,"robots_max_imagepreview":"large","priority":null,"frequency":null,"local_seo":null,"breadcrumb_settings":null,"limit_modified_date":false,"ai":null,"created":"2022-08-26 10:49:02","updated":"2026-02-17 22:22:29","seo_analyzer_scan_date":null},"aioseo_breadcrumb":"<div class=\"aioseo-breadcrumbs\"><span class=\"aioseo-breadcrumb\">\n\t\t\t<a href=\"https:\/\/www.skalnik.pl\/blog\" title=\"Home\">Home<\/a>\n\t\t<\/span><span class=\"aioseo-breadcrumb-separator\">&raquo;<\/span><span class=\"aioseo-breadcrumb\">\n\t\t\t<a href=\"https:\/\/www.skalnik.pl\/blog\/.\/porady\/\" title=\"Porady\">Porady<\/a>\n\t\t<\/span><span class=\"aioseo-breadcrumb-separator\">&raquo;<\/span><span class=\"aioseo-breadcrumb\">\n\t\t\tCzapka z daszkiem, kapelusz czy buff? Ochrona g\u0142owy w g\u00f3rach\n\t\t<\/span><\/div>","aioseo_breadcrumb_json":[{"label":"Home","link":"https:\/\/www.skalnik.pl\/blog"},{"label":"Porady","link":"https:\/\/www.skalnik.pl\/blog\/.\/porady\/"},{"label":"Czapka z daszkiem, kapelusz czy buff? Ochrona g\u0142owy w g\u00f3rach","link":"https:\/\/www.skalnik.pl\/blog\/czapka-z-daszkiem-kapelusz-czy-buff-ochrona-glowy-w-gorach\/"}],"_links":{"self":[{"href":"https:\/\/www.skalnik.pl\/blog\/wp-json\/wp\/v2\/posts\/19961","targetHints":{"allow":["GET"]}}],"collection":[{"href":"https:\/\/www.skalnik.pl\/blog\/wp-json\/wp\/v2\/posts"}],"about":[{"href":"https:\/\/www.skalnik.pl\/blog\/wp-json\/wp\/v2\/types\/post"}],"author":[{"embeddable":true,"href":"https:\/\/www.skalnik.pl\/blog\/wp-json\/wp\/v2\/users\/9"}],"replies":[{"embeddable":true,"href":"https:\/\/www.skalnik.pl\/blog\/wp-json\/wp\/v2\/comments?post=19961"}],"version-history":[{"count":4,"href":"https:\/\/www.skalnik.pl\/blog\/wp-json\/wp\/v2\/posts\/19961\/revisions"}],"predecessor-version":[{"id":19990,"href":"https:\/\/www.skalnik.pl\/blog\/wp-json\/wp\/v2\/posts\/19961\/revisions\/19990"}],"wp:featuredmedia":[{"embeddable":true,"href":"https:\/\/www.skalnik.pl\/blog\/wp-json\/wp\/v2\/media\/19963"}],"wp:attachment":[{"href":"https:\/\/www.skalnik.pl\/blog\/wp-json\/wp\/v2\/media?parent=19961"}],"wp:term":[{"taxonomy":"category","embeddable":true,"href":"https:\/\/www.skalnik.pl\/blog\/wp-json\/wp\/v2\/categories?post=19961"},{"taxonomy":"post_tag","embeddable":true,"href":"https:\/\/www.skalnik.pl\/blog\/wp-json\/wp\/v2\/tags?post=19961"},{"taxonomy":"magento_category","embeddable":true,"href":"https:\/\/www.skalnik.pl\/blog\/wp-json\/wp\/v2\/magento_category?post=19961"},{"taxonomy":"magento_product","embeddable":true,"href":"https:\/\/www.skalnik.pl\/blog\/wp-json\/wp\/v2\/magento_product?post=19961"}],"curies":[{"name":"wp","href":"https:\/\/api.w.org\/{rel}","templated":true}]}}