{"id":20056,"date":"2022-06-09T09:03:06","date_gmt":"2022-06-09T07:03:06","guid":{"rendered":"https:\/\/www.skalnik.pl\/blog\/?p=20056"},"modified":"2022-07-04T08:08:03","modified_gmt":"2022-07-04T06:08:03","slug":"plecaki-lowe-alpine","status":"publish","type":"post","link":"https:\/\/www.skalnik.pl\/blog\/plecaki-lowe-alpine\/","title":{"rendered":"Plecaki Lowe Alpine"},"content":{"rendered":"\n<p><strong>Plecak turystyczny mo\u017ce sta\u0107 si\u0119 twoim najwi\u0119kszym b\u0142ogos\u0142awie\u0144stwem lub przekle\u0144stwem na trekkingowym wyje\u017adzie. Chcesz zwi\u0119kszy\u0107 szanse na t\u0119 pierwsz\u0105 opcj\u0119? Postaw na plecaki Lowe Alpine i ruszaj pewnie w \u015bwiat.<\/strong><\/p>\n\n\n\n<p>Jedne marki m\u00f3wi\u0105 wiele o tym, jak bardzo ceni\u0105 innowacyjno\u015b\u0107, inne po prostu wprowadzaj\u0105 na rynek rewolucyjne rozwi\u0105zania. Lowe Alpine z pewno\u015bci\u0105 nale\u017cy do tej drugiej kategorii. W 1967 r. firma zaprezentowa\u0142a \u015bwiatu plecak w g\u00f3ry Lowe Alpine ze stela\u017cem w \u015brodku, zmieniaj\u0105c na zawsze rynek trekkingowego sprz\u0119tu.<\/p>\n\n\n\n<div id=\"ez-toc-container\" class=\"ez-toc-v2_0_85 counter-hierarchy ez-toc-counter ez-toc-light-blue ez-toc-container-direction\">\n<div class=\"ez-toc-title-container\">\n<p class=\"ez-toc-title\" style=\"cursor:inherit\">SPIS TRE\u015aCI <\/p>\n<span class=\"ez-toc-title-toggle\"><a href=\"#\" class=\"ez-toc-pull-right ez-toc-btn ez-toc-btn-xs ez-toc-btn-default ez-toc-toggle\" aria-label=\"Prze\u0142\u0105cznik Spisu Tre\u015bci\"><span class=\"ez-toc-js-icon-con\"><span class=\"\"><span class=\"eztoc-hide\" style=\"display:none;\">Toggle<\/span><span class=\"ez-toc-icon-toggle-span\"><svg style=\"fill: #999;color:#999\" xmlns=\"http:\/\/www.w3.org\/2000\/svg\" class=\"list-377408\" width=\"20px\" height=\"20px\" viewBox=\"0 0 24 24\" fill=\"none\"><path d=\"M6 6H4v2h2V6zm14 0H8v2h12V6zM4 11h2v2H4v-2zm16 0H8v2h12v-2zM4 16h2v2H4v-2zm16 0H8v2h12v-2z\" fill=\"currentColor\"><\/path><\/svg><svg style=\"fill: #999;color:#999\" class=\"arrow-unsorted-368013\" xmlns=\"http:\/\/www.w3.org\/2000\/svg\" width=\"10px\" height=\"10px\" viewBox=\"0 0 24 24\" version=\"1.2\" baseProfile=\"tiny\"><path d=\"M18.2 9.3l-6.2-6.3-6.2 6.3c-.2.2-.3.4-.3.7s.1.5.3.7c.2.2.4.3.7.3h11c.3 0 .5-.1.7-.3.2-.2.3-.5.3-.7s-.1-.5-.3-.7zM5.8 14.7l6.2 6.3 6.2-6.3c.2-.2.3-.5.3-.7s-.1-.5-.3-.7c-.2-.2-.4-.3-.7-.3h-11c-.3 0-.5.1-.7.3-.2.2-.3.5-.3.7s.1.5.3.7z\"\/><\/svg><\/span><\/span><\/span><\/a><\/span><\/div>\n<nav><ul class='ez-toc-list ez-toc-list-level-1 ' ><li class='ez-toc-page-1 ez-toc-heading-level-2'><a class=\"ez-toc-link ez-toc-heading-1\" href=\"https:\/\/www.skalnik.pl\/blog\/plecaki-lowe-alpine\/#Marka_Lowe_Alpine_poruszy_twoj_swiat\" >Marka Lowe Alpine poruszy tw\u00f3j \u015bwiat<\/a><\/li><li class='ez-toc-page-1 ez-toc-heading-level-2'><a class=\"ez-toc-link ez-toc-heading-2\" href=\"https:\/\/www.skalnik.pl\/blog\/plecaki-lowe-alpine\/#Plecaki_Lowe_Alpine_dopasowane_w_kazdej_plaszczyznie\" >Plecaki Lowe Alpine dopasowane w ka\u017cdej p\u0142aszczy\u017anie<\/a><\/li><li class='ez-toc-page-1 ez-toc-heading-level-2'><a class=\"ez-toc-link ez-toc-heading-3\" href=\"https:\/\/www.skalnik.pl\/blog\/plecaki-lowe-alpine\/#Jaki_system_nosny_kryje_plecak_Lowe_Alpine\" >Jaki system no\u015bny kryje plecak Lowe Alpine?<\/a><\/li><li class='ez-toc-page-1 ez-toc-heading-level-2'><a class=\"ez-toc-link ez-toc-heading-4\" href=\"https:\/\/www.skalnik.pl\/blog\/plecaki-lowe-alpine\/#Plecak_Lowe_Alpine_%E2%80%93_na_trekking_wspinaczke_i_miejskie_przygody\" >Plecak Lowe Alpine \u2013 na trekking, wspinaczk\u0119 i miejskie przygody<\/a><ul class='ez-toc-list-level-3' ><li class='ez-toc-heading-level-3'><a class=\"ez-toc-link ez-toc-heading-5\" href=\"https:\/\/www.skalnik.pl\/blog\/plecaki-lowe-alpine\/#Plecak_na_miejski_czas\" >Plecak na miejski czas<\/a><\/li><li class='ez-toc-page-1 ez-toc-heading-level-3'><a class=\"ez-toc-link ez-toc-heading-6\" href=\"https:\/\/www.skalnik.pl\/blog\/plecaki-lowe-alpine\/#Plecak_turystyczny_na_szybki_wypad\" >Plecak turystyczny na szybki wypad<\/a><\/li><li class='ez-toc-page-1 ez-toc-heading-level-3'><a class=\"ez-toc-link ez-toc-heading-7\" href=\"https:\/\/www.skalnik.pl\/blog\/plecaki-lowe-alpine\/#Plecak_trekkingowy_na_dlugie_wedrowki\" >Plecak trekkingowy na d\u0142ugie w\u0119dr\u00f3wki<\/a><\/li><li class='ez-toc-page-1 ez-toc-heading-level-3'><a class=\"ez-toc-link ez-toc-heading-8\" href=\"https:\/\/www.skalnik.pl\/blog\/plecaki-lowe-alpine\/#Plecak_wspinaczkowy_na_walke_ze_skala\" >Plecak wspinaczkowy na walk\u0119 ze ska\u0142\u0105<\/a><\/li><\/ul><\/li><\/ul><\/nav><\/div>\n<h2 class=\"wp-block-heading\"><span class=\"ez-toc-section\" id=\"Marka_Lowe_Alpine_poruszy_twoj_swiat\"><\/span>Marka Lowe Alpine poruszy tw\u00f3j \u015bwiat<span class=\"ez-toc-section-end\"><\/span><\/h2>\n\n\n\n<p>\u201eLowe Alpine co to za marka\u201d \u2013 takie pytanie stawia wielu turyst\u00f3w, kt\u00f3rzy rozpoczynaj\u0105 poszukiwania swojego g\u00f3rskiego plecaka. Historia Lowe Alpine si\u0119ga ko\u0144ca lat 60. XX w. Wtedy to Greg Lowe \u2013 aktywny wspinacz i jednocze\u015bnie konstruktor \u2013 za\u0142o\u017cy\u0142 firm\u0119 wraz z dw\u00f3jk\u0105 swoich braci.<\/p>\n\n\n\n<p>Lowe Alpine zawsze stara\u0142o si\u0119 wybiera\u0107 now\u0105 drog\u0119, a nie pod\u0105\u017ca\u0107 utartymi szlakami. Dowodem na t\u0119 filozofi\u0119 jest cho\u0107by wprowadzenie na rynek plecaka o regulowanej d\u0142ugo\u015bci plec\u00f3w. Teraz to rozwi\u0105zanie, kt\u00f3re na pewno docenisz po kilku dniach w\u0119dr\u00f3wki ze sporym obci\u0105\u017ceniem, jest powszechnie stosowane w modelach plecak\u00f3w projektowanych przez r\u00f3\u017cne firmy.<\/p>\n\n\n\n<div class=\"wp-block-image\"><figure class=\"aligncenter size-full\"><img loading=\"lazy\" decoding=\"async\" width=\"1024\" height=\"1024\" src=\"https:\/\/www.skalnik.pl\/blog\/wp-content\/uploads\/2022\/06\/Plecak-trekkingowy-Lowe-Alpine.jpg\" alt=\"Plecak trekkingowy Lowe Alpine\" class=\"wp-image-20066\" srcset=\"https:\/\/www.skalnik.pl\/blog\/wp-content\/uploads\/2022\/06\/Plecak-trekkingowy-Lowe-Alpine.jpg 1024w, https:\/\/www.skalnik.pl\/blog\/wp-content\/uploads\/2022\/06\/Plecak-trekkingowy-Lowe-Alpine-300x300.jpg 300w, https:\/\/www.skalnik.pl\/blog\/wp-content\/uploads\/2022\/06\/Plecak-trekkingowy-Lowe-Alpine-768x768.jpg 768w\" sizes=\"auto, (max-width: 1024px) 100vw, 1024px\" \/><figcaption><em>Z plecakiem Lowe Alpine mo\u017cesz pod\u0105\u017ca\u0107 tam, gdzie chcesz (fot. Lowe Alpine)<\/em><\/figcaption><\/figure><\/div>\n\n\n\n<p>Marka Lowe Alpine nale\u017cy obecnie do firmy Rab. Te dwie nazwy \u0142\u0105czy mi\u0142o\u015b\u0107 do g\u00f3r i pasja do projektowania wygodnego oraz dobrego jako\u015bciowo sprz\u0119tu.<\/p>\n\n\n\n<p><span class=\"has-inline-color has-vivid-cyan-blue-color\">Zobacz wszystkie produkty <strong><a href=\"https:\/\/www.skalnik.pl\/lowe-alpine\" target=\"_blank\" rel=\"noreferrer noopener\">Lowe Alpine<\/a><\/strong> w naszym sklepie.<\/span><\/p>\n\n\n\n<h2 class=\"wp-block-heading\"><span class=\"ez-toc-section\" id=\"Plecaki_Lowe_Alpine_dopasowane_w_kazdej_plaszczyznie\"><\/span>Plecaki Lowe Alpine dopasowane w ka\u017cdej p\u0142aszczy\u017anie<span class=\"ez-toc-section-end\"><\/span><\/h2>\n\n\n\n<p>Gdybym mia\u0142a opisa\u0107 plecaki Lowe Alpine jednym s\u0142owem, wybra\u0142abym okre\u015blenie \u201edopasowane\u201d. Lowe Alpine nie promuje jednego uniwersalnego rozmiaru pasuj\u0105cego w teorii do ka\u017cdego, a w praktyce do nikogo. Zamiast tego marka zaprojektowa\u0142a systemy no\u015bne, kt\u00f3re mo\u017cesz wyregulowa\u0107 w dowolny spos\u00f3b i dopasowa\u0107 do swoich indywidualnych potrzeb.<\/p>\n\n\n\n<div class=\"wp-block-image\"><figure class=\"aligncenter size-full\"><img loading=\"lazy\" decoding=\"async\" width=\"1024\" height=\"768\" src=\"https:\/\/www.skalnik.pl\/blog\/wp-content\/uploads\/2022\/06\/Plecak-Lowe-Alpine-AirZone.jpg\" alt=\"Plecak Lowe Alpine AirZone\" class=\"wp-image-20063\" srcset=\"https:\/\/www.skalnik.pl\/blog\/wp-content\/uploads\/2022\/06\/Plecak-Lowe-Alpine-AirZone.jpg 1024w, https:\/\/www.skalnik.pl\/blog\/wp-content\/uploads\/2022\/06\/Plecak-Lowe-Alpine-AirZone-300x225.jpg 300w, https:\/\/www.skalnik.pl\/blog\/wp-content\/uploads\/2022\/06\/Plecak-Lowe-Alpine-AirZone-768x576.jpg 768w\" sizes=\"auto, (max-width: 1024px) 100vw, 1024px\" \/><figcaption><em>Plecak Lowe Alpine dopasujesz do swoich indywidualnych wymaga\u0144 i potrzeb (fot. Lowe Alpine)<\/em><\/figcaption><\/figure><\/div>\n\n\n\n<p>Kobiety, a tak\u017ce m\u0119\u017cczy\u017ani o drobniejszej posturze, powinni zwr\u00f3ci\u0107 uwag\u0119 na plecaki Lowe Alpine oznaczone <strong>literkami ND<\/strong>. Taki plecak w g\u00f3ry ma system no\u015bny zoptymalizowany pod k\u0105tem smuklejszej sylwetki. W\u0119\u017cszy rozstaw, inne profilowanie pas\u00f3w ramieniowych oraz biodrowego, mniejsza waga \u2013 wszystko po to, by sprz\u0119t sprawdzi\u0142 si\u0119 jako plecak turystyczny damski.<\/p>\n\n\n\n<h2 class=\"wp-block-heading\"><span class=\"ez-toc-section\" id=\"Jaki_system_nosny_kryje_plecak_Lowe_Alpine\"><\/span>Jaki system no\u015bny kryje plecak Lowe Alpine?<span class=\"ez-toc-section-end\"><\/span><\/h2>\n\n\n\n<p>Bez dobrego systemu no\u015bnego nie ma plecaka wysokiej jako\u015bci. Jaki system kryje si\u0119 zatem w modelach projektowanych przez Lowe Alpine?<\/p>\n\n\n\n<p>Sztandarowym projektem Lowe Alpine jest <strong>system AirZone<\/strong>, kt\u00f3rego baz\u0105 jest mocno wyci\u0119ta, usztywniona siatka dystansuj\u0105ca. Dzi\u0119ki niej powietrze mo\u017ce swobodnie kr\u0105\u017cy\u0107 i twoje plecy s\u0105 ca\u0142y czas wentylowane. System no\u015bny po\u0142\u0105czony jest z p\u00f3\u0142sztywnym pasem biodrowym, kt\u00f3ry porusza si\u0119 wraz z turyst\u0105, zapewniaj\u0105c stabilno\u015b\u0107 nawet w trudnym terenie. Plecak turystyczny wyposa\u017cony w taki pas bardzo dobrze rozk\u0142ada obci\u0105\u017cenia, wi\u0119c nawet po ca\u0142ym dniu w\u0119dr\u00f3wki b\u0119dziesz mie\u0107 si\u0142y i ochot\u0119 na kolejne wyzwania.<\/p>\n\n\n\n<iframe loading=\"lazy\" src=\"https:\/\/www.youtube.com\/embed\/mviXCENvzCE\" title=\"YouTube video player\" allow=\"accelerometer; autoplay; clipboard-write; encrypted-media; gyroscope; picture-in-picture\" allowfullscreen=\"\" width=\"800\" height=\"442\" frameborder=\"0\"><\/iframe>\n\n\n\n<p>W niekt\u00f3rych plecakach Lowe Alpine spotkasz <strong>system no\u015bny Air Contour X <\/strong>wyposa\u017cony w siateczk\u0119 separuj\u0105c\u0105 oraz ruchomy pas biodrowy. Ten system jest regulowany na d\u0142ugo\u015b\u0107 i szeroko\u015b\u0107, wi\u0119c mo\u017cesz dopasowa\u0107 plecak g\u00f3rski do swojej sylwetki.<\/p>\n\n\n\n<h2 class=\"wp-block-heading\"><span class=\"ez-toc-section\" id=\"Plecak_Lowe_Alpine_%E2%80%93_na_trekking_wspinaczke_i_miejskie_przygody\"><\/span>Plecak Lowe Alpine \u2013 <strong>na trekking, wspinaczk\u0119 i miejskie przygody<\/strong><span class=\"ez-toc-section-end\"><\/span><\/h2>\n\n\n\n<p>Lekkie, wytrzyma\u0142e oraz wyposa\u017cone w wiele troczk\u00f3w plecaki Lowe Alpine sprawdzaj\u0105 si\u0119 \u015bwietnie na d\u0142ugich trekkingach. W ofercie tej marki znajdziesz te\u017c jednak modele dla wspinaczy, mi\u0142o\u015bnik\u00f3w kr\u00f3tkich wypad\u00f3w na \u0142ono natury i miejskich wyjadaczy. Trzeba jedynie dobra\u0107 taki plecak turystyczny, kt\u00f3ry b\u0119dzie odpowiada\u0142 twoim potrzebom.<\/p>\n\n\n\n<h3 class=\"wp-block-heading\"><span class=\"ez-toc-section\" id=\"Plecak_na_miejski_czas\"><\/span>Plecak na miejski czas<span class=\"ez-toc-section-end\"><\/span><\/h3>\n\n\n\n<p>Praca, szybkie zakupy, kino, a potem spotkanie ze znajomymi? Je\u015bli tw\u00f3j plecak musi pomie\u015bci\u0107 wszystko, co b\u0119dzie potrzebne w trakcie ca\u0142ego dnia na mie\u015bcie, zwr\u00f3\u0107 uwag\u0119 na plecak <strong>Lowe Alpine Edge<\/strong>. Pojemno\u015b\u0107 26 l i specjalna kiesze\u0144 na laptopa sprawiaj\u0105, \u017ce bezpiecznie roz\u0142o\u017cysz w nim wszystkie potrzebne rzeczy. Ten model posiada wygodne szelki, a tak\u017ce odpinany pas biodrowy oraz pas piersiowy z gwizdkiem, wi\u0119c nada si\u0119 r\u00f3wnie\u017c jako ma\u0142y plecak turystyczny.<\/p>\n\n\n\n<div class=\"wp-block-image\"><figure class=\"aligncenter size-full\"><img loading=\"lazy\" decoding=\"async\" width=\"1024\" height=\"768\" src=\"https:\/\/www.skalnik.pl\/blog\/wp-content\/uploads\/2022\/06\/Lowe-Alpine-Edge.jpg\" alt=\"Lowe Alpine Edge\" class=\"wp-image-20064\" srcset=\"https:\/\/www.skalnik.pl\/blog\/wp-content\/uploads\/2022\/06\/Lowe-Alpine-Edge.jpg 1024w, https:\/\/www.skalnik.pl\/blog\/wp-content\/uploads\/2022\/06\/Lowe-Alpine-Edge-300x225.jpg 300w, https:\/\/www.skalnik.pl\/blog\/wp-content\/uploads\/2022\/06\/Lowe-Alpine-Edge-768x576.jpg 768w\" sizes=\"auto, (max-width: 1024px) 100vw, 1024px\" \/><figcaption><em>Lowe Alpine Edge to dobry towarzysz zar\u00f3wno na kr\u00f3tki wypad na \u0142ono natury, jak i do miasta (fot. Lowe Alpine)<\/em><\/figcaption><\/figure><\/div>\n\n\n\n<p>Potrzebujesz nieco wi\u0119cej miejsca? <strong>Plecak turystyczny 30 l Phase<\/strong> sprawdzi si\u0119 zar\u00f3wno na kr\u00f3tkich wycieczkach na \u0142ono natury, jak i w mie\u015bcie.<\/p>\n\n\n\n<h3 class=\"wp-block-heading\"><span class=\"ez-toc-section\" id=\"Plecak_turystyczny_na_szybki_wypad\"><\/span>Plecak turystyczny na szybki wypad<span class=\"ez-toc-section-end\"><\/span><\/h3>\n\n\n\n<p><strong>AirZone Trail ND 24<\/strong> to plecak turystyczny damski stworzony z my\u015bl\u0105 o jedno- i dwudniowych wycieczkach za miasto. Wyposa\u017cono go w wentylowany system no\u015bny AirZone oraz uchwyty TipGripped z os\u0142on\u0105 na groty, kt\u00f3re pozwol\u0105 ci przytroczy\u0107 bezpiecznie kijki. Ten plecak g\u00f3rski jest te\u017c odporny na opady. Materia\u0142 pokryto pow\u0142ok\u0105 hydrofobow\u0105 HydroShield, a do plecaka do\u0142\u0105czono pokrowiec.<\/p>\n\n\n\n<div class=\"wp-block-image\"><figure class=\"aligncenter size-full\"><img loading=\"lazy\" decoding=\"async\" width=\"1024\" height=\"768\" src=\"https:\/\/www.skalnik.pl\/blog\/wp-content\/uploads\/2022\/06\/System-no\u015bny-Airzone.jpg\" alt=\"System no\u015bny AirZone\" class=\"wp-image-20061\" srcset=\"https:\/\/www.skalnik.pl\/blog\/wp-content\/uploads\/2022\/06\/System-no\u015bny-Airzone.jpg 1024w, https:\/\/www.skalnik.pl\/blog\/wp-content\/uploads\/2022\/06\/System-no\u015bny-Airzone-300x225.jpg 300w, https:\/\/www.skalnik.pl\/blog\/wp-content\/uploads\/2022\/06\/System-no\u015bny-Airzone-768x576.jpg 768w\" sizes=\"auto, (max-width: 1024px) 100vw, 1024px\" \/><figcaption><em>Wygodny system no\u015bny to podstawa ka\u017cdego dobrego plecaka (fot. Lowe Alpine)<\/em><\/figcaption><\/figure><\/div>\n\n\n\n<h3 class=\"wp-block-heading\"><span class=\"ez-toc-section\" id=\"Plecak_trekkingowy_na_dlugie_wedrowki\"><\/span>Plecak trekkingowy na d\u0142ugie w\u0119dr\u00f3wki<span class=\"ez-toc-section-end\"><\/span><\/h3>\n\n\n\n<p>Szykujesz si\u0119 na d\u0142u\u017csz\u0105 wypraw\u0119? <strong>Plecak trekkingowy Cholatse ND 40 <\/strong>pomie\u015bci wszystko, co b\u0119dzie ci potrzebne na kilkudniowej w\u0119dr\u00f3wce. Je\u017celi sprz\u0119t noclegowy niesiesz na sp\u00f3\u0142k\u0119 z drug\u0105 osob\u0105, to ten plecak turystyczny 40 l wystarczy te\u017c na d\u0142u\u017cszej wycieczce. Model Cholatse, podobnie jak inne plecaki Lowe Alpine, jest kompatybilny z systemem hydracyjnym, a podzia\u0142 komory na dwie cz\u0119\u015bci u\u0142atwia organizacj\u0119 sprz\u0119tu.<\/p>\n\n\n\n<p>Je\u015bli natomiast zabierasz ze sob\u0105 naprawd\u0119 du\u017co rzeczy, zwr\u00f3\u0107 uwag\u0119 na <strong>plecak trekkingowy Sirac o pojemno\u015bci a\u017c 65 l<\/strong>. Wentylowany i regulowany system no\u015bny Air Contour X, ruchomy pas biodrowy, r\u0119kaw na system nawadniaj\u0105cy, odporne materia\u0142y pozyskane w wi\u0119kszo\u015bci z recyklingu \u2013 ten plecak w g\u00f3ry zaprojektowano tak, by sprawdzi\u0142 si\u0119 na nawet najtrudniejszej wyprawie.<\/p>\n\n\n\n<iframe loading=\"lazy\" src=\"https:\/\/www.youtube.com\/embed\/cSma7JFUd0k\" title=\"YouTube video player\" allow=\"accelerometer; autoplay; clipboard-write; encrypted-media; gyroscope; picture-in-picture\" allowfullscreen=\"\" width=\"800\" height=\"442\" frameborder=\"0\"><\/iframe>\n\n\n\n<h3 class=\"wp-block-heading\"><span class=\"ez-toc-section\" id=\"Plecak_wspinaczkowy_na_walke_ze_skala\"><\/span>Plecak wspinaczkowy na walk\u0119 ze ska\u0142\u0105<span class=\"ez-toc-section-end\"><\/span><\/h3>\n\n\n\n<p>Waga, waga i jeszcze raz waga \u2013 to w\u0142a\u015bnie ma znaczenie dla wspinaczy wybieraj\u0105cych plecak dla siebie. Dlatego te\u017c <strong>plecak wspinaczkowy Renegade 28<\/strong> wa\u017cy tylko 950 g. Posiada on tak\u017ce specjalny zaczep na czekany. Mo\u017cna r\u00f3wnie\u017c przytroczy\u0107 do niego lin\u0119. Jednocze\u015bnie plecak pozbawiono wystaj\u0105cych element\u00f3w, kt\u00f3re mog\u0142yby zahaczy\u0107 o ska\u0142\u0119. Plecak g\u00f3rski Renegade z pewno\u015bci\u0105 spodoba si\u0119 wszelkim mi\u0142o\u015bnikom dzia\u0142a\u0144 fast &amp; light.<\/p>\n\n\n\n<p>Plecak turystyczny to jeden z najwa\u017cniejszych element\u00f3w twojego g\u00f3rskiego wyposa\u017cenia bezpo\u015brednio wp\u0142ywaj\u0105cy na komfort i powodzenie w\u0119dr\u00f3wki. Wybieraj\u0105c plecak Lowe Alpine, stawiasz na nisk\u0105 wag\u0119, funkcjonalne rozwi\u0105zania i wytrzyma\u0142e materia\u0142y. Pozw\u00f3l wi\u0119c marce poruszy\u0107 tw\u00f3j \u015bwiat: zarzu\u0107 plecak na ramiona, zapnij pasy i odkryj \u015bwiat czekaj\u0105cy za drzwiami.<\/p>\n\n\n\n<p class=\"has-text-align-right\"><em>Katarzyna Ha\u0142upka<\/em><\/p>\n\n\n\n<p><span class=\"has-inline-color has-vivid-cyan-blue-color\">Kliknij w link i odkryj <strong><a href=\"https:\/\/www.skalnik.pl\/sprzet-turystyczny\/plecaki\/marka:lowe+alpine\" target=\"_blank\" rel=\"noreferrer noopener\">plecaki Lowe Alpine<\/a><\/strong>.<\/span><\/p>\n","protected":false},"excerpt":{"rendered":"<p>Wygoda noszenia, niska waga i wytrzyma\u0142o\u015b\u0107 w jednym? Poznaj plecaki Lowe Alpine i porusz sw\u00f3j \u015bwiat.<\/p>\n","protected":false},"author":7,"featured_media":20060,"comment_status":"open","ping_status":"open","sticky":false,"template":"","format":"standard","meta":{"_acf_changed":false,"footnotes":""},"categories":[5],"tags":[23,95,91],"magento_category":[51],"magento_product":[],"class_list":["post-20056","post","type-post","status-publish","format-standard","has-post-thumbnail","hentry","category-branza","tag-plecaki","tag-sprzet-turystyczny","tag-trekking"],"acf":[],"aioseo_notices":[],"aioseo_head":"\n\t\t<!-- All in One SEO 4.9.10 - aioseo.com -->\n\t<meta name=\"description\" content=\"Lekki, wytrzyma\u0142y i wygodny - taki powinien by\u0107 plecak turystyczny. Poznaj plecaki Lowe Alpine i znajd\u017a plecak trekkingowy dla siebie.\" \/>\n\t<meta name=\"robots\" content=\"max-image-preview:large\" \/>\n\t<meta name=\"author\" content=\"Redakcja skalnik.pl\"\/>\n\t<link rel=\"canonical\" href=\"https:\/\/www.skalnik.pl\/blog\/plecaki-lowe-alpine\/\" \/>\n\t<meta name=\"generator\" content=\"All in One SEO (AIOSEO) 4.9.10\" \/>\n\t\t<meta property=\"og:locale\" content=\"pl_PL\" \/>\n\t\t<meta property=\"og:site_name\" content=\"blog Skalnik - Blog, porady, artyku\u0142y - blog Skalnik\" \/>\n\t\t<meta property=\"og:type\" content=\"article\" \/>\n\t\t<meta property=\"og:title\" content=\"Plecaki Lowe Alpine - blog Skalnik\" \/>\n\t\t<meta property=\"og:description\" content=\"Lekki, wytrzyma\u0142y i wygodny - taki powinien by\u0107 plecak turystyczny. Poznaj plecaki Lowe Alpine i znajd\u017a plecak trekkingowy dla siebie.\" \/>\n\t\t<meta property=\"og:url\" content=\"https:\/\/www.skalnik.pl\/blog\/plecaki-lowe-alpine\/\" \/>\n\t\t<meta property=\"og:image\" content=\"https:\/\/www.skalnik.pl\/blog\/wp-content\/uploads\/2022\/06\/Plecak-trekkingowy-Lowe-Alpine.jpg\" \/>\n\t\t<meta property=\"og:image:secure_url\" content=\"https:\/\/www.skalnik.pl\/blog\/wp-content\/uploads\/2022\/06\/Plecak-trekkingowy-Lowe-Alpine.jpg\" \/>\n\t\t<meta property=\"og:image:width\" content=\"1024\" \/>\n\t\t<meta property=\"og:image:height\" content=\"1024\" \/>\n\t\t<meta property=\"article:tag\" content=\"bran\u017ca\" \/>\n\t\t<meta property=\"article:tag\" content=\"plecaki\" \/>\n\t\t<meta property=\"article:tag\" content=\"sprz\u0119t turystyczny\" \/>\n\t\t<meta property=\"article:tag\" content=\"trekking\" \/>\n\t\t<meta property=\"article:published_time\" content=\"2022-06-09T07:03:06+00:00\" \/>\n\t\t<meta property=\"article:modified_time\" content=\"2022-07-04T06:08:03+00:00\" \/>\n\t\t<meta name=\"twitter:card\" content=\"summary_large_image\" \/>\n\t\t<meta name=\"twitter:title\" content=\"Plecaki Lowe Alpine - blog Skalnik\" \/>\n\t\t<meta name=\"twitter:description\" content=\"Lekki, wytrzyma\u0142y i wygodny - taki powinien by\u0107 plecak turystyczny. Poznaj plecaki Lowe Alpine i znajd\u017a plecak trekkingowy dla siebie.\" \/>\n\t\t<meta name=\"twitter:image\" content=\"https:\/\/www.skalnik.pl\/blog\/wp-content\/uploads\/2022\/06\/Plecak-trekkingowy-Lowe-Alpine.jpg\" \/>\n\t\t<script type=\"application\/ld+json\" class=\"aioseo-schema\">\n\t\t\t{\"@context\":\"https:\\\/\\\/schema.org\",\"@graph\":[{\"@type\":\"BlogPosting\",\"@id\":\"https:\\\/\\\/www.skalnik.pl\\\/blog\\\/plecaki-lowe-alpine\\\/#blogposting\",\"name\":\"Plecaki Lowe Alpine - blog Skalnik\",\"headline\":\"Plecaki Lowe Alpine\",\"author\":{\"@id\":\"https:\\\/\\\/www.skalnik.pl\\\/blog\\\/author\\\/redakcja-skalnik-pl\\\/#author\"},\"publisher\":{\"@id\":\"https:\\\/\\\/www.skalnik.pl\\\/blog\\\/#organization\"},\"image\":{\"@type\":\"ImageObject\",\"url\":\"https:\\\/\\\/www.skalnik.pl\\\/blog\\\/wp-content\\\/uploads\\\/2022\\\/06\\\/Lowe-Alpine-plecaki.jpg\",\"width\":1920,\"height\":705,\"caption\":\"Plecaki Lowe Alpine\"},\"datePublished\":\"2022-06-09T09:03:06+02:00\",\"dateModified\":\"2022-07-04T08:08:03+02:00\",\"inLanguage\":\"pl-PL\",\"mainEntityOfPage\":{\"@id\":\"https:\\\/\\\/www.skalnik.pl\\\/blog\\\/plecaki-lowe-alpine\\\/#webpage\"},\"isPartOf\":{\"@id\":\"https:\\\/\\\/www.skalnik.pl\\\/blog\\\/plecaki-lowe-alpine\\\/#webpage\"},\"articleSection\":\"Bran\\u017ca, plecaki, sprz\\u0119t turystyczny, trekking, 1202\"},{\"@type\":\"BreadcrumbList\",\"@id\":\"https:\\\/\\\/www.skalnik.pl\\\/blog\\\/plecaki-lowe-alpine\\\/#breadcrumblist\",\"itemListElement\":[{\"@type\":\"ListItem\",\"@id\":\"https:\\\/\\\/www.skalnik.pl\\\/blog#listItem\",\"position\":1,\"name\":\"Home\",\"item\":\"https:\\\/\\\/www.skalnik.pl\\\/blog\",\"nextItem\":{\"@type\":\"ListItem\",\"@id\":\"https:\\\/\\\/www.skalnik.pl\\\/blog\\\/.\\\/branza\\\/#listItem\",\"name\":\"Bran\\u017ca\"}},{\"@type\":\"ListItem\",\"@id\":\"https:\\\/\\\/www.skalnik.pl\\\/blog\\\/.\\\/branza\\\/#listItem\",\"position\":2,\"name\":\"Bran\\u017ca\",\"item\":\"https:\\\/\\\/www.skalnik.pl\\\/blog\\\/.\\\/branza\\\/\",\"nextItem\":{\"@type\":\"ListItem\",\"@id\":\"https:\\\/\\\/www.skalnik.pl\\\/blog\\\/plecaki-lowe-alpine\\\/#listItem\",\"name\":\"Plecaki Lowe Alpine\"},\"previousItem\":{\"@type\":\"ListItem\",\"@id\":\"https:\\\/\\\/www.skalnik.pl\\\/blog#listItem\",\"name\":\"Home\"}},{\"@type\":\"ListItem\",\"@id\":\"https:\\\/\\\/www.skalnik.pl\\\/blog\\\/plecaki-lowe-alpine\\\/#listItem\",\"position\":3,\"name\":\"Plecaki Lowe Alpine\",\"previousItem\":{\"@type\":\"ListItem\",\"@id\":\"https:\\\/\\\/www.skalnik.pl\\\/blog\\\/.\\\/branza\\\/#listItem\",\"name\":\"Bran\\u017ca\"}}]},{\"@type\":\"Organization\",\"@id\":\"https:\\\/\\\/www.skalnik.pl\\\/blog\\\/#organization\",\"name\":\"blog Skalnik\",\"description\":\"Blog, porady, artyku\\u0142y - blog Skalnik\",\"url\":\"https:\\\/\\\/www.skalnik.pl\\\/blog\\\/\"},{\"@type\":\"Person\",\"@id\":\"https:\\\/\\\/www.skalnik.pl\\\/blog\\\/author\\\/redakcja-skalnik-pl\\\/#author\",\"url\":\"https:\\\/\\\/www.skalnik.pl\\\/blog\\\/author\\\/redakcja-skalnik-pl\\\/\",\"name\":\"Redakcja skalnik.pl\",\"image\":{\"@type\":\"ImageObject\",\"@id\":\"https:\\\/\\\/www.skalnik.pl\\\/blog\\\/plecaki-lowe-alpine\\\/#authorImage\",\"url\":\"https:\\\/\\\/secure.gravatar.com\\\/avatar\\\/7eab29b048aaf0899cd9a145e9adb814e2130ced31e65b454b902500bea65f9e?s=96&d=mm&r=g\",\"width\":96,\"height\":96,\"caption\":\"Redakcja skalnik.pl\"}},{\"@type\":\"WebPage\",\"@id\":\"https:\\\/\\\/www.skalnik.pl\\\/blog\\\/plecaki-lowe-alpine\\\/#webpage\",\"url\":\"https:\\\/\\\/www.skalnik.pl\\\/blog\\\/plecaki-lowe-alpine\\\/\",\"name\":\"Plecaki Lowe Alpine - blog Skalnik\",\"description\":\"Lekki, wytrzyma\\u0142y i wygodny - taki powinien by\\u0107 plecak turystyczny. Poznaj plecaki Lowe Alpine i znajd\\u017a plecak trekkingowy dla siebie.\",\"inLanguage\":\"pl-PL\",\"isPartOf\":{\"@id\":\"https:\\\/\\\/www.skalnik.pl\\\/blog\\\/#website\"},\"breadcrumb\":{\"@id\":\"https:\\\/\\\/www.skalnik.pl\\\/blog\\\/plecaki-lowe-alpine\\\/#breadcrumblist\"},\"author\":{\"@id\":\"https:\\\/\\\/www.skalnik.pl\\\/blog\\\/author\\\/redakcja-skalnik-pl\\\/#author\"},\"creator\":{\"@id\":\"https:\\\/\\\/www.skalnik.pl\\\/blog\\\/author\\\/redakcja-skalnik-pl\\\/#author\"},\"image\":{\"@type\":\"ImageObject\",\"url\":\"https:\\\/\\\/www.skalnik.pl\\\/blog\\\/wp-content\\\/uploads\\\/2022\\\/06\\\/Lowe-Alpine-plecaki.jpg\",\"@id\":\"https:\\\/\\\/www.skalnik.pl\\\/blog\\\/plecaki-lowe-alpine\\\/#mainImage\",\"width\":1920,\"height\":705,\"caption\":\"Plecaki Lowe Alpine\"},\"primaryImageOfPage\":{\"@id\":\"https:\\\/\\\/www.skalnik.pl\\\/blog\\\/plecaki-lowe-alpine\\\/#mainImage\"},\"datePublished\":\"2022-06-09T09:03:06+02:00\",\"dateModified\":\"2022-07-04T08:08:03+02:00\"},{\"@type\":\"WebSite\",\"@id\":\"https:\\\/\\\/www.skalnik.pl\\\/blog\\\/#website\",\"url\":\"https:\\\/\\\/www.skalnik.pl\\\/blog\\\/\",\"name\":\"blog Skalnik\",\"description\":\"Blog, porady, artyku\\u0142y - blog Skalnik\",\"inLanguage\":\"pl-PL\",\"publisher\":{\"@id\":\"https:\\\/\\\/www.skalnik.pl\\\/blog\\\/#organization\"}}]}\n\t\t<\/script>\n\t\t<!-- All in One SEO -->\n\n","aioseo_head_json":{"title":"Plecaki Lowe Alpine - blog Skalnik","description":"Lekki, wytrzyma\u0142y i wygodny - taki powinien by\u0107 plecak turystyczny. Poznaj plecaki Lowe Alpine i znajd\u017a plecak trekkingowy dla siebie.","canonical_url":"https:\/\/www.skalnik.pl\/blog\/plecaki-lowe-alpine\/","robots":"max-image-preview:large","keywords":"","webmasterTools":{"miscellaneous":""},"schema":{"@context":"https:\/\/schema.org","@graph":[{"@type":"BlogPosting","@id":"https:\/\/www.skalnik.pl\/blog\/plecaki-lowe-alpine\/#blogposting","name":"Plecaki Lowe Alpine - blog Skalnik","headline":"Plecaki Lowe Alpine","author":{"@id":"https:\/\/www.skalnik.pl\/blog\/author\/redakcja-skalnik-pl\/#author"},"publisher":{"@id":"https:\/\/www.skalnik.pl\/blog\/#organization"},"image":{"@type":"ImageObject","url":"https:\/\/www.skalnik.pl\/blog\/wp-content\/uploads\/2022\/06\/Lowe-Alpine-plecaki.jpg","width":1920,"height":705,"caption":"Plecaki Lowe Alpine"},"datePublished":"2022-06-09T09:03:06+02:00","dateModified":"2022-07-04T08:08:03+02:00","inLanguage":"pl-PL","mainEntityOfPage":{"@id":"https:\/\/www.skalnik.pl\/blog\/plecaki-lowe-alpine\/#webpage"},"isPartOf":{"@id":"https:\/\/www.skalnik.pl\/blog\/plecaki-lowe-alpine\/#webpage"},"articleSection":"Bran\u017ca, plecaki, sprz\u0119t turystyczny, trekking, 1202"},{"@type":"BreadcrumbList","@id":"https:\/\/www.skalnik.pl\/blog\/plecaki-lowe-alpine\/#breadcrumblist","itemListElement":[{"@type":"ListItem","@id":"https:\/\/www.skalnik.pl\/blog#listItem","position":1,"name":"Home","item":"https:\/\/www.skalnik.pl\/blog","nextItem":{"@type":"ListItem","@id":"https:\/\/www.skalnik.pl\/blog\/.\/branza\/#listItem","name":"Bran\u017ca"}},{"@type":"ListItem","@id":"https:\/\/www.skalnik.pl\/blog\/.\/branza\/#listItem","position":2,"name":"Bran\u017ca","item":"https:\/\/www.skalnik.pl\/blog\/.\/branza\/","nextItem":{"@type":"ListItem","@id":"https:\/\/www.skalnik.pl\/blog\/plecaki-lowe-alpine\/#listItem","name":"Plecaki Lowe Alpine"},"previousItem":{"@type":"ListItem","@id":"https:\/\/www.skalnik.pl\/blog#listItem","name":"Home"}},{"@type":"ListItem","@id":"https:\/\/www.skalnik.pl\/blog\/plecaki-lowe-alpine\/#listItem","position":3,"name":"Plecaki Lowe Alpine","previousItem":{"@type":"ListItem","@id":"https:\/\/www.skalnik.pl\/blog\/.\/branza\/#listItem","name":"Bran\u017ca"}}]},{"@type":"Organization","@id":"https:\/\/www.skalnik.pl\/blog\/#organization","name":"blog Skalnik","description":"Blog, porady, artyku\u0142y - blog Skalnik","url":"https:\/\/www.skalnik.pl\/blog\/"},{"@type":"Person","@id":"https:\/\/www.skalnik.pl\/blog\/author\/redakcja-skalnik-pl\/#author","url":"https:\/\/www.skalnik.pl\/blog\/author\/redakcja-skalnik-pl\/","name":"Redakcja skalnik.pl","image":{"@type":"ImageObject","@id":"https:\/\/www.skalnik.pl\/blog\/plecaki-lowe-alpine\/#authorImage","url":"https:\/\/secure.gravatar.com\/avatar\/7eab29b048aaf0899cd9a145e9adb814e2130ced31e65b454b902500bea65f9e?s=96&d=mm&r=g","width":96,"height":96,"caption":"Redakcja skalnik.pl"}},{"@type":"WebPage","@id":"https:\/\/www.skalnik.pl\/blog\/plecaki-lowe-alpine\/#webpage","url":"https:\/\/www.skalnik.pl\/blog\/plecaki-lowe-alpine\/","name":"Plecaki Lowe Alpine - blog Skalnik","description":"Lekki, wytrzyma\u0142y i wygodny - taki powinien by\u0107 plecak turystyczny. Poznaj plecaki Lowe Alpine i znajd\u017a plecak trekkingowy dla siebie.","inLanguage":"pl-PL","isPartOf":{"@id":"https:\/\/www.skalnik.pl\/blog\/#website"},"breadcrumb":{"@id":"https:\/\/www.skalnik.pl\/blog\/plecaki-lowe-alpine\/#breadcrumblist"},"author":{"@id":"https:\/\/www.skalnik.pl\/blog\/author\/redakcja-skalnik-pl\/#author"},"creator":{"@id":"https:\/\/www.skalnik.pl\/blog\/author\/redakcja-skalnik-pl\/#author"},"image":{"@type":"ImageObject","url":"https:\/\/www.skalnik.pl\/blog\/wp-content\/uploads\/2022\/06\/Lowe-Alpine-plecaki.jpg","@id":"https:\/\/www.skalnik.pl\/blog\/plecaki-lowe-alpine\/#mainImage","width":1920,"height":705,"caption":"Plecaki Lowe Alpine"},"primaryImageOfPage":{"@id":"https:\/\/www.skalnik.pl\/blog\/plecaki-lowe-alpine\/#mainImage"},"datePublished":"2022-06-09T09:03:06+02:00","dateModified":"2022-07-04T08:08:03+02:00"},{"@type":"WebSite","@id":"https:\/\/www.skalnik.pl\/blog\/#website","url":"https:\/\/www.skalnik.pl\/blog\/","name":"blog Skalnik","description":"Blog, porady, artyku\u0142y - blog Skalnik","inLanguage":"pl-PL","publisher":{"@id":"https:\/\/www.skalnik.pl\/blog\/#organization"}}]},"og:locale":"pl_PL","og:site_name":"blog Skalnik - Blog, porady, artyku\u0142y - blog Skalnik","og:type":"article","og:title":"Plecaki Lowe Alpine - blog Skalnik","og:description":"Lekki, wytrzyma\u0142y i wygodny - taki powinien by\u0107 plecak turystyczny. Poznaj plecaki Lowe Alpine i znajd\u017a plecak trekkingowy dla siebie.","og:url":"https:\/\/www.skalnik.pl\/blog\/plecaki-lowe-alpine\/","og:image":"https:\/\/www.skalnik.pl\/blog\/wp-content\/uploads\/2022\/06\/Plecak-trekkingowy-Lowe-Alpine.jpg","og:image:secure_url":"https:\/\/www.skalnik.pl\/blog\/wp-content\/uploads\/2022\/06\/Plecak-trekkingowy-Lowe-Alpine.jpg","og:image:width":1024,"og:image:height":1024,"article:tag":["bran\u017ca","plecaki","sprz\u0119t turystyczny","trekking"],"article:published_time":"2022-06-09T07:03:06+00:00","article:modified_time":"2022-07-04T06:08:03+00:00","twitter:card":"summary_large_image","twitter:title":"Plecaki Lowe Alpine - blog Skalnik","twitter:description":"Lekki, wytrzyma\u0142y i wygodny - taki powinien by\u0107 plecak turystyczny. Poznaj plecaki Lowe Alpine i znajd\u017a plecak trekkingowy dla siebie.","twitter:image":"https:\/\/www.skalnik.pl\/blog\/wp-content\/uploads\/2022\/06\/Plecak-trekkingowy-Lowe-Alpine.jpg"},"aioseo_meta_data":{"post_id":"20056","title":null,"description":"Lekki, wytrzyma\u0142y i wygodny - taki powinien by\u0107 plecak turystyczny. Poznaj plecaki Lowe Alpine i znajd\u017a plecak trekkingowy dla siebie.","keywords":[{"label":"plecak turystyczny","value":"plecak turystyczny"},{"label":"plecak g\u00f3rski","value":"plecak g\u00f3rski"},{"label":"plecak w g\u00f3ry","value":"plecak w g\u00f3ry"},{"label":"plecak Lowe Alpine","value":"plecak Lowe Alpine"},{"label":"plecak trekkingowy","value":"plecak trekkingowy"}],"keyphrases":null,"primary_term":null,"canonical_url":"","og_title":null,"og_description":null,"og_object_type":"default","og_image_type":"default","og_image_url":null,"og_image_width":null,"og_image_height":null,"og_image_custom_url":null,"og_image_custom_fields":null,"og_video":null,"og_custom_url":null,"og_article_section":null,"og_article_tags":null,"twitter_use_og":false,"twitter_card":"default","twitter_image_type":"default","twitter_image_url":null,"twitter_image_custom_url":null,"twitter_image_custom_fields":null,"twitter_title":null,"twitter_description":null,"schema":{"blockGraphs":[],"customGraphs":[],"default":{"data":{"Article":[],"Course":[],"Dataset":[],"FAQPage":[],"Movie":[],"Person":[],"Product":[],"ProductReview":[],"Car":[],"Recipe":[],"Service":[],"SoftwareApplication":[],"WebPage":[]},"graphName":"BlogPosting","isEnabled":true},"graphs":[]},"schema_type":"default","schema_type_options":null,"pillar_content":false,"robots_default":true,"robots_noindex":false,"robots_noarchive":false,"robots_nosnippet":false,"robots_nofollow":false,"robots_noimageindex":false,"robots_noodp":false,"robots_notranslate":false,"robots_max_snippet":null,"robots_max_videopreview":null,"robots_max_imagepreview":"large","priority":null,"frequency":null,"local_seo":null,"breadcrumb_settings":null,"limit_modified_date":false,"ai":null,"created":"2022-08-26 10:49:38","updated":"2026-02-17 22:23:39","seo_analyzer_scan_date":null},"aioseo_breadcrumb":"<div class=\"aioseo-breadcrumbs\"><span class=\"aioseo-breadcrumb\">\n\t\t\t<a href=\"https:\/\/www.skalnik.pl\/blog\" title=\"Home\">Home<\/a>\n\t\t<\/span><span class=\"aioseo-breadcrumb-separator\">&raquo;<\/span><span class=\"aioseo-breadcrumb\">\n\t\t\t<a href=\"https:\/\/www.skalnik.pl\/blog\/.\/branza\/\" title=\"Bran\u017ca\">Bran\u017ca<\/a>\n\t\t<\/span><span class=\"aioseo-breadcrumb-separator\">&raquo;<\/span><span class=\"aioseo-breadcrumb\">\n\t\t\tPlecaki Lowe Alpine\n\t\t<\/span><\/div>","aioseo_breadcrumb_json":[{"label":"Home","link":"https:\/\/www.skalnik.pl\/blog"},{"label":"Bran\u017ca","link":"https:\/\/www.skalnik.pl\/blog\/.\/branza\/"},{"label":"Plecaki Lowe Alpine","link":"https:\/\/www.skalnik.pl\/blog\/plecaki-lowe-alpine\/"}],"_links":{"self":[{"href":"https:\/\/www.skalnik.pl\/blog\/wp-json\/wp\/v2\/posts\/20056","targetHints":{"allow":["GET"]}}],"collection":[{"href":"https:\/\/www.skalnik.pl\/blog\/wp-json\/wp\/v2\/posts"}],"about":[{"href":"https:\/\/www.skalnik.pl\/blog\/wp-json\/wp\/v2\/types\/post"}],"author":[{"embeddable":true,"href":"https:\/\/www.skalnik.pl\/blog\/wp-json\/wp\/v2\/users\/7"}],"replies":[{"embeddable":true,"href":"https:\/\/www.skalnik.pl\/blog\/wp-json\/wp\/v2\/comments?post=20056"}],"version-history":[{"count":6,"href":"https:\/\/www.skalnik.pl\/blog\/wp-json\/wp\/v2\/posts\/20056\/revisions"}],"predecessor-version":[{"id":20070,"href":"https:\/\/www.skalnik.pl\/blog\/wp-json\/wp\/v2\/posts\/20056\/revisions\/20070"}],"wp:featuredmedia":[{"embeddable":true,"href":"https:\/\/www.skalnik.pl\/blog\/wp-json\/wp\/v2\/media\/20060"}],"wp:attachment":[{"href":"https:\/\/www.skalnik.pl\/blog\/wp-json\/wp\/v2\/media?parent=20056"}],"wp:term":[{"taxonomy":"category","embeddable":true,"href":"https:\/\/www.skalnik.pl\/blog\/wp-json\/wp\/v2\/categories?post=20056"},{"taxonomy":"post_tag","embeddable":true,"href":"https:\/\/www.skalnik.pl\/blog\/wp-json\/wp\/v2\/tags?post=20056"},{"taxonomy":"magento_category","embeddable":true,"href":"https:\/\/www.skalnik.pl\/blog\/wp-json\/wp\/v2\/magento_category?post=20056"},{"taxonomy":"magento_product","embeddable":true,"href":"https:\/\/www.skalnik.pl\/blog\/wp-json\/wp\/v2\/magento_product?post=20056"}],"curies":[{"name":"wp","href":"https:\/\/api.w.org\/{rel}","templated":true}]}}