{"id":20132,"date":"2022-06-21T13:25:50","date_gmt":"2022-06-21T11:25:50","guid":{"rendered":"https:\/\/www.skalnik.pl\/blog\/?p=20132"},"modified":"2023-09-08T15:09:21","modified_gmt":"2023-09-08T13:09:21","slug":"marmot-minimalist-pro-test-minimum-kombinowania-maksimum-ochrony","status":"publish","type":"post","link":"https:\/\/www.skalnik.pl\/blog\/marmot-minimalist-pro-test-minimum-kombinowania-maksimum-ochrony\/","title":{"rendered":"Marmot Minimalist Pro (test) &#8211; minimum kombinowania, maksimum ochrony"},"content":{"rendered":"\n<p><strong>Na wst\u0119pie musz\u0119 przyzna\u0107, \u017ce nie jestem wielkim fanem hardshelli. Najcz\u0119\u015bciej zarzucam na szlak wygodny softshell lub &#8222;windstopper&#8221; i korzystam z ich znakomitej oddychalno\u015bci i dobrze dopasowanego kroju, a wodoodporno\u015b\u0107 jest sobie gdzie\u015b tam na drugim miejscu. Bywaj\u0105 jednak warunki, w kt\u00f3rych nawet najlepszy softshell wymi\u0119ka i bez za\u0142o\u017cenia na grzbiet solidnej, wodoodpornej skorupy ryzykujemy kompletne przemoczenie, co w g\u00f3rach mo\u017ce sko\u0144czy\u0107 si\u0119 nieprzyjemnie.<\/strong><\/p>\n\n\n\n<p>Jestem przekonania, \u017ce je\u015bli hardshell, to nie ma co daleko szuka\u0107 i lepiej od razu zaufa\u0107 sprawdzonym od dziesi\u0119cioleci rozwi\u0105zaniom. Mowa tu oczywi\u015bcie o membranie wodoodpornej Gore-Tex (a w zasadzie wielu r\u00f3\u017cnym jej odmianom) opracowanej przez ameryka\u0144sk\u0105 firm\u0119 W. L. Gore &amp; Associates. \u017beby by\u0142o ju\u017c na wskro\u015b ameryka\u0144sko, zdecydowa\u0142em si\u0119 na kurtk\u0119 marki Marmot. A dlaczego w\u0142a\u015bnie pad\u0142o na ten model i czy sprosta\u0142 on moim wymaganiom? Sprawd\u017amy.<\/p>\n\n\n\n<p><mark style=\"background-color:rgba(0, 0, 0, 0)\" class=\"has-inline-color has-vivid-cyan-blue-color\">Poznaj bli\u017cej inne produkty marki <strong><a href=\"https:\/\/www.skalnik.pl\/marmot\" target=\"_blank\" rel=\"noreferrer noopener\">Marmot<\/a><\/strong>. <\/mark><\/p>\n\n\n\n<div id=\"ez-toc-container\" class=\"ez-toc-v2_0_85 counter-hierarchy ez-toc-counter ez-toc-light-blue ez-toc-container-direction\">\n<div class=\"ez-toc-title-container\">\n<p class=\"ez-toc-title\" style=\"cursor:inherit\">SPIS TRE\u015aCI <\/p>\n<span class=\"ez-toc-title-toggle\"><a href=\"#\" class=\"ez-toc-pull-right ez-toc-btn ez-toc-btn-xs ez-toc-btn-default ez-toc-toggle\" aria-label=\"Prze\u0142\u0105cznik Spisu Tre\u015bci\"><span class=\"ez-toc-js-icon-con\"><span class=\"\"><span class=\"eztoc-hide\" style=\"display:none;\">Toggle<\/span><span class=\"ez-toc-icon-toggle-span\"><svg style=\"fill: #999;color:#999\" xmlns=\"http:\/\/www.w3.org\/2000\/svg\" class=\"list-377408\" width=\"20px\" height=\"20px\" viewBox=\"0 0 24 24\" fill=\"none\"><path d=\"M6 6H4v2h2V6zm14 0H8v2h12V6zM4 11h2v2H4v-2zm16 0H8v2h12v-2zM4 16h2v2H4v-2zm16 0H8v2h12v-2z\" fill=\"currentColor\"><\/path><\/svg><svg style=\"fill: #999;color:#999\" class=\"arrow-unsorted-368013\" xmlns=\"http:\/\/www.w3.org\/2000\/svg\" width=\"10px\" height=\"10px\" viewBox=\"0 0 24 24\" version=\"1.2\" baseProfile=\"tiny\"><path d=\"M18.2 9.3l-6.2-6.3-6.2 6.3c-.2.2-.3.4-.3.7s.1.5.3.7c.2.2.4.3.7.3h11c.3 0 .5-.1.7-.3.2-.2.3-.5.3-.7s-.1-.5-.3-.7zM5.8 14.7l6.2 6.3 6.2-6.3c.2-.2.3-.5.3-.7s-.1-.5-.3-.7c-.2-.2-.4-.3-.7-.3h-11c-.3 0-.5.1-.7.3-.2.2-.3.5-.3.7s.1.5.3.7z\"\/><\/svg><\/span><\/span><\/span><\/a><\/span><\/div>\n<nav><ul class='ez-toc-list ez-toc-list-level-1 ' ><li class='ez-toc-page-1 ez-toc-heading-level-2'><a class=\"ez-toc-link ez-toc-heading-1\" href=\"https:\/\/www.skalnik.pl\/blog\/marmot-minimalist-pro-test-minimum-kombinowania-maksimum-ochrony\/#Minimalist_vs_Minimalist_Pro\" >Minimalist vs Minimalist Pro<\/a><\/li><li class='ez-toc-page-1 ez-toc-heading-level-2'><a class=\"ez-toc-link ez-toc-heading-2\" href=\"https:\/\/www.skalnik.pl\/blog\/marmot-minimalist-pro-test-minimum-kombinowania-maksimum-ochrony\/#Materialy_i_detale\" >Materia\u0142y i detale<\/a><\/li><\/ul><\/nav><\/div>\n<h2 class=\"wp-block-heading\"><span class=\"ez-toc-section\" id=\"Minimalist_vs_Minimalist_Pro\"><\/span><strong>Minimalist vs Minimalist Pro<\/strong><span class=\"ez-toc-section-end\"><\/span><\/h2>\n\n\n\n<p>Kurtka wodoodporna Marmot Minimalist, to podobnie jak Precip niezwykle popularny produkt w katalogu Marmota. Gdy ju\u017c wiele lat temu rozgl\u0105da\u0142em si\u0119 za kurtk\u0105 z GORE-TEX, Minimalist by\u0142 najta\u0144sz\u0105 i najszerzej dost\u0119pn\u0105 kurtk\u0105 tego typu na rynku. Z czasem producent wypu\u015bci\u0142 jej od\u015bwie\u017con\u0105 wersj\u0119 o, a tak\u017ce nieco bardziej wypasion\u0105 <strong>wersj\u0119 PRO<\/strong>, kt\u00f3r\u0105 to w\u0142a\u015bnie mia\u0142em okazj\u0119 u\u017cytkowa\u0107. A czym wyr\u00f3\u017cnia si\u0119 \u00f3w wypasiona wersja, poza sam\u0105 nazw\u0105, sugeruj\u0105c\u0105, \u017ce jest\u2026 no w\u0142a\u015bnie. PRO?<\/p>\n\n\n\n<ul class=\"wp-block-list\">\n<li>wersja podstawowa posiada standardow\u0105 wersj\u0119 membrany Gore-Tex Paclite, tutaj natomiast zastosowano odmian\u0119 <strong>Paclite Plus<\/strong>. Z zewn\u0105trz nic si\u0119 nie zmieni\u0142o, ale wewn\u0119trzna warstwa laminatu jest du\u017co bardziej odporna na uszkodzenia mechaniczne, co ma niebagatelne znaczenie w przypadku kurtek z 2,5 laminatu, pozbawionych przecie\u017c typowej podszewki.<\/li>\n\n\n\n<li>wi\u0119ksze kieszenie boczne, poza zwi\u0119kszon\u0105 pojemno\u015bci\u0105 zosta\u0142y umieszczone <strong>zauwa\u017calnie wy\u017cej<\/strong>, aby nie kolidowa\u0142y z grubymi pasami biodrowymi nawet najwi\u0119kszych plecak\u00f3w trekkingowych<\/li>\n\n\n\n<li>g\u0142\u00f3wny zamek pozbawiono listwy ochronnej, ale jest za to<strong> laminowany<\/strong>, dzi\u0119ki czemu ca\u0142o\u015b\u0107 jest jeszcze lepiej wodoodporna<\/li>\n\n\n\n<li>na koniec mo\u017ce b\u0142ahostka, ale odmiana Pro r\u00f3\u017cni si\u0119 te\u017c\u2026 dost\u0119pnymi kolorami. Poza klasykiem w postaci czerni mamy tu jaskraw\u0105 \u017c\u00f3\u0142\u0107 rodem z typowego sztormiaka + kolor zielony i niebieski, a damska kurtka Marmot Minimalist Pro ma te dwa ostatnie kolory nieco przygaszone<\/li>\n<\/ul>\n\n\n<div class=\"wp-block-image\">\n<figure class=\"aligncenter size-large\"><img loading=\"lazy\" decoding=\"async\" width=\"1024\" height=\"683\" src=\"https:\/\/www.skalnik.pl\/blog\/wp-content\/uploads\/2022\/06\/IMG_1521.jpg\" alt=\"test kurtki marmot\" class=\"wp-image-20134\" srcset=\"https:\/\/www.skalnik.pl\/blog\/wp-content\/uploads\/2022\/06\/IMG_1521.jpg 1024w, https:\/\/www.skalnik.pl\/blog\/wp-content\/uploads\/2022\/06\/IMG_1521-300x200.jpg 300w, https:\/\/www.skalnik.pl\/blog\/wp-content\/uploads\/2022\/06\/IMG_1521-768x512.jpg 768w\" sizes=\"auto, (max-width: 1024px) 100vw, 1024px\" \/><figcaption class=\"wp-element-caption\"><em>Wy\u017cej umieszczone kieszenie. <\/em><\/figcaption><\/figure>\n<\/div>\n\n<div class=\"wp-block-image\">\n<figure class=\"aligncenter size-large\"><img loading=\"lazy\" decoding=\"async\" width=\"1024\" height=\"683\" src=\"https:\/\/www.skalnik.pl\/blog\/wp-content\/uploads\/2022\/06\/IMG_1571.jpg\" alt=\"kurtka minimalist opinie\" class=\"wp-image-20135\" srcset=\"https:\/\/www.skalnik.pl\/blog\/wp-content\/uploads\/2022\/06\/IMG_1571.jpg 1024w, https:\/\/www.skalnik.pl\/blog\/wp-content\/uploads\/2022\/06\/IMG_1571-300x200.jpg 300w, https:\/\/www.skalnik.pl\/blog\/wp-content\/uploads\/2022\/06\/IMG_1571-768x512.jpg 768w\" sizes=\"auto, (max-width: 1024px) 100vw, 1024px\" \/><figcaption class=\"wp-element-caption\"><em>Laminowany zamek bez ochronnej patki. <\/em><\/figcaption><\/figure>\n<\/div>\n\n\n<p><mark style=\"background-color:rgba(0, 0, 0, 0)\" class=\"has-inline-color has-vivid-cyan-blue-color\">Zobacz kurtki: <strong><a href=\"https:\/\/www.skalnik.pl\/kurtka-minimalist-black-991333\" target=\"_blank\" rel=\"noreferrer noopener\">Minimalist<\/a><\/strong> i <a href=\"https:\/\/www.skalnik.pl\/kurtka-minimalist-pro-foliage-989699\" target=\"_blank\" rel=\"noreferrer noopener\"><strong>Minimalist Pro<\/strong><\/a>. Pami\u0119taj, \u017ce kurtki te maj\u0105 tak\u017ce swoje damskie wersje. <\/mark><\/p>\n\n\n\n<h2 class=\"wp-block-heading\"><span class=\"ez-toc-section\" id=\"Materialy_i_detale\"><\/span><strong>Materia\u0142y i detale<\/strong><span class=\"ez-toc-section-end\"><\/span><\/h2>\n\n\n\n<p>Co w tej kurtce jest takiego minimalistycznego i sk\u0105d wzi\u0119\u0142a swoj\u0105 nazw\u0119? To zas\u0142uga przede wszystkim kroju. Zamiast dizajnerskich zabieg\u00f3w maj\u0105cych na celu poprawi\u0107 wygl\u0105d, projektanci postawili tutaj na skuteczno\u015b\u0107.<\/p>\n\n\n\n<p>Kurtka membranowa Minimalist Pro to tak zwany <strong>2,5-laminat<\/strong>, co oznacza, i\u017c wierzchnia warstwa zosta\u0142a bezpo\u015brednio po\u0142\u0105czona z membran\u0105. Jednocze\u015bnie brak tu jakiejkolwiek podszewki, a membrana od wewn\u0105trz jest pokryta ochronn\u0105 pow\u0142ok\u0105. Dzi\u0119ki takiemu rozwi\u0105zaniu kurtka jest bardzo <strong>cienka, lekka i pakowna<\/strong>. Przez brak podszewki cierpi troch\u0119 komfort u\u017cytkowania, bo jednak milsza cia\u0142u by\u0142aby mi\u0119kka podszewka czy inna siateczka, ale taka ju\u017c ich specyfika. Zreszt\u0105, nie s\u0105 to kurtki do noszenia na co dzie\u0144, a bardziej do sytuacji awaryjnych. Wszystkie szwy zosta\u0142y oczywi\u015bcie pieczo\u0142owicie podklejone, aby \u017cadna wilgo\u0107 nie przenikn\u0119\u0142a do \u015brodka.<\/p>\n\n\n<div class=\"wp-block-image\">\n<figure class=\"aligncenter size-large\"><img loading=\"lazy\" decoding=\"async\" width=\"1024\" height=\"683\" src=\"https:\/\/www.skalnik.pl\/blog\/wp-content\/uploads\/2022\/06\/marmot-minimalist-z-membran\u0105-goretex-paclite.jpg\" alt=\"\" class=\"wp-image-20136\" srcset=\"https:\/\/www.skalnik.pl\/blog\/wp-content\/uploads\/2022\/06\/marmot-minimalist-z-membran\u0105-goretex-paclite.jpg 1024w, https:\/\/www.skalnik.pl\/blog\/wp-content\/uploads\/2022\/06\/marmot-minimalist-z-membran\u0105-goretex-paclite-300x200.jpg 300w, https:\/\/www.skalnik.pl\/blog\/wp-content\/uploads\/2022\/06\/marmot-minimalist-z-membran\u0105-goretex-paclite-768x512.jpg 768w\" sizes=\"auto, (max-width: 1024px) 100vw, 1024px\" \/><figcaption class=\"wp-element-caption\"><em>Membrana GORE-TEX Paclite, czyli ochronna pow\u0142oka zamiast klasycznej podszewki. <\/em><\/figcaption><\/figure>\n<\/div>\n\n<div class=\"wp-block-image\">\n<figure class=\"aligncenter size-large\"><img loading=\"lazy\" decoding=\"async\" width=\"1024\" height=\"683\" src=\"https:\/\/www.skalnik.pl\/blog\/wp-content\/uploads\/2022\/06\/otwory-wentylacyjne-w-kurtce-marmot-minimalist.jpg\" alt=\"\" class=\"wp-image-20137\" srcset=\"https:\/\/www.skalnik.pl\/blog\/wp-content\/uploads\/2022\/06\/otwory-wentylacyjne-w-kurtce-marmot-minimalist.jpg 1024w, https:\/\/www.skalnik.pl\/blog\/wp-content\/uploads\/2022\/06\/otwory-wentylacyjne-w-kurtce-marmot-minimalist-300x200.jpg 300w, https:\/\/www.skalnik.pl\/blog\/wp-content\/uploads\/2022\/06\/otwory-wentylacyjne-w-kurtce-marmot-minimalist-768x512.jpg 768w\" sizes=\"auto, (max-width: 1024px) 100vw, 1024px\" \/><figcaption class=\"wp-element-caption\"><em>Otwory wentylacyjne regulowane zamkiem pod ochronn\u0105 patk\u0105. <\/em><\/figcaption><\/figure>\n<\/div>\n\n\n<p>Nie zawsze spotykanym dodatkiem w odzie\u017cy tego typu s\u0105 <strong>otwory wentylacyjne<\/strong> pod pachami, kt\u00f3re nazywaj\u0105 si\u0119 tu PitZips. Pewnie cz\u0119\u015b\u0107 os\u00f3b uzna to za wad\u0119 obni\u017caj\u0105c\u0105 og\u00f3ln\u0105 wodoodporno\u015b\u0107 kurtki (zastosowano tam klasyczny suwak kryty listw\u0105, bez laminatu) i podnosz\u0105cy wag\u0119, ale ja bardzo sobie ceni\u0119 mo\u017cliwo\u015b\u0107 wentylacji. Napieraj\u0105c pod g\u00f3r\u0119 w przeciwdeszczowej skorupie do\u015b\u0107 \u0142atwo mo\u017cna si\u0119 zagrza\u0107, niewa\u017cne jak dobrze oddychaj\u0105ca nie by\u0142aby membrana, a tutaj rozpinamy sobie zamek i mo\u017cemywpu\u015bci\u0107 nieco \u015bwie\u017cego powietrza pod pazuch\u0119.<\/p>\n\n\n\n<p><strong>Mankiety<\/strong> regulowane s\u0105 za pomoc\u0105 rzepa o sporym zakresie &#8211; mo\u017cna naprawd\u0119 szczelnie opatuli\u0107 sobie nadgarstki podczas ulewy.<\/p>\n\n\n\n<p><strong>Kieszenie boczne<\/strong> &#8211; jak wspomnia\u0142em wcze\u015bniej, s\u0105 osadzone do\u015b\u0107 wysoko i przy poprawnie zapi\u0119tym pasie biodrowym plecaka nie ma szans, \u017ceby przykry\u0142 on suwak uniemo\u017cliwiaj\u0105c jej otwarcie. Boczne kieszenie zda\u0142y te\u017c wzorowo \u201ctest mapy\u201d &#8211; mieszcz\u0105 si\u0119 spokojnie i bez rolowania wszystkie popularne formaty jakie znalaz\u0142em w szufladzie. Na pr\u00f3\u017cno jednak szuka\u0107 dodatkowych kieszonek wewn\u0119trznych &#8211; mia\u0142 by\u0107 minimalizm, no to jest.<\/p>\n\n\n\n<p><strong>Kaptur <\/strong>mamy tutaj obszerny, bez problemu zmie\u015bci\u0142em pod nim kask wspinaczkowy (je\u015bli kto\u015b ciekawy, by\u0142 to Black Diamond Vision). Je\u015bli dla kogo\u015b b\u0119dzie zbyt obszerny, jego obw\u00f3d mo\u017cna zmniejszy\u0107 u\u017cywaj\u0105c \u015bci\u0105gacza umieszczonego z ty\u0142u. Daszek zosta\u0142 dodatkowo usztywniony, tak kaptur nie opada\u0142 na oczy, a deszcz padaj\u0105cy na g\u0142ow\u0119 nie sp\u0142ywa\u0142 po kapturze prosto na twarz.<\/p>\n\n\n<div class=\"wp-block-image\">\n<figure class=\"aligncenter size-large\"><img loading=\"lazy\" decoding=\"async\" width=\"1024\" height=\"683\" src=\"https:\/\/www.skalnik.pl\/blog\/wp-content\/uploads\/2022\/06\/marmot-minimalist-tekst.jpg\" alt=\"\" class=\"wp-image-20138\" srcset=\"https:\/\/www.skalnik.pl\/blog\/wp-content\/uploads\/2022\/06\/marmot-minimalist-tekst.jpg 1024w, https:\/\/www.skalnik.pl\/blog\/wp-content\/uploads\/2022\/06\/marmot-minimalist-tekst-300x200.jpg 300w, https:\/\/www.skalnik.pl\/blog\/wp-content\/uploads\/2022\/06\/marmot-minimalist-tekst-768x512.jpg 768w\" sizes=\"auto, (max-width: 1024px) 100vw, 1024px\" \/><figcaption class=\"wp-element-caption\"><em>Kaptur z gard\u0105 &#8211; pomie\u015bci kask, ale te\u017c mo\u017cna go dobrze dopasowa\u0107. <\/em><\/figcaption><\/figure>\n<\/div>\n\n<div class=\"wp-block-image\">\n<figure class=\"aligncenter size-large\"><img loading=\"lazy\" decoding=\"async\" width=\"1024\" height=\"683\" src=\"https:\/\/www.skalnik.pl\/blog\/wp-content\/uploads\/2022\/06\/\u015bci\u0105gacz-marmot-minimalist.jpg\" alt=\"\" class=\"wp-image-20139\" srcset=\"https:\/\/www.skalnik.pl\/blog\/wp-content\/uploads\/2022\/06\/\u015bci\u0105gacz-marmot-minimalist.jpg 1024w, https:\/\/www.skalnik.pl\/blog\/wp-content\/uploads\/2022\/06\/\u015bci\u0105gacz-marmot-minimalist-300x200.jpg 300w, https:\/\/www.skalnik.pl\/blog\/wp-content\/uploads\/2022\/06\/\u015bci\u0105gacz-marmot-minimalist-768x512.jpg 768w\" sizes=\"auto, (max-width: 1024px) 100vw, 1024px\" \/><figcaption class=\"wp-element-caption\">\u015aci\u0105gacz &#8211; nieodzowny w kurtkach hardshell. <\/figcaption><\/figure>\n<\/div>\n\n\n<p><strong>\u015aci\u0105gacz<\/strong> wszyto r\u00f3wnie\u017c w dolnej cz\u0119\u015bci, wi\u0119c kurtk\u0119 mo\u017cna sobie szczelnie zaci\u0105gn\u0105\u0107 od do\u0142u i przy okazji (co cz\u0119sto praktykowa\u0142em) schroni\u0107 przed deszczem np. przenoszon\u0105 na pasie nerk\u0119.<\/p>\n\n\n\n<p><strong>Garda <\/strong>jest do\u015b\u0107 wysoka, mo\u017ce nie a\u017c tak wysoka, aby zakry\u0107 usta i nos (do tego celu i tak lepiej u\u017cy\u0107 buffa), ale idealnie do os\u0142oni\u0119cia szyi przed podmuchami wiatru i zacinaniem deszczu.<\/p>\n\n\n\n<p>Waga kurtki to r\u00f3wnie\u017c minimalizm pe\u0142n\u0105 g\u0119b\u0105, naprawd\u0119 by\u0142em zdziwiony <strong>jak to niewiele wa\u017cy<\/strong>. My\u015bl\u0119, \u017ce 355 gram\u00f3w dla rozmiaru S to bardzo dobry wynik. Dzi\u0119ki cienkiemu laminatowi mo\u017cna kurtk\u0119 zwin\u0105\u0107 bardzo ciasno tak, aby <strong>zajmowa\u0142a w plecaku niewiele miejsca<\/strong>, ale to najlepiej zobaczycie na za\u0142\u0105czonym zdj\u0119ciu, kt\u00f3re odda wi\u0119cej ni\u017c tysi\u0105c s\u0142\u00f3w.<\/p>\n\n\n<div class=\"wp-block-image\">\n<figure class=\"aligncenter size-large\"><img loading=\"lazy\" decoding=\"async\" width=\"1024\" height=\"683\" src=\"https:\/\/www.skalnik.pl\/blog\/wp-content\/uploads\/2022\/06\/pakowna-i-lekka-kurtka-goretex.jpg\" alt=\"\" class=\"wp-image-20140\" srcset=\"https:\/\/www.skalnik.pl\/blog\/wp-content\/uploads\/2022\/06\/pakowna-i-lekka-kurtka-goretex.jpg 1024w, https:\/\/www.skalnik.pl\/blog\/wp-content\/uploads\/2022\/06\/pakowna-i-lekka-kurtka-goretex-300x200.jpg 300w, https:\/\/www.skalnik.pl\/blog\/wp-content\/uploads\/2022\/06\/pakowna-i-lekka-kurtka-goretex-768x512.jpg 768w\" sizes=\"auto, (max-width: 1024px) 100vw, 1024px\" \/><figcaption class=\"wp-element-caption\"><em>Niska waga i ma\u0142a obj\u0119to\u015b\u0107 przy transportowaniu to mocne strony kurtki Marmot Minimalist Pro. <\/em><\/figcaption><\/figure>\n<\/div>\n\n<div class=\"wp-block-image\">\n<figure class=\"aligncenter size-large\"><img loading=\"lazy\" decoding=\"async\" width=\"1024\" height=\"683\" src=\"https:\/\/www.skalnik.pl\/blog\/wp-content\/uploads\/2022\/06\/minimalist-marmot.jpg\" alt=\"\" class=\"wp-image-20142\" srcset=\"https:\/\/www.skalnik.pl\/blog\/wp-content\/uploads\/2022\/06\/minimalist-marmot.jpg 1024w, https:\/\/www.skalnik.pl\/blog\/wp-content\/uploads\/2022\/06\/minimalist-marmot-300x200.jpg 300w, https:\/\/www.skalnik.pl\/blog\/wp-content\/uploads\/2022\/06\/minimalist-marmot-768x512.jpg 768w\" sizes=\"auto, (max-width: 1024px) 100vw, 1024px\" \/><figcaption class=\"wp-element-caption\"><em>Lekka, pakowna i dobrze zaprojektowana. Czego wi\u0119cej chcie\u0107 od kurtki przeciwdeszczowej dla turyst\u00f3w&#8230; <\/em><\/figcaption><\/figure>\n<\/div>\n\n\n<p><strong>Wygoda u\u017cytkowania<\/strong><\/p>\n\n\n\n<p>Jak si\u0119 nosi Marmot Minimalist Pro? Bardzo przyjemnie i lekko. Kurtka jest stosunkowo mi\u0119kka jak na hardshell, niewiele wa\u017cy i nie kr\u0119puje ruch\u00f3w. Kr\u00f3j jest do\u015b\u0107 obszerny (Regular Fit), co mo\u017ce zdziwi\u0107 osoby gustuj\u0105ce w bardziej anatomicznej, dopasowanej odzie\u017cy, ale taka ju\u017c specyfika odzie\u017cy od Marmota. Ja pomimo rozmiaru S posiadam nieco luzu w klatce piersiowej, ale dzi\u0119ki temu spokojnie mog\u0119 jej u\u017cywa\u0107 jako warstw\u0119 wierzchni\u0105, pod sp\u00f3d bez problemu zmie\u015bci si\u0119 nawet grubszy polar, czy sweter puchowy, albo nawet\u2026 aparat fotograficzny. Wiadomo, przy wi\u0119kszej ulewie lepiej aby cenny sprz\u0119t wyl\u0105dowa\u0142 w wodoodpornym pokrowcu, ale przy umiarkowanym deszczyku zdarza\u0142o mi si\u0119 przenosi\u0107 aparat ze sporym teleobiektywem w\u0142a\u015bnie pod kurtk\u0105, wi\u0119c kolejny raz przyda\u0142 si\u0119 zapas w klacie.<\/p>\n\n\n\n<p>Membrana podczas wszystkich deszczy jakie mia\u0142em (nie)przyjemno\u015b\u0107 w niej zaliczy\u0107 spisa\u0142a si\u0119 wzorowo, ani razu nie pu\u015bci\u0142a wody, tak\u017ce w najbardziej newralgicznym miejscu jak ramiona, czasem przez wiele godzin brutalnie wycieranych przez szelki plecaka. Podobnie w drug\u0105 stron\u0119, oddawanie wyprodukowanej przez cia\u0142o wilgoci jest na tyle sprawne, \u017ce nie zdarzy\u0142o mi si\u0119 zapoci\u0107 kurtki od \u015brodka, cho\u0107 czasem wiadomo jak to w membranie &#8211; bywa\u0142o gor\u0105co. Dzi\u0119ki ma\u0142ym gabarytom, kurtk\u0119 po zwini\u0119ciu mo\u017cemy bez wi\u0119kszych problem\u00f3w zmie\u015bci\u0107 w \u015brodku nawet niedu\u017cego plecaka, albo zrolowa\u0107 j\u0105 i przypi\u0105\u0107 bocznymi ta\u015bmami.<\/p>\n\n\n\n<hr class=\"wp-block-separator has-css-opacity is-style-dots\"\/>\n\n\n\n<p><strong>Minimum kombinowania &#8211; maksimum ochrony<\/strong><\/p>\n\n\n\n<p>Marmot Minimalist Pro to bardzo dobra kurtka, tak po prostu. Bez zb\u0119dnych ceregieli, 100% nastawiona na skuteczno\u015b\u0107 i funkcjonalno\u015b\u0107 w terenie, a przy tym uniwersalna. Mo\u017cecie j\u0105 w ciemno bra\u0107 zar\u00f3wno na jednodniow\u0105 wycieczk\u0119 w Karkonosze, jak i dwutygodniowy trek po Pirenejach, a nawet wrzuci\u0107 do plecaka jako awaryjne odzienie na letni spacer po lesie. Znakomicie chroni przed deszczem, jest lekka jak pi\u00f3rko i posiada bardzo przemy\u015blany design, w kt\u00f3rym ka\u017cdy element jest na swoim miejscu i dzia\u0142a tak, jak powinien. Cieszy tak\u017ce fakt, i\u017c zosta\u0142a uszyta w 100% z materia\u0142\u00f3w pochodz\u0105cych z recyklingu. Czyli nie do\u015b\u0107, \u017ce Light&amp;Fast jak si\u0119 patrzy, to jeszcze Less Waste.<\/p>\n\n\n\n<p><mark style=\"background-color:rgba(0, 0, 0, 0)\" class=\"has-inline-color has-vivid-cyan-blue-color\">Poznaj wszystkie <a href=\"https:\/\/www.skalnik.pl\/odziez\/odziez-meska\/odziez-meska-kurtki\/marka:marmot\/typ_kurtki:przeciwdeszczowa\" target=\"_blank\" rel=\"noreferrer noopener\"><strong>kurtki przeciwdeszczowe Marmot m\u0119skie<\/strong><\/a> lub <strong><a href=\"https:\/\/www.skalnik.pl\/odziez\/odziez-damska\/odziez-damska-kurtki\/marka:marmot\/typ_kurtki:przeciwdeszczowa\" target=\"_blank\" rel=\"noreferrer noopener\">kurtki przeciwdeszczowe Marmot damskie<\/a>. <\/strong><\/mark><\/p>\n","protected":false},"excerpt":{"rendered":"<p>Minimalist to bestsellerowa kurtka GORE-TEX. Sprawd\u017a jak spisuje si\u0119 w wersji Minimalist PRO. <\/p>\n","protected":false},"author":21,"featured_media":20133,"comment_status":"open","ping_status":"open","sticky":false,"template":"","format":"standard","meta":{"_acf_changed":false,"footnotes":""},"categories":[8],"tags":[157,230,228],"magento_category":[40],"magento_product":[574,581,580,584,575,585,572,573,576,583,582,579,578,577],"class_list":["post-20132","post","type-post","status-publish","format-standard","has-post-thumbnail","hentry","category-testy","tag-kurtki-gore-tex","tag-marmot","tag-opinie"],"acf":[],"aioseo_notices":[],"aioseo_head":"\n\t\t<!-- All in One SEO 4.9.10 - aioseo.com -->\n\t<meta name=\"description\" content=\"Bestsellerowa kurtka turystyczna GORE-TEX w nowej ods\u0142onie. Przeczytaj test Marmot Minimalist Pro i zobacz czego mo\u017cesz spodziewa\u0107 si\u0119 po tej kurtce przeciwdeszczowej dla turyst\u00f3w!\" \/>\n\t<meta name=\"robots\" content=\"max-image-preview:large\" \/>\n\t<meta name=\"author\" content=\"Dominik Marzec\"\/>\n\t<link rel=\"canonical\" href=\"https:\/\/www.skalnik.pl\/blog\/marmot-minimalist-pro-test-minimum-kombinowania-maksimum-ochrony\/\" \/>\n\t<meta name=\"generator\" content=\"All in One SEO (AIOSEO) 4.9.10\" \/>\n\t\t<meta property=\"og:locale\" content=\"pl_PL\" \/>\n\t\t<meta property=\"og:site_name\" content=\"blog Skalnik - Blog, porady, artyku\u0142y - blog Skalnik\" \/>\n\t\t<meta property=\"og:type\" content=\"article\" \/>\n\t\t<meta property=\"og:title\" content=\"Marmot Minimalist Pro (test) \u2013 minimum kombinowania, maksimum ochrony - blog Skalnik\" \/>\n\t\t<meta property=\"og:description\" content=\"Bestsellerowa kurtka turystyczna GORE-TEX w nowej ods\u0142onie. Przeczytaj test Marmot Minimalist Pro i zobacz czego mo\u017cesz spodziewa\u0107 si\u0119 po tej kurtce przeciwdeszczowej dla turyst\u00f3w!\" \/>\n\t\t<meta property=\"og:url\" content=\"https:\/\/www.skalnik.pl\/blog\/marmot-minimalist-pro-test-minimum-kombinowania-maksimum-ochrony\/\" \/>\n\t\t<meta property=\"og:image\" content=\"https:\/\/www.skalnik.pl\/blog\/wp-content\/uploads\/2022\/06\/IMG_1521.jpg\" \/>\n\t\t<meta property=\"og:image:secure_url\" content=\"https:\/\/www.skalnik.pl\/blog\/wp-content\/uploads\/2022\/06\/IMG_1521.jpg\" \/>\n\t\t<meta property=\"og:image:width\" content=\"1024\" \/>\n\t\t<meta property=\"og:image:height\" content=\"683\" \/>\n\t\t<meta property=\"article:tag\" content=\"testy\" \/>\n\t\t<meta property=\"article:tag\" content=\"kurtki gore-tex\" \/>\n\t\t<meta property=\"article:tag\" content=\"marmot\" \/>\n\t\t<meta property=\"article:tag\" content=\"opinie\" \/>\n\t\t<meta property=\"article:published_time\" content=\"2022-06-21T11:25:50+00:00\" \/>\n\t\t<meta property=\"article:modified_time\" content=\"2023-09-08T13:09:21+00:00\" \/>\n\t\t<meta name=\"twitter:card\" content=\"summary_large_image\" \/>\n\t\t<meta name=\"twitter:title\" content=\"Marmot Minimalist Pro (test) \u2013 minimum kombinowania, maksimum ochrony - blog Skalnik\" \/>\n\t\t<meta name=\"twitter:description\" content=\"Bestsellerowa kurtka turystyczna GORE-TEX w nowej ods\u0142onie. Przeczytaj test Marmot Minimalist Pro i zobacz czego mo\u017cesz spodziewa\u0107 si\u0119 po tej kurtce przeciwdeszczowej dla turyst\u00f3w!\" \/>\n\t\t<meta name=\"twitter:image\" content=\"https:\/\/www.skalnik.pl\/blog\/wp-content\/uploads\/2022\/06\/IMG_1521.jpg\" \/>\n\t\t<script type=\"application\/ld+json\" class=\"aioseo-schema\">\n\t\t\t{\"@context\":\"https:\\\/\\\/schema.org\",\"@graph\":[{\"@type\":\"BlogPosting\",\"@id\":\"https:\\\/\\\/www.skalnik.pl\\\/blog\\\/marmot-minimalist-pro-test-minimum-kombinowania-maksimum-ochrony\\\/#blogposting\",\"name\":\"Marmot Minimalist Pro (test) \\u2013 minimum kombinowania, maksimum ochrony - blog Skalnik\",\"headline\":\"Marmot Minimalist Pro (test) &#8211; minimum kombinowania, maksimum ochrony\",\"author\":{\"@id\":\"https:\\\/\\\/www.skalnik.pl\\\/blog\\\/author\\\/dominik-marzec\\\/#author\"},\"publisher\":{\"@id\":\"https:\\\/\\\/www.skalnik.pl\\\/blog\\\/#organization\"},\"image\":{\"@type\":\"ImageObject\",\"url\":\"https:\\\/\\\/www.skalnik.pl\\\/blog\\\/wp-content\\\/uploads\\\/2022\\\/06\\\/okladka_marmot-minimalist.jpg\",\"width\":1920,\"height\":706},\"datePublished\":\"2022-06-21T13:25:50+02:00\",\"dateModified\":\"2023-09-08T15:09:21+02:00\",\"inLanguage\":\"pl-PL\",\"mainEntityOfPage\":{\"@id\":\"https:\\\/\\\/www.skalnik.pl\\\/blog\\\/marmot-minimalist-pro-test-minimum-kombinowania-maksimum-ochrony\\\/#webpage\"},\"isPartOf\":{\"@id\":\"https:\\\/\\\/www.skalnik.pl\\\/blog\\\/marmot-minimalist-pro-test-minimum-kombinowania-maksimum-ochrony\\\/#webpage\"},\"articleSection\":\"Testy, kurtki gore-tex, marmot, opinie, 1090, 1004139, 1004217, 1009628, 1013371, 1013677, 1015309, 989690, 989695, 989699, 989708, 989712, 989717, 989720, 991482\"},{\"@type\":\"BreadcrumbList\",\"@id\":\"https:\\\/\\\/www.skalnik.pl\\\/blog\\\/marmot-minimalist-pro-test-minimum-kombinowania-maksimum-ochrony\\\/#breadcrumblist\",\"itemListElement\":[{\"@type\":\"ListItem\",\"@id\":\"https:\\\/\\\/www.skalnik.pl\\\/blog#listItem\",\"position\":1,\"name\":\"Home\",\"item\":\"https:\\\/\\\/www.skalnik.pl\\\/blog\",\"nextItem\":{\"@type\":\"ListItem\",\"@id\":\"https:\\\/\\\/www.skalnik.pl\\\/blog\\\/.\\\/testy\\\/#listItem\",\"name\":\"Testy\"}},{\"@type\":\"ListItem\",\"@id\":\"https:\\\/\\\/www.skalnik.pl\\\/blog\\\/.\\\/testy\\\/#listItem\",\"position\":2,\"name\":\"Testy\",\"item\":\"https:\\\/\\\/www.skalnik.pl\\\/blog\\\/.\\\/testy\\\/\",\"nextItem\":{\"@type\":\"ListItem\",\"@id\":\"https:\\\/\\\/www.skalnik.pl\\\/blog\\\/marmot-minimalist-pro-test-minimum-kombinowania-maksimum-ochrony\\\/#listItem\",\"name\":\"Marmot Minimalist Pro (test) &#8211; minimum kombinowania, maksimum ochrony\"},\"previousItem\":{\"@type\":\"ListItem\",\"@id\":\"https:\\\/\\\/www.skalnik.pl\\\/blog#listItem\",\"name\":\"Home\"}},{\"@type\":\"ListItem\",\"@id\":\"https:\\\/\\\/www.skalnik.pl\\\/blog\\\/marmot-minimalist-pro-test-minimum-kombinowania-maksimum-ochrony\\\/#listItem\",\"position\":3,\"name\":\"Marmot Minimalist Pro (test) &#8211; minimum kombinowania, maksimum ochrony\",\"previousItem\":{\"@type\":\"ListItem\",\"@id\":\"https:\\\/\\\/www.skalnik.pl\\\/blog\\\/.\\\/testy\\\/#listItem\",\"name\":\"Testy\"}}]},{\"@type\":\"Organization\",\"@id\":\"https:\\\/\\\/www.skalnik.pl\\\/blog\\\/#organization\",\"name\":\"blog Skalnik\",\"description\":\"Blog, porady, artyku\\u0142y - blog Skalnik\",\"url\":\"https:\\\/\\\/www.skalnik.pl\\\/blog\\\/\"},{\"@type\":\"Person\",\"@id\":\"https:\\\/\\\/www.skalnik.pl\\\/blog\\\/author\\\/dominik-marzec\\\/#author\",\"url\":\"https:\\\/\\\/www.skalnik.pl\\\/blog\\\/author\\\/dominik-marzec\\\/\",\"name\":\"Dominik Marzec\",\"image\":{\"@type\":\"ImageObject\",\"@id\":\"https:\\\/\\\/www.skalnik.pl\\\/blog\\\/marmot-minimalist-pro-test-minimum-kombinowania-maksimum-ochrony\\\/#authorImage\",\"url\":\"https:\\\/\\\/secure.gravatar.com\\\/avatar\\\/3b5d5b73985d1015e6793369ac3b78362bc9b0fc6b0d982a1e6396714ef4fb75?s=96&d=mm&r=g\",\"width\":96,\"height\":96,\"caption\":\"Dominik Marzec\"}},{\"@type\":\"WebPage\",\"@id\":\"https:\\\/\\\/www.skalnik.pl\\\/blog\\\/marmot-minimalist-pro-test-minimum-kombinowania-maksimum-ochrony\\\/#webpage\",\"url\":\"https:\\\/\\\/www.skalnik.pl\\\/blog\\\/marmot-minimalist-pro-test-minimum-kombinowania-maksimum-ochrony\\\/\",\"name\":\"Marmot Minimalist Pro (test) \\u2013 minimum kombinowania, maksimum ochrony - blog Skalnik\",\"description\":\"Bestsellerowa kurtka turystyczna GORE-TEX w nowej ods\\u0142onie. Przeczytaj test Marmot Minimalist Pro i zobacz czego mo\\u017cesz spodziewa\\u0107 si\\u0119 po tej kurtce przeciwdeszczowej dla turyst\\u00f3w!\",\"inLanguage\":\"pl-PL\",\"isPartOf\":{\"@id\":\"https:\\\/\\\/www.skalnik.pl\\\/blog\\\/#website\"},\"breadcrumb\":{\"@id\":\"https:\\\/\\\/www.skalnik.pl\\\/blog\\\/marmot-minimalist-pro-test-minimum-kombinowania-maksimum-ochrony\\\/#breadcrumblist\"},\"author\":{\"@id\":\"https:\\\/\\\/www.skalnik.pl\\\/blog\\\/author\\\/dominik-marzec\\\/#author\"},\"creator\":{\"@id\":\"https:\\\/\\\/www.skalnik.pl\\\/blog\\\/author\\\/dominik-marzec\\\/#author\"},\"image\":{\"@type\":\"ImageObject\",\"url\":\"https:\\\/\\\/www.skalnik.pl\\\/blog\\\/wp-content\\\/uploads\\\/2022\\\/06\\\/okladka_marmot-minimalist.jpg\",\"@id\":\"https:\\\/\\\/www.skalnik.pl\\\/blog\\\/marmot-minimalist-pro-test-minimum-kombinowania-maksimum-ochrony\\\/#mainImage\",\"width\":1920,\"height\":706},\"primaryImageOfPage\":{\"@id\":\"https:\\\/\\\/www.skalnik.pl\\\/blog\\\/marmot-minimalist-pro-test-minimum-kombinowania-maksimum-ochrony\\\/#mainImage\"},\"datePublished\":\"2022-06-21T13:25:50+02:00\",\"dateModified\":\"2023-09-08T15:09:21+02:00\"},{\"@type\":\"WebSite\",\"@id\":\"https:\\\/\\\/www.skalnik.pl\\\/blog\\\/#website\",\"url\":\"https:\\\/\\\/www.skalnik.pl\\\/blog\\\/\",\"name\":\"blog Skalnik\",\"description\":\"Blog, porady, artyku\\u0142y - blog Skalnik\",\"inLanguage\":\"pl-PL\",\"publisher\":{\"@id\":\"https:\\\/\\\/www.skalnik.pl\\\/blog\\\/#organization\"}}]}\n\t\t<\/script>\n\t\t<!-- All in One SEO -->\n\n","aioseo_head_json":{"title":"Marmot Minimalist Pro (test) \u2013 minimum kombinowania, maksimum ochrony - blog Skalnik","description":"Bestsellerowa kurtka turystyczna GORE-TEX w nowej ods\u0142onie. Przeczytaj test Marmot Minimalist Pro i zobacz czego mo\u017cesz spodziewa\u0107 si\u0119 po tej kurtce przeciwdeszczowej dla turyst\u00f3w!","canonical_url":"https:\/\/www.skalnik.pl\/blog\/marmot-minimalist-pro-test-minimum-kombinowania-maksimum-ochrony\/","robots":"max-image-preview:large","keywords":"","webmasterTools":{"miscellaneous":""},"schema":{"@context":"https:\/\/schema.org","@graph":[{"@type":"BlogPosting","@id":"https:\/\/www.skalnik.pl\/blog\/marmot-minimalist-pro-test-minimum-kombinowania-maksimum-ochrony\/#blogposting","name":"Marmot Minimalist Pro (test) \u2013 minimum kombinowania, maksimum ochrony - blog Skalnik","headline":"Marmot Minimalist Pro (test) &#8211; minimum kombinowania, maksimum ochrony","author":{"@id":"https:\/\/www.skalnik.pl\/blog\/author\/dominik-marzec\/#author"},"publisher":{"@id":"https:\/\/www.skalnik.pl\/blog\/#organization"},"image":{"@type":"ImageObject","url":"https:\/\/www.skalnik.pl\/blog\/wp-content\/uploads\/2022\/06\/okladka_marmot-minimalist.jpg","width":1920,"height":706},"datePublished":"2022-06-21T13:25:50+02:00","dateModified":"2023-09-08T15:09:21+02:00","inLanguage":"pl-PL","mainEntityOfPage":{"@id":"https:\/\/www.skalnik.pl\/blog\/marmot-minimalist-pro-test-minimum-kombinowania-maksimum-ochrony\/#webpage"},"isPartOf":{"@id":"https:\/\/www.skalnik.pl\/blog\/marmot-minimalist-pro-test-minimum-kombinowania-maksimum-ochrony\/#webpage"},"articleSection":"Testy, kurtki gore-tex, marmot, opinie, 1090, 1004139, 1004217, 1009628, 1013371, 1013677, 1015309, 989690, 989695, 989699, 989708, 989712, 989717, 989720, 991482"},{"@type":"BreadcrumbList","@id":"https:\/\/www.skalnik.pl\/blog\/marmot-minimalist-pro-test-minimum-kombinowania-maksimum-ochrony\/#breadcrumblist","itemListElement":[{"@type":"ListItem","@id":"https:\/\/www.skalnik.pl\/blog#listItem","position":1,"name":"Home","item":"https:\/\/www.skalnik.pl\/blog","nextItem":{"@type":"ListItem","@id":"https:\/\/www.skalnik.pl\/blog\/.\/testy\/#listItem","name":"Testy"}},{"@type":"ListItem","@id":"https:\/\/www.skalnik.pl\/blog\/.\/testy\/#listItem","position":2,"name":"Testy","item":"https:\/\/www.skalnik.pl\/blog\/.\/testy\/","nextItem":{"@type":"ListItem","@id":"https:\/\/www.skalnik.pl\/blog\/marmot-minimalist-pro-test-minimum-kombinowania-maksimum-ochrony\/#listItem","name":"Marmot Minimalist Pro (test) &#8211; minimum kombinowania, maksimum ochrony"},"previousItem":{"@type":"ListItem","@id":"https:\/\/www.skalnik.pl\/blog#listItem","name":"Home"}},{"@type":"ListItem","@id":"https:\/\/www.skalnik.pl\/blog\/marmot-minimalist-pro-test-minimum-kombinowania-maksimum-ochrony\/#listItem","position":3,"name":"Marmot Minimalist Pro (test) &#8211; minimum kombinowania, maksimum ochrony","previousItem":{"@type":"ListItem","@id":"https:\/\/www.skalnik.pl\/blog\/.\/testy\/#listItem","name":"Testy"}}]},{"@type":"Organization","@id":"https:\/\/www.skalnik.pl\/blog\/#organization","name":"blog Skalnik","description":"Blog, porady, artyku\u0142y - blog Skalnik","url":"https:\/\/www.skalnik.pl\/blog\/"},{"@type":"Person","@id":"https:\/\/www.skalnik.pl\/blog\/author\/dominik-marzec\/#author","url":"https:\/\/www.skalnik.pl\/blog\/author\/dominik-marzec\/","name":"Dominik Marzec","image":{"@type":"ImageObject","@id":"https:\/\/www.skalnik.pl\/blog\/marmot-minimalist-pro-test-minimum-kombinowania-maksimum-ochrony\/#authorImage","url":"https:\/\/secure.gravatar.com\/avatar\/3b5d5b73985d1015e6793369ac3b78362bc9b0fc6b0d982a1e6396714ef4fb75?s=96&d=mm&r=g","width":96,"height":96,"caption":"Dominik Marzec"}},{"@type":"WebPage","@id":"https:\/\/www.skalnik.pl\/blog\/marmot-minimalist-pro-test-minimum-kombinowania-maksimum-ochrony\/#webpage","url":"https:\/\/www.skalnik.pl\/blog\/marmot-minimalist-pro-test-minimum-kombinowania-maksimum-ochrony\/","name":"Marmot Minimalist Pro (test) \u2013 minimum kombinowania, maksimum ochrony - blog Skalnik","description":"Bestsellerowa kurtka turystyczna GORE-TEX w nowej ods\u0142onie. Przeczytaj test Marmot Minimalist Pro i zobacz czego mo\u017cesz spodziewa\u0107 si\u0119 po tej kurtce przeciwdeszczowej dla turyst\u00f3w!","inLanguage":"pl-PL","isPartOf":{"@id":"https:\/\/www.skalnik.pl\/blog\/#website"},"breadcrumb":{"@id":"https:\/\/www.skalnik.pl\/blog\/marmot-minimalist-pro-test-minimum-kombinowania-maksimum-ochrony\/#breadcrumblist"},"author":{"@id":"https:\/\/www.skalnik.pl\/blog\/author\/dominik-marzec\/#author"},"creator":{"@id":"https:\/\/www.skalnik.pl\/blog\/author\/dominik-marzec\/#author"},"image":{"@type":"ImageObject","url":"https:\/\/www.skalnik.pl\/blog\/wp-content\/uploads\/2022\/06\/okladka_marmot-minimalist.jpg","@id":"https:\/\/www.skalnik.pl\/blog\/marmot-minimalist-pro-test-minimum-kombinowania-maksimum-ochrony\/#mainImage","width":1920,"height":706},"primaryImageOfPage":{"@id":"https:\/\/www.skalnik.pl\/blog\/marmot-minimalist-pro-test-minimum-kombinowania-maksimum-ochrony\/#mainImage"},"datePublished":"2022-06-21T13:25:50+02:00","dateModified":"2023-09-08T15:09:21+02:00"},{"@type":"WebSite","@id":"https:\/\/www.skalnik.pl\/blog\/#website","url":"https:\/\/www.skalnik.pl\/blog\/","name":"blog Skalnik","description":"Blog, porady, artyku\u0142y - blog Skalnik","inLanguage":"pl-PL","publisher":{"@id":"https:\/\/www.skalnik.pl\/blog\/#organization"}}]},"og:locale":"pl_PL","og:site_name":"blog Skalnik - Blog, porady, artyku\u0142y - blog Skalnik","og:type":"article","og:title":"Marmot Minimalist Pro (test) \u2013 minimum kombinowania, maksimum ochrony - blog Skalnik","og:description":"Bestsellerowa kurtka turystyczna GORE-TEX w nowej ods\u0142onie. Przeczytaj test Marmot Minimalist Pro i zobacz czego mo\u017cesz spodziewa\u0107 si\u0119 po tej kurtce przeciwdeszczowej dla turyst\u00f3w!","og:url":"https:\/\/www.skalnik.pl\/blog\/marmot-minimalist-pro-test-minimum-kombinowania-maksimum-ochrony\/","og:image":"https:\/\/www.skalnik.pl\/blog\/wp-content\/uploads\/2022\/06\/IMG_1521.jpg","og:image:secure_url":"https:\/\/www.skalnik.pl\/blog\/wp-content\/uploads\/2022\/06\/IMG_1521.jpg","og:image:width":1024,"og:image:height":683,"article:tag":["testy","kurtki gore-tex","marmot","opinie"],"article:published_time":"2022-06-21T11:25:50+00:00","article:modified_time":"2023-09-08T13:09:21+00:00","twitter:card":"summary_large_image","twitter:title":"Marmot Minimalist Pro (test) \u2013 minimum kombinowania, maksimum ochrony - blog Skalnik","twitter:description":"Bestsellerowa kurtka turystyczna GORE-TEX w nowej ods\u0142onie. Przeczytaj test Marmot Minimalist Pro i zobacz czego mo\u017cesz spodziewa\u0107 si\u0119 po tej kurtce przeciwdeszczowej dla turyst\u00f3w!","twitter:image":"https:\/\/www.skalnik.pl\/blog\/wp-content\/uploads\/2022\/06\/IMG_1521.jpg"},"aioseo_meta_data":{"post_id":"20132","title":null,"description":"Bestsellerowa kurtka turystyczna GORE-TEX w nowej ods\u0142onie. Przeczytaj test Marmot Minimalist Pro i zobacz czego mo\u017cesz spodziewa\u0107 si\u0119 po tej kurtce przeciwdeszczowej dla turyst\u00f3w!","keywords":[{"label":"Minimalist","value":"Minimalist"},{"label":"Minimalist Pro test","value":"Minimalist Pro test"},{"label":"kurtka minimalist opinie","value":"kurtka minimalist opinie"},{"label":"test kurtki marmot minimalist","value":"test kurtki marmot minimalist"},{"label":"kurtka gore-tex","value":"kurtka gore-tex"}],"keyphrases":{"focus":{"keyphrase":"","score":0,"analysis":{"keyphraseInTitle":{"score":0,"maxScore":9,"error":1}}},"additional":[]},"primary_term":null,"canonical_url":null,"og_title":null,"og_description":null,"og_object_type":"default","og_image_type":"default","og_image_url":null,"og_image_width":null,"og_image_height":null,"og_image_custom_url":null,"og_image_custom_fields":null,"og_video":"","og_custom_url":null,"og_article_section":null,"og_article_tags":[],"twitter_use_og":false,"twitter_card":"default","twitter_image_type":"default","twitter_image_url":null,"twitter_image_custom_url":null,"twitter_image_custom_fields":null,"twitter_title":null,"twitter_description":null,"schema":{"blockGraphs":[],"customGraphs":[],"default":{"data":{"Article":[],"Course":[],"Dataset":[],"FAQPage":[],"Movie":[],"Person":[],"Product":[],"ProductReview":[],"Car":[],"Recipe":[],"Service":[],"SoftwareApplication":[],"WebPage":[]},"graphName":"","isEnabled":true},"graphs":[]},"schema_type":"default","schema_type_options":null,"pillar_content":false,"robots_default":true,"robots_noindex":false,"robots_noarchive":false,"robots_nosnippet":false,"robots_nofollow":false,"robots_noimageindex":false,"robots_noodp":false,"robots_notranslate":false,"robots_max_snippet":"-1","robots_max_videopreview":"-1","robots_max_imagepreview":"large","priority":null,"frequency":"default","local_seo":null,"breadcrumb_settings":null,"limit_modified_date":false,"ai":null,"created":"2022-08-26 10:49:39","updated":"2026-02-17 22:23:40","seo_analyzer_scan_date":null},"aioseo_breadcrumb":"<div class=\"aioseo-breadcrumbs\"><span class=\"aioseo-breadcrumb\">\n\t\t\t<a href=\"https:\/\/www.skalnik.pl\/blog\" title=\"Home\">Home<\/a>\n\t\t<\/span><span class=\"aioseo-breadcrumb-separator\">&raquo;<\/span><span class=\"aioseo-breadcrumb\">\n\t\t\t<a href=\"https:\/\/www.skalnik.pl\/blog\/.\/testy\/\" title=\"Testy\">Testy<\/a>\n\t\t<\/span><span class=\"aioseo-breadcrumb-separator\">&raquo;<\/span><span class=\"aioseo-breadcrumb\">\n\t\t\tMarmot Minimalist Pro (test) \u2013 minimum kombinowania, maksimum ochrony\n\t\t<\/span><\/div>","aioseo_breadcrumb_json":[{"label":"Home","link":"https:\/\/www.skalnik.pl\/blog"},{"label":"Testy","link":"https:\/\/www.skalnik.pl\/blog\/.\/testy\/"},{"label":"Marmot Minimalist Pro (test) &#8211; minimum kombinowania, maksimum ochrony","link":"https:\/\/www.skalnik.pl\/blog\/marmot-minimalist-pro-test-minimum-kombinowania-maksimum-ochrony\/"}],"_links":{"self":[{"href":"https:\/\/www.skalnik.pl\/blog\/wp-json\/wp\/v2\/posts\/20132","targetHints":{"allow":["GET"]}}],"collection":[{"href":"https:\/\/www.skalnik.pl\/blog\/wp-json\/wp\/v2\/posts"}],"about":[{"href":"https:\/\/www.skalnik.pl\/blog\/wp-json\/wp\/v2\/types\/post"}],"author":[{"embeddable":true,"href":"https:\/\/www.skalnik.pl\/blog\/wp-json\/wp\/v2\/users\/21"}],"replies":[{"embeddable":true,"href":"https:\/\/www.skalnik.pl\/blog\/wp-json\/wp\/v2\/comments?post=20132"}],"version-history":[{"count":7,"href":"https:\/\/www.skalnik.pl\/blog\/wp-json\/wp\/v2\/posts\/20132\/revisions"}],"predecessor-version":[{"id":24194,"href":"https:\/\/www.skalnik.pl\/blog\/wp-json\/wp\/v2\/posts\/20132\/revisions\/24194"}],"wp:featuredmedia":[{"embeddable":true,"href":"https:\/\/www.skalnik.pl\/blog\/wp-json\/wp\/v2\/media\/20133"}],"wp:attachment":[{"href":"https:\/\/www.skalnik.pl\/blog\/wp-json\/wp\/v2\/media?parent=20132"}],"wp:term":[{"taxonomy":"category","embeddable":true,"href":"https:\/\/www.skalnik.pl\/blog\/wp-json\/wp\/v2\/categories?post=20132"},{"taxonomy":"post_tag","embeddable":true,"href":"https:\/\/www.skalnik.pl\/blog\/wp-json\/wp\/v2\/tags?post=20132"},{"taxonomy":"magento_category","embeddable":true,"href":"https:\/\/www.skalnik.pl\/blog\/wp-json\/wp\/v2\/magento_category?post=20132"},{"taxonomy":"magento_product","embeddable":true,"href":"https:\/\/www.skalnik.pl\/blog\/wp-json\/wp\/v2\/magento_product?post=20132"}],"curies":[{"name":"wp","href":"https:\/\/api.w.org\/{rel}","templated":true}]}}