{"id":20230,"date":"2022-07-06T10:46:42","date_gmt":"2022-07-06T08:46:42","guid":{"rendered":"https:\/\/www.skalnik.pl\/blog\/?p=20230"},"modified":"2022-08-22T12:14:57","modified_gmt":"2022-08-22T10:14:57","slug":"via-ferraty-dolomity-kajserjager-na-lagazuoi","status":"publish","type":"post","link":"https:\/\/www.skalnik.pl\/blog\/via-ferraty-dolomity-kajserjager-na-lagazuoi\/","title":{"rendered":"Via ferraty Dolomity &#8211; Kajserjager na Lagazuoi"},"content":{"rendered":"\n<p><strong>Via ferraty, czyli w dos\u0142ownym t\u0142umaczeniu \u201e\u017celazne drogi\u201d, ciesz\u0105 si\u0119 w\u015br\u00f3d turyst\u00f3w g\u00f3rskich wci\u0105\u017c rosn\u0105cym zainteresowaniem. S\u0105 to ubezpieczone przy pomocy stalowych lin, klamer, stopni b\u0105d\u017a r\u00f3\u017cnej d\u0142ugo\u015bci drabin, trasy g\u00f3rskie. Do pokonywania via ferrat, poza znajomo\u015bci\u0105 techniki bezpiecznego przepinania lon\u017cy do via ferrat na stalowych linach, dobrej kondycji fizycznej i og\u00f3lnego rozeznania w \u015brodowisku g\u00f3rskim &#8211; nic wi\u0119cej nie potrzeba. Mo\u017cna za\u015b do\u015bwiadczy\u0107 wra\u017ce\u0144 ciut bardziej intensywnych ni\u017c podczas w\u0119drowania g\u00f3rskimi szlakami.<\/strong><\/p>\n\n\n\n<div id=\"ez-toc-container\" class=\"ez-toc-v2_0_85 counter-hierarchy ez-toc-counter ez-toc-light-blue ez-toc-container-direction\">\n<div class=\"ez-toc-title-container\">\n<p class=\"ez-toc-title\" style=\"cursor:inherit\">SPIS TRE\u015aCI <\/p>\n<span class=\"ez-toc-title-toggle\"><a href=\"#\" class=\"ez-toc-pull-right ez-toc-btn ez-toc-btn-xs ez-toc-btn-default ez-toc-toggle\" aria-label=\"Prze\u0142\u0105cznik Spisu Tre\u015bci\"><span class=\"ez-toc-js-icon-con\"><span class=\"\"><span class=\"eztoc-hide\" style=\"display:none;\">Toggle<\/span><span class=\"ez-toc-icon-toggle-span\"><svg style=\"fill: #999;color:#999\" xmlns=\"http:\/\/www.w3.org\/2000\/svg\" class=\"list-377408\" width=\"20px\" height=\"20px\" viewBox=\"0 0 24 24\" fill=\"none\"><path d=\"M6 6H4v2h2V6zm14 0H8v2h12V6zM4 11h2v2H4v-2zm16 0H8v2h12v-2zM4 16h2v2H4v-2zm16 0H8v2h12v-2z\" fill=\"currentColor\"><\/path><\/svg><svg style=\"fill: #999;color:#999\" class=\"arrow-unsorted-368013\" xmlns=\"http:\/\/www.w3.org\/2000\/svg\" width=\"10px\" height=\"10px\" viewBox=\"0 0 24 24\" version=\"1.2\" baseProfile=\"tiny\"><path d=\"M18.2 9.3l-6.2-6.3-6.2 6.3c-.2.2-.3.4-.3.7s.1.5.3.7c.2.2.4.3.7.3h11c.3 0 .5-.1.7-.3.2-.2.3-.5.3-.7s-.1-.5-.3-.7zM5.8 14.7l6.2 6.3 6.2-6.3c.2-.2.3-.5.3-.7s-.1-.5-.3-.7c-.2-.2-.4-.3-.7-.3h-11c-.3 0-.5.1-.7.3-.2.2-.3.5-.3.7s.1.5.3.7z\"\/><\/svg><\/span><\/span><\/span><\/a><\/span><\/div>\n<nav><ul class='ez-toc-list ez-toc-list-level-1 ' ><li class='ez-toc-page-1 ez-toc-heading-level-2'><a class=\"ez-toc-link ez-toc-heading-1\" href=\"https:\/\/www.skalnik.pl\/blog\/via-ferraty-dolomity-kajserjager-na-lagazuoi\/#Via_ferraty_we_Wloszech\" >Via ferraty we W\u0142oszech<\/a><\/li><li class='ez-toc-page-1 ez-toc-heading-level-2'><a class=\"ez-toc-link ez-toc-heading-2\" href=\"https:\/\/www.skalnik.pl\/blog\/via-ferraty-dolomity-kajserjager-na-lagazuoi\/#Sprzet_na_via_ferrate\" >Sprz\u0119t na via ferrat\u0119<\/a><\/li><li class='ez-toc-page-1 ez-toc-heading-level-2'><a class=\"ez-toc-link ez-toc-heading-3\" href=\"https:\/\/www.skalnik.pl\/blog\/via-ferraty-dolomity-kajserjager-na-lagazuoi\/#Sladami_Wielkiej_Wojny\" >\u015aladami Wielkiej Wojny<\/a><\/li><li class='ez-toc-page-1 ez-toc-heading-level-2'><a class=\"ez-toc-link ez-toc-heading-4\" href=\"https:\/\/www.skalnik.pl\/blog\/via-ferraty-dolomity-kajserjager-na-lagazuoi\/#Via_ferrata_Kajserjager_%E2%80%93_trudnosci\" >Via ferrata Kajserjager &#8211; trudno\u015bci<\/a><\/li><li class='ez-toc-page-1 ez-toc-heading-level-2'><a class=\"ez-toc-link ez-toc-heading-5\" href=\"https:\/\/www.skalnik.pl\/blog\/via-ferraty-dolomity-kajserjager-na-lagazuoi\/#Ferrata_Kajserjager_%E2%80%93_czas_przejscia_i_atrakcje\" >Ferrata Kajserjager \u2013 czas przej\u015bcia i atrakcje<\/a><\/li><li class='ez-toc-page-1 ez-toc-heading-level-2'><a class=\"ez-toc-link ez-toc-heading-6\" href=\"https:\/\/www.skalnik.pl\/blog\/via-ferraty-dolomity-kajserjager-na-lagazuoi\/#Droga_zejscia_z_Lagazuoi\" >Droga zej\u015bcia z Lagazuoi<\/a><\/li><\/ul><\/nav><\/div>\n<h2 class=\"wp-block-heading\"><span class=\"ez-toc-section\" id=\"Via_ferraty_we_Wloszech\"><\/span><strong>Via ferraty we W\u0142oszech<\/strong><span class=\"ez-toc-section-end\"><\/span><\/h2>\n\n\n\n<p>Sporo ciekawych via ferrat mo\u017cna znale\u017a\u0107 we W\u0142oszech. Jednym z bardzo popularnych rejon\u00f3w, s\u0142yn\u0105cym z via ferrat, s\u0105 okolice jeziora Garda we w\u0142oskim Trentino. Jednak ze wzgl\u0119du na wysokie temperatury panuj\u0105ce nad Gard\u0105 latem, wyb\u00f3r tej lokalizacji na aktywno\u015bci na via ferratach o tej porze roku, to nie jest najlepszy wyb\u00f3r. Przy si\u0119gaj\u0105cych 35 stopni Celsjusza temperaturach i wysokiej wilgotno\u015bci powietrza, sma\u017cenie si\u0119 na wystawionych na s\u0142o\u0144ce \u015bcianach nie nale\u017cy do przyjemno\u015bci. Chyba \u017ce lubisz, gdy hektolitry potu zalewaj\u0105 Ci oczy, a organizm jest na skraju udaru s\u0142onecznego i odwodnienia. Niemniej jednak, nawet mi\u0142o\u015bnikom sauny parowej w g\u00f3rach, opcji tej latem nie polecam, cho\u0107by ze wzgl\u0119d\u00f3w bezpiecze\u0144stwa.<\/p>\n\n\n\n<p>Zdecydowanie lepszym wyborem na letnie aktywno\u015bci g\u00f3rskie b\u0119d\u0105 w\u0142oskie Dolomity, kt\u00f3re le\u017c\u0105 na wi\u0119kszej wysoko\u015bci nad poziomem morza i ju\u017c cho\u0107by tylko z tego wzgl\u0119du panuj\u0105 w nich o wiele przyjemniejsze temperatury. Wci\u0105\u017c jest ciep\u0142o, ale nie upalnie, a surowe, g\u00f3rskie otoczenie dostarcza zupe\u0142nie innych wra\u017ce\u0144. Dolomity oferuj\u0105 g\u00f3rskim pasjonatom ca\u0142\u0105 gam\u0119 interesuj\u0105cych via ferrat: od zupe\u0142nie prostych, po takie, kt\u00f3re wymagaj\u0105 nieco si\u0142y ramion i sprawno\u015bci fizycznej; od kr\u00f3tkich, po d\u0142ugie, wymagaj\u0105ce dobrego rozplanowania czasu, stabilnej pogody i uczciwego mierzenia si\u0142 na zamiary.<\/p>\n\n\n\n<h2 class=\"wp-block-heading\"><span class=\"ez-toc-section\" id=\"Sprzet_na_via_ferrate\"><\/span><strong>Sprz\u0119t na via ferrat\u0119<\/strong><span class=\"ez-toc-section-end\"><\/span><\/h2>\n\n\n\n<p>Do pokonywania dolomitowych via ferrat, pod wzgl\u0119dem sprz\u0119towym, wystarcz\u0105 uprz\u0105\u017c wspinaczkowa, lon\u017ca na via ferraty oraz kask. Przydatne mog\u0105 te\u017c okaza\u0107 si\u0119 r\u0119kawiczki, tzw. bez palc\u00f3w. Mog\u0105 to by\u0107 specjalne r\u0119kawiczki na via ferraty, ale r\u00f3wnie dobrze sprawdz\u0105 si\u0119 r\u0119kawiczki rowerowe.<\/p>\n\n\n\n<iframe loading=\"lazy\" src=\"https:\/\/www.youtube.com\/embed\/oR1u7SxGX1Q\" title=\"YouTube video player\" allow=\"accelerometer; autoplay; clipboard-write; encrypted-media; gyroscope; picture-in-picture\" allowfullscreen=\"\" width=\"800\" height=\"442\" frameborder=\"0\"><\/iframe>\n\n\n\n<p><span class=\"has-inline-color has-vivid-cyan-blue-color\">Sprz\u0119t na via ferraty znajdziesz <strong><a href=\"https:\/\/www.skalnik.pl\/sprzet-wspinaczkowy\/inne\/inne-via-ferraty\" target=\"_blank\" rel=\"noreferrer noopener\">tutaj<\/a><\/strong>. <\/span><\/p>\n\n\n\n<p>Planuj\u0105c wycieczki g\u00f3rskie po via ferratach w Dolomitach, warto mie\u0107 na uwadze zmienne warunki atmosferyczne, wyst\u0119puj\u0105ce tu latem w postaci nag\u0142ych, gwa\u0142townych, popo\u0142udniowych burz. Dobrze jest nie tylko sprawdza\u0107 bie\u017c\u0105ce prognozy pogody, ale tak\u017ce uwa\u017cnie obserwowa\u0107 niebo, by zawczasu zauwa\u017cy\u0107 gromadz\u0105ce si\u0119 chmury typu <em>cumulus<\/em> i wyrastaj\u0105ce z nich burzowe <em>cumulonimbusy<\/em>. Poza tym eskapady warto zaczyna\u0107 wcze\u015bnie rano, by mie\u0107 zapas czasu na przej\u015bcie wybranej trasy i w przypadku, gdy po po\u0142udniu chlu\u015bnie wod\u0105 z nieba i g\u00f3ry zadr\u017c\u0105 od wy\u0142adowa\u0144 elektrycznych szukaj\u0105cych uziemienia, by\u0107 ju\u017c dawno na dole, w bezpiecznym miejscu i znad miski ze spaghetti <em>aglio<\/em>, <em>olio e peperoncino<\/em>, podziwia\u0107 spektakl \u017cywio\u0142\u00f3w.<\/p>\n\n\n\n<h2 class=\"wp-block-heading\"><span class=\"ez-toc-section\" id=\"Sladami_Wielkiej_Wojny\"><\/span><strong>\u015aladami Wielkiej Wojny<\/strong><span class=\"ez-toc-section-end\"><\/span><\/h2>\n\n\n\n<p>Zar\u00f3wno dla os\u00f3b, kt\u00f3re odwiedzaj\u0105 Dolomity ju\u017c po raz kt\u00f3ry\u015b z rz\u0119du, jak i dla tych, kt\u00f3rzy wybieraj\u0105 si\u0119 w nie po raz pierwszy, ciekawym pomys\u0142em na wycieczk\u0119 z elementami via ferraty jest ubezpieczona \u015bcie\u017cka Kajserjager na Lagazuoi. Dlaczego warto si\u0119 tam wybra\u0107?<\/p>\n\n\n\n<p>Ot\u00f3\u017c dlatego, \u017ce jest to \u017celazna per\u0107 prowadz\u0105ca na szczyt, kt\u00f3rym przebiega\u0142 front wojenny podczas I Wojny \u015awiatowej. To tutaj, mi\u0119dzy innymi, oddzia\u0142y austro-w\u0119gierskie i w\u0142oskie \u015bciera\u0142y si\u0119 i prowadzi\u0142y obl\u0119\u017cnicze walki. Z tego powodu szczyt Lagazuoi ma ogromne znaczenie historyczne, poniewa\u017c na nim w\u0142a\u015bnie i w jego najbli\u017cszej okolicy rozegra\u0142y si\u0119 najbardziej krwawe walki spo\u015br\u00f3d wszystkich, kt\u00f3re zosta\u0142y stoczone w Dolomitach podczas trwania I Wojny \u015awiatowej. Po\u0142udniowa \u015bciana Lagazuoi zosta\u0142a w tamtym czasie przekszta\u0142cona w le\u017c\u0105c\u0105 na du\u017cych wysoko\u015bciach fortec\u0119. Oddzia\u0142y austriackie i w\u0142oskie zbudowa\u0142y tam system korytarzy skalnych (tuneli) i innych konstrukcji maj\u0105cych na celu umo\u017cliwi\u0107 \u017co\u0142nierzom stacjonowanie w \u015bcianie przez d\u0142ugie miesi\u0105ce i prowadzenie walk z przeciwnikiem. Pozosta\u0142o\u015bci zachowanych i zrekonstruowanych kamienno-drewnianych konstrukcji, typu pomieszczenia sypialne, domki wartownicze i tym podobne, pokazuj\u0105 rozmach i skal\u0119 prowadzonych tam dzia\u0142a\u0144. Ju\u017c samo przetransportowanie materia\u0142\u00f3w do ich budowy i wybudowanie &#8211; przy \u00f3wczesnej technologii &#8211; by\u0142o nie lada wyczynem.<\/p>\n\n\n\n<figure class=\"wp-block-image size-large\"><img loading=\"lazy\" decoding=\"async\" width=\"768\" height=\"1024\" src=\"https:\/\/www.skalnik.pl\/blog\/wp-content\/uploads\/2022\/07\/otwory-strzelnicze-na-ferracie-768x1024.jpg\" alt=\"ferrata kajserjager\" class=\"wp-image-20241\" srcset=\"https:\/\/www.skalnik.pl\/blog\/wp-content\/uploads\/2022\/07\/otwory-strzelnicze-na-ferracie-768x1024.jpg 768w, https:\/\/www.skalnik.pl\/blog\/wp-content\/uploads\/2022\/07\/otwory-strzelnicze-na-ferracie-225x300.jpg 225w, https:\/\/www.skalnik.pl\/blog\/wp-content\/uploads\/2022\/07\/otwory-strzelnicze-na-ferracie.jpg 1024w\" sizes=\"auto, (max-width: 768px) 100vw, 768px\" \/><figcaption><em>Jeden z wielu otwor\u00f3w strzelniczych, znajduj\u0105cych si\u0119 w tunelach wykutych w skale. (fot. Bart Bazior)<\/em><\/figcaption><\/figure>\n\n\n\n<div class=\"wp-block-image\"><figure class=\"aligncenter size-large is-resized\"><img loading=\"lazy\" decoding=\"async\" src=\"https:\/\/www.skalnik.pl\/blog\/wp-content\/uploads\/2022\/07\/pozosta\u0142o\u015bci-kwater-\u017co\u0142nierzy-768x1024.jpg\" alt=\"kajserjager ferrata dolomity\" class=\"wp-image-20242\" width=\"582\" height=\"775\" srcset=\"https:\/\/www.skalnik.pl\/blog\/wp-content\/uploads\/2022\/07\/pozosta\u0142o\u015bci-kwater-\u017co\u0142nierzy-768x1024.jpg 768w, https:\/\/www.skalnik.pl\/blog\/wp-content\/uploads\/2022\/07\/pozosta\u0142o\u015bci-kwater-\u017co\u0142nierzy-225x300.jpg 225w, https:\/\/www.skalnik.pl\/blog\/wp-content\/uploads\/2022\/07\/pozosta\u0142o\u015bci-kwater-\u017co\u0142nierzy.jpg 1024w\" sizes=\"auto, (max-width: 582px) 100vw, 582px\" \/><figcaption><em>Pozosta\u0142o\u015bci pozycji \u017co\u0142nierzy z I Wojny \u015awiatowej. (fot. Bart Bazior)<\/em><\/figcaption><\/figure><\/div>\n\n\n\n<p>System korytarzy wydr\u0105\u017conych w masywie Lagazuoi oraz \u015bcie\u017cka, kt\u00f3r\u0105 biegnie dzisiejsza via ferrata Kajserjager, s\u0142u\u017cy\u0142a w czasach wojny jako szlak komunikacyjny pomi\u0119dzy austriackimi oddzia\u0142ami stacjonuj\u0105cymi na Lagazuoi, a oddzia\u0142ami przebywaj\u0105cymi ni\u017cej, na dnie doliny. To t\u0119dy transportowano z doliny \u017cywno\u015bci i sprz\u0119t wojenny dla \u017co\u0142nierzy zamieszkuj\u0105cych w okopach.<\/p>\n\n\n\n<p>Gdy w\u0119druje si\u0119 via ferrat\u0105 Kajserjager i wyobra\u017ca sobie, jakie warunki panowa\u0142y tu w zimie \u2013 na wysoko\u015bci niemal\u017ce 2800 m n.p.m \u2013 na sam\u0105 my\u015bl mo\u017cna dosta\u0107 g\u0119siej sk\u00f3rki i szcz\u0119ka\u0107 z\u0119bami z zimna. Trudno to sobie wyobrazi\u0107, ale \u017co\u0142nierze w \u201eokopach\u201d tej \u015bciany sp\u0119dzili ca\u0142\u0105 zim\u0119!<\/p>\n\n\n\n<h2 class=\"wp-block-heading\"><span class=\"ez-toc-section\" id=\"Via_ferrata_Kajserjager_%E2%80%93_trudnosci\"><\/span>Via ferrata Kajserjager &#8211; trudno\u015bci<span class=\"ez-toc-section-end\"><\/span><\/h2>\n\n\n\n<p>Poza tym, \u017ce przej\u015bcie tej \u0142atwej via ferraty daje nam wyobra\u017cenie o skali dzia\u0142a\u0144 wojennych, tocz\u0105cych si\u0119 na terenie Dolomit\u00f3w w trakcie tzw. Wielkiej Wojny (Grande Guerra), dostarcza ono tak\u017ce niecodziennych wra\u017ce\u0144 estetycznych i pozwala na zaznajomienie si\u0119 ze sposobem poruszania si\u0119 po via ferratach.<\/p>\n\n\n\n<p>Via ferrata Kajserjager jest bowiem urozmaicona, ciekawa, a przy tym prosta (trudno\u015bci A w skali trudno\u015bci via ferratowych). Pocz\u0105tkuj\u0105cym amatorom via ferrat na pewno dostarczy wra\u017ce\u0144, ale nie przero\u015bnie ich mo\u017cliwo\u015bci. Dzi\u0119ki temu b\u0119d\u0105 mogli pozna\u0107 tak\u017ce troch\u0119 historii Dolomit\u00f3w, nie b\u0119d\u0105c w dwustu procentach poch\u0142oni\u0119tymi przez trudno\u015bci techniczne szlaku. Na wycieczk\u0119 via ferrat\u0105 Kajserjager mo\u017cna zabra\u0107 tak\u017ce troch\u0119 starsze dzieci, poniewa\u017c trasa jest naprawd\u0119 dobrze ubezpieczona i bezpieczna.<\/p>\n\n\n\n<div class=\"wp-block-image\"><figure class=\"aligncenter size-large\"><img loading=\"lazy\" decoding=\"async\" width=\"768\" height=\"1024\" src=\"https:\/\/www.skalnik.pl\/blog\/wp-content\/uploads\/2022\/07\/kajserjager-Lagazuoi-768x1024.jpg\" alt=\"\" class=\"wp-image-20236\" srcset=\"https:\/\/www.skalnik.pl\/blog\/wp-content\/uploads\/2022\/07\/kajserjager-Lagazuoi-768x1024.jpg 768w, https:\/\/www.skalnik.pl\/blog\/wp-content\/uploads\/2022\/07\/kajserjager-Lagazuoi-225x300.jpg 225w, https:\/\/www.skalnik.pl\/blog\/wp-content\/uploads\/2022\/07\/kajserjager-Lagazuoi.jpg 1024w\" sizes=\"auto, (max-width: 768px) 100vw, 768px\" \/><\/figure><\/div>\n\n\n\n<div class=\"wp-block-image\"><figure class=\"aligncenter size-large\"><img loading=\"lazy\" decoding=\"async\" width=\"1024\" height=\"768\" src=\"https:\/\/www.skalnik.pl\/blog\/wp-content\/uploads\/2022\/07\/via-ferrata-dolomity-kajserjager.jpg\" alt=\"\" class=\"wp-image-20235\" srcset=\"https:\/\/www.skalnik.pl\/blog\/wp-content\/uploads\/2022\/07\/via-ferrata-dolomity-kajserjager.jpg 1024w, https:\/\/www.skalnik.pl\/blog\/wp-content\/uploads\/2022\/07\/via-ferrata-dolomity-kajserjager-300x225.jpg 300w, https:\/\/www.skalnik.pl\/blog\/wp-content\/uploads\/2022\/07\/via-ferrata-dolomity-kajserjager-768x576.jpg 768w\" sizes=\"auto, (max-width: 1024px) 100vw, 1024px\" \/><figcaption><em>Kajserjager &#8211; ciekawa i dobrze ubezpieczona ferrata z histori\u0105 w tle. (fot. Bart Bazior)<\/em><\/figcaption><\/figure><\/div>\n\n\n\n<h2 class=\"wp-block-heading\"><span class=\"ez-toc-section\" id=\"Ferrata_Kajserjager_%E2%80%93_czas_przejscia_i_atrakcje\"><\/span><strong>Ferrata Kajserjager \u2013 czas przej\u015bcia i atrakcje<\/strong><span class=\"ez-toc-section-end\"><\/span><\/h2>\n\n\n\n<p>Ca\u0142a wycieczka zajmuje oko\u0142o trzech i p\u00f3\u0142 godziny. Miejscem startu jest Prze\u0142\u0119cz Falzarego (Passo di Falzarego), oddalona o 30 minut jazdy samochodem z Cortiny d\u2019Ampezzeo we w\u0142oskiej prowincji Veneto.<\/p>\n\n\n\n<p>Z Prze\u0142\u0119czy Falzarego idzie si\u0119 pocz\u0105tkowo bit\u0105 drog\u0105 wprost w kierunku rozleg\u0142ej \u015bciany Lagazuoi, po czym nale\u017cy skr\u0119ci\u0107 w lewo, by niewielk\u0105 \u015bcie\u017ck\u0105 &#8211; wygodnie i bez trudno\u015bci &#8211; podchodzi\u0107 w g\u00f3r\u0119. Kieruj\u0105c si\u0119 na zach\u00f3d, ku lewemu skrajowi \u015bciany, gdzie zaczyna si\u0119 via ferrata.<\/p>\n\n\n\n<div class=\"wp-block-image\"><figure class=\"aligncenter size-large\"><img loading=\"lazy\" decoding=\"async\" width=\"1024\" height=\"1024\" src=\"https:\/\/www.skalnik.pl\/blog\/wp-content\/uploads\/2022\/07\/ferrata-kajserjager-dolomity-1024x1024.jpg\" alt=\"\" class=\"wp-image-20240\" srcset=\"https:\/\/www.skalnik.pl\/blog\/wp-content\/uploads\/2022\/07\/ferrata-kajserjager-dolomity-1024x1024.jpg 1024w, https:\/\/www.skalnik.pl\/blog\/wp-content\/uploads\/2022\/07\/ferrata-kajserjager-dolomity-300x300.jpg 300w, https:\/\/www.skalnik.pl\/blog\/wp-content\/uploads\/2022\/07\/ferrata-kajserjager-dolomity-768x769.jpg 768w, https:\/\/www.skalnik.pl\/blog\/wp-content\/uploads\/2022\/07\/ferrata-kajserjager-dolomity.jpg 1531w\" sizes=\"auto, (max-width: 1024px) 100vw, 1024px\" \/><figcaption><em>Ferrata od pocz\u0105tku jest bardzo ciekawa. (fot. Bart Bazior)<\/em><\/figcaption><\/figure><\/div>\n\n\n\n<p>Ju\u017c na starcie emocji ferratowym nowicjuszom dostarczy wisz\u0105cy, d\u0142ugi na 15 metr\u00f3w most, rozpostarty mi\u0119dzy skalnymi \u015bcianami. Dalej ferrata poprowadzona jest strom\u0105 i eksponowan\u0105, ale bardzo solidnie ubezpieczon\u0105 p\u00f3\u0142k\u0105 skaln\u0105. System trawers\u00f3w, prowadz\u0105cych umocnionymi i cz\u0119\u015bciowo ubezpieczonymi stalow\u0105 lin\u0105 \u015bcie\u017ckami, pnie si\u0119 stopniowo do g\u00f3ry.<\/p>\n\n\n\n<p>Po drodze znajduj\u0105 si\u0119 w\u0142azy do systemu tuneli, w kt\u00f3rych zobaczy\u0107 mo\u017cna miejsca noclegowe dla \u017co\u0142nierzy oraz pomieszczenia wykute w skale, kt\u00f3re s\u0142u\u017cy\u0142y za magazyny broni. Dalej \u015bcie\u017cka wyprowadza na szczyt Piccolo Lagazuoi, bez trudno\u015bci, za to w eksponowanym i pi\u0119knym widokowo terenie. Via ferrata Kajserjager ko\u0144czy si\u0119 na szczycie Piccolo Lagazuoi, z kt\u00f3rego wygodn\u0105 \u015bcie\u017ck\u0105, przechodz\u0105c\u0105 w bit\u0105 drog\u0119, dochodzi si\u0119 na szczyt Lagazuoi.<\/p>\n\n\n\n<p>Na szczycie znajduje si\u0119 schronisko o tej samej nazwie, po\u0142o\u017cone na wysoko\u015bci 2752 m n.p.m. Jest to przepi\u0119kne miejsce widokowe, z kt\u00f3rego rozpo\u015bciera si\u0119 widok na kubistyczno-surrealistyczne bry\u0142y dolomitowych pik\u00f3w, z ich monumentalnymi trzytysi\u0119cznikami w\u0142\u0105cznie.<\/p>\n\n\n\n<div class=\"wp-block-image\"><figure class=\"aligncenter size-large\"><img loading=\"lazy\" decoding=\"async\" width=\"1024\" height=\"1024\" src=\"https:\/\/www.skalnik.pl\/blog\/wp-content\/uploads\/2022\/07\/schronisko-na-szczycie-lagazuoi-1024x1024.jpg\" alt=\"\" class=\"wp-image-20234\" srcset=\"https:\/\/www.skalnik.pl\/blog\/wp-content\/uploads\/2022\/07\/schronisko-na-szczycie-lagazuoi-1024x1024.jpg 1024w, https:\/\/www.skalnik.pl\/blog\/wp-content\/uploads\/2022\/07\/schronisko-na-szczycie-lagazuoi-300x300.jpg 300w, https:\/\/www.skalnik.pl\/blog\/wp-content\/uploads\/2022\/07\/schronisko-na-szczycie-lagazuoi-768x769.jpg 768w, https:\/\/www.skalnik.pl\/blog\/wp-content\/uploads\/2022\/07\/schronisko-na-szczycie-lagazuoi.jpg 1531w\" sizes=\"auto, (max-width: 1024px) 100vw, 1024px\" \/><figcaption><em>Schronisko na szczycie. (fot. Bart Bazior)<\/em><\/figcaption><\/figure><\/div>\n\n\n\n<h2 class=\"wp-block-heading\"><span class=\"ez-toc-section\" id=\"Droga_zejscia_z_Lagazuoi\"><\/span><strong>Droga zej\u015bcia z Lagazuoi<\/strong><span class=\"ez-toc-section-end\"><\/span><\/h2>\n\n\n\n<p>Zej\u015bcie z ferraty wiedzie po wschodniej, prawej (stoj\u0105c twarz\u0105 w stron\u0119 \u015bciany) strony g\u00f3ry. Jest to wci\u0105\u017c via ferrata i nie jest pozbawiona ani aspektu estetycznego, ani historycznego. Wr\u0119cz przeciwnie, gdy\u017c podczas zej\u015bcia przechodzi si\u0119 d\u0142ugim na niemal\u017ce kilometr, nieo\u015bwietlonym, ubezpieczonym stal\u00f3wk\u0105 korytarzem skalnym, nale\u017c\u0105cym podczas wojny do w\u0142oskich oddzia\u0142\u00f3w Alpini. Do przej\u015bcia tunelu czo\u0142\u00f3wka jest niezb\u0119dna. Tunel ten wyprowadza na eksponowan\u0105, w\u0105sk\u0105 p\u00f3\u0142k\u0119 skaln\u0105, kt\u00f3ra przecina w poprzek \u015bcian\u0119 Lagazuoi. Jest to tak zwana P\u00f3\u0142ka Martini (Cengia Martini), na kt\u00f3rej wci\u0105\u017c znajduj\u0105 si\u0119 &#8211; zachowane do dzi\u015b w zupe\u0142nie dobrym stanie &#8211; fragmenty fortyfikacji wojennych.<\/p>\n\n\n\n<div class=\"wp-block-image\"><figure class=\"aligncenter size-large\"><img loading=\"lazy\" decoding=\"async\" width=\"1024\" height=\"684\" src=\"https:\/\/www.skalnik.pl\/blog\/wp-content\/uploads\/2022\/07\/ferrata-kajserjager-tunel.jpg\" alt=\"\" class=\"wp-image-20233\" srcset=\"https:\/\/www.skalnik.pl\/blog\/wp-content\/uploads\/2022\/07\/ferrata-kajserjager-tunel.jpg 1024w, https:\/\/www.skalnik.pl\/blog\/wp-content\/uploads\/2022\/07\/ferrata-kajserjager-tunel-300x200.jpg 300w, https:\/\/www.skalnik.pl\/blog\/wp-content\/uploads\/2022\/07\/ferrata-kajserjager-tunel-768x513.jpg 768w\" sizes=\"auto, (max-width: 1024px) 100vw, 1024px\" \/><figcaption><em>Wyj\u015bcie z tunelu na skaln\u0105 p\u00f3\u0142k\u0119. (fot. Bart Bazior)<\/em><\/figcaption><\/figure><\/div>\n\n\n\n<p>Inn\u0105 opcj\u0105 powrotu ze szczytu na Prze\u0142\u0119cz Falzarego jest skorzystanie z kolejki g\u00f3rskiej, kt\u00f3ra jedzie spod szczytu Lagazuoi wprost na prze\u0142\u0119cz. Cho\u0107, moim zdaniem, zej\u015bcie piesze jest o wiele ciekawsze, poniewa\u017c stanowi integraln\u0105 cz\u0119\u015b\u0107 via ferraty Kajserjager.<\/p>\n\n\n\n<hr class=\"wp-block-separator is-style-dots\"\/>\n\n\n\n<p>Na koniec jeszcze jedna uwaga. Na wycieczk\u0119 via ferrat\u0105 Kajserjager na szczyt Lagazuoi najlepiej wybiera\u0107 miesi\u0105ce od czerwca do pa\u017adziernika, gdy na systemie skalnych p\u00f3\u0142ek nie zalega \u015bnieg. Podczas w\u0119dr\u00f3wki tras\u0105 nale\u017cy uwa\u017ca\u0107, by nie zrzuca\u0107 na d\u00f3\u0142 kamieni, poniewa\u017c doln\u0105 cz\u0119\u015bci\u0105 \u015bciany biegnie do\u015b\u0107 du\u017co wielowyci\u0105gowych dr\u00f3g wspinaczkowych i prawdopodobie\u0144stwo, \u017ce str\u0105cony kamie\u0144 trafi we wspinacza i doprowadzi do wypadku, jest bardzo du\u017ce. B\u0105d\u017amy zatem bezpieczni i dbajmy o bezpiecze\u0144stwo innych.<\/p>\n\n\n\n<p><span class=\"has-inline-color has-vivid-cyan-blue-color\">Szukasz wi\u0119cej pomys\u0142\u00f3w na ferraty w Dolomitach? Zajrzyj do artyku\u0142u pod <strong><a href=\"https:\/\/www.skalnik.pl\/blog\/via-ferraty-dolomity-okolice-passo-gardena\/\" target=\"_blank\" rel=\"noreferrer noopener\">tym linkiem<\/a><\/strong>. Zobacz te\u017c film o tym, co zabra\u0107 na ferraty. <\/span><\/p>\n\n\n\n<iframe loading=\"lazy\" src=\"https:\/\/www.youtube.com\/embed\/fkz0zKyZgUg\" title=\"YouTube video player\" allow=\"accelerometer; autoplay; clipboard-write; encrypted-media; gyroscope; picture-in-picture\" allowfullscreen=\"\" width=\"800\" height=\"442\" frameborder=\"0\"><\/iframe>\n","protected":false},"excerpt":{"rendered":"<p>Szukasz ciekawej via ferraty w Dolomitach? Zajrzyj tu i nie szukaj dalej!<\/p>\n","protected":false},"author":25,"featured_media":20231,"comment_status":"open","ping_status":"open","sticky":false,"template":"","format":"standard","meta":{"_acf_changed":false,"footnotes":""},"categories":[84],"tags":[96,288,107,112],"magento_category":[80],"magento_product":[],"class_list":["post-20230","post","type-post","status-publish","format-standard","has-post-thumbnail","hentry","category-pasja","tag-alpy","tag-dolomity","tag-lato","tag-via-ferrata"],"acf":[],"aioseo_notices":[],"aioseo_head":"\n\t\t<!-- All in One SEO 4.9.10 - aioseo.com -->\n\t<meta name=\"description\" content=\"Kolejna z naszych propozycji na ferraty w Dolomitach. Zajrzyj na ferrat\u0119 Kajserjager i przejd\u017a si\u0119 ciekaw\u0105 drog\u0105 z wojenn\u0105 histori\u0105 w tle. Wspinaczk\u0119 zako\u0144czysz w schronisku, ale to nie b\u0119dzie koniec przygody.\" \/>\n\t<meta name=\"robots\" content=\"max-image-preview:large\" \/>\n\t<meta name=\"author\" content=\"Marta Soko\u0142owska\"\/>\n\t<link rel=\"canonical\" href=\"https:\/\/www.skalnik.pl\/blog\/via-ferraty-dolomity-kajserjager-na-lagazuoi\/\" \/>\n\t<meta name=\"generator\" content=\"All in One SEO (AIOSEO) 4.9.10\" \/>\n\t\t<meta property=\"og:locale\" content=\"pl_PL\" \/>\n\t\t<meta property=\"og:site_name\" content=\"blog Skalnik - Blog, porady, artyku\u0142y - blog Skalnik\" \/>\n\t\t<meta property=\"og:type\" content=\"article\" \/>\n\t\t<meta property=\"og:title\" content=\"Via ferraty Dolomity \u2013 Kajserjager na Lagazuoi - blog Skalnik\" \/>\n\t\t<meta property=\"og:description\" content=\"Kolejna z naszych propozycji na ferraty w Dolomitach. Zajrzyj na ferrat\u0119 Kajserjager i przejd\u017a si\u0119 ciekaw\u0105 drog\u0105 z wojenn\u0105 histori\u0105 w tle. Wspinaczk\u0119 zako\u0144czysz w schronisku, ale to nie b\u0119dzie koniec przygody.\" \/>\n\t\t<meta property=\"og:url\" content=\"https:\/\/www.skalnik.pl\/blog\/via-ferraty-dolomity-kajserjager-na-lagazuoi\/\" \/>\n\t\t<meta property=\"og:image\" content=\"https:\/\/www.skalnik.pl\/blog\/wp-content\/uploads\/2022\/07\/otwory-strzelnicze-na-ferracie.jpg\" \/>\n\t\t<meta property=\"og:image:secure_url\" content=\"https:\/\/www.skalnik.pl\/blog\/wp-content\/uploads\/2022\/07\/otwory-strzelnicze-na-ferracie.jpg\" \/>\n\t\t<meta property=\"og:image:width\" content=\"1024\" \/>\n\t\t<meta property=\"og:image:height\" content=\"1365\" \/>\n\t\t<meta property=\"article:tag\" content=\"pasja\" \/>\n\t\t<meta property=\"article:tag\" content=\"alpy\" \/>\n\t\t<meta property=\"article:tag\" content=\"dolomity\" \/>\n\t\t<meta property=\"article:tag\" content=\"lato\" \/>\n\t\t<meta property=\"article:tag\" content=\"via ferrata\" \/>\n\t\t<meta property=\"article:published_time\" content=\"2022-07-06T08:46:42+00:00\" \/>\n\t\t<meta property=\"article:modified_time\" content=\"2022-08-22T10:14:57+00:00\" \/>\n\t\t<meta name=\"twitter:card\" content=\"summary_large_image\" \/>\n\t\t<meta name=\"twitter:title\" content=\"Via ferraty Dolomity \u2013 Kajserjager na Lagazuoi - blog Skalnik\" \/>\n\t\t<meta name=\"twitter:description\" content=\"Kolejna z naszych propozycji na ferraty w Dolomitach. Zajrzyj na ferrat\u0119 Kajserjager i przejd\u017a si\u0119 ciekaw\u0105 drog\u0105 z wojenn\u0105 histori\u0105 w tle. Wspinaczk\u0119 zako\u0144czysz w schronisku, ale to nie b\u0119dzie koniec przygody.\" \/>\n\t\t<meta name=\"twitter:image\" content=\"https:\/\/www.skalnik.pl\/blog\/wp-content\/uploads\/2022\/07\/otwory-strzelnicze-na-ferracie.jpg\" \/>\n\t\t<script type=\"application\/ld+json\" class=\"aioseo-schema\">\n\t\t\t{\"@context\":\"https:\\\/\\\/schema.org\",\"@graph\":[{\"@type\":\"BlogPosting\",\"@id\":\"https:\\\/\\\/www.skalnik.pl\\\/blog\\\/via-ferraty-dolomity-kajserjager-na-lagazuoi\\\/#blogposting\",\"name\":\"Via ferraty Dolomity \\u2013 Kajserjager na Lagazuoi - blog Skalnik\",\"headline\":\"Via ferraty Dolomity &#8211; Kajserjager na Lagazuoi\",\"author\":{\"@id\":\"https:\\\/\\\/www.skalnik.pl\\\/blog\\\/author\\\/marta-sokolowska\\\/#author\"},\"publisher\":{\"@id\":\"https:\\\/\\\/www.skalnik.pl\\\/blog\\\/#organization\"},\"image\":{\"@type\":\"ImageObject\",\"url\":\"https:\\\/\\\/www.skalnik.pl\\\/blog\\\/wp-content\\\/uploads\\\/2022\\\/07\\\/via-ferrata-okladka.jpg\",\"width\":1920,\"height\":706},\"datePublished\":\"2022-07-06T10:46:42+02:00\",\"dateModified\":\"2022-08-22T12:14:57+02:00\",\"inLanguage\":\"pl-PL\",\"mainEntityOfPage\":{\"@id\":\"https:\\\/\\\/www.skalnik.pl\\\/blog\\\/via-ferraty-dolomity-kajserjager-na-lagazuoi\\\/#webpage\"},\"isPartOf\":{\"@id\":\"https:\\\/\\\/www.skalnik.pl\\\/blog\\\/via-ferraty-dolomity-kajserjager-na-lagazuoi\\\/#webpage\"},\"articleSection\":\"Pasja, alpy, dolomity, lato, via ferrata, 1191\"},{\"@type\":\"BreadcrumbList\",\"@id\":\"https:\\\/\\\/www.skalnik.pl\\\/blog\\\/via-ferraty-dolomity-kajserjager-na-lagazuoi\\\/#breadcrumblist\",\"itemListElement\":[{\"@type\":\"ListItem\",\"@id\":\"https:\\\/\\\/www.skalnik.pl\\\/blog#listItem\",\"position\":1,\"name\":\"Home\",\"item\":\"https:\\\/\\\/www.skalnik.pl\\\/blog\",\"nextItem\":{\"@type\":\"ListItem\",\"@id\":\"https:\\\/\\\/www.skalnik.pl\\\/blog\\\/.\\\/pasja\\\/#listItem\",\"name\":\"Pasja\"}},{\"@type\":\"ListItem\",\"@id\":\"https:\\\/\\\/www.skalnik.pl\\\/blog\\\/.\\\/pasja\\\/#listItem\",\"position\":2,\"name\":\"Pasja\",\"item\":\"https:\\\/\\\/www.skalnik.pl\\\/blog\\\/.\\\/pasja\\\/\",\"nextItem\":{\"@type\":\"ListItem\",\"@id\":\"https:\\\/\\\/www.skalnik.pl\\\/blog\\\/via-ferraty-dolomity-kajserjager-na-lagazuoi\\\/#listItem\",\"name\":\"Via ferraty Dolomity &#8211; Kajserjager na Lagazuoi\"},\"previousItem\":{\"@type\":\"ListItem\",\"@id\":\"https:\\\/\\\/www.skalnik.pl\\\/blog#listItem\",\"name\":\"Home\"}},{\"@type\":\"ListItem\",\"@id\":\"https:\\\/\\\/www.skalnik.pl\\\/blog\\\/via-ferraty-dolomity-kajserjager-na-lagazuoi\\\/#listItem\",\"position\":3,\"name\":\"Via ferraty Dolomity &#8211; Kajserjager na Lagazuoi\",\"previousItem\":{\"@type\":\"ListItem\",\"@id\":\"https:\\\/\\\/www.skalnik.pl\\\/blog\\\/.\\\/pasja\\\/#listItem\",\"name\":\"Pasja\"}}]},{\"@type\":\"Organization\",\"@id\":\"https:\\\/\\\/www.skalnik.pl\\\/blog\\\/#organization\",\"name\":\"blog Skalnik\",\"description\":\"Blog, porady, artyku\\u0142y - blog Skalnik\",\"url\":\"https:\\\/\\\/www.skalnik.pl\\\/blog\\\/\"},{\"@type\":\"Person\",\"@id\":\"https:\\\/\\\/www.skalnik.pl\\\/blog\\\/author\\\/marta-sokolowska\\\/#author\",\"url\":\"https:\\\/\\\/www.skalnik.pl\\\/blog\\\/author\\\/marta-sokolowska\\\/\",\"name\":\"Marta Soko\\u0142owska\",\"image\":{\"@type\":\"ImageObject\",\"@id\":\"https:\\\/\\\/www.skalnik.pl\\\/blog\\\/via-ferraty-dolomity-kajserjager-na-lagazuoi\\\/#authorImage\",\"url\":\"https:\\\/\\\/secure.gravatar.com\\\/avatar\\\/0e04a069f04d0a1476d6733ecbd93392e6d0867d90579d243eb1e783e66953a4?s=96&d=mm&r=g\",\"width\":96,\"height\":96,\"caption\":\"Marta Soko\\u0142owska\"}},{\"@type\":\"WebPage\",\"@id\":\"https:\\\/\\\/www.skalnik.pl\\\/blog\\\/via-ferraty-dolomity-kajserjager-na-lagazuoi\\\/#webpage\",\"url\":\"https:\\\/\\\/www.skalnik.pl\\\/blog\\\/via-ferraty-dolomity-kajserjager-na-lagazuoi\\\/\",\"name\":\"Via ferraty Dolomity \\u2013 Kajserjager na Lagazuoi - blog Skalnik\",\"description\":\"Kolejna z naszych propozycji na ferraty w Dolomitach. Zajrzyj na ferrat\\u0119 Kajserjager i przejd\\u017a si\\u0119 ciekaw\\u0105 drog\\u0105 z wojenn\\u0105 histori\\u0105 w tle. Wspinaczk\\u0119 zako\\u0144czysz w schronisku, ale to nie b\\u0119dzie koniec przygody.\",\"inLanguage\":\"pl-PL\",\"isPartOf\":{\"@id\":\"https:\\\/\\\/www.skalnik.pl\\\/blog\\\/#website\"},\"breadcrumb\":{\"@id\":\"https:\\\/\\\/www.skalnik.pl\\\/blog\\\/via-ferraty-dolomity-kajserjager-na-lagazuoi\\\/#breadcrumblist\"},\"author\":{\"@id\":\"https:\\\/\\\/www.skalnik.pl\\\/blog\\\/author\\\/marta-sokolowska\\\/#author\"},\"creator\":{\"@id\":\"https:\\\/\\\/www.skalnik.pl\\\/blog\\\/author\\\/marta-sokolowska\\\/#author\"},\"image\":{\"@type\":\"ImageObject\",\"url\":\"https:\\\/\\\/www.skalnik.pl\\\/blog\\\/wp-content\\\/uploads\\\/2022\\\/07\\\/via-ferrata-okladka.jpg\",\"@id\":\"https:\\\/\\\/www.skalnik.pl\\\/blog\\\/via-ferraty-dolomity-kajserjager-na-lagazuoi\\\/#mainImage\",\"width\":1920,\"height\":706},\"primaryImageOfPage\":{\"@id\":\"https:\\\/\\\/www.skalnik.pl\\\/blog\\\/via-ferraty-dolomity-kajserjager-na-lagazuoi\\\/#mainImage\"},\"datePublished\":\"2022-07-06T10:46:42+02:00\",\"dateModified\":\"2022-08-22T12:14:57+02:00\"},{\"@type\":\"WebSite\",\"@id\":\"https:\\\/\\\/www.skalnik.pl\\\/blog\\\/#website\",\"url\":\"https:\\\/\\\/www.skalnik.pl\\\/blog\\\/\",\"name\":\"blog Skalnik\",\"description\":\"Blog, porady, artyku\\u0142y - blog Skalnik\",\"inLanguage\":\"pl-PL\",\"publisher\":{\"@id\":\"https:\\\/\\\/www.skalnik.pl\\\/blog\\\/#organization\"}}]}\n\t\t<\/script>\n\t\t<!-- All in One SEO -->\n\n","aioseo_head_json":{"title":"Via ferraty Dolomity \u2013 Kajserjager na Lagazuoi - blog Skalnik","description":"Kolejna z naszych propozycji na ferraty w Dolomitach. Zajrzyj na ferrat\u0119 Kajserjager i przejd\u017a si\u0119 ciekaw\u0105 drog\u0105 z wojenn\u0105 histori\u0105 w tle. Wspinaczk\u0119 zako\u0144czysz w schronisku, ale to nie b\u0119dzie koniec przygody.","canonical_url":"https:\/\/www.skalnik.pl\/blog\/via-ferraty-dolomity-kajserjager-na-lagazuoi\/","robots":"max-image-preview:large","keywords":"","webmasterTools":{"miscellaneous":""},"schema":{"@context":"https:\/\/schema.org","@graph":[{"@type":"BlogPosting","@id":"https:\/\/www.skalnik.pl\/blog\/via-ferraty-dolomity-kajserjager-na-lagazuoi\/#blogposting","name":"Via ferraty Dolomity \u2013 Kajserjager na Lagazuoi - blog Skalnik","headline":"Via ferraty Dolomity &#8211; Kajserjager na Lagazuoi","author":{"@id":"https:\/\/www.skalnik.pl\/blog\/author\/marta-sokolowska\/#author"},"publisher":{"@id":"https:\/\/www.skalnik.pl\/blog\/#organization"},"image":{"@type":"ImageObject","url":"https:\/\/www.skalnik.pl\/blog\/wp-content\/uploads\/2022\/07\/via-ferrata-okladka.jpg","width":1920,"height":706},"datePublished":"2022-07-06T10:46:42+02:00","dateModified":"2022-08-22T12:14:57+02:00","inLanguage":"pl-PL","mainEntityOfPage":{"@id":"https:\/\/www.skalnik.pl\/blog\/via-ferraty-dolomity-kajserjager-na-lagazuoi\/#webpage"},"isPartOf":{"@id":"https:\/\/www.skalnik.pl\/blog\/via-ferraty-dolomity-kajserjager-na-lagazuoi\/#webpage"},"articleSection":"Pasja, alpy, dolomity, lato, via ferrata, 1191"},{"@type":"BreadcrumbList","@id":"https:\/\/www.skalnik.pl\/blog\/via-ferraty-dolomity-kajserjager-na-lagazuoi\/#breadcrumblist","itemListElement":[{"@type":"ListItem","@id":"https:\/\/www.skalnik.pl\/blog#listItem","position":1,"name":"Home","item":"https:\/\/www.skalnik.pl\/blog","nextItem":{"@type":"ListItem","@id":"https:\/\/www.skalnik.pl\/blog\/.\/pasja\/#listItem","name":"Pasja"}},{"@type":"ListItem","@id":"https:\/\/www.skalnik.pl\/blog\/.\/pasja\/#listItem","position":2,"name":"Pasja","item":"https:\/\/www.skalnik.pl\/blog\/.\/pasja\/","nextItem":{"@type":"ListItem","@id":"https:\/\/www.skalnik.pl\/blog\/via-ferraty-dolomity-kajserjager-na-lagazuoi\/#listItem","name":"Via ferraty Dolomity &#8211; Kajserjager na Lagazuoi"},"previousItem":{"@type":"ListItem","@id":"https:\/\/www.skalnik.pl\/blog#listItem","name":"Home"}},{"@type":"ListItem","@id":"https:\/\/www.skalnik.pl\/blog\/via-ferraty-dolomity-kajserjager-na-lagazuoi\/#listItem","position":3,"name":"Via ferraty Dolomity &#8211; Kajserjager na Lagazuoi","previousItem":{"@type":"ListItem","@id":"https:\/\/www.skalnik.pl\/blog\/.\/pasja\/#listItem","name":"Pasja"}}]},{"@type":"Organization","@id":"https:\/\/www.skalnik.pl\/blog\/#organization","name":"blog Skalnik","description":"Blog, porady, artyku\u0142y - blog Skalnik","url":"https:\/\/www.skalnik.pl\/blog\/"},{"@type":"Person","@id":"https:\/\/www.skalnik.pl\/blog\/author\/marta-sokolowska\/#author","url":"https:\/\/www.skalnik.pl\/blog\/author\/marta-sokolowska\/","name":"Marta Soko\u0142owska","image":{"@type":"ImageObject","@id":"https:\/\/www.skalnik.pl\/blog\/via-ferraty-dolomity-kajserjager-na-lagazuoi\/#authorImage","url":"https:\/\/secure.gravatar.com\/avatar\/0e04a069f04d0a1476d6733ecbd93392e6d0867d90579d243eb1e783e66953a4?s=96&d=mm&r=g","width":96,"height":96,"caption":"Marta Soko\u0142owska"}},{"@type":"WebPage","@id":"https:\/\/www.skalnik.pl\/blog\/via-ferraty-dolomity-kajserjager-na-lagazuoi\/#webpage","url":"https:\/\/www.skalnik.pl\/blog\/via-ferraty-dolomity-kajserjager-na-lagazuoi\/","name":"Via ferraty Dolomity \u2013 Kajserjager na Lagazuoi - blog Skalnik","description":"Kolejna z naszych propozycji na ferraty w Dolomitach. Zajrzyj na ferrat\u0119 Kajserjager i przejd\u017a si\u0119 ciekaw\u0105 drog\u0105 z wojenn\u0105 histori\u0105 w tle. Wspinaczk\u0119 zako\u0144czysz w schronisku, ale to nie b\u0119dzie koniec przygody.","inLanguage":"pl-PL","isPartOf":{"@id":"https:\/\/www.skalnik.pl\/blog\/#website"},"breadcrumb":{"@id":"https:\/\/www.skalnik.pl\/blog\/via-ferraty-dolomity-kajserjager-na-lagazuoi\/#breadcrumblist"},"author":{"@id":"https:\/\/www.skalnik.pl\/blog\/author\/marta-sokolowska\/#author"},"creator":{"@id":"https:\/\/www.skalnik.pl\/blog\/author\/marta-sokolowska\/#author"},"image":{"@type":"ImageObject","url":"https:\/\/www.skalnik.pl\/blog\/wp-content\/uploads\/2022\/07\/via-ferrata-okladka.jpg","@id":"https:\/\/www.skalnik.pl\/blog\/via-ferraty-dolomity-kajserjager-na-lagazuoi\/#mainImage","width":1920,"height":706},"primaryImageOfPage":{"@id":"https:\/\/www.skalnik.pl\/blog\/via-ferraty-dolomity-kajserjager-na-lagazuoi\/#mainImage"},"datePublished":"2022-07-06T10:46:42+02:00","dateModified":"2022-08-22T12:14:57+02:00"},{"@type":"WebSite","@id":"https:\/\/www.skalnik.pl\/blog\/#website","url":"https:\/\/www.skalnik.pl\/blog\/","name":"blog Skalnik","description":"Blog, porady, artyku\u0142y - blog Skalnik","inLanguage":"pl-PL","publisher":{"@id":"https:\/\/www.skalnik.pl\/blog\/#organization"}}]},"og:locale":"pl_PL","og:site_name":"blog Skalnik - Blog, porady, artyku\u0142y - blog Skalnik","og:type":"article","og:title":"Via ferraty Dolomity \u2013 Kajserjager na Lagazuoi - blog Skalnik","og:description":"Kolejna z naszych propozycji na ferraty w Dolomitach. Zajrzyj na ferrat\u0119 Kajserjager i przejd\u017a si\u0119 ciekaw\u0105 drog\u0105 z wojenn\u0105 histori\u0105 w tle. Wspinaczk\u0119 zako\u0144czysz w schronisku, ale to nie b\u0119dzie koniec przygody.","og:url":"https:\/\/www.skalnik.pl\/blog\/via-ferraty-dolomity-kajserjager-na-lagazuoi\/","og:image":"https:\/\/www.skalnik.pl\/blog\/wp-content\/uploads\/2022\/07\/otwory-strzelnicze-na-ferracie.jpg","og:image:secure_url":"https:\/\/www.skalnik.pl\/blog\/wp-content\/uploads\/2022\/07\/otwory-strzelnicze-na-ferracie.jpg","og:image:width":1024,"og:image:height":1365,"article:tag":["pasja","alpy","dolomity","lato","via ferrata"],"article:published_time":"2022-07-06T08:46:42+00:00","article:modified_time":"2022-08-22T10:14:57+00:00","twitter:card":"summary_large_image","twitter:title":"Via ferraty Dolomity \u2013 Kajserjager na Lagazuoi - blog Skalnik","twitter:description":"Kolejna z naszych propozycji na ferraty w Dolomitach. Zajrzyj na ferrat\u0119 Kajserjager i przejd\u017a si\u0119 ciekaw\u0105 drog\u0105 z wojenn\u0105 histori\u0105 w tle. Wspinaczk\u0119 zako\u0144czysz w schronisku, ale to nie b\u0119dzie koniec przygody.","twitter:image":"https:\/\/www.skalnik.pl\/blog\/wp-content\/uploads\/2022\/07\/otwory-strzelnicze-na-ferracie.jpg"},"aioseo_meta_data":{"post_id":"20230","title":null,"description":"Kolejna z naszych propozycji na ferraty w Dolomitach. Zajrzyj na ferrat\u0119 Kajserjager i przejd\u017a si\u0119 ciekaw\u0105 drog\u0105 z wojenn\u0105 histori\u0105 w tle. Wspinaczk\u0119 zako\u0144czysz w schronisku, ale to nie b\u0119dzie koniec przygody.","keywords":[{"label":"via ferrata","value":"via ferrata"},{"label":"via ferrata dolomuty","value":"via ferrata dolomuty"},{"label":"via ferraty dolomity","value":"via ferraty dolomity"},{"label":"via ferrata kajserjager","value":"via ferrata kajserjager"},{"label":"lagazuoi","value":"lagazuoi"}],"keyphrases":null,"primary_term":null,"canonical_url":"","og_title":null,"og_description":null,"og_object_type":"default","og_image_type":"default","og_image_url":null,"og_image_width":null,"og_image_height":null,"og_image_custom_url":null,"og_image_custom_fields":null,"og_video":null,"og_custom_url":null,"og_article_section":null,"og_article_tags":null,"twitter_use_og":false,"twitter_card":"default","twitter_image_type":"default","twitter_image_url":null,"twitter_image_custom_url":null,"twitter_image_custom_fields":null,"twitter_title":null,"twitter_description":null,"schema":{"blockGraphs":[],"customGraphs":[],"default":{"data":{"Article":[],"Course":[],"Dataset":[],"FAQPage":[],"Movie":[],"Person":[],"Product":[],"ProductReview":[],"Car":[],"Recipe":[],"Service":[],"SoftwareApplication":[],"WebPage":[]},"graphName":"BlogPosting","isEnabled":true},"graphs":[]},"schema_type":"default","schema_type_options":null,"pillar_content":false,"robots_default":true,"robots_noindex":false,"robots_noarchive":false,"robots_nosnippet":false,"robots_nofollow":false,"robots_noimageindex":false,"robots_noodp":false,"robots_notranslate":false,"robots_max_snippet":null,"robots_max_videopreview":null,"robots_max_imagepreview":"large","priority":null,"frequency":null,"local_seo":null,"breadcrumb_settings":null,"limit_modified_date":false,"ai":null,"created":"2022-08-26 10:49:39","updated":"2026-02-17 22:24:36","seo_analyzer_scan_date":null},"aioseo_breadcrumb":"<div class=\"aioseo-breadcrumbs\"><span class=\"aioseo-breadcrumb\">\n\t\t\t<a href=\"https:\/\/www.skalnik.pl\/blog\" title=\"Home\">Home<\/a>\n\t\t<\/span><span class=\"aioseo-breadcrumb-separator\">&raquo;<\/span><span class=\"aioseo-breadcrumb\">\n\t\t\t<a href=\"https:\/\/www.skalnik.pl\/blog\/.\/pasja\/\" title=\"Pasja\">Pasja<\/a>\n\t\t<\/span><span class=\"aioseo-breadcrumb-separator\">&raquo;<\/span><span class=\"aioseo-breadcrumb\">\n\t\t\tVia ferraty Dolomity \u2013 Kajserjager na Lagazuoi\n\t\t<\/span><\/div>","aioseo_breadcrumb_json":[{"label":"Home","link":"https:\/\/www.skalnik.pl\/blog"},{"label":"Pasja","link":"https:\/\/www.skalnik.pl\/blog\/.\/pasja\/"},{"label":"Via ferraty Dolomity &#8211; Kajserjager na Lagazuoi","link":"https:\/\/www.skalnik.pl\/blog\/via-ferraty-dolomity-kajserjager-na-lagazuoi\/"}],"_links":{"self":[{"href":"https:\/\/www.skalnik.pl\/blog\/wp-json\/wp\/v2\/posts\/20230","targetHints":{"allow":["GET"]}}],"collection":[{"href":"https:\/\/www.skalnik.pl\/blog\/wp-json\/wp\/v2\/posts"}],"about":[{"href":"https:\/\/www.skalnik.pl\/blog\/wp-json\/wp\/v2\/types\/post"}],"author":[{"embeddable":true,"href":"https:\/\/www.skalnik.pl\/blog\/wp-json\/wp\/v2\/users\/25"}],"replies":[{"embeddable":true,"href":"https:\/\/www.skalnik.pl\/blog\/wp-json\/wp\/v2\/comments?post=20230"}],"version-history":[{"count":12,"href":"https:\/\/www.skalnik.pl\/blog\/wp-json\/wp\/v2\/posts\/20230\/revisions"}],"predecessor-version":[{"id":20254,"href":"https:\/\/www.skalnik.pl\/blog\/wp-json\/wp\/v2\/posts\/20230\/revisions\/20254"}],"wp:featuredmedia":[{"embeddable":true,"href":"https:\/\/www.skalnik.pl\/blog\/wp-json\/wp\/v2\/media\/20231"}],"wp:attachment":[{"href":"https:\/\/www.skalnik.pl\/blog\/wp-json\/wp\/v2\/media?parent=20230"}],"wp:term":[{"taxonomy":"category","embeddable":true,"href":"https:\/\/www.skalnik.pl\/blog\/wp-json\/wp\/v2\/categories?post=20230"},{"taxonomy":"post_tag","embeddable":true,"href":"https:\/\/www.skalnik.pl\/blog\/wp-json\/wp\/v2\/tags?post=20230"},{"taxonomy":"magento_category","embeddable":true,"href":"https:\/\/www.skalnik.pl\/blog\/wp-json\/wp\/v2\/magento_category?post=20230"},{"taxonomy":"magento_product","embeddable":true,"href":"https:\/\/www.skalnik.pl\/blog\/wp-json\/wp\/v2\/magento_product?post=20230"}],"curies":[{"name":"wp","href":"https:\/\/api.w.org\/{rel}","templated":true}]}}