{"id":20296,"date":"2022-07-29T14:54:28","date_gmt":"2022-07-29T12:54:28","guid":{"rendered":"https:\/\/www.skalnik.pl\/blog\/?p=20296"},"modified":"2022-07-29T14:54:30","modified_gmt":"2022-07-29T12:54:30","slug":"jakie-skarpety-w-gory-wybrac","status":"publish","type":"post","link":"https:\/\/www.skalnik.pl\/blog\/jakie-skarpety-w-gory-wybrac\/","title":{"rendered":"Jakie skarpety w g\u00f3ry wybra\u0107?"},"content":{"rendered":"\n<p><strong>Zimne stopy i przemoczone skarpetki w g\u00f3ry odbieraj\u0105 ca\u0142\u0105 rado\u015b\u0107 z w\u0119dr\u00f3wki. Podobnie dzieje si\u0119, je\u015bli na nogach porobi\u0105 ci si\u0119 p\u0119cherze oraz odparzenia z winy skarpet, kt\u00f3re nie przepuszczaj\u0105 powietrza. Jak zatem wybra\u0107 skarpety do chodzenia po g\u00f3rach, aby spokojnie i\u015b\u0107 przed siebie?<\/strong><\/p>\n\n\n\n<p>W ofercie outdoorowych marek znajdziesz wiele r\u00f3\u017cnych modeli skarpetek. Konkretne <strong>skarpety trekkingowe dobierz zale\u017cnie od:<\/strong><\/p>\n\n\n\n<ul class=\"wp-block-list\"><li>temperatury otoczenia<\/li><li>pod\u0142o\u017ca<\/li><li>aktywno\u015bci.<\/li><\/ul>\n\n\n\n<div class=\"wp-block-image\"><figure class=\"aligncenter size-full\"><img loading=\"lazy\" decoding=\"async\" width=\"1024\" height=\"683\" src=\"https:\/\/www.skalnik.pl\/blog\/wp-content\/uploads\/2022\/07\/Skarpety-g\u00f3rskie-lato.jpg\" alt=\"Skarpety g\u00f3rskie lato\" class=\"wp-image-20302\" srcset=\"https:\/\/www.skalnik.pl\/blog\/wp-content\/uploads\/2022\/07\/Skarpety-g\u00f3rskie-lato.jpg 1024w, https:\/\/www.skalnik.pl\/blog\/wp-content\/uploads\/2022\/07\/Skarpety-g\u00f3rskie-lato-300x200.jpg 300w, https:\/\/www.skalnik.pl\/blog\/wp-content\/uploads\/2022\/07\/Skarpety-g\u00f3rskie-lato-768x512.jpg 768w\" sizes=\"auto, (max-width: 1024px) 100vw, 1024px\" \/><figcaption><em>Skarpetki w g\u00f3ry trzeba dobra\u0107 do pogody i planowanej aktywno\u015bci (fot. Smartwool)<\/em><\/figcaption><\/figure><\/div>\n\n\n\n<p>Jakie skarpety w g\u00f3ry zim\u0105? Jakie skarpety w g\u00f3ry latem? Co wybra\u0107 na g\u00f3rski bieg? Aby pozna\u0107 odpowiedzi na te pytania, czytaj dalej.<\/p>\n\n\n\n<div id=\"ez-toc-container\" class=\"ez-toc-v2_0_85 counter-hierarchy ez-toc-counter ez-toc-light-blue ez-toc-container-direction\">\n<div class=\"ez-toc-title-container\">\n<p class=\"ez-toc-title\" style=\"cursor:inherit\">SPIS TRE\u015aCI <\/p>\n<span class=\"ez-toc-title-toggle\"><a href=\"#\" class=\"ez-toc-pull-right ez-toc-btn ez-toc-btn-xs ez-toc-btn-default ez-toc-toggle\" aria-label=\"Prze\u0142\u0105cznik Spisu Tre\u015bci\"><span class=\"ez-toc-js-icon-con\"><span class=\"\"><span class=\"eztoc-hide\" style=\"display:none;\">Toggle<\/span><span class=\"ez-toc-icon-toggle-span\"><svg style=\"fill: #999;color:#999\" xmlns=\"http:\/\/www.w3.org\/2000\/svg\" class=\"list-377408\" width=\"20px\" height=\"20px\" viewBox=\"0 0 24 24\" fill=\"none\"><path d=\"M6 6H4v2h2V6zm14 0H8v2h12V6zM4 11h2v2H4v-2zm16 0H8v2h12v-2zM4 16h2v2H4v-2zm16 0H8v2h12v-2z\" fill=\"currentColor\"><\/path><\/svg><svg style=\"fill: #999;color:#999\" class=\"arrow-unsorted-368013\" xmlns=\"http:\/\/www.w3.org\/2000\/svg\" width=\"10px\" height=\"10px\" viewBox=\"0 0 24 24\" version=\"1.2\" baseProfile=\"tiny\"><path d=\"M18.2 9.3l-6.2-6.3-6.2 6.3c-.2.2-.3.4-.3.7s.1.5.3.7c.2.2.4.3.7.3h11c.3 0 .5-.1.7-.3.2-.2.3-.5.3-.7s-.1-.5-.3-.7zM5.8 14.7l6.2 6.3 6.2-6.3c.2-.2.3-.5.3-.7s-.1-.5-.3-.7c-.2-.2-.4-.3-.7-.3h-11c-.3 0-.5.1-.7.3-.2.2-.3.5-.3.7s.1.5.3.7z\"\/><\/svg><\/span><\/span><\/span><\/a><\/span><\/div>\n<nav><ul class='ez-toc-list ez-toc-list-level-1 ' ><li class='ez-toc-page-1 ez-toc-heading-level-2'><a class=\"ez-toc-link ez-toc-heading-1\" href=\"https:\/\/www.skalnik.pl\/blog\/jakie-skarpety-w-gory-wybrac\/#Skarpety_termoaktywne_pomoga_twoim_stopom\" >Skarpety termoaktywne pomog\u0105 twoim stopom<\/a><\/li><li class='ez-toc-page-1 ez-toc-heading-level-2'><a class=\"ez-toc-link ez-toc-heading-2\" href=\"https:\/\/www.skalnik.pl\/blog\/jakie-skarpety-w-gory-wybrac\/#Skarpety_do_chodzenia_po_gorach_%E2%80%93_syntetyczne_czy_welniane\" >Skarpety do chodzenia po g\u00f3rach \u2013 syntetyczne czy we\u0142niane?<\/a><\/li><li class='ez-toc-page-1 ez-toc-heading-level-2'><a class=\"ez-toc-link ez-toc-heading-3\" href=\"https:\/\/www.skalnik.pl\/blog\/jakie-skarpety-w-gory-wybrac\/#A_ja_na_to_jak_na_lato_%E2%80%93_jakie_skarpety_w_gory_latem\" >A ja na to jak na lato \u2013 jakie skarpety w g\u00f3ry latem?<\/a><\/li><li class='ez-toc-page-1 ez-toc-heading-level-2'><a class=\"ez-toc-link ez-toc-heading-4\" href=\"https:\/\/www.skalnik.pl\/blog\/jakie-skarpety-w-gory-wybrac\/#Jak_jest_zima_to_musi_byc_zimno_Jakie_skarpety_w_gory_zima\" >Jak jest zima, to musi by\u0107 zimno? Jakie skarpety w g\u00f3ry zim\u0105?<\/a><\/li><li class='ez-toc-page-1 ez-toc-heading-level-2'><a class=\"ez-toc-link ez-toc-heading-5\" href=\"https:\/\/www.skalnik.pl\/blog\/jakie-skarpety-w-gory-wybrac\/#Skarpety_trekkingowe_a_aktywnosc\" >Skarpety trekkingowe a aktywno\u015b\u0107<\/a><\/li><\/ul><\/nav><\/div>\n<h2 class=\"wp-block-heading\"><span class=\"ez-toc-section\" id=\"Skarpety_termoaktywne_pomoga_twoim_stopom\"><\/span><strong>Skarpety termoaktywne pomog\u0105 twoim stopom<\/strong><span class=\"ez-toc-section-end\"><\/span><\/h2>\n\n\n\n<p>Te uciskaj\u0105 z przodu, te s\u0105 za szerokie, te nie trzymaj\u0105 pi\u0119ty \u2013 wyborowi but\u00f3w trekkingowych po\u015bwi\u0119ca si\u0119 zwykle bardzo du\u017co czasu. Na koniec zakup\u00f3w, cz\u0119sto praktycznie bezrefleksyjnie, dorzuca si\u0119 do koszyka jeszcze skarpety do chodzenia po g\u00f3rach. <strong>Tymczasem skarpetki spe\u0142niaj\u0105 wiele wa\u017cnych funkcji:<\/strong><\/p>\n\n\n\n<ul class=\"wp-block-list\"><li>izoluj\u0105 od zimn\u0105<\/li><li>poch\u0142aniaj\u0105 pot i transportuj\u0105 go na zewn\u0105trz<\/li><li>amortyzuj\u0105 od pod\u0142o\u017ca<\/li><li>oddzielaj\u0105 stop\u0119 od wewn\u0119trznej powierzchni buta.<\/li><\/ul>\n\n\n\n<p>Aby dobrze spe\u0142nia\u0107 te funkcje, skarpety trekkingowe musz\u0105 by\u0107 termoaktywne. Z daleka omijaj wi\u0119c bawe\u0142n\u0119, kt\u00f3ra nie odprowadza wilgoci i sprzyja powstawaniu odcisk\u00f3w. Postaw na naturaln\u0105 we\u0142n\u0119 lub materia\u0142y syntetyczne.<\/p>\n\n\n\n<p><span class=\"has-inline-color has-vivid-cyan-blue-color\">Zerknij na <a href=\"https:\/\/www.skalnik.pl\/odziez\/odziez-damska\/odziez-damska-skarpety\" target=\"_blank\" rel=\"noreferrer noopener\"><strong>damskie<\/strong><\/a> lub <a href=\"https:\/\/www.skalnik.pl\/odziez\/odziez-meska\/odziez-meska-skarpety\" target=\"_blank\" rel=\"noreferrer noopener\"><strong>m\u0119skie skarpety trekkingowe<\/strong><\/a> i znajd\u017a co\u015b dla siebie.<\/span><\/p>\n\n\n\n<div class=\"wp-block-image\"><figure class=\"aligncenter size-full\"><img loading=\"lazy\" decoding=\"async\" width=\"1024\" height=\"683\" src=\"https:\/\/www.skalnik.pl\/blog\/wp-content\/uploads\/2022\/07\/Skarpetki-trekkingowe.jpg\" alt=\"Skarpety trekkingowe\" class=\"wp-image-20310\" srcset=\"https:\/\/www.skalnik.pl\/blog\/wp-content\/uploads\/2022\/07\/Skarpetki-trekkingowe.jpg 1024w, https:\/\/www.skalnik.pl\/blog\/wp-content\/uploads\/2022\/07\/Skarpetki-trekkingowe-300x200.jpg 300w, https:\/\/www.skalnik.pl\/blog\/wp-content\/uploads\/2022\/07\/Skarpetki-trekkingowe-768x512.jpg 768w\" sizes=\"auto, (max-width: 1024px) 100vw, 1024px\" \/><figcaption><em>Wygodne skarpety to udana w\u0119dr\u00f3wka (fot. Smartwool)<\/em><\/figcaption><\/figure><\/div>\n\n\n\n<p>Je\u017celi skarpety termoaktywne dzia\u0142aj\u0105 tak, jak powinny, wok\u00f3\u0142 st\u00f3p powstaje warstwa ciep\u0142ego i suchego powietrza. W takiej otoczce nogi same ci\u0119 ponios\u0105 po szlaku.<\/p>\n\n\n\n<h2 class=\"wp-block-heading\"><span class=\"ez-toc-section\" id=\"Skarpety_do_chodzenia_po_gorach_%E2%80%93_syntetyczne_czy_welniane\"><\/span>Skarpety do chodzenia po g\u00f3rach \u2013 syntetyczne czy we\u0142niane?<span class=\"ez-toc-section-end\"><\/span><\/h2>\n\n\n\n<p>Osoby, kt\u00f3re postanowi\u0105 po\u015bwi\u0119ci\u0107 nieco czasu na wyb\u00f3r skarpetek, stan\u0105 po chwili poszukiwa\u0144 przed kluczowym pytaniem: syntetyk czy we\u0142na?<\/p>\n\n\n\n<p>Je\u015bli stawiasz na naturalne rozwi\u0105zanie, najlepszym wyborem b\u0119d\u0105 <strong>skarpety merino<\/strong>, czyli takie wykonane z we\u0142ny owiec merynos\u00f3w. Maj\u0105 one \u015bwietne zdolno\u015bci termoregulacyjne i sprawnie odprowadzaj\u0105 wilgo\u0107.<\/p>\n\n\n\n<p>Warto podkre\u015bli\u0107, \u017ce skarpetki w g\u00f3ry praktycznie nigdy nie b\u0119d\u0105 wykonane z samej we\u0142ny. Ma\u0142y dodatek tworzywa sztucznego dodaje elastyczno\u015bci, utrzymuje w\u0142\u00f3kna w zwartej strukturze i zwi\u0119ksza wytrzyma\u0142o\u015b\u0107. Stuprocentowe merino skarpety by\u0142yby zapewne dziurawe ju\u017c po pierwszych kilku wycieczkach.<\/p>\n\n\n\n<p>Jakie s\u0105 zalety we\u0142ny poza dobr\u0105 termoregulacj\u0105 i sprawnym odprowadzaniem potu? Skarpety merino zapewniaj\u0105 amortyzacj\u0119 na r\u00f3\u017cnorodnym pod\u0142o\u017cu, s\u0105 przyjemne dla sk\u00f3ry, a dzi\u0119ki w\u0142a\u015bciwo\u015bciom antybakteryjnym skarpetki w g\u00f3ry b\u0119d\u0105 mniej odstrasza\u0107 wieczorem swoim zapachem. Warto te\u017c podkre\u015bli\u0107, \u017ce mokra we\u0142na nadal potrafi utrzymywa\u0107 ciep\u0142o przy sk\u00f3rze.<\/p>\n\n\n\n<iframe loading=\"lazy\" src=\"https:\/\/www.youtube.com\/embed\/DOFGcUot5EE\" title=\"YouTube video player\" allow=\"accelerometer; autoplay; clipboard-write; encrypted-media; gyroscope; picture-in-picture\" allowfullscreen=\"\" width=\"800\" height=\"442\" frameborder=\"0\"><\/iframe>\n\n\n\n<p>W jakich okoliczno\u015bciach sprawdz\u0105 si\u0119 <strong>syntetyczne skarpety do chodzenia po g\u00f3rach<\/strong>? Skarpety z w\u0142\u00f3kien CoolMax s\u0105 dobrym wyborem na intensywne aktywno\u015bci, zw\u0142aszcza je\u015bli na dworze panuj\u0105 wy\u017csze temperatury. Zim\u0105 natomiast sprawdz\u0105 si\u0119 skarpety trekkingowe z izoluj\u0105cego w\u0142\u00f3kna takiego jak ThermoLite.<\/p>\n\n\n\n<p>Niew\u0105tpliw\u0105 zalet\u0105 skarpet syntetycznych jest te\u017c cena. S\u0105 one wyra\u017anie ta\u0144sze ni\u017c skarpety termoaktywne z we\u0142ny.<\/p>\n\n\n\n<h2 class=\"wp-block-heading\"><span class=\"ez-toc-section\" id=\"A_ja_na_to_jak_na_lato_%E2%80%93_jakie_skarpety_w_gory_latem\"><\/span>A ja na to jak na lato \u2013 jakie skarpety w g\u00f3ry latem?<span class=\"ez-toc-section-end\"><\/span><\/h2>\n\n\n\n<p>\u201eSkarpety w g\u00f3ry lato\u201d to fraza, kt\u00f3r\u0105 tury\u015bci cz\u0119sto wpisuj\u0105 obecnie w wyszukiwark\u0119. W tym przypadku najwa\u017cniejsz\u0105 kwesti\u0105 jest <strong>sprawne odprowadzanie wilgoci<\/strong>. Latem dobrze sprawdzi si\u0119 syntetyczne i lekkie w\u0142\u00f3kno Coolmax.<\/p>\n\n\n\n<p>W trakcie ciep\u0142ych miesi\u0119cy mo\u017cna te\u017c jednak nosi\u0107 skarpety trekkingowe z we\u0142ny. Pami\u0119taj jedynie, by wybra\u0107 modele wykonane z we\u0142ny o mniejszej gramaturze. Skarpety w g\u00f3ry na lato wykonane z we\u0142ny zapewni\u0105 ci dobr\u0105 amortyzacj\u0119. Mog\u0105 wi\u0119c by\u0107 lepszym wyborem na skaliste i kamienne szlaki.<\/p>\n\n\n\n<iframe loading=\"lazy\" src=\"https:\/\/www.youtube.com\/embed\/UVMzAHrn0Ow\" title=\"YouTube video player\" allow=\"accelerometer; autoplay; clipboard-write; encrypted-media; gyroscope; picture-in-picture\" allowfullscreen=\"\" width=\"800\" height=\"442\" frameborder=\"0\"><\/iframe>\n\n\n\n<h2 class=\"wp-block-heading\"><span class=\"ez-toc-section\" id=\"Jak_jest_zima_to_musi_byc_zimno_Jakie_skarpety_w_gory_zima\"><\/span>Jak jest zima, to musi by\u0107 zimno? Jakie skarpety w g\u00f3ry zim\u0105?<span class=\"ez-toc-section-end\"><\/span><\/h2>\n\n\n\n<p>Zim\u0105 tury\u015bci musz\u0105 zr\u00f3wnowa\u017cy\u0107 dwie kwestie:<\/p>\n\n\n\n<ul class=\"wp-block-list\"><li>ochron\u0119 od mrozu<\/li><li>odprowadzanie potu wydzielanego w trakcie intensywnej aktywno\u015bci na dworze.<\/li><\/ul>\n\n\n\n<p><strong>Ciep\u0142e skarpety w g\u00f3ry s\u0105 zazwyczaj wykonane z we\u0142ny<\/strong>, kt\u00f3ra zapewnia dobr\u0105 termoregulacj\u0119 w ka\u017cdych warunkach.<\/p>\n\n\n\n<div class=\"wp-block-image\"><figure class=\"aligncenter size-large\"><img loading=\"lazy\" decoding=\"async\" width=\"1024\" height=\"683\" src=\"https:\/\/www.skalnik.pl\/blog\/wp-content\/uploads\/2022\/07\/Skarpety-trekkingowe.jpg\" alt=\"Skarpety trekkingowe na zim\u0119\" class=\"wp-image-20308\" srcset=\"https:\/\/www.skalnik.pl\/blog\/wp-content\/uploads\/2022\/07\/Skarpety-trekkingowe.jpg 1024w, https:\/\/www.skalnik.pl\/blog\/wp-content\/uploads\/2022\/07\/Skarpety-trekkingowe-300x200.jpg 300w, https:\/\/www.skalnik.pl\/blog\/wp-content\/uploads\/2022\/07\/Skarpety-trekkingowe-768x512.jpg 768w\" sizes=\"auto, (max-width: 1024px) 100vw, 1024px\" \/><figcaption><em>Zim\u0105 kluczowa jest r\u00f3wnowaga mi\u0119dzy odprowadzaniem potu a izolacj\u0105 od zimna (fot. Smartwool)<\/em><\/figcaption><\/figure><\/div>\n\n\n\n<p>Zim\u0105 dobrym pomys\u0142em jest ubieranie si\u0119 na cebulk\u0119 i ten spos\u00f3b dzia\u0142a tak\u017ce w przypadku st\u00f3p. Je\u015bli chcesz mie\u0107 pewno\u015b\u0107, \u017ce ochronisz si\u0119 przed zimnem, ubierz na sp\u00f3d cienkie skarpety trekkingowe przylegaj\u0105ce do st\u00f3p wykonane z tkanin syntetycznych. Na wierzch natomiast za\u0142\u00f3\u017c ciep\u0142e skarpety w g\u00f3ry, kt\u00f3re w sk\u0142adzie maj\u0105 przede wszystkim we\u0142n\u0119.<\/p>\n\n\n\n<h2 class=\"wp-block-heading\"><span class=\"ez-toc-section\" id=\"Skarpety_trekkingowe_a_aktywnosc\"><\/span>Skarpety trekkingowe a aktywno\u015b\u0107<span class=\"ez-toc-section-end\"><\/span><\/h2>\n\n\n\n<p>Skarpetki w g\u00f3ry nale\u017cy dobiera\u0107 nie tylko ze wzgl\u0119du na temperatur\u0119 otoczenia. Liczy si\u0119 r\u00f3wnie\u017c rodzaj planowanej aktywno\u015bci.<\/p>\n\n\n\n<p>Dla <strong>mi\u0142o\u015bnik\u00f3w d\u0142ugich w\u0119dr\u00f3wek<\/strong> bardzo wa\u017cna jest wytrzyma\u0142o\u015b\u0107 odzienia. Dzi\u0119ki temu mog\u0105 mie\u0107 pewno\u015b\u0107, \u017ce skarpetki w g\u00f3ry stawi\u0105 bez problemu czo\u0142a wielu kilometrom. Na trekkingi dobrym wyborem s\u0105 modele z dodatkow\u0105 warstw\u0105 materia\u0142u na pi\u0119cie i palcach. Skarpety do chodzenia po g\u00f3rach dobierz te\u017c do swoich but\u00f3w. Do wysokich trek\u00f3w ubierz d\u0142u\u017cszy model, a do niskich mo\u017cesz dobra\u0107 kr\u00f3tsze skarpetki.<\/p>\n\n\n\n<p>Dla <strong>g\u00f3rskich biegaczy<\/strong> priorytetem jest szybkie odprowadzanie potu. Izolacja cieplna nie ma natomiast tak du\u017cego znaczenia. Biegacze i inni mi\u0142o\u015bnicy intensywnych aktywno\u015bci cz\u0119sto stawiaj\u0105 na skarpety termoaktywne z materia\u0142u Coolmax. Kanalikowa budowa w\u0142\u00f3kien tej tkaniny sprawia, \u017ce odprowadzanie potu jest jeszcze szybsze.<\/p>\n\n\n\n<p>Dla <strong>narciarzy<\/strong> najlepszym wyborem b\u0119d\u0105 z kolei d\u0142ugie i ciep\u0142e skarpety w g\u00f3ry wzmocnione w rejonie kostek oraz sklepienia podeszwy.<\/p>\n\n\n\n<div class=\"wp-block-image\"><figure class=\"aligncenter size-full\"><img loading=\"lazy\" decoding=\"async\" width=\"1024\" height=\"683\" src=\"https:\/\/www.skalnik.pl\/blog\/wp-content\/uploads\/2022\/07\/Skarpetki-narciarskie.jpg\" alt=\"Skarpetki w g\u00f3ry narciarskie\" class=\"wp-image-20306\" srcset=\"https:\/\/www.skalnik.pl\/blog\/wp-content\/uploads\/2022\/07\/Skarpetki-narciarskie.jpg 1024w, https:\/\/www.skalnik.pl\/blog\/wp-content\/uploads\/2022\/07\/Skarpetki-narciarskie-300x200.jpg 300w, https:\/\/www.skalnik.pl\/blog\/wp-content\/uploads\/2022\/07\/Skarpetki-narciarskie-768x512.jpg 768w\" sizes=\"auto, (max-width: 1024px) 100vw, 1024px\" \/><figcaption><em>Skarpety narciarskie musz\u0105 by\u0107 d\u0142ugie i ciep\u0142e. Mog\u0105 te\u017c cieszy\u0107 oko niebanalnymi wzorami (fot. Smartwool)<\/em><\/figcaption><\/figure><\/div>\n\n\n\n<p>Bol\u0105ce, przemoczone czy przemarzni\u0119te stopy b\u0142yskawicznie pogarszaj\u0105 nastr\u00f3j w trakcie w\u0119dr\u00f3wki. Dobierz wi\u0119c takie skarpetki w g\u00f3ry, kt\u00f3re skutecznie ochroni\u0105 twoje stopy i pozwol\u0105 spokojnie przemierza\u0107 kolejne kilometry.<\/p>\n\n\n\n<p class=\"has-text-align-right\"><em>Katarzyna Ha\u0142upka<\/em><\/p>\n","protected":false},"excerpt":{"rendered":"<p>Skarpetki w g\u00f3ry chroni\u0105 od zimna i odprowadzaj\u0105 pot. Sprawd\u017a, jakie skarpety trekkingowe wybra\u0107.<\/p>\n","protected":false},"author":7,"featured_media":20313,"comment_status":"open","ping_status":"open","sticky":false,"template":"","format":"standard","meta":{"_acf_changed":false,"footnotes":""},"categories":[3],"tags":[107,169,222,16],"magento_category":[60],"magento_product":[],"class_list":["post-20296","post","type-post","status-publish","format-standard","has-post-thumbnail","hentry","category-porady","tag-lato","tag-merino","tag-skarpety","tag-zima"],"acf":[],"aioseo_notices":[],"aioseo_head":"\n\t\t<!-- All in One SEO 4.9.10 - aioseo.com -->\n\t<meta name=\"description\" content=\"Skarpetki w g\u00f3ry musz\u0105 sprawnie odprowadza\u0107 wilgo\u0107 i chroni\u0107 od zimna. Sprawd\u017a, jakie skarpety trekkingowe wybra\u0107 zale\u017cnie od pogody, aktywno\u015bci i pod\u0142o\u017ca.\" \/>\n\t<meta name=\"robots\" content=\"max-image-preview:large\" \/>\n\t<meta name=\"author\" content=\"Redakcja skalnik.pl\"\/>\n\t<link rel=\"canonical\" href=\"https:\/\/www.skalnik.pl\/blog\/jakie-skarpety-w-gory-wybrac\/\" \/>\n\t<meta name=\"generator\" content=\"All in One SEO (AIOSEO) 4.9.10\" \/>\n\t\t<meta property=\"og:locale\" content=\"pl_PL\" \/>\n\t\t<meta property=\"og:site_name\" content=\"blog Skalnik - Blog, porady, artyku\u0142y - blog Skalnik\" \/>\n\t\t<meta property=\"og:type\" content=\"article\" \/>\n\t\t<meta property=\"og:title\" content=\"Jakie skarpety w g\u00f3ry wybra\u0107? - blog Skalnik\" \/>\n\t\t<meta property=\"og:description\" content=\"Skarpetki w g\u00f3ry musz\u0105 sprawnie odprowadza\u0107 wilgo\u0107 i chroni\u0107 od zimna. Sprawd\u017a, jakie skarpety trekkingowe wybra\u0107 zale\u017cnie od pogody, aktywno\u015bci i pod\u0142o\u017ca.\" \/>\n\t\t<meta property=\"og:url\" content=\"https:\/\/www.skalnik.pl\/blog\/jakie-skarpety-w-gory-wybrac\/\" \/>\n\t\t<meta property=\"og:image\" content=\"https:\/\/www.skalnik.pl\/blog\/wp-content\/uploads\/2022\/07\/Skarpety-g\u00f3rskie-lato.jpg\" \/>\n\t\t<meta property=\"og:image:secure_url\" content=\"https:\/\/www.skalnik.pl\/blog\/wp-content\/uploads\/2022\/07\/Skarpety-g\u00f3rskie-lato.jpg\" \/>\n\t\t<meta property=\"og:image:width\" content=\"1024\" \/>\n\t\t<meta property=\"og:image:height\" content=\"683\" \/>\n\t\t<meta property=\"article:tag\" content=\"porady\" \/>\n\t\t<meta property=\"article:tag\" content=\"lato\" \/>\n\t\t<meta property=\"article:tag\" content=\"merino\" \/>\n\t\t<meta property=\"article:tag\" content=\"skarpety\" \/>\n\t\t<meta property=\"article:tag\" content=\"zima\" \/>\n\t\t<meta property=\"article:published_time\" content=\"2022-07-29T12:54:28+00:00\" \/>\n\t\t<meta property=\"article:modified_time\" content=\"2022-07-29T12:54:30+00:00\" \/>\n\t\t<meta name=\"twitter:card\" content=\"summary_large_image\" \/>\n\t\t<meta name=\"twitter:title\" content=\"Jakie skarpety w g\u00f3ry wybra\u0107? - blog Skalnik\" \/>\n\t\t<meta name=\"twitter:description\" content=\"Skarpetki w g\u00f3ry musz\u0105 sprawnie odprowadza\u0107 wilgo\u0107 i chroni\u0107 od zimna. Sprawd\u017a, jakie skarpety trekkingowe wybra\u0107 zale\u017cnie od pogody, aktywno\u015bci i pod\u0142o\u017ca.\" \/>\n\t\t<meta name=\"twitter:image\" content=\"https:\/\/www.skalnik.pl\/blog\/wp-content\/uploads\/2022\/07\/Skarpety-g\u00f3rskie-lato.jpg\" \/>\n\t\t<script type=\"application\/ld+json\" class=\"aioseo-schema\">\n\t\t\t{\"@context\":\"https:\\\/\\\/schema.org\",\"@graph\":[{\"@type\":\"BlogPosting\",\"@id\":\"https:\\\/\\\/www.skalnik.pl\\\/blog\\\/jakie-skarpety-w-gory-wybrac\\\/#blogposting\",\"name\":\"Jakie skarpety w g\\u00f3ry wybra\\u0107? - blog Skalnik\",\"headline\":\"Jakie skarpety w g\\u00f3ry wybra\\u0107?\",\"author\":{\"@id\":\"https:\\\/\\\/www.skalnik.pl\\\/blog\\\/author\\\/redakcja-skalnik-pl\\\/#author\"},\"publisher\":{\"@id\":\"https:\\\/\\\/www.skalnik.pl\\\/blog\\\/#organization\"},\"image\":{\"@type\":\"ImageObject\",\"url\":\"https:\\\/\\\/www.skalnik.pl\\\/blog\\\/wp-content\\\/uploads\\\/2022\\\/07\\\/Skarpety-trekkingowe-w-g\\u00f3ry-1.jpg\",\"width\":1920,\"height\":705,\"caption\":\"Skarpety trekkingowe\"},\"datePublished\":\"2022-07-29T14:54:28+02:00\",\"dateModified\":\"2022-07-29T14:54:30+02:00\",\"inLanguage\":\"pl-PL\",\"mainEntityOfPage\":{\"@id\":\"https:\\\/\\\/www.skalnik.pl\\\/blog\\\/jakie-skarpety-w-gory-wybrac\\\/#webpage\"},\"isPartOf\":{\"@id\":\"https:\\\/\\\/www.skalnik.pl\\\/blog\\\/jakie-skarpety-w-gory-wybrac\\\/#webpage\"},\"articleSection\":\"Porady, lato, merino, skarpety, zima, 1098\"},{\"@type\":\"BreadcrumbList\",\"@id\":\"https:\\\/\\\/www.skalnik.pl\\\/blog\\\/jakie-skarpety-w-gory-wybrac\\\/#breadcrumblist\",\"itemListElement\":[{\"@type\":\"ListItem\",\"@id\":\"https:\\\/\\\/www.skalnik.pl\\\/blog#listItem\",\"position\":1,\"name\":\"Home\",\"item\":\"https:\\\/\\\/www.skalnik.pl\\\/blog\",\"nextItem\":{\"@type\":\"ListItem\",\"@id\":\"https:\\\/\\\/www.skalnik.pl\\\/blog\\\/.\\\/porady\\\/#listItem\",\"name\":\"Porady\"}},{\"@type\":\"ListItem\",\"@id\":\"https:\\\/\\\/www.skalnik.pl\\\/blog\\\/.\\\/porady\\\/#listItem\",\"position\":2,\"name\":\"Porady\",\"item\":\"https:\\\/\\\/www.skalnik.pl\\\/blog\\\/.\\\/porady\\\/\",\"nextItem\":{\"@type\":\"ListItem\",\"@id\":\"https:\\\/\\\/www.skalnik.pl\\\/blog\\\/jakie-skarpety-w-gory-wybrac\\\/#listItem\",\"name\":\"Jakie skarpety w g\\u00f3ry wybra\\u0107?\"},\"previousItem\":{\"@type\":\"ListItem\",\"@id\":\"https:\\\/\\\/www.skalnik.pl\\\/blog#listItem\",\"name\":\"Home\"}},{\"@type\":\"ListItem\",\"@id\":\"https:\\\/\\\/www.skalnik.pl\\\/blog\\\/jakie-skarpety-w-gory-wybrac\\\/#listItem\",\"position\":3,\"name\":\"Jakie skarpety w g\\u00f3ry wybra\\u0107?\",\"previousItem\":{\"@type\":\"ListItem\",\"@id\":\"https:\\\/\\\/www.skalnik.pl\\\/blog\\\/.\\\/porady\\\/#listItem\",\"name\":\"Porady\"}}]},{\"@type\":\"Organization\",\"@id\":\"https:\\\/\\\/www.skalnik.pl\\\/blog\\\/#organization\",\"name\":\"blog Skalnik\",\"description\":\"Blog, porady, artyku\\u0142y - blog Skalnik\",\"url\":\"https:\\\/\\\/www.skalnik.pl\\\/blog\\\/\"},{\"@type\":\"Person\",\"@id\":\"https:\\\/\\\/www.skalnik.pl\\\/blog\\\/author\\\/redakcja-skalnik-pl\\\/#author\",\"url\":\"https:\\\/\\\/www.skalnik.pl\\\/blog\\\/author\\\/redakcja-skalnik-pl\\\/\",\"name\":\"Redakcja skalnik.pl\",\"image\":{\"@type\":\"ImageObject\",\"@id\":\"https:\\\/\\\/www.skalnik.pl\\\/blog\\\/jakie-skarpety-w-gory-wybrac\\\/#authorImage\",\"url\":\"https:\\\/\\\/secure.gravatar.com\\\/avatar\\\/7eab29b048aaf0899cd9a145e9adb814e2130ced31e65b454b902500bea65f9e?s=96&d=mm&r=g\",\"width\":96,\"height\":96,\"caption\":\"Redakcja skalnik.pl\"}},{\"@type\":\"WebPage\",\"@id\":\"https:\\\/\\\/www.skalnik.pl\\\/blog\\\/jakie-skarpety-w-gory-wybrac\\\/#webpage\",\"url\":\"https:\\\/\\\/www.skalnik.pl\\\/blog\\\/jakie-skarpety-w-gory-wybrac\\\/\",\"name\":\"Jakie skarpety w g\\u00f3ry wybra\\u0107? - blog Skalnik\",\"description\":\"Skarpetki w g\\u00f3ry musz\\u0105 sprawnie odprowadza\\u0107 wilgo\\u0107 i chroni\\u0107 od zimna. Sprawd\\u017a, jakie skarpety trekkingowe wybra\\u0107 zale\\u017cnie od pogody, aktywno\\u015bci i pod\\u0142o\\u017ca.\",\"inLanguage\":\"pl-PL\",\"isPartOf\":{\"@id\":\"https:\\\/\\\/www.skalnik.pl\\\/blog\\\/#website\"},\"breadcrumb\":{\"@id\":\"https:\\\/\\\/www.skalnik.pl\\\/blog\\\/jakie-skarpety-w-gory-wybrac\\\/#breadcrumblist\"},\"author\":{\"@id\":\"https:\\\/\\\/www.skalnik.pl\\\/blog\\\/author\\\/redakcja-skalnik-pl\\\/#author\"},\"creator\":{\"@id\":\"https:\\\/\\\/www.skalnik.pl\\\/blog\\\/author\\\/redakcja-skalnik-pl\\\/#author\"},\"image\":{\"@type\":\"ImageObject\",\"url\":\"https:\\\/\\\/www.skalnik.pl\\\/blog\\\/wp-content\\\/uploads\\\/2022\\\/07\\\/Skarpety-trekkingowe-w-g\\u00f3ry-1.jpg\",\"@id\":\"https:\\\/\\\/www.skalnik.pl\\\/blog\\\/jakie-skarpety-w-gory-wybrac\\\/#mainImage\",\"width\":1920,\"height\":705,\"caption\":\"Skarpety trekkingowe\"},\"primaryImageOfPage\":{\"@id\":\"https:\\\/\\\/www.skalnik.pl\\\/blog\\\/jakie-skarpety-w-gory-wybrac\\\/#mainImage\"},\"datePublished\":\"2022-07-29T14:54:28+02:00\",\"dateModified\":\"2022-07-29T14:54:30+02:00\"},{\"@type\":\"WebSite\",\"@id\":\"https:\\\/\\\/www.skalnik.pl\\\/blog\\\/#website\",\"url\":\"https:\\\/\\\/www.skalnik.pl\\\/blog\\\/\",\"name\":\"blog Skalnik\",\"description\":\"Blog, porady, artyku\\u0142y - blog Skalnik\",\"inLanguage\":\"pl-PL\",\"publisher\":{\"@id\":\"https:\\\/\\\/www.skalnik.pl\\\/blog\\\/#organization\"}}]}\n\t\t<\/script>\n\t\t<!-- All in One SEO -->\n\n","aioseo_head_json":{"title":"Jakie skarpety w g\u00f3ry wybra\u0107? - blog Skalnik","description":"Skarpetki w g\u00f3ry musz\u0105 sprawnie odprowadza\u0107 wilgo\u0107 i chroni\u0107 od zimna. Sprawd\u017a, jakie skarpety trekkingowe wybra\u0107 zale\u017cnie od pogody, aktywno\u015bci i pod\u0142o\u017ca.","canonical_url":"https:\/\/www.skalnik.pl\/blog\/jakie-skarpety-w-gory-wybrac\/","robots":"max-image-preview:large","keywords":"","webmasterTools":{"miscellaneous":""},"schema":{"@context":"https:\/\/schema.org","@graph":[{"@type":"BlogPosting","@id":"https:\/\/www.skalnik.pl\/blog\/jakie-skarpety-w-gory-wybrac\/#blogposting","name":"Jakie skarpety w g\u00f3ry wybra\u0107? - blog Skalnik","headline":"Jakie skarpety w g\u00f3ry wybra\u0107?","author":{"@id":"https:\/\/www.skalnik.pl\/blog\/author\/redakcja-skalnik-pl\/#author"},"publisher":{"@id":"https:\/\/www.skalnik.pl\/blog\/#organization"},"image":{"@type":"ImageObject","url":"https:\/\/www.skalnik.pl\/blog\/wp-content\/uploads\/2022\/07\/Skarpety-trekkingowe-w-g\u00f3ry-1.jpg","width":1920,"height":705,"caption":"Skarpety trekkingowe"},"datePublished":"2022-07-29T14:54:28+02:00","dateModified":"2022-07-29T14:54:30+02:00","inLanguage":"pl-PL","mainEntityOfPage":{"@id":"https:\/\/www.skalnik.pl\/blog\/jakie-skarpety-w-gory-wybrac\/#webpage"},"isPartOf":{"@id":"https:\/\/www.skalnik.pl\/blog\/jakie-skarpety-w-gory-wybrac\/#webpage"},"articleSection":"Porady, lato, merino, skarpety, zima, 1098"},{"@type":"BreadcrumbList","@id":"https:\/\/www.skalnik.pl\/blog\/jakie-skarpety-w-gory-wybrac\/#breadcrumblist","itemListElement":[{"@type":"ListItem","@id":"https:\/\/www.skalnik.pl\/blog#listItem","position":1,"name":"Home","item":"https:\/\/www.skalnik.pl\/blog","nextItem":{"@type":"ListItem","@id":"https:\/\/www.skalnik.pl\/blog\/.\/porady\/#listItem","name":"Porady"}},{"@type":"ListItem","@id":"https:\/\/www.skalnik.pl\/blog\/.\/porady\/#listItem","position":2,"name":"Porady","item":"https:\/\/www.skalnik.pl\/blog\/.\/porady\/","nextItem":{"@type":"ListItem","@id":"https:\/\/www.skalnik.pl\/blog\/jakie-skarpety-w-gory-wybrac\/#listItem","name":"Jakie skarpety w g\u00f3ry wybra\u0107?"},"previousItem":{"@type":"ListItem","@id":"https:\/\/www.skalnik.pl\/blog#listItem","name":"Home"}},{"@type":"ListItem","@id":"https:\/\/www.skalnik.pl\/blog\/jakie-skarpety-w-gory-wybrac\/#listItem","position":3,"name":"Jakie skarpety w g\u00f3ry wybra\u0107?","previousItem":{"@type":"ListItem","@id":"https:\/\/www.skalnik.pl\/blog\/.\/porady\/#listItem","name":"Porady"}}]},{"@type":"Organization","@id":"https:\/\/www.skalnik.pl\/blog\/#organization","name":"blog Skalnik","description":"Blog, porady, artyku\u0142y - blog Skalnik","url":"https:\/\/www.skalnik.pl\/blog\/"},{"@type":"Person","@id":"https:\/\/www.skalnik.pl\/blog\/author\/redakcja-skalnik-pl\/#author","url":"https:\/\/www.skalnik.pl\/blog\/author\/redakcja-skalnik-pl\/","name":"Redakcja skalnik.pl","image":{"@type":"ImageObject","@id":"https:\/\/www.skalnik.pl\/blog\/jakie-skarpety-w-gory-wybrac\/#authorImage","url":"https:\/\/secure.gravatar.com\/avatar\/7eab29b048aaf0899cd9a145e9adb814e2130ced31e65b454b902500bea65f9e?s=96&d=mm&r=g","width":96,"height":96,"caption":"Redakcja skalnik.pl"}},{"@type":"WebPage","@id":"https:\/\/www.skalnik.pl\/blog\/jakie-skarpety-w-gory-wybrac\/#webpage","url":"https:\/\/www.skalnik.pl\/blog\/jakie-skarpety-w-gory-wybrac\/","name":"Jakie skarpety w g\u00f3ry wybra\u0107? - blog Skalnik","description":"Skarpetki w g\u00f3ry musz\u0105 sprawnie odprowadza\u0107 wilgo\u0107 i chroni\u0107 od zimna. Sprawd\u017a, jakie skarpety trekkingowe wybra\u0107 zale\u017cnie od pogody, aktywno\u015bci i pod\u0142o\u017ca.","inLanguage":"pl-PL","isPartOf":{"@id":"https:\/\/www.skalnik.pl\/blog\/#website"},"breadcrumb":{"@id":"https:\/\/www.skalnik.pl\/blog\/jakie-skarpety-w-gory-wybrac\/#breadcrumblist"},"author":{"@id":"https:\/\/www.skalnik.pl\/blog\/author\/redakcja-skalnik-pl\/#author"},"creator":{"@id":"https:\/\/www.skalnik.pl\/blog\/author\/redakcja-skalnik-pl\/#author"},"image":{"@type":"ImageObject","url":"https:\/\/www.skalnik.pl\/blog\/wp-content\/uploads\/2022\/07\/Skarpety-trekkingowe-w-g\u00f3ry-1.jpg","@id":"https:\/\/www.skalnik.pl\/blog\/jakie-skarpety-w-gory-wybrac\/#mainImage","width":1920,"height":705,"caption":"Skarpety trekkingowe"},"primaryImageOfPage":{"@id":"https:\/\/www.skalnik.pl\/blog\/jakie-skarpety-w-gory-wybrac\/#mainImage"},"datePublished":"2022-07-29T14:54:28+02:00","dateModified":"2022-07-29T14:54:30+02:00"},{"@type":"WebSite","@id":"https:\/\/www.skalnik.pl\/blog\/#website","url":"https:\/\/www.skalnik.pl\/blog\/","name":"blog Skalnik","description":"Blog, porady, artyku\u0142y - blog Skalnik","inLanguage":"pl-PL","publisher":{"@id":"https:\/\/www.skalnik.pl\/blog\/#organization"}}]},"og:locale":"pl_PL","og:site_name":"blog Skalnik - Blog, porady, artyku\u0142y - blog Skalnik","og:type":"article","og:title":"Jakie skarpety w g\u00f3ry wybra\u0107? - blog Skalnik","og:description":"Skarpetki w g\u00f3ry musz\u0105 sprawnie odprowadza\u0107 wilgo\u0107 i chroni\u0107 od zimna. Sprawd\u017a, jakie skarpety trekkingowe wybra\u0107 zale\u017cnie od pogody, aktywno\u015bci i pod\u0142o\u017ca.","og:url":"https:\/\/www.skalnik.pl\/blog\/jakie-skarpety-w-gory-wybrac\/","og:image":"https:\/\/www.skalnik.pl\/blog\/wp-content\/uploads\/2022\/07\/Skarpety-g\u00f3rskie-lato.jpg","og:image:secure_url":"https:\/\/www.skalnik.pl\/blog\/wp-content\/uploads\/2022\/07\/Skarpety-g\u00f3rskie-lato.jpg","og:image:width":1024,"og:image:height":683,"article:tag":["porady","lato","merino","skarpety","zima"],"article:published_time":"2022-07-29T12:54:28+00:00","article:modified_time":"2022-07-29T12:54:30+00:00","twitter:card":"summary_large_image","twitter:title":"Jakie skarpety w g\u00f3ry wybra\u0107? - blog Skalnik","twitter:description":"Skarpetki w g\u00f3ry musz\u0105 sprawnie odprowadza\u0107 wilgo\u0107 i chroni\u0107 od zimna. Sprawd\u017a, jakie skarpety trekkingowe wybra\u0107 zale\u017cnie od pogody, aktywno\u015bci i pod\u0142o\u017ca.","twitter:image":"https:\/\/www.skalnik.pl\/blog\/wp-content\/uploads\/2022\/07\/Skarpety-g\u00f3rskie-lato.jpg"},"aioseo_meta_data":{"post_id":"20296","title":null,"description":"Skarpetki w g\u00f3ry musz\u0105 sprawnie odprowadza\u0107 wilgo\u0107 i chroni\u0107 od zimna. Sprawd\u017a, jakie skarpety trekkingowe wybra\u0107 zale\u017cnie od pogody, aktywno\u015bci i pod\u0142o\u017ca.","keywords":[{"label":"skarpety do chodzenia po g\u00f3rach","value":"skarpety do chodzenia po g\u00f3rach"},{"label":"ciep\u0142e skarpety w g\u00f3ry","value":"ciep\u0142e skarpety w g\u00f3ry"},{"label":"skarpetki w g\u00f3ry","value":"skarpetki w g\u00f3ry"},{"label":"skarpety termoaktywne","value":"skarpety termoaktywne"},{"label":"skarpety trekkingowe","value":"skarpety trekkingowe"}],"keyphrases":null,"primary_term":null,"canonical_url":"","og_title":null,"og_description":null,"og_object_type":"default","og_image_type":"default","og_image_url":null,"og_image_width":null,"og_image_height":null,"og_image_custom_url":null,"og_image_custom_fields":null,"og_video":null,"og_custom_url":null,"og_article_section":null,"og_article_tags":null,"twitter_use_og":false,"twitter_card":"default","twitter_image_type":"default","twitter_image_url":null,"twitter_image_custom_url":null,"twitter_image_custom_fields":null,"twitter_title":null,"twitter_description":null,"schema":{"blockGraphs":[],"customGraphs":[],"default":{"data":{"Article":[],"Course":[],"Dataset":[],"FAQPage":[],"Movie":[],"Person":[],"Product":[],"ProductReview":[],"Car":[],"Recipe":[],"Service":[],"SoftwareApplication":[],"WebPage":[]},"graphName":"BlogPosting","isEnabled":true},"graphs":[]},"schema_type":"default","schema_type_options":null,"pillar_content":false,"robots_default":true,"robots_noindex":false,"robots_noarchive":false,"robots_nosnippet":false,"robots_nofollow":false,"robots_noimageindex":false,"robots_noodp":false,"robots_notranslate":false,"robots_max_snippet":null,"robots_max_videopreview":null,"robots_max_imagepreview":"large","priority":null,"frequency":null,"local_seo":null,"breadcrumb_settings":null,"limit_modified_date":false,"ai":null,"created":"2022-08-26 09:55:13","updated":"2026-02-17 22:24:37","seo_analyzer_scan_date":null},"aioseo_breadcrumb":"<div class=\"aioseo-breadcrumbs\"><span class=\"aioseo-breadcrumb\">\n\t\t\t<a href=\"https:\/\/www.skalnik.pl\/blog\" title=\"Home\">Home<\/a>\n\t\t<\/span><span class=\"aioseo-breadcrumb-separator\">&raquo;<\/span><span class=\"aioseo-breadcrumb\">\n\t\t\t<a href=\"https:\/\/www.skalnik.pl\/blog\/.\/porady\/\" title=\"Porady\">Porady<\/a>\n\t\t<\/span><span class=\"aioseo-breadcrumb-separator\">&raquo;<\/span><span class=\"aioseo-breadcrumb\">\n\t\t\tJakie skarpety w g\u00f3ry wybra\u0107?\n\t\t<\/span><\/div>","aioseo_breadcrumb_json":[{"label":"Home","link":"https:\/\/www.skalnik.pl\/blog"},{"label":"Porady","link":"https:\/\/www.skalnik.pl\/blog\/.\/porady\/"},{"label":"Jakie skarpety w g\u00f3ry wybra\u0107?","link":"https:\/\/www.skalnik.pl\/blog\/jakie-skarpety-w-gory-wybrac\/"}],"_links":{"self":[{"href":"https:\/\/www.skalnik.pl\/blog\/wp-json\/wp\/v2\/posts\/20296","targetHints":{"allow":["GET"]}}],"collection":[{"href":"https:\/\/www.skalnik.pl\/blog\/wp-json\/wp\/v2\/posts"}],"about":[{"href":"https:\/\/www.skalnik.pl\/blog\/wp-json\/wp\/v2\/types\/post"}],"author":[{"embeddable":true,"href":"https:\/\/www.skalnik.pl\/blog\/wp-json\/wp\/v2\/users\/7"}],"replies":[{"embeddable":true,"href":"https:\/\/www.skalnik.pl\/blog\/wp-json\/wp\/v2\/comments?post=20296"}],"version-history":[{"count":10,"href":"https:\/\/www.skalnik.pl\/blog\/wp-json\/wp\/v2\/posts\/20296\/revisions"}],"predecessor-version":[{"id":20335,"href":"https:\/\/www.skalnik.pl\/blog\/wp-json\/wp\/v2\/posts\/20296\/revisions\/20335"}],"wp:featuredmedia":[{"embeddable":true,"href":"https:\/\/www.skalnik.pl\/blog\/wp-json\/wp\/v2\/media\/20313"}],"wp:attachment":[{"href":"https:\/\/www.skalnik.pl\/blog\/wp-json\/wp\/v2\/media?parent=20296"}],"wp:term":[{"taxonomy":"category","embeddable":true,"href":"https:\/\/www.skalnik.pl\/blog\/wp-json\/wp\/v2\/categories?post=20296"},{"taxonomy":"post_tag","embeddable":true,"href":"https:\/\/www.skalnik.pl\/blog\/wp-json\/wp\/v2\/tags?post=20296"},{"taxonomy":"magento_category","embeddable":true,"href":"https:\/\/www.skalnik.pl\/blog\/wp-json\/wp\/v2\/magento_category?post=20296"},{"taxonomy":"magento_product","embeddable":true,"href":"https:\/\/www.skalnik.pl\/blog\/wp-json\/wp\/v2\/magento_product?post=20296"}],"curies":[{"name":"wp","href":"https:\/\/api.w.org\/{rel}","templated":true}]}}