{"id":20435,"date":"2022-08-10T22:33:00","date_gmt":"2022-08-10T20:33:00","guid":{"rendered":"https:\/\/www.skalnik.pl\/blog\/?p=20435"},"modified":"2022-09-15T13:15:06","modified_gmt":"2022-09-15T11:15:06","slug":"salewa-ortles-opis-kolekcji","status":"publish","type":"post","link":"https:\/\/www.skalnik.pl\/blog\/salewa-ortles-opis-kolekcji\/","title":{"rendered":"Salewa Ortles \u2013 kolekcja dla alpinist\u00f3w"},"content":{"rendered":"\n<p><strong>Wzywaj\u0105 ci\u0119 wysokie g\u00f3ry i ambitne drogi wspinaczkowe? Odzie\u017c z kolekcji Salewa Ortles b\u0119dzie twoim niezawodnym wsparciem na najtrudniejszych wyjazdach.<\/strong><\/p>\n\n\n\n<p>Sygnowany logiem Salewa sklep jest wielkim skarbcem r\u00f3\u017cnorodnej odzie\u017cy g\u00f3rskiej, wysokiej jako\u015bci materia\u0142\u00f3w i innowacyjnych rozwi\u0105za\u0144. Niekt\u00f3re kurtki, koszulki i spodnie Salewa s\u0105 przeznaczone dla os\u00f3b, kt\u00f3re dopiero rozpoczynaj\u0105 swoj\u0105 przygod\u0119 z g\u00f3rami. Kolekcja Salewa Ortles jest jednak dedykowana alpinistom id\u0105cym tam, gdzie najtrudniej, najwy\u017cej i najbardziej ekstremalnie.<\/p>\n\n\n\n<p><span class=\"has-inline-color has-vivid-cyan-blue-color\">Wi\u0119cej tekst\u00f3w o produktach Salewa znajdziesz na naszym blogu, gdy <strong><a href=\"https:\/\/bit.ly\/3QCNO5Z\" target=\"_blank\" rel=\"noreferrer noopener\">klikniesz w ten link<\/a><\/strong>. <\/span><\/p>\n\n\n\n<div class=\"wp-block-image\"><figure class=\"aligncenter size-full\"><img loading=\"lazy\" decoding=\"async\" width=\"1024\" height=\"683\" src=\"https:\/\/www.skalnik.pl\/blog\/wp-content\/uploads\/2022\/08\/Salewa-\u015bnieg.jpg\" alt=\"Salewa - odzie\u017c alpinistyczna\" class=\"wp-image-20440\" srcset=\"https:\/\/www.skalnik.pl\/blog\/wp-content\/uploads\/2022\/08\/Salewa-\u015bnieg.jpg 1024w, https:\/\/www.skalnik.pl\/blog\/wp-content\/uploads\/2022\/08\/Salewa-\u015bnieg-300x200.jpg 300w, https:\/\/www.skalnik.pl\/blog\/wp-content\/uploads\/2022\/08\/Salewa-\u015bnieg-768x512.jpg 768w\" sizes=\"auto, (max-width: 1024px) 100vw, 1024px\" \/><figcaption><em>Ubrania zaprojektowane przez Salewa zapewni\u0105 ochron\u0119 w ka\u017cdych warunkach (fot. Salewa)<\/em><\/figcaption><\/figure><\/div>\n\n\n\n<div id=\"ez-toc-container\" class=\"ez-toc-v2_0_85 counter-hierarchy ez-toc-counter ez-toc-light-blue ez-toc-container-direction\">\n<div class=\"ez-toc-title-container\">\n<p class=\"ez-toc-title\" style=\"cursor:inherit\">SPIS TRE\u015aCI <\/p>\n<span class=\"ez-toc-title-toggle\"><a href=\"#\" class=\"ez-toc-pull-right ez-toc-btn ez-toc-btn-xs ez-toc-btn-default ez-toc-toggle\" aria-label=\"Prze\u0142\u0105cznik Spisu Tre\u015bci\"><span class=\"ez-toc-js-icon-con\"><span class=\"\"><span class=\"eztoc-hide\" style=\"display:none;\">Toggle<\/span><span class=\"ez-toc-icon-toggle-span\"><svg style=\"fill: #999;color:#999\" xmlns=\"http:\/\/www.w3.org\/2000\/svg\" class=\"list-377408\" width=\"20px\" height=\"20px\" viewBox=\"0 0 24 24\" fill=\"none\"><path d=\"M6 6H4v2h2V6zm14 0H8v2h12V6zM4 11h2v2H4v-2zm16 0H8v2h12v-2zM4 16h2v2H4v-2zm16 0H8v2h12v-2z\" fill=\"currentColor\"><\/path><\/svg><svg style=\"fill: #999;color:#999\" class=\"arrow-unsorted-368013\" xmlns=\"http:\/\/www.w3.org\/2000\/svg\" width=\"10px\" height=\"10px\" viewBox=\"0 0 24 24\" version=\"1.2\" baseProfile=\"tiny\"><path d=\"M18.2 9.3l-6.2-6.3-6.2 6.3c-.2.2-.3.4-.3.7s.1.5.3.7c.2.2.4.3.7.3h11c.3 0 .5-.1.7-.3.2-.2.3-.5.3-.7s-.1-.5-.3-.7zM5.8 14.7l6.2 6.3 6.2-6.3c.2-.2.3-.5.3-.7s-.1-.5-.3-.7c-.2-.2-.4-.3-.7-.3h-11c-.3 0-.5.1-.7.3-.2.2-.3.5-.3.7s.1.5.3.7z\"\/><\/svg><\/span><\/span><\/span><\/a><\/span><\/div>\n<nav><ul class='ez-toc-list ez-toc-list-level-1 ' ><li class='ez-toc-page-1 ez-toc-heading-level-2'><a class=\"ez-toc-link ez-toc-heading-1\" href=\"https:\/\/www.skalnik.pl\/blog\/salewa-ortles-opis-kolekcji\/#Ortles_tylko_dla_orlow\" >Ortles tylko dla or\u0142\u00f3w<\/a><\/li><li class='ez-toc-page-1 ez-toc-heading-level-2'><a class=\"ez-toc-link ez-toc-heading-2\" href=\"https:\/\/www.skalnik.pl\/blog\/salewa-ortles-opis-kolekcji\/#Czerpiac_z_najlepszych_zrodel_czyli_jakie_materialy_znajdziesz_w_odziezy_Ortles\" >Czerpi\u0105c z najlepszych \u017ar\u00f3de\u0142, czyli jakie materia\u0142y znajdziesz w odzie\u017cy Ortles?<\/a><\/li><li class='ez-toc-page-1 ez-toc-heading-level-2'><a class=\"ez-toc-link ez-toc-heading-3\" href=\"https:\/\/www.skalnik.pl\/blog\/salewa-ortles-opis-kolekcji\/#Wybierz_model_dla_siebie\" >Wybierz model dla siebie<\/a><\/li><\/ul><\/nav><\/div>\n<h2 class=\"wp-block-heading\"><span class=\"ez-toc-section\" id=\"Ortles_tylko_dla_orlow\"><\/span>Ortles tylko dla or\u0142\u00f3w<span class=\"ez-toc-section-end\"><\/span><\/h2>\n\n\n\n<p>We w\u0142oskiej cz\u0119\u015bci Alp Retyckich na wysoko\u015b\u0107 3905 m n.p.m. wznosi si\u0119 g\u00f3ra Ortles. Kiedy\u015b by\u0142a ona najwy\u017cszym szczytem Austro-W\u0119gier, a obecnie jest to najwy\u017cszy wierzcho\u0142ek Po\u0142udniowego Tyrolu. Jednak to nie wysoko\u015b\u0107 tego szczytu jest najwa\u017cniejsza, a drogi prowadz\u0105ce na niego. Praktycznie ka\u017cda trasa wiod\u0105ca na Ortles wymaga umiej\u0119tno\u015bci wspinaczki na drogach skalnych i lodowych. Nic wi\u0119c dziwnego, \u017ce to w\u0142a\u015bnie Ortles sta\u0142 si\u0119 symbolem kolekcji Salewa przeznaczonej dla najbardziej zaawansowanych g\u00f3ro\u0142az\u00f3w.<\/p>\n\n\n\n<div class=\"wp-block-image\"><figure class=\"aligncenter size-full\"><img loading=\"lazy\" decoding=\"async\" width=\"1024\" height=\"683\" src=\"https:\/\/www.skalnik.pl\/blog\/wp-content\/uploads\/2022\/08\/Ortles.jpg\" alt=\"Szczyt Ortles\" class=\"wp-image-20442\" srcset=\"https:\/\/www.skalnik.pl\/blog\/wp-content\/uploads\/2022\/08\/Ortles.jpg 1024w, https:\/\/www.skalnik.pl\/blog\/wp-content\/uploads\/2022\/08\/Ortles-300x200.jpg 300w, https:\/\/www.skalnik.pl\/blog\/wp-content\/uploads\/2022\/08\/Ortles-768x512.jpg 768w\" sizes=\"auto, (max-width: 1024px) 100vw, 1024px\" \/><figcaption><em>Na szczyt Ortles nie prowadzi \u017caden prosty technicznie szlak (fot. Carlo Pelagalli, wikimedia.org)<\/em><\/figcaption><\/figure><\/div>\n\n\n\n<p>Kurtki puchowe, koszulki, bluzy i spodnie trekkingowe Salewa z kolekcji Ortles s\u0105:<\/p>\n\n\n\n<ul class=\"wp-block-list\"><li>funkcjonalne<\/li><li>wykonane z materia\u0142\u00f3w najwy\u017cszej jako\u015bci<\/li><li>zaprojektowane z dba\u0142o\u015bci\u0105 o najmniejszy szczeg\u00f3\u0142.<\/li><\/ul>\n\n\n\n<p>Tu nie ma miejsca na kompromisy ani ta\u0144sze odpowiedniki. Odzie\u017c z serii Ortles nie nale\u017cy do najta\u0144szych, ale ta wy\u017csza cena przek\u0142ada si\u0119 bezpo\u015brednio na jako\u015b\u0107 i niezawodno\u015b\u0107 odzie\u017cy, kt\u00f3ra sprawdza si\u0119 nawet w najtrudniejszych warunkach.<\/p>\n\n\n\n<p>Z my\u015bl\u0105 o kim powstaje odzie\u017c Salewa Ortles? To ubrania przeznaczone dla:<\/p>\n\n\n\n<ul class=\"wp-block-list\"><li>alpinist\u00f3w<\/li><li>wspinaczy lodowych<\/li><li>os\u00f3b ruszaj\u0105cych w wy\u017csze partie g\u00f3r.<\/li><\/ul>\n\n\n\n<p>W kolekcji Ortles znajdziesz zar\u00f3wno ubrania dla m\u0119\u017cczyzn, jak i dla kobiet. Damskie kurtki, bluzy i spodnie Salewa rozpoznasz po dopisku Women w nazwie modelu.<\/p>\n\n\n\n<p><span class=\"has-inline-color has-vivid-cyan-blue-color\">Zobacz wszystkie produkty kolekcji Ortles w naszym sklepie &#8211; <strong><a href=\"https:\/\/bit.ly\/3bQ0yaI\" target=\"_blank\" rel=\"noreferrer noopener\">kliknij tutaj<\/a><\/strong>. <\/span><\/p>\n\n\n\n<h2 class=\"wp-block-heading\"><span class=\"ez-toc-section\" id=\"Czerpiac_z_najlepszych_zrodel_czyli_jakie_materialy_znajdziesz_w_odziezy_Ortles\"><\/span><strong>Czerpi\u0105c z najlepszych \u017ar\u00f3de\u0142, czyli jakie materia\u0142y znajdziesz w odzie\u017cy Ortles?<\/strong><span class=\"ez-toc-section-end\"><\/span><\/h2>\n\n\n\n<p>Materia\u0142y? Tu nie ma miejsca na kompromisy. Odzie\u017c z kolekcji Salewa Ortles wykonywana jest z najlepszych materia\u0142\u00f3w dost\u0119pnych na rynku. To w ko\u0144cu one musz\u0105 zapewni\u0107 ochron\u0119 przed porywistymi wiatrami, gwa\u0142townymi ulewami i mrozami. Spodnie i kurtki Salewa z tej linii nie mog\u0105 te\u017c obawia\u0107 si\u0119 zetkni\u0119cia z ostr\u0105 ska\u0142\u0105 czy twardymi korzeniami.<\/p>\n\n\n\n<p>Przeciwdeszczowe kurtki Salewa Ortles posiadaj\u0105 <strong>membran\u0119 Gore-Tex Pro<\/strong>, kt\u00f3ra chroni \u015bwietnie przed deszczem i wiatrem, a tak\u017ce cechuje si\u0119 bardzo dobr\u0105 wytrzyma\u0142o\u015bci\u0105. Jednocze\u015bnie ta membrana zapewnia fantastyczn\u0105 oddychalno\u015b\u0107. Nie musisz wi\u0119c martwi\u0107 si\u0119 tym, \u017ce po chwili noszenia kurtki b\u0119dziesz mie\u0107 na plecach zimny kompres.<\/p>\n\n\n\n<iframe loading=\"lazy\" src=\"https:\/\/www.youtube.com\/embed\/QUdjhkKjrqc\" title=\"YouTube video player\" allow=\"accelerometer; autoplay; clipboard-write; encrypted-media; gyroscope; picture-in-picture\" allowfullscreen=\"\" width=\"800\" height=\"442\" frameborder=\"0\"><\/iframe>\n\n\n\n<p>Zaprojektowana przez Salewa kurtka puchowa z serii Ortles mo\u017ce by\u0107 natomiast wype\u0142niona albo <strong>naturalnym puchem o spr\u0119\u017cysto\u015bci 750 cui<\/strong>, albo <strong>hybrydowym ociepleniem Tirol Wool Responsive<\/strong>. Sk\u0142ada si\u0119 ono z poliestrowych w\u0142\u00f3kien Celliant oraz we\u0142ny tyrolskiej. Kurtki puchowe z takim ociepleniem s\u0105 lekkie, chroni\u0105 przed mrozem, a jednocze\u015bnie s\u0105 do\u015b\u0107 odporne na wilgo\u0107. Ocieplenie Tirol Wool sprawdzi si\u0119 wi\u0119c szczeg\u00f3lnie w trakcie intensywnych aktywno\u015bci oraz wtedy, kiedy pogoda nie jest zbyt stabilna.<\/p>\n\n\n\n<iframe loading=\"lazy\" src=\"https:\/\/www.youtube.com\/embed\/XyZne_YmAdU\" title=\"YouTube video player\" allow=\"accelerometer; autoplay; clipboard-write; encrypted-media; gyroscope; picture-in-picture\" allowfullscreen=\"\" width=\"800\" height=\"442\" frameborder=\"0\"><\/iframe>\n\n\n\n<p>W odzie\u017cy Ortles przeznaczonej na lato znajdziesz natomiast cz\u0119sto elastyczn\u0105 i \u015bwietnie oddychaj\u0105c\u0105 tkanin\u0119 <strong>Durastretch<\/strong>. Dzi\u0119ki specjalnemu splotowi mo\u017ce si\u0119 ona r\u00f3wnie\u017c pochwali\u0107 bardzo dobr\u0105 wytrzyma\u0142o\u015bci\u0105 na przetarcia.<\/p>\n\n\n\n<p>Bluzy Salewa Ortles korzystaj\u0105 z kolei z zalet syntetycznej ociepliny <strong>Polartec Alpha<\/strong>. Nie ulega ona zbryleniu, ani nie przemieszcza si\u0119 w trakcie u\u017cytkowania. Bardzo dobr\u0105 izolacj\u0119 termiczn\u0105 i wiatroszczelno\u015b\u0107 \u0142\u0105czy ze \u015bwietn\u0105 oddychalno\u015bci\u0105.<\/p>\n\n\n\n<p>Salewa Ortles to jednak nie tylko najwy\u017cszej klasy materia\u0142y, lecz r\u00f3wnie\u017c niepozorne detale maj\u0105ce zaskakuj\u0105co du\u017cy wp\u0142yw na funkcjonalno\u015b\u0107 odzie\u017cy z tej serii. Mowa tu o takich szczeg\u00f3\u0142ach jak:<\/p>\n\n\n\n<ul class=\"wp-block-list\"><li>kurtki Salewa Ortles maj\u0105 obszerne i regulowane kaptury, pod kt\u00f3re bez problemu zmie\u015bcisz kask wspinaczkowy,<\/li><li>odzie\u017c do wspinaczki ma kieszenie umieszczone wy\u017cej, aby nie kolidowa\u0142y z uprz\u0119\u017c\u0105,<\/li><li>swobodny kr\u00f3j nie ogranicza nawet najbardziej wymy\u015blnych ruch\u00f3w.<\/li><\/ul>\n\n\n\n<h2 class=\"wp-block-heading\"><span class=\"ez-toc-section\" id=\"Wybierz_model_dla_siebie\"><\/span>Wybierz model dla siebie<span class=\"ez-toc-section-end\"><\/span><\/h2>\n\n\n\n<p>Szykujesz si\u0119 na wysokog\u00f3rski wyjazd? Sprawd\u017a, co w tym sezonie proponuje Salewa w ramach kolekcji Ortles.<\/p>\n\n\n\n<p>Kurtka Salewa m\u0119ska lub damska <strong>Ortles 3 GTX Pro<\/strong> to hardshell, kt\u00f3ry zapewni ochron\u0119 nawet w najtrudniejszych warunkach. Dzi\u0119ki zwi\u0119kszonej wytrzyma\u0142o\u015bci zewn\u0119trznego materia\u0142u nie musisz si\u0119 obawia\u0107 spotka\u0144 trzeciego stopnia ze ska\u0142ami. Wodoodporne zamki i laminowane szwy sprawiaj\u0105 natomiast, \u017ce woda nie znajdzie w tej kurtce \u017cadnego s\u0142abego punktu.<\/p>\n\n\n\n<iframe loading=\"lazy\" src=\"https:\/\/www.youtube.com\/embed\/fqsZUMPWVAo\" title=\"YouTube video player\" allow=\"accelerometer; autoplay; clipboard-write; encrypted-media; gyroscope; picture-in-picture\" allowfullscreen=\"\" width=\"800\" height=\"442\" frameborder=\"0\"><\/iframe>\n\n\n\n<p>Kurtka hybrydowa <strong>Salewa Ortles Hybrid TWR<\/strong> sprawdzi si\u0119 natomiast w niskich temperaturach. Zaprojektowana przez in\u017cynier\u00f3w Salewa kurtka m\u0119ska i damska posiada ocieplin\u0119 Tirol Wool otoczon\u0105 trwa\u0142ym nylonem ripstop i elastycznym Durastretchem. Tirol Wool zachowuje bardzo dobre w\u0142a\u015bciwo\u015bci izolacyjne nawet po zamokni\u0119ciu.<\/p>\n\n\n\n<p>Kurtka <strong>Salewa Ortles Light 2 Down Hood<\/strong> to z kolei kurtka ocieplana wype\u0142niona naturalnym puchem (na torsie oraz na wierzchu r\u0119kaw\u00f3w) oraz syntetyczn\u0105 ocieplin\u0105 Polartec Alpha (mi\u0119dzy innymi pod pachami). Takie po\u0142\u0105czenie zapewnia odpowiedni poziom izolacji termicznej i oddychalno\u015bci poszczeg\u00f3lnym partiom cia\u0142a. Kurtka Salewa damska ma dodatkowo kr\u00f3j dopasowany do kobiecej sylwetki.<\/p>\n\n\n\n<p>Kolekcja Ortles to r\u00f3wnie\u017c lekkie i oddychaj\u0105ce bluzy Salewa jak np. model <strong>Ortles AM<\/strong>. Taka zaprojektowana przez Salewa bluza damska lub m\u0119ska sprawdzi si\u0119 \u015bwietnie w trakcie wspinaczki czy na skitourach. Bluza Salewa jest uszyta z tkaniny rozci\u0105gliwej w czterech kierunkach gwarantuj\u0105cej pe\u0142n\u0105 swobod\u0119 ruch\u00f3w. Domieszka we\u0142ny owczej zapewnia z kolei komfort termiczny.<\/p>\n\n\n\n<div class=\"wp-block-image\"><figure class=\"aligncenter size-full\"><img loading=\"lazy\" decoding=\"async\" width=\"1024\" height=\"683\" src=\"https:\/\/www.skalnik.pl\/blog\/wp-content\/uploads\/2022\/08\/Bluza-Salewa-Ortles.jpg\" alt=\"Bluza Salewa Ortles\" class=\"wp-image-20445\" srcset=\"https:\/\/www.skalnik.pl\/blog\/wp-content\/uploads\/2022\/08\/Bluza-Salewa-Ortles.jpg 1024w, https:\/\/www.skalnik.pl\/blog\/wp-content\/uploads\/2022\/08\/Bluza-Salewa-Ortles-300x200.jpg 300w, https:\/\/www.skalnik.pl\/blog\/wp-content\/uploads\/2022\/08\/Bluza-Salewa-Ortles-768x512.jpg 768w\" sizes=\"auto, (max-width: 1024px) 100vw, 1024px\" \/><figcaption><em>W trakcie intensywnej aktywno\u015bci licz\u0105 si\u0119 przede wszystkim oddychalno\u015b\u0107 i swoboda ruch\u00f3w (fot. Salewa)<\/em><\/figcaption><\/figure><\/div>\n\n\n\n<p>A co na d\u00f3\u0142? Spodnie Salewa m\u0119skie lub damskie <strong>Ortles 4 GTX Pro<\/strong> ochroni\u0105 ci\u0119 przed deszczem i ch\u0142odem. Wodoodporna wstawka na dole wytrzyma spotkanie z z\u0119bami rak\u00f3w czy kraw\u0119dzi\u0105 nart. Zaprojektowane przez Salewa spodnie maj\u0105 r\u00f3wnie\u017c niskie kieszenie na udach, kt\u00f3re nie b\u0119d\u0105 kolidowa\u0107 z uprz\u0119\u017c\u0105.<\/p>\n\n\n\n<p>Kolekcj\u0119 Ortles uzupe\u0142niaj\u0105 <strong>skarpety merino Dolomites AM<\/strong>. Dzi\u0119ki domieszce poliamidu s\u0105 one jeszcze wytrzymalsze, a dodatek elastanu zwi\u0119ksza elastyczno\u015b\u0107 odzie\u017cy. Bezszwowa kosntrukcja w okolicy palc\u00f3w zmniejsza natomiast ryzyko otar\u0107.<\/p>\n\n\n\n<p>Odzie\u017c alpinistyczna i wspinaczkowa z kolekcji Ortles to modele przeznaczone dla ludzi, kt\u00f3rym nie s\u0105 straszne najtrudniejsze wyzwania. Je\u015bli chcesz, by ubrania dotrzyma\u0142y ci kroku i zawsze zapewni\u0142y ochron\u0119, postaw w\u0142a\u015bnie na t\u0119 seri\u0119.<\/p>\n\n\n\n<p class=\"has-text-align-right\"><em>Katarzyna Ha\u0142upka<\/em><\/p>\n\n\n\n<p><span class=\"has-inline-color has-vivid-cyan-blue-color\">Zobacz wi\u0119cej produkt\u00f3w marki <strong><a href=\"https:\/\/bit.ly\/3QmfmwJ\" target=\"_blank\" rel=\"noreferrer noopener\">Salewa<\/a><\/strong>. <\/span><\/p>\n","protected":false},"excerpt":{"rendered":"<p>Salewa Ortles to kolekcja dla or\u0142\u00f3w. Poznaj spodnie, kurtki i bluzy stworzone na najtrudniejsze warunki.<\/p>\n","protected":false},"author":7,"featured_media":20447,"comment_status":"open","ping_status":"open","sticky":false,"template":"","format":"standard","meta":{"_acf_changed":false,"footnotes":""},"categories":[5],"tags":[157,132,126,130],"magento_category":[40],"magento_product":[],"class_list":["post-20435","post","type-post","status-publish","format-standard","has-post-thumbnail","hentry","category-branza","tag-kurtki-gore-tex","tag-kurtki-puchowe","tag-salewa","tag-spodnie-trekkingowe"],"acf":[],"aioseo_notices":[],"aioseo_head":"\n\t\t<!-- All in One SEO 4.9.10 - aioseo.com -->\n\t<meta name=\"description\" content=\"Salewa Ortles to kolekcja odzie\u017cy na najtrudniejsze warunki. Wspinacze wysokog\u00f3rscy i alpini\u015bci znajd\u0105 tu odpowiednie kurtki, spodnie trekkingowe oraz bluzy.\" \/>\n\t<meta name=\"robots\" content=\"max-image-preview:large\" \/>\n\t<meta name=\"author\" content=\"Redakcja skalnik.pl\"\/>\n\t<link rel=\"canonical\" href=\"https:\/\/www.skalnik.pl\/blog\/salewa-ortles-opis-kolekcji\/\" \/>\n\t<meta name=\"generator\" content=\"All in One SEO (AIOSEO) 4.9.10\" \/>\n\t\t<meta property=\"og:locale\" content=\"pl_PL\" \/>\n\t\t<meta property=\"og:site_name\" content=\"blog Skalnik - Blog, porady, artyku\u0142y - blog Skalnik\" \/>\n\t\t<meta property=\"og:type\" content=\"article\" \/>\n\t\t<meta property=\"og:title\" content=\"Salewa Ortles \u2013 kolekcja dla alpinist\u00f3w - blog Skalnik\" \/>\n\t\t<meta property=\"og:description\" content=\"Salewa Ortles to kolekcja odzie\u017cy na najtrudniejsze warunki. Wspinacze wysokog\u00f3rscy i alpini\u015bci znajd\u0105 tu odpowiednie kurtki, spodnie trekkingowe oraz bluzy.\" \/>\n\t\t<meta property=\"og:url\" content=\"https:\/\/www.skalnik.pl\/blog\/salewa-ortles-opis-kolekcji\/\" \/>\n\t\t<meta property=\"og:image\" content=\"https:\/\/www.skalnik.pl\/blog\/wp-content\/uploads\/2022\/08\/Salewa-\u015bnieg.jpg\" \/>\n\t\t<meta property=\"og:image:secure_url\" content=\"https:\/\/www.skalnik.pl\/blog\/wp-content\/uploads\/2022\/08\/Salewa-\u015bnieg.jpg\" \/>\n\t\t<meta property=\"og:image:width\" content=\"1024\" \/>\n\t\t<meta property=\"og:image:height\" content=\"683\" \/>\n\t\t<meta property=\"article:tag\" content=\"bran\u017ca\" \/>\n\t\t<meta property=\"article:tag\" content=\"kurtki gore-tex\" \/>\n\t\t<meta property=\"article:tag\" content=\"kurtki puchowe\" \/>\n\t\t<meta property=\"article:tag\" content=\"salewa\" \/>\n\t\t<meta property=\"article:tag\" content=\"spodnie trekkingowe\" \/>\n\t\t<meta property=\"article:published_time\" content=\"2022-08-10T20:33:00+00:00\" \/>\n\t\t<meta property=\"article:modified_time\" content=\"2022-09-15T11:15:06+00:00\" \/>\n\t\t<meta name=\"twitter:card\" content=\"summary_large_image\" \/>\n\t\t<meta name=\"twitter:title\" content=\"Salewa Ortles \u2013 kolekcja dla alpinist\u00f3w - blog Skalnik\" \/>\n\t\t<meta name=\"twitter:description\" content=\"Salewa Ortles to kolekcja odzie\u017cy na najtrudniejsze warunki. Wspinacze wysokog\u00f3rscy i alpini\u015bci znajd\u0105 tu odpowiednie kurtki, spodnie trekkingowe oraz bluzy.\" \/>\n\t\t<meta name=\"twitter:image\" content=\"https:\/\/www.skalnik.pl\/blog\/wp-content\/uploads\/2022\/08\/Salewa-\u015bnieg.jpg\" \/>\n\t\t<script type=\"application\/ld+json\" class=\"aioseo-schema\">\n\t\t\t{\"@context\":\"https:\\\/\\\/schema.org\",\"@graph\":[{\"@type\":\"BlogPosting\",\"@id\":\"https:\\\/\\\/www.skalnik.pl\\\/blog\\\/salewa-ortles-opis-kolekcji\\\/#blogposting\",\"name\":\"Salewa Ortles \\u2013 kolekcja dla alpinist\\u00f3w - blog Skalnik\",\"headline\":\"Salewa Ortles \\u2013 kolekcja dla alpinist\\u00f3w\",\"author\":{\"@id\":\"https:\\\/\\\/www.skalnik.pl\\\/blog\\\/author\\\/redakcja-skalnik-pl\\\/#author\"},\"publisher\":{\"@id\":\"https:\\\/\\\/www.skalnik.pl\\\/blog\\\/#organization\"},\"image\":{\"@type\":\"ImageObject\",\"url\":\"https:\\\/\\\/www.skalnik.pl\\\/blog\\\/wp-content\\\/uploads\\\/2022\\\/08\\\/Salewa-Ortles.jpg\",\"width\":1920,\"height\":705,\"caption\":\"Salewa Ortles\"},\"datePublished\":\"2022-08-10T22:33:00+02:00\",\"dateModified\":\"2022-09-15T13:15:06+02:00\",\"inLanguage\":\"pl-PL\",\"mainEntityOfPage\":{\"@id\":\"https:\\\/\\\/www.skalnik.pl\\\/blog\\\/salewa-ortles-opis-kolekcji\\\/#webpage\"},\"isPartOf\":{\"@id\":\"https:\\\/\\\/www.skalnik.pl\\\/blog\\\/salewa-ortles-opis-kolekcji\\\/#webpage\"},\"articleSection\":\"Bran\\u017ca, kurtki gore-tex, kurtki puchowe, salewa, spodnie trekkingowe, 1090\"},{\"@type\":\"BreadcrumbList\",\"@id\":\"https:\\\/\\\/www.skalnik.pl\\\/blog\\\/salewa-ortles-opis-kolekcji\\\/#breadcrumblist\",\"itemListElement\":[{\"@type\":\"ListItem\",\"@id\":\"https:\\\/\\\/www.skalnik.pl\\\/blog#listItem\",\"position\":1,\"name\":\"Home\",\"item\":\"https:\\\/\\\/www.skalnik.pl\\\/blog\",\"nextItem\":{\"@type\":\"ListItem\",\"@id\":\"https:\\\/\\\/www.skalnik.pl\\\/blog\\\/.\\\/branza\\\/#listItem\",\"name\":\"Bran\\u017ca\"}},{\"@type\":\"ListItem\",\"@id\":\"https:\\\/\\\/www.skalnik.pl\\\/blog\\\/.\\\/branza\\\/#listItem\",\"position\":2,\"name\":\"Bran\\u017ca\",\"item\":\"https:\\\/\\\/www.skalnik.pl\\\/blog\\\/.\\\/branza\\\/\",\"nextItem\":{\"@type\":\"ListItem\",\"@id\":\"https:\\\/\\\/www.skalnik.pl\\\/blog\\\/salewa-ortles-opis-kolekcji\\\/#listItem\",\"name\":\"Salewa Ortles \\u2013 kolekcja dla alpinist\\u00f3w\"},\"previousItem\":{\"@type\":\"ListItem\",\"@id\":\"https:\\\/\\\/www.skalnik.pl\\\/blog#listItem\",\"name\":\"Home\"}},{\"@type\":\"ListItem\",\"@id\":\"https:\\\/\\\/www.skalnik.pl\\\/blog\\\/salewa-ortles-opis-kolekcji\\\/#listItem\",\"position\":3,\"name\":\"Salewa Ortles \\u2013 kolekcja dla alpinist\\u00f3w\",\"previousItem\":{\"@type\":\"ListItem\",\"@id\":\"https:\\\/\\\/www.skalnik.pl\\\/blog\\\/.\\\/branza\\\/#listItem\",\"name\":\"Bran\\u017ca\"}}]},{\"@type\":\"Organization\",\"@id\":\"https:\\\/\\\/www.skalnik.pl\\\/blog\\\/#organization\",\"name\":\"blog Skalnik\",\"description\":\"Blog, porady, artyku\\u0142y - blog Skalnik\",\"url\":\"https:\\\/\\\/www.skalnik.pl\\\/blog\\\/\"},{\"@type\":\"Person\",\"@id\":\"https:\\\/\\\/www.skalnik.pl\\\/blog\\\/author\\\/redakcja-skalnik-pl\\\/#author\",\"url\":\"https:\\\/\\\/www.skalnik.pl\\\/blog\\\/author\\\/redakcja-skalnik-pl\\\/\",\"name\":\"Redakcja skalnik.pl\",\"image\":{\"@type\":\"ImageObject\",\"@id\":\"https:\\\/\\\/www.skalnik.pl\\\/blog\\\/salewa-ortles-opis-kolekcji\\\/#authorImage\",\"url\":\"https:\\\/\\\/secure.gravatar.com\\\/avatar\\\/7eab29b048aaf0899cd9a145e9adb814e2130ced31e65b454b902500bea65f9e?s=96&d=mm&r=g\",\"width\":96,\"height\":96,\"caption\":\"Redakcja skalnik.pl\"}},{\"@type\":\"WebPage\",\"@id\":\"https:\\\/\\\/www.skalnik.pl\\\/blog\\\/salewa-ortles-opis-kolekcji\\\/#webpage\",\"url\":\"https:\\\/\\\/www.skalnik.pl\\\/blog\\\/salewa-ortles-opis-kolekcji\\\/\",\"name\":\"Salewa Ortles \\u2013 kolekcja dla alpinist\\u00f3w - blog Skalnik\",\"description\":\"Salewa Ortles to kolekcja odzie\\u017cy na najtrudniejsze warunki. Wspinacze wysokog\\u00f3rscy i alpini\\u015bci znajd\\u0105 tu odpowiednie kurtki, spodnie trekkingowe oraz bluzy.\",\"inLanguage\":\"pl-PL\",\"isPartOf\":{\"@id\":\"https:\\\/\\\/www.skalnik.pl\\\/blog\\\/#website\"},\"breadcrumb\":{\"@id\":\"https:\\\/\\\/www.skalnik.pl\\\/blog\\\/salewa-ortles-opis-kolekcji\\\/#breadcrumblist\"},\"author\":{\"@id\":\"https:\\\/\\\/www.skalnik.pl\\\/blog\\\/author\\\/redakcja-skalnik-pl\\\/#author\"},\"creator\":{\"@id\":\"https:\\\/\\\/www.skalnik.pl\\\/blog\\\/author\\\/redakcja-skalnik-pl\\\/#author\"},\"image\":{\"@type\":\"ImageObject\",\"url\":\"https:\\\/\\\/www.skalnik.pl\\\/blog\\\/wp-content\\\/uploads\\\/2022\\\/08\\\/Salewa-Ortles.jpg\",\"@id\":\"https:\\\/\\\/www.skalnik.pl\\\/blog\\\/salewa-ortles-opis-kolekcji\\\/#mainImage\",\"width\":1920,\"height\":705,\"caption\":\"Salewa Ortles\"},\"primaryImageOfPage\":{\"@id\":\"https:\\\/\\\/www.skalnik.pl\\\/blog\\\/salewa-ortles-opis-kolekcji\\\/#mainImage\"},\"datePublished\":\"2022-08-10T22:33:00+02:00\",\"dateModified\":\"2022-09-15T13:15:06+02:00\"},{\"@type\":\"WebSite\",\"@id\":\"https:\\\/\\\/www.skalnik.pl\\\/blog\\\/#website\",\"url\":\"https:\\\/\\\/www.skalnik.pl\\\/blog\\\/\",\"name\":\"blog Skalnik\",\"description\":\"Blog, porady, artyku\\u0142y - blog Skalnik\",\"inLanguage\":\"pl-PL\",\"publisher\":{\"@id\":\"https:\\\/\\\/www.skalnik.pl\\\/blog\\\/#organization\"}}]}\n\t\t<\/script>\n\t\t<!-- All in One SEO -->\n\n","aioseo_head_json":{"title":"Salewa Ortles \u2013 kolekcja dla alpinist\u00f3w - blog Skalnik","description":"Salewa Ortles to kolekcja odzie\u017cy na najtrudniejsze warunki. Wspinacze wysokog\u00f3rscy i alpini\u015bci znajd\u0105 tu odpowiednie kurtki, spodnie trekkingowe oraz bluzy.","canonical_url":"https:\/\/www.skalnik.pl\/blog\/salewa-ortles-opis-kolekcji\/","robots":"max-image-preview:large","keywords":"","webmasterTools":{"miscellaneous":""},"schema":{"@context":"https:\/\/schema.org","@graph":[{"@type":"BlogPosting","@id":"https:\/\/www.skalnik.pl\/blog\/salewa-ortles-opis-kolekcji\/#blogposting","name":"Salewa Ortles \u2013 kolekcja dla alpinist\u00f3w - blog Skalnik","headline":"Salewa Ortles \u2013 kolekcja dla alpinist\u00f3w","author":{"@id":"https:\/\/www.skalnik.pl\/blog\/author\/redakcja-skalnik-pl\/#author"},"publisher":{"@id":"https:\/\/www.skalnik.pl\/blog\/#organization"},"image":{"@type":"ImageObject","url":"https:\/\/www.skalnik.pl\/blog\/wp-content\/uploads\/2022\/08\/Salewa-Ortles.jpg","width":1920,"height":705,"caption":"Salewa Ortles"},"datePublished":"2022-08-10T22:33:00+02:00","dateModified":"2022-09-15T13:15:06+02:00","inLanguage":"pl-PL","mainEntityOfPage":{"@id":"https:\/\/www.skalnik.pl\/blog\/salewa-ortles-opis-kolekcji\/#webpage"},"isPartOf":{"@id":"https:\/\/www.skalnik.pl\/blog\/salewa-ortles-opis-kolekcji\/#webpage"},"articleSection":"Bran\u017ca, kurtki gore-tex, kurtki puchowe, salewa, spodnie trekkingowe, 1090"},{"@type":"BreadcrumbList","@id":"https:\/\/www.skalnik.pl\/blog\/salewa-ortles-opis-kolekcji\/#breadcrumblist","itemListElement":[{"@type":"ListItem","@id":"https:\/\/www.skalnik.pl\/blog#listItem","position":1,"name":"Home","item":"https:\/\/www.skalnik.pl\/blog","nextItem":{"@type":"ListItem","@id":"https:\/\/www.skalnik.pl\/blog\/.\/branza\/#listItem","name":"Bran\u017ca"}},{"@type":"ListItem","@id":"https:\/\/www.skalnik.pl\/blog\/.\/branza\/#listItem","position":2,"name":"Bran\u017ca","item":"https:\/\/www.skalnik.pl\/blog\/.\/branza\/","nextItem":{"@type":"ListItem","@id":"https:\/\/www.skalnik.pl\/blog\/salewa-ortles-opis-kolekcji\/#listItem","name":"Salewa Ortles \u2013 kolekcja dla alpinist\u00f3w"},"previousItem":{"@type":"ListItem","@id":"https:\/\/www.skalnik.pl\/blog#listItem","name":"Home"}},{"@type":"ListItem","@id":"https:\/\/www.skalnik.pl\/blog\/salewa-ortles-opis-kolekcji\/#listItem","position":3,"name":"Salewa Ortles \u2013 kolekcja dla alpinist\u00f3w","previousItem":{"@type":"ListItem","@id":"https:\/\/www.skalnik.pl\/blog\/.\/branza\/#listItem","name":"Bran\u017ca"}}]},{"@type":"Organization","@id":"https:\/\/www.skalnik.pl\/blog\/#organization","name":"blog Skalnik","description":"Blog, porady, artyku\u0142y - blog Skalnik","url":"https:\/\/www.skalnik.pl\/blog\/"},{"@type":"Person","@id":"https:\/\/www.skalnik.pl\/blog\/author\/redakcja-skalnik-pl\/#author","url":"https:\/\/www.skalnik.pl\/blog\/author\/redakcja-skalnik-pl\/","name":"Redakcja skalnik.pl","image":{"@type":"ImageObject","@id":"https:\/\/www.skalnik.pl\/blog\/salewa-ortles-opis-kolekcji\/#authorImage","url":"https:\/\/secure.gravatar.com\/avatar\/7eab29b048aaf0899cd9a145e9adb814e2130ced31e65b454b902500bea65f9e?s=96&d=mm&r=g","width":96,"height":96,"caption":"Redakcja skalnik.pl"}},{"@type":"WebPage","@id":"https:\/\/www.skalnik.pl\/blog\/salewa-ortles-opis-kolekcji\/#webpage","url":"https:\/\/www.skalnik.pl\/blog\/salewa-ortles-opis-kolekcji\/","name":"Salewa Ortles \u2013 kolekcja dla alpinist\u00f3w - blog Skalnik","description":"Salewa Ortles to kolekcja odzie\u017cy na najtrudniejsze warunki. Wspinacze wysokog\u00f3rscy i alpini\u015bci znajd\u0105 tu odpowiednie kurtki, spodnie trekkingowe oraz bluzy.","inLanguage":"pl-PL","isPartOf":{"@id":"https:\/\/www.skalnik.pl\/blog\/#website"},"breadcrumb":{"@id":"https:\/\/www.skalnik.pl\/blog\/salewa-ortles-opis-kolekcji\/#breadcrumblist"},"author":{"@id":"https:\/\/www.skalnik.pl\/blog\/author\/redakcja-skalnik-pl\/#author"},"creator":{"@id":"https:\/\/www.skalnik.pl\/blog\/author\/redakcja-skalnik-pl\/#author"},"image":{"@type":"ImageObject","url":"https:\/\/www.skalnik.pl\/blog\/wp-content\/uploads\/2022\/08\/Salewa-Ortles.jpg","@id":"https:\/\/www.skalnik.pl\/blog\/salewa-ortles-opis-kolekcji\/#mainImage","width":1920,"height":705,"caption":"Salewa Ortles"},"primaryImageOfPage":{"@id":"https:\/\/www.skalnik.pl\/blog\/salewa-ortles-opis-kolekcji\/#mainImage"},"datePublished":"2022-08-10T22:33:00+02:00","dateModified":"2022-09-15T13:15:06+02:00"},{"@type":"WebSite","@id":"https:\/\/www.skalnik.pl\/blog\/#website","url":"https:\/\/www.skalnik.pl\/blog\/","name":"blog Skalnik","description":"Blog, porady, artyku\u0142y - blog Skalnik","inLanguage":"pl-PL","publisher":{"@id":"https:\/\/www.skalnik.pl\/blog\/#organization"}}]},"og:locale":"pl_PL","og:site_name":"blog Skalnik - Blog, porady, artyku\u0142y - blog Skalnik","og:type":"article","og:title":"Salewa Ortles \u2013 kolekcja dla alpinist\u00f3w - blog Skalnik","og:description":"Salewa Ortles to kolekcja odzie\u017cy na najtrudniejsze warunki. Wspinacze wysokog\u00f3rscy i alpini\u015bci znajd\u0105 tu odpowiednie kurtki, spodnie trekkingowe oraz bluzy.","og:url":"https:\/\/www.skalnik.pl\/blog\/salewa-ortles-opis-kolekcji\/","og:image":"https:\/\/www.skalnik.pl\/blog\/wp-content\/uploads\/2022\/08\/Salewa-\u015bnieg.jpg","og:image:secure_url":"https:\/\/www.skalnik.pl\/blog\/wp-content\/uploads\/2022\/08\/Salewa-\u015bnieg.jpg","og:image:width":1024,"og:image:height":683,"article:tag":["bran\u017ca","kurtki gore-tex","kurtki puchowe","salewa","spodnie trekkingowe"],"article:published_time":"2022-08-10T20:33:00+00:00","article:modified_time":"2022-09-15T11:15:06+00:00","twitter:card":"summary_large_image","twitter:title":"Salewa Ortles \u2013 kolekcja dla alpinist\u00f3w - blog Skalnik","twitter:description":"Salewa Ortles to kolekcja odzie\u017cy na najtrudniejsze warunki. Wspinacze wysokog\u00f3rscy i alpini\u015bci znajd\u0105 tu odpowiednie kurtki, spodnie trekkingowe oraz bluzy.","twitter:image":"https:\/\/www.skalnik.pl\/blog\/wp-content\/uploads\/2022\/08\/Salewa-\u015bnieg.jpg"},"aioseo_meta_data":{"post_id":"20435","title":null,"description":"Salewa Ortles to kolekcja odzie\u017cy na najtrudniejsze warunki. Wspinacze wysokog\u00f3rscy i alpini\u015bci znajd\u0105 tu odpowiednie kurtki, spodnie trekkingowe oraz bluzy.","keywords":[{"label":"salewa","value":"salewa"},{"label":"salewa ortles","value":"salewa ortles"},{"label":"kurtka salewa","value":"kurtka salewa"},{"label":"spodnie salewa","value":"spodnie salewa"},{"label":"bluza salewa","value":"bluza salewa"},{"label":"kurtka hybrydowa salewa","value":"kurtka hybrydowa salewa"},{"label":"kurtka puchowa","value":"kurtka puchowa"}],"keyphrases":null,"primary_term":null,"canonical_url":"","og_title":null,"og_description":null,"og_object_type":"default","og_image_type":"default","og_image_url":null,"og_image_width":null,"og_image_height":null,"og_image_custom_url":null,"og_image_custom_fields":null,"og_video":null,"og_custom_url":null,"og_article_section":null,"og_article_tags":null,"twitter_use_og":false,"twitter_card":"default","twitter_image_type":"default","twitter_image_url":null,"twitter_image_custom_url":null,"twitter_image_custom_fields":null,"twitter_title":null,"twitter_description":null,"schema":{"blockGraphs":[],"customGraphs":[],"default":{"data":{"Article":[],"Course":[],"Dataset":[],"FAQPage":[],"Movie":[],"Person":[],"Product":[],"ProductReview":[],"Car":[],"Recipe":[],"Service":[],"SoftwareApplication":[],"WebPage":[]},"graphName":"BlogPosting","isEnabled":true},"graphs":[]},"schema_type":"default","schema_type_options":null,"pillar_content":false,"robots_default":true,"robots_noindex":false,"robots_noarchive":false,"robots_nosnippet":false,"robots_nofollow":false,"robots_noimageindex":false,"robots_noodp":false,"robots_notranslate":false,"robots_max_snippet":null,"robots_max_videopreview":null,"robots_max_imagepreview":"large","priority":null,"frequency":null,"local_seo":null,"breadcrumb_settings":null,"limit_modified_date":false,"ai":null,"created":"2022-08-26 10:51:17","updated":"2026-02-17 22:25:46","seo_analyzer_scan_date":null},"aioseo_breadcrumb":"<div class=\"aioseo-breadcrumbs\"><span class=\"aioseo-breadcrumb\">\n\t\t\t<a href=\"https:\/\/www.skalnik.pl\/blog\" title=\"Home\">Home<\/a>\n\t\t<\/span><span class=\"aioseo-breadcrumb-separator\">&raquo;<\/span><span class=\"aioseo-breadcrumb\">\n\t\t\t<a href=\"https:\/\/www.skalnik.pl\/blog\/.\/branza\/\" title=\"Bran\u017ca\">Bran\u017ca<\/a>\n\t\t<\/span><span class=\"aioseo-breadcrumb-separator\">&raquo;<\/span><span class=\"aioseo-breadcrumb\">\n\t\t\tSalewa Ortles \u2013 kolekcja dla alpinist\u00f3w\n\t\t<\/span><\/div>","aioseo_breadcrumb_json":[{"label":"Home","link":"https:\/\/www.skalnik.pl\/blog"},{"label":"Bran\u017ca","link":"https:\/\/www.skalnik.pl\/blog\/.\/branza\/"},{"label":"Salewa Ortles \u2013 kolekcja dla alpinist\u00f3w","link":"https:\/\/www.skalnik.pl\/blog\/salewa-ortles-opis-kolekcji\/"}],"_links":{"self":[{"href":"https:\/\/www.skalnik.pl\/blog\/wp-json\/wp\/v2\/posts\/20435","targetHints":{"allow":["GET"]}}],"collection":[{"href":"https:\/\/www.skalnik.pl\/blog\/wp-json\/wp\/v2\/posts"}],"about":[{"href":"https:\/\/www.skalnik.pl\/blog\/wp-json\/wp\/v2\/types\/post"}],"author":[{"embeddable":true,"href":"https:\/\/www.skalnik.pl\/blog\/wp-json\/wp\/v2\/users\/7"}],"replies":[{"embeddable":true,"href":"https:\/\/www.skalnik.pl\/blog\/wp-json\/wp\/v2\/comments?post=20435"}],"version-history":[{"count":9,"href":"https:\/\/www.skalnik.pl\/blog\/wp-json\/wp\/v2\/posts\/20435\/revisions"}],"predecessor-version":[{"id":20452,"href":"https:\/\/www.skalnik.pl\/blog\/wp-json\/wp\/v2\/posts\/20435\/revisions\/20452"}],"wp:featuredmedia":[{"embeddable":true,"href":"https:\/\/www.skalnik.pl\/blog\/wp-json\/wp\/v2\/media\/20447"}],"wp:attachment":[{"href":"https:\/\/www.skalnik.pl\/blog\/wp-json\/wp\/v2\/media?parent=20435"}],"wp:term":[{"taxonomy":"category","embeddable":true,"href":"https:\/\/www.skalnik.pl\/blog\/wp-json\/wp\/v2\/categories?post=20435"},{"taxonomy":"post_tag","embeddable":true,"href":"https:\/\/www.skalnik.pl\/blog\/wp-json\/wp\/v2\/tags?post=20435"},{"taxonomy":"magento_category","embeddable":true,"href":"https:\/\/www.skalnik.pl\/blog\/wp-json\/wp\/v2\/magento_category?post=20435"},{"taxonomy":"magento_product","embeddable":true,"href":"https:\/\/www.skalnik.pl\/blog\/wp-json\/wp\/v2\/magento_product?post=20435"}],"curies":[{"name":"wp","href":"https:\/\/api.w.org\/{rel}","templated":true}]}}