{"id":20715,"date":"2022-09-28T09:56:10","date_gmt":"2022-09-28T07:56:10","guid":{"rendered":"https:\/\/www.skalnik.pl\/blog\/?p=20715"},"modified":"2022-09-29T15:03:09","modified_gmt":"2022-09-29T13:03:09","slug":"co-zabrac-na-bikepacking","status":"publish","type":"post","link":"https:\/\/www.skalnik.pl\/blog\/co-zabrac-na-bikepacking\/","title":{"rendered":"Co zabra\u0107 na bikepacking"},"content":{"rendered":"\n<p><strong>Bikepacking, zdobywaj\u0105cy ostatnio du\u017c\u0105 popularno\u015b\u0107, jest form\u0105 podr\u00f3\u017cowania rowerem, po\u0142\u0105czonego z biwakami. Ide\u0105 bikepackingu jest jednak lekko\u015b\u0107 \u2013 nie chodzi tu o pokonywanie dystans\u00f3w z wielkimi sakwami i przyczepk\u0105. Bikepacking to sztuka kompromisu, wymagaj\u0105ca takiego dobrania baga\u017cu, aby by\u0107 w pewnym stopniu samowystarczalnym, a jednocze\u015bnie nie utraci\u0107 mobilno\u015bci.<\/strong><\/p>\n\n\n\n<p>List\u0119 potrzebnych rzeczy musimy opracowa\u0107 umiej\u0119tnie \u2013 aby by\u0107 w stanie przejecha\u0107 nie tylko po asfalcie, ale r\u00f3wnie\u017c strom\u0105, le\u015bn\u0105 drog\u0105 w g\u00f3rach, czy te\u017c odcinkiem singletracka. Jednocze\u015bnie nie powinni\u015bmy si\u0119 martwi\u0107 o posiadanie um\u00f3wionej kwatery \u2013 ca\u0142e nasze \u201espanie\u201d powinno zmie\u015bci\u0107 si\u0119 w naszym baga\u017cu.<\/p>\n\n\n\n<div id=\"ez-toc-container\" class=\"ez-toc-v2_0_85 counter-hierarchy ez-toc-counter ez-toc-light-blue ez-toc-container-direction\">\n<div class=\"ez-toc-title-container\">\n<p class=\"ez-toc-title\" style=\"cursor:inherit\">SPIS TRE\u015aCI <\/p>\n<span class=\"ez-toc-title-toggle\"><a href=\"#\" class=\"ez-toc-pull-right ez-toc-btn ez-toc-btn-xs ez-toc-btn-default ez-toc-toggle\" aria-label=\"Prze\u0142\u0105cznik Spisu Tre\u015bci\"><span class=\"ez-toc-js-icon-con\"><span class=\"\"><span class=\"eztoc-hide\" style=\"display:none;\">Toggle<\/span><span class=\"ez-toc-icon-toggle-span\"><svg style=\"fill: #999;color:#999\" xmlns=\"http:\/\/www.w3.org\/2000\/svg\" class=\"list-377408\" width=\"20px\" height=\"20px\" viewBox=\"0 0 24 24\" fill=\"none\"><path d=\"M6 6H4v2h2V6zm14 0H8v2h12V6zM4 11h2v2H4v-2zm16 0H8v2h12v-2zM4 16h2v2H4v-2zm16 0H8v2h12v-2z\" fill=\"currentColor\"><\/path><\/svg><svg style=\"fill: #999;color:#999\" class=\"arrow-unsorted-368013\" xmlns=\"http:\/\/www.w3.org\/2000\/svg\" width=\"10px\" height=\"10px\" viewBox=\"0 0 24 24\" version=\"1.2\" baseProfile=\"tiny\"><path d=\"M18.2 9.3l-6.2-6.3-6.2 6.3c-.2.2-.3.4-.3.7s.1.5.3.7c.2.2.4.3.7.3h11c.3 0 .5-.1.7-.3.2-.2.3-.5.3-.7s-.1-.5-.3-.7zM5.8 14.7l6.2 6.3 6.2-6.3c.2-.2.3-.5.3-.7s-.1-.5-.3-.7c-.2-.2-.4-.3-.7-.3h-11c-.3 0-.5.1-.7.3-.2.2-.3.5-.3.7s.1.5.3.7z\"\/><\/svg><\/span><\/span><\/span><\/a><\/span><\/div>\n<nav><ul class='ez-toc-list ez-toc-list-level-1 ' ><li class='ez-toc-page-1 ez-toc-heading-level-2'><a class=\"ez-toc-link ez-toc-heading-1\" href=\"https:\/\/www.skalnik.pl\/blog\/co-zabrac-na-bikepacking\/#W_co_sie_spakowac_%E2%80%93_sakwy_rowerowe_na_bikepacking\" >W co si\u0119 spakowa\u0107 \u2013 sakwy rowerowe na bikepacking<\/a><\/li><li class='ez-toc-page-1 ez-toc-heading-level-2'><a class=\"ez-toc-link ez-toc-heading-2\" href=\"https:\/\/www.skalnik.pl\/blog\/co-zabrac-na-bikepacking\/#Co_zabrac_na_bikepacking\" >Co zabra\u0107 na bikepacking?<\/a><ul class='ez-toc-list-level-3' ><li class='ez-toc-heading-level-3'><a class=\"ez-toc-link ez-toc-heading-3\" href=\"https:\/\/www.skalnik.pl\/blog\/co-zabrac-na-bikepacking\/#Noclegi_na_wyjazdach_rowerowych\" >Noclegi na wyjazdach rowerowych<\/a><\/li><li class='ez-toc-page-1 ez-toc-heading-level-3'><a class=\"ez-toc-link ez-toc-heading-4\" href=\"https:\/\/www.skalnik.pl\/blog\/co-zabrac-na-bikepacking\/#Co_jesc_na_wycieczkach_rowerowych\" >Co je\u015b\u0107 na wycieczkach rowerowych?<\/a><\/li><\/ul><\/li><li class='ez-toc-page-1 ez-toc-heading-level-2'><a class=\"ez-toc-link ez-toc-heading-5\" href=\"https:\/\/www.skalnik.pl\/blog\/co-zabrac-na-bikepacking\/#Bikepacking_%E2%80%93_jak_sie_ubrac\" >Bikepacking \u2013 jak si\u0119 ubra\u0107<\/a><\/li><\/ul><\/nav><\/div>\n<h2 class=\"wp-block-heading\"><span class=\"ez-toc-section\" id=\"W_co_sie_spakowac_%E2%80%93_sakwy_rowerowe_na_bikepacking\"><\/span><strong>W co si\u0119 spakowa\u0107 \u2013 sakwy rowerowe na bikepacking<\/strong><span class=\"ez-toc-section-end\"><\/span><\/h2>\n\n\n\n<p>My\u015bl\u0105c o wielodniowych wycieczkach rowerowych, wielu z nas ma przed oczyma obraz cz\u0142owieka na rowerze trekkingowym b\u0105d\u017a szosowym, z dwiema wielkimi sakwami umocowanymi na sztywno do baga\u017cnika rowerowego i ci\u0105gn\u0105cego za sob\u0105 dodatkowo przyczepk\u0119. Takie podr\u00f3\u017cowanie to zapewne wspania\u0142e prze\u017cycie, umo\u017cliwiaj\u0105ce pokonanie tysi\u0119cy kilometr\u00f3w. Nie jest to jednak bikepacking. Owe wielkie sakwy, wy\u0142adowane dodatkowo ci\u0119\u017ckim baga\u017cem, skutecznie ogranicz\u0105 nasz\u0105 mobilno\u015b\u0107 w terenie, odbieraj\u0105c przyjemno\u015b\u0107 z jazdy poza tward\u0105 nawierzchni\u0105. W co zatem pakujemy si\u0119 na bikepacking?<\/p>\n\n\n\n<p>Konfiguracje bywaj\u0105 r\u00f3\u017cne, ale podstaw\u0105 mojego baga\u017cu, od kt\u00f3rej wszystko si\u0119 zacz\u0119\u0142o by\u0142 <strong>plecak rowerowy<\/strong>. Nie ma\u0142y plecaczek na buk\u0142ak, ale taki \u015bredniej wielko\u015bci. 20-30 litr\u00f3w b\u0119dzie zupe\u0142nie wystarczaj\u0105ce, wi\u0119kszy plecak odbierze nam przyjemno\u015b\u0107 z jazdy. Dobrze je\u015bli model dedykowany jest kolarstwu, jednak nie jest to konieczne. Wa\u017cne, \u017ceby nie by\u0142 zbyt wysoki. W przeciwnym wypadku, b\u0119dzie powodowa\u0142 zsuwanie si\u0119 nam kasku na oczy.<\/p>\n\n\n\n<div class=\"wp-block-image\"><figure class=\"aligncenter size-large\"><img loading=\"lazy\" decoding=\"async\" width=\"1024\" height=\"683\" src=\"https:\/\/www.skalnik.pl\/blog\/wp-content\/uploads\/2022\/09\/plecaki-na-rower.jpg\" alt=\"\" class=\"wp-image-20718\" srcset=\"https:\/\/www.skalnik.pl\/blog\/wp-content\/uploads\/2022\/09\/plecaki-na-rower.jpg 1024w, https:\/\/www.skalnik.pl\/blog\/wp-content\/uploads\/2022\/09\/plecaki-na-rower-300x200.jpg 300w, https:\/\/www.skalnik.pl\/blog\/wp-content\/uploads\/2022\/09\/plecaki-na-rower-768x512.jpg 768w\" sizes=\"auto, (max-width: 1024px) 100vw, 1024px\" \/><figcaption><em>Plecak rowerowy to jeden z naj\u0142atwiejszych sposob\u00f3w transportowania baga\u017cu. Przyda si\u0119 zar\u00f3wno na jednodniowych wycieczkach jak r\u00f3wnie\u017c na bikepackingu. (fot. Deuter)<\/em><\/figcaption><\/figure><\/div>\n\n\n\n<p>Wiele os\u00f3b rezygnuje z plecaka, ale kompletuj\u0105c sprz\u0119t, warto si\u0119 w niego zaopatrzy\u0107. Jest to najbardziej uniwersalny element naszego baga\u017cu i najwi\u0119kszy tobo\u0142ek jaki ze sob\u0105 zabierzemy.<\/p>\n\n\n\n<p>Kolejne elementy to wszelkiego rodzaju <strong>torby na rower<\/strong>. Nie chodzi tu jednak o sakwy rowerowe. Klasyczna sakwa rowerowa jest z reszt\u0105 k\u0142opotliwa w monta\u017cu je\u015bli nie posiadamy baga\u017cnika. Najwi\u0119cej cennego miejsca da nam torba podsiod\u0142owa. Jej monta\u017c jest prosty, a dobrze zamontowana nie powoduje zmian \u015brodka ci\u0119\u017cko\u015bci. <strong>Torby podsiod\u0142owe<\/strong> wyst\u0119puj\u0105 w wielu rozmiarach, pocz\u0105wszy od p\u00f3\u0142litrowych \u201emaluch\u00f3w\u201d na zapasow\u0105 d\u0119tk\u0119 i par\u0119 podstawowych narz\u0119dzi, sko\u0144czywszy na du\u017cych, o pojemno\u015bci oko\u0142o 15 litr\u00f3w. Dla por\u00f3wnania \u2013 klasyczna sakwa na rower mo\u017ce mie\u0107 pojemno\u015b\u0107 i 70 litr\u00f3w, odbija si\u0119 to jednak na zwinno\u015bci w terenie.<\/p>\n\n\n\n<p>Podobn\u0105 do torby podsid\u0142owej lub nieco mniejsz\u0105 ilo\u015b\u0107 miejsca zapewni nam odpowiednia <strong>torba na kierownic\u0119<\/strong> \u2013 zazwyczaj ma ona do 8 litr\u00f3w pojemno\u015bci, jednak istniej\u0105 modele 15 litrowe.<\/p>\n\n\n\n<p>Przestrze\u0144 baga\u017cow\u0105 mo\u017cemy wygospodarowa\u0107 tak\u017ce wewn\u0105trz tr\u00f3jk\u0105ta ramy, jednak tu faworyzowane s\u0105 rowery \u201em\u0119skie\u201d. Fiku\u015bne kszta\u0142ty ram w \u201edamkach\u201d nie pozwalaj\u0105 b\u0105d\u017a utrudniaj\u0105 wykorzystanie tej lokalizacji. Wyst\u0119puje tu dylemat \u2013 du\u017ca <strong>torba rowerowa tr\u00f3jk\u0105tna <\/strong>daje du\u017co miejsca, jednak kosztem mo\u017cliwo\u015bci zabrania bidonu. Kompromisem b\u0119dzie pod\u0142u\u017cna torba montowana pod g\u00f3rn\u0105 rur\u0119 ramy. Zagospodarowywanie przestrzeni baga\u017cowej na rowerze ko\u0144czymy dwiema ma\u0142ymi torebkami. Jedn\u0105 mo\u017cemy zamocowa\u0107 na g\u00f3rn\u0105 cz\u0119\u015b\u0107 i g\u0142\u00f3wk\u0119 ramy. Drug\u0105 do ramy i rury siode\u0142ka.<\/p>\n\n\n\n<p>Dla os\u00f3b posiadaj\u0105cych odpowiednio wyposa\u017cony rower, dobrym rozwi\u0105zaniem b\u0119dzie <strong>torba na baga\u017cnik rowerowy<\/strong>, zapewniaj\u0105ca nieco wi\u0119ksz\u0105 stabilno\u015b\u0107 ni\u017c klasyczna podsiod\u0142\u00f3wka.<\/p>\n\n\n\n<p>Wybieraj\u0105c model pami\u0119tajmy, \u017ce dobra torba na rower powinna by\u0107 wodoodporna (lub mie\u0107 wodoodporny pokrowiec) i solidnie mocowana. Newralgiczna jest jako\u015b\u0107 wszycia mocuj\u0105cych rzep\u00f3w. W akcesoriach kiepskiej jako\u015bci lubi\u0105 si\u0119 one rwa\u0107.<\/p>\n\n\n\n<p><span class=\"has-inline-color has-vivid-cyan-blue-color\">Zobacz nasze <strong><a href=\"https:\/\/bit.ly\/3Ch7eci\" target=\"_blank\" rel=\"noreferrer noopener\">torby rowerowe<\/a><\/strong>. <\/span><\/p>\n\n\n\n<div class=\"wp-block-image\"><figure class=\"aligncenter size-large\"><img loading=\"lazy\" decoding=\"async\" width=\"1024\" height=\"683\" src=\"https:\/\/www.skalnik.pl\/blog\/wp-content\/uploads\/2022\/09\/marek-piwnicki-bickepacking-rower-unsplash.jpg\" alt=\"\" class=\"wp-image-20717\" srcset=\"https:\/\/www.skalnik.pl\/blog\/wp-content\/uploads\/2022\/09\/marek-piwnicki-bickepacking-rower-unsplash.jpg 1024w, https:\/\/www.skalnik.pl\/blog\/wp-content\/uploads\/2022\/09\/marek-piwnicki-bickepacking-rower-unsplash-300x200.jpg 300w, https:\/\/www.skalnik.pl\/blog\/wp-content\/uploads\/2022\/09\/marek-piwnicki-bickepacking-rower-unsplash-768x512.jpg 768w\" sizes=\"auto, (max-width: 1024px) 100vw, 1024px\" \/><figcaption><em>Istnieje wiele sposob\u00f3w, by przewie\u017a\u0107 baga\u017c na rowerze. (for. Marek Piwnicki, Unsplash)<\/em><\/figcaption><\/figure><\/div>\n\n\n\n<h2 class=\"wp-block-heading\"><span class=\"ez-toc-section\" id=\"Co_zabrac_na_bikepacking\"><\/span><strong>Co zabra\u0107 na bikepacking?<\/strong><span class=\"ez-toc-section-end\"><\/span><\/h2>\n\n\n\n<p>Skoro wiemy ju\u017c czym objuczy\u0107 nasz rower w taki spos\u00f3b, aby nadal w miar\u0119 \u017cwawo porusza\u0107 si\u0119 nim w terenie, pozostaje jeszcze zastanowi\u0107 si\u0119, czym te wszystkie torby, sakwy i tobo\u0142ki wype\u0142nimy.<\/p>\n\n\n\n<p>Je\u015bli nie mamy do\u015bwiadczenia z turystyk\u0105 \u201ena lekko\u201d i lubimy mie\u0107 ze sob\u0105 tony \u201eprzyda\u015bk\u00f3w\u201d, na pocz\u0105tku b\u0119dzie nam ci\u0119\u017cko. Pomimo tych litr\u00f3w przymocowanych tu i tam, miejsca najpewniej b\u0119dzie nam brakowa\u0107. Nic dziwnego \u2013 cho\u0107by\u015bmy stan\u0119li na g\u0142owie, nie uzyskamy tych 70 litr\u00f3w, kt\u00f3re oferuj\u0105 du\u017ce plecaki trekkingowe albo najwi\u0119ksze sakwy na rower do klasycznej turystyki. Pakowa\u0107 si\u0119 musimy z g\u0142ow\u0105.<\/p>\n\n\n\n<h3 class=\"wp-block-heading\"><span class=\"ez-toc-section\" id=\"Noclegi_na_wyjazdach_rowerowych\"><\/span>Noclegi na wyjazdach rowerowych<span class=\"ez-toc-section-end\"><\/span><\/h3>\n\n\n\n<p>Najbardziej k\u0142opotliwe jest chyba miejsce do spania. Minimali\u015bci mog\u0105 ograniczy\u0107 si\u0119 do hamaka, ale w pewnych warunkach i na d\u0142u\u017csz\u0105 met\u0119, jest to rozwi\u0105zanie m\u0119cz\u0105ce. Je\u015bli jednak jedynym naszym \u201ebaga\u017cnikiem\u201d jest plecak, a nie chcemy kombinowa\u0107 z improwizowanym mocowaniem szpeju do roweru, <strong>hamak i lekki \u015bpiw\u00f3r<\/strong> s\u0105 w\u0142a\u015bciwie jedynym \u201espaniem\u201d jakie nam pozostaje.<\/p>\n\n\n\n<p>Dobrym pomys\u0142em dla fan\u00f3w <em>light&amp;fast<\/em> s\u0105 r\u00f3wnie\u017c wszelkiego rodzaju tarpy \u2013 sprawdzaj\u0105 si\u0119 one zw\u0142aszcza gdy za \u201estela\u017c\u201d mo\u017ce zrobi\u0107 jeden lub dwa rowery. W tym przypadku jednak dobrze jest dysponowa\u0107 dmuchanym <strong>materacem lub mat\u0105 samopompuj\u0105c\u0105<\/strong>. Ta druga jest wygodniejsza w u\u017cyciu, ale zabierze nam wi\u0119cej cennego miejsca. Klasyczne karimaty s\u0105 k\u0142opotliwe w mocowaniu, cho\u0107 przy odrobinie inwencji tw\u00f3rczej, damy rad\u0119 przytwierdzi\u0107 je do roweru (na przyk\u0142ad mocowanie przy pomocy trok\u00f3w do kierownicy). Dysponuj\u0105c podsiod\u0142ow\u0105 torb\u0105 o pojemno\u015bci oko\u0142o 15 litr\u00f3w, bezproblemowo zmie\u015bcimy tam nawet trzyosobowy namiot i dmuchany materac. Pami\u0119tajmy jednak, \u017ceby nie przesadza\u0107 z ci\u0119\u017carem \u2013 dodatkowe kilogramy odbij\u0105 si\u0119 na przyjemno\u015bci z jazdy.<\/p>\n\n\n\n<p><span class=\"has-inline-color has-vivid-cyan-blue-color\">Ma\u0142e namioty znajdziesz w kategorii <strong><a href=\"https:\/\/bit.ly\/3ressBb\" target=\"_blank\" rel=\"noreferrer noopener\">namioty turystyczne Naturehike<\/a><\/strong>. <\/span><\/p>\n\n\n\n<div class=\"wp-block-image\"><figure class=\"aligncenter size-large\"><img loading=\"lazy\" decoding=\"async\" width=\"1024\" height=\"640\" src=\"https:\/\/www.skalnik.pl\/blog\/wp-content\/uploads\/2022\/09\/marek-nocleg-bickepacking-unsplash.jpg\" alt=\"\" class=\"wp-image-20719\" srcset=\"https:\/\/www.skalnik.pl\/blog\/wp-content\/uploads\/2022\/09\/marek-nocleg-bickepacking-unsplash.jpg 1024w, https:\/\/www.skalnik.pl\/blog\/wp-content\/uploads\/2022\/09\/marek-nocleg-bickepacking-unsplash-300x188.jpg 300w, https:\/\/www.skalnik.pl\/blog\/wp-content\/uploads\/2022\/09\/marek-nocleg-bickepacking-unsplash-768x480.jpg 768w\" sizes=\"auto, (max-width: 1024px) 100vw, 1024px\" \/><figcaption><em>Urz\u0105dzenie noclegu na wyprawie bickepackingowej to jedno z najwi\u0119kszych wyzwa\u0144. (fot. Marek Piwnicki, Unsplash)<\/em><\/figcaption><\/figure><\/div>\n\n\n\n<h3 class=\"wp-block-heading\"><span class=\"ez-toc-section\" id=\"Co_jesc_na_wycieczkach_rowerowych\"><\/span>Co je\u015b\u0107 na wycieczkach rowerowych?<span class=\"ez-toc-section-end\"><\/span><\/h3>\n\n\n\n<p>Wycieczki bikepackingowe kosztuj\u0105 nas troch\u0119 kalorii, trzeba zatem pomy\u015ble\u0107 r\u00f3wnie\u017c o jedzeniu. Najbardziej komfortowa sytuacja to restauracje na ca\u0142ej trasie naszej wycieczki \u2013 unikamy wtedy targania sprz\u0119tu do gotowania. Je\u015bli jednak wybieramy si\u0119 w dziksze s\u0142abiej zagospodarowane turystycznie rejony, warto zabra\u0107 <strong>kuchenk\u0119 turystyczn\u0105<\/strong>. Osobi\u015bcie klasyczn\u0105 gaz\u00f3wk\u0119 zabieram raczej na wycieczki co najmniej trzydniowe. Na jedn\u0105 noc w terenie wystarcza mi esbitowska kuchenka na paliwo sta\u0142e (tabletki). Jest mniej efektywna od palnika gazowego, ale zajmuje niewiele miejsca i ma\u0142o wa\u017cy.<\/p>\n\n\n\n<p>Jedzenie to z kolei indywidualna sprawa ka\u017cdego z nas. Ka\u017cdy \u017co\u0142\u0105dek jest inny i podczas gdy jeden b\u0119dzie zajada\u0142 si\u0119 proteinowymi batonikami, drugi zemdlony s\u0142odko\u015bci\u0105 zamarzy o kawa\u0142ku kie\u0142basy. Temu drugiemu polecam przek\u0105ski w postaci suszonego mi\u0119sa, tzw. jerky albo biltong.<\/p>\n\n\n\n<p>Jako \u201eprawdziwe\u201d posi\u0142ki sprawdzaj\u0105 si\u0119 <strong>liofilizaty<\/strong>. We\u017amy jednak pod uwag\u0119, \u017ce przy du\u017cym zu\u017cyciu kalorii warto liczy\u0107 porcj\u0119 dwuosobow\u0105 na jedn\u0105 osob\u0119. Je\u015bli bardzo chcemy zaoszcz\u0119dzi\u0107 na wadze baga\u017cu, dobrym pomys\u0142em s\u0105 sypkie posi\u0142ki do rozrabiania wod\u0105. Na d\u0142u\u017csz\u0105 met\u0119 b\u0119dziemy marzy\u0107 o czym\u015b normalnym, ale zabieraj\u0105c takie jedzenie mo\u017cemy zrezygnowa\u0107 z kuchenki (pomy\u015blmy wtedy o czym\u015b do uzdatniania wody). Je\u015bli na trasie mamy sklepy, warto zaopatrywa\u0107 si\u0119 na bie\u017c\u0105co. Je\u015bli sklep\u00f3w brak, zabierzmy tabletki lub filtr do uzdatniania wody \u2013 kilka godzin upa\u0142u potrafi sprawi\u0107, \u017ce w po\u0142owie trasy wypijemy zapas wody przewidziany na dob\u0119!<\/p>\n\n\n\n<div class=\"wp-block-image\"><figure class=\"aligncenter size-large\"><img loading=\"lazy\" decoding=\"async\" width=\"1024\" height=\"683\" src=\"https:\/\/www.skalnik.pl\/blog\/wp-content\/uploads\/2022\/09\/bikepacking-nawadnianie.jpg\" alt=\"\" class=\"wp-image-20720\" srcset=\"https:\/\/www.skalnik.pl\/blog\/wp-content\/uploads\/2022\/09\/bikepacking-nawadnianie.jpg 1024w, https:\/\/www.skalnik.pl\/blog\/wp-content\/uploads\/2022\/09\/bikepacking-nawadnianie-300x200.jpg 300w, https:\/\/www.skalnik.pl\/blog\/wp-content\/uploads\/2022\/09\/bikepacking-nawadnianie-768x512.jpg 768w\" sizes=\"auto, (max-width: 1024px) 100vw, 1024px\" \/><figcaption><em>Bidon na rower to najpopularniejsze, ale nie jedyne rozwi\u0105zanie. Na rowerze \u015bwietnie sprawdzi si\u0119 tak\u017ce bidon. (fot. Deuter)<\/em><\/figcaption><\/figure><\/div>\n\n\n\n<h2 class=\"wp-block-heading\"><span class=\"ez-toc-section\" id=\"Bikepacking_%E2%80%93_jak_sie_ubrac\"><\/span>Bikepacking \u2013 jak si\u0119 ubra\u0107<span class=\"ez-toc-section-end\"><\/span><\/h2>\n\n\n\n<p>Kolejnym wa\u017cnym aspektem jest ubi\u00f3r. Przy wielodniowych wycieczkach warto zadba\u0107 o solidn\u0105 kolarsk\u0105 bielizn\u0119 z \u201epieluch\u0105\u201d. Warto wcze\u015bniej przetestowa\u0107 j\u0105 na d\u0142u\u017cszej trasie, aby unikn\u0105\u0107 rozczarowa\u0144 i cierpie\u0144 zwi\u0105zanych z otarciami. Ubi\u00f3r na bikepacking nie r\u00f3\u017cni si\u0119 od tego kt\u00f3ry zabierzemy na jednodniowe wycieczki rowerowe w g\u00f3ry. Musimy tylko lepiej przygotowa\u0107 si\u0119 na ch\u0142\u00f3d i ewentualny deszcz.<\/p>\n\n\n\n<p>Warto zatem zabra\u0107 do plecaka <strong>ciep\u0142\u0105 bluz\u0119 i kurtk\u0119 przeciwdeszczow\u0105<\/strong>. W przeciwnym wypadku za\u0142amanie pogody mo\u017ce gwa\u0142townie przerwa\u0107 nasz rowerowy urlop\u2026 Je\u015bli je\u017adzimy w SPD&#8217;kach, zastan\u00f3wmy si\u0119 czy jednak na d\u0142u\u017csz\u0105 wycieczk\u0119 nie zmieni\u0107 peda\u0142\u00f3w na platformy i nie zabra\u0107 wygodnych but\u00f3w. Zw\u0142aszcza je\u015bli bikepacking \u0142\u0105czymy ze zwiedzaniem. To jednak tylko kwestia wygody. Jedyn\u0105 \u017celazn\u0105 zasad\u0105 jest dodatkowe zabezpieczenie si\u0119 od deszczu i zimna. Ilo\u015b\u0107 dodatkowej bielizny na zmian\u0119 to ju\u017c wypadkowa ilo\u015bci wolnego miejsca i d\u0142ugo\u015bci wycieczki.<\/p>\n\n\n\n<p><span class=\"has-inline-color has-vivid-cyan-blue-color\">Ubierz si\u0119 wygodnie na rower. Skocz do kategorii <strong><a href=\"https:\/\/bit.ly\/3E42R5F\" target=\"_blank\" rel=\"noreferrer noopener\">odzie\u017c rowerowa<\/a><\/strong><\/span>.<\/p>\n\n\n\n<p>Jad\u0105c w d\u0142ug\u0105 tras\u0119, nie b\u0105d\u017amy nadmiernymi optymistami i nie zak\u0142adajmy \u017ce ob\u0119dzie si\u0119 bez jakiegokolwiek skaleczenia. Zawsze zabierzmy ze sob\u0105 <strong>apteczk\u0119<\/strong>. Minimum to co\u015b do dezynfekcji, \u015brodki na biegunk\u0119 i plastry na odciski. Im dzikszy teren i wi\u0119kszy dystans do cywilizacji, tym lepiej wyposa\u017cona powinna by\u0107 apteczka. Nawet na bliskie wycieczki warto zabra\u0107 chust\u0119 tr\u00f3jk\u0105tn\u0105 lub kawa\u0142ek banda\u017ca \u2013 zdarzy\u0142o mi si\u0119 ju\u017c improwizowa\u0107 temblak z saszetki biodrowej.<\/p>\n\n\n\n<p>Obowi\u0105zkowe na d\u0142u\u017cszej trasie s\u0105 r\u00f3wnie\u017c pewne akcesoria do roweru. Je\u015bli nie chcemy przerywa\u0107 wycieczki w po\u0142owie z powodu pospolitego \u201eflaka\u201d, zabierzmy ze sob\u0105 zapasow\u0105 d\u0119tk\u0119. Uwa\u017cam, \u017ce na d\u0142u\u017cszych wycieczkach jest to niezb\u0119dne, nawet je\u015bli je\u017adzimy na oponach bezd\u0119tkowych. Rozci\u0119tej opony czy z\u0142amanego wentyla nie naprawi \u017caden uszczelniacz. W sk\u0142ad obowi\u0105zkowego zestawu naprawczego wchodzi tak\u017ce multitool rowerowy, zestaw \u0142y\u017cek do zdejmowania opon, pompka i skuwacz do \u0142a\u0144cuch\u00f3w.<\/p>\n\n\n\n<p>Takie rzeczy jak <strong>kask rowerowy<\/strong> czy <strong>o\u015bwietlenie do roweru<\/strong> nie podlegaj\u0105 dyskusji. Pami\u0119tajmy tylko, \u017ce je\u015bli planujemy w terenie jazd\u0119 o lub po zmroku, \u015bwiat\u0142o ma o\u015bwietla\u0107 nam drog\u0119, a nie tylko powodowa\u0107, \u017ce b\u0119dziemy widoczni. Dobrze mie\u0107 ze sob\u0105 <strong>czo\u0142\u00f3wk\u0119<\/strong>, kt\u00f3ra nie \u201egryzie\u201d si\u0119 z kaskiem (k\u0142opotliwe s\u0105 te z pojemnikiem na baterie z ty\u0142u g\u0142owy).<\/p>\n\n\n\n<iframe loading=\"lazy\" src=\"https:\/\/www.youtube.com\/embed\/zOavuhYDzr0\" title=\"YouTube video player\" allow=\"accelerometer; autoplay; clipboard-write; encrypted-media; gyroscope; picture-in-picture\" allowfullscreen=\"\" width=\"880\" height=\"442\" frameborder=\"0\"><\/iframe>\n\n\n\n<p>Je\u015bli trasa naszej wycieczki nie wiedzie dobrze znakowanym szlakiem, warto zabra\u0107 nawigacj\u0119 rowerow\u0105, map\u0119 lub telefon z odpowiedni\u0105 aplikacj\u0105 nawigacyjn\u0105. Przydatne akcesoria rowerowe to mapnik b\u0105d\u017a <strong>uchwyt na smartfona<\/strong>, mocowane na kierownic\u0119. Pozwalaj\u0105 mie\u0107 wgl\u0105d w tras\u0119 na bie\u017c\u0105co i unika\u0107 zatrzymywania si\u0119 na ka\u017cdym w\u0105tpliwym skrzy\u017cowaniu czy rozwidleniu. Ciekaw\u0105 opcj\u0105 s\u0105 torebki na przedni\u0105 cz\u0119\u015b\u0107 ramy wyposa\u017cone w panel na telefon. Umo\u017cliwiaj\u0105 one pod\u0142\u0105czenie powerbanka do umieszczonego w nich smartfona.<\/p>\n\n\n\n<hr class=\"wp-block-separator is-style-dots\"\/>\n\n\n\n<p>Opisa\u0142am tu rzeczy najbardziej niezb\u0119dne. Na rynku jest oczywi\u015bcie wiele gad\u017cet\u00f3w u\u0142atwiaj\u0105cych \u017cycie na rowerowym szlaku, najpierw jednak warto opanowa\u0107 sztuk\u0119 zapakowania ze sob\u0105 wszystkiego co niezb\u0119dne.<\/p>\n","protected":false},"excerpt":{"rendered":"<p>Jak spakowa\u0107 si\u0119 na kilkudniow\u0105 wypraw\u0119 rowerow\u0105? Poznaj bikepacking!<\/p>\n","protected":false},"author":39,"featured_media":20716,"comment_status":"open","ping_status":"open","sticky":false,"template":"","format":"standard","meta":{"_acf_changed":false,"footnotes":""},"categories":[3],"tags":[116,238],"magento_category":[],"magento_product":[],"class_list":["post-20715","post","type-post","status-publish","format-standard","has-post-thumbnail","hentry","category-porady","tag-podroze","tag-rowery"],"acf":[],"aioseo_notices":[],"aioseo_head":"\n\t\t<!-- All in One SEO 4.9.10 - aioseo.com -->\n\t<meta name=\"description\" content=\"Czym jest bikepacking i jak si\u0119 do niego zabra\u0107? Przeczytaj nasz artyku\u0142, je\u015bli chcesz prze\u017cy\u0107 kilkudniow\u0105 przygod\u0119 na dw\u00f3ch k\u00f3\u0142kach. Zobacz co zabra\u0107 na wyjazd i jak si\u0119 spakowa\u0107.\" \/>\n\t<meta name=\"robots\" content=\"max-image-preview:large\" \/>\n\t<meta name=\"author\" content=\"Skadi\"\/>\n\t<link rel=\"canonical\" href=\"https:\/\/www.skalnik.pl\/blog\/co-zabrac-na-bikepacking\/\" \/>\n\t<meta name=\"generator\" content=\"All in One SEO (AIOSEO) 4.9.10\" \/>\n\t\t<meta property=\"og:locale\" content=\"pl_PL\" \/>\n\t\t<meta property=\"og:site_name\" content=\"blog Skalnik - Blog, porady, artyku\u0142y - blog Skalnik\" \/>\n\t\t<meta property=\"og:type\" content=\"article\" \/>\n\t\t<meta property=\"og:title\" content=\"Co zabra\u0107 na bikepacking - blog Skalnik\" \/>\n\t\t<meta property=\"og:description\" content=\"Czym jest bikepacking i jak si\u0119 do niego zabra\u0107? Przeczytaj nasz artyku\u0142, je\u015bli chcesz prze\u017cy\u0107 kilkudniow\u0105 przygod\u0119 na dw\u00f3ch k\u00f3\u0142kach. Zobacz co zabra\u0107 na wyjazd i jak si\u0119 spakowa\u0107.\" \/>\n\t\t<meta property=\"og:url\" content=\"https:\/\/www.skalnik.pl\/blog\/co-zabrac-na-bikepacking\/\" \/>\n\t\t<meta property=\"og:image\" content=\"https:\/\/www.skalnik.pl\/blog\/wp-content\/uploads\/2022\/09\/plecaki-na-rower.jpg\" \/>\n\t\t<meta property=\"og:image:secure_url\" content=\"https:\/\/www.skalnik.pl\/blog\/wp-content\/uploads\/2022\/09\/plecaki-na-rower.jpg\" \/>\n\t\t<meta property=\"og:image:width\" content=\"1024\" \/>\n\t\t<meta property=\"og:image:height\" content=\"683\" \/>\n\t\t<meta property=\"article:tag\" content=\"porady\" \/>\n\t\t<meta property=\"article:tag\" content=\"podr\u00f3\u017ce\" \/>\n\t\t<meta property=\"article:tag\" content=\"rowery\" \/>\n\t\t<meta property=\"article:published_time\" content=\"2022-09-28T07:56:10+00:00\" \/>\n\t\t<meta property=\"article:modified_time\" content=\"2022-09-29T13:03:09+00:00\" \/>\n\t\t<meta name=\"twitter:card\" content=\"summary_large_image\" \/>\n\t\t<meta name=\"twitter:title\" content=\"Co zabra\u0107 na bikepacking - blog Skalnik\" \/>\n\t\t<meta name=\"twitter:description\" content=\"Czym jest bikepacking i jak si\u0119 do niego zabra\u0107? Przeczytaj nasz artyku\u0142, je\u015bli chcesz prze\u017cy\u0107 kilkudniow\u0105 przygod\u0119 na dw\u00f3ch k\u00f3\u0142kach. Zobacz co zabra\u0107 na wyjazd i jak si\u0119 spakowa\u0107.\" \/>\n\t\t<meta name=\"twitter:image\" content=\"https:\/\/www.skalnik.pl\/blog\/wp-content\/uploads\/2022\/09\/plecaki-na-rower.jpg\" \/>\n\t\t<script type=\"application\/ld+json\" class=\"aioseo-schema\">\n\t\t\t{\"@context\":\"https:\\\/\\\/schema.org\",\"@graph\":[{\"@type\":\"BlogPosting\",\"@id\":\"https:\\\/\\\/www.skalnik.pl\\\/blog\\\/co-zabrac-na-bikepacking\\\/#blogposting\",\"name\":\"Co zabra\\u0107 na bikepacking - blog Skalnik\",\"headline\":\"Co zabra\\u0107 na bikepacking\",\"author\":{\"@id\":\"https:\\\/\\\/www.skalnik.pl\\\/blog\\\/author\\\/skadi\\\/#author\"},\"publisher\":{\"@id\":\"https:\\\/\\\/www.skalnik.pl\\\/blog\\\/#organization\"},\"image\":{\"@type\":\"ImageObject\",\"url\":\"https:\\\/\\\/www.skalnik.pl\\\/blog\\\/wp-content\\\/uploads\\\/2022\\\/09\\\/marek-piwnicki-bickepacking-unsplash.jpg\",\"width\":1920,\"height\":706},\"datePublished\":\"2022-09-28T09:56:10+02:00\",\"dateModified\":\"2022-09-29T15:03:09+02:00\",\"inLanguage\":\"pl-PL\",\"mainEntityOfPage\":{\"@id\":\"https:\\\/\\\/www.skalnik.pl\\\/blog\\\/co-zabrac-na-bikepacking\\\/#webpage\"},\"isPartOf\":{\"@id\":\"https:\\\/\\\/www.skalnik.pl\\\/blog\\\/co-zabrac-na-bikepacking\\\/#webpage\"},\"articleSection\":\"Porady, podr\\u00f3\\u017ce, rowery\"},{\"@type\":\"BreadcrumbList\",\"@id\":\"https:\\\/\\\/www.skalnik.pl\\\/blog\\\/co-zabrac-na-bikepacking\\\/#breadcrumblist\",\"itemListElement\":[{\"@type\":\"ListItem\",\"@id\":\"https:\\\/\\\/www.skalnik.pl\\\/blog#listItem\",\"position\":1,\"name\":\"Home\",\"item\":\"https:\\\/\\\/www.skalnik.pl\\\/blog\",\"nextItem\":{\"@type\":\"ListItem\",\"@id\":\"https:\\\/\\\/www.skalnik.pl\\\/blog\\\/.\\\/porady\\\/#listItem\",\"name\":\"Porady\"}},{\"@type\":\"ListItem\",\"@id\":\"https:\\\/\\\/www.skalnik.pl\\\/blog\\\/.\\\/porady\\\/#listItem\",\"position\":2,\"name\":\"Porady\",\"item\":\"https:\\\/\\\/www.skalnik.pl\\\/blog\\\/.\\\/porady\\\/\",\"nextItem\":{\"@type\":\"ListItem\",\"@id\":\"https:\\\/\\\/www.skalnik.pl\\\/blog\\\/co-zabrac-na-bikepacking\\\/#listItem\",\"name\":\"Co zabra\\u0107 na bikepacking\"},\"previousItem\":{\"@type\":\"ListItem\",\"@id\":\"https:\\\/\\\/www.skalnik.pl\\\/blog#listItem\",\"name\":\"Home\"}},{\"@type\":\"ListItem\",\"@id\":\"https:\\\/\\\/www.skalnik.pl\\\/blog\\\/co-zabrac-na-bikepacking\\\/#listItem\",\"position\":3,\"name\":\"Co zabra\\u0107 na bikepacking\",\"previousItem\":{\"@type\":\"ListItem\",\"@id\":\"https:\\\/\\\/www.skalnik.pl\\\/blog\\\/.\\\/porady\\\/#listItem\",\"name\":\"Porady\"}}]},{\"@type\":\"Organization\",\"@id\":\"https:\\\/\\\/www.skalnik.pl\\\/blog\\\/#organization\",\"name\":\"blog Skalnik\",\"description\":\"Blog, porady, artyku\\u0142y - blog Skalnik\",\"url\":\"https:\\\/\\\/www.skalnik.pl\\\/blog\\\/\"},{\"@type\":\"Person\",\"@id\":\"https:\\\/\\\/www.skalnik.pl\\\/blog\\\/author\\\/skadi\\\/#author\",\"url\":\"https:\\\/\\\/www.skalnik.pl\\\/blog\\\/author\\\/skadi\\\/\",\"name\":\"Skadi\",\"image\":{\"@type\":\"ImageObject\",\"@id\":\"https:\\\/\\\/www.skalnik.pl\\\/blog\\\/co-zabrac-na-bikepacking\\\/#authorImage\",\"url\":\"https:\\\/\\\/secure.gravatar.com\\\/avatar\\\/ae13ef788103b67237116ff6ca11806fd62a3875c2f169205ba46718cec9cfc7?s=96&d=mm&r=g\",\"width\":96,\"height\":96,\"caption\":\"Skadi\"}},{\"@type\":\"WebPage\",\"@id\":\"https:\\\/\\\/www.skalnik.pl\\\/blog\\\/co-zabrac-na-bikepacking\\\/#webpage\",\"url\":\"https:\\\/\\\/www.skalnik.pl\\\/blog\\\/co-zabrac-na-bikepacking\\\/\",\"name\":\"Co zabra\\u0107 na bikepacking - blog Skalnik\",\"description\":\"Czym jest bikepacking i jak si\\u0119 do niego zabra\\u0107? Przeczytaj nasz artyku\\u0142, je\\u015bli chcesz prze\\u017cy\\u0107 kilkudniow\\u0105 przygod\\u0119 na dw\\u00f3ch k\\u00f3\\u0142kach. Zobacz co zabra\\u0107 na wyjazd i jak si\\u0119 spakowa\\u0107.\",\"inLanguage\":\"pl-PL\",\"isPartOf\":{\"@id\":\"https:\\\/\\\/www.skalnik.pl\\\/blog\\\/#website\"},\"breadcrumb\":{\"@id\":\"https:\\\/\\\/www.skalnik.pl\\\/blog\\\/co-zabrac-na-bikepacking\\\/#breadcrumblist\"},\"author\":{\"@id\":\"https:\\\/\\\/www.skalnik.pl\\\/blog\\\/author\\\/skadi\\\/#author\"},\"creator\":{\"@id\":\"https:\\\/\\\/www.skalnik.pl\\\/blog\\\/author\\\/skadi\\\/#author\"},\"image\":{\"@type\":\"ImageObject\",\"url\":\"https:\\\/\\\/www.skalnik.pl\\\/blog\\\/wp-content\\\/uploads\\\/2022\\\/09\\\/marek-piwnicki-bickepacking-unsplash.jpg\",\"@id\":\"https:\\\/\\\/www.skalnik.pl\\\/blog\\\/co-zabrac-na-bikepacking\\\/#mainImage\",\"width\":1920,\"height\":706},\"primaryImageOfPage\":{\"@id\":\"https:\\\/\\\/www.skalnik.pl\\\/blog\\\/co-zabrac-na-bikepacking\\\/#mainImage\"},\"datePublished\":\"2022-09-28T09:56:10+02:00\",\"dateModified\":\"2022-09-29T15:03:09+02:00\"},{\"@type\":\"WebSite\",\"@id\":\"https:\\\/\\\/www.skalnik.pl\\\/blog\\\/#website\",\"url\":\"https:\\\/\\\/www.skalnik.pl\\\/blog\\\/\",\"name\":\"blog Skalnik\",\"description\":\"Blog, porady, artyku\\u0142y - blog Skalnik\",\"inLanguage\":\"pl-PL\",\"publisher\":{\"@id\":\"https:\\\/\\\/www.skalnik.pl\\\/blog\\\/#organization\"}}]}\n\t\t<\/script>\n\t\t<!-- All in One SEO -->\n\n","aioseo_head_json":{"title":"Co zabra\u0107 na bikepacking - blog Skalnik","description":"Czym jest bikepacking i jak si\u0119 do niego zabra\u0107? Przeczytaj nasz artyku\u0142, je\u015bli chcesz prze\u017cy\u0107 kilkudniow\u0105 przygod\u0119 na dw\u00f3ch k\u00f3\u0142kach. Zobacz co zabra\u0107 na wyjazd i jak si\u0119 spakowa\u0107.","canonical_url":"https:\/\/www.skalnik.pl\/blog\/co-zabrac-na-bikepacking\/","robots":"max-image-preview:large","keywords":"","webmasterTools":{"miscellaneous":""},"schema":{"@context":"https:\/\/schema.org","@graph":[{"@type":"BlogPosting","@id":"https:\/\/www.skalnik.pl\/blog\/co-zabrac-na-bikepacking\/#blogposting","name":"Co zabra\u0107 na bikepacking - blog Skalnik","headline":"Co zabra\u0107 na bikepacking","author":{"@id":"https:\/\/www.skalnik.pl\/blog\/author\/skadi\/#author"},"publisher":{"@id":"https:\/\/www.skalnik.pl\/blog\/#organization"},"image":{"@type":"ImageObject","url":"https:\/\/www.skalnik.pl\/blog\/wp-content\/uploads\/2022\/09\/marek-piwnicki-bickepacking-unsplash.jpg","width":1920,"height":706},"datePublished":"2022-09-28T09:56:10+02:00","dateModified":"2022-09-29T15:03:09+02:00","inLanguage":"pl-PL","mainEntityOfPage":{"@id":"https:\/\/www.skalnik.pl\/blog\/co-zabrac-na-bikepacking\/#webpage"},"isPartOf":{"@id":"https:\/\/www.skalnik.pl\/blog\/co-zabrac-na-bikepacking\/#webpage"},"articleSection":"Porady, podr\u00f3\u017ce, rowery"},{"@type":"BreadcrumbList","@id":"https:\/\/www.skalnik.pl\/blog\/co-zabrac-na-bikepacking\/#breadcrumblist","itemListElement":[{"@type":"ListItem","@id":"https:\/\/www.skalnik.pl\/blog#listItem","position":1,"name":"Home","item":"https:\/\/www.skalnik.pl\/blog","nextItem":{"@type":"ListItem","@id":"https:\/\/www.skalnik.pl\/blog\/.\/porady\/#listItem","name":"Porady"}},{"@type":"ListItem","@id":"https:\/\/www.skalnik.pl\/blog\/.\/porady\/#listItem","position":2,"name":"Porady","item":"https:\/\/www.skalnik.pl\/blog\/.\/porady\/","nextItem":{"@type":"ListItem","@id":"https:\/\/www.skalnik.pl\/blog\/co-zabrac-na-bikepacking\/#listItem","name":"Co zabra\u0107 na bikepacking"},"previousItem":{"@type":"ListItem","@id":"https:\/\/www.skalnik.pl\/blog#listItem","name":"Home"}},{"@type":"ListItem","@id":"https:\/\/www.skalnik.pl\/blog\/co-zabrac-na-bikepacking\/#listItem","position":3,"name":"Co zabra\u0107 na bikepacking","previousItem":{"@type":"ListItem","@id":"https:\/\/www.skalnik.pl\/blog\/.\/porady\/#listItem","name":"Porady"}}]},{"@type":"Organization","@id":"https:\/\/www.skalnik.pl\/blog\/#organization","name":"blog Skalnik","description":"Blog, porady, artyku\u0142y - blog Skalnik","url":"https:\/\/www.skalnik.pl\/blog\/"},{"@type":"Person","@id":"https:\/\/www.skalnik.pl\/blog\/author\/skadi\/#author","url":"https:\/\/www.skalnik.pl\/blog\/author\/skadi\/","name":"Skadi","image":{"@type":"ImageObject","@id":"https:\/\/www.skalnik.pl\/blog\/co-zabrac-na-bikepacking\/#authorImage","url":"https:\/\/secure.gravatar.com\/avatar\/ae13ef788103b67237116ff6ca11806fd62a3875c2f169205ba46718cec9cfc7?s=96&d=mm&r=g","width":96,"height":96,"caption":"Skadi"}},{"@type":"WebPage","@id":"https:\/\/www.skalnik.pl\/blog\/co-zabrac-na-bikepacking\/#webpage","url":"https:\/\/www.skalnik.pl\/blog\/co-zabrac-na-bikepacking\/","name":"Co zabra\u0107 na bikepacking - blog Skalnik","description":"Czym jest bikepacking i jak si\u0119 do niego zabra\u0107? Przeczytaj nasz artyku\u0142, je\u015bli chcesz prze\u017cy\u0107 kilkudniow\u0105 przygod\u0119 na dw\u00f3ch k\u00f3\u0142kach. Zobacz co zabra\u0107 na wyjazd i jak si\u0119 spakowa\u0107.","inLanguage":"pl-PL","isPartOf":{"@id":"https:\/\/www.skalnik.pl\/blog\/#website"},"breadcrumb":{"@id":"https:\/\/www.skalnik.pl\/blog\/co-zabrac-na-bikepacking\/#breadcrumblist"},"author":{"@id":"https:\/\/www.skalnik.pl\/blog\/author\/skadi\/#author"},"creator":{"@id":"https:\/\/www.skalnik.pl\/blog\/author\/skadi\/#author"},"image":{"@type":"ImageObject","url":"https:\/\/www.skalnik.pl\/blog\/wp-content\/uploads\/2022\/09\/marek-piwnicki-bickepacking-unsplash.jpg","@id":"https:\/\/www.skalnik.pl\/blog\/co-zabrac-na-bikepacking\/#mainImage","width":1920,"height":706},"primaryImageOfPage":{"@id":"https:\/\/www.skalnik.pl\/blog\/co-zabrac-na-bikepacking\/#mainImage"},"datePublished":"2022-09-28T09:56:10+02:00","dateModified":"2022-09-29T15:03:09+02:00"},{"@type":"WebSite","@id":"https:\/\/www.skalnik.pl\/blog\/#website","url":"https:\/\/www.skalnik.pl\/blog\/","name":"blog Skalnik","description":"Blog, porady, artyku\u0142y - blog Skalnik","inLanguage":"pl-PL","publisher":{"@id":"https:\/\/www.skalnik.pl\/blog\/#organization"}}]},"og:locale":"pl_PL","og:site_name":"blog Skalnik - Blog, porady, artyku\u0142y - blog Skalnik","og:type":"article","og:title":"Co zabra\u0107 na bikepacking - blog Skalnik","og:description":"Czym jest bikepacking i jak si\u0119 do niego zabra\u0107? Przeczytaj nasz artyku\u0142, je\u015bli chcesz prze\u017cy\u0107 kilkudniow\u0105 przygod\u0119 na dw\u00f3ch k\u00f3\u0142kach. Zobacz co zabra\u0107 na wyjazd i jak si\u0119 spakowa\u0107.","og:url":"https:\/\/www.skalnik.pl\/blog\/co-zabrac-na-bikepacking\/","og:image":"https:\/\/www.skalnik.pl\/blog\/wp-content\/uploads\/2022\/09\/plecaki-na-rower.jpg","og:image:secure_url":"https:\/\/www.skalnik.pl\/blog\/wp-content\/uploads\/2022\/09\/plecaki-na-rower.jpg","og:image:width":1024,"og:image:height":683,"article:tag":["porady","podr\u00f3\u017ce","rowery"],"article:published_time":"2022-09-28T07:56:10+00:00","article:modified_time":"2022-09-29T13:03:09+00:00","twitter:card":"summary_large_image","twitter:title":"Co zabra\u0107 na bikepacking - blog Skalnik","twitter:description":"Czym jest bikepacking i jak si\u0119 do niego zabra\u0107? Przeczytaj nasz artyku\u0142, je\u015bli chcesz prze\u017cy\u0107 kilkudniow\u0105 przygod\u0119 na dw\u00f3ch k\u00f3\u0142kach. Zobacz co zabra\u0107 na wyjazd i jak si\u0119 spakowa\u0107.","twitter:image":"https:\/\/www.skalnik.pl\/blog\/wp-content\/uploads\/2022\/09\/plecaki-na-rower.jpg"},"aioseo_meta_data":{"post_id":"20715","title":null,"description":"Czym jest bikepacking i jak si\u0119 do niego zabra\u0107? Przeczytaj nasz artyku\u0142, je\u015bli chcesz prze\u017cy\u0107 kilkudniow\u0105 przygod\u0119 na dw\u00f3ch k\u00f3\u0142kach. Zobacz co zabra\u0107 na wyjazd i jak si\u0119 spakowa\u0107.","keywords":[{"label":"bikepacking","value":"bikepacking"},{"label":"torby rowerowe","value":"torby rowerowe"},{"label":"torba podsiod\u0142owam torba na kierowinic\u0119","value":"torba podsiod\u0142owam torba na kierowinic\u0119"},{"label":"namiot na rower","value":"namiot na rower"}],"keyphrases":null,"primary_term":null,"canonical_url":"","og_title":null,"og_description":null,"og_object_type":"default","og_image_type":"default","og_image_url":null,"og_image_width":null,"og_image_height":null,"og_image_custom_url":null,"og_image_custom_fields":null,"og_video":null,"og_custom_url":null,"og_article_section":null,"og_article_tags":null,"twitter_use_og":false,"twitter_card":"default","twitter_image_type":"default","twitter_image_url":null,"twitter_image_custom_url":null,"twitter_image_custom_fields":null,"twitter_title":null,"twitter_description":null,"schema":{"blockGraphs":[],"customGraphs":[],"default":{"data":{"Article":[],"Course":[],"Dataset":[],"FAQPage":[],"Movie":[],"Person":[],"Product":[],"ProductReview":[],"Car":[],"Recipe":[],"Service":[],"SoftwareApplication":[],"WebPage":[]},"graphName":"","isEnabled":true},"graphs":[]},"schema_type":"default","schema_type_options":null,"pillar_content":false,"robots_default":true,"robots_noindex":false,"robots_noarchive":false,"robots_nosnippet":false,"robots_nofollow":false,"robots_noimageindex":false,"robots_noodp":false,"robots_notranslate":false,"robots_max_snippet":null,"robots_max_videopreview":null,"robots_max_imagepreview":"large","priority":null,"frequency":null,"local_seo":null,"breadcrumb_settings":null,"limit_modified_date":false,"ai":null,"created":"2023-03-21 08:45:59","updated":"2026-02-17 22:26:21","seo_analyzer_scan_date":null},"aioseo_breadcrumb":"<div class=\"aioseo-breadcrumbs\"><span class=\"aioseo-breadcrumb\">\n\t\t\t<a href=\"https:\/\/www.skalnik.pl\/blog\" title=\"Home\">Home<\/a>\n\t\t<\/span><span class=\"aioseo-breadcrumb-separator\">&raquo;<\/span><span class=\"aioseo-breadcrumb\">\n\t\t\t<a href=\"https:\/\/www.skalnik.pl\/blog\/.\/porady\/\" title=\"Porady\">Porady<\/a>\n\t\t<\/span><span class=\"aioseo-breadcrumb-separator\">&raquo;<\/span><span class=\"aioseo-breadcrumb\">\n\t\t\tCo zabra\u0107 na bikepacking\n\t\t<\/span><\/div>","aioseo_breadcrumb_json":[{"label":"Home","link":"https:\/\/www.skalnik.pl\/blog"},{"label":"Porady","link":"https:\/\/www.skalnik.pl\/blog\/.\/porady\/"},{"label":"Co zabra\u0107 na bikepacking","link":"https:\/\/www.skalnik.pl\/blog\/co-zabrac-na-bikepacking\/"}],"_links":{"self":[{"href":"https:\/\/www.skalnik.pl\/blog\/wp-json\/wp\/v2\/posts\/20715","targetHints":{"allow":["GET"]}}],"collection":[{"href":"https:\/\/www.skalnik.pl\/blog\/wp-json\/wp\/v2\/posts"}],"about":[{"href":"https:\/\/www.skalnik.pl\/blog\/wp-json\/wp\/v2\/types\/post"}],"author":[{"embeddable":true,"href":"https:\/\/www.skalnik.pl\/blog\/wp-json\/wp\/v2\/users\/39"}],"replies":[{"embeddable":true,"href":"https:\/\/www.skalnik.pl\/blog\/wp-json\/wp\/v2\/comments?post=20715"}],"version-history":[{"count":4,"href":"https:\/\/www.skalnik.pl\/blog\/wp-json\/wp\/v2\/posts\/20715\/revisions"}],"predecessor-version":[{"id":20741,"href":"https:\/\/www.skalnik.pl\/blog\/wp-json\/wp\/v2\/posts\/20715\/revisions\/20741"}],"wp:featuredmedia":[{"embeddable":true,"href":"https:\/\/www.skalnik.pl\/blog\/wp-json\/wp\/v2\/media\/20716"}],"wp:attachment":[{"href":"https:\/\/www.skalnik.pl\/blog\/wp-json\/wp\/v2\/media?parent=20715"}],"wp:term":[{"taxonomy":"category","embeddable":true,"href":"https:\/\/www.skalnik.pl\/blog\/wp-json\/wp\/v2\/categories?post=20715"},{"taxonomy":"post_tag","embeddable":true,"href":"https:\/\/www.skalnik.pl\/blog\/wp-json\/wp\/v2\/tags?post=20715"},{"taxonomy":"magento_category","embeddable":true,"href":"https:\/\/www.skalnik.pl\/blog\/wp-json\/wp\/v2\/magento_category?post=20715"},{"taxonomy":"magento_product","embeddable":true,"href":"https:\/\/www.skalnik.pl\/blog\/wp-json\/wp\/v2\/magento_product?post=20715"}],"curies":[{"name":"wp","href":"https:\/\/api.w.org\/{rel}","templated":true}]}}