{"id":20775,"date":"2022-10-06T08:51:14","date_gmt":"2022-10-06T06:51:14","guid":{"rendered":"https:\/\/www.skalnik.pl\/blog\/?p=20775"},"modified":"2022-10-06T08:51:15","modified_gmt":"2022-10-06T06:51:15","slug":"jakie-buty-w-gory-z-membrana-czy-bez","status":"publish","type":"post","link":"https:\/\/www.skalnik.pl\/blog\/jakie-buty-w-gory-z-membrana-czy-bez\/","title":{"rendered":"Jakie buty w g\u00f3ry? Buty z membran\u0105 czy bez"},"content":{"rendered":"\n<p><strong>Wybieraj\u0105c buty do chodzenia po g\u00f3rach trzeba zmierzy\u0107 si\u0119 z kilkoma dylematami. Pierwszy z nich najpewniej b\u0119dzie dotyczy\u0142 rodzaju cholewki &#8211; czy ma by\u0107 wysoka czy mo\u017ce niska? Czy podeszwa mi\u0119kka, czy bardziej sztywny Vibram na ska\u0142\u0119? A\u017c w ko\u0144cu dojdziemy do wa\u017cnej kwestii obecno\u015bci w naszym bucie membrany wodoodpornej. Buty trekkingowe z membran\u0105 posiadaj\u0105 rzesze zar\u00f3wno swoich gor\u0105cych zwolennik\u00f3w, jak i nieprzejednanych przeciwnik\u00f3w, postarajmy si\u0119 wi\u0119c uporz\u0105dkowa\u0107 podstawow\u0105 wiedz\u0119 i nieco rozja\u015bni\u0107 ten arcyciekawy temat.<\/strong><\/p>\n\n\n\n<div id=\"ez-toc-container\" class=\"ez-toc-v2_0_85 counter-hierarchy ez-toc-counter ez-toc-light-blue ez-toc-container-direction\">\n<div class=\"ez-toc-title-container\">\n<p class=\"ez-toc-title\" style=\"cursor:inherit\">SPIS TRE\u015aCI <\/p>\n<span class=\"ez-toc-title-toggle\"><a href=\"#\" class=\"ez-toc-pull-right ez-toc-btn ez-toc-btn-xs ez-toc-btn-default ez-toc-toggle\" aria-label=\"Prze\u0142\u0105cznik Spisu Tre\u015bci\"><span class=\"ez-toc-js-icon-con\"><span class=\"\"><span class=\"eztoc-hide\" style=\"display:none;\">Toggle<\/span><span class=\"ez-toc-icon-toggle-span\"><svg style=\"fill: #999;color:#999\" xmlns=\"http:\/\/www.w3.org\/2000\/svg\" class=\"list-377408\" width=\"20px\" height=\"20px\" viewBox=\"0 0 24 24\" fill=\"none\"><path d=\"M6 6H4v2h2V6zm14 0H8v2h12V6zM4 11h2v2H4v-2zm16 0H8v2h12v-2zM4 16h2v2H4v-2zm16 0H8v2h12v-2z\" fill=\"currentColor\"><\/path><\/svg><svg style=\"fill: #999;color:#999\" class=\"arrow-unsorted-368013\" xmlns=\"http:\/\/www.w3.org\/2000\/svg\" width=\"10px\" height=\"10px\" viewBox=\"0 0 24 24\" version=\"1.2\" baseProfile=\"tiny\"><path d=\"M18.2 9.3l-6.2-6.3-6.2 6.3c-.2.2-.3.4-.3.7s.1.5.3.7c.2.2.4.3.7.3h11c.3 0 .5-.1.7-.3.2-.2.3-.5.3-.7s-.1-.5-.3-.7zM5.8 14.7l6.2 6.3 6.2-6.3c.2-.2.3-.5.3-.7s-.1-.5-.3-.7c-.2-.2-.4-.3-.7-.3h-11c-.3 0-.5.1-.7.3-.2.2-.3.5-.3.7s.1.5.3.7z\"\/><\/svg><\/span><\/span><\/span><\/a><\/span><\/div>\n<nav><ul class='ez-toc-list ez-toc-list-level-1 ' ><li class='ez-toc-page-1 ez-toc-heading-level-2'><a class=\"ez-toc-link ez-toc-heading-1\" href=\"https:\/\/www.skalnik.pl\/blog\/jakie-buty-w-gory-z-membrana-czy-bez\/#Co_to_jest_membrana_wodoodporna\" >Co to jest membrana wodoodporna<\/a><\/li><li class='ez-toc-page-1 ez-toc-heading-level-2'><a class=\"ez-toc-link ez-toc-heading-2\" href=\"https:\/\/www.skalnik.pl\/blog\/jakie-buty-w-gory-z-membrana-czy-bez\/#Najpopularniejsze_membrany_w_butach_trekkingowych\" >Najpopularniejsze membrany w butach trekkingowych<\/a><\/li><li class='ez-toc-page-1 ez-toc-heading-level-2'><a class=\"ez-toc-link ez-toc-heading-3\" href=\"https:\/\/www.skalnik.pl\/blog\/jakie-buty-w-gory-z-membrana-czy-bez\/#Zalety_butow_z_membrana\" >Zalety but\u00f3w z membran\u0105<\/a><\/li><li class='ez-toc-page-1 ez-toc-heading-level-2'><a class=\"ez-toc-link ez-toc-heading-4\" href=\"https:\/\/www.skalnik.pl\/blog\/jakie-buty-w-gory-z-membrana-czy-bez\/#Wady_butow_z_membrana\" >Wady but\u00f3w z membran\u0105<\/a><\/li><li class='ez-toc-page-1 ez-toc-heading-level-2'><a class=\"ez-toc-link ez-toc-heading-5\" href=\"https:\/\/www.skalnik.pl\/blog\/jakie-buty-w-gory-z-membrana-czy-bez\/#Dla_kogo_buty_z_membrana_beda_odpowiednie\" >Dla kogo buty z membran\u0105 b\u0119d\u0105 odpowiednie<\/a><\/li><\/ul><\/nav><\/div>\n<h2 class=\"wp-block-heading\"><span class=\"ez-toc-section\" id=\"Co_to_jest_membrana_wodoodporna\"><\/span><strong>Co to jest membrana wodoodporna<\/strong><span class=\"ez-toc-section-end\"><\/span><\/h2>\n\n\n\n<p>Membrany wodoodporne, o kt\u00f3rych s\u0142yszeli\u015bcie zapewne wielokrotnie, tak szeroko stosowane w odzie\u017cy i obuwiu turystycznym, to cienka warstwa materia\u0142u z tzw. mikroporami, kt\u00f3re nie przepuszczaj\u0105 wilgoci do wewn\u0105trz (kropli deszczu, rosy, \u015bniegu), jednocze\u015bnie pozwalaj\u0105c wydosta\u0107 si\u0119 na zewn\u0105trz wilgoci wyprodukowanej przez nasze cia\u0142o. Mo\u017cliwo\u015b\u0107 odprowadzenia wilgoci w postaci pary to w\u0142a\u015bnie ta s\u0142ynna oddychalno\u015b\u0107. Materia\u0142, z kt\u00f3rego zbudowana jest sama membrana jest delikatny, dlatego musi by\u0107 po\u0142\u0105czony z dodatkowymi warstwami chroni\u0105cymi go przed uszkodzeniem mechanicznym. Dopiero tak powsta\u0142y laminat mo\u017ce by\u0107 u\u017cyty do uszycia kurtki wodoodpornej typu hardshell lub zastosowany w cholewce buta.<\/p>\n\n\n\n<h2 class=\"wp-block-heading\"><span class=\"ez-toc-section\" id=\"Najpopularniejsze_membrany_w_butach_trekkingowych\"><\/span><strong>Najpopularniejsze membrany<\/strong> <strong>w butach<\/strong> trekkingowych<span class=\"ez-toc-section-end\"><\/span><\/h2>\n\n\n\n<p>Cz\u0119\u015b\u0107 producent\u00f3w odzie\u017cy sportowej decyduje si\u0119 na opracowanie w\u0142asnych technologii, inni wol\u0105 korzysta\u0107 z gotowych rozwi\u0105za\u0144 od firm trzecich. Bezdyskusyjnym liderem w\u015br\u00f3d dostawc\u00f3w membran jest ameryka\u0144ski W.L. Gore &amp; Associates, Inc. i ich szalenie popularny <strong>GORE-TEX<\/strong>\u00ae. To w\u0142a\u015bnie membrany GORE najcz\u0119\u015bciej stosowane s\u0105 w butach trekkingowych takich wiod\u0105cych marek jak Scarpa, Salomon, Salewa, Aku czy La Sportiva. Wykorzystuje si\u0119 je pocz\u0105wszy od lekkiego obuwia trailowego, przez uniwersalne buty treki ze \u015bredni\u0105 cholewk\u0105, a\u017c po specjalistyczne buty wysokog\u00f3rskie. To w\u0142a\u015bnie od nazwy tej membrany pochodzi dopisek \u201eGTX\u201d, kt\u00f3ry tak cz\u0119sto mo\u017cecie zobaczy\u0107 przy nazwie modelu danego buta.<\/p>\n\n\n\n<div class=\"wp-block-image\"><figure class=\"aligncenter size-large\"><img loading=\"lazy\" decoding=\"async\" width=\"1024\" height=\"683\" src=\"https:\/\/www.skalnik.pl\/blog\/wp-content\/uploads\/2022\/10\/goretex-w-butach.jpg\" alt=\"\" class=\"wp-image-20783\" srcset=\"https:\/\/www.skalnik.pl\/blog\/wp-content\/uploads\/2022\/10\/goretex-w-butach.jpg 1024w, https:\/\/www.skalnik.pl\/blog\/wp-content\/uploads\/2022\/10\/goretex-w-butach-300x200.jpg 300w, https:\/\/www.skalnik.pl\/blog\/wp-content\/uploads\/2022\/10\/goretex-w-butach-768x512.jpg 768w\" sizes=\"auto, (max-width: 1024px) 100vw, 1024px\" \/><figcaption><em>GORE-TEX\u00ae czyli jedna z najpopularniejszych membran stosowanych w butach (fot. GORE-TEX\u00ae) <\/em><\/figcaption><\/figure><\/div>\n\n\n\n<p>Membrana GORE-TEX posiada wiele r\u00f3\u017cnych odmian, z kt\u00f3rych kilka s\u0105 to rozwi\u0105zania dedykowane stricte do obuwia. Sama zasada dzia\u0142ania mo\u017ce i jest taka sama, jednak zupe\u0142nie innego rodzaju b\u0119dzie membrana zastosowana w kurtce, inna w bucie, a jeszcze inna w r\u0119kawicy. W katalogu GORE w\u015br\u00f3d membran obuwniczych mo\u017cemy wyr\u00f3\u017cni\u0107 trzy g\u0142\u00f3wne grupy membran:<\/p>\n\n\n\n<ul class=\"wp-block-list\"><li><strong>GORE-TEX Performance Comfort<\/strong> &#8211; najbardziej powszechna, najbardziej uniwersalna i najcz\u0119\u015bciej stosowana w tych klasycznych modelach \u201eza kostk\u0119\u201d. Zdecydowana wi\u0119kszo\u015b\u0107 but\u00f3w trekkingowych GORE-TEX, jakie widzicie w sklepach b\u0119dzie posiada\u0142a w \u015brodku w\u0142a\u015bnie tak\u0105 membran\u0119. Idealny wyb\u00f3r do but\u00f3w maj\u0105cych s\u0142u\u017cy\u0107 jako ca\u0142oroczne, zapewniaj\u0105ca rozs\u0105dny kompromis mi\u0119dzy oddychalno\u015bci\u0105 i wodoodporno\u015bci\u0105.<\/li><\/ul>\n\n\n\n<ul class=\"wp-block-list\"><li><strong>GORE-TEX Extended Comfort<\/strong> &#8211; tutaj mamy wersj\u0119 \u201codchudzon\u0105\u201d, kt\u00f3ra pozbawiona zosta\u0142a dodatkowej warstwy izolacyjnej. Wci\u0105\u017c zapewnia znakomit\u0105 ochron\u0119 przed wod\u0105, ale oferuj\u0105c w zamian lepsz\u0105 wentylacj\u0119. Z tego wzgl\u0119du jest stosowana w lekkim obuwiu przeznaczonym do bieg\u00f3w g\u00f3rskich, speed hikingu, podej\u015bci\u00f3wkach oraz wszelkiego rodzaju niskim obuwiu polecanemu do zaj\u0119\u0107 o wy\u017cszym stopniu intensywno\u015bci.<\/li><\/ul>\n\n\n\n<ul class=\"wp-block-list\"><li><strong>GORE-TEX Insulated Comfort<\/strong> &#8211; trzecia z najbardziej powszechnych membran GTX to wersja z dodatkow\u0105 warstw\u0105 ocieplaj\u0105cych w\u0142\u00f3kien i stosowana przez to g\u0142\u00f3wnie w typowo zimowym, wysokim obuwiu przeznaczonym na warunki zimowe, zaliczaj\u0105c do tego grona tak\u017ce topowe buty w g\u00f3ry wysokie.<\/li><\/ul>\n\n\n\n<p><span class=\"has-inline-color has-vivid-cyan-blue-color\">Zobacz <strong><a href=\"https:\/\/bit.ly\/3rxwgOb\" target=\"_blank\" rel=\"noreferrer noopener\">buty GORE-TEX<\/a><\/strong> w naszym sklepie. <\/span><\/p>\n\n\n\n<div class=\"wp-block-image\"><figure class=\"aligncenter size-large\"><img loading=\"lazy\" decoding=\"async\" width=\"1024\" height=\"681\" src=\"https:\/\/www.skalnik.pl\/blog\/wp-content\/uploads\/2022\/10\/test-but\u00f3w-gore-tex.jpg\" alt=\"\" class=\"wp-image-20784\" srcset=\"https:\/\/www.skalnik.pl\/blog\/wp-content\/uploads\/2022\/10\/test-but\u00f3w-gore-tex.jpg 1024w, https:\/\/www.skalnik.pl\/blog\/wp-content\/uploads\/2022\/10\/test-but\u00f3w-gore-tex-300x200.jpg 300w, https:\/\/www.skalnik.pl\/blog\/wp-content\/uploads\/2022\/10\/test-but\u00f3w-gore-tex-768x511.jpg 768w\" sizes=\"auto, (max-width: 1024px) 100vw, 1024px\" \/><figcaption><em>Buty z membran\u0105 GORE-TEX\u00ae poddawane s\u0105 wymagaj\u0105cym testom. (fot. GORE-TEX\u00ae) <\/em><\/figcaption><\/figure><\/div>\n\n\n\n<h2 class=\"wp-block-heading\"><span class=\"ez-toc-section\" id=\"Zalety_butow_z_membrana\"><\/span><strong>Zalety <\/strong>but\u00f3w z membran\u0105<span class=\"ez-toc-section-end\"><\/span><\/h2>\n\n\n\n<h4 class=\"wp-block-heading\"><strong>Wodoodporno\u015b\u0107<\/strong><\/h4>\n\n\n\n<p>Tutaj nie ma zbytnio nad czym si\u0119 rozwodzi\u0107, gdy\u017c g\u0142\u00f3wna zaleta membran jest bezdyskusyjna &#8211; utrzymuje wn\u0119trze naszego buta suchym, gdy pada deszcz, wdepniemy w ka\u0142u\u017c\u0119, brodzimy w g\u0142\u0119bokim \u015bniegu, mokrej trawie, czy w\u0119drujemy w ka\u017cdego rodzaju niesprzyjaj\u0105cych warunkach atmosferycznych. O ile latem, gdy temperatury powietrza s\u0105 wysokie, taki przemoczony but mo\u017ce sam z siebie wyschn\u0105\u0107, o tyle w okresie jesienno-zimowo-wiosennym powinni\u015bmy starannie dba\u0107 o dobry <em>mikroklimat <\/em>dla naszych st\u00f3p i nie dopuszcza\u0107 do ich d\u0142ugotrwa\u0142ego zamoczenia.<\/p>\n\n\n\n<h4 class=\"wp-block-heading\"><strong>Komfort cieplny zim\u0105<\/strong><\/h4>\n\n\n\n<p>Inn\u0105 zalet\u0105 buta z membran\u0105, kt\u00f3r\u0105 docenimy g\u0142\u00f3wnie zim\u0105, jest fakt, \u017ce ograniczona przepuszczalno\u015b\u0107 wilgoci ogranicza r\u00f3wnie\u017c wymian\u0119 ciep\u0142a. W butach z GORE-TEX i dobrej skarpecie b\u0119dzie nam zwyczajnie cieplej ni\u017c nawet w grubych skarpetach z we\u0142ny, ale bez membrany w cholewce.<\/p>\n\n\n\n<h4 class=\"wp-block-heading\"><strong>Swoboda podczas pokonywania szlaku<\/strong><\/h4>\n\n\n\n<p>Rzadko poruszana kwestia, ale gdy mocniej si\u0119 zastanowimy to cecha do\u015b\u0107 zasadna. W\u0119druj\u0105c w butach z membran\u0105, np. w warunkach jesiennych, mo\u017cemy pewniej stawia\u0107 kroki, mniej zastanawia\u0107 si\u0119 nad pokonywaniem przeszk\u00f3d i zamiast skaka\u0107 po kamieniach nad ka\u0142u\u017cami po prostu\u2026 przej\u015b\u0107 \u015brodkiem.<\/p>\n\n\n\n<p>Nale\u017cy przy tym pami\u0119ta\u0107, \u017ce \u017caden but nie zapewni 100% ochrony. Dlatego te\u017c nie powinno si\u0119 stosowa\u0107 dla but\u00f3w g\u00f3rskich okre\u015blenia \u201ewodoszczelne\u201d, bo takie b\u0119d\u0119 w\u0119dkarskie wodery albo potocznie zwane gumowce, ale nie obuwie trekkingowe. Podczas d\u0142ugotrwa\u0142ej w\u0119dr\u00f3wki w \u015bniegu i mrozie nawet najlepsza membrana i zaimpregnowana cholewka mo\u017ce traci\u0107 w\u0142a\u015bciwo\u015bci, nie m\u00f3wi\u0105c ju\u017c o wypadku, w kt\u00f3rym woda wleje nam si\u0119 do buta od g\u00f3ry, np. po wpadni\u0119ciu w g\u0142\u0119bok\u0105 ka\u0142u\u017c\u0119 albo podczas przekraczania g\u00f3rskiego potoku. Ta ostatnia sytuacja cz\u0119sto przytaczana jest jako argument podwa\u017caj\u0105cy zasadno\u015b\u0107 stosowania membran w butach niskich, gdzie taka sytuacja faktycznie mo\u017ce mie\u0107 miejsce.<\/p>\n\n\n\n<div class=\"wp-block-image\"><figure class=\"aligncenter size-large\"><img loading=\"lazy\" decoding=\"async\" width=\"1024\" height=\"768\" src=\"https:\/\/www.skalnik.pl\/blog\/wp-content\/uploads\/2022\/10\/buty-z-membran\u0105-salewa-zalety.jpg\" alt=\"\" class=\"wp-image-20787\" srcset=\"https:\/\/www.skalnik.pl\/blog\/wp-content\/uploads\/2022\/10\/buty-z-membran\u0105-salewa-zalety.jpg 1024w, https:\/\/www.skalnik.pl\/blog\/wp-content\/uploads\/2022\/10\/buty-z-membran\u0105-salewa-zalety-300x225.jpg 300w, https:\/\/www.skalnik.pl\/blog\/wp-content\/uploads\/2022\/10\/buty-z-membran\u0105-salewa-zalety-768x576.jpg 768w\" sizes=\"auto, (max-width: 1024px) 100vw, 1024px\" \/><figcaption><em>Wyb\u00f3r but\u00f3w z membran\u0105 ma wiele plus\u00f3w. (fot. Salewa)<\/em><\/figcaption><\/figure><\/div>\n\n\n\n<h2 class=\"wp-block-heading\"><span class=\"ez-toc-section\" id=\"Wady_butow_z_membrana\"><\/span><strong>Wady but\u00f3w z membran\u0105<\/strong><span class=\"ez-toc-section-end\"><\/span><\/h2>\n\n\n\n<h4 class=\"wp-block-heading\"><strong>S\u0142absza oddychalno\u015b\u0107<\/strong><\/h4>\n\n\n\n<p>Skoro wy\u017cej napisali\u015bmy, \u017ce w butach membranowych b\u0119dzie cieplej i by\u0142a to niezaprzeczalna zaleta zim\u0105, to co si\u0119 stanie gdy nadejdzie lato? No w\u0142a\u015bnie, niestety r\u00f3wnie\u017c b\u0119dzie cieplej i to przeradza si\u0119 w zasadnicz\u0105 wad\u0119, kt\u00f3ra dla wielu os\u00f3b po prostu dyskwalifikuje u\u017cycie wodoodpornych trekking\u00f3w latem. Podczas w\u0119dr\u00f3wki membrana mo\u017ce nie nad\u0105\u017cy\u0107 z odprowadzaniem pary wodnej, wi\u0119c pomimo suchej pory buty mog\u0105 sta\u0107 si\u0119 mokre od \u015brodka i mocno obni\u017cy\u0107 nasz komfort.<\/p>\n\n\n\n<h4 class=\"wp-block-heading\"><strong>D\u0142u<\/strong><strong>\u017cszy<\/strong><strong> czas schni\u0119cia <\/strong><strong>po przemoczeniu<\/strong><\/h4>\n\n\n\n<p>Je\u015bli ju\u017c tak si\u0119 stanie, \u017ce but z membran\u0105 przemoknie, trudniej b\u0119dzie go wysuszy\u0107. Zar\u00f3wno schni\u0119cie na nogach podczas dalszego marszu (np. je\u015bli przestanie pada\u0107 i wyjdzie s\u0142o\u0144ce), czy w suszarni w schronisku po zej\u015bciu ze szlaku, butom membranowym zajmie niestety wi\u0119cej czasu ni\u017c tym pozbawionym warstwy wodoodpornej.<\/p>\n\n\n\n<p>Ponadto o buty g\u00f3rskie z membran\u0105 trzeba bardziej dba\u0107 ni\u017c o inne, poniewa\u017c wszelkie zanieczyszczenia (cho\u0107by warstwa zaschni\u0119tego b\u0142ota) zapychaj\u0105 wspomniane mikropory i membrana zwyczajnie traci swoje w\u0142a\u015bciwo\u015bci. Skoro te\u017c mowa o impregnowaniu, to zawsze dobrze jest zaopatrzy\u0107 si\u0119 w tego typu \u015brodek i po czyszczeniu but\u00f3w odnawia\u0107 zewn\u0119trzn\u0105 warstw\u0119 DWR. Impregnat b\u0119dzie stanowi\u0142 pierwsz\u0105 lini\u0119 obrony zanim woda przeniknie przez wierzchni\u0105 warstw\u0119 materia\u0142u, dzi\u0119ki czemu membrana b\u0119dzie mia\u0142a cho\u0107 troch\u0119 mniej pracy.<\/p>\n\n\n\n<div class=\"wp-block-image\"><figure class=\"aligncenter size-large\"><img loading=\"lazy\" decoding=\"async\" width=\"1024\" height=\"683\" src=\"https:\/\/www.skalnik.pl\/blog\/wp-content\/uploads\/2022\/10\/buty-speedhiking.jpg\" alt=\"\" class=\"wp-image-20789\" srcset=\"https:\/\/www.skalnik.pl\/blog\/wp-content\/uploads\/2022\/10\/buty-speedhiking.jpg 1024w, https:\/\/www.skalnik.pl\/blog\/wp-content\/uploads\/2022\/10\/buty-speedhiking-300x200.jpg 300w, https:\/\/www.skalnik.pl\/blog\/wp-content\/uploads\/2022\/10\/buty-speedhiking-768x512.jpg 768w\" sizes=\"auto, (max-width: 1024px) 100vw, 1024px\" \/><figcaption><em>Brak membrany, lekka, oddychaj\u0105ca i szybkoschn\u0105ca cholewka to cz\u0119sty wyb\u00f3r do speed hikingu latem. (fot. Salewa)<\/em><\/figcaption><\/figure><\/div>\n\n\n\n<p>Przy okazji wspomnijmy o istotnej rzeczy, czyli skarpetach. Oczywi\u015bcie niezale\u017cnie od tego, czy mamy na sobie buty z GTX czy bez, skarpety powinny by\u0107 odpowiednio dobrane. Ma to szczeg\u00f3lne znaczenie, gdy wentylacj\u0119 naszego buta ogranicza membrana. Za\u0142o\u017cenie pod membran\u0119 zwyk\u0142ej, bawe\u0142nianej skarpetki mo\u017ce si\u0119 sko\u0144czy\u0107 przykrym zapoceniem st\u00f3p, a w skrajnej sytuacji nawet odparzeniami, dlatego warto wybra\u0107 model z termoaktywnych w\u0142\u00f3kien, kt\u00f3re nie ch\u0142on\u0105 wilgoci i s\u0105 szybkoschn\u0105ce. Takie skarpetki &#8211; w tandemie z membran\u0105 &#8211; b\u0119d\u0105 w stanie odprowadzi\u0107 na zewn\u0105trz buta wygenerowan\u0105 podczas marszu par\u0119 wodn\u0105 i utrzyma\u0107 stop\u0119 przyjemnie such\u0105.<\/p>\n\n\n\n<h2 class=\"wp-block-heading\"><span class=\"ez-toc-section\" id=\"Dla_kogo_buty_z_membrana_beda_odpowiednie\"><\/span><strong>Dla kogo buty z membran\u0105 <\/strong><strong>b\u0119d\u0105 odpowiednie<\/strong><span class=\"ez-toc-section-end\"><\/span><\/h2>\n\n\n\n<p>Prosta odpowied\u017a b\u0119dzie tylko w jednym wypadku. Je\u015bli szukamy but\u00f3w, kt\u00f3re maj\u0105 by\u0107 ca\u0142oroczne<strong>,<\/strong> wtedy lepiej mie\u0107 spok\u00f3j i postawi\u0107 na membran\u0119, otrzymuj\u0105c w zamian ochron\u0119 przed wod\u0105 niezale\u017cnie od pory roku, godz\u0105c si\u0119 na pewne kompromisy. Je\u015bli jednak mo\u017cemy sobie pozwoli\u0107 na wi\u0119cej ni\u017c jedn\u0105 par\u0119 but\u00f3w i potrafimy sprecyzowa\u0107, do jakich zastosowa\u0144 b\u0119d\u0105 one potrzebne, warto dla w\u0142asnego komfortu zaopatrzy\u0107 si\u0119 w rozwi\u0105zania dedykowane na r\u00f3\u017cne sytuacje. A jakie to mog\u0105 by\u0107 zastosowania? Przyk\u0142adowo:<\/p>\n\n\n\n<p><strong>Buty bez membrany:<\/strong><\/p>\n\n\n\n<ul class=\"wp-block-list\"><li>niskie trekkingi na letni wypad w Tatry<\/li><li>uniwersalne buty wysokie\/mid na sezon od wiosny do jesieni<\/li><li>buty do bieg\u00f3w g\u00f3rskich<\/li><li>buty podej\u015bciowe do chodzenia na co dzie\u0144<\/li><\/ul>\n\n\n\n<div class=\"wp-block-image\"><figure class=\"aligncenter size-large\"><img loading=\"lazy\" decoding=\"async\" width=\"1024\" height=\"683\" src=\"https:\/\/www.skalnik.pl\/blog\/wp-content\/uploads\/2022\/01\/buty-mtn-trainer-salewa-test-2.jpg\" alt=\"mtn trainer mid salewa buty trekkingowe\" class=\"wp-image-19260\" srcset=\"https:\/\/www.skalnik.pl\/blog\/wp-content\/uploads\/2022\/01\/buty-mtn-trainer-salewa-test-2.jpg 1024w, https:\/\/www.skalnik.pl\/blog\/wp-content\/uploads\/2022\/01\/buty-mtn-trainer-salewa-test-2-300x200.jpg 300w, https:\/\/www.skalnik.pl\/blog\/wp-content\/uploads\/2022\/01\/buty-mtn-trainer-salewa-test-2-768x512.jpg 768w\" sizes=\"auto, (max-width: 1024px) 100vw, 1024px\" \/><figcaption><em>Wyb\u00f3r zale\u017cny jest od przeznaczenia. Ten wyb\u00f3r nale\u017cy do Ciebie. (fot. arch. autora)<\/em><\/figcaption><\/figure><\/div>\n\n\n\n<p><strong>Buty z membran\u0105:<\/strong><\/p>\n\n\n\n<ul class=\"wp-block-list\"><li>ca\u0142oroczne, uniwersalne buty wysokie do okazyjnych g\u00f3rskich wycieczek<\/li><li>zimowe wycieczki w Bieszczady<\/li><li>ambitne trasy po zimowych Tatrach w rakach i z czekanem<\/li><li>w\u0119dr\u00f3wki w deszczowe i zimne, jesienne dni, np. w pa\u017adziernikowych b\u0142otach Beskidu Niskiego<\/li><li>niskie buty trailowe na d\u0142ugie trasy w mrozie i \u015bniegu jak Zimowy Ultramaraton Karkonoski<\/li><\/ul>\n\n\n\n<p><span class=\"has-inline-color has-vivid-cyan-blue-color\">Szukasz but\u00f3w z membran\u0105? Zobacz <strong><a href=\"https:\/\/bit.ly\/3CcsZJ5\" target=\"_blank\" rel=\"noreferrer noopener\">buty GORE-TEX damskie<\/a><\/strong><\/span> <span class=\"has-inline-color has-vivid-cyan-blue-color\">lub wybierz spo\u015br\u00f3d modeli w kategorii <strong><a href=\"https:\/\/bit.ly\/3Cai0jf\" target=\"_blank\" rel=\"noreferrer noopener\">buty GORE-TEX m\u0119skie<\/a><\/strong>. <\/span><\/p>\n\n\n\n<hr class=\"wp-block-separator is-style-dots\"\/>\n\n\n\n<p>Jak ka\u017cdy kij, r\u00f3wnie\u017c i temat membran, ma &#8211; jak widzicie &#8211; dwa ko\u0144ce. Pytanie \u201eu\u017cywa\u0107 membrany czy nie\u201d od dawna budzi gor\u0105ce dyskusje w\u015br\u00f3d entuzjast\u00f3w outdooru i jest to istny temat rzeka. W pewnych sytuacjach lepiej spe\u0142ni swoje zadanie jeden model, w innych drugi, ale najwa\u017cniejsze aby przed podj\u0119ciem decyzji przeanalizowa\u0107 wszystkie za i przeciw. Na pytanie \u201ebuty z membran\u0105 czy bez\u201d odpowiemy sobie w\u0142a\u015bciwie, gdy zyskamy pewno\u015b\u0107, jakiego rodzaju obuwia potrzebujemy i w jakich warunkach oraz jakich sezonach b\u0119dziemy nosi\u0107 konkretne obuwie. Tak jak dob\u00f3r dobrych opon do samochodu gwarantuje komfort i bezpiecze\u0144stwo na drodze, tak dob\u00f3r odpowiedniego obuwia zapewni powodzenie wszystkich g\u00f3rskich przyg\u00f3d.<\/p>\n\n\n\n<iframe loading=\"lazy\" src=\"https:\/\/www.youtube.com\/embed\/CiuvgSBZbAA\" title=\"YouTube video player\" allow=\"accelerometer; autoplay; clipboard-write; encrypted-media; gyroscope; picture-in-picture\" allowfullscreen=\"\" width=\"800\" height=\"442\" frameborder=\"0\"><\/iframe>\n","protected":false},"excerpt":{"rendered":"<p>Wybieraj\u0105c buty do chodzenia po g\u00f3rach trzeba zmierzy\u0107 si\u0119 z kilkoma dylematami. Pierwszy z nich najpewniej b\u0119dzie dotyczy\u0142 rodzaju cholewki &#8211; czy ma by\u0107 wysoka czy mo\u017ce niska? Czy podeszwa mi\u0119kka, czy bardziej sztywny Vibram na ska\u0142\u0119? A\u017c w ko\u0144cu dojdziemy do wa\u017cnej kwestii obecno\u015bci w naszym bucie membrany wodoodpornej. Buty trekkingowe z membran\u0105 posiadaj\u0105 [&hellip;]<\/p>\n","protected":false},"author":21,"featured_media":20786,"comment_status":"open","ping_status":"open","sticky":false,"template":"","format":"standard","meta":{"_acf_changed":false,"footnotes":""},"categories":[3],"tags":[104,100,109],"magento_category":[59],"magento_product":[],"class_list":["post-20775","post","type-post","status-publish","format-standard","has-post-thumbnail","hentry","category-porady","tag-buty","tag-buty-trekkingowe","tag-gore-tex"],"acf":[],"aioseo_notices":[],"aioseo_head":"\n\t\t<!-- All in One SEO 4.9.10 - aioseo.com -->\n\t<meta name=\"description\" content=\"Wybieraj\u0105c buty do chodzenia po g\u00f3rach trzeba zmierzy\u0107 si\u0119 z kilkoma dylematami. Pierwszy z nich najpewniej b\u0119dzie dotyczy\u0142 rodzaju cholewki - czy ma by\u0107 wysoka czy mo\u017ce niska? Czy podeszwa mi\u0119kka, czy bardziej sztywny Vibram na ska\u0142\u0119? A\u017c w ko\u0144cu dojdziemy do wa\u017cnej kwestii obecno\u015bci w naszym bucie membrany wodoodpornej. Buty trekkingowe z membran\u0105 posiadaj\u0105\" \/>\n\t<meta name=\"robots\" content=\"max-image-preview:large\" \/>\n\t<meta name=\"author\" content=\"Dominik Marzec\"\/>\n\t<link rel=\"canonical\" href=\"https:\/\/www.skalnik.pl\/blog\/jakie-buty-w-gory-z-membrana-czy-bez\/\" \/>\n\t<meta name=\"generator\" content=\"All in One SEO (AIOSEO) 4.9.10\" \/>\n\t\t<meta property=\"og:locale\" content=\"pl_PL\" \/>\n\t\t<meta property=\"og:site_name\" content=\"blog Skalnik - Blog, porady, artyku\u0142y - blog Skalnik\" \/>\n\t\t<meta property=\"og:type\" content=\"article\" \/>\n\t\t<meta property=\"og:title\" content=\"Jakie buty w g\u00f3ry? Buty z membran\u0105 czy bez - blog Skalnik\" \/>\n\t\t<meta property=\"og:description\" content=\"Wybieraj\u0105c buty do chodzenia po g\u00f3rach trzeba zmierzy\u0107 si\u0119 z kilkoma dylematami. Pierwszy z nich najpewniej b\u0119dzie dotyczy\u0142 rodzaju cholewki - czy ma by\u0107 wysoka czy mo\u017ce niska? Czy podeszwa mi\u0119kka, czy bardziej sztywny Vibram na ska\u0142\u0119? A\u017c w ko\u0144cu dojdziemy do wa\u017cnej kwestii obecno\u015bci w naszym bucie membrany wodoodpornej. Buty trekkingowe z membran\u0105 posiadaj\u0105\" \/>\n\t\t<meta property=\"og:url\" content=\"https:\/\/www.skalnik.pl\/blog\/jakie-buty-w-gory-z-membrana-czy-bez\/\" \/>\n\t\t<meta property=\"og:image\" content=\"https:\/\/www.skalnik.pl\/blog\/wp-content\/uploads\/2022\/10\/goretex-w-butach.jpg\" \/>\n\t\t<meta property=\"og:image:secure_url\" content=\"https:\/\/www.skalnik.pl\/blog\/wp-content\/uploads\/2022\/10\/goretex-w-butach.jpg\" \/>\n\t\t<meta property=\"og:image:width\" content=\"1024\" \/>\n\t\t<meta property=\"og:image:height\" content=\"683\" \/>\n\t\t<meta property=\"article:tag\" content=\"porady\" \/>\n\t\t<meta property=\"article:tag\" content=\"buty\" \/>\n\t\t<meta property=\"article:tag\" content=\"buty trekkingowe\" \/>\n\t\t<meta property=\"article:tag\" content=\"gore-tex\" \/>\n\t\t<meta property=\"article:published_time\" content=\"2022-10-06T06:51:14+00:00\" \/>\n\t\t<meta property=\"article:modified_time\" content=\"2022-10-06T06:51:15+00:00\" \/>\n\t\t<meta name=\"twitter:card\" content=\"summary_large_image\" \/>\n\t\t<meta name=\"twitter:title\" content=\"Jakie buty w g\u00f3ry? Buty z membran\u0105 czy bez - blog Skalnik\" \/>\n\t\t<meta name=\"twitter:description\" content=\"Wybieraj\u0105c buty do chodzenia po g\u00f3rach trzeba zmierzy\u0107 si\u0119 z kilkoma dylematami. Pierwszy z nich najpewniej b\u0119dzie dotyczy\u0142 rodzaju cholewki - czy ma by\u0107 wysoka czy mo\u017ce niska? Czy podeszwa mi\u0119kka, czy bardziej sztywny Vibram na ska\u0142\u0119? A\u017c w ko\u0144cu dojdziemy do wa\u017cnej kwestii obecno\u015bci w naszym bucie membrany wodoodpornej. Buty trekkingowe z membran\u0105 posiadaj\u0105\" \/>\n\t\t<meta name=\"twitter:image\" content=\"https:\/\/www.skalnik.pl\/blog\/wp-content\/uploads\/2022\/10\/goretex-w-butach.jpg\" \/>\n\t\t<script type=\"application\/ld+json\" class=\"aioseo-schema\">\n\t\t\t{\"@context\":\"https:\\\/\\\/schema.org\",\"@graph\":[{\"@type\":\"BlogPosting\",\"@id\":\"https:\\\/\\\/www.skalnik.pl\\\/blog\\\/jakie-buty-w-gory-z-membrana-czy-bez\\\/#blogposting\",\"name\":\"Jakie buty w g\\u00f3ry? Buty z membran\\u0105 czy bez - blog Skalnik\",\"headline\":\"Jakie buty w g\\u00f3ry? Buty z membran\\u0105 czy bez\",\"author\":{\"@id\":\"https:\\\/\\\/www.skalnik.pl\\\/blog\\\/author\\\/dominik-marzec\\\/#author\"},\"publisher\":{\"@id\":\"https:\\\/\\\/www.skalnik.pl\\\/blog\\\/#organization\"},\"image\":{\"@type\":\"ImageObject\",\"url\":\"https:\\\/\\\/www.skalnik.pl\\\/blog\\\/wp-content\\\/uploads\\\/2022\\\/10\\\/skcarpa-buty-z-membran\\u0105-czy-bez.jpg\",\"width\":1920,\"height\":706},\"datePublished\":\"2022-10-06T08:51:14+02:00\",\"dateModified\":\"2022-10-06T08:51:15+02:00\",\"inLanguage\":\"pl-PL\",\"mainEntityOfPage\":{\"@id\":\"https:\\\/\\\/www.skalnik.pl\\\/blog\\\/jakie-buty-w-gory-z-membrana-czy-bez\\\/#webpage\"},\"isPartOf\":{\"@id\":\"https:\\\/\\\/www.skalnik.pl\\\/blog\\\/jakie-buty-w-gory-z-membrana-czy-bez\\\/#webpage\"},\"articleSection\":\"Porady, buty, buty trekkingowe, gore-tex, 1135\"},{\"@type\":\"BreadcrumbList\",\"@id\":\"https:\\\/\\\/www.skalnik.pl\\\/blog\\\/jakie-buty-w-gory-z-membrana-czy-bez\\\/#breadcrumblist\",\"itemListElement\":[{\"@type\":\"ListItem\",\"@id\":\"https:\\\/\\\/www.skalnik.pl\\\/blog#listItem\",\"position\":1,\"name\":\"Home\",\"item\":\"https:\\\/\\\/www.skalnik.pl\\\/blog\",\"nextItem\":{\"@type\":\"ListItem\",\"@id\":\"https:\\\/\\\/www.skalnik.pl\\\/blog\\\/.\\\/porady\\\/#listItem\",\"name\":\"Porady\"}},{\"@type\":\"ListItem\",\"@id\":\"https:\\\/\\\/www.skalnik.pl\\\/blog\\\/.\\\/porady\\\/#listItem\",\"position\":2,\"name\":\"Porady\",\"item\":\"https:\\\/\\\/www.skalnik.pl\\\/blog\\\/.\\\/porady\\\/\",\"nextItem\":{\"@type\":\"ListItem\",\"@id\":\"https:\\\/\\\/www.skalnik.pl\\\/blog\\\/jakie-buty-w-gory-z-membrana-czy-bez\\\/#listItem\",\"name\":\"Jakie buty w g\\u00f3ry? Buty z membran\\u0105 czy bez\"},\"previousItem\":{\"@type\":\"ListItem\",\"@id\":\"https:\\\/\\\/www.skalnik.pl\\\/blog#listItem\",\"name\":\"Home\"}},{\"@type\":\"ListItem\",\"@id\":\"https:\\\/\\\/www.skalnik.pl\\\/blog\\\/jakie-buty-w-gory-z-membrana-czy-bez\\\/#listItem\",\"position\":3,\"name\":\"Jakie buty w g\\u00f3ry? Buty z membran\\u0105 czy bez\",\"previousItem\":{\"@type\":\"ListItem\",\"@id\":\"https:\\\/\\\/www.skalnik.pl\\\/blog\\\/.\\\/porady\\\/#listItem\",\"name\":\"Porady\"}}]},{\"@type\":\"Organization\",\"@id\":\"https:\\\/\\\/www.skalnik.pl\\\/blog\\\/#organization\",\"name\":\"blog Skalnik\",\"description\":\"Blog, porady, artyku\\u0142y - blog Skalnik\",\"url\":\"https:\\\/\\\/www.skalnik.pl\\\/blog\\\/\"},{\"@type\":\"Person\",\"@id\":\"https:\\\/\\\/www.skalnik.pl\\\/blog\\\/author\\\/dominik-marzec\\\/#author\",\"url\":\"https:\\\/\\\/www.skalnik.pl\\\/blog\\\/author\\\/dominik-marzec\\\/\",\"name\":\"Dominik Marzec\",\"image\":{\"@type\":\"ImageObject\",\"@id\":\"https:\\\/\\\/www.skalnik.pl\\\/blog\\\/jakie-buty-w-gory-z-membrana-czy-bez\\\/#authorImage\",\"url\":\"https:\\\/\\\/secure.gravatar.com\\\/avatar\\\/3b5d5b73985d1015e6793369ac3b78362bc9b0fc6b0d982a1e6396714ef4fb75?s=96&d=mm&r=g\",\"width\":96,\"height\":96,\"caption\":\"Dominik Marzec\"}},{\"@type\":\"WebPage\",\"@id\":\"https:\\\/\\\/www.skalnik.pl\\\/blog\\\/jakie-buty-w-gory-z-membrana-czy-bez\\\/#webpage\",\"url\":\"https:\\\/\\\/www.skalnik.pl\\\/blog\\\/jakie-buty-w-gory-z-membrana-czy-bez\\\/\",\"name\":\"Jakie buty w g\\u00f3ry? Buty z membran\\u0105 czy bez - blog Skalnik\",\"description\":\"Wybieraj\\u0105c buty do chodzenia po g\\u00f3rach trzeba zmierzy\\u0107 si\\u0119 z kilkoma dylematami. Pierwszy z nich najpewniej b\\u0119dzie dotyczy\\u0142 rodzaju cholewki - czy ma by\\u0107 wysoka czy mo\\u017ce niska? Czy podeszwa mi\\u0119kka, czy bardziej sztywny Vibram na ska\\u0142\\u0119? A\\u017c w ko\\u0144cu dojdziemy do wa\\u017cnej kwestii obecno\\u015bci w naszym bucie membrany wodoodpornej. Buty trekkingowe z membran\\u0105 posiadaj\\u0105\",\"inLanguage\":\"pl-PL\",\"isPartOf\":{\"@id\":\"https:\\\/\\\/www.skalnik.pl\\\/blog\\\/#website\"},\"breadcrumb\":{\"@id\":\"https:\\\/\\\/www.skalnik.pl\\\/blog\\\/jakie-buty-w-gory-z-membrana-czy-bez\\\/#breadcrumblist\"},\"author\":{\"@id\":\"https:\\\/\\\/www.skalnik.pl\\\/blog\\\/author\\\/dominik-marzec\\\/#author\"},\"creator\":{\"@id\":\"https:\\\/\\\/www.skalnik.pl\\\/blog\\\/author\\\/dominik-marzec\\\/#author\"},\"image\":{\"@type\":\"ImageObject\",\"url\":\"https:\\\/\\\/www.skalnik.pl\\\/blog\\\/wp-content\\\/uploads\\\/2022\\\/10\\\/skcarpa-buty-z-membran\\u0105-czy-bez.jpg\",\"@id\":\"https:\\\/\\\/www.skalnik.pl\\\/blog\\\/jakie-buty-w-gory-z-membrana-czy-bez\\\/#mainImage\",\"width\":1920,\"height\":706},\"primaryImageOfPage\":{\"@id\":\"https:\\\/\\\/www.skalnik.pl\\\/blog\\\/jakie-buty-w-gory-z-membrana-czy-bez\\\/#mainImage\"},\"datePublished\":\"2022-10-06T08:51:14+02:00\",\"dateModified\":\"2022-10-06T08:51:15+02:00\"},{\"@type\":\"WebSite\",\"@id\":\"https:\\\/\\\/www.skalnik.pl\\\/blog\\\/#website\",\"url\":\"https:\\\/\\\/www.skalnik.pl\\\/blog\\\/\",\"name\":\"blog Skalnik\",\"description\":\"Blog, porady, artyku\\u0142y - blog Skalnik\",\"inLanguage\":\"pl-PL\",\"publisher\":{\"@id\":\"https:\\\/\\\/www.skalnik.pl\\\/blog\\\/#organization\"}}]}\n\t\t<\/script>\n\t\t<!-- All in One SEO -->\n\n","aioseo_head_json":{"title":"Jakie buty w g\u00f3ry? Buty z membran\u0105 czy bez - blog Skalnik","description":"Wybieraj\u0105c buty do chodzenia po g\u00f3rach trzeba zmierzy\u0107 si\u0119 z kilkoma dylematami. Pierwszy z nich najpewniej b\u0119dzie dotyczy\u0142 rodzaju cholewki - czy ma by\u0107 wysoka czy mo\u017ce niska? Czy podeszwa mi\u0119kka, czy bardziej sztywny Vibram na ska\u0142\u0119? A\u017c w ko\u0144cu dojdziemy do wa\u017cnej kwestii obecno\u015bci w naszym bucie membrany wodoodpornej. Buty trekkingowe z membran\u0105 posiadaj\u0105","canonical_url":"https:\/\/www.skalnik.pl\/blog\/jakie-buty-w-gory-z-membrana-czy-bez\/","robots":"max-image-preview:large","keywords":"","webmasterTools":{"miscellaneous":""},"schema":{"@context":"https:\/\/schema.org","@graph":[{"@type":"BlogPosting","@id":"https:\/\/www.skalnik.pl\/blog\/jakie-buty-w-gory-z-membrana-czy-bez\/#blogposting","name":"Jakie buty w g\u00f3ry? Buty z membran\u0105 czy bez - blog Skalnik","headline":"Jakie buty w g\u00f3ry? Buty z membran\u0105 czy bez","author":{"@id":"https:\/\/www.skalnik.pl\/blog\/author\/dominik-marzec\/#author"},"publisher":{"@id":"https:\/\/www.skalnik.pl\/blog\/#organization"},"image":{"@type":"ImageObject","url":"https:\/\/www.skalnik.pl\/blog\/wp-content\/uploads\/2022\/10\/skcarpa-buty-z-membran\u0105-czy-bez.jpg","width":1920,"height":706},"datePublished":"2022-10-06T08:51:14+02:00","dateModified":"2022-10-06T08:51:15+02:00","inLanguage":"pl-PL","mainEntityOfPage":{"@id":"https:\/\/www.skalnik.pl\/blog\/jakie-buty-w-gory-z-membrana-czy-bez\/#webpage"},"isPartOf":{"@id":"https:\/\/www.skalnik.pl\/blog\/jakie-buty-w-gory-z-membrana-czy-bez\/#webpage"},"articleSection":"Porady, buty, buty trekkingowe, gore-tex, 1135"},{"@type":"BreadcrumbList","@id":"https:\/\/www.skalnik.pl\/blog\/jakie-buty-w-gory-z-membrana-czy-bez\/#breadcrumblist","itemListElement":[{"@type":"ListItem","@id":"https:\/\/www.skalnik.pl\/blog#listItem","position":1,"name":"Home","item":"https:\/\/www.skalnik.pl\/blog","nextItem":{"@type":"ListItem","@id":"https:\/\/www.skalnik.pl\/blog\/.\/porady\/#listItem","name":"Porady"}},{"@type":"ListItem","@id":"https:\/\/www.skalnik.pl\/blog\/.\/porady\/#listItem","position":2,"name":"Porady","item":"https:\/\/www.skalnik.pl\/blog\/.\/porady\/","nextItem":{"@type":"ListItem","@id":"https:\/\/www.skalnik.pl\/blog\/jakie-buty-w-gory-z-membrana-czy-bez\/#listItem","name":"Jakie buty w g\u00f3ry? Buty z membran\u0105 czy bez"},"previousItem":{"@type":"ListItem","@id":"https:\/\/www.skalnik.pl\/blog#listItem","name":"Home"}},{"@type":"ListItem","@id":"https:\/\/www.skalnik.pl\/blog\/jakie-buty-w-gory-z-membrana-czy-bez\/#listItem","position":3,"name":"Jakie buty w g\u00f3ry? Buty z membran\u0105 czy bez","previousItem":{"@type":"ListItem","@id":"https:\/\/www.skalnik.pl\/blog\/.\/porady\/#listItem","name":"Porady"}}]},{"@type":"Organization","@id":"https:\/\/www.skalnik.pl\/blog\/#organization","name":"blog Skalnik","description":"Blog, porady, artyku\u0142y - blog Skalnik","url":"https:\/\/www.skalnik.pl\/blog\/"},{"@type":"Person","@id":"https:\/\/www.skalnik.pl\/blog\/author\/dominik-marzec\/#author","url":"https:\/\/www.skalnik.pl\/blog\/author\/dominik-marzec\/","name":"Dominik Marzec","image":{"@type":"ImageObject","@id":"https:\/\/www.skalnik.pl\/blog\/jakie-buty-w-gory-z-membrana-czy-bez\/#authorImage","url":"https:\/\/secure.gravatar.com\/avatar\/3b5d5b73985d1015e6793369ac3b78362bc9b0fc6b0d982a1e6396714ef4fb75?s=96&d=mm&r=g","width":96,"height":96,"caption":"Dominik Marzec"}},{"@type":"WebPage","@id":"https:\/\/www.skalnik.pl\/blog\/jakie-buty-w-gory-z-membrana-czy-bez\/#webpage","url":"https:\/\/www.skalnik.pl\/blog\/jakie-buty-w-gory-z-membrana-czy-bez\/","name":"Jakie buty w g\u00f3ry? Buty z membran\u0105 czy bez - blog Skalnik","description":"Wybieraj\u0105c buty do chodzenia po g\u00f3rach trzeba zmierzy\u0107 si\u0119 z kilkoma dylematami. Pierwszy z nich najpewniej b\u0119dzie dotyczy\u0142 rodzaju cholewki - czy ma by\u0107 wysoka czy mo\u017ce niska? Czy podeszwa mi\u0119kka, czy bardziej sztywny Vibram na ska\u0142\u0119? A\u017c w ko\u0144cu dojdziemy do wa\u017cnej kwestii obecno\u015bci w naszym bucie membrany wodoodpornej. Buty trekkingowe z membran\u0105 posiadaj\u0105","inLanguage":"pl-PL","isPartOf":{"@id":"https:\/\/www.skalnik.pl\/blog\/#website"},"breadcrumb":{"@id":"https:\/\/www.skalnik.pl\/blog\/jakie-buty-w-gory-z-membrana-czy-bez\/#breadcrumblist"},"author":{"@id":"https:\/\/www.skalnik.pl\/blog\/author\/dominik-marzec\/#author"},"creator":{"@id":"https:\/\/www.skalnik.pl\/blog\/author\/dominik-marzec\/#author"},"image":{"@type":"ImageObject","url":"https:\/\/www.skalnik.pl\/blog\/wp-content\/uploads\/2022\/10\/skcarpa-buty-z-membran\u0105-czy-bez.jpg","@id":"https:\/\/www.skalnik.pl\/blog\/jakie-buty-w-gory-z-membrana-czy-bez\/#mainImage","width":1920,"height":706},"primaryImageOfPage":{"@id":"https:\/\/www.skalnik.pl\/blog\/jakie-buty-w-gory-z-membrana-czy-bez\/#mainImage"},"datePublished":"2022-10-06T08:51:14+02:00","dateModified":"2022-10-06T08:51:15+02:00"},{"@type":"WebSite","@id":"https:\/\/www.skalnik.pl\/blog\/#website","url":"https:\/\/www.skalnik.pl\/blog\/","name":"blog Skalnik","description":"Blog, porady, artyku\u0142y - blog Skalnik","inLanguage":"pl-PL","publisher":{"@id":"https:\/\/www.skalnik.pl\/blog\/#organization"}}]},"og:locale":"pl_PL","og:site_name":"blog Skalnik - Blog, porady, artyku\u0142y - blog Skalnik","og:type":"article","og:title":"Jakie buty w g\u00f3ry? Buty z membran\u0105 czy bez - blog Skalnik","og:description":"Wybieraj\u0105c buty do chodzenia po g\u00f3rach trzeba zmierzy\u0107 si\u0119 z kilkoma dylematami. Pierwszy z nich najpewniej b\u0119dzie dotyczy\u0142 rodzaju cholewki - czy ma by\u0107 wysoka czy mo\u017ce niska? Czy podeszwa mi\u0119kka, czy bardziej sztywny Vibram na ska\u0142\u0119? A\u017c w ko\u0144cu dojdziemy do wa\u017cnej kwestii obecno\u015bci w naszym bucie membrany wodoodpornej. Buty trekkingowe z membran\u0105 posiadaj\u0105","og:url":"https:\/\/www.skalnik.pl\/blog\/jakie-buty-w-gory-z-membrana-czy-bez\/","og:image":"https:\/\/www.skalnik.pl\/blog\/wp-content\/uploads\/2022\/10\/goretex-w-butach.jpg","og:image:secure_url":"https:\/\/www.skalnik.pl\/blog\/wp-content\/uploads\/2022\/10\/goretex-w-butach.jpg","og:image:width":1024,"og:image:height":683,"article:tag":["porady","buty","buty trekkingowe","gore-tex"],"article:published_time":"2022-10-06T06:51:14+00:00","article:modified_time":"2022-10-06T06:51:15+00:00","twitter:card":"summary_large_image","twitter:title":"Jakie buty w g\u00f3ry? Buty z membran\u0105 czy bez - blog Skalnik","twitter:description":"Wybieraj\u0105c buty do chodzenia po g\u00f3rach trzeba zmierzy\u0107 si\u0119 z kilkoma dylematami. Pierwszy z nich najpewniej b\u0119dzie dotyczy\u0142 rodzaju cholewki - czy ma by\u0107 wysoka czy mo\u017ce niska? Czy podeszwa mi\u0119kka, czy bardziej sztywny Vibram na ska\u0142\u0119? A\u017c w ko\u0144cu dojdziemy do wa\u017cnej kwestii obecno\u015bci w naszym bucie membrany wodoodpornej. Buty trekkingowe z membran\u0105 posiadaj\u0105","twitter:image":"https:\/\/www.skalnik.pl\/blog\/wp-content\/uploads\/2022\/10\/goretex-w-butach.jpg"},"aioseo_meta_data":{"post_id":"20775","title":null,"description":"","keywords":"","keyphrases":null,"primary_term":null,"canonical_url":"","og_title":null,"og_description":null,"og_object_type":"default","og_image_type":"default","og_image_url":null,"og_image_width":null,"og_image_height":null,"og_image_custom_url":null,"og_image_custom_fields":null,"og_video":null,"og_custom_url":null,"og_article_section":null,"og_article_tags":null,"twitter_use_og":false,"twitter_card":"default","twitter_image_type":"default","twitter_image_url":null,"twitter_image_custom_url":null,"twitter_image_custom_fields":null,"twitter_title":null,"twitter_description":null,"schema":{"blockGraphs":[],"customGraphs":[],"default":{"data":{"Article":[],"Course":[],"Dataset":[],"FAQPage":[],"Movie":[],"Person":[],"Product":[],"ProductReview":[],"Car":[],"Recipe":[],"Service":[],"SoftwareApplication":[],"WebPage":[]},"graphName":"","isEnabled":true},"graphs":[]},"schema_type":"default","schema_type_options":null,"pillar_content":false,"robots_default":true,"robots_noindex":false,"robots_noarchive":false,"robots_nosnippet":false,"robots_nofollow":false,"robots_noimageindex":false,"robots_noodp":false,"robots_notranslate":false,"robots_max_snippet":null,"robots_max_videopreview":null,"robots_max_imagepreview":"large","priority":null,"frequency":null,"local_seo":null,"breadcrumb_settings":null,"limit_modified_date":false,"ai":null,"created":"2023-03-21 08:46:00","updated":"2026-02-17 22:26:21","seo_analyzer_scan_date":null},"aioseo_breadcrumb":"<div class=\"aioseo-breadcrumbs\"><span class=\"aioseo-breadcrumb\">\n\t\t\t<a href=\"https:\/\/www.skalnik.pl\/blog\" title=\"Home\">Home<\/a>\n\t\t<\/span><span class=\"aioseo-breadcrumb-separator\">&raquo;<\/span><span class=\"aioseo-breadcrumb\">\n\t\t\t<a href=\"https:\/\/www.skalnik.pl\/blog\/.\/porady\/\" title=\"Porady\">Porady<\/a>\n\t\t<\/span><span class=\"aioseo-breadcrumb-separator\">&raquo;<\/span><span class=\"aioseo-breadcrumb\">\n\t\t\tJakie buty w g\u00f3ry? Buty z membran\u0105 czy bez\n\t\t<\/span><\/div>","aioseo_breadcrumb_json":[{"label":"Home","link":"https:\/\/www.skalnik.pl\/blog"},{"label":"Porady","link":"https:\/\/www.skalnik.pl\/blog\/.\/porady\/"},{"label":"Jakie buty w g\u00f3ry? Buty z membran\u0105 czy bez","link":"https:\/\/www.skalnik.pl\/blog\/jakie-buty-w-gory-z-membrana-czy-bez\/"}],"_links":{"self":[{"href":"https:\/\/www.skalnik.pl\/blog\/wp-json\/wp\/v2\/posts\/20775","targetHints":{"allow":["GET"]}}],"collection":[{"href":"https:\/\/www.skalnik.pl\/blog\/wp-json\/wp\/v2\/posts"}],"about":[{"href":"https:\/\/www.skalnik.pl\/blog\/wp-json\/wp\/v2\/types\/post"}],"author":[{"embeddable":true,"href":"https:\/\/www.skalnik.pl\/blog\/wp-json\/wp\/v2\/users\/21"}],"replies":[{"embeddable":true,"href":"https:\/\/www.skalnik.pl\/blog\/wp-json\/wp\/v2\/comments?post=20775"}],"version-history":[{"count":14,"href":"https:\/\/www.skalnik.pl\/blog\/wp-json\/wp\/v2\/posts\/20775\/revisions"}],"predecessor-version":[{"id":20799,"href":"https:\/\/www.skalnik.pl\/blog\/wp-json\/wp\/v2\/posts\/20775\/revisions\/20799"}],"wp:featuredmedia":[{"embeddable":true,"href":"https:\/\/www.skalnik.pl\/blog\/wp-json\/wp\/v2\/media\/20786"}],"wp:attachment":[{"href":"https:\/\/www.skalnik.pl\/blog\/wp-json\/wp\/v2\/media?parent=20775"}],"wp:term":[{"taxonomy":"category","embeddable":true,"href":"https:\/\/www.skalnik.pl\/blog\/wp-json\/wp\/v2\/categories?post=20775"},{"taxonomy":"post_tag","embeddable":true,"href":"https:\/\/www.skalnik.pl\/blog\/wp-json\/wp\/v2\/tags?post=20775"},{"taxonomy":"magento_category","embeddable":true,"href":"https:\/\/www.skalnik.pl\/blog\/wp-json\/wp\/v2\/magento_category?post=20775"},{"taxonomy":"magento_product","embeddable":true,"href":"https:\/\/www.skalnik.pl\/blog\/wp-json\/wp\/v2\/magento_product?post=20775"}],"curies":[{"name":"wp","href":"https:\/\/api.w.org\/{rel}","templated":true}]}}