{"id":20886,"date":"2022-10-19T15:28:04","date_gmt":"2022-10-19T13:28:04","guid":{"rendered":"https:\/\/www.skalnik.pl\/blog\/?p=20886"},"modified":"2023-03-14T09:08:51","modified_gmt":"2023-03-14T08:08:51","slug":"bluza-w-gory-co-wybrac","status":"publish","type":"post","link":"https:\/\/www.skalnik.pl\/blog\/bluza-w-gory-co-wybrac\/","title":{"rendered":"Bluza w g\u00f3ry &#8211; co wybra\u0107?"},"content":{"rendered":"\n<p><strong>\u015arodkowa warstwa ubioru w g\u00f3ry nie mo\u017ce by\u0107 przypadkowa. Ma ona na celu docieplenie i cz\u0119sto jest to bluza turystyczna, najcz\u0119\u015bciej z polaru. Zazwyczaj jej wyborowi nie po\u015bwi\u0119camy tyle czasu co kurtkom zewn\u0119trznym oraz bieli\u017anie \u2013 chyba nies\u0142usznie, bo bluza to bardzo wszechstronne ubranie.<\/strong><\/p>\n\n\n\n<p>Kiedy my\u015blimy o bluzie w g\u00f3ry najcz\u0119\u015bciej my\u015blimy o polarze i to klasycznym. Tymczasem bluzy obecnie s\u0105 szyte zar\u00f3wno z materia\u0142\u00f3w syntetycznych, jak i naturalnych. Co wi\u0119cej, polar polarowi nier\u00f3wny, a w ofercie chocia\u017cby legendarnej marki Polartec\u00ae znale\u017a\u0107 mo\u017cna rozmaite materia\u0142y przeznaczone do r\u00f3\u017cnych cel\u00f3w. Gdy dodamy do tego jeszcze du\u017c\u0105 liczb\u0119 wzor\u00f3w, okazuje si\u0119, \u017ce aby dobrze wybra\u0107 bluz\u0119 w g\u00f3ry, musimy po\u015bwi\u0119ci\u0107 temu zaj\u0119ciu troch\u0119 czasu. W tym tek\u015bcie przeczytasz najwa\u017cniejsze informacje o materia\u0142ach, krojach i przydatnych drobiazgach. Wierz\u0119, \u017ce po jego lekturze bluzy g\u00f3rskie nie b\u0119d\u0105 ju\u017c dla ciebie tajemnic\u0105.<\/p>\n\n\n\n<p><span class=\"has-inline-color has-vivid-cyan-blue-color\">Zobacz, ile fason\u00f3w znajdziesz w kategorii <strong><a href=\"https:\/\/bit.ly\/3VDlyDw\" target=\"_blank\" rel=\"noreferrer noopener\">bluzy trekkingowe m\u0119skie<\/a><\/strong> \u2013 jest z czego wybiera\u0107, prawda?<\/span><\/p>\n\n\n\n<div id=\"ez-toc-container\" class=\"ez-toc-v2_0_85 counter-hierarchy ez-toc-counter ez-toc-light-blue ez-toc-container-direction\">\n<div class=\"ez-toc-title-container\">\n<p class=\"ez-toc-title\" style=\"cursor:inherit\">SPIS TRE\u015aCI <\/p>\n<span class=\"ez-toc-title-toggle\"><a href=\"#\" class=\"ez-toc-pull-right ez-toc-btn ez-toc-btn-xs ez-toc-btn-default ez-toc-toggle\" aria-label=\"Prze\u0142\u0105cznik Spisu Tre\u015bci\"><span class=\"ez-toc-js-icon-con\"><span class=\"\"><span class=\"eztoc-hide\" style=\"display:none;\">Toggle<\/span><span class=\"ez-toc-icon-toggle-span\"><svg style=\"fill: #999;color:#999\" xmlns=\"http:\/\/www.w3.org\/2000\/svg\" class=\"list-377408\" width=\"20px\" height=\"20px\" viewBox=\"0 0 24 24\" fill=\"none\"><path d=\"M6 6H4v2h2V6zm14 0H8v2h12V6zM4 11h2v2H4v-2zm16 0H8v2h12v-2zM4 16h2v2H4v-2zm16 0H8v2h12v-2z\" fill=\"currentColor\"><\/path><\/svg><svg style=\"fill: #999;color:#999\" class=\"arrow-unsorted-368013\" xmlns=\"http:\/\/www.w3.org\/2000\/svg\" width=\"10px\" height=\"10px\" viewBox=\"0 0 24 24\" version=\"1.2\" baseProfile=\"tiny\"><path d=\"M18.2 9.3l-6.2-6.3-6.2 6.3c-.2.2-.3.4-.3.7s.1.5.3.7c.2.2.4.3.7.3h11c.3 0 .5-.1.7-.3.2-.2.3-.5.3-.7s-.1-.5-.3-.7zM5.8 14.7l6.2 6.3 6.2-6.3c.2-.2.3-.5.3-.7s-.1-.5-.3-.7c-.2-.2-.4-.3-.7-.3h-11c-.3 0-.5.1-.7.3-.2.2-.3.5-.3.7s.1.5.3.7z\"\/><\/svg><\/span><\/span><\/span><\/a><\/span><\/div>\n<nav><ul class='ez-toc-list ez-toc-list-level-1 ' ><li class='ez-toc-page-1 ez-toc-heading-level-2'><a class=\"ez-toc-link ez-toc-heading-1\" href=\"https:\/\/www.skalnik.pl\/blog\/bluza-w-gory-co-wybrac\/#Bluza_w_gory_%E2%80%93_po_co\" >Bluza w g\u00f3ry &#8211; po co?<\/a><\/li><li class='ez-toc-page-1 ez-toc-heading-level-2'><a class=\"ez-toc-link ez-toc-heading-2\" href=\"https:\/\/www.skalnik.pl\/blog\/bluza-w-gory-co-wybrac\/#Z_jakiego_materialu_bluza_w_gory\" >Z jakiego materia\u0142u bluza w g\u00f3ry<\/a><ul class='ez-toc-list-level-3' ><li class='ez-toc-heading-level-3'><a class=\"ez-toc-link ez-toc-heading-3\" href=\"https:\/\/www.skalnik.pl\/blog\/bluza-w-gory-co-wybrac\/#Bluza_merino\" >Bluza merino<\/a><\/li><li class='ez-toc-page-1 ez-toc-heading-level-3'><a class=\"ez-toc-link ez-toc-heading-4\" href=\"https:\/\/www.skalnik.pl\/blog\/bluza-w-gory-co-wybrac\/#Bluza_Polartec\" >Bluza Polartec<\/a><\/li><\/ul><\/li><li class='ez-toc-page-1 ez-toc-heading-level-2'><a class=\"ez-toc-link ez-toc-heading-5\" href=\"https:\/\/www.skalnik.pl\/blog\/bluza-w-gory-co-wybrac\/#Bluzy_w_gory_%E2%80%93_jaki_wybrac_kroj\" >Bluzy w g\u00f3ry \u2013 jaki wybra\u0107 kr\u00f3j<\/a><\/li><li class='ez-toc-page-1 ez-toc-heading-level-2'><a class=\"ez-toc-link ez-toc-heading-6\" href=\"https:\/\/www.skalnik.pl\/blog\/bluza-w-gory-co-wybrac\/#Bluza_w_gory_%E2%80%93_wazne_detale\" >Bluza w g\u00f3ry \u2013 wa\u017cne detale<\/a><\/li><\/ul><\/nav><\/div>\n<h2 class=\"wp-block-heading\"><span class=\"ez-toc-section\" id=\"Bluza_w_gory_%E2%80%93_po_co\"><\/span>Bluza w g\u00f3ry &#8211; po co?<span class=\"ez-toc-section-end\"><\/span><\/h2>\n\n\n\n<p>Bluza uniwersalna jest niczym \u015bwi\u0119ty Graal, kto\u015b o niej s\u0142ysza\u0142, ale nikt raczej nie widzia\u0142 ani tym bardziej jej nie nosi\u0142. Trudno sobie wyobrazi\u0107, \u017ce idealny polar na narty, sprawdzi si\u0119 podczas biegania, wspinaczki i niespiesznej w\u0119dr\u00f3wki.<\/p>\n\n\n\n<div class=\"wp-block-image\"><figure class=\"aligncenter size-large\"><img loading=\"lazy\" decoding=\"async\" width=\"1024\" height=\"683\" src=\"https:\/\/www.skalnik.pl\/blog\/wp-content\/uploads\/2022\/10\/DM_STLABS_Speed-Hiking_20210831_10667.jpg\" alt=\"Kobieta w g\u00f3rach opiera si\u0119 na kijku trekkingowym\" class=\"wp-image-20918\" srcset=\"https:\/\/www.skalnik.pl\/blog\/wp-content\/uploads\/2022\/10\/DM_STLABS_Speed-Hiking_20210831_10667.jpg 1024w, https:\/\/www.skalnik.pl\/blog\/wp-content\/uploads\/2022\/10\/DM_STLABS_Speed-Hiking_20210831_10667-300x200.jpg 300w, https:\/\/www.skalnik.pl\/blog\/wp-content\/uploads\/2022\/10\/DM_STLABS_Speed-Hiking_20210831_10667-768x512.jpg 768w\" sizes=\"auto, (max-width: 1024px) 100vw, 1024px\" \/><figcaption><em>Bluza jako warstwa wierzchnia z bezwietrzny dzie\u0144 (fot. Salewa) <\/em><\/figcaption><\/figure><\/div>\n\n\n\n<p>Po co nam w og\u00f3le bluza g\u00f3rska? \u017beby chroni\u0107 przed ch\u0142odem \u2013 albo w ubraniu warstwowym (czyli jako druga warstwa pod hardshellem i na bieli\u017anie), albo samodzielnie (np. o poranku, w zacienionym miejscu). To cele g\u0142\u00f3wne, ale nie wszystkie. Jednocze\u015bnie wymagamy, by przy du\u017cym wysi\u0142ku nie nasi\u0105ka\u0142a potem. Z tego te\u017c powodu bawe\u0142niane bluzy w g\u00f3rach nie maj\u0105 racji bytu. Najlepiej, \u017ceby by\u0142a niczym druga sk\u00f3ra \u2013 nie kr\u0119powa\u0142a ruch\u00f3w. Za t\u0119 cech\u0119 odpowiada i materia\u0142, i konstrukcja odzie\u017cy (o kt\u00f3rej wi\u0119cej poni\u017cej). Przy okazji mo\u017ce te\u017c dobrze przylega\u0107 do cia\u0142a, nie podwija\u0107 si\u0119 i w razie potrzeby chroni\u0107 g\u0142ow\u0119, tak\u017ce t\u0119 odzian\u0105 w kask.<\/p>\n\n\n\n<p><span class=\"has-inline-color has-vivid-cyan-blue-color\">Szukasz dobrej bluzy w g\u00f3ry dla kobiet? Zajrzyj do kategorii <strong><a href=\"https:\/\/bit.ly\/3TA5Ua8\" target=\"_blank\" rel=\"noreferrer noopener\">bluzy trekkingowe damskie<\/a><\/strong>. <\/span><\/p>\n\n\n\n<h2 class=\"wp-block-heading\"><span class=\"ez-toc-section\" id=\"Z_jakiego_materialu_bluza_w_gory\"><\/span>Z jakiego materia\u0142u bluza w g\u00f3ry<span class=\"ez-toc-section-end\"><\/span><\/h2>\n\n\n\n<p>Materia\u0142y, z kt\u00f3rych powstaj\u0105 bluzy g\u00f3rskie, mo\u017cemy najpierw podzieli\u0107 na w\u0142\u00f3kna naturalne i sztuczne.<\/p>\n\n\n\n<h3 class=\"wp-block-heading\"><span class=\"ez-toc-section\" id=\"Bluza_merino\"><\/span>Bluza merino<span class=\"ez-toc-section-end\"><\/span><\/h3>\n\n\n\n<p>Te pierwsze to przede wszystkim we\u0142na merino, o kt\u00f3rej \u015bwietnych w\u0142a\u015bciwo\u015bciach termicznych, dobrej oddychalno\u015bci, a przede wszystkim legendarnej wr\u0119cz antybakteryjno\u015bci, pisali\u015bmy nieraz na blogu. Bluza z we\u0142ny merino to przeniesienie na warstw\u0119 po\u015bredni\u0105 komfortu, jaki daje to niezwyk\u0142e w\u0142\u00f3kno. Bluzy z we\u0142ny merino kosztuj\u0105 wi\u0119cej, ale otrzymujemy produkt najwy\u017cszej jako\u015bci. Co wa\u017cne, z we\u0142ny powstaj\u0105 r\u00f3\u017cnorodne dzianiny od ultralekkich, z kt\u00f3rych szyte s\u0105 bluzy merino letnie i do zastosowa\u0144 sportowych po wersje, w kt\u00f3rych to komfort cieplny jest zdecydowanie priorytetem. &nbsp;<\/p>\n\n\n\n<p><span class=\"has-inline-color has-vivid-cyan-blue-color\">Zobacz artyku\u0142 o tym, <strong><a href=\"https:\/\/bit.ly\/3COr8dX\" target=\"_blank\" rel=\"noreferrer noopener\">co to jest we\u0142na merino<\/a><\/strong>. <\/span><\/p>\n\n\n\n<div class=\"wp-block-image\"><figure class=\"aligncenter size-large\"><img loading=\"lazy\" decoding=\"async\" width=\"1024\" height=\"683\" src=\"https:\/\/www.skalnik.pl\/blog\/wp-content\/uploads\/2022\/10\/MENS-FW21SS22-LOCATION-QUANTUM-III-LS-ZIP-HOOD-0A59JX070_2.jpg\" alt=\"M\u0119\u017cczyzna z plecakiem ubrany w przylegaj\u0105c\u0105 bluz\u0119 z kapturem pod kt\u00f3rym wida\u0107 czapk\u0119\" class=\"wp-image-20921\" srcset=\"https:\/\/www.skalnik.pl\/blog\/wp-content\/uploads\/2022\/10\/MENS-FW21SS22-LOCATION-QUANTUM-III-LS-ZIP-HOOD-0A59JX070_2.jpg 1024w, https:\/\/www.skalnik.pl\/blog\/wp-content\/uploads\/2022\/10\/MENS-FW21SS22-LOCATION-QUANTUM-III-LS-ZIP-HOOD-0A59JX070_2-300x200.jpg 300w, https:\/\/www.skalnik.pl\/blog\/wp-content\/uploads\/2022\/10\/MENS-FW21SS22-LOCATION-QUANTUM-III-LS-ZIP-HOOD-0A59JX070_2-768x512.jpg 768w\" sizes=\"auto, (max-width: 1024px) 100vw, 1024px\" \/><figcaption><em>Lekka, cienka, a jednocze\u015bnie ciep\u0142a bluza z merino (fot. Icebreaker)<\/em><\/figcaption><\/figure><\/div>\n\n\n\n<h3 class=\"wp-block-heading\"><span class=\"ez-toc-section\" id=\"Bluza_Polartec\"><\/span>Bluza Polartec<span class=\"ez-toc-section-end\"><\/span><\/h3>\n\n\n\n<p>Wci\u0105\u017c jednak najpopularniejsze \u2013 oraz dla wielu os\u00f3b bardziej dost\u0119pne cenowo \u2013 s\u0105 bluzy z w\u0142\u00f3kien syntetycznych, m\u00f3wi\u0105c wprost polar w g\u00f3ry. Na szcz\u0119\u015bcie coraz cz\u0119\u015bciej w\u0142\u00f3kna te pochodz\u0105 z recyklingu. W najprostszych modelach polar ma sw\u00f3j klasyczny wygl\u0105d \u201esztucznego baranka\u201d. Jednak cz\u0119\u015bciej spotykane s\u0105 materia\u0142y, kt\u00f3re wyewoluowa\u0142y z pierwotnego polaru i spe\u0142niaj\u0105 r\u00f3\u017cnorodne potrzeby u\u017cytkownik\u00f3w i u\u017cytkowniczek. <\/p>\n\n\n\n<p>Z zewn\u0105trz materia\u0142y te niemal w og\u00f3le nie przypominaj\u0105 pierwowzoru, bo s\u0105 g\u0142adkie, od wewn\u0105trz mo\u017cna jednak pozna\u0107 mi\u0119kko\u015b\u0107 polaru. W materia\u0142ach stretchowych (np. Polartec Power Stretch) stawia si\u0119 przede wszystkim na dopasowanie do cia\u0142a, w kt\u00f3rym pomaga rozci\u0105gliwo\u015b\u0107 materia\u0142u we wszystkich kierunkach. Dzi\u0119ki temu bluza stretch mo\u017ce by\u0107 dobrze dopasowana do cia\u0142a, lepiej zachowywa\u0107 ciep\u0142o, a jednocze\u015bnie nie kr\u0119powa\u0107 ruch\u00f3w niezale\u017cnie od ich intensywno\u015bci. Wy\u017cszy poziom dopasowania dzi\u0119ki rozci\u0105gliwo\u015bci materia\u0142u w czterech kierunkach ma bluza power stretch \u2013 jest praktycznie tak wygodna w u\u017cytkowaniu jak bielizna termiczna.<\/p>\n\n\n\n<p>Seria materia\u0142\u00f3w \u201egrid\u201d g\u0142adka z zewn\u0105trz od wewn\u0119trznej strony ma charakterystyczn\u0105 kratk\u0119. Dzi\u0119ki temu materia\u0142 jest l\u017cejszy, ale nie traci parametr\u00f3w cieplnych. Doskonale radzi sobie z odprowadzaniem wilgoci. Je\u015bli co\u015b mo\u017ce by\u0107 l\u017cejsze i mniejsze bez kompromis\u00f3w w swojej funkcji, to produkt dla wszystkich fan\u00f3w fast&amp;light.<\/p>\n\n\n\n<div class=\"wp-block-image\"><figure class=\"aligncenter size-large\"><img loading=\"lazy\" decoding=\"async\" width=\"1024\" height=\"683\" src=\"https:\/\/www.skalnik.pl\/blog\/wp-content\/uploads\/2022\/10\/DM_STLABS_Speed-Hiking_20210831_09637.jpg\" alt=\"M\u0119\u017cczyzna zak\u0142ada pomara\u0144czow\u0105 bluz\u0119\" class=\"wp-image-20922\" srcset=\"https:\/\/www.skalnik.pl\/blog\/wp-content\/uploads\/2022\/10\/DM_STLABS_Speed-Hiking_20210831_09637.jpg 1024w, https:\/\/www.skalnik.pl\/blog\/wp-content\/uploads\/2022\/10\/DM_STLABS_Speed-Hiking_20210831_09637-300x200.jpg 300w, https:\/\/www.skalnik.pl\/blog\/wp-content\/uploads\/2022\/10\/DM_STLABS_Speed-Hiking_20210831_09637-768x512.jpg 768w\" sizes=\"auto, (max-width: 1024px) 100vw, 1024px\" \/><figcaption><em>Bluza z polaru grid ma od wewn\u0105trz widoczny wz\u00f3r kratki (fot. Salewa)<\/em><\/figcaption><\/figure><\/div>\n\n\n\n<h2 class=\"wp-block-heading\"><span class=\"ez-toc-section\" id=\"Bluzy_w_gory_%E2%80%93_jaki_wybrac_kroj\"><\/span>Bluzy w g\u00f3ry \u2013 jaki wybra\u0107 kr\u00f3j<span class=\"ez-toc-section-end\"><\/span><\/h2>\n\n\n\n<p>Po szybkim przegl\u0105dzie materia\u0142\u00f3w, z kt\u00f3rych szyte s\u0105 wsp\u00f3\u0142czesne bluzy turystyczne, pora na przegl\u0105d ich kroju, bo to zwykle jemu po\u015bwi\u0119ca si\u0119 najwi\u0119cej uwagi.<\/p>\n\n\n\n<ul class=\"wp-block-list\"><li><strong>Bluzy rozpinane na ca\u0142ej d\u0142ugo\u015bci<\/strong> \u2013 najbardziej uniwersalna konstrukcja, kt\u00f3ra zar\u00f3wno w roli warstwy po\u015bredniej, jak i samodzielnego ubioru sprawdzi si\u0119 najlepiej. Rozpinasz zamek, gdy ci zbyt ciep\u0142o, zasuwasz \u2013 gdy za zimno. Minusem jest nieco wi\u0119ksza awaryjno\u015b\u0107 oraz przepuszczalno\u015b\u0107 ch\u0142odu (tam, gdzie jest zamek).<\/li><li><strong>Bluzy rozpinane do po\u0142owy<\/strong> \u2013 stosowane jako warstwa po\u015brednia. Ta konstrukcja umo\u017cliwia w pewnym stopniu dodatkow\u0105 regulacj\u0119 temperatury. Dobrze sprawdzaj\u0105 si\u0119 w ch\u0142odne dni, gdy tylko podczas wzmo\u017conego wysi\u0142ku jest potrzeba regulacji temperatury.<\/li><li><strong>Bluzy bez zamka<\/strong> \u2013 najcz\u0119\u015bciej spotykany model miejski i codzienny, w g\u00f3rach nie do wszystkich aktywno\u015bci. To znakomity model bluzy na narty.<\/li><\/ul>\n\n\n\n<h2 class=\"wp-block-heading\"><span class=\"ez-toc-section\" id=\"Bluza_w_gory_%E2%80%93_wazne_detale\"><\/span>Bluza w g\u00f3ry \u2013 wa\u017cne detale<span class=\"ez-toc-section-end\"><\/span><\/h2>\n\n\n\n<p>Kiedy wybierzemy materia\u0142 i ustalimy, \u017ce naszym kolejnym zakupem b\u0119dzie bluza merynos albo te\u017c bluza polartec. Przejdziemy pomy\u015blnie decyzj\u0119 mi\u0119dzy zamkiem d\u0142ugim, kr\u00f3tkim lub w og\u00f3le brakiem suwaka, pozostaje przypatrze\u0107 si\u0119 detalom, kt\u00f3re potrafi\u0105 sprawi\u0107, \u017ce z bluz\u0105 nigdy si\u0119 nie rozstaniemy. &nbsp;<\/p>\n\n\n\n<div class=\"wp-block-image\"><figure class=\"aligncenter size-large\"><img loading=\"lazy\" decoding=\"async\" width=\"1024\" height=\"683\" src=\"https:\/\/www.skalnik.pl\/blog\/wp-content\/uploads\/2022\/10\/DL_STLABS_Hiking-Alta-Badia_170820_1162.jpg\" alt=\"M\u0119\u017cczyzna w bluzie z neonowymi zamkami\" class=\"wp-image-20925\" srcset=\"https:\/\/www.skalnik.pl\/blog\/wp-content\/uploads\/2022\/10\/DL_STLABS_Hiking-Alta-Badia_170820_1162.jpg 1024w, https:\/\/www.skalnik.pl\/blog\/wp-content\/uploads\/2022\/10\/DL_STLABS_Hiking-Alta-Badia_170820_1162-300x200.jpg 300w, https:\/\/www.skalnik.pl\/blog\/wp-content\/uploads\/2022\/10\/DL_STLABS_Hiking-Alta-Badia_170820_1162-768x512.jpg 768w\" sizes=\"auto, (max-width: 1024px) 100vw, 1024px\" \/><figcaption><em>Neonowe lub odblaskowe elementy s\u0105 dobrze widoczne (fot. Salewa)<\/em><\/figcaption><\/figure><\/div>\n\n\n\n<ul class=\"wp-block-list\"><li><strong>Kaptur <\/strong>\u2013 zazwyczaj mocno przylegaj\u0105cy, idealny pod kask, \u015bwietnie chroni kark przed wyzi\u0119bieniem, co sprawdza si\u0119 i na nartach, i podczas wspinaczki.<\/li><li><strong>Otwory na kciuki<\/strong> \u2013 zapomnisz o podci\u0105gaj\u0105cych si\u0119 niesfornie r\u0119kawach podczas zak\u0142adania na siebie kolejnych warstw odzie\u017cy, idealne pod r\u0119kawiczki, zapobiegaj\u0105 dostaniu si\u0119 \u015bniegu pod r\u0119kawy.<\/li><li><strong>Kieszenie<\/strong> \u2013 bardzo przydatne na drobiazgi, kt\u00f3re lubimy mie\u0107 przy sobie; bluzy rozpinane maj\u0105 dwie lub trzy, natomiast z kr\u00f3tszym zamkiem cz\u0119sto jedn\u0105 typu \u201ekangurka\u201d \u2013 do schowania r\u0105k.<\/li><li><strong>Elementy odblaskowe<\/strong> \u2013 przydatny drobiazg, kt\u00f3ry zwi\u0119ksza bezpiecze\u0144stwo, gdy bluza jest u\u017cywana jako odzie\u017c wierzchnia.<\/li><li><strong>Przed\u0142u\u017cony ty\u0142<\/strong> \u2013 chroni l\u0119d\u017awie przed wych\u0142odzeniem, co przydaje si\u0119 w aktywno\u015bciach wymagaj\u0105cych zmiany pozycji.<\/li><li><strong>Wysoka st\u00f3jka<\/strong> \u2013 chroni szyj\u0119, a nawet doln\u0105 cz\u0119\u015b\u0107 twarzy.<\/li><\/ul>\n\n\n\n<p>Mam nadziej\u0119, \u017ce ju\u017c wiesz, jaka b\u0119dzie twoja outdoorowa bluza. G\u00f3ry czekaj\u0105, ubierz odpowiedni\u0105 bluz\u0119 i rusz w ich kierunku. <\/p>\n","protected":false},"excerpt":{"rendered":"<p>Bluza polarowa czy bluza merynonosowa oto jest pytanie. Sprawd\u017a, jakie cechy powinna mie\u0107 warstwa docieplaj\u0105ca i wybierz model dla siebie.<\/p>\n","protected":false},"author":9,"featured_media":20909,"comment_status":"open","ping_status":"open","sticky":false,"template":"","format":"standard","meta":{"_acf_changed":false,"footnotes":""},"categories":[3],"tags":[169,133],"magento_category":[253],"magento_product":[],"class_list":["post-20886","post","type-post","status-publish","format-standard","has-post-thumbnail","hentry","category-porady","tag-merino","tag-polartec"],"acf":[],"aioseo_notices":[],"aioseo_head":"\n\t\t<!-- All in One SEO 4.9.10 - aioseo.com -->\n\t<meta name=\"description\" content=\"Poznaj cechy dobrej bluzy w g\u00f3ry: bluzy merino i bluzy polar. Bluza z kapturem chroni g\u0142ow\u0119, bluza rozpinana umo\u017cliwia regulacj\u0119 temperatury podczas wysi\u0142ku.\" \/>\n\t<meta name=\"robots\" content=\"max-image-preview:large\" \/>\n\t<meta name=\"author\" content=\"Beata Nawrotkiewicz\"\/>\n\t<link rel=\"canonical\" href=\"https:\/\/www.skalnik.pl\/blog\/bluza-w-gory-co-wybrac\/\" \/>\n\t<meta name=\"generator\" content=\"All in One SEO (AIOSEO) 4.9.10\" \/>\n\t\t<meta property=\"og:locale\" content=\"pl_PL\" \/>\n\t\t<meta property=\"og:site_name\" content=\"blog Skalnik - Blog, porady, artyku\u0142y - blog Skalnik\" \/>\n\t\t<meta property=\"og:type\" content=\"article\" \/>\n\t\t<meta property=\"og:title\" content=\"Bluza w g\u00f3ry \u2013 co wybra\u0107? - blog Skalnik\" \/>\n\t\t<meta property=\"og:description\" content=\"Poznaj cechy dobrej bluzy w g\u00f3ry: bluzy merino i bluzy polar. Bluza z kapturem chroni g\u0142ow\u0119, bluza rozpinana umo\u017cliwia regulacj\u0119 temperatury podczas wysi\u0142ku.\" \/>\n\t\t<meta property=\"og:url\" content=\"https:\/\/www.skalnik.pl\/blog\/bluza-w-gory-co-wybrac\/\" \/>\n\t\t<meta property=\"og:image\" content=\"https:\/\/www.skalnik.pl\/blog\/wp-content\/uploads\/2022\/10\/DM_STLABS_Speed-Hiking_20210831_10667.jpg\" \/>\n\t\t<meta property=\"og:image:secure_url\" content=\"https:\/\/www.skalnik.pl\/blog\/wp-content\/uploads\/2022\/10\/DM_STLABS_Speed-Hiking_20210831_10667.jpg\" \/>\n\t\t<meta property=\"og:image:width\" content=\"1024\" \/>\n\t\t<meta property=\"og:image:height\" content=\"683\" \/>\n\t\t<meta property=\"article:tag\" content=\"porady\" \/>\n\t\t<meta property=\"article:tag\" content=\"merino\" \/>\n\t\t<meta property=\"article:tag\" content=\"polartec\" \/>\n\t\t<meta property=\"article:published_time\" content=\"2022-10-19T13:28:04+00:00\" \/>\n\t\t<meta property=\"article:modified_time\" content=\"2023-03-14T08:08:51+00:00\" \/>\n\t\t<meta name=\"twitter:card\" content=\"summary_large_image\" \/>\n\t\t<meta name=\"twitter:title\" content=\"Bluza w g\u00f3ry \u2013 co wybra\u0107? - blog Skalnik\" \/>\n\t\t<meta name=\"twitter:description\" content=\"Poznaj cechy dobrej bluzy w g\u00f3ry: bluzy merino i bluzy polar. Bluza z kapturem chroni g\u0142ow\u0119, bluza rozpinana umo\u017cliwia regulacj\u0119 temperatury podczas wysi\u0142ku.\" \/>\n\t\t<meta name=\"twitter:image\" content=\"https:\/\/www.skalnik.pl\/blog\/wp-content\/uploads\/2022\/10\/DM_STLABS_Speed-Hiking_20210831_10667.jpg\" \/>\n\t\t<script type=\"application\/ld+json\" class=\"aioseo-schema\">\n\t\t\t{\"@context\":\"https:\\\/\\\/schema.org\",\"@graph\":[{\"@type\":\"BlogPosting\",\"@id\":\"https:\\\/\\\/www.skalnik.pl\\\/blog\\\/bluza-w-gory-co-wybrac\\\/#blogposting\",\"name\":\"Bluza w g\\u00f3ry \\u2013 co wybra\\u0107? - blog Skalnik\",\"headline\":\"Bluza w g\\u00f3ry &#8211; co wybra\\u0107?\",\"author\":{\"@id\":\"https:\\\/\\\/www.skalnik.pl\\\/blog\\\/author\\\/beata-nawrotkiewicz\\\/#author\"},\"publisher\":{\"@id\":\"https:\\\/\\\/www.skalnik.pl\\\/blog\\\/#organization\"},\"image\":{\"@type\":\"ImageObject\",\"url\":\"https:\\\/\\\/www.skalnik.pl\\\/blog\\\/wp-content\\\/uploads\\\/2022\\\/10\\\/tytulowe.jpg\",\"width\":1920,\"height\":705,\"caption\":\"m\\u0119\\u017cczyzna i kobieta na \\u015bcie\\u017cce\"},\"datePublished\":\"2022-10-19T15:28:04+02:00\",\"dateModified\":\"2023-03-14T09:08:51+02:00\",\"inLanguage\":\"pl-PL\",\"mainEntityOfPage\":{\"@id\":\"https:\\\/\\\/www.skalnik.pl\\\/blog\\\/bluza-w-gory-co-wybrac\\\/#webpage\"},\"isPartOf\":{\"@id\":\"https:\\\/\\\/www.skalnik.pl\\\/blog\\\/bluza-w-gory-co-wybrac\\\/#webpage\"},\"articleSection\":\"Porady, merino, polartec, 1099\"},{\"@type\":\"BreadcrumbList\",\"@id\":\"https:\\\/\\\/www.skalnik.pl\\\/blog\\\/bluza-w-gory-co-wybrac\\\/#breadcrumblist\",\"itemListElement\":[{\"@type\":\"ListItem\",\"@id\":\"https:\\\/\\\/www.skalnik.pl\\\/blog#listItem\",\"position\":1,\"name\":\"Home\",\"item\":\"https:\\\/\\\/www.skalnik.pl\\\/blog\",\"nextItem\":{\"@type\":\"ListItem\",\"@id\":\"https:\\\/\\\/www.skalnik.pl\\\/blog\\\/.\\\/porady\\\/#listItem\",\"name\":\"Porady\"}},{\"@type\":\"ListItem\",\"@id\":\"https:\\\/\\\/www.skalnik.pl\\\/blog\\\/.\\\/porady\\\/#listItem\",\"position\":2,\"name\":\"Porady\",\"item\":\"https:\\\/\\\/www.skalnik.pl\\\/blog\\\/.\\\/porady\\\/\",\"nextItem\":{\"@type\":\"ListItem\",\"@id\":\"https:\\\/\\\/www.skalnik.pl\\\/blog\\\/bluza-w-gory-co-wybrac\\\/#listItem\",\"name\":\"Bluza w g\\u00f3ry &#8211; co wybra\\u0107?\"},\"previousItem\":{\"@type\":\"ListItem\",\"@id\":\"https:\\\/\\\/www.skalnik.pl\\\/blog#listItem\",\"name\":\"Home\"}},{\"@type\":\"ListItem\",\"@id\":\"https:\\\/\\\/www.skalnik.pl\\\/blog\\\/bluza-w-gory-co-wybrac\\\/#listItem\",\"position\":3,\"name\":\"Bluza w g\\u00f3ry &#8211; co wybra\\u0107?\",\"previousItem\":{\"@type\":\"ListItem\",\"@id\":\"https:\\\/\\\/www.skalnik.pl\\\/blog\\\/.\\\/porady\\\/#listItem\",\"name\":\"Porady\"}}]},{\"@type\":\"Organization\",\"@id\":\"https:\\\/\\\/www.skalnik.pl\\\/blog\\\/#organization\",\"name\":\"blog Skalnik\",\"description\":\"Blog, porady, artyku\\u0142y - blog Skalnik\",\"url\":\"https:\\\/\\\/www.skalnik.pl\\\/blog\\\/\"},{\"@type\":\"Person\",\"@id\":\"https:\\\/\\\/www.skalnik.pl\\\/blog\\\/author\\\/beata-nawrotkiewicz\\\/#author\",\"url\":\"https:\\\/\\\/www.skalnik.pl\\\/blog\\\/author\\\/beata-nawrotkiewicz\\\/\",\"name\":\"Beata Nawrotkiewicz\",\"image\":{\"@type\":\"ImageObject\",\"@id\":\"https:\\\/\\\/www.skalnik.pl\\\/blog\\\/bluza-w-gory-co-wybrac\\\/#authorImage\",\"url\":\"https:\\\/\\\/secure.gravatar.com\\\/avatar\\\/53cf81cfcc3a81694535515925ffcf159be725e8bd1fb455eeb9e2cadcaa5684?s=96&d=mm&r=g\",\"width\":96,\"height\":96,\"caption\":\"Beata Nawrotkiewicz\"}},{\"@type\":\"WebPage\",\"@id\":\"https:\\\/\\\/www.skalnik.pl\\\/blog\\\/bluza-w-gory-co-wybrac\\\/#webpage\",\"url\":\"https:\\\/\\\/www.skalnik.pl\\\/blog\\\/bluza-w-gory-co-wybrac\\\/\",\"name\":\"Bluza w g\\u00f3ry \\u2013 co wybra\\u0107? - blog Skalnik\",\"description\":\"Poznaj cechy dobrej bluzy w g\\u00f3ry: bluzy merino i bluzy polar. Bluza z kapturem chroni g\\u0142ow\\u0119, bluza rozpinana umo\\u017cliwia regulacj\\u0119 temperatury podczas wysi\\u0142ku.\",\"inLanguage\":\"pl-PL\",\"isPartOf\":{\"@id\":\"https:\\\/\\\/www.skalnik.pl\\\/blog\\\/#website\"},\"breadcrumb\":{\"@id\":\"https:\\\/\\\/www.skalnik.pl\\\/blog\\\/bluza-w-gory-co-wybrac\\\/#breadcrumblist\"},\"author\":{\"@id\":\"https:\\\/\\\/www.skalnik.pl\\\/blog\\\/author\\\/beata-nawrotkiewicz\\\/#author\"},\"creator\":{\"@id\":\"https:\\\/\\\/www.skalnik.pl\\\/blog\\\/author\\\/beata-nawrotkiewicz\\\/#author\"},\"image\":{\"@type\":\"ImageObject\",\"url\":\"https:\\\/\\\/www.skalnik.pl\\\/blog\\\/wp-content\\\/uploads\\\/2022\\\/10\\\/tytulowe.jpg\",\"@id\":\"https:\\\/\\\/www.skalnik.pl\\\/blog\\\/bluza-w-gory-co-wybrac\\\/#mainImage\",\"width\":1920,\"height\":705,\"caption\":\"m\\u0119\\u017cczyzna i kobieta na \\u015bcie\\u017cce\"},\"primaryImageOfPage\":{\"@id\":\"https:\\\/\\\/www.skalnik.pl\\\/blog\\\/bluza-w-gory-co-wybrac\\\/#mainImage\"},\"datePublished\":\"2022-10-19T15:28:04+02:00\",\"dateModified\":\"2023-03-14T09:08:51+02:00\"},{\"@type\":\"WebSite\",\"@id\":\"https:\\\/\\\/www.skalnik.pl\\\/blog\\\/#website\",\"url\":\"https:\\\/\\\/www.skalnik.pl\\\/blog\\\/\",\"name\":\"blog Skalnik\",\"description\":\"Blog, porady, artyku\\u0142y - blog Skalnik\",\"inLanguage\":\"pl-PL\",\"publisher\":{\"@id\":\"https:\\\/\\\/www.skalnik.pl\\\/blog\\\/#organization\"}}]}\n\t\t<\/script>\n\t\t<!-- All in One SEO -->\n\n","aioseo_head_json":{"title":"Bluza w g\u00f3ry \u2013 co wybra\u0107? - blog Skalnik","description":"Poznaj cechy dobrej bluzy w g\u00f3ry: bluzy merino i bluzy polar. Bluza z kapturem chroni g\u0142ow\u0119, bluza rozpinana umo\u017cliwia regulacj\u0119 temperatury podczas wysi\u0142ku.","canonical_url":"https:\/\/www.skalnik.pl\/blog\/bluza-w-gory-co-wybrac\/","robots":"max-image-preview:large","keywords":"","webmasterTools":{"miscellaneous":""},"schema":{"@context":"https:\/\/schema.org","@graph":[{"@type":"BlogPosting","@id":"https:\/\/www.skalnik.pl\/blog\/bluza-w-gory-co-wybrac\/#blogposting","name":"Bluza w g\u00f3ry \u2013 co wybra\u0107? - blog Skalnik","headline":"Bluza w g\u00f3ry &#8211; co wybra\u0107?","author":{"@id":"https:\/\/www.skalnik.pl\/blog\/author\/beata-nawrotkiewicz\/#author"},"publisher":{"@id":"https:\/\/www.skalnik.pl\/blog\/#organization"},"image":{"@type":"ImageObject","url":"https:\/\/www.skalnik.pl\/blog\/wp-content\/uploads\/2022\/10\/tytulowe.jpg","width":1920,"height":705,"caption":"m\u0119\u017cczyzna i kobieta na \u015bcie\u017cce"},"datePublished":"2022-10-19T15:28:04+02:00","dateModified":"2023-03-14T09:08:51+02:00","inLanguage":"pl-PL","mainEntityOfPage":{"@id":"https:\/\/www.skalnik.pl\/blog\/bluza-w-gory-co-wybrac\/#webpage"},"isPartOf":{"@id":"https:\/\/www.skalnik.pl\/blog\/bluza-w-gory-co-wybrac\/#webpage"},"articleSection":"Porady, merino, polartec, 1099"},{"@type":"BreadcrumbList","@id":"https:\/\/www.skalnik.pl\/blog\/bluza-w-gory-co-wybrac\/#breadcrumblist","itemListElement":[{"@type":"ListItem","@id":"https:\/\/www.skalnik.pl\/blog#listItem","position":1,"name":"Home","item":"https:\/\/www.skalnik.pl\/blog","nextItem":{"@type":"ListItem","@id":"https:\/\/www.skalnik.pl\/blog\/.\/porady\/#listItem","name":"Porady"}},{"@type":"ListItem","@id":"https:\/\/www.skalnik.pl\/blog\/.\/porady\/#listItem","position":2,"name":"Porady","item":"https:\/\/www.skalnik.pl\/blog\/.\/porady\/","nextItem":{"@type":"ListItem","@id":"https:\/\/www.skalnik.pl\/blog\/bluza-w-gory-co-wybrac\/#listItem","name":"Bluza w g\u00f3ry &#8211; co wybra\u0107?"},"previousItem":{"@type":"ListItem","@id":"https:\/\/www.skalnik.pl\/blog#listItem","name":"Home"}},{"@type":"ListItem","@id":"https:\/\/www.skalnik.pl\/blog\/bluza-w-gory-co-wybrac\/#listItem","position":3,"name":"Bluza w g\u00f3ry &#8211; co wybra\u0107?","previousItem":{"@type":"ListItem","@id":"https:\/\/www.skalnik.pl\/blog\/.\/porady\/#listItem","name":"Porady"}}]},{"@type":"Organization","@id":"https:\/\/www.skalnik.pl\/blog\/#organization","name":"blog Skalnik","description":"Blog, porady, artyku\u0142y - blog Skalnik","url":"https:\/\/www.skalnik.pl\/blog\/"},{"@type":"Person","@id":"https:\/\/www.skalnik.pl\/blog\/author\/beata-nawrotkiewicz\/#author","url":"https:\/\/www.skalnik.pl\/blog\/author\/beata-nawrotkiewicz\/","name":"Beata Nawrotkiewicz","image":{"@type":"ImageObject","@id":"https:\/\/www.skalnik.pl\/blog\/bluza-w-gory-co-wybrac\/#authorImage","url":"https:\/\/secure.gravatar.com\/avatar\/53cf81cfcc3a81694535515925ffcf159be725e8bd1fb455eeb9e2cadcaa5684?s=96&d=mm&r=g","width":96,"height":96,"caption":"Beata Nawrotkiewicz"}},{"@type":"WebPage","@id":"https:\/\/www.skalnik.pl\/blog\/bluza-w-gory-co-wybrac\/#webpage","url":"https:\/\/www.skalnik.pl\/blog\/bluza-w-gory-co-wybrac\/","name":"Bluza w g\u00f3ry \u2013 co wybra\u0107? - blog Skalnik","description":"Poznaj cechy dobrej bluzy w g\u00f3ry: bluzy merino i bluzy polar. Bluza z kapturem chroni g\u0142ow\u0119, bluza rozpinana umo\u017cliwia regulacj\u0119 temperatury podczas wysi\u0142ku.","inLanguage":"pl-PL","isPartOf":{"@id":"https:\/\/www.skalnik.pl\/blog\/#website"},"breadcrumb":{"@id":"https:\/\/www.skalnik.pl\/blog\/bluza-w-gory-co-wybrac\/#breadcrumblist"},"author":{"@id":"https:\/\/www.skalnik.pl\/blog\/author\/beata-nawrotkiewicz\/#author"},"creator":{"@id":"https:\/\/www.skalnik.pl\/blog\/author\/beata-nawrotkiewicz\/#author"},"image":{"@type":"ImageObject","url":"https:\/\/www.skalnik.pl\/blog\/wp-content\/uploads\/2022\/10\/tytulowe.jpg","@id":"https:\/\/www.skalnik.pl\/blog\/bluza-w-gory-co-wybrac\/#mainImage","width":1920,"height":705,"caption":"m\u0119\u017cczyzna i kobieta na \u015bcie\u017cce"},"primaryImageOfPage":{"@id":"https:\/\/www.skalnik.pl\/blog\/bluza-w-gory-co-wybrac\/#mainImage"},"datePublished":"2022-10-19T15:28:04+02:00","dateModified":"2023-03-14T09:08:51+02:00"},{"@type":"WebSite","@id":"https:\/\/www.skalnik.pl\/blog\/#website","url":"https:\/\/www.skalnik.pl\/blog\/","name":"blog Skalnik","description":"Blog, porady, artyku\u0142y - blog Skalnik","inLanguage":"pl-PL","publisher":{"@id":"https:\/\/www.skalnik.pl\/blog\/#organization"}}]},"og:locale":"pl_PL","og:site_name":"blog Skalnik - Blog, porady, artyku\u0142y - blog Skalnik","og:type":"article","og:title":"Bluza w g\u00f3ry \u2013 co wybra\u0107? - blog Skalnik","og:description":"Poznaj cechy dobrej bluzy w g\u00f3ry: bluzy merino i bluzy polar. Bluza z kapturem chroni g\u0142ow\u0119, bluza rozpinana umo\u017cliwia regulacj\u0119 temperatury podczas wysi\u0142ku.","og:url":"https:\/\/www.skalnik.pl\/blog\/bluza-w-gory-co-wybrac\/","og:image":"https:\/\/www.skalnik.pl\/blog\/wp-content\/uploads\/2022\/10\/DM_STLABS_Speed-Hiking_20210831_10667.jpg","og:image:secure_url":"https:\/\/www.skalnik.pl\/blog\/wp-content\/uploads\/2022\/10\/DM_STLABS_Speed-Hiking_20210831_10667.jpg","og:image:width":1024,"og:image:height":683,"article:tag":["porady","merino","polartec"],"article:published_time":"2022-10-19T13:28:04+00:00","article:modified_time":"2023-03-14T08:08:51+00:00","twitter:card":"summary_large_image","twitter:title":"Bluza w g\u00f3ry \u2013 co wybra\u0107? - blog Skalnik","twitter:description":"Poznaj cechy dobrej bluzy w g\u00f3ry: bluzy merino i bluzy polar. Bluza z kapturem chroni g\u0142ow\u0119, bluza rozpinana umo\u017cliwia regulacj\u0119 temperatury podczas wysi\u0142ku.","twitter:image":"https:\/\/www.skalnik.pl\/blog\/wp-content\/uploads\/2022\/10\/DM_STLABS_Speed-Hiking_20210831_10667.jpg"},"aioseo_meta_data":{"post_id":"20886","title":null,"description":"Poznaj cechy dobrej bluzy w g\u00f3ry: bluzy merino i bluzy polar. Bluza z kapturem chroni g\u0142ow\u0119, bluza rozpinana umo\u017cliwia regulacj\u0119 temperatury podczas wysi\u0142ku.","keywords":"","keyphrases":null,"primary_term":null,"canonical_url":"","og_title":null,"og_description":null,"og_object_type":"default","og_image_type":"default","og_image_url":null,"og_image_width":null,"og_image_height":null,"og_image_custom_url":null,"og_image_custom_fields":null,"og_video":null,"og_custom_url":null,"og_article_section":null,"og_article_tags":null,"twitter_use_og":false,"twitter_card":"default","twitter_image_type":"default","twitter_image_url":null,"twitter_image_custom_url":null,"twitter_image_custom_fields":null,"twitter_title":null,"twitter_description":null,"schema":{"blockGraphs":[],"customGraphs":[],"default":{"data":{"Article":[],"Course":[],"Dataset":[],"FAQPage":[],"Movie":[],"Person":[],"Product":[],"ProductReview":[],"Car":[],"Recipe":[],"Service":[],"SoftwareApplication":[],"WebPage":[]},"graphName":"","isEnabled":true},"graphs":[]},"schema_type":"default","schema_type_options":null,"pillar_content":false,"robots_default":true,"robots_noindex":false,"robots_noarchive":false,"robots_nosnippet":false,"robots_nofollow":false,"robots_noimageindex":false,"robots_noodp":false,"robots_notranslate":false,"robots_max_snippet":null,"robots_max_videopreview":null,"robots_max_imagepreview":"large","priority":null,"frequency":null,"local_seo":null,"breadcrumb_settings":null,"limit_modified_date":false,"ai":null,"created":"2023-03-21 08:47:10","updated":"2026-02-17 22:27:21","seo_analyzer_scan_date":null},"aioseo_breadcrumb":"<div class=\"aioseo-breadcrumbs\"><span class=\"aioseo-breadcrumb\">\n\t\t\t<a href=\"https:\/\/www.skalnik.pl\/blog\" title=\"Home\">Home<\/a>\n\t\t<\/span><span class=\"aioseo-breadcrumb-separator\">&raquo;<\/span><span class=\"aioseo-breadcrumb\">\n\t\t\t<a href=\"https:\/\/www.skalnik.pl\/blog\/.\/porady\/\" title=\"Porady\">Porady<\/a>\n\t\t<\/span><span class=\"aioseo-breadcrumb-separator\">&raquo;<\/span><span class=\"aioseo-breadcrumb\">\n\t\t\tBluza w g\u00f3ry \u2013 co wybra\u0107?\n\t\t<\/span><\/div>","aioseo_breadcrumb_json":[{"label":"Home","link":"https:\/\/www.skalnik.pl\/blog"},{"label":"Porady","link":"https:\/\/www.skalnik.pl\/blog\/.\/porady\/"},{"label":"Bluza w g\u00f3ry &#8211; co wybra\u0107?","link":"https:\/\/www.skalnik.pl\/blog\/bluza-w-gory-co-wybrac\/"}],"_links":{"self":[{"href":"https:\/\/www.skalnik.pl\/blog\/wp-json\/wp\/v2\/posts\/20886","targetHints":{"allow":["GET"]}}],"collection":[{"href":"https:\/\/www.skalnik.pl\/blog\/wp-json\/wp\/v2\/posts"}],"about":[{"href":"https:\/\/www.skalnik.pl\/blog\/wp-json\/wp\/v2\/types\/post"}],"author":[{"embeddable":true,"href":"https:\/\/www.skalnik.pl\/blog\/wp-json\/wp\/v2\/users\/9"}],"replies":[{"embeddable":true,"href":"https:\/\/www.skalnik.pl\/blog\/wp-json\/wp\/v2\/comments?post=20886"}],"version-history":[{"count":12,"href":"https:\/\/www.skalnik.pl\/blog\/wp-json\/wp\/v2\/posts\/20886\/revisions"}],"predecessor-version":[{"id":21002,"href":"https:\/\/www.skalnik.pl\/blog\/wp-json\/wp\/v2\/posts\/20886\/revisions\/21002"}],"wp:featuredmedia":[{"embeddable":true,"href":"https:\/\/www.skalnik.pl\/blog\/wp-json\/wp\/v2\/media\/20909"}],"wp:attachment":[{"href":"https:\/\/www.skalnik.pl\/blog\/wp-json\/wp\/v2\/media?parent=20886"}],"wp:term":[{"taxonomy":"category","embeddable":true,"href":"https:\/\/www.skalnik.pl\/blog\/wp-json\/wp\/v2\/categories?post=20886"},{"taxonomy":"post_tag","embeddable":true,"href":"https:\/\/www.skalnik.pl\/blog\/wp-json\/wp\/v2\/tags?post=20886"},{"taxonomy":"magento_category","embeddable":true,"href":"https:\/\/www.skalnik.pl\/blog\/wp-json\/wp\/v2\/magento_category?post=20886"},{"taxonomy":"magento_product","embeddable":true,"href":"https:\/\/www.skalnik.pl\/blog\/wp-json\/wp\/v2\/magento_product?post=20886"}],"curies":[{"name":"wp","href":"https:\/\/api.w.org\/{rel}","templated":true}]}}