{"id":20892,"date":"2022-10-17T14:34:13","date_gmt":"2022-10-17T12:34:13","guid":{"rendered":"https:\/\/www.skalnik.pl\/blog\/?p=20892"},"modified":"2022-10-17T15:17:37","modified_gmt":"2022-10-17T13:17:37","slug":"plecak-rowerowy-czy-sakwa-na-rower","status":"publish","type":"post","link":"https:\/\/www.skalnik.pl\/blog\/plecak-rowerowy-czy-sakwa-na-rower\/","title":{"rendered":"Plecak rowerowy czy sakwa na rower"},"content":{"rendered":"\n<p><strong>Niezale\u017cnie od tego, czy nasze dwa k\u00f3\u0142ka je\u017cd\u017c\u0105 cz\u0119\u015bciej po r\u00f3wnych jak st\u00f3\u0142 asfaltach, czy te\u017c pokonuj\u0105 przewy\u017cszenia g\u00f3rskimi \u015bcie\u017ckami, pr\u0119dzej czy p\u00f3\u017aniej przyjdzie czas na nieco d\u0142u\u017csz\u0105 tras\u0119. Wtedy oka\u017ce si\u0119, \u017ce bidon i kilka baton\u00f3w w kieszeni czy saszetce biodrowej to za ma\u0142o.<\/strong><\/p>\n\n\n\n<p>Czeka nas wtedy niema\u0142y dylemat. Czy naszym podstawowym \u201ebaga\u017cnikiem\u201d uczyni\u0107 sakwy rowerowe? Czy torba na rower sprawdzi si\u0119 lepiej ni\u017c plecak rowerowy? Ka\u017cde z tych akcesori\u00f3w cechuje si\u0119 pewnym wadami i zaletami. W zale\u017cno\u015bci od sytuacji jednak bywa, \u017ce \u015bwietnie si\u0119 uzupe\u0142niaj\u0105. Jakie wady, zalety i unikalne cechy wzi\u0105\u0107 pod uwag\u0119 przy planowaniu zakup\u00f3w?<\/p>\n\n\n\n<div id=\"ez-toc-container\" class=\"ez-toc-v2_0_85 counter-hierarchy ez-toc-counter ez-toc-light-blue ez-toc-container-direction\">\n<div class=\"ez-toc-title-container\">\n<p class=\"ez-toc-title\" style=\"cursor:inherit\">SPIS TRE\u015aCI <\/p>\n<span class=\"ez-toc-title-toggle\"><a href=\"#\" class=\"ez-toc-pull-right ez-toc-btn ez-toc-btn-xs ez-toc-btn-default ez-toc-toggle\" aria-label=\"Prze\u0142\u0105cznik Spisu Tre\u015bci\"><span class=\"ez-toc-js-icon-con\"><span class=\"\"><span class=\"eztoc-hide\" style=\"display:none;\">Toggle<\/span><span class=\"ez-toc-icon-toggle-span\"><svg style=\"fill: #999;color:#999\" xmlns=\"http:\/\/www.w3.org\/2000\/svg\" class=\"list-377408\" width=\"20px\" height=\"20px\" viewBox=\"0 0 24 24\" fill=\"none\"><path d=\"M6 6H4v2h2V6zm14 0H8v2h12V6zM4 11h2v2H4v-2zm16 0H8v2h12v-2zM4 16h2v2H4v-2zm16 0H8v2h12v-2z\" fill=\"currentColor\"><\/path><\/svg><svg style=\"fill: #999;color:#999\" class=\"arrow-unsorted-368013\" xmlns=\"http:\/\/www.w3.org\/2000\/svg\" width=\"10px\" height=\"10px\" viewBox=\"0 0 24 24\" version=\"1.2\" baseProfile=\"tiny\"><path d=\"M18.2 9.3l-6.2-6.3-6.2 6.3c-.2.2-.3.4-.3.7s.1.5.3.7c.2.2.4.3.7.3h11c.3 0 .5-.1.7-.3.2-.2.3-.5.3-.7s-.1-.5-.3-.7zM5.8 14.7l6.2 6.3 6.2-6.3c.2-.2.3-.5.3-.7s-.1-.5-.3-.7c-.2-.2-.4-.3-.7-.3h-11c-.3 0-.5.1-.7.3-.2.2-.3.5-.3.7s.1.5.3.7z\"\/><\/svg><\/span><\/span><\/span><\/a><\/span><\/div>\n<nav><ul class='ez-toc-list ez-toc-list-level-1 ' ><li class='ez-toc-page-1 ez-toc-heading-level-2'><a class=\"ez-toc-link ez-toc-heading-1\" href=\"https:\/\/www.skalnik.pl\/blog\/plecak-rowerowy-czy-sakwa-na-rower\/#Pojemnosc\" >Pojemno\u015b\u0107<\/a><\/li><li class='ez-toc-page-1 ez-toc-heading-level-2'><a class=\"ez-toc-link ez-toc-heading-2\" href=\"https:\/\/www.skalnik.pl\/blog\/plecak-rowerowy-czy-sakwa-na-rower\/#Elastycznosc_czyli_sakwy_i_plecaki_a_zwiedzanie\" >Elastyczno\u015b\u0107, czyli sakwy i plecaki a zwiedzanie<\/a><\/li><li class='ez-toc-page-1 ez-toc-heading-level-2'><a class=\"ez-toc-link ez-toc-heading-3\" href=\"https:\/\/www.skalnik.pl\/blog\/plecak-rowerowy-czy-sakwa-na-rower\/#Wygoda_jazdy_z_plecakiem_a_sakwa\" >Wygoda jazdy z plecakiem a sakw\u0105<\/a><\/li><li class='ez-toc-page-1 ez-toc-heading-level-2'><a class=\"ez-toc-link ez-toc-heading-4\" href=\"https:\/\/www.skalnik.pl\/blog\/plecak-rowerowy-czy-sakwa-na-rower\/#Uniwersalnosc_rozwiazania\" >Uniwersalno\u015b\u0107 rozwi\u0105zania<\/a><\/li><li class='ez-toc-page-1 ez-toc-heading-level-2'><a class=\"ez-toc-link ez-toc-heading-5\" href=\"https:\/\/www.skalnik.pl\/blog\/plecak-rowerowy-czy-sakwa-na-rower\/#Sakwa_czy_plecak_%E2%80%93_szosa_czy_teren\" >Sakwa czy plecak &#8211; szosa czy teren?<\/a><\/li><li class='ez-toc-page-1 ez-toc-heading-level-2'><a class=\"ez-toc-link ez-toc-heading-6\" href=\"https:\/\/www.skalnik.pl\/blog\/plecak-rowerowy-czy-sakwa-na-rower\/#Czy_tylko_plecak_rowerowy_i_sakwa\" >Czy tylko plecak rowerowy i sakwa?<\/a><\/li><li class='ez-toc-page-1 ez-toc-heading-level-2'><a class=\"ez-toc-link ez-toc-heading-7\" href=\"https:\/\/www.skalnik.pl\/blog\/plecak-rowerowy-czy-sakwa-na-rower\/#Czy_warto_inwestowac_w_jedno_rozwiazanie\" >Czy warto inwestowa\u0107 w jedno rozwi\u0105zanie?<\/a><\/li><\/ul><\/nav><\/div>\n<h2 class=\"wp-block-heading\"><span class=\"ez-toc-section\" id=\"Pojemnosc\"><\/span><strong>Pojemno\u015b\u0107<\/strong><span class=\"ez-toc-section-end\"><\/span><\/h2>\n\n\n\n<p>Plecaki rowerowe z natury charakteryzuj\u0105 si\u0119 pojemno\u015bciami mniejszymi ni\u017c sakwy na rower. W\u0142a\u015bciwie graniczn\u0105 pojemno\u015bci\u0105 jest 30 litr\u00f3w, ale ju\u017c wypakowany model 20 litrowy b\u0119dzie nieco odczuwalny na d\u0142u\u017cszym dystansie. Oczywi\u015bcie wszystko zale\u017cy od zawarto\u015bci, ale zapewne nie b\u0119d\u0105 to ani o\u0142owiane ci\u0119\u017carki, ani puch.<\/p>\n\n\n\n<div class=\"wp-block-image\"><figure class=\"aligncenter size-large\"><img loading=\"lazy\" decoding=\"async\" width=\"1024\" height=\"679\" src=\"https:\/\/www.skalnik.pl\/blog\/wp-content\/uploads\/2022\/10\/timur-valiev-t040zN0R66g-unsplash.jpg\" alt=\"sakwy rowerowe \" class=\"wp-image-20895\" srcset=\"https:\/\/www.skalnik.pl\/blog\/wp-content\/uploads\/2022\/10\/timur-valiev-t040zN0R66g-unsplash.jpg 1024w, https:\/\/www.skalnik.pl\/blog\/wp-content\/uploads\/2022\/10\/timur-valiev-t040zN0R66g-unsplash-300x199.jpg 300w, https:\/\/www.skalnik.pl\/blog\/wp-content\/uploads\/2022\/10\/timur-valiev-t040zN0R66g-unsplash-768x509.jpg 768w\" sizes=\"auto, (max-width: 1024px) 100vw, 1024px\" \/><figcaption>Sakwy rowerowe zmieszcz\u0105 znacznie wi\u0119cej baga\u017cu. (fot. Timur Valiev, Unsplash)<\/figcaption><\/figure><\/div>\n\n\n\n<p>Dla odmiany, sakwy rowerowe na baga\u017cnik osi\u0105gaj\u0105 pojemno\u015bci rz\u0119du nawet 70 litr\u00f3w na zestaw, a zapakowany do nich ci\u0119\u017car nie obci\u0105\u017ca naszego kr\u0119gos\u0142upa. Dodatkowo du\u017ce plecaki, zw\u0142aszcza \u017ale dopasowane do d\u0142ugo\u015bci naszych plec\u00f3w, mog\u0105 kolidowa\u0107 z ty\u0142em naszego kasku. W kwestii pojemno\u015bci, mo\u017cna z pewno\u015bci\u0105 uzna\u0107, \u017ce przewaga sakw rowerowych wzrasta wraz z ilo\u015bci\u0105 baga\u017cu do przewiezienia.<\/p>\n\n\n\n<h2 class=\"wp-block-heading\"><span class=\"ez-toc-section\" id=\"Elastycznosc_czyli_sakwy_i_plecaki_a_zwiedzanie\"><\/span><strong>Elastyczno\u015b\u0107, czyli sakwy i plecaki a zwiedzanie<\/strong><span class=\"ez-toc-section-end\"><\/span><\/h2>\n\n\n\n<p>Jest to cecha o tyle wa\u017cna, \u017ce nie zawsze b\u0119dziemy chcieli przemieszcza\u0107 si\u0119 z baga\u017cem. Tutaj plecak ma wyra\u017an\u0105 przewag\u0119 \u2013 po pierwsze, wrzucenie go na plecy trwa dos\u0142ownie moment, po drugie za\u015b jest zwi\u0105zany bardziej z naszymi plecami ni\u017c rowerem \u2013 istotna cecha je\u015bli elementem naszej wycieczki rowerowej b\u0119dzie na przyk\u0142ad piesze zwiedzanie, lub te\u017c przemieszczamy si\u0119 na dw\u00f3ch k\u00f3\u0142kach do pracy. Ca\u0142y baga\u017c zabieramy wtedy ze sob\u0105, a rower mo\u017cemy pozostawi\u0107 w innym miejscu.<\/p>\n\n\n\n<p>W przypadku sakw rowerowych sprawa wygl\u0105da nieco mniej wygodnie. W zale\u017cno\u015bci od systemu mocowania (paski, rzepy lub system Click), demonta\u017c mo\u017ce zaj\u0105\u0107 nam nieco d\u0142u\u017cej ni\u017c zdj\u0119cie plecaka. W przypadku systemu Click, odbywa si\u0119 to naprawd\u0119 szybko. Nadal jednak przy przemieszczaniu si\u0119 na nogach, plecak jest zdecydowanie wygodniejszy do niesienia ni\u017c sakwa. Ponadto wi\u0119kszy plecak rowerowy znakomicie pos\u0142u\u017cy przy jedno-dwudniowych wycieczkach pieszych.<\/p>\n\n\n\n<p><span class=\"has-inline-color has-vivid-cyan-blue-color\">Rzu\u0107 okiem na <strong><a href=\"https:\/\/bit.ly\/3ewOEnH\" target=\"_blank\" rel=\"noreferrer noopener ugc\">plecaki rowerowe<\/a><\/strong> w naszym sklepie. <\/span><\/p>\n\n\n\n<div class=\"wp-block-image\"><figure class=\"aligncenter size-large\"><img loading=\"lazy\" decoding=\"async\" width=\"1024\" height=\"683\" src=\"https:\/\/www.skalnik.pl\/blog\/wp-content\/uploads\/2022\/10\/plecak-rowerowy-deuter.png\" alt=\"plecak na rower\" class=\"wp-image-20896\" srcset=\"https:\/\/www.skalnik.pl\/blog\/wp-content\/uploads\/2022\/10\/plecak-rowerowy-deuter.png 1024w, https:\/\/www.skalnik.pl\/blog\/wp-content\/uploads\/2022\/10\/plecak-rowerowy-deuter-300x200.png 300w, https:\/\/www.skalnik.pl\/blog\/wp-content\/uploads\/2022\/10\/plecak-rowerowy-deuter-768x512.png 768w\" sizes=\"auto, (max-width: 1024px) 100vw, 1024px\" \/><figcaption><em>Je\u015bli opr\u00f3cz jazdy zwiedzasz i zdobywasz pobliskie szczyty, wybierz plecak. (fot. Deuter)<\/em><\/figcaption><\/figure><\/div>\n\n\n\n<h2 class=\"wp-block-heading\"><span class=\"ez-toc-section\" id=\"Wygoda_jazdy_z_plecakiem_a_sakwa\"><\/span><strong>Wygoda jazdy z plecakiem a sakw\u0105<\/strong><span class=\"ez-toc-section-end\"><\/span><\/h2>\n\n\n\n<p>Nawet najnowocze\u015bniejsza technologia nie jest w stanie wygra\u0107 z prawami fizyki. Najwygodniejszy i najbardziej zaawansowany plecak, przesunie nasz \u015brodek ci\u0119\u017cko\u015bci do g\u00f3ry. Im b\u0119dzie ci\u0119\u017cszy, tym bardziej b\u0119dzie to odczuwalne. Dodatkowo plecak obci\u0105\u017ca kr\u0119gos\u0142up lub biodra (w zale\u017cno\u015bci od skuteczno\u015bci pasa biodrowego) i pogarsza wentylacj\u0119 plec\u00f3w. To ostatnie jest odczuwalne zw\u0142aszcza podczas intensywnej jazdy w upale, kiedy po dotarciu do celu okazuje si\u0119, \u017ce nasze plecy s\u0105 ca\u0142kowicie mokre.<\/p>\n\n\n\n<p>Tych wad nie posiada sakwa rowerowa. Dzi\u0119ki niskiemu mocowaniu, ma zdecydowanie mniejszy wp\u0142yw na nasz \u015brodek ci\u0119\u017cko\u015bci, a nasze plecy pozostaj\u0105 ods\u0142oni\u0119te i s\u0105 dobrze wentylowane. I jak poprzednio, r\u00f3wnie\u017c w tej kwestii zalety sakw staj\u0105 si\u0119 coraz wyra\u017aniejsze wraz ze wzrostem pojemno\u015bci.<\/p>\n\n\n\n<h2 class=\"wp-block-heading\"><span class=\"ez-toc-section\" id=\"Uniwersalnosc_rozwiazania\"><\/span><strong>Uniwersalno\u015b\u0107 rozwi\u0105zania<\/strong><span class=\"ez-toc-section-end\"><\/span><\/h2>\n\n\n\n<p>Je\u015bli posiadamy kilka rower\u00f3w, bardzo prawdopodobne, \u017ce sakwy nie b\u0119d\u0105 pasowa\u0142y do ka\u017cdego z nich. Sakwy rowerowe na baga\u017cnik wymagaj\u0105 oczywi\u015bcie roweru z baga\u017cnikiem. Nie ka\u017cda rama pozwala na zainstalowanie takiego akcesorium. Oczywi\u015bcie ka\u017cdy problem jest do rozwi\u0105zania i istnieje ca\u0142y szereg specjalistycznych rozwi\u0105za\u0144, pozwalaj\u0105cych na monta\u017c do nietypowych ram, s\u0105 to jednak dodatkowe koszty.<\/p>\n\n\n\n<p>Plecak zabierzemy ze sob\u0105 wsiadaj\u0105c na ka\u017cdy mo\u017cliwy rower. Je\u015bli zatem chcemy mie\u0107 \u201ekonia roboczego\u201d do przewo\u017cenia i przenoszenia baga\u017cu w r\u00f3\u017cnych sytuacjach, na r\u00f3\u017cnych rowerach i na w\u0142asnych nogach, przewaga plecaka jest bezdyskusyjna.<\/p>\n\n\n\n<h2 class=\"wp-block-heading\"><span class=\"ez-toc-section\" id=\"Sakwa_czy_plecak_%E2%80%93_szosa_czy_teren\"><\/span><strong>Sakwa czy plecak &#8211; szosa czy teren?<\/strong><span class=\"ez-toc-section-end\"><\/span><\/h2>\n\n\n\n<p>Podczas jazdy w terenie sakwy mog\u0105 okaza\u0107 si\u0119 k\u0142opotliwe \u2013 zwi\u0119kszaj\u0105 nieco szeroko\u015b\u0107 naszego roweru. W trudnym terenie, na niekt\u00f3rych singletrackach, czy trasach enduro, mog\u0105 pojawi\u0107 si\u0119 w\u0105skie przejazdy mi\u0119dzy kamieniami, gdzie sakwy b\u0119d\u0105 problemem. K\u0142ad\u0105c rower w ciasnym zakr\u0119cie r\u00f3wnie\u017c mo\u017cliwe jest przeszorowanie sakw\u0105 po ziemi. Z tego powodu raczej nie stosuje si\u0119 tego typu baga\u017cu w kolarstwie typowo g\u00f3rskim. Nie jest to du\u017cy problem \u2013 na tego typu wycieczk\u0119 raczej nie zabiera si\u0119 du\u017cego baga\u017cu. Je\u015bli jednak chcemy sp\u0119dzi\u0107 intensywny dzie\u0144 na kr\u0119tych, g\u00f3rskich \u015bcie\u017ckach, zapas jedzenia i wody zabierzmy do plecaka. Sakwy nie b\u0119d\u0105 tu dobrym pomys\u0142em. Co innego je\u015bli nasza trasa prowadzi szos\u0105 b\u0105d\u017a r\u00f3wnymi szutr\u00f3wkami, a naszym celem nie s\u0105 ciasne serpentyny ale po\u0142ykanie kilometr\u00f3w \u2013 w tej sytuacji oszcz\u0119d\u017amy zm\u0119czenia naszym plecom i wybierzmy sakwy.<\/p>\n\n\n\n<p><span class=\"has-inline-color has-vivid-cyan-blue-color\">Zobacz pojemne <strong><a href=\"https:\/\/bit.ly\/3T927kw\" target=\"_blank\" rel=\"noreferrer noopener\">sakwy rowerowe<\/a><\/strong> w Skalnik.pl<\/span><\/p>\n\n\n\n<div class=\"wp-block-image\"><figure class=\"aligncenter size-large\"><img loading=\"lazy\" decoding=\"async\" width=\"1024\" height=\"683\" src=\"https:\/\/www.skalnik.pl\/blog\/wp-content\/uploads\/2022\/10\/plecaki-na-rower-deuter.png\" alt=\"plecak rowerowy gravel\" class=\"wp-image-20897\" srcset=\"https:\/\/www.skalnik.pl\/blog\/wp-content\/uploads\/2022\/10\/plecaki-na-rower-deuter.png 1024w, https:\/\/www.skalnik.pl\/blog\/wp-content\/uploads\/2022\/10\/plecaki-na-rower-deuter-300x200.png 300w, https:\/\/www.skalnik.pl\/blog\/wp-content\/uploads\/2022\/10\/plecaki-na-rower-deuter-768x512.png 768w\" sizes=\"auto, (max-width: 1024px) 100vw, 1024px\" \/><figcaption><em>Wyb\u00f3r mi\u0119dzy plecakiem a sakw\u0105 zale\u017cy cz\u0119sto od aktywno\u015bci lub stylu jazdy. (fot. Deuter)<\/em><\/figcaption><\/figure><\/div>\n\n\n\n<h2 class=\"wp-block-heading\"><span class=\"ez-toc-section\" id=\"Czy_tylko_plecak_rowerowy_i_sakwa\"><\/span><strong>Czy tylko plecak rowerowy i sakwa?<\/strong><span class=\"ez-toc-section-end\"><\/span><\/h2>\n\n\n\n<p>Alternatyw\u0105 dla sakw i plecak\u00f3w s\u0105 wszelkiego rodzaju torby na rower. Nie wymagaj\u0105 do monta\u017cu baga\u017cnika ani specjalistycznych zaczep\u00f3w \u2013 montowane s\u0105 zazwyczaj za pomoc\u0105 pask\u00f3w i rzep\u00f3w do ramy, siode\u0142ka b\u0105d\u017a kierownicy.<\/p>\n\n\n\n<p>K\u0142opotliwe mog\u0105 okaza\u0107 si\u0119 jedynie torby mocowane do ramy \u2013 nietypowe kszta\u0142ty, zw\u0142aszcza w damskich rowerach, mog\u0105 uniemo\u017cliwi\u0107 ich monta\u017c. Zalet\u0105 jest ich du\u017ca uniwersalno\u015b\u0107, ale nie oferuj\u0105 takich pojemno\u015bci jak klasyczne sakwy. Niekt\u00f3re modele oferuj\u0105 jednak dodatkowe udogodnienia, jak zintegrowane mapniki czy pokrowce na smartfon, u\u0142atwiaj\u0105ce nam nawigacj\u0119 w trasie. Torebki rowerowe w ma\u0142ych rozmiarach znakomicie sprawdz\u0105 si\u0119 w charakterze narz\u0119dzi\u00f3wek, w kt\u00f3rych przewieziemy podstawowy zestaw naprawczy \u2013 d\u0119tk\u0119, \u0142atki, pompk\u0119 czy skuwacz do \u0142a\u0144cuch\u00f3w.<\/p>\n\n\n\n<p>W rowerach miejskich rol\u0119 baga\u017cu spe\u0142ni\u0105 za\u015b z powodzeniem koszyki, mocowane na kierownic\u0119 lub torba na baga\u017cnik rowerowy. Innym akcesorium z kategorii \u201ebaga\u017c rowerowy\u201d s\u0105 kufry rowerowe \u2013 montowane zazwyczaj do baga\u017cnika. Ich sztywna konstrukcja zabezpiecza w pewnym stopniu przewo\u017cone przedmioty. Ponadto cz\u0119sto s\u0105 one zamykane na klucz.<\/p>\n\n\n\n<p><span class=\"has-inline-color has-vivid-cyan-blue-color\">Torby rowerowe to domena backpackingu. Przeczytaj nasz artyku\u0142 o tym, <strong><a href=\"https:\/\/bit.ly\/3S3GiBr\" target=\"_blank\" rel=\"noreferrer noopener\">co zabra\u0107 na bikepacking<\/a><\/strong>.  <\/span><\/p>\n\n\n\n<div class=\"wp-block-image\"><figure class=\"aligncenter size-large\"><img loading=\"lazy\" decoding=\"async\" width=\"1024\" height=\"683\" src=\"https:\/\/www.skalnik.pl\/blog\/wp-content\/uploads\/2022\/09\/marek-piwnicki-bickepacking-rower-unsplash.jpg\" alt=\"torby na rower\" class=\"wp-image-20717\" srcset=\"https:\/\/www.skalnik.pl\/blog\/wp-content\/uploads\/2022\/09\/marek-piwnicki-bickepacking-rower-unsplash.jpg 1024w, https:\/\/www.skalnik.pl\/blog\/wp-content\/uploads\/2022\/09\/marek-piwnicki-bickepacking-rower-unsplash-300x200.jpg 300w, https:\/\/www.skalnik.pl\/blog\/wp-content\/uploads\/2022\/09\/marek-piwnicki-bickepacking-rower-unsplash-768x512.jpg 768w\" sizes=\"auto, (max-width: 1024px) 100vw, 1024px\" \/><figcaption><em>Opr\u00f3cz sakw i plecak\u00f3w istniej\u0105 jeszcze r\u00f3\u017cnego rodzaju torby na rower. (for. Marek Piwnicki, Unsplash)<\/em><\/figcaption><\/figure><\/div>\n\n\n\n<h2 class=\"wp-block-heading\"><span class=\"ez-toc-section\" id=\"Czy_warto_inwestowac_w_jedno_rozwiazanie\"><\/span><strong>Czy warto inwestowa\u0107 w jedno rozwi\u0105zanie?<\/strong><span class=\"ez-toc-section-end\"><\/span><\/h2>\n\n\n\n<p>Wymienione wy\u017cej rodzaje akcesori\u00f3w baga\u017cowych nie stanowi\u0105 dla siebie pe\u0142nej alternatywy. Mo\u017cemy je \u0142\u0105czy\u0107, a im powa\u017cniejsza wycieczka, wymagaj\u0105ca wi\u0119kszej ilo\u015bci baga\u017cu, tym wi\u0119ksza szansa \u017ce np. do sakw do\u0142\u0105czymy r\u00f3wnie\u017c plecak. Je\u015bli jeste\u015bmy mi\u0142o\u015bnikami dw\u00f3ch k\u00f3\u0142ek, czerpi\u0105cymi z ka\u017cdej mo\u017cliwej formy aktywno\u015bci na rowerze, najpewniej ka\u017cdy z wymienionych rodzaj\u00f3w baga\u017cu nam si\u0119 przyda, Je\u015bli jednak dopiero zaczynamy swoj\u0105 przygod\u0119 z turystyk\u0105 rowerow\u0105 i nasz bud\u017cet jest napi\u0119ty, poszukajmy dobrego plecaka rowerowego. B\u0119dzie to najbardziej uniwersalna inwestycja, a z czasem rozbudujemy nasz baga\u017c o sakwy b\u0105d\u017a torby. Nasz plecak na rower za\u015b mo\u017ce z powodzeniem pe\u0142ni\u0107 rol\u0119 plecaka miejskiego czy turystycznego.<\/p>\n\n\n\n<hr class=\"wp-block-separator is-style-dots\"\/>\n\n\n\n<p>Ostatecznie jednak du\u017c\u0105 rol\u0119 odgrywaj\u0105 gusta \u2013 s\u0105 osoby, kt\u00f3re nie cierpi\u0105 plecak\u00f3w rowerowych. Inni wol\u0105 mie\u0107 sw\u00f3j baga\u017c zawsze przy sobie, r\u00f3wnie\u017c zostawiaj\u0105c rower \u201ezaparkowany\u201d. Ma\u0142y plecaczek, mieszcz\u0105cy w sobie buk\u0142ak z wod\u0105 i pozwalaj\u0105cy na zmieszczenie kilku batonik\u00f3w oraz kamizelki przeciwwiatrowej, czy kurtki przeciwdeszczowej jest zaskakuj\u0105co wygodnym rozwi\u0105zaniem, nawet je\u015bli wi\u0119kszo\u015b\u0107 naszego baga\u017cu podr\u00f3\u017cuje w sakwach.<\/p>\n","protected":false},"excerpt":{"rendered":"<p>Sakwa na rower czy plecak rowerowy? Poznaj zalety ka\u017cdego z rozwi\u0105za\u0144. <\/p>\n","protected":false},"author":39,"featured_media":20894,"comment_status":"open","ping_status":"open","sticky":false,"template":"","format":"standard","meta":{"_acf_changed":false,"footnotes":""},"categories":[3],"tags":[238],"magento_category":[298],"magento_product":[],"class_list":["post-20892","post","type-post","status-publish","format-standard","has-post-thumbnail","hentry","category-porady","tag-rowery"],"acf":[],"aioseo_notices":[],"aioseo_head":"\n\t\t<!-- All in One SEO 4.9.10 - aioseo.com -->\n\t<meta name=\"description\" content=\"Wiele os\u00f3b ma ten dylemat - plecak na rower czy sakwa. Piszemy o tym, jakie zalety maj\u0105 sakwy rowerowe i plecaki na rower. Przeczytaj zanim kupisz sakw\u0119 rowerow\u0105 lub plecak.\" \/>\n\t<meta name=\"robots\" content=\"max-image-preview:large\" \/>\n\t<meta name=\"author\" content=\"Skadi\"\/>\n\t<link rel=\"canonical\" href=\"https:\/\/www.skalnik.pl\/blog\/plecak-rowerowy-czy-sakwa-na-rower\/\" \/>\n\t<meta name=\"generator\" content=\"All in One SEO (AIOSEO) 4.9.10\" \/>\n\t\t<meta property=\"og:locale\" content=\"pl_PL\" \/>\n\t\t<meta property=\"og:site_name\" content=\"blog Skalnik - Blog, porady, artyku\u0142y - blog Skalnik\" \/>\n\t\t<meta property=\"og:type\" content=\"article\" \/>\n\t\t<meta property=\"og:title\" content=\"Plecak rowerowy czy sakwa na rower - blog Skalnik\" \/>\n\t\t<meta property=\"og:description\" content=\"Wiele os\u00f3b ma ten dylemat - plecak na rower czy sakwa. Piszemy o tym, jakie zalety maj\u0105 sakwy rowerowe i plecaki na rower. Przeczytaj zanim kupisz sakw\u0119 rowerow\u0105 lub plecak.\" \/>\n\t\t<meta property=\"og:url\" content=\"https:\/\/www.skalnik.pl\/blog\/plecak-rowerowy-czy-sakwa-na-rower\/\" \/>\n\t\t<meta property=\"og:image\" content=\"https:\/\/www.skalnik.pl\/blog\/wp-content\/uploads\/2022\/10\/timur-valiev-t040zN0R66g-unsplash.jpg\" \/>\n\t\t<meta property=\"og:image:secure_url\" content=\"https:\/\/www.skalnik.pl\/blog\/wp-content\/uploads\/2022\/10\/timur-valiev-t040zN0R66g-unsplash.jpg\" \/>\n\t\t<meta property=\"og:image:width\" content=\"1024\" \/>\n\t\t<meta property=\"og:image:height\" content=\"679\" \/>\n\t\t<meta property=\"article:tag\" content=\"porady\" \/>\n\t\t<meta property=\"article:tag\" content=\"rowery\" \/>\n\t\t<meta property=\"article:published_time\" content=\"2022-10-17T12:34:13+00:00\" \/>\n\t\t<meta property=\"article:modified_time\" content=\"2022-10-17T13:17:37+00:00\" \/>\n\t\t<meta name=\"twitter:card\" content=\"summary_large_image\" \/>\n\t\t<meta name=\"twitter:title\" content=\"Plecak rowerowy czy sakwa na rower - blog Skalnik\" \/>\n\t\t<meta name=\"twitter:description\" content=\"Wiele os\u00f3b ma ten dylemat - plecak na rower czy sakwa. Piszemy o tym, jakie zalety maj\u0105 sakwy rowerowe i plecaki na rower. Przeczytaj zanim kupisz sakw\u0119 rowerow\u0105 lub plecak.\" \/>\n\t\t<meta name=\"twitter:image\" content=\"https:\/\/www.skalnik.pl\/blog\/wp-content\/uploads\/2022\/10\/timur-valiev-t040zN0R66g-unsplash.jpg\" \/>\n\t\t<script type=\"application\/ld+json\" class=\"aioseo-schema\">\n\t\t\t{\"@context\":\"https:\\\/\\\/schema.org\",\"@graph\":[{\"@type\":\"BlogPosting\",\"@id\":\"https:\\\/\\\/www.skalnik.pl\\\/blog\\\/plecak-rowerowy-czy-sakwa-na-rower\\\/#blogposting\",\"name\":\"Plecak rowerowy czy sakwa na rower - blog Skalnik\",\"headline\":\"Plecak rowerowy czy sakwa na rower\",\"author\":{\"@id\":\"https:\\\/\\\/www.skalnik.pl\\\/blog\\\/author\\\/skadi\\\/#author\"},\"publisher\":{\"@id\":\"https:\\\/\\\/www.skalnik.pl\\\/blog\\\/#organization\"},\"image\":{\"@type\":\"ImageObject\",\"url\":\"https:\\\/\\\/www.skalnik.pl\\\/blog\\\/wp-content\\\/uploads\\\/2022\\\/10\\\/plecak-rowerowy-czy-skawa.jpg\",\"width\":1920,\"height\":706},\"datePublished\":\"2022-10-17T14:34:13+02:00\",\"dateModified\":\"2022-10-17T15:17:37+02:00\",\"inLanguage\":\"pl-PL\",\"mainEntityOfPage\":{\"@id\":\"https:\\\/\\\/www.skalnik.pl\\\/blog\\\/plecak-rowerowy-czy-sakwa-na-rower\\\/#webpage\"},\"isPartOf\":{\"@id\":\"https:\\\/\\\/www.skalnik.pl\\\/blog\\\/plecak-rowerowy-czy-sakwa-na-rower\\\/#webpage\"},\"articleSection\":\"Porady, rowery, 2474\"},{\"@type\":\"BreadcrumbList\",\"@id\":\"https:\\\/\\\/www.skalnik.pl\\\/blog\\\/plecak-rowerowy-czy-sakwa-na-rower\\\/#breadcrumblist\",\"itemListElement\":[{\"@type\":\"ListItem\",\"@id\":\"https:\\\/\\\/www.skalnik.pl\\\/blog#listItem\",\"position\":1,\"name\":\"Home\",\"item\":\"https:\\\/\\\/www.skalnik.pl\\\/blog\",\"nextItem\":{\"@type\":\"ListItem\",\"@id\":\"https:\\\/\\\/www.skalnik.pl\\\/blog\\\/.\\\/porady\\\/#listItem\",\"name\":\"Porady\"}},{\"@type\":\"ListItem\",\"@id\":\"https:\\\/\\\/www.skalnik.pl\\\/blog\\\/.\\\/porady\\\/#listItem\",\"position\":2,\"name\":\"Porady\",\"item\":\"https:\\\/\\\/www.skalnik.pl\\\/blog\\\/.\\\/porady\\\/\",\"nextItem\":{\"@type\":\"ListItem\",\"@id\":\"https:\\\/\\\/www.skalnik.pl\\\/blog\\\/plecak-rowerowy-czy-sakwa-na-rower\\\/#listItem\",\"name\":\"Plecak rowerowy czy sakwa na rower\"},\"previousItem\":{\"@type\":\"ListItem\",\"@id\":\"https:\\\/\\\/www.skalnik.pl\\\/blog#listItem\",\"name\":\"Home\"}},{\"@type\":\"ListItem\",\"@id\":\"https:\\\/\\\/www.skalnik.pl\\\/blog\\\/plecak-rowerowy-czy-sakwa-na-rower\\\/#listItem\",\"position\":3,\"name\":\"Plecak rowerowy czy sakwa na rower\",\"previousItem\":{\"@type\":\"ListItem\",\"@id\":\"https:\\\/\\\/www.skalnik.pl\\\/blog\\\/.\\\/porady\\\/#listItem\",\"name\":\"Porady\"}}]},{\"@type\":\"Organization\",\"@id\":\"https:\\\/\\\/www.skalnik.pl\\\/blog\\\/#organization\",\"name\":\"blog Skalnik\",\"description\":\"Blog, porady, artyku\\u0142y - blog Skalnik\",\"url\":\"https:\\\/\\\/www.skalnik.pl\\\/blog\\\/\"},{\"@type\":\"Person\",\"@id\":\"https:\\\/\\\/www.skalnik.pl\\\/blog\\\/author\\\/skadi\\\/#author\",\"url\":\"https:\\\/\\\/www.skalnik.pl\\\/blog\\\/author\\\/skadi\\\/\",\"name\":\"Skadi\",\"image\":{\"@type\":\"ImageObject\",\"@id\":\"https:\\\/\\\/www.skalnik.pl\\\/blog\\\/plecak-rowerowy-czy-sakwa-na-rower\\\/#authorImage\",\"url\":\"https:\\\/\\\/secure.gravatar.com\\\/avatar\\\/ae13ef788103b67237116ff6ca11806fd62a3875c2f169205ba46718cec9cfc7?s=96&d=mm&r=g\",\"width\":96,\"height\":96,\"caption\":\"Skadi\"}},{\"@type\":\"WebPage\",\"@id\":\"https:\\\/\\\/www.skalnik.pl\\\/blog\\\/plecak-rowerowy-czy-sakwa-na-rower\\\/#webpage\",\"url\":\"https:\\\/\\\/www.skalnik.pl\\\/blog\\\/plecak-rowerowy-czy-sakwa-na-rower\\\/\",\"name\":\"Plecak rowerowy czy sakwa na rower - blog Skalnik\",\"description\":\"Wiele os\\u00f3b ma ten dylemat - plecak na rower czy sakwa. Piszemy o tym, jakie zalety maj\\u0105 sakwy rowerowe i plecaki na rower. Przeczytaj zanim kupisz sakw\\u0119 rowerow\\u0105 lub plecak.\",\"inLanguage\":\"pl-PL\",\"isPartOf\":{\"@id\":\"https:\\\/\\\/www.skalnik.pl\\\/blog\\\/#website\"},\"breadcrumb\":{\"@id\":\"https:\\\/\\\/www.skalnik.pl\\\/blog\\\/plecak-rowerowy-czy-sakwa-na-rower\\\/#breadcrumblist\"},\"author\":{\"@id\":\"https:\\\/\\\/www.skalnik.pl\\\/blog\\\/author\\\/skadi\\\/#author\"},\"creator\":{\"@id\":\"https:\\\/\\\/www.skalnik.pl\\\/blog\\\/author\\\/skadi\\\/#author\"},\"image\":{\"@type\":\"ImageObject\",\"url\":\"https:\\\/\\\/www.skalnik.pl\\\/blog\\\/wp-content\\\/uploads\\\/2022\\\/10\\\/plecak-rowerowy-czy-skawa.jpg\",\"@id\":\"https:\\\/\\\/www.skalnik.pl\\\/blog\\\/plecak-rowerowy-czy-sakwa-na-rower\\\/#mainImage\",\"width\":1920,\"height\":706},\"primaryImageOfPage\":{\"@id\":\"https:\\\/\\\/www.skalnik.pl\\\/blog\\\/plecak-rowerowy-czy-sakwa-na-rower\\\/#mainImage\"},\"datePublished\":\"2022-10-17T14:34:13+02:00\",\"dateModified\":\"2022-10-17T15:17:37+02:00\"},{\"@type\":\"WebSite\",\"@id\":\"https:\\\/\\\/www.skalnik.pl\\\/blog\\\/#website\",\"url\":\"https:\\\/\\\/www.skalnik.pl\\\/blog\\\/\",\"name\":\"blog Skalnik\",\"description\":\"Blog, porady, artyku\\u0142y - blog Skalnik\",\"inLanguage\":\"pl-PL\",\"publisher\":{\"@id\":\"https:\\\/\\\/www.skalnik.pl\\\/blog\\\/#organization\"}}]}\n\t\t<\/script>\n\t\t<!-- All in One SEO -->\n\n","aioseo_head_json":{"title":"Plecak rowerowy czy sakwa na rower - blog Skalnik","description":"Wiele os\u00f3b ma ten dylemat - plecak na rower czy sakwa. Piszemy o tym, jakie zalety maj\u0105 sakwy rowerowe i plecaki na rower. Przeczytaj zanim kupisz sakw\u0119 rowerow\u0105 lub plecak.","canonical_url":"https:\/\/www.skalnik.pl\/blog\/plecak-rowerowy-czy-sakwa-na-rower\/","robots":"max-image-preview:large","keywords":"","webmasterTools":{"miscellaneous":""},"schema":{"@context":"https:\/\/schema.org","@graph":[{"@type":"BlogPosting","@id":"https:\/\/www.skalnik.pl\/blog\/plecak-rowerowy-czy-sakwa-na-rower\/#blogposting","name":"Plecak rowerowy czy sakwa na rower - blog Skalnik","headline":"Plecak rowerowy czy sakwa na rower","author":{"@id":"https:\/\/www.skalnik.pl\/blog\/author\/skadi\/#author"},"publisher":{"@id":"https:\/\/www.skalnik.pl\/blog\/#organization"},"image":{"@type":"ImageObject","url":"https:\/\/www.skalnik.pl\/blog\/wp-content\/uploads\/2022\/10\/plecak-rowerowy-czy-skawa.jpg","width":1920,"height":706},"datePublished":"2022-10-17T14:34:13+02:00","dateModified":"2022-10-17T15:17:37+02:00","inLanguage":"pl-PL","mainEntityOfPage":{"@id":"https:\/\/www.skalnik.pl\/blog\/plecak-rowerowy-czy-sakwa-na-rower\/#webpage"},"isPartOf":{"@id":"https:\/\/www.skalnik.pl\/blog\/plecak-rowerowy-czy-sakwa-na-rower\/#webpage"},"articleSection":"Porady, rowery, 2474"},{"@type":"BreadcrumbList","@id":"https:\/\/www.skalnik.pl\/blog\/plecak-rowerowy-czy-sakwa-na-rower\/#breadcrumblist","itemListElement":[{"@type":"ListItem","@id":"https:\/\/www.skalnik.pl\/blog#listItem","position":1,"name":"Home","item":"https:\/\/www.skalnik.pl\/blog","nextItem":{"@type":"ListItem","@id":"https:\/\/www.skalnik.pl\/blog\/.\/porady\/#listItem","name":"Porady"}},{"@type":"ListItem","@id":"https:\/\/www.skalnik.pl\/blog\/.\/porady\/#listItem","position":2,"name":"Porady","item":"https:\/\/www.skalnik.pl\/blog\/.\/porady\/","nextItem":{"@type":"ListItem","@id":"https:\/\/www.skalnik.pl\/blog\/plecak-rowerowy-czy-sakwa-na-rower\/#listItem","name":"Plecak rowerowy czy sakwa na rower"},"previousItem":{"@type":"ListItem","@id":"https:\/\/www.skalnik.pl\/blog#listItem","name":"Home"}},{"@type":"ListItem","@id":"https:\/\/www.skalnik.pl\/blog\/plecak-rowerowy-czy-sakwa-na-rower\/#listItem","position":3,"name":"Plecak rowerowy czy sakwa na rower","previousItem":{"@type":"ListItem","@id":"https:\/\/www.skalnik.pl\/blog\/.\/porady\/#listItem","name":"Porady"}}]},{"@type":"Organization","@id":"https:\/\/www.skalnik.pl\/blog\/#organization","name":"blog Skalnik","description":"Blog, porady, artyku\u0142y - blog Skalnik","url":"https:\/\/www.skalnik.pl\/blog\/"},{"@type":"Person","@id":"https:\/\/www.skalnik.pl\/blog\/author\/skadi\/#author","url":"https:\/\/www.skalnik.pl\/blog\/author\/skadi\/","name":"Skadi","image":{"@type":"ImageObject","@id":"https:\/\/www.skalnik.pl\/blog\/plecak-rowerowy-czy-sakwa-na-rower\/#authorImage","url":"https:\/\/secure.gravatar.com\/avatar\/ae13ef788103b67237116ff6ca11806fd62a3875c2f169205ba46718cec9cfc7?s=96&d=mm&r=g","width":96,"height":96,"caption":"Skadi"}},{"@type":"WebPage","@id":"https:\/\/www.skalnik.pl\/blog\/plecak-rowerowy-czy-sakwa-na-rower\/#webpage","url":"https:\/\/www.skalnik.pl\/blog\/plecak-rowerowy-czy-sakwa-na-rower\/","name":"Plecak rowerowy czy sakwa na rower - blog Skalnik","description":"Wiele os\u00f3b ma ten dylemat - plecak na rower czy sakwa. Piszemy o tym, jakie zalety maj\u0105 sakwy rowerowe i plecaki na rower. Przeczytaj zanim kupisz sakw\u0119 rowerow\u0105 lub plecak.","inLanguage":"pl-PL","isPartOf":{"@id":"https:\/\/www.skalnik.pl\/blog\/#website"},"breadcrumb":{"@id":"https:\/\/www.skalnik.pl\/blog\/plecak-rowerowy-czy-sakwa-na-rower\/#breadcrumblist"},"author":{"@id":"https:\/\/www.skalnik.pl\/blog\/author\/skadi\/#author"},"creator":{"@id":"https:\/\/www.skalnik.pl\/blog\/author\/skadi\/#author"},"image":{"@type":"ImageObject","url":"https:\/\/www.skalnik.pl\/blog\/wp-content\/uploads\/2022\/10\/plecak-rowerowy-czy-skawa.jpg","@id":"https:\/\/www.skalnik.pl\/blog\/plecak-rowerowy-czy-sakwa-na-rower\/#mainImage","width":1920,"height":706},"primaryImageOfPage":{"@id":"https:\/\/www.skalnik.pl\/blog\/plecak-rowerowy-czy-sakwa-na-rower\/#mainImage"},"datePublished":"2022-10-17T14:34:13+02:00","dateModified":"2022-10-17T15:17:37+02:00"},{"@type":"WebSite","@id":"https:\/\/www.skalnik.pl\/blog\/#website","url":"https:\/\/www.skalnik.pl\/blog\/","name":"blog Skalnik","description":"Blog, porady, artyku\u0142y - blog Skalnik","inLanguage":"pl-PL","publisher":{"@id":"https:\/\/www.skalnik.pl\/blog\/#organization"}}]},"og:locale":"pl_PL","og:site_name":"blog Skalnik - Blog, porady, artyku\u0142y - blog Skalnik","og:type":"article","og:title":"Plecak rowerowy czy sakwa na rower - blog Skalnik","og:description":"Wiele os\u00f3b ma ten dylemat - plecak na rower czy sakwa. Piszemy o tym, jakie zalety maj\u0105 sakwy rowerowe i plecaki na rower. Przeczytaj zanim kupisz sakw\u0119 rowerow\u0105 lub plecak.","og:url":"https:\/\/www.skalnik.pl\/blog\/plecak-rowerowy-czy-sakwa-na-rower\/","og:image":"https:\/\/www.skalnik.pl\/blog\/wp-content\/uploads\/2022\/10\/timur-valiev-t040zN0R66g-unsplash.jpg","og:image:secure_url":"https:\/\/www.skalnik.pl\/blog\/wp-content\/uploads\/2022\/10\/timur-valiev-t040zN0R66g-unsplash.jpg","og:image:width":1024,"og:image:height":679,"article:tag":["porady","rowery"],"article:published_time":"2022-10-17T12:34:13+00:00","article:modified_time":"2022-10-17T13:17:37+00:00","twitter:card":"summary_large_image","twitter:title":"Plecak rowerowy czy sakwa na rower - blog Skalnik","twitter:description":"Wiele os\u00f3b ma ten dylemat - plecak na rower czy sakwa. Piszemy o tym, jakie zalety maj\u0105 sakwy rowerowe i plecaki na rower. Przeczytaj zanim kupisz sakw\u0119 rowerow\u0105 lub plecak.","twitter:image":"https:\/\/www.skalnik.pl\/blog\/wp-content\/uploads\/2022\/10\/timur-valiev-t040zN0R66g-unsplash.jpg"},"aioseo_meta_data":{"post_id":"20892","title":null,"description":"Wiele os\u00f3b ma ten dylemat - plecak na rower czy sakwa. Piszemy o tym, jakie zalety maj\u0105 sakwy rowerowe i plecaki na rower. Przeczytaj zanim kupisz sakw\u0119 rowerow\u0105 lub plecak.","keywords":[{"label":"plecak czy sakwa","value":"plecak czy sakwa"},{"label":"sakwa czy plecak","value":"sakwa czy plecak"},{"label":"sakwy na rower","value":"sakwy na rower"},{"label":"plecaki rowerowe","value":"plecaki rowerowe"},{"label":"plecak na rower","value":"plecak na rower"},{"label":"sakwa rowerowa","value":"sakwa rowerowa"}],"keyphrases":null,"primary_term":null,"canonical_url":"","og_title":null,"og_description":null,"og_object_type":"default","og_image_type":"default","og_image_url":null,"og_image_width":null,"og_image_height":null,"og_image_custom_url":null,"og_image_custom_fields":null,"og_video":null,"og_custom_url":null,"og_article_section":null,"og_article_tags":null,"twitter_use_og":false,"twitter_card":"default","twitter_image_type":"default","twitter_image_url":null,"twitter_image_custom_url":null,"twitter_image_custom_fields":null,"twitter_title":null,"twitter_description":null,"schema":{"blockGraphs":[],"customGraphs":[],"default":{"data":{"Article":[],"Course":[],"Dataset":[],"FAQPage":[],"Movie":[],"Person":[],"Product":[],"ProductReview":[],"Car":[],"Recipe":[],"Service":[],"SoftwareApplication":[],"WebPage":[]},"graphName":"","isEnabled":true},"graphs":[]},"schema_type":"default","schema_type_options":null,"pillar_content":false,"robots_default":true,"robots_noindex":false,"robots_noarchive":false,"robots_nosnippet":false,"robots_nofollow":false,"robots_noimageindex":false,"robots_noodp":false,"robots_notranslate":false,"robots_max_snippet":null,"robots_max_videopreview":null,"robots_max_imagepreview":"large","priority":null,"frequency":null,"local_seo":null,"breadcrumb_settings":null,"limit_modified_date":false,"ai":null,"created":"2023-03-21 08:47:10","updated":"2026-02-17 22:26:22","seo_analyzer_scan_date":null},"aioseo_breadcrumb":"<div class=\"aioseo-breadcrumbs\"><span class=\"aioseo-breadcrumb\">\n\t\t\t<a href=\"https:\/\/www.skalnik.pl\/blog\" title=\"Home\">Home<\/a>\n\t\t<\/span><span class=\"aioseo-breadcrumb-separator\">&raquo;<\/span><span class=\"aioseo-breadcrumb\">\n\t\t\t<a href=\"https:\/\/www.skalnik.pl\/blog\/.\/porady\/\" title=\"Porady\">Porady<\/a>\n\t\t<\/span><span class=\"aioseo-breadcrumb-separator\">&raquo;<\/span><span class=\"aioseo-breadcrumb\">\n\t\t\tPlecak rowerowy czy sakwa na rower\n\t\t<\/span><\/div>","aioseo_breadcrumb_json":[{"label":"Home","link":"https:\/\/www.skalnik.pl\/blog"},{"label":"Porady","link":"https:\/\/www.skalnik.pl\/blog\/.\/porady\/"},{"label":"Plecak rowerowy czy sakwa na rower","link":"https:\/\/www.skalnik.pl\/blog\/plecak-rowerowy-czy-sakwa-na-rower\/"}],"_links":{"self":[{"href":"https:\/\/www.skalnik.pl\/blog\/wp-json\/wp\/v2\/posts\/20892","targetHints":{"allow":["GET"]}}],"collection":[{"href":"https:\/\/www.skalnik.pl\/blog\/wp-json\/wp\/v2\/posts"}],"about":[{"href":"https:\/\/www.skalnik.pl\/blog\/wp-json\/wp\/v2\/types\/post"}],"author":[{"embeddable":true,"href":"https:\/\/www.skalnik.pl\/blog\/wp-json\/wp\/v2\/users\/39"}],"replies":[{"embeddable":true,"href":"https:\/\/www.skalnik.pl\/blog\/wp-json\/wp\/v2\/comments?post=20892"}],"version-history":[{"count":5,"href":"https:\/\/www.skalnik.pl\/blog\/wp-json\/wp\/v2\/posts\/20892\/revisions"}],"predecessor-version":[{"id":20902,"href":"https:\/\/www.skalnik.pl\/blog\/wp-json\/wp\/v2\/posts\/20892\/revisions\/20902"}],"wp:featuredmedia":[{"embeddable":true,"href":"https:\/\/www.skalnik.pl\/blog\/wp-json\/wp\/v2\/media\/20894"}],"wp:attachment":[{"href":"https:\/\/www.skalnik.pl\/blog\/wp-json\/wp\/v2\/media?parent=20892"}],"wp:term":[{"taxonomy":"category","embeddable":true,"href":"https:\/\/www.skalnik.pl\/blog\/wp-json\/wp\/v2\/categories?post=20892"},{"taxonomy":"post_tag","embeddable":true,"href":"https:\/\/www.skalnik.pl\/blog\/wp-json\/wp\/v2\/tags?post=20892"},{"taxonomy":"magento_category","embeddable":true,"href":"https:\/\/www.skalnik.pl\/blog\/wp-json\/wp\/v2\/magento_category?post=20892"},{"taxonomy":"magento_product","embeddable":true,"href":"https:\/\/www.skalnik.pl\/blog\/wp-json\/wp\/v2\/magento_product?post=20892"}],"curies":[{"name":"wp","href":"https:\/\/api.w.org\/{rel}","templated":true}]}}