{"id":20984,"date":"2022-10-26T07:57:17","date_gmt":"2022-10-26T05:57:17","guid":{"rendered":"https:\/\/www.skalnik.pl\/blog\/?p=20984"},"modified":"2022-10-26T07:57:17","modified_gmt":"2022-10-26T05:57:17","slug":"namiot-zimowy-jak-wybrac","status":"publish","type":"post","link":"https:\/\/www.skalnik.pl\/blog\/namiot-zimowy-jak-wybrac\/","title":{"rendered":"Namiot zimowy &#8211; jak wybra\u0107?"},"content":{"rendered":"\n<p><strong>Upalne, letnie dni mamy ju\u017c dawno za sob\u0105. Wielkimi krokami zbli\u017ca si\u0119 zima. Dla wielu z nas biwaki pod namiotem na najbli\u017csze kilka miesi\u0119cy stan\u0105 si\u0119 tylko odleg\u0142ym wspomnieniem, niekt\u00f3rzy jednak postanowi\u0105 wytrwale sp\u0119dza\u0107 noce na \u0142onie natury.<\/strong><\/p>\n\n\n\n<p>Wbrew pozorom zimowy biwak nie jest rzecz\u0105 straszn\u0105, o ile tylko dobrze si\u0119 do niego przygotujemy. Jednym z podstawowych element\u00f3w jest namiot \u2013 nasz dom, schronienie i miejsce, gdzie sp\u0119dzimy pewnie du\u017c\u0105 cz\u0119\u015b\u0107 doby. Jaki namiot na zim\u0119 wybra\u0107? Na co zwr\u00f3ci\u0107 uwag\u0119 przed zakupem?<\/p>\n\n\n\n<div id=\"ez-toc-container\" class=\"ez-toc-v2_0_85 counter-hierarchy ez-toc-counter ez-toc-light-blue ez-toc-container-direction\">\n<div class=\"ez-toc-title-container\">\n<p class=\"ez-toc-title\" style=\"cursor:inherit\">SPIS TRE\u015aCI <\/p>\n<span class=\"ez-toc-title-toggle\"><a href=\"#\" class=\"ez-toc-pull-right ez-toc-btn ez-toc-btn-xs ez-toc-btn-default ez-toc-toggle\" aria-label=\"Prze\u0142\u0105cznik Spisu Tre\u015bci\"><span class=\"ez-toc-js-icon-con\"><span class=\"\"><span class=\"eztoc-hide\" style=\"display:none;\">Toggle<\/span><span class=\"ez-toc-icon-toggle-span\"><svg style=\"fill: #999;color:#999\" xmlns=\"http:\/\/www.w3.org\/2000\/svg\" class=\"list-377408\" width=\"20px\" height=\"20px\" viewBox=\"0 0 24 24\" fill=\"none\"><path d=\"M6 6H4v2h2V6zm14 0H8v2h12V6zM4 11h2v2H4v-2zm16 0H8v2h12v-2zM4 16h2v2H4v-2zm16 0H8v2h12v-2z\" fill=\"currentColor\"><\/path><\/svg><svg style=\"fill: #999;color:#999\" class=\"arrow-unsorted-368013\" xmlns=\"http:\/\/www.w3.org\/2000\/svg\" width=\"10px\" height=\"10px\" viewBox=\"0 0 24 24\" version=\"1.2\" baseProfile=\"tiny\"><path d=\"M18.2 9.3l-6.2-6.3-6.2 6.3c-.2.2-.3.4-.3.7s.1.5.3.7c.2.2.4.3.7.3h11c.3 0 .5-.1.7-.3.2-.2.3-.5.3-.7s-.1-.5-.3-.7zM5.8 14.7l6.2 6.3 6.2-6.3c.2-.2.3-.5.3-.7s-.1-.5-.3-.7c-.2-.2-.4-.3-.7-.3h-11c-.3 0-.5.1-.7.3-.2.2-.3.5-.3.7s.1.5.3.7z\"\/><\/svg><\/span><\/span><\/span><\/a><\/span><\/div>\n<nav><ul class='ez-toc-list ez-toc-list-level-1 ' ><li class='ez-toc-page-1 ez-toc-heading-level-2'><a class=\"ez-toc-link ez-toc-heading-1\" href=\"https:\/\/www.skalnik.pl\/blog\/namiot-zimowy-jak-wybrac\/#Zima_zimie_nierowna\" >Zima zimie nier\u00f3wna<\/a><\/li><li class='ez-toc-page-1 ez-toc-heading-level-2'><a class=\"ez-toc-link ez-toc-heading-2\" href=\"https:\/\/www.skalnik.pl\/blog\/namiot-zimowy-jak-wybrac\/#Namiot_na_zime_%E2%80%93_wodoodpornosc\" >Namiot na zim\u0119 \u2013 wodoodporno\u015b\u0107<\/a><\/li><li class='ez-toc-page-1 ez-toc-heading-level-2'><a class=\"ez-toc-link ez-toc-heading-3\" href=\"https:\/\/www.skalnik.pl\/blog\/namiot-zimowy-jak-wybrac\/#Czy_namiot_na_zime_musi_posiadac_fartuchy_sniezne\" >Czy namiot na zim\u0119 musi posiada\u0107 fartuchy \u015bnie\u017cne?<\/a><\/li><li class='ez-toc-page-1 ez-toc-heading-level-2'><a class=\"ez-toc-link ez-toc-heading-4\" href=\"https:\/\/www.skalnik.pl\/blog\/namiot-zimowy-jak-wybrac\/#Konstrukcja_nosna\" >Konstrukcja no\u015bna<\/a><\/li><li class='ez-toc-page-1 ez-toc-heading-level-2'><a class=\"ez-toc-link ez-toc-heading-5\" href=\"https:\/\/www.skalnik.pl\/blog\/namiot-zimowy-jak-wybrac\/#Wentylacja_namiotu_zima\" >Wentylacja namiotu zim\u0105<\/a><\/li><li class='ez-toc-page-1 ez-toc-heading-level-2'><a class=\"ez-toc-link ez-toc-heading-6\" href=\"https:\/\/www.skalnik.pl\/blog\/namiot-zimowy-jak-wybrac\/#Biwak_zima_a_rozmiar_namiotu\" >Biwak zim\u0105 a rozmiar namiotu<\/a><\/li><li class='ez-toc-page-1 ez-toc-heading-level-2'><a class=\"ez-toc-link ez-toc-heading-7\" href=\"https:\/\/www.skalnik.pl\/blog\/namiot-zimowy-jak-wybrac\/#Czy_namiot_zimowy_oznacza_namiot_ekspedycyjny\" >Czy namiot zimowy oznacza namiot ekspedycyjny?<\/a><\/li><\/ul><\/nav><\/div>\n<h2 class=\"wp-block-heading\"><span class=\"ez-toc-section\" id=\"Zima_zimie_nierowna\"><\/span>Zima zimie nier\u00f3wna<span class=\"ez-toc-section-end\"><\/span><\/h2>\n\n\n\n<p>Ostatnimi czasy obserwujemy tendencj\u0119 do ocieplania klimatu. Skutkuje to tym, \u017ce mamy coraz mniej zimy w zimie. W wi\u0119kszo\u015bci rejon\u00f3w Polski obserwujemy raczej trwaj\u0105c\u0105 przez p\u00f3\u0142 roku jesie\u0144 \u2013 cho\u0107 nie z\u0142ot\u0105, a szar\u0105 i przyozdobion\u0105 b\u0142otem.<\/p>\n\n\n\n<p>Na szcz\u0119\u015bcie w g\u00f3rach nadal mo\u017cemy spotka\u0107 si\u0119 z prawdziw\u0105 zim\u0105. Wymagania stawiane naszemu przeno\u015bnemu lokum w czasie grudniowego biwaku w dodatnich temperaturach i przy padaj\u0105cym deszczu b\u0119d\u0105 jednak odmienne od tych, jakie zapewni\u0105 nam spokojn\u0105 noc gdzie\u015b na g\u00f3rskim grzbiecie. Typowo zimowy namiot w tym pierwszym przypadku nie b\u0119dzie niezb\u0119dny.<\/p>\n\n\n\n<p><span class=\"has-inline-color has-vivid-cyan-blue-color\">Zobacz nasze <strong><a href=\"https:\/\/bit.ly\/3f0NLnm\" target=\"_blank\" rel=\"noreferrer noopener\">namioty turystyczne<\/a><\/strong>. <\/span><\/p>\n\n\n\n<h2 class=\"wp-block-heading\"><span class=\"ez-toc-section\" id=\"Namiot_na_zime_%E2%80%93_wodoodpornosc\"><\/span>Namiot na zim\u0119 \u2013 wodoodporno\u015b\u0107<span class=\"ez-toc-section-end\"><\/span><\/h2>\n\n\n\n<p>Je\u015bli nasze zimowe biwaki planujemy raczej w rejonach, gdzie \u201eprawdziwa\u201d zima zagl\u0105da z rzadka, wodoodporno\u015b\u0107 b\u0119dzie bardzo istotn\u0105 cech\u0105. W\u0142a\u015bciwie nie powinna odbiega\u0107 od wodoodporno\u015bci namiot\u00f3w letnich. Bardzo istotna staje si\u0119 wodoodporno\u015b\u0107 pod\u0142ogi \u2013 z braku innej mo\u017cliwo\u015bci prawdopodobnie nieraz przyjdzie nam rozstawia\u0107 namiot na przes\u0105czonej wod\u0105 trawie b\u0105d\u017a w b\u0142ocie. Wybierzmy namiot o wodoodporno\u015bci co najmniej 3000 mm. Na szcz\u0119\u015bcie obecnie takie warto\u015bci staj\u0105 si\u0119 norm\u0105 i nie powinni\u015bmy mie\u0107 z tym problemu. Dodatkowym atutem jest pokrycie tropiku warstw\u0105 DWR (Durable Water Repellent), powoduj\u0105c\u0105 \u201eperlenie\u201d si\u0119 wody i jej natychmiastowe sp\u0142ywanie w postaci kropel. Bardzo istotne jest podklejenie szw\u00f3w. Zwr\u00f3\u0107my na to uwag\u0119, gdy\u017c niekt\u00f3re namioty zimowe nie maj\u0105 tego rozwi\u0105zania (zapewne w celu oszcz\u0119dno\u015bci na wadze, zwi\u0119kszonej ju\u017c przez fartuchy \u015bnie\u017cne).<\/p>\n\n\n\n<p>Oczywi\u015bcie je\u015bli planujemy zakupi\u0107 namiot na warunki stricte zimowe i nie spodziewamy si\u0119 dodatnich temperatur, a z opad\u00f3w jedynie \u015bniegu, brak podklejenia szw\u00f3w nie b\u0119dzie wad\u0105. Zwr\u00f3\u0107my r\u00f3wnie\u017c uwag\u0119 na materia\u0142 pod\u0142ogi \u2013 cienki nylon nawet o du\u017cej wodoodporno\u015bci mo\u017ce sprawdzi\u0107 si\u0119 na \u015bniegu, ale wyk\u0142uta kamieniem lub ga\u0142\u0119zi\u0105 dziura mo\u017ce by\u0107 nie lada k\u0142opotem. Je\u015bli chcemy mie\u0107 swobod\u0119 wyboru miejsca rozstawienia naszego lokum, istotna jest nie tylko wodoodporno\u015b\u0107 pod\u0142ogi, ale te\u017c jej wytrzyma\u0142o\u015b\u0107 mechaniczna. Oczywi\u015bcie mo\u017cliwe jest rozwi\u0105zanie tego problemu przez stosowanie dodatkowej podk\u0142adki pod namiot w postaci na przyk\u0142ad grubej folii czy plandeki. Kosztuje to jednak pewn\u0105 ilo\u015b\u0107 miejsca w plecaku oraz dodatkow\u0105 wag\u0119 do noszenia.<\/p>\n\n\n\n<div class=\"wp-block-image\"><figure class=\"aligncenter size-large\"><img loading=\"lazy\" decoding=\"async\" width=\"1024\" height=\"683\" src=\"https:\/\/www.skalnik.pl\/blog\/wp-content\/uploads\/2022\/10\/dan-formsma-biwakowanie-zima-unsplash.jpg\" alt=\"namiot zimowy msr\" class=\"wp-image-20987\" srcset=\"https:\/\/www.skalnik.pl\/blog\/wp-content\/uploads\/2022\/10\/dan-formsma-biwakowanie-zima-unsplash.jpg 1024w, https:\/\/www.skalnik.pl\/blog\/wp-content\/uploads\/2022\/10\/dan-formsma-biwakowanie-zima-unsplash-300x200.jpg 300w, https:\/\/www.skalnik.pl\/blog\/wp-content\/uploads\/2022\/10\/dan-formsma-biwakowanie-zima-unsplash-768x512.jpg 768w\" sizes=\"auto, (max-width: 1024px) 100vw, 1024px\" \/><figcaption><em>Biwak w niskich temperaturach mo\u017ce wygl\u0105da\u0107 r\u00f3\u017cnie. Nie zawsze namiot b\u0119dzie sta\u0107 na \u015bniegu. (fot. Dan Formsma, Unsplash)<\/em><\/figcaption><\/figure><\/div>\n\n\n\n<h2 class=\"wp-block-heading\"><span class=\"ez-toc-section\" id=\"Czy_namiot_na_zime_musi_posiadac_fartuchy_sniezne\"><\/span><strong>Czy namiot na zim\u0119 musi posiada\u0107 fartuchy \u015bnie\u017cne?<\/strong><span class=\"ez-toc-section-end\"><\/span><\/h2>\n\n\n\n<p>Wiele namiot\u00f3w opisywanych jako czterosezonowe, zimowe b\u0105d\u017a ekspedycyjne, posiada fartuchy \u015bnie\u017cne. Niestety, rzadko mo\u017cemy spotka\u0107 si\u0119 z wyja\u015bnieniem do czego owe fartuchy s\u0142u\u017c\u0105, a tak\u017ce, jakie posiadaj\u0105 wady i zalety.<\/p>\n\n\n\n<p>Fartuchy \u015bnie\u017cne stanowi\u0105 jakby przed\u0142u\u017cenie tropiku, kt\u00f3re po rozstawieniu namiotu le\u017cy na pod\u0142o\u017cu. Ich przysypanie \u015bniegiem pozwala unikn\u0105\u0107 nadmiernego przewiewania wn\u0119trza, nawiewania \u015bniegu do \u015brodka namiotu oraz stabilizuje ca\u0142\u0105 konstrukcj\u0119.<\/p>\n\n\n\n<p>Niestety, rozwi\u0105zanie to ma te\u017c pewne wady \u2013 zwi\u0119ksza wag\u0119 namiotu, ale tak\u017ce w znacznym stopniu upo\u015bledza wentylacj\u0119. Istniej\u0105 modele z odpinanymi fartuchami \u015bnie\u017cnymi, co rozwi\u0105zuje obydwa problemy. Problem z wentylacj\u0105 cz\u0119\u015bciowo niweluj\u0105 za\u015b specjalne gumki, b\u0105d\u017a sznurki, umo\u017cliwiaj\u0105ce podci\u0105gniecie fartuch\u00f3w do g\u00f3ry. Je\u015bli biwakowanie zim\u0105 nie oznacza dla nas rozbijania namiotu na \u015bniegu, a wr\u0119cz chcemy tego unikn\u0105\u0107, fartuchy \u015bnie\u017cne b\u0119d\u0105 zb\u0119dnym balastem.<\/p>\n\n\n\n<h2 class=\"wp-block-heading\"><span class=\"ez-toc-section\" id=\"Konstrukcja_nosna\"><\/span><strong>Konstrukcja no\u015bna<\/strong><span class=\"ez-toc-section-end\"><\/span><\/h2>\n\n\n\n<p>Nawet przy temperaturach powy\u017cej zera i braku \u015bniegu, zimy bywaj\u0105 w naszym kraju bardzo wietrzne. Wiatry wiej\u0105 z du\u017c\u0105 si\u0142\u0105 i nieraz przez wiele dni, a w g\u00f3rach zjawisko to b\u0119dzie wielokrotnie bardziej odczuwalne. Z tego powodu nasz namiot musi mie\u0107 mocn\u0105 konstrukcj\u0119.<\/p>\n\n\n\n<p>Najlepiej sprawdz\u0105 si\u0119 samono\u015bne konstrukcje o kszta\u0142cie kopu\u0142y. Ultralekkie namioty rozk\u0142adane na przyk\u0142ad na kijkach trekkingowych b\u0119d\u0105 stanowczo za s\u0142abe. Stela\u017c powinien by\u0107 wykonany ze stop\u00f3w aluminium. Wszelkiego rodzaju tworzywa sztuczne, stosowane w tanich modelach stwarzaj\u0105 du\u017ce ryzyko z\u0142amania pod wp\u0142ywem wiatru. Dodatkowo istotny jest spos\u00f3b monta\u017cu stela\u017ca. Rurki wsuwane w tunele w tropiku umo\u017cliwiaj\u0105 w przypadku opad\u00f3w rozstawienie tej cz\u0119\u015bci namiotu jako pierwszej, co zabezpiecza sypialni\u0119 przed zmoczeniem.<\/p>\n\n\n\n<h2 class=\"wp-block-heading\"><span class=\"ez-toc-section\" id=\"Wentylacja_namiotu_zima\"><\/span>Wentylacja namiotu zim\u0105<span class=\"ez-toc-section-end\"><\/span><\/h2>\n\n\n\n<p>Na poz\u00f3r przy ni\u017cszych temperaturach ten czynnik powinien mie\u0107 mniejsze znaczenie ni\u017c przy letniej duchocie. W praktyce jednak jest inaczej. W namiotach posiadaj\u0105cych fartuchy \u015bnie\u017cne przemy\u015blany spos\u00f3b wentylacji staje si\u0119 kwesti\u0105 pierwszorz\u0119dn\u0105. W konstrukcjach letnich cz\u0119sto przewietrzanie realizowane jest poprzez przestrzenie pomi\u0119dzy tropikiem a pod\u0142o\u017cem oraz pojedynczy lufcik w g\u00f3rnej cz\u0119\u015bci namiotu. Fartuchy \u015bnie\u017cne uniemo\u017cliwiaj\u0105 tak\u0105 cyrkulacj\u0119 powietrza, zatem wskazana jest dodatkowy wywietrznik.<\/p>\n\n\n\n<p>Rozwi\u0105zaniem jest zesp\u00f3\u0142 dw\u00f3ch wywietrznik\u00f3w umiejscowionych po przeciwnych stronach namiotu, lub dwa niezale\u017cne wej\u015bcia, kt\u00f3re mo\u017cemy dowolnie uchyla\u0107.<\/p>\n\n\n\n<div class=\"wp-block-image\"><figure class=\"aligncenter size-large\"><img loading=\"lazy\" decoding=\"async\" width=\"1024\" height=\"683\" src=\"https:\/\/www.skalnik.pl\/blog\/wp-content\/uploads\/2022\/10\/jan-kopriva-namiot-zimowy-unsplash.jpg\" alt=\"namiot ekspedycyjny the north face\" class=\"wp-image-20986\" srcset=\"https:\/\/www.skalnik.pl\/blog\/wp-content\/uploads\/2022\/10\/jan-kopriva-namiot-zimowy-unsplash.jpg 1024w, https:\/\/www.skalnik.pl\/blog\/wp-content\/uploads\/2022\/10\/jan-kopriva-namiot-zimowy-unsplash-300x200.jpg 300w, https:\/\/www.skalnik.pl\/blog\/wp-content\/uploads\/2022\/10\/jan-kopriva-namiot-zimowy-unsplash-768x512.jpg 768w\" sizes=\"auto, (max-width: 1024px) 100vw, 1024px\" \/><figcaption><em>Fartuchy \u015bnie\u017cne lub okopywanie namiotu sprawia, \u017ce we wn\u0119trzu jest cieplej, ale wentylacja jest znacznie mniejsza. (fot. Jan Kopriva, Unsplash)<\/em><\/figcaption><\/figure><\/div>\n\n\n\n<h2 class=\"wp-block-heading\"><span class=\"ez-toc-section\" id=\"Biwak_zima_a_rozmiar_namiotu\"><\/span>Biwak zim\u0105 a rozmiar namiotu<span class=\"ez-toc-section-end\"><\/span><\/h2>\n\n\n\n<p>Chyba ka\u017cdy zna okre\u015blenie \u201echi\u0144ska dw\u00f3jka\u201d, opisuj\u0105ce wielko\u015b\u0107 namiotu. W rzeczywisto\u015bci nie tylko konstrukcje z dalekiego wschodu maj\u0105 problem z ciasnot\u0105. Wy\u015bcig w kierunku obni\u017cenia wagi spowodowa\u0142 projektowanie modeli zbyt ciasnych, aby by\u0142y komfortowe.<\/p>\n\n\n\n<p>W wi\u0119kszo\u015bci przypadk\u00f3w namiot dwuosobowy nale\u017cy traktowa\u0107 jako dwuosobowy jedynie je\u015bli wybitnie zale\u017cy nam na niskiej wadze i jeste\u015bmy gotowy po\u015bwi\u0119ci\u0107 komfort spania. W przeciwnym wypadku pomy\u015blmy o zakupie modelu dedykowanego liczbie os\u00f3b o jeden wi\u0119kszej od teoretycznych potrzeb.<\/p>\n\n\n\n<p>W zimie jest to o tyle istotne, \u017ce b\u0119dziemy sp\u0119dza\u0107 w namiocie zdecydowanie wi\u0119cej czasu ni\u017c w okresie letnim, mo\u017ce nawet wi\u0119kszo\u015b\u0107 doby. We\u017amy te\u017c pod uwag\u0119, \u017ce b\u0119dziemy mieli ze sob\u0105 wi\u0119cej baga\u017cu \u2013 cieplejszy \u015bpiw\u00f3r, ci\u0119\u017csze ubrania i obuwie. Wszystko to nale\u017cy gdzie\u015b pomie\u015bci\u0107 \u2013 zatem namiot zimowy 2 osobowy cz\u0119sto w praktyce zapewni komfortowe warunki tylko jednej osobie. Alternatyw\u0105 jest wyb\u00f3r modelu wyposa\u017conego w naprawd\u0119 du\u017cy przedsionek (lub przedsionki). Dodatkowym atutem du\u017cego przedsionka jest mo\u017cliwo\u015b\u0107 gotowania w nim bez wystawiania si\u0119 ca\u0142kowicie na warunku atmosferyczne. Pami\u0119tajmy, \u017ce gotowanie wewn\u0105trz namiotu jest bardzo ryzykowne \u2013 tworzywa sztuczne, z kt\u00f3rych produkowane s\u0105 namioty, s\u0105 palne, a ponadto w razie kiepskiej wentylacji, gotowanie wewn\u0105trz mo\u017ce grozi\u0107 nam zaczadzeniem. Zalety przedsionka s\u0105 wi\u0119c ogromne!<\/p>\n\n\n\n<div class=\"wp-block-image\"><figure class=\"aligncenter size-large\"><img loading=\"lazy\" decoding=\"async\" width=\"1024\" height=\"683\" src=\"https:\/\/www.skalnik.pl\/blog\/wp-content\/uploads\/2022\/10\/peter-thomas-biwak-zimowy-gotowanie.jpg\" alt=\"gotowanie na biwaku zim\u0105\" class=\"wp-image-20990\" srcset=\"https:\/\/www.skalnik.pl\/blog\/wp-content\/uploads\/2022\/10\/peter-thomas-biwak-zimowy-gotowanie.jpg 1024w, https:\/\/www.skalnik.pl\/blog\/wp-content\/uploads\/2022\/10\/peter-thomas-biwak-zimowy-gotowanie-300x200.jpg 300w, https:\/\/www.skalnik.pl\/blog\/wp-content\/uploads\/2022\/10\/peter-thomas-biwak-zimowy-gotowanie-768x512.jpg 768w\" sizes=\"auto, (max-width: 1024px) 100vw, 1024px\" \/><figcaption><em>Bezpieczniej gotowa\u0107 jest poza wn\u0119trzem namiotu! (fot. Peter Thomas, Unsplash)<\/em><\/figcaption><\/figure><\/div>\n\n\n\n<h2 class=\"wp-block-heading\"><span class=\"ez-toc-section\" id=\"Czy_namiot_zimowy_oznacza_namiot_ekspedycyjny\"><\/span>Czy namiot zimowy oznacza namiot ekspedycyjny?<span class=\"ez-toc-section-end\"><\/span><\/h2>\n\n\n\n<p>Termin \u201eekspedycyjny\u201d cho\u0107 u\u017cywany powszechnie, mo\u017ce by\u0107 nieco myl\u0105cy i jest w\u0142a\u015bciwie wytworem marketingu. W praktyce jako \u201enamioty ekspedycyjne\u201d producenci okre\u015blaj\u0105 zazwyczaj solidniejsze warianty namiot\u00f3w, na mocnym stela\u017cu, wyposa\u017cone w fartuchy \u015bnie\u017cne \u2013 czyli w praktyce namioty zimowe. Ekspedycj\u0105 mo\u017cemy nazwa\u0107 przecie\u017c r\u00f3wnie\u017c wypraw\u0119 do serca amazo\u0144skiej d\u017cungli lub trawers Sahary, gdzie taki \u201eekspedycyjny\u201d namiot b\u0119dzie zupe\u0142nie nietrafiony. Trzeba przyzna\u0107, \u017ce \u201ewyprawowy\u201d lub \u201eekspedycyjny\u201d brzmi powa\u017cniej ni\u017c \u201ezimowy\u201d czy \u201eczterosezonowy\u201d. Je\u015bli zatem nurtuje nas problem \u201ejaki namiot w g\u00f3ry zim\u0105\u201d i nie ma to by\u0107 jednorazowa przygoda, \u015bmia\u0142o mo\u017cemy rozgl\u0105da\u0107 si\u0119 za namiotem ekspedycyjnym \u2013 nawet je\u015bli nasze ekspedycje b\u0119d\u0105 ogranicza\u0107 si\u0119 do szczytowych partii Beskid\u00f3w.<\/p>\n\n\n\n<p><span class=\"has-inline-color has-vivid-cyan-blue-color\">Zobacz <strong><a href=\"https:\/\/bit.ly\/3TRDY1U\" target=\"_blank\" rel=\"noreferrer noopener\">namioty ekspedycyjne<\/a><\/strong> w Skalnik.pl<\/span><\/p>\n\n\n\n<hr class=\"wp-block-separator is-style-dots\"\/>\n\n\n\n<p>Podsumowuj\u0105c, na \u201ezimowo\u015b\u0107\u201d namiotu sk\u0142ada si\u0119 kilka czynnik\u00f3w, na kt\u00f3re w warunkach letnich nie musimy zwraca\u0107 uwagi. S\u0105 one tym wa\u017cniejsze, im bardziej ekstremalne warunku panujemy przetrwa\u0107. Je\u015bli w perspektywie mamy pierwszy wyjazd pod namiot zim\u0105, a pogoda zapowiada si\u0119 dobra, \u015bmia\u0142o mo\u017cemy spr\u00f3bowa\u0107 przenocowa\u0107 w namiocie letnim. Je\u015bli po\u0142kniemy bakcyla i zdecydujemy si\u0119 cz\u0119\u015bciej nocowa\u0107 w ten spos\u00f3b, r\u00f3wnie\u017c w trudniejszych warunkach, dobrze zastan\u00f3wmy si\u0119 nad wyborem modelu i zakupmy namiot zimowy.<\/p>\n\n\n\n<p><span class=\"has-inline-color has-vivid-cyan-blue-color\">Biwakowanie zim\u0105 wymaga ciep\u0142ego \u015bpiwora. O \u015bpiworach ekspedycyjnych, kt\u00f3re sprawdz\u0105 si\u0119 zim\u0105 przeczytasz <strong><a href=\"https:\/\/bit.ly\/3SxxBje\" target=\"_blank\" rel=\"noreferrer noopener\">tutaj<\/a><\/strong>. <\/span><\/p>\n","protected":false},"excerpt":{"rendered":"<p>Jaki namiot na zim\u0119 jest potrzebny? Zobacz na co zwr\u00f3ci\u0107 uwag\u0119 planuj\u0105c biwak w zimie. <\/p>\n","protected":false},"author":39,"featured_media":20985,"comment_status":"open","ping_status":"open","sticky":false,"template":"","format":"standard","meta":{"_acf_changed":false,"footnotes":""},"categories":[3],"tags":[87,113,16],"magento_category":[115],"magento_product":[],"class_list":["post-20984","post","type-post","status-publish","format-standard","has-post-thumbnail","hentry","category-porady","tag-biwak","tag-namioty","tag-zima"],"acf":[],"aioseo_notices":[],"aioseo_head":"\n\t\t<!-- All in One SEO 4.9.10 - aioseo.com -->\n\t<meta name=\"description\" content=\"Odwa\u017c si\u0119 na zimowy biwak. Najpierw jednak wybierz dobry namiot na zim\u0119. Dowiedz si\u0119 jaki powinien by\u0107 namiot na zimowy biwak w g\u00f3rach. Czy zawsze musi by\u0107 to namiot ekspedycyjny...?\" \/>\n\t<meta name=\"robots\" content=\"max-image-preview:large\" \/>\n\t<meta name=\"author\" content=\"Skadi\"\/>\n\t<link rel=\"canonical\" href=\"https:\/\/www.skalnik.pl\/blog\/namiot-zimowy-jak-wybrac\/\" \/>\n\t<meta name=\"generator\" content=\"All in One SEO (AIOSEO) 4.9.10\" \/>\n\t\t<meta property=\"og:locale\" content=\"pl_PL\" \/>\n\t\t<meta property=\"og:site_name\" content=\"blog Skalnik - Blog, porady, artyku\u0142y - blog Skalnik\" \/>\n\t\t<meta property=\"og:type\" content=\"article\" \/>\n\t\t<meta property=\"og:title\" content=\"Namiot zimowy \u2013 jak wybra\u0107? - blog Skalnik\" \/>\n\t\t<meta property=\"og:description\" content=\"Odwa\u017c si\u0119 na zimowy biwak. Najpierw jednak wybierz dobry namiot na zim\u0119. Dowiedz si\u0119 jaki powinien by\u0107 namiot na zimowy biwak w g\u00f3rach. Czy zawsze musi by\u0107 to namiot ekspedycyjny...?\" \/>\n\t\t<meta property=\"og:url\" content=\"https:\/\/www.skalnik.pl\/blog\/namiot-zimowy-jak-wybrac\/\" \/>\n\t\t<meta property=\"og:image\" content=\"https:\/\/www.skalnik.pl\/blog\/wp-content\/uploads\/2022\/10\/dan-formsma-biwakowanie-zima-unsplash.jpg\" \/>\n\t\t<meta property=\"og:image:secure_url\" content=\"https:\/\/www.skalnik.pl\/blog\/wp-content\/uploads\/2022\/10\/dan-formsma-biwakowanie-zima-unsplash.jpg\" \/>\n\t\t<meta property=\"og:image:width\" content=\"1024\" \/>\n\t\t<meta property=\"og:image:height\" content=\"683\" \/>\n\t\t<meta property=\"article:tag\" content=\"porady\" \/>\n\t\t<meta property=\"article:tag\" content=\"biwak\" \/>\n\t\t<meta property=\"article:tag\" content=\"namioty\" \/>\n\t\t<meta property=\"article:tag\" content=\"zima\" \/>\n\t\t<meta property=\"article:published_time\" content=\"2022-10-26T05:57:17+00:00\" \/>\n\t\t<meta property=\"article:modified_time\" content=\"2022-10-26T05:57:17+00:00\" \/>\n\t\t<meta name=\"twitter:card\" content=\"summary_large_image\" \/>\n\t\t<meta name=\"twitter:title\" content=\"Namiot zimowy \u2013 jak wybra\u0107? - blog Skalnik\" \/>\n\t\t<meta name=\"twitter:description\" content=\"Odwa\u017c si\u0119 na zimowy biwak. Najpierw jednak wybierz dobry namiot na zim\u0119. Dowiedz si\u0119 jaki powinien by\u0107 namiot na zimowy biwak w g\u00f3rach. Czy zawsze musi by\u0107 to namiot ekspedycyjny...?\" \/>\n\t\t<meta name=\"twitter:image\" content=\"https:\/\/www.skalnik.pl\/blog\/wp-content\/uploads\/2022\/10\/dan-formsma-biwakowanie-zima-unsplash.jpg\" \/>\n\t\t<script type=\"application\/ld+json\" class=\"aioseo-schema\">\n\t\t\t{\"@context\":\"https:\\\/\\\/schema.org\",\"@graph\":[{\"@type\":\"BlogPosting\",\"@id\":\"https:\\\/\\\/www.skalnik.pl\\\/blog\\\/namiot-zimowy-jak-wybrac\\\/#blogposting\",\"name\":\"Namiot zimowy \\u2013 jak wybra\\u0107? - blog Skalnik\",\"headline\":\"Namiot zimowy &#8211; jak wybra\\u0107?\",\"author\":{\"@id\":\"https:\\\/\\\/www.skalnik.pl\\\/blog\\\/author\\\/skadi\\\/#author\"},\"publisher\":{\"@id\":\"https:\\\/\\\/www.skalnik.pl\\\/blog\\\/#organization\"},\"image\":{\"@type\":\"ImageObject\",\"url\":\"https:\\\/\\\/www.skalnik.pl\\\/blog\\\/wp-content\\\/uploads\\\/2022\\\/10\\\/dylan-drego-unsplash-jaki-namiot-na-zim\\u0119.jpg\",\"width\":1920,\"height\":706},\"datePublished\":\"2022-10-26T07:57:17+02:00\",\"dateModified\":\"2022-10-26T07:57:17+02:00\",\"inLanguage\":\"pl-PL\",\"mainEntityOfPage\":{\"@id\":\"https:\\\/\\\/www.skalnik.pl\\\/blog\\\/namiot-zimowy-jak-wybrac\\\/#webpage\"},\"isPartOf\":{\"@id\":\"https:\\\/\\\/www.skalnik.pl\\\/blog\\\/namiot-zimowy-jak-wybrac\\\/#webpage\"},\"articleSection\":\"Porady, biwak, namioty, zima, 1226\"},{\"@type\":\"BreadcrumbList\",\"@id\":\"https:\\\/\\\/www.skalnik.pl\\\/blog\\\/namiot-zimowy-jak-wybrac\\\/#breadcrumblist\",\"itemListElement\":[{\"@type\":\"ListItem\",\"@id\":\"https:\\\/\\\/www.skalnik.pl\\\/blog#listItem\",\"position\":1,\"name\":\"Home\",\"item\":\"https:\\\/\\\/www.skalnik.pl\\\/blog\",\"nextItem\":{\"@type\":\"ListItem\",\"@id\":\"https:\\\/\\\/www.skalnik.pl\\\/blog\\\/.\\\/porady\\\/#listItem\",\"name\":\"Porady\"}},{\"@type\":\"ListItem\",\"@id\":\"https:\\\/\\\/www.skalnik.pl\\\/blog\\\/.\\\/porady\\\/#listItem\",\"position\":2,\"name\":\"Porady\",\"item\":\"https:\\\/\\\/www.skalnik.pl\\\/blog\\\/.\\\/porady\\\/\",\"nextItem\":{\"@type\":\"ListItem\",\"@id\":\"https:\\\/\\\/www.skalnik.pl\\\/blog\\\/namiot-zimowy-jak-wybrac\\\/#listItem\",\"name\":\"Namiot zimowy &#8211; jak wybra\\u0107?\"},\"previousItem\":{\"@type\":\"ListItem\",\"@id\":\"https:\\\/\\\/www.skalnik.pl\\\/blog#listItem\",\"name\":\"Home\"}},{\"@type\":\"ListItem\",\"@id\":\"https:\\\/\\\/www.skalnik.pl\\\/blog\\\/namiot-zimowy-jak-wybrac\\\/#listItem\",\"position\":3,\"name\":\"Namiot zimowy &#8211; jak wybra\\u0107?\",\"previousItem\":{\"@type\":\"ListItem\",\"@id\":\"https:\\\/\\\/www.skalnik.pl\\\/blog\\\/.\\\/porady\\\/#listItem\",\"name\":\"Porady\"}}]},{\"@type\":\"Organization\",\"@id\":\"https:\\\/\\\/www.skalnik.pl\\\/blog\\\/#organization\",\"name\":\"blog Skalnik\",\"description\":\"Blog, porady, artyku\\u0142y - blog Skalnik\",\"url\":\"https:\\\/\\\/www.skalnik.pl\\\/blog\\\/\"},{\"@type\":\"Person\",\"@id\":\"https:\\\/\\\/www.skalnik.pl\\\/blog\\\/author\\\/skadi\\\/#author\",\"url\":\"https:\\\/\\\/www.skalnik.pl\\\/blog\\\/author\\\/skadi\\\/\",\"name\":\"Skadi\",\"image\":{\"@type\":\"ImageObject\",\"@id\":\"https:\\\/\\\/www.skalnik.pl\\\/blog\\\/namiot-zimowy-jak-wybrac\\\/#authorImage\",\"url\":\"https:\\\/\\\/secure.gravatar.com\\\/avatar\\\/ae13ef788103b67237116ff6ca11806fd62a3875c2f169205ba46718cec9cfc7?s=96&d=mm&r=g\",\"width\":96,\"height\":96,\"caption\":\"Skadi\"}},{\"@type\":\"WebPage\",\"@id\":\"https:\\\/\\\/www.skalnik.pl\\\/blog\\\/namiot-zimowy-jak-wybrac\\\/#webpage\",\"url\":\"https:\\\/\\\/www.skalnik.pl\\\/blog\\\/namiot-zimowy-jak-wybrac\\\/\",\"name\":\"Namiot zimowy \\u2013 jak wybra\\u0107? - blog Skalnik\",\"description\":\"Odwa\\u017c si\\u0119 na zimowy biwak. Najpierw jednak wybierz dobry namiot na zim\\u0119. Dowiedz si\\u0119 jaki powinien by\\u0107 namiot na zimowy biwak w g\\u00f3rach. Czy zawsze musi by\\u0107 to namiot ekspedycyjny...?\",\"inLanguage\":\"pl-PL\",\"isPartOf\":{\"@id\":\"https:\\\/\\\/www.skalnik.pl\\\/blog\\\/#website\"},\"breadcrumb\":{\"@id\":\"https:\\\/\\\/www.skalnik.pl\\\/blog\\\/namiot-zimowy-jak-wybrac\\\/#breadcrumblist\"},\"author\":{\"@id\":\"https:\\\/\\\/www.skalnik.pl\\\/blog\\\/author\\\/skadi\\\/#author\"},\"creator\":{\"@id\":\"https:\\\/\\\/www.skalnik.pl\\\/blog\\\/author\\\/skadi\\\/#author\"},\"image\":{\"@type\":\"ImageObject\",\"url\":\"https:\\\/\\\/www.skalnik.pl\\\/blog\\\/wp-content\\\/uploads\\\/2022\\\/10\\\/dylan-drego-unsplash-jaki-namiot-na-zim\\u0119.jpg\",\"@id\":\"https:\\\/\\\/www.skalnik.pl\\\/blog\\\/namiot-zimowy-jak-wybrac\\\/#mainImage\",\"width\":1920,\"height\":706},\"primaryImageOfPage\":{\"@id\":\"https:\\\/\\\/www.skalnik.pl\\\/blog\\\/namiot-zimowy-jak-wybrac\\\/#mainImage\"},\"datePublished\":\"2022-10-26T07:57:17+02:00\",\"dateModified\":\"2022-10-26T07:57:17+02:00\"},{\"@type\":\"WebSite\",\"@id\":\"https:\\\/\\\/www.skalnik.pl\\\/blog\\\/#website\",\"url\":\"https:\\\/\\\/www.skalnik.pl\\\/blog\\\/\",\"name\":\"blog Skalnik\",\"description\":\"Blog, porady, artyku\\u0142y - blog Skalnik\",\"inLanguage\":\"pl-PL\",\"publisher\":{\"@id\":\"https:\\\/\\\/www.skalnik.pl\\\/blog\\\/#organization\"}}]}\n\t\t<\/script>\n\t\t<!-- All in One SEO -->\n\n","aioseo_head_json":{"title":"Namiot zimowy \u2013 jak wybra\u0107? - blog Skalnik","description":"Odwa\u017c si\u0119 na zimowy biwak. Najpierw jednak wybierz dobry namiot na zim\u0119. Dowiedz si\u0119 jaki powinien by\u0107 namiot na zimowy biwak w g\u00f3rach. Czy zawsze musi by\u0107 to namiot ekspedycyjny...?","canonical_url":"https:\/\/www.skalnik.pl\/blog\/namiot-zimowy-jak-wybrac\/","robots":"max-image-preview:large","keywords":"","webmasterTools":{"miscellaneous":""},"schema":{"@context":"https:\/\/schema.org","@graph":[{"@type":"BlogPosting","@id":"https:\/\/www.skalnik.pl\/blog\/namiot-zimowy-jak-wybrac\/#blogposting","name":"Namiot zimowy \u2013 jak wybra\u0107? - blog Skalnik","headline":"Namiot zimowy &#8211; jak wybra\u0107?","author":{"@id":"https:\/\/www.skalnik.pl\/blog\/author\/skadi\/#author"},"publisher":{"@id":"https:\/\/www.skalnik.pl\/blog\/#organization"},"image":{"@type":"ImageObject","url":"https:\/\/www.skalnik.pl\/blog\/wp-content\/uploads\/2022\/10\/dylan-drego-unsplash-jaki-namiot-na-zim\u0119.jpg","width":1920,"height":706},"datePublished":"2022-10-26T07:57:17+02:00","dateModified":"2022-10-26T07:57:17+02:00","inLanguage":"pl-PL","mainEntityOfPage":{"@id":"https:\/\/www.skalnik.pl\/blog\/namiot-zimowy-jak-wybrac\/#webpage"},"isPartOf":{"@id":"https:\/\/www.skalnik.pl\/blog\/namiot-zimowy-jak-wybrac\/#webpage"},"articleSection":"Porady, biwak, namioty, zima, 1226"},{"@type":"BreadcrumbList","@id":"https:\/\/www.skalnik.pl\/blog\/namiot-zimowy-jak-wybrac\/#breadcrumblist","itemListElement":[{"@type":"ListItem","@id":"https:\/\/www.skalnik.pl\/blog#listItem","position":1,"name":"Home","item":"https:\/\/www.skalnik.pl\/blog","nextItem":{"@type":"ListItem","@id":"https:\/\/www.skalnik.pl\/blog\/.\/porady\/#listItem","name":"Porady"}},{"@type":"ListItem","@id":"https:\/\/www.skalnik.pl\/blog\/.\/porady\/#listItem","position":2,"name":"Porady","item":"https:\/\/www.skalnik.pl\/blog\/.\/porady\/","nextItem":{"@type":"ListItem","@id":"https:\/\/www.skalnik.pl\/blog\/namiot-zimowy-jak-wybrac\/#listItem","name":"Namiot zimowy &#8211; jak wybra\u0107?"},"previousItem":{"@type":"ListItem","@id":"https:\/\/www.skalnik.pl\/blog#listItem","name":"Home"}},{"@type":"ListItem","@id":"https:\/\/www.skalnik.pl\/blog\/namiot-zimowy-jak-wybrac\/#listItem","position":3,"name":"Namiot zimowy &#8211; jak wybra\u0107?","previousItem":{"@type":"ListItem","@id":"https:\/\/www.skalnik.pl\/blog\/.\/porady\/#listItem","name":"Porady"}}]},{"@type":"Organization","@id":"https:\/\/www.skalnik.pl\/blog\/#organization","name":"blog Skalnik","description":"Blog, porady, artyku\u0142y - blog Skalnik","url":"https:\/\/www.skalnik.pl\/blog\/"},{"@type":"Person","@id":"https:\/\/www.skalnik.pl\/blog\/author\/skadi\/#author","url":"https:\/\/www.skalnik.pl\/blog\/author\/skadi\/","name":"Skadi","image":{"@type":"ImageObject","@id":"https:\/\/www.skalnik.pl\/blog\/namiot-zimowy-jak-wybrac\/#authorImage","url":"https:\/\/secure.gravatar.com\/avatar\/ae13ef788103b67237116ff6ca11806fd62a3875c2f169205ba46718cec9cfc7?s=96&d=mm&r=g","width":96,"height":96,"caption":"Skadi"}},{"@type":"WebPage","@id":"https:\/\/www.skalnik.pl\/blog\/namiot-zimowy-jak-wybrac\/#webpage","url":"https:\/\/www.skalnik.pl\/blog\/namiot-zimowy-jak-wybrac\/","name":"Namiot zimowy \u2013 jak wybra\u0107? - blog Skalnik","description":"Odwa\u017c si\u0119 na zimowy biwak. Najpierw jednak wybierz dobry namiot na zim\u0119. Dowiedz si\u0119 jaki powinien by\u0107 namiot na zimowy biwak w g\u00f3rach. Czy zawsze musi by\u0107 to namiot ekspedycyjny...?","inLanguage":"pl-PL","isPartOf":{"@id":"https:\/\/www.skalnik.pl\/blog\/#website"},"breadcrumb":{"@id":"https:\/\/www.skalnik.pl\/blog\/namiot-zimowy-jak-wybrac\/#breadcrumblist"},"author":{"@id":"https:\/\/www.skalnik.pl\/blog\/author\/skadi\/#author"},"creator":{"@id":"https:\/\/www.skalnik.pl\/blog\/author\/skadi\/#author"},"image":{"@type":"ImageObject","url":"https:\/\/www.skalnik.pl\/blog\/wp-content\/uploads\/2022\/10\/dylan-drego-unsplash-jaki-namiot-na-zim\u0119.jpg","@id":"https:\/\/www.skalnik.pl\/blog\/namiot-zimowy-jak-wybrac\/#mainImage","width":1920,"height":706},"primaryImageOfPage":{"@id":"https:\/\/www.skalnik.pl\/blog\/namiot-zimowy-jak-wybrac\/#mainImage"},"datePublished":"2022-10-26T07:57:17+02:00","dateModified":"2022-10-26T07:57:17+02:00"},{"@type":"WebSite","@id":"https:\/\/www.skalnik.pl\/blog\/#website","url":"https:\/\/www.skalnik.pl\/blog\/","name":"blog Skalnik","description":"Blog, porady, artyku\u0142y - blog Skalnik","inLanguage":"pl-PL","publisher":{"@id":"https:\/\/www.skalnik.pl\/blog\/#organization"}}]},"og:locale":"pl_PL","og:site_name":"blog Skalnik - Blog, porady, artyku\u0142y - blog Skalnik","og:type":"article","og:title":"Namiot zimowy \u2013 jak wybra\u0107? - blog Skalnik","og:description":"Odwa\u017c si\u0119 na zimowy biwak. Najpierw jednak wybierz dobry namiot na zim\u0119. Dowiedz si\u0119 jaki powinien by\u0107 namiot na zimowy biwak w g\u00f3rach. Czy zawsze musi by\u0107 to namiot ekspedycyjny...?","og:url":"https:\/\/www.skalnik.pl\/blog\/namiot-zimowy-jak-wybrac\/","og:image":"https:\/\/www.skalnik.pl\/blog\/wp-content\/uploads\/2022\/10\/dan-formsma-biwakowanie-zima-unsplash.jpg","og:image:secure_url":"https:\/\/www.skalnik.pl\/blog\/wp-content\/uploads\/2022\/10\/dan-formsma-biwakowanie-zima-unsplash.jpg","og:image:width":1024,"og:image:height":683,"article:tag":["porady","biwak","namioty","zima"],"article:published_time":"2022-10-26T05:57:17+00:00","article:modified_time":"2022-10-26T05:57:17+00:00","twitter:card":"summary_large_image","twitter:title":"Namiot zimowy \u2013 jak wybra\u0107? - blog Skalnik","twitter:description":"Odwa\u017c si\u0119 na zimowy biwak. Najpierw jednak wybierz dobry namiot na zim\u0119. Dowiedz si\u0119 jaki powinien by\u0107 namiot na zimowy biwak w g\u00f3rach. Czy zawsze musi by\u0107 to namiot ekspedycyjny...?","twitter:image":"https:\/\/www.skalnik.pl\/blog\/wp-content\/uploads\/2022\/10\/dan-formsma-biwakowanie-zima-unsplash.jpg"},"aioseo_meta_data":{"post_id":"20984","title":null,"description":"Odwa\u017c si\u0119 na zimowy biwak. Najpierw jednak wybierz dobry namiot na zim\u0119. Dowiedz si\u0119 jaki powinien by\u0107 namiot na zimowy biwak w g\u00f3rach. Czy zawsze musi by\u0107 to namiot ekspedycyjny...?","keywords":[{"label":"namiot na zim\u0119","value":"namiot na zim\u0119"},{"label":"biwak zim\u0105","value":"biwak zim\u0105"},{"label":"biwakowanie zim\u0105","value":"biwakowanie zim\u0105"},{"label":"namiot ekspedycyjny","value":"namiot ekspedycyjny"},{"label":"namioty ekspedycyjne","value":"namioty ekspedycyjne"}],"keyphrases":null,"primary_term":null,"canonical_url":"","og_title":null,"og_description":null,"og_object_type":"default","og_image_type":"default","og_image_url":null,"og_image_width":null,"og_image_height":null,"og_image_custom_url":null,"og_image_custom_fields":null,"og_video":null,"og_custom_url":null,"og_article_section":null,"og_article_tags":null,"twitter_use_og":false,"twitter_card":"default","twitter_image_type":"default","twitter_image_url":null,"twitter_image_custom_url":null,"twitter_image_custom_fields":null,"twitter_title":null,"twitter_description":null,"schema":{"blockGraphs":[],"customGraphs":[],"default":{"data":{"Article":[],"Course":[],"Dataset":[],"FAQPage":[],"Movie":[],"Person":[],"Product":[],"ProductReview":[],"Car":[],"Recipe":[],"Service":[],"SoftwareApplication":[],"WebPage":[]},"graphName":"","isEnabled":true},"graphs":[]},"schema_type":"default","schema_type_options":null,"pillar_content":false,"robots_default":true,"robots_noindex":false,"robots_noarchive":false,"robots_nosnippet":false,"robots_nofollow":false,"robots_noimageindex":false,"robots_noodp":false,"robots_notranslate":false,"robots_max_snippet":null,"robots_max_videopreview":null,"robots_max_imagepreview":"large","priority":null,"frequency":null,"local_seo":null,"breadcrumb_settings":null,"limit_modified_date":false,"ai":null,"created":"2023-03-21 08:47:11","updated":"2026-02-17 22:27:21","seo_analyzer_scan_date":null},"aioseo_breadcrumb":"<div class=\"aioseo-breadcrumbs\"><span class=\"aioseo-breadcrumb\">\n\t\t\t<a href=\"https:\/\/www.skalnik.pl\/blog\" title=\"Home\">Home<\/a>\n\t\t<\/span><span class=\"aioseo-breadcrumb-separator\">&raquo;<\/span><span class=\"aioseo-breadcrumb\">\n\t\t\t<a href=\"https:\/\/www.skalnik.pl\/blog\/.\/porady\/\" title=\"Porady\">Porady<\/a>\n\t\t<\/span><span class=\"aioseo-breadcrumb-separator\">&raquo;<\/span><span class=\"aioseo-breadcrumb\">\n\t\t\tNamiot zimowy \u2013 jak wybra\u0107?\n\t\t<\/span><\/div>","aioseo_breadcrumb_json":[{"label":"Home","link":"https:\/\/www.skalnik.pl\/blog"},{"label":"Porady","link":"https:\/\/www.skalnik.pl\/blog\/.\/porady\/"},{"label":"Namiot zimowy &#8211; jak wybra\u0107?","link":"https:\/\/www.skalnik.pl\/blog\/namiot-zimowy-jak-wybrac\/"}],"_links":{"self":[{"href":"https:\/\/www.skalnik.pl\/blog\/wp-json\/wp\/v2\/posts\/20984","targetHints":{"allow":["GET"]}}],"collection":[{"href":"https:\/\/www.skalnik.pl\/blog\/wp-json\/wp\/v2\/posts"}],"about":[{"href":"https:\/\/www.skalnik.pl\/blog\/wp-json\/wp\/v2\/types\/post"}],"author":[{"embeddable":true,"href":"https:\/\/www.skalnik.pl\/blog\/wp-json\/wp\/v2\/users\/39"}],"replies":[{"embeddable":true,"href":"https:\/\/www.skalnik.pl\/blog\/wp-json\/wp\/v2\/comments?post=20984"}],"version-history":[{"count":7,"href":"https:\/\/www.skalnik.pl\/blog\/wp-json\/wp\/v2\/posts\/20984\/revisions"}],"predecessor-version":[{"id":21001,"href":"https:\/\/www.skalnik.pl\/blog\/wp-json\/wp\/v2\/posts\/20984\/revisions\/21001"}],"wp:featuredmedia":[{"embeddable":true,"href":"https:\/\/www.skalnik.pl\/blog\/wp-json\/wp\/v2\/media\/20985"}],"wp:attachment":[{"href":"https:\/\/www.skalnik.pl\/blog\/wp-json\/wp\/v2\/media?parent=20984"}],"wp:term":[{"taxonomy":"category","embeddable":true,"href":"https:\/\/www.skalnik.pl\/blog\/wp-json\/wp\/v2\/categories?post=20984"},{"taxonomy":"post_tag","embeddable":true,"href":"https:\/\/www.skalnik.pl\/blog\/wp-json\/wp\/v2\/tags?post=20984"},{"taxonomy":"magento_category","embeddable":true,"href":"https:\/\/www.skalnik.pl\/blog\/wp-json\/wp\/v2\/magento_category?post=20984"},{"taxonomy":"magento_product","embeddable":true,"href":"https:\/\/www.skalnik.pl\/blog\/wp-json\/wp\/v2\/magento_product?post=20984"}],"curies":[{"name":"wp","href":"https:\/\/api.w.org\/{rel}","templated":true}]}}