{"id":21028,"date":"2022-11-03T09:33:00","date_gmt":"2022-11-03T08:33:00","guid":{"rendered":"https:\/\/www.skalnik.pl\/blog\/?p=21028"},"modified":"2022-12-12T09:45:53","modified_gmt":"2022-12-12T08:45:53","slug":"raczki-vi-6-ktore-wybrac","status":"publish","type":"post","link":"https:\/\/www.skalnik.pl\/blog\/raczki-vi-6-ktore-wybrac\/","title":{"rendered":"Raczki VI.6+ &#8211; kt\u00f3re wybra\u0107"},"content":{"rendered":"\n<p><strong>Raczki turystyczne pomagaj\u0105 przej\u015b\u0107 szlaki \u015bliskie od wydeptanego \u015bniegu lub pokryte warstw\u0105 lodu. S\u0105 lekkie i niedu\u017ce, a ich za\u0142o\u017cenie trwa chwil\u0119. Dobrze pasuj\u0105 na niemal ka\u017cde buty trekkingowe. Na szcz\u0119\u015bcie s\u0105 coraz popularniejsze w\u015br\u00f3d turyst\u00f3w, kt\u00f3rzy nie rezygnuj\u0105 z zimowych w\u0119dr\u00f3wek. Kr\u00f3tki przegl\u0105d raczk\u00f3w turystycznych pomo\u017ce ci wybra\u0107 raczki VI.6+.<\/strong><\/p>\n\n\n\n<p>Raczki turystyczne to specjalne nak\u0142adki na buty, kt\u00f3re sk\u0142adaj\u0105 si\u0119 z metalowych kolc\u00f3w po\u0142\u0105czonych \u0142a\u0144cuszkami oraz gumowych element\u00f3w stabilnie utrzymuj\u0105cych ca\u0142o\u015b\u0107 na bucie. Raczki s\u0105 wr\u0119cz niezast\u0105pione na p\u00f3\u017anojesienne i zimowe w\u0119dr\u00f3wki w niemal ka\u017cdych g\u00f3rach. Wa\u017cne jest jednak to, \u017ce w wysokich g\u00f3rach nigdy nie zast\u0105pi\u0105 rak\u00f3w. Doce\u0144my ich konstrukcj\u0119 i lekko\u015b\u0107, ale u\u017cywajmy zgodnie z przeznaczeniem, a tymi s\u0105: szlaki w g\u00f3rach typu sudeckiego i beskidzkiego oraz wiod\u0105ce tatrza\u0144skimi dolinami. Je\u015bli zatem wybierasz si\u0119 w wy\u017csze partie g\u00f3r, potrzebne ci s\u0105 raki na buty, a ten tekst nie jest o nich.<\/p>\n\n\n\n<div class=\"wp-block-image\"><figure class=\"aligncenter size-large\"><img loading=\"lazy\" decoding=\"async\" width=\"1024\" height=\"683\" src=\"https:\/\/www.skalnik.pl\/blog\/wp-content\/uploads\/2022\/11\/raczki-strumien.jpg\" alt=\"osoba w raczkach kt\u00f3ra przechodzi z jednego brzegu strumienia na drugi\" class=\"wp-image-21036\" srcset=\"https:\/\/www.skalnik.pl\/blog\/wp-content\/uploads\/2022\/11\/raczki-strumien.jpg 1024w, https:\/\/www.skalnik.pl\/blog\/wp-content\/uploads\/2022\/11\/raczki-strumien-300x200.jpg 300w, https:\/\/www.skalnik.pl\/blog\/wp-content\/uploads\/2022\/11\/raczki-strumien-768x512.jpg 768w\" sizes=\"auto, (max-width: 1024px) 100vw, 1024px\" \/><figcaption><em>Raczki to stabilno\u015b\u0107 ka\u017cdego kroku w zimie.<\/em><\/figcaption><\/figure><\/div>\n\n\n\n<p>Marka VI.6+ oferuje r\u00f3\u017cne rodzaje raczk\u00f3w. Warto pozna\u0107 specyfikacj\u0119 ka\u017cdego modelu, \u017ceby wybra\u0107 takie raczki na buty, kt\u00f3re najlepiej sprawdz\u0105 si\u0119 w naszych najcz\u0119stszych aktywno\u015bciach zim\u0105. I nie jest wcale powiedziane, \u017ce to musi by\u0107 jedna para raczk\u00f3w.<\/p>\n\n\n\n<div id=\"ez-toc-container\" class=\"ez-toc-v2_0_85 counter-hierarchy ez-toc-counter ez-toc-light-blue ez-toc-container-direction\">\n<div class=\"ez-toc-title-container\">\n<p class=\"ez-toc-title\" style=\"cursor:inherit\">SPIS TRE\u015aCI <\/p>\n<span class=\"ez-toc-title-toggle\"><a href=\"#\" class=\"ez-toc-pull-right ez-toc-btn ez-toc-btn-xs ez-toc-btn-default ez-toc-toggle\" aria-label=\"Prze\u0142\u0105cznik Spisu Tre\u015bci\"><span class=\"ez-toc-js-icon-con\"><span class=\"\"><span class=\"eztoc-hide\" style=\"display:none;\">Toggle<\/span><span class=\"ez-toc-icon-toggle-span\"><svg style=\"fill: #999;color:#999\" xmlns=\"http:\/\/www.w3.org\/2000\/svg\" class=\"list-377408\" width=\"20px\" height=\"20px\" viewBox=\"0 0 24 24\" fill=\"none\"><path d=\"M6 6H4v2h2V6zm14 0H8v2h12V6zM4 11h2v2H4v-2zm16 0H8v2h12v-2zM4 16h2v2H4v-2zm16 0H8v2h12v-2z\" fill=\"currentColor\"><\/path><\/svg><svg style=\"fill: #999;color:#999\" class=\"arrow-unsorted-368013\" xmlns=\"http:\/\/www.w3.org\/2000\/svg\" width=\"10px\" height=\"10px\" viewBox=\"0 0 24 24\" version=\"1.2\" baseProfile=\"tiny\"><path d=\"M18.2 9.3l-6.2-6.3-6.2 6.3c-.2.2-.3.4-.3.7s.1.5.3.7c.2.2.4.3.7.3h11c.3 0 .5-.1.7-.3.2-.2.3-.5.3-.7s-.1-.5-.3-.7zM5.8 14.7l6.2 6.3 6.2-6.3c.2-.2.3-.5.3-.7s-.1-.5-.3-.7c-.2-.2-.4-.3-.7-.3h-11c-.3 0-.5.1-.7.3-.2.2-.3.5-.3.7s.1.5.3.7z\"\/><\/svg><\/span><\/span><\/span><\/a><\/span><\/div>\n<nav><ul class='ez-toc-list ez-toc-list-level-1 ' ><li class='ez-toc-page-1 ez-toc-heading-level-2'><a class=\"ez-toc-link ez-toc-heading-1\" href=\"https:\/\/www.skalnik.pl\/blog\/raczki-vi-6-ktore-wybrac\/#Dla_kogo_raczki_w_gory\" >Dla kogo raczki w g\u00f3ry<\/a><\/li><li class='ez-toc-page-1 ez-toc-heading-level-2'><a class=\"ez-toc-link ez-toc-heading-2\" href=\"https:\/\/www.skalnik.pl\/blog\/raczki-vi-6-ktore-wybrac\/#Raczki_do_butow_%E2%80%93_konstrukcja\" >Raczki do but\u00f3w \u2013 konstrukcja<\/a><\/li><li class='ez-toc-page-1 ez-toc-heading-level-2'><a class=\"ez-toc-link ez-toc-heading-3\" href=\"https:\/\/www.skalnik.pl\/blog\/raczki-vi-6-ktore-wybrac\/#Jakie_raczki_wybrac\" >Jakie raczki wybra\u0107<\/a><\/li><li class='ez-toc-page-1 ez-toc-heading-level-2'><a class=\"ez-toc-link ez-toc-heading-4\" href=\"https:\/\/www.skalnik.pl\/blog\/raczki-vi-6-ktore-wybrac\/#Raczki_VI6_rozmiary\" >Raczki VI.6+ rozmiary<\/a><\/li><\/ul><\/nav><\/div>\n<h2 class=\"wp-block-heading\"><span class=\"ez-toc-section\" id=\"Dla_kogo_raczki_w_gory\"><\/span>Dla kogo raczki w g\u00f3ry<span class=\"ez-toc-section-end\"><\/span><\/h2>\n\n\n\n<p>Tu odpowied\u017a jest prosta \u2013 dla ka\u017cdej osoby, kt\u00f3ra w zimie (lub p\u00f3\u017an\u0105 jesieni\u0105, gdy jest ju\u017c \u015bnieg) je\u017adzi w g\u00f3ry typu sudeckiego czy beskidzkiego, a tak\u017ce w doliny tatrza\u0144skie. Wraz z kijami trekkingowymi tworz\u0105 dobry zestaw, by zapewni\u0107 stabilne poruszanie si\u0119 po szlakach, kt\u00f3re mog\u0105 by\u0107 \u015bliskie. Dobrym przyk\u0142adem mo\u017ce by\u0107 chocia\u017cby Dolina Ko\u015bcieliska, kt\u00f3r\u0105 w zimowe, pi\u0119kne dni przemierzaj\u0105 tysi\u0105ce turyst\u00f3w \u2013 ugnieciony ich stopami \u015bnieg bywa naprawd\u0119 zwodniczy, a to przecie\u017c niemal zupe\u0142nie p\u0142aski teren. Dzi\u0119ki stabilno\u015bci, kt\u00f3r\u0105 daj\u0105 raczki, mo\u017cesz porusza\u0107 si\u0119 nie tylko bezpieczniej i pewniej, ale te\u017c szybciej, a to w kr\u00f3tkie dni nie lada zaleta.<\/p>\n\n\n\n<p><span class=\"has-inline-color has-vivid-cyan-blue-color\">W naszym sklepie zjedziesz bogat\u0105 ofert\u0119 na <strong><a href=\"https:\/\/www.skalnik.pl\/sprzet-zimowy\/turystyka-zimowa\/turystyka-zimowa-raki-raczki\/raczki-turystyczne\" target=\"_blank\" rel=\"noreferrer noopener\">raczki turystyczne<\/a><\/strong>.<\/span><\/p>\n\n\n\n<div class=\"wp-block-image\"><figure class=\"aligncenter size-large\"><img loading=\"lazy\" decoding=\"async\" width=\"1024\" height=\"683\" src=\"https:\/\/www.skalnik.pl\/blog\/wp-content\/uploads\/2022\/11\/raczki-kijki.jpg\" alt=\"kobieta w lesie ma na nogach raczki a w r\u0119kach kije trekkingowe\" class=\"wp-image-21031\" srcset=\"https:\/\/www.skalnik.pl\/blog\/wp-content\/uploads\/2022\/11\/raczki-kijki.jpg 1024w, https:\/\/www.skalnik.pl\/blog\/wp-content\/uploads\/2022\/11\/raczki-kijki-300x200.jpg 300w, https:\/\/www.skalnik.pl\/blog\/wp-content\/uploads\/2022\/11\/raczki-kijki-768x512.jpg 768w\" sizes=\"auto, (max-width: 1024px) 100vw, 1024px\" \/><figcaption><em>Raczki i kijki trekkingowe zestaw na zimow\u0105 w\u0119dr\u00f3wk\u0119<\/em>.<\/figcaption><\/figure><\/div>\n\n\n\n<h2 class=\"wp-block-heading\"><span class=\"ez-toc-section\" id=\"Raczki_do_butow_%E2%80%93_konstrukcja\"><\/span>Raczki do but\u00f3w \u2013 konstrukcja<span class=\"ez-toc-section-end\"><\/span><\/h2>\n\n\n\n<p>Niemal wszystkie modele raczk\u00f3w VI.6+ maj\u0105 bardzo podobn\u0105 konstrukcj\u0119. Kolce (ich liczba oraz wielko\u015b\u0107 jest r\u00f3\u017cna w zale\u017cno\u015bci od modelu), kt\u00f3re stanowi\u0105 podstaw\u0119 raczk\u00f3w, po\u0142\u0105czone ze sob\u0105 \u0142a\u0144cuszkami. Wszystkie te metalowe elementy wykonano z trwa\u0142ej stali nierdzewnej. Dzi\u0119ki takiemu po\u0142\u0105czeniu (za pomoc\u0105 \u0142a\u0144cuszk\u00f3w) ca\u0142o\u015b\u0107 dobrze dopasowuje si\u0119 zar\u00f3wno do obuwia, jak i do naszego chodu. Twoje buty turystyczne nie musz\u0105 mie\u0107 sztywnej podeszwy, \u017ceby u\u017cywa\u0107 je z raczkami (w przeciwie\u0144stwie do rak\u00f3w \u2013 te bowiem wymagaj\u0105 sztywnych podeszew). Gumowa cz\u0119\u015b\u0107 g\u00f3rna to \u201esystem no\u015bny\u201d, do niej przymocowane s\u0105 wszystkie \u0142a\u0144cuszki oplataj\u0105ce podeszw\u0119. Dzi\u0119ki temu, \u017ce jest to guma raczki mo\u017cesz bez problemu w\u0142o\u017cy\u0107, nawet w r\u0119kawiczkach.<\/p>\n\n\n\n<div class=\"wp-block-image\"><figure class=\"aligncenter size-large\"><img loading=\"lazy\" decoding=\"async\" width=\"1024\" height=\"683\" src=\"https:\/\/www.skalnik.pl\/blog\/wp-content\/uploads\/2022\/11\/raczki-plot.jpg\" alt=\"kobieta ma na nogach raczki turystyczne\" class=\"wp-image-21034\" srcset=\"https:\/\/www.skalnik.pl\/blog\/wp-content\/uploads\/2022\/11\/raczki-plot.jpg 1024w, https:\/\/www.skalnik.pl\/blog\/wp-content\/uploads\/2022\/11\/raczki-plot-300x200.jpg 300w, https:\/\/www.skalnik.pl\/blog\/wp-content\/uploads\/2022\/11\/raczki-plot-768x512.jpg 768w\" sizes=\"auto, (max-width: 1024px) 100vw, 1024px\" \/><figcaption><em>Za\u0142o\u017cenie raczk\u00f3w w r\u0119kawiczkach jest mo\u017cliwe.<\/em><\/figcaption><\/figure><\/div>\n\n\n\n<h2 class=\"wp-block-heading\"><span class=\"ez-toc-section\" id=\"Jakie_raczki_wybrac\"><\/span>Jakie raczki wybra\u0107<span class=\"ez-toc-section-end\"><\/span><\/h2>\n\n\n\n<p>Do wyboru mamy cztery modele marki VI.6+, s\u0105 to:<\/p>\n\n\n\n<ul class=\"wp-block-list\"><li>raczki Pro Traxion<\/li><li>raczki Pro Traxion Lite<\/li><li>raczki Pro Traxion Simple<\/li><li>nak\u0142adki City Traxion.<\/li><\/ul>\n\n\n\n<p>Jak wida\u0107 trzy pierwsze to typowe modele raczk\u00f3w, a czwarte s\u0105 minimalistycznymi nak\u0142adkami antypo\u015blizgowymi.<\/p>\n\n\n\n<p><span class=\"has-inline-color has-vivid-cyan-blue-color\">Zobacz wszystkie <strong><a href=\"https:\/\/www.skalnik.pl\/sprzet-zimowy\/turystyka-zimowa\/turystyka-zimowa-raki-raczki\/raczki-turystyczne\/marka:vi.6\" target=\"_blank\" rel=\"noreferrer noopener\">raczki turystyczne VI.6+<\/a><\/strong><\/span><\/p>\n\n\n\n<p><strong>Pro Traxion<\/strong> \u2013 konstrukcja tych raczk\u00f3w to 13 z\u0119b\u00f3w ze stali nierdzewnej osadzonych na specjalnych obr\u0119czach, kt\u00f3re po\u0142\u0105czone s\u0105 ze sob\u0105 \u0142a\u0144cuszkami zamocowanymi w gumowym otoku. System jest stabilny, a dodatkowo wspiera go ta\u015bma z rzepem spinaj\u0105ca gumowy \u201esystem no\u015bny\u201d. Dzi\u0119ki po\u0142o\u017conym z przodu z\u0119bom raczki sprawdzaj\u0105 si\u0119 na podej\u015bciach, zapobiegaj\u0105c zsuwaniu si\u0119 but\u00f3w. Guma jest wygodnie rozci\u0105gliwa, nawet w r\u0119kawiczkach. Sztywny pokrowiec na raczki zapobiega ewentualnemu zahaczeniu z\u0119b\u00f3w o inne przedmioty w plecaku. To model idealny na kr\u00f3tkie (np. jednodniowe) wypady w g\u00f3ry, najci\u0119\u017cszy, ale te\u017c daj\u0105cy najwi\u0119ksze poczucie bezpiecze\u0144stwa.<\/p>\n\n\n\n<div class=\"wp-block-image\"><figure class=\"aligncenter size-large\"><img loading=\"lazy\" decoding=\"async\" width=\"1024\" height=\"683\" src=\"https:\/\/www.skalnik.pl\/blog\/wp-content\/uploads\/2022\/11\/raczki-podeszwy.jpg\" alt=\"dwie osoby ty\u0142em, wida\u0107 podeszwy but\u00f3w z raczkami\" class=\"wp-image-21033\" srcset=\"https:\/\/www.skalnik.pl\/blog\/wp-content\/uploads\/2022\/11\/raczki-podeszwy.jpg 1024w, https:\/\/www.skalnik.pl\/blog\/wp-content\/uploads\/2022\/11\/raczki-podeszwy-300x200.jpg 300w, https:\/\/www.skalnik.pl\/blog\/wp-content\/uploads\/2022\/11\/raczki-podeszwy-768x512.jpg 768w\" sizes=\"auto, (max-width: 1024px) 100vw, 1024px\" \/><figcaption><em>Z prawej strony raczki Pro Traxion, po lewej &#8211; Pro Traxion Lite<\/em>.<\/figcaption><\/figure><\/div>\n\n\n\n<p><strong>Pro Traxion Lite<\/strong> \u2013 na pierwszy rzut oka wydaj\u0105 si\u0119 niemal identyczne, jak model Pro Traxion, widoczny jest jedynie brak ta\u015bmy z rzepem. \u017beby zauwa\u017cy\u0107 r\u00f3\u017cnice, najlepiej spojrze\u0107 podeszwy but\u00f3w z zamontowanymi raczkami. Tutaj z\u0119by, kt\u00f3rych te\u017c jest trzyna\u015bcie, ale s\u0105 kr\u00f3tsze ni\u017c w modelu podstawowym \u2013 osadzono na \u0142a\u0144cuszkach. Ca\u0142a konstrukcja jest troch\u0119 bardziej elastyczna i na pocz\u0105tku mo\u017ce by\u0107 nieco mniej wygodna w zak\u0142adaniu. Zalet\u0105 tego modelu jest waga \u2013 niespe\u0142na 300 g. Doceni\u0105 go osoby o pewnym do\u015bwiadczeniu zimowym, kt\u00f3re potrzebuj\u0105 wsparcia na szlakach, tak\u017ce tych z podej\u015bciami.<\/p>\n\n\n\n<p><strong>Pro Traxion Simple<\/strong> jest modelem bardzo minimalistycznym, cho\u0107 wci\u0105\u017c opartym na konstrukcji kolc\u00f3w, \u0142a\u0144cuszk\u00f3w i gumowego systemu no\u015bnego. Kolc\u00f3w jest tylko osiem i umieszczono je tylko w jednej cz\u0119\u015bci raczk\u00f3w (znajd\u0105 si\u0119 po przedni\u0105 cz\u0119\u015bci\u0105 podeszwy). \u0141a\u0144cuszki oplataj\u0105 sp\u00f3d buta, a guma cholewk\u0119, utrzymuj\u0105c ca\u0142o\u015b\u0107 na bucie. To rozwi\u0105zanie dla do\u015bwiadczonych turyst\u00f3w, kt\u00f3rzy na bardzo \u015bliskich szlakach potrzebuj\u0105 stabilno\u015bci krok\u00f3w. Pokrowiec do\u0142\u0105czony do raczk\u00f3w jest malutki i z pewno\u015bci\u0105 zmie\u015bci si\u0119 w ka\u017cdym plecaku. Takie mini raczki na buty \u015bwietnie sprawdz\u0105 si\u0119 w przypadku niepewnej pogody, jako wyj\u015bcie awaryjne lub tylko na cz\u0119\u015b\u0107 w\u0119dr\u00f3wki (np. na porannych oblodzeniach).<\/p>\n\n\n\n<p>Na <strong>nak\u0142adki City Traxion<\/strong> niekt\u00f3rzy m\u00f3wi\u0105 kolce na buty i maj\u0105 troch\u0119 racji. Wykonane s\u0105 z gumy, kt\u00f3ra jest odporna na niskie temperatury. U do\u0142u rozmieszczono dziesi\u0119\u0107 niedu\u017cych bolc\u00f3w: sze\u015b\u0107 w przedniej cz\u0119\u015bci podeszwy, a cztery w tylnej. Nawet tak niedu\u017ce kolce wystarcz\u0105, by zachowa\u0107 r\u00f3wnowag\u0119 na zmro\u017conym chodniku czy alejce. To model stworzony do poruszania si\u0119 po mie\u015bcie, ale doceni\u0105 go tak\u017ce osoby, kt\u00f3re zim\u0105 zamiast na bie\u017cni trenuj\u0105 na powietrzu, jako kolce do biegania. S\u0105 lekkie, dobrze dopasowuj\u0105 si\u0119 do but\u00f3w i pasuj\u0105 praktycznie na ka\u017cdy rodzaj obuwia.<\/p>\n\n\n\n<h2 class=\"wp-block-heading\"><span class=\"ez-toc-section\" id=\"Raczki_VI6_rozmiary\"><\/span>Raczki VI.6+ rozmiary<span class=\"ez-toc-section-end\"><\/span><\/h2>\n\n\n\n<p>Wa\u017cn\u0105 cech\u0105 charakterystyczn\u0105 raczk\u00f3w jest ich dopasowanie do but\u00f3w. Stosuje si\u0119 w ich przypadku oznaczenia S, M, L i XL \u2013 w ich ramach s\u0105 podane oznaczenia, jakim rozmiarom but\u00f3w odpowiadaj\u0105. Uwaga, ze wzgl\u0119du na budow\u0119 raczk\u00f3w, s\u0105 niewielkie r\u00f3\u017cnice w rozmiar\u00f3wce obuwia, co najlepiej wida\u0107 w poni\u017cszej tabelce<\/p>\n\n\n\n<figure class=\"wp-block-table\"><table><tbody><tr><td>&nbsp;<\/td><td><strong>Pro Traxion<\/strong><\/td><td><strong>Pro Traxion Lite<\/strong><\/td><td><strong>Pro Traxion Simple<\/strong><\/td><td><strong>City Traxion<\/strong><\/td><\/tr><tr><td>XS<\/td><td>33\u201335<\/td><td>&nbsp;&nbsp;&nbsp;&nbsp;&nbsp;&nbsp;&nbsp;&nbsp;&nbsp;&nbsp;&nbsp;&nbsp;&nbsp;&nbsp;&nbsp;<\/td><td>&nbsp;<\/td><td>&nbsp;<\/td><\/tr><tr><td>S<\/td><td>36-38<\/td><td>33\u201336<\/td><td>&nbsp;<\/td><td>&nbsp;<\/td><\/tr><tr><td>M<\/td><td>39-41<\/td><td>36\u201340<\/td><td>37\u201340<\/td><td>37\u201340<\/td><\/tr><tr><td>L<\/td><td>42-44<\/td><td>40\u201344<\/td><td>41\u201344<\/td><td>41\u201344<\/td><\/tr><tr><td>XL<\/td><td>45-47<\/td><td>44\u201348<\/td><td>45\u201348<\/td><td>45\u201348<\/td><\/tr><\/tbody><\/table><\/figure>\n\n\n\n<p>Kt\u00f3re raczki kupi\u0107, gdy nosi si\u0119 rozmiar graniczny? W takim wypadku najlepiej kierowa\u0107 si\u0119 budow\u0105 buta. Masywne podeszwy i sztywne cholewki to pow\u00f3d, dla kt\u00f3rego lepszym rozwi\u0105zaniem mog\u0105 okaza\u0107 si\u0119 wi\u0119ksze raczki. Mo\u017cna te\u017c \u2013 i jest to spos\u00f3b zdecydowanie pewniejszy \u2013 przymierzy\u0107 raczki w sklepie lub zam\u00f3wi\u0107 dwie pary, by m\u00f3c to zrobi\u0107 w domu.<\/p>\n\n\n\n<div class=\"wp-block-image\"><figure class=\"aligncenter size-large\"><img loading=\"lazy\" decoding=\"async\" width=\"1024\" height=\"683\" src=\"https:\/\/www.skalnik.pl\/blog\/wp-content\/uploads\/2022\/11\/raczki-opakowania.jpg\" alt=\"osoba trzymaj\u0105ca w r\u0119kach otwarte pokrowce z raczkami, po lewej jest mniejsze\" class=\"wp-image-21037\" srcset=\"https:\/\/www.skalnik.pl\/blog\/wp-content\/uploads\/2022\/11\/raczki-opakowania.jpg 1024w, https:\/\/www.skalnik.pl\/blog\/wp-content\/uploads\/2022\/11\/raczki-opakowania-300x200.jpg 300w, https:\/\/www.skalnik.pl\/blog\/wp-content\/uploads\/2022\/11\/raczki-opakowania-768x512.jpg 768w\" sizes=\"auto, (max-width: 1024px) 100vw, 1024px\" \/><figcaption><em>Ile miejsca zajmuj\u0105 raczki &#8211; niebieskie to model Pro Traxion Lite, zielone &#8211; Pro Traxion.<\/em><\/figcaption><\/figure><\/div>\n\n\n\n<p>Je\u015bli chodzi o rozmiary marka VI.6+ bardzo sprytnie oznaczy\u0142a poszczeg\u00f3lne rozmiary kolorami. Zar\u00f3wno w modelu Pro Traxion jak i Pro Traxion Lite guma jest w kolorze, kt\u00f3ry jednocze\u015bnie oznacza rozmiar. Wygl\u0105da to nast\u0119puj\u0105co: rozmiar S ma kolor pomara\u0144czowy, M \u2013 niebieski, L \u2013 zielony, XL \u2013 czerwony. Odst\u0119pstwem od tego kodu s\u0105 raczki serii Pro Traxion Camouflage, w kt\u00f3rym niezale\u017cnie od rozmiaru guma ma kolor kamufla\u017cu. Kod kolorystyczny to praktyczne rozwi\u0105zanie, gdy w domu mamy kilkoro u\u017cytkownik\u00f3w raczk\u00f3w o r\u00f3\u017cnych rozmiarach but\u00f3w.<\/p>\n\n\n\n<p>Turystycznym duetom polecamy te\u017c wersj\u0119 wielopakow\u0105 raczk\u00f3w turystycznych. Raczki Pro Traxion Camouflage i Pro Traxion Lite mo\u017cna wybiera\u0107 w zestawach po 2 sztuki.<\/p>\n\n\n\n<div class=\"wp-block-image\"><figure class=\"aligncenter size-large\"><img loading=\"lazy\" decoding=\"async\" width=\"1024\" height=\"683\" src=\"https:\/\/www.skalnik.pl\/blog\/wp-content\/uploads\/2022\/11\/raczki-na-skale.jpg\" alt=\"raczki turystyczne VI.6+\" class=\"wp-image-21032\" srcset=\"https:\/\/www.skalnik.pl\/blog\/wp-content\/uploads\/2022\/11\/raczki-na-skale.jpg 1024w, https:\/\/www.skalnik.pl\/blog\/wp-content\/uploads\/2022\/11\/raczki-na-skale-300x200.jpg 300w, https:\/\/www.skalnik.pl\/blog\/wp-content\/uploads\/2022\/11\/raczki-na-skale-768x512.jpg 768w\" sizes=\"auto, (max-width: 1024px) 100vw, 1024px\" \/><figcaption><em>Raczki na skale si\u0119 nie przydadz\u0105, ale nie trzeba i\u015b\u0107 zdejmowa\u0107 w trakcie kr\u00f3tkiego odpoczynku.<\/em><\/figcaption><\/figure><\/div>\n\n\n\n<p>Raczki w g\u00f3ry to wr\u0119cz niezb\u0119dny element ekwipunku. Wersj\u0119 Pro Traxion Simple mo\u017cna mie\u0107 w plecaku zawsze od mniej wi\u0119cej po\u0142owy listopada do marca, bo nigdy nie wiadomo, czy nie natkniemy si\u0119 na wyj\u0105tkowo \u015bliski odcinek szlaku. Gdy zimowa aura na d\u0142u\u017cej zago\u015bci w g\u00f3rach zdecydowanie wygodniejsze b\u0119d\u0105 modele Pro Traxion i Pro Traxion Lite.<\/p>\n\n\n\n<p><span class=\"has-inline-color has-vivid-cyan-blue-color\">Skocz jeszcze do artyku\u0142u, w kt\u00f3rym przedstawiamy <strong><a href=\"https:\/\/www.skalnik.pl\/blog\/raczki-turystyczne-vi-6-pro-traxion-lite-test\/\" target=\"_blank\" rel=\"noreferrer noopener\">test raczk\u00f3w Tro Traxion Lite<\/a><\/strong>. <\/span><\/p>\n","protected":false},"excerpt":{"rendered":"<p>Raczki turystyczne VI.6+ to wygoda, bezpiecze\u0144stwo i stabilno\u015b\u0107 zimowych w\u0119dr\u00f3wek. Sprawd\u017a, kt\u00f3re raczki wybra\u0107.<\/p>\n","protected":false},"author":9,"featured_media":21042,"comment_status":"open","ping_status":"open","sticky":false,"template":"","format":"standard","meta":{"_acf_changed":false,"footnotes":""},"categories":[3],"tags":[28,138,16],"magento_category":[],"magento_product":[],"class_list":["post-21028","post","type-post","status-publish","format-standard","has-post-thumbnail","hentry","category-porady","tag-gory","tag-vi-6","tag-zima"],"acf":[],"aioseo_notices":[],"aioseo_head":"\n\t\t<!-- All in One SEO 4.9.10 - aioseo.com -->\n\t<meta name=\"description\" content=\"Raczki w g\u00f3ry to niezb\u0119dny sprz\u0119t nawet na \u0142atwe szlaki w zimie. Raczki VI.6+ to cztery modele dla r\u00f3\u017cnych cel\u00f3w g\u00f3rskich. Sprawd\u017a, jakie raczki wybra\u0107.\" \/>\n\t<meta name=\"robots\" content=\"max-image-preview:large\" \/>\n\t<meta name=\"author\" content=\"Beata Nawrotkiewicz\"\/>\n\t<link rel=\"canonical\" href=\"https:\/\/www.skalnik.pl\/blog\/raczki-vi-6-ktore-wybrac\/\" \/>\n\t<meta name=\"generator\" content=\"All in One SEO (AIOSEO) 4.9.10\" \/>\n\t\t<meta property=\"og:locale\" content=\"pl_PL\" \/>\n\t\t<meta property=\"og:site_name\" content=\"blog Skalnik - Blog, porady, artyku\u0142y - blog Skalnik\" \/>\n\t\t<meta property=\"og:type\" content=\"article\" \/>\n\t\t<meta property=\"og:title\" content=\"Raczki VI.6+ \u2013 kt\u00f3re wybra\u0107 - blog Skalnik\" \/>\n\t\t<meta property=\"og:description\" content=\"Raczki w g\u00f3ry to niezb\u0119dny sprz\u0119t nawet na \u0142atwe szlaki w zimie. Raczki VI.6+ to cztery modele dla r\u00f3\u017cnych cel\u00f3w g\u00f3rskich. Sprawd\u017a, jakie raczki wybra\u0107.\" \/>\n\t\t<meta property=\"og:url\" content=\"https:\/\/www.skalnik.pl\/blog\/raczki-vi-6-ktore-wybrac\/\" \/>\n\t\t<meta property=\"og:image\" content=\"https:\/\/www.skalnik.pl\/blog\/wp-content\/uploads\/2022\/11\/raczki-strumien.jpg\" \/>\n\t\t<meta property=\"og:image:secure_url\" content=\"https:\/\/www.skalnik.pl\/blog\/wp-content\/uploads\/2022\/11\/raczki-strumien.jpg\" \/>\n\t\t<meta property=\"og:image:width\" content=\"1024\" \/>\n\t\t<meta property=\"og:image:height\" content=\"683\" \/>\n\t\t<meta property=\"article:tag\" content=\"porady\" \/>\n\t\t<meta property=\"article:tag\" content=\"g\u00f3ry\" \/>\n\t\t<meta property=\"article:tag\" content=\"vi.6+\" \/>\n\t\t<meta property=\"article:tag\" content=\"zima\" \/>\n\t\t<meta property=\"article:published_time\" content=\"2022-11-03T08:33:00+00:00\" \/>\n\t\t<meta property=\"article:modified_time\" content=\"2022-12-12T08:45:53+00:00\" \/>\n\t\t<meta name=\"twitter:card\" content=\"summary_large_image\" \/>\n\t\t<meta name=\"twitter:title\" content=\"Raczki VI.6+ \u2013 kt\u00f3re wybra\u0107 - blog Skalnik\" \/>\n\t\t<meta name=\"twitter:description\" content=\"Raczki w g\u00f3ry to niezb\u0119dny sprz\u0119t nawet na \u0142atwe szlaki w zimie. Raczki VI.6+ to cztery modele dla r\u00f3\u017cnych cel\u00f3w g\u00f3rskich. Sprawd\u017a, jakie raczki wybra\u0107.\" \/>\n\t\t<meta name=\"twitter:image\" content=\"https:\/\/www.skalnik.pl\/blog\/wp-content\/uploads\/2022\/11\/raczki-strumien.jpg\" \/>\n\t\t<script type=\"application\/ld+json\" class=\"aioseo-schema\">\n\t\t\t{\"@context\":\"https:\\\/\\\/schema.org\",\"@graph\":[{\"@type\":\"BlogPosting\",\"@id\":\"https:\\\/\\\/www.skalnik.pl\\\/blog\\\/raczki-vi-6-ktore-wybrac\\\/#blogposting\",\"name\":\"Raczki VI.6+ \\u2013 kt\\u00f3re wybra\\u0107 - blog Skalnik\",\"headline\":\"Raczki VI.6+ &#8211; kt\\u00f3re wybra\\u0107\",\"author\":{\"@id\":\"https:\\\/\\\/www.skalnik.pl\\\/blog\\\/author\\\/beata-nawrotkiewicz\\\/#author\"},\"publisher\":{\"@id\":\"https:\\\/\\\/www.skalnik.pl\\\/blog\\\/#organization\"},\"image\":{\"@type\":\"ImageObject\",\"url\":\"https:\\\/\\\/www.skalnik.pl\\\/blog\\\/wp-content\\\/uploads\\\/2022\\\/11\\\/raczki-tytulowe2.jpg\",\"width\":1920,\"height\":705,\"caption\":\"dwie osoby w raczkach\"},\"datePublished\":\"2022-11-03T09:33:00+02:00\",\"dateModified\":\"2022-12-12T09:45:53+02:00\",\"inLanguage\":\"pl-PL\",\"mainEntityOfPage\":{\"@id\":\"https:\\\/\\\/www.skalnik.pl\\\/blog\\\/raczki-vi-6-ktore-wybrac\\\/#webpage\"},\"isPartOf\":{\"@id\":\"https:\\\/\\\/www.skalnik.pl\\\/blog\\\/raczki-vi-6-ktore-wybrac\\\/#webpage\"},\"articleSection\":\"Porady, g\\u00f3ry, VI.6+, zima\"},{\"@type\":\"BreadcrumbList\",\"@id\":\"https:\\\/\\\/www.skalnik.pl\\\/blog\\\/raczki-vi-6-ktore-wybrac\\\/#breadcrumblist\",\"itemListElement\":[{\"@type\":\"ListItem\",\"@id\":\"https:\\\/\\\/www.skalnik.pl\\\/blog#listItem\",\"position\":1,\"name\":\"Home\",\"item\":\"https:\\\/\\\/www.skalnik.pl\\\/blog\",\"nextItem\":{\"@type\":\"ListItem\",\"@id\":\"https:\\\/\\\/www.skalnik.pl\\\/blog\\\/.\\\/porady\\\/#listItem\",\"name\":\"Porady\"}},{\"@type\":\"ListItem\",\"@id\":\"https:\\\/\\\/www.skalnik.pl\\\/blog\\\/.\\\/porady\\\/#listItem\",\"position\":2,\"name\":\"Porady\",\"item\":\"https:\\\/\\\/www.skalnik.pl\\\/blog\\\/.\\\/porady\\\/\",\"nextItem\":{\"@type\":\"ListItem\",\"@id\":\"https:\\\/\\\/www.skalnik.pl\\\/blog\\\/raczki-vi-6-ktore-wybrac\\\/#listItem\",\"name\":\"Raczki VI.6+ &#8211; kt\\u00f3re wybra\\u0107\"},\"previousItem\":{\"@type\":\"ListItem\",\"@id\":\"https:\\\/\\\/www.skalnik.pl\\\/blog#listItem\",\"name\":\"Home\"}},{\"@type\":\"ListItem\",\"@id\":\"https:\\\/\\\/www.skalnik.pl\\\/blog\\\/raczki-vi-6-ktore-wybrac\\\/#listItem\",\"position\":3,\"name\":\"Raczki VI.6+ &#8211; kt\\u00f3re wybra\\u0107\",\"previousItem\":{\"@type\":\"ListItem\",\"@id\":\"https:\\\/\\\/www.skalnik.pl\\\/blog\\\/.\\\/porady\\\/#listItem\",\"name\":\"Porady\"}}]},{\"@type\":\"Organization\",\"@id\":\"https:\\\/\\\/www.skalnik.pl\\\/blog\\\/#organization\",\"name\":\"blog Skalnik\",\"description\":\"Blog, porady, artyku\\u0142y - blog Skalnik\",\"url\":\"https:\\\/\\\/www.skalnik.pl\\\/blog\\\/\"},{\"@type\":\"Person\",\"@id\":\"https:\\\/\\\/www.skalnik.pl\\\/blog\\\/author\\\/beata-nawrotkiewicz\\\/#author\",\"url\":\"https:\\\/\\\/www.skalnik.pl\\\/blog\\\/author\\\/beata-nawrotkiewicz\\\/\",\"name\":\"Beata Nawrotkiewicz\",\"image\":{\"@type\":\"ImageObject\",\"@id\":\"https:\\\/\\\/www.skalnik.pl\\\/blog\\\/raczki-vi-6-ktore-wybrac\\\/#authorImage\",\"url\":\"https:\\\/\\\/secure.gravatar.com\\\/avatar\\\/53cf81cfcc3a81694535515925ffcf159be725e8bd1fb455eeb9e2cadcaa5684?s=96&d=mm&r=g\",\"width\":96,\"height\":96,\"caption\":\"Beata Nawrotkiewicz\"}},{\"@type\":\"WebPage\",\"@id\":\"https:\\\/\\\/www.skalnik.pl\\\/blog\\\/raczki-vi-6-ktore-wybrac\\\/#webpage\",\"url\":\"https:\\\/\\\/www.skalnik.pl\\\/blog\\\/raczki-vi-6-ktore-wybrac\\\/\",\"name\":\"Raczki VI.6+ \\u2013 kt\\u00f3re wybra\\u0107 - blog Skalnik\",\"description\":\"Raczki w g\\u00f3ry to niezb\\u0119dny sprz\\u0119t nawet na \\u0142atwe szlaki w zimie. Raczki VI.6+ to cztery modele dla r\\u00f3\\u017cnych cel\\u00f3w g\\u00f3rskich. Sprawd\\u017a, jakie raczki wybra\\u0107.\",\"inLanguage\":\"pl-PL\",\"isPartOf\":{\"@id\":\"https:\\\/\\\/www.skalnik.pl\\\/blog\\\/#website\"},\"breadcrumb\":{\"@id\":\"https:\\\/\\\/www.skalnik.pl\\\/blog\\\/raczki-vi-6-ktore-wybrac\\\/#breadcrumblist\"},\"author\":{\"@id\":\"https:\\\/\\\/www.skalnik.pl\\\/blog\\\/author\\\/beata-nawrotkiewicz\\\/#author\"},\"creator\":{\"@id\":\"https:\\\/\\\/www.skalnik.pl\\\/blog\\\/author\\\/beata-nawrotkiewicz\\\/#author\"},\"image\":{\"@type\":\"ImageObject\",\"url\":\"https:\\\/\\\/www.skalnik.pl\\\/blog\\\/wp-content\\\/uploads\\\/2022\\\/11\\\/raczki-tytulowe2.jpg\",\"@id\":\"https:\\\/\\\/www.skalnik.pl\\\/blog\\\/raczki-vi-6-ktore-wybrac\\\/#mainImage\",\"width\":1920,\"height\":705,\"caption\":\"dwie osoby w raczkach\"},\"primaryImageOfPage\":{\"@id\":\"https:\\\/\\\/www.skalnik.pl\\\/blog\\\/raczki-vi-6-ktore-wybrac\\\/#mainImage\"},\"datePublished\":\"2022-11-03T09:33:00+02:00\",\"dateModified\":\"2022-12-12T09:45:53+02:00\"},{\"@type\":\"WebSite\",\"@id\":\"https:\\\/\\\/www.skalnik.pl\\\/blog\\\/#website\",\"url\":\"https:\\\/\\\/www.skalnik.pl\\\/blog\\\/\",\"name\":\"blog Skalnik\",\"description\":\"Blog, porady, artyku\\u0142y - blog Skalnik\",\"inLanguage\":\"pl-PL\",\"publisher\":{\"@id\":\"https:\\\/\\\/www.skalnik.pl\\\/blog\\\/#organization\"}}]}\n\t\t<\/script>\n\t\t<!-- All in One SEO -->\n\n","aioseo_head_json":{"title":"Raczki VI.6+ \u2013 kt\u00f3re wybra\u0107 - blog Skalnik","description":"Raczki w g\u00f3ry to niezb\u0119dny sprz\u0119t nawet na \u0142atwe szlaki w zimie. Raczki VI.6+ to cztery modele dla r\u00f3\u017cnych cel\u00f3w g\u00f3rskich. Sprawd\u017a, jakie raczki wybra\u0107.","canonical_url":"https:\/\/www.skalnik.pl\/blog\/raczki-vi-6-ktore-wybrac\/","robots":"max-image-preview:large","keywords":"","webmasterTools":{"miscellaneous":""},"schema":{"@context":"https:\/\/schema.org","@graph":[{"@type":"BlogPosting","@id":"https:\/\/www.skalnik.pl\/blog\/raczki-vi-6-ktore-wybrac\/#blogposting","name":"Raczki VI.6+ \u2013 kt\u00f3re wybra\u0107 - blog Skalnik","headline":"Raczki VI.6+ &#8211; kt\u00f3re wybra\u0107","author":{"@id":"https:\/\/www.skalnik.pl\/blog\/author\/beata-nawrotkiewicz\/#author"},"publisher":{"@id":"https:\/\/www.skalnik.pl\/blog\/#organization"},"image":{"@type":"ImageObject","url":"https:\/\/www.skalnik.pl\/blog\/wp-content\/uploads\/2022\/11\/raczki-tytulowe2.jpg","width":1920,"height":705,"caption":"dwie osoby w raczkach"},"datePublished":"2022-11-03T09:33:00+02:00","dateModified":"2022-12-12T09:45:53+02:00","inLanguage":"pl-PL","mainEntityOfPage":{"@id":"https:\/\/www.skalnik.pl\/blog\/raczki-vi-6-ktore-wybrac\/#webpage"},"isPartOf":{"@id":"https:\/\/www.skalnik.pl\/blog\/raczki-vi-6-ktore-wybrac\/#webpage"},"articleSection":"Porady, g\u00f3ry, VI.6+, zima"},{"@type":"BreadcrumbList","@id":"https:\/\/www.skalnik.pl\/blog\/raczki-vi-6-ktore-wybrac\/#breadcrumblist","itemListElement":[{"@type":"ListItem","@id":"https:\/\/www.skalnik.pl\/blog#listItem","position":1,"name":"Home","item":"https:\/\/www.skalnik.pl\/blog","nextItem":{"@type":"ListItem","@id":"https:\/\/www.skalnik.pl\/blog\/.\/porady\/#listItem","name":"Porady"}},{"@type":"ListItem","@id":"https:\/\/www.skalnik.pl\/blog\/.\/porady\/#listItem","position":2,"name":"Porady","item":"https:\/\/www.skalnik.pl\/blog\/.\/porady\/","nextItem":{"@type":"ListItem","@id":"https:\/\/www.skalnik.pl\/blog\/raczki-vi-6-ktore-wybrac\/#listItem","name":"Raczki VI.6+ &#8211; kt\u00f3re wybra\u0107"},"previousItem":{"@type":"ListItem","@id":"https:\/\/www.skalnik.pl\/blog#listItem","name":"Home"}},{"@type":"ListItem","@id":"https:\/\/www.skalnik.pl\/blog\/raczki-vi-6-ktore-wybrac\/#listItem","position":3,"name":"Raczki VI.6+ &#8211; kt\u00f3re wybra\u0107","previousItem":{"@type":"ListItem","@id":"https:\/\/www.skalnik.pl\/blog\/.\/porady\/#listItem","name":"Porady"}}]},{"@type":"Organization","@id":"https:\/\/www.skalnik.pl\/blog\/#organization","name":"blog Skalnik","description":"Blog, porady, artyku\u0142y - blog Skalnik","url":"https:\/\/www.skalnik.pl\/blog\/"},{"@type":"Person","@id":"https:\/\/www.skalnik.pl\/blog\/author\/beata-nawrotkiewicz\/#author","url":"https:\/\/www.skalnik.pl\/blog\/author\/beata-nawrotkiewicz\/","name":"Beata Nawrotkiewicz","image":{"@type":"ImageObject","@id":"https:\/\/www.skalnik.pl\/blog\/raczki-vi-6-ktore-wybrac\/#authorImage","url":"https:\/\/secure.gravatar.com\/avatar\/53cf81cfcc3a81694535515925ffcf159be725e8bd1fb455eeb9e2cadcaa5684?s=96&d=mm&r=g","width":96,"height":96,"caption":"Beata Nawrotkiewicz"}},{"@type":"WebPage","@id":"https:\/\/www.skalnik.pl\/blog\/raczki-vi-6-ktore-wybrac\/#webpage","url":"https:\/\/www.skalnik.pl\/blog\/raczki-vi-6-ktore-wybrac\/","name":"Raczki VI.6+ \u2013 kt\u00f3re wybra\u0107 - blog Skalnik","description":"Raczki w g\u00f3ry to niezb\u0119dny sprz\u0119t nawet na \u0142atwe szlaki w zimie. Raczki VI.6+ to cztery modele dla r\u00f3\u017cnych cel\u00f3w g\u00f3rskich. Sprawd\u017a, jakie raczki wybra\u0107.","inLanguage":"pl-PL","isPartOf":{"@id":"https:\/\/www.skalnik.pl\/blog\/#website"},"breadcrumb":{"@id":"https:\/\/www.skalnik.pl\/blog\/raczki-vi-6-ktore-wybrac\/#breadcrumblist"},"author":{"@id":"https:\/\/www.skalnik.pl\/blog\/author\/beata-nawrotkiewicz\/#author"},"creator":{"@id":"https:\/\/www.skalnik.pl\/blog\/author\/beata-nawrotkiewicz\/#author"},"image":{"@type":"ImageObject","url":"https:\/\/www.skalnik.pl\/blog\/wp-content\/uploads\/2022\/11\/raczki-tytulowe2.jpg","@id":"https:\/\/www.skalnik.pl\/blog\/raczki-vi-6-ktore-wybrac\/#mainImage","width":1920,"height":705,"caption":"dwie osoby w raczkach"},"primaryImageOfPage":{"@id":"https:\/\/www.skalnik.pl\/blog\/raczki-vi-6-ktore-wybrac\/#mainImage"},"datePublished":"2022-11-03T09:33:00+02:00","dateModified":"2022-12-12T09:45:53+02:00"},{"@type":"WebSite","@id":"https:\/\/www.skalnik.pl\/blog\/#website","url":"https:\/\/www.skalnik.pl\/blog\/","name":"blog Skalnik","description":"Blog, porady, artyku\u0142y - blog Skalnik","inLanguage":"pl-PL","publisher":{"@id":"https:\/\/www.skalnik.pl\/blog\/#organization"}}]},"og:locale":"pl_PL","og:site_name":"blog Skalnik - Blog, porady, artyku\u0142y - blog Skalnik","og:type":"article","og:title":"Raczki VI.6+ \u2013 kt\u00f3re wybra\u0107 - blog Skalnik","og:description":"Raczki w g\u00f3ry to niezb\u0119dny sprz\u0119t nawet na \u0142atwe szlaki w zimie. Raczki VI.6+ to cztery modele dla r\u00f3\u017cnych cel\u00f3w g\u00f3rskich. Sprawd\u017a, jakie raczki wybra\u0107.","og:url":"https:\/\/www.skalnik.pl\/blog\/raczki-vi-6-ktore-wybrac\/","og:image":"https:\/\/www.skalnik.pl\/blog\/wp-content\/uploads\/2022\/11\/raczki-strumien.jpg","og:image:secure_url":"https:\/\/www.skalnik.pl\/blog\/wp-content\/uploads\/2022\/11\/raczki-strumien.jpg","og:image:width":1024,"og:image:height":683,"article:tag":["porady","g\u00f3ry","vi.6+","zima"],"article:published_time":"2022-11-03T08:33:00+00:00","article:modified_time":"2022-12-12T08:45:53+00:00","twitter:card":"summary_large_image","twitter:title":"Raczki VI.6+ \u2013 kt\u00f3re wybra\u0107 - blog Skalnik","twitter:description":"Raczki w g\u00f3ry to niezb\u0119dny sprz\u0119t nawet na \u0142atwe szlaki w zimie. Raczki VI.6+ to cztery modele dla r\u00f3\u017cnych cel\u00f3w g\u00f3rskich. Sprawd\u017a, jakie raczki wybra\u0107.","twitter:image":"https:\/\/www.skalnik.pl\/blog\/wp-content\/uploads\/2022\/11\/raczki-strumien.jpg"},"aioseo_meta_data":{"post_id":"21028","title":null,"description":"Raczki w g\u00f3ry to niezb\u0119dny sprz\u0119t nawet na \u0142atwe szlaki w zimie. Raczki VI.6+ to cztery modele dla r\u00f3\u017cnych cel\u00f3w g\u00f3rskich. Sprawd\u017a, jakie raczki wybra\u0107.","keywords":"","keyphrases":null,"primary_term":null,"canonical_url":"","og_title":null,"og_description":null,"og_object_type":"default","og_image_type":"default","og_image_url":null,"og_image_width":null,"og_image_height":null,"og_image_custom_url":null,"og_image_custom_fields":null,"og_video":null,"og_custom_url":null,"og_article_section":null,"og_article_tags":null,"twitter_use_og":false,"twitter_card":"default","twitter_image_type":"default","twitter_image_url":null,"twitter_image_custom_url":null,"twitter_image_custom_fields":null,"twitter_title":null,"twitter_description":null,"schema":{"blockGraphs":[],"customGraphs":[],"default":{"data":{"Article":[],"Course":[],"Dataset":[],"FAQPage":[],"Movie":[],"Person":[],"Product":[],"ProductReview":[],"Car":[],"Recipe":[],"Service":[],"SoftwareApplication":[],"WebPage":[]},"graphName":"","isEnabled":true},"graphs":[]},"schema_type":"default","schema_type_options":null,"pillar_content":false,"robots_default":true,"robots_noindex":false,"robots_noarchive":false,"robots_nosnippet":false,"robots_nofollow":false,"robots_noimageindex":false,"robots_noodp":false,"robots_notranslate":false,"robots_max_snippet":null,"robots_max_videopreview":null,"robots_max_imagepreview":"large","priority":null,"frequency":null,"local_seo":null,"breadcrumb_settings":null,"limit_modified_date":false,"ai":null,"created":"2023-03-21 08:47:11","updated":"2026-02-17 22:27:21","seo_analyzer_scan_date":null},"aioseo_breadcrumb":"<div class=\"aioseo-breadcrumbs\"><span class=\"aioseo-breadcrumb\">\n\t\t\t<a href=\"https:\/\/www.skalnik.pl\/blog\" title=\"Home\">Home<\/a>\n\t\t<\/span><span class=\"aioseo-breadcrumb-separator\">&raquo;<\/span><span class=\"aioseo-breadcrumb\">\n\t\t\t<a href=\"https:\/\/www.skalnik.pl\/blog\/.\/porady\/\" title=\"Porady\">Porady<\/a>\n\t\t<\/span><span class=\"aioseo-breadcrumb-separator\">&raquo;<\/span><span class=\"aioseo-breadcrumb\">\n\t\t\tRaczki VI.6+ \u2013 kt\u00f3re wybra\u0107\n\t\t<\/span><\/div>","aioseo_breadcrumb_json":[{"label":"Home","link":"https:\/\/www.skalnik.pl\/blog"},{"label":"Porady","link":"https:\/\/www.skalnik.pl\/blog\/.\/porady\/"},{"label":"Raczki VI.6+ &#8211; kt\u00f3re wybra\u0107","link":"https:\/\/www.skalnik.pl\/blog\/raczki-vi-6-ktore-wybrac\/"}],"_links":{"self":[{"href":"https:\/\/www.skalnik.pl\/blog\/wp-json\/wp\/v2\/posts\/21028","targetHints":{"allow":["GET"]}}],"collection":[{"href":"https:\/\/www.skalnik.pl\/blog\/wp-json\/wp\/v2\/posts"}],"about":[{"href":"https:\/\/www.skalnik.pl\/blog\/wp-json\/wp\/v2\/types\/post"}],"author":[{"embeddable":true,"href":"https:\/\/www.skalnik.pl\/blog\/wp-json\/wp\/v2\/users\/9"}],"replies":[{"embeddable":true,"href":"https:\/\/www.skalnik.pl\/blog\/wp-json\/wp\/v2\/comments?post=21028"}],"version-history":[{"count":10,"href":"https:\/\/www.skalnik.pl\/blog\/wp-json\/wp\/v2\/posts\/21028\/revisions"}],"predecessor-version":[{"id":21080,"href":"https:\/\/www.skalnik.pl\/blog\/wp-json\/wp\/v2\/posts\/21028\/revisions\/21080"}],"wp:featuredmedia":[{"embeddable":true,"href":"https:\/\/www.skalnik.pl\/blog\/wp-json\/wp\/v2\/media\/21042"}],"wp:attachment":[{"href":"https:\/\/www.skalnik.pl\/blog\/wp-json\/wp\/v2\/media?parent=21028"}],"wp:term":[{"taxonomy":"category","embeddable":true,"href":"https:\/\/www.skalnik.pl\/blog\/wp-json\/wp\/v2\/categories?post=21028"},{"taxonomy":"post_tag","embeddable":true,"href":"https:\/\/www.skalnik.pl\/blog\/wp-json\/wp\/v2\/tags?post=21028"},{"taxonomy":"magento_category","embeddable":true,"href":"https:\/\/www.skalnik.pl\/blog\/wp-json\/wp\/v2\/magento_category?post=21028"},{"taxonomy":"magento_product","embeddable":true,"href":"https:\/\/www.skalnik.pl\/blog\/wp-json\/wp\/v2\/magento_product?post=21028"}],"curies":[{"name":"wp","href":"https:\/\/api.w.org\/{rel}","templated":true}]}}