{"id":21062,"date":"2022-11-05T06:23:00","date_gmt":"2022-11-05T05:23:00","guid":{"rendered":"https:\/\/www.skalnik.pl\/blog\/?p=21062"},"modified":"2023-09-29T09:51:53","modified_gmt":"2023-09-29T07:51:53","slug":"jak-zaplanowac-wycieczke-w-gory","status":"publish","type":"post","link":"https:\/\/www.skalnik.pl\/blog\/jak-zaplanowac-wycieczke-w-gory\/","title":{"rendered":"Jak zaplanowa\u0107 wycieczk\u0119 w g\u00f3ry"},"content":{"rendered":"\n<p><strong>Dobry plan to sprawdzony przepis na udan\u0105 i bezpieczn\u0105 wycieczk\u0119 w g\u00f3rach. Jeszcze zanim wyruszysz na szlak mo\u017cesz mie\u0107 frajd\u0119 z planowania kolejnej swojej przygody. Planowanie wycieczek g\u00f3rskich to jednak nie tyle dobra zabawa, lecz tak\u017ce spos\u00f3b na to, by wycieczka by\u0142a bezpieczna i zrealizowana w zak\u0142adanym czasie.<\/strong><\/p>\n\n\n\n<p>Tak naprawd\u0119 \u017cadna z g\u00f3rskich wycieczek nie jest taka sama. Wyruszaj\u0105c w g\u00f3ry dzia\u0142amy w bardzo zmiennych warunkach. Do\u015bwiadczeni g\u00f3ro\u0142azi dobrze wiedz\u0105, \u017ce pora roku, zmienno\u015b\u0107 pogody, czy dob\u00f3r towarzystwa na w\u0119dr\u00f3wk\u0119, mog\u0105 mie\u0107 wp\u0142yw na realizacj\u0119 g\u00f3rskich cel\u00f3w. Zobaczmy zatem, jakie czynniki warto wzi\u0105\u0107 pod uwag\u0119, zanim za\u0142o\u017cymy plecak na barki i przekroczymy pr\u00f3g swojego domu.<\/p>\n\n\n\n<div id=\"ez-toc-container\" class=\"ez-toc-v2_0_85 counter-hierarchy ez-toc-counter ez-toc-light-blue ez-toc-container-direction\">\n<div class=\"ez-toc-title-container\">\n<p class=\"ez-toc-title\" style=\"cursor:inherit\">SPIS TRE\u015aCI <\/p>\n<span class=\"ez-toc-title-toggle\"><a href=\"#\" class=\"ez-toc-pull-right ez-toc-btn ez-toc-btn-xs ez-toc-btn-default ez-toc-toggle\" aria-label=\"Prze\u0142\u0105cznik Spisu Tre\u015bci\"><span class=\"ez-toc-js-icon-con\"><span class=\"\"><span class=\"eztoc-hide\" style=\"display:none;\">Toggle<\/span><span class=\"ez-toc-icon-toggle-span\"><svg style=\"fill: #999;color:#999\" xmlns=\"http:\/\/www.w3.org\/2000\/svg\" class=\"list-377408\" width=\"20px\" height=\"20px\" viewBox=\"0 0 24 24\" fill=\"none\"><path d=\"M6 6H4v2h2V6zm14 0H8v2h12V6zM4 11h2v2H4v-2zm16 0H8v2h12v-2zM4 16h2v2H4v-2zm16 0H8v2h12v-2z\" fill=\"currentColor\"><\/path><\/svg><svg style=\"fill: #999;color:#999\" class=\"arrow-unsorted-368013\" xmlns=\"http:\/\/www.w3.org\/2000\/svg\" width=\"10px\" height=\"10px\" viewBox=\"0 0 24 24\" version=\"1.2\" baseProfile=\"tiny\"><path d=\"M18.2 9.3l-6.2-6.3-6.2 6.3c-.2.2-.3.4-.3.7s.1.5.3.7c.2.2.4.3.7.3h11c.3 0 .5-.1.7-.3.2-.2.3-.5.3-.7s-.1-.5-.3-.7zM5.8 14.7l6.2 6.3 6.2-6.3c.2-.2.3-.5.3-.7s-.1-.5-.3-.7c-.2-.2-.4-.3-.7-.3h-11c-.3 0-.5.1-.7.3-.2.2-.3.5-.3.7s.1.5.3.7z\"\/><\/svg><\/span><\/span><\/span><\/a><\/span><\/div>\n<nav><ul class='ez-toc-list ez-toc-list-level-1 ' ><li class='ez-toc-page-1 ez-toc-heading-level-2'><a class=\"ez-toc-link ez-toc-heading-1\" href=\"https:\/\/www.skalnik.pl\/blog\/jak-zaplanowac-wycieczke-w-gory\/#Dokad_jechac_w_gory\" >Dok\u0105d jecha\u0107 w g\u00f3ry?<\/a><\/li><li class='ez-toc-page-1 ez-toc-heading-level-2'><a class=\"ez-toc-link ez-toc-heading-2\" href=\"https:\/\/www.skalnik.pl\/blog\/jak-zaplanowac-wycieczke-w-gory\/#Z_kim_wyruszyc_na_szlak\" >Z kim wyruszy\u0107 na szlak?<\/a><\/li><li class='ez-toc-page-1 ez-toc-heading-level-2'><a class=\"ez-toc-link ez-toc-heading-3\" href=\"https:\/\/www.skalnik.pl\/blog\/jak-zaplanowac-wycieczke-w-gory\/#Kiedy_wybrac_sie_w_gory\" >Kiedy wybra\u0107 si\u0119 w g\u00f3ry?<\/a><\/li><li class='ez-toc-page-1 ez-toc-heading-level-2'><a class=\"ez-toc-link ez-toc-heading-4\" href=\"https:\/\/www.skalnik.pl\/blog\/jak-zaplanowac-wycieczke-w-gory\/#Planowanie_wycieczki_gorskiej_%E2%80%93_po_pierwsze_rozloz_mape\" >Planowanie wycieczki g\u00f3rskiej &#8211; po pierwsze roz\u0142\u00f3\u017c map\u0119<\/a><\/li><li class='ez-toc-page-1 ez-toc-heading-level-2'><a class=\"ez-toc-link ez-toc-heading-5\" href=\"https:\/\/www.skalnik.pl\/blog\/jak-zaplanowac-wycieczke-w-gory\/#Planowanie_z_mapa_papierowa\" >Planowanie z map\u0105 papierow\u0105<\/a><\/li><li class='ez-toc-page-1 ez-toc-heading-level-2'><a class=\"ez-toc-link ez-toc-heading-6\" href=\"https:\/\/www.skalnik.pl\/blog\/jak-zaplanowac-wycieczke-w-gory\/#Planowanie_z_komputerem_lub_aplikacja_na_smartfon\" >Planowanie z komputerem lub aplikacj\u0105 na smartfon<\/a><\/li><li class='ez-toc-page-1 ez-toc-heading-level-2'><a class=\"ez-toc-link ez-toc-heading-7\" href=\"https:\/\/www.skalnik.pl\/blog\/jak-zaplanowac-wycieczke-w-gory\/#Planowanie_trasy_wycieczki_gorskiej_to_nie_wszystko\" >Planowanie trasy wycieczki g\u00f3rskiej to nie wszystko!<\/a><\/li><li class='ez-toc-page-1 ez-toc-heading-level-2'><a class=\"ez-toc-link ez-toc-heading-8\" href=\"https:\/\/www.skalnik.pl\/blog\/jak-zaplanowac-wycieczke-w-gory\/#Sprawdzanie_prognozy_pogody\" >Sprawdzanie prognozy pogody<\/a><\/li><li class='ez-toc-page-1 ez-toc-heading-level-2'><a class=\"ez-toc-link ez-toc-heading-9\" href=\"https:\/\/www.skalnik.pl\/blog\/jak-zaplanowac-wycieczke-w-gory\/#Pakowanie_plecaka_to_tez_element_planu\" >Pakowanie plecaka to te\u017c element planu!<\/a><\/li><li class='ez-toc-page-1 ez-toc-heading-level-2'><a class=\"ez-toc-link ez-toc-heading-10\" href=\"https:\/\/www.skalnik.pl\/blog\/jak-zaplanowac-wycieczke-w-gory\/#Nie_planujesz_wypadku_ale_nie_zapominaj_o_bezpieczenstwie\" >Nie planujesz wypadku, ale nie zapominaj o bezpiecze\u0144stwie!<\/a><\/li><\/ul><\/nav><\/div>\n<h2 class=\"wp-block-heading\"><span class=\"ez-toc-section\" id=\"Dokad_jechac_w_gory\"><\/span><strong>Dok\u0105d jecha\u0107 w g\u00f3ry?<\/strong><span class=\"ez-toc-section-end\"><\/span><\/h2>\n\n\n\n<p>Chyba ka\u017cda wycieczka w g\u00f3ry zaczyna si\u0119 od prostego pytania &#8211; dok\u0105d pojecha\u0107 w g\u00f3ry tym razem? W pierwszej fazie planowania zazwyczaj wybieramy masyw, rejon g\u00f3rski b\u0105d\u017a konkretny szczyt. Atrakcyjny cel wycieczki to magnes, kt\u00f3ry pcha nas do realizacji planu. Warto jednak pami\u0119ta\u0107 ju\u017c na pocz\u0105tku, \u017ce ch\u0119\u0107 zdobycia kolejnego szczytu, czy przej\u015bcia konkretnej trasy lub szlaku, powinny by\u0107 dopasowane do naszych umiej\u0119tno\u015bci, mo\u017cliwo\u015bci i do\u015bwiadczenia.<\/p>\n\n\n\n<p>Zanim zaczniesz dok\u0142adnie planowa\u0107 tras\u0119 i dzwoni\u0107 po przyjacio\u0142ach, czy wyrusz\u0105 w g\u00f3ry z Tob\u0105, zapytaj siebie nie tylko czy cel Twojej wyprawy jest atrakcyjny i ambitny, lecz tak\u017ce czy jest dostosowany do mo\u017cliwo\u015bci Twoich oraz os\u00f3b, kt\u00f3re wyruszaj\u0105 razem z Tob\u0105.<\/p>\n\n\n<div class=\"wp-block-image\">\n<figure class=\"aligncenter size-large\"><img loading=\"lazy\" decoding=\"async\" width=\"1024\" height=\"683\" src=\"https:\/\/www.skalnik.pl\/blog\/wp-content\/uploads\/2022\/11\/DM_STLABS_Speed-Hiking-Fall20_20190927_03945.jpg\" alt=\"\" class=\"wp-image-21065\" srcset=\"https:\/\/www.skalnik.pl\/blog\/wp-content\/uploads\/2022\/11\/DM_STLABS_Speed-Hiking-Fall20_20190927_03945.jpg 1024w, https:\/\/www.skalnik.pl\/blog\/wp-content\/uploads\/2022\/11\/DM_STLABS_Speed-Hiking-Fall20_20190927_03945-300x200.jpg 300w, https:\/\/www.skalnik.pl\/blog\/wp-content\/uploads\/2022\/11\/DM_STLABS_Speed-Hiking-Fall20_20190927_03945-768x512.jpg 768w\" sizes=\"auto, (max-width: 1024px) 100vw, 1024px\" \/><figcaption class=\"wp-element-caption\"><em>Na pocz\u0105tku musisz mie\u0107 plan w jakie g\u00f3ry pojecha\u0107! (fot. Salewa)<\/em><\/figcaption><\/figure>\n<\/div>\n\n\n<h2 class=\"wp-block-heading\"><span class=\"ez-toc-section\" id=\"Z_kim_wyruszyc_na_szlak\"><\/span><strong>Z kim wyruszy\u0107 na szlak?<\/strong><span class=\"ez-toc-section-end\"><\/span><\/h2>\n\n\n\n<p>U podstaw dobrego planowania wycieczek g\u00f3rskich le\u017cy r\u00f3wnie\u017c ocena mo\u017cliwo\u015bci realizacji planu przez wszystkich uczestnik\u00f3w danej wycieczki. W g\u00f3ry warto wyrusza\u0107 w towarzystwie, a ju\u017c najlepiej z tak\u0105 kampani\u0105, kt\u00f3ra ma podobne ambicje i podobne mo\u017cliwo\u015bci.<\/p>\n\n\n\n<p>Stare porzekad\u0142o g\u00f3rskie m\u00f3wi: \u201cwychodzimy razem i wracamy razem\u201d, dlatego planuj wycieczki i wyprawy w g\u00f3ry tak, by nie trzeba by\u0142o dzieli\u0107 grupy, a ka\u017cdy mia\u0142 z wycieczki r\u00f3wn\u0105 satysfakcj\u0119.<\/p>\n\n\n\n<h2 class=\"wp-block-heading\"><span class=\"ez-toc-section\" id=\"Kiedy_wybrac_sie_w_gory\"><\/span><strong>Kiedy wybra\u0107 si\u0119 w g\u00f3ry?<\/strong><span class=\"ez-toc-section-end\"><\/span><\/h2>\n\n\n\n<p>Nie zawsze jest dobry czas na wyj\u015bcie w g\u00f3ry. Elementem panowania zar\u00f3wno zwyk\u0142ej wycieczki, jak i ambitniejszego przedsi\u0119wzi\u0119cia powinno by\u0107 postawienie sobie pytania, czy dany plan jest do zrealizowania w konkretnym czasie. Musz\u0119 zaznaczy\u0107, \u017ce nie chodzi o czas trwania wycieczki, ale o wzi\u0119cie pod uwag\u0119 takich czynnik\u00f3w jak pora roku, tak zwane \u201cobiektywne zagro\u017cenia\u201d (np. burze, zagro\u017cenie lawinowe), czy d\u0142ugo\u015b\u0107 dnia od \u015bwitu do zmierzchu. Dla przyk\u0142adu &#8211; zim\u0105 nie zrealizujesz przej\u015bcia GSS dok\u0142adnie po kanonicznej trasie G\u0142\u00f3wnego Szlaku Sudeckiego, bowiem s\u0105 na niej odcinki zamykane przy zagro\u017ceniu lawinowym.<\/p>\n\n\n<div class=\"wp-block-image\">\n<figure class=\"aligncenter size-full\"><img loading=\"lazy\" decoding=\"async\" width=\"1024\" height=\"683\" src=\"https:\/\/www.skalnik.pl\/blog\/wp-content\/uploads\/2022\/11\/DM_STLABS_Speed-Hiking-Fall20_20190927_04030.jpg\" alt=\"\" class=\"wp-image-21064\" srcset=\"https:\/\/www.skalnik.pl\/blog\/wp-content\/uploads\/2022\/11\/DM_STLABS_Speed-Hiking-Fall20_20190927_04030.jpg 1024w, https:\/\/www.skalnik.pl\/blog\/wp-content\/uploads\/2022\/11\/DM_STLABS_Speed-Hiking-Fall20_20190927_04030-300x200.jpg 300w, https:\/\/www.skalnik.pl\/blog\/wp-content\/uploads\/2022\/11\/DM_STLABS_Speed-Hiking-Fall20_20190927_04030-768x512.jpg 768w\" sizes=\"auto, (max-width: 1024px) 100vw, 1024px\" \/><figcaption class=\"wp-element-caption\"><em>Sprawdzone towarzystwo i odpowiedni czas na wycieczk\u0119 s\u0105 na wag\u0119 z\u0142ota. (fot. Salewa)<\/em><\/figcaption><\/figure>\n<\/div>\n\n\n<h2 class=\"wp-block-heading\"><span class=\"ez-toc-section\" id=\"Planowanie_wycieczki_gorskiej_%E2%80%93_po_pierwsze_rozloz_mape\"><\/span><strong>Planowanie wycieczki g\u00f3rskiej &#8211; po pierwsze roz\u0142\u00f3\u017c map\u0119<\/strong><span class=\"ez-toc-section-end\"><\/span><\/h2>\n\n\n\n<p>Planowanie wycieczki rozpoczynam od roz\u0142o\u017cenia tradycyjnej mapy papierowej. Na takiej mapie w najprostszy spos\u00f3b ogarn\u0105\u0107 mo\u017cna wzrokiem interesuj\u0105cy nas rejon. Czasem rzut oka na tak\u0105 map\u0119 wystarczy, by okre\u015bli\u0107 podstawy naszego planu. Na takiej mapie &#8211; przy odrobinie do\u015bwiadczenia i znajomo\u015bci podzia\u0142ki konkretnej mapy turystycznej &#8211; szybko okre\u015blisz d\u0142ugo\u015b\u0107 zak\u0142adanej drogi i w lot zorientujesz si\u0119, jak na trasie przedstawia si\u0119 uk\u0142ad szlak\u00f3w turystycznych. Ten uk\u0142ad przyda si\u0119, gdy w czasie wycieczki wydarzy si\u0119 co\u015b nieprzewidzianego, ale o tym za chwil\u0119.<\/p>\n\n\n\n<p>Zapoznanie si\u0119 z map\u0105 przed wycieczk\u0105 ma jeszcze jeden plus. Je\u015bli b\u0119dziesz u\u017cywa\u0107 tej samej mapy w terenie, b\u0119dzie Ci \u0142atwiej z ni\u0105 nawigowa\u0107 ju\u017c w g\u00f3rach.<\/p>\n\n\n\n<p><mark style=\"background-color:rgba(0, 0, 0, 0)\" class=\"has-inline-color has-vivid-cyan-blue-color\">Ju\u017c wiesz, gdzie pojedziesz nast\u0119pnym razem? Skocz do sklepu i zobacz nasze <strong><a href=\"https:\/\/www.skalnik.pl\/sprzet-turystyczny\/ksiegarnia\/ksiegarnia-mapy\" target=\"_blank\" rel=\"noreferrer noopener\">mapy turystyczne<\/a><\/strong>. <\/mark><\/p>\n\n\n\n<h2 class=\"wp-block-heading\"><span class=\"ez-toc-section\" id=\"Planowanie_z_mapa_papierowa\"><\/span><strong>Planowanie z map\u0105 papierow\u0105<\/strong><span class=\"ez-toc-section-end\"><\/span><\/h2>\n\n\n\n<p>Ka\u017cda mapa turystyczna zawiera wiele informacji przydatnych w czasie wyjazdu w g\u00f3ry. Z ka\u017cdej \u201cpapierowej\u201d mapy turystycznej odczytasz odleg\u0142o\u015b\u0107, jak\u0105 musisz pokona\u0107 na wycieczce. Wystarczy zna\u0107 skal\u0119 mapy i posiada\u0107 linijk\u0119, cho\u0107by t\u0119 na kompasie p\u0142ytkowym. Z map turystycznych dobrych wydawnictw odczytasz zazwyczaj r\u00f3wnie\u017c czasy przej\u015b\u0107 pomi\u0119dzy odpowiednimi punktami. Czasy pomi\u0119dzy takimi punktami na naszej trasie wystarczy zsumowa\u0107, by pozna\u0107 czas potrzebny do przej\u015bcia ca\u0142ej trasy. Mapy turystyczne pozwalaj\u0105 r\u00f3wnie\u017c okre\u015bli\u0107 r\u00f3\u017cnic\u0119 wysoko\u015bci do pokonania.<\/p>\n\n\n<div class=\"wp-block-image\">\n<figure class=\"aligncenter size-large\"><img loading=\"lazy\" decoding=\"async\" width=\"1024\" height=\"683\" src=\"https:\/\/www.skalnik.pl\/blog\/wp-content\/uploads\/2022\/11\/DM_STLABS_Speed-Hiking-Fall20_20190926_02555.jpg\" alt=\"\" class=\"wp-image-21063\" srcset=\"https:\/\/www.skalnik.pl\/blog\/wp-content\/uploads\/2022\/11\/DM_STLABS_Speed-Hiking-Fall20_20190926_02555.jpg 1024w, https:\/\/www.skalnik.pl\/blog\/wp-content\/uploads\/2022\/11\/DM_STLABS_Speed-Hiking-Fall20_20190926_02555-300x200.jpg 300w, https:\/\/www.skalnik.pl\/blog\/wp-content\/uploads\/2022\/11\/DM_STLABS_Speed-Hiking-Fall20_20190926_02555-768x512.jpg 768w\" sizes=\"auto, (max-width: 1024px) 100vw, 1024px\" \/><figcaption class=\"wp-element-caption\"><em>Czas sp\u0119dzony nad map\u0105 procentuje w terenie. (fot. Salewa)<\/em><\/figcaption><\/figure>\n<\/div>\n\n\n<p>Czas na pro tip. Znaj\u0105c d\u0142ugo\u015b\u0107 trasy w kilometrach i sum\u0119 metr\u00f3w do pokonania w g\u00f3r\u0119, mo\u017cesz oszacowa\u0107 samodzielnie czas wycieczki. W spokojnym tempie ka\u017cdy kilometr trasy pokonasz &#8211; mniej wi\u0119cej &#8211; w kwadrans. Ponadto na ka\u017cde sto metr\u00f3w pokonane w g\u00f3r\u0119, nale\u017cy doliczy\u0107 kolejny kwadrans.<\/p>\n\n\n\n<h2 class=\"wp-block-heading\"><span class=\"ez-toc-section\" id=\"Planowanie_z_komputerem_lub_aplikacja_na_smartfon\"><\/span><strong>Planowanie z komputerem lub aplikacj\u0105 na smartfon<\/strong><span class=\"ez-toc-section-end\"><\/span><\/h2>\n\n\n\n<p>Tras\u0119 swojej wycieczki mo\u017cesz zaplanowa\u0107 r\u00f3wnie\u017c za pomoc\u0105 aplikacji turystycznych na telefon lub stron internetowych. Dwie popularne i godne polecenia tego typu strony internetowe i aplikacje to mapa-turystyczna.pl oraz strona i aplikacja mapy.cz.<\/p>\n\n\n\n<p>Dzi\u0119ki stronie b\u0105d\u017a aplikacji na telefon <strong>mapa-turystyczna.pl<\/strong> zaplanujesz tras\u0119 w prosty spos\u00f3b. Wystarczy poda\u0107 punkt pocz\u0105tkowy wycieczki i ko\u0144cowy, by otrzyma\u0107 tras\u0119 i szereg przydatnych informacji. Do najcenniejszych nale\u017c\u0105 z pewno\u015bci\u0105 d\u0142ugo\u015b\u0107 trasy, czas potrzebny na jej przej\u015bcie, czy suma metr\u00f3w pokonanych w g\u00f3r\u0119 i w d\u00f3\u0142. Tras\u0119 mo\u017cna oczywi\u015bcie dowolnie modyfikowa\u0107, od niedawna korzystaj\u0105c r\u00f3wnie\u017c z dr\u00f3g le\u015bnych, kt\u00f3re nie s\u0105 szlakiem.<\/p>\n\n\n\n<p>Zalet\u0105 tej strony s\u0105 praktyczne informacje, kt\u00f3re podawane s\u0105 przy planowaniu trasy. Mog\u0105 to by\u0107 przede wszystkim ostrze\u017cenia o okresowych zamkni\u0119ciach szlak\u00f3w. Warto jednak pami\u0119ta\u0107, by nie ufa\u0107 bezgranicznie aplikacjom. Zdarzy\u0142o mi si\u0119, \u017ce aplikacja ta wytycza\u0142a zim\u0105 trasy po szkalach, kt\u00f3re w tym okresie s\u0105 zamkni\u0119te. Planuj\u0105c z t\u0105 stron\u0105 swoj\u0105 wycieczk\u0119 masz mo\u017cliwo\u015b\u0107 wydrukowania &#8211; cho\u0107by do pliku pdf &#8211; konspektu wycieczki, z kt\u00f3rym mo\u017cesz \u0142atwo pilnowa\u0107, czy realizujesz plan zgodnie z \u201crozk\u0142adem jazdy\u201d.<\/p>\n\n\n\n<p>Podobnie planowa\u0107 mo\u017cna wycieczki z czesk\u0105 stron\u0105 i aplikacj\u0105 <strong>mapa.cz<\/strong>. Do niedawna mia\u0142a ona t\u0119 przewag\u0119, \u017ce pozwala\u0142a uk\u0142ada\u0107 trasy tak\u017ce poza oficjalnymi szlakami turystycznymi. Z przydatnych opcji, kt\u00f3re wyr\u00f3\u017cniaj\u0105 ten spos\u00f3b planowania mo\u017cna wyr\u00f3\u017cni\u0107 nadal mo\u017cliwo\u015b\u0107 podgl\u0105du prognozy pogody na trasie naszej wycieczki (wiatr, opady, temperatura).<\/p>\n\n\n\n<iframe loading=\"lazy\" style=\"border:none\" src=\"https:\/\/pl.frame.mapy.cz\/s\/gutusefaru\" width=\"800\" height=\"442\" frameborder=\"0\"><\/iframe>\n\n\n\n<p>Na koniec jeszcze jeden pro tip. Warto pami\u0119ta\u0107, \u017ce wiele aplikacji pozwala zapisywa\u0107 trasy, b\u0105d\u017a wyeksportowa\u0107 plik gpx (lub inny). Zapisan\u0105 tras\u0119 mo\u017cemy wykorzysta\u0107 do nawigowania w terenie, a wyeksportowany plik wgra\u0107 do sportowego zegarka, by mie\u0107 podgl\u0105d trasy \u201cna r\u0119ce\u201d.<\/p>\n\n\n\n<p><mark style=\"background-color:rgba(0, 0, 0, 0)\" class=\"has-inline-color has-vivid-cyan-blue-color\">W nawigacji w g\u00f3rach mo\u017ce pom\u00f3c zegarek. Zobacz <a href=\"https:\/\/www.skalnik.pl\/sprzet-turystyczny\/elektronika\/elektronika-zegarki\" target=\"_blank\" rel=\"noreferrer noopener\"><strong>zegarki sportowe<\/strong><\/a> z naszej oferty. <\/mark><\/p>\n\n\n\n<h2 class=\"wp-block-heading\"><span class=\"ez-toc-section\" id=\"Planowanie_trasy_wycieczki_gorskiej_to_nie_wszystko\"><\/span><strong>Planowanie trasy wycieczki g\u00f3rskiej to nie wszystko!<\/strong><span class=\"ez-toc-section-end\"><\/span><\/h2>\n\n\n\n<p>Pami\u0119taj, \u017ce planowanie trasy od punktu do punktu to nie wszystko, co mo\u017cna, a nawet nie wszystko, co powinno si\u0119 zrobi\u0107. Opr\u00f3cz zaplanowania swojej wycieczki od punktu A do punktu B warto pozna\u0107 wnikliwiej okolic\u0119, w kt\u00f3rej b\u0119dziemy si\u0119 porusza\u0107. Podczas wycieczki mog\u0105 przytrafi\u0107 si\u0119 niespodziewane komplikacje. Kontuzja, nag\u0142e za\u0142amanie pogody, burza, ograniczona widoczno\u015b\u0107, czy zbyt wolne tempo marszu mog\u0105 zmusi\u0107 nas do skr\u00f3cenia wycieczki lub obrania innego wariantu.<\/p>\n\n\n\n<p>Mo\u017cesz zawsze przygotowa\u0107 si\u0119 na takie ewentualno\u015bci. W czasie planowania warto zawsze zobaczy\u0107, w kt\u00f3rych miejscach tras\u0119 mo\u017cna skr\u00f3ci\u0107, gdzie prowadz\u0105 szlaki do schronisk, kt\u00f3r\u0119dy mo\u017cna szybko straci\u0107 wysoko\u015b\u0107 lub dotrze\u0107 do cywilizacji. Warto rozejrze\u0107 si\u0119 si\u0119 r\u00f3wnie\u017c za punktami takimi jak wiaty, punkty czerpania wody i \u017ar\u00f3de\u0142ka.<\/p>\n\n\n\n<h2 class=\"wp-block-heading\"><span class=\"ez-toc-section\" id=\"Sprawdzanie_prognozy_pogody\"><\/span><strong>Sprawdzanie prognozy pogody<\/strong><span class=\"ez-toc-section-end\"><\/span><\/h2>\n\n\n\n<p>Nieodzownym elementem planowania wycieczki w g\u00f3ry jest sprawdzanie prognozy pogody. Nie b\u0119d\u0119 skupia\u0107 si\u0119 w tym miejscu g\u0142\u0119biej nad tym, gdzie sprawdza\u0107 g\u00f3rskie prognozy pogody, bowiem jest to temat ca\u0142y osobny materia\u0142. W tym miejscu warto jednak pami\u0119ta\u0107, \u017ce sprawdzanie jednej prognozy w g\u00f3ry to za ma\u0142o, tak jak i o tym, \u017ce prognozy nale\u017cy sprawdza\u0107 przez pewien czas, bo lubi\u0105 si\u0119 one dynamicznie zmienia\u0107. Im wi\u0119cej po\u015bwiecisz im uwagi przed wypraw\u0105, tym mniejsza szansa, \u017ce co\u015b zaskoczy Ci\u0119 w g\u00f3rach.<\/p>\n\n\n\n<iframe loading=\"lazy\" src=\"https:\/\/www.youtube.com\/embed\/VSXxm-HcG6w\" title=\"YouTube video player\" allow=\"accelerometer; autoplay; clipboard-write; encrypted-media; gyroscope; picture-in-picture\" allowfullscreen=\"\" width=\"800\" height=\"422\" frameborder=\"0\"><\/iframe>\n\n\n\n<h2 class=\"wp-block-heading\"><span class=\"ez-toc-section\" id=\"Pakowanie_plecaka_to_tez_element_planu\"><\/span><strong>Pakowanie plecaka to te\u017c element planu!<\/strong><span class=\"ez-toc-section-end\"><\/span><\/h2>\n\n\n\n<p>Dobry plan na g\u00f3rski trip zawiera te\u017c namys\u0142 nad potrzebnym nam ekwipunkiem, prowiantem oraz odzie\u017c\u0105. Prognozy b\u0119d\u0105 determinowa\u0107 nasz ubi\u00f3r i to, co z ubra\u0144 znajdzie si\u0119 dodatkowo na dnie plecaka. D\u0142ugo\u015b\u0107 zaplanowanej trasy i dost\u0119pno\u015b\u0107 sklep\u00f3w czy schronisk, b\u0119dzie decydowa\u0107 o tym ile prowiantu zabierzemy w tras\u0119. Pora roku i cel wycieczki sprawi, \u017ce w naszym plecaku wyl\u0105duj\u0105 dodatkowe gramy sprz\u0119tu takiego jak raczki, stuptuty, raki i czekan\u2026<\/p>\n\n\n\n<h2 class=\"wp-block-heading\"><span class=\"ez-toc-section\" id=\"Nie_planujesz_wypadku_ale_nie_zapominaj_o_bezpieczenstwie\"><\/span><strong>Nie planujesz wypadku, ale nie zapominaj o bezpiecze\u0144stwie!<\/strong><span class=\"ez-toc-section-end\"><\/span><\/h2>\n\n\n\n<p>To normalne, \u017ce planuj\u0105c wycieczk\u0119 w g\u00f3ry nie zak\u0142adasz z g\u00f3ry, \u017ce zako\u0144czy si\u0119 ona transportem w asy\u015bcie ratownik\u00f3w g\u00f3rskich. Nie mniej jednak pamietaj, \u017ce na ka\u017cd\u0105 ewentualno\u015b\u0107 warto si\u0119 przygotowa\u0107. Co warto zrobi\u0107? Pami\u0119taj by:<\/p>\n\n\n\n<ul class=\"wp-block-list\">\n<li>zabiera\u0107 na wycieczk\u0119 apteczk\u0119, <\/li>\n\n\n\n<li>dba\u0107 o na\u0142adowanie telefonu i troszczy\u0107 si\u0119, by nie wy\u0142adowa\u0142 on si\u0119 w czasie wycieczki, <\/li>\n\n\n\n<li>zainstalowa\u0107 aplikacj\u0119 Ratunek,<\/li>\n\n\n\n<li> zapisa\u0107 numer do s\u0142u\u017cb ratunkowych, <\/li>\n\n\n\n<li>zostawi\u0107 komu\u015b tras\u0119 swojej wycieczki i poinformowa\u0107 o tym, kiedy odezwiesz si\u0119, \u017ce Twoja wycieczka szcz\u0119\u015bliwie dobieg\u0142a ko\u0144ca, <\/li>\n\n\n\n<li>wykupi\u0107 ubezpieczenie, je\u015bli poruszasz si\u0119 nie tylko w polskich g\u00f3rach; pami\u0119taj, \u017ce akcja ratunkowa na S\u0142owacji czy w Czechach mo\u017ce ci\u0119 s\u0142ono kosztowa\u0107.<\/li>\n<\/ul>\n\n\n\n<hr class=\"wp-block-separator has-css-opacity is-style-dots\"\/>\n\n\n\n<p>To gar\u015b\u0107 najwa\u017cniejszych informacji o planowaniu wycieczek w g\u00f3ry. Planowanie wycieczek g\u00f3rskich to naprawd\u0119 fajna zabawa, a do tego \u015bwietna nauka. Na koniec mo\u017cesz zobaczy\u0107 film, w kt\u00f3rym &#8211; na przyk\u0142adzie dziel\u0119 si\u0119 &#8211; jeszcze kilkoma praktycznymi sztuczkami. <\/p>\n\n\n\n<iframe loading=\"lazy\" src=\"https:\/\/www.youtube.com\/embed\/0MY4oY44Z3Q\" title=\"YouTube video player\" allow=\"accelerometer; autoplay; clipboard-write; encrypted-media; gyroscope; picture-in-picture\" allowfullscreen=\"\" width=\"800\" height=\"442\" frameborder=\"0\"><\/iframe>\n","protected":false},"excerpt":{"rendered":"<p>Planowanie wycieczki w g\u00f3ry to pocz\u0105tek ka\u017cdej przygody! <\/p>\n","protected":false},"author":8,"featured_media":21066,"comment_status":"open","ping_status":"open","sticky":false,"template":"","format":"standard","meta":{"_acf_changed":false,"footnotes":""},"categories":[3],"tags":[28,13],"magento_category":[182],"magento_product":[],"class_list":["post-21062","post","type-post","status-publish","format-standard","has-post-thumbnail","hentry","category-porady","tag-gory","tag-porady"],"acf":[],"aioseo_notices":[],"aioseo_head":"\n\t\t<!-- All in One SEO 4.9.10 - aioseo.com -->\n\t<meta name=\"description\" content=\"Dowiedz si\u0119 jak planowa\u0107 wycieczki w g\u00f3ry. Dobrze zaplanowana wycieczka g\u00f3rska to wi\u0119cej przyjemno\u015bci i wy\u017cszy poziom bezpiecze\u0144stwa. Sprawd\u017a to w terenie!\" \/>\n\t<meta name=\"robots\" content=\"max-image-preview:large\" \/>\n\t<meta name=\"author\" content=\"S\u0142awek Nosal\"\/>\n\t<link rel=\"canonical\" href=\"https:\/\/www.skalnik.pl\/blog\/jak-zaplanowac-wycieczke-w-gory\/\" \/>\n\t<meta name=\"generator\" content=\"All in One SEO (AIOSEO) 4.9.10\" \/>\n\t\t<meta property=\"og:locale\" content=\"pl_PL\" \/>\n\t\t<meta property=\"og:site_name\" content=\"blog Skalnik - Blog, porady, artyku\u0142y - blog Skalnik\" \/>\n\t\t<meta property=\"og:type\" content=\"article\" \/>\n\t\t<meta property=\"og:title\" content=\"Jak zaplanowa\u0107 wycieczk\u0119 w g\u00f3ry - blog Skalnik\" \/>\n\t\t<meta property=\"og:description\" content=\"Dowiedz si\u0119 jak planowa\u0107 wycieczki w g\u00f3ry. Dobrze zaplanowana wycieczka g\u00f3rska to wi\u0119cej przyjemno\u015bci i wy\u017cszy poziom bezpiecze\u0144stwa. Sprawd\u017a to w terenie!\" \/>\n\t\t<meta property=\"og:url\" content=\"https:\/\/www.skalnik.pl\/blog\/jak-zaplanowac-wycieczke-w-gory\/\" \/>\n\t\t<meta property=\"og:image\" content=\"https:\/\/www.skalnik.pl\/blog\/wp-content\/uploads\/2022\/11\/DM_STLABS_Speed-Hiking-Fall20_20190927_03945.jpg\" \/>\n\t\t<meta property=\"og:image:secure_url\" content=\"https:\/\/www.skalnik.pl\/blog\/wp-content\/uploads\/2022\/11\/DM_STLABS_Speed-Hiking-Fall20_20190927_03945.jpg\" \/>\n\t\t<meta property=\"og:image:width\" content=\"1024\" \/>\n\t\t<meta property=\"og:image:height\" content=\"683\" \/>\n\t\t<meta property=\"article:tag\" content=\"porady\" \/>\n\t\t<meta property=\"article:tag\" content=\"g\u00f3ry\" \/>\n\t\t<meta property=\"article:published_time\" content=\"2022-11-05T05:23:00+00:00\" \/>\n\t\t<meta property=\"article:modified_time\" content=\"2023-09-29T07:51:53+00:00\" \/>\n\t\t<meta name=\"twitter:card\" content=\"summary_large_image\" \/>\n\t\t<meta name=\"twitter:title\" content=\"Jak zaplanowa\u0107 wycieczk\u0119 w g\u00f3ry - blog Skalnik\" \/>\n\t\t<meta name=\"twitter:description\" content=\"Dowiedz si\u0119 jak planowa\u0107 wycieczki w g\u00f3ry. Dobrze zaplanowana wycieczka g\u00f3rska to wi\u0119cej przyjemno\u015bci i wy\u017cszy poziom bezpiecze\u0144stwa. Sprawd\u017a to w terenie!\" \/>\n\t\t<meta name=\"twitter:image\" content=\"https:\/\/www.skalnik.pl\/blog\/wp-content\/uploads\/2022\/11\/DM_STLABS_Speed-Hiking-Fall20_20190927_03945.jpg\" \/>\n\t\t<script type=\"application\/ld+json\" class=\"aioseo-schema\">\n\t\t\t{\"@context\":\"https:\\\/\\\/schema.org\",\"@graph\":[{\"@type\":\"BlogPosting\",\"@id\":\"https:\\\/\\\/www.skalnik.pl\\\/blog\\\/jak-zaplanowac-wycieczke-w-gory\\\/#blogposting\",\"name\":\"Jak zaplanowa\\u0107 wycieczk\\u0119 w g\\u00f3ry - blog Skalnik\",\"headline\":\"Jak zaplanowa\\u0107 wycieczk\\u0119 w g\\u00f3ry\",\"author\":{\"@id\":\"https:\\\/\\\/www.skalnik.pl\\\/blog\\\/author\\\/slawek-nosal\\\/#author\"},\"publisher\":{\"@id\":\"https:\\\/\\\/www.skalnik.pl\\\/blog\\\/#organization\"},\"image\":{\"@type\":\"ImageObject\",\"url\":\"https:\\\/\\\/www.skalnik.pl\\\/blog\\\/wp-content\\\/uploads\\\/2022\\\/11\\\/planowanie-wycieczki-w-g\\u00f3ry.jpg\",\"width\":1920,\"height\":706},\"datePublished\":\"2022-11-05T06:23:00+02:00\",\"dateModified\":\"2023-09-29T09:51:53+02:00\",\"inLanguage\":\"pl-PL\",\"mainEntityOfPage\":{\"@id\":\"https:\\\/\\\/www.skalnik.pl\\\/blog\\\/jak-zaplanowac-wycieczke-w-gory\\\/#webpage\"},\"isPartOf\":{\"@id\":\"https:\\\/\\\/www.skalnik.pl\\\/blog\\\/jak-zaplanowac-wycieczke-w-gory\\\/#webpage\"},\"articleSection\":\"Porady, g\\u00f3ry, porady, 1304\"},{\"@type\":\"BreadcrumbList\",\"@id\":\"https:\\\/\\\/www.skalnik.pl\\\/blog\\\/jak-zaplanowac-wycieczke-w-gory\\\/#breadcrumblist\",\"itemListElement\":[{\"@type\":\"ListItem\",\"@id\":\"https:\\\/\\\/www.skalnik.pl\\\/blog#listItem\",\"position\":1,\"name\":\"Home\",\"item\":\"https:\\\/\\\/www.skalnik.pl\\\/blog\",\"nextItem\":{\"@type\":\"ListItem\",\"@id\":\"https:\\\/\\\/www.skalnik.pl\\\/blog\\\/.\\\/porady\\\/#listItem\",\"name\":\"Porady\"}},{\"@type\":\"ListItem\",\"@id\":\"https:\\\/\\\/www.skalnik.pl\\\/blog\\\/.\\\/porady\\\/#listItem\",\"position\":2,\"name\":\"Porady\",\"item\":\"https:\\\/\\\/www.skalnik.pl\\\/blog\\\/.\\\/porady\\\/\",\"nextItem\":{\"@type\":\"ListItem\",\"@id\":\"https:\\\/\\\/www.skalnik.pl\\\/blog\\\/jak-zaplanowac-wycieczke-w-gory\\\/#listItem\",\"name\":\"Jak zaplanowa\\u0107 wycieczk\\u0119 w g\\u00f3ry\"},\"previousItem\":{\"@type\":\"ListItem\",\"@id\":\"https:\\\/\\\/www.skalnik.pl\\\/blog#listItem\",\"name\":\"Home\"}},{\"@type\":\"ListItem\",\"@id\":\"https:\\\/\\\/www.skalnik.pl\\\/blog\\\/jak-zaplanowac-wycieczke-w-gory\\\/#listItem\",\"position\":3,\"name\":\"Jak zaplanowa\\u0107 wycieczk\\u0119 w g\\u00f3ry\",\"previousItem\":{\"@type\":\"ListItem\",\"@id\":\"https:\\\/\\\/www.skalnik.pl\\\/blog\\\/.\\\/porady\\\/#listItem\",\"name\":\"Porady\"}}]},{\"@type\":\"Organization\",\"@id\":\"https:\\\/\\\/www.skalnik.pl\\\/blog\\\/#organization\",\"name\":\"blog Skalnik\",\"description\":\"Blog, porady, artyku\\u0142y - blog Skalnik\",\"url\":\"https:\\\/\\\/www.skalnik.pl\\\/blog\\\/\"},{\"@type\":\"Person\",\"@id\":\"https:\\\/\\\/www.skalnik.pl\\\/blog\\\/author\\\/slawek-nosal\\\/#author\",\"url\":\"https:\\\/\\\/www.skalnik.pl\\\/blog\\\/author\\\/slawek-nosal\\\/\",\"name\":\"S\\u0142awek Nosal\",\"image\":{\"@type\":\"ImageObject\",\"@id\":\"https:\\\/\\\/www.skalnik.pl\\\/blog\\\/jak-zaplanowac-wycieczke-w-gory\\\/#authorImage\",\"url\":\"https:\\\/\\\/secure.gravatar.com\\\/avatar\\\/376f39150afcfc713e809ef8313d42dee4210bb1425eaad8153efa8965009197?s=96&d=mm&r=g\",\"width\":96,\"height\":96,\"caption\":\"S\\u0142awek Nosal\"}},{\"@type\":\"WebPage\",\"@id\":\"https:\\\/\\\/www.skalnik.pl\\\/blog\\\/jak-zaplanowac-wycieczke-w-gory\\\/#webpage\",\"url\":\"https:\\\/\\\/www.skalnik.pl\\\/blog\\\/jak-zaplanowac-wycieczke-w-gory\\\/\",\"name\":\"Jak zaplanowa\\u0107 wycieczk\\u0119 w g\\u00f3ry - blog Skalnik\",\"description\":\"Dowiedz si\\u0119 jak planowa\\u0107 wycieczki w g\\u00f3ry. Dobrze zaplanowana wycieczka g\\u00f3rska to wi\\u0119cej przyjemno\\u015bci i wy\\u017cszy poziom bezpiecze\\u0144stwa. Sprawd\\u017a to w terenie!\",\"inLanguage\":\"pl-PL\",\"isPartOf\":{\"@id\":\"https:\\\/\\\/www.skalnik.pl\\\/blog\\\/#website\"},\"breadcrumb\":{\"@id\":\"https:\\\/\\\/www.skalnik.pl\\\/blog\\\/jak-zaplanowac-wycieczke-w-gory\\\/#breadcrumblist\"},\"author\":{\"@id\":\"https:\\\/\\\/www.skalnik.pl\\\/blog\\\/author\\\/slawek-nosal\\\/#author\"},\"creator\":{\"@id\":\"https:\\\/\\\/www.skalnik.pl\\\/blog\\\/author\\\/slawek-nosal\\\/#author\"},\"image\":{\"@type\":\"ImageObject\",\"url\":\"https:\\\/\\\/www.skalnik.pl\\\/blog\\\/wp-content\\\/uploads\\\/2022\\\/11\\\/planowanie-wycieczki-w-g\\u00f3ry.jpg\",\"@id\":\"https:\\\/\\\/www.skalnik.pl\\\/blog\\\/jak-zaplanowac-wycieczke-w-gory\\\/#mainImage\",\"width\":1920,\"height\":706},\"primaryImageOfPage\":{\"@id\":\"https:\\\/\\\/www.skalnik.pl\\\/blog\\\/jak-zaplanowac-wycieczke-w-gory\\\/#mainImage\"},\"datePublished\":\"2022-11-05T06:23:00+02:00\",\"dateModified\":\"2023-09-29T09:51:53+02:00\"},{\"@type\":\"WebSite\",\"@id\":\"https:\\\/\\\/www.skalnik.pl\\\/blog\\\/#website\",\"url\":\"https:\\\/\\\/www.skalnik.pl\\\/blog\\\/\",\"name\":\"blog Skalnik\",\"description\":\"Blog, porady, artyku\\u0142y - blog Skalnik\",\"inLanguage\":\"pl-PL\",\"publisher\":{\"@id\":\"https:\\\/\\\/www.skalnik.pl\\\/blog\\\/#organization\"}}]}\n\t\t<\/script>\n\t\t<!-- All in One SEO -->\n\n","aioseo_head_json":{"title":"Jak zaplanowa\u0107 wycieczk\u0119 w g\u00f3ry - blog Skalnik","description":"Dowiedz si\u0119 jak planowa\u0107 wycieczki w g\u00f3ry. Dobrze zaplanowana wycieczka g\u00f3rska to wi\u0119cej przyjemno\u015bci i wy\u017cszy poziom bezpiecze\u0144stwa. Sprawd\u017a to w terenie!","canonical_url":"https:\/\/www.skalnik.pl\/blog\/jak-zaplanowac-wycieczke-w-gory\/","robots":"max-image-preview:large","keywords":"","webmasterTools":{"miscellaneous":""},"schema":{"@context":"https:\/\/schema.org","@graph":[{"@type":"BlogPosting","@id":"https:\/\/www.skalnik.pl\/blog\/jak-zaplanowac-wycieczke-w-gory\/#blogposting","name":"Jak zaplanowa\u0107 wycieczk\u0119 w g\u00f3ry - blog Skalnik","headline":"Jak zaplanowa\u0107 wycieczk\u0119 w g\u00f3ry","author":{"@id":"https:\/\/www.skalnik.pl\/blog\/author\/slawek-nosal\/#author"},"publisher":{"@id":"https:\/\/www.skalnik.pl\/blog\/#organization"},"image":{"@type":"ImageObject","url":"https:\/\/www.skalnik.pl\/blog\/wp-content\/uploads\/2022\/11\/planowanie-wycieczki-w-g\u00f3ry.jpg","width":1920,"height":706},"datePublished":"2022-11-05T06:23:00+02:00","dateModified":"2023-09-29T09:51:53+02:00","inLanguage":"pl-PL","mainEntityOfPage":{"@id":"https:\/\/www.skalnik.pl\/blog\/jak-zaplanowac-wycieczke-w-gory\/#webpage"},"isPartOf":{"@id":"https:\/\/www.skalnik.pl\/blog\/jak-zaplanowac-wycieczke-w-gory\/#webpage"},"articleSection":"Porady, g\u00f3ry, porady, 1304"},{"@type":"BreadcrumbList","@id":"https:\/\/www.skalnik.pl\/blog\/jak-zaplanowac-wycieczke-w-gory\/#breadcrumblist","itemListElement":[{"@type":"ListItem","@id":"https:\/\/www.skalnik.pl\/blog#listItem","position":1,"name":"Home","item":"https:\/\/www.skalnik.pl\/blog","nextItem":{"@type":"ListItem","@id":"https:\/\/www.skalnik.pl\/blog\/.\/porady\/#listItem","name":"Porady"}},{"@type":"ListItem","@id":"https:\/\/www.skalnik.pl\/blog\/.\/porady\/#listItem","position":2,"name":"Porady","item":"https:\/\/www.skalnik.pl\/blog\/.\/porady\/","nextItem":{"@type":"ListItem","@id":"https:\/\/www.skalnik.pl\/blog\/jak-zaplanowac-wycieczke-w-gory\/#listItem","name":"Jak zaplanowa\u0107 wycieczk\u0119 w g\u00f3ry"},"previousItem":{"@type":"ListItem","@id":"https:\/\/www.skalnik.pl\/blog#listItem","name":"Home"}},{"@type":"ListItem","@id":"https:\/\/www.skalnik.pl\/blog\/jak-zaplanowac-wycieczke-w-gory\/#listItem","position":3,"name":"Jak zaplanowa\u0107 wycieczk\u0119 w g\u00f3ry","previousItem":{"@type":"ListItem","@id":"https:\/\/www.skalnik.pl\/blog\/.\/porady\/#listItem","name":"Porady"}}]},{"@type":"Organization","@id":"https:\/\/www.skalnik.pl\/blog\/#organization","name":"blog Skalnik","description":"Blog, porady, artyku\u0142y - blog Skalnik","url":"https:\/\/www.skalnik.pl\/blog\/"},{"@type":"Person","@id":"https:\/\/www.skalnik.pl\/blog\/author\/slawek-nosal\/#author","url":"https:\/\/www.skalnik.pl\/blog\/author\/slawek-nosal\/","name":"S\u0142awek Nosal","image":{"@type":"ImageObject","@id":"https:\/\/www.skalnik.pl\/blog\/jak-zaplanowac-wycieczke-w-gory\/#authorImage","url":"https:\/\/secure.gravatar.com\/avatar\/376f39150afcfc713e809ef8313d42dee4210bb1425eaad8153efa8965009197?s=96&d=mm&r=g","width":96,"height":96,"caption":"S\u0142awek Nosal"}},{"@type":"WebPage","@id":"https:\/\/www.skalnik.pl\/blog\/jak-zaplanowac-wycieczke-w-gory\/#webpage","url":"https:\/\/www.skalnik.pl\/blog\/jak-zaplanowac-wycieczke-w-gory\/","name":"Jak zaplanowa\u0107 wycieczk\u0119 w g\u00f3ry - blog Skalnik","description":"Dowiedz si\u0119 jak planowa\u0107 wycieczki w g\u00f3ry. Dobrze zaplanowana wycieczka g\u00f3rska to wi\u0119cej przyjemno\u015bci i wy\u017cszy poziom bezpiecze\u0144stwa. Sprawd\u017a to w terenie!","inLanguage":"pl-PL","isPartOf":{"@id":"https:\/\/www.skalnik.pl\/blog\/#website"},"breadcrumb":{"@id":"https:\/\/www.skalnik.pl\/blog\/jak-zaplanowac-wycieczke-w-gory\/#breadcrumblist"},"author":{"@id":"https:\/\/www.skalnik.pl\/blog\/author\/slawek-nosal\/#author"},"creator":{"@id":"https:\/\/www.skalnik.pl\/blog\/author\/slawek-nosal\/#author"},"image":{"@type":"ImageObject","url":"https:\/\/www.skalnik.pl\/blog\/wp-content\/uploads\/2022\/11\/planowanie-wycieczki-w-g\u00f3ry.jpg","@id":"https:\/\/www.skalnik.pl\/blog\/jak-zaplanowac-wycieczke-w-gory\/#mainImage","width":1920,"height":706},"primaryImageOfPage":{"@id":"https:\/\/www.skalnik.pl\/blog\/jak-zaplanowac-wycieczke-w-gory\/#mainImage"},"datePublished":"2022-11-05T06:23:00+02:00","dateModified":"2023-09-29T09:51:53+02:00"},{"@type":"WebSite","@id":"https:\/\/www.skalnik.pl\/blog\/#website","url":"https:\/\/www.skalnik.pl\/blog\/","name":"blog Skalnik","description":"Blog, porady, artyku\u0142y - blog Skalnik","inLanguage":"pl-PL","publisher":{"@id":"https:\/\/www.skalnik.pl\/blog\/#organization"}}]},"og:locale":"pl_PL","og:site_name":"blog Skalnik - Blog, porady, artyku\u0142y - blog Skalnik","og:type":"article","og:title":"Jak zaplanowa\u0107 wycieczk\u0119 w g\u00f3ry - blog Skalnik","og:description":"Dowiedz si\u0119 jak planowa\u0107 wycieczki w g\u00f3ry. Dobrze zaplanowana wycieczka g\u00f3rska to wi\u0119cej przyjemno\u015bci i wy\u017cszy poziom bezpiecze\u0144stwa. Sprawd\u017a to w terenie!","og:url":"https:\/\/www.skalnik.pl\/blog\/jak-zaplanowac-wycieczke-w-gory\/","og:image":"https:\/\/www.skalnik.pl\/blog\/wp-content\/uploads\/2022\/11\/DM_STLABS_Speed-Hiking-Fall20_20190927_03945.jpg","og:image:secure_url":"https:\/\/www.skalnik.pl\/blog\/wp-content\/uploads\/2022\/11\/DM_STLABS_Speed-Hiking-Fall20_20190927_03945.jpg","og:image:width":1024,"og:image:height":683,"article:tag":["porady","g\u00f3ry"],"article:published_time":"2022-11-05T05:23:00+00:00","article:modified_time":"2023-09-29T07:51:53+00:00","twitter:card":"summary_large_image","twitter:title":"Jak zaplanowa\u0107 wycieczk\u0119 w g\u00f3ry - blog Skalnik","twitter:description":"Dowiedz si\u0119 jak planowa\u0107 wycieczki w g\u00f3ry. Dobrze zaplanowana wycieczka g\u00f3rska to wi\u0119cej przyjemno\u015bci i wy\u017cszy poziom bezpiecze\u0144stwa. Sprawd\u017a to w terenie!","twitter:image":"https:\/\/www.skalnik.pl\/blog\/wp-content\/uploads\/2022\/11\/DM_STLABS_Speed-Hiking-Fall20_20190927_03945.jpg"},"aioseo_meta_data":{"post_id":"21062","title":null,"description":"Dowiedz si\u0119 jak planowa\u0107 wycieczki w g\u00f3ry. Dobrze zaplanowana wycieczka g\u00f3rska to wi\u0119cej przyjemno\u015bci i wy\u017cszy poziom bezpiecze\u0144stwa. Sprawd\u017a to w terenie!","keywords":[],"keyphrases":{"focus":{"keyphrase":"","score":0,"analysis":{"keyphraseInTitle":{"score":0,"maxScore":9,"error":1}}},"additional":[]},"primary_term":null,"canonical_url":null,"og_title":null,"og_description":null,"og_object_type":"default","og_image_type":"default","og_image_url":null,"og_image_width":null,"og_image_height":null,"og_image_custom_url":null,"og_image_custom_fields":null,"og_video":"","og_custom_url":null,"og_article_section":null,"og_article_tags":[],"twitter_use_og":false,"twitter_card":"default","twitter_image_type":"default","twitter_image_url":null,"twitter_image_custom_url":null,"twitter_image_custom_fields":null,"twitter_title":null,"twitter_description":null,"schema":{"blockGraphs":[],"customGraphs":[],"default":{"data":{"Article":[],"Course":[],"Dataset":[],"FAQPage":[],"Movie":[],"Person":[],"Product":[],"ProductReview":[],"Car":[],"Recipe":[],"Service":[],"SoftwareApplication":[],"WebPage":[]},"graphName":"","isEnabled":true},"graphs":[]},"schema_type":"default","schema_type_options":null,"pillar_content":false,"robots_default":true,"robots_noindex":false,"robots_noarchive":false,"robots_nosnippet":false,"robots_nofollow":false,"robots_noimageindex":false,"robots_noodp":false,"robots_notranslate":false,"robots_max_snippet":"-1","robots_max_videopreview":"-1","robots_max_imagepreview":"large","priority":null,"frequency":"default","local_seo":null,"breadcrumb_settings":null,"limit_modified_date":false,"ai":null,"created":"2023-03-21 08:48:18","updated":"2026-02-17 22:27:21","seo_analyzer_scan_date":null},"aioseo_breadcrumb":"<div class=\"aioseo-breadcrumbs\"><span class=\"aioseo-breadcrumb\">\n\t\t\t<a href=\"https:\/\/www.skalnik.pl\/blog\" title=\"Home\">Home<\/a>\n\t\t<\/span><span class=\"aioseo-breadcrumb-separator\">&raquo;<\/span><span class=\"aioseo-breadcrumb\">\n\t\t\t<a href=\"https:\/\/www.skalnik.pl\/blog\/.\/porady\/\" title=\"Porady\">Porady<\/a>\n\t\t<\/span><span class=\"aioseo-breadcrumb-separator\">&raquo;<\/span><span class=\"aioseo-breadcrumb\">\n\t\t\tJak zaplanowa\u0107 wycieczk\u0119 w g\u00f3ry\n\t\t<\/span><\/div>","aioseo_breadcrumb_json":[{"label":"Home","link":"https:\/\/www.skalnik.pl\/blog"},{"label":"Porady","link":"https:\/\/www.skalnik.pl\/blog\/.\/porady\/"},{"label":"Jak zaplanowa\u0107 wycieczk\u0119 w g\u00f3ry","link":"https:\/\/www.skalnik.pl\/blog\/jak-zaplanowac-wycieczke-w-gory\/"}],"_links":{"self":[{"href":"https:\/\/www.skalnik.pl\/blog\/wp-json\/wp\/v2\/posts\/21062","targetHints":{"allow":["GET"]}}],"collection":[{"href":"https:\/\/www.skalnik.pl\/blog\/wp-json\/wp\/v2\/posts"}],"about":[{"href":"https:\/\/www.skalnik.pl\/blog\/wp-json\/wp\/v2\/types\/post"}],"author":[{"embeddable":true,"href":"https:\/\/www.skalnik.pl\/blog\/wp-json\/wp\/v2\/users\/8"}],"replies":[{"embeddable":true,"href":"https:\/\/www.skalnik.pl\/blog\/wp-json\/wp\/v2\/comments?post=21062"}],"version-history":[{"count":12,"href":"https:\/\/www.skalnik.pl\/blog\/wp-json\/wp\/v2\/posts\/21062\/revisions"}],"predecessor-version":[{"id":24329,"href":"https:\/\/www.skalnik.pl\/blog\/wp-json\/wp\/v2\/posts\/21062\/revisions\/24329"}],"wp:featuredmedia":[{"embeddable":true,"href":"https:\/\/www.skalnik.pl\/blog\/wp-json\/wp\/v2\/media\/21066"}],"wp:attachment":[{"href":"https:\/\/www.skalnik.pl\/blog\/wp-json\/wp\/v2\/media?parent=21062"}],"wp:term":[{"taxonomy":"category","embeddable":true,"href":"https:\/\/www.skalnik.pl\/blog\/wp-json\/wp\/v2\/categories?post=21062"},{"taxonomy":"post_tag","embeddable":true,"href":"https:\/\/www.skalnik.pl\/blog\/wp-json\/wp\/v2\/tags?post=21062"},{"taxonomy":"magento_category","embeddable":true,"href":"https:\/\/www.skalnik.pl\/blog\/wp-json\/wp\/v2\/magento_category?post=21062"},{"taxonomy":"magento_product","embeddable":true,"href":"https:\/\/www.skalnik.pl\/blog\/wp-json\/wp\/v2\/magento_product?post=21062"}],"curies":[{"name":"wp","href":"https:\/\/api.w.org\/{rel}","templated":true}]}}