{"id":21108,"date":"2022-11-10T15:21:07","date_gmt":"2022-11-10T14:21:07","guid":{"rendered":"https:\/\/www.skalnik.pl\/blog\/?p=21108"},"modified":"2022-11-10T15:21:09","modified_gmt":"2022-11-10T14:21:09","slug":"jak-zadbac-o-namiot-po-sezonie-2","status":"publish","type":"post","link":"https:\/\/www.skalnik.pl\/blog\/jak-zadbac-o-namiot-po-sezonie-2\/","title":{"rendered":"Jak zadba\u0107 o namiot po sezonie"},"content":{"rendered":"\n<p><strong>Zgodzicie si\u0119 &#8211; mam nadziej\u0119 &#8211; ze stwierdzeniem, \u017ce namiot to nie jest taki zwyk\u0142y, zwyczajny element ekwipunku outdoorowego. W szufladach, gara\u017cach i kom\u00f3rkach walaj\u0105 nam si\u0119 z k\u0105ta w k\u0105t \u015bpiwory, maty, mena\u017cki i ca\u0142a reszta biwakowego szpeju, ale namiot nie jest tylko sprytnie pozszywanym kawa\u0142kiem nylonu, a naszym ma\u0142ym, przeno\u015bnym schronieniem. Such\u0105 i ciep\u0142\u0105 enklaw\u0105 po\u015brodku dziczy, kt\u00f3ry da namiastk\u0119 bezpiecznego domu, gdy wok\u00f3\u0142 zapadnie ciemno\u015b\u0107, spadnie deszcz i \u015bnieg, a z krzak\u00f3w zacznie wygl\u0105da\u0107 dzika zwierzyna. Ka\u017cdy sezon kiedy\u015b si\u0119 jednak ko\u0144czy, wi\u0119c zanim nadejdzie zima i wi\u0119kszo\u015b\u0107 z nas pochowa swoje namioty g\u0142\u0119boko do szaf, warto b\u0119dzie zrobi\u0107 im swojego rodzaju przegl\u0105d okresowy i odpowiednio zabezpieczy\u0107 na czas przechowywania.<\/strong><\/p>\n\n\n\n<div id=\"ez-toc-container\" class=\"ez-toc-v2_0_85 counter-hierarchy ez-toc-counter ez-toc-light-blue ez-toc-container-direction\">\n<div class=\"ez-toc-title-container\">\n<p class=\"ez-toc-title\" style=\"cursor:inherit\">SPIS TRE\u015aCI <\/p>\n<span class=\"ez-toc-title-toggle\"><a href=\"#\" class=\"ez-toc-pull-right ez-toc-btn ez-toc-btn-xs ez-toc-btn-default ez-toc-toggle\" aria-label=\"Prze\u0142\u0105cznik Spisu Tre\u015bci\"><span class=\"ez-toc-js-icon-con\"><span class=\"\"><span class=\"eztoc-hide\" style=\"display:none;\">Toggle<\/span><span class=\"ez-toc-icon-toggle-span\"><svg style=\"fill: #999;color:#999\" xmlns=\"http:\/\/www.w3.org\/2000\/svg\" class=\"list-377408\" width=\"20px\" height=\"20px\" viewBox=\"0 0 24 24\" fill=\"none\"><path d=\"M6 6H4v2h2V6zm14 0H8v2h12V6zM4 11h2v2H4v-2zm16 0H8v2h12v-2zM4 16h2v2H4v-2zm16 0H8v2h12v-2z\" fill=\"currentColor\"><\/path><\/svg><svg style=\"fill: #999;color:#999\" class=\"arrow-unsorted-368013\" xmlns=\"http:\/\/www.w3.org\/2000\/svg\" width=\"10px\" height=\"10px\" viewBox=\"0 0 24 24\" version=\"1.2\" baseProfile=\"tiny\"><path d=\"M18.2 9.3l-6.2-6.3-6.2 6.3c-.2.2-.3.4-.3.7s.1.5.3.7c.2.2.4.3.7.3h11c.3 0 .5-.1.7-.3.2-.2.3-.5.3-.7s-.1-.5-.3-.7zM5.8 14.7l6.2 6.3 6.2-6.3c.2-.2.3-.5.3-.7s-.1-.5-.3-.7c-.2-.2-.4-.3-.7-.3h-11c-.3 0-.5.1-.7.3-.2.2-.3.5-.3.7s.1.5.3.7z\"\/><\/svg><\/span><\/span><\/span><\/a><\/span><\/div>\n<nav><ul class='ez-toc-list ez-toc-list-level-1 ' ><li class='ez-toc-page-1 ez-toc-heading-level-2'><a class=\"ez-toc-link ez-toc-heading-1\" href=\"https:\/\/www.skalnik.pl\/blog\/jak-zadbac-o-namiot-po-sezonie-2\/#Porzadek_musi_byc_czyli_pranie_namiotu\" >Porz\u0105dek musi by\u0107, czyli pranie namiotu<\/a><\/li><li class='ez-toc-page-1 ez-toc-heading-level-2'><a class=\"ez-toc-link ez-toc-heading-2\" href=\"https:\/\/www.skalnik.pl\/blog\/jak-zadbac-o-namiot-po-sezonie-2\/#Trzymaj_wode_z_daleka_czyli_impregnacja_namiotu\" >Trzymaj wod\u0119 z daleka, czyli impregnacja namiotu<\/a><\/li><li class='ez-toc-page-1 ez-toc-heading-level-2'><a class=\"ez-toc-link ez-toc-heading-3\" href=\"https:\/\/www.skalnik.pl\/blog\/jak-zadbac-o-namiot-po-sezonie-2\/#Plesn_w_namiocie_%E2%80%93_jak_sie_jej_pozbyc_i_jak_zapobiegac\" >Ple\u015b\u0144 w namiocie &#8211; jak si\u0119 jej pozby\u0107 i jak zapobiega\u0107<\/a><\/li><li class='ez-toc-page-1 ez-toc-heading-level-2'><a class=\"ez-toc-link ez-toc-heading-4\" href=\"https:\/\/www.skalnik.pl\/blog\/jak-zadbac-o-namiot-po-sezonie-2\/#Zrob_to_sam_czyli_prosta_naprawa_namiotu\" >Zr\u00f3b to sam, czyli prosta naprawa namiotu<\/a><\/li><li class='ez-toc-page-1 ez-toc-heading-level-2'><a class=\"ez-toc-link ez-toc-heading-5\" href=\"https:\/\/www.skalnik.pl\/blog\/jak-zadbac-o-namiot-po-sezonie-2\/#Sen_zimowy_%E2%80%93_jak_przechowywac_namiot_po_sezonie\" >Sen zimowy &#8211; jak przechowywa\u0107 namiot po sezonie.<\/a><\/li><\/ul><\/nav><\/div>\n<h2 class=\"wp-block-heading\"><span class=\"ez-toc-section\" id=\"Porzadek_musi_byc_czyli_pranie_namiotu\"><\/span>Porz\u0105dek musi by\u0107, czyli pranie namiotu<span class=\"ez-toc-section-end\"><\/span><\/h2>\n\n\n\n<p>W idealnym \u015bwiecie namiot przed z\u0142o\u017ceniem i spakowaniem do pokrowca zawsze by\u0142by suchy i czysty, jednak wiemy jak jest\u2026 Nie raz i nie dwa pewnie ka\u017cdemu zdarzy\u0142o si\u0119 rolowa\u0107 pod\u0142og\u0119 brudn\u0105 od b\u0142ota, mokry tropik i sypialni\u0119 pe\u0142n\u0105 piachu. Okoliczno\u015bci bywaj\u0105 r\u00f3\u017cne, jednak zawsze trzeba pami\u0119ta\u0107, aby jak najszybciej zaj\u0105\u0107 si\u0119 przywr\u00f3ceniem namiotu do stanu u\u017cywalno\u015bci. Wraz z ko\u0144cem sezonu (a najlepiej to w og\u00f3le kilka razy do roku) warto zafundowa\u0107 mu solidne sprz\u0105tanko. <\/p>\n\n\n\n<div class=\"wp-block-image\"><figure class=\"aligncenter size-large\"><img loading=\"lazy\" decoding=\"async\" width=\"1024\" height=\"683\" src=\"https:\/\/www.skalnik.pl\/blog\/wp-content\/uploads\/2022\/11\/namiot-volven.jpg\" alt=\"\" class=\"wp-image-21111\" srcset=\"https:\/\/www.skalnik.pl\/blog\/wp-content\/uploads\/2022\/11\/namiot-volven.jpg 1024w, https:\/\/www.skalnik.pl\/blog\/wp-content\/uploads\/2022\/11\/namiot-volven-300x200.jpg 300w, https:\/\/www.skalnik.pl\/blog\/wp-content\/uploads\/2022\/11\/namiot-volven-768x512.jpg 768w\" sizes=\"auto, (max-width: 1024px) 100vw, 1024px\" \/><figcaption><em>Na koniec sezonu w szczeg\u00f3lno\u015bci, ale po ka\u017cdym niemal biwaku powinni\u015bmy zadba\u0107 o namiot<\/em>!<\/figcaption><\/figure><\/div>\n\n\n\n<p>Jak wysprz\u0105ta\u0107 namiot?<\/p>\n\n\n\n<ul class=\"wp-block-list\"><li>Roz\u0142\u00f3\u017c namiot na ogr\u00f3dku, \u0142\u0105ce za domem, albo po prostu na \u015brodku pokoju.<\/li><li>We\u017a zmiotk\u0119 i szufelk\u0119 (lub odkurzacz) i dok\u0142adnie wymie\u0107 z wn\u0119trza sypialni wszelkie zanieczyszczenia &#8211; resztki piachu, suchych li\u015bci, \u017ad\u017ab\u0142a trawy, okruszki.<\/li><li>Nast\u0119pnie zobacz, czy zar\u00f3wno wewn\u0105trz jak i na zewn\u0105trz nie pozosta\u0142y zaschni\u0119te resztki, np. b\u0142ota. W takim wypadu najlepiej potraktowa\u0107 je szczotk\u0105 &#8211; byle nie za tward\u0105, aby nie uszkodzi\u0107 materia\u0142u namiotu. Taka jak\u0105 u\u017cywasz np. do czyszczenia cholewki but\u00f3w b\u0119dzie OK.<\/li><li>Szczoteczki mo\u017cna r\u00f3wnie\u017c u\u017cy\u0107 do oczyszczenia takich element\u00f3w namiotu jak rzepy do zamykania wej\u015b\u0107, zamki b\u0142yskawiczne, czy oczka w pod\u0142odze do mocowania szpilek.<\/li><li>Po zeskrobaniu i wyszorowaniu resztek mo\u017cna przyst\u0105pi\u0107 do w\u0142a\u015bciwego czyszczenia ca\u0142ej powierzchni poszycia namiotu oraz pod\u0142ogi. Czym umy\u0107 namiot? Tutaj najlepiej sprawdzi si\u0119 czysta, ciep\u0142a woda + \u015bciereczka b\u0105d\u017a g\u0105bka.<\/li><li>Je\u015bli na drodze znajd\u0105 si\u0119 plamy nie do ruszenia sam\u0105 wod\u0105, mo\u017cna u\u017cy\u0107 zwyk\u0142ego, naturalnego myd\u0142a lub jednego ze specjalnych preparat\u00f3w. Nikwax posiada w ofercie specyfik o nazwie <strong>Tent &amp; Gear SolarWash Spray-on<\/strong>, kt\u00f3rego butelka ze spryskiwaczem pomaga w aplikacji. Po wyczyszczeniu namiotu \u015brodek ten sprawdzi si\u0119 r\u00f3wnie dobrze do piel\u0119gnacji plecaka czy p\u0142achty biwakowej, wi\u0119c tym bardziej warto si\u0119 w niego zaopatrzy\u0107.<\/li><li>Wilgotn\u0105 \u015bciereczk\u0105 mo\u017cna r\u00f3wnie\u017c przetrze\u0107 maszty oraz szpilki, na kt\u00f3rych cz\u0119sto zostaj\u0105 resztki ziemi i b\u0142ota z pod\u0142o\u017ca, na kt\u00f3rym ostatnio biwakowali\u015bmy.<\/li><li>Na koniec pozostaje zostawi\u0107 namiot do porz\u0105dnego wyschni\u0119cia i cho\u0107 mo\u017ce kusi\u0107 pozostawienie go w pe\u0142nym s\u0142o\u0144cu &#8211; lepiej nie wystawia\u0107 namiotu na d\u0142ugotrwa\u0142e oddzia\u0142ywanie promieni s\u0142onecznych.<\/li><\/ul>\n\n\n\n<div class=\"wp-block-image\"><figure class=\"aligncenter size-large\"><img loading=\"lazy\" decoding=\"async\" width=\"1020\" height=\"650\" src=\"https:\/\/www.skalnik.pl\/blog\/wp-content\/uploads\/2022\/11\/Nikwax-066-BRUSH-SET.jpg\" alt=\"\" class=\"wp-image-21110\" srcset=\"https:\/\/www.skalnik.pl\/blog\/wp-content\/uploads\/2022\/11\/Nikwax-066-BRUSH-SET.jpg 1020w, https:\/\/www.skalnik.pl\/blog\/wp-content\/uploads\/2022\/11\/Nikwax-066-BRUSH-SET-300x191.jpg 300w, https:\/\/www.skalnik.pl\/blog\/wp-content\/uploads\/2022\/11\/Nikwax-066-BRUSH-SET-768x489.jpg 768w\" sizes=\"auto, (max-width: 1020px) 100vw, 1020px\" \/><figcaption><em>Nikwax posiada ca\u0142\u0105 gam\u0119 produkt\u00f3w do czyszczenia &#8211; od p\u0142yn\u00f3w czyszcz\u0105cych, po impregnaty i szczoteczki. (fot. Nikwax)<\/em><\/figcaption><\/figure><\/div>\n\n\n\n<p>UWAGA &#8211; podczas czyszczenia namiotu nie nale\u017cy si\u0119ga\u0107 po arsena\u0142 chemicznych \u015brodk\u00f3w, jakich u\u017cywamy do sprz\u0105tania w domu (detergenty, p\u0142yny do prania, p\u0142yny do naczy\u0144, etc.) O tym, \u017ceby pod \u017cadnym pozorem nie wrzuca\u0107 namiotu \u017cadnego z jego element\u00f3w do pralki nie musimy chyba wspomina\u0107, prawda?<\/p>\n\n\n\n<p><span class=\"has-inline-color has-vivid-cyan-blue-color\">Zobacz <a href=\"https:\/\/www.skalnik.pl\/odziez\/akcesoria\/akcesoria-impregnaty-do-odziezy\" target=\"_blank\" rel=\"noreferrer noopener\"><strong>\u015brodki do prania i impregnaty<\/strong><\/a>. <\/span><\/p>\n\n\n\n<h2 class=\"wp-block-heading\"><span class=\"ez-toc-section\" id=\"Trzymaj_wode_z_daleka_czyli_impregnacja_namiotu\"><\/span>Trzymaj wod\u0119 z daleka, czyli impregnacja namiotu<span class=\"ez-toc-section-end\"><\/span><\/h2>\n\n\n\n<p>Gdy nasz namiot jest ju\u017c czy\u015bciutki i wyschni\u0119ty, wtedy warto pomy\u015ble\u0107 o odnowieniu zewn\u0119trznej warstwy DWR, czyli <strong>pow\u0142oki wodoodpornej<\/strong>. Nawet najbardziej odporny na wilgo\u0107 materia\u0142 w ko\u0144cu zacznie nasi\u0105ka\u0107, dlatego dobrze jest pokry\u0107 go odpowiednim \u015brodkiem impregnuj\u0105cym. Ten prosty zabieg mo\u017ce pom\u00f3c odzyska\u0107 w\u0142a\u015bciwo\u015bci nawet starszym i wydawa\u0142oby si\u0119 mocno zu\u017cytym namiotom. Takim impregnatem wystarczy spryska\u0107 ca\u0142\u0105 powierzchni\u0119 namiotu, a nast\u0119pnie pozostawi\u0107 do wyschni\u0119cia, ewentualnie zbieraj\u0105c wcze\u015bniej jego nadmiar czyst\u0105 \u015bciereczk\u0105.<\/p>\n\n\n\n<p>Tutaj zn\u00f3w przychodz\u0105 nam z pomoc\u0105 fachowcy od piel\u0119gnacji sprz\u0119tu g\u00f3rskiego, czyli marka Nikwax. Ich <strong>Tent &amp; Gear SolarProof<\/strong> to bezpieczny i prosty w aplikacji \u015brodek przywracaj\u0105cy hydrofobowo\u015b\u0107 tropiku, a dodatkowo chroni\u0105cy przed promieniowaniem UV i konserwuj\u0105cy materia\u0142 namiotu. <\/p>\n\n\n\n<iframe loading=\"lazy\" width=\"800\" height=\"442\" src=\"https:\/\/www.youtube.com\/embed\/bs8O7S2GzfU\" title=\"YouTube video player\" frameborder=\"0\" allow=\"accelerometer; autoplay; clipboard-write; encrypted-media; gyroscope; picture-in-picture\" allowfullscreen><\/iframe>\n\n\n\n<p>Inne godne polecenia impregnaty do namiot\u00f3w to np. <strong>Tent and Gear Repel<\/strong> brytyjskiej firmy Grangers, albo uniwersalny impregnat na bazie silikonu <strong>Fabsil Universal Protector<\/strong>.<\/p>\n\n\n\n<iframe loading=\"lazy\" width=\"800\" height=\"442\" src=\"https:\/\/www.youtube.com\/embed\/2GsvhWCaXqo\" title=\"YouTube video player\" frameborder=\"0\" allow=\"accelerometer; autoplay; clipboard-write; encrypted-media; gyroscope; picture-in-picture\" allowfullscreen><\/iframe>\n\n\n\n<h2 class=\"wp-block-heading\"><span class=\"ez-toc-section\" id=\"Plesn_w_namiocie_%E2%80%93_jak_sie_jej_pozbyc_i_jak_zapobiegac\"><\/span><strong>Ple\u015b\u0144 w namiocie &#8211;<\/strong><strong> jak si\u0119 jej pozby\u0107 i jak zapobiega\u0107<\/strong><span class=\"ez-toc-section-end\"><\/span><\/h2>\n\n\n\n<p>Wyst\u0119powaniu ple\u015bni mo\u017cemy zapobiega\u0107 w jeden spos\u00f3b &#8211; dba\u0107, aby mokry namiot nigdy d\u0142ugotrwale nie pozostawa\u0142 zwini\u0119ty, aby wilgo\u0107 w jego zakamarkach nie da\u0142a rady si\u0119 przerodzi\u0107 w ogniska ple\u015bni. A jak pozby\u0107 si\u0119 ple\u015bni, gdy ju\u017c zauwa\u017cymy charakterystyczny, bia\u0142y nalot na materiale namiotu?<\/p>\n\n\n\n<p>B\u0119dzie mo\u017cna sobie z nim poradzi\u0107 prostym, domowym sposobem na ple\u015b\u0144. Nale\u017cy przygotowa\u0107 roztw\u00f3r zwyk\u0142ego <strong>octu rozcie\u0144czonego w wodzie<\/strong> (mo\u017ce by\u0107 w proporcji p\u00f3\u0142 na p\u00f3\u0142) oraz nanie\u015b\u0107 go na zanieczyszczon\u0105 powierzchni\u0119. Po kwadransie mo\u017cna przemy\u0107 ca\u0142o\u015b\u0107 wod\u0105, a na koniec wyczy\u015bci\u0107 myd\u0142em lub \u015brodkiem czyszcz\u0105cym (cho\u0107by wspomnianym ju\u017c Nikwaxem), pozostawiaj\u0105c do ca\u0142kowitego wyschni\u0119cia.<\/p>\n\n\n\n<h2 class=\"wp-block-heading\"><span class=\"ez-toc-section\" id=\"Zrob_to_sam_czyli_prosta_naprawa_namiotu\"><\/span>Zr\u00f3b to sam, czyli prosta naprawa namiotu<span class=\"ez-toc-section-end\"><\/span><\/h2>\n\n\n\n<p>Namioty turystyczne nie maj\u0105 \u0142atwego \u017cycia, bywaj\u0105 rozk\u0142adane w po\u015bpiechu, niedok\u0142adnie, w deszczu i mgle, na byle jakim kawa\u0142ku p\u0142askiej powierzchni nara\u017cone na ataki kamieni, krzak\u00f3w i nie wiadomo czego jeszcze. Nawet gdy b\u0119dziemy bardzo ostro\u017cni, zawsze mo\u017ce zdarzy\u0107 si\u0119 <strong>przypadkowe uszkodzenie<\/strong> tkaniny namiotu no\u017cem, ga\u0142\u0119zi\u0105, czy ostrym kamieniem. Z tego typu drobnymi usterkami b\u0119dziemy w stanie poradzi\u0107 sobie w\u0142asnor\u0119cznie.<\/p>\n\n\n\n<ul class=\"wp-block-list\"><li>Rozszczelniony szew mo\u017cna z powrotem zabezpieczy\u0107 przed puszczaniem wilgoci u\u017cywaj\u0105c specjalnych <strong>\u015brodk\u00f3w do uszczelniania <\/strong>(np. marki McNett, lu), kt\u00f3re pokrywaj\u0105 wra\u017cliwe miejsca przezroczyst\u0105, elastyczn\u0105 pow\u0142ok\u0105.<\/li><li>Na przeci\u0119te poszycie czy dziur\u0119 w pod\u0142odze namiotu pomog\u0105 \u0142atki, kt\u00f3re cz\u0119sto sprzedawane s\u0105 w zestawie z klejem oraz p\u0119dzelkiem do jego nanoszenia. Taki klej po wyschni\u0119ciu tworzy mocn\u0105, elastyczn\u0105 spoin\u0119, kt\u00f3ra zapobiegnie odklejeniu si\u0119 \u0142atki podczas rozbijania i pakowania namiotu.<\/li><\/ul>\n\n\n\n<iframe loading=\"lazy\" width=\"800\" height=\"442\" src=\"https:\/\/www.youtube.com\/embed\/c7uURBdvOmY\" title=\"YouTube video player\" frameborder=\"0\" allow=\"accelerometer; autoplay; clipboard-write; encrypted-media; gyroscope; picture-in-picture\" allowfullscreen><\/iframe>\n\n\n\n<h2 class=\"wp-block-heading\"><span class=\"ez-toc-section\" id=\"Sen_zimowy_%E2%80%93_jak_przechowywac_namiot_po_sezonie\"><\/span>Sen zimowy &#8211; jak przechowywa\u0107 namiot po sezonie.<span class=\"ez-toc-section-end\"><\/span><\/h2>\n\n\n\n<p>Dotarli\u015bmy nareszcie do ko\u0144ca, czyli do aspektu przechowywania naszego namiotu, aby w komforcie m\u00f3g\u0142 poczeka\u0107 na rozpocz\u0119cie kolejnego sezonu biwakowego. Jak zatem sk\u0142ada\u0107 namiot? Przede wszystkim nale\u017cy pami\u0119ta\u0107, \u017ce namiot powinien oddycha\u0107, wi\u0119c powinien by\u0107 lu\u017ano spakowany, a nie ciasno wci\u015bni\u0119ty do tego samego pokrowca w kt\u00f3rym nosimy go na wyprawach i jeszcze dodatkowo skompresowany ta\u015bmami. Idealnym rozwi\u0105zaniem b\u0119dzie umieszczenie go w przewiewnym, siatkowym worku &#8211; takim jakiego u\u017cywa si\u0119 do przechowywania \u015bpiwor\u00f3w lub kurtek puchowych. Pomieszczenie, w kt\u00f3rym b\u0119dzie zimowa\u0142 namiot, powinno by\u0107 suche i z optymaln\u0105, pokojow\u0105 temperatur\u0105 kilkunastu stopni &#8211; unikajmy tu piwnic, strych\u00f3w, czy wilgotnych kom\u00f3rek.<\/p>\n\n\n\n<hr class=\"wp-block-separator is-style-dots\"\/>\n\n\n\n<p>Odpowiednio traktowany namiot z pewno\u015bci\u0105 odwdzi\u0119czy nam si\u0119 w kolejnym sezonie i zapewni suche i ciep\u0142e schronienie podczas wszelkich g\u00f3rskich przyg\u00f3d &#8211; tych bardzo dalekich, jak i tych ca\u0142kiem bliskich.<\/p>\n\n\n\n<p><span class=\"has-inline-color has-vivid-cyan-blue-color\">Szukasz nowego namiotu? Skocz do kategorii <a href=\"https:\/\/www.skalnik.pl\/sprzet-turystyczny\/namioty\/namioty-turystyczne\" target=\"_blank\" rel=\"noreferrer noopener\"><strong>namioty turystyczne<\/strong><\/a>. <\/span><\/p>\n","protected":false},"excerpt":{"rendered":"<p>Zadbaj w\u0142a\u015bciwie o namiot po sezonie! Zobacz jak czy\u015bci\u0107 i impregnowa\u0107 namioty. <\/p>\n","protected":false},"author":21,"featured_media":21112,"comment_status":"open","ping_status":"open","sticky":false,"template":"","format":"standard","meta":{"_acf_changed":false,"footnotes":""},"categories":[3],"tags":[87,113],"magento_category":[117],"magento_product":[],"class_list":["post-21108","post","type-post","status-publish","format-standard","has-post-thumbnail","hentry","category-porady","tag-biwak","tag-namioty"],"acf":[],"aioseo_notices":[],"aioseo_head":"\n\t\t<!-- All in One SEO 4.9.10 - aioseo.com -->\n\t<meta name=\"description\" content=\"Zadbaj o sw\u00f3j g\u00f3rski domek. Po sezonie warto czy\u015bci\u0107 i impregnowa\u0107 namioty turystyczne. Nawet przechowywanie ma znaczenie, w jakiej kondycji b\u0119dzie Tw\u00f3j namiot w przysz\u0142ym sezonie.\" \/>\n\t<meta name=\"robots\" content=\"max-image-preview:large\" \/>\n\t<meta name=\"author\" content=\"Dominik Marzec\"\/>\n\t<link rel=\"canonical\" href=\"https:\/\/www.skalnik.pl\/blog\/jak-zadbac-o-namiot-po-sezonie-2\/\" \/>\n\t<meta name=\"generator\" content=\"All in One SEO (AIOSEO) 4.9.10\" \/>\n\t\t<meta property=\"og:locale\" content=\"pl_PL\" \/>\n\t\t<meta property=\"og:site_name\" content=\"blog Skalnik - Blog, porady, artyku\u0142y - blog Skalnik\" \/>\n\t\t<meta property=\"og:type\" content=\"article\" \/>\n\t\t<meta property=\"og:title\" content=\"Jak zadba\u0107 o namiot po sezonie - blog Skalnik\" \/>\n\t\t<meta property=\"og:description\" content=\"Zadbaj o sw\u00f3j g\u00f3rski domek. Po sezonie warto czy\u015bci\u0107 i impregnowa\u0107 namioty turystyczne. Nawet przechowywanie ma znaczenie, w jakiej kondycji b\u0119dzie Tw\u00f3j namiot w przysz\u0142ym sezonie.\" \/>\n\t\t<meta property=\"og:url\" content=\"https:\/\/www.skalnik.pl\/blog\/jak-zadbac-o-namiot-po-sezonie-2\/\" \/>\n\t\t<meta property=\"og:image\" content=\"https:\/\/www.skalnik.pl\/blog\/wp-content\/uploads\/2022\/11\/namiot-volven.jpg\" \/>\n\t\t<meta property=\"og:image:secure_url\" content=\"https:\/\/www.skalnik.pl\/blog\/wp-content\/uploads\/2022\/11\/namiot-volven.jpg\" \/>\n\t\t<meta property=\"og:image:width\" content=\"1024\" \/>\n\t\t<meta property=\"og:image:height\" content=\"683\" \/>\n\t\t<meta property=\"article:tag\" content=\"porady\" \/>\n\t\t<meta property=\"article:tag\" content=\"biwak\" \/>\n\t\t<meta property=\"article:tag\" content=\"namioty\" \/>\n\t\t<meta property=\"article:published_time\" content=\"2022-11-10T14:21:07+00:00\" \/>\n\t\t<meta property=\"article:modified_time\" content=\"2022-11-10T14:21:09+00:00\" \/>\n\t\t<meta name=\"twitter:card\" content=\"summary_large_image\" \/>\n\t\t<meta name=\"twitter:title\" content=\"Jak zadba\u0107 o namiot po sezonie - blog Skalnik\" \/>\n\t\t<meta name=\"twitter:description\" content=\"Zadbaj o sw\u00f3j g\u00f3rski domek. Po sezonie warto czy\u015bci\u0107 i impregnowa\u0107 namioty turystyczne. Nawet przechowywanie ma znaczenie, w jakiej kondycji b\u0119dzie Tw\u00f3j namiot w przysz\u0142ym sezonie.\" \/>\n\t\t<meta name=\"twitter:image\" content=\"https:\/\/www.skalnik.pl\/blog\/wp-content\/uploads\/2022\/11\/namiot-volven.jpg\" \/>\n\t\t<script type=\"application\/ld+json\" class=\"aioseo-schema\">\n\t\t\t{\"@context\":\"https:\\\/\\\/schema.org\",\"@graph\":[{\"@type\":\"BlogPosting\",\"@id\":\"https:\\\/\\\/www.skalnik.pl\\\/blog\\\/jak-zadbac-o-namiot-po-sezonie-2\\\/#blogposting\",\"name\":\"Jak zadba\\u0107 o namiot po sezonie - blog Skalnik\",\"headline\":\"Jak zadba\\u0107 o namiot po sezonie\",\"author\":{\"@id\":\"https:\\\/\\\/www.skalnik.pl\\\/blog\\\/author\\\/dominik-marzec\\\/#author\"},\"publisher\":{\"@id\":\"https:\\\/\\\/www.skalnik.pl\\\/blog\\\/#organization\"},\"image\":{\"@type\":\"ImageObject\",\"url\":\"https:\\\/\\\/www.skalnik.pl\\\/blog\\\/wp-content\\\/uploads\\\/2022\\\/11\\\/jak-czy\\u015bci\\u0107-namiot.jpg\",\"width\":1920,\"height\":706},\"datePublished\":\"2022-11-10T15:21:07+02:00\",\"dateModified\":\"2022-11-10T15:21:09+02:00\",\"inLanguage\":\"pl-PL\",\"mainEntityOfPage\":{\"@id\":\"https:\\\/\\\/www.skalnik.pl\\\/blog\\\/jak-zadbac-o-namiot-po-sezonie-2\\\/#webpage\"},\"isPartOf\":{\"@id\":\"https:\\\/\\\/www.skalnik.pl\\\/blog\\\/jak-zadbac-o-namiot-po-sezonie-2\\\/#webpage\"},\"articleSection\":\"Porady, biwak, namioty, 1227\"},{\"@type\":\"BreadcrumbList\",\"@id\":\"https:\\\/\\\/www.skalnik.pl\\\/blog\\\/jak-zadbac-o-namiot-po-sezonie-2\\\/#breadcrumblist\",\"itemListElement\":[{\"@type\":\"ListItem\",\"@id\":\"https:\\\/\\\/www.skalnik.pl\\\/blog#listItem\",\"position\":1,\"name\":\"Home\",\"item\":\"https:\\\/\\\/www.skalnik.pl\\\/blog\",\"nextItem\":{\"@type\":\"ListItem\",\"@id\":\"https:\\\/\\\/www.skalnik.pl\\\/blog\\\/.\\\/porady\\\/#listItem\",\"name\":\"Porady\"}},{\"@type\":\"ListItem\",\"@id\":\"https:\\\/\\\/www.skalnik.pl\\\/blog\\\/.\\\/porady\\\/#listItem\",\"position\":2,\"name\":\"Porady\",\"item\":\"https:\\\/\\\/www.skalnik.pl\\\/blog\\\/.\\\/porady\\\/\",\"nextItem\":{\"@type\":\"ListItem\",\"@id\":\"https:\\\/\\\/www.skalnik.pl\\\/blog\\\/jak-zadbac-o-namiot-po-sezonie-2\\\/#listItem\",\"name\":\"Jak zadba\\u0107 o namiot po sezonie\"},\"previousItem\":{\"@type\":\"ListItem\",\"@id\":\"https:\\\/\\\/www.skalnik.pl\\\/blog#listItem\",\"name\":\"Home\"}},{\"@type\":\"ListItem\",\"@id\":\"https:\\\/\\\/www.skalnik.pl\\\/blog\\\/jak-zadbac-o-namiot-po-sezonie-2\\\/#listItem\",\"position\":3,\"name\":\"Jak zadba\\u0107 o namiot po sezonie\",\"previousItem\":{\"@type\":\"ListItem\",\"@id\":\"https:\\\/\\\/www.skalnik.pl\\\/blog\\\/.\\\/porady\\\/#listItem\",\"name\":\"Porady\"}}]},{\"@type\":\"Organization\",\"@id\":\"https:\\\/\\\/www.skalnik.pl\\\/blog\\\/#organization\",\"name\":\"blog Skalnik\",\"description\":\"Blog, porady, artyku\\u0142y - blog Skalnik\",\"url\":\"https:\\\/\\\/www.skalnik.pl\\\/blog\\\/\"},{\"@type\":\"Person\",\"@id\":\"https:\\\/\\\/www.skalnik.pl\\\/blog\\\/author\\\/dominik-marzec\\\/#author\",\"url\":\"https:\\\/\\\/www.skalnik.pl\\\/blog\\\/author\\\/dominik-marzec\\\/\",\"name\":\"Dominik Marzec\",\"image\":{\"@type\":\"ImageObject\",\"@id\":\"https:\\\/\\\/www.skalnik.pl\\\/blog\\\/jak-zadbac-o-namiot-po-sezonie-2\\\/#authorImage\",\"url\":\"https:\\\/\\\/secure.gravatar.com\\\/avatar\\\/3b5d5b73985d1015e6793369ac3b78362bc9b0fc6b0d982a1e6396714ef4fb75?s=96&d=mm&r=g\",\"width\":96,\"height\":96,\"caption\":\"Dominik Marzec\"}},{\"@type\":\"WebPage\",\"@id\":\"https:\\\/\\\/www.skalnik.pl\\\/blog\\\/jak-zadbac-o-namiot-po-sezonie-2\\\/#webpage\",\"url\":\"https:\\\/\\\/www.skalnik.pl\\\/blog\\\/jak-zadbac-o-namiot-po-sezonie-2\\\/\",\"name\":\"Jak zadba\\u0107 o namiot po sezonie - blog Skalnik\",\"description\":\"Zadbaj o sw\\u00f3j g\\u00f3rski domek. Po sezonie warto czy\\u015bci\\u0107 i impregnowa\\u0107 namioty turystyczne. Nawet przechowywanie ma znaczenie, w jakiej kondycji b\\u0119dzie Tw\\u00f3j namiot w przysz\\u0142ym sezonie.\",\"inLanguage\":\"pl-PL\",\"isPartOf\":{\"@id\":\"https:\\\/\\\/www.skalnik.pl\\\/blog\\\/#website\"},\"breadcrumb\":{\"@id\":\"https:\\\/\\\/www.skalnik.pl\\\/blog\\\/jak-zadbac-o-namiot-po-sezonie-2\\\/#breadcrumblist\"},\"author\":{\"@id\":\"https:\\\/\\\/www.skalnik.pl\\\/blog\\\/author\\\/dominik-marzec\\\/#author\"},\"creator\":{\"@id\":\"https:\\\/\\\/www.skalnik.pl\\\/blog\\\/author\\\/dominik-marzec\\\/#author\"},\"image\":{\"@type\":\"ImageObject\",\"url\":\"https:\\\/\\\/www.skalnik.pl\\\/blog\\\/wp-content\\\/uploads\\\/2022\\\/11\\\/jak-czy\\u015bci\\u0107-namiot.jpg\",\"@id\":\"https:\\\/\\\/www.skalnik.pl\\\/blog\\\/jak-zadbac-o-namiot-po-sezonie-2\\\/#mainImage\",\"width\":1920,\"height\":706},\"primaryImageOfPage\":{\"@id\":\"https:\\\/\\\/www.skalnik.pl\\\/blog\\\/jak-zadbac-o-namiot-po-sezonie-2\\\/#mainImage\"},\"datePublished\":\"2022-11-10T15:21:07+02:00\",\"dateModified\":\"2022-11-10T15:21:09+02:00\"},{\"@type\":\"WebSite\",\"@id\":\"https:\\\/\\\/www.skalnik.pl\\\/blog\\\/#website\",\"url\":\"https:\\\/\\\/www.skalnik.pl\\\/blog\\\/\",\"name\":\"blog Skalnik\",\"description\":\"Blog, porady, artyku\\u0142y - blog Skalnik\",\"inLanguage\":\"pl-PL\",\"publisher\":{\"@id\":\"https:\\\/\\\/www.skalnik.pl\\\/blog\\\/#organization\"}}]}\n\t\t<\/script>\n\t\t<!-- All in One SEO -->\n\n","aioseo_head_json":{"title":"Jak zadba\u0107 o namiot po sezonie - blog Skalnik","description":"Zadbaj o sw\u00f3j g\u00f3rski domek. Po sezonie warto czy\u015bci\u0107 i impregnowa\u0107 namioty turystyczne. Nawet przechowywanie ma znaczenie, w jakiej kondycji b\u0119dzie Tw\u00f3j namiot w przysz\u0142ym sezonie.","canonical_url":"https:\/\/www.skalnik.pl\/blog\/jak-zadbac-o-namiot-po-sezonie-2\/","robots":"max-image-preview:large","keywords":"","webmasterTools":{"miscellaneous":""},"schema":{"@context":"https:\/\/schema.org","@graph":[{"@type":"BlogPosting","@id":"https:\/\/www.skalnik.pl\/blog\/jak-zadbac-o-namiot-po-sezonie-2\/#blogposting","name":"Jak zadba\u0107 o namiot po sezonie - blog Skalnik","headline":"Jak zadba\u0107 o namiot po sezonie","author":{"@id":"https:\/\/www.skalnik.pl\/blog\/author\/dominik-marzec\/#author"},"publisher":{"@id":"https:\/\/www.skalnik.pl\/blog\/#organization"},"image":{"@type":"ImageObject","url":"https:\/\/www.skalnik.pl\/blog\/wp-content\/uploads\/2022\/11\/jak-czy\u015bci\u0107-namiot.jpg","width":1920,"height":706},"datePublished":"2022-11-10T15:21:07+02:00","dateModified":"2022-11-10T15:21:09+02:00","inLanguage":"pl-PL","mainEntityOfPage":{"@id":"https:\/\/www.skalnik.pl\/blog\/jak-zadbac-o-namiot-po-sezonie-2\/#webpage"},"isPartOf":{"@id":"https:\/\/www.skalnik.pl\/blog\/jak-zadbac-o-namiot-po-sezonie-2\/#webpage"},"articleSection":"Porady, biwak, namioty, 1227"},{"@type":"BreadcrumbList","@id":"https:\/\/www.skalnik.pl\/blog\/jak-zadbac-o-namiot-po-sezonie-2\/#breadcrumblist","itemListElement":[{"@type":"ListItem","@id":"https:\/\/www.skalnik.pl\/blog#listItem","position":1,"name":"Home","item":"https:\/\/www.skalnik.pl\/blog","nextItem":{"@type":"ListItem","@id":"https:\/\/www.skalnik.pl\/blog\/.\/porady\/#listItem","name":"Porady"}},{"@type":"ListItem","@id":"https:\/\/www.skalnik.pl\/blog\/.\/porady\/#listItem","position":2,"name":"Porady","item":"https:\/\/www.skalnik.pl\/blog\/.\/porady\/","nextItem":{"@type":"ListItem","@id":"https:\/\/www.skalnik.pl\/blog\/jak-zadbac-o-namiot-po-sezonie-2\/#listItem","name":"Jak zadba\u0107 o namiot po sezonie"},"previousItem":{"@type":"ListItem","@id":"https:\/\/www.skalnik.pl\/blog#listItem","name":"Home"}},{"@type":"ListItem","@id":"https:\/\/www.skalnik.pl\/blog\/jak-zadbac-o-namiot-po-sezonie-2\/#listItem","position":3,"name":"Jak zadba\u0107 o namiot po sezonie","previousItem":{"@type":"ListItem","@id":"https:\/\/www.skalnik.pl\/blog\/.\/porady\/#listItem","name":"Porady"}}]},{"@type":"Organization","@id":"https:\/\/www.skalnik.pl\/blog\/#organization","name":"blog Skalnik","description":"Blog, porady, artyku\u0142y - blog Skalnik","url":"https:\/\/www.skalnik.pl\/blog\/"},{"@type":"Person","@id":"https:\/\/www.skalnik.pl\/blog\/author\/dominik-marzec\/#author","url":"https:\/\/www.skalnik.pl\/blog\/author\/dominik-marzec\/","name":"Dominik Marzec","image":{"@type":"ImageObject","@id":"https:\/\/www.skalnik.pl\/blog\/jak-zadbac-o-namiot-po-sezonie-2\/#authorImage","url":"https:\/\/secure.gravatar.com\/avatar\/3b5d5b73985d1015e6793369ac3b78362bc9b0fc6b0d982a1e6396714ef4fb75?s=96&d=mm&r=g","width":96,"height":96,"caption":"Dominik Marzec"}},{"@type":"WebPage","@id":"https:\/\/www.skalnik.pl\/blog\/jak-zadbac-o-namiot-po-sezonie-2\/#webpage","url":"https:\/\/www.skalnik.pl\/blog\/jak-zadbac-o-namiot-po-sezonie-2\/","name":"Jak zadba\u0107 o namiot po sezonie - blog Skalnik","description":"Zadbaj o sw\u00f3j g\u00f3rski domek. Po sezonie warto czy\u015bci\u0107 i impregnowa\u0107 namioty turystyczne. Nawet przechowywanie ma znaczenie, w jakiej kondycji b\u0119dzie Tw\u00f3j namiot w przysz\u0142ym sezonie.","inLanguage":"pl-PL","isPartOf":{"@id":"https:\/\/www.skalnik.pl\/blog\/#website"},"breadcrumb":{"@id":"https:\/\/www.skalnik.pl\/blog\/jak-zadbac-o-namiot-po-sezonie-2\/#breadcrumblist"},"author":{"@id":"https:\/\/www.skalnik.pl\/blog\/author\/dominik-marzec\/#author"},"creator":{"@id":"https:\/\/www.skalnik.pl\/blog\/author\/dominik-marzec\/#author"},"image":{"@type":"ImageObject","url":"https:\/\/www.skalnik.pl\/blog\/wp-content\/uploads\/2022\/11\/jak-czy\u015bci\u0107-namiot.jpg","@id":"https:\/\/www.skalnik.pl\/blog\/jak-zadbac-o-namiot-po-sezonie-2\/#mainImage","width":1920,"height":706},"primaryImageOfPage":{"@id":"https:\/\/www.skalnik.pl\/blog\/jak-zadbac-o-namiot-po-sezonie-2\/#mainImage"},"datePublished":"2022-11-10T15:21:07+02:00","dateModified":"2022-11-10T15:21:09+02:00"},{"@type":"WebSite","@id":"https:\/\/www.skalnik.pl\/blog\/#website","url":"https:\/\/www.skalnik.pl\/blog\/","name":"blog Skalnik","description":"Blog, porady, artyku\u0142y - blog Skalnik","inLanguage":"pl-PL","publisher":{"@id":"https:\/\/www.skalnik.pl\/blog\/#organization"}}]},"og:locale":"pl_PL","og:site_name":"blog Skalnik - Blog, porady, artyku\u0142y - blog Skalnik","og:type":"article","og:title":"Jak zadba\u0107 o namiot po sezonie - blog Skalnik","og:description":"Zadbaj o sw\u00f3j g\u00f3rski domek. Po sezonie warto czy\u015bci\u0107 i impregnowa\u0107 namioty turystyczne. Nawet przechowywanie ma znaczenie, w jakiej kondycji b\u0119dzie Tw\u00f3j namiot w przysz\u0142ym sezonie.","og:url":"https:\/\/www.skalnik.pl\/blog\/jak-zadbac-o-namiot-po-sezonie-2\/","og:image":"https:\/\/www.skalnik.pl\/blog\/wp-content\/uploads\/2022\/11\/namiot-volven.jpg","og:image:secure_url":"https:\/\/www.skalnik.pl\/blog\/wp-content\/uploads\/2022\/11\/namiot-volven.jpg","og:image:width":1024,"og:image:height":683,"article:tag":["porady","biwak","namioty"],"article:published_time":"2022-11-10T14:21:07+00:00","article:modified_time":"2022-11-10T14:21:09+00:00","twitter:card":"summary_large_image","twitter:title":"Jak zadba\u0107 o namiot po sezonie - blog Skalnik","twitter:description":"Zadbaj o sw\u00f3j g\u00f3rski domek. Po sezonie warto czy\u015bci\u0107 i impregnowa\u0107 namioty turystyczne. Nawet przechowywanie ma znaczenie, w jakiej kondycji b\u0119dzie Tw\u00f3j namiot w przysz\u0142ym sezonie.","twitter:image":"https:\/\/www.skalnik.pl\/blog\/wp-content\/uploads\/2022\/11\/namiot-volven.jpg"},"aioseo_meta_data":{"post_id":"21108","title":null,"description":"Zadbaj o sw\u00f3j g\u00f3rski domek. Po sezonie warto czy\u015bci\u0107 i impregnowa\u0107 namioty turystyczne. Nawet przechowywanie ma znaczenie, w jakiej kondycji b\u0119dzie Tw\u00f3j namiot w przysz\u0142ym sezonie.","keywords":"","keyphrases":null,"primary_term":null,"canonical_url":"","og_title":null,"og_description":null,"og_object_type":"default","og_image_type":"default","og_image_url":null,"og_image_width":null,"og_image_height":null,"og_image_custom_url":null,"og_image_custom_fields":null,"og_video":null,"og_custom_url":null,"og_article_section":null,"og_article_tags":null,"twitter_use_og":false,"twitter_card":"default","twitter_image_type":"default","twitter_image_url":null,"twitter_image_custom_url":null,"twitter_image_custom_fields":null,"twitter_title":null,"twitter_description":null,"schema":{"blockGraphs":[],"customGraphs":[],"default":{"data":{"Article":[],"Course":[],"Dataset":[],"FAQPage":[],"Movie":[],"Person":[],"Product":[],"ProductReview":[],"Car":[],"Recipe":[],"Service":[],"SoftwareApplication":[],"WebPage":[]},"graphName":"","isEnabled":true},"graphs":[]},"schema_type":"default","schema_type_options":null,"pillar_content":false,"robots_default":true,"robots_noindex":false,"robots_noarchive":false,"robots_nosnippet":false,"robots_nofollow":false,"robots_noimageindex":false,"robots_noodp":false,"robots_notranslate":false,"robots_max_snippet":null,"robots_max_videopreview":null,"robots_max_imagepreview":"large","priority":null,"frequency":null,"local_seo":null,"breadcrumb_settings":null,"limit_modified_date":false,"ai":null,"created":"2023-03-21 08:48:19","updated":"2026-02-17 22:28:49","seo_analyzer_scan_date":null},"aioseo_breadcrumb":"<div class=\"aioseo-breadcrumbs\"><span class=\"aioseo-breadcrumb\">\n\t\t\t<a href=\"https:\/\/www.skalnik.pl\/blog\" title=\"Home\">Home<\/a>\n\t\t<\/span><span class=\"aioseo-breadcrumb-separator\">&raquo;<\/span><span class=\"aioseo-breadcrumb\">\n\t\t\t<a href=\"https:\/\/www.skalnik.pl\/blog\/.\/porady\/\" title=\"Porady\">Porady<\/a>\n\t\t<\/span><span class=\"aioseo-breadcrumb-separator\">&raquo;<\/span><span class=\"aioseo-breadcrumb\">\n\t\t\tJak zadba\u0107 o namiot po sezonie\n\t\t<\/span><\/div>","aioseo_breadcrumb_json":[{"label":"Home","link":"https:\/\/www.skalnik.pl\/blog"},{"label":"Porady","link":"https:\/\/www.skalnik.pl\/blog\/.\/porady\/"},{"label":"Jak zadba\u0107 o namiot po sezonie","link":"https:\/\/www.skalnik.pl\/blog\/jak-zadbac-o-namiot-po-sezonie-2\/"}],"_links":{"self":[{"href":"https:\/\/www.skalnik.pl\/blog\/wp-json\/wp\/v2\/posts\/21108","targetHints":{"allow":["GET"]}}],"collection":[{"href":"https:\/\/www.skalnik.pl\/blog\/wp-json\/wp\/v2\/posts"}],"about":[{"href":"https:\/\/www.skalnik.pl\/blog\/wp-json\/wp\/v2\/types\/post"}],"author":[{"embeddable":true,"href":"https:\/\/www.skalnik.pl\/blog\/wp-json\/wp\/v2\/users\/21"}],"replies":[{"embeddable":true,"href":"https:\/\/www.skalnik.pl\/blog\/wp-json\/wp\/v2\/comments?post=21108"}],"version-history":[{"count":3,"href":"https:\/\/www.skalnik.pl\/blog\/wp-json\/wp\/v2\/posts\/21108\/revisions"}],"predecessor-version":[{"id":21115,"href":"https:\/\/www.skalnik.pl\/blog\/wp-json\/wp\/v2\/posts\/21108\/revisions\/21115"}],"wp:featuredmedia":[{"embeddable":true,"href":"https:\/\/www.skalnik.pl\/blog\/wp-json\/wp\/v2\/media\/21112"}],"wp:attachment":[{"href":"https:\/\/www.skalnik.pl\/blog\/wp-json\/wp\/v2\/media?parent=21108"}],"wp:term":[{"taxonomy":"category","embeddable":true,"href":"https:\/\/www.skalnik.pl\/blog\/wp-json\/wp\/v2\/categories?post=21108"},{"taxonomy":"post_tag","embeddable":true,"href":"https:\/\/www.skalnik.pl\/blog\/wp-json\/wp\/v2\/tags?post=21108"},{"taxonomy":"magento_category","embeddable":true,"href":"https:\/\/www.skalnik.pl\/blog\/wp-json\/wp\/v2\/magento_category?post=21108"},{"taxonomy":"magento_product","embeddable":true,"href":"https:\/\/www.skalnik.pl\/blog\/wp-json\/wp\/v2\/magento_product?post=21108"}],"curies":[{"name":"wp","href":"https:\/\/api.w.org\/{rel}","templated":true}]}}