{"id":21320,"date":"2022-11-27T19:47:20","date_gmt":"2022-11-27T18:47:20","guid":{"rendered":"https:\/\/www.skalnik.pl\/blog\/?p=21320"},"modified":"2022-11-27T19:48:09","modified_gmt":"2022-11-27T18:48:09","slug":"salewa-ortles-kolekcja-zimowa","status":"publish","type":"post","link":"https:\/\/www.skalnik.pl\/blog\/salewa-ortles-kolekcja-zimowa\/","title":{"rendered":"Salewa Ortles \u2013 kolekcja zimowa"},"content":{"rendered":"\n<p><strong>Wysokie g\u00f3ry, lodowce, strzeliste skalne szczyty stawiaj\u0105 wysokie wymagania ludziom i sprz\u0119towi, szczeg\u00f3lnie zim\u0105. W takich warunkach warto wi\u0119c zaufa\u0107 specjalistom, na przyk\u0142ad tym odpowiadaj\u0105cym za kolekcj\u0119 Salewa Ortles. Jakie kurtki puchowe, bluzy i spodnie Salewa na zim\u0119 znajdziesz w tegorocznej ofercie z tej linii?<\/strong><\/p>\n\n\n\n<div id=\"ez-toc-container\" class=\"ez-toc-v2_0_85 counter-hierarchy ez-toc-counter ez-toc-light-blue ez-toc-container-direction\">\n<div class=\"ez-toc-title-container\">\n<p class=\"ez-toc-title\" style=\"cursor:inherit\">SPIS TRE\u015aCI <\/p>\n<span class=\"ez-toc-title-toggle\"><a href=\"#\" class=\"ez-toc-pull-right ez-toc-btn ez-toc-btn-xs ez-toc-btn-default ez-toc-toggle\" aria-label=\"Prze\u0142\u0105cznik Spisu Tre\u015bci\"><span class=\"ez-toc-js-icon-con\"><span class=\"\"><span class=\"eztoc-hide\" style=\"display:none;\">Toggle<\/span><span class=\"ez-toc-icon-toggle-span\"><svg style=\"fill: #999;color:#999\" xmlns=\"http:\/\/www.w3.org\/2000\/svg\" class=\"list-377408\" width=\"20px\" height=\"20px\" viewBox=\"0 0 24 24\" fill=\"none\"><path d=\"M6 6H4v2h2V6zm14 0H8v2h12V6zM4 11h2v2H4v-2zm16 0H8v2h12v-2zM4 16h2v2H4v-2zm16 0H8v2h12v-2z\" fill=\"currentColor\"><\/path><\/svg><svg style=\"fill: #999;color:#999\" class=\"arrow-unsorted-368013\" xmlns=\"http:\/\/www.w3.org\/2000\/svg\" width=\"10px\" height=\"10px\" viewBox=\"0 0 24 24\" version=\"1.2\" baseProfile=\"tiny\"><path d=\"M18.2 9.3l-6.2-6.3-6.2 6.3c-.2.2-.3.4-.3.7s.1.5.3.7c.2.2.4.3.7.3h11c.3 0 .5-.1.7-.3.2-.2.3-.5.3-.7s-.1-.5-.3-.7zM5.8 14.7l6.2 6.3 6.2-6.3c.2-.2.3-.5.3-.7s-.1-.5-.3-.7c-.2-.2-.4-.3-.7-.3h-11c-.3 0-.5.1-.7.3-.2.2-.3.5-.3.7s.1.5.3.7z\"\/><\/svg><\/span><\/span><\/span><\/a><\/span><\/div>\n<nav><ul class='ez-toc-list ez-toc-list-level-1 ' ><li class='ez-toc-page-1 ez-toc-heading-level-2'><a class=\"ez-toc-link ez-toc-heading-1\" href=\"https:\/\/www.skalnik.pl\/blog\/salewa-ortles-kolekcja-zimowa\/#Salewa_Ortles_%E2%80%93_kolekcja_na_najtrudniejsze_wyzwania\" >Salewa Ortles \u2013 kolekcja na najtrudniejsze wyzwania<\/a><\/li><li class='ez-toc-page-1 ez-toc-heading-level-2'><a class=\"ez-toc-link ez-toc-heading-2\" href=\"https:\/\/www.skalnik.pl\/blog\/salewa-ortles-kolekcja-zimowa\/#Baza_niezawodne_materialy\" >Baza: niezawodne materia\u0142y<\/a><\/li><li class='ez-toc-page-1 ez-toc-heading-level-2'><a class=\"ez-toc-link ez-toc-heading-3\" href=\"https:\/\/www.skalnik.pl\/blog\/salewa-ortles-kolekcja-zimowa\/#Spodnie_Salewa_Ortles_%E2%80%93_wytrzymale_i_elastyczne\" >Spodnie Salewa Ortles \u2013 wytrzyma\u0142e i elastyczne<\/a><\/li><li class='ez-toc-page-1 ez-toc-heading-level-2'><a class=\"ez-toc-link ez-toc-heading-4\" href=\"https:\/\/www.skalnik.pl\/blog\/salewa-ortles-kolekcja-zimowa\/#Bluzy_Salewa_%E2%80%93_zadbaj_o_docieplenie\" >Bluzy Salewa \u2013 zadbaj o docieplenie<\/a><\/li><li class='ez-toc-page-1 ez-toc-heading-level-2'><a class=\"ez-toc-link ez-toc-heading-5\" href=\"https:\/\/www.skalnik.pl\/blog\/salewa-ortles-kolekcja-zimowa\/#Kurtki_Salewa_Ortles_%E2%80%93_zla_pogoda_cie_nie_dopadnie\" >Kurtki Salewa Ortles \u2013 z\u0142a pogoda ci\u0119 nie dopadnie<\/a><\/li><li class='ez-toc-page-1 ez-toc-heading-level-2'><a class=\"ez-toc-link ez-toc-heading-6\" href=\"https:\/\/www.skalnik.pl\/blog\/salewa-ortles-kolekcja-zimowa\/#Salewa_Ortles_%E2%80%93_pelna_ochrona_w_najtrudniejszych_warunkach\" >Salewa Ortles \u2013 pe\u0142na ochrona w najtrudniejszych warunkach<\/a><\/li><\/ul><\/nav><\/div>\n<h2 class=\"wp-block-heading\"><span class=\"ez-toc-section\" id=\"Salewa_Ortles_%E2%80%93_kolekcja_na_najtrudniejsze_wyzwania\"><\/span>Salewa Ortles \u2013 kolekcja na najtrudniejsze wyzwania<span class=\"ez-toc-section-end\"><\/span><\/h2>\n\n\n\n<p>Oznaczony logiem Salewa sklep kryje w sobie szerok\u0105 ofert\u0119 g\u00f3rskich ubra\u0144 i akcesori\u00f3w. Aby u\u0142atwi\u0107 klientom zorientowanie si\u0119 w asortymencie, w\u0142oska marka stworzy\u0142a kompletne kolekcje ubra\u0144 przeznaczone dla r\u00f3\u017cnych typ\u00f3w turyst\u00f3w. Salewa Ortles to kolekcja skierowana do os\u00f3b wybieraj\u0105cych si\u0119 na najwy\u017csze i najtrudniejsze szlaki oraz szczyty. Spodnie, bluzy czy kurtki Salewa z tej linii maj\u0105 si\u0119 sprawdzi\u0107 tam, gdzie natura rzuca ludziom najwi\u0119ksze wyzwania. Odzie\u017c do wspinaczki, na lodowce, na ski-toury \u2013 to wszystko znajdziesz w tej kolekcji.<\/p>\n\n\n\n<p>Szczeg\u00f3lne miejsce w kolekcji Salewa Ortles zajmuj\u0105 modele przeznaczone do u\u017cytkowania zim\u0105. Zgodnie z zamys\u0142em projektant\u00f3w te ubrania maj\u0105 wyj\u015b\u0107 zwyci\u0119sko z walki z przenikliwym mrozem, porywistym wiatrem i g\u0119stym \u015bniegiem. Sprawdzam, jakie ubrania na zim\u0119 proponuje Salewa w tym roku.<\/p>\n\n\n\n<p><span class=\"has-inline-color has-vivid-cyan-blue-color\">Kliknij w link i poznaj wszystkie produkty marki <strong><a href=\"https:\/\/www.skalnik.pl\/salewa\" target=\"_blank\" rel=\"noreferrer noopener\">Salewa<\/a><\/strong>. <\/span><\/p>\n\n\n\n<div class=\"wp-block-image\"><figure class=\"aligncenter size-full\"><img loading=\"lazy\" decoding=\"async\" width=\"1024\" height=\"683\" src=\"https:\/\/www.skalnik.pl\/blog\/wp-content\/uploads\/2022\/11\/Kurtka-zimowa-Salewa.jpg\" alt=\"Kurtki zimowe Salewa\" class=\"wp-image-21327\" srcset=\"https:\/\/www.skalnik.pl\/blog\/wp-content\/uploads\/2022\/11\/Kurtka-zimowa-Salewa.jpg 1024w, https:\/\/www.skalnik.pl\/blog\/wp-content\/uploads\/2022\/11\/Kurtka-zimowa-Salewa-300x200.jpg 300w, https:\/\/www.skalnik.pl\/blog\/wp-content\/uploads\/2022\/11\/Kurtka-zimowa-Salewa-768x512.jpg 768w\" sizes=\"auto, (max-width: 1024px) 100vw, 1024px\" \/><figcaption><em>Zima w wysokich g\u00f3rach stawia przed lud\u017ami i sprz\u0119tem najtrudniejsze wyzwania (fot. Salewa) <\/em><\/figcaption><\/figure><\/div>\n\n\n\n<h2 class=\"wp-block-heading\"><span class=\"ez-toc-section\" id=\"Baza_niezawodne_materialy\"><\/span>Baza: niezawodne materia\u0142y<span class=\"ez-toc-section-end\"><\/span><\/h2>\n\n\n\n<p>Zanim przedstawi\u0119 najciekawsze modele ubra\u0144 na zim\u0119 z kolekcji Salewa Ortles, om\u00f3wi\u0119 kr\u00f3tko materia\u0142y u\u017cywane w spodniach czy kurtkach z tej linii. Oczywistym jest, \u017ce nie ma tutaj miejsca na \u017cadne kompromisy. Wysokie g\u00f3ry zim\u0105 nie wybaczaj\u0105 b\u0142\u0119d\u00f3w i odzie\u017c alpinistyczna musi by\u0107 na to gotowa.<\/p>\n\n\n\n<div class=\"wp-block-image\"><figure class=\"aligncenter size-full\"><img loading=\"lazy\" decoding=\"async\" width=\"1024\" height=\"683\" src=\"https:\/\/www.skalnik.pl\/blog\/wp-content\/uploads\/2022\/11\/Salewa-narty.jpg\" alt=\"Salewa ubrania narciarskie\" class=\"wp-image-21330\" srcset=\"https:\/\/www.skalnik.pl\/blog\/wp-content\/uploads\/2022\/11\/Salewa-narty.jpg 1024w, https:\/\/www.skalnik.pl\/blog\/wp-content\/uploads\/2022\/11\/Salewa-narty-300x200.jpg 300w, https:\/\/www.skalnik.pl\/blog\/wp-content\/uploads\/2022\/11\/Salewa-narty-768x512.jpg 768w\" sizes=\"auto, (max-width: 1024px) 100vw, 1024px\" \/><figcaption><em>Na ekstremalne zimowe wyzwania potrzebne s\u0105 materia\u0142y z najwy\u017cszej p\u00f3\u0142ki (fot. Salewa)<\/em><\/figcaption><\/figure><\/div>\n\n\n\n<p>W ubraniach z linii Salewa Ortles znajdziesz wi\u0119c wy\u0142\u0105cznie materia\u0142y z g\u00f3rnej p\u00f3\u0142ki takie jak:<\/p>\n\n\n\n<ul class=\"wp-block-list\"><li>membrana Gore-Tex Pro \u2013 bardzo dobrze chroni przed opadami i wiatrem, zapewniaj\u0105c jednocze\u015bnie \u015bwietn\u0105 oddychalno\u015b\u0107<\/li><li>membrana GORE Windstopper \u2013 mikroporowata membrana, kt\u00f3ra w 100% zatrzymuje nawet porywisty wiatr<\/li><li>Polarlite \u2013 lekka i przyjemna dla sk\u00f3ry dzianina poliestrowa typu fleece o \u015bwietnych w\u0142a\u015bciwo\u015bciach termicznych<\/li><li>hybrydowe ocieplenie Tirol Wool Responsive \u2013 po\u0142\u0105czenie poliestrowych w\u0142\u00f3kien Celliant oraz we\u0142ny tyrolskiej sprawia, \u017ce kurtka Salewa z t\u0105 ocieplin\u0105 bardzo dobrze chroni przed mrozem, a jednocze\u015bnie jest do\u015b\u0107 odporna na wilgo\u0107<\/li><li>naturalny puch kaczy \u2013 zaprojektowana przez Salewa kurtka puchowa ma puch o spr\u0119\u017cysto\u015bci 750 cuin.<\/li><\/ul>\n\n\n\n<iframe loading=\"lazy\" src=\"https:\/\/www.youtube.com\/embed\/F1Xj4KCyL2s\" title=\"YouTube video player\" allow=\"accelerometer; autoplay; clipboard-write; encrypted-media; gyroscope; picture-in-picture\" allowfullscreen=\"\" width=\"800\" height=\"442\" frameborder=\"0\"><\/iframe>\n\n\n\n<h2 class=\"wp-block-heading\"><span class=\"ez-toc-section\" id=\"Spodnie_Salewa_Ortles_%E2%80%93_wytrzymale_i_elastyczne\"><\/span>Spodnie Salewa Ortles \u2013 wytrzyma\u0142e i elastyczne<span class=\"ez-toc-section-end\"><\/span><\/h2>\n\n\n\n<p>Przegl\u0105d zimowej kolekcji Salewa Ortles zaczn\u0119 od do\u0142u, czyli od spodni.<\/p>\n\n\n\n<p>Zaprojektowane przez Salewa spodnie na zim\u0119 z kolekcji Ortles zapewniaj\u0105 pe\u0142n\u0105 swobod\u0119 ruch\u00f3w, chroni\u0105c jednocze\u015bnie przed trudnymi warunkami pogodowymi.<\/p>\n\n\n\n<div class=\"wp-block-image\"><figure class=\"aligncenter size-full\"><img loading=\"lazy\" decoding=\"async\" width=\"1024\" height=\"683\" src=\"https:\/\/www.skalnik.pl\/blog\/wp-content\/uploads\/2022\/11\/Spodnie-zimowe-Salewa-1.jpg\" alt=\"Spodnie zimowe Salewa\" class=\"wp-image-21336\" srcset=\"https:\/\/www.skalnik.pl\/blog\/wp-content\/uploads\/2022\/11\/Spodnie-zimowe-Salewa-1.jpg 1024w, https:\/\/www.skalnik.pl\/blog\/wp-content\/uploads\/2022\/11\/Spodnie-zimowe-Salewa-1-300x200.jpg 300w, https:\/\/www.skalnik.pl\/blog\/wp-content\/uploads\/2022\/11\/Spodnie-zimowe-Salewa-1-768x512.jpg 768w\" sizes=\"auto, (max-width: 1024px) 100vw, 1024px\" \/><figcaption><em>Bardzo wytrzyma\u0142e i zapewniaj\u0105ce pe\u0142n\u0105 swobod\u0119 ruch\u00f3w &#8211; takie musz\u0105 by\u0107 spodnie zimowe na najtrudniejsze wyzwania (fot. Salewa)<\/em><\/figcaption><\/figure><\/div>\n\n\n\n<p>Spodnie trekkingowe <strong>Salewa Ortles DST <\/strong>wykonano z Durastretchu, dzi\u0119ki kt\u00f3remu mo\u017cesz cieszy\u0107 si\u0119 4-kierunkow\u0105 elastyczno\u015bci\u0105. Wyko\u0144czenie DWR zapewnia ochron\u0119 przed wilgoci\u0105. Nogawki s\u0105 kompatybilne z butami narciarskimi. Klin w kroku i wyprofilowane kolana sprawiaj\u0105 natomiast, \u017ce spodnie wyjd\u0105 ca\u0142o nawet z najwi\u0119kszych akrobacji. Spodnie Salewa m\u0119ska i damskie b\u0119d\u0105 ci wiernie towarzyszy\u0142y na ka\u017cdej trasie, niezale\u017cnie, czy ruszasz na narty, skitoury czy pieszy szlak.<\/p>\n\n\n\n<p>W kolekcji Ortles znajdziesz r\u00f3wnie\u017c wodoodporne spodnie <strong>GPX Pro Stretch<\/strong>. Ten niezawodny model ma mankiety zabezpieczone dodatkowo przed uszkodzeniem przez raki. Nogawki wsp\u00f3\u0142pracuj\u0105 dobrze z butami narciarskimi, a wewn\u0119trzna warstwa materia\u0142u zapobiega dostawaniu si\u0119 \u015bniegu.<\/p>\n\n\n\n<h2 class=\"wp-block-heading\"><span class=\"ez-toc-section\" id=\"Bluzy_Salewa_%E2%80%93_zadbaj_o_docieplenie\"><\/span>Bluzy Salewa \u2013 zadbaj o docieplenie<span class=\"ez-toc-section-end\"><\/span><\/h2>\n\n\n\n<p>W zimowych warunkach szczeg\u00f3lnego znaczenia nabiera ubranie docieplaj\u0105ce zak\u0142adane pod kurtk\u0119. Powinno ono dobrze wsp\u00f3\u0142pracowa\u0107 z innymi warstwami, aby nie ogranicza\u0107 oddychalno\u015bci. Jednocze\u015bnie musi zapewnia\u0107 ciep\u0142o i komfort.<\/p>\n\n\n\n<p>W tej roli \u015bwietnie sprawdzi si\u0119 lekka, szybkoschn\u0105ca i elastyczna bluza <strong>Salewa Ortles AM<\/strong> wykonana z mieszanki poliestru i we\u0142ny owczej. Salewa zastosowa\u0142a tutaj body-mapping, czyli dopasowa\u0142a rodzaj dzianiny do wymaga\u0144 poszczeg\u00f3lnych cz\u0119\u015bci cia\u0142a. Ochrona termiczna jest wi\u0119c skupiona na rejonie korpusu, a w okolicach pach nacisk postawiono na oddychalno\u015b\u0107. Ta stworzona przez Salewa bluza damska b\u0119dzie dobrym wyborem, je\u015bli wybierasz si\u0119 na skitoury czy wspinaczk\u0119 alpejsk\u0105.<\/p>\n\n\n\n<p>Innym mo\u017cliwym wyborem na warstw\u0119 docieplaj\u0105c\u0105 jest kamizelka <strong>Salewa Ortles Hybrid TWR<\/strong>. Wype\u0142nienie Tirol Wool Responsive gwarantuje ciep\u0142o, a wyko\u0144czenie DWR chroni przed wiatrem i wilgoci\u0105. Kamizelka jest r\u00f3wnie\u017c bardzo pakowna, wi\u0119c bez problemu wrzucisz j\u0105 do plecaka i wyjmiesz dopiero wtedy, kiedy b\u0119dzie potrzebna.<\/p>\n\n\n\n<div class=\"wp-block-image\"><figure class=\"aligncenter size-full\"><img loading=\"lazy\" decoding=\"async\" width=\"1024\" height=\"683\" src=\"https:\/\/www.skalnik.pl\/blog\/wp-content\/uploads\/2022\/11\/Kamizelka-Salewa.jpg\" alt=\"Kamizelka Salewa\" class=\"wp-image-21334\" srcset=\"https:\/\/www.skalnik.pl\/blog\/wp-content\/uploads\/2022\/11\/Kamizelka-Salewa.jpg 1024w, https:\/\/www.skalnik.pl\/blog\/wp-content\/uploads\/2022\/11\/Kamizelka-Salewa-300x200.jpg 300w, https:\/\/www.skalnik.pl\/blog\/wp-content\/uploads\/2022\/11\/Kamizelka-Salewa-768x512.jpg 768w\" sizes=\"auto, (max-width: 1024px) 100vw, 1024px\" \/><figcaption><em>Kamizelka zapewni ci dodatkow\u0105 ochron\u0119 od ch\u0142odu (fot. Salewa)<\/em><\/figcaption><\/figure><\/div>\n\n\n\n<h2 class=\"wp-block-heading\"><span class=\"ez-toc-section\" id=\"Kurtki_Salewa_Ortles_%E2%80%93_zla_pogoda_cie_nie_dopadnie\"><\/span>Kurtki Salewa Ortles \u2013 z\u0142a pogoda ci\u0119 nie dopadnie<span class=\"ez-toc-section-end\"><\/span><\/h2>\n\n\n\n<p>W kolekcji Salewa Ortles na zim\u0119 znajdziesz r\u00f3\u017cnego rodzaju kurtki: kurtki puchowe, hybrydowe, elastyczne. \u0141\u0105czy je jednak pewna cecha: wszystkie dzielnie stawiaj\u0105 czo\u0142a nawet najtrudniejszym warunkom pogodowym.<\/p>\n\n\n\n<p>Na dynamiczne i intensywne aktywno\u015bci, takie jak skitoury, polecam model <strong>Ortles DST<\/strong> wykonany z Durastretchu. Ta kurtka Salewa damska (z dopiskiem Women w nazwie) lub m\u0119ska nie ogranicza swobody ruch\u00f3w, a jednocze\u015bnie jest bardzo wytrzyma\u0142a i \u015bwietnie odprowadza wilgo\u0107 na zewn\u0105trz. Ma r\u00f3wnie\u017c w\u0142a\u015bciwo\u015bci antyodorowe. Rozwi\u0105zanie Direct Access System umo\u017cliwia natomiast szybki dost\u0119p do detektora lawinowego, co znacznie zwi\u0119kszy twoje bezpiecze\u0144stwo na zimowych szlakach.<\/p>\n\n\n\n<p>Je\u017celi na czas twojej wycieczki zapowiadaj\u0105 zmienn\u0105 pogod\u0119 i nie wiesz, czy bardziej obawia\u0107 si\u0119 zimna czy wilgoci, wybierz kurtk\u0119 <strong>Ortles Hybrid TWR<\/strong>. Ta kurtka hybrydowa Salewa posiada ocieplin\u0119 Tirol Wool Responsive, kt\u00f3ra nie traci swoich w\u0142a\u015bciwo\u015bci termicznych po kontakcie z wilgoci\u0105.<\/p>\n\n\n\n<iframe loading=\"lazy\" src=\"https:\/\/www.youtube.com\/embed\/XyZne_YmAdU\" title=\"YouTube video player\" allow=\"accelerometer; autoplay; clipboard-write; encrypted-media; gyroscope; picture-in-picture\" allowfullscreen=\"\" width=\"800\" height=\"442\" frameborder=\"0\"><\/iframe>\n\n\n\n<p>Zim\u0105 potrzebna jest r\u00f3wnie\u017c oczywi\u015bcie kurtka puchowa. Ciekaw\u0105 propozycj\u0105 z kolekcji Salewa Ortles jest kurtka puchowa <strong>Medium 2 Down<\/strong> \u0142\u0105cz\u0105ca puch kaczy o spr\u0119\u017cysto\u015bci 750 cuin z ocieplin\u0105 Tirol Wool Celliant. Dzi\u0119ki odpowiedniemu krojowi ta kurtka ocieplana nie podwija si\u0119, a kaptur z wysok\u0105 gard\u0105 chroni twoj\u0105 g\u0142ow\u0119 i szyj\u0119.<\/p>\n\n\n\n<p>Na najwi\u0119ksze mrozy przyda si\u0119 natomiast zaprojektowana przez Salewa kurtka puchowa <strong>Ortles 2 Heavy Down<\/strong> wype\u0142niona samym kaczym puchem. Ta kurtka Salewa m\u0119ska lub damska posiada membran\u0119 Powertex, kt\u00f3ra zapewnia dobr\u0105 oddychalno\u015b\u0107, a tak\u017ce wyko\u0144czenie DWR, aby ochroni\u0107 ciebie i puch przed wilgoci\u0105.<\/p>\n\n\n\n<iframe loading=\"lazy\" src=\"https:\/\/www.youtube.com\/embed\/QuaPNKI8VfU\" title=\"YouTube video player\" allow=\"accelerometer; autoplay; clipboard-write; encrypted-media; gyroscope; picture-in-picture\" allowfullscreen=\"\" width=\"800\" height=\"442\" frameborder=\"0\"><\/iframe>\n\n\n\n<h2 class=\"wp-block-heading\"><span class=\"ez-toc-section\" id=\"Salewa_Ortles_%E2%80%93_pelna_ochrona_w_najtrudniejszych_warunkach\"><\/span>Salewa Ortles \u2013 pe\u0142na ochrona w najtrudniejszych warunkach<span class=\"ez-toc-section-end\"><\/span><\/h2>\n\n\n\n<p>Opisane powy\u017cej ubrania to nie koniec propozycji z kolekcji Salewa Ortles na zim\u0119. W\u015br\u00f3d modeli z tej linii znajdziesz r\u00f3wnie\u017c drobne akcesoria, kt\u00f3re zabezpiecz\u0105 przed mrozem ka\u017cd\u0105 cz\u0119\u015b\u0107 twojego cia\u0142a: kominiarki, czapki, opaski, r\u0119kawice czy skarpety. Jak wida\u0107, wybieraj\u0105c kolekcj\u0119 Salewa Ortles, mo\u017cesz ubra\u0107 si\u0119 od st\u00f3p do g\u0142\u00f3w i zyska\u0107 pe\u0142n\u0105 ochron\u0119.<\/p>\n\n\n\n<p><span class=\"has-inline-color has-vivid-cyan-blue-color\">Zobacz ca\u0142y nasz asortyment z kolekcji <strong><a href=\"https:\/\/www.skalnik.pl\/catalogsearch\/result\/?q=ortles\" target=\"_blank\" rel=\"noreferrer noopener\">Salewa Ortles<\/a><\/strong>. <\/span><\/p>\n\n\n\n<hr class=\"wp-block-separator is-style-dots\"\/>\n\n\n\n<p>Zima w g\u00f3rach jest pi\u0119kna, majestatyczna i wymagaj\u0105ca. Na szcz\u0119\u015bcie, posiadaj\u0105c odpowiedni sprz\u0119t i umiej\u0119tno\u015bci, nie musisz podziwia\u0107 jej zza szyby schroniska. Ubrania z kolekcji Salewa Ortles ochroni\u0105 ci\u0119 przed mrozem, wiatrem i \u015bniegiem. Reszta nale\u017cy do ciebie.<\/p>\n\n\n\n<p class=\"has-text-align-right\"><em>Katarzyna Ha\u0142upka<\/em><\/p>\n","protected":false},"excerpt":{"rendered":"<p>Zima w wysokich g\u00f3rach? Tam potrzebne s\u0105 najlepsze rozwi\u0105zania. Jakie ubrania na zim\u0119 wybra\u0107 z kolekcji Salewa Ortles?<\/p>\n","protected":false},"author":7,"featured_media":21329,"comment_status":"open","ping_status":"open","sticky":false,"template":"","format":"standard","meta":{"_acf_changed":false,"footnotes":""},"categories":[5],"tags":[148,132,126,130,16],"magento_category":[168],"magento_product":[],"class_list":["post-21320","post","type-post","status-publish","format-standard","has-post-thumbnail","hentry","category-branza","tag-akcesoria-turystyczne","tag-kurtki-puchowe","tag-salewa","tag-spodnie-trekkingowe","tag-zima"],"acf":[],"aioseo_notices":[],"aioseo_head":"\n\t\t<!-- All in One SEO 4.9.10 - aioseo.com -->\n\t<meta name=\"description\" content=\"Salewa Ortles to kolekcja przeznaczona dla alpinist\u00f3w i wspinaczy. Jakie bluzy, spodnie i kurtki z linii Salewa Ortles sprawdz\u0105 si\u0119 zim\u0105?\" \/>\n\t<meta name=\"robots\" content=\"max-image-preview:large\" \/>\n\t<meta name=\"author\" content=\"Redakcja skalnik.pl\"\/>\n\t<link rel=\"canonical\" href=\"https:\/\/www.skalnik.pl\/blog\/salewa-ortles-kolekcja-zimowa\/\" \/>\n\t<meta name=\"generator\" content=\"All in One SEO (AIOSEO) 4.9.10\" \/>\n\t\t<meta property=\"og:locale\" content=\"pl_PL\" \/>\n\t\t<meta property=\"og:site_name\" content=\"blog Skalnik - Blog, porady, artyku\u0142y - blog Skalnik\" \/>\n\t\t<meta property=\"og:type\" content=\"article\" \/>\n\t\t<meta property=\"og:title\" content=\"Salewa Ortles \u2013 kolekcja zimowa - blog Skalnik\" \/>\n\t\t<meta property=\"og:description\" content=\"Salewa Ortles to kolekcja przeznaczona dla alpinist\u00f3w i wspinaczy. Jakie bluzy, spodnie i kurtki z linii Salewa Ortles sprawdz\u0105 si\u0119 zim\u0105?\" \/>\n\t\t<meta property=\"og:url\" content=\"https:\/\/www.skalnik.pl\/blog\/salewa-ortles-kolekcja-zimowa\/\" \/>\n\t\t<meta property=\"og:image\" content=\"https:\/\/www.skalnik.pl\/blog\/wp-content\/uploads\/2022\/11\/Kurtka-zimowa-Salewa.jpg\" \/>\n\t\t<meta property=\"og:image:secure_url\" content=\"https:\/\/www.skalnik.pl\/blog\/wp-content\/uploads\/2022\/11\/Kurtka-zimowa-Salewa.jpg\" \/>\n\t\t<meta property=\"og:image:width\" content=\"1024\" \/>\n\t\t<meta property=\"og:image:height\" content=\"683\" \/>\n\t\t<meta property=\"article:tag\" content=\"bran\u017ca\" \/>\n\t\t<meta property=\"article:tag\" content=\"akcesoria turystyczne\" \/>\n\t\t<meta property=\"article:tag\" content=\"kurtki puchowe\" \/>\n\t\t<meta property=\"article:tag\" content=\"salewa\" \/>\n\t\t<meta property=\"article:tag\" content=\"spodnie trekkingowe\" \/>\n\t\t<meta property=\"article:tag\" content=\"zima\" \/>\n\t\t<meta property=\"article:published_time\" content=\"2022-11-27T18:47:20+00:00\" \/>\n\t\t<meta property=\"article:modified_time\" content=\"2022-11-27T18:48:09+00:00\" \/>\n\t\t<meta name=\"twitter:card\" content=\"summary_large_image\" \/>\n\t\t<meta name=\"twitter:title\" content=\"Salewa Ortles \u2013 kolekcja zimowa - blog Skalnik\" \/>\n\t\t<meta name=\"twitter:description\" content=\"Salewa Ortles to kolekcja przeznaczona dla alpinist\u00f3w i wspinaczy. Jakie bluzy, spodnie i kurtki z linii Salewa Ortles sprawdz\u0105 si\u0119 zim\u0105?\" \/>\n\t\t<meta name=\"twitter:image\" content=\"https:\/\/www.skalnik.pl\/blog\/wp-content\/uploads\/2022\/11\/Kurtka-zimowa-Salewa.jpg\" \/>\n\t\t<script type=\"application\/ld+json\" class=\"aioseo-schema\">\n\t\t\t{\"@context\":\"https:\\\/\\\/schema.org\",\"@graph\":[{\"@type\":\"BlogPosting\",\"@id\":\"https:\\\/\\\/www.skalnik.pl\\\/blog\\\/salewa-ortles-kolekcja-zimowa\\\/#blogposting\",\"name\":\"Salewa Ortles \\u2013 kolekcja zimowa - blog Skalnik\",\"headline\":\"Salewa Ortles \\u2013 kolekcja zimowa\",\"author\":{\"@id\":\"https:\\\/\\\/www.skalnik.pl\\\/blog\\\/author\\\/redakcja-skalnik-pl\\\/#author\"},\"publisher\":{\"@id\":\"https:\\\/\\\/www.skalnik.pl\\\/blog\\\/#organization\"},\"image\":{\"@type\":\"ImageObject\",\"url\":\"https:\\\/\\\/www.skalnik.pl\\\/blog\\\/wp-content\\\/uploads\\\/2022\\\/11\\\/Skitoury-Salewa.jpg\",\"width\":1920,\"height\":705,\"caption\":\"Salewa skitoury\"},\"datePublished\":\"2022-11-27T19:47:20+02:00\",\"dateModified\":\"2022-11-27T19:48:09+02:00\",\"inLanguage\":\"pl-PL\",\"mainEntityOfPage\":{\"@id\":\"https:\\\/\\\/www.skalnik.pl\\\/blog\\\/salewa-ortles-kolekcja-zimowa\\\/#webpage\"},\"isPartOf\":{\"@id\":\"https:\\\/\\\/www.skalnik.pl\\\/blog\\\/salewa-ortles-kolekcja-zimowa\\\/#webpage\"},\"articleSection\":\"Bran\\u017ca, akcesoria turystyczne, kurtki puchowe, salewa, spodnie trekkingowe, zima, 1091\"},{\"@type\":\"BreadcrumbList\",\"@id\":\"https:\\\/\\\/www.skalnik.pl\\\/blog\\\/salewa-ortles-kolekcja-zimowa\\\/#breadcrumblist\",\"itemListElement\":[{\"@type\":\"ListItem\",\"@id\":\"https:\\\/\\\/www.skalnik.pl\\\/blog#listItem\",\"position\":1,\"name\":\"Home\",\"item\":\"https:\\\/\\\/www.skalnik.pl\\\/blog\",\"nextItem\":{\"@type\":\"ListItem\",\"@id\":\"https:\\\/\\\/www.skalnik.pl\\\/blog\\\/.\\\/branza\\\/#listItem\",\"name\":\"Bran\\u017ca\"}},{\"@type\":\"ListItem\",\"@id\":\"https:\\\/\\\/www.skalnik.pl\\\/blog\\\/.\\\/branza\\\/#listItem\",\"position\":2,\"name\":\"Bran\\u017ca\",\"item\":\"https:\\\/\\\/www.skalnik.pl\\\/blog\\\/.\\\/branza\\\/\",\"nextItem\":{\"@type\":\"ListItem\",\"@id\":\"https:\\\/\\\/www.skalnik.pl\\\/blog\\\/salewa-ortles-kolekcja-zimowa\\\/#listItem\",\"name\":\"Salewa Ortles \\u2013 kolekcja zimowa\"},\"previousItem\":{\"@type\":\"ListItem\",\"@id\":\"https:\\\/\\\/www.skalnik.pl\\\/blog#listItem\",\"name\":\"Home\"}},{\"@type\":\"ListItem\",\"@id\":\"https:\\\/\\\/www.skalnik.pl\\\/blog\\\/salewa-ortles-kolekcja-zimowa\\\/#listItem\",\"position\":3,\"name\":\"Salewa Ortles \\u2013 kolekcja zimowa\",\"previousItem\":{\"@type\":\"ListItem\",\"@id\":\"https:\\\/\\\/www.skalnik.pl\\\/blog\\\/.\\\/branza\\\/#listItem\",\"name\":\"Bran\\u017ca\"}}]},{\"@type\":\"Organization\",\"@id\":\"https:\\\/\\\/www.skalnik.pl\\\/blog\\\/#organization\",\"name\":\"blog Skalnik\",\"description\":\"Blog, porady, artyku\\u0142y - blog Skalnik\",\"url\":\"https:\\\/\\\/www.skalnik.pl\\\/blog\\\/\"},{\"@type\":\"Person\",\"@id\":\"https:\\\/\\\/www.skalnik.pl\\\/blog\\\/author\\\/redakcja-skalnik-pl\\\/#author\",\"url\":\"https:\\\/\\\/www.skalnik.pl\\\/blog\\\/author\\\/redakcja-skalnik-pl\\\/\",\"name\":\"Redakcja skalnik.pl\",\"image\":{\"@type\":\"ImageObject\",\"@id\":\"https:\\\/\\\/www.skalnik.pl\\\/blog\\\/salewa-ortles-kolekcja-zimowa\\\/#authorImage\",\"url\":\"https:\\\/\\\/secure.gravatar.com\\\/avatar\\\/7eab29b048aaf0899cd9a145e9adb814e2130ced31e65b454b902500bea65f9e?s=96&d=mm&r=g\",\"width\":96,\"height\":96,\"caption\":\"Redakcja skalnik.pl\"}},{\"@type\":\"WebPage\",\"@id\":\"https:\\\/\\\/www.skalnik.pl\\\/blog\\\/salewa-ortles-kolekcja-zimowa\\\/#webpage\",\"url\":\"https:\\\/\\\/www.skalnik.pl\\\/blog\\\/salewa-ortles-kolekcja-zimowa\\\/\",\"name\":\"Salewa Ortles \\u2013 kolekcja zimowa - blog Skalnik\",\"description\":\"Salewa Ortles to kolekcja przeznaczona dla alpinist\\u00f3w i wspinaczy. Jakie bluzy, spodnie i kurtki z linii Salewa Ortles sprawdz\\u0105 si\\u0119 zim\\u0105?\",\"inLanguage\":\"pl-PL\",\"isPartOf\":{\"@id\":\"https:\\\/\\\/www.skalnik.pl\\\/blog\\\/#website\"},\"breadcrumb\":{\"@id\":\"https:\\\/\\\/www.skalnik.pl\\\/blog\\\/salewa-ortles-kolekcja-zimowa\\\/#breadcrumblist\"},\"author\":{\"@id\":\"https:\\\/\\\/www.skalnik.pl\\\/blog\\\/author\\\/redakcja-skalnik-pl\\\/#author\"},\"creator\":{\"@id\":\"https:\\\/\\\/www.skalnik.pl\\\/blog\\\/author\\\/redakcja-skalnik-pl\\\/#author\"},\"image\":{\"@type\":\"ImageObject\",\"url\":\"https:\\\/\\\/www.skalnik.pl\\\/blog\\\/wp-content\\\/uploads\\\/2022\\\/11\\\/Skitoury-Salewa.jpg\",\"@id\":\"https:\\\/\\\/www.skalnik.pl\\\/blog\\\/salewa-ortles-kolekcja-zimowa\\\/#mainImage\",\"width\":1920,\"height\":705,\"caption\":\"Salewa skitoury\"},\"primaryImageOfPage\":{\"@id\":\"https:\\\/\\\/www.skalnik.pl\\\/blog\\\/salewa-ortles-kolekcja-zimowa\\\/#mainImage\"},\"datePublished\":\"2022-11-27T19:47:20+02:00\",\"dateModified\":\"2022-11-27T19:48:09+02:00\"},{\"@type\":\"WebSite\",\"@id\":\"https:\\\/\\\/www.skalnik.pl\\\/blog\\\/#website\",\"url\":\"https:\\\/\\\/www.skalnik.pl\\\/blog\\\/\",\"name\":\"blog Skalnik\",\"description\":\"Blog, porady, artyku\\u0142y - blog Skalnik\",\"inLanguage\":\"pl-PL\",\"publisher\":{\"@id\":\"https:\\\/\\\/www.skalnik.pl\\\/blog\\\/#organization\"}}]}\n\t\t<\/script>\n\t\t<!-- All in One SEO -->\n\n","aioseo_head_json":{"title":"Salewa Ortles \u2013 kolekcja zimowa - blog Skalnik","description":"Salewa Ortles to kolekcja przeznaczona dla alpinist\u00f3w i wspinaczy. Jakie bluzy, spodnie i kurtki z linii Salewa Ortles sprawdz\u0105 si\u0119 zim\u0105?","canonical_url":"https:\/\/www.skalnik.pl\/blog\/salewa-ortles-kolekcja-zimowa\/","robots":"max-image-preview:large","keywords":"","webmasterTools":{"miscellaneous":""},"schema":{"@context":"https:\/\/schema.org","@graph":[{"@type":"BlogPosting","@id":"https:\/\/www.skalnik.pl\/blog\/salewa-ortles-kolekcja-zimowa\/#blogposting","name":"Salewa Ortles \u2013 kolekcja zimowa - blog Skalnik","headline":"Salewa Ortles \u2013 kolekcja zimowa","author":{"@id":"https:\/\/www.skalnik.pl\/blog\/author\/redakcja-skalnik-pl\/#author"},"publisher":{"@id":"https:\/\/www.skalnik.pl\/blog\/#organization"},"image":{"@type":"ImageObject","url":"https:\/\/www.skalnik.pl\/blog\/wp-content\/uploads\/2022\/11\/Skitoury-Salewa.jpg","width":1920,"height":705,"caption":"Salewa skitoury"},"datePublished":"2022-11-27T19:47:20+02:00","dateModified":"2022-11-27T19:48:09+02:00","inLanguage":"pl-PL","mainEntityOfPage":{"@id":"https:\/\/www.skalnik.pl\/blog\/salewa-ortles-kolekcja-zimowa\/#webpage"},"isPartOf":{"@id":"https:\/\/www.skalnik.pl\/blog\/salewa-ortles-kolekcja-zimowa\/#webpage"},"articleSection":"Bran\u017ca, akcesoria turystyczne, kurtki puchowe, salewa, spodnie trekkingowe, zima, 1091"},{"@type":"BreadcrumbList","@id":"https:\/\/www.skalnik.pl\/blog\/salewa-ortles-kolekcja-zimowa\/#breadcrumblist","itemListElement":[{"@type":"ListItem","@id":"https:\/\/www.skalnik.pl\/blog#listItem","position":1,"name":"Home","item":"https:\/\/www.skalnik.pl\/blog","nextItem":{"@type":"ListItem","@id":"https:\/\/www.skalnik.pl\/blog\/.\/branza\/#listItem","name":"Bran\u017ca"}},{"@type":"ListItem","@id":"https:\/\/www.skalnik.pl\/blog\/.\/branza\/#listItem","position":2,"name":"Bran\u017ca","item":"https:\/\/www.skalnik.pl\/blog\/.\/branza\/","nextItem":{"@type":"ListItem","@id":"https:\/\/www.skalnik.pl\/blog\/salewa-ortles-kolekcja-zimowa\/#listItem","name":"Salewa Ortles \u2013 kolekcja zimowa"},"previousItem":{"@type":"ListItem","@id":"https:\/\/www.skalnik.pl\/blog#listItem","name":"Home"}},{"@type":"ListItem","@id":"https:\/\/www.skalnik.pl\/blog\/salewa-ortles-kolekcja-zimowa\/#listItem","position":3,"name":"Salewa Ortles \u2013 kolekcja zimowa","previousItem":{"@type":"ListItem","@id":"https:\/\/www.skalnik.pl\/blog\/.\/branza\/#listItem","name":"Bran\u017ca"}}]},{"@type":"Organization","@id":"https:\/\/www.skalnik.pl\/blog\/#organization","name":"blog Skalnik","description":"Blog, porady, artyku\u0142y - blog Skalnik","url":"https:\/\/www.skalnik.pl\/blog\/"},{"@type":"Person","@id":"https:\/\/www.skalnik.pl\/blog\/author\/redakcja-skalnik-pl\/#author","url":"https:\/\/www.skalnik.pl\/blog\/author\/redakcja-skalnik-pl\/","name":"Redakcja skalnik.pl","image":{"@type":"ImageObject","@id":"https:\/\/www.skalnik.pl\/blog\/salewa-ortles-kolekcja-zimowa\/#authorImage","url":"https:\/\/secure.gravatar.com\/avatar\/7eab29b048aaf0899cd9a145e9adb814e2130ced31e65b454b902500bea65f9e?s=96&d=mm&r=g","width":96,"height":96,"caption":"Redakcja skalnik.pl"}},{"@type":"WebPage","@id":"https:\/\/www.skalnik.pl\/blog\/salewa-ortles-kolekcja-zimowa\/#webpage","url":"https:\/\/www.skalnik.pl\/blog\/salewa-ortles-kolekcja-zimowa\/","name":"Salewa Ortles \u2013 kolekcja zimowa - blog Skalnik","description":"Salewa Ortles to kolekcja przeznaczona dla alpinist\u00f3w i wspinaczy. Jakie bluzy, spodnie i kurtki z linii Salewa Ortles sprawdz\u0105 si\u0119 zim\u0105?","inLanguage":"pl-PL","isPartOf":{"@id":"https:\/\/www.skalnik.pl\/blog\/#website"},"breadcrumb":{"@id":"https:\/\/www.skalnik.pl\/blog\/salewa-ortles-kolekcja-zimowa\/#breadcrumblist"},"author":{"@id":"https:\/\/www.skalnik.pl\/blog\/author\/redakcja-skalnik-pl\/#author"},"creator":{"@id":"https:\/\/www.skalnik.pl\/blog\/author\/redakcja-skalnik-pl\/#author"},"image":{"@type":"ImageObject","url":"https:\/\/www.skalnik.pl\/blog\/wp-content\/uploads\/2022\/11\/Skitoury-Salewa.jpg","@id":"https:\/\/www.skalnik.pl\/blog\/salewa-ortles-kolekcja-zimowa\/#mainImage","width":1920,"height":705,"caption":"Salewa skitoury"},"primaryImageOfPage":{"@id":"https:\/\/www.skalnik.pl\/blog\/salewa-ortles-kolekcja-zimowa\/#mainImage"},"datePublished":"2022-11-27T19:47:20+02:00","dateModified":"2022-11-27T19:48:09+02:00"},{"@type":"WebSite","@id":"https:\/\/www.skalnik.pl\/blog\/#website","url":"https:\/\/www.skalnik.pl\/blog\/","name":"blog Skalnik","description":"Blog, porady, artyku\u0142y - blog Skalnik","inLanguage":"pl-PL","publisher":{"@id":"https:\/\/www.skalnik.pl\/blog\/#organization"}}]},"og:locale":"pl_PL","og:site_name":"blog Skalnik - Blog, porady, artyku\u0142y - blog Skalnik","og:type":"article","og:title":"Salewa Ortles \u2013 kolekcja zimowa - blog Skalnik","og:description":"Salewa Ortles to kolekcja przeznaczona dla alpinist\u00f3w i wspinaczy. Jakie bluzy, spodnie i kurtki z linii Salewa Ortles sprawdz\u0105 si\u0119 zim\u0105?","og:url":"https:\/\/www.skalnik.pl\/blog\/salewa-ortles-kolekcja-zimowa\/","og:image":"https:\/\/www.skalnik.pl\/blog\/wp-content\/uploads\/2022\/11\/Kurtka-zimowa-Salewa.jpg","og:image:secure_url":"https:\/\/www.skalnik.pl\/blog\/wp-content\/uploads\/2022\/11\/Kurtka-zimowa-Salewa.jpg","og:image:width":1024,"og:image:height":683,"article:tag":["bran\u017ca","akcesoria turystyczne","kurtki puchowe","salewa","spodnie trekkingowe","zima"],"article:published_time":"2022-11-27T18:47:20+00:00","article:modified_time":"2022-11-27T18:48:09+00:00","twitter:card":"summary_large_image","twitter:title":"Salewa Ortles \u2013 kolekcja zimowa - blog Skalnik","twitter:description":"Salewa Ortles to kolekcja przeznaczona dla alpinist\u00f3w i wspinaczy. Jakie bluzy, spodnie i kurtki z linii Salewa Ortles sprawdz\u0105 si\u0119 zim\u0105?","twitter:image":"https:\/\/www.skalnik.pl\/blog\/wp-content\/uploads\/2022\/11\/Kurtka-zimowa-Salewa.jpg"},"aioseo_meta_data":{"post_id":"21320","title":null,"description":"Salewa Ortles to kolekcja przeznaczona dla alpinist\u00f3w i wspinaczy. Jakie bluzy, spodnie i kurtki z linii Salewa Ortles sprawdz\u0105 si\u0119 zim\u0105?","keywords":[{"label":"salewa","value":"salewa"},{"label":"salewa ortles","value":"salewa ortles"},{"label":"kurtka salewa","value":"kurtka salewa"},{"label":"spodnie salewa","value":"spodnie salewa"},{"label":"bluza salewa","value":"bluza salewa"},{"label":"kurtka hybrydowa salewa","value":"kurtka hybrydowa salewa"},{"label":"kurtka puchowa salewa","value":"kurtka puchowa salewa"}],"keyphrases":null,"primary_term":null,"canonical_url":"","og_title":null,"og_description":null,"og_object_type":"default","og_image_type":"default","og_image_url":null,"og_image_width":null,"og_image_height":null,"og_image_custom_url":null,"og_image_custom_fields":null,"og_video":null,"og_custom_url":null,"og_article_section":null,"og_article_tags":null,"twitter_use_og":false,"twitter_card":"default","twitter_image_type":"default","twitter_image_url":null,"twitter_image_custom_url":null,"twitter_image_custom_fields":null,"twitter_title":null,"twitter_description":null,"schema":{"blockGraphs":[],"customGraphs":[],"default":{"data":{"Article":[],"Course":[],"Dataset":[],"FAQPage":[],"Movie":[],"Person":[],"Product":[],"ProductReview":[],"Car":[],"Recipe":[],"Service":[],"SoftwareApplication":[],"WebPage":[]},"graphName":"","isEnabled":true},"graphs":[]},"schema_type":"default","schema_type_options":null,"pillar_content":false,"robots_default":true,"robots_noindex":false,"robots_noarchive":false,"robots_nosnippet":false,"robots_nofollow":false,"robots_noimageindex":false,"robots_noodp":false,"robots_notranslate":false,"robots_max_snippet":null,"robots_max_videopreview":null,"robots_max_imagepreview":"large","priority":null,"frequency":null,"local_seo":null,"breadcrumb_settings":null,"limit_modified_date":false,"ai":null,"created":"2023-03-21 08:49:26","updated":"2026-02-17 22:29:38","seo_analyzer_scan_date":null},"aioseo_breadcrumb":"<div class=\"aioseo-breadcrumbs\"><span class=\"aioseo-breadcrumb\">\n\t\t\t<a href=\"https:\/\/www.skalnik.pl\/blog\" title=\"Home\">Home<\/a>\n\t\t<\/span><span class=\"aioseo-breadcrumb-separator\">&raquo;<\/span><span class=\"aioseo-breadcrumb\">\n\t\t\t<a href=\"https:\/\/www.skalnik.pl\/blog\/.\/branza\/\" title=\"Bran\u017ca\">Bran\u017ca<\/a>\n\t\t<\/span><span class=\"aioseo-breadcrumb-separator\">&raquo;<\/span><span class=\"aioseo-breadcrumb\">\n\t\t\tSalewa Ortles \u2013 kolekcja zimowa\n\t\t<\/span><\/div>","aioseo_breadcrumb_json":[{"label":"Home","link":"https:\/\/www.skalnik.pl\/blog"},{"label":"Bran\u017ca","link":"https:\/\/www.skalnik.pl\/blog\/.\/branza\/"},{"label":"Salewa Ortles \u2013 kolekcja zimowa","link":"https:\/\/www.skalnik.pl\/blog\/salewa-ortles-kolekcja-zimowa\/"}],"_links":{"self":[{"href":"https:\/\/www.skalnik.pl\/blog\/wp-json\/wp\/v2\/posts\/21320","targetHints":{"allow":["GET"]}}],"collection":[{"href":"https:\/\/www.skalnik.pl\/blog\/wp-json\/wp\/v2\/posts"}],"about":[{"href":"https:\/\/www.skalnik.pl\/blog\/wp-json\/wp\/v2\/types\/post"}],"author":[{"embeddable":true,"href":"https:\/\/www.skalnik.pl\/blog\/wp-json\/wp\/v2\/users\/7"}],"replies":[{"embeddable":true,"href":"https:\/\/www.skalnik.pl\/blog\/wp-json\/wp\/v2\/comments?post=21320"}],"version-history":[{"count":11,"href":"https:\/\/www.skalnik.pl\/blog\/wp-json\/wp\/v2\/posts\/21320\/revisions"}],"predecessor-version":[{"id":21341,"href":"https:\/\/www.skalnik.pl\/blog\/wp-json\/wp\/v2\/posts\/21320\/revisions\/21341"}],"wp:featuredmedia":[{"embeddable":true,"href":"https:\/\/www.skalnik.pl\/blog\/wp-json\/wp\/v2\/media\/21329"}],"wp:attachment":[{"href":"https:\/\/www.skalnik.pl\/blog\/wp-json\/wp\/v2\/media?parent=21320"}],"wp:term":[{"taxonomy":"category","embeddable":true,"href":"https:\/\/www.skalnik.pl\/blog\/wp-json\/wp\/v2\/categories?post=21320"},{"taxonomy":"post_tag","embeddable":true,"href":"https:\/\/www.skalnik.pl\/blog\/wp-json\/wp\/v2\/tags?post=21320"},{"taxonomy":"magento_category","embeddable":true,"href":"https:\/\/www.skalnik.pl\/blog\/wp-json\/wp\/v2\/magento_category?post=21320"},{"taxonomy":"magento_product","embeddable":true,"href":"https:\/\/www.skalnik.pl\/blog\/wp-json\/wp\/v2\/magento_product?post=21320"}],"curies":[{"name":"wp","href":"https:\/\/api.w.org\/{rel}","templated":true}]}}