{"id":21352,"date":"2022-12-03T08:24:00","date_gmt":"2022-12-03T07:24:00","guid":{"rendered":"https:\/\/www.skalnik.pl\/blog\/?p=21352"},"modified":"2022-12-02T12:25:15","modified_gmt":"2022-12-02T11:25:15","slug":"korona-gor-polski-skrzyczne","status":"publish","type":"post","link":"https:\/\/www.skalnik.pl\/blog\/korona-gor-polski-skrzyczne\/","title":{"rendered":"Korona G\u00f3r Polski &#8211; Skrzyczne"},"content":{"rendered":"\n<p><strong>Skrzyczne to g\u00f3ra, kt\u00f3ra jest popularna ca\u0142y rok. Pokryta szlakami, poprzecinana nartostradami, uzbrojona w kanapy i gondole jest w stanie zapewni\u0107 atrakcje mi\u0142o\u015bnikom wielu outdoorowych aktywno\u015bci. Przedstawiamy pomys\u0142 jak mo\u017ce wygl\u0105da\u0107 ca\u0142odzienna wycieczka na Skrzyczne.<\/strong><\/p>\n\n\n\n<p>Skrzyczne to najwy\u017cszy szczyt Beskidu \u015al\u0105skiego, czyli pasma Beskid\u00f3w Zachodnich, kt\u00f3ry le\u017cy zar\u00f3wno po stronie polskiej, jak i s\u0142owackiej. Beskid \u015al\u0105ski graniczy z Pog\u00f3rzem \u015al\u0105skim (od p\u00f3\u0142nocy), Beskidem Ma\u0142ym (od p\u00f3\u0142nocnego wschodu), Beskidem \u017bywieckim (od po\u0142udniowego wschodu), Kotlin\u0105 \u017bywieck\u0105 (od wschodu), Beskidem \u015al\u0105sko-Morawskim (od zachodu). To najbardziej na zach\u00f3d wysuni\u0119te pasmo spo\u015br\u00f3d polskich Beskid\u00f3w.<\/p>\n\n\n\n<p>Skrzyczne mierz\u0105ce 1257 m n.p.m. jest \u00f3smym spo\u015br\u00f3d 28 szczyt\u00f3w Korony G\u00f3r Polski. Nazwa szczytu jest do\u015b\u0107 tajemnicza. Najcz\u0119\u015bciej przytacza si\u0119 histori\u0119 z r\u0119kopisu <em>Chronografia albo Dziejopis \u017bywiecki<\/em>. Jej autor \u2013 w\u00f3jt \u017cywiecki Andrzej Komarnicki \u2013 przytoczy\u0142 legend\u0119 o jeziorze wype\u0142niaj\u0105cym miejsce mi\u0119dzy Skrzycznym a Ma\u0142ym Skrzycznym. Podobno dobywa\u0142y si\u0119 niego odg\u0142osy \u017cab (skrzeczenia) tak charakterystyczne, \u017ce g\u00f3ra im zawdzi\u0119cza swoj\u0105 nazw\u0119. Jak w ka\u017cdej legendzie mo\u017ce i w tej jest nieco prawdy.<\/p>\n\n\n\n<p><span class=\"has-inline-color has-vivid-cyan-blue-color\">Dowiedz si\u0119 wi\u0119cej o Koronie G\u00f3r Polski (KGP) z <strong><a href=\"https:\/\/www.skalnik.pl\/blog\/korona-gor-polski\/\" target=\"_blank\" rel=\"noreferrer noopener\">tego artyku\u0142u<\/a><\/strong>. <\/span><\/p>\n\n\n\n<div class=\"wp-block-image\"><figure class=\"aligncenter size-large\"><img loading=\"lazy\" decoding=\"async\" width=\"1024\" height=\"1024\" src=\"https:\/\/www.skalnik.pl\/blog\/wp-content\/uploads\/2022\/11\/chatka-kwadrat-1024x1024.jpg\" alt=\"drewniany domek na hali \" class=\"wp-image-21362\" srcset=\"https:\/\/www.skalnik.pl\/blog\/wp-content\/uploads\/2022\/11\/chatka-kwadrat-1024x1024.jpg 1024w, https:\/\/www.skalnik.pl\/blog\/wp-content\/uploads\/2022\/11\/chatka-kwadrat-300x300.jpg 300w, https:\/\/www.skalnik.pl\/blog\/wp-content\/uploads\/2022\/11\/chatka-kwadrat-768x768.jpg 768w, https:\/\/www.skalnik.pl\/blog\/wp-content\/uploads\/2022\/11\/chatka-kwadrat.jpg 1080w\" sizes=\"auto, (max-width: 1024px) 100vw, 1024px\" \/><figcaption><em>Drewniany dom przy niebieskim szlaku od strony Szczyrku<\/em><\/figcaption><\/figure><\/div>\n\n\n\n<p>Na sam wierzcho\u0142ek Szkrzycznego mo\u017cna wej\u015b\u0107 dwoma szlakami (zielonym i niebieskim). U st\u00f3p g\u00f3ry tras turystycznych jest zdecydowanie wi\u0119cej, \u0142\u0105cz\u0105 si\u0119 jednak na r\u00f3\u017cnych etapach z tymi dwoma szlakami. Dzi\u0119ki takiej sieci, mo\u017cna wymy\u015bla\u0107 r\u00f3\u017cne warianty w\u0119dr\u00f3wki \u2013 na kr\u00f3tsze i d\u0142u\u017csze dni, pogod\u0119 lub jej niedostatek.<\/p>\n\n\n\n<p>G\u00f3ra ta zim\u0105 przyci\u0105ga jak magnes narciarzy, snowboardzist\u00f3w i skiturowc\u00f3w, a to za spraw\u0105 Centralnego O\u015brodka Sportu i sieci wyci\u0105g\u00f3w, jakie znajduj\u0105 si\u0119 na stokach Skrzycznego, Zb\u00f3jnickiej Kopy i Hali Skrzycze\u0144skiej. Cz\u0119\u015b\u0107 wyci\u0105g\u00f3w dzia\u0142a nie tylko zim\u0105, co sprawia, \u017ce Skrzyczne osi\u0105galne jest tak\u017ce przez turyst\u00f3w o mniejszych mo\u017cliwo\u015bciach poruszania si\u0119.<\/p>\n\n\n\n<div id=\"ez-toc-container\" class=\"ez-toc-v2_0_85 counter-hierarchy ez-toc-counter ez-toc-light-blue ez-toc-container-direction\">\n<div class=\"ez-toc-title-container\">\n<p class=\"ez-toc-title\" style=\"cursor:inherit\">SPIS TRE\u015aCI <\/p>\n<span class=\"ez-toc-title-toggle\"><a href=\"#\" class=\"ez-toc-pull-right ez-toc-btn ez-toc-btn-xs ez-toc-btn-default ez-toc-toggle\" aria-label=\"Prze\u0142\u0105cznik Spisu Tre\u015bci\"><span class=\"ez-toc-js-icon-con\"><span class=\"\"><span class=\"eztoc-hide\" style=\"display:none;\">Toggle<\/span><span class=\"ez-toc-icon-toggle-span\"><svg style=\"fill: #999;color:#999\" xmlns=\"http:\/\/www.w3.org\/2000\/svg\" class=\"list-377408\" width=\"20px\" height=\"20px\" viewBox=\"0 0 24 24\" fill=\"none\"><path d=\"M6 6H4v2h2V6zm14 0H8v2h12V6zM4 11h2v2H4v-2zm16 0H8v2h12v-2zM4 16h2v2H4v-2zm16 0H8v2h12v-2z\" fill=\"currentColor\"><\/path><\/svg><svg style=\"fill: #999;color:#999\" class=\"arrow-unsorted-368013\" xmlns=\"http:\/\/www.w3.org\/2000\/svg\" width=\"10px\" height=\"10px\" viewBox=\"0 0 24 24\" version=\"1.2\" baseProfile=\"tiny\"><path d=\"M18.2 9.3l-6.2-6.3-6.2 6.3c-.2.2-.3.4-.3.7s.1.5.3.7c.2.2.4.3.7.3h11c.3 0 .5-.1.7-.3.2-.2.3-.5.3-.7s-.1-.5-.3-.7zM5.8 14.7l6.2 6.3 6.2-6.3c.2-.2.3-.5.3-.7s-.1-.5-.3-.7c-.2-.2-.4-.3-.7-.3h-11c-.3 0-.5.1-.7.3-.2.2-.3.5-.3.7s.1.5.3.7z\"\/><\/svg><\/span><\/span><\/span><\/a><\/span><\/div>\n<nav><ul class='ez-toc-list ez-toc-list-level-1 ' ><li class='ez-toc-page-1 ez-toc-heading-level-2'><a class=\"ez-toc-link ez-toc-heading-1\" href=\"https:\/\/www.skalnik.pl\/blog\/korona-gor-polski-skrzyczne\/#Najkrotszy_szlak_na_Skrzyczne\" >Najkr\u00f3tszy szlak na Skrzyczne<\/a><\/li><li class='ez-toc-page-1 ez-toc-heading-level-2'><a class=\"ez-toc-link ez-toc-heading-2\" href=\"https:\/\/www.skalnik.pl\/blog\/korona-gor-polski-skrzyczne\/#Najciekawszy_szlak_na_Skrzyczne\" >Najciekawszy szlak na Skrzyczne<\/a><\/li><li class='ez-toc-page-1 ez-toc-heading-level-2'><a class=\"ez-toc-link ez-toc-heading-3\" href=\"https:\/\/www.skalnik.pl\/blog\/korona-gor-polski-skrzyczne\/#Ciekawostki\" >Ciekawostki<\/a><\/li><\/ul><\/nav><\/div>\n<h2 class=\"wp-block-heading\"><span class=\"ez-toc-section\" id=\"Najkrotszy_szlak_na_Skrzyczne\"><\/span>Najkr\u00f3tszy szlak na Skrzyczne<span class=\"ez-toc-section-end\"><\/span><\/h2>\n\n\n\n<p>Najcz\u0119\u015bciej wybierany jest najkr\u00f3tszy szlak ze Szczyrku (niebieski). Zosta\u0142 on w du\u017cej cz\u0119\u015bci poprowadzony jest wzd\u0142u\u017c kolei Jaworzyna, jest do\u015b\u0107 stromy, ale jednocze\u015bnie \u201eindustrialny\u201d. G\u00f3rski klimat mo\u017cna poczu\u0107 dopiero, gdy szlak odbija w las powy\u017cej stacji po\u015bredniej. Ostatnia prosta, ju\u017c po wyj\u015bciu z lasu, to w\u0119dr\u00f3wka po nartostradzie. \u017beby nieco urozmaici\u0107 t\u0119 tras\u0119 do Szczyrku lepiej zej\u015b\u0107 szlakiem zielonym.<\/p>\n\n\n\n<div style=\"max-width:1000px;overflow:hidden;margin:0 auto;min-width:800px;\"><iframe src=\"https:\/\/mapa-turystyczna.pl\/map\/widget\/route\/h1l0p1\/31dhz.html\" style=\"width:100%;border:0;\" height=\"680\" frameborder=\"0\"><\/iframe><a href=\"https:\/\/mapa-turystyczna.pl\/route\/31dhz?utm_source=external_web&amp;utm_medium=widget&amp;utm_campaign=route_widget\" target=\"_blank\" style=\"color:#999;padding:7px 0;font-size: 13px;font-family:Roboto,Arial,sans-serif;display: inline-block;\" rel=\"noopener noreferrer\">Trasa: Szczyrk, dolna stacja kolejki \u2013 Szczyrk, dolna stacja kolejki | mapa-turystyczna.pl<\/a><\/div>\n\n\n\n<p>Niebieski szlak nie ko\u0144czy si\u0119 na szczycie, lecz przechodzi przez niego i prowadzi na drug\u0105 stron\u0119 g\u00f3ry, w okolice Lipowej i Twardorzeczki. I to z tej strony warto w\u0119drowa\u0107 na Skrzyczne, bo szlak jest zdecydowanie przyjemniejszy.<\/p>\n\n\n\n<h2 class=\"wp-block-heading\"><span class=\"ez-toc-section\" id=\"Najciekawszy_szlak_na_Skrzyczne\"><\/span>Najciekawszy szlak na Skrzyczne<span class=\"ez-toc-section-end\"><\/span><\/h2>\n\n\n\n<p>Miejscem startu (i mety) tej w\u0119dr\u00f3wki jest parking w Dolinie Zimnika. W zale\u017cno\u015bci od tego, ile mamy czasu mo\u017cna zdecydowa\u0107 o szybkim wej\u015bciu i zej\u015bciu na Skrzyczne szlakiem niebieskim \u2013 w obie strony zajmie to zaledwie 3,5 godz. Innym wariantem jest zrobienie ca\u0142odziennej p\u0119tli.<\/p>\n\n\n\n<p>Trasa: Dolina Zimnika \u2013 Skrzyczne \u2013 Ma\u0142e Skrzyczne \u2013 Malinowska Ska\u0142a \u2013 Dolina Zimnika (parking)<br>Czas: 5:15 godz.<br>Odleg\u0142o\u015b\u0107: 15,7 km<\/p>\n\n\n\n<p>W okolice Doliny Zimnika najwygodniej dosta\u0107 si\u0119 samochodem. Na miejscu czeka bezp\u0142atny parking nadle\u015bnictwa, a tak\u017ce dodatkowe p\u0142atne (ca\u0142odziennie) miejsca postojowe. Niebieski szlak zaczyna si\u0119 w pobli\u017cu hotelu Zimnik (z parkingu trzeba si\u0119 zatem nieco cofn\u0105\u0107). Pierwsze kilkana\u015bcie minut to ca\u0142kiem wymagaj\u0105ca w\u0119dr\u00f3wka w g\u00f3r\u0119. Szlak biegnie lasem i co prawda nie ma z niego zbyt wielu panoram, ale jest przyjemnie zacieniony. Ponadto jest on zdecydowanie mniej ucz\u0119szczany, chyba dlatego, \u017ce ta strona g\u00f3ry pozbawiona jest zupe\u0142nie infrastruktury narciarskiej. Za pomnikiem na Hali Jaskowej las si\u0119 przerzedza i \u2013 je\u015bli tylko mamy szcz\u0119\u015bcie do pogody \u2013 mo\u017cna podziwia\u0107 panoramy.<\/p>\n\n\n\n<div style=\"max-width:1000px;overflow:hidden;margin:0 auto;min-width:800px;\"><iframe src=\"https:\/\/mapa-turystyczna.pl\/map\/widget\/route\/h1l0p1\/3rb83.html\" style=\"width:100%;border:0;\" height=\"680\" frameborder=\"0\"><\/iframe><a href=\"https:\/\/mapa-turystyczna.pl\/route\/3rb83?utm_source=external_web&amp;utm_medium=widget&amp;utm_campaign=route_widget\" target=\"_blank\" style=\"color:#999;padding:7px 0;font-size: 13px;font-family:Roboto,Arial,sans-serif;display: inline-block;\" rel=\"noopener noreferrer\">Trasa przez: Schronisko PTTK Skrzyczne | mapa-turystyczna.pl<\/a><\/div>\n\n\n\n<p>Szczyt Skrzycznego trudno pomyli\u0107 w ca\u0142ym Beskidzie \u015al\u0105skim, dzi\u0119ki charakterystycznej sylwetce masztu nadawczego. Od niemal stu lat stoi te\u017c tutaj schronisko Skrzyczne, to w nim znajduje si\u0119 piecz\u0105tka KGP. Na szczycie jest tak\u017ce ko\u0144cowa stacja kolei Jaworzyna, a przy niej taras widokowy, z kt\u00f3rego przy rewelacyjnej pogodzie mo\u017cna dojrze\u0107 Tatry, a przy dobrej \u2013 Babi\u0105 G\u00f3r\u0119.<\/p>\n\n\n\n<div class=\"wp-block-image\"><figure class=\"aligncenter size-large\"><img loading=\"lazy\" decoding=\"async\" width=\"1022\" height=\"1024\" src=\"https:\/\/www.skalnik.pl\/blog\/wp-content\/uploads\/2022\/11\/babia-kwadrat-1022x1024.jpg\" alt=\"widok z g\u00f3ry na pierwszym planie o\u015bnie\u017cone drzewa, w tle zarys Babiej G\u00f3ry\" class=\"wp-image-21360\" srcset=\"https:\/\/www.skalnik.pl\/blog\/wp-content\/uploads\/2022\/11\/babia-kwadrat-1022x1024.jpg 1022w, https:\/\/www.skalnik.pl\/blog\/wp-content\/uploads\/2022\/11\/babia-kwadrat-300x300.jpg 300w, https:\/\/www.skalnik.pl\/blog\/wp-content\/uploads\/2022\/11\/babia-kwadrat-768x769.jpg 768w, https:\/\/www.skalnik.pl\/blog\/wp-content\/uploads\/2022\/11\/babia-kwadrat.jpg 1080w\" sizes=\"auto, (max-width: 1022px) 100vw, 1022px\" \/><figcaption><em>Widok z platformy widokowej, w oddali wida\u0107 Babi\u0105 G\u00f3r\u0119 [fot. A. Robak]<\/em><\/figcaption><\/figure><\/div>\n\n\n\n<p>Dalsza cz\u0119\u015b\u0107 w\u0119dr\u00f3wki wiedzie to zielony szlak przez Ma\u0142e Skrzyczne na Malinowsk\u0105 Ska\u0142\u0119. Zim\u0105 tutaj spotka\u0107 mo\u017cna przede wszystkim narciarzy, dla kt\u00f3rych wytyczono ponad 10 km tras na p\u00f3\u0142nocnych i p\u00f3\u0142nocno-zachodnich stokach Skrzycznego. Ten wariant szlaku jest niezwykle popularny w\u015br\u00f3d piechur\u00f3w latem. Nic dziwnego \u2013 nie jest on trudny. Tu\u017c przed szczytem Malinowskiej Ska\u0142y znajduje si\u0119 tzw. wychodnia skalna \u2013 charakterystyczna ska\u0142a \u201ewyrastaj\u0105ca\u201d z ziemi. Stanowi ona naturalny punkt widokowy i jest sama w sobie atrakcj\u0105.<\/p>\n\n\n\n<p>Ostatnim etapem jest w\u0119dr\u00f3wka \u017c\u00f3\u0142tym szlakiem trawersuj\u0105cym zbocza beskidzkiego Ko\u015bcielca. Jest on raz le\u015bn\u0105 \u015bcie\u017ck\u0105, nieco szerszym duktem, by zako\u0144czy\u0107 si\u0119 jako droga asfaltowa.<\/p>\n\n\n\n<p><span class=\"has-inline-color has-vivid-cyan-blue-color\">Zobacz inne artyku\u0142y na temat projektu <strong><a href=\"https:\/\/www.skalnik.pl\/blog\/tag\/korona-gor-polski\/\" target=\"_blank\" rel=\"noreferrer noopener\">Korona G\u00f3r Polski<\/a><\/strong>. <\/span><\/p>\n\n\n\n<h2 class=\"wp-block-heading\"><span class=\"ez-toc-section\" id=\"Ciekawostki\"><\/span>Ciekawostki<span class=\"ez-toc-section-end\"><\/span><\/h2>\n\n\n\n<ul class=\"wp-block-list\"><li>na szczycie Skrzycznego znajduje si\u0119 87-metrowy masz Radiowo-Telewizyjnego O\u015brodka Nadawczego, kiedy\u015b analogowo, a dzi\u015b cyfrowo s\u0105 st\u0105d nadawane sygna\u0142y telewizji i radia;<\/li><li>wychodnia skalna pod Malinowsk\u0105 Ska\u0142\u0105 jest pomnikiem przyrody nieo\u017cywionej i symbolem ca\u0142ego Beskidu \u015al\u0105skiego;<\/li><li>na stokach Skrzycznego wida\u0107 jedynie kikuty pojedynczych drzew \u2013 to efekt szkodnik\u00f3w, kt\u00f3re zaatakowa\u0142y \u015bwierki porastaj\u0105ce stoki g\u00f3ry;<\/li><li>przy \u017c\u00f3\u0142tym szlaku mo\u017cna dostrzec pozosta\u0142o\u015bci fundament\u00f3w po le\u015bnicz\u00f3wce stoj\u0105cej tu w XIX stuleciu, a tak\u017ce dwie przydro\u017cne kapliczki;<\/li><li>na Hali Jaskowej stoi pomnik upami\u0119tniaj\u0105cy ofiarowanie tych ziem Miko\u0142ajowi Jaskowi z Lipowej przez kr\u00f3la Jana Kazimierza \u2013 by\u0142 to dow\u00f3d kr\u00f3lewskiej wdzi\u0119czno\u015bci za ocalenie \u017bywca przed wrogiem w trakcie potopu szwedzkiego.<\/li><\/ul>\n\n\n\n<div class=\"wp-block-image\"><figure class=\"aligncenter size-large\"><img loading=\"lazy\" decoding=\"async\" width=\"1024\" height=\"576\" src=\"https:\/\/www.skalnik.pl\/blog\/wp-content\/uploads\/2022\/11\/IMG20221106133559-1024x576.jpg\" alt=\"kamienny monument z tabliczk\u0105 pami\u0105tkow\u0105 o nadaniu hali jaskowej\" class=\"wp-image-21364\" srcset=\"https:\/\/www.skalnik.pl\/blog\/wp-content\/uploads\/2022\/11\/IMG20221106133559-1024x576.jpg 1024w, https:\/\/www.skalnik.pl\/blog\/wp-content\/uploads\/2022\/11\/IMG20221106133559-300x169.jpg 300w, https:\/\/www.skalnik.pl\/blog\/wp-content\/uploads\/2022\/11\/IMG20221106133559-768x432.jpg 768w, https:\/\/www.skalnik.pl\/blog\/wp-content\/uploads\/2022\/11\/IMG20221106133559-1536x864.jpg 1536w, https:\/\/www.skalnik.pl\/blog\/wp-content\/uploads\/2022\/11\/IMG20221106133559-2048x1152.jpg 2048w\" sizes=\"auto, (max-width: 1024px) 100vw, 1024px\" \/><figcaption><em>Pomnik na Hali Jaskowej<\/em><\/figcaption><\/figure><\/div>\n\n\n\n<p><em>Zdj\u0119cie<\/em> t<em>ytu\u0142owe pochodzi z serwisu Pixabay.com<\/em><\/p>\n","protected":false},"excerpt":{"rendered":"<p>Skrzyczne g\u00f3ruje nad Beskidem \u015al\u0105skim. Przyci\u0105ga nie tylko narciarzy, ale tak\u017ce turyst\u00f3w w tym zdobywc\u00f3w KGP.<\/p>\n","protected":false},"author":9,"featured_media":21359,"comment_status":"open","ping_status":"open","sticky":false,"template":"","format":"standard","meta":{"_acf_changed":false,"footnotes":""},"categories":[84],"tags":[28,260],"magento_category":[],"magento_product":[],"class_list":["post-21352","post","type-post","status-publish","format-standard","has-post-thumbnail","hentry","category-pasja","tag-gory","tag-korona-gor-polski"],"acf":[],"aioseo_notices":[],"aioseo_head":"\n\t\t<!-- All in One SEO 4.9.10 - aioseo.com -->\n\t<meta name=\"description\" content=\"Opis w\u0119dr\u00f3wki na Skrzyczne, szczytu Korony G\u00f3r Polski, g\u00f3ruj\u0105cego nad Beskidem \u015al\u0105skim. Na g\u00f3r\u0119 mo\u017cna wej\u015b\u0107 pieszo, \u0142atwy wariant to wjazd kolejk\u0105 na Skrzyczne\" \/>\n\t<meta name=\"robots\" content=\"max-image-preview:large\" \/>\n\t<meta name=\"author\" content=\"Beata Nawrotkiewicz\"\/>\n\t<link rel=\"canonical\" href=\"https:\/\/www.skalnik.pl\/blog\/korona-gor-polski-skrzyczne\/\" \/>\n\t<meta name=\"generator\" content=\"All in One SEO (AIOSEO) 4.9.10\" \/>\n\t\t<meta property=\"og:locale\" content=\"pl_PL\" \/>\n\t\t<meta property=\"og:site_name\" content=\"blog Skalnik - Blog, porady, artyku\u0142y - blog Skalnik\" \/>\n\t\t<meta property=\"og:type\" content=\"article\" \/>\n\t\t<meta property=\"og:title\" content=\"Korona G\u00f3r Polski \u2013 Skrzyczne - blog Skalnik\" \/>\n\t\t<meta property=\"og:description\" content=\"Opis w\u0119dr\u00f3wki na Skrzyczne, szczytu Korony G\u00f3r Polski, g\u00f3ruj\u0105cego nad Beskidem \u015al\u0105skim. Na g\u00f3r\u0119 mo\u017cna wej\u015b\u0107 pieszo, \u0142atwy wariant to wjazd kolejk\u0105 na Skrzyczne\" \/>\n\t\t<meta property=\"og:url\" content=\"https:\/\/www.skalnik.pl\/blog\/korona-gor-polski-skrzyczne\/\" \/>\n\t\t<meta property=\"og:image\" content=\"https:\/\/www.skalnik.pl\/blog\/wp-content\/uploads\/2022\/11\/chatka-kwadrat.jpg\" \/>\n\t\t<meta property=\"og:image:secure_url\" content=\"https:\/\/www.skalnik.pl\/blog\/wp-content\/uploads\/2022\/11\/chatka-kwadrat.jpg\" \/>\n\t\t<meta property=\"og:image:width\" content=\"1080\" \/>\n\t\t<meta property=\"og:image:height\" content=\"1080\" \/>\n\t\t<meta property=\"article:tag\" content=\"pasja\" \/>\n\t\t<meta property=\"article:tag\" content=\"g\u00f3ry\" \/>\n\t\t<meta property=\"article:tag\" content=\"korona g\u00f3r polski\" \/>\n\t\t<meta property=\"article:published_time\" content=\"2022-12-03T07:24:00+00:00\" \/>\n\t\t<meta property=\"article:modified_time\" content=\"2022-12-02T11:25:15+00:00\" \/>\n\t\t<meta name=\"twitter:card\" content=\"summary_large_image\" \/>\n\t\t<meta name=\"twitter:title\" content=\"Korona G\u00f3r Polski \u2013 Skrzyczne - blog Skalnik\" \/>\n\t\t<meta name=\"twitter:description\" content=\"Opis w\u0119dr\u00f3wki na Skrzyczne, szczytu Korony G\u00f3r Polski, g\u00f3ruj\u0105cego nad Beskidem \u015al\u0105skim. Na g\u00f3r\u0119 mo\u017cna wej\u015b\u0107 pieszo, \u0142atwy wariant to wjazd kolejk\u0105 na Skrzyczne\" \/>\n\t\t<meta name=\"twitter:image\" content=\"https:\/\/www.skalnik.pl\/blog\/wp-content\/uploads\/2022\/11\/chatka-kwadrat.jpg\" \/>\n\t\t<script type=\"application\/ld+json\" class=\"aioseo-schema\">\n\t\t\t{\"@context\":\"https:\\\/\\\/schema.org\",\"@graph\":[{\"@type\":\"BlogPosting\",\"@id\":\"https:\\\/\\\/www.skalnik.pl\\\/blog\\\/korona-gor-polski-skrzyczne\\\/#blogposting\",\"name\":\"Korona G\\u00f3r Polski \\u2013 Skrzyczne - blog Skalnik\",\"headline\":\"Korona G\\u00f3r Polski &#8211; Skrzyczne\",\"author\":{\"@id\":\"https:\\\/\\\/www.skalnik.pl\\\/blog\\\/author\\\/beata-nawrotkiewicz\\\/#author\"},\"publisher\":{\"@id\":\"https:\\\/\\\/www.skalnik.pl\\\/blog\\\/#organization\"},\"image\":{\"@type\":\"ImageObject\",\"url\":\"https:\\\/\\\/www.skalnik.pl\\\/blog\\\/wp-content\\\/uploads\\\/2022\\\/11\\\/slawek-pixabay.jpg\",\"width\":1920,\"height\":705,\"caption\":\"widok na Skrzyczne\"},\"datePublished\":\"2022-12-03T08:24:00+02:00\",\"dateModified\":\"2022-12-02T12:25:15+02:00\",\"inLanguage\":\"pl-PL\",\"mainEntityOfPage\":{\"@id\":\"https:\\\/\\\/www.skalnik.pl\\\/blog\\\/korona-gor-polski-skrzyczne\\\/#webpage\"},\"isPartOf\":{\"@id\":\"https:\\\/\\\/www.skalnik.pl\\\/blog\\\/korona-gor-polski-skrzyczne\\\/#webpage\"},\"articleSection\":\"Pasja, g\\u00f3ry, korona g\\u00f3r polski\"},{\"@type\":\"BreadcrumbList\",\"@id\":\"https:\\\/\\\/www.skalnik.pl\\\/blog\\\/korona-gor-polski-skrzyczne\\\/#breadcrumblist\",\"itemListElement\":[{\"@type\":\"ListItem\",\"@id\":\"https:\\\/\\\/www.skalnik.pl\\\/blog#listItem\",\"position\":1,\"name\":\"Home\",\"item\":\"https:\\\/\\\/www.skalnik.pl\\\/blog\",\"nextItem\":{\"@type\":\"ListItem\",\"@id\":\"https:\\\/\\\/www.skalnik.pl\\\/blog\\\/.\\\/pasja\\\/#listItem\",\"name\":\"Pasja\"}},{\"@type\":\"ListItem\",\"@id\":\"https:\\\/\\\/www.skalnik.pl\\\/blog\\\/.\\\/pasja\\\/#listItem\",\"position\":2,\"name\":\"Pasja\",\"item\":\"https:\\\/\\\/www.skalnik.pl\\\/blog\\\/.\\\/pasja\\\/\",\"nextItem\":{\"@type\":\"ListItem\",\"@id\":\"https:\\\/\\\/www.skalnik.pl\\\/blog\\\/korona-gor-polski-skrzyczne\\\/#listItem\",\"name\":\"Korona G\\u00f3r Polski &#8211; Skrzyczne\"},\"previousItem\":{\"@type\":\"ListItem\",\"@id\":\"https:\\\/\\\/www.skalnik.pl\\\/blog#listItem\",\"name\":\"Home\"}},{\"@type\":\"ListItem\",\"@id\":\"https:\\\/\\\/www.skalnik.pl\\\/blog\\\/korona-gor-polski-skrzyczne\\\/#listItem\",\"position\":3,\"name\":\"Korona G\\u00f3r Polski &#8211; Skrzyczne\",\"previousItem\":{\"@type\":\"ListItem\",\"@id\":\"https:\\\/\\\/www.skalnik.pl\\\/blog\\\/.\\\/pasja\\\/#listItem\",\"name\":\"Pasja\"}}]},{\"@type\":\"Organization\",\"@id\":\"https:\\\/\\\/www.skalnik.pl\\\/blog\\\/#organization\",\"name\":\"blog Skalnik\",\"description\":\"Blog, porady, artyku\\u0142y - blog Skalnik\",\"url\":\"https:\\\/\\\/www.skalnik.pl\\\/blog\\\/\"},{\"@type\":\"Person\",\"@id\":\"https:\\\/\\\/www.skalnik.pl\\\/blog\\\/author\\\/beata-nawrotkiewicz\\\/#author\",\"url\":\"https:\\\/\\\/www.skalnik.pl\\\/blog\\\/author\\\/beata-nawrotkiewicz\\\/\",\"name\":\"Beata Nawrotkiewicz\",\"image\":{\"@type\":\"ImageObject\",\"@id\":\"https:\\\/\\\/www.skalnik.pl\\\/blog\\\/korona-gor-polski-skrzyczne\\\/#authorImage\",\"url\":\"https:\\\/\\\/secure.gravatar.com\\\/avatar\\\/53cf81cfcc3a81694535515925ffcf159be725e8bd1fb455eeb9e2cadcaa5684?s=96&d=mm&r=g\",\"width\":96,\"height\":96,\"caption\":\"Beata Nawrotkiewicz\"}},{\"@type\":\"WebPage\",\"@id\":\"https:\\\/\\\/www.skalnik.pl\\\/blog\\\/korona-gor-polski-skrzyczne\\\/#webpage\",\"url\":\"https:\\\/\\\/www.skalnik.pl\\\/blog\\\/korona-gor-polski-skrzyczne\\\/\",\"name\":\"Korona G\\u00f3r Polski \\u2013 Skrzyczne - blog Skalnik\",\"description\":\"Opis w\\u0119dr\\u00f3wki na Skrzyczne, szczytu Korony G\\u00f3r Polski, g\\u00f3ruj\\u0105cego nad Beskidem \\u015al\\u0105skim. Na g\\u00f3r\\u0119 mo\\u017cna wej\\u015b\\u0107 pieszo, \\u0142atwy wariant to wjazd kolejk\\u0105 na Skrzyczne\",\"inLanguage\":\"pl-PL\",\"isPartOf\":{\"@id\":\"https:\\\/\\\/www.skalnik.pl\\\/blog\\\/#website\"},\"breadcrumb\":{\"@id\":\"https:\\\/\\\/www.skalnik.pl\\\/blog\\\/korona-gor-polski-skrzyczne\\\/#breadcrumblist\"},\"author\":{\"@id\":\"https:\\\/\\\/www.skalnik.pl\\\/blog\\\/author\\\/beata-nawrotkiewicz\\\/#author\"},\"creator\":{\"@id\":\"https:\\\/\\\/www.skalnik.pl\\\/blog\\\/author\\\/beata-nawrotkiewicz\\\/#author\"},\"image\":{\"@type\":\"ImageObject\",\"url\":\"https:\\\/\\\/www.skalnik.pl\\\/blog\\\/wp-content\\\/uploads\\\/2022\\\/11\\\/slawek-pixabay.jpg\",\"@id\":\"https:\\\/\\\/www.skalnik.pl\\\/blog\\\/korona-gor-polski-skrzyczne\\\/#mainImage\",\"width\":1920,\"height\":705,\"caption\":\"widok na Skrzyczne\"},\"primaryImageOfPage\":{\"@id\":\"https:\\\/\\\/www.skalnik.pl\\\/blog\\\/korona-gor-polski-skrzyczne\\\/#mainImage\"},\"datePublished\":\"2022-12-03T08:24:00+02:00\",\"dateModified\":\"2022-12-02T12:25:15+02:00\"},{\"@type\":\"WebSite\",\"@id\":\"https:\\\/\\\/www.skalnik.pl\\\/blog\\\/#website\",\"url\":\"https:\\\/\\\/www.skalnik.pl\\\/blog\\\/\",\"name\":\"blog Skalnik\",\"description\":\"Blog, porady, artyku\\u0142y - blog Skalnik\",\"inLanguage\":\"pl-PL\",\"publisher\":{\"@id\":\"https:\\\/\\\/www.skalnik.pl\\\/blog\\\/#organization\"}}]}\n\t\t<\/script>\n\t\t<!-- All in One SEO -->\n\n","aioseo_head_json":{"title":"Korona G\u00f3r Polski \u2013 Skrzyczne - blog Skalnik","description":"Opis w\u0119dr\u00f3wki na Skrzyczne, szczytu Korony G\u00f3r Polski, g\u00f3ruj\u0105cego nad Beskidem \u015al\u0105skim. Na g\u00f3r\u0119 mo\u017cna wej\u015b\u0107 pieszo, \u0142atwy wariant to wjazd kolejk\u0105 na Skrzyczne","canonical_url":"https:\/\/www.skalnik.pl\/blog\/korona-gor-polski-skrzyczne\/","robots":"max-image-preview:large","keywords":"","webmasterTools":{"miscellaneous":""},"schema":{"@context":"https:\/\/schema.org","@graph":[{"@type":"BlogPosting","@id":"https:\/\/www.skalnik.pl\/blog\/korona-gor-polski-skrzyczne\/#blogposting","name":"Korona G\u00f3r Polski \u2013 Skrzyczne - blog Skalnik","headline":"Korona G\u00f3r Polski &#8211; Skrzyczne","author":{"@id":"https:\/\/www.skalnik.pl\/blog\/author\/beata-nawrotkiewicz\/#author"},"publisher":{"@id":"https:\/\/www.skalnik.pl\/blog\/#organization"},"image":{"@type":"ImageObject","url":"https:\/\/www.skalnik.pl\/blog\/wp-content\/uploads\/2022\/11\/slawek-pixabay.jpg","width":1920,"height":705,"caption":"widok na Skrzyczne"},"datePublished":"2022-12-03T08:24:00+02:00","dateModified":"2022-12-02T12:25:15+02:00","inLanguage":"pl-PL","mainEntityOfPage":{"@id":"https:\/\/www.skalnik.pl\/blog\/korona-gor-polski-skrzyczne\/#webpage"},"isPartOf":{"@id":"https:\/\/www.skalnik.pl\/blog\/korona-gor-polski-skrzyczne\/#webpage"},"articleSection":"Pasja, g\u00f3ry, korona g\u00f3r polski"},{"@type":"BreadcrumbList","@id":"https:\/\/www.skalnik.pl\/blog\/korona-gor-polski-skrzyczne\/#breadcrumblist","itemListElement":[{"@type":"ListItem","@id":"https:\/\/www.skalnik.pl\/blog#listItem","position":1,"name":"Home","item":"https:\/\/www.skalnik.pl\/blog","nextItem":{"@type":"ListItem","@id":"https:\/\/www.skalnik.pl\/blog\/.\/pasja\/#listItem","name":"Pasja"}},{"@type":"ListItem","@id":"https:\/\/www.skalnik.pl\/blog\/.\/pasja\/#listItem","position":2,"name":"Pasja","item":"https:\/\/www.skalnik.pl\/blog\/.\/pasja\/","nextItem":{"@type":"ListItem","@id":"https:\/\/www.skalnik.pl\/blog\/korona-gor-polski-skrzyczne\/#listItem","name":"Korona G\u00f3r Polski &#8211; Skrzyczne"},"previousItem":{"@type":"ListItem","@id":"https:\/\/www.skalnik.pl\/blog#listItem","name":"Home"}},{"@type":"ListItem","@id":"https:\/\/www.skalnik.pl\/blog\/korona-gor-polski-skrzyczne\/#listItem","position":3,"name":"Korona G\u00f3r Polski &#8211; Skrzyczne","previousItem":{"@type":"ListItem","@id":"https:\/\/www.skalnik.pl\/blog\/.\/pasja\/#listItem","name":"Pasja"}}]},{"@type":"Organization","@id":"https:\/\/www.skalnik.pl\/blog\/#organization","name":"blog Skalnik","description":"Blog, porady, artyku\u0142y - blog Skalnik","url":"https:\/\/www.skalnik.pl\/blog\/"},{"@type":"Person","@id":"https:\/\/www.skalnik.pl\/blog\/author\/beata-nawrotkiewicz\/#author","url":"https:\/\/www.skalnik.pl\/blog\/author\/beata-nawrotkiewicz\/","name":"Beata Nawrotkiewicz","image":{"@type":"ImageObject","@id":"https:\/\/www.skalnik.pl\/blog\/korona-gor-polski-skrzyczne\/#authorImage","url":"https:\/\/secure.gravatar.com\/avatar\/53cf81cfcc3a81694535515925ffcf159be725e8bd1fb455eeb9e2cadcaa5684?s=96&d=mm&r=g","width":96,"height":96,"caption":"Beata Nawrotkiewicz"}},{"@type":"WebPage","@id":"https:\/\/www.skalnik.pl\/blog\/korona-gor-polski-skrzyczne\/#webpage","url":"https:\/\/www.skalnik.pl\/blog\/korona-gor-polski-skrzyczne\/","name":"Korona G\u00f3r Polski \u2013 Skrzyczne - blog Skalnik","description":"Opis w\u0119dr\u00f3wki na Skrzyczne, szczytu Korony G\u00f3r Polski, g\u00f3ruj\u0105cego nad Beskidem \u015al\u0105skim. Na g\u00f3r\u0119 mo\u017cna wej\u015b\u0107 pieszo, \u0142atwy wariant to wjazd kolejk\u0105 na Skrzyczne","inLanguage":"pl-PL","isPartOf":{"@id":"https:\/\/www.skalnik.pl\/blog\/#website"},"breadcrumb":{"@id":"https:\/\/www.skalnik.pl\/blog\/korona-gor-polski-skrzyczne\/#breadcrumblist"},"author":{"@id":"https:\/\/www.skalnik.pl\/blog\/author\/beata-nawrotkiewicz\/#author"},"creator":{"@id":"https:\/\/www.skalnik.pl\/blog\/author\/beata-nawrotkiewicz\/#author"},"image":{"@type":"ImageObject","url":"https:\/\/www.skalnik.pl\/blog\/wp-content\/uploads\/2022\/11\/slawek-pixabay.jpg","@id":"https:\/\/www.skalnik.pl\/blog\/korona-gor-polski-skrzyczne\/#mainImage","width":1920,"height":705,"caption":"widok na Skrzyczne"},"primaryImageOfPage":{"@id":"https:\/\/www.skalnik.pl\/blog\/korona-gor-polski-skrzyczne\/#mainImage"},"datePublished":"2022-12-03T08:24:00+02:00","dateModified":"2022-12-02T12:25:15+02:00"},{"@type":"WebSite","@id":"https:\/\/www.skalnik.pl\/blog\/#website","url":"https:\/\/www.skalnik.pl\/blog\/","name":"blog Skalnik","description":"Blog, porady, artyku\u0142y - blog Skalnik","inLanguage":"pl-PL","publisher":{"@id":"https:\/\/www.skalnik.pl\/blog\/#organization"}}]},"og:locale":"pl_PL","og:site_name":"blog Skalnik - Blog, porady, artyku\u0142y - blog Skalnik","og:type":"article","og:title":"Korona G\u00f3r Polski \u2013 Skrzyczne - blog Skalnik","og:description":"Opis w\u0119dr\u00f3wki na Skrzyczne, szczytu Korony G\u00f3r Polski, g\u00f3ruj\u0105cego nad Beskidem \u015al\u0105skim. Na g\u00f3r\u0119 mo\u017cna wej\u015b\u0107 pieszo, \u0142atwy wariant to wjazd kolejk\u0105 na Skrzyczne","og:url":"https:\/\/www.skalnik.pl\/blog\/korona-gor-polski-skrzyczne\/","og:image":"https:\/\/www.skalnik.pl\/blog\/wp-content\/uploads\/2022\/11\/chatka-kwadrat.jpg","og:image:secure_url":"https:\/\/www.skalnik.pl\/blog\/wp-content\/uploads\/2022\/11\/chatka-kwadrat.jpg","og:image:width":1080,"og:image:height":1080,"article:tag":["pasja","g\u00f3ry","korona g\u00f3r polski"],"article:published_time":"2022-12-03T07:24:00+00:00","article:modified_time":"2022-12-02T11:25:15+00:00","twitter:card":"summary_large_image","twitter:title":"Korona G\u00f3r Polski \u2013 Skrzyczne - blog Skalnik","twitter:description":"Opis w\u0119dr\u00f3wki na Skrzyczne, szczytu Korony G\u00f3r Polski, g\u00f3ruj\u0105cego nad Beskidem \u015al\u0105skim. Na g\u00f3r\u0119 mo\u017cna wej\u015b\u0107 pieszo, \u0142atwy wariant to wjazd kolejk\u0105 na Skrzyczne","twitter:image":"https:\/\/www.skalnik.pl\/blog\/wp-content\/uploads\/2022\/11\/chatka-kwadrat.jpg"},"aioseo_meta_data":{"post_id":"21352","title":null,"description":"Opis w\u0119dr\u00f3wki na Skrzyczne, szczytu Korony G\u00f3r Polski, g\u00f3ruj\u0105cego nad Beskidem \u015al\u0105skim. Na g\u00f3r\u0119 mo\u017cna wej\u015b\u0107 pieszo, \u0142atwy wariant to wjazd kolejk\u0105 na Skrzyczne","keywords":"","keyphrases":null,"primary_term":null,"canonical_url":"","og_title":null,"og_description":null,"og_object_type":"default","og_image_type":"default","og_image_url":null,"og_image_width":null,"og_image_height":null,"og_image_custom_url":null,"og_image_custom_fields":null,"og_video":null,"og_custom_url":null,"og_article_section":null,"og_article_tags":null,"twitter_use_og":false,"twitter_card":"default","twitter_image_type":"default","twitter_image_url":null,"twitter_image_custom_url":null,"twitter_image_custom_fields":null,"twitter_title":null,"twitter_description":null,"schema":{"blockGraphs":[],"customGraphs":[],"default":{"data":{"Article":[],"Course":[],"Dataset":[],"FAQPage":[],"Movie":[],"Person":[],"Product":[],"ProductReview":[],"Car":[],"Recipe":[],"Service":[],"SoftwareApplication":[],"WebPage":[]},"graphName":"","isEnabled":true},"graphs":[]},"schema_type":"default","schema_type_options":null,"pillar_content":false,"robots_default":true,"robots_noindex":false,"robots_noarchive":false,"robots_nosnippet":false,"robots_nofollow":false,"robots_noimageindex":false,"robots_noodp":false,"robots_notranslate":false,"robots_max_snippet":null,"robots_max_videopreview":null,"robots_max_imagepreview":"large","priority":null,"frequency":null,"local_seo":null,"breadcrumb_settings":null,"limit_modified_date":false,"ai":null,"created":"2023-03-21 08:49:28","updated":"2026-02-17 22:29:38","seo_analyzer_scan_date":null},"aioseo_breadcrumb":"<div class=\"aioseo-breadcrumbs\"><span class=\"aioseo-breadcrumb\">\n\t\t\t<a href=\"https:\/\/www.skalnik.pl\/blog\" title=\"Home\">Home<\/a>\n\t\t<\/span><span class=\"aioseo-breadcrumb-separator\">&raquo;<\/span><span class=\"aioseo-breadcrumb\">\n\t\t\t<a href=\"https:\/\/www.skalnik.pl\/blog\/.\/pasja\/\" title=\"Pasja\">Pasja<\/a>\n\t\t<\/span><span class=\"aioseo-breadcrumb-separator\">&raquo;<\/span><span class=\"aioseo-breadcrumb\">\n\t\t\tKorona G\u00f3r Polski \u2013 Skrzyczne\n\t\t<\/span><\/div>","aioseo_breadcrumb_json":[{"label":"Home","link":"https:\/\/www.skalnik.pl\/blog"},{"label":"Pasja","link":"https:\/\/www.skalnik.pl\/blog\/.\/pasja\/"},{"label":"Korona G\u00f3r Polski &#8211; Skrzyczne","link":"https:\/\/www.skalnik.pl\/blog\/korona-gor-polski-skrzyczne\/"}],"_links":{"self":[{"href":"https:\/\/www.skalnik.pl\/blog\/wp-json\/wp\/v2\/posts\/21352","targetHints":{"allow":["GET"]}}],"collection":[{"href":"https:\/\/www.skalnik.pl\/blog\/wp-json\/wp\/v2\/posts"}],"about":[{"href":"https:\/\/www.skalnik.pl\/blog\/wp-json\/wp\/v2\/types\/post"}],"author":[{"embeddable":true,"href":"https:\/\/www.skalnik.pl\/blog\/wp-json\/wp\/v2\/users\/9"}],"replies":[{"embeddable":true,"href":"https:\/\/www.skalnik.pl\/blog\/wp-json\/wp\/v2\/comments?post=21352"}],"version-history":[{"count":10,"href":"https:\/\/www.skalnik.pl\/blog\/wp-json\/wp\/v2\/posts\/21352\/revisions"}],"predecessor-version":[{"id":21433,"href":"https:\/\/www.skalnik.pl\/blog\/wp-json\/wp\/v2\/posts\/21352\/revisions\/21433"}],"wp:featuredmedia":[{"embeddable":true,"href":"https:\/\/www.skalnik.pl\/blog\/wp-json\/wp\/v2\/media\/21359"}],"wp:attachment":[{"href":"https:\/\/www.skalnik.pl\/blog\/wp-json\/wp\/v2\/media?parent=21352"}],"wp:term":[{"taxonomy":"category","embeddable":true,"href":"https:\/\/www.skalnik.pl\/blog\/wp-json\/wp\/v2\/categories?post=21352"},{"taxonomy":"post_tag","embeddable":true,"href":"https:\/\/www.skalnik.pl\/blog\/wp-json\/wp\/v2\/tags?post=21352"},{"taxonomy":"magento_category","embeddable":true,"href":"https:\/\/www.skalnik.pl\/blog\/wp-json\/wp\/v2\/magento_category?post=21352"},{"taxonomy":"magento_product","embeddable":true,"href":"https:\/\/www.skalnik.pl\/blog\/wp-json\/wp\/v2\/magento_product?post=21352"}],"curies":[{"name":"wp","href":"https:\/\/api.w.org\/{rel}","templated":true}]}}