{"id":21462,"date":"2022-12-12T09:43:46","date_gmt":"2022-12-12T08:43:46","guid":{"rendered":"https:\/\/www.skalnik.pl\/blog\/?p=21462"},"modified":"2022-12-12T09:43:47","modified_gmt":"2022-12-12T08:43:47","slug":"kurtka-atom-ktora-wersje-wybrac","status":"publish","type":"post","link":"https:\/\/www.skalnik.pl\/blog\/kurtka-atom-ktora-wersje-wybrac\/","title":{"rendered":"Kurtka Atom &#8211; kt\u00f3r\u0105 wersj\u0119 wybra\u0107"},"content":{"rendered":"\n<p><strong>Kurtka kurtce nie r\u00f3wna, nawet ocieplana i tworzona przez t\u0105 sam\u0105 firm\u0119. W kolekcjach topowych marek w obr\u0119bie jednego modelu mo\u017cna znale\u017a\u0107 kilka wersji. Ka\u017cda z nich zachowuj\u0105c w\u0142a\u015bciwe dla danego modelu cechy przeznaczona jest do nieco innych warunk\u00f3w lub aktywno\u015bci. W kolekcji Arc&#8217;teryx kurtki zajmuj\u0105 bardzo wa\u017cne miejsce. Dzi\u015b przyjrz\u0119 si\u0119 kurtkom Atom i poka\u017c\u0119 Ci czym si\u0119 r\u00f3\u017cni\u0105 i jakie jest ich optymalne zastosowanie. <\/strong><\/p>\n\n\n\n<div id=\"ez-toc-container\" class=\"ez-toc-v2_0_85 counter-hierarchy ez-toc-counter ez-toc-light-blue ez-toc-container-direction\">\n<div class=\"ez-toc-title-container\">\n<p class=\"ez-toc-title\" style=\"cursor:inherit\">SPIS TRE\u015aCI <\/p>\n<span class=\"ez-toc-title-toggle\"><a href=\"#\" class=\"ez-toc-pull-right ez-toc-btn ez-toc-btn-xs ez-toc-btn-default ez-toc-toggle\" aria-label=\"Prze\u0142\u0105cznik Spisu Tre\u015bci\"><span class=\"ez-toc-js-icon-con\"><span class=\"\"><span class=\"eztoc-hide\" style=\"display:none;\">Toggle<\/span><span class=\"ez-toc-icon-toggle-span\"><svg style=\"fill: #999;color:#999\" xmlns=\"http:\/\/www.w3.org\/2000\/svg\" class=\"list-377408\" width=\"20px\" height=\"20px\" viewBox=\"0 0 24 24\" fill=\"none\"><path d=\"M6 6H4v2h2V6zm14 0H8v2h12V6zM4 11h2v2H4v-2zm16 0H8v2h12v-2zM4 16h2v2H4v-2zm16 0H8v2h12v-2z\" fill=\"currentColor\"><\/path><\/svg><svg style=\"fill: #999;color:#999\" class=\"arrow-unsorted-368013\" xmlns=\"http:\/\/www.w3.org\/2000\/svg\" width=\"10px\" height=\"10px\" viewBox=\"0 0 24 24\" version=\"1.2\" baseProfile=\"tiny\"><path d=\"M18.2 9.3l-6.2-6.3-6.2 6.3c-.2.2-.3.4-.3.7s.1.5.3.7c.2.2.4.3.7.3h11c.3 0 .5-.1.7-.3.2-.2.3-.5.3-.7s-.1-.5-.3-.7zM5.8 14.7l6.2 6.3 6.2-6.3c.2-.2.3-.5.3-.7s-.1-.5-.3-.7c-.2-.2-.4-.3-.7-.3h-11c-.3 0-.5.1-.7.3-.2.2-.3.5-.3.7s.1.5.3.7z\"\/><\/svg><\/span><\/span><\/span><\/a><\/span><\/div>\n<nav><ul class='ez-toc-list ez-toc-list-level-1 ' ><li class='ez-toc-page-1 ez-toc-heading-level-2'><a class=\"ez-toc-link ez-toc-heading-1\" href=\"https:\/\/www.skalnik.pl\/blog\/kurtka-atom-ktora-wersje-wybrac\/#Arcteryx-_funkcjonalnosc_na_pierwszym_miejscu\" >Arc&#8217;teryx- funkcjonalno\u015b\u0107 na pierwszym miejscu<\/a><\/li><li class='ez-toc-page-1 ez-toc-heading-level-2'><a class=\"ez-toc-link ez-toc-heading-2\" href=\"https:\/\/www.skalnik.pl\/blog\/kurtka-atom-ktora-wersje-wybrac\/#Kurtka_Arcteryx_Atom\" >Kurtka Arc&#8217;teryx Atom<\/a><\/li><li class='ez-toc-page-1 ez-toc-heading-level-2'><a class=\"ez-toc-link ez-toc-heading-3\" href=\"https:\/\/www.skalnik.pl\/blog\/kurtka-atom-ktora-wersje-wybrac\/#Arcteryx-_kurtka_Atom_AR\" >Arc&#8217;teryx- kurtka Atom AR<\/a><\/li><li class='ez-toc-page-1 ez-toc-heading-level-2'><a class=\"ez-toc-link ez-toc-heading-4\" href=\"https:\/\/www.skalnik.pl\/blog\/kurtka-atom-ktora-wersje-wybrac\/#Kurtka_Atom_LT\" >Kurtka Atom LT<\/a><\/li><\/ul><\/nav><\/div>\n<h2 class=\"wp-block-heading\"><span class=\"ez-toc-section\" id=\"Arcteryx-_funkcjonalnosc_na_pierwszym_miejscu\"><\/span>Arc&#8217;teryx- funkcjonalno\u015b\u0107 na pierwszym miejscu <span class=\"ez-toc-section-end\"><\/span><\/h2>\n\n\n\n<p>Osobom zwi\u0105zanym z outdoorem marki Arc&#8217;teryx przedstawia\u0107 nie trzeba. Jest od lat synonimem nowatorskich rozwi\u0105za\u0144 konstrukcyjnych, najwy\u017cszej jako\u015bci komponent\u00f3w oraz wprowadzania technologicznych nowinek. <\/p>\n\n\n\n<p>Swoj\u0105 renom\u0119 Arc&#8217;teryx buduje sukcesywnie od 1989 r., gdy jeszcze jako Rock Solid za\u0142o\u017cony zosta\u0142 w kanadyjskim Vancouver przez Dave&#8217;a Lane&#8217;a. Pocz\u0105tkowo produkcja skupia\u0142a si\u0119 na uprz\u0119\u017cach wspinaczkowych, kt\u00f3re odznacza\u0142y si\u0119 nowoczesn\u0105 konstrukcj\u0105 i nieszablonowymi rozwi\u0105zaniami. Po do\u0142\u0105czeniu do zespo\u0142u Jeremy&#8217;ego Guarda pojawi\u0142a si\u0119 marka Arc&#8217;teryx oraz logo przedstawiaj\u0105ce jurajskiego tetrapoda Archeopteryxa. W po\u0142owie lat dziewi\u0119\u0107dziesi\u0105tych marka zacz\u0119\u0142a produkcj\u0119 odzie\u017cy i podpisa\u0142a umow\u0119 z wiod\u0105cym na rynku producentem tkanin i membran, GORE-TEX. <\/p>\n\n\n\n<p>Dla marki priorytetem jest funkcjonalno\u015b\u0107, kt\u00f3ra przejawia si\u0119 w starannie dopracowanych konstrukcjach i detalach odzie\u017cy i sprz\u0119tu. Towarzyszy jej stosowanie nowoczesnych tkanin i komponent\u00f3w, co tak\u017ce podporz\u0105dkowane jest nadrz\u0119dnemu celowi &#8211; tworzeniu sprz\u0119tu, kt\u00f3ry jak najlepiej sprawdzi si\u0119 w praktyce.  <\/p>\n\n\n\n<p><span class=\"has-inline-color has-vivid-cyan-blue-color\">Kliknij w link i poznaj produkty <strong><a href=\"https:\/\/www.skalnik.pl\/arcteryx\" target=\"_blank\" rel=\"noreferrer noopener\">Arc&#8217;teryx<\/a><\/strong> w naszym sklepie. <\/span><\/p>\n\n\n\n<h2 class=\"wp-block-heading\"><span class=\"ez-toc-section\" id=\"Kurtka_Arcteryx_Atom\"><\/span>Kurtka Arc&#8217;teryx Atom <span class=\"ez-toc-section-end\"><\/span><\/h2>\n\n\n\n<p>Kurtka Arc&#8217;teryx Atom to model, kt\u00f3ry za\u0142o\u017cysz zar\u00f3wno na trekkingi w ch\u0142odnych porach roku, jak i na wypady skiturowe czy wspinaczkowe. Sprawdzi si\u0119 jako lekki, ciep\u0142y midlayer, ale tak\u017ce wierzchnia warstwa odzie\u017cy outdoorowej. Jest to kurtka Arc&#8217;teryx z ocieplin\u0105 syntetyczn\u0105, lekka, uszyta z hydrofobowej, wytrzyma\u0142ej tkaniny Tyono\u2122. Cho\u0107 wyst\u0119puje w dw\u00f3ch wersjach Atom LT i Atom AR, to jej g\u0142\u00f3wne cechy pozostaj\u0105 niezmienne: <\/p>\n\n\n\n<ul class=\"wp-block-list\"><li>syntetyczna ocieplina Coreloft\u2122 &#8211; w\u0142\u00f3kno poliestrowe o niezwykle wytrzyma\u0142ej strukturze. Odznacza si\u0119 \u015bwietnymi w\u0142a\u015bciwo\u015bciami izolacyjnymi, spr\u0119\u017cysto\u015bci\u0105 i lekko\u015bci\u0105. Jego istotn\u0105 cech\u0105, jest to, \u017ce kurtka nie traci swoich w\u0142a\u015bciwo\u015bci gdy zawilgnie, a nawet namoknie poniewa\u017c w\u0142\u00f3kna nie absorbuj\u0105 wilgoci i szybko wysychaj\u0105. Coreloft\u2122 \u0142atwo te\u017c utrzyma\u0107 w czysto\u015bci poniewa\u017c nie traci swoich w\u0142a\u015bciwo\u015bci podczas wielokrotnego prania. <\/li><li>nylonowa tkanina Tyono\u2122 odznaczaj\u0105ca si\u0119 lekko\u015bci\u0105 i odporno\u015bci\u0105 na przetarcia i uszkodzenia <\/li><li>wyko\u0144czenie hydrofobowe DWR sprawiaj\u0105ce, \u017ce wilgo\u0107 i woda nie wnikaj\u0105 w splot materia\u0142u. Nie jest to rozwi\u0105zanie, kt\u00f3re zapewnia pe\u0142n\u0105 wodoodporno\u015b\u0107, ale znakomicie radzi sobie podczas wilgotnej pogody, lekkiego deszczu, m\u017cawki czy we mgle. <\/li><li>StormHood\u00ae czyli dopracowana konstrukcja kaptura kompatybilnego z kaskiem. Odznacza si\u0119 ona dwup\u0142aszczyznow\u0105, p\u0142ynn\u0105 regulacj\u0105. Kaptur mo\u017cesz perfekcyjnie dopasowa\u0107 zar\u00f3wno wtedy, gdy jeste\u015b w kasku, czapce, jak i nie nosisz nic na g\u0142owie. Kask StormHood\u00ae ma te\u017c wysok\u0105 gard\u0119, usztywniony daszek i nie opada na oczy. <\/li><\/ul>\n\n\n\n<h2 class=\"wp-block-heading\"><span class=\"ez-toc-section\" id=\"Arcteryx-_kurtka_Atom_AR\"><\/span>Arc&#8217;teryx- kurtka Atom AR <span class=\"ez-toc-section-end\"><\/span><\/h2>\n\n\n\n<p>Kurtka Arc&#8217;teryx Atom AR (All Round) to uniwersalny model, kt\u00f3ry wykorzystasz w r\u00f3\u017cnorodnych zimowych aktywno\u015bciach. Chroni przed ch\u0142odem, wilgoci\u0105 i zimnymi podmuchami, co sprawia, \u017ce doskonale zabezpieczy podczas trekkingu, wyprawy narciarskiej czy wspinaczkowej. Wyprodukowany zosta\u0142 w wersji m\u0119skiej i damskiej. Je\u015bli si\u0119gasz do najnowszych kolekcji marki, to wersj\u0119 damsk\u0105 znajdziesz pod zmienion\u0105 nazw\u0105 Atom Haevyweight Hoody. <\/p>\n\n\n\n<div class=\"wp-block-image\"><figure class=\"aligncenter size-large\"><img loading=\"lazy\" decoding=\"async\" width=\"1024\" height=\"683\" src=\"https:\/\/www.skalnik.pl\/blog\/wp-content\/uploads\/2022\/12\/atom-ar-3-min-1024x683.jpg\" alt=\"\" class=\"wp-image-21465\" srcset=\"https:\/\/www.skalnik.pl\/blog\/wp-content\/uploads\/2022\/12\/atom-ar-3-min-1024x683.jpg 1024w, https:\/\/www.skalnik.pl\/blog\/wp-content\/uploads\/2022\/12\/atom-ar-3-min-300x200.jpg 300w, https:\/\/www.skalnik.pl\/blog\/wp-content\/uploads\/2022\/12\/atom-ar-3-min-768x512.jpg 768w, https:\/\/www.skalnik.pl\/blog\/wp-content\/uploads\/2022\/12\/atom-ar-3-min-1536x1024.jpg 1536w, https:\/\/www.skalnik.pl\/blog\/wp-content\/uploads\/2022\/12\/atom-ar-3-min-2048x1365.jpg 2048w\" sizes=\"auto, (max-width: 1024px) 100vw, 1024px\" \/><figcaption>Kurtka Arc&#8217;teryx Atom AR (fot. Arc&#8217;teryx)<\/figcaption><\/figure><\/div>\n\n\n\n<p>Atom AR mo\u017cesz nosi\u0107 zar\u00f3wno samodzielnie jako wierzchni\u0105 warstw\u0119 odzie\u017cy, jak i solidn\u0105 warstw\u0119 izolacyjn\u0105 midlayer. Dzi\u0119ki dopasowanemu krojowi Fitted znajduje si\u0119 blisko cia\u0142a, gdzie najlepiej spe\u0142nia swoje zadanie. Pod pachami umieszczono w niej panele z oddychaj\u0105cego materia\u0142u Permeair\u2122, co poprawia wentylacj\u0119 przy intensywnym ruchu. Kurtka wyposa\u017cona zosta\u0142a w ocieplony kaptur, zasuwane na zamek kieszenie boczne oraz elastyczne mankiety, kt\u00f3re \u015bwietnie dopasowuj\u0105 si\u0119 do nadgarstk\u00f3w i umo\u017cliwiaj\u0105 \u0142atwe zak\u0142adanie i zdejmowanie r\u0119kawic. <\/p>\n\n\n\n<iframe loading=\"lazy\" width=\"800\" height=\"442\" src=\"https:\/\/www.youtube.com\/embed\/9vnMrAmBXtI\" title=\"YouTube video player\" frameborder=\"0\" allow=\"accelerometer; autoplay; clipboard-write; encrypted-media; gyroscope; picture-in-picture\" allowfullscreen><\/iframe>\n\n\n\n<h2 class=\"wp-block-heading\"><span class=\"ez-toc-section\" id=\"Kurtka_Atom_LT\"><\/span>Kurtka Atom LT <span class=\"ez-toc-section-end\"><\/span><\/h2>\n\n\n\n<p>Skr\u00f3t LT w nazwie kurtki Atom oznacza &#8222;Lightweight&#8221;. Jest to lekki model,  kt\u00f3rego mo\u017cesz u\u017cywa\u0107 zar\u00f3wno jako samodzielnej warstwy odzie\u017cy jak i wszechstronnego midlayera, a tak\u017ce dodatkowej warstwy ocieplaj\u0105cej podczas postoj\u00f3w na szlaku. Z powodzeniem mo\u017cna go nazwa\u0107 syntetycznym swetrem puchowym, kt\u00f3ry \u015bwietnie sprawdzi si\u0119 w przej\u015bciowych porach roku oraz zim\u0105. Znajdziesz go zar\u00f3wno w wersji z kapturem (Hoody) jak i bez niego (Jacket) oraz w jako kurtk\u0119 m\u0119sk\u0105 i damsk\u0105. W nowych kolekcjach wersja damska ma zmienion\u0105 nazw\u0119 i wyst\u0119puje jako Arc&#8217;teryx Atom bez \u017cadnych dodatkowych oznacze\u0144. <\/p>\n\n\n\n<div class=\"wp-block-image\"><figure class=\"aligncenter size-large\"><img loading=\"lazy\" decoding=\"async\" width=\"1024\" height=\"683\" src=\"https:\/\/www.skalnik.pl\/blog\/wp-content\/uploads\/2022\/12\/atom-lt-3-min-1024x683.jpg\" alt=\"\" class=\"wp-image-21466\" srcset=\"https:\/\/www.skalnik.pl\/blog\/wp-content\/uploads\/2022\/12\/atom-lt-3-min-1024x683.jpg 1024w, https:\/\/www.skalnik.pl\/blog\/wp-content\/uploads\/2022\/12\/atom-lt-3-min-300x200.jpg 300w, https:\/\/www.skalnik.pl\/blog\/wp-content\/uploads\/2022\/12\/atom-lt-3-min-768x512.jpg 768w, https:\/\/www.skalnik.pl\/blog\/wp-content\/uploads\/2022\/12\/atom-lt-3-min-1536x1024.jpg 1536w\" sizes=\"auto, (max-width: 1024px) 100vw, 1024px\" \/><figcaption>Kurtka Arc&#8217;teryx Atom LT (fot. Arc&#8217;teryx)<\/figcaption><\/figure><\/div>\n\n\n\n<p>Mo\u017cesz wi\u0119c zapyta\u0107 czym opr\u00f3cz dost\u0119pno\u015bci wersji bez kaptura r\u00f3\u017cni si\u0119 Atom AR i LT. Ju\u017c wyja\u015bniam. R\u00f3\u017cnica jest ca\u0142kiem spora i dotyczy rozmieszczenia ociepliny. Atom AR ocieplony jest na ca\u0142ej powierzchni. Natomiast wersja LT ma oddychaj\u0105ce panele typu fleece umieszczone na bokach i pod pachami czyli tam, gdzie potrzebna jest wysoka oddychalno\u015b\u0107, a mniejsza izolacja. Dzi\u0119ki temu wersja ta lepiej nadaje si\u0119 do bardziej intensywnych aktywno\u015bci, kt\u00f3re wymagaj\u0105 wysi\u0142ku i wi\u0105\u017c\u0105 si\u0119 z du\u017c\u0105 &#8222;produkcj\u0105&#8221; ciep\u0142a i wilgoci. Druga r\u00f3\u017cnica to u\u017cycie do uszycia kurtki cie\u0144szego, l\u017cejszego materia\u0142y Tyono\u2122 20D (w przypadku Atom AR jest to 30D). <\/p>\n\n\n\n<iframe loading=\"lazy\" width=\"800\" height=\"442\" src=\"https:\/\/www.youtube.com\/embed\/fMfxFo6jDeI\" title=\"YouTube video player\" frameborder=\"0\" allow=\"accelerometer; autoplay; clipboard-write; encrypted-media; gyroscope; picture-in-picture\" allowfullscreen><\/iframe>\n\n\n\n<p>Atom LT ma dopasowany kr\u00f3j, dzi\u0119ki czemu z jednej strony znajduje si\u0119 blisko cia\u0142a, z drugiej za\u015b mo\u017cna na niego za\u0142o\u017cy\u0107 hardshell lub softshell. Jest wszechstronny i uniwersalny, a do tego kompresuje si\u0119 do tak ma\u0142ych rozmiar\u00f3w, \u017ce nawet nie zauwa\u017cysz, \u017ce masz go w plecaku. Funkcjonalno\u015b\u0107 zapewniaj\u0105 mu boczne kieszenie z ukrytymi zamkami, elastyczne wyko\u0144czenie mankiet\u00f3w oraz regulacja dolnej cz\u0119\u015bci za pomoc\u0105 \u015bci\u0105gacza. <\/p>\n\n\n\n<hr class=\"wp-block-separator is-style-dots\"\/>\n\n\n\n<p>Kurtka Arc&#8217;teryx Atom to model, kt\u00f3ry sprawdzi si\u0119 zawsze tam, gdzie potrzebujesz solidnej, lekkiej, ciep\u0142ej i odpornej na warunki zewn\u0119trzne warstwy izolacyjnej. Stworzony z my\u015bl\u0105 o aktywno\u015bci w ch\u0142odnych porach roku b\u0119dzie Twoim towarzyszem na szlakach trekkingowych, narciarskich oraz podczas wyzwa\u0144 wspinaczkowych.  <\/p>\n\n\n\n<p><span class=\"has-inline-color has-vivid-cyan-blue-color\">Dowiedz si\u0119 wi\u0119cej o marce Arc&#8217;teryx odwiedzaj\u0105c nasz blog &#8211; <strong><a href=\"https:\/\/www.skalnik.pl\/blog\/tag\/arcteryx\/\" target=\"_blank\" rel=\"noreferrer noopener\">kliknij tutaj<\/a><\/strong>. <\/span><\/p>\n","protected":false},"excerpt":{"rendered":"<p>Atom to bestsellerowy model kurtki Arc&#8217;teryx. Nie wiesz, kt\u00f3r\u0105 wersj\u0119 wybra\u0107? Podpowiadamy czym r\u00f3\u017cni\u0105 si\u0119 od siebie i gdzie najlepiej si\u0119 sprawdz\u0105. <\/p>\n","protected":false},"author":41,"featured_media":21467,"comment_status":"open","ping_status":"open","sticky":false,"template":"","format":"standard","meta":{"_acf_changed":false,"footnotes":""},"categories":[5],"tags":[310],"magento_category":[40],"magento_product":[],"class_list":["post-21462","post","type-post","status-publish","format-standard","has-post-thumbnail","hentry","category-branza","tag-arcteryx-2"],"acf":[],"aioseo_notices":[],"aioseo_head":"\n\t\t<!-- All in One SEO 4.9.10 - aioseo.com -->\n\t<meta name=\"description\" content=\"Kurtka Arc&#039;teryx Atom to wszechstronny, bestsellerowy model na ch\u0142odniejsze pory roku. Wybierz optymalny dla siebie Arcteryx w wersji Atom LT lub Atom AR.\" \/>\n\t<meta name=\"robots\" content=\"max-image-preview:large\" \/>\n\t<meta name=\"author\" content=\"Anna \u015aliwa\"\/>\n\t<link rel=\"canonical\" href=\"https:\/\/www.skalnik.pl\/blog\/kurtka-atom-ktora-wersje-wybrac\/\" \/>\n\t<meta name=\"generator\" content=\"All in One SEO (AIOSEO) 4.9.10\" \/>\n\t\t<meta property=\"og:locale\" content=\"pl_PL\" \/>\n\t\t<meta property=\"og:site_name\" content=\"blog Skalnik - Blog, porady, artyku\u0142y - blog Skalnik\" \/>\n\t\t<meta property=\"og:type\" content=\"article\" \/>\n\t\t<meta property=\"og:title\" content=\"Kurtka Atom \u2013 kt\u00f3r\u0105 wersj\u0119 wybra\u0107 - blog Skalnik\" \/>\n\t\t<meta property=\"og:description\" content=\"Kurtka Arc&#039;teryx Atom to wszechstronny, bestsellerowy model na ch\u0142odniejsze pory roku. Wybierz optymalny dla siebie Arcteryx w wersji Atom LT lub Atom AR.\" \/>\n\t\t<meta property=\"og:url\" content=\"https:\/\/www.skalnik.pl\/blog\/kurtka-atom-ktora-wersje-wybrac\/\" \/>\n\t\t<meta property=\"og:image\" content=\"https:\/\/www.skalnik.pl\/blog\/wp-content\/uploads\/2022\/12\/atom-ar-3-min-1024x683.jpg\" \/>\n\t\t<meta property=\"og:image:secure_url\" content=\"https:\/\/www.skalnik.pl\/blog\/wp-content\/uploads\/2022\/12\/atom-ar-3-min-1024x683.jpg\" \/>\n\t\t<meta property=\"article:tag\" content=\"bran\u017ca\" \/>\n\t\t<meta property=\"article:tag\" content=\"arcteryx\" \/>\n\t\t<meta property=\"article:published_time\" content=\"2022-12-12T08:43:46+00:00\" \/>\n\t\t<meta property=\"article:modified_time\" content=\"2022-12-12T08:43:47+00:00\" \/>\n\t\t<meta name=\"twitter:card\" content=\"summary_large_image\" \/>\n\t\t<meta name=\"twitter:title\" content=\"Kurtka Atom \u2013 kt\u00f3r\u0105 wersj\u0119 wybra\u0107 - blog Skalnik\" \/>\n\t\t<meta name=\"twitter:description\" content=\"Kurtka Arc&#039;teryx Atom to wszechstronny, bestsellerowy model na ch\u0142odniejsze pory roku. Wybierz optymalny dla siebie Arcteryx w wersji Atom LT lub Atom AR.\" \/>\n\t\t<meta name=\"twitter:image\" content=\"https:\/\/www.skalnik.pl\/blog\/wp-content\/uploads\/2022\/12\/atom-ar-3-min-1024x683.jpg\" \/>\n\t\t<script type=\"application\/ld+json\" class=\"aioseo-schema\">\n\t\t\t{\"@context\":\"https:\\\/\\\/schema.org\",\"@graph\":[{\"@type\":\"BlogPosting\",\"@id\":\"https:\\\/\\\/www.skalnik.pl\\\/blog\\\/kurtka-atom-ktora-wersje-wybrac\\\/#blogposting\",\"name\":\"Kurtka Atom \\u2013 kt\\u00f3r\\u0105 wersj\\u0119 wybra\\u0107 - blog Skalnik\",\"headline\":\"Kurtka Atom &#8211; kt\\u00f3r\\u0105 wersj\\u0119 wybra\\u0107\",\"author\":{\"@id\":\"https:\\\/\\\/www.skalnik.pl\\\/blog\\\/author\\\/anna-sliwa\\\/#author\"},\"publisher\":{\"@id\":\"https:\\\/\\\/www.skalnik.pl\\\/blog\\\/#organization\"},\"image\":{\"@type\":\"ImageObject\",\"url\":\"https:\\\/\\\/www.skalnik.pl\\\/blog\\\/wp-content\\\/uploads\\\/2022\\\/12\\\/atom-lt-1a-min1-scaled.jpg\",\"width\":2560,\"height\":941},\"datePublished\":\"2022-12-12T09:43:46+02:00\",\"dateModified\":\"2022-12-12T09:43:47+02:00\",\"inLanguage\":\"pl-PL\",\"mainEntityOfPage\":{\"@id\":\"https:\\\/\\\/www.skalnik.pl\\\/blog\\\/kurtka-atom-ktora-wersje-wybrac\\\/#webpage\"},\"isPartOf\":{\"@id\":\"https:\\\/\\\/www.skalnik.pl\\\/blog\\\/kurtka-atom-ktora-wersje-wybrac\\\/#webpage\"},\"articleSection\":\"Bran\\u017ca, arcteryx, 1090\"},{\"@type\":\"BreadcrumbList\",\"@id\":\"https:\\\/\\\/www.skalnik.pl\\\/blog\\\/kurtka-atom-ktora-wersje-wybrac\\\/#breadcrumblist\",\"itemListElement\":[{\"@type\":\"ListItem\",\"@id\":\"https:\\\/\\\/www.skalnik.pl\\\/blog#listItem\",\"position\":1,\"name\":\"Home\",\"item\":\"https:\\\/\\\/www.skalnik.pl\\\/blog\",\"nextItem\":{\"@type\":\"ListItem\",\"@id\":\"https:\\\/\\\/www.skalnik.pl\\\/blog\\\/.\\\/branza\\\/#listItem\",\"name\":\"Bran\\u017ca\"}},{\"@type\":\"ListItem\",\"@id\":\"https:\\\/\\\/www.skalnik.pl\\\/blog\\\/.\\\/branza\\\/#listItem\",\"position\":2,\"name\":\"Bran\\u017ca\",\"item\":\"https:\\\/\\\/www.skalnik.pl\\\/blog\\\/.\\\/branza\\\/\",\"nextItem\":{\"@type\":\"ListItem\",\"@id\":\"https:\\\/\\\/www.skalnik.pl\\\/blog\\\/kurtka-atom-ktora-wersje-wybrac\\\/#listItem\",\"name\":\"Kurtka Atom &#8211; kt\\u00f3r\\u0105 wersj\\u0119 wybra\\u0107\"},\"previousItem\":{\"@type\":\"ListItem\",\"@id\":\"https:\\\/\\\/www.skalnik.pl\\\/blog#listItem\",\"name\":\"Home\"}},{\"@type\":\"ListItem\",\"@id\":\"https:\\\/\\\/www.skalnik.pl\\\/blog\\\/kurtka-atom-ktora-wersje-wybrac\\\/#listItem\",\"position\":3,\"name\":\"Kurtka Atom &#8211; kt\\u00f3r\\u0105 wersj\\u0119 wybra\\u0107\",\"previousItem\":{\"@type\":\"ListItem\",\"@id\":\"https:\\\/\\\/www.skalnik.pl\\\/blog\\\/.\\\/branza\\\/#listItem\",\"name\":\"Bran\\u017ca\"}}]},{\"@type\":\"Organization\",\"@id\":\"https:\\\/\\\/www.skalnik.pl\\\/blog\\\/#organization\",\"name\":\"blog Skalnik\",\"description\":\"Blog, porady, artyku\\u0142y - blog Skalnik\",\"url\":\"https:\\\/\\\/www.skalnik.pl\\\/blog\\\/\"},{\"@type\":\"Person\",\"@id\":\"https:\\\/\\\/www.skalnik.pl\\\/blog\\\/author\\\/anna-sliwa\\\/#author\",\"url\":\"https:\\\/\\\/www.skalnik.pl\\\/blog\\\/author\\\/anna-sliwa\\\/\",\"name\":\"Anna \\u015aliwa\",\"image\":{\"@type\":\"ImageObject\",\"@id\":\"https:\\\/\\\/www.skalnik.pl\\\/blog\\\/kurtka-atom-ktora-wersje-wybrac\\\/#authorImage\",\"url\":\"https:\\\/\\\/secure.gravatar.com\\\/avatar\\\/e8300be3de710e2e109e5dfbf092dcf827242ec8071807a1e13f6b3f7c9bbd79?s=96&d=mm&r=g\",\"width\":96,\"height\":96,\"caption\":\"Anna \\u015aliwa\"}},{\"@type\":\"WebPage\",\"@id\":\"https:\\\/\\\/www.skalnik.pl\\\/blog\\\/kurtka-atom-ktora-wersje-wybrac\\\/#webpage\",\"url\":\"https:\\\/\\\/www.skalnik.pl\\\/blog\\\/kurtka-atom-ktora-wersje-wybrac\\\/\",\"name\":\"Kurtka Atom \\u2013 kt\\u00f3r\\u0105 wersj\\u0119 wybra\\u0107 - blog Skalnik\",\"description\":\"Kurtka Arc'teryx Atom to wszechstronny, bestsellerowy model na ch\\u0142odniejsze pory roku. Wybierz optymalny dla siebie Arcteryx w wersji Atom LT lub Atom AR.\",\"inLanguage\":\"pl-PL\",\"isPartOf\":{\"@id\":\"https:\\\/\\\/www.skalnik.pl\\\/blog\\\/#website\"},\"breadcrumb\":{\"@id\":\"https:\\\/\\\/www.skalnik.pl\\\/blog\\\/kurtka-atom-ktora-wersje-wybrac\\\/#breadcrumblist\"},\"author\":{\"@id\":\"https:\\\/\\\/www.skalnik.pl\\\/blog\\\/author\\\/anna-sliwa\\\/#author\"},\"creator\":{\"@id\":\"https:\\\/\\\/www.skalnik.pl\\\/blog\\\/author\\\/anna-sliwa\\\/#author\"},\"image\":{\"@type\":\"ImageObject\",\"url\":\"https:\\\/\\\/www.skalnik.pl\\\/blog\\\/wp-content\\\/uploads\\\/2022\\\/12\\\/atom-lt-1a-min1-scaled.jpg\",\"@id\":\"https:\\\/\\\/www.skalnik.pl\\\/blog\\\/kurtka-atom-ktora-wersje-wybrac\\\/#mainImage\",\"width\":2560,\"height\":941},\"primaryImageOfPage\":{\"@id\":\"https:\\\/\\\/www.skalnik.pl\\\/blog\\\/kurtka-atom-ktora-wersje-wybrac\\\/#mainImage\"},\"datePublished\":\"2022-12-12T09:43:46+02:00\",\"dateModified\":\"2022-12-12T09:43:47+02:00\"},{\"@type\":\"WebSite\",\"@id\":\"https:\\\/\\\/www.skalnik.pl\\\/blog\\\/#website\",\"url\":\"https:\\\/\\\/www.skalnik.pl\\\/blog\\\/\",\"name\":\"blog Skalnik\",\"description\":\"Blog, porady, artyku\\u0142y - blog Skalnik\",\"inLanguage\":\"pl-PL\",\"publisher\":{\"@id\":\"https:\\\/\\\/www.skalnik.pl\\\/blog\\\/#organization\"}}]}\n\t\t<\/script>\n\t\t<!-- All in One SEO -->\n\n","aioseo_head_json":{"title":"Kurtka Atom \u2013 kt\u00f3r\u0105 wersj\u0119 wybra\u0107 - blog Skalnik","description":"Kurtka Arc'teryx Atom to wszechstronny, bestsellerowy model na ch\u0142odniejsze pory roku. Wybierz optymalny dla siebie Arcteryx w wersji Atom LT lub Atom AR.","canonical_url":"https:\/\/www.skalnik.pl\/blog\/kurtka-atom-ktora-wersje-wybrac\/","robots":"max-image-preview:large","keywords":"","webmasterTools":{"miscellaneous":""},"schema":{"@context":"https:\/\/schema.org","@graph":[{"@type":"BlogPosting","@id":"https:\/\/www.skalnik.pl\/blog\/kurtka-atom-ktora-wersje-wybrac\/#blogposting","name":"Kurtka Atom \u2013 kt\u00f3r\u0105 wersj\u0119 wybra\u0107 - blog Skalnik","headline":"Kurtka Atom &#8211; kt\u00f3r\u0105 wersj\u0119 wybra\u0107","author":{"@id":"https:\/\/www.skalnik.pl\/blog\/author\/anna-sliwa\/#author"},"publisher":{"@id":"https:\/\/www.skalnik.pl\/blog\/#organization"},"image":{"@type":"ImageObject","url":"https:\/\/www.skalnik.pl\/blog\/wp-content\/uploads\/2022\/12\/atom-lt-1a-min1-scaled.jpg","width":2560,"height":941},"datePublished":"2022-12-12T09:43:46+02:00","dateModified":"2022-12-12T09:43:47+02:00","inLanguage":"pl-PL","mainEntityOfPage":{"@id":"https:\/\/www.skalnik.pl\/blog\/kurtka-atom-ktora-wersje-wybrac\/#webpage"},"isPartOf":{"@id":"https:\/\/www.skalnik.pl\/blog\/kurtka-atom-ktora-wersje-wybrac\/#webpage"},"articleSection":"Bran\u017ca, arcteryx, 1090"},{"@type":"BreadcrumbList","@id":"https:\/\/www.skalnik.pl\/blog\/kurtka-atom-ktora-wersje-wybrac\/#breadcrumblist","itemListElement":[{"@type":"ListItem","@id":"https:\/\/www.skalnik.pl\/blog#listItem","position":1,"name":"Home","item":"https:\/\/www.skalnik.pl\/blog","nextItem":{"@type":"ListItem","@id":"https:\/\/www.skalnik.pl\/blog\/.\/branza\/#listItem","name":"Bran\u017ca"}},{"@type":"ListItem","@id":"https:\/\/www.skalnik.pl\/blog\/.\/branza\/#listItem","position":2,"name":"Bran\u017ca","item":"https:\/\/www.skalnik.pl\/blog\/.\/branza\/","nextItem":{"@type":"ListItem","@id":"https:\/\/www.skalnik.pl\/blog\/kurtka-atom-ktora-wersje-wybrac\/#listItem","name":"Kurtka Atom &#8211; kt\u00f3r\u0105 wersj\u0119 wybra\u0107"},"previousItem":{"@type":"ListItem","@id":"https:\/\/www.skalnik.pl\/blog#listItem","name":"Home"}},{"@type":"ListItem","@id":"https:\/\/www.skalnik.pl\/blog\/kurtka-atom-ktora-wersje-wybrac\/#listItem","position":3,"name":"Kurtka Atom &#8211; kt\u00f3r\u0105 wersj\u0119 wybra\u0107","previousItem":{"@type":"ListItem","@id":"https:\/\/www.skalnik.pl\/blog\/.\/branza\/#listItem","name":"Bran\u017ca"}}]},{"@type":"Organization","@id":"https:\/\/www.skalnik.pl\/blog\/#organization","name":"blog Skalnik","description":"Blog, porady, artyku\u0142y - blog Skalnik","url":"https:\/\/www.skalnik.pl\/blog\/"},{"@type":"Person","@id":"https:\/\/www.skalnik.pl\/blog\/author\/anna-sliwa\/#author","url":"https:\/\/www.skalnik.pl\/blog\/author\/anna-sliwa\/","name":"Anna \u015aliwa","image":{"@type":"ImageObject","@id":"https:\/\/www.skalnik.pl\/blog\/kurtka-atom-ktora-wersje-wybrac\/#authorImage","url":"https:\/\/secure.gravatar.com\/avatar\/e8300be3de710e2e109e5dfbf092dcf827242ec8071807a1e13f6b3f7c9bbd79?s=96&d=mm&r=g","width":96,"height":96,"caption":"Anna \u015aliwa"}},{"@type":"WebPage","@id":"https:\/\/www.skalnik.pl\/blog\/kurtka-atom-ktora-wersje-wybrac\/#webpage","url":"https:\/\/www.skalnik.pl\/blog\/kurtka-atom-ktora-wersje-wybrac\/","name":"Kurtka Atom \u2013 kt\u00f3r\u0105 wersj\u0119 wybra\u0107 - blog Skalnik","description":"Kurtka Arc'teryx Atom to wszechstronny, bestsellerowy model na ch\u0142odniejsze pory roku. Wybierz optymalny dla siebie Arcteryx w wersji Atom LT lub Atom AR.","inLanguage":"pl-PL","isPartOf":{"@id":"https:\/\/www.skalnik.pl\/blog\/#website"},"breadcrumb":{"@id":"https:\/\/www.skalnik.pl\/blog\/kurtka-atom-ktora-wersje-wybrac\/#breadcrumblist"},"author":{"@id":"https:\/\/www.skalnik.pl\/blog\/author\/anna-sliwa\/#author"},"creator":{"@id":"https:\/\/www.skalnik.pl\/blog\/author\/anna-sliwa\/#author"},"image":{"@type":"ImageObject","url":"https:\/\/www.skalnik.pl\/blog\/wp-content\/uploads\/2022\/12\/atom-lt-1a-min1-scaled.jpg","@id":"https:\/\/www.skalnik.pl\/blog\/kurtka-atom-ktora-wersje-wybrac\/#mainImage","width":2560,"height":941},"primaryImageOfPage":{"@id":"https:\/\/www.skalnik.pl\/blog\/kurtka-atom-ktora-wersje-wybrac\/#mainImage"},"datePublished":"2022-12-12T09:43:46+02:00","dateModified":"2022-12-12T09:43:47+02:00"},{"@type":"WebSite","@id":"https:\/\/www.skalnik.pl\/blog\/#website","url":"https:\/\/www.skalnik.pl\/blog\/","name":"blog Skalnik","description":"Blog, porady, artyku\u0142y - blog Skalnik","inLanguage":"pl-PL","publisher":{"@id":"https:\/\/www.skalnik.pl\/blog\/#organization"}}]},"og:locale":"pl_PL","og:site_name":"blog Skalnik - Blog, porady, artyku\u0142y - blog Skalnik","og:type":"article","og:title":"Kurtka Atom \u2013 kt\u00f3r\u0105 wersj\u0119 wybra\u0107 - blog Skalnik","og:description":"Kurtka Arc'teryx Atom to wszechstronny, bestsellerowy model na ch\u0142odniejsze pory roku. Wybierz optymalny dla siebie Arcteryx w wersji Atom LT lub Atom AR.","og:url":"https:\/\/www.skalnik.pl\/blog\/kurtka-atom-ktora-wersje-wybrac\/","og:image":"https:\/\/www.skalnik.pl\/blog\/wp-content\/uploads\/2022\/12\/atom-ar-3-min-1024x683.jpg","og:image:secure_url":"https:\/\/www.skalnik.pl\/blog\/wp-content\/uploads\/2022\/12\/atom-ar-3-min-1024x683.jpg","article:tag":["bran\u017ca","arcteryx"],"article:published_time":"2022-12-12T08:43:46+00:00","article:modified_time":"2022-12-12T08:43:47+00:00","twitter:card":"summary_large_image","twitter:title":"Kurtka Atom \u2013 kt\u00f3r\u0105 wersj\u0119 wybra\u0107 - blog Skalnik","twitter:description":"Kurtka Arc'teryx Atom to wszechstronny, bestsellerowy model na ch\u0142odniejsze pory roku. Wybierz optymalny dla siebie Arcteryx w wersji Atom LT lub Atom AR.","twitter:image":"https:\/\/www.skalnik.pl\/blog\/wp-content\/uploads\/2022\/12\/atom-ar-3-min-1024x683.jpg"},"aioseo_meta_data":{"post_id":"21462","title":null,"description":"Kurtka Arc'teryx Atom to wszechstronny, bestsellerowy model na ch\u0142odniejsze pory roku. Wybierz optymalny dla siebie Arcteryx w wersji Atom LT lub Atom AR.","keywords":"","keyphrases":null,"primary_term":null,"canonical_url":"","og_title":null,"og_description":null,"og_object_type":"default","og_image_type":"default","og_image_url":null,"og_image_width":null,"og_image_height":null,"og_image_custom_url":null,"og_image_custom_fields":null,"og_video":null,"og_custom_url":null,"og_article_section":null,"og_article_tags":null,"twitter_use_og":false,"twitter_card":"default","twitter_image_type":"default","twitter_image_url":null,"twitter_image_custom_url":null,"twitter_image_custom_fields":null,"twitter_title":null,"twitter_description":null,"schema":{"blockGraphs":[],"customGraphs":[],"default":{"data":{"Article":[],"Course":[],"Dataset":[],"FAQPage":[],"Movie":[],"Person":[],"Product":[],"ProductReview":[],"Car":[],"Recipe":[],"Service":[],"SoftwareApplication":[],"WebPage":[]},"graphName":"","isEnabled":true},"graphs":[]},"schema_type":"default","schema_type_options":null,"pillar_content":false,"robots_default":true,"robots_noindex":false,"robots_noarchive":false,"robots_nosnippet":false,"robots_nofollow":false,"robots_noimageindex":false,"robots_noodp":false,"robots_notranslate":false,"robots_max_snippet":null,"robots_max_videopreview":null,"robots_max_imagepreview":"large","priority":null,"frequency":null,"local_seo":null,"breadcrumb_settings":null,"limit_modified_date":false,"ai":null,"created":"2023-03-21 08:50:19","updated":"2026-02-17 22:29:38","seo_analyzer_scan_date":null},"aioseo_breadcrumb":"<div class=\"aioseo-breadcrumbs\"><span class=\"aioseo-breadcrumb\">\n\t\t\t<a href=\"https:\/\/www.skalnik.pl\/blog\" title=\"Home\">Home<\/a>\n\t\t<\/span><span class=\"aioseo-breadcrumb-separator\">&raquo;<\/span><span class=\"aioseo-breadcrumb\">\n\t\t\t<a href=\"https:\/\/www.skalnik.pl\/blog\/.\/branza\/\" title=\"Bran\u017ca\">Bran\u017ca<\/a>\n\t\t<\/span><span class=\"aioseo-breadcrumb-separator\">&raquo;<\/span><span class=\"aioseo-breadcrumb\">\n\t\t\tKurtka Atom \u2013 kt\u00f3r\u0105 wersj\u0119 wybra\u0107\n\t\t<\/span><\/div>","aioseo_breadcrumb_json":[{"label":"Home","link":"https:\/\/www.skalnik.pl\/blog"},{"label":"Bran\u017ca","link":"https:\/\/www.skalnik.pl\/blog\/.\/branza\/"},{"label":"Kurtka Atom &#8211; kt\u00f3r\u0105 wersj\u0119 wybra\u0107","link":"https:\/\/www.skalnik.pl\/blog\/kurtka-atom-ktora-wersje-wybrac\/"}],"_links":{"self":[{"href":"https:\/\/www.skalnik.pl\/blog\/wp-json\/wp\/v2\/posts\/21462","targetHints":{"allow":["GET"]}}],"collection":[{"href":"https:\/\/www.skalnik.pl\/blog\/wp-json\/wp\/v2\/posts"}],"about":[{"href":"https:\/\/www.skalnik.pl\/blog\/wp-json\/wp\/v2\/types\/post"}],"author":[{"embeddable":true,"href":"https:\/\/www.skalnik.pl\/blog\/wp-json\/wp\/v2\/users\/41"}],"replies":[{"embeddable":true,"href":"https:\/\/www.skalnik.pl\/blog\/wp-json\/wp\/v2\/comments?post=21462"}],"version-history":[{"count":2,"href":"https:\/\/www.skalnik.pl\/blog\/wp-json\/wp\/v2\/posts\/21462\/revisions"}],"predecessor-version":[{"id":21480,"href":"https:\/\/www.skalnik.pl\/blog\/wp-json\/wp\/v2\/posts\/21462\/revisions\/21480"}],"wp:featuredmedia":[{"embeddable":true,"href":"https:\/\/www.skalnik.pl\/blog\/wp-json\/wp\/v2\/media\/21467"}],"wp:attachment":[{"href":"https:\/\/www.skalnik.pl\/blog\/wp-json\/wp\/v2\/media?parent=21462"}],"wp:term":[{"taxonomy":"category","embeddable":true,"href":"https:\/\/www.skalnik.pl\/blog\/wp-json\/wp\/v2\/categories?post=21462"},{"taxonomy":"post_tag","embeddable":true,"href":"https:\/\/www.skalnik.pl\/blog\/wp-json\/wp\/v2\/tags?post=21462"},{"taxonomy":"magento_category","embeddable":true,"href":"https:\/\/www.skalnik.pl\/blog\/wp-json\/wp\/v2\/magento_category?post=21462"},{"taxonomy":"magento_product","embeddable":true,"href":"https:\/\/www.skalnik.pl\/blog\/wp-json\/wp\/v2\/magento_product?post=21462"}],"curies":[{"name":"wp","href":"https:\/\/api.w.org\/{rel}","templated":true}]}}