{"id":21510,"date":"2022-12-14T15:32:00","date_gmt":"2022-12-14T14:32:00","guid":{"rendered":"https:\/\/www.skalnik.pl\/blog\/?p=21510"},"modified":"2023-01-05T11:13:54","modified_gmt":"2023-01-05T10:13:54","slug":"bielizna-termoaktywna-brubeck","status":"publish","type":"post","link":"https:\/\/www.skalnik.pl\/blog\/bielizna-termoaktywna-brubeck\/","title":{"rendered":"Bielizna termoaktywna Brubeck"},"content":{"rendered":"\n<p><strong>Kupuj\u0105c wyposa\u017cenie outdoorowe zapominamy cz\u0119sto o tym, co sk\u00f3rze najbli\u017csze czyli o bieli\u017anie. Bo przecie\u017c, mo\u017cesz pomy\u015ble\u0107, po co &#8222;wydziwia\u0107&#8221; w tak prostym i oczywistym elemencie odzie\u017cy. Tymczasem, jak pokazuj\u0105 badania bez odpowiedniej bielizny ca\u0142a koncepcja ubioru na szlaki, narty czy te\u017c inne outdoorowe aktywno\u015bci mo\u017ce wzi\u0105\u0107 w \u0142eb. Bez pierwszej warstwy, kt\u00f3ra b\u0119dzie regulowa\u0107 termik\u0119 i sprawnie odprowadza\u0107 wilgo\u0107, a tak\u017ce zapobiega\u0107 wych\u0142adzaniu i przegrzewaniu mo\u017cna zapomnie\u0107 o prawdziwym komforcie. Chc\u0119 Ci przedstawi\u0107 bielizn\u0119 termoaktywn\u0105 cenionej, polskiej marki Brubeck. W ich rozbudowanej ofercie znajdziesz bielizn\u0119 codzienn\u0105, outdoorow\u0105 i specjalistyczn\u0105 wykonan\u0105 z w\u0142\u00f3kien syntetycznych i we\u0142ny merino. <\/strong><\/p>\n\n\n\n<div id=\"ez-toc-container\" class=\"ez-toc-v2_0_85 counter-hierarchy ez-toc-counter ez-toc-light-blue ez-toc-container-direction\">\n<div class=\"ez-toc-title-container\">\n<p class=\"ez-toc-title\" style=\"cursor:inherit\">SPIS TRE\u015aCI <\/p>\n<span class=\"ez-toc-title-toggle\"><a href=\"#\" class=\"ez-toc-pull-right ez-toc-btn ez-toc-btn-xs ez-toc-btn-default ez-toc-toggle\" aria-label=\"Prze\u0142\u0105cznik Spisu Tre\u015bci\"><span class=\"ez-toc-js-icon-con\"><span class=\"\"><span class=\"eztoc-hide\" style=\"display:none;\">Toggle<\/span><span class=\"ez-toc-icon-toggle-span\"><svg style=\"fill: #999;color:#999\" xmlns=\"http:\/\/www.w3.org\/2000\/svg\" class=\"list-377408\" width=\"20px\" height=\"20px\" viewBox=\"0 0 24 24\" fill=\"none\"><path d=\"M6 6H4v2h2V6zm14 0H8v2h12V6zM4 11h2v2H4v-2zm16 0H8v2h12v-2zM4 16h2v2H4v-2zm16 0H8v2h12v-2z\" fill=\"currentColor\"><\/path><\/svg><svg style=\"fill: #999;color:#999\" class=\"arrow-unsorted-368013\" xmlns=\"http:\/\/www.w3.org\/2000\/svg\" width=\"10px\" height=\"10px\" viewBox=\"0 0 24 24\" version=\"1.2\" baseProfile=\"tiny\"><path d=\"M18.2 9.3l-6.2-6.3-6.2 6.3c-.2.2-.3.4-.3.7s.1.5.3.7c.2.2.4.3.7.3h11c.3 0 .5-.1.7-.3.2-.2.3-.5.3-.7s-.1-.5-.3-.7zM5.8 14.7l6.2 6.3 6.2-6.3c.2-.2.3-.5.3-.7s-.1-.5-.3-.7c-.2-.2-.4-.3-.7-.3h-11c-.3 0-.5.1-.7.3-.2.2-.3.5-.3.7s.1.5.3.7z\"\/><\/svg><\/span><\/span><\/span><\/a><\/span><\/div>\n<nav><ul class='ez-toc-list ez-toc-list-level-1 ' ><li class='ez-toc-page-1 ez-toc-heading-level-2'><a class=\"ez-toc-link ez-toc-heading-1\" href=\"https:\/\/www.skalnik.pl\/blog\/bielizna-termoaktywna-brubeck\/#Po_co_Ci_bielizna_termo\" >Po co Ci bielizna termo<\/a><\/li><li class='ez-toc-page-1 ez-toc-heading-level-2'><a class=\"ez-toc-link ez-toc-heading-2\" href=\"https:\/\/www.skalnik.pl\/blog\/bielizna-termoaktywna-brubeck\/#Brubeck-_bielizna_termoaktywna_produkowana_w_Polsce\" >Brubeck- bielizna termoaktywna produkowana w Polsce<\/a><\/li><li class='ez-toc-page-1 ez-toc-heading-level-2'><a class=\"ez-toc-link ez-toc-heading-3\" href=\"https:\/\/www.skalnik.pl\/blog\/bielizna-termoaktywna-brubeck\/#Brubeck-_bielizna_dla_kazdego\" >Brubeck- bielizna dla ka\u017cdego<\/a><\/li><li class='ez-toc-page-1 ez-toc-heading-level-2'><a class=\"ez-toc-link ez-toc-heading-4\" href=\"https:\/\/www.skalnik.pl\/blog\/bielizna-termoaktywna-brubeck\/#Codzienna_bielizna_termoaktywna_Brubeck\" >Codzienna bielizna termoaktywna Brubeck<\/a><\/li><li class='ez-toc-page-1 ez-toc-heading-level-2'><a class=\"ez-toc-link ez-toc-heading-5\" href=\"https:\/\/www.skalnik.pl\/blog\/bielizna-termoaktywna-brubeck\/#Base_Layer_%E2%80%93_wszechstronna_bielizna_dla_aktywnych\" >Base Layer &#8211; wszechstronna bielizna dla aktywnych<\/a><\/li><li class='ez-toc-page-1 ez-toc-heading-level-2'><a class=\"ez-toc-link ez-toc-heading-6\" href=\"https:\/\/www.skalnik.pl\/blog\/bielizna-termoaktywna-brubeck\/#Merino_Wool-_welna_na_kazda_pore_roku\" >Merino Wool- we\u0142na na ka\u017cd\u0105 por\u0119 roku<\/a><\/li><li class='ez-toc-page-1 ez-toc-heading-level-2'><a class=\"ez-toc-link ez-toc-heading-7\" href=\"https:\/\/www.skalnik.pl\/blog\/bielizna-termoaktywna-brubeck\/#Thermo_%E2%80%93_pogromca_chlodu\" >Thermo &#8211; pogromca ch\u0142odu<\/a><\/li><\/ul><\/nav><\/div>\n<h2 class=\"wp-block-heading\"><span class=\"ez-toc-section\" id=\"Po_co_Ci_bielizna_termo\"><\/span>Po co Ci bielizna termo<span class=\"ez-toc-section-end\"><\/span><\/h2>\n\n\n\n<p>Je\u015bli jeszcze nie masz w swojej szafie bielizny termoaktywnej, najwy\u017cszy czas to zmieni\u0107. Je\u015bli za\u015b jeste\u015b jej u\u017cytkownikiem, doskonale wiesz, \u017ce to wy\u017cszy poziom komfortu. Pokutuje niestety przekonanie, \u017ce koszulki termoaktywne powinno si\u0119 nosi\u0107 zim\u0105. Nic bardziej mylnego! Bielizna termo jest ca\u0142oroczna- musisz tylko odpowiednio dobra\u0107 jej rodzaj. <\/p>\n\n\n\n<p>O co wi\u0119c w tym wszystkim chodzi? O to, \u017ce w jej konstrukcji zastosowano najnowsz\u0105 wiedz\u0119 na temat fizjologii podczas wysi\u0142ku i po\u0142\u0105czono j\u0105 z nowoczesnymi materia\u0142ami syntetycznymi lub naturalnymi. Stworzone w ten spos\u00f3b koszulki, legginsy i inne elementy bielizny wspieraj\u0105 naturalne procesy zachodz\u0105ce w organizmie podczas wysi\u0142ku fizycznego. Skutecznie i szybko odprowadzaj\u0105 wydzielan\u0105 wilgo\u0107 i nadmiar ciep\u0142a, zapobiegaj\u0105 przegrzewaniu i wych\u0142adzaniu. Dzi\u0119ki wykorzystaniu bodymappingu maj\u0105 zr\u00f3\u017cnicowane w\u0142a\u015bciwo\u015bci zale\u017cnie od tego czy dana strefa cia\u0142a potrzebuje lepszej wentylacji czy izolacji.   <\/p>\n\n\n\n<div class=\"wp-block-image\"><figure class=\"aligncenter size-large\"><img loading=\"lazy\" decoding=\"async\" width=\"1024\" height=\"683\" src=\"https:\/\/www.skalnik.pl\/blog\/wp-content\/uploads\/2022\/12\/karokrasinska_IMG-32-\u2014-kopia-min-1024x683.jpg\" alt=\"\" class=\"wp-image-21513\" srcset=\"https:\/\/www.skalnik.pl\/blog\/wp-content\/uploads\/2022\/12\/karokrasinska_IMG-32-\u2014-kopia-min-1024x683.jpg 1024w, https:\/\/www.skalnik.pl\/blog\/wp-content\/uploads\/2022\/12\/karokrasinska_IMG-32-\u2014-kopia-min-300x200.jpg 300w, https:\/\/www.skalnik.pl\/blog\/wp-content\/uploads\/2022\/12\/karokrasinska_IMG-32-\u2014-kopia-min-768x512.jpg 768w, https:\/\/www.skalnik.pl\/blog\/wp-content\/uploads\/2022\/12\/karokrasinska_IMG-32-\u2014-kopia-min-1536x1024.jpg 1536w, https:\/\/www.skalnik.pl\/blog\/wp-content\/uploads\/2022\/12\/karokrasinska_IMG-32-\u2014-kopia-min-2048x1365.jpg 2048w\" sizes=\"auto, (max-width: 1024px) 100vw, 1024px\" \/><figcaption><em>Bielizna termoaktywna mo\u017ce by\u0107 u\u017cywana tak\u017ce jako jedyna warstwa odzie\u017cy (fot. Brubeck)<\/em><\/figcaption><\/figure><\/div>\n\n\n\n<p>Kolejnym mitem dotycz\u0105cym bielizny termo jest jej przeznaczenie. Przekonanie, \u017ce nadaje si\u0119 ona tylko dla sportowc\u00f3w, os\u00f3b uprawiaj\u0105cych zaawansowane aktywno\u015bci outdoorowe czy specjalist\u00f3w jest b\u0142\u0119dne. Koszulki termoaktywne czy inne elementy takiej bielizny bez przeszk\u00f3d mo\u017cesz nosi\u0107 na co dzie\u0144. Zmian\u0119 poziomu komfortu odczujesz natychmiast <\/p>\n\n\n\n<h2 class=\"wp-block-heading\"><span class=\"ez-toc-section\" id=\"Brubeck-_bielizna_termoaktywna_produkowana_w_Polsce\"><\/span>Brubeck- bielizna termoaktywna produkowana w Polsce <span class=\"ez-toc-section-end\"><\/span><\/h2>\n\n\n\n<p>Brubeck jest polsk\u0105 mark\u0105 obecn\u0105 na rynku od ponad 15 lat. Co bardzo istotne polska jest tu nie tylko &#8222;nalepka&#8221;, ale tak\u017ce ca\u0142a produkcja. Odbywa si\u0119 ona w zak\u0142adach w Zdu\u0144skiej Woli, miejscu historycznie zwi\u0105zanym z rozwojem polskiego przemys\u0142u dziewiarskiego i tkackiego. Brubeck produkuje odzie\u017c, a przede wszystkim bielizn\u0119 termoaktywn\u0105, wykonywan\u0105 z w\u0142\u00f3kien syntetycznych oraz bawe\u0142ny i we\u0142ny merino. <\/p>\n\n\n\n<p>Poniewa\u017c ca\u0142a produkcja umiejscowiona jest w Polsce, mo\u017cliwa jest jej sta\u0142a kontrola na ka\u017cdym etapie. St\u0105d te\u017c Brubeck to gwarancja wysokiej jako\u015bci. Marka stawia tak\u017ce na sta\u0142y rozw\u00f3j nowoczesnych technologii i korzysta z nowinek w zakresie zar\u00f3wno produkcji prz\u0119dzy, sk\u0142adu dzianin, jak i konstrukcji koszulek czy leggins\u00f3w. Zastosowanie konkretnych rozwi\u0105za\u0144 poprzedzone jest badaniami i testami. <\/p>\n\n\n\n<div class=\"wp-block-image\"><figure class=\"aligncenter size-large\"><img loading=\"lazy\" decoding=\"async\" width=\"1024\" height=\"679\" src=\"https:\/\/www.skalnik.pl\/blog\/wp-content\/uploads\/2022\/12\/Podmiana-czapek-3-mniejszy-1024x679.jpg\" alt=\"\" class=\"wp-image-21514\" srcset=\"https:\/\/www.skalnik.pl\/blog\/wp-content\/uploads\/2022\/12\/Podmiana-czapek-3-mniejszy-1024x679.jpg 1024w, https:\/\/www.skalnik.pl\/blog\/wp-content\/uploads\/2022\/12\/Podmiana-czapek-3-mniejszy-300x199.jpg 300w, https:\/\/www.skalnik.pl\/blog\/wp-content\/uploads\/2022\/12\/Podmiana-czapek-3-mniejszy-768x509.jpg 768w, https:\/\/www.skalnik.pl\/blog\/wp-content\/uploads\/2022\/12\/Podmiana-czapek-3-mniejszy-1536x1019.jpg 1536w, https:\/\/www.skalnik.pl\/blog\/wp-content\/uploads\/2022\/12\/Podmiana-czapek-3-mniejszy-2048x1359.jpg 2048w\" sizes=\"auto, (max-width: 1024px) 100vw, 1024px\" \/><figcaption><em>Bielizna termiczna Brubeck to wyb\u00f3r GOPR (fot. Brubeck)<\/em><\/figcaption><\/figure><\/div>\n\n\n\n<p>Marka Brubeck przywi\u0105zuje du\u017c\u0105 wag\u0119 do kontaktu ze \u015brodowiskiem outdoorowym. Do\u015bwiadczenie sportowc\u00f3w, himalaist\u00f3w i podr\u00f3\u017cnik\u00f3w jest istotnym elementem tworzenia oferty. W\u015br\u00f3d ambasador\u00f3w marki s\u0105 m.in. jeden z najwybitniejszych polskich himalaist\u00f3w Piotr Pustelnik oraz Karol Karpierz,  medalista Mistrzostw Polski w skialpinizmie. Brubeck wspiera tak\u017ce GOPR, a bielizna termoaktywna linii Active Wool to wyb\u00f3r ratownik\u00f3w g\u00f3rskich w ich zestawach odzie\u017cy.  <\/p>\n\n\n\n<p><span class=\"has-inline-color has-vivid-cyan-blue-color\">Zobacz produkty marki <strong><a href=\"https:\/\/www.skalnik.pl\/brubeck\" target=\"_blank\" rel=\"noreferrer noopener\">Brubeck<\/a><\/strong> w Sakalnik.pl<\/span><\/p>\n\n\n\n<h2 class=\"wp-block-heading\"><span class=\"ez-toc-section\" id=\"Brubeck-_bielizna_dla_kazdego\"><\/span>Brubeck- bielizna dla ka\u017cdego <span class=\"ez-toc-section-end\"><\/span><\/h2>\n\n\n\n<p>Bielizna termoaktywna Brubeck zadba o Tw\u00f3j komfort zar\u00f3wno na szlakach, podczas wypad\u00f3w narciarskich, trening\u00f3w, bieg\u00f3w, jazdy na rowerze czy ka\u017cdej inne aktywno\u015bci, jak i na co dzie\u0144. Niezale\u017cnie od tego czy pracujesz w ci\u0119\u017ckich warunkach czy w biurze odpowiednio dobrana bielizna termo Brubeck pomo\u017ce w utrzymaniu prawid\u0142owej temperatury o ka\u017cdej porze roku. <\/p>\n\n\n\n<div class=\"wp-block-image\"><figure class=\"aligncenter size-large\"><img loading=\"lazy\" decoding=\"async\" width=\"1024\" height=\"683\" src=\"https:\/\/www.skalnik.pl\/blog\/wp-content\/uploads\/2022\/12\/IMG_0588-min-1024x683.jpg\" alt=\"\" class=\"wp-image-21518\" srcset=\"https:\/\/www.skalnik.pl\/blog\/wp-content\/uploads\/2022\/12\/IMG_0588-min-1024x683.jpg 1024w, https:\/\/www.skalnik.pl\/blog\/wp-content\/uploads\/2022\/12\/IMG_0588-min-300x200.jpg 300w, https:\/\/www.skalnik.pl\/blog\/wp-content\/uploads\/2022\/12\/IMG_0588-min-768x512.jpg 768w, https:\/\/www.skalnik.pl\/blog\/wp-content\/uploads\/2022\/12\/IMG_0588-min-1536x1024.jpg 1536w, https:\/\/www.skalnik.pl\/blog\/wp-content\/uploads\/2022\/12\/IMG_0588-min-2048x1365.jpg 2048w\" sizes=\"auto, (max-width: 1024px) 100vw, 1024px\" \/><figcaption><em>Bielizna Brubeck sprawdza si\u0119 w outdoorze i na co dzie\u0144 (fot. Brubeck)<\/em><\/figcaption><\/figure><\/div>\n\n\n\n<p>Aby pom\u00f3c w okre\u015bleniu jakiej bielizny potrzebujesz, Brubeck stworzy\u0142 system klasyfikacji wysi\u0142kowej. Dzi\u0119ki temu szybko zorientujesz si\u0119 kt\u00f3ra bielizna b\u0119dzie odpowiednia dla Twojej aktywno\u015bci. <\/p>\n\n\n\n<ul class=\"wp-block-list\"><li>1 &#8211; brak aktywno\u015bci lub aktywno\u015b\u0107 niska &#8211; do u\u017cytku indoor- \u015bwietnie nadaje si\u0119 do spania i odpoczynku<\/li><li>3 &#8211; codzienna aktywno\u015b\u0107 &#8211; do u\u017cytku indoor- do odpoczynku, pracy biurowej, niewymagaj\u0105cej wysi\u0142ku fizycznego <\/li><li>5 &#8211; umiarkowany wysi\u0142ek &#8211; do u\u017cytku indoor\/outdoor &#8211; doskonale sprawdza si\u0119 podczas rekreacji, uprawiania sportu amatorskiego, pracy niewymagaj\u0105cej du\u017cego wysi\u0142ku <\/li><li>7- znaczny wysi\u0142ek &#8211; sprawdza si\u0119 w zaawansowanej dzia\u0142alno\u015bci outdoorowej, sporcie wyczynowym, w pracy w ci\u0119\u017ckich warunkach<\/li><li>9 &#8211; ekstremalny wysi\u0142ek &#8211; do pracy w skrajnych, niebezpiecznych warunkach i sport\u00f3w ekstremalnych.  <\/li><\/ul>\n\n\n\n<p><span class=\"has-inline-color has-vivid-cyan-blue-color\">Zobacz kategorie: <br>&#8211; <strong><a href=\"https:\/\/www.skalnik.pl\/odziez\/odziez-meska\/odziez-meska-bielizna-termoaktywna\/marka:brubeck\" target=\"_blank\" rel=\"noreferrer noopener\">bielizna termoaktywna Brubeck m\u0119ska<\/a><\/strong><br>&#8211; <strong><a href=\"https:\/\/www.skalnik.pl\/odziez\/odziez-damska\/odziez-damska-bielizna-termoaktywna\/marka:brubeck\" target=\"_blank\" rel=\"noreferrer noopener\">bielizna termoaktywna Brubeck damska<\/a><\/strong><\/span><\/p>\n\n\n\n<h2 class=\"wp-block-heading\"><span class=\"ez-toc-section\" id=\"Codzienna_bielizna_termoaktywna_Brubeck\"><\/span>Codzienna bielizna termoaktywna Brubeck <span class=\"ez-toc-section-end\"><\/span><\/h2>\n\n\n\n<p>Kto powiedzia\u0142, \u017ce komfortowo nale\u017cy si\u0119 czu\u0107 tylko podczas du\u017cego wysi\u0142ku? Utrzymywanie prawid\u0142owej termiki na co dzie\u0144 ma tak\u017ce du\u017ce znaczenie. Codzienna bielizna termoaktywna ogranicza pocenie i przegrzewanie si\u0119, a do tego jest niezwykle mi\u0119kka, delikatna i przyjemna w dotyku. <\/p>\n\n\n\n<p>Do codziennego u\u017cytkowania Brubeck stworzy\u0142 kolekcje Comfort Cotton, Comfort Cool oraz Comfort Wool. Nale\u017c\u0105 one do 3 kategorii wysi\u0142kowej. Wykonane s\u0105 z delikatnych, mi\u0119kkich dzianin i zapewniaj\u0105 komfort cieplny oraz wygod\u0119 na co dzie\u0144. W kolekcji Comfort Cotton podstaw\u0105 jest bawe\u0142na po\u0142\u0105czona z uszlachetnion\u0105 prz\u0119dz\u0105 AirJet z poliamidu i elastanu, za\u015b kolekcja Comfort Wool wykorzystano mieszank\u0119 we\u0142ny merino z prz\u0119dz\u0105 AirJet.   <\/p>\n\n\n\n<h2 class=\"wp-block-heading\"><span class=\"ez-toc-section\" id=\"Base_Layer_%E2%80%93_wszechstronna_bielizna_dla_aktywnych\"><\/span>Base Layer &#8211; wszechstronna bielizna dla aktywnych <span class=\"ez-toc-section-end\"><\/span><\/h2>\n\n\n\n<p>Kolekcja Multifunctional Base Layer to jedna z najbardziej wszechstronnych kolekcji Brubeck. Termoaktywne damskie i m\u0119skie koszulki syntetyczne z kr\u00f3tkim i d\u0142ugim r\u0119kawem oraz bokserki, majtki i slipy wykonane s\u0105 z zastosowaniem technologii AirJet. Dzianina ma przestrzenn\u0105 budow\u0119 3D Technology, co zwi\u0119ksza powierzchni\u0119 odbioru wilgoci i u\u0142atwia cyrkulacj\u0119 powietrza, a bezszwowa konstrukcja ogranicza wyst\u0119powanie otar\u0107. Koszulki tej kolekcji mog\u0105 s\u0142u\u017cy\u0107 zar\u00f3wno jako pierwsza warstwa, jak i samodzielnie w cieplejszych porach roku.   <\/p>\n\n\n\n<h2 class=\"wp-block-heading\"><span class=\"ez-toc-section\" id=\"Merino_Wool-_welna_na_kazda_pore_roku\"><\/span>Merino Wool- we\u0142na na ka\u017cd\u0105 por\u0119 roku<span class=\"ez-toc-section-end\"><\/span><\/h2>\n\n\n\n<p>We\u0142n\u0119 nosimy tylko zim\u0105? Nic podobnego! We\u0142na merino wykorzystana przez Brubeck w kolekcji Merino Wool jest odpowiednia na ka\u017cd\u0105 por\u0119 roku. Kolekcja otrzyma\u0142a wycen\u0119 5 w klasyfikacji wysi\u0142kowej, co oznacza, \u017ce \u015bwietnie sprawdza si\u0119 podczas umiarkowanej i nieco mocniejszej aktywno\u015bci outdoorowej i sportowej. To w\u0142a\u015bnie z tej kolekcji, z linii Active Wool pochodz\u0105 wybrane przez GOPR na wyposa\u017cenie ratownik\u00f3w i ratowniczek koszulki merino, legginsy termoaktywne i bielizna. <\/p>\n\n\n\n<div class=\"wp-block-image\"><figure class=\"aligncenter size-large\"><img loading=\"lazy\" decoding=\"async\" width=\"1024\" height=\"683\" src=\"https:\/\/www.skalnik.pl\/blog\/wp-content\/uploads\/2022\/12\/IMG_0808-2-min-1024x683.jpg\" alt=\"\" class=\"wp-image-21515\" srcset=\"https:\/\/www.skalnik.pl\/blog\/wp-content\/uploads\/2022\/12\/IMG_0808-2-min-1024x683.jpg 1024w, https:\/\/www.skalnik.pl\/blog\/wp-content\/uploads\/2022\/12\/IMG_0808-2-min-300x200.jpg 300w, https:\/\/www.skalnik.pl\/blog\/wp-content\/uploads\/2022\/12\/IMG_0808-2-min-768x512.jpg 768w, https:\/\/www.skalnik.pl\/blog\/wp-content\/uploads\/2022\/12\/IMG_0808-2-min-1536x1024.jpg 1536w, https:\/\/www.skalnik.pl\/blog\/wp-content\/uploads\/2022\/12\/IMG_0808-2-min-2048x1365.jpg 2048w\" sizes=\"auto, (max-width: 1024px) 100vw, 1024px\" \/><figcaption><em>Bielizna z we\u0142n\u0105 merino na ka\u017cd\u0105 por\u0119 roku (fot. Brubeck)<\/em><\/figcaption><\/figure><\/div>\n\n\n\n<p>W kolekcji Merino Wool znajdziesz bielizn\u0119 o r\u00f3\u017cnej gramaturze, od bardzo lekkiej, przeznaczonej na ciep\u0142e pory roku linii Outdoor Wool Pro przez \u015bredniej grubo\u015bci Active Wool, po stworzon\u0105 z my\u015bl\u0105 o warunkach zimowych lini\u0119 Extreme Wool. Bielizna termoaktywna Merino Wool wykonana zosta\u0142a z zastosowaniem bodymappingu AirBalance i specjalnych stref wentylacyjnych. Dla wzmocnienia naturalnej we\u0142ny u\u017cyto prz\u0119dzy syntetycznej AirJet zapobiegaj\u0105cej odkszta\u0142caniu si\u0119 i poprawiaj\u0105cej trwa\u0142o\u015b\u0107. W kolekcji tej znajduje si\u0119 bielizna dla m\u0119\u017cczyzn, kobiet i dzieci. <\/p>\n\n\n\n<p><span class=\"has-inline-color has-vivid-cyan-blue-color\">Odkryj produkty z kategorii <strong><a href=\"https:\/\/www.skalnik.pl\/odziez\/odziez-dziecieca\/odziez-dziecieca-bielizna-termoaktywna\/marka:brubeck\" target=\"_blank\" rel=\"noreferrer noopener\">bielizna termiczna Brubeck dla dzieci<\/a><\/strong>. <\/span><\/p>\n\n\n\n<h2 class=\"wp-block-heading\"><span class=\"ez-toc-section\" id=\"Thermo_%E2%80%93_pogromca_chlodu\"><\/span>Thermo &#8211; pogromca ch\u0142odu <span class=\"ez-toc-section-end\"><\/span><\/h2>\n\n\n\n<p>Kolekcja Thermo zosta\u0142a stworzona na przej\u015bciowe i ch\u0142odne pory roku. Oznaczona w klasyfikacji poziomem 7 przeznaczona jest do intensywnych aktywno\u015bci przy du\u017cym wysi\u0142ku fizycznym.  Wykorzystano w niej zaawansowane technologicznie dzianiny syntetyczne takie jak:<\/p>\n\n\n\n<ul class=\"wp-block-list\"><li>Nilit Heat &#8211; prz\u0119dza z dodatkiem w\u0119gla kawowego, kt\u00f3ra przechwytuje i pomaga zachowa\u0107 naturalne ciep\u0142o wytwarzane przez ludzkie cia\u0142o. Jest idealna na niskie temperatury. <\/li><li>Nilit Innergy &#8211; prz\u0119dza z dodatkiem mineralnym zmieniaj\u0105cym ciep\u0142o w promieniowanie podczerwone i oddaj\u0105cym je do sk\u00f3ry. Dzi\u0119ki temu pobudzaj\u0105 cia\u0142o do pracy w niskich temperaturach i podnosz\u0105 poziom elastyczno\u015bci mi\u0119\u015bni<\/li><li>Double Heating &#8211; technologia poprawiaj\u0105ca w\u0142a\u015bciwo\u015bci termoizolacyjne  przez selektywn\u0105 zmian\u0119 powierzchni dzianiny. Mi\u0119kka i delikatna, daje niesamowity komfort cieplny na mrozie.<\/li><\/ul>\n\n\n\n<div class=\"wp-block-image\"><figure class=\"aligncenter size-large\"><img loading=\"lazy\" decoding=\"async\" width=\"1024\" height=\"683\" src=\"https:\/\/www.skalnik.pl\/blog\/wp-content\/uploads\/2022\/12\/karokrasinska_IMG-180-min-1024x683.jpg\" alt=\"\" class=\"wp-image-21517\" srcset=\"https:\/\/www.skalnik.pl\/blog\/wp-content\/uploads\/2022\/12\/karokrasinska_IMG-180-min-1024x683.jpg 1024w, https:\/\/www.skalnik.pl\/blog\/wp-content\/uploads\/2022\/12\/karokrasinska_IMG-180-min-300x200.jpg 300w, https:\/\/www.skalnik.pl\/blog\/wp-content\/uploads\/2022\/12\/karokrasinska_IMG-180-min-768x512.jpg 768w, https:\/\/www.skalnik.pl\/blog\/wp-content\/uploads\/2022\/12\/karokrasinska_IMG-180-min-1536x1024.jpg 1536w, https:\/\/www.skalnik.pl\/blog\/wp-content\/uploads\/2022\/12\/karokrasinska_IMG-180-min-2048x1365.jpg 2048w\" sizes=\"auto, (max-width: 1024px) 100vw, 1024px\" \/><figcaption><em>Kolekcja Thermo na warunki zimowe (fot. Brubeck)<\/em><\/figcaption><\/figure><\/div>\n\n\n\n<p>W sk\u0142ad kolekcji wchodz\u0105 koszulki z kr\u00f3tkim i d\u0142ugim r\u0119kawem, a tak\u017ce legginsy dla m\u0119\u017cczyzn, kobiet i dzieci. Maj\u0105 one zr\u00f3\u017cnicowan\u0105 gramatur\u0119 i zalecane s\u0105 do u\u017cywania w temperaturach od +15 st C. (linia Dry) przez 0-10 st. C. (linia Thermo) po temperatury ujemne (linia Extreme Thermo). <\/p>\n\n\n\n<p> <\/p>\n\n\n\n<hr class=\"wp-block-separator is-style-dots\"\/>\n\n\n\n<p>Bielizna termoaktywna to podstawa komfortu na co dzie\u0144 i podczas outdoorowych i sportowych wyzwa\u0144. Je\u015bli chcesz postawi\u0107 na jako\u015b\u0107 bez kompromis\u00f3w i krajow\u0105 produkcj\u0119 wybierz Bielizn\u0119 termoaktywn\u0105 Brubeck. <\/p>\n\n\n\n<p> <\/p>\n","protected":false},"excerpt":{"rendered":"<p>Poznaj bielizn\u0119 termoaktywn\u0105 polskiej marki Brubeck. Sprawd\u017a rodzaje koszulek termoaktywnych i leggins\u00f3w Brubeck i wybierz odpowiednie dla siebie.  <\/p>\n","protected":false},"author":41,"featured_media":21511,"comment_status":"open","ping_status":"open","sticky":false,"template":"","format":"standard","meta":{"_acf_changed":false,"footnotes":""},"categories":[5],"tags":[252,143],"magento_category":[53],"magento_product":[],"class_list":["post-21510","post","type-post","status-publish","format-standard","has-post-thumbnail","hentry","category-branza","tag-bielizna-termoaktywna","tag-brubeck"],"acf":[],"aioseo_notices":[],"aioseo_head":"\n\t\t<!-- All in One SEO 4.9.10 - aioseo.com -->\n\t<meta name=\"description\" content=\"Bielizna termoaktywne pomo\u017ce w utrzymaniu prawid\u0142owej termiki. Poznaj koszulki termoaktywne i legginsy Brubeck z dzianin syntetycznych i we\u0142ny merino.\" \/>\n\t<meta name=\"robots\" content=\"max-image-preview:large\" \/>\n\t<meta name=\"author\" content=\"Anna \u015aliwa\"\/>\n\t<link rel=\"canonical\" href=\"https:\/\/www.skalnik.pl\/blog\/bielizna-termoaktywna-brubeck\/\" \/>\n\t<meta name=\"generator\" content=\"All in One SEO (AIOSEO) 4.9.10\" \/>\n\t\t<meta property=\"og:locale\" content=\"pl_PL\" \/>\n\t\t<meta property=\"og:site_name\" content=\"blog Skalnik - Blog, porady, artyku\u0142y - blog Skalnik\" \/>\n\t\t<meta property=\"og:type\" content=\"article\" \/>\n\t\t<meta property=\"og:title\" content=\"Bielizna termoaktywna Brubeck - blog Skalnik\" \/>\n\t\t<meta property=\"og:description\" content=\"Bielizna termoaktywne pomo\u017ce w utrzymaniu prawid\u0142owej termiki. Poznaj koszulki termoaktywne i legginsy Brubeck z dzianin syntetycznych i we\u0142ny merino.\" \/>\n\t\t<meta property=\"og:url\" content=\"https:\/\/www.skalnik.pl\/blog\/bielizna-termoaktywna-brubeck\/\" \/>\n\t\t<meta property=\"og:image\" content=\"https:\/\/www.skalnik.pl\/blog\/wp-content\/uploads\/2022\/12\/karokrasinska_IMG-32-\u2014-kopia-min-1024x683.jpg\" \/>\n\t\t<meta property=\"og:image:secure_url\" content=\"https:\/\/www.skalnik.pl\/blog\/wp-content\/uploads\/2022\/12\/karokrasinska_IMG-32-\u2014-kopia-min-1024x683.jpg\" \/>\n\t\t<meta property=\"article:tag\" content=\"bran\u017ca\" \/>\n\t\t<meta property=\"article:tag\" content=\"bielizna termoaktywna\" \/>\n\t\t<meta property=\"article:tag\" content=\"brubeck\" \/>\n\t\t<meta property=\"article:published_time\" content=\"2022-12-14T14:32:00+00:00\" \/>\n\t\t<meta property=\"article:modified_time\" content=\"2023-01-05T10:13:54+00:00\" \/>\n\t\t<meta name=\"twitter:card\" content=\"summary_large_image\" \/>\n\t\t<meta name=\"twitter:title\" content=\"Bielizna termoaktywna Brubeck - blog Skalnik\" \/>\n\t\t<meta name=\"twitter:description\" content=\"Bielizna termoaktywne pomo\u017ce w utrzymaniu prawid\u0142owej termiki. Poznaj koszulki termoaktywne i legginsy Brubeck z dzianin syntetycznych i we\u0142ny merino.\" \/>\n\t\t<meta name=\"twitter:image\" content=\"https:\/\/www.skalnik.pl\/blog\/wp-content\/uploads\/2022\/12\/karokrasinska_IMG-32-\u2014-kopia-min-1024x683.jpg\" \/>\n\t\t<script type=\"application\/ld+json\" class=\"aioseo-schema\">\n\t\t\t{\"@context\":\"https:\\\/\\\/schema.org\",\"@graph\":[{\"@type\":\"BlogPosting\",\"@id\":\"https:\\\/\\\/www.skalnik.pl\\\/blog\\\/bielizna-termoaktywna-brubeck\\\/#blogposting\",\"name\":\"Bielizna termoaktywna Brubeck - blog Skalnik\",\"headline\":\"Bielizna termoaktywna Brubeck\",\"author\":{\"@id\":\"https:\\\/\\\/www.skalnik.pl\\\/blog\\\/author\\\/anna-sliwa\\\/#author\"},\"publisher\":{\"@id\":\"https:\\\/\\\/www.skalnik.pl\\\/blog\\\/#organization\"},\"image\":{\"@type\":\"ImageObject\",\"url\":\"https:\\\/\\\/www.skalnik.pl\\\/blog\\\/wp-content\\\/uploads\\\/2022\\\/12\\\/IMG_0486_cover-min-scaled.jpg\",\"width\":2560,\"height\":941},\"datePublished\":\"2022-12-14T15:32:00+02:00\",\"dateModified\":\"2023-01-05T11:13:54+02:00\",\"inLanguage\":\"pl-PL\",\"mainEntityOfPage\":{\"@id\":\"https:\\\/\\\/www.skalnik.pl\\\/blog\\\/bielizna-termoaktywna-brubeck\\\/#webpage\"},\"isPartOf\":{\"@id\":\"https:\\\/\\\/www.skalnik.pl\\\/blog\\\/bielizna-termoaktywna-brubeck\\\/#webpage\"},\"articleSection\":\"Bran\\u017ca, bielizna termoaktywna, brubeck, 1097\"},{\"@type\":\"BreadcrumbList\",\"@id\":\"https:\\\/\\\/www.skalnik.pl\\\/blog\\\/bielizna-termoaktywna-brubeck\\\/#breadcrumblist\",\"itemListElement\":[{\"@type\":\"ListItem\",\"@id\":\"https:\\\/\\\/www.skalnik.pl\\\/blog#listItem\",\"position\":1,\"name\":\"Home\",\"item\":\"https:\\\/\\\/www.skalnik.pl\\\/blog\",\"nextItem\":{\"@type\":\"ListItem\",\"@id\":\"https:\\\/\\\/www.skalnik.pl\\\/blog\\\/.\\\/branza\\\/#listItem\",\"name\":\"Bran\\u017ca\"}},{\"@type\":\"ListItem\",\"@id\":\"https:\\\/\\\/www.skalnik.pl\\\/blog\\\/.\\\/branza\\\/#listItem\",\"position\":2,\"name\":\"Bran\\u017ca\",\"item\":\"https:\\\/\\\/www.skalnik.pl\\\/blog\\\/.\\\/branza\\\/\",\"nextItem\":{\"@type\":\"ListItem\",\"@id\":\"https:\\\/\\\/www.skalnik.pl\\\/blog\\\/bielizna-termoaktywna-brubeck\\\/#listItem\",\"name\":\"Bielizna termoaktywna Brubeck\"},\"previousItem\":{\"@type\":\"ListItem\",\"@id\":\"https:\\\/\\\/www.skalnik.pl\\\/blog#listItem\",\"name\":\"Home\"}},{\"@type\":\"ListItem\",\"@id\":\"https:\\\/\\\/www.skalnik.pl\\\/blog\\\/bielizna-termoaktywna-brubeck\\\/#listItem\",\"position\":3,\"name\":\"Bielizna termoaktywna Brubeck\",\"previousItem\":{\"@type\":\"ListItem\",\"@id\":\"https:\\\/\\\/www.skalnik.pl\\\/blog\\\/.\\\/branza\\\/#listItem\",\"name\":\"Bran\\u017ca\"}}]},{\"@type\":\"Organization\",\"@id\":\"https:\\\/\\\/www.skalnik.pl\\\/blog\\\/#organization\",\"name\":\"blog Skalnik\",\"description\":\"Blog, porady, artyku\\u0142y - blog Skalnik\",\"url\":\"https:\\\/\\\/www.skalnik.pl\\\/blog\\\/\"},{\"@type\":\"Person\",\"@id\":\"https:\\\/\\\/www.skalnik.pl\\\/blog\\\/author\\\/anna-sliwa\\\/#author\",\"url\":\"https:\\\/\\\/www.skalnik.pl\\\/blog\\\/author\\\/anna-sliwa\\\/\",\"name\":\"Anna \\u015aliwa\",\"image\":{\"@type\":\"ImageObject\",\"@id\":\"https:\\\/\\\/www.skalnik.pl\\\/blog\\\/bielizna-termoaktywna-brubeck\\\/#authorImage\",\"url\":\"https:\\\/\\\/secure.gravatar.com\\\/avatar\\\/e8300be3de710e2e109e5dfbf092dcf827242ec8071807a1e13f6b3f7c9bbd79?s=96&d=mm&r=g\",\"width\":96,\"height\":96,\"caption\":\"Anna \\u015aliwa\"}},{\"@type\":\"WebPage\",\"@id\":\"https:\\\/\\\/www.skalnik.pl\\\/blog\\\/bielizna-termoaktywna-brubeck\\\/#webpage\",\"url\":\"https:\\\/\\\/www.skalnik.pl\\\/blog\\\/bielizna-termoaktywna-brubeck\\\/\",\"name\":\"Bielizna termoaktywna Brubeck - blog Skalnik\",\"description\":\"Bielizna termoaktywne pomo\\u017ce w utrzymaniu prawid\\u0142owej termiki. Poznaj koszulki termoaktywne i legginsy Brubeck z dzianin syntetycznych i we\\u0142ny merino.\",\"inLanguage\":\"pl-PL\",\"isPartOf\":{\"@id\":\"https:\\\/\\\/www.skalnik.pl\\\/blog\\\/#website\"},\"breadcrumb\":{\"@id\":\"https:\\\/\\\/www.skalnik.pl\\\/blog\\\/bielizna-termoaktywna-brubeck\\\/#breadcrumblist\"},\"author\":{\"@id\":\"https:\\\/\\\/www.skalnik.pl\\\/blog\\\/author\\\/anna-sliwa\\\/#author\"},\"creator\":{\"@id\":\"https:\\\/\\\/www.skalnik.pl\\\/blog\\\/author\\\/anna-sliwa\\\/#author\"},\"image\":{\"@type\":\"ImageObject\",\"url\":\"https:\\\/\\\/www.skalnik.pl\\\/blog\\\/wp-content\\\/uploads\\\/2022\\\/12\\\/IMG_0486_cover-min-scaled.jpg\",\"@id\":\"https:\\\/\\\/www.skalnik.pl\\\/blog\\\/bielizna-termoaktywna-brubeck\\\/#mainImage\",\"width\":2560,\"height\":941},\"primaryImageOfPage\":{\"@id\":\"https:\\\/\\\/www.skalnik.pl\\\/blog\\\/bielizna-termoaktywna-brubeck\\\/#mainImage\"},\"datePublished\":\"2022-12-14T15:32:00+02:00\",\"dateModified\":\"2023-01-05T11:13:54+02:00\"},{\"@type\":\"WebSite\",\"@id\":\"https:\\\/\\\/www.skalnik.pl\\\/blog\\\/#website\",\"url\":\"https:\\\/\\\/www.skalnik.pl\\\/blog\\\/\",\"name\":\"blog Skalnik\",\"description\":\"Blog, porady, artyku\\u0142y - blog Skalnik\",\"inLanguage\":\"pl-PL\",\"publisher\":{\"@id\":\"https:\\\/\\\/www.skalnik.pl\\\/blog\\\/#organization\"}}]}\n\t\t<\/script>\n\t\t<!-- All in One SEO -->\n\n","aioseo_head_json":{"title":"Bielizna termoaktywna Brubeck - blog Skalnik","description":"Bielizna termoaktywne pomo\u017ce w utrzymaniu prawid\u0142owej termiki. Poznaj koszulki termoaktywne i legginsy Brubeck z dzianin syntetycznych i we\u0142ny merino.","canonical_url":"https:\/\/www.skalnik.pl\/blog\/bielizna-termoaktywna-brubeck\/","robots":"max-image-preview:large","keywords":"","webmasterTools":{"miscellaneous":""},"schema":{"@context":"https:\/\/schema.org","@graph":[{"@type":"BlogPosting","@id":"https:\/\/www.skalnik.pl\/blog\/bielizna-termoaktywna-brubeck\/#blogposting","name":"Bielizna termoaktywna Brubeck - blog Skalnik","headline":"Bielizna termoaktywna Brubeck","author":{"@id":"https:\/\/www.skalnik.pl\/blog\/author\/anna-sliwa\/#author"},"publisher":{"@id":"https:\/\/www.skalnik.pl\/blog\/#organization"},"image":{"@type":"ImageObject","url":"https:\/\/www.skalnik.pl\/blog\/wp-content\/uploads\/2022\/12\/IMG_0486_cover-min-scaled.jpg","width":2560,"height":941},"datePublished":"2022-12-14T15:32:00+02:00","dateModified":"2023-01-05T11:13:54+02:00","inLanguage":"pl-PL","mainEntityOfPage":{"@id":"https:\/\/www.skalnik.pl\/blog\/bielizna-termoaktywna-brubeck\/#webpage"},"isPartOf":{"@id":"https:\/\/www.skalnik.pl\/blog\/bielizna-termoaktywna-brubeck\/#webpage"},"articleSection":"Bran\u017ca, bielizna termoaktywna, brubeck, 1097"},{"@type":"BreadcrumbList","@id":"https:\/\/www.skalnik.pl\/blog\/bielizna-termoaktywna-brubeck\/#breadcrumblist","itemListElement":[{"@type":"ListItem","@id":"https:\/\/www.skalnik.pl\/blog#listItem","position":1,"name":"Home","item":"https:\/\/www.skalnik.pl\/blog","nextItem":{"@type":"ListItem","@id":"https:\/\/www.skalnik.pl\/blog\/.\/branza\/#listItem","name":"Bran\u017ca"}},{"@type":"ListItem","@id":"https:\/\/www.skalnik.pl\/blog\/.\/branza\/#listItem","position":2,"name":"Bran\u017ca","item":"https:\/\/www.skalnik.pl\/blog\/.\/branza\/","nextItem":{"@type":"ListItem","@id":"https:\/\/www.skalnik.pl\/blog\/bielizna-termoaktywna-brubeck\/#listItem","name":"Bielizna termoaktywna Brubeck"},"previousItem":{"@type":"ListItem","@id":"https:\/\/www.skalnik.pl\/blog#listItem","name":"Home"}},{"@type":"ListItem","@id":"https:\/\/www.skalnik.pl\/blog\/bielizna-termoaktywna-brubeck\/#listItem","position":3,"name":"Bielizna termoaktywna Brubeck","previousItem":{"@type":"ListItem","@id":"https:\/\/www.skalnik.pl\/blog\/.\/branza\/#listItem","name":"Bran\u017ca"}}]},{"@type":"Organization","@id":"https:\/\/www.skalnik.pl\/blog\/#organization","name":"blog Skalnik","description":"Blog, porady, artyku\u0142y - blog Skalnik","url":"https:\/\/www.skalnik.pl\/blog\/"},{"@type":"Person","@id":"https:\/\/www.skalnik.pl\/blog\/author\/anna-sliwa\/#author","url":"https:\/\/www.skalnik.pl\/blog\/author\/anna-sliwa\/","name":"Anna \u015aliwa","image":{"@type":"ImageObject","@id":"https:\/\/www.skalnik.pl\/blog\/bielizna-termoaktywna-brubeck\/#authorImage","url":"https:\/\/secure.gravatar.com\/avatar\/e8300be3de710e2e109e5dfbf092dcf827242ec8071807a1e13f6b3f7c9bbd79?s=96&d=mm&r=g","width":96,"height":96,"caption":"Anna \u015aliwa"}},{"@type":"WebPage","@id":"https:\/\/www.skalnik.pl\/blog\/bielizna-termoaktywna-brubeck\/#webpage","url":"https:\/\/www.skalnik.pl\/blog\/bielizna-termoaktywna-brubeck\/","name":"Bielizna termoaktywna Brubeck - blog Skalnik","description":"Bielizna termoaktywne pomo\u017ce w utrzymaniu prawid\u0142owej termiki. Poznaj koszulki termoaktywne i legginsy Brubeck z dzianin syntetycznych i we\u0142ny merino.","inLanguage":"pl-PL","isPartOf":{"@id":"https:\/\/www.skalnik.pl\/blog\/#website"},"breadcrumb":{"@id":"https:\/\/www.skalnik.pl\/blog\/bielizna-termoaktywna-brubeck\/#breadcrumblist"},"author":{"@id":"https:\/\/www.skalnik.pl\/blog\/author\/anna-sliwa\/#author"},"creator":{"@id":"https:\/\/www.skalnik.pl\/blog\/author\/anna-sliwa\/#author"},"image":{"@type":"ImageObject","url":"https:\/\/www.skalnik.pl\/blog\/wp-content\/uploads\/2022\/12\/IMG_0486_cover-min-scaled.jpg","@id":"https:\/\/www.skalnik.pl\/blog\/bielizna-termoaktywna-brubeck\/#mainImage","width":2560,"height":941},"primaryImageOfPage":{"@id":"https:\/\/www.skalnik.pl\/blog\/bielizna-termoaktywna-brubeck\/#mainImage"},"datePublished":"2022-12-14T15:32:00+02:00","dateModified":"2023-01-05T11:13:54+02:00"},{"@type":"WebSite","@id":"https:\/\/www.skalnik.pl\/blog\/#website","url":"https:\/\/www.skalnik.pl\/blog\/","name":"blog Skalnik","description":"Blog, porady, artyku\u0142y - blog Skalnik","inLanguage":"pl-PL","publisher":{"@id":"https:\/\/www.skalnik.pl\/blog\/#organization"}}]},"og:locale":"pl_PL","og:site_name":"blog Skalnik - Blog, porady, artyku\u0142y - blog Skalnik","og:type":"article","og:title":"Bielizna termoaktywna Brubeck - blog Skalnik","og:description":"Bielizna termoaktywne pomo\u017ce w utrzymaniu prawid\u0142owej termiki. Poznaj koszulki termoaktywne i legginsy Brubeck z dzianin syntetycznych i we\u0142ny merino.","og:url":"https:\/\/www.skalnik.pl\/blog\/bielizna-termoaktywna-brubeck\/","og:image":"https:\/\/www.skalnik.pl\/blog\/wp-content\/uploads\/2022\/12\/karokrasinska_IMG-32-\u2014-kopia-min-1024x683.jpg","og:image:secure_url":"https:\/\/www.skalnik.pl\/blog\/wp-content\/uploads\/2022\/12\/karokrasinska_IMG-32-\u2014-kopia-min-1024x683.jpg","article:tag":["bran\u017ca","bielizna termoaktywna","brubeck"],"article:published_time":"2022-12-14T14:32:00+00:00","article:modified_time":"2023-01-05T10:13:54+00:00","twitter:card":"summary_large_image","twitter:title":"Bielizna termoaktywna Brubeck - blog Skalnik","twitter:description":"Bielizna termoaktywne pomo\u017ce w utrzymaniu prawid\u0142owej termiki. Poznaj koszulki termoaktywne i legginsy Brubeck z dzianin syntetycznych i we\u0142ny merino.","twitter:image":"https:\/\/www.skalnik.pl\/blog\/wp-content\/uploads\/2022\/12\/karokrasinska_IMG-32-\u2014-kopia-min-1024x683.jpg"},"aioseo_meta_data":{"post_id":"21510","title":null,"description":"Bielizna termoaktywne pomo\u017ce w utrzymaniu prawid\u0142owej termiki. Poznaj koszulki termoaktywne i legginsy Brubeck z dzianin syntetycznych i we\u0142ny merino.","keywords":[{"label":"Brubeck","value":"Brubeck"},{"label":"bielizna termoaktywna","value":"bielizna termoaktywna"},{"label":"koszulka termoaktywna","value":"koszulka termoaktywna"},{"label":"koszulka merino","value":"koszulka merino"},{"label":"legginsy Brubeck","value":"legginsy Brubeck"}],"keyphrases":null,"primary_term":null,"canonical_url":"","og_title":null,"og_description":null,"og_object_type":"default","og_image_type":"default","og_image_url":null,"og_image_width":null,"og_image_height":null,"og_image_custom_url":null,"og_image_custom_fields":null,"og_video":null,"og_custom_url":null,"og_article_section":null,"og_article_tags":null,"twitter_use_og":false,"twitter_card":"default","twitter_image_type":"default","twitter_image_url":null,"twitter_image_custom_url":null,"twitter_image_custom_fields":null,"twitter_title":null,"twitter_description":null,"schema":{"blockGraphs":[],"customGraphs":[],"default":{"data":{"Article":[],"Course":[],"Dataset":[],"FAQPage":[],"Movie":[],"Person":[],"Product":[],"ProductReview":[],"Car":[],"Recipe":[],"Service":[],"SoftwareApplication":[],"WebPage":[]},"graphName":"","isEnabled":true},"graphs":[]},"schema_type":"default","schema_type_options":null,"pillar_content":false,"robots_default":true,"robots_noindex":false,"robots_noarchive":false,"robots_nosnippet":false,"robots_nofollow":false,"robots_noimageindex":false,"robots_noodp":false,"robots_notranslate":false,"robots_max_snippet":null,"robots_max_videopreview":null,"robots_max_imagepreview":"large","priority":null,"frequency":null,"local_seo":null,"breadcrumb_settings":null,"limit_modified_date":false,"ai":null,"created":"2023-03-21 08:50:19","updated":"2026-02-17 22:30:21","seo_analyzer_scan_date":null},"aioseo_breadcrumb":"<div class=\"aioseo-breadcrumbs\"><span class=\"aioseo-breadcrumb\">\n\t\t\t<a href=\"https:\/\/www.skalnik.pl\/blog\" title=\"Home\">Home<\/a>\n\t\t<\/span><span class=\"aioseo-breadcrumb-separator\">&raquo;<\/span><span class=\"aioseo-breadcrumb\">\n\t\t\t<a href=\"https:\/\/www.skalnik.pl\/blog\/.\/branza\/\" title=\"Bran\u017ca\">Bran\u017ca<\/a>\n\t\t<\/span><span class=\"aioseo-breadcrumb-separator\">&raquo;<\/span><span class=\"aioseo-breadcrumb\">\n\t\t\tBielizna termoaktywna Brubeck\n\t\t<\/span><\/div>","aioseo_breadcrumb_json":[{"label":"Home","link":"https:\/\/www.skalnik.pl\/blog"},{"label":"Bran\u017ca","link":"https:\/\/www.skalnik.pl\/blog\/.\/branza\/"},{"label":"Bielizna termoaktywna Brubeck","link":"https:\/\/www.skalnik.pl\/blog\/bielizna-termoaktywna-brubeck\/"}],"_links":{"self":[{"href":"https:\/\/www.skalnik.pl\/blog\/wp-json\/wp\/v2\/posts\/21510","targetHints":{"allow":["GET"]}}],"collection":[{"href":"https:\/\/www.skalnik.pl\/blog\/wp-json\/wp\/v2\/posts"}],"about":[{"href":"https:\/\/www.skalnik.pl\/blog\/wp-json\/wp\/v2\/types\/post"}],"author":[{"embeddable":true,"href":"https:\/\/www.skalnik.pl\/blog\/wp-json\/wp\/v2\/users\/41"}],"replies":[{"embeddable":true,"href":"https:\/\/www.skalnik.pl\/blog\/wp-json\/wp\/v2\/comments?post=21510"}],"version-history":[{"count":2,"href":"https:\/\/www.skalnik.pl\/blog\/wp-json\/wp\/v2\/posts\/21510\/revisions"}],"predecessor-version":[{"id":21551,"href":"https:\/\/www.skalnik.pl\/blog\/wp-json\/wp\/v2\/posts\/21510\/revisions\/21551"}],"wp:featuredmedia":[{"embeddable":true,"href":"https:\/\/www.skalnik.pl\/blog\/wp-json\/wp\/v2\/media\/21511"}],"wp:attachment":[{"href":"https:\/\/www.skalnik.pl\/blog\/wp-json\/wp\/v2\/media?parent=21510"}],"wp:term":[{"taxonomy":"category","embeddable":true,"href":"https:\/\/www.skalnik.pl\/blog\/wp-json\/wp\/v2\/categories?post=21510"},{"taxonomy":"post_tag","embeddable":true,"href":"https:\/\/www.skalnik.pl\/blog\/wp-json\/wp\/v2\/tags?post=21510"},{"taxonomy":"magento_category","embeddable":true,"href":"https:\/\/www.skalnik.pl\/blog\/wp-json\/wp\/v2\/magento_category?post=21510"},{"taxonomy":"magento_product","embeddable":true,"href":"https:\/\/www.skalnik.pl\/blog\/wp-json\/wp\/v2\/magento_product?post=21510"}],"curies":[{"name":"wp","href":"https:\/\/api.w.org\/{rel}","templated":true}]}}