{"id":21704,"date":"2022-12-31T07:42:00","date_gmt":"2022-12-31T06:42:00","guid":{"rendered":"https:\/\/www.skalnik.pl\/blog\/?p=21704"},"modified":"2023-07-17T10:22:13","modified_gmt":"2023-07-17T08:22:13","slug":"jak-wejsc-na-mont-blanc","status":"publish","type":"post","link":"https:\/\/www.skalnik.pl\/blog\/jak-wejsc-na-mont-blanc\/","title":{"rendered":"Jak wej\u015b\u0107 na Mont Blanc"},"content":{"rendered":"\n<p><strong>Mont Blanc dla wielu turyst\u00f3w jest g\u00f3r\u0105 mityczn\u0105, stanowi\u0105c\u0105 dla jednych wa\u017cny punkt w g\u00f3rskiej karierze, dla innych za\u015b jej ukoronowanie. Wej\u015bcie na ten szczyt jest jednak marzeniem zupe\u0142nie mo\u017cliwym do spe\u0142nienia! Popularno\u015b\u0107 i magia tego masywnego, bia\u0142ego wierzcho\u0142ka przyci\u0105ga jak magnes, zatem pr\u00f3by wej\u015bcia podejmuj\u0105 cz\u0119sto osoby nieprzygotowane lub z brakami w wyposa\u017ceniu. Co zrobi\u0107 i zabra\u0107, aby nasz wyjazd sko\u0144czy\u0142 si\u0119 nie tylko sukcesem ale i szcz\u0119\u015bliwym powrotem?<\/strong><\/p>\n\n\n\n<div id=\"ez-toc-container\" class=\"ez-toc-v2_0_85 counter-hierarchy ez-toc-counter ez-toc-light-blue ez-toc-container-direction\">\n<div class=\"ez-toc-title-container\">\n<p class=\"ez-toc-title\" style=\"cursor:inherit\">SPIS TRE\u015aCI <\/p>\n<span class=\"ez-toc-title-toggle\"><a href=\"#\" class=\"ez-toc-pull-right ez-toc-btn ez-toc-btn-xs ez-toc-btn-default ez-toc-toggle\" aria-label=\"Prze\u0142\u0105cznik Spisu Tre\u015bci\"><span class=\"ez-toc-js-icon-con\"><span class=\"\"><span class=\"eztoc-hide\" style=\"display:none;\">Toggle<\/span><span class=\"ez-toc-icon-toggle-span\"><svg style=\"fill: #999;color:#999\" xmlns=\"http:\/\/www.w3.org\/2000\/svg\" class=\"list-377408\" width=\"20px\" height=\"20px\" viewBox=\"0 0 24 24\" fill=\"none\"><path d=\"M6 6H4v2h2V6zm14 0H8v2h12V6zM4 11h2v2H4v-2zm16 0H8v2h12v-2zM4 16h2v2H4v-2zm16 0H8v2h12v-2z\" fill=\"currentColor\"><\/path><\/svg><svg style=\"fill: #999;color:#999\" class=\"arrow-unsorted-368013\" xmlns=\"http:\/\/www.w3.org\/2000\/svg\" width=\"10px\" height=\"10px\" viewBox=\"0 0 24 24\" version=\"1.2\" baseProfile=\"tiny\"><path d=\"M18.2 9.3l-6.2-6.3-6.2 6.3c-.2.2-.3.4-.3.7s.1.5.3.7c.2.2.4.3.7.3h11c.3 0 .5-.1.7-.3.2-.2.3-.5.3-.7s-.1-.5-.3-.7zM5.8 14.7l6.2 6.3 6.2-6.3c.2-.2.3-.5.3-.7s-.1-.5-.3-.7c-.2-.2-.4-.3-.7-.3h-11c-.3 0-.5.1-.7.3-.2.2-.3.5-.3.7s.1.5.3.7z\"\/><\/svg><\/span><\/span><\/span><\/a><\/span><\/div>\n<nav><ul class='ez-toc-list ez-toc-list-level-1 ' ><li class='ez-toc-page-1 ez-toc-heading-level-2'><a class=\"ez-toc-link ez-toc-heading-1\" href=\"https:\/\/www.skalnik.pl\/blog\/jak-wejsc-na-mont-blanc\/#Poczatek_przygotowan_uczciwosc_wobec_siebie_przede_wszystkim\" >Pocz\u0105tek przygotowa\u0144: uczciwo\u015b\u0107 wobec siebie przede wszystkim!<\/a><\/li><li class='ez-toc-page-1 ez-toc-heading-level-2'><a class=\"ez-toc-link ez-toc-heading-2\" href=\"https:\/\/www.skalnik.pl\/blog\/jak-wejsc-na-mont-blanc\/#Zaliczka_na_poczet_kosztow_wyjazdu_%E2%80%93_robimy_kondycje\" >Zaliczka na poczet koszt\u00f3w wyjazdu \u2013 robimy kondycj\u0119<\/a><\/li><li class='ez-toc-page-1 ez-toc-heading-level-2'><a class=\"ez-toc-link ez-toc-heading-3\" href=\"https:\/\/www.skalnik.pl\/blog\/jak-wejsc-na-mont-blanc\/#Dobry_sen_i_pelny_brzuch_%E2%80%93_sprzet_kuchenny_i_noclegowy\" >Dobry sen i pe\u0142ny brzuch \u2013 sprz\u0119t kuchenny i noclegowy<\/a><\/li><li class='ez-toc-page-1 ez-toc-heading-level-2'><a class=\"ez-toc-link ez-toc-heading-4\" href=\"https:\/\/www.skalnik.pl\/blog\/jak-wejsc-na-mont-blanc\/#Co_wlozyc_na_siebie\" >Co w\u0142o\u017cy\u0107 na siebie?<\/a><\/li><li class='ez-toc-page-1 ez-toc-heading-level-2'><a class=\"ez-toc-link ez-toc-heading-5\" href=\"https:\/\/www.skalnik.pl\/blog\/jak-wejsc-na-mont-blanc\/#Co_zabrac_na_Mont_Blanc\" >Co zabra\u0107 na Mont Blanc<\/a><\/li><li class='ez-toc-page-1 ez-toc-heading-level-2'><a class=\"ez-toc-link ez-toc-heading-6\" href=\"https:\/\/www.skalnik.pl\/blog\/jak-wejsc-na-mont-blanc\/#Kiedy_jechac_na_Mont_Blanc\" >Kiedy jecha\u0107 na Mont Blanc?<\/a><\/li><li class='ez-toc-page-1 ez-toc-heading-level-2'><a class=\"ez-toc-link ez-toc-heading-7\" href=\"https:\/\/www.skalnik.pl\/blog\/jak-wejsc-na-mont-blanc\/#Dojazd_pod_Mont_Blanc\" >Dojazd pod Mont Blanc<\/a><\/li><li class='ez-toc-page-1 ez-toc-heading-level-2'><a class=\"ez-toc-link ez-toc-heading-8\" href=\"https:\/\/www.skalnik.pl\/blog\/jak-wejsc-na-mont-blanc\/#Mont_Blanc_%E2%80%93_noclegi_w_okolicy_Chamonix\" >Mont Blanc \u2013 noclegi w okolicy Chamonix<\/a><\/li><li class='ez-toc-page-1 ez-toc-heading-level-2'><a class=\"ez-toc-link ez-toc-heading-9\" href=\"https:\/\/www.skalnik.pl\/blog\/jak-wejsc-na-mont-blanc\/#Mont_Blanc_plan_akcji_%E2%80%93_aklimatyzacja\" >Mont Blanc plan akcji \u2013 aklimatyzacja<\/a><\/li><li class='ez-toc-page-1 ez-toc-heading-level-2'><a class=\"ez-toc-link ez-toc-heading-10\" href=\"https:\/\/www.skalnik.pl\/blog\/jak-wejsc-na-mont-blanc\/#Przebieg_akcji_%E2%80%93_droga_do_Tete_Rousse\" >Przebieg akcji \u2013 droga do T\u00eate Rousse<\/a><\/li><li class='ez-toc-page-1 ez-toc-heading-level-2'><a class=\"ez-toc-link ez-toc-heading-11\" href=\"https:\/\/www.skalnik.pl\/blog\/jak-wejsc-na-mont-blanc\/#Przebieg_akcji_%E2%80%93_atak_szczytowy_z_Tete_Rousse\" >Przebieg akcji \u2013 atak szczytowy z T\u00eate Rousse<\/a><\/li><li class='ez-toc-page-1 ez-toc-heading-level-2'><a class=\"ez-toc-link ez-toc-heading-12\" href=\"https:\/\/www.skalnik.pl\/blog\/jak-wejsc-na-mont-blanc\/#Zejscie_z_Mont_Blanc_w_doliny\" >Zej\u015bcie z Mont Blanc w doliny<\/a><\/li><li class='ez-toc-page-1 ez-toc-heading-level-2'><a class=\"ez-toc-link ez-toc-heading-13\" href=\"https:\/\/www.skalnik.pl\/blog\/jak-wejsc-na-mont-blanc\/#Wejscie_na_Mont_Blanc_%E2%80%93_ile_potrzeba_czasu\" >Wej\u015bcie na Mont Blanc \u2013 ile potrzeba czasu?<\/a><\/li><li class='ez-toc-page-1 ez-toc-heading-level-2'><a class=\"ez-toc-link ez-toc-heading-14\" href=\"https:\/\/www.skalnik.pl\/blog\/jak-wejsc-na-mont-blanc\/#Ubezpieczenie_na_Mont_Blanc\" >Ubezpieczenie na Mont Blanc<\/a><\/li><\/ul><\/nav><\/div>\n<h2 class=\"wp-block-heading\"><span class=\"ez-toc-section\" id=\"Poczatek_przygotowan_uczciwosc_wobec_siebie_przede_wszystkim\"><\/span>Pocz\u0105tek przygotowa\u0144: uczciwo\u015b\u0107 wobec siebie przede wszystkim!<span class=\"ez-toc-section-end\"><\/span><\/h2>\n\n\n\n<p>Mont Blanc, \u201erobiony\u201d drog\u0105 normaln\u0105, nie jest g\u00f3r\u0105 trudn\u0105. Jest jednak g\u00f3r\u0105 niebezpieczn\u0105. W pierwszej kolejno\u015bci powinni\u015bmy odpowiedzie\u0107 sobie sami, czy jeste\u015bmy gotowi na to wyzwanie.<\/p>\n\n\n\n<p>Nie jed\u017amy tam prosto z beskidzkich szlak\u00f3w. Oczywi\u015bcie, je\u015bli mamy dobr\u0105 kondycj\u0119, jest du\u017ca szansa \u017ce ze szczytu wr\u00f3cimy &#8222;z tarcz\u0105&#8221;. Jest te\u017c niestety realne ryzyko, \u017ce wr\u00f3cimy (w najlepszym wypadku) \u015bmig\u0142owcem. Co mo\u017ce p\u00f3j\u015b\u0107 nie tak? Ot\u00f3\u017c przede wszystkim, na drodze normalnej jest gdzie spa\u015b\u0107. Powinni\u015bmy mie\u0107 opanowane poruszanie si\u0119 w kruchym terenie skalnym, zw\u0142aszcza w rakach. Nie mo\u017cemy pozwoli\u0107 sobie na ryzyko utraty r\u00f3wnowagi przez zahaczenie rakiem o nogawk\u0119 spodni czy drugi rak. Nauczmy si\u0119 tak\u017ce skutecznie hamowa\u0107 czekanem, a tak\u017ce stosowa\u0107 techniki ratownictwa lodowcowego. Alpejskie czterotysi\u0119czniki z uwagi na ocieplenie klimatu zmieniaj\u0105 si\u0119 obecnie bardzo dynamicznie i nawet popularne drogi przez lodowce zaczynaj\u0105 nie\u015b\u0107 ze sob\u0105 zwi\u0119kszone ryzyko zwi\u0105zane ze szczelinami.<\/p>\n\n\n\n<h2 class=\"wp-block-heading\"><span class=\"ez-toc-section\" id=\"Zaliczka_na_poczet_kosztow_wyjazdu_%E2%80%93_robimy_kondycje\"><\/span>Zaliczka na poczet koszt\u00f3w wyjazdu \u2013 robimy kondycj\u0119<span class=\"ez-toc-section-end\"><\/span><\/h2>\n\n\n\n<p>Atak szczytowy z poziomu schroniska T\u00eate Rousse to ponad 1600 m przewy\u017cszenia \u2013 podobnie do wej\u015bcia na Rysy z Palenicy. Je\u015bli zanocujemy w schronisku Gouter, do pokonania mamy oko\u0142o 1000 metr\u00f3w. Nieco podobnie, jak startuj\u0105c na Rysy ze schroniska nad Morskim Okiem. Czy zatem je\u015bli poradzili\u015bmy sobie z tatrza\u0144skimi wyzwaniami, atak szczytowy na Mont Blanc b\u0119dzie dla nas \u0142atwizn\u0105? Zdecydowanie nie!<\/p>\n\n\n\n<p>Nasz wysi\u0142ek b\u0119dzie odbywa\u0142 si\u0119 na wysoko\u015bci o wiele wy\u017cszej ni\u017c znana z Tatr. Nawet mimo aklimatyzacji, ni\u017csze ci\u015bnienie atmosferyczne da si\u0119 nam we znaki. Upo\u015bledza ono zdolno\u015b\u0107 organizmu do poch\u0142aniania tlenu, a co za tym idzie znacznie obni\u017ca nasz\u0105 wydolno\u015b\u0107. Wniosek jest prosty \u2013 wzgl\u0119dem analogicznych przewy\u017csze\u0144 w Tatrach, powinni\u015bmy mie\u0107 zapas \u2013 i ta \u201eg\u00f3rka\u201d powinna by\u0107 jak najsolidniejsza.<\/p>\n\n\n<div class=\"wp-block-image\">\n<figure class=\"aligncenter size-large\"><img loading=\"lazy\" decoding=\"async\" width=\"1024\" height=\"683\" src=\"https:\/\/www.skalnik.pl\/blog\/wp-content\/uploads\/2022\/12\/MONTBLANC50.jpg\" alt=\"alpy francja\" class=\"wp-image-21707\" srcset=\"https:\/\/www.skalnik.pl\/blog\/wp-content\/uploads\/2022\/12\/MONTBLANC50.jpg 1024w, https:\/\/www.skalnik.pl\/blog\/wp-content\/uploads\/2022\/12\/MONTBLANC50-300x200.jpg 300w, https:\/\/www.skalnik.pl\/blog\/wp-content\/uploads\/2022\/12\/MONTBLANC50-768x512.jpg 768w\" sizes=\"auto, (max-width: 1024px) 100vw, 1024px\" \/><figcaption class=\"wp-element-caption\"><em>Poruszanie si\u0119 na wysoko\u015bciach ponad 3000, 4000 m n.p.m. rodzi wi\u0119ksze trudno\u015bci kondycyjne ni\u017c ma to miejsce w ni\u017cszych g\u00f3rach.  (fot. arch. autorki)<\/em><\/figcaption><\/figure>\n<\/div>\n\n\n<p>Dodatkowo, je\u015bli nie jeste\u015bmy wybitnie rannymi ptaszkami, naszym wrogiem b\u0119dzie niewyspanie. Na atak szczytowy wychodzi si\u0119 mi\u0119dzy godzin\u0105 1 a 3 w nocy! Wsi\u0105d\u017amy zatem na rower b\u0105d\u017a wskoczmy w buty do biegania i zacznijmy trenowa\u0107. Nastawmy si\u0119 raczej na d\u0142ugie treningi o umiarkowanym obci\u0105\u017ceniu. Wej\u015bcie na Mont Blanc to raczej maraton ni\u017c sprint.<\/p>\n\n\n\n<h2 class=\"wp-block-heading\"><span class=\"ez-toc-section\" id=\"Dobry_sen_i_pelny_brzuch_%E2%80%93_sprzet_kuchenny_i_noclegowy\"><\/span>Dobry sen i pe\u0142ny brzuch \u2013 sprz\u0119t kuchenny i noclegowy<span class=\"ez-toc-section-end\"><\/span><\/h2>\n\n\n\n<p>Moje wej\u015bcie odbywa\u0142o si\u0119 jeszcze w czasie, kiedy legalne by\u0142o biwakowanie w s\u0105siedztwie schroniska T\u00eate Rousse. Dzi\u015b niestety tego luksusu nie ma. Skazani jeste\u015bmy na schroniska, lub \u201ebase camp\u201d w s\u0105siedztwie wspomnianego T\u00eate Rousse. Zabieranie w\u0142asnego namiotu nie wchodzi zatem w gr\u0119.<\/p>\n\n\n\n<p>W przypadku noclegu w schroniskach, ze sprz\u0119tu noclegowego wystarczy nam lekki \u015bpiw\u00f3r schroniskowy. Je\u015bli jednak skusimy si\u0119 na rezerwacj\u0119 w \u201ebase campie\u201d, czeka nas noc na \u0142\u00f3\u017cku polowym w wieloosobowym namiocie. W noce moich atak\u00f3w szczytowych, temperatura w namiocie spada\u0142a do oko\u0142o minus 3-4 stopni Celsjusza. Zabierzmy zatem \u015bpiw\u00f3r, zapewniaj\u0105cy komfort w podobnych temperaturach. Od dobrze przespanej nocy zale\u017cy nasza forma w czasie ataku szczytowego.<\/p>\n\n\n\n<p><mark style=\"background-color:rgba(0, 0, 0, 0)\" class=\"has-inline-color has-vivid-cyan-blue-color\">Znajd\u017a odpowiedni <strong><a href=\"https:\/\/www.skalnik.pl\/sprzet-turystyczny\/spiwory-i-maty\/spiwory-i-maty-puchowe\" target=\"_blank\" rel=\"noreferrer noopener\">\u015bpiw\u00f3r puchowy<\/a><\/strong>. <\/mark><\/p>\n\n\n\n<p>Warto zainwestowa\u0107 w puch \u2013 oszcz\u0119dzimy sobie d\u017awigania wi\u0119kszego ci\u0119\u017caru. Opcjonalnie, chc\u0105c zaoszcz\u0119dzi\u0107 na jedzeniu, mo\u017cemy zabra\u0107 kuchenk\u0119. Nie nastawiajmy si\u0119 jednak na to, \u017ce kto\u015b pozwoli nam gotowa\u0107 na niej wewn\u0105trz schroniska czy namiotu. Konieczne b\u0119dzie wyj\u015bcie na zewn\u0105trz, dobrze spisz\u0105 si\u0119 zatem systemy do gotowania, \u0142\u0105cz\u0105ce zabudowany palnik z naczyniem wyposa\u017cony w radiator. Obecnie tego typu kuchenki produkuje wielu producent\u00f3w w szerokim przedziale cenowym. Je\u015bli nie bierzemy pod uwag\u0119 przeczekiwania z\u0142ej pogody, najpewniej nie sp\u0119dzimy na poziomie schronisk wi\u0119cej ni\u017c 4 dni. Da si\u0119 to wytrzyma\u0107 na diecie liofilizatowej. R\u00f3wnie\u017c sto\u0142owanie si\u0119 w schroniskach przez te 4 dni nie powinno przyprawi\u0107 nas o bankructwo, a zdejmie z naszych plec\u00f3w sporo ci\u0119\u017caru.<\/p>\n\n\n\n<h2 class=\"wp-block-heading\"><span class=\"ez-toc-section\" id=\"Co_wlozyc_na_siebie\"><\/span>Co w\u0142o\u017cy\u0107 na siebie?<span class=\"ez-toc-section-end\"><\/span><\/h2>\n\n\n\n<p>Lista ubra\u0144 nie r\u00f3\u017cni si\u0119 znacznie od zawarto\u015bci szafy czterosezonowego g\u00f3ro\u0142aza. Id\u0105c na wysoki czterotysi\u0119cznik do\u015bwiadczymy jednak prawdopodobnie wszystkich czterech p\u00f3r roku w kr\u00f3tkim czasie. Klasyczny tr\u00f3jwarstwowy zestaw ubra\u0144 (warstwa termoaktywna, warstwa ocieplaj\u0105ca i warstwa zewn\u0119trzna) musimy uzupe\u0142ni\u0107 o ciep\u0142\u0105, najlepiej puchow\u0105 kurtk\u0119 \u201epostojow\u0105\u201d (odpowiednik wspinaczkowej kurtki stanowiskowej \u2013 na drodze normalnej na Mont Blanc stanowisk jednak nie zak\u0142adamy, zdarzy si\u0119 za to post\u00f3j na robienie zdj\u0119\u0107, czy zjedzenie czego\u015b) oraz przynajmniej jedn\u0105 koszulk\u0119 z kr\u00f3tkim r\u0119kawem na podej\u015bcie do schroniska (ni\u017cej potrafi by\u0107 naprawd\u0119 gor\u0105co). Nie zapomnijmy o dobrych butach wysokog\u00f3rskich i solidnie ocieplonych r\u0119kawicach (warto zabra\u0107 te\u017c \u0142apawice). Wa\u017cna jest dobra czapka \u2013 taka, w kt\u00f3rej nie b\u0119dzie przewiewa\u0107 nam uszu. Je\u015bli chodzi o buty, to u os\u00f3b nie maj\u0105cych tendencj\u0119 do marzni\u0119cia ko\u0144czyn, dadz\u0105 rad\u0119 r\u00f3wnie\u017c nieco l\u017cejsze modele, dedykowane pod raki p\u00f3\u0142automatyczne, daj\u0105ce nieco wi\u0119ksz\u0105 wygod\u0119 w dolnych partiach podej\u015bcia.<\/p>\n\n\n\n<p><mark style=\"background-color:rgba(0, 0, 0, 0)\" class=\"has-inline-color has-vivid-cyan-blue-color\">Kliknij w link by znale\u017a\u0107 <strong><a href=\"https:\/\/www.skalnik.pl\/buty\/buty-pod-raki-polautomatyczne\" target=\"_blank\" rel=\"noreferrer noopener\">buty pod raki p\u00f3\u0142automatyczne<\/a><\/strong>. <\/mark><\/p>\n\n\n<div class=\"wp-block-image\">\n<figure class=\"aligncenter size-large\"><img loading=\"lazy\" decoding=\"async\" width=\"1024\" height=\"683\" src=\"https:\/\/www.skalnik.pl\/blog\/wp-content\/uploads\/2022\/12\/MONTBLANC05.jpg\" alt=\"podej\u015bcie pod mont blanc\" class=\"wp-image-21715\" srcset=\"https:\/\/www.skalnik.pl\/blog\/wp-content\/uploads\/2022\/12\/MONTBLANC05.jpg 1024w, https:\/\/www.skalnik.pl\/blog\/wp-content\/uploads\/2022\/12\/MONTBLANC05-300x200.jpg 300w, https:\/\/www.skalnik.pl\/blog\/wp-content\/uploads\/2022\/12\/MONTBLANC05-768x512.jpg 768w\" sizes=\"auto, (max-width: 1024px) 100vw, 1024px\" \/><figcaption class=\"wp-element-caption\"><em>W dolnych partiach czeka na na zdobywc\u00f3w lato, na g\u00f3rze &#8211; wieczny \u015bnieg i niskie temperatury. (fot. arch. autorki)<\/em><\/figcaption><\/figure>\n<\/div>\n\n\n<h2 class=\"wp-block-heading\"><span class=\"ez-toc-section\" id=\"Co_zabrac_na_Mont_Blanc\"><\/span>Co zabra\u0107 na Mont Blanc<span class=\"ez-toc-section-end\"><\/span><\/h2>\n\n\n\n<p>Droga normalna na Mont Blanc nie jest technicznie trudna, niemniej jednak przebiega przez lodowiec oraz eksponowan\u0105, firnow\u0105 gra\u0144. Podstawowe wyposa\u017cenie stanowi\u0107 b\u0119d\u0105 zatem raki i czekan. Nie potrzebujemy tu fiku\u015bnych modeli, powykrzywianych w dziwaczne kszta\u0142ty, znanych z ekstremalnego wspinania. Postawmy raczej na prostot\u0119 i lekko\u015b\u0107 \u2013 czekan b\u0119dzie s\u0142u\u017cy\u0142 nam do podpierania, a nie jako dziabka.<\/p>\n\n\n\n<p>Zupe\u0142nie wystarczaj\u0105ce b\u0119d\u0105 nawet raki koszykowe \u2013 byle mia\u0142y z\u0119by atakuj\u0105ce. Wzgl\u0119dem ci\u0119\u017ckich modeli wspinaczkowych oszcz\u0119dzimy kilkaset gram. Kolejnym elementem wyposa\u017cenia b\u0119dzie uprz\u0105\u017c. Polecam kt\u00f3ry\u015b z ultralekkich modeli, dedykowanych do skialpinizmu i turystyki wysokog\u00f3rskiej. S\u0105 r\u00f3wnie bezpieczne co uprz\u0119\u017ce wspinaczkowe, kosztem komfortu wiszenia. Na drodze normalnej na Mont Blanc cecha ta nie ma najmniejszego znaczenia. Znowu zaoszcz\u0119dzimy jednak cenne gramy oraz przede wszystkim miejsce w plecaku.<\/p>\n\n\n\n<p>Nast\u0119pny punkt na szpejli\u015bcie to zestaw lodowcowy. Konfiguracja takiego zestawu mo\u017ce by\u0107 r\u00f3\u017cna \u2013 w moim przypadku to:<\/p>\n\n\n\n<ul class=\"wp-block-list\">\n<li>2 \u015bruby lodowe,<\/li>\n\n\n\n<li>p\u0119tla 120 cm,<\/li>\n\n\n\n<li>p\u0119tla 60 cm,<\/li>\n\n\n\n<li>2 p\u0119tle prusika (piersiowa i no\u017cna),<\/li>\n\n\n\n<li>2 karabinki bez blokady<\/li>\n\n\n\n<li>2 karabinki zakr\u0119cane.<\/li>\n<\/ul>\n\n\n\n<p>Zamiast prusik\u00f3w dost\u0119pna jest na rynku ca\u0142a gama przyrz\u0105d\u00f3w zaciskowych. S\u0105 one bardziej komfortowe w u\u017cyciu, jednak nieco ci\u0119\u017csze od p\u0119tli. Dost\u0119pne s\u0105 r\u00f3wnie\u017c gotowe zestawy do ratownictwa lodowcowego. Pami\u0119tajmy, \u017ce podstaw\u0105 jest umiej\u0119tno\u015b\u0107 u\u017cycia zestawu lodowcowego \u2013 koniecznie prze\u0107wiczmy i opanujmy techniki przed wyjazdem! W razie wypadku, na nauk\u0119 mo\u017ce by\u0107 za p\u00f3\u017ano. Ostatnie elementy to lina i kask. Ja zdecydowa\u0142am si\u0119 na 30 metr\u00f3w po\u0142\u00f3wkowej liny o \u015brednicy 8,1 mm na dwuosobowy zesp\u00f3\u0142. Wyb\u00f3r kasku to kwestia gustu i wygody. Wa\u017cne jedynie aby mia\u0142 odpowiedni atest oraz mo\u017cliwo\u015b\u0107 zamocowania czo\u0142\u00f3wki. A najwa\u017cniejsze aby go mie\u0107 na g\u0142owie \u2013 niebezpiecze\u0144stwo zwi\u0105zane ze spadaj\u0105cymi kamieniami jest tu naprawd\u0119 realne i nie ogranicza si\u0119 jedynie do kuluaru <em>Rolling Stones<\/em>. Wisienk\u0105 na torcie b\u0119dzie apteczka, chroni\u0105ca nas zar\u00f3wno od blokowania strategicznego punktu jakim jest toaleta, jak i powa\u017cniejszych konsekwencji.<\/p>\n\n\n\n<p><mark style=\"background-color:rgba(0, 0, 0, 0)\" class=\"has-inline-color has-vivid-cyan-blue-color\">Pami\u0119taj, \u017ce musisz j\u0105 mie\u0107. Zobacz <strong><a href=\"https:\/\/www.skalnik.pl\/sprzet-turystyczny\/maly-bagaz\/maly-bagaz-apteczki\" target=\"_blank\" rel=\"noreferrer noopener\">apteczki turystyczne<\/a><\/strong>. <\/mark><\/p>\n\n\n<div class=\"wp-block-image\">\n<figure class=\"aligncenter size-large\"><img loading=\"lazy\" decoding=\"async\" width=\"1024\" height=\"683\" src=\"https:\/\/www.skalnik.pl\/blog\/wp-content\/uploads\/2022\/12\/MONTBLANC54.jpg\" alt=\"droga na mont blanc\" class=\"wp-image-21709\" srcset=\"https:\/\/www.skalnik.pl\/blog\/wp-content\/uploads\/2022\/12\/MONTBLANC54.jpg 1024w, https:\/\/www.skalnik.pl\/blog\/wp-content\/uploads\/2022\/12\/MONTBLANC54-300x200.jpg 300w, https:\/\/www.skalnik.pl\/blog\/wp-content\/uploads\/2022\/12\/MONTBLANC54-768x512.jpg 768w\" sizes=\"auto, (max-width: 1024px) 100vw, 1024px\" \/><figcaption class=\"wp-element-caption\"><em>Mont Blanc nie jest mo\u017ce g\u00f3r\u0105 techniczn\u0105, ale wybieraj\u0105c ten cel trzeba mie\u0107 zimowe do\u015bwiadczenie, sprawnie porusza\u0107 si\u0119 w rakach, mie\u0107 umiej\u0119tno\u015bci asekuracji i ratownictwa na lodowcu. Z ekspozycj\u0105 te\u017c lepiej by\u0107 za pan brat! (fot. arch. autorki)<\/em><\/figcaption><\/figure>\n<\/div>\n\n\n<h2 class=\"wp-block-heading\"><span class=\"ez-toc-section\" id=\"Kiedy_jechac_na_Mont_Blanc\"><\/span>Kiedy jecha\u0107 na Mont Blanc?<span class=\"ez-toc-section-end\"><\/span><\/h2>\n\n\n\n<p>Sezon na Mont Blanc trwa mniej wi\u0119cej od po\u0142owy czerwca do ko\u0144ca wrze\u015bnia. Warunki w tym czasie mog\u0105 by\u0107 diametralnie r\u00f3\u017cne. W czerwcu mo\u017cemy spodziewa\u0107 si\u0119 jeszcze sporych ilo\u015bci \u015bniegu w g\u00f3rnych partiach drogi, kt\u00f3ry roztopiony po\u0142udniowym s\u0142o\u0144cem przy zej\u015bciu mo\u017ce by\u0107 uci\u0105\u017cliwy. Lipiec i sierpie\u0144 to z kolei cieplejsze noce, ale zdecydowanie wi\u0119ksze ryzyko popo\u0142udniowych burz. We wrze\u015bniu mo\u017cemy liczy\u0107 na stabiln\u0105 pogod\u0119, trzeba jednak wzi\u0105\u0107 pod uwag\u0119 ch\u0142odne noce.<\/p>\n\n\n\n<h2 class=\"wp-block-heading\"><span class=\"ez-toc-section\" id=\"Dojazd_pod_Mont_Blanc\"><\/span>Dojazd pod Mont Blanc<span class=\"ez-toc-section-end\"><\/span><\/h2>\n\n\n\n<p>Niemiecka sie\u0107 autostrad w po\u0142\u0105czeniu z odcinkiem przez Szwajcari\u0119 pozwala na sprawne i szybkie pokonanie drogi w\u0142asnym samochodem. Winieta roczna na autostrady szwajcarskie to wydatek 40 CHF. Kr\u00f3tszych niestety nie sprzedaj\u0105. Alternatyw\u0105 jest lot lub autobus do Genewy i bus do Chamonix.<\/p>\n\n\n<div class=\"wp-block-image\">\n<figure class=\"aligncenter size-large\"><img loading=\"lazy\" decoding=\"async\" width=\"1024\" height=\"683\" src=\"https:\/\/www.skalnik.pl\/blog\/wp-content\/uploads\/2022\/12\/MONTBLANC30.jpg\" alt=\"alpy\" class=\"wp-image-21708\" srcset=\"https:\/\/www.skalnik.pl\/blog\/wp-content\/uploads\/2022\/12\/MONTBLANC30.jpg 1024w, https:\/\/www.skalnik.pl\/blog\/wp-content\/uploads\/2022\/12\/MONTBLANC30-300x200.jpg 300w, https:\/\/www.skalnik.pl\/blog\/wp-content\/uploads\/2022\/12\/MONTBLANC30-768x512.jpg 768w\" sizes=\"auto, (max-width: 1024px) 100vw, 1024px\" \/><figcaption class=\"wp-element-caption\"><em>Je\u015bli wybierasz si\u0119 na Mont Blanc, przygotuj si\u0119 na pi\u0119kne widoki. (fot. arch. autorki)<\/em><\/figcaption><\/figure>\n<\/div>\n\n\n<h2 class=\"wp-block-heading\"><span class=\"ez-toc-section\" id=\"Mont_Blanc_%E2%80%93_noclegi_w_okolicy_Chamonix\"><\/span>Mont Blanc \u2013 noclegi w okolicy Chamonix<span class=\"ez-toc-section-end\"><\/span><\/h2>\n\n\n\n<p>Rejon Chamonix posiada bardzo bogat\u0105 baz\u0119 noclegow\u0105 w szerokim przedziale cenowym. Je\u015bli nie chcemy dogadywa\u0107 si\u0119 w obcym j\u0119zyku, bezproblemowo znajdziemy lokum przez jedn\u0105 z dedykowanych do tego aplikacji. Ponadto istnieje du\u017cy wyb\u00f3r kemping\u00f3w, pocz\u0105wszy od sparta\u0144skich i ciasnych, ale po\u0142o\u017conych zaraz pod startem naszej drogi, po du\u017ce, lu\u017ane kempingi o doskonale utrzymanych sanitariatach i w\u0142asnych sklepikach w dalszych cz\u0119\u015bciach doliny. Komunikacja autobusowa dzia\u0142a tu naprawd\u0119 sprawnie, wi\u0119c nie musimy sugerowa\u0107 si\u0119 jedynie blisko\u015bci\u0105 punktu wyj\u015bcia na bia\u0142\u0105 g\u00f3r\u0119.<\/p>\n\n\n\n<h2 class=\"wp-block-heading\"><span class=\"ez-toc-section\" id=\"Mont_Blanc_plan_akcji_%E2%80%93_aklimatyzacja\"><\/span>Mont Blanc plan akcji \u2013 aklimatyzacja<span class=\"ez-toc-section-end\"><\/span><\/h2>\n\n\n\n<p>Je\u015bli chcemy zdoby\u0107 szczyt i zrobi\u0107 to z przyjemno\u015bci\u0105, a nie z b\u00f3lem g\u0142owy i nudno\u015bciami, warto pokusi\u0107 si\u0119 o aklimatyzacj\u0119. Powszechnym zwyczajem jest wycieczka do W\u0142och (je\u015bli dysponujemy samochodem) i wej\u015bcie na Gran Paradiso. Taka aklimatyzacja sama w sobie jest wspania\u0142\u0105 przygod\u0105. Dla mnie by\u0142a solidn\u0105 os\u0142od\u0105 po bezskutecznym pierwszym ataku szczytowym. Zalet\u0105 takiego rozwi\u0105zania jest mo\u017cliwo\u015b\u0107 sp\u0119dzenia po wszystkim wygodnej nocy w dolinie.<\/p>\n\n\n\n<p>Druga praktykowana mo\u017cliwo\u015b\u0107 aklimatyzacji to wyj\u015bcie do schroniska Gouter i powr\u00f3t do Tete Rousse. Tutaj minusem jest konieczno\u015b\u0107 rezerwacji wi\u0119kszej ilo\u015bci nocleg\u00f3w w obleganych schroniskach oraz konieczno\u015b\u0107 czterokrotnego przekraczania niebezpiecznego kuluaru <em>Rolling Stones<\/em>. W tym przypadku pami\u0119tajmy r\u00f3wnie\u017c o daniu sobie po aklimatyzacji jednego dnia na odpoczynek, a przynajmniej szybkim po\u0142o\u017ceniu si\u0119 spa\u0107. W przeciwnym wypadku organizm nie zd\u0105\u017cy si\u0119 zregenerowa\u0107 ani tym bardziej przystosowa\u0107 do wysoko\u015bci. Na atak szczytowy wyjdziemy jeszcze bardziej os\u0142abieni, ni\u017c gdyby\u015bmy zaniechali aklimatyzacji.<\/p>\n\n\n\n<h2 class=\"wp-block-heading\"><span class=\"ez-toc-section\" id=\"Przebieg_akcji_%E2%80%93_droga_do_Tete_Rousse\"><\/span>Przebieg akcji \u2013 droga do T\u00eate Rousse<span class=\"ez-toc-section-end\"><\/span><\/h2>\n\n\n\n<p>Najambitniejszym rozwi\u0105zaniem jest pokonanie ca\u0142ego odcinka piechot\u0105. To jednak b\u0119dzie wymaga\u0107 od nas stalowej kondycji \u2013 do pokonania mamy 2200 metr\u00f3w przewy\u017cszenia oraz dystans ponad 12 kilometr\u00f3w. Powszechn\u0105 praktyk\u0105 jest wjazd kolejk\u0105 gondolow\u0105 na szczyt Bellevue (1801 m. n.p.m.), co redukuje czekaj\u0105ce nas przewy\u017cszenie do nieca\u0142ych 1500 metr\u00f3w, a dystans do oko\u0142o 6 kilometr\u00f3w.<\/p>\n\n\n\n<p>Najpopularniejsza opcja za\u015b to wjazd \u201etramwajem\u201d (rodzaj kolejki z\u0119batej) do stacji Le Nid d\u2019Aigle. W tym przypadku pozostaje do pokonania ok. 800 metr\u00f3w w pionie i dystans nieco ponad 3 km. Odcinek ten mo\u017ce by\u0107 nieco uci\u0105\u017cliwy po deszczu i w przypadku oblodze\u0144. Zw\u0142aszcza ko\u0144cowe podej\u015bcie na lodowiec T\u00eate Rousse bywa niebezpieczne i zdarzaj\u0105 si\u0119 tam wypadki \u015bmiertelne. W razie konieczno\u015bci, nie wahajmy si\u0119 za\u0142o\u017cy\u0107 na tym odcinku rak\u00f3w!<\/p>\n\n\n\n<iframe loading=\"lazy\" style=\"border:none\" src=\"https:\/\/pl.frame.mapy.cz\/s\/modujuvase\" width=\"800\" height=\"600\" frameborder=\"0\"><\/iframe>\n\n\n<div class=\"wp-block-image\">\n<figure class=\"aligncenter size-large\"><img loading=\"lazy\" decoding=\"async\" width=\"1024\" height=\"682\" src=\"https:\/\/www.skalnik.pl\/blog\/wp-content\/uploads\/2022\/12\/tete-rousse-1024x682.jpg\" alt=\"tete rousse schronisko pod mont blanc\" class=\"wp-image-21711\" srcset=\"https:\/\/www.skalnik.pl\/blog\/wp-content\/uploads\/2022\/12\/tete-rousse-1024x682.jpg 1024w, https:\/\/www.skalnik.pl\/blog\/wp-content\/uploads\/2022\/12\/tete-rousse-300x200.jpg 300w, https:\/\/www.skalnik.pl\/blog\/wp-content\/uploads\/2022\/12\/tete-rousse-768x512.jpg 768w, https:\/\/www.skalnik.pl\/blog\/wp-content\/uploads\/2022\/12\/tete-rousse.jpg 1057w\" sizes=\"auto, (max-width: 1024px) 100vw, 1024px\" \/><figcaption class=\"wp-element-caption\"><em>T\u00eate Rousse cz\u0119sto staje si\u0119 miejscem startu na szczyt. Szcz\u0119\u015bliwcy \u015bpi\u0105 wy\u017cej w Refuge du Go\u00fbter. (fot. arch. autorki) <\/em><\/figcaption><\/figure>\n<\/div>\n\n\n<h2 class=\"wp-block-heading\"><span class=\"ez-toc-section\" id=\"Przebieg_akcji_%E2%80%93_atak_szczytowy_z_Tete_Rousse\"><\/span>Przebieg akcji \u2013 atak szczytowy z T\u00eate Rousse<span class=\"ez-toc-section-end\"><\/span><\/h2>\n\n\n\n<p>Czeka nas bardzo wczesna pobudka \u2013 oko\u0142o 1-2 w nocy. Koniecznie zjedzmy tre\u015bciwe \u015bniadanie \u2013 b\u0119dziemy potrzebowa\u0107 du\u017co energii. Na tym etapie warto mie\u0107 ze sob\u0105 \u017cele energetyczne. Kiedy ju\u017c wyjdziemy na mr\u00f3z (spodziewajmy si\u0119 temperatur nieco poni\u017cej zera), b\u0119dziemy \u015bwiadkami niesamowitego spektaklu &#8211; dziesi\u0105tki \u015bwiate\u0142ek, pn\u0105cych si\u0119 w g\u00f3r\u0119 jedno za drugim.<\/p>\n\n\n\n<p>W zale\u017cno\u015bci od warunk\u00f3w, po \u015bniegu lub piargach osi\u0105gniemy kraw\u0119d\u017a kuluaru <em>Rolling Stones<\/em>. Po wpi\u0119ciu do por\u0119cz\u00f3wki, nas\u0142uchujemy odg\u0142osu spadaj\u0105cych kamieni i po upewnieniu si\u0119, \u017ce akurat nie trwa kanonada, szybkim krokiem przechodzimy na drugi brzeg \u017clebu. Warto zrobi\u0107 to jako jeden z pierwszych zespo\u0142\u00f3w \u2013 dalsza droga wiedzie w pobli\u017cu g\u00f3rnych partii kuluaru i kiedy na g\u00f3rze robi si\u0119 t\u0142oczno, rozpoczyna si\u0119 regularne bombardowanie kamieniami zrzucanymi przez inne zespo\u0142y.<\/p>\n\n\n\n<p>\u015acie\u017cka po po\u0142udniowej stronie kuluaru wije si\u0119 wieloma wariantami \u2013 podchodzimy po piar\u017cysku, poprzetykanym gdzieniegdzie zmro\u017conym \u015bniegiem. W ko\u0144cu docieramy na gra\u0144 w rejonie Aiguille du Gouter (3863 m. n.p.m.), a sceneria zmienia si\u0119 w wysokog\u00f3rsk\u0105. Gra\u0144 jest pokryta wiecznym \u015bniegiem. Mijamy schronisko Gouter, z kt\u00f3rego do peletonu do\u0142\u0105czaj\u0105 kolejne zespo\u0142y. \u015awietlisty w\u0105\u017c staje si\u0119 jeszcze d\u0142u\u017cszy. Start z Goutera pozwala im na dodatkowe 2-3 godziny snu. \u0141agodnym, szerokim stokiem \u015bnie\u017cnym podchodzimy nieco poni\u017cej szczytu Dome du Gouter \u2013 na tym odcinku przekraczamy magiczne 4 tysi\u0105ce m n.p.m.<\/p>\n\n\n\n<p>Gdzie\u015b w tym rejonie zastanie nas zapewne pierwsza \u0142una wschodz\u0105cego s\u0142o\u0144ca, rozpoczynaj\u0105ca niesamowity spektakl zmieniaj\u0105cych si\u0119 kolor\u00f3w. W oddali, na grani szczytowej dostrze\u017cemy sznur \u015bwiate\u0142ek pierwszych zespo\u0142\u00f3w, startuj\u0105cych wcze\u015bnie z Goutera. Oni nied\u0142ugo spe\u0142ni\u0105 swoje marzenia a za maksymalnie kilka godzin, to my b\u0119dziemy delektowa\u0107 si\u0119 zwyci\u0119stwem.<\/p>\n\n\n\n<p>Na pocz\u0105tku grani szczytowej miniemy ratunkowy schron Vallot, b\u0119d\u0105cy cz\u0119stym miejscem odpoczynku w drodze na szczyt. Niegdy\u015b powszechne by\u0142o nocowanie w nim i wychodzenie na atak szczytowy w\u0142a\u015bnie stamt\u0105d. Nie tw\u00f3rzmy jednak negatywnych stereotyp\u00f3w na temat przybysz\u00f3w z Europy \u015arodkowej i uszanujmy przeznaczenie tego miejsca \u2013 nie planujmy w nim noclegu.<\/p>\n\n\n<div class=\"wp-block-image\">\n<figure class=\"aligncenter size-large\"><img loading=\"lazy\" decoding=\"async\" width=\"1024\" height=\"683\" src=\"https:\/\/www.skalnik.pl\/blog\/wp-content\/uploads\/2022\/12\/MONT-BLANC-schron-vallot.jpg\" alt=\"schron vallot na mont blanc\" class=\"wp-image-21710\" srcset=\"https:\/\/www.skalnik.pl\/blog\/wp-content\/uploads\/2022\/12\/MONT-BLANC-schron-vallot.jpg 1024w, https:\/\/www.skalnik.pl\/blog\/wp-content\/uploads\/2022\/12\/MONT-BLANC-schron-vallot-300x200.jpg 300w, https:\/\/www.skalnik.pl\/blog\/wp-content\/uploads\/2022\/12\/MONT-BLANC-schron-vallot-768x512.jpg 768w\" sizes=\"auto, (max-width: 1024px) 100vw, 1024px\" \/><figcaption class=\"wp-element-caption\"><em>Schron Vallot to miejsce na awaryjne sytuacje. Nie planujmy tu biwaku. (fot. arch. autorki)<\/em><\/figcaption><\/figure>\n<\/div>\n\n\n<p>Dalej pniemy si\u0119 w g\u00f3r\u0119 zw\u0119\u017caj\u0105c\u0105 si\u0119 grani\u0105. Niebo staje si\u0119 powoli pomara\u0144czowe. Na tym odcinku zaczynaj\u0105 si\u0119 trudno\u015bci z omijaniem innych zespo\u0142\u00f3w. Jest w\u0105sko i musimy zaakceptowa\u0107 swoje miejsce w kolejce do szczytu. Zdarzaj\u0105 si\u0119 karko\u0142omne pr\u00f3by wymijania czy wyprzedzania, ale prowadz\u0105 one do niebezpiecznych sytuacji. Zaraz poni\u017cej szczytu gra\u0144 na powr\u00f3t staje si\u0119 szersza a przed nami wyrasta \u0142agodna kopu\u0142a wielko\u015bci niewielkiego \u201eorlika\u201d.<\/p>\n\n\n\n<p>Wy\u017cej nie ma ju\u017c nic! Tu wszyscy wyjmuj\u0105 z plecak\u00f3w flagi swoich kraj\u00f3w i mo\u017cemy dostrzec, w jak mi\u0119dzynarodowym towarzystwie wchodzili\u015bmy na wierzcho\u0142ek. Pami\u0119tajmy, \u017ceby nie da\u0107 ponie\u015b\u0107 si\u0119 euforii \u2013 sukces trzeba donie\u015b\u0107 jeszcze na d\u00f3\u0142. Ze wzgl\u0119du na zm\u0119czenie, b\u0119dzie to od nas wymaga\u0142o o wiele wi\u0119cej uwagi. R\u00f3wnie\u017c przekroczenie kuluaru <em>Rolling Stones<\/em> w drodze powrotnej wymaga d\u0142u\u017cszego nas\u0142uchu \u2013 w ci\u0105gu dnia \u201ew\u0105\u017c\u201d rozcz\u0142onkowa\u0142 si\u0119 na dziesi\u0105tki odosobnionych zespo\u0142\u00f3w i w\u0142a\u015bciwie ca\u0142y czas kto\u015b znajduje si\u0119 nad kuluarem, b\u0119d\u0105c potencjalnym \u201ekamieniodawc\u0105\u201d. Po powrocie do T\u00eate Rousse, dajmy sobie jedn\u0105 noc na odpoczynek.<\/p>\n\n\n\n<iframe loading=\"lazy\" src=\"https:\/\/www.youtube.com\/embed\/vbUiPo1es20\" title=\"YouTube video player\" allow=\"accelerometer; autoplay; clipboard-write; encrypted-media; gyroscope; picture-in-picture\" allowfullscreen=\"\" width=\"800\" height=\"442\" frameborder=\"0\"><\/iframe>\n\n\n\n<h2 class=\"wp-block-heading\"><span class=\"ez-toc-section\" id=\"Zejscie_z_Mont_Blanc_w_doliny\"><\/span>Zej\u015bcie z Mont Blanc w doliny<span class=\"ez-toc-section-end\"><\/span><\/h2>\n\n\n\n<p>Kolejnego dnia przyjdzie nam powr\u00f3ci\u0107 do doliny Chamonix. Najlogiczniejsz\u0105 drog\u0105 jest trasa kt\u00f3r\u0105 wchodzili\u015bmy. W\u0142a\u015bciwie jedyna alternatywa to zej\u015bcie \u015bcie\u017ck\u0105 Chemin des Rognes, po p\u00f3\u0142nocnej stronie grani Les Rognes. Wariant jest o tyle ciekawy, \u017ce umo\u017cliwia nam wej\u015bcie na widokowy wierzcho\u0142ek \u0142agodnego, trawiastego wzniesienia Mont Lachat (2115 m n.p.m.). Trasa przez Nid d\u2019 Aigle wydaje si\u0119 by\u0107 jednak \u0142agodniejsza dla kolan i umo\u017cliwia szybsze skorzystanie z \u201etramwaju\u201d.<\/p>\n\n\n\n<h2 class=\"wp-block-heading\"><span class=\"ez-toc-section\" id=\"Wejscie_na_Mont_Blanc_%E2%80%93_ile_potrzeba_czasu\"><\/span>Wej\u015bcie na Mont Blanc \u2013 ile potrzeba czasu?<span class=\"ez-toc-section-end\"><\/span><\/h2>\n\n\n\n<p>Nie licz\u0105c czasu przeznaczonego na aklimatyzacj\u0119 (r\u00f3\u017cnego w zale\u017cno\u015bci od tego, gdzie chcemy si\u0119 aklimatyzowa\u0107), na akcj\u0119 g\u00f3rsk\u0105, od wyj\u015bcia z doliny do powrotu, najlepiej przeznaczy\u0107 4 dni. Jeden dzie\u0144 mamy wtedy przeznaczony na odpoczynek lub przeczekanie z\u0142ej pogody. Moje wej\u015bcie trwa\u0142o 3 dni, jednak by\u0142o to wymuszone niekorzystnymi prognozami pogody.<\/p>\n\n\n\n<p>Planuj\u0105c ca\u0142y wyjazd i nie b\u0119d\u0105c wcze\u015bniej zaaklimatyzowanym wizyt\u0105 na innym czterotysi\u0119czniku, b\u0105d\u017a cho\u0107by wysokim trzytysi\u0119czniku, powinni\u015bmy zarezerwowa\u0107 sobie 7-8 dni. Oczywi\u015bcie je\u015bli dysponujemy d\u0142u\u017cszym urlopem, dolina Chamonix bez problemu zapewni nam atrakcje na kolejne dni, a nawet i tygodnie.<\/p>\n\n\n<div class=\"wp-block-image\">\n<figure class=\"aligncenter size-large\"><img loading=\"lazy\" decoding=\"async\" width=\"1024\" height=\"683\" src=\"https:\/\/www.skalnik.pl\/blog\/wp-content\/uploads\/2022\/12\/MONTBLANC67.jpg\" alt=\"\" class=\"wp-image-21712\" srcset=\"https:\/\/www.skalnik.pl\/blog\/wp-content\/uploads\/2022\/12\/MONTBLANC67.jpg 1024w, https:\/\/www.skalnik.pl\/blog\/wp-content\/uploads\/2022\/12\/MONTBLANC67-300x200.jpg 300w, https:\/\/www.skalnik.pl\/blog\/wp-content\/uploads\/2022\/12\/MONTBLANC67-768x512.jpg 768w\" sizes=\"auto, (max-width: 1024px) 100vw, 1024px\" \/><figcaption class=\"wp-element-caption\"><em>Droga na szczyt jest d\u0142uga, ale warto j\u0105 pokona\u0107! (fot. arch. autorki)<\/em><\/figcaption><\/figure>\n<\/div>\n\n<div class=\"wp-block-image\">\n<figure class=\"aligncenter size-large\"><img loading=\"lazy\" decoding=\"async\" width=\"1024\" height=\"683\" src=\"https:\/\/www.skalnik.pl\/blog\/wp-content\/uploads\/2022\/12\/MONTBLANC62.jpg\" alt=\"\" class=\"wp-image-21713\" srcset=\"https:\/\/www.skalnik.pl\/blog\/wp-content\/uploads\/2022\/12\/MONTBLANC62.jpg 1024w, https:\/\/www.skalnik.pl\/blog\/wp-content\/uploads\/2022\/12\/MONTBLANC62-300x200.jpg 300w, https:\/\/www.skalnik.pl\/blog\/wp-content\/uploads\/2022\/12\/MONTBLANC62-768x512.jpg 768w\" sizes=\"auto, (max-width: 1024px) 100vw, 1024px\" \/><\/figure>\n<\/div>\n\n\n<h2 class=\"wp-block-heading\"><span class=\"ez-toc-section\" id=\"Ubezpieczenie_na_Mont_Blanc\"><\/span>Ubezpieczenie na Mont Blanc<span class=\"ez-toc-section-end\"><\/span><\/h2>\n\n\n\n<p>Pomimo tego, \u017ce we Francji ratownictwo g\u00f3rskie jest darmowe (wyj\u0105tek w\u015br\u00f3d kraj\u00f3w alpejskich) i zajmuje si\u0119 nim \u017candarmeria, pami\u0119tajmy o ubezpieczeniu. Wierzcho\u0142ek znajduje si\u0119 w rejonie granicy francusko-w\u0142oskiej, w zwi\u0105zku z czym akcja ratunkowa mo\u017ce jednak kosztowa\u0107. Niezale\u017cnie od ubezpieczenia, warto zaopatrzy\u0107 si\u0119 w kart\u0119 EKUZ \u2013 nigdy nie wiadomo, co nas dopadnie w czasie wyjazdu, a koszty leczenia mog\u0105 by\u0107 dla nas zaskoczeniem.<\/p>\n\n\n\n<hr class=\"wp-block-separator has-css-opacity is-style-dots\"\/>\n\n\n\n<p>Mont Blanc pomimo swojej wysoko\u015bci nie jest szczytem nie do zdobycia. Solidnie przygotowani kondycyjnie i technicznie nie powinni\u015bmy mie\u0107 problemu z wej\u015bciem na wierzcho\u0142ek. Zw\u0142aszcza je\u017cd\u017c\u0105c regularnie na szczyty lodowcowe, decyzj\u0119 o pr\u00f3bie wej\u015bcia na \u201eDach Europy\u201d mo\u017cna podj\u0105\u0107 na bie\u017c\u0105co (o ile pozwol\u0105 na to miejsca w schroniskach). Mimo to nie lekcewa\u017cmy g\u00f3ry \u2013 podejd\u017amy do tematu odpowiedzialnie, zostawiaj\u0105c szcz\u0119\u015bciu tylko tyle miejsca, ile to naprawd\u0119 koniecznie. Dzi\u0119ki temu do pi\u0119knych wspomnie\u0144 dojdzie \u015bwiadomo\u015b\u0107, \u017ce na g\u00f3r\u0119 weszli\u015bmy dzi\u0119ki w\u0142asnej solidnej pracy, a nie dzi\u0119ki zwyk\u0142emu fartowi. Pami\u0119tajmy te\u017c, \u017ce g\u00f3ry s\u0105 nieprzewidywalne i nie za\u0142amujmy si\u0119, je\u015bli pogoda czy inny czynnik niezale\u017cny od nas, pokrzy\u017cuje nasze plany. Mont Blanc poczeka \u2013 b\u0105d\u017amy cierpliwi i postawmy na bezpiecze\u0144stwo!<\/p>\n\n\n\n<p><mark style=\"background-color:rgba(0, 0, 0, 0)\" class=\"has-inline-color has-vivid-cyan-blue-color\">Mont Blanc to nie tylko klasyka alpinizmu. W tym rejonie mo\u017cna odby\u0107 te\u017c niezwyk\u0142y trekking. Poznaj tras\u0119 trekkingow\u0105 wok\u00f3\u0142 Mont Blanc &#8211;><strong><a href=\"https:\/\/www.skalnik.pl\/blog\/tour-du-mont-blanc-w-10-dni-dookola-dachu-europy\/\" target=\"_blank\" rel=\"noreferrer noopener\"> kliknij tutaj. <\/a><\/strong><\/mark><\/p>\n","protected":false},"excerpt":{"rendered":"<p>Dowiedz si\u0119 jak wej\u015b\u0107 na Mont Blanc &#8211; najwy\u017cszy szczyt Alp. <\/p>\n","protected":false},"author":39,"featured_media":21718,"comment_status":"open","ping_status":"open","sticky":false,"template":"","format":"standard","meta":{"_acf_changed":false,"footnotes":""},"categories":[84,3],"tags":[96],"magento_category":[198],"magento_product":[],"class_list":["post-21704","post","type-post","status-publish","format-standard","has-post-thumbnail","hentry","category-pasja","category-porady","tag-alpy"],"acf":[],"aioseo_notices":[],"aioseo_head":"\n\t\t<!-- All in One SEO 4.9.10 - aioseo.com -->\n\t<meta name=\"description\" content=\"Marzysz o najwy\u017cszym szczycie Alp. Zobacz jak wej\u015b\u0107 na Mont Blanc - dowiedz si\u0119 ile potrzeba na to czasu i jak zdoby\u0107 g\u00f3r\u0119 bezpiecznie. Wybierz si\u0119 z nami na wypraw\u0119 z Chamonix.\" \/>\n\t<meta name=\"robots\" content=\"max-image-preview:large\" \/>\n\t<meta name=\"author\" content=\"Skadi\"\/>\n\t<link rel=\"canonical\" href=\"https:\/\/www.skalnik.pl\/blog\/jak-wejsc-na-mont-blanc\/\" \/>\n\t<meta name=\"generator\" content=\"All in One SEO (AIOSEO) 4.9.10\" \/>\n\t\t<meta property=\"og:locale\" content=\"pl_PL\" \/>\n\t\t<meta property=\"og:site_name\" content=\"blog Skalnik - Blog, porady, artyku\u0142y - blog Skalnik\" \/>\n\t\t<meta property=\"og:type\" content=\"article\" \/>\n\t\t<meta property=\"og:title\" content=\"Jak wej\u015b\u0107 na Mont Blanc - blog Skalnik\" \/>\n\t\t<meta property=\"og:description\" content=\"Marzysz o najwy\u017cszym szczycie Alp. Zobacz jak wej\u015b\u0107 na Mont Blanc - dowiedz si\u0119 ile potrzeba na to czasu i jak zdoby\u0107 g\u00f3r\u0119 bezpiecznie. Wybierz si\u0119 z nami na wypraw\u0119 z Chamonix.\" \/>\n\t\t<meta property=\"og:url\" content=\"https:\/\/www.skalnik.pl\/blog\/jak-wejsc-na-mont-blanc\/\" \/>\n\t\t<meta property=\"og:image\" content=\"https:\/\/www.skalnik.pl\/blog\/wp-content\/uploads\/2022\/12\/MONTBLANC50.jpg\" \/>\n\t\t<meta property=\"og:image:secure_url\" content=\"https:\/\/www.skalnik.pl\/blog\/wp-content\/uploads\/2022\/12\/MONTBLANC50.jpg\" \/>\n\t\t<meta property=\"og:image:width\" content=\"1024\" \/>\n\t\t<meta property=\"og:image:height\" content=\"683\" \/>\n\t\t<meta property=\"article:tag\" content=\"pasja\" \/>\n\t\t<meta property=\"article:tag\" content=\"porady\" \/>\n\t\t<meta property=\"article:tag\" content=\"alpy\" \/>\n\t\t<meta property=\"article:published_time\" content=\"2022-12-31T06:42:00+00:00\" \/>\n\t\t<meta property=\"article:modified_time\" content=\"2023-07-17T08:22:13+00:00\" \/>\n\t\t<meta name=\"twitter:card\" content=\"summary_large_image\" \/>\n\t\t<meta name=\"twitter:title\" content=\"Jak wej\u015b\u0107 na Mont Blanc - blog Skalnik\" \/>\n\t\t<meta name=\"twitter:description\" content=\"Marzysz o najwy\u017cszym szczycie Alp. Zobacz jak wej\u015b\u0107 na Mont Blanc - dowiedz si\u0119 ile potrzeba na to czasu i jak zdoby\u0107 g\u00f3r\u0119 bezpiecznie. Wybierz si\u0119 z nami na wypraw\u0119 z Chamonix.\" \/>\n\t\t<meta name=\"twitter:image\" content=\"https:\/\/www.skalnik.pl\/blog\/wp-content\/uploads\/2022\/12\/MONTBLANC50.jpg\" \/>\n\t\t<script type=\"application\/ld+json\" class=\"aioseo-schema\">\n\t\t\t{\"@context\":\"https:\\\/\\\/schema.org\",\"@graph\":[{\"@type\":\"BlogPosting\",\"@id\":\"https:\\\/\\\/www.skalnik.pl\\\/blog\\\/jak-wejsc-na-mont-blanc\\\/#blogposting\",\"name\":\"Jak wej\\u015b\\u0107 na Mont Blanc - blog Skalnik\",\"headline\":\"Jak wej\\u015b\\u0107 na Mont Blanc\",\"author\":{\"@id\":\"https:\\\/\\\/www.skalnik.pl\\\/blog\\\/author\\\/skadi\\\/#author\"},\"publisher\":{\"@id\":\"https:\\\/\\\/www.skalnik.pl\\\/blog\\\/#organization\"},\"image\":{\"@type\":\"ImageObject\",\"url\":\"https:\\\/\\\/www.skalnik.pl\\\/blog\\\/wp-content\\\/uploads\\\/2022\\\/12\\\/andrea-caramello-unsplash-jak-wej\\u015b\\u0107-na-mont-blanc.jpg\",\"width\":1920,\"height\":706},\"datePublished\":\"2022-12-31T07:42:00+02:00\",\"dateModified\":\"2023-07-17T10:22:13+02:00\",\"inLanguage\":\"pl-PL\",\"mainEntityOfPage\":{\"@id\":\"https:\\\/\\\/www.skalnik.pl\\\/blog\\\/jak-wejsc-na-mont-blanc\\\/#webpage\"},\"isPartOf\":{\"@id\":\"https:\\\/\\\/www.skalnik.pl\\\/blog\\\/jak-wejsc-na-mont-blanc\\\/#webpage\"},\"articleSection\":\"Pasja, Porady, alpy, 1159\"},{\"@type\":\"BreadcrumbList\",\"@id\":\"https:\\\/\\\/www.skalnik.pl\\\/blog\\\/jak-wejsc-na-mont-blanc\\\/#breadcrumblist\",\"itemListElement\":[{\"@type\":\"ListItem\",\"@id\":\"https:\\\/\\\/www.skalnik.pl\\\/blog#listItem\",\"position\":1,\"name\":\"Home\",\"item\":\"https:\\\/\\\/www.skalnik.pl\\\/blog\",\"nextItem\":{\"@type\":\"ListItem\",\"@id\":\"https:\\\/\\\/www.skalnik.pl\\\/blog\\\/.\\\/porady\\\/#listItem\",\"name\":\"Porady\"}},{\"@type\":\"ListItem\",\"@id\":\"https:\\\/\\\/www.skalnik.pl\\\/blog\\\/.\\\/porady\\\/#listItem\",\"position\":2,\"name\":\"Porady\",\"item\":\"https:\\\/\\\/www.skalnik.pl\\\/blog\\\/.\\\/porady\\\/\",\"nextItem\":{\"@type\":\"ListItem\",\"@id\":\"https:\\\/\\\/www.skalnik.pl\\\/blog\\\/jak-wejsc-na-mont-blanc\\\/#listItem\",\"name\":\"Jak wej\\u015b\\u0107 na Mont Blanc\"},\"previousItem\":{\"@type\":\"ListItem\",\"@id\":\"https:\\\/\\\/www.skalnik.pl\\\/blog#listItem\",\"name\":\"Home\"}},{\"@type\":\"ListItem\",\"@id\":\"https:\\\/\\\/www.skalnik.pl\\\/blog\\\/jak-wejsc-na-mont-blanc\\\/#listItem\",\"position\":3,\"name\":\"Jak wej\\u015b\\u0107 na Mont Blanc\",\"previousItem\":{\"@type\":\"ListItem\",\"@id\":\"https:\\\/\\\/www.skalnik.pl\\\/blog\\\/.\\\/porady\\\/#listItem\",\"name\":\"Porady\"}}]},{\"@type\":\"Organization\",\"@id\":\"https:\\\/\\\/www.skalnik.pl\\\/blog\\\/#organization\",\"name\":\"blog Skalnik\",\"description\":\"Blog, porady, artyku\\u0142y - blog Skalnik\",\"url\":\"https:\\\/\\\/www.skalnik.pl\\\/blog\\\/\"},{\"@type\":\"Person\",\"@id\":\"https:\\\/\\\/www.skalnik.pl\\\/blog\\\/author\\\/skadi\\\/#author\",\"url\":\"https:\\\/\\\/www.skalnik.pl\\\/blog\\\/author\\\/skadi\\\/\",\"name\":\"Skadi\",\"image\":{\"@type\":\"ImageObject\",\"@id\":\"https:\\\/\\\/www.skalnik.pl\\\/blog\\\/jak-wejsc-na-mont-blanc\\\/#authorImage\",\"url\":\"https:\\\/\\\/secure.gravatar.com\\\/avatar\\\/ae13ef788103b67237116ff6ca11806fd62a3875c2f169205ba46718cec9cfc7?s=96&d=mm&r=g\",\"width\":96,\"height\":96,\"caption\":\"Skadi\"}},{\"@type\":\"WebPage\",\"@id\":\"https:\\\/\\\/www.skalnik.pl\\\/blog\\\/jak-wejsc-na-mont-blanc\\\/#webpage\",\"url\":\"https:\\\/\\\/www.skalnik.pl\\\/blog\\\/jak-wejsc-na-mont-blanc\\\/\",\"name\":\"Jak wej\\u015b\\u0107 na Mont Blanc - blog Skalnik\",\"description\":\"Marzysz o najwy\\u017cszym szczycie Alp. Zobacz jak wej\\u015b\\u0107 na Mont Blanc - dowiedz si\\u0119 ile potrzeba na to czasu i jak zdoby\\u0107 g\\u00f3r\\u0119 bezpiecznie. Wybierz si\\u0119 z nami na wypraw\\u0119 z Chamonix.\",\"inLanguage\":\"pl-PL\",\"isPartOf\":{\"@id\":\"https:\\\/\\\/www.skalnik.pl\\\/blog\\\/#website\"},\"breadcrumb\":{\"@id\":\"https:\\\/\\\/www.skalnik.pl\\\/blog\\\/jak-wejsc-na-mont-blanc\\\/#breadcrumblist\"},\"author\":{\"@id\":\"https:\\\/\\\/www.skalnik.pl\\\/blog\\\/author\\\/skadi\\\/#author\"},\"creator\":{\"@id\":\"https:\\\/\\\/www.skalnik.pl\\\/blog\\\/author\\\/skadi\\\/#author\"},\"image\":{\"@type\":\"ImageObject\",\"url\":\"https:\\\/\\\/www.skalnik.pl\\\/blog\\\/wp-content\\\/uploads\\\/2022\\\/12\\\/andrea-caramello-unsplash-jak-wej\\u015b\\u0107-na-mont-blanc.jpg\",\"@id\":\"https:\\\/\\\/www.skalnik.pl\\\/blog\\\/jak-wejsc-na-mont-blanc\\\/#mainImage\",\"width\":1920,\"height\":706},\"primaryImageOfPage\":{\"@id\":\"https:\\\/\\\/www.skalnik.pl\\\/blog\\\/jak-wejsc-na-mont-blanc\\\/#mainImage\"},\"datePublished\":\"2022-12-31T07:42:00+02:00\",\"dateModified\":\"2023-07-17T10:22:13+02:00\"},{\"@type\":\"WebSite\",\"@id\":\"https:\\\/\\\/www.skalnik.pl\\\/blog\\\/#website\",\"url\":\"https:\\\/\\\/www.skalnik.pl\\\/blog\\\/\",\"name\":\"blog Skalnik\",\"description\":\"Blog, porady, artyku\\u0142y - blog Skalnik\",\"inLanguage\":\"pl-PL\",\"publisher\":{\"@id\":\"https:\\\/\\\/www.skalnik.pl\\\/blog\\\/#organization\"}}]}\n\t\t<\/script>\n\t\t<!-- All in One SEO -->\n\n","aioseo_head_json":{"title":"Jak wej\u015b\u0107 na Mont Blanc - blog Skalnik","description":"Marzysz o najwy\u017cszym szczycie Alp. Zobacz jak wej\u015b\u0107 na Mont Blanc - dowiedz si\u0119 ile potrzeba na to czasu i jak zdoby\u0107 g\u00f3r\u0119 bezpiecznie. Wybierz si\u0119 z nami na wypraw\u0119 z Chamonix.","canonical_url":"https:\/\/www.skalnik.pl\/blog\/jak-wejsc-na-mont-blanc\/","robots":"max-image-preview:large","keywords":"","webmasterTools":{"miscellaneous":""},"schema":{"@context":"https:\/\/schema.org","@graph":[{"@type":"BlogPosting","@id":"https:\/\/www.skalnik.pl\/blog\/jak-wejsc-na-mont-blanc\/#blogposting","name":"Jak wej\u015b\u0107 na Mont Blanc - blog Skalnik","headline":"Jak wej\u015b\u0107 na Mont Blanc","author":{"@id":"https:\/\/www.skalnik.pl\/blog\/author\/skadi\/#author"},"publisher":{"@id":"https:\/\/www.skalnik.pl\/blog\/#organization"},"image":{"@type":"ImageObject","url":"https:\/\/www.skalnik.pl\/blog\/wp-content\/uploads\/2022\/12\/andrea-caramello-unsplash-jak-wej\u015b\u0107-na-mont-blanc.jpg","width":1920,"height":706},"datePublished":"2022-12-31T07:42:00+02:00","dateModified":"2023-07-17T10:22:13+02:00","inLanguage":"pl-PL","mainEntityOfPage":{"@id":"https:\/\/www.skalnik.pl\/blog\/jak-wejsc-na-mont-blanc\/#webpage"},"isPartOf":{"@id":"https:\/\/www.skalnik.pl\/blog\/jak-wejsc-na-mont-blanc\/#webpage"},"articleSection":"Pasja, Porady, alpy, 1159"},{"@type":"BreadcrumbList","@id":"https:\/\/www.skalnik.pl\/blog\/jak-wejsc-na-mont-blanc\/#breadcrumblist","itemListElement":[{"@type":"ListItem","@id":"https:\/\/www.skalnik.pl\/blog#listItem","position":1,"name":"Home","item":"https:\/\/www.skalnik.pl\/blog","nextItem":{"@type":"ListItem","@id":"https:\/\/www.skalnik.pl\/blog\/.\/porady\/#listItem","name":"Porady"}},{"@type":"ListItem","@id":"https:\/\/www.skalnik.pl\/blog\/.\/porady\/#listItem","position":2,"name":"Porady","item":"https:\/\/www.skalnik.pl\/blog\/.\/porady\/","nextItem":{"@type":"ListItem","@id":"https:\/\/www.skalnik.pl\/blog\/jak-wejsc-na-mont-blanc\/#listItem","name":"Jak wej\u015b\u0107 na Mont Blanc"},"previousItem":{"@type":"ListItem","@id":"https:\/\/www.skalnik.pl\/blog#listItem","name":"Home"}},{"@type":"ListItem","@id":"https:\/\/www.skalnik.pl\/blog\/jak-wejsc-na-mont-blanc\/#listItem","position":3,"name":"Jak wej\u015b\u0107 na Mont Blanc","previousItem":{"@type":"ListItem","@id":"https:\/\/www.skalnik.pl\/blog\/.\/porady\/#listItem","name":"Porady"}}]},{"@type":"Organization","@id":"https:\/\/www.skalnik.pl\/blog\/#organization","name":"blog Skalnik","description":"Blog, porady, artyku\u0142y - blog Skalnik","url":"https:\/\/www.skalnik.pl\/blog\/"},{"@type":"Person","@id":"https:\/\/www.skalnik.pl\/blog\/author\/skadi\/#author","url":"https:\/\/www.skalnik.pl\/blog\/author\/skadi\/","name":"Skadi","image":{"@type":"ImageObject","@id":"https:\/\/www.skalnik.pl\/blog\/jak-wejsc-na-mont-blanc\/#authorImage","url":"https:\/\/secure.gravatar.com\/avatar\/ae13ef788103b67237116ff6ca11806fd62a3875c2f169205ba46718cec9cfc7?s=96&d=mm&r=g","width":96,"height":96,"caption":"Skadi"}},{"@type":"WebPage","@id":"https:\/\/www.skalnik.pl\/blog\/jak-wejsc-na-mont-blanc\/#webpage","url":"https:\/\/www.skalnik.pl\/blog\/jak-wejsc-na-mont-blanc\/","name":"Jak wej\u015b\u0107 na Mont Blanc - blog Skalnik","description":"Marzysz o najwy\u017cszym szczycie Alp. Zobacz jak wej\u015b\u0107 na Mont Blanc - dowiedz si\u0119 ile potrzeba na to czasu i jak zdoby\u0107 g\u00f3r\u0119 bezpiecznie. Wybierz si\u0119 z nami na wypraw\u0119 z Chamonix.","inLanguage":"pl-PL","isPartOf":{"@id":"https:\/\/www.skalnik.pl\/blog\/#website"},"breadcrumb":{"@id":"https:\/\/www.skalnik.pl\/blog\/jak-wejsc-na-mont-blanc\/#breadcrumblist"},"author":{"@id":"https:\/\/www.skalnik.pl\/blog\/author\/skadi\/#author"},"creator":{"@id":"https:\/\/www.skalnik.pl\/blog\/author\/skadi\/#author"},"image":{"@type":"ImageObject","url":"https:\/\/www.skalnik.pl\/blog\/wp-content\/uploads\/2022\/12\/andrea-caramello-unsplash-jak-wej\u015b\u0107-na-mont-blanc.jpg","@id":"https:\/\/www.skalnik.pl\/blog\/jak-wejsc-na-mont-blanc\/#mainImage","width":1920,"height":706},"primaryImageOfPage":{"@id":"https:\/\/www.skalnik.pl\/blog\/jak-wejsc-na-mont-blanc\/#mainImage"},"datePublished":"2022-12-31T07:42:00+02:00","dateModified":"2023-07-17T10:22:13+02:00"},{"@type":"WebSite","@id":"https:\/\/www.skalnik.pl\/blog\/#website","url":"https:\/\/www.skalnik.pl\/blog\/","name":"blog Skalnik","description":"Blog, porady, artyku\u0142y - blog Skalnik","inLanguage":"pl-PL","publisher":{"@id":"https:\/\/www.skalnik.pl\/blog\/#organization"}}]},"og:locale":"pl_PL","og:site_name":"blog Skalnik - Blog, porady, artyku\u0142y - blog Skalnik","og:type":"article","og:title":"Jak wej\u015b\u0107 na Mont Blanc - blog Skalnik","og:description":"Marzysz o najwy\u017cszym szczycie Alp. Zobacz jak wej\u015b\u0107 na Mont Blanc - dowiedz si\u0119 ile potrzeba na to czasu i jak zdoby\u0107 g\u00f3r\u0119 bezpiecznie. Wybierz si\u0119 z nami na wypraw\u0119 z Chamonix.","og:url":"https:\/\/www.skalnik.pl\/blog\/jak-wejsc-na-mont-blanc\/","og:image":"https:\/\/www.skalnik.pl\/blog\/wp-content\/uploads\/2022\/12\/MONTBLANC50.jpg","og:image:secure_url":"https:\/\/www.skalnik.pl\/blog\/wp-content\/uploads\/2022\/12\/MONTBLANC50.jpg","og:image:width":1024,"og:image:height":683,"article:tag":["pasja","porady","alpy"],"article:published_time":"2022-12-31T06:42:00+00:00","article:modified_time":"2023-07-17T08:22:13+00:00","twitter:card":"summary_large_image","twitter:title":"Jak wej\u015b\u0107 na Mont Blanc - blog Skalnik","twitter:description":"Marzysz o najwy\u017cszym szczycie Alp. Zobacz jak wej\u015b\u0107 na Mont Blanc - dowiedz si\u0119 ile potrzeba na to czasu i jak zdoby\u0107 g\u00f3r\u0119 bezpiecznie. Wybierz si\u0119 z nami na wypraw\u0119 z Chamonix.","twitter:image":"https:\/\/www.skalnik.pl\/blog\/wp-content\/uploads\/2022\/12\/MONTBLANC50.jpg"},"aioseo_meta_data":{"post_id":"21704","title":null,"description":"Marzysz o najwy\u017cszym szczycie Alp. Zobacz jak wej\u015b\u0107 na Mont Blanc - dowiedz si\u0119 ile potrzeba na to czasu i jak zdoby\u0107 g\u00f3r\u0119 bezpiecznie. Wybierz si\u0119 z nami na wypraw\u0119 z Chamonix.","keywords":[{"label":"mont blanc","value":"mont blanc"},{"label":"mont blanc chamonix","value":"mont blanc chamonix"},{"label":"jak wej\u015b\u0107 na mont blanc","value":"jak wej\u015b\u0107 na mont blanc"},{"label":"mont dlanc wej\u015bcie","value":"mont dlanc wej\u015bcie"},{"label":"","value":""}],"keyphrases":{"focus":{"keyphrase":"","score":0,"analysis":{"keyphraseInTitle":{"score":0,"maxScore":9,"error":1}}},"additional":[]},"primary_term":null,"canonical_url":null,"og_title":null,"og_description":null,"og_object_type":"default","og_image_type":"default","og_image_url":null,"og_image_width":null,"og_image_height":null,"og_image_custom_url":null,"og_image_custom_fields":null,"og_video":"","og_custom_url":null,"og_article_section":null,"og_article_tags":[],"twitter_use_og":false,"twitter_card":"default","twitter_image_type":"default","twitter_image_url":null,"twitter_image_custom_url":null,"twitter_image_custom_fields":null,"twitter_title":null,"twitter_description":null,"schema":{"blockGraphs":[],"customGraphs":[],"default":{"data":{"Article":[],"Course":[],"Dataset":[],"FAQPage":[],"Movie":[],"Person":[],"Product":[],"ProductReview":[],"Car":[],"Recipe":[],"Service":[],"SoftwareApplication":[],"WebPage":[]},"graphName":"","isEnabled":true},"graphs":[]},"schema_type":"default","schema_type_options":null,"pillar_content":false,"robots_default":true,"robots_noindex":false,"robots_noarchive":false,"robots_nosnippet":false,"robots_nofollow":false,"robots_noimageindex":false,"robots_noodp":false,"robots_notranslate":false,"robots_max_snippet":"-1","robots_max_videopreview":"-1","robots_max_imagepreview":"large","priority":null,"frequency":"default","local_seo":null,"breadcrumb_settings":null,"limit_modified_date":false,"ai":null,"created":"2023-03-21 08:44:47","updated":"2026-02-17 22:31:28","seo_analyzer_scan_date":null},"aioseo_breadcrumb":"<div class=\"aioseo-breadcrumbs\"><span class=\"aioseo-breadcrumb\">\n\t\t\t<a href=\"https:\/\/www.skalnik.pl\/blog\" title=\"Home\">Home<\/a>\n\t\t<\/span><span class=\"aioseo-breadcrumb-separator\">&raquo;<\/span><span class=\"aioseo-breadcrumb\">\n\t\t\t<a href=\"https:\/\/www.skalnik.pl\/blog\/.\/porady\/\" title=\"Porady\">Porady<\/a>\n\t\t<\/span><span class=\"aioseo-breadcrumb-separator\">&raquo;<\/span><span class=\"aioseo-breadcrumb\">\n\t\t\tJak wej\u015b\u0107 na Mont Blanc\n\t\t<\/span><\/div>","aioseo_breadcrumb_json":[{"label":"Home","link":"https:\/\/www.skalnik.pl\/blog"},{"label":"Porady","link":"https:\/\/www.skalnik.pl\/blog\/.\/porady\/"},{"label":"Jak wej\u015b\u0107 na Mont Blanc","link":"https:\/\/www.skalnik.pl\/blog\/jak-wejsc-na-mont-blanc\/"}],"_links":{"self":[{"href":"https:\/\/www.skalnik.pl\/blog\/wp-json\/wp\/v2\/posts\/21704","targetHints":{"allow":["GET"]}}],"collection":[{"href":"https:\/\/www.skalnik.pl\/blog\/wp-json\/wp\/v2\/posts"}],"about":[{"href":"https:\/\/www.skalnik.pl\/blog\/wp-json\/wp\/v2\/types\/post"}],"author":[{"embeddable":true,"href":"https:\/\/www.skalnik.pl\/blog\/wp-json\/wp\/v2\/users\/39"}],"replies":[{"embeddable":true,"href":"https:\/\/www.skalnik.pl\/blog\/wp-json\/wp\/v2\/comments?post=21704"}],"version-history":[{"count":8,"href":"https:\/\/www.skalnik.pl\/blog\/wp-json\/wp\/v2\/posts\/21704\/revisions"}],"predecessor-version":[{"id":23777,"href":"https:\/\/www.skalnik.pl\/blog\/wp-json\/wp\/v2\/posts\/21704\/revisions\/23777"}],"wp:featuredmedia":[{"embeddable":true,"href":"https:\/\/www.skalnik.pl\/blog\/wp-json\/wp\/v2\/media\/21718"}],"wp:attachment":[{"href":"https:\/\/www.skalnik.pl\/blog\/wp-json\/wp\/v2\/media?parent=21704"}],"wp:term":[{"taxonomy":"category","embeddable":true,"href":"https:\/\/www.skalnik.pl\/blog\/wp-json\/wp\/v2\/categories?post=21704"},{"taxonomy":"post_tag","embeddable":true,"href":"https:\/\/www.skalnik.pl\/blog\/wp-json\/wp\/v2\/tags?post=21704"},{"taxonomy":"magento_category","embeddable":true,"href":"https:\/\/www.skalnik.pl\/blog\/wp-json\/wp\/v2\/magento_category?post=21704"},{"taxonomy":"magento_product","embeddable":true,"href":"https:\/\/www.skalnik.pl\/blog\/wp-json\/wp\/v2\/magento_product?post=21704"}],"curies":[{"name":"wp","href":"https:\/\/api.w.org\/{rel}","templated":true}]}}