{"id":21942,"date":"2023-03-15T14:26:00","date_gmt":"2023-03-15T13:26:00","guid":{"rendered":"https:\/\/www.skalnik.pl\/blog\/?p=21942"},"modified":"2024-10-30T12:12:29","modified_gmt":"2024-10-30T10:12:29","slug":"gory-swietokrzyskie","status":"publish","type":"post","link":"https:\/\/www.skalnik.pl\/blog\/gory-swietokrzyskie\/","title":{"rendered":"G\u00f3ry \u015awi\u0119tokrzyskie"},"content":{"rendered":"\n<p><strong>G\u00f3ry \u015awi\u0119tokrzyskie, cho\u0107 niskie, s\u0105\u00a0doskona\u0142ymi terenami do\u00a0uprawiania turystyki pieszej. Niewielkie przewy\u017cszenia, \u0142atwe szlaki turystyczne i\u00a0bardzo dobra infrastruktura sprawiaj\u0105, \u017ce\u00a0idealnie nadaj\u0105 si\u0119 na\u00a0weekendowe wypady albo rodzinne wycieczki z\u00a0dzie\u0107mi. I\u00a0to o\u00a0ka\u017cdej porze roku. A\u00a0przy tym s\u0105\u00a0pe\u0142ne krajobrazowych, przyrodniczych i\u00a0historycznych atrakcji, w\u015br\u00f3d kt\u00f3rych s\u0105\u00a0opisywana przez \u017beromskiego Puszcza Jod\u0142owa, go\u0142oborza, a\u00a0tak\u017ce \u015blady staro\u017cytnego przemys\u0142u oraz cenne zabytki. Zobacz, ile atrakcji czeka na Ciebie na obszarze G\u00f3r \u015awi\u0119tokrzyskich. Ma\u0142e te\u017c jest pi\u0119kne!<\/strong><\/p>\n\n\n<div class=\"wp-block-aioseo-table-of-contents\"><ul><\/ul><\/div>\n\n\n<div id=\"ez-toc-container\" class=\"ez-toc-v2_0_85 counter-hierarchy ez-toc-counter ez-toc-light-blue ez-toc-container-direction\">\n<div class=\"ez-toc-title-container\">\n<p class=\"ez-toc-title\" style=\"cursor:inherit\">SPIS TRE\u015aCI <\/p>\n<span class=\"ez-toc-title-toggle\"><a href=\"#\" class=\"ez-toc-pull-right ez-toc-btn ez-toc-btn-xs ez-toc-btn-default ez-toc-toggle\" aria-label=\"Prze\u0142\u0105cznik Spisu Tre\u015bci\"><span class=\"ez-toc-js-icon-con\"><span class=\"\"><span class=\"eztoc-hide\" style=\"display:none;\">Toggle<\/span><span class=\"ez-toc-icon-toggle-span\"><svg style=\"fill: #999;color:#999\" xmlns=\"http:\/\/www.w3.org\/2000\/svg\" class=\"list-377408\" width=\"20px\" height=\"20px\" viewBox=\"0 0 24 24\" fill=\"none\"><path d=\"M6 6H4v2h2V6zm14 0H8v2h12V6zM4 11h2v2H4v-2zm16 0H8v2h12v-2zM4 16h2v2H4v-2zm16 0H8v2h12v-2z\" fill=\"currentColor\"><\/path><\/svg><svg style=\"fill: #999;color:#999\" class=\"arrow-unsorted-368013\" xmlns=\"http:\/\/www.w3.org\/2000\/svg\" width=\"10px\" height=\"10px\" viewBox=\"0 0 24 24\" version=\"1.2\" baseProfile=\"tiny\"><path d=\"M18.2 9.3l-6.2-6.3-6.2 6.3c-.2.2-.3.4-.3.7s.1.5.3.7c.2.2.4.3.7.3h11c.3 0 .5-.1.7-.3.2-.2.3-.5.3-.7s-.1-.5-.3-.7zM5.8 14.7l6.2 6.3 6.2-6.3c.2-.2.3-.5.3-.7s-.1-.5-.3-.7c-.2-.2-.4-.3-.7-.3h-11c-.3 0-.5.1-.7.3-.2.2-.3.5-.3.7s.1.5.3.7z\"\/><\/svg><\/span><\/span><\/span><\/a><\/span><\/div>\n<nav><ul class='ez-toc-list ez-toc-list-level-1 ' ><li class='ez-toc-page-1 ez-toc-heading-level-2'><a class=\"ez-toc-link ez-toc-heading-1\" href=\"https:\/\/www.skalnik.pl\/blog\/gory-swietokrzyskie\/#Najstarsze_gory_w_Polsce\" >Najstarsze g\u00f3ry w Polsce<\/a><\/li><li class='ez-toc-page-1 ez-toc-heading-level-2'><a class=\"ez-toc-link ez-toc-heading-2\" href=\"https:\/\/www.skalnik.pl\/blog\/gory-swietokrzyskie\/#Najwieksze_atrakcje_Gor_Swietokrzyskich\" >Najwi\u0119ksze atrakcje G\u00f3r \u015awi\u0119tokrzyskich<\/a><\/li><li class='ez-toc-page-1 ez-toc-heading-level-2'><a class=\"ez-toc-link ez-toc-heading-3\" href=\"https:\/\/www.skalnik.pl\/blog\/gory-swietokrzyskie\/#Swiety_Krzyz_i_Lysica_%E2%80%93_najwazniejsze_szczyty_Gor_Swietokrzyskich\" >\u015awi\u0119ty Krzy\u017c i \u0141ysica &#8211; najwa\u017cniejsze szczyty G\u00f3r \u015awi\u0119tokrzyskich<\/a><ul class='ez-toc-list-level-3' ><li class='ez-toc-heading-level-3'><a class=\"ez-toc-link ez-toc-heading-4\" href=\"https:\/\/www.skalnik.pl\/blog\/gory-swietokrzyskie\/#Lysica_%E2%80%93_najwyzszy_szczyt_Gor_Swietokrzyskich_szczyt_Korony_Gor_Polski\" >\u0141ysica &#8211; najwy\u017cszy szczyt G\u00f3r \u015awi\u0119tokrzyskich, szczyt Korony G\u00f3r Polski<\/a><\/li><\/ul><\/li><li class='ez-toc-page-1 ez-toc-heading-level-2'><a class=\"ez-toc-link ez-toc-heading-5\" href=\"https:\/\/www.skalnik.pl\/blog\/gory-swietokrzyskie\/#Swietokrzyski_Park_Narodowy\" >\u015awi\u0119tokrzyski Park Narodowy<\/a><\/li><\/ul><\/nav><\/div>\n<h2 class=\"wp-block-heading\" id=\"aioseo-najstarsze-gory-w-polsce\"><span class=\"ez-toc-section\" id=\"Najstarsze_gory_w_Polsce\"><\/span>Najstarsze g\u00f3ry w Polsce<span class=\"ez-toc-section-end\"><\/span><\/h2>\n\n\n\n<p>G\u00f3ry \u015awi\u0119tokrzyskie (w XIX i na pocz\u0105tku XX wieku znane m.in. jako G\u00f3ry Kieleckie czy G\u00f3ry Sandomierskie) nale\u017c\u0105 do&nbsp;najstarszych g\u00f3r w&nbsp;Polsce. Znajduj\u0105 si\u0119 na&nbsp;terenie wojew\u00f3dztwa \u015bwi\u0119tokrzyskiego, w&nbsp;centralnej cz\u0119\u015bci Wy\u017cyny Kieleckiej. Najwy\u017cszym szczytem G\u00f3r \u015awi\u0119tokrzyskich jest&nbsp;\u0141ysica (na wierzcho\u0142ku g\u00f3ry znajduje si\u0119 du\u017cy krzy\u017c), a&nbsp;w\u0142a\u015bciwie jej zachodni wierzcho\u0142ek nazywany Ska\u0142\u0105 Agaty o&nbsp;wysoko\u015bci 614 m&nbsp;n.p.m.<\/p>\n\n\n\n<p>Jak powsta\u0142y G\u00f3ry \u015awi\u0119tokrzyskie? Wypi\u0119trzenie G\u00f3r \u015awi\u0119tokrzyskich nast\u0105pi\u0142o oko\u0142o 500 mln lat temu podczas orogenezy kaledo\u0144skiej, a&nbsp;kolejne ruchy g\u00f3rotw\u00f3rcze mocno je&nbsp;przekszta\u0142ca\u0142y. Na&nbsp;ich rze\u017ab\u0119 wp\u0142yw mia\u0142a tak\u017ce dzia\u0142alno\u015b\u0107 zlodowacenia. Budowa geologiczna ca\u0142ego terenu jest niezwyk\u0142a, a&nbsp;ska\u0142y buduj\u0105ce G\u00f3ry \u015awi\u0119tokrzyskie pochodz\u0105 z&nbsp;epok od&nbsp;prekambru do&nbsp;czwartorz\u0119du.<\/p>\n\n\n\n<figure class=\"wp-block-image size-large\"><img loading=\"lazy\" decoding=\"async\" width=\"1024\" height=\"469\" src=\"https:\/\/www.skalnik.pl\/blog\/wp-content\/uploads\/2023\/01\/swietokrzyskie-mountains-gd0e2692fc_1920-1024x469.jpg\" alt=\"\" class=\"wp-image-21944\" srcset=\"https:\/\/www.skalnik.pl\/blog\/wp-content\/uploads\/2023\/01\/swietokrzyskie-mountains-gd0e2692fc_1920-1024x469.jpg 1024w, https:\/\/www.skalnik.pl\/blog\/wp-content\/uploads\/2023\/01\/swietokrzyskie-mountains-gd0e2692fc_1920-300x137.jpg 300w, https:\/\/www.skalnik.pl\/blog\/wp-content\/uploads\/2023\/01\/swietokrzyskie-mountains-gd0e2692fc_1920-768x352.jpg 768w, https:\/\/www.skalnik.pl\/blog\/wp-content\/uploads\/2023\/01\/swietokrzyskie-mountains-gd0e2692fc_1920-1536x703.jpg 1536w, https:\/\/www.skalnik.pl\/blog\/wp-content\/uploads\/2023\/01\/swietokrzyskie-mountains-gd0e2692fc_1920.jpg 1920w\" sizes=\"auto, (max-width: 1024px) 100vw, 1024px\" \/><figcaption class=\"wp-element-caption\"><em>\u0141agodne grzbiety najstarszych w Polsce g\u00f3r- G\u00f3ry \u015awi\u0119tokrzyskie (fot. Tomek Klamczy\u0144ski, Pixabay)<\/em><\/figcaption><\/figure>\n\n\n\n<p>Na ca\u0142y obszar G\u00f3r \u015awi\u0119tokrzyskich sk\u0142ada si\u0119 kilkana\u015bcie stosunkowo niskich, r\u00f3wnoleg\u0142ych pasm od\u00a0\u0142\u0105cznej d\u0142ugo\u015bci oko\u0142o 70\u00a0km. Wzniesienia G\u00f3r \u015awi\u0119tokrzyskich s\u0105\u00a0\u0142agodne, strome stoki s\u0105 tu niespotykane. S\u0105\u00a0w\u015br\u00f3d nich bardzo popularne w\u015br\u00f3d turyst\u00f3w \u0141ysog\u00f3ry, Pasmo Jeleniowskie czy Klonowskie, a\u00a0tak\u017ce mniej oblegane takie jak Pasmo Mas\u0142owskie czy Obl\u0119gorskie. Cz\u0119\u015b\u0107 G\u00f3r \u015awi\u0119tokrzyskich le\u017cy w\u00a0granicach Kielc, a\u00a0szczeg\u00f3lnie wyr\u00f3\u017cnia si\u0119 tu\u00a0Pasmo Kadzielnia\u0144skie z\u00a0licznymi jaskiniami. Jego cz\u0119\u015b\u0107 obj\u0119ta jest ochron\u0105 rezerwatu przyrody Kadzielnia.<\/p>\n\n\n\n<p><mark style=\"background-color:rgba(0, 0, 0, 0)\" class=\"has-inline-color has-vivid-cyan-blue-color\">Poznaj te\u017c inne pasma g\u00f3rskie w Polsce <strong><a href=\"https:\/\/www.skalnik.pl\/blog\/gory-w-polsce-lancuchy-i-pasma-gorskie\/\" target=\"_blank\" rel=\"noreferrer noopener\">z tego artyku\u0142u<\/a><\/strong>. <\/mark><\/p>\n\n\n\n<h2 class=\"wp-block-heading\" id=\"aioseo-najwieksze-atrakcje-gor-swietokrzyskich\"><span class=\"ez-toc-section\" id=\"Najwieksze_atrakcje_Gor_Swietokrzyskich\"><\/span>Najwi\u0119ksze atrakcje G\u00f3r \u015awi\u0119tokrzyskich<span class=\"ez-toc-section-end\"><\/span><\/h2>\n\n\n\n<p>No dobrze. Ale je\u015bli nie interesujesz si\u0119 geologi\u0105, to&nbsp;czy znajdziesz tu&nbsp;co\u015b dla siebie? Oczywi\u015bcie. Przede wszystkim szlaki turystyczne G\u00f3r \u015awi\u0119tokrzyskich pozwalaj\u0105 na&nbsp;kr\u00f3tsze i&nbsp;d\u0142u\u017csze w\u0119dr\u00f3wki obejmuj\u0105ce r\u00f3\u017cne pasma. Najd\u0142u\u017cszym z&nbsp;nich jest czerwony G\u0142\u00f3wny Szlak \u015awi\u0119tokrzyski z&nbsp;Go\u0142oszyc przez \u015awi\u0119ty Krzy\u017c, Prze\u0142\u0119cz Huck\u0105, Kakonin, \u0141ysic\u0119, \u015awi\u0119t\u0105 Katarzyn\u0119, Radostow\u0105, Klon\u00f3wk\u0119, Sosnowic\u0119, Ciosow\u0105 do&nbsp;Ku\u017aniak. Jego uzupe\u0142nieniem s\u0105&nbsp;kr\u00f3tsze \u015bwi\u0119tokrzyskie szlaki przecinaj\u0105ce poszczeg\u00f3lne pasma w&nbsp;poprzek lub doprowadzaj\u0105ce do&nbsp;najwa\u017cniejszych miejsc na&nbsp;ca\u0142ym terenie. Dzi\u0119ki nim poznasz urokliwy krajobraz G\u00f3r \u015awi\u0119tokrzyskich.<\/p>\n\n\n\n<p>Niekwestionowanym symbolem ca\u0142ego regionu regionu \u015bwi\u0119tokrzyskiego s\u0105&nbsp;go\u0142oborza. To&nbsp;obszary na&nbsp;terenie g\u00f3r pokryte skalnym rumoszem. Go\u0142oborza \u015bwi\u0119tokrzyskie powsta\u0142y w&nbsp;wyniku p\u0119kania ska\u0142 pod wietrzenia mrozowego. To&nbsp;miejsce wyj\u0105tkowe w&nbsp;skali Polski. Najwi\u0119ksze go\u0142oborze znajduje si\u0119 pod szczytem \u015awi\u0119tego Krzy\u017ca (594 m n.p.m.). Ze znajduj\u0105cej si\u0119 tu platformy widokowej mo\u017cna ogl\u0105da\u0107 ca\u0142y obszar, a&nbsp;tak\u017ce ca\u0142kiem rozleg\u0142\u0105 panoram\u0119 okolicy. Mniejsze, ale og\u00f3lnodost\u0119pne go\u0142oborze znajduje si\u0119 te\u017c pod szczytem \u0141ysicy w zachodniej cz\u0119\u015bci \u0141ysog\u00f3r.<\/p>\n\n\n\n<figure class=\"wp-block-image size-large\"><img loading=\"lazy\" decoding=\"async\" width=\"1024\" height=\"768\" src=\"https:\/\/www.skalnik.pl\/blog\/wp-content\/uploads\/2023\/01\/P7250043-min-1024x768.jpg\" alt=\"\" class=\"wp-image-21945\" srcset=\"https:\/\/www.skalnik.pl\/blog\/wp-content\/uploads\/2023\/01\/P7250043-min-1024x768.jpg 1024w, https:\/\/www.skalnik.pl\/blog\/wp-content\/uploads\/2023\/01\/P7250043-min-300x225.jpg 300w, https:\/\/www.skalnik.pl\/blog\/wp-content\/uploads\/2023\/01\/P7250043-min-768x576.jpg 768w, https:\/\/www.skalnik.pl\/blog\/wp-content\/uploads\/2023\/01\/P7250043-min-1536x1152.jpg 1536w, https:\/\/www.skalnik.pl\/blog\/wp-content\/uploads\/2023\/01\/P7250043-min-2048x1536.jpg 2048w\" sizes=\"auto, (max-width: 1024px) 100vw, 1024px\" \/><\/figure>\n\n\n\n<p>W G\u00f3rach \u015awi\u0119tokrzyskich znajdziesz te\u017c sporo ciekawych jaski\u0144.\u00a0Najbardziej znan\u0105 jest Jaskinia Raj \u2013\u00a0to najwi\u0119ksza z\u00a0jaski\u0144 G\u00f3r \u015awi\u0119tokrzyskich ulokowana na zboczu wzg\u00f3rza Malik (270 m n.p.m.). Trasa turystyczna jest tu\u00a0o\u015bwietlona i\u00a0przygotowana do\u00a0zwiedzania, a\u00a0przechodzi si\u0119 j\u0105\u00a0w\u00a0towarzystwie przewodnika. Bardzo ciekawe, cho\u0107 znacznie mniejsze s\u0105\u00a0jaskinie na\u00a0w\u00a0rezerwacie Kadzielnia na\u00a0terenie Kielc. S\u0105\u00a0one udost\u0119pniane do\u00a0zwiedzania w\u00a0towarzystwie cz\u0142onk\u00f3w Klubu Speleologicznego z\u00a0Kielc. Kadzielnia to\u00a0tak\u017ce \u015bwietne miejsce dla wspinaczy. W podziemiach znajduj\u0105 si\u0119 takie atrakcje jak na przyk\u0142ad wylewany zim\u0105 ca\u0142kiem spory lodospad.<\/p>\n\n\n<div class=\"wp-block-image\">\n<figure class=\"aligncenter size-large\"><img loading=\"lazy\" decoding=\"async\" width=\"1024\" height=\"768\" src=\"https:\/\/www.skalnik.pl\/blog\/wp-content\/uploads\/2023\/01\/DSCN2635-min-1-1024x768.jpg\" alt=\"\" class=\"wp-image-21947\" srcset=\"https:\/\/www.skalnik.pl\/blog\/wp-content\/uploads\/2023\/01\/DSCN2635-min-1-1024x768.jpg 1024w, https:\/\/www.skalnik.pl\/blog\/wp-content\/uploads\/2023\/01\/DSCN2635-min-1-300x225.jpg 300w, https:\/\/www.skalnik.pl\/blog\/wp-content\/uploads\/2023\/01\/DSCN2635-min-1-768x576.jpg 768w, https:\/\/www.skalnik.pl\/blog\/wp-content\/uploads\/2023\/01\/DSCN2635-min-1-1536x1152.jpg 1536w, https:\/\/www.skalnik.pl\/blog\/wp-content\/uploads\/2023\/01\/DSCN2635-min-1-2048x1536.jpg 2048w\" sizes=\"auto, (max-width: 1024px) 100vw, 1024px\" \/><figcaption class=\"wp-element-caption\"><em>Jaskinie w Rezerwacie Kadzielnia mo\u017cesz zwiedzi\u0107 z cz\u0142onkami Klubu Speleologicznego (fot. Anna \u015aliwa)<\/em><\/figcaption><\/figure>\n<\/div>\n\n\n<h2 class=\"wp-block-heading\" id=\"aioseo-swiety-krzyz-i-lysica-najwazniejsze-szczyty-gor-swietokrzyskich\"><span class=\"ez-toc-section\" id=\"Swiety_Krzyz_i_Lysica_%E2%80%93_najwazniejsze_szczyty_Gor_Swietokrzyskich\"><\/span>\u015awi\u0119ty Krzy\u017c i \u0141ysica &#8211; najwa\u017cniejsze szczyty G\u00f3r \u015awi\u0119tokrzyskich<span class=\"ez-toc-section-end\"><\/span><\/h2>\n\n\n\n<p>Nazwa G\u00f3r \u015awi\u0119tokrzyskich pochodzi od&nbsp;szczytu \u015awi\u0119ty Krzy\u017c nazywany te\u017c \u0141ys\u0105 G\u00f3r\u0105 lub \u0141y\u015bcem. Zwiedzaj\u0105c G\u00f3ry \u015awi\u0119tokrzyskie, nie mo\u017cesz pomin\u0105\u0107 tego miejsca. Od&nbsp;czas\u00f3w s\u0142owia\u0144skich szczyt by\u0142 miejscem kultu poga\u0144skiego, a&nbsp;wa\u0142 b\u0119d\u0105cy pozosta\u0142o\u015bci\u0105 budowli kultowej mo\u017cesz ogl\u0105da\u0107 w&nbsp;okolicach go\u0142oborza. Wed\u0142ug legend jest to&nbsp;miejsce, gdzie odbywa\u0142y si\u0119 sabaty czarownic. W&nbsp;1006 r.&nbsp;na \u0141ysej G\u00f3rze z&nbsp;fundacji Boles\u0142awa Chrobrego stan\u0105\u0142 klasztor. Do dzi\u015b klasztor s\u0142ynie z relikwii Krzy\u017ca \u015awi\u0119tego podarowanych przez ksi\u0119cia Emeryka. Klasztor na&nbsp;\u015awi\u0119tym Krzy\u017cu to&nbsp;dzi\u015b jeden z&nbsp;najwa\u017cniejszych zabytk\u00f3w w&nbsp;rejonie G\u00f3r \u015awi\u0119tokrzyskich. Ponadto jego wie\u017ca jest doskona\u0142ym punktem widokowym. Przy dobrych warunkach, kt\u00f3re jednak zdarzaj\u0105 si\u0119 kilka razy w&nbsp;roku, mo\u017cna st\u0105d zobaczy\u0107 nawet Tatry. \u0141ysa G\u00f3ra to&nbsp;naj\u0142atwiej dost\u0119pny szczyt w&nbsp;ca\u0142ym regionie. Od&nbsp;strony Prze\u0142\u0119czy Huckiej prowadzi do&nbsp;niego droga asfaltowa. Bardzo \u0142adne, prowadz\u0105ce przez las wej\u015bcie wiedzie z&nbsp;kolei od&nbsp;Nowej S\u0142upi, gdzie znajduje si\u0119 Muzeum Staro\u017cytnego Hutnictwa. Wzd\u0142u\u017c szlaku prowadz\u0105cego z Nowej S\u0142upi umieszczone s\u0105 drewnie stacje drogi krzy\u017cowej.<\/p>\n\n\n\n<p>W klasztorze mo\u017cesz zobaczy\u0107 relikwie drzewa Krzy\u017ca \u015awi\u0119tego, a w ozdobionej freskami kaplicy Ole\u015bnickich zmumifikowane cia\u0142o, kt\u00f3re przez lata przypisywano Jeremiemu Wi\u015bniowieckiemu.<\/p>\n\n\n\n<figure class=\"wp-block-image size-large\"><img loading=\"lazy\" decoding=\"async\" width=\"1024\" height=\"768\" src=\"https:\/\/www.skalnik.pl\/blog\/wp-content\/uploads\/2023\/01\/P7250034-min-1024x768.jpg\" alt=\"\" class=\"wp-image-21948\" srcset=\"https:\/\/www.skalnik.pl\/blog\/wp-content\/uploads\/2023\/01\/P7250034-min-1024x768.jpg 1024w, https:\/\/www.skalnik.pl\/blog\/wp-content\/uploads\/2023\/01\/P7250034-min-300x225.jpg 300w, https:\/\/www.skalnik.pl\/blog\/wp-content\/uploads\/2023\/01\/P7250034-min-768x576.jpg 768w, https:\/\/www.skalnik.pl\/blog\/wp-content\/uploads\/2023\/01\/P7250034-min-1536x1152.jpg 1536w, https:\/\/www.skalnik.pl\/blog\/wp-content\/uploads\/2023\/01\/P7250034-min-2048x1536.jpg 2048w\" sizes=\"auto, (max-width: 1024px) 100vw, 1024px\" \/><figcaption class=\"wp-element-caption\"><em>Klasztor na \u015awi\u0119tym Krzy\u017cu (fot. Anna \u015aliwa)<\/em><\/figcaption><\/figure>\n\n\n\n<h3 class=\"wp-block-heading\" id=\"aioseo-lysica-najwyzszy-szczyt-gor-swietokrzyskich-szczyt-korony-gor-polski\"><span class=\"ez-toc-section\" id=\"Lysica_%E2%80%93_najwyzszy_szczyt_Gor_Swietokrzyskich_szczyt_Korony_Gor_Polski\"><\/span>\u0141ysica &#8211; najwy\u017cszy szczyt G\u00f3r \u015awi\u0119tokrzyskich, szczyt Korony G\u00f3r Polski<span class=\"ez-toc-section-end\"><\/span><\/h3>\n\n\n\n<p>\u0141ysica, le\u017c\u0105ca podobnie jak \u015awi\u0119ty Krzy\u017c w\u00a0Pa\u015bmie \u0141ysog\u00f3r, to\u00a0najwy\u017cszy szczyt G\u00f3r \u015awi\u0119tokrzyskich zaliczany do\u00a0korony g\u00f3r Polski. Najwy\u017cszy wierzcho\u0142ek, Ska\u0142a Agaty nie jest dost\u0119pny znakowany szlakiem pieszym, ale prowadzi do\u00a0niego \u015bcie\u017cka. Na\u00a0wierzcho\u0142ku g\u0142\u00f3wnym stoi krzy\u017c, a\u00a0poni\u017cej znajduje si\u0119 go\u0142oborze. Naj\u0142atwiej dosta\u0107 si\u0119 na\u00a0\u0141ysic\u0119 czerwonym szlakiem z\u00a0miejscowo\u015bci \u015awi\u0119ta Katarzyna. Mijamy w\u0119druj\u0105c szlakiem malownicz\u0105 kapliczk\u0119 i\u00a0\u017ar\u00f3de\u0142ko \u015bw. Franciszka.<\/p>\n\n\n\n<p><mark style=\"background-color:rgba(0, 0, 0, 0)\" class=\"has-inline-color has-vivid-cyan-blue-color\">Zobacz cykl naszych artyku\u0142\u00f3w dotycz\u0105cych <a href=\"https:\/\/www.skalnik.pl\/blog\/tag\/korona-gor-polski\/\" target=\"_blank\" rel=\"noreferrer noopener\"><strong>Korony G\u00f3r Polskich<\/strong><\/a>.<\/mark><\/p>\n\n\n\n<figure class=\"wp-block-image size-large\"><img loading=\"lazy\" decoding=\"async\" width=\"1024\" height=\"768\" src=\"https:\/\/www.skalnik.pl\/blog\/wp-content\/uploads\/2023\/01\/DSCN2618-min-1024x768.jpg\" alt=\"\" class=\"wp-image-21949\" srcset=\"https:\/\/www.skalnik.pl\/blog\/wp-content\/uploads\/2023\/01\/DSCN2618-min-1024x768.jpg 1024w, https:\/\/www.skalnik.pl\/blog\/wp-content\/uploads\/2023\/01\/DSCN2618-min-300x225.jpg 300w, https:\/\/www.skalnik.pl\/blog\/wp-content\/uploads\/2023\/01\/DSCN2618-min-768x576.jpg 768w, https:\/\/www.skalnik.pl\/blog\/wp-content\/uploads\/2023\/01\/DSCN2618-min-1536x1152.jpg 1536w, https:\/\/www.skalnik.pl\/blog\/wp-content\/uploads\/2023\/01\/DSCN2618-min-2048x1536.jpg 2048w\" sizes=\"auto, (max-width: 1024px) 100vw, 1024px\" \/><figcaption class=\"wp-element-caption\"><em>Szczyt \u0141ysicy nale\u017c\u0105cy do Korony G\u00f3r Polski (fot. Anna \u015aliwa)<\/em><\/figcaption><\/figure>\n\n\n\n<h2 class=\"wp-block-heading\" id=\"aioseo-swietokrzyski-park-narodowy\"><span class=\"ez-toc-section\" id=\"Swietokrzyski_Park_Narodowy\"><\/span>\u015awi\u0119tokrzyski Park Narodowy<span class=\"ez-toc-section-end\"><\/span><\/h2>\n\n\n\n<p>W 1950 r.\u00a0utworzono \u015awi\u0119tokrzyski Park Narodowy. Obejmuje pasmo \u0141ysog\u00f3r z\u00a0najwy\u017cszym szczytem \u0141ysic\u0105, cz\u0119\u015b\u0107 Pasma Klonowskiego, Dolin\u0119 Wilkowsk\u0105 i\u00a0D\u0119bnia\u0144sk\u0105, a\u00a0tak\u017ce trzy enklawy G\u00f3r\u0119 Che\u0142mow\u0105, Las Serwis i\u00a0Skarp\u0119 Zapusty. Na\u00a0terenie parku narodowego znajduj\u0105 si\u0119 cenne lasy, w\u00a0tym przyrodnicze skarby Puszczy Jod\u0142owej oraz inne zbiorowiska ro\u015blinne. Lasy zajmuj\u0105 oko\u0142o 95% jego powierzchni. Bardzo du\u017ce znaczenie dla geolog\u00f3w i\u00a0przyrodnik\u00f3w maj\u0105 te\u017c wspomniane wcze\u015bniej go\u0142oborza.<\/p>\n\n\n\n<hr class=\"wp-block-separator has-css-opacity is-style-dots\"\/>\n\n\n\n<p>G\u00f3ry \u015awi\u0119tokrzyskie, cho\u0107 niewysokie, zachwycaj\u0105 swoimi \u0142agodnymi krajobrazami, wspania\u0142ymi lasami i&nbsp;licznymi zabytkami. Daj\u0105 mo\u017cliwo\u015b\u0107 uprawiania turystyki pieszej. Tak\u017ce na&nbsp;wycieczki rowerowe G\u00f3ry \u015awi\u0119tokrzyskie s\u0105&nbsp;\u015bwietnym pomys\u0142em, a&nbsp;ze wzgl\u0119du na&nbsp;sw\u00f3j charakter \u015bwietnie sprawdz\u0105 si\u0119 na&nbsp;wycieczki z&nbsp;dzie\u0107mi. Odkryj najstarsze polskie g\u00f3ry, na&nbsp;pewno si\u0119 nie zawiedziesz.<\/p>\n\n\n\n<p>Przy okazji warto pami\u0119ta\u0107, \u017ce G\u00f3ry \u015awi\u0119tokrzyskie atrakcje maj\u0105 wpisane w &#8222;panoram\u0119&#8221;. Mo\u017cesz odwiedzi\u0107 Muzeum Przyrodnicze \u015awi\u0119tokrzyskiego Parku Narodowego, Muzeum Staro\u017cytnego Hutnictwa \u015awi\u0119tokrzyskiego w Nowej S\u0142upi, Muzeum Minera\u0142\u00f3w i Skamienia\u0142o\u015bci w \u015awi\u0119tej Katarzynie, park miniatur, a tak\u017ce przemierzy\u0107 \u015bwi\u0119tokrzyski szlak literacki. Kosztuj\u0105c pysznych regionalnych smako\u0142yk\u00f3w, mo\u017cesz odpoczywa\u0107 z pi\u0119knymi widokami z Muzeum Wsi Kieleckiej w Tokarni.<\/p>\n\n\n\n<p>Zobacz artyku\u0142 o&nbsp;tym, jak zachowa\u0107 si\u0119 w&nbsp;parku narodowym, rezerwacie i&nbsp;parku krajobrazowym \u2013&nbsp;<a rel=\"noreferrer noopener\" href=\"https:\/\/www.skalnik.pl\/blog\/parki-narodowe-zasady\/\" target=\"_blank\"><strong>kliknij tutaj<\/strong><\/a>. Widzimy si\u0119 w G\u00f3rach \u015awi\u0119tokrzyskich!<\/p>\n","protected":false},"excerpt":{"rendered":"<p>G\u00f3ry \u015awi\u0119tokrzyskie to najni\u017csze i najstarsze g\u00f3ry w Polsce. Poznaj je i przekonaj si\u0119, \u017ce ma\u0142e te\u017c jest pi\u0119kne. <\/p>\n","protected":false},"author":41,"featured_media":21943,"comment_status":"open","ping_status":"open","sticky":false,"template":"","format":"standard","meta":{"_acf_changed":false,"footnotes":""},"categories":[84],"tags":[28],"magento_category":[],"magento_product":[],"class_list":["post-21942","post","type-post","status-publish","format-standard","has-post-thumbnail","hentry","category-pasja","tag-gory"],"acf":[],"aioseo_notices":[],"aioseo_head":"\n\t\t<!-- All in One SEO 4.9.10 - aioseo.com -->\n\t<meta name=\"description\" content=\"G\u00f3ry \u015awi\u0119tokrzyskie to idealne miejsce dla mi\u0142o\u015bnik\u00f3w w\u0119drowania i rower\u00f3w. Liczne, \u0142atwe szlaki i atrakcje G\u00f3r \u015awi\u0119tokrzyskich to \u015bwietny pomys\u0142 na wyjazd.\" \/>\n\t<meta name=\"robots\" content=\"max-image-preview:large\" \/>\n\t<meta name=\"author\" content=\"Anna \u015aliwa\"\/>\n\t<link rel=\"canonical\" href=\"https:\/\/www.skalnik.pl\/blog\/gory-swietokrzyskie\/\" \/>\n\t<meta name=\"generator\" content=\"All in One SEO (AIOSEO) 4.9.10\" \/>\n\t\t<meta property=\"og:locale\" content=\"pl_PL\" \/>\n\t\t<meta property=\"og:site_name\" content=\"blog Skalnik - Blog, porady, artyku\u0142y - blog Skalnik\" \/>\n\t\t<meta property=\"og:type\" content=\"article\" \/>\n\t\t<meta property=\"og:title\" content=\"G\u00f3ry \u015awi\u0119tokrzyskie - blog Skalnik\" \/>\n\t\t<meta property=\"og:description\" content=\"G\u00f3ry \u015awi\u0119tokrzyskie to idealne miejsce dla mi\u0142o\u015bnik\u00f3w w\u0119drowania i rower\u00f3w. Liczne, \u0142atwe szlaki i atrakcje G\u00f3r \u015awi\u0119tokrzyskich to \u015bwietny pomys\u0142 na wyjazd.\" \/>\n\t\t<meta property=\"og:url\" content=\"https:\/\/www.skalnik.pl\/blog\/gory-swietokrzyskie\/\" \/>\n\t\t<meta property=\"og:image\" content=\"https:\/\/www.skalnik.pl\/blog\/wp-content\/uploads\/2023\/01\/swietokrzyskie-mountains-gd0e2692fc_1920.jpg\" \/>\n\t\t<meta property=\"og:image:secure_url\" content=\"https:\/\/www.skalnik.pl\/blog\/wp-content\/uploads\/2023\/01\/swietokrzyskie-mountains-gd0e2692fc_1920.jpg\" \/>\n\t\t<meta property=\"og:image:width\" content=\"1920\" \/>\n\t\t<meta property=\"og:image:height\" content=\"879\" \/>\n\t\t<meta property=\"article:tag\" content=\"pasja\" \/>\n\t\t<meta property=\"article:tag\" content=\"g\u00f3ry\" \/>\n\t\t<meta property=\"article:published_time\" content=\"2023-03-15T13:26:00+00:00\" \/>\n\t\t<meta property=\"article:modified_time\" content=\"2024-10-30T10:12:29+00:00\" \/>\n\t\t<meta name=\"twitter:card\" content=\"summary_large_image\" \/>\n\t\t<meta name=\"twitter:title\" content=\"G\u00f3ry \u015awi\u0119tokrzyskie - blog Skalnik\" \/>\n\t\t<meta name=\"twitter:description\" content=\"G\u00f3ry \u015awi\u0119tokrzyskie to idealne miejsce dla mi\u0142o\u015bnik\u00f3w w\u0119drowania i rower\u00f3w. Liczne, \u0142atwe szlaki i atrakcje G\u00f3r \u015awi\u0119tokrzyskich to \u015bwietny pomys\u0142 na wyjazd.\" \/>\n\t\t<meta name=\"twitter:image\" content=\"https:\/\/www.skalnik.pl\/blog\/wp-content\/uploads\/2023\/01\/swietokrzyskie-mountains-gd0e2692fc_1920.jpg\" \/>\n\t\t<script type=\"application\/ld+json\" class=\"aioseo-schema\">\n\t\t\t{\"@context\":\"https:\\\/\\\/schema.org\",\"@graph\":[{\"@type\":\"BlogPosting\",\"@id\":\"https:\\\/\\\/www.skalnik.pl\\\/blog\\\/gory-swietokrzyskie\\\/#blogposting\",\"name\":\"G\\u00f3ry \\u015awi\\u0119tokrzyskie - blog Skalnik\",\"headline\":\"G\\u00f3ry \\u015awi\\u0119tokrzyskie\",\"author\":{\"@id\":\"https:\\\/\\\/www.skalnik.pl\\\/blog\\\/author\\\/anna-sliwa\\\/#author\"},\"publisher\":{\"@id\":\"https:\\\/\\\/www.skalnik.pl\\\/blog\\\/#organization\"},\"image\":{\"@type\":\"ImageObject\",\"url\":\"https:\\\/\\\/www.skalnik.pl\\\/blog\\\/wp-content\\\/uploads\\\/2023\\\/01\\\/swiety-krzyz-scaled.jpg\",\"width\":2560,\"height\":940},\"datePublished\":\"2023-03-15T14:26:00+02:00\",\"dateModified\":\"2024-10-30T12:12:29+02:00\",\"inLanguage\":\"pl-PL\",\"mainEntityOfPage\":{\"@id\":\"https:\\\/\\\/www.skalnik.pl\\\/blog\\\/gory-swietokrzyskie\\\/#webpage\"},\"isPartOf\":{\"@id\":\"https:\\\/\\\/www.skalnik.pl\\\/blog\\\/gory-swietokrzyskie\\\/#webpage\"},\"articleSection\":\"Pasja, g\\u00f3ry\"},{\"@type\":\"BreadcrumbList\",\"@id\":\"https:\\\/\\\/www.skalnik.pl\\\/blog\\\/gory-swietokrzyskie\\\/#breadcrumblist\",\"itemListElement\":[{\"@type\":\"ListItem\",\"@id\":\"https:\\\/\\\/www.skalnik.pl\\\/blog#listItem\",\"position\":1,\"name\":\"Home\",\"item\":\"https:\\\/\\\/www.skalnik.pl\\\/blog\",\"nextItem\":{\"@type\":\"ListItem\",\"@id\":\"https:\\\/\\\/www.skalnik.pl\\\/blog\\\/.\\\/pasja\\\/#listItem\",\"name\":\"Pasja\"}},{\"@type\":\"ListItem\",\"@id\":\"https:\\\/\\\/www.skalnik.pl\\\/blog\\\/.\\\/pasja\\\/#listItem\",\"position\":2,\"name\":\"Pasja\",\"item\":\"https:\\\/\\\/www.skalnik.pl\\\/blog\\\/.\\\/pasja\\\/\",\"nextItem\":{\"@type\":\"ListItem\",\"@id\":\"https:\\\/\\\/www.skalnik.pl\\\/blog\\\/gory-swietokrzyskie\\\/#listItem\",\"name\":\"G\\u00f3ry \\u015awi\\u0119tokrzyskie\"},\"previousItem\":{\"@type\":\"ListItem\",\"@id\":\"https:\\\/\\\/www.skalnik.pl\\\/blog#listItem\",\"name\":\"Home\"}},{\"@type\":\"ListItem\",\"@id\":\"https:\\\/\\\/www.skalnik.pl\\\/blog\\\/gory-swietokrzyskie\\\/#listItem\",\"position\":3,\"name\":\"G\\u00f3ry \\u015awi\\u0119tokrzyskie\",\"previousItem\":{\"@type\":\"ListItem\",\"@id\":\"https:\\\/\\\/www.skalnik.pl\\\/blog\\\/.\\\/pasja\\\/#listItem\",\"name\":\"Pasja\"}}]},{\"@type\":\"Organization\",\"@id\":\"https:\\\/\\\/www.skalnik.pl\\\/blog\\\/#organization\",\"name\":\"blog Skalnik\",\"description\":\"Blog, porady, artyku\\u0142y - blog Skalnik\",\"url\":\"https:\\\/\\\/www.skalnik.pl\\\/blog\\\/\"},{\"@type\":\"Person\",\"@id\":\"https:\\\/\\\/www.skalnik.pl\\\/blog\\\/author\\\/anna-sliwa\\\/#author\",\"url\":\"https:\\\/\\\/www.skalnik.pl\\\/blog\\\/author\\\/anna-sliwa\\\/\",\"name\":\"Anna \\u015aliwa\",\"image\":{\"@type\":\"ImageObject\",\"@id\":\"https:\\\/\\\/www.skalnik.pl\\\/blog\\\/gory-swietokrzyskie\\\/#authorImage\",\"url\":\"https:\\\/\\\/secure.gravatar.com\\\/avatar\\\/e8300be3de710e2e109e5dfbf092dcf827242ec8071807a1e13f6b3f7c9bbd79?s=96&d=mm&r=g\",\"width\":96,\"height\":96,\"caption\":\"Anna \\u015aliwa\"}},{\"@type\":\"WebPage\",\"@id\":\"https:\\\/\\\/www.skalnik.pl\\\/blog\\\/gory-swietokrzyskie\\\/#webpage\",\"url\":\"https:\\\/\\\/www.skalnik.pl\\\/blog\\\/gory-swietokrzyskie\\\/\",\"name\":\"G\\u00f3ry \\u015awi\\u0119tokrzyskie - blog Skalnik\",\"description\":\"G\\u00f3ry \\u015awi\\u0119tokrzyskie to idealne miejsce dla mi\\u0142o\\u015bnik\\u00f3w w\\u0119drowania i rower\\u00f3w. Liczne, \\u0142atwe szlaki i atrakcje G\\u00f3r \\u015awi\\u0119tokrzyskich to \\u015bwietny pomys\\u0142 na wyjazd.\",\"inLanguage\":\"pl-PL\",\"isPartOf\":{\"@id\":\"https:\\\/\\\/www.skalnik.pl\\\/blog\\\/#website\"},\"breadcrumb\":{\"@id\":\"https:\\\/\\\/www.skalnik.pl\\\/blog\\\/gory-swietokrzyskie\\\/#breadcrumblist\"},\"author\":{\"@id\":\"https:\\\/\\\/www.skalnik.pl\\\/blog\\\/author\\\/anna-sliwa\\\/#author\"},\"creator\":{\"@id\":\"https:\\\/\\\/www.skalnik.pl\\\/blog\\\/author\\\/anna-sliwa\\\/#author\"},\"image\":{\"@type\":\"ImageObject\",\"url\":\"https:\\\/\\\/www.skalnik.pl\\\/blog\\\/wp-content\\\/uploads\\\/2023\\\/01\\\/swiety-krzyz-scaled.jpg\",\"@id\":\"https:\\\/\\\/www.skalnik.pl\\\/blog\\\/gory-swietokrzyskie\\\/#mainImage\",\"width\":2560,\"height\":940},\"primaryImageOfPage\":{\"@id\":\"https:\\\/\\\/www.skalnik.pl\\\/blog\\\/gory-swietokrzyskie\\\/#mainImage\"},\"datePublished\":\"2023-03-15T14:26:00+02:00\",\"dateModified\":\"2024-10-30T12:12:29+02:00\"},{\"@type\":\"WebSite\",\"@id\":\"https:\\\/\\\/www.skalnik.pl\\\/blog\\\/#website\",\"url\":\"https:\\\/\\\/www.skalnik.pl\\\/blog\\\/\",\"name\":\"blog Skalnik\",\"description\":\"Blog, porady, artyku\\u0142y - blog Skalnik\",\"inLanguage\":\"pl-PL\",\"publisher\":{\"@id\":\"https:\\\/\\\/www.skalnik.pl\\\/blog\\\/#organization\"}}]}\n\t\t<\/script>\n\t\t<!-- All in One SEO -->\n\n","aioseo_head_json":{"title":"G\u00f3ry \u015awi\u0119tokrzyskie - blog Skalnik","description":"G\u00f3ry \u015awi\u0119tokrzyskie to idealne miejsce dla mi\u0142o\u015bnik\u00f3w w\u0119drowania i rower\u00f3w. Liczne, \u0142atwe szlaki i atrakcje G\u00f3r \u015awi\u0119tokrzyskich to \u015bwietny pomys\u0142 na wyjazd.","canonical_url":"https:\/\/www.skalnik.pl\/blog\/gory-swietokrzyskie\/","robots":"max-image-preview:large","keywords":"","webmasterTools":{"miscellaneous":""},"schema":{"@context":"https:\/\/schema.org","@graph":[{"@type":"BlogPosting","@id":"https:\/\/www.skalnik.pl\/blog\/gory-swietokrzyskie\/#blogposting","name":"G\u00f3ry \u015awi\u0119tokrzyskie - blog Skalnik","headline":"G\u00f3ry \u015awi\u0119tokrzyskie","author":{"@id":"https:\/\/www.skalnik.pl\/blog\/author\/anna-sliwa\/#author"},"publisher":{"@id":"https:\/\/www.skalnik.pl\/blog\/#organization"},"image":{"@type":"ImageObject","url":"https:\/\/www.skalnik.pl\/blog\/wp-content\/uploads\/2023\/01\/swiety-krzyz-scaled.jpg","width":2560,"height":940},"datePublished":"2023-03-15T14:26:00+02:00","dateModified":"2024-10-30T12:12:29+02:00","inLanguage":"pl-PL","mainEntityOfPage":{"@id":"https:\/\/www.skalnik.pl\/blog\/gory-swietokrzyskie\/#webpage"},"isPartOf":{"@id":"https:\/\/www.skalnik.pl\/blog\/gory-swietokrzyskie\/#webpage"},"articleSection":"Pasja, g\u00f3ry"},{"@type":"BreadcrumbList","@id":"https:\/\/www.skalnik.pl\/blog\/gory-swietokrzyskie\/#breadcrumblist","itemListElement":[{"@type":"ListItem","@id":"https:\/\/www.skalnik.pl\/blog#listItem","position":1,"name":"Home","item":"https:\/\/www.skalnik.pl\/blog","nextItem":{"@type":"ListItem","@id":"https:\/\/www.skalnik.pl\/blog\/.\/pasja\/#listItem","name":"Pasja"}},{"@type":"ListItem","@id":"https:\/\/www.skalnik.pl\/blog\/.\/pasja\/#listItem","position":2,"name":"Pasja","item":"https:\/\/www.skalnik.pl\/blog\/.\/pasja\/","nextItem":{"@type":"ListItem","@id":"https:\/\/www.skalnik.pl\/blog\/gory-swietokrzyskie\/#listItem","name":"G\u00f3ry \u015awi\u0119tokrzyskie"},"previousItem":{"@type":"ListItem","@id":"https:\/\/www.skalnik.pl\/blog#listItem","name":"Home"}},{"@type":"ListItem","@id":"https:\/\/www.skalnik.pl\/blog\/gory-swietokrzyskie\/#listItem","position":3,"name":"G\u00f3ry \u015awi\u0119tokrzyskie","previousItem":{"@type":"ListItem","@id":"https:\/\/www.skalnik.pl\/blog\/.\/pasja\/#listItem","name":"Pasja"}}]},{"@type":"Organization","@id":"https:\/\/www.skalnik.pl\/blog\/#organization","name":"blog Skalnik","description":"Blog, porady, artyku\u0142y - blog Skalnik","url":"https:\/\/www.skalnik.pl\/blog\/"},{"@type":"Person","@id":"https:\/\/www.skalnik.pl\/blog\/author\/anna-sliwa\/#author","url":"https:\/\/www.skalnik.pl\/blog\/author\/anna-sliwa\/","name":"Anna \u015aliwa","image":{"@type":"ImageObject","@id":"https:\/\/www.skalnik.pl\/blog\/gory-swietokrzyskie\/#authorImage","url":"https:\/\/secure.gravatar.com\/avatar\/e8300be3de710e2e109e5dfbf092dcf827242ec8071807a1e13f6b3f7c9bbd79?s=96&d=mm&r=g","width":96,"height":96,"caption":"Anna \u015aliwa"}},{"@type":"WebPage","@id":"https:\/\/www.skalnik.pl\/blog\/gory-swietokrzyskie\/#webpage","url":"https:\/\/www.skalnik.pl\/blog\/gory-swietokrzyskie\/","name":"G\u00f3ry \u015awi\u0119tokrzyskie - blog Skalnik","description":"G\u00f3ry \u015awi\u0119tokrzyskie to idealne miejsce dla mi\u0142o\u015bnik\u00f3w w\u0119drowania i rower\u00f3w. Liczne, \u0142atwe szlaki i atrakcje G\u00f3r \u015awi\u0119tokrzyskich to \u015bwietny pomys\u0142 na wyjazd.","inLanguage":"pl-PL","isPartOf":{"@id":"https:\/\/www.skalnik.pl\/blog\/#website"},"breadcrumb":{"@id":"https:\/\/www.skalnik.pl\/blog\/gory-swietokrzyskie\/#breadcrumblist"},"author":{"@id":"https:\/\/www.skalnik.pl\/blog\/author\/anna-sliwa\/#author"},"creator":{"@id":"https:\/\/www.skalnik.pl\/blog\/author\/anna-sliwa\/#author"},"image":{"@type":"ImageObject","url":"https:\/\/www.skalnik.pl\/blog\/wp-content\/uploads\/2023\/01\/swiety-krzyz-scaled.jpg","@id":"https:\/\/www.skalnik.pl\/blog\/gory-swietokrzyskie\/#mainImage","width":2560,"height":940},"primaryImageOfPage":{"@id":"https:\/\/www.skalnik.pl\/blog\/gory-swietokrzyskie\/#mainImage"},"datePublished":"2023-03-15T14:26:00+02:00","dateModified":"2024-10-30T12:12:29+02:00"},{"@type":"WebSite","@id":"https:\/\/www.skalnik.pl\/blog\/#website","url":"https:\/\/www.skalnik.pl\/blog\/","name":"blog Skalnik","description":"Blog, porady, artyku\u0142y - blog Skalnik","inLanguage":"pl-PL","publisher":{"@id":"https:\/\/www.skalnik.pl\/blog\/#organization"}}]},"og:locale":"pl_PL","og:site_name":"blog Skalnik - Blog, porady, artyku\u0142y - blog Skalnik","og:type":"article","og:title":"G\u00f3ry \u015awi\u0119tokrzyskie - blog Skalnik","og:description":"G\u00f3ry \u015awi\u0119tokrzyskie to idealne miejsce dla mi\u0142o\u015bnik\u00f3w w\u0119drowania i rower\u00f3w. Liczne, \u0142atwe szlaki i atrakcje G\u00f3r \u015awi\u0119tokrzyskich to \u015bwietny pomys\u0142 na wyjazd.","og:url":"https:\/\/www.skalnik.pl\/blog\/gory-swietokrzyskie\/","og:image":"https:\/\/www.skalnik.pl\/blog\/wp-content\/uploads\/2023\/01\/swietokrzyskie-mountains-gd0e2692fc_1920.jpg","og:image:secure_url":"https:\/\/www.skalnik.pl\/blog\/wp-content\/uploads\/2023\/01\/swietokrzyskie-mountains-gd0e2692fc_1920.jpg","og:image:width":1920,"og:image:height":879,"article:tag":["pasja","g\u00f3ry"],"article:published_time":"2023-03-15T13:26:00+00:00","article:modified_time":"2024-10-30T10:12:29+00:00","twitter:card":"summary_large_image","twitter:title":"G\u00f3ry \u015awi\u0119tokrzyskie - blog Skalnik","twitter:description":"G\u00f3ry \u015awi\u0119tokrzyskie to idealne miejsce dla mi\u0142o\u015bnik\u00f3w w\u0119drowania i rower\u00f3w. Liczne, \u0142atwe szlaki i atrakcje G\u00f3r \u015awi\u0119tokrzyskich to \u015bwietny pomys\u0142 na wyjazd.","twitter:image":"https:\/\/www.skalnik.pl\/blog\/wp-content\/uploads\/2023\/01\/swietokrzyskie-mountains-gd0e2692fc_1920.jpg"},"aioseo_meta_data":{"post_id":"21942","title":null,"description":"G\u00f3ry \u015awi\u0119tokrzyskie to idealne miejsce dla mi\u0142o\u015bnik\u00f3w w\u0119drowania i rower\u00f3w. Liczne, \u0142atwe szlaki i atrakcje G\u00f3r \u015awi\u0119tokrzyskich to \u015bwietny pomys\u0142 na wyjazd.","keywords":[],"keyphrases":{"focus":{"keyphrase":"","score":0,"analysis":{"keyphraseInTitle":{"score":0,"maxScore":9,"error":1}}},"additional":[]},"primary_term":null,"canonical_url":null,"og_title":null,"og_description":null,"og_object_type":"default","og_image_type":"default","og_image_url":null,"og_image_width":null,"og_image_height":null,"og_image_custom_url":null,"og_image_custom_fields":null,"og_video":"","og_custom_url":null,"og_article_section":null,"og_article_tags":[],"twitter_use_og":false,"twitter_card":"default","twitter_image_type":"default","twitter_image_url":null,"twitter_image_custom_url":null,"twitter_image_custom_fields":null,"twitter_title":null,"twitter_description":null,"schema":{"blockGraphs":[],"customGraphs":[],"default":{"data":{"Article":[],"Course":[],"Dataset":[],"FAQPage":[],"Movie":[],"Person":[],"Product":[],"ProductReview":[],"Car":[],"Recipe":[],"Service":[],"SoftwareApplication":[],"WebPage":[]},"graphName":"","isEnabled":true},"graphs":[]},"schema_type":"default","schema_type_options":null,"pillar_content":false,"robots_default":true,"robots_noindex":false,"robots_noarchive":false,"robots_nosnippet":false,"robots_nofollow":false,"robots_noimageindex":false,"robots_noodp":false,"robots_notranslate":false,"robots_max_snippet":"-1","robots_max_videopreview":"-1","robots_max_imagepreview":"large","priority":null,"frequency":"default","local_seo":null,"breadcrumb_settings":null,"limit_modified_date":false,"ai":null,"created":"2023-03-21 08:51:11","updated":"2026-02-17 22:35:26","seo_analyzer_scan_date":null},"aioseo_breadcrumb":"<div class=\"aioseo-breadcrumbs\"><span class=\"aioseo-breadcrumb\">\n\t\t\t<a href=\"https:\/\/www.skalnik.pl\/blog\" title=\"Home\">Home<\/a>\n\t\t<\/span><span class=\"aioseo-breadcrumb-separator\">&raquo;<\/span><span class=\"aioseo-breadcrumb\">\n\t\t\t<a href=\"https:\/\/www.skalnik.pl\/blog\/.\/pasja\/\" title=\"Pasja\">Pasja<\/a>\n\t\t<\/span><span class=\"aioseo-breadcrumb-separator\">&raquo;<\/span><span class=\"aioseo-breadcrumb\">\n\t\t\tG\u00f3ry \u015awi\u0119tokrzyskie\n\t\t<\/span><\/div>","aioseo_breadcrumb_json":[{"label":"Home","link":"https:\/\/www.skalnik.pl\/blog"},{"label":"Pasja","link":"https:\/\/www.skalnik.pl\/blog\/.\/pasja\/"},{"label":"G\u00f3ry \u015awi\u0119tokrzyskie","link":"https:\/\/www.skalnik.pl\/blog\/gory-swietokrzyskie\/"}],"_links":{"self":[{"href":"https:\/\/www.skalnik.pl\/blog\/wp-json\/wp\/v2\/posts\/21942","targetHints":{"allow":["GET"]}}],"collection":[{"href":"https:\/\/www.skalnik.pl\/blog\/wp-json\/wp\/v2\/posts"}],"about":[{"href":"https:\/\/www.skalnik.pl\/blog\/wp-json\/wp\/v2\/types\/post"}],"author":[{"embeddable":true,"href":"https:\/\/www.skalnik.pl\/blog\/wp-json\/wp\/v2\/users\/41"}],"replies":[{"embeddable":true,"href":"https:\/\/www.skalnik.pl\/blog\/wp-json\/wp\/v2\/comments?post=21942"}],"version-history":[{"count":5,"href":"https:\/\/www.skalnik.pl\/blog\/wp-json\/wp\/v2\/posts\/21942\/revisions"}],"predecessor-version":[{"id":26661,"href":"https:\/\/www.skalnik.pl\/blog\/wp-json\/wp\/v2\/posts\/21942\/revisions\/26661"}],"wp:featuredmedia":[{"embeddable":true,"href":"https:\/\/www.skalnik.pl\/blog\/wp-json\/wp\/v2\/media\/21943"}],"wp:attachment":[{"href":"https:\/\/www.skalnik.pl\/blog\/wp-json\/wp\/v2\/media?parent=21942"}],"wp:term":[{"taxonomy":"category","embeddable":true,"href":"https:\/\/www.skalnik.pl\/blog\/wp-json\/wp\/v2\/categories?post=21942"},{"taxonomy":"post_tag","embeddable":true,"href":"https:\/\/www.skalnik.pl\/blog\/wp-json\/wp\/v2\/tags?post=21942"},{"taxonomy":"magento_category","embeddable":true,"href":"https:\/\/www.skalnik.pl\/blog\/wp-json\/wp\/v2\/magento_category?post=21942"},{"taxonomy":"magento_product","embeddable":true,"href":"https:\/\/www.skalnik.pl\/blog\/wp-json\/wp\/v2\/magento_product?post=21942"}],"curies":[{"name":"wp","href":"https:\/\/api.w.org\/{rel}","templated":true}]}}