{"id":21988,"date":"2023-02-07T08:53:31","date_gmt":"2023-02-07T07:53:31","guid":{"rendered":"https:\/\/www.skalnik.pl\/blog\/?p=21988"},"modified":"2023-04-14T10:25:54","modified_gmt":"2023-04-14T08:25:54","slug":"materace-turystyczne-volven","status":"publish","type":"post","link":"https:\/\/www.skalnik.pl\/blog\/materace-turystyczne-volven\/","title":{"rendered":"Materace turystyczne Volven"},"content":{"rendered":"\n<p><strong>Lekki, kompaktowy po z\u0142o\u017ceniu, zapewniaj\u0105cy komfortowy sen &#8211; co kryje si\u0119 pod tym prostym opisem? Materac turystyczny. Jeszcze kilka lat temu traktowany jak fanaberia, dzi\u015b jest na wyposa\u017ceniu coraz wi\u0119kszej liczby turyst\u00f3w. Co sprawia, \u017ce materace przebojem wdzieraj\u0105 si\u0119 do outdoorowego \u015bwiata? Przede wszystkim wygoda oraz niewielkie rozmiary po spakowaniu. Materac dmuchany \u0142atwo zmie\u015bcisz w plecaku, a wstaj\u0105c rano nie b\u0119dziesz czu\u0107 ka\u017cdego mi\u0119\u015bnia zesztywnia\u0142ego od zbyt twardego pod\u0142o\u017ca. Szerok\u0105 ofert\u0119 tego sprz\u0119tu ma marka Volven. Chc\u0119 Ci przedstawi\u0107 znajduj\u0105ce si\u0119 w niej modele materacy.<\/strong><\/p>\n\n\n\n<div id=\"ez-toc-container\" class=\"ez-toc-v2_0_85 counter-hierarchy ez-toc-counter ez-toc-light-blue ez-toc-container-direction\">\n<div class=\"ez-toc-title-container\">\n<p class=\"ez-toc-title\" style=\"cursor:inherit\">SPIS TRE\u015aCI <\/p>\n<span class=\"ez-toc-title-toggle\"><a href=\"#\" class=\"ez-toc-pull-right ez-toc-btn ez-toc-btn-xs ez-toc-btn-default ez-toc-toggle\" aria-label=\"Prze\u0142\u0105cznik Spisu Tre\u015bci\"><span class=\"ez-toc-js-icon-con\"><span class=\"\"><span class=\"eztoc-hide\" style=\"display:none;\">Toggle<\/span><span class=\"ez-toc-icon-toggle-span\"><svg style=\"fill: #999;color:#999\" xmlns=\"http:\/\/www.w3.org\/2000\/svg\" class=\"list-377408\" width=\"20px\" height=\"20px\" viewBox=\"0 0 24 24\" fill=\"none\"><path d=\"M6 6H4v2h2V6zm14 0H8v2h12V6zM4 11h2v2H4v-2zm16 0H8v2h12v-2zM4 16h2v2H4v-2zm16 0H8v2h12v-2z\" fill=\"currentColor\"><\/path><\/svg><svg style=\"fill: #999;color:#999\" class=\"arrow-unsorted-368013\" xmlns=\"http:\/\/www.w3.org\/2000\/svg\" width=\"10px\" height=\"10px\" viewBox=\"0 0 24 24\" version=\"1.2\" baseProfile=\"tiny\"><path d=\"M18.2 9.3l-6.2-6.3-6.2 6.3c-.2.2-.3.4-.3.7s.1.5.3.7c.2.2.4.3.7.3h11c.3 0 .5-.1.7-.3.2-.2.3-.5.3-.7s-.1-.5-.3-.7zM5.8 14.7l6.2 6.3 6.2-6.3c.2-.2.3-.5.3-.7s-.1-.5-.3-.7c-.2-.2-.4-.3-.7-.3h-11c-.3 0-.5.1-.7.3-.2.2-.3.5-.3.7s.1.5.3.7z\"\/><\/svg><\/span><\/span><\/span><\/a><\/span><\/div>\n<nav><ul class='ez-toc-list ez-toc-list-level-1 ' ><li class='ez-toc-page-1 ez-toc-heading-level-2'><a class=\"ez-toc-link ez-toc-heading-1\" href=\"https:\/\/www.skalnik.pl\/blog\/materace-turystyczne-volven\/#Volven_%E2%80%93_jakosc_w_rozsadnej_cenie\" >Volven &#8211; jako\u015b\u0107 w rozs\u0105dnej cenie<\/a><\/li><li class='ez-toc-page-1 ez-toc-heading-level-2'><a class=\"ez-toc-link ez-toc-heading-2\" href=\"https:\/\/www.skalnik.pl\/blog\/materace-turystyczne-volven\/#Materac_turystyczny_dmuchany_%E2%80%93_czy_to_rozwiazanie_dla_Ciebie\" >Materac turystyczny dmuchany &#8211; czy to rozwi\u0105zanie dla Ciebie<\/a><\/li><li class='ez-toc-page-1 ez-toc-heading-level-2'><a class=\"ez-toc-link ez-toc-heading-3\" href=\"https:\/\/www.skalnik.pl\/blog\/materace-turystyczne-volven\/#Materace_Volven_%E2%80%93_jakosc_ktorej_mozesz_byc_pewien\" >Materace Volven &#8211; jako\u015b\u0107, kt\u00f3rej mo\u017cesz by\u0107 pewien<\/a><\/li><li class='ez-toc-page-1 ez-toc-heading-level-2'><a class=\"ez-toc-link ez-toc-heading-4\" href=\"https:\/\/www.skalnik.pl\/blog\/materace-turystyczne-volven\/#Materac_Air_Comfort_i_Air_Comfort_Plus_na_letnie_wypady\" >Materac Air Comfort i Air Comfort Plus na letnie wypady<\/a><\/li><li class='ez-toc-page-1 ez-toc-heading-level-2'><a class=\"ez-toc-link ez-toc-heading-5\" href=\"https:\/\/www.skalnik.pl\/blog\/materace-turystyczne-volven\/#Materac_Air_Pro_dla_ceniacych_wygode\" >Materac Air Pro dla ceni\u0105cych wygod\u0119<\/a><\/li><li class='ez-toc-page-1 ez-toc-heading-level-2'><a class=\"ez-toc-link ez-toc-heading-6\" href=\"https:\/\/www.skalnik.pl\/blog\/materace-turystyczne-volven\/#Materac_Air_Thermo_%E2%80%93_pogromca_chlodu\" >Materac Air Thermo &#8211; pogromca ch\u0142odu<\/a><\/li><\/ul><\/nav><\/div>\n<h2 class=\"wp-block-heading\"><span class=\"ez-toc-section\" id=\"Volven_%E2%80%93_jakosc_w_rozsadnej_cenie\"><\/span>Volven &#8211; jako\u015b\u0107 w rozs\u0105dnej cenie<span class=\"ez-toc-section-end\"><\/span><\/h2>\n\n\n\n<p>Volven zosta\u0142a za\u0142o\u017cona przez pracownik\u00f3w sklepu Skalnik. Istnieje ju\u017c od ponad 20 lat i skupia si\u0119 w du\u017cej mierze na wyposa\u017ceniu turystycznym i biwakowym. Marka powsta\u0142a na bazie bezpo\u015brednich kontakt\u00f3w z klientami i wype\u0142ni\u0142a luk\u0119, jaka w tamtym czasie powsta\u0142a na rynku outdoor. Wielu turyst\u00f3w szuka sprz\u0119tu, kt\u00f3rego u\u017cywa\u0107 b\u0119dzie rekreacyjnie, kilka, kilkana\u015bcie razy w roku i nie ma w planach zaawansowanych wypraw, czy bicia kolejnych w\u0142asnych rekord\u00f3w. Jednocze\u015bnie nie chce zadowala\u0107 si\u0119 byle jakim sprz\u0119tem, kt\u00f3ry szybko si\u0119 zu\u017cywa i nie jest zbyt funkcjonalny.<\/p>\n\n\n\n<div class=\"wp-block-image\"><figure class=\"aligncenter size-large\"><img loading=\"lazy\" decoding=\"async\" width=\"1024\" height=\"683\" src=\"https:\/\/www.skalnik.pl\/blog\/wp-content\/uploads\/2023\/01\/Volven3-0021-min-1024x683.jpg\" alt=\"\" class=\"wp-image-21991\" srcset=\"https:\/\/www.skalnik.pl\/blog\/wp-content\/uploads\/2023\/01\/Volven3-0021-min-1024x683.jpg 1024w, https:\/\/www.skalnik.pl\/blog\/wp-content\/uploads\/2023\/01\/Volven3-0021-min-300x200.jpg 300w, https:\/\/www.skalnik.pl\/blog\/wp-content\/uploads\/2023\/01\/Volven3-0021-min-768x512.jpg 768w\" sizes=\"auto, (max-width: 1024px) 100vw, 1024px\" \/><figcaption><em>Volven tworzy wysokiej jako\u015bci sprz\u0119t turystyczny i biwakowy w konkurencyjnych cenach <\/em><\/figcaption><\/figure><\/div>\n\n\n\n<p>Dostarczanie nowoczesnego i trwa\u0142ego sprz\u0119tu to misja marki Volven. Oferowany przez ni\u0105 sprz\u0119t ma wysokie wa\u017cne parametry, jest funkcjonalny i wykonany z materia\u0142\u00f3w o wysokiej jako\u015bci. Jednocze\u015bnie zadowoli tych, kt\u00f3rzy nie chc\u0105 wydawa\u0107 du\u017cej kwoty i szukaj\u0105 szukaj\u0105 sprz\u0119tu z rozs\u0105dnej p\u00f3\u0142ki cenowej.<\/p>\n\n\n\n<p><span class=\"has-inline-color has-vivid-cyan-blue-color\">Zobacz jaki ekwipunek produkuje marka &#8211;&gt; <strong><a href=\"https:\/\/www.skalnik.pl\/volven\" target=\"_blank\" rel=\"noreferrer noopener\">Volven<\/a><\/strong>.<\/span><\/p>\n\n\n\n<h2 class=\"wp-block-heading\"><span class=\"ez-toc-section\" id=\"Materac_turystyczny_dmuchany_%E2%80%93_czy_to_rozwiazanie_dla_Ciebie\"><\/span>Materac turystyczny dmuchany &#8211; czy to rozwi\u0105zanie dla Ciebie<span class=\"ez-toc-section-end\"><\/span><\/h2>\n\n\n\n<p>Wielu osobom materac dmuchany czy materac turystyczny kojarzy si\u0119 przede wszystkim z pla\u017c\u0105. Jednak ju\u017c od kilku dobrych lat tego typu rozwi\u0105zania goszcz\u0105 w namiotach, pod tarpami czy p\u0142achtami bivi wielu turyst\u00f3w. Cho\u0107 w pierwszej chwili mo\u017ce Ci si\u0119 wydawa\u0107, \u017ce to bardzo delikatny sprz\u0119t i do tego nadaj\u0105cy si\u0119 na lato, to dzisiejsze materace nie s\u0105 dedykowane tylko na ciep\u0142e dni.<\/p>\n\n\n\n<p>Dla kogo jest materac turystyczny? Dla turysty, kt\u00f3ry ceni sobie wygod\u0119, a jednocze\u015bnie szuka sprz\u0119tu lekkiego i pakownego. W por\u00f3wnaniu do maty samopompuj\u0105cej materace s\u0105 l\u017cejsze i mniejsze, a mog\u0105 zapewni\u0107 podobny komfort. Naprawd\u0119 du\u017c\u0105 r\u00f3\u017cnic\u0119 wida\u0107 w rozmiarach. Materace o podobnej grubo\u015bci co maty (5,5 &#8211; 7 cm) mo\u017cna spakowa\u0107 do pakunku odpowiadaj\u0105cego mniej wi\u0119cej litrowej butelce wody.<\/p>\n\n\n\n<div class=\"wp-block-image\"><figure class=\"aligncenter size-large\"><img loading=\"lazy\" decoding=\"async\" width=\"1024\" height=\"683\" src=\"https:\/\/www.skalnik.pl\/blog\/wp-content\/uploads\/2023\/01\/Volven3-0012-min-1-1024x683.jpg\" alt=\"\" class=\"wp-image-21993\" srcset=\"https:\/\/www.skalnik.pl\/blog\/wp-content\/uploads\/2023\/01\/Volven3-0012-min-1-1024x683.jpg 1024w, https:\/\/www.skalnik.pl\/blog\/wp-content\/uploads\/2023\/01\/Volven3-0012-min-1-300x200.jpg 300w, https:\/\/www.skalnik.pl\/blog\/wp-content\/uploads\/2023\/01\/Volven3-0012-min-1-768x512.jpg 768w\" sizes=\"auto, (max-width: 1024px) 100vw, 1024px\" \/><figcaption><em>W ofercie Volven znajdziesz zar\u00f3wno maty samopompuj\u0105ce, jak i lekkie turystyczne materace dmuchane.<\/em><\/figcaption><\/figure><\/div>\n\n\n\n<p>Gdzie mo\u017cna u\u017cywa\u0107 materaca turystycznego? W zasadzie wsz\u0119dzie. Podczas noclegu na glebie w schronisku, chatce czy utulni, na biwaku, kempingu, podczas wyjazd\u00f3w na trekking, czy bardziej zaawansowan\u0105 wypraw\u0119 g\u00f3rsk\u0105. Sprz\u0119t ten \u015bwietnie sprawdza si\u0119 tam, gdzie liczy si\u0119 waga i wielko\u015b\u0107 &#8211; podczas sp\u0142yw\u00f3w kajakowych, wyjazd\u00f3w rowerowych. Materace b\u0119d\u0105 te\u017c doskona\u0142ym elementem wyposa\u017cenia wszystkich wielbicieli stylu fast and light.<\/p>\n\n\n\n<h2 class=\"wp-block-heading\"><span class=\"ez-toc-section\" id=\"Materace_Volven_%E2%80%93_jakosc_ktorej_mozesz_byc_pewien\"><\/span>Materace Volven &#8211; jako\u015b\u0107, kt\u00f3rej mo\u017cesz by\u0107 pewien<span class=\"ez-toc-section-end\"><\/span><\/h2>\n\n\n\n<p>Jak ju\u017c wspomnia\u0142am Volven jest mark\u0105, dla kt\u00f3rej jako\u015b\u0107 ma zasadnicze znaczenie przy produkcji sprz\u0119tu. Tworz\u0105 j\u0105 praktycy, kt\u00f3rzy sami korzystaj\u0105 ze sprz\u0119tu turystycznego i doskonale zdaj\u0105 sobie spraw\u0119 jak ogromne znaczenie, dla komfortu, a czasem tak\u017ce dla bezpiecze\u0144stwa ma jako\u015b\u0107. W przypadku materacy dmuchanych przejawia si\u0119 to w stosowaniu nowoczesnych konstrukcji zawor\u00f3w, wysokiej jako\u015bci pow\u0142ok takich jak poliester ripstop czy wytrzyma\u0142y Nylon 20D z pow\u0142ok\u0105 poliuretanow\u0105, a tak\u017ce testowaniu wyrob\u00f3w zgodnie z zewn\u0119trzn\u0105 norm\u0105 ASTM F3340-18. Dzi\u0119ki temu mo\u017cesz by\u0107 pewnym ich w\u0142a\u015bciwo\u015bci termicznych oraz por\u00f3wnywa\u0107 je z produktami o podobnych parametrach. Do ka\u017cdego materaca marka do\u0142\u0105cza zestaw naprawczy oraz pokrowiec.<\/p>\n\n\n\n<div class=\"wp-block-image\"><figure class=\"aligncenter size-large\"><img loading=\"lazy\" decoding=\"async\" width=\"1024\" height=\"1024\" src=\"https:\/\/www.skalnik.pl\/blog\/wp-content\/uploads\/2023\/01\/air-thermo-1024x1024.jpg\" alt=\"\" class=\"wp-image-21990\" srcset=\"https:\/\/www.skalnik.pl\/blog\/wp-content\/uploads\/2023\/01\/air-thermo-1024x1024.jpg 1024w, https:\/\/www.skalnik.pl\/blog\/wp-content\/uploads\/2023\/01\/air-thermo-300x300.jpg 300w, https:\/\/www.skalnik.pl\/blog\/wp-content\/uploads\/2023\/01\/air-thermo-768x768.jpg 768w, https:\/\/www.skalnik.pl\/blog\/wp-content\/uploads\/2023\/01\/air-thermo.jpg 1080w\" sizes=\"auto, (max-width: 1024px) 100vw, 1024px\" \/><figcaption><em>Materace Volven testowane s\u0105 wed\u0142ug normy ASTM F3340-18<\/em><\/figcaption><\/figure><\/div>\n\n\n\n<p>W ofercie Volven znajduj\u0105 si\u0119 materace na r\u00f3\u017cne pory roku, od letnich Air Comfort po wzmocnione ocieplin\u0105 zimowe materace Air Thermo. Poznaj ich parametry i znajd\u017a ten, kt\u00f3ry b\u0119dzie najlepszy do Twoich potrzeb.<\/p>\n\n\n\n<p><span class=\"has-inline-color has-vivid-cyan-blue-color\">Kliknij i zobacz &#8211;&gt; <strong><a href=\"https:\/\/www.skalnik.pl\/sprzet-turystyczny\/spiwory-i-maty\/spiwory-i-maty-materace\/marka:volven\" target=\"_blank\" rel=\"noreferrer noopener\">materace Volven<\/a><\/strong>. <\/span><\/p>\n\n\n\n<h2 class=\"wp-block-heading\"><span class=\"ez-toc-section\" id=\"Materac_Air_Comfort_i_Air_Comfort_Plus_na_letnie_wypady\"><\/span>Materac Air Comfort i Air Comfort Plus na letnie wypady<span class=\"ez-toc-section-end\"><\/span><\/h2>\n\n\n\n<p>Materace Air Comfort przeznaczone s\u0105 na warunki letnie. Maj\u0105 grubo\u015b\u0107 oko\u0142o 5,5 cm oraz prostok\u0105tne, niewielkie komory u\u0142o\u017cone sko\u015bnie dla wi\u0119kszej wygody. Model Air Comfort ma anatomiczny kszta\u0142t i wa\u017cy 570 g. Po spakowaniu ma wymiary litrowej butelki wody. Wyposa\u017cony jest w szczelny, jednokierunkowy zaw\u00f3r, dzi\u0119ki czemu jego nape\u0142nianie jest szybkie, a powietrze nie cofa si\u0119 i nie ulatuje w niekontrolowany spos\u00f3b.<\/p>\n\n\n\n<p>Rozwini\u0119ciem tej konstrukcji jest model Air Comfort Plus, dost\u0119pny w wersji pojedynczej i podw\u00f3jnej. W odr\u00f3\u017cnieniu od Air Comfort, materac ma prostok\u0105tny kszta\u0142t i wyposa\u017cony jest w poduszk\u0119. Pozwala ona na naturalne u\u0142o\u017cenie g\u0142owy i zmniejsza poranne dolegliwo\u015bci zwi\u0105zane z zesztywnia\u0142ym karkiem. Grubo\u015b\u0107 materaca to 5,5 cm, a waga 535 g. W wersji podw\u00f3jnej waga przekracza 1 kg, ale na materacu tym mog\u0105 swobodnie spa\u0107 dwie osoby.<\/p>\n\n\n\n<h2 class=\"wp-block-heading\"><span class=\"ez-toc-section\" id=\"Materac_Air_Pro_dla_ceniacych_wygode\"><\/span>Materac Air Pro dla ceni\u0105cych wygod\u0119<span class=\"ez-toc-section-end\"><\/span><\/h2>\n\n\n\n<p>Air Pro to materac przeznaczony na warunki letnie, ale dzi\u0119ki temu, \u017ce ma grubo\u015b\u0107 a\u017c 7 cm poradzi sobie tak\u017ce wiosn\u0105 i jesieni\u0105, gdy wci\u0105\u017c noc\u0105 utrzymuj\u0105 si\u0119 temperatury dodatnie. Ma rewelacyjnie nisk\u0105 wag\u0119- oko\u0142o 500 g, a jego konstrukcja z poprzecznymi komorami i anatomiczny kszta\u0142t s\u0105 gwarancj\u0105 komfortu na ka\u017cdym pod\u0142o\u017cu. W modelu tym znajdziesz oczywi\u015bcie sprawdzony zaw\u00f3r jednokierunkowy, dzi\u0119ki kt\u00f3remu nape\u0142nianie powietrzem i jego wypuszczanie zajmie ma\u0142o czasu. Po spakowaniu mo\u017cesz go z\u0142o\u017cy\u0107 do pakunku nieco mniejszego ni\u017c p\u00f3\u0142toralitrowa butelka wody.<\/p>\n\n\n\n<h2 class=\"wp-block-heading\"><span class=\"ez-toc-section\" id=\"Materac_Air_Thermo_%E2%80%93_pogromca_chlodu\"><\/span>Materac Air Thermo &#8211; pogromca ch\u0142odu<span class=\"ez-toc-section-end\"><\/span><\/h2>\n\n\n\n<p>Czas na Air Thermo. To najcieplejszy materac dmuchany marki Volven, zaprojektowany z my\u015bl\u0105 o noclegach w ujemnych temperaturach. Jego wsp\u00f3\u0142czynnik R-Value potwierdzony badaniami wed\u0142ug normy ASTM F3340-18 wynosi 4,2, co plasuje go w kategorii materacy zimowych. Przy 5,5 cm grubo\u015bci warstwy materia\u0142u obejmuj\u0105 tu pow\u0142ok\u0119 z poliestru ripstop, ocieplin\u0119 syntetyczn\u0105 oraz foli\u0119 aluminiow\u0105 zapewniaj\u0105c\u0105 wysoki poziom izolacji od pod\u0142o\u017ca.<\/p>\n\n\n\n<p><span class=\"has-inline-color has-vivid-cyan-blue-color\"><a href=\"https:\/\/www.skalnik.pl\/materac-air-thermo-niebieski-998021\" target=\"_blank\" rel=\"noreferrer noopener\"><strong>Kliknij tutaj<\/strong><\/a> po materac Air Thermo, kt\u00f3ry jeszcze lepiej izoluje od pod\u0142o\u017ca. <\/span><\/p>\n\n\n\n<iframe loading=\"lazy\" src=\"https:\/\/www.youtube.com\/embed\/1TKXPnVIROI\" title=\"YouTube video player\" allow=\"accelerometer; autoplay; clipboard-write; encrypted-media; gyroscope; picture-in-picture; web-share\" allowfullscreen=\"\" width=\"800\" height=\"442\" frameborder=\"0\"><\/iframe>\n\n\n\n<p>\u015api\u0105c na materacu Volven Air Thermo nie tylko nie odczujesz chodu i wilgoci od pod\u0142o\u017ca, ale tak\u017ce nie wstaniesz rano z zesztywnia\u0142ymi mi\u0119\u015bniami. W zimowe dni materac sprawdza si\u0119 bardzo dobrze i zapewnia komfortowy odpoczynek po m\u0119cz\u0105cym dniu. Jego zalet\u0105 jest te\u017c \u0142atwe nape\u0142nianie przy pomocy pokrowca, kt\u00f3ry mo\u017cna przekszta\u0142ci\u0107 w pompk\u0119.<\/p>\n\n\n\n<hr class=\"wp-block-separator is-style-dots\"\/>\n\n\n\n<p>Wybieraj\u0105c wyposa\u017cenie turystyczne na trekking czy biwak musisz pami\u0119ta\u0107, \u017ce zwykle b\u0119dziesz nosi\u0107 je na w\u0142asnych plecach. Dlatego materace turystyczne s\u0105 konkurencyjnym rozwi\u0105zaniem \u0142\u0105cz\u0105cym komfort wypoczynku z nisk\u0105 wag\u0105 i niewielkimi rozmiarami. W ofercie Volven znajdziesz modele, kt\u00f3re dobierzesz do swoich potrzeb i zabierzesz na swoje wypady o ka\u017cdej prze roku.<\/p>\n\n\n\n<p><span class=\"has-inline-color has-vivid-cyan-blue-color\">Odwied\u017a te\u017c stron\u0119 producenta &#8211;&gt; <strong><a href=\"https:\/\/www.skalnik.pl\/volven\" target=\"_blank\" rel=\"noreferrer noopener\">volven.pl<\/a><\/strong>.<\/span><\/p>\n","protected":false},"excerpt":{"rendered":"<p>Szukasz lekkiego, kompaktowego zestawu do spania w terenie? Poznaj materace turystyczne Volven czyli po\u0142\u0105czenie wygody, niskiej wagi i niewielkich rozmiar\u00f3w po spakowaniu. <\/p>\n","protected":false},"author":41,"featured_media":21989,"comment_status":"open","ping_status":"open","sticky":false,"template":"","format":"standard","meta":{"_acf_changed":false,"footnotes":""},"categories":[5],"tags":[87,91],"magento_category":[231],"magento_product":[],"class_list":["post-21988","post","type-post","status-publish","format-standard","has-post-thumbnail","hentry","category-branza","tag-biwak","tag-trekking"],"acf":[],"aioseo_notices":[],"aioseo_head":"\n\t\t<!-- All in One SEO 4.9.10 - aioseo.com -->\n\t<meta name=\"description\" content=\"Materace turystyczne to \u015bwietny wyb\u00f3r na biwak. Poznaj ofert\u0119 materacy dmuchanych Volven na ka\u017cd\u0105 por\u0119 roku. S\u0105 lekkie, kompaktowe i bardzo wygodne.\" \/>\n\t<meta name=\"robots\" content=\"max-image-preview:large\" \/>\n\t<meta name=\"author\" content=\"Anna \u015aliwa\"\/>\n\t<link rel=\"canonical\" href=\"https:\/\/www.skalnik.pl\/blog\/materace-turystyczne-volven\/\" \/>\n\t<meta name=\"generator\" content=\"All in One SEO (AIOSEO) 4.9.10\" \/>\n\t\t<meta property=\"og:locale\" content=\"pl_PL\" \/>\n\t\t<meta property=\"og:site_name\" content=\"blog Skalnik - Blog, porady, artyku\u0142y - blog Skalnik\" \/>\n\t\t<meta property=\"og:type\" content=\"article\" \/>\n\t\t<meta property=\"og:title\" content=\"Materace turystyczne Volven - blog Skalnik\" \/>\n\t\t<meta property=\"og:description\" content=\"Materace turystyczne to \u015bwietny wyb\u00f3r na biwak. Poznaj ofert\u0119 materacy dmuchanych Volven na ka\u017cd\u0105 por\u0119 roku. S\u0105 lekkie, kompaktowe i bardzo wygodne.\" \/>\n\t\t<meta property=\"og:url\" content=\"https:\/\/www.skalnik.pl\/blog\/materace-turystyczne-volven\/\" \/>\n\t\t<meta property=\"og:image\" content=\"https:\/\/www.skalnik.pl\/blog\/wp-content\/uploads\/2023\/01\/Volven3-0021-min.jpg\" \/>\n\t\t<meta property=\"og:image:secure_url\" content=\"https:\/\/www.skalnik.pl\/blog\/wp-content\/uploads\/2023\/01\/Volven3-0021-min.jpg\" \/>\n\t\t<meta property=\"og:image:width\" content=\"9097\" \/>\n\t\t<meta property=\"og:image:height\" content=\"6065\" \/>\n\t\t<meta property=\"article:tag\" content=\"bran\u017ca\" \/>\n\t\t<meta property=\"article:tag\" content=\"biwak\" \/>\n\t\t<meta property=\"article:tag\" content=\"trekking\" \/>\n\t\t<meta property=\"article:published_time\" content=\"2023-02-07T07:53:31+00:00\" \/>\n\t\t<meta property=\"article:modified_time\" content=\"2023-04-14T08:25:54+00:00\" \/>\n\t\t<meta name=\"twitter:card\" content=\"summary_large_image\" \/>\n\t\t<meta name=\"twitter:title\" content=\"Materace turystyczne Volven - blog Skalnik\" \/>\n\t\t<meta name=\"twitter:description\" content=\"Materace turystyczne to \u015bwietny wyb\u00f3r na biwak. Poznaj ofert\u0119 materacy dmuchanych Volven na ka\u017cd\u0105 por\u0119 roku. S\u0105 lekkie, kompaktowe i bardzo wygodne.\" \/>\n\t\t<meta name=\"twitter:image\" content=\"https:\/\/www.skalnik.pl\/blog\/wp-content\/uploads\/2023\/01\/Volven3-0021-min.jpg\" \/>\n\t\t<script type=\"application\/ld+json\" class=\"aioseo-schema\">\n\t\t\t{\"@context\":\"https:\\\/\\\/schema.org\",\"@graph\":[{\"@type\":\"BlogPosting\",\"@id\":\"https:\\\/\\\/www.skalnik.pl\\\/blog\\\/materace-turystyczne-volven\\\/#blogposting\",\"name\":\"Materace turystyczne Volven - blog Skalnik\",\"headline\":\"Materace turystyczne Volven\",\"author\":{\"@id\":\"https:\\\/\\\/www.skalnik.pl\\\/blog\\\/author\\\/anna-sliwa\\\/#author\"},\"publisher\":{\"@id\":\"https:\\\/\\\/www.skalnik.pl\\\/blog\\\/#organization\"},\"image\":{\"@type\":\"ImageObject\",\"url\":\"https:\\\/\\\/www.skalnik.pl\\\/blog\\\/wp-content\\\/uploads\\\/2023\\\/01\\\/Volven1-0031-scaled.jpg\",\"width\":2560,\"height\":941},\"datePublished\":\"2023-02-07T08:53:31+02:00\",\"dateModified\":\"2023-04-14T10:25:54+02:00\",\"inLanguage\":\"pl-PL\",\"mainEntityOfPage\":{\"@id\":\"https:\\\/\\\/www.skalnik.pl\\\/blog\\\/materace-turystyczne-volven\\\/#webpage\"},\"isPartOf\":{\"@id\":\"https:\\\/\\\/www.skalnik.pl\\\/blog\\\/materace-turystyczne-volven\\\/#webpage\"},\"articleSection\":\"Bran\\u017ca, biwak, trekking, 1223\"},{\"@type\":\"BreadcrumbList\",\"@id\":\"https:\\\/\\\/www.skalnik.pl\\\/blog\\\/materace-turystyczne-volven\\\/#breadcrumblist\",\"itemListElement\":[{\"@type\":\"ListItem\",\"@id\":\"https:\\\/\\\/www.skalnik.pl\\\/blog#listItem\",\"position\":1,\"name\":\"Home\",\"item\":\"https:\\\/\\\/www.skalnik.pl\\\/blog\",\"nextItem\":{\"@type\":\"ListItem\",\"@id\":\"https:\\\/\\\/www.skalnik.pl\\\/blog\\\/.\\\/branza\\\/#listItem\",\"name\":\"Bran\\u017ca\"}},{\"@type\":\"ListItem\",\"@id\":\"https:\\\/\\\/www.skalnik.pl\\\/blog\\\/.\\\/branza\\\/#listItem\",\"position\":2,\"name\":\"Bran\\u017ca\",\"item\":\"https:\\\/\\\/www.skalnik.pl\\\/blog\\\/.\\\/branza\\\/\",\"nextItem\":{\"@type\":\"ListItem\",\"@id\":\"https:\\\/\\\/www.skalnik.pl\\\/blog\\\/materace-turystyczne-volven\\\/#listItem\",\"name\":\"Materace turystyczne Volven\"},\"previousItem\":{\"@type\":\"ListItem\",\"@id\":\"https:\\\/\\\/www.skalnik.pl\\\/blog#listItem\",\"name\":\"Home\"}},{\"@type\":\"ListItem\",\"@id\":\"https:\\\/\\\/www.skalnik.pl\\\/blog\\\/materace-turystyczne-volven\\\/#listItem\",\"position\":3,\"name\":\"Materace turystyczne Volven\",\"previousItem\":{\"@type\":\"ListItem\",\"@id\":\"https:\\\/\\\/www.skalnik.pl\\\/blog\\\/.\\\/branza\\\/#listItem\",\"name\":\"Bran\\u017ca\"}}]},{\"@type\":\"Organization\",\"@id\":\"https:\\\/\\\/www.skalnik.pl\\\/blog\\\/#organization\",\"name\":\"blog Skalnik\",\"description\":\"Blog, porady, artyku\\u0142y - blog Skalnik\",\"url\":\"https:\\\/\\\/www.skalnik.pl\\\/blog\\\/\"},{\"@type\":\"Person\",\"@id\":\"https:\\\/\\\/www.skalnik.pl\\\/blog\\\/author\\\/anna-sliwa\\\/#author\",\"url\":\"https:\\\/\\\/www.skalnik.pl\\\/blog\\\/author\\\/anna-sliwa\\\/\",\"name\":\"Anna \\u015aliwa\",\"image\":{\"@type\":\"ImageObject\",\"@id\":\"https:\\\/\\\/www.skalnik.pl\\\/blog\\\/materace-turystyczne-volven\\\/#authorImage\",\"url\":\"https:\\\/\\\/secure.gravatar.com\\\/avatar\\\/e8300be3de710e2e109e5dfbf092dcf827242ec8071807a1e13f6b3f7c9bbd79?s=96&d=mm&r=g\",\"width\":96,\"height\":96,\"caption\":\"Anna \\u015aliwa\"}},{\"@type\":\"WebPage\",\"@id\":\"https:\\\/\\\/www.skalnik.pl\\\/blog\\\/materace-turystyczne-volven\\\/#webpage\",\"url\":\"https:\\\/\\\/www.skalnik.pl\\\/blog\\\/materace-turystyczne-volven\\\/\",\"name\":\"Materace turystyczne Volven - blog Skalnik\",\"description\":\"Materace turystyczne to \\u015bwietny wyb\\u00f3r na biwak. Poznaj ofert\\u0119 materacy dmuchanych Volven na ka\\u017cd\\u0105 por\\u0119 roku. S\\u0105 lekkie, kompaktowe i bardzo wygodne.\",\"inLanguage\":\"pl-PL\",\"isPartOf\":{\"@id\":\"https:\\\/\\\/www.skalnik.pl\\\/blog\\\/#website\"},\"breadcrumb\":{\"@id\":\"https:\\\/\\\/www.skalnik.pl\\\/blog\\\/materace-turystyczne-volven\\\/#breadcrumblist\"},\"author\":{\"@id\":\"https:\\\/\\\/www.skalnik.pl\\\/blog\\\/author\\\/anna-sliwa\\\/#author\"},\"creator\":{\"@id\":\"https:\\\/\\\/www.skalnik.pl\\\/blog\\\/author\\\/anna-sliwa\\\/#author\"},\"image\":{\"@type\":\"ImageObject\",\"url\":\"https:\\\/\\\/www.skalnik.pl\\\/blog\\\/wp-content\\\/uploads\\\/2023\\\/01\\\/Volven1-0031-scaled.jpg\",\"@id\":\"https:\\\/\\\/www.skalnik.pl\\\/blog\\\/materace-turystyczne-volven\\\/#mainImage\",\"width\":2560,\"height\":941},\"primaryImageOfPage\":{\"@id\":\"https:\\\/\\\/www.skalnik.pl\\\/blog\\\/materace-turystyczne-volven\\\/#mainImage\"},\"datePublished\":\"2023-02-07T08:53:31+02:00\",\"dateModified\":\"2023-04-14T10:25:54+02:00\"},{\"@type\":\"WebSite\",\"@id\":\"https:\\\/\\\/www.skalnik.pl\\\/blog\\\/#website\",\"url\":\"https:\\\/\\\/www.skalnik.pl\\\/blog\\\/\",\"name\":\"blog Skalnik\",\"description\":\"Blog, porady, artyku\\u0142y - blog Skalnik\",\"inLanguage\":\"pl-PL\",\"publisher\":{\"@id\":\"https:\\\/\\\/www.skalnik.pl\\\/blog\\\/#organization\"}}]}\n\t\t<\/script>\n\t\t<!-- All in One SEO -->\n\n","aioseo_head_json":{"title":"Materace turystyczne Volven - blog Skalnik","description":"Materace turystyczne to \u015bwietny wyb\u00f3r na biwak. Poznaj ofert\u0119 materacy dmuchanych Volven na ka\u017cd\u0105 por\u0119 roku. S\u0105 lekkie, kompaktowe i bardzo wygodne.","canonical_url":"https:\/\/www.skalnik.pl\/blog\/materace-turystyczne-volven\/","robots":"max-image-preview:large","keywords":"","webmasterTools":{"miscellaneous":""},"schema":{"@context":"https:\/\/schema.org","@graph":[{"@type":"BlogPosting","@id":"https:\/\/www.skalnik.pl\/blog\/materace-turystyczne-volven\/#blogposting","name":"Materace turystyczne Volven - blog Skalnik","headline":"Materace turystyczne Volven","author":{"@id":"https:\/\/www.skalnik.pl\/blog\/author\/anna-sliwa\/#author"},"publisher":{"@id":"https:\/\/www.skalnik.pl\/blog\/#organization"},"image":{"@type":"ImageObject","url":"https:\/\/www.skalnik.pl\/blog\/wp-content\/uploads\/2023\/01\/Volven1-0031-scaled.jpg","width":2560,"height":941},"datePublished":"2023-02-07T08:53:31+02:00","dateModified":"2023-04-14T10:25:54+02:00","inLanguage":"pl-PL","mainEntityOfPage":{"@id":"https:\/\/www.skalnik.pl\/blog\/materace-turystyczne-volven\/#webpage"},"isPartOf":{"@id":"https:\/\/www.skalnik.pl\/blog\/materace-turystyczne-volven\/#webpage"},"articleSection":"Bran\u017ca, biwak, trekking, 1223"},{"@type":"BreadcrumbList","@id":"https:\/\/www.skalnik.pl\/blog\/materace-turystyczne-volven\/#breadcrumblist","itemListElement":[{"@type":"ListItem","@id":"https:\/\/www.skalnik.pl\/blog#listItem","position":1,"name":"Home","item":"https:\/\/www.skalnik.pl\/blog","nextItem":{"@type":"ListItem","@id":"https:\/\/www.skalnik.pl\/blog\/.\/branza\/#listItem","name":"Bran\u017ca"}},{"@type":"ListItem","@id":"https:\/\/www.skalnik.pl\/blog\/.\/branza\/#listItem","position":2,"name":"Bran\u017ca","item":"https:\/\/www.skalnik.pl\/blog\/.\/branza\/","nextItem":{"@type":"ListItem","@id":"https:\/\/www.skalnik.pl\/blog\/materace-turystyczne-volven\/#listItem","name":"Materace turystyczne Volven"},"previousItem":{"@type":"ListItem","@id":"https:\/\/www.skalnik.pl\/blog#listItem","name":"Home"}},{"@type":"ListItem","@id":"https:\/\/www.skalnik.pl\/blog\/materace-turystyczne-volven\/#listItem","position":3,"name":"Materace turystyczne Volven","previousItem":{"@type":"ListItem","@id":"https:\/\/www.skalnik.pl\/blog\/.\/branza\/#listItem","name":"Bran\u017ca"}}]},{"@type":"Organization","@id":"https:\/\/www.skalnik.pl\/blog\/#organization","name":"blog Skalnik","description":"Blog, porady, artyku\u0142y - blog Skalnik","url":"https:\/\/www.skalnik.pl\/blog\/"},{"@type":"Person","@id":"https:\/\/www.skalnik.pl\/blog\/author\/anna-sliwa\/#author","url":"https:\/\/www.skalnik.pl\/blog\/author\/anna-sliwa\/","name":"Anna \u015aliwa","image":{"@type":"ImageObject","@id":"https:\/\/www.skalnik.pl\/blog\/materace-turystyczne-volven\/#authorImage","url":"https:\/\/secure.gravatar.com\/avatar\/e8300be3de710e2e109e5dfbf092dcf827242ec8071807a1e13f6b3f7c9bbd79?s=96&d=mm&r=g","width":96,"height":96,"caption":"Anna \u015aliwa"}},{"@type":"WebPage","@id":"https:\/\/www.skalnik.pl\/blog\/materace-turystyczne-volven\/#webpage","url":"https:\/\/www.skalnik.pl\/blog\/materace-turystyczne-volven\/","name":"Materace turystyczne Volven - blog Skalnik","description":"Materace turystyczne to \u015bwietny wyb\u00f3r na biwak. Poznaj ofert\u0119 materacy dmuchanych Volven na ka\u017cd\u0105 por\u0119 roku. S\u0105 lekkie, kompaktowe i bardzo wygodne.","inLanguage":"pl-PL","isPartOf":{"@id":"https:\/\/www.skalnik.pl\/blog\/#website"},"breadcrumb":{"@id":"https:\/\/www.skalnik.pl\/blog\/materace-turystyczne-volven\/#breadcrumblist"},"author":{"@id":"https:\/\/www.skalnik.pl\/blog\/author\/anna-sliwa\/#author"},"creator":{"@id":"https:\/\/www.skalnik.pl\/blog\/author\/anna-sliwa\/#author"},"image":{"@type":"ImageObject","url":"https:\/\/www.skalnik.pl\/blog\/wp-content\/uploads\/2023\/01\/Volven1-0031-scaled.jpg","@id":"https:\/\/www.skalnik.pl\/blog\/materace-turystyczne-volven\/#mainImage","width":2560,"height":941},"primaryImageOfPage":{"@id":"https:\/\/www.skalnik.pl\/blog\/materace-turystyczne-volven\/#mainImage"},"datePublished":"2023-02-07T08:53:31+02:00","dateModified":"2023-04-14T10:25:54+02:00"},{"@type":"WebSite","@id":"https:\/\/www.skalnik.pl\/blog\/#website","url":"https:\/\/www.skalnik.pl\/blog\/","name":"blog Skalnik","description":"Blog, porady, artyku\u0142y - blog Skalnik","inLanguage":"pl-PL","publisher":{"@id":"https:\/\/www.skalnik.pl\/blog\/#organization"}}]},"og:locale":"pl_PL","og:site_name":"blog Skalnik - Blog, porady, artyku\u0142y - blog Skalnik","og:type":"article","og:title":"Materace turystyczne Volven - blog Skalnik","og:description":"Materace turystyczne to \u015bwietny wyb\u00f3r na biwak. Poznaj ofert\u0119 materacy dmuchanych Volven na ka\u017cd\u0105 por\u0119 roku. S\u0105 lekkie, kompaktowe i bardzo wygodne.","og:url":"https:\/\/www.skalnik.pl\/blog\/materace-turystyczne-volven\/","og:image":"https:\/\/www.skalnik.pl\/blog\/wp-content\/uploads\/2023\/01\/Volven3-0021-min.jpg","og:image:secure_url":"https:\/\/www.skalnik.pl\/blog\/wp-content\/uploads\/2023\/01\/Volven3-0021-min.jpg","og:image:width":9097,"og:image:height":6065,"article:tag":["bran\u017ca","biwak","trekking"],"article:published_time":"2023-02-07T07:53:31+00:00","article:modified_time":"2023-04-14T08:25:54+00:00","twitter:card":"summary_large_image","twitter:title":"Materace turystyczne Volven - blog Skalnik","twitter:description":"Materace turystyczne to \u015bwietny wyb\u00f3r na biwak. Poznaj ofert\u0119 materacy dmuchanych Volven na ka\u017cd\u0105 por\u0119 roku. S\u0105 lekkie, kompaktowe i bardzo wygodne.","twitter:image":"https:\/\/www.skalnik.pl\/blog\/wp-content\/uploads\/2023\/01\/Volven3-0021-min.jpg"},"aioseo_meta_data":{"post_id":"21988","title":null,"description":"Materace turystyczne to \u015bwietny wyb\u00f3r na biwak. Poznaj ofert\u0119 materacy dmuchanych Volven na ka\u017cd\u0105 por\u0119 roku. S\u0105 lekkie, kompaktowe i bardzo wygodne.","keywords":[{"label":"materac turystyczny","value":"materac turystyczny"},{"label":"materac dmuchany","value":"materac dmuchany"},{"label":"materac Volven","value":"materac Volven"},{"label":"","value":""}],"keyphrases":{"focus":{"keyphrase":"","score":0,"analysis":{"keyphraseInTitle":{"score":0,"maxScore":9,"error":1}}},"additional":[]},"primary_term":null,"canonical_url":null,"og_title":null,"og_description":null,"og_object_type":"default","og_image_type":"default","og_image_url":null,"og_image_width":null,"og_image_height":null,"og_image_custom_url":null,"og_image_custom_fields":null,"og_video":"","og_custom_url":null,"og_article_section":null,"og_article_tags":[],"twitter_use_og":false,"twitter_card":"default","twitter_image_type":"default","twitter_image_url":null,"twitter_image_custom_url":null,"twitter_image_custom_fields":null,"twitter_title":null,"twitter_description":null,"schema":{"blockGraphs":[],"customGraphs":[],"default":{"data":{"Article":[],"Course":[],"Dataset":[],"FAQPage":[],"Movie":[],"Person":[],"Product":[],"ProductReview":[],"Car":[],"Recipe":[],"Service":[],"SoftwareApplication":[],"WebPage":[]},"graphName":"BlogPosting","isEnabled":true},"graphs":[]},"schema_type":"default","schema_type_options":null,"pillar_content":false,"robots_default":true,"robots_noindex":false,"robots_noarchive":false,"robots_nosnippet":false,"robots_nofollow":false,"robots_noimageindex":false,"robots_noodp":false,"robots_notranslate":false,"robots_max_snippet":"-1","robots_max_videopreview":"-1","robots_max_imagepreview":"large","priority":null,"frequency":"default","local_seo":null,"breadcrumb_settings":null,"limit_modified_date":false,"ai":null,"created":"2023-03-21 08:54:19","updated":"2026-02-17 22:33:35","seo_analyzer_scan_date":null},"aioseo_breadcrumb":"<div class=\"aioseo-breadcrumbs\"><span class=\"aioseo-breadcrumb\">\n\t\t\t<a href=\"https:\/\/www.skalnik.pl\/blog\" title=\"Home\">Home<\/a>\n\t\t<\/span><span class=\"aioseo-breadcrumb-separator\">&raquo;<\/span><span class=\"aioseo-breadcrumb\">\n\t\t\t<a href=\"https:\/\/www.skalnik.pl\/blog\/.\/branza\/\" title=\"Bran\u017ca\">Bran\u017ca<\/a>\n\t\t<\/span><span class=\"aioseo-breadcrumb-separator\">&raquo;<\/span><span class=\"aioseo-breadcrumb\">\n\t\t\tMaterace turystyczne Volven\n\t\t<\/span><\/div>","aioseo_breadcrumb_json":[{"label":"Home","link":"https:\/\/www.skalnik.pl\/blog"},{"label":"Bran\u017ca","link":"https:\/\/www.skalnik.pl\/blog\/.\/branza\/"},{"label":"Materace turystyczne Volven","link":"https:\/\/www.skalnik.pl\/blog\/materace-turystyczne-volven\/"}],"_links":{"self":[{"href":"https:\/\/www.skalnik.pl\/blog\/wp-json\/wp\/v2\/posts\/21988","targetHints":{"allow":["GET"]}}],"collection":[{"href":"https:\/\/www.skalnik.pl\/blog\/wp-json\/wp\/v2\/posts"}],"about":[{"href":"https:\/\/www.skalnik.pl\/blog\/wp-json\/wp\/v2\/types\/post"}],"author":[{"embeddable":true,"href":"https:\/\/www.skalnik.pl\/blog\/wp-json\/wp\/v2\/users\/41"}],"replies":[{"embeddable":true,"href":"https:\/\/www.skalnik.pl\/blog\/wp-json\/wp\/v2\/comments?post=21988"}],"version-history":[{"count":3,"href":"https:\/\/www.skalnik.pl\/blog\/wp-json\/wp\/v2\/posts\/21988\/revisions"}],"predecessor-version":[{"id":22527,"href":"https:\/\/www.skalnik.pl\/blog\/wp-json\/wp\/v2\/posts\/21988\/revisions\/22527"}],"wp:featuredmedia":[{"embeddable":true,"href":"https:\/\/www.skalnik.pl\/blog\/wp-json\/wp\/v2\/media\/21989"}],"wp:attachment":[{"href":"https:\/\/www.skalnik.pl\/blog\/wp-json\/wp\/v2\/media?parent=21988"}],"wp:term":[{"taxonomy":"category","embeddable":true,"href":"https:\/\/www.skalnik.pl\/blog\/wp-json\/wp\/v2\/categories?post=21988"},{"taxonomy":"post_tag","embeddable":true,"href":"https:\/\/www.skalnik.pl\/blog\/wp-json\/wp\/v2\/tags?post=21988"},{"taxonomy":"magento_category","embeddable":true,"href":"https:\/\/www.skalnik.pl\/blog\/wp-json\/wp\/v2\/magento_category?post=21988"},{"taxonomy":"magento_product","embeddable":true,"href":"https:\/\/www.skalnik.pl\/blog\/wp-json\/wp\/v2\/magento_product?post=21988"}],"curies":[{"name":"wp","href":"https:\/\/api.w.org\/{rel}","templated":true}]}}