{"id":22042,"date":"2023-02-13T15:23:08","date_gmt":"2023-02-13T14:23:08","guid":{"rendered":"https:\/\/www.skalnik.pl\/blog\/?p=22042"},"modified":"2023-02-13T15:24:35","modified_gmt":"2023-02-13T14:24:35","slug":"polskie-gory-miejsca-w-ktorych-sie-zakochasz","status":"publish","type":"post","link":"https:\/\/www.skalnik.pl\/blog\/polskie-gory-miejsca-w-ktorych-sie-zakochasz\/","title":{"rendered":"Polskie g\u00f3ry &#8211; miejsca w kt\u00f3rych si\u0119 zakochasz"},"content":{"rendered":"\n<p><strong>\u201eDo zakochania jeden krok\u2026\u201d m\u00f3wi\u0105 s\u0142owa popularnej piosenki. A gdy do tego s\u0105 to kroki pod g\u00f3r\u0119 to mo\u017ce si\u0119 z tego zrodzi\u0107 mi\u0142o\u015b\u0107 na ca\u0142e \u017cycie. G\u00f3romaniakom nie trzeba tego t\u0142umaczy\u0107, a ci, kt\u00f3rzy dopiero zaczynaj\u0105 swoj\u0105 przygod\u0119 z g\u00f3rami maj\u0105 przed sob\u0105 ten najpi\u0119kniejszy czas czyli zakochiwanie si\u0119 w nich i ich odkrywanie. Ale nawet gdy si\u0119 wraca w wiele miejsc, mo\u017cna si\u0119 w nich zakochiwa\u0107 od nowa, w innej porze roku, przy innym o\u015bwietleniu, a mo\u017ce tak\u017ce w innym towarzystwie\u2026 &nbsp;W polskich g\u00f3rach nie brakuje pi\u0119knych miejsc i dzi\u015b chcia\u0142abym Ci pokaza\u0107 te, w kt\u00f3rych \u0142atwo si\u0119 jest zakocha\u0107. Cz\u0119sto od pierwszego wejrzenia.<\/strong><\/p>\n\n\n\n<div id=\"ez-toc-container\" class=\"ez-toc-v2_0_85 counter-hierarchy ez-toc-counter ez-toc-light-blue ez-toc-container-direction\">\n<div class=\"ez-toc-title-container\">\n<p class=\"ez-toc-title\" style=\"cursor:inherit\">SPIS TRE\u015aCI <\/p>\n<span class=\"ez-toc-title-toggle\"><a href=\"#\" class=\"ez-toc-pull-right ez-toc-btn ez-toc-btn-xs ez-toc-btn-default ez-toc-toggle\" aria-label=\"Prze\u0142\u0105cznik Spisu Tre\u015bci\"><span class=\"ez-toc-js-icon-con\"><span class=\"\"><span class=\"eztoc-hide\" style=\"display:none;\">Toggle<\/span><span class=\"ez-toc-icon-toggle-span\"><svg style=\"fill: #999;color:#999\" xmlns=\"http:\/\/www.w3.org\/2000\/svg\" class=\"list-377408\" width=\"20px\" height=\"20px\" viewBox=\"0 0 24 24\" fill=\"none\"><path d=\"M6 6H4v2h2V6zm14 0H8v2h12V6zM4 11h2v2H4v-2zm16 0H8v2h12v-2zM4 16h2v2H4v-2zm16 0H8v2h12v-2z\" fill=\"currentColor\"><\/path><\/svg><svg style=\"fill: #999;color:#999\" class=\"arrow-unsorted-368013\" xmlns=\"http:\/\/www.w3.org\/2000\/svg\" width=\"10px\" height=\"10px\" viewBox=\"0 0 24 24\" version=\"1.2\" baseProfile=\"tiny\"><path d=\"M18.2 9.3l-6.2-6.3-6.2 6.3c-.2.2-.3.4-.3.7s.1.5.3.7c.2.2.4.3.7.3h11c.3 0 .5-.1.7-.3.2-.2.3-.5.3-.7s-.1-.5-.3-.7zM5.8 14.7l6.2 6.3 6.2-6.3c.2-.2.3-.5.3-.7s-.1-.5-.3-.7c-.2-.2-.4-.3-.7-.3h-11c-.3 0-.5.1-.7.3-.2.2-.3.5-.3.7s.1.5.3.7z\"\/><\/svg><\/span><\/span><\/span><\/a><\/span><\/div>\n<nav><ul class='ez-toc-list ez-toc-list-level-1 ' ><li class='ez-toc-page-1 ez-toc-heading-level-2'><a class=\"ez-toc-link ez-toc-heading-1\" href=\"https:\/\/www.skalnik.pl\/blog\/polskie-gory-miejsca-w-ktorych-sie-zakochasz\/#Tatry-_milosc_do_strzelistych_szczytow\" >Tatry- mi\u0142o\u015b\u0107 do strzelistych szczyt\u00f3w<\/a><\/li><li class='ez-toc-page-1 ez-toc-heading-level-2'><a class=\"ez-toc-link ez-toc-heading-2\" href=\"https:\/\/www.skalnik.pl\/blog\/polskie-gory-miejsca-w-ktorych-sie-zakochasz\/#Pieniny_%E2%80%93_male_jest_piekne\" >Pieniny &#8211; ma\u0142e jest pi\u0119kne<\/a><\/li><li class='ez-toc-page-1 ez-toc-heading-level-2'><a class=\"ez-toc-link ez-toc-heading-3\" href=\"https:\/\/www.skalnik.pl\/blog\/polskie-gory-miejsca-w-ktorych-sie-zakochasz\/#Gorce_%E2%80%93_milosc_do_przestrzeni\" >Gorce &#8211; mi\u0142o\u015b\u0107 do przestrzeni<\/a><\/li><li class='ez-toc-page-1 ez-toc-heading-level-2'><a class=\"ez-toc-link ez-toc-heading-4\" href=\"https:\/\/www.skalnik.pl\/blog\/polskie-gory-miejsca-w-ktorych-sie-zakochasz\/#Beskid_Zywiecki_%E2%80%93_zakochac_sie_w_%E2%80%9EKrolowej%E2%80%9D\" >Beskid \u017bywiecki \u2013 zakocha\u0107 si\u0119 w \u201eKr\u00f3lowej\u201d<\/a><\/li><li class='ez-toc-page-1 ez-toc-heading-level-2'><a class=\"ez-toc-link ez-toc-heading-5\" href=\"https:\/\/www.skalnik.pl\/blog\/polskie-gory-miejsca-w-ktorych-sie-zakochasz\/#Bieszczady_%E2%80%93_milosc_do_pustki_i_wiatru\" >Bieszczady &#8211; mi\u0142o\u015b\u0107 do pustki i wiatru<\/a><\/li><li class='ez-toc-page-1 ez-toc-heading-level-2'><a class=\"ez-toc-link ez-toc-heading-6\" href=\"https:\/\/www.skalnik.pl\/blog\/polskie-gory-miejsca-w-ktorych-sie-zakochasz\/#Gory_Stolowe_%E2%80%93_milosc_do_magii\" >G\u00f3ry Sto\u0142owe &#8211; mi\u0142o\u015b\u0107 do magii<\/a><\/li><li class='ez-toc-page-1 ez-toc-heading-level-2'><a class=\"ez-toc-link ez-toc-heading-7\" href=\"https:\/\/www.skalnik.pl\/blog\/polskie-gory-miejsca-w-ktorych-sie-zakochasz\/#Karkonosze_%E2%80%93_szukajac_ducha_Gor\" >Karkonosze \u2013 szukaj\u0105c ducha G\u00f3r<\/a><\/li><\/ul><\/nav><\/div>\n<h2 class=\"wp-block-heading\"><span class=\"ez-toc-section\" id=\"Tatry-_milosc_do_strzelistych_szczytow\"><\/span>Tatry- mi\u0142o\u015b\u0107 do strzelistych szczyt\u00f3w<span class=\"ez-toc-section-end\"><\/span><\/h2>\n\n\n\n<p>Najwy\u017csze polskie g\u00f3ry to zdecydowanie miejsce, w kt\u00f3rym mo\u017cna si\u0119 zakocha\u0107. Niekt\u00f3rzy wracaj\u0105 tu po kilka i wi\u0119cej razy w roku. Strzeliste szczyty, ska\u0142y, g\u00f3rskie potoki i stawy, w kt\u00f3rych przegl\u0105daj\u0105 si\u0119 jak w lustrze wierzcho\u0142ki g\u00f3r no i \u015bwiadomo\u015b\u0107, \u017ce jest si\u0119 w tych naj w Polsce, to wszystko sprawia, \u017ce w\u0119dr\u00f3wki po Tatrach s\u0105 niesamowite.<\/p>\n\n\n\n<div class=\"wp-block-image\"><figure class=\"aligncenter size-large\"><img loading=\"lazy\" decoding=\"async\" width=\"1024\" height=\"503\" src=\"https:\/\/www.skalnik.pl\/blog\/wp-content\/uploads\/2023\/01\/AdobeStock_114497877-min-1024x503.jpeg\" alt=\"\" class=\"wp-image-22044\" srcset=\"https:\/\/www.skalnik.pl\/blog\/wp-content\/uploads\/2023\/01\/AdobeStock_114497877-min-1024x503.jpeg 1024w, https:\/\/www.skalnik.pl\/blog\/wp-content\/uploads\/2023\/01\/AdobeStock_114497877-min-300x147.jpeg 300w, https:\/\/www.skalnik.pl\/blog\/wp-content\/uploads\/2023\/01\/AdobeStock_114497877-min-768x377.jpeg 768w, https:\/\/www.skalnik.pl\/blog\/wp-content\/uploads\/2023\/01\/AdobeStock_114497877-min-1536x755.jpeg 1536w, https:\/\/www.skalnik.pl\/blog\/wp-content\/uploads\/2023\/01\/AdobeStock_114497877-min-2048x1006.jpeg 2048w\" sizes=\"auto, (max-width: 1024px) 100vw, 1024px\" \/><figcaption><em>Takich krajobraz\u00f3w jak Tatry nie daj\u0105 \u017cadne inne g\u00f3ry w Polsce<\/em><\/figcaption><\/figure><\/div>\n\n\n\n<p>Najpi\u0119kniejsze miejsca w Tatrach to wbrew pozorom nie tylko szczyty. Oczywi\u015bcie, wej\u015bcie na Rysy, zdobycie Ko\u015bcielca, Grzesia, Giewontu, czy ka\u017cdego innego tatrza\u0144skiego szczytu, zawsze jest ogromnym prze\u017cyciem. Ale nie zapomnij o tym co ni\u017cej. Tatrza\u0144skie doliny, jak Dolina Pi\u0119ciu Staw\u00f3w Polskich, Dolina G\u0105sienicowa, Ko\u015bcieliska czy Chocho\u0142owska maj\u0105 w sobie mn\u00f3stwo uroku.<\/p>\n\n\n\n<div class=\"wp-block-image\"><figure class=\"aligncenter size-large\"><img loading=\"lazy\" decoding=\"async\" width=\"1024\" height=\"410\" src=\"https:\/\/www.skalnik.pl\/blog\/wp-content\/uploads\/2023\/01\/AdobeStock_277040856-min-1024x410.jpeg\" alt=\"\" class=\"wp-image-22045\" srcset=\"https:\/\/www.skalnik.pl\/blog\/wp-content\/uploads\/2023\/01\/AdobeStock_277040856-min-1024x410.jpeg 1024w, https:\/\/www.skalnik.pl\/blog\/wp-content\/uploads\/2023\/01\/AdobeStock_277040856-min-300x120.jpeg 300w, https:\/\/www.skalnik.pl\/blog\/wp-content\/uploads\/2023\/01\/AdobeStock_277040856-min-768x307.jpeg 768w, https:\/\/www.skalnik.pl\/blog\/wp-content\/uploads\/2023\/01\/AdobeStock_277040856-min-1536x615.jpeg 1536w, https:\/\/www.skalnik.pl\/blog\/wp-content\/uploads\/2023\/01\/AdobeStock_277040856-min-2048x819.jpeg 2048w\" sizes=\"auto, (max-width: 1024px) 100vw, 1024px\" \/><figcaption><em>Tatrza\u0144skie doliny, r\u00f3wnie malownicze jak wznosz\u0105ce si\u0119 nad nimi szczyty <\/em><\/figcaption><\/figure><\/div>\n\n\n\n<p>W Tatrach mo\u017cna si\u0119 zakocha\u0107 o ka\u017cdej porze roku, cho\u0107 mi\u0142o\u015b\u0107 zimowa jest do\u015b\u0107 wymagaj\u0105ca i nios\u0105ca ze sob\u0105 sporo ryzyka. Pobielone \u015bniegiem Tatry prezentuj\u0105 si\u0119 wspaniale. Ale czy nie r\u00f3wnie pi\u0119kne s\u0105 obsypane krokusami wiosenne hale albo zielone letnie doliny, nie m\u00f3wi\u0105c o jesiennych kolorach rozlewaj\u0105cych si\u0119 po zboczach g\u00f3r. Tak, zdecydowanie Tatry mog\u0105 sta\u0107 obiektem zakochania.<\/p>\n\n\n\n<p><span class=\"has-inline-color has-vivid-cyan-blue-color\">Kochasz Tatry? Pokochaj ich najwy\u017cszy szczyt. Teraz pot\u0119sknij troch\u0119 za nim i przeczytaj artyku\u0142 <strong><a href=\"https:\/\/www.skalnik.pl\/blog\/jak-wejsc-na-rysy-latem\/\" target=\"_blank\" rel=\"noreferrer noopener\">&#8222;Jak zdoby\u0107 Rysy latem&#8221;<\/a><\/strong>. <\/span><\/p>\n\n\n\n<h2 class=\"wp-block-heading\"><span class=\"ez-toc-section\" id=\"Pieniny_%E2%80%93_male_jest_piekne\"><\/span>Pieniny &#8211; ma\u0142e jest pi\u0119kne<span class=\"ez-toc-section-end\"><\/span><\/h2>\n\n\n\n<p>Z Tatr tylko skok w Pieniny. Nie ukrywam, \u017ce skrad\u0142y one moje serce wiele lat temu. I niewiele jest polskich pasm g\u00f3rskich, kt\u00f3re na tak niewielkim obszarze s\u0105 tak zr\u00f3\u017cnicowane. Od wapiennych z\u0119b\u00f3w Trzech Koron przez widokowy grzbiet Ma\u0142ych Pienin po lesiste Pieniny Spiskie, a nawet jeszcze ni\u017cej w g\u0142\u0119boki Prze\u0142om Dunajca, g\u00f3ry te mo\u017cna pokocha\u0107 ca\u0142ym sercem. <\/p>\n\n\n\n<div class=\"wp-block-image\"><figure class=\"aligncenter size-large\"><img loading=\"lazy\" decoding=\"async\" width=\"1024\" height=\"683\" src=\"https:\/\/www.skalnik.pl\/blog\/wp-content\/uploads\/2023\/01\/AdobeStock_138979967-min-1024x683.jpeg\" alt=\"\" class=\"wp-image-22046\" srcset=\"https:\/\/www.skalnik.pl\/blog\/wp-content\/uploads\/2023\/01\/AdobeStock_138979967-min-1024x683.jpeg 1024w, https:\/\/www.skalnik.pl\/blog\/wp-content\/uploads\/2023\/01\/AdobeStock_138979967-min-300x200.jpeg 300w, https:\/\/www.skalnik.pl\/blog\/wp-content\/uploads\/2023\/01\/AdobeStock_138979967-min-768x512.jpeg 768w, https:\/\/www.skalnik.pl\/blog\/wp-content\/uploads\/2023\/01\/AdobeStock_138979967-min-1536x1024.jpeg 1536w, https:\/\/www.skalnik.pl\/blog\/wp-content\/uploads\/2023\/01\/AdobeStock_138979967-min-2048x1366.jpeg 2048w\" sizes=\"auto, (max-width: 1024px) 100vw, 1024px\" \/><figcaption><em>Trzy Korony wygl\u0105daj\u0105 jakby wyrasta\u0142y z doliny Dunajca <\/em><\/figcaption><\/figure><\/div>\n\n\n\n<p>Ci\u0119\u017cko wybra\u0107 najpi\u0119kniejsze miejsca w Pieninach. Jest ich tak du\u017co. Na mojej li\u015bcie s\u0105 widok spod Wysokiego Wierchu i Durbaszki w Ma\u0142ych Pieninach w stron\u0119 Pienin w\u0142a\u015bciwych, W\u0105w\u00f3z Szopcza\u0144ski na zboczach Masywu Trzech Koron, Rezerwat Bia\u0142a Woda w Ma\u0142ych Pieninach oraz przepi\u0119kny widok z Grandeusa w Pieninach Spiskich na Tatry. Wra\u017cenie robi te\u017c Droga Pieni\u0144ska poprowadzona Prze\u0142omem Dunajca, kt\u00f3ry wdziera si\u0119 tu mi\u0119dzy wysokie, skaliste \u015bciany.<\/p>\n\n\n\n<p><span class=\"has-inline-color has-vivid-cyan-blue-color\">Gdy zakochasz si\u0119 w Pieninach, wyrusz na ich najwy\u017cszy szczyt. Wysoka czeka, a gotowy plan na jej &#8222;podb\u00f3j&#8221; znajdziesz <strong><a href=\"https:\/\/www.skalnik.pl\/blog\/korona-gor-polski-wysoka\/\" target=\"_blank\" rel=\"noreferrer noopener\">pod tym linkiem<\/a><\/strong>. <\/span><\/p>\n\n\n\n<h2 class=\"wp-block-heading\"><span class=\"ez-toc-section\" id=\"Gorce_%E2%80%93_milosc_do_przestrzeni\"><\/span>Gorce &#8211; mi\u0142o\u015b\u0107 do przestrzeni<span class=\"ez-toc-section-end\"><\/span><\/h2>\n\n\n\n<p>Na pierwszy rzut oka Gorce niczym specjalnym si\u0119 nie wyr\u00f3\u017cniaj\u0105. Patrz\u0105c na nie z do\u0142u widzi si\u0119 tylko d\u0142ugie, ci\u0105gn\u0105ce si\u0119 przez kilka- kilkana\u015bcie kilometr\u00f3w zalesione grzbiety. Ale to zdecydowanie za ma\u0142o, by opisa\u0107 te g\u00f3ry, w kt\u00f3rych tak \u0142atwo si\u0119 zakocha\u0107. Tyle, \u017ce mi\u0142o\u015b\u0107 wymaga wysi\u0142ku i wdrapania si\u0119 na grzbiety. Tu, z ods\u0142oni\u0119tych hal i polan, na kt\u00f3rych wci\u0105\u017c prowadzony jest wypas rozci\u0105gaj\u0105 si\u0119 wspania\u0142e widoki na Tatry, Beskidy i Pieniny. Przestrze\u0144 wo\u0142a, a poranek w schronisku na Turbaczu z widokiem na Tatry i zalegaj\u0105ce w dolinach mg\u0142y nie ma sobie r\u00f3wnych.<\/p>\n\n\n\n<div class=\"wp-block-image\"><figure class=\"aligncenter size-large\"><img loading=\"lazy\" decoding=\"async\" width=\"1024\" height=\"683\" src=\"https:\/\/www.skalnik.pl\/blog\/wp-content\/uploads\/2023\/01\/AdobeStock_177970877-min-1024x683.jpeg\" alt=\"\" class=\"wp-image-22047\" srcset=\"https:\/\/www.skalnik.pl\/blog\/wp-content\/uploads\/2023\/01\/AdobeStock_177970877-min-1024x683.jpeg 1024w, https:\/\/www.skalnik.pl\/blog\/wp-content\/uploads\/2023\/01\/AdobeStock_177970877-min-300x200.jpeg 300w, https:\/\/www.skalnik.pl\/blog\/wp-content\/uploads\/2023\/01\/AdobeStock_177970877-min-768x512.jpeg 768w, https:\/\/www.skalnik.pl\/blog\/wp-content\/uploads\/2023\/01\/AdobeStock_177970877-min-1536x1024.jpeg 1536w, https:\/\/www.skalnik.pl\/blog\/wp-content\/uploads\/2023\/01\/AdobeStock_177970877-min-2048x1365.jpeg 2048w\" sizes=\"auto, (max-width: 1024px) 100vw, 1024px\" \/><figcaption><em>Gorcza\u0144skie hale i polany &#8211; widoki, kt\u00f3rych nie spos\u00f3b zapomnie\u0107<\/em><\/figcaption><\/figure><\/div>\n\n\n\n<h2 class=\"wp-block-heading\"><span class=\"ez-toc-section\" id=\"Beskid_Zywiecki_%E2%80%93_zakochac_sie_w_%E2%80%9EKrolowej%E2%80%9D\"><\/span>Beskid \u017bywiecki \u2013 zakocha\u0107 si\u0119 w \u201eKr\u00f3lowej\u201d<span class=\"ez-toc-section-end\"><\/span><\/h2>\n\n\n\n<p>&nbsp;W moim zestawieniu nie mo\u017ce oczywi\u015bcie zabrakn\u0105\u0107 Beskidu \u017bywieckiego. I cho\u0107 najbardziej oczywistym miejscem, w kt\u00f3rym mo\u017cna si\u0119 tu zakocha\u0107 jest Babia G\u00f3ra, to wcale nie jest jedyna. Diablak, Kapry\u015bnica, Matka Niepog\u00f3d- te przydomki raczej nie sk\u0142aniaj\u0105 do cieplejszych uczu\u0107. Ale wystarczy raz by\u0107 na Kr\u00f3lowej Beskid\u00f3w by doceni\u0107 jej pi\u0119kno. A je\u015bli trafisz tu o wschodzie lub zachodzie s\u0142o\u0144ca, wpadniesz po uszy.<\/p>\n\n\n\n<div class=\"wp-block-image\"><figure class=\"aligncenter size-large\"><img loading=\"lazy\" decoding=\"async\" width=\"1024\" height=\"684\" src=\"https:\/\/www.skalnik.pl\/blog\/wp-content\/uploads\/2023\/01\/AdobeStock_274553499-1024x684.jpeg\" alt=\"\" class=\"wp-image-22048\" srcset=\"https:\/\/www.skalnik.pl\/blog\/wp-content\/uploads\/2023\/01\/AdobeStock_274553499-1024x684.jpeg 1024w, https:\/\/www.skalnik.pl\/blog\/wp-content\/uploads\/2023\/01\/AdobeStock_274553499-300x200.jpeg 300w, https:\/\/www.skalnik.pl\/blog\/wp-content\/uploads\/2023\/01\/AdobeStock_274553499-768x513.jpeg 768w, https:\/\/www.skalnik.pl\/blog\/wp-content\/uploads\/2023\/01\/AdobeStock_274553499-1536x1025.jpeg 1536w, https:\/\/www.skalnik.pl\/blog\/wp-content\/uploads\/2023\/01\/AdobeStock_274553499-2048x1367.jpeg 2048w\" sizes=\"auto, (max-width: 1024px) 100vw, 1024px\" \/><figcaption><em>Wschody i zachody s\u0142o\u0144ca na Babiej G\u00f3rze to niesamowite g\u00f3rskie prze\u017cycie <\/em><\/figcaption><\/figure><\/div>\n\n\n\n<p>Je\u015bli szukasz pi\u0119knych miejsc w Beskidzie \u017bywieckim wyrusz tak\u017ce w Worek Racza\u0144ski. Tak malownicze krajobrazy i panoramy obejmuj\u0105ce zar\u00f3wno polskie Beskidy i Tatry, jak i g\u00f3ry S\u0142owacji rzadko si\u0119 trafiaj\u0105.<\/p>\n\n\n\n<p><span class=\"has-inline-color has-vivid-cyan-blue-color\">Plan wej\u015bcia na szczyt i bezpiecznego powrotu z Babiej G\u00f3ry czeka. Kliknij po niego<strong><a href=\"https:\/\/www.skalnik.pl\/blog\/korona-gor-polski-babia-gora\/\" target=\"_blank\" rel=\"noreferrer noopener\"> w ten link<\/a><\/strong>. <\/span><\/p>\n\n\n\n<h2 class=\"wp-block-heading\"><span class=\"ez-toc-section\" id=\"Bieszczady_%E2%80%93_milosc_do_pustki_i_wiatru\"><\/span>Bieszczady &#8211; mi\u0142o\u015b\u0107 do pustki i wiatru<span class=\"ez-toc-section-end\"><\/span><\/h2>\n\n\n\n<p>Skocz\u0119 teraz daleko na wsch\u00f3d. W Bieszczady. Do niedawna dzikie i b\u0119d\u0105ce synonimem ca\u0142kowitej wolno\u015bci, dzi\u015b zdecydowanie bardziej \u201eucywilizowane\u201d. Ale czy przez to smagane wiatrem po\u0142oniny straci\u0142y co\u015b ze swojego czaru? Dla mnie nie i mog\u0119 je przemierza\u0107 o ka\u017cdej porze roku- gdy wiosn\u0105 ziele\u0144 dopiero \u201ewy\u0142azi\u201d spod bia\u0142ej pierzyny \u015bniegu, latem, gdy trawy gn\u0105 si\u0119 jak wielki dywan pod naporem podmuch\u00f3w, jesieni\u0105, kiedy wybuchaj\u0105 wszystkie odcienie \u017c\u00f3\u0142ci, br\u0105zu i czerwieni, a nawet zim\u0105, gdy mr\u00f3z, l\u00f3d i wiatr tworz\u0105 z krzak\u00f3w, znak\u00f3w i z Chatki Puchatka wielkie lodowe rze\u017aby.<\/p>\n\n\n\n<div class=\"wp-block-image\"><figure class=\"aligncenter size-large\"><img loading=\"lazy\" decoding=\"async\" width=\"1024\" height=\"500\" src=\"https:\/\/www.skalnik.pl\/blog\/wp-content\/uploads\/2023\/01\/AdobeStock_294255152-min-1024x500.jpeg\" alt=\"\" class=\"wp-image-22049\" srcset=\"https:\/\/www.skalnik.pl\/blog\/wp-content\/uploads\/2023\/01\/AdobeStock_294255152-min-1024x500.jpeg 1024w, https:\/\/www.skalnik.pl\/blog\/wp-content\/uploads\/2023\/01\/AdobeStock_294255152-min-300x146.jpeg 300w, https:\/\/www.skalnik.pl\/blog\/wp-content\/uploads\/2023\/01\/AdobeStock_294255152-min-768x375.jpeg 768w, https:\/\/www.skalnik.pl\/blog\/wp-content\/uploads\/2023\/01\/AdobeStock_294255152-min-1536x750.jpeg 1536w, https:\/\/www.skalnik.pl\/blog\/wp-content\/uploads\/2023\/01\/AdobeStock_294255152-min-2048x1000.jpeg 2048w\" sizes=\"auto, (max-width: 1024px) 100vw, 1024px\" \/><figcaption><em>Podobno Bieszczady najpi\u0119kniejsze s\u0105 jesieni\u0105&#8230; <\/em><\/figcaption><\/figure><\/div>\n\n\n\n<p>Mo\u017cna si\u0119 te\u017c zakocha\u0107 w troch\u0119 innych Bieszczadach. Tych nieco schowanych przed wzrokiem. W bieszczadzkich dolinach jak \u0141opienka, Krywe czy Tyskowa, kt\u00f3re do II wojny \u015bwiatowej t\u0119tni\u0142y \u017cyciem. Dzi\u015b o dawnych mieszka\u0144cach przypominaj\u0105 krzy\u017ce, opuszczone cerkwie i cmentarze.<\/p>\n\n\n\n<p><span class=\"has-inline-color has-vivid-cyan-blue-color\">Zanim zdob\u0119dziesz Tarnic\u0119, zajrzyj <strong><a href=\"https:\/\/www.skalnik.pl\/blog\/korona-gor-polski-tarnica\/\" target=\"_blank\" rel=\"noreferrer noopener\">do tego artyku\u0142u<\/a><\/strong> na naszym blogu. Ciekawostki i trasa czekaj\u0105!<\/span><\/p>\n\n\n\n<h2 class=\"wp-block-heading\"><span class=\"ez-toc-section\" id=\"Gory_Stolowe_%E2%80%93_milosc_do_magii\"><\/span>G\u00f3ry Sto\u0142owe &#8211; mi\u0142o\u015b\u0107 do magii<span class=\"ez-toc-section-end\"><\/span><\/h2>\n\n\n\n<p>Fantazyjne skalne kszta\u0142ty, w\u0105skie przej\u015bcia, labirynty jak z opowie\u015bci fantasy. Czy to \u015bwiat magii? Nie to G\u00f3ry Sto\u0142owe, kt\u00f3re wprawiaj\u0105 w zachwyt i pobudzaj\u0105 wyobra\u017ani\u0119. W\u015br\u00f3d B\u0142\u0119dnych Ska\u0142 lub w labiryncie na Szczeli\u0144cu \u0142atwo jest zgubi\u0107 serce by wraca\u0107 w te czarowne i obros\u0142e legendami miejsca wiele razy.<\/p>\n\n\n\n<div class=\"wp-block-image\"><figure class=\"aligncenter size-large\"><img loading=\"lazy\" decoding=\"async\" width=\"1024\" height=\"680\" src=\"https:\/\/www.skalnik.pl\/blog\/wp-content\/uploads\/2023\/01\/AdobeStock_250817209-1024x680.jpeg\" alt=\"\" class=\"wp-image-22050\" srcset=\"https:\/\/www.skalnik.pl\/blog\/wp-content\/uploads\/2023\/01\/AdobeStock_250817209-1024x680.jpeg 1024w, https:\/\/www.skalnik.pl\/blog\/wp-content\/uploads\/2023\/01\/AdobeStock_250817209-300x199.jpeg 300w, https:\/\/www.skalnik.pl\/blog\/wp-content\/uploads\/2023\/01\/AdobeStock_250817209-768x510.jpeg 768w, https:\/\/www.skalnik.pl\/blog\/wp-content\/uploads\/2023\/01\/AdobeStock_250817209-1536x1020.jpeg 1536w, https:\/\/www.skalnik.pl\/blog\/wp-content\/uploads\/2023\/01\/AdobeStock_250817209-2048x1360.jpeg 2048w\" sizes=\"auto, (max-width: 1024px) 100vw, 1024px\" \/><figcaption><em>B\u0142\u0119dne Ska\u0142y- kamienny \u015bwiat magii, kt\u00f3ry urzek\u0142 nawet tw\u00f3rc\u00f3w filmu o Narnii <\/em><\/figcaption><\/figure><\/div>\n\n\n\n<p>&nbsp;A gdy chcesz czego\u015b wi\u0119cej zanocuj w schronisku na Szczeli\u0144cu. Niewiele jest tak pi\u0119knie po\u0142o\u017conych schronisk w polskich g\u00f3rach. Kubek porannej kawy lub herbaty z widokiem, kt\u00f3ry si\u0119 st\u0105d roztacza sprawi, \u017ce na pewno zechcesz wr\u00f3ci\u0107.<\/p>\n\n\n\n<div class=\"wp-block-image\"><figure class=\"aligncenter size-large\"><img loading=\"lazy\" decoding=\"async\" width=\"1024\" height=\"593\" src=\"https:\/\/www.skalnik.pl\/blog\/wp-content\/uploads\/2023\/01\/AdobeStock_147924013-min-1024x593.jpeg\" alt=\"\" class=\"wp-image-22053\" srcset=\"https:\/\/www.skalnik.pl\/blog\/wp-content\/uploads\/2023\/01\/AdobeStock_147924013-min-1024x593.jpeg 1024w, https:\/\/www.skalnik.pl\/blog\/wp-content\/uploads\/2023\/01\/AdobeStock_147924013-min-300x174.jpeg 300w, https:\/\/www.skalnik.pl\/blog\/wp-content\/uploads\/2023\/01\/AdobeStock_147924013-min-768x445.jpeg 768w, https:\/\/www.skalnik.pl\/blog\/wp-content\/uploads\/2023\/01\/AdobeStock_147924013-min-1536x890.jpeg 1536w, https:\/\/www.skalnik.pl\/blog\/wp-content\/uploads\/2023\/01\/AdobeStock_147924013-min-2048x1186.jpeg 2048w\" sizes=\"auto, (max-width: 1024px) 100vw, 1024px\" \/><figcaption><em>Schronisku na Szczeli\u0144cu Wielkim- poranek z takim widokiem to niezapomniane prze\u017cycie<\/em><\/figcaption><\/figure><\/div>\n\n\n\n<p><span class=\"has-inline-color has-vivid-cyan-blue-color\">Zobacz te\u017c tekst o tym, jak zdoby\u0107 Szczeliniec &#8211;&gt;<a href=\"https:\/\/www.skalnik.pl\/blog\/korona-gor-polski-szczeliniec-wielki\/\" target=\"_blank\" rel=\"noreferrer noopener\"><strong> kliknij tutaj<\/strong><\/a>. <\/span><\/p>\n\n\n\n<h2 class=\"wp-block-heading\"><span class=\"ez-toc-section\" id=\"Karkonosze_%E2%80%93_szukajac_ducha_Gor\"><\/span>Karkonosze \u2013 szukaj\u0105c ducha G\u00f3r<span class=\"ez-toc-section-end\"><\/span><\/h2>\n\n\n\n<p>I w ko\u0144cu ostatni skok, w Karkonosze. Ich G\u0142\u00f3wny Grzbiet z widoczn\u0105 z daleka kulminacj\u0105 w postaci \u015anie\u017cki zachwyca wielu mi\u0142o\u015bnik\u00f3w g\u00f3r. Sp\u0142aszczony, do\u015b\u0107 \u0142agodny, ale jednocze\u015bnie co chwil\u0119 odkrywa swoje kolejne tajemnice. G\u0142\u0119bokie polodowcowe kot\u0142y, jak \u015anie\u017cne Kot\u0142y czy Kocio\u0142 \u0141omniczki, nisze powsta\u0142e pod wp\u0142ywem dzia\u0142ania lodu i \u015bniegu oraz nieod\u0142\u0105czny element tych g\u00f3r czyli ska\u0142ki o fantazyjnych kszta\u0142tach. Tu \u0142atwo uwierzy\u0107, \u017ce gdzie\u015b zza za\u0142omu pojawi si\u0119 nagle Duch G\u00f3r.<\/p>\n\n\n\n<div class=\"wp-block-image\"><figure class=\"aligncenter size-large\"><img loading=\"lazy\" decoding=\"async\" width=\"1024\" height=\"683\" src=\"https:\/\/www.skalnik.pl\/blog\/wp-content\/uploads\/2023\/01\/snow-koppe-gafba336d9_1920-1024x683.jpg\" alt=\"\" class=\"wp-image-22051\" srcset=\"https:\/\/www.skalnik.pl\/blog\/wp-content\/uploads\/2023\/01\/snow-koppe-gafba336d9_1920-1024x683.jpg 1024w, https:\/\/www.skalnik.pl\/blog\/wp-content\/uploads\/2023\/01\/snow-koppe-gafba336d9_1920-300x200.jpg 300w, https:\/\/www.skalnik.pl\/blog\/wp-content\/uploads\/2023\/01\/snow-koppe-gafba336d9_1920-768x512.jpg 768w, https:\/\/www.skalnik.pl\/blog\/wp-content\/uploads\/2023\/01\/snow-koppe-gafba336d9_1920-1536x1024.jpg 1536w, https:\/\/www.skalnik.pl\/blog\/wp-content\/uploads\/2023\/01\/snow-koppe-gafba336d9_1920.jpg 1920w\" sizes=\"auto, (max-width: 1024px) 100vw, 1024px\" \/><figcaption><em>\u015anie\u017cka- jej nie mo\u017cesz omin\u0105\u0107 podczas w\u0119dr\u00f3wki po Karkonoszach (fot. Sven Lachmann, Pixabay)<\/em><\/figcaption><\/figure><\/div>\n\n\n\n<p><span class=\"has-inline-color has-vivid-cyan-blue-color\">Gotowy plan na zdobycie \u015anie\u017cki znajdziesz <strong><a href=\"https:\/\/www.skalnik.pl\/blog\/korona-gor-polski-sniezka\/\" target=\"_blank\" rel=\"noreferrer noopener\">w tym artykule<\/a><\/strong>. <\/span><\/p>\n\n\n\n<hr class=\"wp-block-separator is-style-dots\"\/>\n\n\n\n<p>Mi\u0142o\u015b\u0107 do g\u00f3r przychodzi czasem znienacka, czasem potrzebuje czasu by si\u0119 rozwin\u0105\u0107. Trzeba da\u0107 tylko temu zakochaniu szans\u0119. I zrobi\u0107 ten pierwszy krok. Z plecakiem na plecach, pod g\u00f3r\u0119, cz\u0119sto przy du\u017cym zm\u0119czeniu. Ale warto bo to mi\u0142o\u015b\u0107 na ca\u0142e \u017cycie.<\/p>\n","protected":false},"excerpt":{"rendered":"<p>Zakochaj si\u0119 w g\u00f3rach! Zobacz najpi\u0119kniejsze widoki z polskich g\u00f3r. Na pewno stracisz dla nich serce i oby nie g\u0142ow\u0119 \ud83d\ude42 <\/p>\n","protected":false},"author":41,"featured_media":22043,"comment_status":"open","ping_status":"open","sticky":false,"template":"","format":"standard","meta":{"_acf_changed":false,"footnotes":""},"categories":[84],"tags":[28],"magento_category":[],"magento_product":[],"class_list":["post-22042","post","type-post","status-publish","format-standard","has-post-thumbnail","hentry","category-pasja","tag-gory"],"acf":[],"aioseo_notices":[],"aioseo_head":"\n\t\t<!-- All in One SEO 4.9.10 - aioseo.com -->\n\t<meta name=\"description\" content=\"Poznaj najpi\u0119kniejsze polskie g\u00f3ry i zakochaj si\u0119 w nich. Polskie g\u00f3ry kusz\u0105 pi\u0119knymi widokami. Poznaj je i zostaw w nich swoje serce by odkrywa\u0107 je na nowo.\" \/>\n\t<meta name=\"robots\" content=\"max-image-preview:large\" \/>\n\t<meta name=\"author\" content=\"Anna \u015aliwa\"\/>\n\t<link rel=\"canonical\" href=\"https:\/\/www.skalnik.pl\/blog\/polskie-gory-miejsca-w-ktorych-sie-zakochasz\/\" \/>\n\t<meta name=\"generator\" content=\"All in One SEO (AIOSEO) 4.9.10\" \/>\n\t\t<meta property=\"og:locale\" content=\"pl_PL\" \/>\n\t\t<meta property=\"og:site_name\" content=\"blog Skalnik - Blog, porady, artyku\u0142y - blog Skalnik\" \/>\n\t\t<meta property=\"og:type\" content=\"article\" \/>\n\t\t<meta property=\"og:title\" content=\"Polskie g\u00f3ry \u2013 miejsca w kt\u00f3rych si\u0119 zakochasz - blog Skalnik\" \/>\n\t\t<meta property=\"og:description\" content=\"Poznaj najpi\u0119kniejsze polskie g\u00f3ry i zakochaj si\u0119 w nich. Polskie g\u00f3ry kusz\u0105 pi\u0119knymi widokami. Poznaj je i zostaw w nich swoje serce by odkrywa\u0107 je na nowo.\" \/>\n\t\t<meta property=\"og:url\" content=\"https:\/\/www.skalnik.pl\/blog\/polskie-gory-miejsca-w-ktorych-sie-zakochasz\/\" \/>\n\t\t<meta property=\"og:image\" content=\"https:\/\/www.skalnik.pl\/blog\/wp-content\/uploads\/2023\/01\/AdobeStock_114497877-min-1024x503.jpeg\" \/>\n\t\t<meta property=\"og:image:secure_url\" content=\"https:\/\/www.skalnik.pl\/blog\/wp-content\/uploads\/2023\/01\/AdobeStock_114497877-min-1024x503.jpeg\" \/>\n\t\t<meta property=\"article:tag\" content=\"pasja\" \/>\n\t\t<meta property=\"article:tag\" content=\"g\u00f3ry\" \/>\n\t\t<meta property=\"article:published_time\" content=\"2023-02-13T14:23:08+00:00\" \/>\n\t\t<meta property=\"article:modified_time\" content=\"2023-02-13T14:24:35+00:00\" \/>\n\t\t<meta name=\"twitter:card\" content=\"summary_large_image\" \/>\n\t\t<meta name=\"twitter:title\" content=\"Polskie g\u00f3ry \u2013 miejsca w kt\u00f3rych si\u0119 zakochasz - blog Skalnik\" \/>\n\t\t<meta name=\"twitter:description\" content=\"Poznaj najpi\u0119kniejsze polskie g\u00f3ry i zakochaj si\u0119 w nich. Polskie g\u00f3ry kusz\u0105 pi\u0119knymi widokami. Poznaj je i zostaw w nich swoje serce by odkrywa\u0107 je na nowo.\" \/>\n\t\t<meta name=\"twitter:image\" content=\"https:\/\/www.skalnik.pl\/blog\/wp-content\/uploads\/2023\/01\/AdobeStock_114497877-min-1024x503.jpeg\" \/>\n\t\t<script type=\"application\/ld+json\" class=\"aioseo-schema\">\n\t\t\t{\"@context\":\"https:\\\/\\\/schema.org\",\"@graph\":[{\"@type\":\"BlogPosting\",\"@id\":\"https:\\\/\\\/www.skalnik.pl\\\/blog\\\/polskie-gory-miejsca-w-ktorych-sie-zakochasz\\\/#blogposting\",\"name\":\"Polskie g\\u00f3ry \\u2013 miejsca w kt\\u00f3rych si\\u0119 zakochasz - blog Skalnik\",\"headline\":\"Polskie g\\u00f3ry &#8211; miejsca w kt\\u00f3rych si\\u0119 zakochasz\",\"author\":{\"@id\":\"https:\\\/\\\/www.skalnik.pl\\\/blog\\\/author\\\/anna-sliwa\\\/#author\"},\"publisher\":{\"@id\":\"https:\\\/\\\/www.skalnik.pl\\\/blog\\\/#organization\"},\"image\":{\"@type\":\"ImageObject\",\"url\":\"https:\\\/\\\/www.skalnik.pl\\\/blog\\\/wp-content\\\/uploads\\\/2023\\\/01\\\/AdobeStock_116059788-scaled.jpeg\",\"width\":2560,\"height\":940,\"caption\":\"Pieniny ,Wysoki Wierch , widok  na Tatry i s\\u0142owacki Spisz\"},\"datePublished\":\"2023-02-13T15:23:08+02:00\",\"dateModified\":\"2023-02-13T15:24:35+02:00\",\"inLanguage\":\"pl-PL\",\"mainEntityOfPage\":{\"@id\":\"https:\\\/\\\/www.skalnik.pl\\\/blog\\\/polskie-gory-miejsca-w-ktorych-sie-zakochasz\\\/#webpage\"},\"isPartOf\":{\"@id\":\"https:\\\/\\\/www.skalnik.pl\\\/blog\\\/polskie-gory-miejsca-w-ktorych-sie-zakochasz\\\/#webpage\"},\"articleSection\":\"Pasja, g\\u00f3ry\"},{\"@type\":\"BreadcrumbList\",\"@id\":\"https:\\\/\\\/www.skalnik.pl\\\/blog\\\/polskie-gory-miejsca-w-ktorych-sie-zakochasz\\\/#breadcrumblist\",\"itemListElement\":[{\"@type\":\"ListItem\",\"@id\":\"https:\\\/\\\/www.skalnik.pl\\\/blog#listItem\",\"position\":1,\"name\":\"Home\",\"item\":\"https:\\\/\\\/www.skalnik.pl\\\/blog\",\"nextItem\":{\"@type\":\"ListItem\",\"@id\":\"https:\\\/\\\/www.skalnik.pl\\\/blog\\\/.\\\/pasja\\\/#listItem\",\"name\":\"Pasja\"}},{\"@type\":\"ListItem\",\"@id\":\"https:\\\/\\\/www.skalnik.pl\\\/blog\\\/.\\\/pasja\\\/#listItem\",\"position\":2,\"name\":\"Pasja\",\"item\":\"https:\\\/\\\/www.skalnik.pl\\\/blog\\\/.\\\/pasja\\\/\",\"nextItem\":{\"@type\":\"ListItem\",\"@id\":\"https:\\\/\\\/www.skalnik.pl\\\/blog\\\/polskie-gory-miejsca-w-ktorych-sie-zakochasz\\\/#listItem\",\"name\":\"Polskie g\\u00f3ry &#8211; miejsca w kt\\u00f3rych si\\u0119 zakochasz\"},\"previousItem\":{\"@type\":\"ListItem\",\"@id\":\"https:\\\/\\\/www.skalnik.pl\\\/blog#listItem\",\"name\":\"Home\"}},{\"@type\":\"ListItem\",\"@id\":\"https:\\\/\\\/www.skalnik.pl\\\/blog\\\/polskie-gory-miejsca-w-ktorych-sie-zakochasz\\\/#listItem\",\"position\":3,\"name\":\"Polskie g\\u00f3ry &#8211; miejsca w kt\\u00f3rych si\\u0119 zakochasz\",\"previousItem\":{\"@type\":\"ListItem\",\"@id\":\"https:\\\/\\\/www.skalnik.pl\\\/blog\\\/.\\\/pasja\\\/#listItem\",\"name\":\"Pasja\"}}]},{\"@type\":\"Organization\",\"@id\":\"https:\\\/\\\/www.skalnik.pl\\\/blog\\\/#organization\",\"name\":\"blog Skalnik\",\"description\":\"Blog, porady, artyku\\u0142y - blog Skalnik\",\"url\":\"https:\\\/\\\/www.skalnik.pl\\\/blog\\\/\"},{\"@type\":\"Person\",\"@id\":\"https:\\\/\\\/www.skalnik.pl\\\/blog\\\/author\\\/anna-sliwa\\\/#author\",\"url\":\"https:\\\/\\\/www.skalnik.pl\\\/blog\\\/author\\\/anna-sliwa\\\/\",\"name\":\"Anna \\u015aliwa\",\"image\":{\"@type\":\"ImageObject\",\"@id\":\"https:\\\/\\\/www.skalnik.pl\\\/blog\\\/polskie-gory-miejsca-w-ktorych-sie-zakochasz\\\/#authorImage\",\"url\":\"https:\\\/\\\/secure.gravatar.com\\\/avatar\\\/e8300be3de710e2e109e5dfbf092dcf827242ec8071807a1e13f6b3f7c9bbd79?s=96&d=mm&r=g\",\"width\":96,\"height\":96,\"caption\":\"Anna \\u015aliwa\"}},{\"@type\":\"WebPage\",\"@id\":\"https:\\\/\\\/www.skalnik.pl\\\/blog\\\/polskie-gory-miejsca-w-ktorych-sie-zakochasz\\\/#webpage\",\"url\":\"https:\\\/\\\/www.skalnik.pl\\\/blog\\\/polskie-gory-miejsca-w-ktorych-sie-zakochasz\\\/\",\"name\":\"Polskie g\\u00f3ry \\u2013 miejsca w kt\\u00f3rych si\\u0119 zakochasz - blog Skalnik\",\"description\":\"Poznaj najpi\\u0119kniejsze polskie g\\u00f3ry i zakochaj si\\u0119 w nich. Polskie g\\u00f3ry kusz\\u0105 pi\\u0119knymi widokami. Poznaj je i zostaw w nich swoje serce by odkrywa\\u0107 je na nowo.\",\"inLanguage\":\"pl-PL\",\"isPartOf\":{\"@id\":\"https:\\\/\\\/www.skalnik.pl\\\/blog\\\/#website\"},\"breadcrumb\":{\"@id\":\"https:\\\/\\\/www.skalnik.pl\\\/blog\\\/polskie-gory-miejsca-w-ktorych-sie-zakochasz\\\/#breadcrumblist\"},\"author\":{\"@id\":\"https:\\\/\\\/www.skalnik.pl\\\/blog\\\/author\\\/anna-sliwa\\\/#author\"},\"creator\":{\"@id\":\"https:\\\/\\\/www.skalnik.pl\\\/blog\\\/author\\\/anna-sliwa\\\/#author\"},\"image\":{\"@type\":\"ImageObject\",\"url\":\"https:\\\/\\\/www.skalnik.pl\\\/blog\\\/wp-content\\\/uploads\\\/2023\\\/01\\\/AdobeStock_116059788-scaled.jpeg\",\"@id\":\"https:\\\/\\\/www.skalnik.pl\\\/blog\\\/polskie-gory-miejsca-w-ktorych-sie-zakochasz\\\/#mainImage\",\"width\":2560,\"height\":940,\"caption\":\"Pieniny ,Wysoki Wierch , widok  na Tatry i s\\u0142owacki Spisz\"},\"primaryImageOfPage\":{\"@id\":\"https:\\\/\\\/www.skalnik.pl\\\/blog\\\/polskie-gory-miejsca-w-ktorych-sie-zakochasz\\\/#mainImage\"},\"datePublished\":\"2023-02-13T15:23:08+02:00\",\"dateModified\":\"2023-02-13T15:24:35+02:00\"},{\"@type\":\"WebSite\",\"@id\":\"https:\\\/\\\/www.skalnik.pl\\\/blog\\\/#website\",\"url\":\"https:\\\/\\\/www.skalnik.pl\\\/blog\\\/\",\"name\":\"blog Skalnik\",\"description\":\"Blog, porady, artyku\\u0142y - blog Skalnik\",\"inLanguage\":\"pl-PL\",\"publisher\":{\"@id\":\"https:\\\/\\\/www.skalnik.pl\\\/blog\\\/#organization\"}}]}\n\t\t<\/script>\n\t\t<!-- All in One SEO -->\n\n","aioseo_head_json":{"title":"Polskie g\u00f3ry \u2013 miejsca w kt\u00f3rych si\u0119 zakochasz - blog Skalnik","description":"Poznaj najpi\u0119kniejsze polskie g\u00f3ry i zakochaj si\u0119 w nich. Polskie g\u00f3ry kusz\u0105 pi\u0119knymi widokami. Poznaj je i zostaw w nich swoje serce by odkrywa\u0107 je na nowo.","canonical_url":"https:\/\/www.skalnik.pl\/blog\/polskie-gory-miejsca-w-ktorych-sie-zakochasz\/","robots":"max-image-preview:large","keywords":"","webmasterTools":{"miscellaneous":""},"schema":{"@context":"https:\/\/schema.org","@graph":[{"@type":"BlogPosting","@id":"https:\/\/www.skalnik.pl\/blog\/polskie-gory-miejsca-w-ktorych-sie-zakochasz\/#blogposting","name":"Polskie g\u00f3ry \u2013 miejsca w kt\u00f3rych si\u0119 zakochasz - blog Skalnik","headline":"Polskie g\u00f3ry &#8211; miejsca w kt\u00f3rych si\u0119 zakochasz","author":{"@id":"https:\/\/www.skalnik.pl\/blog\/author\/anna-sliwa\/#author"},"publisher":{"@id":"https:\/\/www.skalnik.pl\/blog\/#organization"},"image":{"@type":"ImageObject","url":"https:\/\/www.skalnik.pl\/blog\/wp-content\/uploads\/2023\/01\/AdobeStock_116059788-scaled.jpeg","width":2560,"height":940,"caption":"Pieniny ,Wysoki Wierch , widok  na Tatry i s\u0142owacki Spisz"},"datePublished":"2023-02-13T15:23:08+02:00","dateModified":"2023-02-13T15:24:35+02:00","inLanguage":"pl-PL","mainEntityOfPage":{"@id":"https:\/\/www.skalnik.pl\/blog\/polskie-gory-miejsca-w-ktorych-sie-zakochasz\/#webpage"},"isPartOf":{"@id":"https:\/\/www.skalnik.pl\/blog\/polskie-gory-miejsca-w-ktorych-sie-zakochasz\/#webpage"},"articleSection":"Pasja, g\u00f3ry"},{"@type":"BreadcrumbList","@id":"https:\/\/www.skalnik.pl\/blog\/polskie-gory-miejsca-w-ktorych-sie-zakochasz\/#breadcrumblist","itemListElement":[{"@type":"ListItem","@id":"https:\/\/www.skalnik.pl\/blog#listItem","position":1,"name":"Home","item":"https:\/\/www.skalnik.pl\/blog","nextItem":{"@type":"ListItem","@id":"https:\/\/www.skalnik.pl\/blog\/.\/pasja\/#listItem","name":"Pasja"}},{"@type":"ListItem","@id":"https:\/\/www.skalnik.pl\/blog\/.\/pasja\/#listItem","position":2,"name":"Pasja","item":"https:\/\/www.skalnik.pl\/blog\/.\/pasja\/","nextItem":{"@type":"ListItem","@id":"https:\/\/www.skalnik.pl\/blog\/polskie-gory-miejsca-w-ktorych-sie-zakochasz\/#listItem","name":"Polskie g\u00f3ry &#8211; miejsca w kt\u00f3rych si\u0119 zakochasz"},"previousItem":{"@type":"ListItem","@id":"https:\/\/www.skalnik.pl\/blog#listItem","name":"Home"}},{"@type":"ListItem","@id":"https:\/\/www.skalnik.pl\/blog\/polskie-gory-miejsca-w-ktorych-sie-zakochasz\/#listItem","position":3,"name":"Polskie g\u00f3ry &#8211; miejsca w kt\u00f3rych si\u0119 zakochasz","previousItem":{"@type":"ListItem","@id":"https:\/\/www.skalnik.pl\/blog\/.\/pasja\/#listItem","name":"Pasja"}}]},{"@type":"Organization","@id":"https:\/\/www.skalnik.pl\/blog\/#organization","name":"blog Skalnik","description":"Blog, porady, artyku\u0142y - blog Skalnik","url":"https:\/\/www.skalnik.pl\/blog\/"},{"@type":"Person","@id":"https:\/\/www.skalnik.pl\/blog\/author\/anna-sliwa\/#author","url":"https:\/\/www.skalnik.pl\/blog\/author\/anna-sliwa\/","name":"Anna \u015aliwa","image":{"@type":"ImageObject","@id":"https:\/\/www.skalnik.pl\/blog\/polskie-gory-miejsca-w-ktorych-sie-zakochasz\/#authorImage","url":"https:\/\/secure.gravatar.com\/avatar\/e8300be3de710e2e109e5dfbf092dcf827242ec8071807a1e13f6b3f7c9bbd79?s=96&d=mm&r=g","width":96,"height":96,"caption":"Anna \u015aliwa"}},{"@type":"WebPage","@id":"https:\/\/www.skalnik.pl\/blog\/polskie-gory-miejsca-w-ktorych-sie-zakochasz\/#webpage","url":"https:\/\/www.skalnik.pl\/blog\/polskie-gory-miejsca-w-ktorych-sie-zakochasz\/","name":"Polskie g\u00f3ry \u2013 miejsca w kt\u00f3rych si\u0119 zakochasz - blog Skalnik","description":"Poznaj najpi\u0119kniejsze polskie g\u00f3ry i zakochaj si\u0119 w nich. Polskie g\u00f3ry kusz\u0105 pi\u0119knymi widokami. Poznaj je i zostaw w nich swoje serce by odkrywa\u0107 je na nowo.","inLanguage":"pl-PL","isPartOf":{"@id":"https:\/\/www.skalnik.pl\/blog\/#website"},"breadcrumb":{"@id":"https:\/\/www.skalnik.pl\/blog\/polskie-gory-miejsca-w-ktorych-sie-zakochasz\/#breadcrumblist"},"author":{"@id":"https:\/\/www.skalnik.pl\/blog\/author\/anna-sliwa\/#author"},"creator":{"@id":"https:\/\/www.skalnik.pl\/blog\/author\/anna-sliwa\/#author"},"image":{"@type":"ImageObject","url":"https:\/\/www.skalnik.pl\/blog\/wp-content\/uploads\/2023\/01\/AdobeStock_116059788-scaled.jpeg","@id":"https:\/\/www.skalnik.pl\/blog\/polskie-gory-miejsca-w-ktorych-sie-zakochasz\/#mainImage","width":2560,"height":940,"caption":"Pieniny ,Wysoki Wierch , widok  na Tatry i s\u0142owacki Spisz"},"primaryImageOfPage":{"@id":"https:\/\/www.skalnik.pl\/blog\/polskie-gory-miejsca-w-ktorych-sie-zakochasz\/#mainImage"},"datePublished":"2023-02-13T15:23:08+02:00","dateModified":"2023-02-13T15:24:35+02:00"},{"@type":"WebSite","@id":"https:\/\/www.skalnik.pl\/blog\/#website","url":"https:\/\/www.skalnik.pl\/blog\/","name":"blog Skalnik","description":"Blog, porady, artyku\u0142y - blog Skalnik","inLanguage":"pl-PL","publisher":{"@id":"https:\/\/www.skalnik.pl\/blog\/#organization"}}]},"og:locale":"pl_PL","og:site_name":"blog Skalnik - Blog, porady, artyku\u0142y - blog Skalnik","og:type":"article","og:title":"Polskie g\u00f3ry \u2013 miejsca w kt\u00f3rych si\u0119 zakochasz - blog Skalnik","og:description":"Poznaj najpi\u0119kniejsze polskie g\u00f3ry i zakochaj si\u0119 w nich. Polskie g\u00f3ry kusz\u0105 pi\u0119knymi widokami. Poznaj je i zostaw w nich swoje serce by odkrywa\u0107 je na nowo.","og:url":"https:\/\/www.skalnik.pl\/blog\/polskie-gory-miejsca-w-ktorych-sie-zakochasz\/","og:image":"https:\/\/www.skalnik.pl\/blog\/wp-content\/uploads\/2023\/01\/AdobeStock_114497877-min-1024x503.jpeg","og:image:secure_url":"https:\/\/www.skalnik.pl\/blog\/wp-content\/uploads\/2023\/01\/AdobeStock_114497877-min-1024x503.jpeg","article:tag":["pasja","g\u00f3ry"],"article:published_time":"2023-02-13T14:23:08+00:00","article:modified_time":"2023-02-13T14:24:35+00:00","twitter:card":"summary_large_image","twitter:title":"Polskie g\u00f3ry \u2013 miejsca w kt\u00f3rych si\u0119 zakochasz - blog Skalnik","twitter:description":"Poznaj najpi\u0119kniejsze polskie g\u00f3ry i zakochaj si\u0119 w nich. Polskie g\u00f3ry kusz\u0105 pi\u0119knymi widokami. Poznaj je i zostaw w nich swoje serce by odkrywa\u0107 je na nowo.","twitter:image":"https:\/\/www.skalnik.pl\/blog\/wp-content\/uploads\/2023\/01\/AdobeStock_114497877-min-1024x503.jpeg"},"aioseo_meta_data":{"post_id":"22042","title":null,"description":"Poznaj najpi\u0119kniejsze polskie g\u00f3ry i zakochaj si\u0119 w nich. Polskie g\u00f3ry kusz\u0105 pi\u0119knymi widokami. Poznaj je i zostaw w nich swoje serce by odkrywa\u0107 je na nowo.","keywords":[{"label":"g\u00f3ry","value":"g\u00f3ry"},{"label":"polskie g\u00f3ry","value":"polskie g\u00f3ry"},{"label":"Tatry","value":"Tatry"},{"label":"Beskidy","value":"Beskidy"},{"label":"Pieniny","value":"Pieniny"},{"label":"Karkonosze","value":"Karkonosze"}],"keyphrases":null,"primary_term":null,"canonical_url":"","og_title":null,"og_description":null,"og_object_type":"default","og_image_type":"default","og_image_url":null,"og_image_width":null,"og_image_height":null,"og_image_custom_url":null,"og_image_custom_fields":null,"og_video":null,"og_custom_url":null,"og_article_section":null,"og_article_tags":null,"twitter_use_og":false,"twitter_card":"default","twitter_image_type":"default","twitter_image_url":null,"twitter_image_custom_url":null,"twitter_image_custom_fields":null,"twitter_title":null,"twitter_description":null,"schema":{"blockGraphs":[],"customGraphs":[],"default":{"data":{"Article":[],"Course":[],"Dataset":[],"FAQPage":[],"Movie":[],"Person":[],"Product":[],"ProductReview":[],"Car":[],"Recipe":[],"Service":[],"SoftwareApplication":[],"WebPage":[]},"graphName":"","isEnabled":true},"graphs":[]},"schema_type":"default","schema_type_options":null,"pillar_content":false,"robots_default":true,"robots_noindex":false,"robots_noarchive":false,"robots_nosnippet":false,"robots_nofollow":false,"robots_noimageindex":false,"robots_noodp":false,"robots_notranslate":false,"robots_max_snippet":null,"robots_max_videopreview":null,"robots_max_imagepreview":"large","priority":null,"frequency":null,"local_seo":null,"breadcrumb_settings":null,"limit_modified_date":false,"ai":null,"created":"2023-03-21 08:54:20","updated":"2026-02-17 22:33:35","seo_analyzer_scan_date":null},"aioseo_breadcrumb":"<div class=\"aioseo-breadcrumbs\"><span class=\"aioseo-breadcrumb\">\n\t\t\t<a href=\"https:\/\/www.skalnik.pl\/blog\" title=\"Home\">Home<\/a>\n\t\t<\/span><span class=\"aioseo-breadcrumb-separator\">&raquo;<\/span><span class=\"aioseo-breadcrumb\">\n\t\t\t<a href=\"https:\/\/www.skalnik.pl\/blog\/.\/pasja\/\" title=\"Pasja\">Pasja<\/a>\n\t\t<\/span><span class=\"aioseo-breadcrumb-separator\">&raquo;<\/span><span class=\"aioseo-breadcrumb\">\n\t\t\tPolskie g\u00f3ry \u2013 miejsca w kt\u00f3rych si\u0119 zakochasz\n\t\t<\/span><\/div>","aioseo_breadcrumb_json":[{"label":"Home","link":"https:\/\/www.skalnik.pl\/blog"},{"label":"Pasja","link":"https:\/\/www.skalnik.pl\/blog\/.\/pasja\/"},{"label":"Polskie g\u00f3ry &#8211; miejsca w kt\u00f3rych si\u0119 zakochasz","link":"https:\/\/www.skalnik.pl\/blog\/polskie-gory-miejsca-w-ktorych-sie-zakochasz\/"}],"_links":{"self":[{"href":"https:\/\/www.skalnik.pl\/blog\/wp-json\/wp\/v2\/posts\/22042","targetHints":{"allow":["GET"]}}],"collection":[{"href":"https:\/\/www.skalnik.pl\/blog\/wp-json\/wp\/v2\/posts"}],"about":[{"href":"https:\/\/www.skalnik.pl\/blog\/wp-json\/wp\/v2\/types\/post"}],"author":[{"embeddable":true,"href":"https:\/\/www.skalnik.pl\/blog\/wp-json\/wp\/v2\/users\/41"}],"replies":[{"embeddable":true,"href":"https:\/\/www.skalnik.pl\/blog\/wp-json\/wp\/v2\/comments?post=22042"}],"version-history":[{"count":5,"href":"https:\/\/www.skalnik.pl\/blog\/wp-json\/wp\/v2\/posts\/22042\/revisions"}],"predecessor-version":[{"id":22113,"href":"https:\/\/www.skalnik.pl\/blog\/wp-json\/wp\/v2\/posts\/22042\/revisions\/22113"}],"wp:featuredmedia":[{"embeddable":true,"href":"https:\/\/www.skalnik.pl\/blog\/wp-json\/wp\/v2\/media\/22043"}],"wp:attachment":[{"href":"https:\/\/www.skalnik.pl\/blog\/wp-json\/wp\/v2\/media?parent=22042"}],"wp:term":[{"taxonomy":"category","embeddable":true,"href":"https:\/\/www.skalnik.pl\/blog\/wp-json\/wp\/v2\/categories?post=22042"},{"taxonomy":"post_tag","embeddable":true,"href":"https:\/\/www.skalnik.pl\/blog\/wp-json\/wp\/v2\/tags?post=22042"},{"taxonomy":"magento_category","embeddable":true,"href":"https:\/\/www.skalnik.pl\/blog\/wp-json\/wp\/v2\/magento_category?post=22042"},{"taxonomy":"magento_product","embeddable":true,"href":"https:\/\/www.skalnik.pl\/blog\/wp-json\/wp\/v2\/magento_product?post=22042"}],"curies":[{"name":"wp","href":"https:\/\/api.w.org\/{rel}","templated":true}]}}