{"id":22086,"date":"2023-02-20T10:36:00","date_gmt":"2023-02-20T09:36:00","guid":{"rendered":"https:\/\/www.skalnik.pl\/blog\/?p=22086"},"modified":"2023-02-21T10:36:59","modified_gmt":"2023-02-21T09:36:59","slug":"jak-wybrac-kurtke-puchowa","status":"publish","type":"post","link":"https:\/\/www.skalnik.pl\/blog\/jak-wybrac-kurtke-puchowa\/","title":{"rendered":"Jak wybra\u0107 kurtk\u0119 puchow\u0105"},"content":{"rendered":"\n<p><strong>Lekki, ciep\u0142y, pakowny &#8211; o czym mowa? Oczywi\u015bcie o naturalnym puchu. Wype\u0142nione nim kurtki to dzi\u015b powszechny obrazek nie tylko na g\u00f3rskich szlakach, ale tak\u017ce podczas spacer\u00f3w, w podr\u00f3\u017cy, czy po prostu na co dzie\u0144. Kurtka puchowa przesz\u0142a d\u0142ug\u0105 drog\u0119 od odzie\u017cy stricte ekspedycyjnej, wyprawowej do popularnej towarzyszki nawet zupe\u0142nie rekreacyjnych wypad\u00f3w. Opowiem Ci dzi\u015b nieco wi\u0119cej o tym rodzaju odzie\u017cy oraz podpowiem jak wybra\u0107 kurtk\u0119 puchow\u0105.<\/strong><\/p>\n\n\n\n<div id=\"ez-toc-container\" class=\"ez-toc-v2_0_85 counter-hierarchy ez-toc-counter ez-toc-light-blue ez-toc-container-direction\">\n<div class=\"ez-toc-title-container\">\n<p class=\"ez-toc-title\" style=\"cursor:inherit\">SPIS TRE\u015aCI <\/p>\n<span class=\"ez-toc-title-toggle\"><a href=\"#\" class=\"ez-toc-pull-right ez-toc-btn ez-toc-btn-xs ez-toc-btn-default ez-toc-toggle\" aria-label=\"Prze\u0142\u0105cznik Spisu Tre\u015bci\"><span class=\"ez-toc-js-icon-con\"><span class=\"\"><span class=\"eztoc-hide\" style=\"display:none;\">Toggle<\/span><span class=\"ez-toc-icon-toggle-span\"><svg style=\"fill: #999;color:#999\" xmlns=\"http:\/\/www.w3.org\/2000\/svg\" class=\"list-377408\" width=\"20px\" height=\"20px\" viewBox=\"0 0 24 24\" fill=\"none\"><path d=\"M6 6H4v2h2V6zm14 0H8v2h12V6zM4 11h2v2H4v-2zm16 0H8v2h12v-2zM4 16h2v2H4v-2zm16 0H8v2h12v-2z\" fill=\"currentColor\"><\/path><\/svg><svg style=\"fill: #999;color:#999\" class=\"arrow-unsorted-368013\" xmlns=\"http:\/\/www.w3.org\/2000\/svg\" width=\"10px\" height=\"10px\" viewBox=\"0 0 24 24\" version=\"1.2\" baseProfile=\"tiny\"><path d=\"M18.2 9.3l-6.2-6.3-6.2 6.3c-.2.2-.3.4-.3.7s.1.5.3.7c.2.2.4.3.7.3h11c.3 0 .5-.1.7-.3.2-.2.3-.5.3-.7s-.1-.5-.3-.7zM5.8 14.7l6.2 6.3 6.2-6.3c.2-.2.3-.5.3-.7s-.1-.5-.3-.7c-.2-.2-.4-.3-.7-.3h-11c-.3 0-.5.1-.7.3-.2.2-.3.5-.3.7s.1.5.3.7z\"\/><\/svg><\/span><\/span><\/span><\/a><\/span><\/div>\n<nav><ul class='ez-toc-list ez-toc-list-level-1 ' ><li class='ez-toc-page-1 ez-toc-heading-level-2'><a class=\"ez-toc-link ez-toc-heading-1\" href=\"https:\/\/www.skalnik.pl\/blog\/jak-wybrac-kurtke-puchowa\/#Wlasciwosci_puchu_naturalnego_%E2%80%93_zalety\" >W\u0142a\u015bciwo\u015bci puchu naturalnego &#8211; zalety<\/a><\/li><li class='ez-toc-page-1 ez-toc-heading-level-2'><a class=\"ez-toc-link ez-toc-heading-2\" href=\"https:\/\/www.skalnik.pl\/blog\/jak-wybrac-kurtke-puchowa\/#Czy_puch_naturalny_ma_wady\" >Czy puch naturalny ma wady?<\/a><\/li><li class='ez-toc-page-1 ez-toc-heading-level-2'><a class=\"ez-toc-link ez-toc-heading-3\" href=\"https:\/\/www.skalnik.pl\/blog\/jak-wybrac-kurtke-puchowa\/#Wypelnienie_kurtki_puchowej_%E2%80%93_na_co_zwrocic_uwage\" >Wype\u0142nienie kurtki puchowej &#8211; na co zwr\u00f3ci\u0107 uwag\u0119?<\/a><\/li><li class='ez-toc-page-1 ez-toc-heading-level-2'><a class=\"ez-toc-link ez-toc-heading-4\" href=\"https:\/\/www.skalnik.pl\/blog\/jak-wybrac-kurtke-puchowa\/#Stosunek_ilosci_puchu_do_pierza\" >Stosunek ilo\u015bci puchu do pierza<\/a><\/li><li class='ez-toc-page-1 ez-toc-heading-level-2'><a class=\"ez-toc-link ez-toc-heading-5\" href=\"https:\/\/www.skalnik.pl\/blog\/jak-wybrac-kurtke-puchowa\/#Nie_tylko_puch_%E2%80%93_co_jeszcze_wplywa_na_parametry_kurtki_puchowej\" >Nie tylko puch &#8211; co jeszcze wp\u0142ywa na parametry kurtki puchowej?<\/a><\/li><li class='ez-toc-page-1 ez-toc-heading-level-2'><a class=\"ez-toc-link ez-toc-heading-6\" href=\"https:\/\/www.skalnik.pl\/blog\/jak-wybrac-kurtke-puchowa\/#Kurtka_puchowa_to_nie_tylko_kurtka_zimowa\" >Kurtka puchowa to nie tylko kurtka zimowa<\/a><\/li><li class='ez-toc-page-1 ez-toc-heading-level-2'><a class=\"ez-toc-link ez-toc-heading-7\" href=\"https:\/\/www.skalnik.pl\/blog\/jak-wybrac-kurtke-puchowa\/#Jak_dbac_o_kurtke_puchowa\" >Jak dba\u0107 o kurtk\u0119 puchow\u0105?<\/a><\/li><\/ul><\/nav><\/div>\n<h2 class=\"wp-block-heading\"><span class=\"ez-toc-section\" id=\"Wlasciwosci_puchu_naturalnego_%E2%80%93_zalety\"><\/span>W\u0142a\u015bciwo\u015bci puchu naturalnego &#8211; zalety<span class=\"ez-toc-section-end\"><\/span><\/h2>\n\n\n\n<p>Jeszcze kilkadziesi\u0105t lat temu kurtki wype\u0142nione puchem mo\u017cna by\u0142o zobaczy\u0107 przede wszystkim na zdj\u0119ciach z ekspedycji polarnych i wysokog\u00f3rskich. Jednak z czasem odzie\u017c puchowa sta\u0142a si\u0119 znacznie mniej elitarna i trafi\u0142a do wyposa\u017cenia turyst\u00f3w, narciarzy, podr\u00f3\u017cnik\u00f3w, a tak\u017ce jako odzie\u017c codzienna sprawdzaj\u0105ca si\u0119 w niskich temperaturach.<\/p>\n\n\n\n<div class=\"wp-block-image\"><figure class=\"aligncenter size-large\"><img loading=\"lazy\" decoding=\"async\" width=\"1024\" height=\"645\" src=\"https:\/\/www.skalnik.pl\/blog\/wp-content\/uploads\/2023\/02\/feather-g29d890790_1920-1024x645.jpg\" alt=\"\" class=\"wp-image-22088\" srcset=\"https:\/\/www.skalnik.pl\/blog\/wp-content\/uploads\/2023\/02\/feather-g29d890790_1920-1024x645.jpg 1024w, https:\/\/www.skalnik.pl\/blog\/wp-content\/uploads\/2023\/02\/feather-g29d890790_1920-300x189.jpg 300w, https:\/\/www.skalnik.pl\/blog\/wp-content\/uploads\/2023\/02\/feather-g29d890790_1920-768x484.jpg 768w, https:\/\/www.skalnik.pl\/blog\/wp-content\/uploads\/2023\/02\/feather-g29d890790_1920-1536x967.jpg 1536w, https:\/\/www.skalnik.pl\/blog\/wp-content\/uploads\/2023\/02\/feather-g29d890790_1920.jpg 1920w\" sizes=\"auto, (max-width: 1024px) 100vw, 1024px\" \/><figcaption><em>Naturalny puch- lekki, spr\u0119\u017cysty i bardzo ciep\u0142y (fot. Frauke Riether, Pixabay)<\/em><\/figcaption><\/figure><\/div>\n\n\n\n<p>Sk\u0105d tak du\u017ca popularno\u015b\u0107 kurtek z wype\u0142nieniem naturalnym? Wype\u0142nienie puchowe zatrzymuje ciep\u0142o i nale\u017cy do najlepszych izolator\u00f3w. Jest przy tym niezwykle lekkie, dzi\u0119ki czemu waga kurtki jest niska oraz bardzo dobrze si\u0119 kompresuje. Kurtka puchowa zajmuje ma\u0142o miejsca w plecaku, nie obci\u0105\u017ca baga\u017cu oraz zapewnia wysoki poziom komfortu termicznego. Wydaje si\u0119, \u017ce to idealne rozwi\u0105zanie dla uczestnik\u00f3w trekking\u00f3w, narciarzy czy podr\u00f3\u017cnik\u00f3w, kt\u00f3rzy ca\u0142e swoje wyposa\u017cenie musz\u0105 nosi\u0107 na plecach.<\/p>\n\n\n\n<p><span class=\"has-inline-color has-vivid-cyan-blue-color\">Skocz do kategorii <strong><a href=\"https:\/\/www.skalnik.pl\/odziez\/odziez-damska\/odziez-damska-kurtki-zimowe\/kurtki-puchowe\" target=\"_blank\" rel=\"noreferrer noopener\">kurtki puchowe damskie<\/a><\/strong> lub zobacz ofert\u0119 w segmencie<strong><a href=\"https:\/\/www.skalnik.pl\/odziez\/odziez-meska\/odziez-meska-kurtki-zimowe\/kurtki-puchowe\" target=\"_blank\" rel=\"noreferrer noopener\"> kurtki puchowe m\u0119skie<\/a><\/strong>. <\/span><\/p>\n\n\n\n<h2 class=\"wp-block-heading\"><span class=\"ez-toc-section\" id=\"Czy_puch_naturalny_ma_wady\"><\/span>Czy puch naturalny ma wady?<span class=\"ez-toc-section-end\"><\/span><\/h2>\n\n\n\n<p>Zalety naturalnego puchu s\u0105 niew\u0105tpliwe. Ale czy tak doskona\u0142y materia\u0142 ma jakie\u015b wady? Niestety tak. Naturalny puch ma du\u017c\u0105 podatno\u015b\u0107 na wilgo\u0107, a po nasi\u0105kni\u0119ciu wod\u0105 zbija si\u0119 i traci swoje w\u0142a\u015bciwo\u015bci. Naturalne wype\u0142nienie kurtek do\u015b\u0107 trudno jest wysuszy\u0107 po kontakcie z wod\u0105 i trzeba to robi\u0107 umiej\u0119tnie by kurtka zachowa\u0142a swoje parametry.<\/p>\n\n\n\n<div class=\"wp-block-image\"><figure class=\"aligncenter size-large\"><img loading=\"lazy\" decoding=\"async\" width=\"1024\" height=\"683\" src=\"https:\/\/www.skalnik.pl\/blog\/wp-content\/uploads\/2023\/02\/MTN_26_W17-18_V8A5658-min-1024x683.jpg\" alt=\"\" class=\"wp-image-22093\" srcset=\"https:\/\/www.skalnik.pl\/blog\/wp-content\/uploads\/2023\/02\/MTN_26_W17-18_V8A5658-min-1024x683.jpg 1024w, https:\/\/www.skalnik.pl\/blog\/wp-content\/uploads\/2023\/02\/MTN_26_W17-18_V8A5658-min-300x200.jpg 300w, https:\/\/www.skalnik.pl\/blog\/wp-content\/uploads\/2023\/02\/MTN_26_W17-18_V8A5658-min-768x512.jpg 768w, https:\/\/www.skalnik.pl\/blog\/wp-content\/uploads\/2023\/02\/MTN_26_W17-18_V8A5658-min-1536x1024.jpg 1536w, https:\/\/www.skalnik.pl\/blog\/wp-content\/uploads\/2023\/02\/MTN_26_W17-18_V8A5658-min-2048x1365.jpg 2048w\" sizes=\"auto, (max-width: 1024px) 100vw, 1024px\" \/><figcaption><em>Puch naturalny jest podatny na wilgo\u0107 wi\u0119c producenci zabezpieczaj\u0105 go na r\u00f3\u017cne sposoby (fot. Salewa)<\/em><\/figcaption><\/figure><\/div>\n\n\n\n<p>Na szcz\u0119\u015bcie producenci znale\u017ali rozwi\u0105zanie na t\u0119 niedogodno\u015b\u0107. Wszystko zale\u017cy od tego jakie wype\u0142nienie kurtki puchowej zostanie zastosowane. Wysokiej jako\u015bci kurtka puchowa mo\u017ce by\u0107 wype\u0142niona np. puchem hydrofobowym. Jest on zaimpregnowany, dzi\u0119ki czemu w mniejszym stopniu ch\u0142onie wilgo\u0107 i \u0142atwiej go wysuszy\u0107. Drugim rozwi\u0105zaniem jest odpowiednia pow\u0142oka zewn\u0119trzna kurtki puchowej. Materia\u0142y takie jak Pertex, uszlachetnione pow\u0142ok\u0105 DWR, maj\u0105 w\u0142a\u015bciwo\u015bci hydrofobowe i woda oraz wilgo\u0107 nie wnikaj\u0105 w materia\u0142. Z kolei w przypadku kurtki wype\u0142nionej puchem naturalnym do cel\u00f3w ekspedycyjnych, narciarskich lub do wymagaj\u0105cych trekking\u00f3w mo\u017cesz spotka\u0107 wodoodporny materia\u0142 membranowy. Niekt\u00f3rzy producenci tworz\u0105 te\u017c hybrydowe kurtki puchowe, kt\u00f3re w miejscach najbardziej nara\u017conych na kontakt z wilgoci\u0105 maj\u0105 umieszczon\u0105 ocieplin\u0119 syntetyczn\u0105. Taka hybrydowa kurtka puchowa lepiej sprawdzi si\u0119 w warunkach o zwi\u0119kszonej wilgotno\u015bci.<\/p>\n\n\n\n<h2 class=\"wp-block-heading\"><span class=\"ez-toc-section\" id=\"Wypelnienie_kurtki_puchowej_%E2%80%93_na_co_zwrocic_uwage\"><\/span>Wype\u0142nienie kurtki puchowej &#8211; na co zwr\u00f3ci\u0107 uwag\u0119?<span class=\"ez-toc-section-end\"><\/span><\/h2>\n\n\n\n<p>W przypadku kurtek posiadaj\u0105cych puchowe wype\u0142nienie, rodzaj puchu i jego parametry maj\u0105 kluczowe znaczenie dla przeznaczenia odzie\u017cy. Przekonasz si\u0119, \u017ce puch puchowi nier\u00f3wny. Podpowiem Ci, na jakie parametry zwr\u00f3ci\u0107 uwag\u0119 wybieraj\u0105c kurtk\u0119 puchow\u0105.<\/p>\n\n\n\n<p>Ogromne znaczenie ma rodzaj puchu. Wed\u0142ug bada\u0144 znacznie lepsze parametry ma puch g\u0119si, a puch kaczy cho\u0107 te\u017c bardzo dobry, ust\u0119puje mu jednak pod wzgl\u0119dem spr\u0119\u017cysto\u015bci. O niej za chwil\u0119. Za jedno z najlepszych na \u015bwiecie uchodzi wype\u0142nienie g\u0119sim puchem pochodz\u0105cym z polskich hodowli.<\/p>\n\n\n\n<div class=\"wp-block-image\"><figure class=\"aligncenter size-large\"><img loading=\"lazy\" decoding=\"async\" width=\"1024\" height=\"768\" src=\"https:\/\/www.skalnik.pl\/blog\/wp-content\/uploads\/2021\/11\/Rab-Microlight-Alpine-w-g\u00f3rach.jpg\" alt=\"\" class=\"wp-image-18645\" srcset=\"https:\/\/www.skalnik.pl\/blog\/wp-content\/uploads\/2021\/11\/Rab-Microlight-Alpine-w-g\u00f3rach.jpg 1024w, https:\/\/www.skalnik.pl\/blog\/wp-content\/uploads\/2021\/11\/Rab-Microlight-Alpine-w-g\u00f3rach-300x225.jpg 300w, https:\/\/www.skalnik.pl\/blog\/wp-content\/uploads\/2021\/11\/Rab-Microlight-Alpine-w-g\u00f3rach-768x576.jpg 768w\" sizes=\"auto, (max-width: 1024px) 100vw, 1024px\" \/><figcaption><em>Im wy\u017csza spr\u0119\u017cysto\u015b\u0107 puchu, tym mniej go potrzeba do osi\u0105gni\u0119cia po\u017c\u0105danych parametr\u00f3w termicznych (fot. Salewa)<\/em><\/figcaption><\/figure><\/div>\n\n\n\n<p>Teraz czas na spr\u0119\u017cysto\u015b\u0107 puchu. To parametr, na kt\u00f3ry wybieraj\u0105c kurtk\u0119 puchow\u0105 warto zwr\u00f3ci\u0107 uwag\u0119. Spr\u0119\u017cysto\u015b\u0107 okre\u015blana jest angielskim skr\u00f3tem cui czyli cal sze\u015bcienny (z angielskiego cubic inches). \u017beby j\u0105 okre\u015bli\u0107 sprawdza si\u0119, ile cali sze\u015bciennych zajmuje po rozpr\u0119\u017ceniu 1 uncja puchu czyli 28 g. Im bardziej spr\u0119\u017cysty puch, tym lepiej si\u0119 on rozpr\u0119\u017ca. Przyjmuje si\u0119, \u017ce dobrej klasy kurtka puchowa jest wype\u0142niona puchem o spr\u0119\u017cysto\u015bci od 550 cui w g\u00f3r\u0119. Wysokiej jako\u015bci puch naturalny ma spr\u0119\u017cysto\u015b\u0107 650-750 cui. Wy\u017csze warto\u015bci spr\u0119\u017cysto\u015bci puchu (ponad 750-800 cui) charakteryzuj\u0105 zwykle specjalistyczne kurtki wyprawowe i najlepsze kurtki o jako\u015bci premium.<\/p>\n\n\n\n<p><span class=\"has-inline-color has-vivid-cyan-blue-color\">Szukasz ciep\u0142ej kurtki? Zobacz <strong><a href=\"https:\/\/www.skalnik.pl\/blog\/test-rab-electron-pro-kurtka-puchowa-dla-zmarzluchow\/\" target=\"_blank\" rel=\"noreferrer noopener\">test kurtki Rab Electron Pro<\/a><\/strong>.<\/span><\/p>\n\n\n\n<h2 class=\"wp-block-heading\"><span class=\"ez-toc-section\" id=\"Stosunek_ilosci_puchu_do_pierza\"><\/span>Stosunek ilo\u015bci puchu do pierza<span class=\"ez-toc-section-end\"><\/span><\/h2>\n\n\n\n<p>Trzeci parametr, na kt\u00f3ry musisz zwr\u00f3ci\u0107 uwag\u0119 to stosunek puchu do pierza. Nie da si\u0119 otrzyma\u0107 czystego puchu, zawsze pojawia si\u0119 w nim pierze. Pierze nie ma w\u0142a\u015bciwo\u015bci termicznych wi\u0119c jest tylko &#8222;zb\u0119dnym&#8221; wype\u0142niaczem. Im go mniej, tym lepiej dla w\u0142a\u015bciwo\u015bci kurtki puchowej. W przypadku puchu najwy\u017cej jako\u015bci 90-95% wype\u0142nienia stanowi puch, a pierze zaledwie 5-10%. Zapisuje si\u0119 to parametrem 90\/10 lub 95\/5.<\/p>\n\n\n\n<p>Je\u015bli chcesz by\u0107 bardziej eko mo\u017cesz te\u017c poszuka\u0107 informacji o tym, z jakiego \u017ar\u00f3d\u0142a pochodzi puch do produkcji kurtek puchowych. Coraz wi\u0119cej producent\u00f3w decyduje si\u0119 na wype\u0142nienie puchem z certyfikatem RDS (Down Responsible Standtard) lub innym, kt\u00f3re oznaczaj\u0105 pozyskanie w odpowiedzialny spos\u00f3b i dba\u0142o\u015b\u0107 o dobrostan zwierz\u0105t.<\/p>\n\n\n\n<h2 class=\"wp-block-heading\"><span class=\"ez-toc-section\" id=\"Nie_tylko_puch_%E2%80%93_co_jeszcze_wplywa_na_parametry_kurtki_puchowej\"><\/span>Nie tylko puch &#8211; co jeszcze wp\u0142ywa na parametry kurtki puchowej?<span class=\"ez-toc-section-end\"><\/span><\/h2>\n\n\n\n<p>Ale wype\u0142nienie nie jest jedynym czynnikiem wp\u0142ywaj\u0105cym na w\u0142a\u015bciwo\u015bci termiczne kurtki puchowej. O materiale zewn\u0119trznym kurtki, kt\u00f3ry pomaga zabezpieczy\u0107 puch przed wilgoci\u0105 ju\u017c wspomnia\u0142am. Du\u017ce znaczenie ma te\u017c konstrukcja kom\u00f3r, to czy kurtka puchowa posiada kaptur, czy mo\u017cna j\u0105 zabezpieczy\u0107 \u015bci\u0105gaczami przed podwiewaniem przez wiatr.<\/p>\n\n\n\n<div class=\"wp-block-image\"><figure class=\"aligncenter size-large\"><img loading=\"lazy\" decoding=\"async\" width=\"1024\" height=\"683\" src=\"https:\/\/www.skalnik.pl\/blog\/wp-content\/uploads\/2023\/02\/C-Ryan-Cleary-3-min-1024x683.jpg\" alt=\"\" class=\"wp-image-22090\" srcset=\"https:\/\/www.skalnik.pl\/blog\/wp-content\/uploads\/2023\/02\/C-Ryan-Cleary-3-min-1024x683.jpg 1024w, https:\/\/www.skalnik.pl\/blog\/wp-content\/uploads\/2023\/02\/C-Ryan-Cleary-3-min-300x200.jpg 300w, https:\/\/www.skalnik.pl\/blog\/wp-content\/uploads\/2023\/02\/C-Ryan-Cleary-3-min-768x512.jpg 768w, https:\/\/www.skalnik.pl\/blog\/wp-content\/uploads\/2023\/02\/C-Ryan-Cleary-3-min-1536x1024.jpg 1536w, https:\/\/www.skalnik.pl\/blog\/wp-content\/uploads\/2023\/02\/C-Ryan-Cleary-3-min-2048x1365.jpg 2048w\" sizes=\"auto, (max-width: 1024px) 100vw, 1024px\" \/><figcaption>N<em>a w\u0142a\u015bciwo\u015bci kurtek wp\u0142ywa te\u017c konstrukcja kom\u00f3r, posiadanie kaptura czy \u015bci\u0105gacze (fot. Marmot)<\/em><\/figcaption><\/figure><\/div>\n\n\n\n<p>Producenci kurtek wype\u0142nionych puchem wci\u0105\u017c udoskonalaj\u0105 ich konstrukcj\u0119. Komory maj\u0105 gwarantowa\u0107, \u017ce puch naturalny nie b\u0119dzie si\u0119 przesuwa\u0107, a straty ciep\u0142a b\u0119d\u0105 jak najni\u017csze. Stosuje si\u0119 np. komory z przesuni\u0119tymi przeszyciami, gdzie szwy zewn\u0119trzne i wewn\u0119trzne &#8222;mijaj\u0105 si\u0119&#8221;, dzi\u0119ki czemu ciep\u0142o nie wydostaje si\u0119 na zewn\u0105trz. Mo\u017cna te\u017c spotka\u0107 komory o kszta\u0142cie kwadrat\u00f3w lub prostok\u0105t\u00f3w, a zimowe kurtki puchowe wysokiej jako\u015bci maj\u0105 nawet podw\u00f3jn\u0105 warstw\u0119 kom\u00f3r.<\/p>\n\n\n\n<p>W poprawie termiki pomaga te\u017c zabezpieczenie g\u0142owy kapturem oraz \u015bci\u0105gacze przy mankietach i w dolnej cz\u0119\u015bci puchowej kurtki. Sprawiaj\u0105 one, \u017ce odzie\u017c przylega do sylwetki i nie przedostaje si\u0119 pod ni\u0105 wiatr.<\/p>\n\n\n\n<h2 class=\"wp-block-heading\"><span class=\"ez-toc-section\" id=\"Kurtka_puchowa_to_nie_tylko_kurtka_zimowa\"><\/span>Kurtka puchowa to nie tylko kurtka zimowa<span class=\"ez-toc-section-end\"><\/span><\/h2>\n\n\n\n<p>Je\u015bli kurtka puchowa kojarzy Ci si\u0119 tylko z zim\u0105, to musisz wiedzie\u0107, puchowa kurtka zimowa to nie jedyny rodzaj tej odzie\u017cy jaki mo\u017cesz spotka\u0107. Dzi\u015b puchowe wype\u0142nienie pojawia si\u0119 w kurtkach noszonych przez ca\u0142y rok. Lekka kurtka puchowa sprawdzi si\u0119 doskonale latem podczas ch\u0142odniejszych wieczor\u00f3w czy wtedy, gdy czekasz w cieniu na stanowisku wspinaczkowym. Takie kurtki nie musz\u0105 by\u0107 wype\u0142nione puchem g\u0119sim, ani te\u017c mie\u0107 najwy\u017cszych warto\u015bci spr\u0119\u017cysto\u015bci puchu.<\/p>\n\n\n\n<div class=\"wp-block-image\"><figure class=\"aligncenter size-large\"><img loading=\"lazy\" decoding=\"async\" width=\"1024\" height=\"683\" src=\"https:\/\/www.skalnik.pl\/blog\/wp-content\/uploads\/2023\/02\/DL_STLABS_Hiking-Alta-Badia_190820_61-4-min-1024x683.jpg\" alt=\"\" class=\"wp-image-22092\" srcset=\"https:\/\/www.skalnik.pl\/blog\/wp-content\/uploads\/2023\/02\/DL_STLABS_Hiking-Alta-Badia_190820_61-4-min-1024x683.jpg 1024w, https:\/\/www.skalnik.pl\/blog\/wp-content\/uploads\/2023\/02\/DL_STLABS_Hiking-Alta-Badia_190820_61-4-min-300x200.jpg 300w, https:\/\/www.skalnik.pl\/blog\/wp-content\/uploads\/2023\/02\/DL_STLABS_Hiking-Alta-Badia_190820_61-4-min-768x512.jpg 768w\" sizes=\"auto, (max-width: 1024px) 100vw, 1024px\" \/><figcaption>Kurtki puchowe sprawdz\u0105 si\u0119 o ka\u017cdej porze roku, nie tylko zim\u0105 <em>(fot. Salewa)<\/em><\/figcaption><\/figure><\/div>\n\n\n\n<p>Podobnie z kurtkami codziennymi i cienkimi kurtkami uniwersalnymi, w przypadku kt\u00f3rych mo\u017cna zdecydowa\u0107 si\u0119 na ni\u017cszy stosunek ilo\u015bci puchu do pierza, kaczy puch czy mieszank\u0119 naturalnego puchu g\u0119siego i kaczego.<\/p>\n\n\n\n<h2 class=\"wp-block-heading\"><span class=\"ez-toc-section\" id=\"Jak_dbac_o_kurtke_puchowa\"><\/span>Jak dba\u0107 o kurtk\u0119 puchow\u0105?<span class=\"ez-toc-section-end\"><\/span><\/h2>\n\n\n\n<p>Cho\u0107 zalet\u0105 kurtki puchowej jest jej pakowno\u015b\u0107, to sta\u0142e przebywanie w stanie \u015bci\u015bni\u0119tym nie s\u0142u\u017cy puchowi. Dlatego kurtk\u0119 nale\u017cy przechowywa\u0107 w stanie rozwieszonym, aby puch si\u0119 nie zbija\u0142 i zachowywa\u0142 swoje parametry.<\/p>\n\n\n\n<p>Najwi\u0119kszym wrogiem takiej odzie\u017cy jest zawilgocenie kurtki puchowej. Suszenie trwa do\u015b\u0107 d\u0142ugo i koniecznie w jego trakcie nale\u017cy roztrzepywa\u0107 puch by nie sta\u0142 si\u0119 on zbity. Podobnie po praniu- aby skutecznie suszy\u0107 kurtk\u0119 puchow\u0105, najlepiej robi\u0107 to w suszarce b\u0119bnowej z dodatkiem pi\u0142ek tenisowych, kt\u00f3re rozbijaj\u0105 puch.<\/p>\n\n\n\n<p><span class=\"has-inline-color has-vivid-cyan-blue-color\">Dowiedz si\u0119 wi\u0119cej jak dba\u0107 o kurtk\u0119 puchow\u0105 i co zrobi\u0107, gdy puch b\u0119dzie zbity po praniu<\/span> &#8211;<span class=\"has-inline-color has-vivid-cyan-blue-color\"><strong><a href=\"https:\/\/www.skalnik.pl\/blog\/kurtka-puchowa-zbita-po-praniu-jak-rozbic-puch\/\" target=\"_blank\" rel=\"noreferrer noopener\"> kliknij tutaj<\/a><\/strong>.<\/span><\/p>\n\n\n\n<hr class=\"wp-block-separator is-style-dots\"\/>\n\n\n\n<p>Przy wyborze kurtki puchowej kieruj si\u0119 tym, do czego b\u0119dziesz jej u\u017cywa\u0107. Im bardziej wymagaj\u0105cych warunk\u00f3w si\u0119 spodziewasz tym parametr spr\u0119\u017cysto\u015bci puchu powinien by\u0107 wy\u017cszy, a ilo\u015b\u0107 wype\u0142nienia wi\u0119ksza. Zwracaj te\u017c uwag\u0119 na detale bo producenci kurtek puchowych dobrej jako\u015bci dbaj\u0105 te\u017c o ich konstrukcj\u0119, materia\u0142 zewn\u0119trzny i wyko\u0144czenie. Kieruj\u0105c si\u0119 tym na pewno znajdziesz idealn\u0105 kurtk\u0119 puchow\u0105 dla siebie.<\/p>\n","protected":false},"excerpt":{"rendered":"<p>Kurtka puchowa to po\u0142\u0105czenie lekko\u015bci, pakowno\u015bci i ciep\u0142a. Sprawd\u017a jak wybra\u0107 odpowiedni\u0105 dla siebie kurtk\u0119 z puchem naturalnym. <\/p>\n","protected":false},"author":41,"featured_media":22221,"comment_status":"open","ping_status":"open","sticky":false,"template":"","format":"standard","meta":{"_acf_changed":false,"footnotes":""},"categories":[5,3],"tags":[132],"magento_category":[40],"magento_product":[],"class_list":["post-22086","post","type-post","status-publish","format-standard","has-post-thumbnail","hentry","category-branza","category-porady","tag-kurtki-puchowe"],"acf":[],"aioseo_notices":[],"aioseo_head":"\n\t\t<!-- All in One SEO 4.9.10 - aioseo.com -->\n\t<meta name=\"description\" content=\"Kurtka puchowa to niska waga, pakowno\u015b\u0107 oraz ciep\u0142o, nie tylko zim\u0105. Cienkie kurtki puchowe sprawdz\u0105 si\u0119 gdy jest cieplej, w outdoorze i na co dzie\u0144.\" \/>\n\t<meta name=\"robots\" content=\"max-image-preview:large\" \/>\n\t<meta name=\"author\" content=\"Anna \u015aliwa\"\/>\n\t<link rel=\"canonical\" href=\"https:\/\/www.skalnik.pl\/blog\/jak-wybrac-kurtke-puchowa\/\" \/>\n\t<meta name=\"generator\" content=\"All in One SEO (AIOSEO) 4.9.10\" \/>\n\t\t<meta property=\"og:locale\" content=\"pl_PL\" \/>\n\t\t<meta property=\"og:site_name\" content=\"blog Skalnik - Blog, porady, artyku\u0142y - blog Skalnik\" \/>\n\t\t<meta property=\"og:type\" content=\"article\" \/>\n\t\t<meta property=\"og:title\" content=\"Jak wybra\u0107 kurtk\u0119 puchow\u0105 - blog Skalnik\" \/>\n\t\t<meta property=\"og:description\" content=\"Kurtka puchowa to niska waga, pakowno\u015b\u0107 oraz ciep\u0142o, nie tylko zim\u0105. Cienkie kurtki puchowe sprawdz\u0105 si\u0119 gdy jest cieplej, w outdoorze i na co dzie\u0144.\" \/>\n\t\t<meta property=\"og:url\" content=\"https:\/\/www.skalnik.pl\/blog\/jak-wybrac-kurtke-puchowa\/\" \/>\n\t\t<meta property=\"og:image\" content=\"https:\/\/www.skalnik.pl\/blog\/wp-content\/uploads\/2023\/02\/feather-g29d890790_1920.jpg\" \/>\n\t\t<meta property=\"og:image:secure_url\" content=\"https:\/\/www.skalnik.pl\/blog\/wp-content\/uploads\/2023\/02\/feather-g29d890790_1920.jpg\" \/>\n\t\t<meta property=\"og:image:width\" content=\"1920\" \/>\n\t\t<meta property=\"og:image:height\" content=\"1209\" \/>\n\t\t<meta property=\"article:tag\" content=\"bran\u017ca\" \/>\n\t\t<meta property=\"article:tag\" content=\"porady\" \/>\n\t\t<meta property=\"article:tag\" content=\"kurtki puchowe\" \/>\n\t\t<meta property=\"article:published_time\" content=\"2023-02-20T09:36:00+00:00\" \/>\n\t\t<meta property=\"article:modified_time\" content=\"2023-02-21T09:36:59+00:00\" \/>\n\t\t<meta name=\"twitter:card\" content=\"summary_large_image\" \/>\n\t\t<meta name=\"twitter:title\" content=\"Jak wybra\u0107 kurtk\u0119 puchow\u0105 - blog Skalnik\" \/>\n\t\t<meta name=\"twitter:description\" content=\"Kurtka puchowa to niska waga, pakowno\u015b\u0107 oraz ciep\u0142o, nie tylko zim\u0105. Cienkie kurtki puchowe sprawdz\u0105 si\u0119 gdy jest cieplej, w outdoorze i na co dzie\u0144.\" \/>\n\t\t<meta name=\"twitter:image\" content=\"https:\/\/www.skalnik.pl\/blog\/wp-content\/uploads\/2023\/02\/feather-g29d890790_1920.jpg\" \/>\n\t\t<script type=\"application\/ld+json\" class=\"aioseo-schema\">\n\t\t\t{\"@context\":\"https:\\\/\\\/schema.org\",\"@graph\":[{\"@type\":\"BlogPosting\",\"@id\":\"https:\\\/\\\/www.skalnik.pl\\\/blog\\\/jak-wybrac-kurtke-puchowa\\\/#blogposting\",\"name\":\"Jak wybra\\u0107 kurtk\\u0119 puchow\\u0105 - blog Skalnik\",\"headline\":\"Jak wybra\\u0107 kurtk\\u0119 puchow\\u0105\",\"author\":{\"@id\":\"https:\\\/\\\/www.skalnik.pl\\\/blog\\\/author\\\/anna-sliwa\\\/#author\"},\"publisher\":{\"@id\":\"https:\\\/\\\/www.skalnik.pl\\\/blog\\\/#organization\"},\"image\":{\"@type\":\"ImageObject\",\"url\":\"https:\\\/\\\/www.skalnik.pl\\\/blog\\\/wp-content\\\/uploads\\\/2023\\\/02\\\/kurtki-puchowe-okladka.jpg\",\"width\":1920,\"height\":706},\"datePublished\":\"2023-02-20T10:36:00+02:00\",\"dateModified\":\"2023-02-21T10:36:59+02:00\",\"inLanguage\":\"pl-PL\",\"mainEntityOfPage\":{\"@id\":\"https:\\\/\\\/www.skalnik.pl\\\/blog\\\/jak-wybrac-kurtke-puchowa\\\/#webpage\"},\"isPartOf\":{\"@id\":\"https:\\\/\\\/www.skalnik.pl\\\/blog\\\/jak-wybrac-kurtke-puchowa\\\/#webpage\"},\"articleSection\":\"Bran\\u017ca, Porady, kurtki puchowe, 1090\"},{\"@type\":\"BreadcrumbList\",\"@id\":\"https:\\\/\\\/www.skalnik.pl\\\/blog\\\/jak-wybrac-kurtke-puchowa\\\/#breadcrumblist\",\"itemListElement\":[{\"@type\":\"ListItem\",\"@id\":\"https:\\\/\\\/www.skalnik.pl\\\/blog#listItem\",\"position\":1,\"name\":\"Home\",\"item\":\"https:\\\/\\\/www.skalnik.pl\\\/blog\",\"nextItem\":{\"@type\":\"ListItem\",\"@id\":\"https:\\\/\\\/www.skalnik.pl\\\/blog\\\/.\\\/porady\\\/#listItem\",\"name\":\"Porady\"}},{\"@type\":\"ListItem\",\"@id\":\"https:\\\/\\\/www.skalnik.pl\\\/blog\\\/.\\\/porady\\\/#listItem\",\"position\":2,\"name\":\"Porady\",\"item\":\"https:\\\/\\\/www.skalnik.pl\\\/blog\\\/.\\\/porady\\\/\",\"nextItem\":{\"@type\":\"ListItem\",\"@id\":\"https:\\\/\\\/www.skalnik.pl\\\/blog\\\/jak-wybrac-kurtke-puchowa\\\/#listItem\",\"name\":\"Jak wybra\\u0107 kurtk\\u0119 puchow\\u0105\"},\"previousItem\":{\"@type\":\"ListItem\",\"@id\":\"https:\\\/\\\/www.skalnik.pl\\\/blog#listItem\",\"name\":\"Home\"}},{\"@type\":\"ListItem\",\"@id\":\"https:\\\/\\\/www.skalnik.pl\\\/blog\\\/jak-wybrac-kurtke-puchowa\\\/#listItem\",\"position\":3,\"name\":\"Jak wybra\\u0107 kurtk\\u0119 puchow\\u0105\",\"previousItem\":{\"@type\":\"ListItem\",\"@id\":\"https:\\\/\\\/www.skalnik.pl\\\/blog\\\/.\\\/porady\\\/#listItem\",\"name\":\"Porady\"}}]},{\"@type\":\"Organization\",\"@id\":\"https:\\\/\\\/www.skalnik.pl\\\/blog\\\/#organization\",\"name\":\"blog Skalnik\",\"description\":\"Blog, porady, artyku\\u0142y - blog Skalnik\",\"url\":\"https:\\\/\\\/www.skalnik.pl\\\/blog\\\/\"},{\"@type\":\"Person\",\"@id\":\"https:\\\/\\\/www.skalnik.pl\\\/blog\\\/author\\\/anna-sliwa\\\/#author\",\"url\":\"https:\\\/\\\/www.skalnik.pl\\\/blog\\\/author\\\/anna-sliwa\\\/\",\"name\":\"Anna \\u015aliwa\",\"image\":{\"@type\":\"ImageObject\",\"@id\":\"https:\\\/\\\/www.skalnik.pl\\\/blog\\\/jak-wybrac-kurtke-puchowa\\\/#authorImage\",\"url\":\"https:\\\/\\\/secure.gravatar.com\\\/avatar\\\/e8300be3de710e2e109e5dfbf092dcf827242ec8071807a1e13f6b3f7c9bbd79?s=96&d=mm&r=g\",\"width\":96,\"height\":96,\"caption\":\"Anna \\u015aliwa\"}},{\"@type\":\"WebPage\",\"@id\":\"https:\\\/\\\/www.skalnik.pl\\\/blog\\\/jak-wybrac-kurtke-puchowa\\\/#webpage\",\"url\":\"https:\\\/\\\/www.skalnik.pl\\\/blog\\\/jak-wybrac-kurtke-puchowa\\\/\",\"name\":\"Jak wybra\\u0107 kurtk\\u0119 puchow\\u0105 - blog Skalnik\",\"description\":\"Kurtka puchowa to niska waga, pakowno\\u015b\\u0107 oraz ciep\\u0142o, nie tylko zim\\u0105. Cienkie kurtki puchowe sprawdz\\u0105 si\\u0119 gdy jest cieplej, w outdoorze i na co dzie\\u0144.\",\"inLanguage\":\"pl-PL\",\"isPartOf\":{\"@id\":\"https:\\\/\\\/www.skalnik.pl\\\/blog\\\/#website\"},\"breadcrumb\":{\"@id\":\"https:\\\/\\\/www.skalnik.pl\\\/blog\\\/jak-wybrac-kurtke-puchowa\\\/#breadcrumblist\"},\"author\":{\"@id\":\"https:\\\/\\\/www.skalnik.pl\\\/blog\\\/author\\\/anna-sliwa\\\/#author\"},\"creator\":{\"@id\":\"https:\\\/\\\/www.skalnik.pl\\\/blog\\\/author\\\/anna-sliwa\\\/#author\"},\"image\":{\"@type\":\"ImageObject\",\"url\":\"https:\\\/\\\/www.skalnik.pl\\\/blog\\\/wp-content\\\/uploads\\\/2023\\\/02\\\/kurtki-puchowe-okladka.jpg\",\"@id\":\"https:\\\/\\\/www.skalnik.pl\\\/blog\\\/jak-wybrac-kurtke-puchowa\\\/#mainImage\",\"width\":1920,\"height\":706},\"primaryImageOfPage\":{\"@id\":\"https:\\\/\\\/www.skalnik.pl\\\/blog\\\/jak-wybrac-kurtke-puchowa\\\/#mainImage\"},\"datePublished\":\"2023-02-20T10:36:00+02:00\",\"dateModified\":\"2023-02-21T10:36:59+02:00\"},{\"@type\":\"WebSite\",\"@id\":\"https:\\\/\\\/www.skalnik.pl\\\/blog\\\/#website\",\"url\":\"https:\\\/\\\/www.skalnik.pl\\\/blog\\\/\",\"name\":\"blog Skalnik\",\"description\":\"Blog, porady, artyku\\u0142y - blog Skalnik\",\"inLanguage\":\"pl-PL\",\"publisher\":{\"@id\":\"https:\\\/\\\/www.skalnik.pl\\\/blog\\\/#organization\"}}]}\n\t\t<\/script>\n\t\t<!-- All in One SEO -->\n\n","aioseo_head_json":{"title":"Jak wybra\u0107 kurtk\u0119 puchow\u0105 - blog Skalnik","description":"Kurtka puchowa to niska waga, pakowno\u015b\u0107 oraz ciep\u0142o, nie tylko zim\u0105. Cienkie kurtki puchowe sprawdz\u0105 si\u0119 gdy jest cieplej, w outdoorze i na co dzie\u0144.","canonical_url":"https:\/\/www.skalnik.pl\/blog\/jak-wybrac-kurtke-puchowa\/","robots":"max-image-preview:large","keywords":"","webmasterTools":{"miscellaneous":""},"schema":{"@context":"https:\/\/schema.org","@graph":[{"@type":"BlogPosting","@id":"https:\/\/www.skalnik.pl\/blog\/jak-wybrac-kurtke-puchowa\/#blogposting","name":"Jak wybra\u0107 kurtk\u0119 puchow\u0105 - blog Skalnik","headline":"Jak wybra\u0107 kurtk\u0119 puchow\u0105","author":{"@id":"https:\/\/www.skalnik.pl\/blog\/author\/anna-sliwa\/#author"},"publisher":{"@id":"https:\/\/www.skalnik.pl\/blog\/#organization"},"image":{"@type":"ImageObject","url":"https:\/\/www.skalnik.pl\/blog\/wp-content\/uploads\/2023\/02\/kurtki-puchowe-okladka.jpg","width":1920,"height":706},"datePublished":"2023-02-20T10:36:00+02:00","dateModified":"2023-02-21T10:36:59+02:00","inLanguage":"pl-PL","mainEntityOfPage":{"@id":"https:\/\/www.skalnik.pl\/blog\/jak-wybrac-kurtke-puchowa\/#webpage"},"isPartOf":{"@id":"https:\/\/www.skalnik.pl\/blog\/jak-wybrac-kurtke-puchowa\/#webpage"},"articleSection":"Bran\u017ca, Porady, kurtki puchowe, 1090"},{"@type":"BreadcrumbList","@id":"https:\/\/www.skalnik.pl\/blog\/jak-wybrac-kurtke-puchowa\/#breadcrumblist","itemListElement":[{"@type":"ListItem","@id":"https:\/\/www.skalnik.pl\/blog#listItem","position":1,"name":"Home","item":"https:\/\/www.skalnik.pl\/blog","nextItem":{"@type":"ListItem","@id":"https:\/\/www.skalnik.pl\/blog\/.\/porady\/#listItem","name":"Porady"}},{"@type":"ListItem","@id":"https:\/\/www.skalnik.pl\/blog\/.\/porady\/#listItem","position":2,"name":"Porady","item":"https:\/\/www.skalnik.pl\/blog\/.\/porady\/","nextItem":{"@type":"ListItem","@id":"https:\/\/www.skalnik.pl\/blog\/jak-wybrac-kurtke-puchowa\/#listItem","name":"Jak wybra\u0107 kurtk\u0119 puchow\u0105"},"previousItem":{"@type":"ListItem","@id":"https:\/\/www.skalnik.pl\/blog#listItem","name":"Home"}},{"@type":"ListItem","@id":"https:\/\/www.skalnik.pl\/blog\/jak-wybrac-kurtke-puchowa\/#listItem","position":3,"name":"Jak wybra\u0107 kurtk\u0119 puchow\u0105","previousItem":{"@type":"ListItem","@id":"https:\/\/www.skalnik.pl\/blog\/.\/porady\/#listItem","name":"Porady"}}]},{"@type":"Organization","@id":"https:\/\/www.skalnik.pl\/blog\/#organization","name":"blog Skalnik","description":"Blog, porady, artyku\u0142y - blog Skalnik","url":"https:\/\/www.skalnik.pl\/blog\/"},{"@type":"Person","@id":"https:\/\/www.skalnik.pl\/blog\/author\/anna-sliwa\/#author","url":"https:\/\/www.skalnik.pl\/blog\/author\/anna-sliwa\/","name":"Anna \u015aliwa","image":{"@type":"ImageObject","@id":"https:\/\/www.skalnik.pl\/blog\/jak-wybrac-kurtke-puchowa\/#authorImage","url":"https:\/\/secure.gravatar.com\/avatar\/e8300be3de710e2e109e5dfbf092dcf827242ec8071807a1e13f6b3f7c9bbd79?s=96&d=mm&r=g","width":96,"height":96,"caption":"Anna \u015aliwa"}},{"@type":"WebPage","@id":"https:\/\/www.skalnik.pl\/blog\/jak-wybrac-kurtke-puchowa\/#webpage","url":"https:\/\/www.skalnik.pl\/blog\/jak-wybrac-kurtke-puchowa\/","name":"Jak wybra\u0107 kurtk\u0119 puchow\u0105 - blog Skalnik","description":"Kurtka puchowa to niska waga, pakowno\u015b\u0107 oraz ciep\u0142o, nie tylko zim\u0105. Cienkie kurtki puchowe sprawdz\u0105 si\u0119 gdy jest cieplej, w outdoorze i na co dzie\u0144.","inLanguage":"pl-PL","isPartOf":{"@id":"https:\/\/www.skalnik.pl\/blog\/#website"},"breadcrumb":{"@id":"https:\/\/www.skalnik.pl\/blog\/jak-wybrac-kurtke-puchowa\/#breadcrumblist"},"author":{"@id":"https:\/\/www.skalnik.pl\/blog\/author\/anna-sliwa\/#author"},"creator":{"@id":"https:\/\/www.skalnik.pl\/blog\/author\/anna-sliwa\/#author"},"image":{"@type":"ImageObject","url":"https:\/\/www.skalnik.pl\/blog\/wp-content\/uploads\/2023\/02\/kurtki-puchowe-okladka.jpg","@id":"https:\/\/www.skalnik.pl\/blog\/jak-wybrac-kurtke-puchowa\/#mainImage","width":1920,"height":706},"primaryImageOfPage":{"@id":"https:\/\/www.skalnik.pl\/blog\/jak-wybrac-kurtke-puchowa\/#mainImage"},"datePublished":"2023-02-20T10:36:00+02:00","dateModified":"2023-02-21T10:36:59+02:00"},{"@type":"WebSite","@id":"https:\/\/www.skalnik.pl\/blog\/#website","url":"https:\/\/www.skalnik.pl\/blog\/","name":"blog Skalnik","description":"Blog, porady, artyku\u0142y - blog Skalnik","inLanguage":"pl-PL","publisher":{"@id":"https:\/\/www.skalnik.pl\/blog\/#organization"}}]},"og:locale":"pl_PL","og:site_name":"blog Skalnik - Blog, porady, artyku\u0142y - blog Skalnik","og:type":"article","og:title":"Jak wybra\u0107 kurtk\u0119 puchow\u0105 - blog Skalnik","og:description":"Kurtka puchowa to niska waga, pakowno\u015b\u0107 oraz ciep\u0142o, nie tylko zim\u0105. Cienkie kurtki puchowe sprawdz\u0105 si\u0119 gdy jest cieplej, w outdoorze i na co dzie\u0144.","og:url":"https:\/\/www.skalnik.pl\/blog\/jak-wybrac-kurtke-puchowa\/","og:image":"https:\/\/www.skalnik.pl\/blog\/wp-content\/uploads\/2023\/02\/feather-g29d890790_1920.jpg","og:image:secure_url":"https:\/\/www.skalnik.pl\/blog\/wp-content\/uploads\/2023\/02\/feather-g29d890790_1920.jpg","og:image:width":1920,"og:image:height":1209,"article:tag":["bran\u017ca","porady","kurtki puchowe"],"article:published_time":"2023-02-20T09:36:00+00:00","article:modified_time":"2023-02-21T09:36:59+00:00","twitter:card":"summary_large_image","twitter:title":"Jak wybra\u0107 kurtk\u0119 puchow\u0105 - blog Skalnik","twitter:description":"Kurtka puchowa to niska waga, pakowno\u015b\u0107 oraz ciep\u0142o, nie tylko zim\u0105. Cienkie kurtki puchowe sprawdz\u0105 si\u0119 gdy jest cieplej, w outdoorze i na co dzie\u0144.","twitter:image":"https:\/\/www.skalnik.pl\/blog\/wp-content\/uploads\/2023\/02\/feather-g29d890790_1920.jpg"},"aioseo_meta_data":{"post_id":"22086","title":null,"description":"Kurtka puchowa to niska waga, pakowno\u015b\u0107 oraz ciep\u0142o, nie tylko zim\u0105. Cienkie kurtki puchowe sprawdz\u0105 si\u0119 gdy jest cieplej, w outdoorze i na co dzie\u0144.","keywords":[{"label":"kurtka puchowa","value":"kurtka puchowa"},{"label":"kurtka zimowa","value":"kurtka zimowa"},{"label":"cienka kurtka puchowa","value":"cienka kurtka puchowa"},{"label":"","value":""}],"keyphrases":null,"primary_term":null,"canonical_url":"","og_title":null,"og_description":null,"og_object_type":"default","og_image_type":"default","og_image_url":null,"og_image_width":null,"og_image_height":null,"og_image_custom_url":null,"og_image_custom_fields":null,"og_video":null,"og_custom_url":null,"og_article_section":null,"og_article_tags":null,"twitter_use_og":false,"twitter_card":"default","twitter_image_type":"default","twitter_image_url":null,"twitter_image_custom_url":null,"twitter_image_custom_fields":null,"twitter_title":null,"twitter_description":null,"schema":{"blockGraphs":[],"customGraphs":[],"default":{"data":{"Article":[],"Course":[],"Dataset":[],"FAQPage":[],"Movie":[],"Person":[],"Product":[],"ProductReview":[],"Car":[],"Recipe":[],"Service":[],"SoftwareApplication":[],"WebPage":[]},"graphName":"","isEnabled":true},"graphs":[]},"schema_type":"default","schema_type_options":null,"pillar_content":false,"robots_default":true,"robots_noindex":false,"robots_noarchive":false,"robots_nosnippet":false,"robots_nofollow":false,"robots_noimageindex":false,"robots_noodp":false,"robots_notranslate":false,"robots_max_snippet":null,"robots_max_videopreview":null,"robots_max_imagepreview":"large","priority":null,"frequency":null,"local_seo":null,"breadcrumb_settings":null,"limit_modified_date":false,"ai":null,"created":"2023-03-21 08:55:19","updated":"2026-02-17 22:34:23","seo_analyzer_scan_date":null},"aioseo_breadcrumb":"<div class=\"aioseo-breadcrumbs\"><span class=\"aioseo-breadcrumb\">\n\t\t\t<a href=\"https:\/\/www.skalnik.pl\/blog\" title=\"Home\">Home<\/a>\n\t\t<\/span><span class=\"aioseo-breadcrumb-separator\">&raquo;<\/span><span class=\"aioseo-breadcrumb\">\n\t\t\t<a href=\"https:\/\/www.skalnik.pl\/blog\/.\/porady\/\" title=\"Porady\">Porady<\/a>\n\t\t<\/span><span class=\"aioseo-breadcrumb-separator\">&raquo;<\/span><span class=\"aioseo-breadcrumb\">\n\t\t\tJak wybra\u0107 kurtk\u0119 puchow\u0105\n\t\t<\/span><\/div>","aioseo_breadcrumb_json":[{"label":"Home","link":"https:\/\/www.skalnik.pl\/blog"},{"label":"Porady","link":"https:\/\/www.skalnik.pl\/blog\/.\/porady\/"},{"label":"Jak wybra\u0107 kurtk\u0119 puchow\u0105","link":"https:\/\/www.skalnik.pl\/blog\/jak-wybrac-kurtke-puchowa\/"}],"_links":{"self":[{"href":"https:\/\/www.skalnik.pl\/blog\/wp-json\/wp\/v2\/posts\/22086","targetHints":{"allow":["GET"]}}],"collection":[{"href":"https:\/\/www.skalnik.pl\/blog\/wp-json\/wp\/v2\/posts"}],"about":[{"href":"https:\/\/www.skalnik.pl\/blog\/wp-json\/wp\/v2\/types\/post"}],"author":[{"embeddable":true,"href":"https:\/\/www.skalnik.pl\/blog\/wp-json\/wp\/v2\/users\/41"}],"replies":[{"embeddable":true,"href":"https:\/\/www.skalnik.pl\/blog\/wp-json\/wp\/v2\/comments?post=22086"}],"version-history":[{"count":3,"href":"https:\/\/www.skalnik.pl\/blog\/wp-json\/wp\/v2\/posts\/22086\/revisions"}],"predecessor-version":[{"id":22224,"href":"https:\/\/www.skalnik.pl\/blog\/wp-json\/wp\/v2\/posts\/22086\/revisions\/22224"}],"wp:featuredmedia":[{"embeddable":true,"href":"https:\/\/www.skalnik.pl\/blog\/wp-json\/wp\/v2\/media\/22221"}],"wp:attachment":[{"href":"https:\/\/www.skalnik.pl\/blog\/wp-json\/wp\/v2\/media?parent=22086"}],"wp:term":[{"taxonomy":"category","embeddable":true,"href":"https:\/\/www.skalnik.pl\/blog\/wp-json\/wp\/v2\/categories?post=22086"},{"taxonomy":"post_tag","embeddable":true,"href":"https:\/\/www.skalnik.pl\/blog\/wp-json\/wp\/v2\/tags?post=22086"},{"taxonomy":"magento_category","embeddable":true,"href":"https:\/\/www.skalnik.pl\/blog\/wp-json\/wp\/v2\/magento_category?post=22086"},{"taxonomy":"magento_product","embeddable":true,"href":"https:\/\/www.skalnik.pl\/blog\/wp-json\/wp\/v2\/magento_product?post=22086"}],"curies":[{"name":"wp","href":"https:\/\/api.w.org\/{rel}","templated":true}]}}