{"id":22175,"date":"2023-02-15T13:19:00","date_gmt":"2023-02-15T12:19:00","guid":{"rendered":"https:\/\/www.skalnik.pl\/blog\/?p=22175"},"modified":"2024-06-19T08:32:27","modified_gmt":"2024-06-19T06:32:27","slug":"jaka-kurtke-na-narty-wybrac","status":"publish","type":"post","link":"https:\/\/www.skalnik.pl\/blog\/jaka-kurtke-na-narty-wybrac\/","title":{"rendered":"Jak\u0105 kurtk\u0119 na narty wybra\u0107"},"content":{"rendered":"\n<p><strong>Czy specjalna kurtka narciarska to niezb\u0119dne wyposa\u017cenie na stoku? A je\u015bli nie narciarska to jaka &#8211; mo\u017ce kurka zimowa albo turystyczna? Kr\u00f3tki przegl\u0105d tego, w czym warto je\u017adzi\u0107 na nartach, by by\u0142o ciep\u0142o i wygodnie.<\/strong><\/p>\n\n\n\n<p>Do niniejszego wst\u0119pu dodam jeszcze, \u017ce chodzi o narciarstwo zjazdowe. To wa\u017cne dopowiedzenie, poniewa\u017c narty skiturowe, kt\u00f3re zyskuj\u0105 coraz wi\u0119ksz\u0105 popularno\u015b\u0107, wymagaj\u0105 zupe\u0142nie innego podej\u015bcia do ubioru. O wyborze odzie\u017cy skiturowej pisali\u015bmy ju\u017c na blogu kilka razy.<\/p>\n\n\n\n<p>\u017beby nikogo nie trzyma\u0107 w niepewno\u015bci od razu powiem, \u017ce jako kurtka na narty z powodzeniem sprawdzi si\u0119 kurtka turystyczna, a w\u0142a\u015bciwie kurtki turystyczne. Jakie? O tym wi\u0119cej w poni\u017cszym tek\u015bcie. Na poparcie tej tezy napisz\u0119, \u017ce zamiast kurtki przeznaczonej do jednego rodzaju sportu wed\u0142ug mnie lepsze b\u0119d\u0105 modele, kt\u00f3re sprawdz\u0105 si\u0119 w r\u00f3\u017cnych aktywno\u015bciach i to nie tylko zimowych.<\/p>\n\n\n<div class=\"wp-block-image\">\n<figure class=\"aligncenter size-large\"><img loading=\"lazy\" decoding=\"async\" width=\"1024\" height=\"575\" src=\"https:\/\/www.skalnik.pl\/blog\/wp-content\/uploads\/2023\/02\/salewa4-zjazd.jpg\" alt=\"narciarz zje\u017cd\u017caj\u0105cy stromym stokiem\" class=\"wp-image-22212\" srcset=\"https:\/\/www.skalnik.pl\/blog\/wp-content\/uploads\/2023\/02\/salewa4-zjazd.jpg 1024w, https:\/\/www.skalnik.pl\/blog\/wp-content\/uploads\/2023\/02\/salewa4-zjazd-300x168.jpg 300w, https:\/\/www.skalnik.pl\/blog\/wp-content\/uploads\/2023\/02\/salewa4-zjazd-768x431.jpg 768w\" sizes=\"auto, (max-width: 1024px) 100vw, 1024px\" \/><figcaption class=\"wp-element-caption\"><em>Odzie\u017c narciarska musi by\u0107 dobrana do pogody na stoku (fot. Salewa)<\/em><\/figcaption><\/figure>\n<\/div>\n\n\n<div id=\"ez-toc-container\" class=\"ez-toc-v2_0_85 counter-hierarchy ez-toc-counter ez-toc-light-blue ez-toc-container-direction\">\n<div class=\"ez-toc-title-container\">\n<p class=\"ez-toc-title\" style=\"cursor:inherit\">SPIS TRE\u015aCI <\/p>\n<span class=\"ez-toc-title-toggle\"><a href=\"#\" class=\"ez-toc-pull-right ez-toc-btn ez-toc-btn-xs ez-toc-btn-default ez-toc-toggle\" aria-label=\"Prze\u0142\u0105cznik Spisu Tre\u015bci\"><span class=\"ez-toc-js-icon-con\"><span class=\"\"><span class=\"eztoc-hide\" style=\"display:none;\">Toggle<\/span><span class=\"ez-toc-icon-toggle-span\"><svg style=\"fill: #999;color:#999\" xmlns=\"http:\/\/www.w3.org\/2000\/svg\" class=\"list-377408\" width=\"20px\" height=\"20px\" viewBox=\"0 0 24 24\" fill=\"none\"><path d=\"M6 6H4v2h2V6zm14 0H8v2h12V6zM4 11h2v2H4v-2zm16 0H8v2h12v-2zM4 16h2v2H4v-2zm16 0H8v2h12v-2z\" fill=\"currentColor\"><\/path><\/svg><svg style=\"fill: #999;color:#999\" class=\"arrow-unsorted-368013\" xmlns=\"http:\/\/www.w3.org\/2000\/svg\" width=\"10px\" height=\"10px\" viewBox=\"0 0 24 24\" version=\"1.2\" baseProfile=\"tiny\"><path d=\"M18.2 9.3l-6.2-6.3-6.2 6.3c-.2.2-.3.4-.3.7s.1.5.3.7c.2.2.4.3.7.3h11c.3 0 .5-.1.7-.3.2-.2.3-.5.3-.7s-.1-.5-.3-.7zM5.8 14.7l6.2 6.3 6.2-6.3c.2-.2.3-.5.3-.7s-.1-.5-.3-.7c-.2-.2-.4-.3-.7-.3h-11c-.3 0-.5.1-.7.3-.2.2-.3.5-.3.7s.1.5.3.7z\"\/><\/svg><\/span><\/span><\/span><\/a><\/span><\/div>\n<nav><ul class='ez-toc-list ez-toc-list-level-1 ' ><li class='ez-toc-page-1 ez-toc-heading-level-2'><a class=\"ez-toc-link ez-toc-heading-1\" href=\"https:\/\/www.skalnik.pl\/blog\/jaka-kurtke-na-narty-wybrac\/#Podstawowe_cechy_kurtki_narciarskiej\" >Podstawowe cechy kurtki narciarskiej<\/a><\/li><li class='ez-toc-page-1 ez-toc-heading-level-2'><a class=\"ez-toc-link ez-toc-heading-2\" href=\"https:\/\/www.skalnik.pl\/blog\/jaka-kurtke-na-narty-wybrac\/#Ubranie_warstwowe_na_narty\" >Ubranie warstwowe na narty<\/a><ul class='ez-toc-list-level-3' ><li class='ez-toc-heading-level-3'><a class=\"ez-toc-link ez-toc-heading-3\" href=\"https:\/\/www.skalnik.pl\/blog\/jaka-kurtke-na-narty-wybrac\/#Sroga_zima\" >Sroga zima<\/a><\/li><li class='ez-toc-page-1 ez-toc-heading-level-3'><a class=\"ez-toc-link ez-toc-heading-4\" href=\"https:\/\/www.skalnik.pl\/blog\/jaka-kurtke-na-narty-wybrac\/#Lagodna_zima_lub_narty_wiosna\" >\u0141agodna zima lub narty wiosn\u0105<\/a><\/li><\/ul><\/li><li class='ez-toc-page-1 ez-toc-heading-level-2'><a class=\"ez-toc-link ez-toc-heading-5\" href=\"https:\/\/www.skalnik.pl\/blog\/jaka-kurtke-na-narty-wybrac\/#Czym_sie_rozni_kurtka_narciarska_od_kurtki_zimowej\" >Czym si\u0119 r\u00f3\u017cni kurtka narciarska od kurtki zimowej<\/a><\/li><li class='ez-toc-page-1 ez-toc-heading-level-2'><a class=\"ez-toc-link ez-toc-heading-6\" href=\"https:\/\/www.skalnik.pl\/blog\/jaka-kurtke-na-narty-wybrac\/#Jak_dobrac_kurtke_narciarska\" >Jak dobra\u0107 kurtk\u0119 narciarsk\u0105<\/a><\/li><\/ul><\/nav><\/div>\n<h2 class=\"wp-block-heading\"><span class=\"ez-toc-section\" id=\"Podstawowe_cechy_kurtki_narciarskiej\"><\/span>Podstawowe cechy kurtki narciarskiej<span class=\"ez-toc-section-end\"><\/span><\/h2>\n\n\n\n<p>Przede wszystkim kurtka narciarska ma zapewnia\u0107 komfort termiczny: podczas zjazdu, ale te\u017c wjazdu wyci\u0105giem. Musi by\u0107 dopasowana, ale jednocze\u015bnie nie powinna kr\u0119powa\u0107 ruch\u00f3w, musi by\u0107 zatem wygodna. Sprawdzanie warunk\u00f3w pogodowych to dla narciarzy chleb powszedni, dlatego zazwyczaj od razu wiadomo, jak si\u0119 ubra\u0107 na stok. Gdy jest zimno lub wietrznie &#8211; cieplej, ale podczas cieplejszej aury &#8211; troch\u0119 l\u017cej. Najcz\u0119\u015bciej najlepszym wyborem jest ubranie na cebulk\u0119, czyli warstwowe.<\/p>\n\n\n\n<h2 class=\"wp-block-heading\"><span class=\"ez-toc-section\" id=\"Ubranie_warstwowe_na_narty\"><\/span>Ubranie warstwowe na narty<span class=\"ez-toc-section-end\"><\/span><\/h2>\n\n\n\n<p>Na narty \u2013 podobnie jak w g\u00f3rach \u2013 mo\u017cna (a nawet warto) ubiera\u0107 si\u0119 warstwowo. Co prawda oznacza to wi\u0119cej element\u00f3w outdoorowej garderoby na wyje\u017adzie czy w plecaku, ale za to mo\u017cna lepiej dopasowa\u0107 ubi\u00f3r do zastanych na stoku warunk\u00f3w, nie tylko w konkretnym dniu, ale nawet w poszczeg\u00f3lnych jego godzinach. Poni\u017cej kr\u00f3tki przegl\u0105d, jakie kurtki sprawdz\u0105 si\u0119 na stoku.<\/p>\n\n\n\n<h3 class=\"wp-block-heading\"><span class=\"ez-toc-section\" id=\"Sroga_zima\"><\/span>Sroga zima<span class=\"ez-toc-section-end\"><\/span><\/h3>\n\n\n\n<p>W \u015brodku zimy, gdy temperatury spadaj\u0105 sporo poni\u017cej zera, a s\u0142o\u0144ce bawi si\u0119 z nami w chowanego, najlepsze b\u0119dzie po\u0142\u0105czenie puch\u00f3wka (wype\u0142niona puchem naturalnym lub syntetycznym) oraz hardshell. Puch (ocieplina) dobrze b\u0119dzie izolowa\u0107 przed utrat\u0105 ciep\u0142a, a hardshell zapewni ochron\u0119 przed podmuchami wiatru lub opadami \u015bniegu. Poniewa\u017c taki zestaw musi dawa\u0107 komfort podczas jazdy, kurtka ocieplana musi by\u0107 dopasowana, jednocze\u015bnie nie mo\u017ce by\u0107 zbyt gruba. Dobrze sprawdzi si\u0119 np. popularny model kurtki Rab Microlight Alpine wype\u0142niony puchem 700 cui.<\/p>\n\n\n\n<p><mark style=\"background-color:rgba(0, 0, 0, 0)\" class=\"has-inline-color has-vivid-cyan-blue-color\">O kurtce Microlight Alpine wi\u0119cej przeczytasz w <strong><a href=\"https:\/\/www.skalnik.pl\/blog\/kurtka-rab-microlight-alpine-kultowa-i-coraz-lepsza\/\" target=\"_blank\" rel=\"noreferrer noopener\">tym artykule<\/a><\/strong>. <\/mark><\/p>\n\n\n\n<p>S\u0105 te\u017c gotowe producenckie zestawy, tzw. kurtki 3 w 1, kt\u00f3re odzwierciedlaj\u0105 ide\u0119 komponowania odzie\u017cy wed\u0142ug w\u0142asnych upodoba\u0144 czy warunk\u00f3w atmosferycznych. Kurtka 3 w 1&nbsp;to kurtka zimowa stworzona z kompletu: hardshella i podpinki (bluza ze sztuczn\u0105 ocieplin\u0105 np. Minimalist Component). Zalet\u0105 tego rozwi\u0105zania jest fakt, \u017ce kurtki idealnie do siebie pasuj\u0105, maj\u0105 bowiem specjalne zamki, kt\u00f3re pozwalaj\u0105 dopi\u0105\u0107 do kurtki zewn\u0119trznej podpink\u0119. Jednocze\u015bnie zar\u00f3wno hardshell jak i podpink\u0119 mo\u017cna te\u017c nosi\u0107 niezale\u017cnie od siebie. Za wad\u0119 mo\u017cna uzna\u0107 jedynie wag\u0119 &#8211; hardshell z dodatkowymi zamkami jest troch\u0119 ci\u0119\u017cszy od tradycyjnego modelu, w kt\u00f3rym ich po prostu nie ma.<\/p>\n\n\n<div class=\"wp-block-image\">\n<figure class=\"aligncenter size-large\"><img loading=\"lazy\" decoding=\"async\" width=\"1024\" height=\"683\" src=\"https:\/\/www.skalnik.pl\/blog\/wp-content\/uploads\/2023\/02\/bd-sniezyca.jpg\" alt=\"osoba na nartach w zamieci \u015bnie\u017cnej\" class=\"wp-image-22211\" srcset=\"https:\/\/www.skalnik.pl\/blog\/wp-content\/uploads\/2023\/02\/bd-sniezyca.jpg 1024w, https:\/\/www.skalnik.pl\/blog\/wp-content\/uploads\/2023\/02\/bd-sniezyca-300x200.jpg 300w, https:\/\/www.skalnik.pl\/blog\/wp-content\/uploads\/2023\/02\/bd-sniezyca-768x512.jpg 768w\" sizes=\"auto, (max-width: 1024px) 100vw, 1024px\" \/><figcaption class=\"wp-element-caption\"><em>W \u015bnie\u017cycy i zamieci najlepiej sprawdzi si\u0119 hardshell, kt\u00f3ry ochroni przed wilgoci\u0105 i wiatrem (fot. Black Diamond)<\/em><\/figcaption><\/figure>\n<\/div>\n\n\n<p>Je\u015bli zima jest nieco bardziej \u0142askawa, mo\u017cemy zmieni\u0107 warstw\u0119 docieplaj\u0105c\u0105 z puch\u00f3wki na kurtk\u0119 polarow\u0105 lub hybrydow\u0105 lub ciep\u0142\u0105 bluz\u0119 np. PowerStretch. Te rozwi\u0105zania s\u0105 cie\u0144sze, ale wci\u0105\u017c zapewniaj\u0105 dobr\u0105 termik\u0119 szczeg\u00f3lnie wtedy, gdy nie marzniesz szybko i cz\u0119sto pozostajesz w ruchu.&nbsp;<\/p>\n\n\n\n<h3 class=\"wp-block-heading\"><span class=\"ez-toc-section\" id=\"Lagodna_zima_lub_narty_wiosna\"><\/span>\u0141agodna zima lub narty wiosn\u0105<span class=\"ez-toc-section-end\"><\/span><\/h3>\n\n\n\n<p>Nie ma nic przyjemniejszego ni\u017c szusowanie pod b\u0142\u0119kitnym niebem w promieniach zimowego lub wiosennego s\u0142o\u0144ca. Kurtka narciarska na takie warunki? Lekka, dobrze odprowadzaj\u0105ca nadmiar ciep\u0142a. Dlatego te\u017c na takim wiosennym szusowaniu w roli kurtki narciarskiej znakomicie sprawdzi si\u0119 softshell, kt\u00f3ry \u0142\u0105czy w sobie dobr\u0105 termik\u0119 i ochron\u0119 przed wiatrem. Jednocze\u015bnie jest dobrze dopasowany, nie kr\u0119puje ruch\u00f3w i niewiele wa\u017cy.&nbsp;<\/p>\n\n\n\n<p><mark style=\"background-color:rgba(0, 0, 0, 0)\" class=\"has-inline-color has-vivid-cyan-blue-color\">Zobacz <strong><a href=\"https:\/\/www.skalnik.pl\/odziez-odziez-meska-odziez-meska-kurtki-softshell\" target=\"_blank\" rel=\"noopener\" title=\"\">kurtki softshell m\u0119skie<\/a><\/strong> lub <strong><a href=\"https:\/\/www.skalnik.pl\/odziez-odziez-damska-odziez-damska-kurtki-softshell\" target=\"_blank\" rel=\"noopener\" title=\"\">kurtki softshell damskie<\/a><\/strong>.<\/mark><\/p>\n\n\n<div class=\"wp-block-image\">\n<figure class=\"aligncenter size-large\"><img loading=\"lazy\" decoding=\"async\" width=\"1024\" height=\"642\" src=\"https:\/\/www.skalnik.pl\/blog\/wp-content\/uploads\/2023\/02\/marmot-poprawianie-gogli.jpg\" alt=\"narciarz poprawiaj\u0105cy gogle\" class=\"wp-image-22213\" srcset=\"https:\/\/www.skalnik.pl\/blog\/wp-content\/uploads\/2023\/02\/marmot-poprawianie-gogli.jpg 1024w, https:\/\/www.skalnik.pl\/blog\/wp-content\/uploads\/2023\/02\/marmot-poprawianie-gogli-300x188.jpg 300w, https:\/\/www.skalnik.pl\/blog\/wp-content\/uploads\/2023\/02\/marmot-poprawianie-gogli-768x482.jpg 768w\" sizes=\"auto, (max-width: 1024px) 100vw, 1024px\" \/><figcaption class=\"wp-element-caption\"><em>Kurtka narciarska nie mo\u017ce kr\u0119powa\u0107 ruch\u00f3w (fot. Marmot)<\/em><\/figcaption><\/figure>\n<\/div>\n\n\n<p>Model Marmot ROM Hoody jest na tyle uniwersalny, \u017ce do gamy aktywno\u015bci, w kt\u00f3rych b\u0119dzie dobrym kompanem, z powodzeniem mo\u017cna doda\u0107 tak\u017ce narty.<\/p>\n\n\n\n<h2 class=\"wp-block-heading\"><span class=\"ez-toc-section\" id=\"Czym_sie_rozni_kurtka_narciarska_od_kurtki_zimowej\"><\/span>Czym si\u0119 r\u00f3\u017cni kurtka narciarska od kurtki zimowej<span class=\"ez-toc-section-end\"><\/span><\/h2>\n\n\n\n<p>Ju\u017c na pierwszy rzut oka wida\u0107 r\u00f3\u017cnice, niezale\u017cnie od tego czy b\u0119dziemy por\u00f3wnywa\u0107 kurtk\u0119 zimow\u0105 (miejsk\u0105) z kurtk\u0105 turystyczn\u0105 czy narciarsk\u0105. Kurtka zimowa zazwyczaj bywa obszerna (\u017ceby zmie\u015bci\u0107 pod spodem grube warstwy odzie\u017cy), przed\u0142u\u017cana (\u017ceby lepiej chroni\u0107 nie tylko plecy, ale tak\u017ce po\u015bladki czy uda) i ci\u0119\u017cka (bo wype\u0142niona jest nie delikatnym puchem, lecz pierzem).&nbsp;<\/p>\n\n\n\n<p>Je\u015bli po\u0142\u0105czymy te trzy cechy ze sob\u0105 \u0142atwo przekonamy si\u0119, \u017ce nie ma mowy o wygodnej je\u017adzie na nartach. Kurtka zimowa (parka) to odzie\u017c miejska, spacerowa i tak te\u017c powinna by\u0107 u\u017cytkowana.<\/p>\n\n\n\n<h2 class=\"wp-block-heading\"><span class=\"ez-toc-section\" id=\"Jak_dobrac_kurtke_narciarska\"><\/span>Jak dobra\u0107 kurtk\u0119 narciarsk\u0105<span class=\"ez-toc-section-end\"><\/span><\/h2>\n\n\n\n<p>Przede wszystkim kieruj si\u0119 wygod\u0105 oraz w\u0142asnym organizmem i jego odczuwaniem ciep\u0142a i zimna. Narciarze kochaj\u0105 zim\u0119, ale bywa to mi\u0142o\u015b\u0107 bardzo ch\u0142odna. Je\u015bli cz\u0119\u015bciej marzniesz warto zastanowi\u0107 si\u0119 nad zestawem daj\u0105cym optymaln\u0105 termik\u0119. Hardshell i puch\u00f3wka lub polar sprawdz\u0105 si\u0119 w wi\u0119kszo\u015bci warunk\u00f3w. Z kolei gdy na nartach jest ci wiecznie ciep\u0142o zdecyduj si\u0119 raczej na softshell. Pami\u0119taj te\u017c o warstwie po\u015bredniej, o kt\u00f3rej te\u017c warto pomy\u015ble\u0107 pakuj\u0105c narciarski ekwipunek. Bielizna merino, termoaktywna, docieplenie bluz\u0105 PowerStretch &#8211; zestawy mo\u017cna mno\u017cy\u0107.<\/p>\n\n\n<div class=\"wp-block-image\">\n<figure class=\"aligncenter size-large\"><img loading=\"lazy\" decoding=\"async\" width=\"1024\" height=\"575\" src=\"https:\/\/www.skalnik.pl\/blog\/wp-content\/uploads\/2023\/02\/salewa8-dzieci.jpg\" alt=\"dwoje dzieci na nartach opartych o kije stoi na stoku\" class=\"wp-image-22214\" srcset=\"https:\/\/www.skalnik.pl\/blog\/wp-content\/uploads\/2023\/02\/salewa8-dzieci.jpg 1024w, https:\/\/www.skalnik.pl\/blog\/wp-content\/uploads\/2023\/02\/salewa8-dzieci-300x168.jpg 300w, https:\/\/www.skalnik.pl\/blog\/wp-content\/uploads\/2023\/02\/salewa8-dzieci-768x431.jpg 768w\" sizes=\"auto, (max-width: 1024px) 100vw, 1024px\" \/><figcaption class=\"wp-element-caption\"><em>Puch\u00f3wki sprawdzaj\u0105 si\u0119 w roli kurtki narciarskiej (fot. Salewa)<\/em><\/figcaption><\/figure>\n<\/div>\n\n\n<p>Specjalne kurtki narciarskie maj\u0105 pewne praktyczne konstrukcyjne rozwi\u0105zania. Niekt\u00f3rych nie znajdziemy w kurtkach turystycznych, ale to nie pow\u00f3d do zmartwie\u0144. Po prostu troch\u0119 inaczej trzeba spojrze\u0107 na budow\u0119 kurtki i zastanowi\u0107 si\u0119 chwilk\u0119, jak wykorzysta\u0107 jej budow\u0119 na stoku.<\/p>\n\n\n\n<ul class=\"wp-block-list\">\n<li><strong>kiesze\u0144 na skipass<\/strong> \u2013 w kurtkach typowo narciarskich znajduje si\u0119 na lewym nadgarstku, ale spokojnie karnet mo\u017cna schowa\u0107 w kieszeni piersiowej (zewn\u0119trznej lub wewn\u0119trznej) \u2013 wa\u017cne, by by\u0142a to kiesze\u0144 umieszczona z lewej strony, bo najcz\u0119\u015bciej tam s\u0105 umieszczone czytniki skipass\u00f3w;<\/li>\n\n\n\n<li><strong>obszerny kaptur<\/strong> na kask z regulacj\u0105 \u2013 nie ma z\u0142ej pogody na narty powiedz\u0105 starzy wyjadacze, potrzebne s\u0105 wtedy dobre gogle i dobry ubi\u00f3r. Najlepiej je\u015bli kaptur w kurtce hardshell b\u0119dzie na tyle obszerny, \u017ce zmie\u015bci si\u0119 pod nim kask narciarski;<\/li>\n\n\n\n<li><strong>regulowane mankiety<\/strong> &#8211; ewentualnie mankiety dobrze dopasowane do nadgarstk\u00f3w, na kt\u00f3re mo\u017cna bez trudu naci\u0105gn\u0105\u0107 r\u0119kawice, tak by \u017caden podmuch podczas zjazdu nie wyzi\u0119bia\u0142 ci\u0119 dodatkowo;<\/li>\n\n\n\n<li><strong>fartuch przeciw\u015bnie\u017cny<\/strong> &#8211; w kurtkach narciarskich teoretycznie zapobiega dostaniu si\u0119 \u015bniegu do wn\u0119trza podczasu upadku; w praktyce wystarczy dobrze dopasowa\u0107 dolny obw\u00f3d kurtki a tak\u017ce pogodzi\u0107 si\u0119 z tym, \u017ce upadek na nartach to bliskie spotkanie ze \u015bniegiem.<\/li>\n<\/ul>\n\n\n\n<hr class=\"wp-block-separator has-css-opacity is-style-dots\"\/>\n\n\n\n<p>Wybieraj\u0105c kurtk\u0119 na narty kieruj si\u0119 zatem jej przeznaczeniem i budow\u0105. Jak widzisz, wiele modeli turystycznych, przy odpowiednim dopasowaniu warstw, sprawdzi si\u0119 tak\u017ce przy szusowaniu na stoku. <\/p>\n","protected":false},"excerpt":{"rendered":"<p>Czy kurtka narciarska to wyposa\u017cenie obowi\u0105zkowe? A mo\u017ce w tej roli lepiej sprawdz\u0105 si\u0119 kurtki turystyczne? Sprawd\u017a!<\/p>\n","protected":false},"author":9,"featured_media":22210,"comment_status":"open","ping_status":"open","sticky":false,"template":"","format":"standard","meta":{"_acf_changed":false,"footnotes":""},"categories":[3],"tags":[16],"magento_category":[],"magento_product":[],"class_list":["post-22175","post","type-post","status-publish","format-standard","has-post-thumbnail","hentry","category-porady","tag-zima"],"acf":[],"aioseo_notices":[],"aioseo_head":"\n\t\t<!-- All in One SEO 4.9.10 - aioseo.com -->\n\t<meta name=\"description\" content=\"Kurtka turystyczna z powodzeniem sprawdzi si\u0119 tak\u017ce jako kurtka narciarska. Wa\u017cne, \u017ceby by\u0142a wygodna i odpowiednia na warunki pogodowe na stoku.\" \/>\n\t<meta name=\"robots\" content=\"max-image-preview:large\" \/>\n\t<meta name=\"author\" content=\"Beata Nawrotkiewicz\"\/>\n\t<link rel=\"canonical\" href=\"https:\/\/www.skalnik.pl\/blog\/jaka-kurtke-na-narty-wybrac\/\" \/>\n\t<meta name=\"generator\" content=\"All in One SEO (AIOSEO) 4.9.10\" \/>\n\t\t<meta property=\"og:locale\" content=\"pl_PL\" \/>\n\t\t<meta property=\"og:site_name\" content=\"blog Skalnik - Blog, porady, artyku\u0142y - blog Skalnik\" \/>\n\t\t<meta property=\"og:type\" content=\"article\" \/>\n\t\t<meta property=\"og:title\" content=\"Jak\u0105 kurtk\u0119 na narty wybra\u0107 - blog Skalnik\" \/>\n\t\t<meta property=\"og:description\" content=\"Kurtka turystyczna z powodzeniem sprawdzi si\u0119 tak\u017ce jako kurtka narciarska. Wa\u017cne, \u017ceby by\u0142a wygodna i odpowiednia na warunki pogodowe na stoku.\" \/>\n\t\t<meta property=\"og:url\" content=\"https:\/\/www.skalnik.pl\/blog\/jaka-kurtke-na-narty-wybrac\/\" \/>\n\t\t<meta property=\"og:image\" content=\"https:\/\/www.skalnik.pl\/blog\/wp-content\/uploads\/2023\/02\/salewa4-zjazd.jpg\" \/>\n\t\t<meta property=\"og:image:secure_url\" content=\"https:\/\/www.skalnik.pl\/blog\/wp-content\/uploads\/2023\/02\/salewa4-zjazd.jpg\" \/>\n\t\t<meta property=\"og:image:width\" content=\"1024\" \/>\n\t\t<meta property=\"og:image:height\" content=\"575\" \/>\n\t\t<meta property=\"article:tag\" content=\"porady\" \/>\n\t\t<meta property=\"article:tag\" content=\"zima\" \/>\n\t\t<meta property=\"article:published_time\" content=\"2023-02-15T12:19:00+00:00\" \/>\n\t\t<meta property=\"article:modified_time\" content=\"2024-06-19T06:32:27+00:00\" \/>\n\t\t<meta name=\"twitter:card\" content=\"summary_large_image\" \/>\n\t\t<meta name=\"twitter:title\" content=\"Jak\u0105 kurtk\u0119 na narty wybra\u0107 - blog Skalnik\" \/>\n\t\t<meta name=\"twitter:description\" content=\"Kurtka turystyczna z powodzeniem sprawdzi si\u0119 tak\u017ce jako kurtka narciarska. Wa\u017cne, \u017ceby by\u0142a wygodna i odpowiednia na warunki pogodowe na stoku.\" \/>\n\t\t<meta name=\"twitter:image\" content=\"https:\/\/www.skalnik.pl\/blog\/wp-content\/uploads\/2023\/02\/salewa4-zjazd.jpg\" \/>\n\t\t<script type=\"application\/ld+json\" class=\"aioseo-schema\">\n\t\t\t{\"@context\":\"https:\\\/\\\/schema.org\",\"@graph\":[{\"@type\":\"BlogPosting\",\"@id\":\"https:\\\/\\\/www.skalnik.pl\\\/blog\\\/jaka-kurtke-na-narty-wybrac\\\/#blogposting\",\"name\":\"Jak\\u0105 kurtk\\u0119 na narty wybra\\u0107 - blog Skalnik\",\"headline\":\"Jak\\u0105 kurtk\\u0119 na narty wybra\\u0107\",\"author\":{\"@id\":\"https:\\\/\\\/www.skalnik.pl\\\/blog\\\/author\\\/beata-nawrotkiewicz\\\/#author\"},\"publisher\":{\"@id\":\"https:\\\/\\\/www.skalnik.pl\\\/blog\\\/#organization\"},\"image\":{\"@type\":\"ImageObject\",\"url\":\"https:\\\/\\\/www.skalnik.pl\\\/blog\\\/wp-content\\\/uploads\\\/2023\\\/02\\\/tytu\\u0142owe-bd.jpg\",\"width\":1920,\"height\":705,\"caption\":\"osoba w kasku i goglach trzymaj\\u0105ca na ramieniu narty\"},\"datePublished\":\"2023-02-15T13:19:00+02:00\",\"dateModified\":\"2024-06-19T08:32:27+02:00\",\"inLanguage\":\"pl-PL\",\"mainEntityOfPage\":{\"@id\":\"https:\\\/\\\/www.skalnik.pl\\\/blog\\\/jaka-kurtke-na-narty-wybrac\\\/#webpage\"},\"isPartOf\":{\"@id\":\"https:\\\/\\\/www.skalnik.pl\\\/blog\\\/jaka-kurtke-na-narty-wybrac\\\/#webpage\"},\"articleSection\":\"Porady, zima\"},{\"@type\":\"BreadcrumbList\",\"@id\":\"https:\\\/\\\/www.skalnik.pl\\\/blog\\\/jaka-kurtke-na-narty-wybrac\\\/#breadcrumblist\",\"itemListElement\":[{\"@type\":\"ListItem\",\"@id\":\"https:\\\/\\\/www.skalnik.pl\\\/blog#listItem\",\"position\":1,\"name\":\"Home\",\"item\":\"https:\\\/\\\/www.skalnik.pl\\\/blog\",\"nextItem\":{\"@type\":\"ListItem\",\"@id\":\"https:\\\/\\\/www.skalnik.pl\\\/blog\\\/.\\\/porady\\\/#listItem\",\"name\":\"Porady\"}},{\"@type\":\"ListItem\",\"@id\":\"https:\\\/\\\/www.skalnik.pl\\\/blog\\\/.\\\/porady\\\/#listItem\",\"position\":2,\"name\":\"Porady\",\"item\":\"https:\\\/\\\/www.skalnik.pl\\\/blog\\\/.\\\/porady\\\/\",\"nextItem\":{\"@type\":\"ListItem\",\"@id\":\"https:\\\/\\\/www.skalnik.pl\\\/blog\\\/jaka-kurtke-na-narty-wybrac\\\/#listItem\",\"name\":\"Jak\\u0105 kurtk\\u0119 na narty wybra\\u0107\"},\"previousItem\":{\"@type\":\"ListItem\",\"@id\":\"https:\\\/\\\/www.skalnik.pl\\\/blog#listItem\",\"name\":\"Home\"}},{\"@type\":\"ListItem\",\"@id\":\"https:\\\/\\\/www.skalnik.pl\\\/blog\\\/jaka-kurtke-na-narty-wybrac\\\/#listItem\",\"position\":3,\"name\":\"Jak\\u0105 kurtk\\u0119 na narty wybra\\u0107\",\"previousItem\":{\"@type\":\"ListItem\",\"@id\":\"https:\\\/\\\/www.skalnik.pl\\\/blog\\\/.\\\/porady\\\/#listItem\",\"name\":\"Porady\"}}]},{\"@type\":\"Organization\",\"@id\":\"https:\\\/\\\/www.skalnik.pl\\\/blog\\\/#organization\",\"name\":\"blog Skalnik\",\"description\":\"Blog, porady, artyku\\u0142y - blog Skalnik\",\"url\":\"https:\\\/\\\/www.skalnik.pl\\\/blog\\\/\"},{\"@type\":\"Person\",\"@id\":\"https:\\\/\\\/www.skalnik.pl\\\/blog\\\/author\\\/beata-nawrotkiewicz\\\/#author\",\"url\":\"https:\\\/\\\/www.skalnik.pl\\\/blog\\\/author\\\/beata-nawrotkiewicz\\\/\",\"name\":\"Beata Nawrotkiewicz\",\"image\":{\"@type\":\"ImageObject\",\"@id\":\"https:\\\/\\\/www.skalnik.pl\\\/blog\\\/jaka-kurtke-na-narty-wybrac\\\/#authorImage\",\"url\":\"https:\\\/\\\/secure.gravatar.com\\\/avatar\\\/53cf81cfcc3a81694535515925ffcf159be725e8bd1fb455eeb9e2cadcaa5684?s=96&d=mm&r=g\",\"width\":96,\"height\":96,\"caption\":\"Beata Nawrotkiewicz\"}},{\"@type\":\"WebPage\",\"@id\":\"https:\\\/\\\/www.skalnik.pl\\\/blog\\\/jaka-kurtke-na-narty-wybrac\\\/#webpage\",\"url\":\"https:\\\/\\\/www.skalnik.pl\\\/blog\\\/jaka-kurtke-na-narty-wybrac\\\/\",\"name\":\"Jak\\u0105 kurtk\\u0119 na narty wybra\\u0107 - blog Skalnik\",\"description\":\"Kurtka turystyczna z powodzeniem sprawdzi si\\u0119 tak\\u017ce jako kurtka narciarska. Wa\\u017cne, \\u017ceby by\\u0142a wygodna i odpowiednia na warunki pogodowe na stoku.\",\"inLanguage\":\"pl-PL\",\"isPartOf\":{\"@id\":\"https:\\\/\\\/www.skalnik.pl\\\/blog\\\/#website\"},\"breadcrumb\":{\"@id\":\"https:\\\/\\\/www.skalnik.pl\\\/blog\\\/jaka-kurtke-na-narty-wybrac\\\/#breadcrumblist\"},\"author\":{\"@id\":\"https:\\\/\\\/www.skalnik.pl\\\/blog\\\/author\\\/beata-nawrotkiewicz\\\/#author\"},\"creator\":{\"@id\":\"https:\\\/\\\/www.skalnik.pl\\\/blog\\\/author\\\/beata-nawrotkiewicz\\\/#author\"},\"image\":{\"@type\":\"ImageObject\",\"url\":\"https:\\\/\\\/www.skalnik.pl\\\/blog\\\/wp-content\\\/uploads\\\/2023\\\/02\\\/tytu\\u0142owe-bd.jpg\",\"@id\":\"https:\\\/\\\/www.skalnik.pl\\\/blog\\\/jaka-kurtke-na-narty-wybrac\\\/#mainImage\",\"width\":1920,\"height\":705,\"caption\":\"osoba w kasku i goglach trzymaj\\u0105ca na ramieniu narty\"},\"primaryImageOfPage\":{\"@id\":\"https:\\\/\\\/www.skalnik.pl\\\/blog\\\/jaka-kurtke-na-narty-wybrac\\\/#mainImage\"},\"datePublished\":\"2023-02-15T13:19:00+02:00\",\"dateModified\":\"2024-06-19T08:32:27+02:00\"},{\"@type\":\"WebSite\",\"@id\":\"https:\\\/\\\/www.skalnik.pl\\\/blog\\\/#website\",\"url\":\"https:\\\/\\\/www.skalnik.pl\\\/blog\\\/\",\"name\":\"blog Skalnik\",\"description\":\"Blog, porady, artyku\\u0142y - blog Skalnik\",\"inLanguage\":\"pl-PL\",\"publisher\":{\"@id\":\"https:\\\/\\\/www.skalnik.pl\\\/blog\\\/#organization\"}}]}\n\t\t<\/script>\n\t\t<!-- All in One SEO -->\n\n","aioseo_head_json":{"title":"Jak\u0105 kurtk\u0119 na narty wybra\u0107 - blog Skalnik","description":"Kurtka turystyczna z powodzeniem sprawdzi si\u0119 tak\u017ce jako kurtka narciarska. Wa\u017cne, \u017ceby by\u0142a wygodna i odpowiednia na warunki pogodowe na stoku.","canonical_url":"https:\/\/www.skalnik.pl\/blog\/jaka-kurtke-na-narty-wybrac\/","robots":"max-image-preview:large","keywords":"","webmasterTools":{"miscellaneous":""},"schema":{"@context":"https:\/\/schema.org","@graph":[{"@type":"BlogPosting","@id":"https:\/\/www.skalnik.pl\/blog\/jaka-kurtke-na-narty-wybrac\/#blogposting","name":"Jak\u0105 kurtk\u0119 na narty wybra\u0107 - blog Skalnik","headline":"Jak\u0105 kurtk\u0119 na narty wybra\u0107","author":{"@id":"https:\/\/www.skalnik.pl\/blog\/author\/beata-nawrotkiewicz\/#author"},"publisher":{"@id":"https:\/\/www.skalnik.pl\/blog\/#organization"},"image":{"@type":"ImageObject","url":"https:\/\/www.skalnik.pl\/blog\/wp-content\/uploads\/2023\/02\/tytu\u0142owe-bd.jpg","width":1920,"height":705,"caption":"osoba w kasku i goglach trzymaj\u0105ca na ramieniu narty"},"datePublished":"2023-02-15T13:19:00+02:00","dateModified":"2024-06-19T08:32:27+02:00","inLanguage":"pl-PL","mainEntityOfPage":{"@id":"https:\/\/www.skalnik.pl\/blog\/jaka-kurtke-na-narty-wybrac\/#webpage"},"isPartOf":{"@id":"https:\/\/www.skalnik.pl\/blog\/jaka-kurtke-na-narty-wybrac\/#webpage"},"articleSection":"Porady, zima"},{"@type":"BreadcrumbList","@id":"https:\/\/www.skalnik.pl\/blog\/jaka-kurtke-na-narty-wybrac\/#breadcrumblist","itemListElement":[{"@type":"ListItem","@id":"https:\/\/www.skalnik.pl\/blog#listItem","position":1,"name":"Home","item":"https:\/\/www.skalnik.pl\/blog","nextItem":{"@type":"ListItem","@id":"https:\/\/www.skalnik.pl\/blog\/.\/porady\/#listItem","name":"Porady"}},{"@type":"ListItem","@id":"https:\/\/www.skalnik.pl\/blog\/.\/porady\/#listItem","position":2,"name":"Porady","item":"https:\/\/www.skalnik.pl\/blog\/.\/porady\/","nextItem":{"@type":"ListItem","@id":"https:\/\/www.skalnik.pl\/blog\/jaka-kurtke-na-narty-wybrac\/#listItem","name":"Jak\u0105 kurtk\u0119 na narty wybra\u0107"},"previousItem":{"@type":"ListItem","@id":"https:\/\/www.skalnik.pl\/blog#listItem","name":"Home"}},{"@type":"ListItem","@id":"https:\/\/www.skalnik.pl\/blog\/jaka-kurtke-na-narty-wybrac\/#listItem","position":3,"name":"Jak\u0105 kurtk\u0119 na narty wybra\u0107","previousItem":{"@type":"ListItem","@id":"https:\/\/www.skalnik.pl\/blog\/.\/porady\/#listItem","name":"Porady"}}]},{"@type":"Organization","@id":"https:\/\/www.skalnik.pl\/blog\/#organization","name":"blog Skalnik","description":"Blog, porady, artyku\u0142y - blog Skalnik","url":"https:\/\/www.skalnik.pl\/blog\/"},{"@type":"Person","@id":"https:\/\/www.skalnik.pl\/blog\/author\/beata-nawrotkiewicz\/#author","url":"https:\/\/www.skalnik.pl\/blog\/author\/beata-nawrotkiewicz\/","name":"Beata Nawrotkiewicz","image":{"@type":"ImageObject","@id":"https:\/\/www.skalnik.pl\/blog\/jaka-kurtke-na-narty-wybrac\/#authorImage","url":"https:\/\/secure.gravatar.com\/avatar\/53cf81cfcc3a81694535515925ffcf159be725e8bd1fb455eeb9e2cadcaa5684?s=96&d=mm&r=g","width":96,"height":96,"caption":"Beata Nawrotkiewicz"}},{"@type":"WebPage","@id":"https:\/\/www.skalnik.pl\/blog\/jaka-kurtke-na-narty-wybrac\/#webpage","url":"https:\/\/www.skalnik.pl\/blog\/jaka-kurtke-na-narty-wybrac\/","name":"Jak\u0105 kurtk\u0119 na narty wybra\u0107 - blog Skalnik","description":"Kurtka turystyczna z powodzeniem sprawdzi si\u0119 tak\u017ce jako kurtka narciarska. Wa\u017cne, \u017ceby by\u0142a wygodna i odpowiednia na warunki pogodowe na stoku.","inLanguage":"pl-PL","isPartOf":{"@id":"https:\/\/www.skalnik.pl\/blog\/#website"},"breadcrumb":{"@id":"https:\/\/www.skalnik.pl\/blog\/jaka-kurtke-na-narty-wybrac\/#breadcrumblist"},"author":{"@id":"https:\/\/www.skalnik.pl\/blog\/author\/beata-nawrotkiewicz\/#author"},"creator":{"@id":"https:\/\/www.skalnik.pl\/blog\/author\/beata-nawrotkiewicz\/#author"},"image":{"@type":"ImageObject","url":"https:\/\/www.skalnik.pl\/blog\/wp-content\/uploads\/2023\/02\/tytu\u0142owe-bd.jpg","@id":"https:\/\/www.skalnik.pl\/blog\/jaka-kurtke-na-narty-wybrac\/#mainImage","width":1920,"height":705,"caption":"osoba w kasku i goglach trzymaj\u0105ca na ramieniu narty"},"primaryImageOfPage":{"@id":"https:\/\/www.skalnik.pl\/blog\/jaka-kurtke-na-narty-wybrac\/#mainImage"},"datePublished":"2023-02-15T13:19:00+02:00","dateModified":"2024-06-19T08:32:27+02:00"},{"@type":"WebSite","@id":"https:\/\/www.skalnik.pl\/blog\/#website","url":"https:\/\/www.skalnik.pl\/blog\/","name":"blog Skalnik","description":"Blog, porady, artyku\u0142y - blog Skalnik","inLanguage":"pl-PL","publisher":{"@id":"https:\/\/www.skalnik.pl\/blog\/#organization"}}]},"og:locale":"pl_PL","og:site_name":"blog Skalnik - Blog, porady, artyku\u0142y - blog Skalnik","og:type":"article","og:title":"Jak\u0105 kurtk\u0119 na narty wybra\u0107 - blog Skalnik","og:description":"Kurtka turystyczna z powodzeniem sprawdzi si\u0119 tak\u017ce jako kurtka narciarska. Wa\u017cne, \u017ceby by\u0142a wygodna i odpowiednia na warunki pogodowe na stoku.","og:url":"https:\/\/www.skalnik.pl\/blog\/jaka-kurtke-na-narty-wybrac\/","og:image":"https:\/\/www.skalnik.pl\/blog\/wp-content\/uploads\/2023\/02\/salewa4-zjazd.jpg","og:image:secure_url":"https:\/\/www.skalnik.pl\/blog\/wp-content\/uploads\/2023\/02\/salewa4-zjazd.jpg","og:image:width":1024,"og:image:height":575,"article:tag":["porady","zima"],"article:published_time":"2023-02-15T12:19:00+00:00","article:modified_time":"2024-06-19T06:32:27+00:00","twitter:card":"summary_large_image","twitter:title":"Jak\u0105 kurtk\u0119 na narty wybra\u0107 - blog Skalnik","twitter:description":"Kurtka turystyczna z powodzeniem sprawdzi si\u0119 tak\u017ce jako kurtka narciarska. Wa\u017cne, \u017ceby by\u0142a wygodna i odpowiednia na warunki pogodowe na stoku.","twitter:image":"https:\/\/www.skalnik.pl\/blog\/wp-content\/uploads\/2023\/02\/salewa4-zjazd.jpg"},"aioseo_meta_data":{"post_id":"22175","title":null,"description":"Kurtka turystyczna z powodzeniem sprawdzi si\u0119 tak\u017ce jako kurtka narciarska. Wa\u017cne, \u017ceby by\u0142a wygodna i odpowiednia na warunki pogodowe na stoku.","keywords":[],"keyphrases":{"focus":{"keyphrase":"","score":0,"analysis":{"keyphraseInTitle":{"score":0,"maxScore":9,"error":1}}},"additional":[]},"primary_term":null,"canonical_url":null,"og_title":null,"og_description":null,"og_object_type":"default","og_image_type":"default","og_image_url":null,"og_image_width":null,"og_image_height":null,"og_image_custom_url":null,"og_image_custom_fields":null,"og_video":"","og_custom_url":null,"og_article_section":null,"og_article_tags":[],"twitter_use_og":false,"twitter_card":"default","twitter_image_type":"default","twitter_image_url":null,"twitter_image_custom_url":null,"twitter_image_custom_fields":null,"twitter_title":null,"twitter_description":null,"schema":{"blockGraphs":[],"customGraphs":[],"default":{"data":{"Article":[],"Course":[],"Dataset":[],"FAQPage":[],"Movie":[],"Person":[],"Product":[],"ProductReview":[],"Car":[],"Recipe":[],"Service":[],"SoftwareApplication":[],"WebPage":[]},"graphName":"","isEnabled":true},"graphs":[]},"schema_type":"default","schema_type_options":null,"pillar_content":false,"robots_default":true,"robots_noindex":false,"robots_noarchive":false,"robots_nosnippet":false,"robots_nofollow":false,"robots_noimageindex":false,"robots_noodp":false,"robots_notranslate":false,"robots_max_snippet":"-1","robots_max_videopreview":"-1","robots_max_imagepreview":"large","priority":null,"frequency":"default","local_seo":null,"breadcrumb_settings":null,"limit_modified_date":false,"ai":null,"created":"2023-03-21 08:55:19","updated":"2026-02-17 22:33:36","seo_analyzer_scan_date":null},"aioseo_breadcrumb":"<div class=\"aioseo-breadcrumbs\"><span class=\"aioseo-breadcrumb\">\n\t\t\t<a href=\"https:\/\/www.skalnik.pl\/blog\" title=\"Home\">Home<\/a>\n\t\t<\/span><span class=\"aioseo-breadcrumb-separator\">&raquo;<\/span><span class=\"aioseo-breadcrumb\">\n\t\t\t<a href=\"https:\/\/www.skalnik.pl\/blog\/.\/porady\/\" title=\"Porady\">Porady<\/a>\n\t\t<\/span><span class=\"aioseo-breadcrumb-separator\">&raquo;<\/span><span class=\"aioseo-breadcrumb\">\n\t\t\tJak\u0105 kurtk\u0119 na narty wybra\u0107\n\t\t<\/span><\/div>","aioseo_breadcrumb_json":[{"label":"Home","link":"https:\/\/www.skalnik.pl\/blog"},{"label":"Porady","link":"https:\/\/www.skalnik.pl\/blog\/.\/porady\/"},{"label":"Jak\u0105 kurtk\u0119 na narty wybra\u0107","link":"https:\/\/www.skalnik.pl\/blog\/jaka-kurtke-na-narty-wybrac\/"}],"_links":{"self":[{"href":"https:\/\/www.skalnik.pl\/blog\/wp-json\/wp\/v2\/posts\/22175","targetHints":{"allow":["GET"]}}],"collection":[{"href":"https:\/\/www.skalnik.pl\/blog\/wp-json\/wp\/v2\/posts"}],"about":[{"href":"https:\/\/www.skalnik.pl\/blog\/wp-json\/wp\/v2\/types\/post"}],"author":[{"embeddable":true,"href":"https:\/\/www.skalnik.pl\/blog\/wp-json\/wp\/v2\/users\/9"}],"replies":[{"embeddable":true,"href":"https:\/\/www.skalnik.pl\/blog\/wp-json\/wp\/v2\/comments?post=22175"}],"version-history":[{"count":6,"href":"https:\/\/www.skalnik.pl\/blog\/wp-json\/wp\/v2\/posts\/22175\/revisions"}],"predecessor-version":[{"id":26472,"href":"https:\/\/www.skalnik.pl\/blog\/wp-json\/wp\/v2\/posts\/22175\/revisions\/26472"}],"wp:featuredmedia":[{"embeddable":true,"href":"https:\/\/www.skalnik.pl\/blog\/wp-json\/wp\/v2\/media\/22210"}],"wp:attachment":[{"href":"https:\/\/www.skalnik.pl\/blog\/wp-json\/wp\/v2\/media?parent=22175"}],"wp:term":[{"taxonomy":"category","embeddable":true,"href":"https:\/\/www.skalnik.pl\/blog\/wp-json\/wp\/v2\/categories?post=22175"},{"taxonomy":"post_tag","embeddable":true,"href":"https:\/\/www.skalnik.pl\/blog\/wp-json\/wp\/v2\/tags?post=22175"},{"taxonomy":"magento_category","embeddable":true,"href":"https:\/\/www.skalnik.pl\/blog\/wp-json\/wp\/v2\/magento_category?post=22175"},{"taxonomy":"magento_product","embeddable":true,"href":"https:\/\/www.skalnik.pl\/blog\/wp-json\/wp\/v2\/magento_product?post=22175"}],"curies":[{"name":"wp","href":"https:\/\/api.w.org\/{rel}","templated":true}]}}