{"id":22177,"date":"2023-02-17T12:51:57","date_gmt":"2023-02-17T11:51:57","guid":{"rendered":"https:\/\/www.skalnik.pl\/blog\/?p=22177"},"modified":"2024-02-26T12:48:01","modified_gmt":"2024-02-26T10:48:01","slug":"jak-zostac-ratownikiem-gopr-odpowiada-michal-klamut-z-gopr-karkonosze-wywiad","status":"publish","type":"post","link":"https:\/\/www.skalnik.pl\/blog\/jak-zostac-ratownikiem-gopr-odpowiada-michal-klamut-z-gopr-karkonosze-wywiad\/","title":{"rendered":"Jak zosta\u0107 ratownikiem GOPR &#8211; odpowiada Micha\u0142 Klamut z GOPR Karkonosze (wywiad)"},"content":{"rendered":"\n<p><strong>Ratuj\u0105 bez wzgl\u0119du na pogod\u0119 i okoliczno\u015bci, s\u0105 \u015bwietnie wyszkoleni i zawsze gotowi do dzia\u0142a\u0144. Ratownicy GOPR, bo o nich mowa, to s\u0142u\u017cba, bez kt\u00f3rej trudno sobie wyobrazi\u0107 dzi\u015b krajobraz polskich g\u00f3r. W lutym 2023 r. wybra\u0142em si\u0119 do stacji ratunkowej Grupy Karkonoskiej GOPR w Karpaczu, by o s\u0142u\u017cbie w pogotowiu g\u00f3rskim i drodze do zostania ratownikiem porozmawia\u0107 z Micha\u0142em Klamutem.<\/strong><\/p>\n\n\n\n<hr class=\"wp-block-separator has-css-opacity is-style-dots\"\/>\n\n\n\n<p><strong>Cze\u015b\u0107 Micha\u0142, jeste\u015b ratownikiem GOPR, skialpinist\u0105, tw\u00f3rc\u0105 zawod\u00f3w skiturowych Karkonoski Vertical, jak jeszcze mo\u017cna Ci\u0119 okre\u015bli\u0107.&nbsp;<\/strong><\/p>\n\n\n\n<p>Mi\u0142o\u015bnik g\u00f3r\u2026 (\u015bmiech)<\/p>\n\n\n\n<p><strong>I ciasteczek.<\/strong><\/p>\n\n\n\n<p>Tak g\u0142\u00f3wnie ciasteczek. My\u015bl\u0119, \u017ce mo\u017cna dopowiedzie\u0107, \u017ce jestem jeszcze biegaczem i generalnie osob\u0105, kt\u00f3ra dzia\u0142a w g\u00f3rach, pracuje w nich i jest zwi\u0105zana z nimi przez ca\u0142e \u017cycie.&nbsp;<\/p>\n\n\n\n<p><strong>Jak d\u0142ugo jeste\u015b ratownikiem GOPR?&nbsp;<\/strong><\/p>\n\n\n\n<p>Sze\u015b\u0107 lat, czyli od momentu przysi\u0119gi w 2017 roku.&nbsp;<\/p>\n\n\n\n<p><strong>Jeste\u015b ratownikiem zawodowym czy ochotnikiem?<\/strong><\/p>\n\n\n\n<p>Jestem ratownikiem zawodowym.&nbsp;<\/p>\n\n\n\n<figure class=\"wp-block-image size-large\"><img loading=\"lazy\" decoding=\"async\" width=\"1024\" height=\"819\" src=\"https:\/\/www.skalnik.pl\/blog\/wp-content\/uploads\/2023\/02\/micha\u0142-klamut-wywiad-z-ratownikiem-gopr-1024x819.jpg\" alt=\"\" class=\"wp-image-22198\" srcset=\"https:\/\/www.skalnik.pl\/blog\/wp-content\/uploads\/2023\/02\/micha\u0142-klamut-wywiad-z-ratownikiem-gopr-1024x819.jpg 1024w, https:\/\/www.skalnik.pl\/blog\/wp-content\/uploads\/2023\/02\/micha\u0142-klamut-wywiad-z-ratownikiem-gopr-300x240.jpg 300w, https:\/\/www.skalnik.pl\/blog\/wp-content\/uploads\/2023\/02\/micha\u0142-klamut-wywiad-z-ratownikiem-gopr-768x614.jpg 768w, https:\/\/www.skalnik.pl\/blog\/wp-content\/uploads\/2023\/02\/micha\u0142-klamut-wywiad-z-ratownikiem-gopr-1536x1229.jpg 1536w, https:\/\/www.skalnik.pl\/blog\/wp-content\/uploads\/2023\/02\/micha\u0142-klamut-wywiad-z-ratownikiem-gopr.jpg 2000w\" sizes=\"auto, (max-width: 1024px) 100vw, 1024px\" \/><figcaption class=\"wp-element-caption\"><mark style=\"background-color:rgba(0, 0, 0, 0)\" class=\"has-inline-color has-vivid-cyan-blue-color\">Poznaj prac\u0119 ratownika z\u00a0bliska i\u00a0zobacz jak Micha\u0142 trenuje \u2013\u00a0odwied\u017a go\u00a0na Instagramie <strong><a href=\"https:\/\/www.instagram.com\/michalklamut\/\" target=\"_blank\" rel=\"noreferrer noopener\">klikaj\u0105c tutaj<\/a><\/strong>.<\/mark><\/figcaption><\/figure>\n\n\n\n<p><strong>Szybko si\u0119 nim sta\u0142e\u015b? \u0141atwo zdoby\u0107 etat w GOPR?<\/strong><\/p>\n\n\n\n<p>Nie jest to \u0142atwa sprawa. Musi by\u0107 wolny wakat. Je\u015bli jaki\u015b ratownik zwolni etat i b\u0119dzie dziura w obsadzie lub ministerstwo zwi\u0119kszy \u015brodki na kolejne etaty, to w\u00f3wczas mo\u017cna my\u015ble\u0107 o pracy jako ratownik zawodowy. Ja mia\u0142em to szcz\u0119\u015bcie, \u017ce zaraz po moim sta\u017cu kandydackim &#8211; czyli po dw\u00f3ch latach, po kt\u00f3rych z kandydata sta\u0142em si\u0119 ratownikiem ochotnikiem &#8211; jeden z koleg\u00f3w zwolni\u0142 si\u0119, by realizowa\u0107 inne swoje projekty, a ja mog\u0142em p\u0142ynnie wej\u015b\u0107 na jego miejsce.&nbsp;<\/p>\n\n\n\n<p><strong>Cofnijmy si\u0119 jednak w Twojej pami\u0119ci do pocz\u0105tk\u00f3w, bo tak naprawd\u0119 chcia\u0142em pogada\u0107 o tym, jak zosta\u0107 ratownikiem GOPR. Pewnie pami\u0119tasz drog\u0119, jak\u0105 musia\u0142e\u015b przej\u015b\u0107, by z\u0142o\u017cy\u0107 przysi\u0119g\u0119. Powiedz, ile trzeba po\u015bwi\u0119ci\u0107, \u017ceby zosta\u0107 \u201cgoprowcem\u201d?<\/strong><\/p>\n\n\n\n<p>Na pewno trzeba po\u015bwi\u0119ci\u0107 bardzo du\u017co czasu i du\u017co energii. Ju\u017c na samym pocz\u0105tku trzeba zada\u0107 sobie pytanie dlaczego chcemy to robi\u0107. Je\u017celi s\u0105 to nasze niespe\u0142nione ambicje\u2026 to my\u015bl\u0119, \u017ce nie t\u0119dy droga. Na pocz\u0105tku tej drogi trzeba przekalkulowa\u0107, ile czasu jeste\u015bmy w stanie odda\u0107 organizacji. Sam proces kandydacki to szereg szkole\u0144 i test\u00f3w. Tak naprawd\u0119 ca\u0142y ten okres dwuletni, kandydacki &#8211; kt\u00f3ry u niekt\u00f3rych os\u00f3b mo\u017ce przeci\u0105gn\u0105\u0107 si\u0119 maksymalnie do pi\u0119ciu lat &#8211; wi\u0105\u017ce si\u0119 po prostu z ci\u0119\u017ck\u0105 prac\u0105. Trzeba pozdawa\u0107 w tym okresie wszystkie egzaminy, uczestniczy\u0107 we wszystkich szkoleniach statutowych, by finalnie przyst\u0105pi\u0107 do egzaminu pierwszego stopnia w cz\u0119\u015bci letniej i zimowej. Dopiero wtedy mo\u017cna zosta\u0107 ratownikiem.&nbsp;<\/p>\n\n\n\n<p><strong>Patrz\u0105c na Was odnosi si\u0119 wra\u017cenie, \u017ce ratownicy to grupa hermetyczna, mo\u017cna powiedzie\u0107 elitarna. \u017beby wst\u0105pi\u0107 do GOPR-u trzeba mie\u0107 ratownik\u00f3w wprowadzaj\u0105cych?&nbsp;<\/strong><\/p>\n\n\n\n<p>Tak, jest taka tradycja. W ostatnich latach odst\u0105pili\u015bmy od niej troch\u0119, jednak od tego roku wracamy do tego tematu. Nie chodzi o utrudnienie dost\u0119pu do pogotowia. Chodzi o to, by przej\u015b\u0107 swego rodzaju preselekcj\u0119 na zasadzie bycia w \u015brodowisku, poznania jaki\u015b ratownik\u00f3w, kt\u00f3rzy mog\u0105 wprowadzi\u0107 ci\u0119 do organizacji, grupy nie tyle hermetycznej, ile \u0142\u0105cz\u0105cej ludzi, kt\u00f3rzy na co dzie\u0144 sobie ufaj\u0105, bo dzia\u0142aj\u0105 w r\u00f3\u017cnych warunkach. Po pierwsze, fajnie wiedzie\u0107 z kim ratujesz, z kim dzia\u0142asz. Po drugie od takich ratownik\u00f3w wprowadzaj\u0105cych ju\u017c na wst\u0119pie wiemy, z kim mamy do czynienia i kogo b\u0119dziemy szkoli\u0107 w najbli\u017cszych latach.&nbsp;<\/p>\n\n\n\n<p><mark style=\"background-color:rgba(0, 0, 0, 0)\" class=\"has-inline-color has-vivid-cyan-blue-color\">Wi\u0119cej o ratownictwie g\u00f3rskim w Polsce przeczytasz <strong><a href=\"https:\/\/www.skalnik.pl\/blog\/topr-i-gopr-ratownictwo-gorskie-w-polsce\/\" target=\"_blank\" rel=\"noreferrer noopener\">tutaj<\/a><\/strong>. <\/mark><\/p>\n\n\n<div class=\"wp-block-image\">\n<figure class=\"aligncenter size-large\"><img loading=\"lazy\" decoding=\"async\" width=\"1024\" height=\"768\" src=\"https:\/\/www.skalnik.pl\/blog\/wp-content\/uploads\/2023\/02\/ratownicy-gopr-w-\u015bcianie-skalnej.jpg\" alt=\"\" class=\"wp-image-22181\" srcset=\"https:\/\/www.skalnik.pl\/blog\/wp-content\/uploads\/2023\/02\/ratownicy-gopr-w-\u015bcianie-skalnej.jpg 1024w, https:\/\/www.skalnik.pl\/blog\/wp-content\/uploads\/2023\/02\/ratownicy-gopr-w-\u015bcianie-skalnej-300x225.jpg 300w, https:\/\/www.skalnik.pl\/blog\/wp-content\/uploads\/2023\/02\/ratownicy-gopr-w-\u015bcianie-skalnej-768x576.jpg 768w\" sizes=\"auto, (max-width: 1024px) 100vw, 1024px\" \/><figcaption class=\"wp-element-caption\"><em>Rami\u0119 w rami\u0119. W trudnych warunkach, w eksponowanym terenie. (arch. Micha\u0142a Klamuta)<\/em><\/figcaption><\/figure>\n<\/div>\n\n\n<p><strong>Jak to by\u0142o u Ciebie?<\/strong><\/p>\n\n\n\n<p>Mnie wprowadza\u0142o dw\u00f3ch koleg\u00f3w z sekcji Karpacz. Wysz\u0142o to naturalnie z tego wzgl\u0119du, \u017ce zawsze gdzie\u015b uczestniczy\u0142em blisko \u017cycia grupy. Z ch\u0142opakami z GOPR widywali\u015bmy si\u0119 w g\u00f3rach, na nartach, na skiturach. Mieszkam w Karpaczu wi\u0119c dla goprowc\u00f3w nie by\u0142em nigdy osob\u0105 znik\u0105d, kt\u00f3ra wyskoczy\u0142a z kapelusza, czy przyjecha\u0142a z Poznania (\u015bmiech). Znali\u015bmy si\u0119, podpisali mi stosowne kwity i z tym poszed\u0142em do Naczelnika. Jak wida\u0107 uda\u0142o si\u0119.&nbsp;<\/p>\n\n\n\n<p><strong>Ale przecie\u017c to si\u0119 zdarza, \u017ce ludzie z przys\u0142owiowego Poznania zostaj\u0105 ratownikami.&nbsp;<\/strong><\/p>\n\n\n\n<p>Oczywi\u015bcie, tutaj si\u0119 troszk\u0119 \u015bmieje i nie stanowi to jakiego\u015b problemu. Na pewno jednak w takim przypadku ka\u017cdy musi sobie zweryfikowa\u0107 to, dlaczego idzie do tej grupy i ile czasu jej po\u015bwi\u0119ci. Je\u015bli idzie si\u0119 tylko dlatego, \u017ce to fajnie brzmi, dobrze wygl\u0105da i mo\u017cna uczestniczy\u0107 w ciekawych szkoleniach, to nie t\u0119dy droga.&nbsp;<\/p>\n\n\n\n<p>Je\u015bli nie b\u0119dzie ci\u0119 na co dzie\u0144 w \u017cyciu grupy, to lepiej zrobi\u0107 sobie szereg szkole\u0144 komercyjnych i dzia\u0142a\u0107 po swojemu. Szkolenia, szkoleniami. Zdobywana wiedza jest bardzo wa\u017cna, ale do GOPR przychodzi si\u0119, \u017ceby dzia\u0142a\u0107, by uczestniczy\u0107 w akcjach ratunkowych i uczestniczy\u0107 w \u017cyciu grupy. Bez tego nie ma GOPR-u. W 80-90% jest to dzia\u0142alno\u015b\u0107 ochotnicza i ca\u0142a organizacja opiera si\u0119 w wi\u0119kszej mierze na dzia\u0142aniach ochotnik\u00f3w. Je\u015bli kto\u015b my\u015bli o tym, \u017ce b\u0119dzie dzia\u0142a\u0142 od czasu do czasu, wype\u0142ni jakie\u015b statutowe godziny w wymiarze 120 godzin dy\u017cur\u00f3w, to jest to ma\u0142o. My potrzebujemy os\u00f3b na ju\u017c, na teraz. Ostatnia akcja lawinowa w Bia\u0142ym Jarze dowodzi temu, \u017ce jak dzieje si\u0119 takie zdarzenie, to potrzebujemy si\u0142 i \u015brodk\u00f3w.<\/p>\n\n\n\n<p><strong>Jeste\u015b pierwszym ratownikiem w swojej rodzinie?<\/strong><\/p>\n\n\n\n<p>Nie. Tradycje ratownicze s\u0105 obecne ju\u017c obecne w mojej rodzinie d\u0142u\u017cej.&nbsp;<\/p>\n\n\n\n<iframe loading=\"lazy\" src=\"https:\/\/www.youtube.com\/embed\/dIcDCcx52Y0\" title=\"YouTube video player\" allow=\"accelerometer; autoplay; clipboard-write; encrypted-media; gyroscope; picture-in-picture; web-share\" allowfullscreen=\"\" width=\"800\" height=\"442\" frameborder=\"0\"><\/iframe>\n\n\n\n<p><strong>Egzamin wst\u0119pny do GOPR jest trudny?&nbsp;<\/strong><\/p>\n\n\n\n<p>Dla jednych jest jest bajecznie prosty, dla innych mo\u017ce by\u0107 granic\u0105 nie do przej\u015bcia. My\u015bl\u0119 \u017ce egzamin jest skonstruowany tak, by na wst\u0119pie zweryfikowa\u0107 wiedz\u0119 o terenie naszego dzia\u0142ania, podstawowe umiej\u0119tno\u015bci poruszania si\u0119 po g\u00f3rach, umiej\u0119tno\u015bci jazdy na nartach.&nbsp;<\/p>\n\n\n\n<p>Sam egzamin sk\u0142ada si\u0119 z dw\u00f3ch cz\u0119\u015bci. Cz\u0119\u015b\u0107 teoretyczna to topografia &#8211; pytamy o teren dzia\u0142ania grupy, charakterystyczne miejsca, szlaki. Tu trzeba mie\u0107 du\u017c\u0105 \u015bwiadomo\u015b\u0107. To jest temat nie do przej\u015bcia dla kogo\u015b, kto chcia\u0142by wzi\u0105\u0107 map\u0119, nauczy\u0107 si\u0119 jej na pami\u0119\u0107. Kandydat musi by\u0107 osob\u0105, kt\u00f3ra ju\u017c z t\u0105 map\u0105 by\u0142 w terenie, zna te miejsca, ma ugruntowan\u0105 w terenie wiedz\u0119. Z tak\u0105 wiedz\u0105 dopiero mo\u017cna i\u015b\u0107 na egzamin.&nbsp;<\/p>\n\n\n\n<p>Jest te\u017c druga cz\u0119\u015b\u0107 &#8211; cz\u0119\u015b\u0107 praktyczna. W tym roku jest to przej\u015bcie na skiturach, kt\u00f3re sprawdzi wydolno\u015b\u0107 i mo\u017cliwo\u015bci fizyczne kandydat\u00f3w. P\u0142ynnie egzamin przejdzie do cz\u0119\u015bci technicznej, czyli narciarstwa zjazdowego. Tu kandydaci poka\u017c\u0105 jak stoj\u0105 na tej narcie, czy maj\u0105 po prostu umiej\u0119tno\u015bci jazdy na nartach.&nbsp;<\/p>\n\n\n\n<p><strong>Ile os\u00f3b by\u0142o na Twoim egzaminie wst\u0119pnym.&nbsp;<\/strong><\/p>\n\n\n\n<p>Du\u017co, oko\u0142o 40 os\u00f3b, z czego przynajmniej 20% nie przesz\u0142o egzaminu.<\/p>\n\n\n\n<figure class=\"wp-block-image size-large\"><a href=\"https:\/\/www.skalnik.pl\/\" target=\"_blank\" rel=\"noopener noreferrer\"><img loading=\"lazy\" decoding=\"async\" width=\"1024\" height=\"135\" src=\"https:\/\/www.skalnik.pl\/blog\/wp-content\/uploads\/2023\/05\/baner-GOPR06-1024x135.jpg\" alt=\"\" class=\"wp-image-23155\" srcset=\"https:\/\/www.skalnik.pl\/blog\/wp-content\/uploads\/2023\/05\/baner-GOPR06-1024x135.jpg 1024w, https:\/\/www.skalnik.pl\/blog\/wp-content\/uploads\/2023\/05\/baner-GOPR06-300x39.jpg 300w, https:\/\/www.skalnik.pl\/blog\/wp-content\/uploads\/2023\/05\/baner-GOPR06-768x101.jpg 768w, https:\/\/www.skalnik.pl\/blog\/wp-content\/uploads\/2023\/05\/baner-GOPR06.jpg 1141w\" sizes=\"auto, (max-width: 1024px) 100vw, 1024px\" \/><\/a><\/figure>\n\n\n\n<p><strong>Na tym egzaminie by\u0142y kobiety?&nbsp;<\/strong><\/p>\n\n\n\n<p>Tak. Jest to cz\u0119sto poruszany temat. Jak najbardziej kobiety maj\u0105 miejsce w tego typu strukturach, natomiast musz\u0105 mie\u0107 100% \u015bwiadomo\u015bci z czym wi\u0105\u017ce si\u0119 ta s\u0142u\u017cba. To ci\u0119\u017cka praca fizyczna. Cz\u0119sto idziemy w g\u00f3ry na wielogodzinne akcje. Transportowanie poszkodowanych to du\u017cy wysi\u0142ek. Ka\u017cdy jest cz\u0119\u015bci\u0105 tego \u0142a\u0144cucha. Je\u015bli jedno ogniwo jest s\u0142abe, to ca\u0142y \u0142a\u0144cuch jest os\u0142abiony. Ale mamy w grupie, kilka kobiet, kt\u00f3re pr\u0119\u017cnie dzia\u0142aj\u0105. Mo\u017cna tego dokona\u0107 &#8211; wystarczy chcie\u0107 i mie\u0107 \u015bwiadomo\u015b\u0107, jak to wszystko wygl\u0105da.&nbsp;<\/p>\n\n\n\n<p><strong>Po egzaminie wst\u0119pnym kandydaci trafiaj\u0105 na d\u0142ugi sta\u017c. Czy du\u017co os\u00f3b rezygnuje w trakcie tych kolejnych dw\u00f3ch lat?&nbsp;<\/strong><\/p>\n\n\n\n<p>Trudno powiedzie\u0107 jak to wygl\u0105da statystycznie. Kilka os\u00f3b na pewno odpada z ka\u017cdego naboru i nie ko\u0144czy okresu kandydackiego. Stanie si\u0119 kandydatem to pierwszy, malutki krok. Ca\u0142\u0105 robota to nast\u0119pne dwa lata, kiedy je\u017adzimy na szkolenia, uczestniczymy w \u017cyciu grupy, rozwijamy si\u0119. Ka\u017cdy dzie\u0144 w GOPR jest ma\u0142ym egzaminem. Przez ca\u0142y ten okres ratownicy zawodowi i instruktorzy nas oceniaj\u0105. Sta\u017c kandydacki jest kluczowy dla osoby, kt\u00f3ra w przysz\u0142o\u015bci ma dzia\u0142a\u0107 w grupie. Je\u015bli przy\u0142o\u017cymy si\u0119 do tego, stajemy si\u0119 \u015bwietnymi ratownikami, specjalistami i nieocenionym wsparciem dla ratownik\u00f3w zawodowych.&nbsp;<\/p>\n\n\n<div class=\"wp-block-image\">\n<figure class=\"aligncenter size-large\"><img loading=\"lazy\" decoding=\"async\" width=\"1024\" height=\"1024\" src=\"https:\/\/www.skalnik.pl\/blog\/wp-content\/uploads\/2023\/02\/na-\u015bnie\u017cce-gopr-1024x1024.jpg\" alt=\"\" class=\"wp-image-22186\" srcset=\"https:\/\/www.skalnik.pl\/blog\/wp-content\/uploads\/2023\/02\/na-\u015bnie\u017cce-gopr-1024x1024.jpg 1024w, https:\/\/www.skalnik.pl\/blog\/wp-content\/uploads\/2023\/02\/na-\u015bnie\u017cce-gopr-300x300.jpg 300w, https:\/\/www.skalnik.pl\/blog\/wp-content\/uploads\/2023\/02\/na-\u015bnie\u017cce-gopr-768x769.jpg 768w, https:\/\/www.skalnik.pl\/blog\/wp-content\/uploads\/2023\/02\/na-\u015bnie\u017cce-gopr.jpg 1142w\" sizes=\"auto, (max-width: 1024px) 100vw, 1024px\" \/><figcaption class=\"wp-element-caption\"><em>Akcja na \u015anie\u017cce. (arch. Micha\u0142a Klamuta)<\/em><\/figcaption><\/figure>\n<\/div>\n\n\n<p><strong>Co dla kandydat\u00f3w jest najtrudniejsze?&nbsp;<\/strong><\/p>\n\n\n\n<p>Nie mog\u0119 powiedzie\u0107, \u017ce szkolenia. Najtrudniejsze jest zaanga\u017cowanie i po\u015bwi\u0119cenie czasu oraz energii. To jest najtrudniejsze. Mamy czasy, jakie mamy. Ka\u017cdy ma prac\u0119, obowi\u0105zki, ka\u017cdy gdzie\u015b zarabia, a jeszcze do tego dorzucamy sobie kolejne zadanie &#8211; dzia\u0142anie w GOPR. Nie egzaminy, nie szkolenie, nie dzia\u0142ania ratunkowe. Czas i zaanga\u017cowanie w ratownictwo, kt\u00f3ry mo\u017cemy realnie po\u015bwi\u0119ci\u0107 s\u0105 kluczow\u0105 i najtrudniejsz\u0105 spraw\u0105.&nbsp;<\/p>\n\n\n\n<p><strong>Kandydaci bior\u0105 udzia\u0142 w normalnych dy\u017curach i prawdziwych akcjach ratunkowych?&nbsp;<\/strong><\/p>\n\n\n\n<p>Jak najbardziej, to jest <em>clou<\/em> bycia kandydatem. Szkolenia mo\u017cna nazwa\u0107 czym\u015b ekstra, czym\u015b dodatkowym. S\u0105 \u015bwietn\u0105 rzecz\u0105, sposobem zdobywania nowych umiej\u0119tno\u015bci. Ale okres kandydacki to g\u0142\u00f3wnie dzia\u0142anie w akcjach ratunkowych, obywanie si\u0119 z klimatem, ze stresem i wsp\u00f3lne dzia\u0142anie w g\u00f3rach. Osobi\u015bcie uznaj\u0119, \u017ce jest to 80%, a tylko 20% to wszystkie szkolenia. I tu wracamy do tego, o czym wcze\u015bniej m\u00f3wi\u0142em &#8211; to zaanga\u017cowanie jest najwa\u017cniejsze. Trzeba by\u0107 na dy\u017curach i jak najwi\u0119cej bra\u0107 udzia\u0142u w zwyk\u0142ych dzia\u0142aniach.&nbsp;<\/p>\n\n\n<div class=\"wp-block-image\">\n<figure class=\"aligncenter size-large\"><img loading=\"lazy\" decoding=\"async\" width=\"1024\" height=\"768\" src=\"https:\/\/www.skalnik.pl\/blog\/wp-content\/uploads\/2023\/02\/akcja-ratunkowa-\u015bnie\u017cka.jpg\" alt=\"\" class=\"wp-image-22183\" srcset=\"https:\/\/www.skalnik.pl\/blog\/wp-content\/uploads\/2023\/02\/akcja-ratunkowa-\u015bnie\u017cka.jpg 1024w, https:\/\/www.skalnik.pl\/blog\/wp-content\/uploads\/2023\/02\/akcja-ratunkowa-\u015bnie\u017cka-300x225.jpg 300w, https:\/\/www.skalnik.pl\/blog\/wp-content\/uploads\/2023\/02\/akcja-ratunkowa-\u015bnie\u017cka-768x576.jpg 768w\" sizes=\"auto, (max-width: 1024px) 100vw, 1024px\" \/><figcaption class=\"wp-element-caption\"><em>Akcja ratunkowa na stromych zboczach \u015anie\u017cki. (arch. Micha\u0142a Klamuta) <\/em><\/figcaption><\/figure>\n<\/div>\n\n\n<p><strong>GOPR dla Ciebie to pasja czy praca?&nbsp;&nbsp;<\/strong><\/p>\n\n\n\n<p>Ci\u0119\u017cko powiedzie\u0107. Jedno wynika z drugiego. Pasja jest du\u017cym czynnikiem motywuj\u0105cym do pracy tutaj. Prawda jest taka, \u017ce gdybym tego nie kocha\u0142, nie lubi\u0142 tej pracy, nie by\u0142 w niej dobry, to m\u00f3g\u0142bym robi\u0107 cokolwiek innego. Z drugiej strony, to jest zwyk\u0142a praca. Wype\u0142niam godziny wynikaj\u0105ce z kodeksu pracy, realizuj\u0119 obowi\u0105zki, ale gdyby nie ta pasja, m\u00f3g\u0142bym pracowa\u0107 przecie\u017c gdzie\u015b indziej, cho\u0107by w firmie IT i to te\u017c mog\u0142oby by\u0107 moj\u0105 prac\u0105 i pasj\u0105.&nbsp;<\/p>\n\n\n\n<p><strong>Jak wygl\u0105da dy\u017cur ratownika zawodowego?&nbsp;<\/strong><\/p>\n\n\n\n<p>W ka\u017cdej grupie regionalnej wygl\u0105da to troszk\u0119 inaczej. W Grupie Karkonoskiej dzia\u0142amy w sezonie od 8 do 18, poza miesi\u0105cami wakacji, kiedy dy\u017curujemy d\u0142u\u017cej. Jest wtedy wi\u0119cej os\u00f3b na szlaku, dzie\u0144 jest d\u0142u\u017cszy, wi\u0119c tury\u015bci d\u0142u\u017cej przebywaj\u0105 w g\u00f3rach. Wtedy dy\u017cury trwaj\u0105 do godz. 19 lub 20. Wiesz, przychodz\u0119 do pracy, ogarniam sprz\u0119t, ogarniam siebie\u2026<\/p>\n\n\n\n<p><strong>robi\u0119 kaw\u0119.&nbsp;<\/strong><\/p>\n\n\n\n<p>Tak, robi\u0119 kaw\u0119, bo kofeina to \u017cycie (\u015bmiech), zagryzam ciastkiem i przygotowuj\u0119 si\u0119 do tego, co mo\u017ce nas czeka\u0107 w dalszej cz\u0119\u015bci dnia.To s\u0142u\u017cba i jest troch\u0119 jak w wojsku. Tam &#8211; na szcz\u0119\u015bcie &#8211; nie ma codziennie wojny i u nas te\u017c nie jeste\u015bmy ci\u0105gle w g\u00f3rach. Jest czas oczekiwania, czas szkolenia si\u0119 w czasie dy\u017curu i dzia\u0142a\u0144 prewencyjnych. Du\u017co mamy dzia\u0142a\u0144 na szlakach. Sprawdzamy cho\u0107by warunki. Zim\u0105 dochodzi do tego s\u0142u\u017cba \u015bniegowo-lawinow\u0105, kt\u00f3ra te\u017c dodaje nam pracy. Musimy mie\u0107 podstawowe informacje o \u015bniegu, o tym co mo\u017ce nam grozi\u0107 w terenie eksponowanym i zagro\u017conym lawinami. Tak naprawd\u0119 to masa pracy zwi\u0105zana z utrzymaniem gotowo\u015bci w czasie s\u0142u\u017cby. S\u0142owo klucz dy\u017curu to \u201cgotowo\u015b\u0107\u201d.&nbsp;<\/p>\n\n\n<div class=\"wp-block-image\">\n<figure class=\"aligncenter size-large\"><img loading=\"lazy\" decoding=\"async\" width=\"1024\" height=\"768\" src=\"https:\/\/www.skalnik.pl\/blog\/wp-content\/uploads\/2023\/02\/zima-ratownik-gopr-karkonosze.jpg\" alt=\"\" class=\"wp-image-22182\" srcset=\"https:\/\/www.skalnik.pl\/blog\/wp-content\/uploads\/2023\/02\/zima-ratownik-gopr-karkonosze.jpg 1024w, https:\/\/www.skalnik.pl\/blog\/wp-content\/uploads\/2023\/02\/zima-ratownik-gopr-karkonosze-300x225.jpg 300w, https:\/\/www.skalnik.pl\/blog\/wp-content\/uploads\/2023\/02\/zima-ratownik-gopr-karkonosze-768x576.jpg 768w\" sizes=\"auto, (max-width: 1024px) 100vw, 1024px\" \/><figcaption class=\"wp-element-caption\"><em>Zima &#8211; kr\u00f3tki dzie\u0144, trudne akcje, s\u0142u\u017cba \u015bniegowo-lawinowa. Ratownicy maj\u0105 wtedy pe\u0142ne r\u0119ce roboty. (arch. Micha\u0142a Klamuta) <\/em><\/figcaption><\/figure>\n<\/div>\n\n\n<p><strong>Prawie na zako\u0144czenie zapytam &#8211; Karkonosze to niebezpieczne g\u00f3ry?&nbsp;&nbsp;<\/strong><\/p>\n\n\n\n<p>Nie istniej\u0105 takie s\u0142owa jak bezpieczne g\u00f3ry. Cz\u0119sto ludzi wprowadza si\u0119 w b\u0142\u0105d, \u017ce jedne g\u00f3ry s\u0105 mniej bezpieczne, drugie bardziej bezpieczne, a tak naprawd\u0119 nie istnieje has\u0142o jak 100% bezpiecze\u0144stwa. Mo\u017cemy i\u015b\u0107 w g\u00f3ry, ale trzeba si\u0119 zawsze liczy\u0107 z jakim\u015b wsp\u00f3\u0142czynnikiem ryzyka. To ile procent tego ryzyka sobie dajemy zale\u017cy tylko od naszej wiedzy, zimnej kalkulacji i tego na ile mo\u017cemy sobie pozwoli\u0107 w tych g\u00f3rach. Nie wprowadzajmy ludzi w b\u0142\u0105d. G\u00f3ry s\u0105 z za\u0142o\u017cenia niebezpieczne.&nbsp;<\/p>\n\n\n\n<p><strong>Co \u017cyczy si\u0119 goprowcom? Spokojnych dy\u017cur\u00f3w, ciekawych akcji czy poszkodowanych z poczuciem humoru?&nbsp;<\/strong><\/p>\n\n\n\n<p>Tradycyjnie: spokojno\u015bci, zdrowia i humoru. \u017beby ta praca wygl\u0105da\u0142a nadal jak wygl\u0105da i sprawia\u0142a nam tyle satysfakcji, ile sprawia. Inaczej to wszystko nie b\u0119dzie mia\u0142o sensu.&nbsp;<\/p>\n\n\n\n<p><strong>Zatem tego wszystkiego Ci \u017cyczymy! Dzi\u0119ki za rozmow\u0119.&nbsp;<\/strong><\/p>\n\n\n\n<hr class=\"wp-block-separator has-css-opacity is-style-dots\"\/>\n\n\n\n<p><mark style=\"background-color:rgba(0, 0, 0, 0)\" class=\"has-inline-color has-vivid-cyan-blue-color\">Zobacz artyku\u0142 o tym, jak przekaza\u0107 1,5% podatku na GOPR &#8211;> <a href=\"https:\/\/www.skalnik.pl\/blog\/15-podatku-na-gopr\/\" target=\"_blank\" rel=\"noreferrer noopener\"><strong>kliknij tutaj<\/strong><\/a>. <\/mark><\/p>\n\n\n<div class=\"wp-block-image\">\n<figure class=\"aligncenter size-large\"><img loading=\"lazy\" decoding=\"async\" width=\"1024\" height=\"536\" src=\"https:\/\/www.skalnik.pl\/blog\/wp-content\/uploads\/2023\/02\/2023_0038_GOPR-15-procent-banery_edycja_Grupa-Karkonoska-GOPR-1200x628-1-1024x536.jpg\" alt=\"\" class=\"wp-image-22178\" srcset=\"https:\/\/www.skalnik.pl\/blog\/wp-content\/uploads\/2023\/02\/2023_0038_GOPR-15-procent-banery_edycja_Grupa-Karkonoska-GOPR-1200x628-1-1024x536.jpg 1024w, https:\/\/www.skalnik.pl\/blog\/wp-content\/uploads\/2023\/02\/2023_0038_GOPR-15-procent-banery_edycja_Grupa-Karkonoska-GOPR-1200x628-1-300x157.jpg 300w, https:\/\/www.skalnik.pl\/blog\/wp-content\/uploads\/2023\/02\/2023_0038_GOPR-15-procent-banery_edycja_Grupa-Karkonoska-GOPR-1200x628-1-768x402.jpg 768w, https:\/\/www.skalnik.pl\/blog\/wp-content\/uploads\/2023\/02\/2023_0038_GOPR-15-procent-banery_edycja_Grupa-Karkonoska-GOPR-1200x628-1.jpg 1200w\" sizes=\"auto, (max-width: 1024px) 100vw, 1024px\" \/><figcaption class=\"wp-element-caption\"><em>Przeka\u017c 1,5% swojego podatku na ratowanie \u017cycia i zdrowia w g\u00f3rach. <\/em><\/figcaption><\/figure>\n<\/div>","protected":false},"excerpt":{"rendered":"<p>Zastanawiasz si\u0119, jak zosta\u0107 ratownikiem GOPR? O szkoleniu i pracy ratownika opowiada ratownik GOPR Karkonosze. <\/p>\n","protected":false},"author":8,"featured_media":22179,"comment_status":"open","ping_status":"open","sticky":false,"template":"","format":"standard","meta":{"_acf_changed":false,"footnotes":""},"categories":[220],"tags":[12,312],"magento_category":[],"magento_product":[],"class_list":["post-22177","post","type-post","status-publish","format-standard","has-post-thumbnail","hentry","category-wywiady","tag-bezpieczenstwo","tag-gopr"],"acf":[],"aioseo_notices":[],"aioseo_head":"\n\t\t<!-- All in One SEO 4.9.10 - aioseo.com -->\n\t<meta name=\"description\" content=\"Co roku GOPR organizuje egzaminy wst\u0119pne dla kandydat\u00f3w na ratownik\u00f3w. Dowiedz si\u0119 jak zosta\u0107 ratownikiem i jak wygl\u0105da szkolenie ratownik\u00f3w g\u00f3rskich. O tym wszystkim opowiada Micha\u0142 Klamut, ratownik Grupy Karkonoszkiej GOPR.\" \/>\n\t<meta name=\"robots\" content=\"max-image-preview:large\" \/>\n\t<meta name=\"author\" content=\"S\u0142awek Nosal\"\/>\n\t<link rel=\"canonical\" href=\"https:\/\/www.skalnik.pl\/blog\/jak-zostac-ratownikiem-gopr-odpowiada-michal-klamut-z-gopr-karkonosze-wywiad\/\" \/>\n\t<meta name=\"generator\" content=\"All in One SEO (AIOSEO) 4.9.10\" \/>\n\t\t<meta property=\"og:locale\" content=\"pl_PL\" \/>\n\t\t<meta property=\"og:site_name\" content=\"blog Skalnik - Blog, porady, artyku\u0142y - blog Skalnik\" \/>\n\t\t<meta property=\"og:type\" content=\"article\" \/>\n\t\t<meta property=\"og:title\" content=\"Jak zosta\u0107 ratownikiem GOPR \u2013 odpowiada Micha\u0142 Klamut z GOPR Karkonosze (wywiad) - blog Skalnik\" \/>\n\t\t<meta property=\"og:description\" content=\"Co roku GOPR organizuje egzaminy wst\u0119pne dla kandydat\u00f3w na ratownik\u00f3w. Dowiedz si\u0119 jak zosta\u0107 ratownikiem i jak wygl\u0105da szkolenie ratownik\u00f3w g\u00f3rskich. O tym wszystkim opowiada Micha\u0142 Klamut, ratownik Grupy Karkonoszkiej GOPR.\" \/>\n\t\t<meta property=\"og:url\" content=\"https:\/\/www.skalnik.pl\/blog\/jak-zostac-ratownikiem-gopr-odpowiada-michal-klamut-z-gopr-karkonosze-wywiad\/\" \/>\n\t\t<meta property=\"og:image\" content=\"https:\/\/www.skalnik.pl\/blog\/wp-content\/uploads\/2023\/02\/micha\u0142-klamut-wywiad-z-ratownikiem-gopr.jpg\" \/>\n\t\t<meta property=\"og:image:secure_url\" content=\"https:\/\/www.skalnik.pl\/blog\/wp-content\/uploads\/2023\/02\/micha\u0142-klamut-wywiad-z-ratownikiem-gopr.jpg\" \/>\n\t\t<meta property=\"og:image:width\" content=\"2000\" \/>\n\t\t<meta property=\"og:image:height\" content=\"1600\" \/>\n\t\t<meta property=\"article:tag\" content=\"wywiady\" \/>\n\t\t<meta property=\"article:tag\" content=\"bezpiecze\u0144stwo\" \/>\n\t\t<meta property=\"article:tag\" content=\"gopr\" \/>\n\t\t<meta property=\"article:published_time\" content=\"2023-02-17T11:51:57+00:00\" \/>\n\t\t<meta property=\"article:modified_time\" content=\"2024-02-26T10:48:01+00:00\" \/>\n\t\t<meta name=\"twitter:card\" content=\"summary_large_image\" \/>\n\t\t<meta name=\"twitter:title\" content=\"Jak zosta\u0107 ratownikiem GOPR \u2013 odpowiada Micha\u0142 Klamut z GOPR Karkonosze (wywiad) - blog Skalnik\" \/>\n\t\t<meta name=\"twitter:description\" content=\"Co roku GOPR organizuje egzaminy wst\u0119pne dla kandydat\u00f3w na ratownik\u00f3w. Dowiedz si\u0119 jak zosta\u0107 ratownikiem i jak wygl\u0105da szkolenie ratownik\u00f3w g\u00f3rskich. O tym wszystkim opowiada Micha\u0142 Klamut, ratownik Grupy Karkonoszkiej GOPR.\" \/>\n\t\t<meta name=\"twitter:image\" content=\"https:\/\/www.skalnik.pl\/blog\/wp-content\/uploads\/2023\/02\/micha\u0142-klamut-wywiad-z-ratownikiem-gopr.jpg\" \/>\n\t\t<script type=\"application\/ld+json\" class=\"aioseo-schema\">\n\t\t\t{\"@context\":\"https:\\\/\\\/schema.org\",\"@graph\":[{\"@type\":\"BlogPosting\",\"@id\":\"https:\\\/\\\/www.skalnik.pl\\\/blog\\\/jak-zostac-ratownikiem-gopr-odpowiada-michal-klamut-z-gopr-karkonosze-wywiad\\\/#blogposting\",\"name\":\"Jak zosta\\u0107 ratownikiem GOPR \\u2013 odpowiada Micha\\u0142 Klamut z GOPR Karkonosze (wywiad) - blog Skalnik\",\"headline\":\"Jak zosta\\u0107 ratownikiem GOPR &#8211; odpowiada Micha\\u0142 Klamut z GOPR Karkonosze (wywiad)\",\"author\":{\"@id\":\"https:\\\/\\\/www.skalnik.pl\\\/blog\\\/author\\\/slawek-nosal\\\/#author\"},\"publisher\":{\"@id\":\"https:\\\/\\\/www.skalnik.pl\\\/blog\\\/#organization\"},\"image\":{\"@type\":\"ImageObject\",\"url\":\"https:\\\/\\\/www.skalnik.pl\\\/blog\\\/wp-content\\\/uploads\\\/2023\\\/02\\\/jak-zosta\\u0107-ratownikiem-gopr.jpg\",\"width\":1920,\"height\":706},\"datePublished\":\"2023-02-17T12:51:57+02:00\",\"dateModified\":\"2024-02-26T12:48:01+02:00\",\"inLanguage\":\"pl-PL\",\"mainEntityOfPage\":{\"@id\":\"https:\\\/\\\/www.skalnik.pl\\\/blog\\\/jak-zostac-ratownikiem-gopr-odpowiada-michal-klamut-z-gopr-karkonosze-wywiad\\\/#webpage\"},\"isPartOf\":{\"@id\":\"https:\\\/\\\/www.skalnik.pl\\\/blog\\\/jak-zostac-ratownikiem-gopr-odpowiada-michal-klamut-z-gopr-karkonosze-wywiad\\\/#webpage\"},\"articleSection\":\"Wywiady, bezpiecze\\u0144stwo, GOPR\"},{\"@type\":\"BreadcrumbList\",\"@id\":\"https:\\\/\\\/www.skalnik.pl\\\/blog\\\/jak-zostac-ratownikiem-gopr-odpowiada-michal-klamut-z-gopr-karkonosze-wywiad\\\/#breadcrumblist\",\"itemListElement\":[{\"@type\":\"ListItem\",\"@id\":\"https:\\\/\\\/www.skalnik.pl\\\/blog#listItem\",\"position\":1,\"name\":\"Home\",\"item\":\"https:\\\/\\\/www.skalnik.pl\\\/blog\",\"nextItem\":{\"@type\":\"ListItem\",\"@id\":\"https:\\\/\\\/www.skalnik.pl\\\/blog\\\/.\\\/wywiady\\\/#listItem\",\"name\":\"Wywiady\"}},{\"@type\":\"ListItem\",\"@id\":\"https:\\\/\\\/www.skalnik.pl\\\/blog\\\/.\\\/wywiady\\\/#listItem\",\"position\":2,\"name\":\"Wywiady\",\"item\":\"https:\\\/\\\/www.skalnik.pl\\\/blog\\\/.\\\/wywiady\\\/\",\"nextItem\":{\"@type\":\"ListItem\",\"@id\":\"https:\\\/\\\/www.skalnik.pl\\\/blog\\\/jak-zostac-ratownikiem-gopr-odpowiada-michal-klamut-z-gopr-karkonosze-wywiad\\\/#listItem\",\"name\":\"Jak zosta\\u0107 ratownikiem GOPR &#8211; odpowiada Micha\\u0142 Klamut z GOPR Karkonosze (wywiad)\"},\"previousItem\":{\"@type\":\"ListItem\",\"@id\":\"https:\\\/\\\/www.skalnik.pl\\\/blog#listItem\",\"name\":\"Home\"}},{\"@type\":\"ListItem\",\"@id\":\"https:\\\/\\\/www.skalnik.pl\\\/blog\\\/jak-zostac-ratownikiem-gopr-odpowiada-michal-klamut-z-gopr-karkonosze-wywiad\\\/#listItem\",\"position\":3,\"name\":\"Jak zosta\\u0107 ratownikiem GOPR &#8211; odpowiada Micha\\u0142 Klamut z GOPR Karkonosze (wywiad)\",\"previousItem\":{\"@type\":\"ListItem\",\"@id\":\"https:\\\/\\\/www.skalnik.pl\\\/blog\\\/.\\\/wywiady\\\/#listItem\",\"name\":\"Wywiady\"}}]},{\"@type\":\"Organization\",\"@id\":\"https:\\\/\\\/www.skalnik.pl\\\/blog\\\/#organization\",\"name\":\"blog Skalnik\",\"description\":\"Blog, porady, artyku\\u0142y - blog Skalnik\",\"url\":\"https:\\\/\\\/www.skalnik.pl\\\/blog\\\/\"},{\"@type\":\"Person\",\"@id\":\"https:\\\/\\\/www.skalnik.pl\\\/blog\\\/author\\\/slawek-nosal\\\/#author\",\"url\":\"https:\\\/\\\/www.skalnik.pl\\\/blog\\\/author\\\/slawek-nosal\\\/\",\"name\":\"S\\u0142awek Nosal\",\"image\":{\"@type\":\"ImageObject\",\"@id\":\"https:\\\/\\\/www.skalnik.pl\\\/blog\\\/jak-zostac-ratownikiem-gopr-odpowiada-michal-klamut-z-gopr-karkonosze-wywiad\\\/#authorImage\",\"url\":\"https:\\\/\\\/secure.gravatar.com\\\/avatar\\\/376f39150afcfc713e809ef8313d42dee4210bb1425eaad8153efa8965009197?s=96&d=mm&r=g\",\"width\":96,\"height\":96,\"caption\":\"S\\u0142awek Nosal\"}},{\"@type\":\"WebPage\",\"@id\":\"https:\\\/\\\/www.skalnik.pl\\\/blog\\\/jak-zostac-ratownikiem-gopr-odpowiada-michal-klamut-z-gopr-karkonosze-wywiad\\\/#webpage\",\"url\":\"https:\\\/\\\/www.skalnik.pl\\\/blog\\\/jak-zostac-ratownikiem-gopr-odpowiada-michal-klamut-z-gopr-karkonosze-wywiad\\\/\",\"name\":\"Jak zosta\\u0107 ratownikiem GOPR \\u2013 odpowiada Micha\\u0142 Klamut z GOPR Karkonosze (wywiad) - blog Skalnik\",\"description\":\"Co roku GOPR organizuje egzaminy wst\\u0119pne dla kandydat\\u00f3w na ratownik\\u00f3w. Dowiedz si\\u0119 jak zosta\\u0107 ratownikiem i jak wygl\\u0105da szkolenie ratownik\\u00f3w g\\u00f3rskich. O tym wszystkim opowiada Micha\\u0142 Klamut, ratownik Grupy Karkonoszkiej GOPR.\",\"inLanguage\":\"pl-PL\",\"isPartOf\":{\"@id\":\"https:\\\/\\\/www.skalnik.pl\\\/blog\\\/#website\"},\"breadcrumb\":{\"@id\":\"https:\\\/\\\/www.skalnik.pl\\\/blog\\\/jak-zostac-ratownikiem-gopr-odpowiada-michal-klamut-z-gopr-karkonosze-wywiad\\\/#breadcrumblist\"},\"author\":{\"@id\":\"https:\\\/\\\/www.skalnik.pl\\\/blog\\\/author\\\/slawek-nosal\\\/#author\"},\"creator\":{\"@id\":\"https:\\\/\\\/www.skalnik.pl\\\/blog\\\/author\\\/slawek-nosal\\\/#author\"},\"image\":{\"@type\":\"ImageObject\",\"url\":\"https:\\\/\\\/www.skalnik.pl\\\/blog\\\/wp-content\\\/uploads\\\/2023\\\/02\\\/jak-zosta\\u0107-ratownikiem-gopr.jpg\",\"@id\":\"https:\\\/\\\/www.skalnik.pl\\\/blog\\\/jak-zostac-ratownikiem-gopr-odpowiada-michal-klamut-z-gopr-karkonosze-wywiad\\\/#mainImage\",\"width\":1920,\"height\":706},\"primaryImageOfPage\":{\"@id\":\"https:\\\/\\\/www.skalnik.pl\\\/blog\\\/jak-zostac-ratownikiem-gopr-odpowiada-michal-klamut-z-gopr-karkonosze-wywiad\\\/#mainImage\"},\"datePublished\":\"2023-02-17T12:51:57+02:00\",\"dateModified\":\"2024-02-26T12:48:01+02:00\"},{\"@type\":\"WebSite\",\"@id\":\"https:\\\/\\\/www.skalnik.pl\\\/blog\\\/#website\",\"url\":\"https:\\\/\\\/www.skalnik.pl\\\/blog\\\/\",\"name\":\"blog Skalnik\",\"description\":\"Blog, porady, artyku\\u0142y - blog Skalnik\",\"inLanguage\":\"pl-PL\",\"publisher\":{\"@id\":\"https:\\\/\\\/www.skalnik.pl\\\/blog\\\/#organization\"}}]}\n\t\t<\/script>\n\t\t<!-- All in One SEO -->\n\n","aioseo_head_json":{"title":"Jak zosta\u0107 ratownikiem GOPR \u2013 odpowiada Micha\u0142 Klamut z GOPR Karkonosze (wywiad) - blog Skalnik","description":"Co roku GOPR organizuje egzaminy wst\u0119pne dla kandydat\u00f3w na ratownik\u00f3w. Dowiedz si\u0119 jak zosta\u0107 ratownikiem i jak wygl\u0105da szkolenie ratownik\u00f3w g\u00f3rskich. O tym wszystkim opowiada Micha\u0142 Klamut, ratownik Grupy Karkonoszkiej GOPR.","canonical_url":"https:\/\/www.skalnik.pl\/blog\/jak-zostac-ratownikiem-gopr-odpowiada-michal-klamut-z-gopr-karkonosze-wywiad\/","robots":"max-image-preview:large","keywords":"","webmasterTools":{"miscellaneous":""},"schema":{"@context":"https:\/\/schema.org","@graph":[{"@type":"BlogPosting","@id":"https:\/\/www.skalnik.pl\/blog\/jak-zostac-ratownikiem-gopr-odpowiada-michal-klamut-z-gopr-karkonosze-wywiad\/#blogposting","name":"Jak zosta\u0107 ratownikiem GOPR \u2013 odpowiada Micha\u0142 Klamut z GOPR Karkonosze (wywiad) - blog Skalnik","headline":"Jak zosta\u0107 ratownikiem GOPR &#8211; odpowiada Micha\u0142 Klamut z GOPR Karkonosze (wywiad)","author":{"@id":"https:\/\/www.skalnik.pl\/blog\/author\/slawek-nosal\/#author"},"publisher":{"@id":"https:\/\/www.skalnik.pl\/blog\/#organization"},"image":{"@type":"ImageObject","url":"https:\/\/www.skalnik.pl\/blog\/wp-content\/uploads\/2023\/02\/jak-zosta\u0107-ratownikiem-gopr.jpg","width":1920,"height":706},"datePublished":"2023-02-17T12:51:57+02:00","dateModified":"2024-02-26T12:48:01+02:00","inLanguage":"pl-PL","mainEntityOfPage":{"@id":"https:\/\/www.skalnik.pl\/blog\/jak-zostac-ratownikiem-gopr-odpowiada-michal-klamut-z-gopr-karkonosze-wywiad\/#webpage"},"isPartOf":{"@id":"https:\/\/www.skalnik.pl\/blog\/jak-zostac-ratownikiem-gopr-odpowiada-michal-klamut-z-gopr-karkonosze-wywiad\/#webpage"},"articleSection":"Wywiady, bezpiecze\u0144stwo, GOPR"},{"@type":"BreadcrumbList","@id":"https:\/\/www.skalnik.pl\/blog\/jak-zostac-ratownikiem-gopr-odpowiada-michal-klamut-z-gopr-karkonosze-wywiad\/#breadcrumblist","itemListElement":[{"@type":"ListItem","@id":"https:\/\/www.skalnik.pl\/blog#listItem","position":1,"name":"Home","item":"https:\/\/www.skalnik.pl\/blog","nextItem":{"@type":"ListItem","@id":"https:\/\/www.skalnik.pl\/blog\/.\/wywiady\/#listItem","name":"Wywiady"}},{"@type":"ListItem","@id":"https:\/\/www.skalnik.pl\/blog\/.\/wywiady\/#listItem","position":2,"name":"Wywiady","item":"https:\/\/www.skalnik.pl\/blog\/.\/wywiady\/","nextItem":{"@type":"ListItem","@id":"https:\/\/www.skalnik.pl\/blog\/jak-zostac-ratownikiem-gopr-odpowiada-michal-klamut-z-gopr-karkonosze-wywiad\/#listItem","name":"Jak zosta\u0107 ratownikiem GOPR &#8211; odpowiada Micha\u0142 Klamut z GOPR Karkonosze (wywiad)"},"previousItem":{"@type":"ListItem","@id":"https:\/\/www.skalnik.pl\/blog#listItem","name":"Home"}},{"@type":"ListItem","@id":"https:\/\/www.skalnik.pl\/blog\/jak-zostac-ratownikiem-gopr-odpowiada-michal-klamut-z-gopr-karkonosze-wywiad\/#listItem","position":3,"name":"Jak zosta\u0107 ratownikiem GOPR &#8211; odpowiada Micha\u0142 Klamut z GOPR Karkonosze (wywiad)","previousItem":{"@type":"ListItem","@id":"https:\/\/www.skalnik.pl\/blog\/.\/wywiady\/#listItem","name":"Wywiady"}}]},{"@type":"Organization","@id":"https:\/\/www.skalnik.pl\/blog\/#organization","name":"blog Skalnik","description":"Blog, porady, artyku\u0142y - blog Skalnik","url":"https:\/\/www.skalnik.pl\/blog\/"},{"@type":"Person","@id":"https:\/\/www.skalnik.pl\/blog\/author\/slawek-nosal\/#author","url":"https:\/\/www.skalnik.pl\/blog\/author\/slawek-nosal\/","name":"S\u0142awek Nosal","image":{"@type":"ImageObject","@id":"https:\/\/www.skalnik.pl\/blog\/jak-zostac-ratownikiem-gopr-odpowiada-michal-klamut-z-gopr-karkonosze-wywiad\/#authorImage","url":"https:\/\/secure.gravatar.com\/avatar\/376f39150afcfc713e809ef8313d42dee4210bb1425eaad8153efa8965009197?s=96&d=mm&r=g","width":96,"height":96,"caption":"S\u0142awek Nosal"}},{"@type":"WebPage","@id":"https:\/\/www.skalnik.pl\/blog\/jak-zostac-ratownikiem-gopr-odpowiada-michal-klamut-z-gopr-karkonosze-wywiad\/#webpage","url":"https:\/\/www.skalnik.pl\/blog\/jak-zostac-ratownikiem-gopr-odpowiada-michal-klamut-z-gopr-karkonosze-wywiad\/","name":"Jak zosta\u0107 ratownikiem GOPR \u2013 odpowiada Micha\u0142 Klamut z GOPR Karkonosze (wywiad) - blog Skalnik","description":"Co roku GOPR organizuje egzaminy wst\u0119pne dla kandydat\u00f3w na ratownik\u00f3w. Dowiedz si\u0119 jak zosta\u0107 ratownikiem i jak wygl\u0105da szkolenie ratownik\u00f3w g\u00f3rskich. O tym wszystkim opowiada Micha\u0142 Klamut, ratownik Grupy Karkonoszkiej GOPR.","inLanguage":"pl-PL","isPartOf":{"@id":"https:\/\/www.skalnik.pl\/blog\/#website"},"breadcrumb":{"@id":"https:\/\/www.skalnik.pl\/blog\/jak-zostac-ratownikiem-gopr-odpowiada-michal-klamut-z-gopr-karkonosze-wywiad\/#breadcrumblist"},"author":{"@id":"https:\/\/www.skalnik.pl\/blog\/author\/slawek-nosal\/#author"},"creator":{"@id":"https:\/\/www.skalnik.pl\/blog\/author\/slawek-nosal\/#author"},"image":{"@type":"ImageObject","url":"https:\/\/www.skalnik.pl\/blog\/wp-content\/uploads\/2023\/02\/jak-zosta\u0107-ratownikiem-gopr.jpg","@id":"https:\/\/www.skalnik.pl\/blog\/jak-zostac-ratownikiem-gopr-odpowiada-michal-klamut-z-gopr-karkonosze-wywiad\/#mainImage","width":1920,"height":706},"primaryImageOfPage":{"@id":"https:\/\/www.skalnik.pl\/blog\/jak-zostac-ratownikiem-gopr-odpowiada-michal-klamut-z-gopr-karkonosze-wywiad\/#mainImage"},"datePublished":"2023-02-17T12:51:57+02:00","dateModified":"2024-02-26T12:48:01+02:00"},{"@type":"WebSite","@id":"https:\/\/www.skalnik.pl\/blog\/#website","url":"https:\/\/www.skalnik.pl\/blog\/","name":"blog Skalnik","description":"Blog, porady, artyku\u0142y - blog Skalnik","inLanguage":"pl-PL","publisher":{"@id":"https:\/\/www.skalnik.pl\/blog\/#organization"}}]},"og:locale":"pl_PL","og:site_name":"blog Skalnik - Blog, porady, artyku\u0142y - blog Skalnik","og:type":"article","og:title":"Jak zosta\u0107 ratownikiem GOPR \u2013 odpowiada Micha\u0142 Klamut z GOPR Karkonosze (wywiad) - blog Skalnik","og:description":"Co roku GOPR organizuje egzaminy wst\u0119pne dla kandydat\u00f3w na ratownik\u00f3w. Dowiedz si\u0119 jak zosta\u0107 ratownikiem i jak wygl\u0105da szkolenie ratownik\u00f3w g\u00f3rskich. O tym wszystkim opowiada Micha\u0142 Klamut, ratownik Grupy Karkonoszkiej GOPR.","og:url":"https:\/\/www.skalnik.pl\/blog\/jak-zostac-ratownikiem-gopr-odpowiada-michal-klamut-z-gopr-karkonosze-wywiad\/","og:image":"https:\/\/www.skalnik.pl\/blog\/wp-content\/uploads\/2023\/02\/micha\u0142-klamut-wywiad-z-ratownikiem-gopr.jpg","og:image:secure_url":"https:\/\/www.skalnik.pl\/blog\/wp-content\/uploads\/2023\/02\/micha\u0142-klamut-wywiad-z-ratownikiem-gopr.jpg","og:image:width":2000,"og:image:height":1600,"article:tag":["wywiady","bezpiecze\u0144stwo","gopr"],"article:published_time":"2023-02-17T11:51:57+00:00","article:modified_time":"2024-02-26T10:48:01+00:00","twitter:card":"summary_large_image","twitter:title":"Jak zosta\u0107 ratownikiem GOPR \u2013 odpowiada Micha\u0142 Klamut z GOPR Karkonosze (wywiad) - blog Skalnik","twitter:description":"Co roku GOPR organizuje egzaminy wst\u0119pne dla kandydat\u00f3w na ratownik\u00f3w. Dowiedz si\u0119 jak zosta\u0107 ratownikiem i jak wygl\u0105da szkolenie ratownik\u00f3w g\u00f3rskich. O tym wszystkim opowiada Micha\u0142 Klamut, ratownik Grupy Karkonoszkiej GOPR.","twitter:image":"https:\/\/www.skalnik.pl\/blog\/wp-content\/uploads\/2023\/02\/micha\u0142-klamut-wywiad-z-ratownikiem-gopr.jpg"},"aioseo_meta_data":{"post_id":"22177","title":null,"description":"Co roku GOPR organizuje egzaminy wst\u0119pne dla kandydat\u00f3w na ratownik\u00f3w. Dowiedz si\u0119 jak zosta\u0107 ratownikiem i jak wygl\u0105da szkolenie ratownik\u00f3w g\u00f3rskich. O tym wszystkim opowiada Micha\u0142 Klamut, ratownik Grupy Karkonoszkiej GOPR.","keywords":[{"label":"gopr karkonosze","value":"gopr karkonosze"},{"label":"micha\u0142 klamut","value":"micha\u0142 klamut"},{"label":"jak zosta\u0107 ratownikiem","value":"jak zosta\u0107 ratownikiem"},{"label":"","value":""}],"keyphrases":{"focus":{"keyphrase":"","score":0,"analysis":{"keyphraseInTitle":{"score":0,"maxScore":9,"error":1}}},"additional":[]},"primary_term":null,"canonical_url":null,"og_title":null,"og_description":null,"og_object_type":"default","og_image_type":"default","og_image_url":null,"og_image_width":null,"og_image_height":null,"og_image_custom_url":null,"og_image_custom_fields":null,"og_video":"","og_custom_url":null,"og_article_section":null,"og_article_tags":[],"twitter_use_og":false,"twitter_card":"default","twitter_image_type":"default","twitter_image_url":null,"twitter_image_custom_url":null,"twitter_image_custom_fields":null,"twitter_title":null,"twitter_description":null,"schema":{"blockGraphs":[],"customGraphs":[],"default":{"data":{"Article":[],"Course":[],"Dataset":[],"FAQPage":[],"Movie":[],"Person":[],"Product":[],"ProductReview":[],"Car":[],"Recipe":[],"Service":[],"SoftwareApplication":[],"WebPage":[]},"graphName":"","isEnabled":true},"graphs":[]},"schema_type":"default","schema_type_options":null,"pillar_content":false,"robots_default":true,"robots_noindex":false,"robots_noarchive":false,"robots_nosnippet":false,"robots_nofollow":false,"robots_noimageindex":false,"robots_noodp":false,"robots_notranslate":false,"robots_max_snippet":"-1","robots_max_videopreview":"-1","robots_max_imagepreview":"large","priority":null,"frequency":"default","local_seo":null,"breadcrumb_settings":null,"limit_modified_date":false,"ai":null,"created":"2023-03-21 08:55:19","updated":"2026-02-17 22:33:36","seo_analyzer_scan_date":null},"aioseo_breadcrumb":"<div class=\"aioseo-breadcrumbs\"><span class=\"aioseo-breadcrumb\">\n\t\t\t<a href=\"https:\/\/www.skalnik.pl\/blog\" title=\"Home\">Home<\/a>\n\t\t<\/span><span class=\"aioseo-breadcrumb-separator\">&raquo;<\/span><span class=\"aioseo-breadcrumb\">\n\t\t\t<a href=\"https:\/\/www.skalnik.pl\/blog\/.\/wywiady\/\" title=\"Wywiady\">Wywiady<\/a>\n\t\t<\/span><span class=\"aioseo-breadcrumb-separator\">&raquo;<\/span><span class=\"aioseo-breadcrumb\">\n\t\t\tJak zosta\u0107 ratownikiem GOPR \u2013 odpowiada Micha\u0142 Klamut z GOPR Karkonosze (wywiad)\n\t\t<\/span><\/div>","aioseo_breadcrumb_json":[{"label":"Home","link":"https:\/\/www.skalnik.pl\/blog"},{"label":"Wywiady","link":"https:\/\/www.skalnik.pl\/blog\/.\/wywiady\/"},{"label":"Jak zosta\u0107 ratownikiem GOPR &#8211; odpowiada Micha\u0142 Klamut z GOPR Karkonosze (wywiad)","link":"https:\/\/www.skalnik.pl\/blog\/jak-zostac-ratownikiem-gopr-odpowiada-michal-klamut-z-gopr-karkonosze-wywiad\/"}],"_links":{"self":[{"href":"https:\/\/www.skalnik.pl\/blog\/wp-json\/wp\/v2\/posts\/22177","targetHints":{"allow":["GET"]}}],"collection":[{"href":"https:\/\/www.skalnik.pl\/blog\/wp-json\/wp\/v2\/posts"}],"about":[{"href":"https:\/\/www.skalnik.pl\/blog\/wp-json\/wp\/v2\/types\/post"}],"author":[{"embeddable":true,"href":"https:\/\/www.skalnik.pl\/blog\/wp-json\/wp\/v2\/users\/8"}],"replies":[{"embeddable":true,"href":"https:\/\/www.skalnik.pl\/blog\/wp-json\/wp\/v2\/comments?post=22177"}],"version-history":[{"count":23,"href":"https:\/\/www.skalnik.pl\/blog\/wp-json\/wp\/v2\/posts\/22177\/revisions"}],"predecessor-version":[{"id":25327,"href":"https:\/\/www.skalnik.pl\/blog\/wp-json\/wp\/v2\/posts\/22177\/revisions\/25327"}],"wp:featuredmedia":[{"embeddable":true,"href":"https:\/\/www.skalnik.pl\/blog\/wp-json\/wp\/v2\/media\/22179"}],"wp:attachment":[{"href":"https:\/\/www.skalnik.pl\/blog\/wp-json\/wp\/v2\/media?parent=22177"}],"wp:term":[{"taxonomy":"category","embeddable":true,"href":"https:\/\/www.skalnik.pl\/blog\/wp-json\/wp\/v2\/categories?post=22177"},{"taxonomy":"post_tag","embeddable":true,"href":"https:\/\/www.skalnik.pl\/blog\/wp-json\/wp\/v2\/tags?post=22177"},{"taxonomy":"magento_category","embeddable":true,"href":"https:\/\/www.skalnik.pl\/blog\/wp-json\/wp\/v2\/magento_category?post=22177"},{"taxonomy":"magento_product","embeddable":true,"href":"https:\/\/www.skalnik.pl\/blog\/wp-json\/wp\/v2\/magento_product?post=22177"}],"curies":[{"name":"wp","href":"https:\/\/api.w.org\/{rel}","templated":true}]}}