{"id":22310,"date":"2023-03-29T15:00:59","date_gmt":"2023-03-29T13:00:59","guid":{"rendered":"https:\/\/www.skalnik.pl\/blog\/?p=22310"},"modified":"2023-09-04T11:20:45","modified_gmt":"2023-09-04T09:20:45","slug":"babia-gora-szlaki","status":"publish","type":"post","link":"https:\/\/www.skalnik.pl\/blog\/babia-gora-szlaki\/","title":{"rendered":"Babia G\u00f3ra &#8211; szlaki"},"content":{"rendered":"\n<p><strong>Beskidy s\u0105 rozleg\u0142e i zr\u00f3\u017cnicowane. Ale ona jest tylko jedna- Babia G\u00f3ra, Kr\u00f3lowa Beskid\u00f3w, nazywana te\u017c Kapry\u015bnic\u0105 czy Matk\u0105 Niepog\u00f3d. To najwy\u017cszy szczyt Beskid\u00f3w Zachodnich, a wy\u017csze od niej g\u00f3ry wznosz\u0105 si\u0119 w Polsce jedynie w Tatrach. Babia G\u00f3ra to bardzo popularny cel turystycznych wycieczek, a szczeg\u00f3ln\u0105 s\u0142aw\u0105 ciesz\u0105 si\u0119 tutejsze wschody i zachody s\u0142o\u0144ca. Szlak\u00f3w prowadz\u0105cych na szczyt jest kilka i opowiem Ci o nich nieco wi\u0119cej. Zapraszam Ci\u0119 w Beskid \u017bywiecki.<\/strong><\/p>\n\n\n\n<div id=\"ez-toc-container\" class=\"ez-toc-v2_0_85 counter-hierarchy ez-toc-counter ez-toc-light-blue ez-toc-container-direction\">\n<div class=\"ez-toc-title-container\">\n<p class=\"ez-toc-title\" style=\"cursor:inherit\">SPIS TRE\u015aCI <\/p>\n<span class=\"ez-toc-title-toggle\"><a href=\"#\" class=\"ez-toc-pull-right ez-toc-btn ez-toc-btn-xs ez-toc-btn-default ez-toc-toggle\" aria-label=\"Prze\u0142\u0105cznik Spisu Tre\u015bci\"><span class=\"ez-toc-js-icon-con\"><span class=\"\"><span class=\"eztoc-hide\" style=\"display:none;\">Toggle<\/span><span class=\"ez-toc-icon-toggle-span\"><svg style=\"fill: #999;color:#999\" xmlns=\"http:\/\/www.w3.org\/2000\/svg\" class=\"list-377408\" width=\"20px\" height=\"20px\" viewBox=\"0 0 24 24\" fill=\"none\"><path d=\"M6 6H4v2h2V6zm14 0H8v2h12V6zM4 11h2v2H4v-2zm16 0H8v2h12v-2zM4 16h2v2H4v-2zm16 0H8v2h12v-2z\" fill=\"currentColor\"><\/path><\/svg><svg style=\"fill: #999;color:#999\" class=\"arrow-unsorted-368013\" xmlns=\"http:\/\/www.w3.org\/2000\/svg\" width=\"10px\" height=\"10px\" viewBox=\"0 0 24 24\" version=\"1.2\" baseProfile=\"tiny\"><path d=\"M18.2 9.3l-6.2-6.3-6.2 6.3c-.2.2-.3.4-.3.7s.1.5.3.7c.2.2.4.3.7.3h11c.3 0 .5-.1.7-.3.2-.2.3-.5.3-.7s-.1-.5-.3-.7zM5.8 14.7l6.2 6.3 6.2-6.3c.2-.2.3-.5.3-.7s-.1-.5-.3-.7c-.2-.2-.4-.3-.7-.3h-11c-.3 0-.5.1-.7.3-.2.2-.3.5-.3.7s.1.5.3.7z\"\/><\/svg><\/span><\/span><\/span><\/a><\/span><\/div>\n<nav><ul class='ez-toc-list ez-toc-list-level-1 ' ><li class='ez-toc-page-1 ez-toc-heading-level-2'><a class=\"ez-toc-link ez-toc-heading-1\" href=\"https:\/\/www.skalnik.pl\/blog\/babia-gora-szlaki\/#Babia_Gora_%E2%80%93_najwyzszy_szczyt_polskich_Beskidow\" >Babia G\u00f3ra \u2013 najwy\u017cszy szczyt polskich Beskid\u00f3w<\/a><\/li><li class='ez-toc-page-1 ez-toc-heading-level-2'><a class=\"ez-toc-link ez-toc-heading-2\" href=\"https:\/\/www.skalnik.pl\/blog\/babia-gora-szlaki\/#Markowe_Szczawiny-_glowny_wezel_szlakow_na_Babiej_Gorze\" >Markowe Szczawiny- g\u0142\u00f3wny w\u0119ze\u0142 szlak\u00f3w na Babiej G\u00f3rze<\/a><\/li><li class='ez-toc-page-1 ez-toc-heading-level-2'><a class=\"ez-toc-link ez-toc-heading-3\" href=\"https:\/\/www.skalnik.pl\/blog\/babia-gora-szlaki\/#Z_Markowych_Szczawin_przez_Przelecz_Brona\" >Z Markowych Szczawin przez Prze\u0142\u0119cz Brona<\/a><\/li><li class='ez-toc-page-1 ez-toc-heading-level-2'><a class=\"ez-toc-link ez-toc-heading-4\" href=\"https:\/\/www.skalnik.pl\/blog\/babia-gora-szlaki\/#Na_Babia_Gore_Percia_Akademikow\" >Na Babi\u0105 G\u00f3r\u0119 Perci\u0105 Akademik\u00f3w<\/a><\/li><li class='ez-toc-page-1 ez-toc-heading-level-2'><a class=\"ez-toc-link ez-toc-heading-5\" href=\"https:\/\/www.skalnik.pl\/blog\/babia-gora-szlaki\/#Na_Diablak_z_Przeleczy_Krowiarki\" >Na Diablak z Prze\u0142\u0119czy Krowiarki<\/a><\/li><li class='ez-toc-page-1 ez-toc-heading-level-2'><a class=\"ez-toc-link ez-toc-heading-6\" href=\"https:\/\/www.skalnik.pl\/blog\/babia-gora-szlaki\/#Na_Babia_Gore_od_poludnia\" >Na Babi\u0105 G\u00f3r\u0119 od po\u0142udnia<\/a><\/li><li class='ez-toc-page-1 ez-toc-heading-level-2'><a class=\"ez-toc-link ez-toc-heading-7\" href=\"https:\/\/www.skalnik.pl\/blog\/babia-gora-szlaki\/#Babia_Gora_zima\" >Babia G\u00f3ra zim\u0105<\/a><\/li><\/ul><\/nav><\/div>\n<h2 class=\"wp-block-heading\"><span class=\"ez-toc-section\" id=\"Babia_Gora_%E2%80%93_najwyzszy_szczyt_polskich_Beskidow\"><\/span>Babia G\u00f3ra \u2013 najwy\u017cszy szczyt polskich Beskid\u00f3w<span class=\"ez-toc-section-end\"><\/span><\/h2>\n\n\n\n<p>Babia G\u00f3ra ma wysoko\u015b\u0107 1725 m n.p.m. i wznosi si\u0119 w po\u0142udniowo- wschodniej cz\u0119\u015bci Beskidu \u017bywieckiego. Na p\u00f3\u0142noc od niej znajduje si\u0119 jedna z najd\u0142u\u017cszych polskich wsi- Zawoja, za\u015b na po\u0142udnie jej zbocza opadaj\u0105 na polsk\u0105 i s\u0142owack\u0105 Oraw\u0119.<\/p>\n\n\n\n<p>Diablak, bo tak nazywana jest cz\u0119sto szczytowa cz\u0119\u015b\u0107 Babiej G\u00f3ry to jedyne miejsce w polskich Beskidach, gdzie mo\u017cna obserwowa\u0107 pe\u0142ny przekr\u00f3j pi\u0119ter g\u00f3rskiej ro\u015blinno\u015bci, do regla dolnego po skalne rumowiska, a tak\u017ce jedno z nielicznych, gdzie ro\u015bnie kosodrzewina. W krajobrazie masywu bardzo mocno zaznaczy\u0142a si\u0119 dzia\u0142alno\u015b\u0107 lodowca z okresu ostatniego zlodowacenia.<\/p>\n\n\n<div class=\"wp-block-image\">\n<figure class=\"aligncenter size-large\"><img loading=\"lazy\" decoding=\"async\" width=\"1024\" height=\"768\" src=\"https:\/\/www.skalnik.pl\/blog\/wp-content\/uploads\/2023\/03\/aleksandra-saluga-rV1-E6doqn8-unsplash-1024x768.jpg\" alt=\"babia g\u00f3ra widok na tatry\" class=\"wp-image-22312\" srcset=\"https:\/\/www.skalnik.pl\/blog\/wp-content\/uploads\/2023\/03\/aleksandra-saluga-rV1-E6doqn8-unsplash-1024x768.jpg 1024w, https:\/\/www.skalnik.pl\/blog\/wp-content\/uploads\/2023\/03\/aleksandra-saluga-rV1-E6doqn8-unsplash-300x225.jpg 300w, https:\/\/www.skalnik.pl\/blog\/wp-content\/uploads\/2023\/03\/aleksandra-saluga-rV1-E6doqn8-unsplash-768x576.jpg 768w, https:\/\/www.skalnik.pl\/blog\/wp-content\/uploads\/2023\/03\/aleksandra-saluga-rV1-E6doqn8-unsplash-1536x1152.jpg 1536w, https:\/\/www.skalnik.pl\/blog\/wp-content\/uploads\/2023\/03\/aleksandra-saluga-rV1-E6doqn8-unsplash-2048x1536.jpg 2048w\" sizes=\"auto, (max-width: 1024px) 100vw, 1024px\" \/><figcaption class=\"wp-element-caption\"><em>Rozleg\u0142e widoki ze szczytu Babiej G\u00f3ry obejmuj\u0105 g\u00f3ry Polski, S\u0142owacji i Czech (fot. Aleksandra Saluga, Unsplash)<\/em><\/figcaption><\/figure>\n<\/div>\n\n\n<p>Wszystko to sprawia, \u017ce Babia G\u00f3ra jest szczytem wyj\u0105tkowym, a bycie tym \u201enaj\u201d dla Beskidu \u017bywieckiego, Beskid\u00f3w Zachodnich i polskich Beskid\u00f3w dodatkowo podnosi jej atrakcyjno\u015b\u0107 w oczach turyst\u00f3w. Nie mog\u0119 te\u017c nie wspomnie\u0107 o widokach jakie si\u0119 st\u0105d rozci\u0105gaj\u0105. A co wida\u0107 z Babiej G\u00f3ry? Mo\u017ce \u0142atwiej by\u0142oby wymieni\u0107 czego nie wida\u0107. \u015awietnie widoczne s\u0105 oczywi\u015bcie Tatry, ale tak\u017ce s\u0142owackie Ni\u017cne Tatry, Wielka i Ma\u0142a Fatra czy G\u00f3ry Chocza\u0144skie. Z polskich g\u00f3r wida\u0107 Gorce, Beskid Wyspowy, Beskid \u015al\u0105ski, Beskid \u017bywiecki, Beskid S\u0105decki, Pieniny, a jak przypatrzysz si\u0119 bardziej dok\u0142adnie to dostrze\u017cesz te\u017c Beskid Niski, a konkretnie jeden z jego szczyt\u00f3w czyli Che\u0142m nad Grybowem. A teraz kilka niespodzianek (tak, tak mam lekkiego \u015bwira na punkcie dalekich widok\u00f3w). Przy dobrej widoczno\u015bci i odrobinie szcz\u0119\u015bcia z Babiej G\u00f3ry mo\u017cesz \u201ez\u0142apa\u0107\u201d Sudety! \u2013 a konkretnie Pradziada odleg\u0142ego o 175 km oraz\u2026 G\u00f3ry \u015awi\u0119tokrzyskie (\u0141ysica) znajduj\u0105ce si\u0119 w podobnej odleg\u0142o\u015bci.<\/p>\n\n\n\n<p class=\"has-very-light-gray-color has-vivid-cyan-blue-background-color has-text-color has-background\">O Babiej G\u00f3rze pisali\u015bmy ju\u017c w kontek\u015bcie zdobywania Korony G\u00f3r Polski. Zobacz artyku\u0142 &#8222;<strong><a href=\"https:\/\/www.skalnik.pl\/blog\/korona-gor-polski-babia-gora\/\" target=\"_blank\" rel=\"noopener noreferrer\" title=\"\">Korona G\u00f3r Polski &#8211; Babia G\u00f3ra<\/a><\/strong>&#8221; z konkretnym planem na wycieczk\u0119. <\/p>\n\n\n<div class=\"wp-block-image\">\n<figure class=\"aligncenter size-large\"><img loading=\"lazy\" decoding=\"async\" width=\"1024\" height=\"684\" src=\"https:\/\/www.skalnik.pl\/blog\/wp-content\/uploads\/2023\/03\/AdobeStock_274553499-1024x684.jpeg\" alt=\"beskid \u017cywiecki panorama z zachodem s\u0142o\u0144ca\" class=\"wp-image-22313\" srcset=\"https:\/\/www.skalnik.pl\/blog\/wp-content\/uploads\/2023\/03\/AdobeStock_274553499-1024x684.jpeg 1024w, https:\/\/www.skalnik.pl\/blog\/wp-content\/uploads\/2023\/03\/AdobeStock_274553499-300x200.jpeg 300w, https:\/\/www.skalnik.pl\/blog\/wp-content\/uploads\/2023\/03\/AdobeStock_274553499-768x513.jpeg 768w, https:\/\/www.skalnik.pl\/blog\/wp-content\/uploads\/2023\/03\/AdobeStock_274553499-1536x1025.jpeg 1536w, https:\/\/www.skalnik.pl\/blog\/wp-content\/uploads\/2023\/03\/AdobeStock_274553499-2048x1367.jpeg 2048w\" sizes=\"auto, (max-width: 1024px) 100vw, 1024px\" \/><figcaption class=\"wp-element-caption\"><em>Na Babiej G\u00f3rze wyj\u0105tkowo pi\u0119knie jest o wschodzie i zachodzie s\u0142o\u0144ca <\/em><\/figcaption><\/figure>\n<\/div>\n\n\n<p>Zjawiskowe s\u0105 wschody i zachody s\u0142o\u0144ca na Babiej G\u00f3rze, a tak\u017ce widoki w czasie inwersji, gdy wierzcho\u0142ek znajduje si\u0119 ponad chmurami. Poni\u017cej rozci\u0105ga si\u0119 morze mgie\u0142 i chmur, nad kt\u00f3rym stercz\u0105 jedynie wierzcho\u0142ki g\u00f3r. Zobacz teraz jak tam wej\u015b\u0107.<\/p>\n\n\n\n<h2 class=\"wp-block-heading\"><span class=\"ez-toc-section\" id=\"Markowe_Szczawiny-_glowny_wezel_szlakow_na_Babiej_Gorze\"><\/span>Markowe Szczawiny- g\u0142\u00f3wny w\u0119ze\u0142 szlak\u00f3w na Babiej G\u00f3rze<span class=\"ez-toc-section-end\"><\/span><\/h2>\n\n\n\n<p>Najwa\u017cniejszym centrum turystycznym w rejonie Babiej G\u00f3ry jest Zawoja. To du\u017ca i przede wszystkim d\u0142uga wie\u015b le\u017c\u0105ca u jej p\u00f3\u0142nocnych podn\u00f3\u017cy. Ma liczne, rozci\u0105gni\u0119te na d\u0142ugo\u015bci ponad 15 km osiedla, a dogodnymi punktami wyj\u015bcia na Diablak s\u0105 Zawoja Markowa, Zawoja Policzne i Zawoja Czato\u017ca.<\/p>\n\n\n<div class=\"wp-block-image\">\n<figure class=\"aligncenter size-large\"><img loading=\"lazy\" decoding=\"async\" width=\"1024\" height=\"768\" src=\"https:\/\/www.skalnik.pl\/blog\/wp-content\/uploads\/2023\/03\/DSCN7672-1024x768.jpg\" alt=\"schronisko markowe szczawiny\" class=\"wp-image-22314\" srcset=\"https:\/\/www.skalnik.pl\/blog\/wp-content\/uploads\/2023\/03\/DSCN7672-1024x768.jpg 1024w, https:\/\/www.skalnik.pl\/blog\/wp-content\/uploads\/2023\/03\/DSCN7672-300x225.jpg 300w, https:\/\/www.skalnik.pl\/blog\/wp-content\/uploads\/2023\/03\/DSCN7672-768x576.jpg 768w, https:\/\/www.skalnik.pl\/blog\/wp-content\/uploads\/2023\/03\/DSCN7672-1536x1152.jpg 1536w, https:\/\/www.skalnik.pl\/blog\/wp-content\/uploads\/2023\/03\/DSCN7672-2048x1536.jpg 2048w\" sizes=\"auto, (max-width: 1024px) 100vw, 1024px\" \/><figcaption class=\"wp-element-caption\"><em>Schronisko PTTK Markowe Szczawiny (fot. Anna \u015aliwa)<\/em><\/figcaption><\/figure>\n<\/div>\n\n\n<p>Je\u015bli wybierasz si\u0119 na Babi\u0105 G\u00f3r\u0119 od tej strony to na trasie czeka Ci\u0119 wizyta na Markowych Szczawinach, gdzie znajduje si\u0119 w\u0119ze\u0142 szlak\u00f3w i schronisko PTTK.&nbsp; Jak si\u0119 tam dosta\u0107:<\/p>\n\n\n\n<ul class=\"wp-block-list\">\n<li>zielony szlak z Zawoi Markowej \u2013 podej\u015bcie wygodn\u0105 drog\u0105 le\u015bn\u0105, a nast\u0119pnie prowadz\u0105c\u0105 zakosami, momentami do\u015b\u0107 strom\u0105 \u015bcie\u017ck\u0105. Przy wej\u015bciu na szlak znajduje si\u0119 punkt kasowy Babiog\u00f3rskiego Parku Narodowego, parking oraz p\u0119tla autobusowa. Podej\u015bcie do schroniska zajmuje oko\u0142o 1h 15 min, podczas, kt\u00f3rego pokonasz 550 m przewy\u017cszenia.<\/li>\n\n\n\n<li>czarny szlak z Zawoi Policznego \u2013 do\u015b\u0107 d\u0142ugi, ale mniej stromy od szlaku zielonego. Podej\u015bcie nim trwa ok. 2 h przy oko\u0142o 510 m przewy\u017cszenia<\/li>\n\n\n\n<li>niebieski szlak z Zawoi Policznego + ko\u0144c\u00f3wka szlakiem czarnym \u2013 trasa cz\u0119\u015bciowo, w ostatniej godzinie pokrywa si\u0119 z poprzednim szlakiem czarnym. Pocz\u0105tek jest jednak bardziej zr\u00f3\u017cnicowany i prowadzi nie tylko lasem, ale przez dwie malownicze polany Stracon\u0105 Polan\u0119 oraz przysi\u00f3\u0142ek Sulowa Cyrhla. Czas przej\u015bcia to 2 h, a podej\u015bcie oko\u0142o 500 m.<\/li>\n\n\n\n<li>szlak \u017c\u00f3\u0142ty z Zawoi Czato\u017cy \u2013 trwaj\u0105ce 2 h, ale pokonuj\u0105ce zaledwie 360 m przewy\u017cszenia podej\u015bcie do schroniska na Markowych Szczawinach. Podej\u015bcie znajduje si\u0119 jedynie w pierwszej cz\u0119\u015bci trasy (ok. 1h 20 min). Potem szlak wchodzi na wygodny trawers Ma\u0142ej Babiej G\u00f3ry (Cyl) i wraz z G\u0142\u00f3wnym Szlakiem Beskidzkim pod\u0105\u017ca do schroniska.<\/li>\n<\/ul>\n\n\n\n<p>Schronisko PTTK Markowe Szczawiny stoi na wysoko\u015bci 1180 m n.p.m. To nowy, oddany do u\u017cytku w 2010 r. budynek, ale miejsce z histori\u0105. Pierwsze schronisko wybudowa\u0142o tu w 1906 r. Towarzystwo Tatrza\u0144skie, a inicjatorem budowy by\u0142 Hugo Zapa\u0142owicz, jeden z prekursor\u00f3w beskidzkiej turystyki. Budynek by\u0142 kilkukrotnie rozbudowywany, ale na pocz\u0105tku XXI w. podj\u0119to decyzj\u0119 o jego rozbi\u00f3rce i wybudowaniu nowego schroniska.<\/p>\n\n\n\n<p>Je\u015bli planujesz podziwia\u0107 wsch\u00f3d lub zach\u00f3d s\u0142o\u0144ca na Babiej G\u00f3rze, to nocleg na Markowych Szczawinach b\u0119dzie bardzo dobrym pomys\u0142em.<\/p>\n\n\n\n<h2 class=\"wp-block-heading\"><span class=\"ez-toc-section\" id=\"Z_Markowych_Szczawin_przez_Przelecz_Brona\"><\/span>Z Markowych Szczawin przez Prze\u0142\u0119cz Brona<span class=\"ez-toc-section-end\"><\/span><\/h2>\n\n\n\n<p>Najpopularniejsza, ca\u0142oroczna trasa na Babi\u0105 G\u00f3r\u0119 ze schroniska Markowe Szczawiny prowadzi przez Prze\u0142\u0119cz Brona. To fragment G\u0142\u00f3wnego Szlaku Beskidzkiego oznakowanego kolorem czerwonym. Wej\u015bcie zajmuje oko\u0142o 1 h 40 min. Prowadzi pocz\u0105tkowo lasem, do\u015b\u0107 stromo do Prze\u0142\u0119czy Brona, a st\u0105d najpierw w\u015br\u00f3d kos\u00f3wki, a potem skalnymi rumowiskami do ob\u0142ej kopu\u0142y szczytowej Diablaka.<\/p>\n\n\n<div class=\"wp-block-image\">\n<figure class=\"aligncenter size-large\"><img loading=\"lazy\" decoding=\"async\" width=\"1024\" height=\"681\" src=\"https:\/\/www.skalnik.pl\/blog\/wp-content\/uploads\/2023\/03\/tom-jur-SegzMR_hhEA-unsplash-1024x681.jpg\" alt=\"diablak szczyt babiej g\u00f3ry\" class=\"wp-image-22316\" srcset=\"https:\/\/www.skalnik.pl\/blog\/wp-content\/uploads\/2023\/03\/tom-jur-SegzMR_hhEA-unsplash-1024x681.jpg 1024w, https:\/\/www.skalnik.pl\/blog\/wp-content\/uploads\/2023\/03\/tom-jur-SegzMR_hhEA-unsplash-300x200.jpg 300w, https:\/\/www.skalnik.pl\/blog\/wp-content\/uploads\/2023\/03\/tom-jur-SegzMR_hhEA-unsplash-768x511.jpg 768w, https:\/\/www.skalnik.pl\/blog\/wp-content\/uploads\/2023\/03\/tom-jur-SegzMR_hhEA-unsplash-1536x1022.jpg 1536w, https:\/\/www.skalnik.pl\/blog\/wp-content\/uploads\/2023\/03\/tom-jur-SegzMR_hhEA-unsplash.jpg 1920w\" sizes=\"auto, (max-width: 1024px) 100vw, 1024px\" \/><figcaption class=\"wp-element-caption\"><em>Szczyt Babiej G\u00f3ry (fot. Tom Jur, Unsplash)<\/em><\/figcaption><\/figure>\n<\/div>\n\n\n<p>Powy\u017cej lasu szlak wyznakowany jest na tyczkach, kt\u00f3re pomagaj\u0105 szczeg\u00f3lnie podczas mg\u0142y czy przy wi\u0119kszej ilo\u015bci \u015bniegu. Trasa od Prze\u0142\u0119czy Brona, do\u015b\u0107 oczywista przy \u0142adnej pogodzie, potrafi jednak sprawi\u0107 sporo problem\u00f3w przy gorszej widoczno\u015bci wi\u0119c pami\u0119taj by zwraca\u0107 uwag\u0119 na te oznaczenia.<\/p>\n\n\n\n<h2 class=\"wp-block-heading\"><span class=\"ez-toc-section\" id=\"Na_Babia_Gore_Percia_Akademikow\"><\/span>Na Babi\u0105 G\u00f3r\u0119 Perci\u0105 Akademik\u00f3w<span class=\"ez-toc-section-end\"><\/span><\/h2>\n\n\n\n<p>Trudniejszym, ale wyj\u0105tkowo pi\u0119knym szlakiem prowadz\u0105cym od schroniska PTTK Markowe Szczawiny na Babi\u0105 G\u00f3r\u0119 jest oznakowana \u017c\u00f3\u0142tymi znakami Per\u0107 Akademik\u00f3w. Wytyczy\u0142 j\u0105 w 1925 r. W\u0142adys\u0142aw Midowicz i jest to jedyny w Beskidach szlak ubezpieczony \u0142a\u0144cuchami i klamrami. Z tego wzgl\u0119du trasa ta jest jednokierunkowa (do g\u00f3ry) oraz otwarta jedynie od 1 maja do 30 pa\u017adziernika (w razie utrzymuj\u0105cej si\u0119 pokrywy \u015bnie\u017cnej Babiog\u00f3rski PN mo\u017ce zdecydowa\u0107 o przed\u0142u\u017ceniu zamkni\u0119cia).<\/p>\n\n\n<div class=\"wp-block-image\">\n<figure class=\"aligncenter size-large\"><img loading=\"lazy\" decoding=\"async\" width=\"1024\" height=\"770\" src=\"https:\/\/www.skalnik.pl\/blog\/wp-content\/uploads\/2023\/03\/DSCN4433-1024x770.jpg\" alt=\"babia g\u00f3ra per\u0107 akademik\u00f3w\" class=\"wp-image-22315\" srcset=\"https:\/\/www.skalnik.pl\/blog\/wp-content\/uploads\/2023\/03\/DSCN4433-1024x770.jpg 1024w, https:\/\/www.skalnik.pl\/blog\/wp-content\/uploads\/2023\/03\/DSCN4433-300x225.jpg 300w, https:\/\/www.skalnik.pl\/blog\/wp-content\/uploads\/2023\/03\/DSCN4433-768x577.jpg 768w, https:\/\/www.skalnik.pl\/blog\/wp-content\/uploads\/2023\/03\/DSCN4433-1536x1154.jpg 1536w, https:\/\/www.skalnik.pl\/blog\/wp-content\/uploads\/2023\/03\/DSCN4433-2048x1539.jpg 2048w\" sizes=\"auto, (max-width: 1024px) 100vw, 1024px\" \/><figcaption class=\"wp-element-caption\"><em>W niekt\u00f3rych miejscach Perci Akademik\u00f3w spodziewaj si\u0119 \u0142a\u0144cuch\u00f3w i klamer (fot. Anna \u015aliwa)<\/em><\/figcaption><\/figure>\n<\/div>\n\n\n<p>Wej\u015bcie na Diablak Perci\u0105 Akademik\u00f3w wymaga pewnej odporno\u015bci na ekspozycj\u0119 \u2013 w kilku miejscach idzie si\u0119 eksponowan\u0105 p\u00f3\u0142k\u0105 skaln\u0105, ale jednocze\u015bnie jest niezwykle widokowe. Nie jest to trasa polecana dla ma\u0142ych dzieci oraz os\u00f3b maj\u0105cych problemy z l\u0119kiem przestrzeni.<\/p>\n\n\n\n<h2 class=\"wp-block-heading\"><span class=\"ez-toc-section\" id=\"Na_Diablak_z_Przeleczy_Krowiarki\"><\/span>Na Diablak z Prze\u0142\u0119czy Krowiarki<span class=\"ez-toc-section-end\"><\/span><\/h2>\n\n\n\n<p>Drugim bardzo popularnym miejscem startu na Babi\u0105 G\u00f3r\u0119 jest Prze\u0142\u0119cz Krowiarki. Znajduje si\u0119 tu (ok. 100 m poni\u017cej prze\u0142\u0119czy od po\u0142udnia) parking oraz punkt kasowy. Latem doje\u017cd\u017ca te\u017c sezonowa komunikacja z Zawoi. Trasa prowadzi grzbietem masywu z pi\u0119knymi widokami na p\u00f3\u0142noc i po\u0142udnie, wznosz\u0105c si\u0119 i pokonuj\u0105c kolejno Sokolic\u0119 i Kep\u0119 i oznakowana jest czerwonymi znakami (GSB). Najwi\u0119ksze podej\u015bcie pokonuje si\u0119 w lesie nad prze\u0142\u0119cz\u0105, na wej\u015bciu na Sokolic\u0119 (ok. 400 m na 1,5 km d\u0142ugo\u015bci). Dalej grzbiet jest \u0142agodniejszy i kolejne 330 m rozci\u0105gni\u0119te jest ju\u017c na prawie 3 km. Na szczyt z Prze\u0142\u0119czy Krowiarki wchodzi si\u0119 oko\u0142o 2h 20 min.<\/p>\n\n\n<div class=\"wp-block-image\">\n<figure class=\"aligncenter size-large\"><img loading=\"lazy\" decoding=\"async\" width=\"1024\" height=\"769\" src=\"https:\/\/www.skalnik.pl\/blog\/wp-content\/uploads\/2023\/03\/DSCN4458-1024x769.jpg\" alt=\"beskid \u017cywiecki babia g\u00f3ra\" class=\"wp-image-22317\" srcset=\"https:\/\/www.skalnik.pl\/blog\/wp-content\/uploads\/2023\/03\/DSCN4458-1024x769.jpg 1024w, https:\/\/www.skalnik.pl\/blog\/wp-content\/uploads\/2023\/03\/DSCN4458-300x225.jpg 300w, https:\/\/www.skalnik.pl\/blog\/wp-content\/uploads\/2023\/03\/DSCN4458-768x577.jpg 768w, https:\/\/www.skalnik.pl\/blog\/wp-content\/uploads\/2023\/03\/DSCN4458-1536x1153.jpg 1536w, https:\/\/www.skalnik.pl\/blog\/wp-content\/uploads\/2023\/03\/DSCN4458-2048x1538.jpg 2048w\" sizes=\"auto, (max-width: 1024px) 100vw, 1024px\" \/><figcaption class=\"wp-element-caption\"><em>Szlak ze szczytu Babiej G\u00f3ry na Prze\u0142\u0119cz Krowiarki (fot. Anna \u015aliwa)<\/em><\/figcaption><\/figure>\n<\/div>\n\n\n<p>Wr\u00f3ci\u0107 mo\u017cna t\u0105 sam\u0105 drog\u0105 lub schodz\u0105c przez Prze\u0142\u0119cz Brona na Markowe Szczawiny (ok. 1h 10 min) i dalej wygodnym trawersem G\u00f3rnego P\u0142aju (znaki niebieskie) doj\u015b\u0107 po kolejnych 2 h na Krowiarki.<\/p>\n\n\n\n<h2 class=\"wp-block-heading\"><span class=\"ez-toc-section\" id=\"Na_Babia_Gore_od_poludnia\"><\/span>Na Babi\u0105 G\u00f3r\u0119 od po\u0142udnia<span class=\"ez-toc-section-end\"><\/span><\/h2>\n\n\n\n<p>Je\u015bli chcesz wybra\u0107 si\u0119 na Babi\u0105 G\u00f3r\u0119 mniej ucz\u0119szczanymi szlakami mo\u017cesz wybra\u0107 wej\u015bcia od strony polskiej i s\u0142owackiej Orawy.<\/p>\n\n\n\n<ul class=\"wp-block-list\">\n<li>zielony szlak ze Sta\u0144cowej Polany \u2013 pocz\u0105tek znajduje si\u0119 na parkingu na ko\u0144cu wsi Przywar\u00f3wka, obok le\u015bnicz\u00f3wki. Trwaj\u0105ce 2h 40 min, m\u0119cz\u0105ce podej\u015bcie prowadzi lasami na zboczach Diablaka, a nast\u0119pnie przez zaro\u015bla kosodrzewiny. Na wysoko\u015bci 1616 m n.p.m. szlak mija pozosta\u0142o\u015bci pierwszego babiog\u00f3rskiego schroniska wybudowanego w 1904 r. przez Beskidenverein, a nieco wy\u017cej \u017ar\u00f3d\u0142o G\u0142odna Woda.&nbsp;<\/li>\n\n\n\n<li>\u017c\u00f3\u0142ty szlak z parkingu przy Muzeum Hviezdoslava i Milo Urbana w Orawskiej P\u00f3\u0142gorze (Oravska Polhora) \u2013 szlak prowadzi przez s\u0142owackie zbocza Babiej G\u00f3ry, a na trasie znajduj\u0105 si\u0119 dwie wie\u017ce widokowe oraz wychodnie skalne. Wej\u015bcie zajmuje ponad 3 h, a powr\u00f3t o po\u0142ow\u0119 mniej.<\/li>\n<\/ul>\n\n\n\n<h2 class=\"wp-block-heading\"><span class=\"ez-toc-section\" id=\"Babia_Gora_zima\"><\/span>Babia G\u00f3ra zim\u0105<span class=\"ez-toc-section-end\"><\/span><\/h2>\n\n\n\n<p>Najwy\u017cszy szczyt Beskid\u00f3w kusi o ka\u017cdej porze roku, a w ostatnich latach jest coraz ch\u0119tniej odwiedzany tak\u017ce zim\u0105. I nie ma si\u0119 co dziwi\u0107. Jest tu w\u00f3wczas zjawiskowo. Do wej\u015b\u0107 zimowych najlepsze s\u0105 szlaki:<\/p>\n\n\n\n<ul class=\"wp-block-list\">\n<li> czerwony od Prze\u0142\u0119czy Krowiarki<\/li>\n\n\n\n<li>czerwony przez Prze\u0142\u0119cz Brona od schroniska Markowe Szczawiny<\/li>\n<\/ul>\n\n\n\n<p>Per\u0107 Akademik\u00f3w zim\u0105 jest zamkni\u0119ta. <\/p>\n\n\n\n<p>W styczniu 2023 r. Babiog\u00f3rski PN og\u0142osi\u0142 pilota\u017cowy program udost\u0119pniania szlak\u00f3w skiturowych na Babiej G\u00f3rze w okresie zimowym. Informacje o przebiegu szlak\u00f3w skiturowych i zasadach na nich panuj\u0105cych znajduj\u0105 si\u0119 na stronie Parku. <\/p>\n\n\n\n<p class=\"has-very-light-gray-color has-vivid-cyan-blue-background-color has-text-color has-background\">Wi\u0119cej informacji o Babiej G\u00f3rze na skiturach znajdziesz, gdy &#8211;&gt; <strong><a href=\"https:\/\/www.skalnik.pl\/blog\/babia-gora-skitury\/\" target=\"_blank\" rel=\"noopener noreferrer\" title=\"\">klikniesz tutaj<\/a><\/strong>.<\/p>\n\n\n<div class=\"wp-block-image\">\n<figure class=\"aligncenter size-large\"><img loading=\"lazy\" decoding=\"async\" width=\"1024\" height=\"768\" src=\"https:\/\/www.skalnik.pl\/blog\/wp-content\/uploads\/2023\/03\/P2222159-min-1024x768.jpg\" alt=\"zimowy krajobraz na babiej g\u00f3rze\" class=\"wp-image-22318\" srcset=\"https:\/\/www.skalnik.pl\/blog\/wp-content\/uploads\/2023\/03\/P2222159-min-1024x768.jpg 1024w, https:\/\/www.skalnik.pl\/blog\/wp-content\/uploads\/2023\/03\/P2222159-min-300x225.jpg 300w, https:\/\/www.skalnik.pl\/blog\/wp-content\/uploads\/2023\/03\/P2222159-min-768x576.jpg 768w, https:\/\/www.skalnik.pl\/blog\/wp-content\/uploads\/2023\/03\/P2222159-min-1536x1152.jpg 1536w, https:\/\/www.skalnik.pl\/blog\/wp-content\/uploads\/2023\/03\/P2222159-min-2048x1536.jpg 2048w\" sizes=\"auto, (max-width: 1024px) 100vw, 1024px\" \/><figcaption class=\"wp-element-caption\"><em>Zimowy poranek na Babiej G\u00f3rze (fot. Anna \u015aliwa)<\/em><\/figcaption><\/figure>\n<\/div>\n\n\n<p>Pami\u0119taj, \u017ce zim\u0105 Diablak jest zdradliwy. Wiej\u0105 tu bardzo mocne wiatry, a na grzbiecie szybko mo\u017cna si\u0119 wych\u0142odzi\u0107. Dodatkowym utrudnieniem jest pojawiaj\u0105ce si\u0119 oblodzenie (minimum raczki to tu punkt obowi\u0105zkowy), a z drugiej strony, po obfitych opadach \u015bniegu zaspy. Planuj\u0105c wyj\u015bcia zimowe zwracaj szczeg\u00f3ln\u0105 uwag\u0119 na prognozy pogody- przy ograniczonej widoczno\u015bci na grzbiecie \u0142atwo si\u0119 zgubi\u0107.<\/p>\n\n\n\n<p>Przy dobrej pogodzie zim\u0105 polecam Ci wyj\u015bcia na wsch\u00f3d lub zach\u00f3d s\u0142o\u0144ca (pami\u0119taj o czo\u0142\u00f3wce!) poniewa\u017c nie trzeba w\u00f3wczas zarywa\u0107 nocy.<\/p>\n\n\n\n<hr class=\"wp-block-separator has-css-opacity is-style-dots\"\/>\n\n\n\n<p>Niezale\u017cnie, kt\u00f3ry szlak na Babi\u0105 G\u00f3r\u0119 wybierzesz, na pewno si\u0119 nie zawiedziesz. Widoki z Diablaka wynagradzaj\u0105 zm\u0119czenie spowodowane w\u0119dr\u00f3wk\u0105. A satysfakcja z wej\u015bcia na najwy\u017cszy szczyt polskich Beskid\u00f3w na pewno b\u0119dzie r\u00f3wnie du\u017ca.&nbsp;<\/p>\n\n\n\n<p class=\"has-very-light-gray-color has-vivid-cyan-blue-background-color has-text-color has-background\">Babia G\u00f3ra jest szczytem Korony G\u00f3r Polski. Podejmij wyzwanie, skompletuj Koron\u0119, ale zanim to zrobisz, zobacz nasze artyku\u0142y dotycz\u0105cej KGP &#8211;&gt; <strong><a href=\"https:\/\/www.skalnik.pl\/blog\/tag\/korona-gor-polski\/\" target=\"_blank\" rel=\"noopener noreferrer\" title=\"\">kliknij tutaj<\/a><\/strong>. <\/p>\n","protected":false},"excerpt":{"rendered":"<p>Masz w planach wej\u015bcie na najwy\u017cszy szczyt polskich Beskid\u00f3w? Zajrzyj do naszego przegl\u0105du szlak\u00f3w na Babiej G\u00f3rze. <\/p>\n","protected":false},"author":41,"featured_media":22311,"comment_status":"open","ping_status":"open","sticky":false,"template":"","format":"standard","meta":{"_acf_changed":false,"footnotes":""},"categories":[84],"tags":[28],"magento_category":[],"magento_product":[],"class_list":["post-22310","post","type-post","status-publish","format-standard","has-post-thumbnail","hentry","category-pasja","tag-gory"],"acf":[],"aioseo_notices":[],"aioseo_head":"\n\t\t<!-- All in One SEO 4.9.10 - aioseo.com -->\n\t<meta name=\"description\" content=\"Babia G\u00f3ra to najwy\u017cszy szczyt polskich Beskid\u00f3w i popularny cel wycieczek. Poznaj trasy prowadz\u0105ce na Babi\u0105 G\u00f3r\u0119 i ruszaj na szlak. Zaplanuj wycieczk\u0119 na Babi\u0105 G\u00f3r\u0119.\" \/>\n\t<meta name=\"robots\" content=\"max-image-preview:large\" \/>\n\t<meta name=\"author\" content=\"Anna \u015aliwa\"\/>\n\t<link rel=\"canonical\" href=\"https:\/\/www.skalnik.pl\/blog\/babia-gora-szlaki\/\" \/>\n\t<meta name=\"generator\" content=\"All in One SEO (AIOSEO) 4.9.10\" \/>\n\t\t<meta property=\"og:locale\" content=\"pl_PL\" \/>\n\t\t<meta property=\"og:site_name\" content=\"blog Skalnik - Blog, porady, artyku\u0142y - blog Skalnik\" \/>\n\t\t<meta property=\"og:type\" content=\"article\" \/>\n\t\t<meta property=\"og:title\" content=\"Babia G\u00f3ra \u2013 szlaki - blog Skalnik\" \/>\n\t\t<meta property=\"og:description\" content=\"Babia G\u00f3ra to najwy\u017cszy szczyt polskich Beskid\u00f3w i popularny cel wycieczek. Poznaj trasy prowadz\u0105ce na Babi\u0105 G\u00f3r\u0119 i ruszaj na szlak. Zaplanuj wycieczk\u0119 na Babi\u0105 G\u00f3r\u0119.\" \/>\n\t\t<meta property=\"og:url\" content=\"https:\/\/www.skalnik.pl\/blog\/babia-gora-szlaki\/\" \/>\n\t\t<meta property=\"og:image\" content=\"https:\/\/www.skalnik.pl\/blog\/wp-content\/uploads\/2023\/03\/aleksandra-saluga-rV1-E6doqn8-unsplash-1024x768.jpg\" \/>\n\t\t<meta property=\"og:image:secure_url\" content=\"https:\/\/www.skalnik.pl\/blog\/wp-content\/uploads\/2023\/03\/aleksandra-saluga-rV1-E6doqn8-unsplash-1024x768.jpg\" \/>\n\t\t<meta property=\"article:tag\" content=\"pasja\" \/>\n\t\t<meta property=\"article:tag\" content=\"g\u00f3ry\" \/>\n\t\t<meta property=\"article:published_time\" content=\"2023-03-29T13:00:59+00:00\" \/>\n\t\t<meta property=\"article:modified_time\" content=\"2023-09-04T09:20:45+00:00\" \/>\n\t\t<meta name=\"twitter:card\" content=\"summary_large_image\" \/>\n\t\t<meta name=\"twitter:title\" content=\"Babia G\u00f3ra \u2013 szlaki - blog Skalnik\" \/>\n\t\t<meta name=\"twitter:description\" content=\"Babia G\u00f3ra to najwy\u017cszy szczyt polskich Beskid\u00f3w i popularny cel wycieczek. Poznaj trasy prowadz\u0105ce na Babi\u0105 G\u00f3r\u0119 i ruszaj na szlak. Zaplanuj wycieczk\u0119 na Babi\u0105 G\u00f3r\u0119.\" \/>\n\t\t<meta name=\"twitter:image\" content=\"https:\/\/www.skalnik.pl\/blog\/wp-content\/uploads\/2023\/03\/aleksandra-saluga-rV1-E6doqn8-unsplash-1024x768.jpg\" \/>\n\t\t<script type=\"application\/ld+json\" class=\"aioseo-schema\">\n\t\t\t{\"@context\":\"https:\\\/\\\/schema.org\",\"@graph\":[{\"@type\":\"BlogPosting\",\"@id\":\"https:\\\/\\\/www.skalnik.pl\\\/blog\\\/babia-gora-szlaki\\\/#blogposting\",\"name\":\"Babia G\\u00f3ra \\u2013 szlaki - blog Skalnik\",\"headline\":\"Babia G\\u00f3ra &#8211; szlaki\",\"author\":{\"@id\":\"https:\\\/\\\/www.skalnik.pl\\\/blog\\\/author\\\/anna-sliwa\\\/#author\"},\"publisher\":{\"@id\":\"https:\\\/\\\/www.skalnik.pl\\\/blog\\\/#organization\"},\"image\":{\"@type\":\"ImageObject\",\"url\":\"https:\\\/\\\/www.skalnik.pl\\\/blog\\\/wp-content\\\/uploads\\\/2023\\\/03\\\/tom-jur-kB9krMJYcAQ-unsplash.jpg\",\"width\":1916,\"height\":703},\"datePublished\":\"2023-03-29T15:00:59+02:00\",\"dateModified\":\"2023-09-04T11:20:45+02:00\",\"inLanguage\":\"pl-PL\",\"mainEntityOfPage\":{\"@id\":\"https:\\\/\\\/www.skalnik.pl\\\/blog\\\/babia-gora-szlaki\\\/#webpage\"},\"isPartOf\":{\"@id\":\"https:\\\/\\\/www.skalnik.pl\\\/blog\\\/babia-gora-szlaki\\\/#webpage\"},\"articleSection\":\"Pasja, g\\u00f3ry\"},{\"@type\":\"BreadcrumbList\",\"@id\":\"https:\\\/\\\/www.skalnik.pl\\\/blog\\\/babia-gora-szlaki\\\/#breadcrumblist\",\"itemListElement\":[{\"@type\":\"ListItem\",\"@id\":\"https:\\\/\\\/www.skalnik.pl\\\/blog#listItem\",\"position\":1,\"name\":\"Home\",\"item\":\"https:\\\/\\\/www.skalnik.pl\\\/blog\",\"nextItem\":{\"@type\":\"ListItem\",\"@id\":\"https:\\\/\\\/www.skalnik.pl\\\/blog\\\/.\\\/pasja\\\/#listItem\",\"name\":\"Pasja\"}},{\"@type\":\"ListItem\",\"@id\":\"https:\\\/\\\/www.skalnik.pl\\\/blog\\\/.\\\/pasja\\\/#listItem\",\"position\":2,\"name\":\"Pasja\",\"item\":\"https:\\\/\\\/www.skalnik.pl\\\/blog\\\/.\\\/pasja\\\/\",\"nextItem\":{\"@type\":\"ListItem\",\"@id\":\"https:\\\/\\\/www.skalnik.pl\\\/blog\\\/babia-gora-szlaki\\\/#listItem\",\"name\":\"Babia G\\u00f3ra &#8211; szlaki\"},\"previousItem\":{\"@type\":\"ListItem\",\"@id\":\"https:\\\/\\\/www.skalnik.pl\\\/blog#listItem\",\"name\":\"Home\"}},{\"@type\":\"ListItem\",\"@id\":\"https:\\\/\\\/www.skalnik.pl\\\/blog\\\/babia-gora-szlaki\\\/#listItem\",\"position\":3,\"name\":\"Babia G\\u00f3ra &#8211; szlaki\",\"previousItem\":{\"@type\":\"ListItem\",\"@id\":\"https:\\\/\\\/www.skalnik.pl\\\/blog\\\/.\\\/pasja\\\/#listItem\",\"name\":\"Pasja\"}}]},{\"@type\":\"Organization\",\"@id\":\"https:\\\/\\\/www.skalnik.pl\\\/blog\\\/#organization\",\"name\":\"blog Skalnik\",\"description\":\"Blog, porady, artyku\\u0142y - blog Skalnik\",\"url\":\"https:\\\/\\\/www.skalnik.pl\\\/blog\\\/\"},{\"@type\":\"Person\",\"@id\":\"https:\\\/\\\/www.skalnik.pl\\\/blog\\\/author\\\/anna-sliwa\\\/#author\",\"url\":\"https:\\\/\\\/www.skalnik.pl\\\/blog\\\/author\\\/anna-sliwa\\\/\",\"name\":\"Anna \\u015aliwa\",\"image\":{\"@type\":\"ImageObject\",\"@id\":\"https:\\\/\\\/www.skalnik.pl\\\/blog\\\/babia-gora-szlaki\\\/#authorImage\",\"url\":\"https:\\\/\\\/secure.gravatar.com\\\/avatar\\\/e8300be3de710e2e109e5dfbf092dcf827242ec8071807a1e13f6b3f7c9bbd79?s=96&d=mm&r=g\",\"width\":96,\"height\":96,\"caption\":\"Anna \\u015aliwa\"}},{\"@type\":\"WebPage\",\"@id\":\"https:\\\/\\\/www.skalnik.pl\\\/blog\\\/babia-gora-szlaki\\\/#webpage\",\"url\":\"https:\\\/\\\/www.skalnik.pl\\\/blog\\\/babia-gora-szlaki\\\/\",\"name\":\"Babia G\\u00f3ra \\u2013 szlaki - blog Skalnik\",\"description\":\"Babia G\\u00f3ra to najwy\\u017cszy szczyt polskich Beskid\\u00f3w i popularny cel wycieczek. Poznaj trasy prowadz\\u0105ce na Babi\\u0105 G\\u00f3r\\u0119 i ruszaj na szlak. Zaplanuj wycieczk\\u0119 na Babi\\u0105 G\\u00f3r\\u0119.\",\"inLanguage\":\"pl-PL\",\"isPartOf\":{\"@id\":\"https:\\\/\\\/www.skalnik.pl\\\/blog\\\/#website\"},\"breadcrumb\":{\"@id\":\"https:\\\/\\\/www.skalnik.pl\\\/blog\\\/babia-gora-szlaki\\\/#breadcrumblist\"},\"author\":{\"@id\":\"https:\\\/\\\/www.skalnik.pl\\\/blog\\\/author\\\/anna-sliwa\\\/#author\"},\"creator\":{\"@id\":\"https:\\\/\\\/www.skalnik.pl\\\/blog\\\/author\\\/anna-sliwa\\\/#author\"},\"image\":{\"@type\":\"ImageObject\",\"url\":\"https:\\\/\\\/www.skalnik.pl\\\/blog\\\/wp-content\\\/uploads\\\/2023\\\/03\\\/tom-jur-kB9krMJYcAQ-unsplash.jpg\",\"@id\":\"https:\\\/\\\/www.skalnik.pl\\\/blog\\\/babia-gora-szlaki\\\/#mainImage\",\"width\":1916,\"height\":703},\"primaryImageOfPage\":{\"@id\":\"https:\\\/\\\/www.skalnik.pl\\\/blog\\\/babia-gora-szlaki\\\/#mainImage\"},\"datePublished\":\"2023-03-29T15:00:59+02:00\",\"dateModified\":\"2023-09-04T11:20:45+02:00\"},{\"@type\":\"WebSite\",\"@id\":\"https:\\\/\\\/www.skalnik.pl\\\/blog\\\/#website\",\"url\":\"https:\\\/\\\/www.skalnik.pl\\\/blog\\\/\",\"name\":\"blog Skalnik\",\"description\":\"Blog, porady, artyku\\u0142y - blog Skalnik\",\"inLanguage\":\"pl-PL\",\"publisher\":{\"@id\":\"https:\\\/\\\/www.skalnik.pl\\\/blog\\\/#organization\"}}]}\n\t\t<\/script>\n\t\t<!-- All in One SEO -->\n\n","aioseo_head_json":{"title":"Babia G\u00f3ra \u2013 szlaki - blog Skalnik","description":"Babia G\u00f3ra to najwy\u017cszy szczyt polskich Beskid\u00f3w i popularny cel wycieczek. Poznaj trasy prowadz\u0105ce na Babi\u0105 G\u00f3r\u0119 i ruszaj na szlak. Zaplanuj wycieczk\u0119 na Babi\u0105 G\u00f3r\u0119.","canonical_url":"https:\/\/www.skalnik.pl\/blog\/babia-gora-szlaki\/","robots":"max-image-preview:large","keywords":"","webmasterTools":{"miscellaneous":""},"schema":{"@context":"https:\/\/schema.org","@graph":[{"@type":"BlogPosting","@id":"https:\/\/www.skalnik.pl\/blog\/babia-gora-szlaki\/#blogposting","name":"Babia G\u00f3ra \u2013 szlaki - blog Skalnik","headline":"Babia G\u00f3ra &#8211; szlaki","author":{"@id":"https:\/\/www.skalnik.pl\/blog\/author\/anna-sliwa\/#author"},"publisher":{"@id":"https:\/\/www.skalnik.pl\/blog\/#organization"},"image":{"@type":"ImageObject","url":"https:\/\/www.skalnik.pl\/blog\/wp-content\/uploads\/2023\/03\/tom-jur-kB9krMJYcAQ-unsplash.jpg","width":1916,"height":703},"datePublished":"2023-03-29T15:00:59+02:00","dateModified":"2023-09-04T11:20:45+02:00","inLanguage":"pl-PL","mainEntityOfPage":{"@id":"https:\/\/www.skalnik.pl\/blog\/babia-gora-szlaki\/#webpage"},"isPartOf":{"@id":"https:\/\/www.skalnik.pl\/blog\/babia-gora-szlaki\/#webpage"},"articleSection":"Pasja, g\u00f3ry"},{"@type":"BreadcrumbList","@id":"https:\/\/www.skalnik.pl\/blog\/babia-gora-szlaki\/#breadcrumblist","itemListElement":[{"@type":"ListItem","@id":"https:\/\/www.skalnik.pl\/blog#listItem","position":1,"name":"Home","item":"https:\/\/www.skalnik.pl\/blog","nextItem":{"@type":"ListItem","@id":"https:\/\/www.skalnik.pl\/blog\/.\/pasja\/#listItem","name":"Pasja"}},{"@type":"ListItem","@id":"https:\/\/www.skalnik.pl\/blog\/.\/pasja\/#listItem","position":2,"name":"Pasja","item":"https:\/\/www.skalnik.pl\/blog\/.\/pasja\/","nextItem":{"@type":"ListItem","@id":"https:\/\/www.skalnik.pl\/blog\/babia-gora-szlaki\/#listItem","name":"Babia G\u00f3ra &#8211; szlaki"},"previousItem":{"@type":"ListItem","@id":"https:\/\/www.skalnik.pl\/blog#listItem","name":"Home"}},{"@type":"ListItem","@id":"https:\/\/www.skalnik.pl\/blog\/babia-gora-szlaki\/#listItem","position":3,"name":"Babia G\u00f3ra &#8211; szlaki","previousItem":{"@type":"ListItem","@id":"https:\/\/www.skalnik.pl\/blog\/.\/pasja\/#listItem","name":"Pasja"}}]},{"@type":"Organization","@id":"https:\/\/www.skalnik.pl\/blog\/#organization","name":"blog Skalnik","description":"Blog, porady, artyku\u0142y - blog Skalnik","url":"https:\/\/www.skalnik.pl\/blog\/"},{"@type":"Person","@id":"https:\/\/www.skalnik.pl\/blog\/author\/anna-sliwa\/#author","url":"https:\/\/www.skalnik.pl\/blog\/author\/anna-sliwa\/","name":"Anna \u015aliwa","image":{"@type":"ImageObject","@id":"https:\/\/www.skalnik.pl\/blog\/babia-gora-szlaki\/#authorImage","url":"https:\/\/secure.gravatar.com\/avatar\/e8300be3de710e2e109e5dfbf092dcf827242ec8071807a1e13f6b3f7c9bbd79?s=96&d=mm&r=g","width":96,"height":96,"caption":"Anna \u015aliwa"}},{"@type":"WebPage","@id":"https:\/\/www.skalnik.pl\/blog\/babia-gora-szlaki\/#webpage","url":"https:\/\/www.skalnik.pl\/blog\/babia-gora-szlaki\/","name":"Babia G\u00f3ra \u2013 szlaki - blog Skalnik","description":"Babia G\u00f3ra to najwy\u017cszy szczyt polskich Beskid\u00f3w i popularny cel wycieczek. Poznaj trasy prowadz\u0105ce na Babi\u0105 G\u00f3r\u0119 i ruszaj na szlak. Zaplanuj wycieczk\u0119 na Babi\u0105 G\u00f3r\u0119.","inLanguage":"pl-PL","isPartOf":{"@id":"https:\/\/www.skalnik.pl\/blog\/#website"},"breadcrumb":{"@id":"https:\/\/www.skalnik.pl\/blog\/babia-gora-szlaki\/#breadcrumblist"},"author":{"@id":"https:\/\/www.skalnik.pl\/blog\/author\/anna-sliwa\/#author"},"creator":{"@id":"https:\/\/www.skalnik.pl\/blog\/author\/anna-sliwa\/#author"},"image":{"@type":"ImageObject","url":"https:\/\/www.skalnik.pl\/blog\/wp-content\/uploads\/2023\/03\/tom-jur-kB9krMJYcAQ-unsplash.jpg","@id":"https:\/\/www.skalnik.pl\/blog\/babia-gora-szlaki\/#mainImage","width":1916,"height":703},"primaryImageOfPage":{"@id":"https:\/\/www.skalnik.pl\/blog\/babia-gora-szlaki\/#mainImage"},"datePublished":"2023-03-29T15:00:59+02:00","dateModified":"2023-09-04T11:20:45+02:00"},{"@type":"WebSite","@id":"https:\/\/www.skalnik.pl\/blog\/#website","url":"https:\/\/www.skalnik.pl\/blog\/","name":"blog Skalnik","description":"Blog, porady, artyku\u0142y - blog Skalnik","inLanguage":"pl-PL","publisher":{"@id":"https:\/\/www.skalnik.pl\/blog\/#organization"}}]},"og:locale":"pl_PL","og:site_name":"blog Skalnik - Blog, porady, artyku\u0142y - blog Skalnik","og:type":"article","og:title":"Babia G\u00f3ra \u2013 szlaki - blog Skalnik","og:description":"Babia G\u00f3ra to najwy\u017cszy szczyt polskich Beskid\u00f3w i popularny cel wycieczek. Poznaj trasy prowadz\u0105ce na Babi\u0105 G\u00f3r\u0119 i ruszaj na szlak. Zaplanuj wycieczk\u0119 na Babi\u0105 G\u00f3r\u0119.","og:url":"https:\/\/www.skalnik.pl\/blog\/babia-gora-szlaki\/","og:image":"https:\/\/www.skalnik.pl\/blog\/wp-content\/uploads\/2023\/03\/aleksandra-saluga-rV1-E6doqn8-unsplash-1024x768.jpg","og:image:secure_url":"https:\/\/www.skalnik.pl\/blog\/wp-content\/uploads\/2023\/03\/aleksandra-saluga-rV1-E6doqn8-unsplash-1024x768.jpg","article:tag":["pasja","g\u00f3ry"],"article:published_time":"2023-03-29T13:00:59+00:00","article:modified_time":"2023-09-04T09:20:45+00:00","twitter:card":"summary_large_image","twitter:title":"Babia G\u00f3ra \u2013 szlaki - blog Skalnik","twitter:description":"Babia G\u00f3ra to najwy\u017cszy szczyt polskich Beskid\u00f3w i popularny cel wycieczek. Poznaj trasy prowadz\u0105ce na Babi\u0105 G\u00f3r\u0119 i ruszaj na szlak. Zaplanuj wycieczk\u0119 na Babi\u0105 G\u00f3r\u0119.","twitter:image":"https:\/\/www.skalnik.pl\/blog\/wp-content\/uploads\/2023\/03\/aleksandra-saluga-rV1-E6doqn8-unsplash-1024x768.jpg"},"aioseo_meta_data":{"post_id":"22310","title":null,"description":"Babia G\u00f3ra to najwy\u017cszy szczyt polskich Beskid\u00f3w i popularny cel wycieczek. Poznaj trasy prowadz\u0105ce na Babi\u0105 G\u00f3r\u0119 i ruszaj na szlak. Zaplanuj wycieczk\u0119 na Babi\u0105 G\u00f3r\u0119.","keywords":[{"label":"Babia G\u00f3ra","value":"Babia G\u00f3ra"},{"label":"Beskidy","value":"Beskidy"},{"label":"szlaki w Beskidach","value":"szlaki w Beskidach"},{"label":"Beskid \u017bywiecki","value":"Beskid \u017bywiecki"},{"label":"","value":""}],"keyphrases":{"focus":{"keyphrase":"babia g\u00f3ra","score":90,"analysis":{"keyphraseInTitle":{"score":9,"maxScore":9,"error":0},"keyphraseInDescription":{"score":9,"maxScore":9,"error":0},"keyphraseLength":{"score":9,"maxScore":9,"error":0,"length":2},"keyphraseInURL":{"score":5,"maxScore":5,"error":0},"keyphraseInIntroduction":{"score":9,"maxScore":9,"error":0},"keyphraseInSubHeadings":{"score":3,"maxScore":9,"error":1},"keyphraseInImageAlt":{"score":9,"maxScore":9,"error":0}}},"additional":[]},"primary_term":null,"canonical_url":null,"og_title":null,"og_description":null,"og_object_type":"default","og_image_type":"default","og_image_url":null,"og_image_width":null,"og_image_height":null,"og_image_custom_url":null,"og_image_custom_fields":null,"og_video":"","og_custom_url":null,"og_article_section":null,"og_article_tags":[],"twitter_use_og":false,"twitter_card":"default","twitter_image_type":"default","twitter_image_url":null,"twitter_image_custom_url":null,"twitter_image_custom_fields":null,"twitter_title":null,"twitter_description":null,"schema":{"blockGraphs":[],"customGraphs":[],"default":{"data":{"Article":[],"Course":[],"Dataset":[],"FAQPage":[],"Movie":[],"Person":[],"Product":[],"ProductReview":[],"Car":[],"Recipe":[],"Service":[],"SoftwareApplication":[],"WebPage":[]},"graphName":"","isEnabled":true},"graphs":[]},"schema_type":"default","schema_type_options":null,"pillar_content":false,"robots_default":true,"robots_noindex":false,"robots_noarchive":false,"robots_nosnippet":false,"robots_nofollow":false,"robots_noimageindex":false,"robots_noodp":false,"robots_notranslate":false,"robots_max_snippet":"-1","robots_max_videopreview":"-1","robots_max_imagepreview":"large","priority":null,"frequency":"default","local_seo":null,"breadcrumb_settings":null,"limit_modified_date":false,"ai":null,"created":"2023-03-21 13:36:17","updated":"2026-02-17 22:35:26","seo_analyzer_scan_date":null},"aioseo_breadcrumb":"<div class=\"aioseo-breadcrumbs\"><span class=\"aioseo-breadcrumb\">\n\t\t\t<a href=\"https:\/\/www.skalnik.pl\/blog\" title=\"Home\">Home<\/a>\n\t\t<\/span><span class=\"aioseo-breadcrumb-separator\">&raquo;<\/span><span class=\"aioseo-breadcrumb\">\n\t\t\t<a href=\"https:\/\/www.skalnik.pl\/blog\/.\/pasja\/\" title=\"Pasja\">Pasja<\/a>\n\t\t<\/span><span class=\"aioseo-breadcrumb-separator\">&raquo;<\/span><span class=\"aioseo-breadcrumb\">\n\t\t\tBabia G\u00f3ra \u2013 szlaki\n\t\t<\/span><\/div>","aioseo_breadcrumb_json":[{"label":"Home","link":"https:\/\/www.skalnik.pl\/blog"},{"label":"Pasja","link":"https:\/\/www.skalnik.pl\/blog\/.\/pasja\/"},{"label":"Babia G\u00f3ra &#8211; szlaki","link":"https:\/\/www.skalnik.pl\/blog\/babia-gora-szlaki\/"}],"_links":{"self":[{"href":"https:\/\/www.skalnik.pl\/blog\/wp-json\/wp\/v2\/posts\/22310","targetHints":{"allow":["GET"]}}],"collection":[{"href":"https:\/\/www.skalnik.pl\/blog\/wp-json\/wp\/v2\/posts"}],"about":[{"href":"https:\/\/www.skalnik.pl\/blog\/wp-json\/wp\/v2\/types\/post"}],"author":[{"embeddable":true,"href":"https:\/\/www.skalnik.pl\/blog\/wp-json\/wp\/v2\/users\/41"}],"replies":[{"embeddable":true,"href":"https:\/\/www.skalnik.pl\/blog\/wp-json\/wp\/v2\/comments?post=22310"}],"version-history":[{"count":5,"href":"https:\/\/www.skalnik.pl\/blog\/wp-json\/wp\/v2\/posts\/22310\/revisions"}],"predecessor-version":[{"id":24160,"href":"https:\/\/www.skalnik.pl\/blog\/wp-json\/wp\/v2\/posts\/22310\/revisions\/24160"}],"wp:featuredmedia":[{"embeddable":true,"href":"https:\/\/www.skalnik.pl\/blog\/wp-json\/wp\/v2\/media\/22311"}],"wp:attachment":[{"href":"https:\/\/www.skalnik.pl\/blog\/wp-json\/wp\/v2\/media?parent=22310"}],"wp:term":[{"taxonomy":"category","embeddable":true,"href":"https:\/\/www.skalnik.pl\/blog\/wp-json\/wp\/v2\/categories?post=22310"},{"taxonomy":"post_tag","embeddable":true,"href":"https:\/\/www.skalnik.pl\/blog\/wp-json\/wp\/v2\/tags?post=22310"},{"taxonomy":"magento_category","embeddable":true,"href":"https:\/\/www.skalnik.pl\/blog\/wp-json\/wp\/v2\/magento_category?post=22310"},{"taxonomy":"magento_product","embeddable":true,"href":"https:\/\/www.skalnik.pl\/blog\/wp-json\/wp\/v2\/magento_product?post=22310"}],"curies":[{"name":"wp","href":"https:\/\/api.w.org\/{rel}","templated":true}]}}