{"id":22343,"date":"2023-03-10T08:31:01","date_gmt":"2023-03-10T07:31:01","guid":{"rendered":"https:\/\/www.skalnik.pl\/blog\/?p=22343"},"modified":"2023-03-10T08:33:31","modified_gmt":"2023-03-10T07:33:31","slug":"plecaki-salewa-przeglad-kolekcji","status":"publish","type":"post","link":"https:\/\/www.skalnik.pl\/blog\/plecaki-salewa-przeglad-kolekcji\/","title":{"rendered":"Plecaki Salewa &#8211; przegl\u0105d kolekcji"},"content":{"rendered":"\n<p><strong>Salewa to jedna z najbardziej rozpoznawalnych outdoorowych marek na \u015bwiecie. G\u00f3ry s\u0105 wpisane w jej DNA, a sama nazwa jest synonimem funkcjonalno\u015bci i solidno\u015bci. W szerokiej ofercie marki od ponad p\u00f3\u0142 wieku niezwykle wa\u017cne miejsce zajmuj\u0105 plecaki. S\u0105 przeznaczone do r\u00f3\u017cnorodnych aktywno\u015bci g\u00f3rskich, od alpinizmu i skituringu przez wspinaczk\u0119, trekkingi, speed hiking po niewymagaj\u0105ce g\u00f3rskie spacery. Przejrzyj ofert\u0119 Salewa na wiosn\u0119 i lato 2023 i znajd\u017a plecak odpowiedni do Twoich potrzeb.<\/strong><\/p>\n\n\n\n<div id=\"ez-toc-container\" class=\"ez-toc-v2_0_85 counter-hierarchy ez-toc-counter ez-toc-light-blue ez-toc-container-direction\">\n<div class=\"ez-toc-title-container\">\n<p class=\"ez-toc-title\" style=\"cursor:inherit\">SPIS TRE\u015aCI <\/p>\n<span class=\"ez-toc-title-toggle\"><a href=\"#\" class=\"ez-toc-pull-right ez-toc-btn ez-toc-btn-xs ez-toc-btn-default ez-toc-toggle\" aria-label=\"Prze\u0142\u0105cznik Spisu Tre\u015bci\"><span class=\"ez-toc-js-icon-con\"><span class=\"\"><span class=\"eztoc-hide\" style=\"display:none;\">Toggle<\/span><span class=\"ez-toc-icon-toggle-span\"><svg style=\"fill: #999;color:#999\" xmlns=\"http:\/\/www.w3.org\/2000\/svg\" class=\"list-377408\" width=\"20px\" height=\"20px\" viewBox=\"0 0 24 24\" fill=\"none\"><path d=\"M6 6H4v2h2V6zm14 0H8v2h12V6zM4 11h2v2H4v-2zm16 0H8v2h12v-2zM4 16h2v2H4v-2zm16 0H8v2h12v-2z\" fill=\"currentColor\"><\/path><\/svg><svg style=\"fill: #999;color:#999\" class=\"arrow-unsorted-368013\" xmlns=\"http:\/\/www.w3.org\/2000\/svg\" width=\"10px\" height=\"10px\" viewBox=\"0 0 24 24\" version=\"1.2\" baseProfile=\"tiny\"><path d=\"M18.2 9.3l-6.2-6.3-6.2 6.3c-.2.2-.3.4-.3.7s.1.5.3.7c.2.2.4.3.7.3h11c.3 0 .5-.1.7-.3.2-.2.3-.5.3-.7s-.1-.5-.3-.7zM5.8 14.7l6.2 6.3 6.2-6.3c.2-.2.3-.5.3-.7s-.1-.5-.3-.7c-.2-.2-.4-.3-.7-.3h-11c-.3 0-.5.1-.7.3-.2.2-.3.5-.3.7s.1.5.3.7z\"\/><\/svg><\/span><\/span><\/span><\/a><\/span><\/div>\n<nav><ul class='ez-toc-list ez-toc-list-level-1 ' ><li class='ez-toc-page-1 ez-toc-heading-level-2'><a class=\"ez-toc-link ez-toc-heading-1\" href=\"https:\/\/www.skalnik.pl\/blog\/plecaki-salewa-przeglad-kolekcji\/#System_nosny-_tajna_bron_plecakow_Salewa\" >System no\u015bny- tajna bro\u0144 plecak\u00f3w Salewa<\/a><\/li><li class='ez-toc-page-1 ez-toc-heading-level-2'><a class=\"ez-toc-link ez-toc-heading-2\" href=\"https:\/\/www.skalnik.pl\/blog\/plecaki-salewa-przeglad-kolekcji\/#Plecaki_alpinistyczne_Salewa\" >Plecaki alpinistyczne Salewa<\/a><\/li><li class='ez-toc-page-1 ez-toc-heading-level-2'><a class=\"ez-toc-link ez-toc-heading-3\" href=\"https:\/\/www.skalnik.pl\/blog\/plecaki-salewa-przeglad-kolekcji\/#Plecaki_wspinaczkowe_Salewa\" >Plecaki wspinaczkowe Salewa<\/a><\/li><li class='ez-toc-page-1 ez-toc-heading-level-2'><a class=\"ez-toc-link ez-toc-heading-4\" href=\"https:\/\/www.skalnik.pl\/blog\/plecaki-salewa-przeglad-kolekcji\/#Plecaki_trekkingowe_Salewa\" >Plecaki trekkingowe Salewa<\/a><\/li><li class='ez-toc-page-1 ez-toc-heading-level-2'><a class=\"ez-toc-link ez-toc-heading-5\" href=\"https:\/\/www.skalnik.pl\/blog\/plecaki-salewa-przeglad-kolekcji\/#Plecaki_do_speed_hikingu\" >Plecaki do speed hikingu<\/a><\/li><\/ul><\/nav><\/div>\n<h2 class=\"wp-block-heading\"><span class=\"ez-toc-section\" id=\"System_nosny-_tajna_bron_plecakow_Salewa\"><\/span><strong>System no\u015bny- tajna bro\u0144 plecak\u00f3w Salewa<\/strong><span class=\"ez-toc-section-end\"><\/span><\/h2>\n\n\n\n<p>System no\u015bny to jeden z najwa\u017cniejszych element\u00f3w ka\u017cdego plecaka, niezale\u017cnie od tego, do jakich zada\u0144 chcesz go u\u017cywa\u0107. Musi optymalnie rozprowadza\u0107 ci\u0119\u017car oraz przenosi\u0107 go na biodra. Obecnie projektanci Salewa stosuj\u0105 3 rodzaje system\u00f3w no\u015bnych. Poznaj je i sprawd\u017a do jakich aktywno\u015bci s\u0105 dedykowane.<\/p>\n\n\n\n<div class=\"wp-block-image\"><figure class=\"aligncenter size-large\"><img loading=\"lazy\" decoding=\"async\" width=\"1024\" height=\"683\" src=\"https:\/\/www.skalnik.pl\/blog\/wp-content\/uploads\/2023\/03\/DL_STLABS_Hiking-Alta-Badia_170820_1533-min-1024x683.jpg\" alt=\"\" class=\"wp-image-22345\" srcset=\"https:\/\/www.skalnik.pl\/blog\/wp-content\/uploads\/2023\/03\/DL_STLABS_Hiking-Alta-Badia_170820_1533-min-1024x683.jpg 1024w, https:\/\/www.skalnik.pl\/blog\/wp-content\/uploads\/2023\/03\/DL_STLABS_Hiking-Alta-Badia_170820_1533-min-300x200.jpg 300w, https:\/\/www.skalnik.pl\/blog\/wp-content\/uploads\/2023\/03\/DL_STLABS_Hiking-Alta-Badia_170820_1533-min-768x512.jpg 768w\" sizes=\"auto, (max-width: 1024px) 100vw, 1024px\" \/><figcaption><em>Systemy no\u015bne Dry Back zapewniaj\u0105 wentylacj\u0119 plec\u00f3w i komfort podczas r\u00f3\u017cnorodnych aktywno\u015bci g\u00f3rskich (fot. Salewa)<\/em><\/figcaption><\/figure><\/div>\n\n\n\n<ul class=\"wp-block-list\"><li>Dry Back Contact \u2013 to system, kt\u00f3rego zadaniem poza przenoszeniem ci\u0119\u017caru jest tak\u017ce zapewnianie plecom sucho\u015bci i komfortu. Tylny panel wykonany z pianki EVA posiada kanaliki wentylacyjne 3D, dzi\u0119ki kt\u00f3rym powietrze mo\u017ce kr\u0105\u017cy\u0107 i ch\u0142odzi\u0107 plecy podczas wysi\u0142ku. U\u017cywany jest w plecakach alpinistycznych, wspinaczkowych oraz cz\u0119\u015bci plecak\u00f3w trekkingowych i do speed hikingu.<\/li><li>Dry Back Custom \u2013 podobnie do systemu Dry Back Contact posiada kanaliki 3D oraz wykonany z pianki panel tylny. Odr\u00f3\u017cnia go jednak mo\u017cliwo\u015b\u0107 regulacji systemu na wysoko\u015b\u0107, co przek\u0142ada si\u0119 na perfekcyjne dopasowanie do wzrostu u\u017cytkownika. System ten znajdziesz w cz\u0119\u015bci plecak\u00f3w trekkingowych.<\/li><li>Dry Back Air \u2013 to system, w kt\u00f3rym dzi\u0119ki badaniom konstrukcyjnym i optymalnemu wygi\u0119ciu uda\u0142o si\u0119 o 26% zmniejszy\u0107 powierzchni\u0119 styku plec\u00f3w z panelem tylnym. Dlatego wentylacja jest tu jeszcze bardziej efektywna. Opr\u00f3cz kanalik\u00f3w w tylnym panelu system ten ma te\u017c wyci\u0119te szelki i pas biodrowy, kt\u00f3re zmniejszaj\u0105 pocenie si\u0119 podczas wysi\u0142ku. Wykorzystywane s\u0105 w cz\u0119\u015bci plecak\u00f3w trekkingowych (szczeg\u00f3lnie mniejszych) oraz w plecakach do speed hikingu.<\/li><\/ul>\n\n\n\n<p>Zastosowane przez Salewa systemy Dry Back (we wszystkich wersjach) pozwalaj\u0105 na obni\u017cenie temperatury mi\u0119dzy plecami, a plecakiem o 1,5\u00b0C, co przek\u0142ada si\u0119 na wi\u0119kszy komfort oraz lepsz\u0105 wydolno\u015b\u0107 przy intensywnym wysi\u0142ku i w wy\u017cszych temperaturach.<\/p>\n\n\n\n<p><span class=\"has-inline-color has-vivid-cyan-blue-color\">Salewa to marka z d\u0142ug\u0105 histori\u0105 i w\u0142asn\u0105 filozofi\u0105. Mo\u017cesz je pozna\u0107 <strong><a href=\"https:\/\/www.skalnik.pl\/blog\/marka-salewa-historia-i-filozofia\/\" target=\"_blank\" rel=\"noreferrer noopener\">9040<\/a><\/strong>. <\/span><\/p>\n\n\n\n<h2 class=\"wp-block-heading\"><span class=\"ez-toc-section\" id=\"Plecaki_alpinistyczne_Salewa\"><\/span><strong>Plecaki alpinistyczne Salewa<\/strong><span class=\"ez-toc-section-end\"><\/span><\/h2>\n\n\n\n<p>Do najbardziej wymagaj\u0105cych zada\u0144 wysokog\u00f3rskich projektanci Salewa przygotowali dwa modele plecak\u00f3w alpinistycznych. S\u0105 one wyposa\u017cone w system no\u015bny Dry Back Contact oraz wyci\u0119te szelki z pianki EVA, kt\u00f3re zmniejszaj\u0105 pocenie si\u0119 podczas wysi\u0142ku. Pasy biodrowe maj\u0105 zdejmowan\u0105 wy\u015bci\u00f3\u0142k\u0119, co pomaga w ograniczeniu wagi plecaka oraz pozwala na lepsz\u0105 koordynacj\u0119 z uprz\u0119\u017c\u0105 wspinaczkow\u0105. Plecaki maj\u0105 te\u017c specjaln\u0105 wk\u0142adk\u0119 stabilizuj\u0105c\u0105 ISB Bar, kt\u00f3r\u0105 mo\u017cna w razie potrzeby zdemontowa\u0107 dla obni\u017cenia wagi. S\u0105 to modele jednokomorowe, z dost\u0119pem od g\u00f3ry i bezpo\u015brednio z boku plecaka, co pozwala szybko si\u0119gn\u0105\u0107 do g\u0142\u0119biej umieszczonych przedmiot\u00f3w. Maj\u0105 te\u017c wydzielon\u0105 osobn\u0105 kiesze\u0144 na przednim panelu. Mo\u017cna do nich troczy\u0107 czekany i kije trekkingowe, a tak\u017ce lin\u0119 wspinaczkow\u0105, a miejsce na buk\u0142ak oraz specjalny tunel daj\u0105 mo\u017cliwo\u015b\u0107 \u0142atwej instalacji systemu nawadniaj\u0105cego.<\/p>\n\n\n\n<p>W\u015br\u00f3d plecak\u00f3w alpinistycznych znajdziesz modele unisex:<\/p>\n\n\n\n<ul class=\"wp-block-list\"><li><strong>Ortles Guide<\/strong> 45 i 35 (liczba oznacza pojemno\u015b\u0107 w litrach) posiadaj\u0105ce klap\u0119 zapinan\u0105 na klamry<\/li><li><strong>Ortles Wall<\/strong> 38 i 32 z g\u00f3rnym zamkni\u0119ciem typu roll top, kt\u00f3re pozwala \u0142atwo dopasowa\u0107 obj\u0119to\u015b\u0107 plecaka do niesionego baga\u017cu<\/li><\/ul>\n\n\n\n<h2 class=\"wp-block-heading\"><span class=\"ez-toc-section\" id=\"Plecaki_wspinaczkowe_Salewa\"><\/span><strong>Plecaki wspinaczkowe Salewa<\/strong><span class=\"ez-toc-section-end\"><\/span><\/h2>\n\n\n\n<p>W linii wspinaczkowej Salewa oferuje plecaki o pojemno\u015bci 18 i 25 l przeznaczone na jedno- i dwudniowe wspinaczki. Maj\u0105 one zw\u0119\u017cany ku do\u0142owi kszta\u0142t, kt\u00f3ry zmniejsza ryzyko zaklinowania w ciasnym kominku oraz zahaczania o ska\u0142y. Wykorzystano w nich system no\u015bny Dry Back Contact oraz mocno wyci\u0119te szelki&nbsp; i lekkie paski biodrowe bez wy\u015bci\u00f3\u0142ki. Dzi\u0119ki temu lepiej wsp\u00f3\u0142pracuj\u0105 z uprz\u0119\u017c\u0105 wspinaczkow\u0105. Plecaki wspinaczkowe Salewa zamykane s\u0105 od g\u00f3ry w systemie roll top. Do plecak\u00f3w mo\u017cna troczy\u0107 lin\u0119, czekany oraz kije trekkingowe. S\u0105 te\u017c kompatybilne z systemami nawadniaj\u0105cymi \u2013 maj\u0105 miejsce na buk\u0142ak oraz tunel do wyprowadzenia rurki.<\/p>\n\n\n\n<div class=\"wp-block-image\"><figure class=\"aligncenter size-large\"><img loading=\"lazy\" decoding=\"async\" width=\"1024\" height=\"683\" src=\"https:\/\/www.skalnik.pl\/blog\/wp-content\/uploads\/2023\/03\/AF_STLABS_SALEWA_Hemp_Climbing_Affi_7896-min-1024x683.jpg\" alt=\"\" class=\"wp-image-22346\" srcset=\"https:\/\/www.skalnik.pl\/blog\/wp-content\/uploads\/2023\/03\/AF_STLABS_SALEWA_Hemp_Climbing_Affi_7896-min-1024x683.jpg 1024w, https:\/\/www.skalnik.pl\/blog\/wp-content\/uploads\/2023\/03\/AF_STLABS_SALEWA_Hemp_Climbing_Affi_7896-min-300x200.jpg 300w, https:\/\/www.skalnik.pl\/blog\/wp-content\/uploads\/2023\/03\/AF_STLABS_SALEWA_Hemp_Climbing_Affi_7896-min-768x512.jpg 768w, https:\/\/www.skalnik.pl\/blog\/wp-content\/uploads\/2023\/03\/AF_STLABS_SALEWA_Hemp_Climbing_Affi_7896-min-1536x1025.jpg 1536w\" sizes=\"auto, (max-width: 1024px) 100vw, 1024px\" \/><figcaption><em>Plecaki wspinaczkowe Salewa pozwalaj\u0105 na troczenie sprz\u0119tu i maj\u0105 zamkni\u0119cia typu roll top (fot. Salewa)<\/em><\/figcaption><\/figure><\/div>\n\n\n\n<p>Plecaki wspinaczkowe Salewa dost\u0119pne s\u0105 w wersji unisex:<\/p>\n\n\n\n<ul class=\"wp-block-list\"><li><strong>Ortles Climb<\/strong> 25 i 18 \u2013 opr\u00f3cz wymienionych wy\u017cej funkcjonalno\u015bci maj\u0105 tak\u017ce dodatkowy dost\u0119p bezpo\u015brednio do komory przez umieszczony na boku zamek.<\/li><li><strong>Climb Mate<\/strong> 25 \u2013 to najprostszy, a jednocze\u015bnie bardzo funkcjonalny i lekki plecak wspinaczkowy, kt\u00f3ry \u015bwietnie sprawdzi si\u0119 podczas jednodniowych wypad\u00f3w.<\/li><\/ul>\n\n\n\n<h2 class=\"wp-block-heading\"><span class=\"ez-toc-section\" id=\"Plecaki_trekkingowe_Salewa\"><\/span><strong>Plecaki trekkingowe Salewa<\/strong><span class=\"ez-toc-section-end\"><\/span><\/h2>\n\n\n\n<p>Linia trekkingowa jest najbardziej rozbudowan\u0105 po\u015br\u00f3d ca\u0142ej oferty Salewa. Obejmuje plecaki o pojemno\u015bci od 20-25 l po 65+10 l. Oznacza to, \u017ce wybierzesz z nich zar\u00f3wno plecak na kilkugodzinny, kr\u00f3tki trekking, jak i na wielodniow\u0105 w\u0119dr\u00f3wk\u0119 z du\u017c\u0105 ilo\u015bci\u0105 wyposa\u017cenia.<\/p>\n\n\n\n<div class=\"wp-block-image\"><figure class=\"aligncenter size-large\"><img loading=\"lazy\" decoding=\"async\" width=\"1024\" height=\"683\" src=\"https:\/\/www.skalnik.pl\/blog\/wp-content\/uploads\/2023\/03\/RS4171_DM_STLABS_Trekking-Lagorai_20220906_00312-hpr-min-1024x683.jpg\" alt=\"\" class=\"wp-image-22347\" srcset=\"https:\/\/www.skalnik.pl\/blog\/wp-content\/uploads\/2023\/03\/RS4171_DM_STLABS_Trekking-Lagorai_20220906_00312-hpr-min-1024x683.jpg 1024w, https:\/\/www.skalnik.pl\/blog\/wp-content\/uploads\/2023\/03\/RS4171_DM_STLABS_Trekking-Lagorai_20220906_00312-hpr-min-300x200.jpg 300w, https:\/\/www.skalnik.pl\/blog\/wp-content\/uploads\/2023\/03\/RS4171_DM_STLABS_Trekking-Lagorai_20220906_00312-hpr-min-768x513.jpg 768w, https:\/\/www.skalnik.pl\/blog\/wp-content\/uploads\/2023\/03\/RS4171_DM_STLABS_Trekking-Lagorai_20220906_00312-hpr-min-1536x1025.jpg 1536w\" sizes=\"auto, (max-width: 1024px) 100vw, 1024px\" \/><figcaption><em>Plecaki trekkingowe to najbardziej rozbudowana linia Salewa (fot. Salewa)<\/em><\/figcaption><\/figure><\/div>\n\n\n\n<p>Poniewa\u017c plecaki trekkingowe tworz\u0105 bardzo zr\u00f3\u017cnicowan\u0105 lini\u0119 przedstawi\u0119 Ci kr\u00f3tko ka\u017cdy z modeli. Maj\u0105 one kilka wsp\u00f3lnych cech, jak kompatybilno\u015b\u0107 z systemem nawadniaj\u0105cym, liczne mo\u017cliwo\u015bci troczenia sprz\u0119tu, do\u0142\u0105czony pokrowiec przeciwdeszczowy oraz dodatkowy dost\u0119p do wn\u0119trza.<\/p>\n\n\n\n<ul class=\"wp-block-list\"><li><strong>Alptrek 65+10<\/strong> Pro \u2013 to najwi\u0119kszy z trekkingowych plecak\u00f3w Salewa. Dwukomorowy plecak na wielodniowe trekkingi mo\u017ce te\u017c s\u0142u\u017cy\u0107 jako plecak podr\u00f3\u017cny i transportowy np. podczas d\u0142ugich wypraw backpackerskich. Sk\u0142ada si\u0119 tak naprawd\u0119 z dw\u00f3ch plecak\u00f3w \u2013 du\u017cego oraz ma\u0142ego, dopinanego na przedzie, kt\u00f3ry mo\u017cna wykorzysta\u0107 np. jako baga\u017c podr\u0119czny w samolocie czy podczas zwiedzania, a w czasie w\u0119dr\u00f3wki jako dodatkow\u0105 kiesze\u0144. Alptrek 65+10 ma wszystko to, czego mo\u017cna oczekiwa\u0107 od zaawansowanego plecaka trekkingowego: dodatkowy dost\u0119p z boku, zdejmowan\u0105 pokryw\u0119 z kieszeniami, miejsce na system nawadniaj\u0105cy, liczne mo\u017cliwo\u015bci troczenia kij\u00f3w, czekan\u00f3w, liny i sprz\u0119tu turystycznego oraz pokrowiec przeciwdeszczowy. System no\u015bny Dry Back Custom pozwala na jego dopasowanie do w\u0142asnego wzrostu.<\/li><li><strong>Alptrek <\/strong>55+10 (m\u0119ski) i 50+ 10 (damski) \u2013 to dwukomorowe plecaki na wielodniowe trekkingi wyposa\u017cone w regulowany system no\u015bny Dry Back Custom. Maj\u0105 odpinane klapy, kt\u00f3rych wysoko\u015b\u0107 mo\u017cna regulowa\u0107, elastyczne kieszenie na przedzie i na bokach oraz kieszenie na pasie biodrowym.<\/li><\/ul>\n\n\n\n<p><span class=\"has-inline-color has-vivid-cyan-blue-color\">Kliknij i zobacz wszystkie <strong><a href=\"https:\/\/www.skalnik.pl\/sprzet-turystyczny\/plecaki\/plecaki-turystyczne\/marka:salewa\" target=\"_blank\" rel=\"noreferrer noopener\">plecaki turystyczne Salewa<\/a><\/strong>. <\/span><\/p>\n\n\n\n<div class=\"wp-block-image\"><figure class=\"aligncenter size-large\"><img loading=\"lazy\" decoding=\"async\" width=\"1024\" height=\"683\" src=\"https:\/\/www.skalnik.pl\/blog\/wp-content\/uploads\/2023\/03\/DL_STLABS_Hiking-Alta-Badia_170820_1556-min-1024x683.jpg\" alt=\"\" class=\"wp-image-22348\" srcset=\"https:\/\/www.skalnik.pl\/blog\/wp-content\/uploads\/2023\/03\/DL_STLABS_Hiking-Alta-Badia_170820_1556-min-1024x683.jpg 1024w, https:\/\/www.skalnik.pl\/blog\/wp-content\/uploads\/2023\/03\/DL_STLABS_Hiking-Alta-Badia_170820_1556-min-300x200.jpg 300w, https:\/\/www.skalnik.pl\/blog\/wp-content\/uploads\/2023\/03\/DL_STLABS_Hiking-Alta-Badia_170820_1556-min-768x512.jpg 768w\" sizes=\"auto, (max-width: 1024px) 100vw, 1024px\" \/><figcaption><em>Plecaki trekkingowe dost\u0119pne s\u0105 w wersji m\u0119skiej i damskiej (fot. Salewa)<\/em><\/figcaption><\/figure><\/div>\n\n\n\n<ul class=\"wp-block-list\"><li><strong>Alptrek<\/strong> 42+5 (m\u0119ski) i 38+5 (damski) \u2013 to modele bardzo zbli\u017cone do poprzedniego, ale zamiast przedniej kieszeni elastycznej maj\u0105 siatk\u0119 bungee pozwalaj\u0105c\u0105 zamocowa\u0107 np. kurtk\u0119 przeciwdeszczow\u0105 czy dodatkow\u0105 bluz\u0119. Ich obj\u0119to\u015b\u0107 sprawia, \u017ce b\u0119d\u0105 odpowiednie na dwu lub kilkudniowe trekkingi.<\/li><li><strong>Trek Mate<\/strong> 65+5 i 55+5 (m\u0119skie) oraz 60+5 i 50+5 (damskie) \u2013 du\u017ce, dwukomorowe plecaki na wielodniowe trekkingi z regulowanym systemem no\u015bnym Dry Back Custom i dodatkowym dost\u0119pem do wn\u0119trza od boku i przez przedni panel.<\/li><li><strong>MTN Trainer 2<\/strong> 28 i 25 (m\u0119skie) oraz 22 (damski) \u2013 ma\u0142e, jednokomorowe plecaki na jednodniowe w\u0119dr\u00f3wki. Posiadaj\u0105 system no\u015bny Dry Back Contact, kt\u00f3ry \u015bwietnie ch\u0142odzi plecy. Wersja 28 ma pokryw\u0119 g\u00f3rn\u0105, za\u015b dwa pozosta\u0142e zamykane s\u0105 w systemie roll top.<\/li><li><strong>Alp Trainer<\/strong> 35+3 (m\u0119ski) i 30+3 (damski) \u2013 plecaki dwukomorowe na dwu i kilkudniowe trekkingi, zamykane klap\u0105 i posiadaj\u0105ce siatk\u0119 bungee na przednim panelu. Wyposa\u017cone s\u0105 w system no\u015bny Dry Back Air.<\/li><\/ul>\n\n\n\n<div class=\"wp-block-image\"><figure class=\"aligncenter size-large\"><img loading=\"lazy\" decoding=\"async\" width=\"1024\" height=\"683\" src=\"https:\/\/www.skalnik.pl\/blog\/wp-content\/uploads\/2023\/03\/RS4175_DM_STLABS_Trekking-Lagorai_20220906_00422-hpr-min-1024x683.jpg\" alt=\"\" class=\"wp-image-22349\" srcset=\"https:\/\/www.skalnik.pl\/blog\/wp-content\/uploads\/2023\/03\/RS4175_DM_STLABS_Trekking-Lagorai_20220906_00422-hpr-min-1024x683.jpg 1024w, https:\/\/www.skalnik.pl\/blog\/wp-content\/uploads\/2023\/03\/RS4175_DM_STLABS_Trekking-Lagorai_20220906_00422-hpr-min-300x200.jpg 300w, https:\/\/www.skalnik.pl\/blog\/wp-content\/uploads\/2023\/03\/RS4175_DM_STLABS_Trekking-Lagorai_20220906_00422-hpr-min-768x512.jpg 768w, https:\/\/www.skalnik.pl\/blog\/wp-content\/uploads\/2023\/03\/RS4175_DM_STLABS_Trekking-Lagorai_20220906_00422-hpr-min-1536x1024.jpg 1536w\" sizes=\"auto, (max-width: 1024px) 100vw, 1024px\" \/><figcaption><em>Plecaki trekkingowe Salewa na kr\u00f3tkie i wielodniowe w\u0119dr\u00f3wki (fot. Salewa)<\/em><\/figcaption><\/figure><\/div>\n\n\n\n<ul class=\"wp-block-list\"><li><strong>Alp Trainer<\/strong> 25 (m\u0119ski) i 20 (damski) \u2013 ma\u0142e, jednokomorowe plecaki na jednodniowe w\u0119dr\u00f3wki z systemem Dry Back Air. Maj\u0105 przedni\u0105 elastyczn\u0105 kiesze\u0144 i dwie kieszenie boczne, a zamykane s\u0105 na zasuwan\u0105 na zamek klap\u0119, kt\u00f3ra daje szeroki dost\u0119p do wn\u0119trza.<\/li><li><strong>Alp Mate<\/strong> 36 i 26 (m\u0119skie) oraz 30 i 24 (damskie)- to proste, funkcjonalne plecaki na jedno- dwudniowe wycieczki z systemem Dry Back Air. Wyposa\u017cone s\u0105 zapinan\u0105 na 1 klamr\u0119 pokryw\u0119 oraz elastyczne boczne kieszenie.<\/li><\/ul>\n\n\n\n<h2 class=\"wp-block-heading\"><span class=\"ez-toc-section\" id=\"Plecaki_do_speed_hikingu\"><\/span><strong>Plecaki do speed hikingu<\/strong><span class=\"ez-toc-section-end\"><\/span><\/h2>\n\n\n\n<p>W ofercie Salewa znajduj\u0105 si\u0119 te\u017c plecaki do szybkich intensywnych wyj\u015b\u0107 hikingowych. S\u0105 lekkie, maj\u0105 niewielk\u0105 obj\u0119to\u015b\u0107 od 16 do 22 l i wyposa\u017cone s\u0105 w system no\u015bny Dry Back Contact z wyci\u0119tymi szelkami z pianki EVA. S\u0105 kompatybilne z systemem nawadniaj\u0105cym, maj\u0105 klamry, kt\u00f3re mo\u017cna obs\u0142ugiwa\u0107 w r\u0119kawiczkach i mo\u017cna do nich troczy\u0107 kije. Znajdziesz tu takie modele jak:<\/p>\n\n\n\n<div class=\"wp-block-image\"><figure class=\"aligncenter size-large\"><img loading=\"lazy\" decoding=\"async\" width=\"1024\" height=\"683\" src=\"https:\/\/www.skalnik.pl\/blog\/wp-content\/uploads\/2023\/03\/DM_STLABS_Speed-Hiking_20210830_01343-1024x683.jpg\" alt=\"\" class=\"wp-image-22350\" srcset=\"https:\/\/www.skalnik.pl\/blog\/wp-content\/uploads\/2023\/03\/DM_STLABS_Speed-Hiking_20210830_01343-1024x683.jpg 1024w, https:\/\/www.skalnik.pl\/blog\/wp-content\/uploads\/2023\/03\/DM_STLABS_Speed-Hiking_20210830_01343-300x200.jpg 300w, https:\/\/www.skalnik.pl\/blog\/wp-content\/uploads\/2023\/03\/DM_STLABS_Speed-Hiking_20210830_01343-768x512.jpg 768w, https:\/\/www.skalnik.pl\/blog\/wp-content\/uploads\/2023\/03\/DM_STLABS_Speed-Hiking_20210830_01343-1536x1025.jpg 1536w, https:\/\/www.skalnik.pl\/blog\/wp-content\/uploads\/2023\/03\/DM_STLABS_Speed-Hiking_20210830_01343-2048x1366.jpg 2048w\" sizes=\"auto, (max-width: 1024px) 100vw, 1024px\" \/><figcaption><em>Lekkie plecaki do speed hikingu zapewniaj\u0105 \u015bwietn\u0105 wentylacj\u0119 plec\u00f3w (fot. Salewa)<\/em><\/figcaption><\/figure><\/div>\n\n\n\n<ul class=\"wp-block-list\"><li>Ultra Train 22, 18 i 14 to ultralekkie plecaki zamykane na zamek i mi\u0119kk\u0105 klap\u0119 z klamr\u0105. Nie maj\u0105 pasa biodrowego, ale dla lepszej stabilizacji wyposa\u017cone je w dwa paski z przodu &#8211; na piersi i na wysoko\u015bci brzucha. Maj\u0105 boczne kieszenie elastyczne oraz kieszenie z \u0142atwym dost\u0119pem podczas w\u0119dr\u00f3wki.<\/li><li>Pedroc Pro 22 (m\u0119ski) i 20 (damski) \u2013 to plecaki z podw\u00f3jnym dost\u0119pem \u2013 przez g\u00f3rn\u0105, mi\u0119kk\u0105 klap\u0119 z klamrami oraz przez przedni panel. Ich konstrukcja sprawia, \u017ce znajduj\u0105 si\u0119 blisko cia\u0142a, a jednocze\u015bnie zapewniaj\u0105 wentylacj\u0119 plec\u00f3w. Wyposa\u017cone s\u0105 w sk\u0142adany pasek biodrowy, kiesze\u0144 z \u0142atwym dost\u0119pem podczas marszu i kieszenie boczne.<\/li><li>Pedroc 16 \u2013 to uproszczona wersja poprzedniego modelu, kt\u00f3ra nie ma paska biodrowego. B\u0119dzie doskona\u0142ym rozwi\u0105zaniem dla mi\u0142o\u015bnik\u00f3w szybko\u015bci i minimalizmu, kt\u00f3rzy ceni\u0105 jednocze\u015bnie komfort podczas intensywnej w\u0119dr\u00f3wki.<\/li><\/ul>\n\n\n\n<iframe loading=\"lazy\" src=\"https:\/\/www.youtube.com\/embed\/iiYFlsBGu6s\" title=\"YouTube video player\" allow=\"accelerometer; autoplay; clipboard-write; encrypted-media; gyroscope; picture-in-picture; web-share\" allowfullscreen=\"\" width=\"800\" height=\"442\" frameborder=\"0\"><\/iframe>\n\n\n\n<hr class=\"wp-block-separator is-style-dots\"\/>\n\n\n\n<p>Jak widzisz przekr\u00f3j oferty plecak\u00f3w Salewa jest niezwykle bogaty i ka\u017cdy, niezale\u017cnie od uprawianych g\u00f3rskich aktywno\u015bci mo\u017ce znale\u017a\u0107 model, kt\u00f3ry odpowiada jego potrzebom. G\u00f3ry to DNA marki Salewa, a z jej plecakami pokonasz ka\u017cde g\u00f3rskie wyzwanie.<\/p>\n\n\n\n<p><span class=\"has-inline-color has-vivid-cyan-blue-color\">Kliknij w nazw\u0119 marki, poznaj wi\u0119cej produkt\u00f3w, a poznasz lepiej sam\u0105 mark\u0119 <strong><a href=\"https:\/\/www.skalnik.pl\/salewa\" target=\"_blank\" rel=\"noreferrer noopener\">Salewa<\/a><\/strong>.<\/span><\/p>\n","protected":false},"excerpt":{"rendered":"<p>Szukasz plecaka trekkingowego, wspinaczkowego lub do speed hikingu? Poznaj kolekcj\u0119 plecak\u00f3w Salewa. <\/p>\n","protected":false},"author":41,"featured_media":22344,"comment_status":"open","ping_status":"open","sticky":false,"template":"","format":"standard","meta":{"_acf_changed":false,"footnotes":""},"categories":[5],"tags":[23],"magento_category":[242],"magento_product":[],"class_list":["post-22343","post","type-post","status-publish","format-standard","has-post-thumbnail","hentry","category-branza","tag-plecaki"],"acf":[],"aioseo_notices":[],"aioseo_head":"\n\t\t<!-- All in One SEO 4.9.10 - aioseo.com -->\n\t<meta name=\"description\" content=\"Salewa to marka nieod\u0142\u0105cznie zwi\u0105zana z g\u00f3rami. Poznaj plecaki wspinaczkowe, plecaki trekkingowe, alpinistyczne i do speed hikingu Salewa i wybierz sw\u00f3j model.\" \/>\n\t<meta name=\"robots\" content=\"max-image-preview:large\" \/>\n\t<meta name=\"author\" content=\"Anna \u015aliwa\"\/>\n\t<link rel=\"canonical\" href=\"https:\/\/www.skalnik.pl\/blog\/plecaki-salewa-przeglad-kolekcji\/\" \/>\n\t<meta name=\"generator\" content=\"All in One SEO (AIOSEO) 4.9.10\" \/>\n\t\t<meta property=\"og:locale\" content=\"pl_PL\" \/>\n\t\t<meta property=\"og:site_name\" content=\"blog Skalnik - Blog, porady, artyku\u0142y - blog Skalnik\" \/>\n\t\t<meta property=\"og:type\" content=\"article\" \/>\n\t\t<meta property=\"og:title\" content=\"Plecaki Salewa \u2013 przegl\u0105d kolekcji - blog Skalnik\" \/>\n\t\t<meta property=\"og:description\" content=\"Salewa to marka nieod\u0142\u0105cznie zwi\u0105zana z g\u00f3rami. Poznaj plecaki wspinaczkowe, plecaki trekkingowe, alpinistyczne i do speed hikingu Salewa i wybierz sw\u00f3j model.\" \/>\n\t\t<meta property=\"og:url\" content=\"https:\/\/www.skalnik.pl\/blog\/plecaki-salewa-przeglad-kolekcji\/\" \/>\n\t\t<meta property=\"og:image\" content=\"https:\/\/www.skalnik.pl\/blog\/wp-content\/uploads\/2023\/03\/DL_STLABS_Hiking-Alta-Badia_170820_1533-min.jpg\" \/>\n\t\t<meta property=\"og:image:secure_url\" content=\"https:\/\/www.skalnik.pl\/blog\/wp-content\/uploads\/2023\/03\/DL_STLABS_Hiking-Alta-Badia_170820_1533-min.jpg\" \/>\n\t\t<meta property=\"og:image:width\" content=\"8688\" \/>\n\t\t<meta property=\"og:image:height\" content=\"5792\" \/>\n\t\t<meta property=\"article:tag\" content=\"bran\u017ca\" \/>\n\t\t<meta property=\"article:tag\" content=\"plecaki\" \/>\n\t\t<meta property=\"article:published_time\" content=\"2023-03-10T07:31:01+00:00\" \/>\n\t\t<meta property=\"article:modified_time\" content=\"2023-03-10T07:33:31+00:00\" \/>\n\t\t<meta name=\"twitter:card\" content=\"summary_large_image\" \/>\n\t\t<meta name=\"twitter:title\" content=\"Plecaki Salewa \u2013 przegl\u0105d kolekcji - blog Skalnik\" \/>\n\t\t<meta name=\"twitter:description\" content=\"Salewa to marka nieod\u0142\u0105cznie zwi\u0105zana z g\u00f3rami. Poznaj plecaki wspinaczkowe, plecaki trekkingowe, alpinistyczne i do speed hikingu Salewa i wybierz sw\u00f3j model.\" \/>\n\t\t<meta name=\"twitter:image\" content=\"https:\/\/www.skalnik.pl\/blog\/wp-content\/uploads\/2023\/03\/DL_STLABS_Hiking-Alta-Badia_170820_1533-min.jpg\" \/>\n\t\t<script type=\"application\/ld+json\" class=\"aioseo-schema\">\n\t\t\t{\"@context\":\"https:\\\/\\\/schema.org\",\"@graph\":[{\"@type\":\"BlogPosting\",\"@id\":\"https:\\\/\\\/www.skalnik.pl\\\/blog\\\/plecaki-salewa-przeglad-kolekcji\\\/#blogposting\",\"name\":\"Plecaki Salewa \\u2013 przegl\\u0105d kolekcji - blog Skalnik\",\"headline\":\"Plecaki Salewa &#8211; przegl\\u0105d kolekcji\",\"author\":{\"@id\":\"https:\\\/\\\/www.skalnik.pl\\\/blog\\\/author\\\/anna-sliwa\\\/#author\"},\"publisher\":{\"@id\":\"https:\\\/\\\/www.skalnik.pl\\\/blog\\\/#organization\"},\"image\":{\"@type\":\"ImageObject\",\"url\":\"https:\\\/\\\/www.skalnik.pl\\\/blog\\\/wp-content\\\/uploads\\\/2023\\\/03\\\/RS4214_DM_STLABS_Trekking-Lagorai_20220906_01663-hprbaner-scaled.jpg\",\"width\":2560,\"height\":939},\"datePublished\":\"2023-03-10T08:31:01+02:00\",\"dateModified\":\"2023-03-10T08:33:31+02:00\",\"inLanguage\":\"pl-PL\",\"mainEntityOfPage\":{\"@id\":\"https:\\\/\\\/www.skalnik.pl\\\/blog\\\/plecaki-salewa-przeglad-kolekcji\\\/#webpage\"},\"isPartOf\":{\"@id\":\"https:\\\/\\\/www.skalnik.pl\\\/blog\\\/plecaki-salewa-przeglad-kolekcji\\\/#webpage\"},\"articleSection\":\"Bran\\u017ca, plecaki, 1201\"},{\"@type\":\"BreadcrumbList\",\"@id\":\"https:\\\/\\\/www.skalnik.pl\\\/blog\\\/plecaki-salewa-przeglad-kolekcji\\\/#breadcrumblist\",\"itemListElement\":[{\"@type\":\"ListItem\",\"@id\":\"https:\\\/\\\/www.skalnik.pl\\\/blog#listItem\",\"position\":1,\"name\":\"Home\",\"item\":\"https:\\\/\\\/www.skalnik.pl\\\/blog\",\"nextItem\":{\"@type\":\"ListItem\",\"@id\":\"https:\\\/\\\/www.skalnik.pl\\\/blog\\\/.\\\/branza\\\/#listItem\",\"name\":\"Bran\\u017ca\"}},{\"@type\":\"ListItem\",\"@id\":\"https:\\\/\\\/www.skalnik.pl\\\/blog\\\/.\\\/branza\\\/#listItem\",\"position\":2,\"name\":\"Bran\\u017ca\",\"item\":\"https:\\\/\\\/www.skalnik.pl\\\/blog\\\/.\\\/branza\\\/\",\"nextItem\":{\"@type\":\"ListItem\",\"@id\":\"https:\\\/\\\/www.skalnik.pl\\\/blog\\\/plecaki-salewa-przeglad-kolekcji\\\/#listItem\",\"name\":\"Plecaki Salewa &#8211; przegl\\u0105d kolekcji\"},\"previousItem\":{\"@type\":\"ListItem\",\"@id\":\"https:\\\/\\\/www.skalnik.pl\\\/blog#listItem\",\"name\":\"Home\"}},{\"@type\":\"ListItem\",\"@id\":\"https:\\\/\\\/www.skalnik.pl\\\/blog\\\/plecaki-salewa-przeglad-kolekcji\\\/#listItem\",\"position\":3,\"name\":\"Plecaki Salewa &#8211; przegl\\u0105d kolekcji\",\"previousItem\":{\"@type\":\"ListItem\",\"@id\":\"https:\\\/\\\/www.skalnik.pl\\\/blog\\\/.\\\/branza\\\/#listItem\",\"name\":\"Bran\\u017ca\"}}]},{\"@type\":\"Organization\",\"@id\":\"https:\\\/\\\/www.skalnik.pl\\\/blog\\\/#organization\",\"name\":\"blog Skalnik\",\"description\":\"Blog, porady, artyku\\u0142y - blog Skalnik\",\"url\":\"https:\\\/\\\/www.skalnik.pl\\\/blog\\\/\"},{\"@type\":\"Person\",\"@id\":\"https:\\\/\\\/www.skalnik.pl\\\/blog\\\/author\\\/anna-sliwa\\\/#author\",\"url\":\"https:\\\/\\\/www.skalnik.pl\\\/blog\\\/author\\\/anna-sliwa\\\/\",\"name\":\"Anna \\u015aliwa\",\"image\":{\"@type\":\"ImageObject\",\"@id\":\"https:\\\/\\\/www.skalnik.pl\\\/blog\\\/plecaki-salewa-przeglad-kolekcji\\\/#authorImage\",\"url\":\"https:\\\/\\\/secure.gravatar.com\\\/avatar\\\/e8300be3de710e2e109e5dfbf092dcf827242ec8071807a1e13f6b3f7c9bbd79?s=96&d=mm&r=g\",\"width\":96,\"height\":96,\"caption\":\"Anna \\u015aliwa\"}},{\"@type\":\"WebPage\",\"@id\":\"https:\\\/\\\/www.skalnik.pl\\\/blog\\\/plecaki-salewa-przeglad-kolekcji\\\/#webpage\",\"url\":\"https:\\\/\\\/www.skalnik.pl\\\/blog\\\/plecaki-salewa-przeglad-kolekcji\\\/\",\"name\":\"Plecaki Salewa \\u2013 przegl\\u0105d kolekcji - blog Skalnik\",\"description\":\"Salewa to marka nieod\\u0142\\u0105cznie zwi\\u0105zana z g\\u00f3rami. Poznaj plecaki wspinaczkowe, plecaki trekkingowe, alpinistyczne i do speed hikingu Salewa i wybierz sw\\u00f3j model.\",\"inLanguage\":\"pl-PL\",\"isPartOf\":{\"@id\":\"https:\\\/\\\/www.skalnik.pl\\\/blog\\\/#website\"},\"breadcrumb\":{\"@id\":\"https:\\\/\\\/www.skalnik.pl\\\/blog\\\/plecaki-salewa-przeglad-kolekcji\\\/#breadcrumblist\"},\"author\":{\"@id\":\"https:\\\/\\\/www.skalnik.pl\\\/blog\\\/author\\\/anna-sliwa\\\/#author\"},\"creator\":{\"@id\":\"https:\\\/\\\/www.skalnik.pl\\\/blog\\\/author\\\/anna-sliwa\\\/#author\"},\"image\":{\"@type\":\"ImageObject\",\"url\":\"https:\\\/\\\/www.skalnik.pl\\\/blog\\\/wp-content\\\/uploads\\\/2023\\\/03\\\/RS4214_DM_STLABS_Trekking-Lagorai_20220906_01663-hprbaner-scaled.jpg\",\"@id\":\"https:\\\/\\\/www.skalnik.pl\\\/blog\\\/plecaki-salewa-przeglad-kolekcji\\\/#mainImage\",\"width\":2560,\"height\":939},\"primaryImageOfPage\":{\"@id\":\"https:\\\/\\\/www.skalnik.pl\\\/blog\\\/plecaki-salewa-przeglad-kolekcji\\\/#mainImage\"},\"datePublished\":\"2023-03-10T08:31:01+02:00\",\"dateModified\":\"2023-03-10T08:33:31+02:00\"},{\"@type\":\"WebSite\",\"@id\":\"https:\\\/\\\/www.skalnik.pl\\\/blog\\\/#website\",\"url\":\"https:\\\/\\\/www.skalnik.pl\\\/blog\\\/\",\"name\":\"blog Skalnik\",\"description\":\"Blog, porady, artyku\\u0142y - blog Skalnik\",\"inLanguage\":\"pl-PL\",\"publisher\":{\"@id\":\"https:\\\/\\\/www.skalnik.pl\\\/blog\\\/#organization\"}}]}\n\t\t<\/script>\n\t\t<!-- All in One SEO -->\n\n","aioseo_head_json":{"title":"Plecaki Salewa \u2013 przegl\u0105d kolekcji - blog Skalnik","description":"Salewa to marka nieod\u0142\u0105cznie zwi\u0105zana z g\u00f3rami. Poznaj plecaki wspinaczkowe, plecaki trekkingowe, alpinistyczne i do speed hikingu Salewa i wybierz sw\u00f3j model.","canonical_url":"https:\/\/www.skalnik.pl\/blog\/plecaki-salewa-przeglad-kolekcji\/","robots":"max-image-preview:large","keywords":"","webmasterTools":{"miscellaneous":""},"schema":{"@context":"https:\/\/schema.org","@graph":[{"@type":"BlogPosting","@id":"https:\/\/www.skalnik.pl\/blog\/plecaki-salewa-przeglad-kolekcji\/#blogposting","name":"Plecaki Salewa \u2013 przegl\u0105d kolekcji - blog Skalnik","headline":"Plecaki Salewa &#8211; przegl\u0105d kolekcji","author":{"@id":"https:\/\/www.skalnik.pl\/blog\/author\/anna-sliwa\/#author"},"publisher":{"@id":"https:\/\/www.skalnik.pl\/blog\/#organization"},"image":{"@type":"ImageObject","url":"https:\/\/www.skalnik.pl\/blog\/wp-content\/uploads\/2023\/03\/RS4214_DM_STLABS_Trekking-Lagorai_20220906_01663-hprbaner-scaled.jpg","width":2560,"height":939},"datePublished":"2023-03-10T08:31:01+02:00","dateModified":"2023-03-10T08:33:31+02:00","inLanguage":"pl-PL","mainEntityOfPage":{"@id":"https:\/\/www.skalnik.pl\/blog\/plecaki-salewa-przeglad-kolekcji\/#webpage"},"isPartOf":{"@id":"https:\/\/www.skalnik.pl\/blog\/plecaki-salewa-przeglad-kolekcji\/#webpage"},"articleSection":"Bran\u017ca, plecaki, 1201"},{"@type":"BreadcrumbList","@id":"https:\/\/www.skalnik.pl\/blog\/plecaki-salewa-przeglad-kolekcji\/#breadcrumblist","itemListElement":[{"@type":"ListItem","@id":"https:\/\/www.skalnik.pl\/blog#listItem","position":1,"name":"Home","item":"https:\/\/www.skalnik.pl\/blog","nextItem":{"@type":"ListItem","@id":"https:\/\/www.skalnik.pl\/blog\/.\/branza\/#listItem","name":"Bran\u017ca"}},{"@type":"ListItem","@id":"https:\/\/www.skalnik.pl\/blog\/.\/branza\/#listItem","position":2,"name":"Bran\u017ca","item":"https:\/\/www.skalnik.pl\/blog\/.\/branza\/","nextItem":{"@type":"ListItem","@id":"https:\/\/www.skalnik.pl\/blog\/plecaki-salewa-przeglad-kolekcji\/#listItem","name":"Plecaki Salewa &#8211; przegl\u0105d kolekcji"},"previousItem":{"@type":"ListItem","@id":"https:\/\/www.skalnik.pl\/blog#listItem","name":"Home"}},{"@type":"ListItem","@id":"https:\/\/www.skalnik.pl\/blog\/plecaki-salewa-przeglad-kolekcji\/#listItem","position":3,"name":"Plecaki Salewa &#8211; przegl\u0105d kolekcji","previousItem":{"@type":"ListItem","@id":"https:\/\/www.skalnik.pl\/blog\/.\/branza\/#listItem","name":"Bran\u017ca"}}]},{"@type":"Organization","@id":"https:\/\/www.skalnik.pl\/blog\/#organization","name":"blog Skalnik","description":"Blog, porady, artyku\u0142y - blog Skalnik","url":"https:\/\/www.skalnik.pl\/blog\/"},{"@type":"Person","@id":"https:\/\/www.skalnik.pl\/blog\/author\/anna-sliwa\/#author","url":"https:\/\/www.skalnik.pl\/blog\/author\/anna-sliwa\/","name":"Anna \u015aliwa","image":{"@type":"ImageObject","@id":"https:\/\/www.skalnik.pl\/blog\/plecaki-salewa-przeglad-kolekcji\/#authorImage","url":"https:\/\/secure.gravatar.com\/avatar\/e8300be3de710e2e109e5dfbf092dcf827242ec8071807a1e13f6b3f7c9bbd79?s=96&d=mm&r=g","width":96,"height":96,"caption":"Anna \u015aliwa"}},{"@type":"WebPage","@id":"https:\/\/www.skalnik.pl\/blog\/plecaki-salewa-przeglad-kolekcji\/#webpage","url":"https:\/\/www.skalnik.pl\/blog\/plecaki-salewa-przeglad-kolekcji\/","name":"Plecaki Salewa \u2013 przegl\u0105d kolekcji - blog Skalnik","description":"Salewa to marka nieod\u0142\u0105cznie zwi\u0105zana z g\u00f3rami. Poznaj plecaki wspinaczkowe, plecaki trekkingowe, alpinistyczne i do speed hikingu Salewa i wybierz sw\u00f3j model.","inLanguage":"pl-PL","isPartOf":{"@id":"https:\/\/www.skalnik.pl\/blog\/#website"},"breadcrumb":{"@id":"https:\/\/www.skalnik.pl\/blog\/plecaki-salewa-przeglad-kolekcji\/#breadcrumblist"},"author":{"@id":"https:\/\/www.skalnik.pl\/blog\/author\/anna-sliwa\/#author"},"creator":{"@id":"https:\/\/www.skalnik.pl\/blog\/author\/anna-sliwa\/#author"},"image":{"@type":"ImageObject","url":"https:\/\/www.skalnik.pl\/blog\/wp-content\/uploads\/2023\/03\/RS4214_DM_STLABS_Trekking-Lagorai_20220906_01663-hprbaner-scaled.jpg","@id":"https:\/\/www.skalnik.pl\/blog\/plecaki-salewa-przeglad-kolekcji\/#mainImage","width":2560,"height":939},"primaryImageOfPage":{"@id":"https:\/\/www.skalnik.pl\/blog\/plecaki-salewa-przeglad-kolekcji\/#mainImage"},"datePublished":"2023-03-10T08:31:01+02:00","dateModified":"2023-03-10T08:33:31+02:00"},{"@type":"WebSite","@id":"https:\/\/www.skalnik.pl\/blog\/#website","url":"https:\/\/www.skalnik.pl\/blog\/","name":"blog Skalnik","description":"Blog, porady, artyku\u0142y - blog Skalnik","inLanguage":"pl-PL","publisher":{"@id":"https:\/\/www.skalnik.pl\/blog\/#organization"}}]},"og:locale":"pl_PL","og:site_name":"blog Skalnik - Blog, porady, artyku\u0142y - blog Skalnik","og:type":"article","og:title":"Plecaki Salewa \u2013 przegl\u0105d kolekcji - blog Skalnik","og:description":"Salewa to marka nieod\u0142\u0105cznie zwi\u0105zana z g\u00f3rami. Poznaj plecaki wspinaczkowe, plecaki trekkingowe, alpinistyczne i do speed hikingu Salewa i wybierz sw\u00f3j model.","og:url":"https:\/\/www.skalnik.pl\/blog\/plecaki-salewa-przeglad-kolekcji\/","og:image":"https:\/\/www.skalnik.pl\/blog\/wp-content\/uploads\/2023\/03\/DL_STLABS_Hiking-Alta-Badia_170820_1533-min.jpg","og:image:secure_url":"https:\/\/www.skalnik.pl\/blog\/wp-content\/uploads\/2023\/03\/DL_STLABS_Hiking-Alta-Badia_170820_1533-min.jpg","og:image:width":8688,"og:image:height":5792,"article:tag":["bran\u017ca","plecaki"],"article:published_time":"2023-03-10T07:31:01+00:00","article:modified_time":"2023-03-10T07:33:31+00:00","twitter:card":"summary_large_image","twitter:title":"Plecaki Salewa \u2013 przegl\u0105d kolekcji - blog Skalnik","twitter:description":"Salewa to marka nieod\u0142\u0105cznie zwi\u0105zana z g\u00f3rami. Poznaj plecaki wspinaczkowe, plecaki trekkingowe, alpinistyczne i do speed hikingu Salewa i wybierz sw\u00f3j model.","twitter:image":"https:\/\/www.skalnik.pl\/blog\/wp-content\/uploads\/2023\/03\/DL_STLABS_Hiking-Alta-Badia_170820_1533-min.jpg"},"aioseo_meta_data":{"post_id":"22343","title":null,"description":"Salewa to marka nieod\u0142\u0105cznie zwi\u0105zana z g\u00f3rami. Poznaj plecaki wspinaczkowe, plecaki trekkingowe, alpinistyczne i do speed hikingu Salewa i wybierz sw\u00f3j model.","keywords":[{"label":"plecaki salewa","value":"plecaki salewa"},{"label":"salewa plecaki","value":"salewa plecaki"},{"label":"plecaki turystyczne","value":"plecaki turystyczne"},{"label":"plecaki wspinaczkowe","value":"plecaki wspinaczkowe"}],"keyphrases":null,"primary_term":null,"canonical_url":"","og_title":null,"og_description":null,"og_object_type":"default","og_image_type":"default","og_image_url":null,"og_image_width":null,"og_image_height":null,"og_image_custom_url":null,"og_image_custom_fields":null,"og_video":null,"og_custom_url":null,"og_article_section":null,"og_article_tags":null,"twitter_use_og":false,"twitter_card":"default","twitter_image_type":"default","twitter_image_url":null,"twitter_image_custom_url":null,"twitter_image_custom_fields":null,"twitter_title":null,"twitter_description":null,"schema":{"blockGraphs":[],"customGraphs":[],"default":{"data":{"Article":[],"Course":[],"Dataset":[],"FAQPage":[],"Movie":[],"Person":[],"Product":[],"ProductReview":[],"Car":[],"Recipe":[],"Service":[],"SoftwareApplication":[],"WebPage":[]},"graphName":"BlogPosting","isEnabled":true},"graphs":[]},"schema_type":"default","schema_type_options":null,"pillar_content":false,"robots_default":true,"robots_noindex":false,"robots_noarchive":false,"robots_nosnippet":false,"robots_nofollow":false,"robots_noimageindex":false,"robots_noodp":false,"robots_notranslate":false,"robots_max_snippet":null,"robots_max_videopreview":null,"robots_max_imagepreview":"large","priority":null,"frequency":null,"local_seo":null,"breadcrumb_settings":null,"limit_modified_date":false,"ai":null,"created":"2023-03-21 08:47:49","updated":"2026-02-17 22:34:24","seo_analyzer_scan_date":null},"aioseo_breadcrumb":"<div class=\"aioseo-breadcrumbs\"><span class=\"aioseo-breadcrumb\">\n\t\t\t<a href=\"https:\/\/www.skalnik.pl\/blog\" title=\"Home\">Home<\/a>\n\t\t<\/span><span class=\"aioseo-breadcrumb-separator\">&raquo;<\/span><span class=\"aioseo-breadcrumb\">\n\t\t\t<a href=\"https:\/\/www.skalnik.pl\/blog\/.\/branza\/\" title=\"Bran\u017ca\">Bran\u017ca<\/a>\n\t\t<\/span><span class=\"aioseo-breadcrumb-separator\">&raquo;<\/span><span class=\"aioseo-breadcrumb\">\n\t\t\tPlecaki Salewa \u2013 przegl\u0105d kolekcji\n\t\t<\/span><\/div>","aioseo_breadcrumb_json":[{"label":"Home","link":"https:\/\/www.skalnik.pl\/blog"},{"label":"Bran\u017ca","link":"https:\/\/www.skalnik.pl\/blog\/.\/branza\/"},{"label":"Plecaki Salewa &#8211; przegl\u0105d kolekcji","link":"https:\/\/www.skalnik.pl\/blog\/plecaki-salewa-przeglad-kolekcji\/"}],"_links":{"self":[{"href":"https:\/\/www.skalnik.pl\/blog\/wp-json\/wp\/v2\/posts\/22343","targetHints":{"allow":["GET"]}}],"collection":[{"href":"https:\/\/www.skalnik.pl\/blog\/wp-json\/wp\/v2\/posts"}],"about":[{"href":"https:\/\/www.skalnik.pl\/blog\/wp-json\/wp\/v2\/types\/post"}],"author":[{"embeddable":true,"href":"https:\/\/www.skalnik.pl\/blog\/wp-json\/wp\/v2\/users\/41"}],"replies":[{"embeddable":true,"href":"https:\/\/www.skalnik.pl\/blog\/wp-json\/wp\/v2\/comments?post=22343"}],"version-history":[{"count":4,"href":"https:\/\/www.skalnik.pl\/blog\/wp-json\/wp\/v2\/posts\/22343\/revisions"}],"predecessor-version":[{"id":22355,"href":"https:\/\/www.skalnik.pl\/blog\/wp-json\/wp\/v2\/posts\/22343\/revisions\/22355"}],"wp:featuredmedia":[{"embeddable":true,"href":"https:\/\/www.skalnik.pl\/blog\/wp-json\/wp\/v2\/media\/22344"}],"wp:attachment":[{"href":"https:\/\/www.skalnik.pl\/blog\/wp-json\/wp\/v2\/media?parent=22343"}],"wp:term":[{"taxonomy":"category","embeddable":true,"href":"https:\/\/www.skalnik.pl\/blog\/wp-json\/wp\/v2\/categories?post=22343"},{"taxonomy":"post_tag","embeddable":true,"href":"https:\/\/www.skalnik.pl\/blog\/wp-json\/wp\/v2\/tags?post=22343"},{"taxonomy":"magento_category","embeddable":true,"href":"https:\/\/www.skalnik.pl\/blog\/wp-json\/wp\/v2\/magento_category?post=22343"},{"taxonomy":"magento_product","embeddable":true,"href":"https:\/\/www.skalnik.pl\/blog\/wp-json\/wp\/v2\/magento_product?post=22343"}],"curies":[{"name":"wp","href":"https:\/\/api.w.org\/{rel}","templated":true}]}}