{"id":22529,"date":"2023-04-07T08:14:00","date_gmt":"2023-04-07T06:14:00","guid":{"rendered":"https:\/\/www.skalnik.pl\/blog\/?p=22529"},"modified":"2024-06-18T15:50:46","modified_gmt":"2024-06-18T13:50:46","slug":"ubierz-sie-na-ferraty-z-marka-salewa","status":"publish","type":"post","link":"https:\/\/www.skalnik.pl\/blog\/ubierz-sie-na-ferraty-z-marka-salewa\/","title":{"rendered":"Ubierz si\u0119 na ferraty z mark\u0105 Salewa"},"content":{"rendered":"\n<p><strong>W sercu Dolomit\u00f3w znajdziesz najlepsze via ferraty. Z tych g\u00f3r pochodzi tak\u017ce marka Salewa, kt\u00f3rej produkty bez problemu zobaczysz na ka\u017cdej g\u00f3rskiej w\u0119dr\u00f3wce. Czy da si\u0119 skompletowa\u0107 wyposa\u017cenie na ferraty tylko jednej marki? Sprawd\u017amy.<\/strong><\/p>\n\n\n\n<p>Na ferraty &#8211; zar\u00f3wno te w Dolomitach, Alpach, ale te\u017c ferraty najbli\u017cej Polski &#8211; potrzebujemy niezawodnych produkt\u00f3w. Od but\u00f3w po kask. Sprawdz\u0105 si\u0119 one zreszt\u0105 nie tylko na \u017celaznych perciach, ale r\u00f3wnie\u017c na trekkingach.<\/p>\n\n\n\n<div id=\"ez-toc-container\" class=\"ez-toc-v2_0_85 counter-hierarchy ez-toc-counter ez-toc-light-blue ez-toc-container-direction\">\n<div class=\"ez-toc-title-container\">\n<p class=\"ez-toc-title\" style=\"cursor:inherit\">SPIS TRE\u015aCI <\/p>\n<span class=\"ez-toc-title-toggle\"><a href=\"#\" class=\"ez-toc-pull-right ez-toc-btn ez-toc-btn-xs ez-toc-btn-default ez-toc-toggle\" aria-label=\"Prze\u0142\u0105cznik Spisu Tre\u015bci\"><span class=\"ez-toc-js-icon-con\"><span class=\"\"><span class=\"eztoc-hide\" style=\"display:none;\">Toggle<\/span><span class=\"ez-toc-icon-toggle-span\"><svg style=\"fill: #999;color:#999\" xmlns=\"http:\/\/www.w3.org\/2000\/svg\" class=\"list-377408\" width=\"20px\" height=\"20px\" viewBox=\"0 0 24 24\" fill=\"none\"><path d=\"M6 6H4v2h2V6zm14 0H8v2h12V6zM4 11h2v2H4v-2zm16 0H8v2h12v-2zM4 16h2v2H4v-2zm16 0H8v2h12v-2z\" fill=\"currentColor\"><\/path><\/svg><svg style=\"fill: #999;color:#999\" class=\"arrow-unsorted-368013\" xmlns=\"http:\/\/www.w3.org\/2000\/svg\" width=\"10px\" height=\"10px\" viewBox=\"0 0 24 24\" version=\"1.2\" baseProfile=\"tiny\"><path d=\"M18.2 9.3l-6.2-6.3-6.2 6.3c-.2.2-.3.4-.3.7s.1.5.3.7c.2.2.4.3.7.3h11c.3 0 .5-.1.7-.3.2-.2.3-.5.3-.7s-.1-.5-.3-.7zM5.8 14.7l6.2 6.3 6.2-6.3c.2-.2.3-.5.3-.7s-.1-.5-.3-.7c-.2-.2-.4-.3-.7-.3h-11c-.3 0-.5.1-.7.3-.2.2-.3.5-.3.7s.1.5.3.7z\"\/><\/svg><\/span><\/span><\/span><\/a><\/span><\/div>\n<nav><ul class='ez-toc-list ez-toc-list-level-1 ' ><li class='ez-toc-page-1 ez-toc-heading-level-2'><a class=\"ez-toc-link ez-toc-heading-1\" href=\"https:\/\/www.skalnik.pl\/blog\/ubierz-sie-na-ferraty-z-marka-salewa\/#Buty_na_via_ferraty\" >Buty na via ferraty<\/a><\/li><li class='ez-toc-page-1 ez-toc-heading-level-2'><a class=\"ez-toc-link ez-toc-heading-2\" href=\"https:\/\/www.skalnik.pl\/blog\/ubierz-sie-na-ferraty-z-marka-salewa\/#Odziez_na_via_ferraty\" >Odzie\u017c na via ferraty<\/a><ul class='ez-toc-list-level-3' ><li class='ez-toc-heading-level-3'><a class=\"ez-toc-link ez-toc-heading-3\" href=\"https:\/\/www.skalnik.pl\/blog\/ubierz-sie-na-ferraty-z-marka-salewa\/#Jakie_spodnie_Salewa_na_ferraty\" >Jakie spodnie Salewa na ferraty<\/a><\/li><li class='ez-toc-page-1 ez-toc-heading-level-3'><a class=\"ez-toc-link ez-toc-heading-4\" href=\"https:\/\/www.skalnik.pl\/blog\/ubierz-sie-na-ferraty-z-marka-salewa\/#Bluza_na_ferraty\" >Bluza na ferraty<\/a><\/li><li class='ez-toc-page-1 ez-toc-heading-level-3'><a class=\"ez-toc-link ez-toc-heading-5\" href=\"https:\/\/www.skalnik.pl\/blog\/ubierz-sie-na-ferraty-z-marka-salewa\/#Jakie_kurtki_Salewa_na_via_ferraty\" >Jakie kurtki Salewa na via ferraty<\/a><\/li><\/ul><\/li><li class='ez-toc-page-1 ez-toc-heading-level-2'><a class=\"ez-toc-link ez-toc-heading-6\" href=\"https:\/\/www.skalnik.pl\/blog\/ubierz-sie-na-ferraty-z-marka-salewa\/#Zestaw_asekuracyjny_na_via_ferraty\" >Zestaw asekuracyjny na via ferraty<\/a><\/li><\/ul><\/nav><\/div>\n<h2 class=\"wp-block-heading\"><span class=\"ez-toc-section\" id=\"Buty_na_via_ferraty\"><\/span>Buty na via ferraty<span class=\"ez-toc-section-end\"><\/span><\/h2>\n\n\n\n<p>Buty trekkingowe Salewa to m\u00f3j absolutnie ulubiony wyb\u00f3r na g\u00f3rskie szlaki i nie inaczej jest z via ferratami. Na tych wymagaj\u0105cych skalnych w\u0119dr\u00f3wkach od osobistych wybor\u00f3w zale\u017cy wysoko\u015b\u0107 cholewki. Sama wybieram buty trekkingowe niskie (moim ulubionym modelem jest Salewa MTN Trainer), bo lubi\u0119 mie\u0107 pe\u0142en zakres ruchu stopy szczeg\u00f3lnie na drobnych p\u00f3\u0142kach skalnych czy w szczelinach. <\/p>\n\n\n\n<p class=\"has-very-light-gray-color has-vivid-cyan-blue-background-color has-text-color has-background\">Zobacz &#8211;> <a href=\"https:\/\/www.skalnik.pl\/buty-buty-damskie-buty-damskie-niskie-salewa\" target=\"_blank\" rel=\"noopener\" title=\"\"><strong>niskie buty trekkingowe Salewa damskie<\/strong> <\/a>&lt;&#8211; lub modele z kategorii &#8211;> <strong><a href=\"https:\/\/www.skalnik.pl\/buty\/buty-meskie\/buty-meskie-niskie\/marka:salewa\" target=\"_blank\" rel=\"noopener noreferrer\" title=\"\">niskie buty trekkingowe m\u0119skie<\/a><\/strong> &lt;&#8211;<\/p>\n\n\n\n<p>Jednocze\u015bnie na te ferraty, do kt\u00f3rych (lub z kt\u00f3rych) droga prowadzi przez piargi, lepiej zak\u0142ada\u0107 wysokie buty w g\u00f3ry \u2013 unikniemy dzi\u0119ki temu bolesnych spotka\u0144 z osypuj\u0105cymi si\u0119 kawa\u0142kami ska\u0142. Przetestowa\u0142am w takich warunkach buty Salewa model Alp Mate Mid i mimo mniej sztywnej (a tak\u017ce moim zdaniem mniej przyczepnej) podeszwy spisa\u0142y si\u0119 dobrze, a ju\u017c wybitnie na drogach doj\u015bciowych pod per\u0107.<\/p>\n\n\n<div class=\"wp-block-image\">\n<figure class=\"aligncenter size-large\"><img loading=\"lazy\" decoding=\"async\" width=\"890\" height=\"593\" src=\"https:\/\/www.skalnik.pl\/blog\/wp-content\/uploads\/2023\/04\/00-0000063026_ACTION.jpg\" alt=\"but na metalowej klamrze\" class=\"wp-image-22532\" srcset=\"https:\/\/www.skalnik.pl\/blog\/wp-content\/uploads\/2023\/04\/00-0000063026_ACTION.jpg 890w, https:\/\/www.skalnik.pl\/blog\/wp-content\/uploads\/2023\/04\/00-0000063026_ACTION-300x200.jpg 300w, https:\/\/www.skalnik.pl\/blog\/wp-content\/uploads\/2023\/04\/00-0000063026_ACTION-768x512.jpg 768w\" sizes=\"auto, (max-width: 890px) 100vw, 890px\" \/><figcaption class=\"wp-element-caption\"><em>Niskie buty trekkingowe Salewa zapewniaj\u0105 swobod\u0119 ruch\u00f3w na ferracie (fot. Salewa)<\/em><\/figcaption><\/figure>\n<\/div>\n\n\n<p>Niekt\u00f3re buty Salewa maj\u0105 na podeszwie specjaln\u0105 stref\u0119 via ferrata. To dwie r\u00f3wnoleg\u0142e wypustki w \u015brodkowej cz\u0119\u015bci podeszwy. Rozwi\u0105zanie to dobrze sprawdza si\u0119 na wszelkiego rodzaju klamrach, sztychach i mostkach linowych, bo dodaje stabilno\u015bci krokom.<\/p>\n\n\n\n<p class=\"has-very-light-gray-color has-vivid-cyan-blue-background-color has-text-color has-background\">Szukasz wysokich but\u00f3w w g\u00f3ry? Zobacz &#8211;> <strong><a href=\"https:\/\/www.skalnik.pl\/buty-buty-damskie-buty-damskie-wysokie-salewa\" target=\"_blank\" rel=\"noopener\" title=\"\">buty trekkingowe Salewa damskie<\/a><\/strong> &lt;&#8211; lub wybierz spo\u015br\u00f3d but\u00f3w w segmencie &#8211;> <strong><a href=\"https:\/\/www.skalnik.pl\/buty\/buty-meskie\/buty-meskie-wysokie\/marka:salewa\" target=\"_blank\" rel=\"noopener noreferrer\" title=\"\">buty trekkingowe m\u0119skie<\/a><\/strong> &lt;&#8211;<\/p>\n\n\n\n<h2 class=\"wp-block-heading\"><span class=\"ez-toc-section\" id=\"Odziez_na_via_ferraty\"><\/span>Odzie\u017c na via ferraty<span class=\"ez-toc-section-end\"><\/span><\/h2>\n\n\n\n<p>Jak si\u0119 ubiera\u0107, kiedy celem jest via ferrata? Podobnie jak na ka\u017cdy g\u00f3rski trekking \u2013 wygodnie i warstwowo.<\/p>\n\n\n\n<h3 class=\"wp-block-heading\"><span class=\"ez-toc-section\" id=\"Jakie_spodnie_Salewa_na_ferraty\"><\/span>Jakie spodnie Salewa na ferraty<span class=\"ez-toc-section-end\"><\/span><\/h3>\n\n\n\n<p>Spodnie na ferraty powinny by\u0107 niczym druga sk\u00f3ra. Przede wszystkim nie mog\u0105 kr\u0119powa\u0107 ruch\u00f3w i to ruch\u00f3w bardzo nietypowych (podobnych niekiedy do wspinaczkowych). Kt\u00f3re s<strong>podnie Salewa<\/strong> b\u0119d\u0105 najlepsze? Sprawdz\u0105 si\u0119 modele uszyte z materia\u0142u Durastretch. Jest to tkanina rozci\u0105gliwa we wszystkich kierunkach, dzi\u0119ki czemu spodnie dobrze dopasowuj\u0105 do figury, ale przede wszystkim zapewniaj\u0105ca komfort pokonywania pionowych dr\u00f3g. Warto doda\u0107, \u017ce Durastretch jest oddychaj\u0105cy \u2013 dobrze odprowadza na zewn\u0105trz nadmiar wilgoci. Kolejna cecha tego materia\u0142u to trwa\u0142o\u015b\u0107, co w aktywno\u015bci, w kt\u00f3rej ci\u0105gle jeste\u015bmy blisko ska\u0142, ma niebagatelne znaczenie.<\/p>\n\n\n<div class=\"wp-block-image\">\n<figure class=\"aligncenter size-large\"><img loading=\"lazy\" decoding=\"async\" width=\"1024\" height=\"768\" src=\"https:\/\/www.skalnik.pl\/blog\/wp-content\/uploads\/2023\/04\/bluza-spodnie.jpg\" alt=\"kobieta na poziomej ferracie nad rzek\u0105\" class=\"wp-image-22544\" srcset=\"https:\/\/www.skalnik.pl\/blog\/wp-content\/uploads\/2023\/04\/bluza-spodnie.jpg 1024w, https:\/\/www.skalnik.pl\/blog\/wp-content\/uploads\/2023\/04\/bluza-spodnie-300x225.jpg 300w, https:\/\/www.skalnik.pl\/blog\/wp-content\/uploads\/2023\/04\/bluza-spodnie-768x576.jpg 768w\" sizes=\"auto, (max-width: 1024px) 100vw, 1024px\" \/><figcaption class=\"wp-element-caption\"><em>Ferratowy zestaw idealny: spodnie, kt\u00f3re nie kr\u0119puj\u0105 ruch\u00f3w i bluza zapewniaj\u0105ca komfort termiczny<\/em><\/figcaption><\/figure>\n<\/div>\n\n\n<p>Wyb\u00f3r konkretnego model spodni warto dopasowa\u0107 pod swoje upodobania. Je\u015bli robisz zdj\u0119cia i kr\u0119cisz filmiki telefonem, pomy\u015bl o spodniach z praktyczn\u0105 kieszeni\u0105 udow\u0105 b\u0105d\u017a tyln\u0105, kt\u00f3ra pomie\u015bci telefon (koniecznie zapinana!). Takim modelem jest chocia\u017cby Terminal. W trakcie d\u0142u\u017cszych w\u0119dr\u00f3wek po\u0142\u0105czonych z pokonywaniem <strong>ferraty<\/strong> praktycznym rozwi\u0105zaniem mog\u0105 by\u0107 spodnie, kt\u00f3re maj\u0105 mo\u017cliwo\u015b\u0107 odpi\u0119cia nogawek \u2013 dzi\u0119ki takiemu rozwi\u0105zaniu mamy i szorty, i d\u0142ugie spodnie w jednym modelu. Je\u015bli spotka nas po drodze deszcz dobrze wiedzie\u0107, \u017ce <strong>Salewa spodnie<\/strong> pokrywa warstw\u0105 DWR, dzi\u0119ki kt\u00f3rej mo\u017cemy liczy\u0107 na zabezpieczenie materia\u0142u przed wod\u0105.<\/p>\n\n\n\n<p class=\"has-very-light-gray-color has-vivid-cyan-blue-background-color has-text-color has-background\">Kliknij i poznaj &#8211;&gt; <strong>spodnie Salewa damskie<\/strong> &lt;&#8211; lub &#8211;&gt; <strong><a href=\"https:\/\/www.skalnik.pl\/odziez\/odziez-meska\/odziez-meska-spodnie\" target=\"_blank\" rel=\"noopener noreferrer\" title=\"\">spodnie Salewa m\u0119skie<\/a><\/strong> &lt;&#8211;<\/p>\n\n\n\n<h3 class=\"wp-block-heading\"><span class=\"ez-toc-section\" id=\"Bluza_na_ferraty\"><\/span>Bluza na ferraty<span class=\"ez-toc-section-end\"><\/span><\/h3>\n\n\n\n<p>Po\u015br\u00f3d produkt\u00f3w bluzy Salewa zajmuj\u0105 sporo miejsca, zatem problem mo\u017ce dotyczy\u0107 raczej nadmiaru ni\u017c niedoboru modeli. Jakie cechy powinna mie\u0107 bluza na ferraty? Standardem b\u0119dzie stwierdzenie, \u017ce musi by\u0107 wygodna. Bluza dociepla jako warstwa po\u015brednia, ale te\u017c zapewnia w\u0142a\u015bciw\u0105 termik\u0119 w bezwietrzny, cho\u0107 ch\u0142odny dzie\u0144 (ranek lub wiecz\u00f3r). Materia\u0142 bluzy powinien przede wszystkim zapewni\u0107 dobr\u0105 oddychalno\u015b\u0107 przy sporym wysi\u0142ku, mo\u017ce to by\u0107 np. Polarlite.<\/p>\n\n\n\n<p>Je\u015bli chodzi o kr\u00f3j, to bluza Salewa mo\u017ce by\u0107 rozpinana na ca\u0142ej d\u0142ugo\u015bci, tylko do piersi lub pozbawiona zamka i wk\u0142adana przez g\u0142ow\u0119. Jednak w przypadku ferrat najbardziej sprawdzi si\u0119 bluza z zamkiem na ca\u0142ej d\u0142ugo\u015bci, dzi\u0119ki kt\u00f3remu \u0142atwo regulujemy stopie\u0144 docieplenia organizmu. Kwestia kaptura mo\u017ce zale\u017ce\u0107 od preferencji osoby u\u017cytkuj\u0105cej. W ch\u0142odniejszy dzie\u0144 kaptur bez problemu zmie\u015bci si\u0119 pod kaskiem i b\u0119dzie chroni\u0142 g\u0142ow\u0119 przed wyzi\u0119bieniem. Liczba kieszeni zale\u017cy od modelu np. w bluzie Puez Melange Polarlite lub Lite Micro Polarlite mamy dwie g\u0142\u0119bokie kieszenie boczne zabezpieczone zamkami, natomiast w bluzie innej serii \u2013 Puez 2 Dry \u2013 zamiast nich zdecydowano si\u0119 na tylko jedn\u0105 kiesze\u0144, umieszczon\u0105 na piersi.<\/p>\n\n\n\n<h3 class=\"wp-block-heading\"><span class=\"ez-toc-section\" id=\"Jakie_kurtki_Salewa_na_via_ferraty\"><\/span>Jakie kurtki Salewa na via ferraty<span class=\"ez-toc-section-end\"><\/span><\/h3>\n\n\n\n<p>O nieprzewidywalno\u015bci g\u00f3rskiej pogody napisali\u015bmy ju\u017c niejeden artyku\u0142. Zatem nawet, gdy widzisz nad sob\u0105 o poranku b\u0142\u0119kitne niebo i pe\u0142ne s\u0142o\u0144ce, we\u017a pod uwag\u0119, \u017ce przez kilka-kilkana\u015bcie godzin ta sytuacja mo\u017ce zmieni\u0107 si\u0119 diametralnie. Dlatego w plecaku ka\u017cdej osoby, kt\u00f3rej celem jest jakakolwiek ferrata, musi znale\u017a\u0107 si\u0119 kurtka. To czy b\u0119dzie to hardshell czy te\u017c softshell jest decyzj\u0105, kt\u00f3r\u0105 podejmuje si\u0119 z prognozami pogody w r\u0119ce. Niezale\u017cnie od tego, jak\u0105 wybierzesz Salewa kurtka to synonim wygody i dobrej ochrony.<\/p>\n\n\n<div class=\"wp-block-image\">\n<figure class=\"aligncenter size-large\"><img loading=\"lazy\" decoding=\"async\" width=\"1024\" height=\"683\" src=\"https:\/\/www.skalnik.pl\/blog\/wp-content\/uploads\/2023\/04\/dwie-osoby-1.jpg\" alt=\"dwie osoby na ferracie\" class=\"wp-image-22557\" srcset=\"https:\/\/www.skalnik.pl\/blog\/wp-content\/uploads\/2023\/04\/dwie-osoby-1.jpg 1024w, https:\/\/www.skalnik.pl\/blog\/wp-content\/uploads\/2023\/04\/dwie-osoby-1-300x200.jpg 300w, https:\/\/www.skalnik.pl\/blog\/wp-content\/uploads\/2023\/04\/dwie-osoby-1-768x512.jpg 768w\" sizes=\"auto, (max-width: 1024px) 100vw, 1024px\" \/><figcaption class=\"wp-element-caption\"><em>Podstawowa zasada ubioru na ferraty &#8211; \u017ceby by\u0142o komfortowo (fot. Salewa)<\/em><\/figcaption><\/figure>\n<\/div>\n\n\n<p>Hardshell zaprojektowany z my\u015bl\u0105 o wysokog\u00f3rskich aktywno\u015bciach to np. Ortles 3L Gore-Tex. Tr\u00f3jwarstwowa membrana spod znaku Gore-Tex zapewnia wydajn\u0105 ochron\u0119 przed deszczem i wiatrem, a jednocze\u015bnie dobr\u0105 oddychalno\u015b\u0107, kt\u00f3ra jest wa\u017cna podczas wysi\u0142ku \u2013 tego na ferratach nie brakuje. Konstrukcja kurtki zaprojektowana zosta\u0142a do noszenia jej z uprz\u0119\u017c\u0105 \u2013 potwierdzeniem tego s\u0105 podniesione kieszenie boczne, masz do nich dost\u0119p tak\u017ce w uprz\u0119\u017cy. Hardshell przyda si\u0119 przy nag\u0142ym za\u0142amaniu pogody i deszczu, ale tak\u017ce dobrze ochroni przed wiatrem, kt\u00f3ry nawet podczas dobrej pogody mo\u017ce porz\u0105dnie wych\u0142odzi\u0107 np. na szczycie.<\/p>\n\n\n\n<p class=\"has-very-light-gray-color has-vivid-cyan-blue-background-color has-text-color has-background\">Znajd\u017a odpowiedni\u0105 kurtk\u0119. Kliknij po &#8211;&gt; <strong><a href=\"https:\/\/www.skalnik.pl\/odziez\/odziez-meska\/odziez-meska-kurtki\/marka:salewa\" target=\"_blank\" rel=\"noopener noreferrer\" title=\"\">kurtki Salewa m\u0119skie<\/a><\/strong>. <\/p>\n\n\n\n<p>Czy je\u015bli marka ma w swoim katalogu softshelli model Lavaredo, to mo\u017cesz nie zastanawia\u0107 si\u0119 d\u0142u\u017cej, jak\u0105 kurtk\u0119 na ferraty Dolomity wybra\u0107? To zale\u017cy \u2013 przede wszystkim od tego, jakie masz potrzeby. Kurtka Lavaredro ma minimalistyczny kr\u00f3j \u2013 dwie boczne kieszenie po\u0142o\u017cone nieco wy\u017cej \u2013 dost\u0119pne s\u0105 tak\u017ce je\u015bli masz na sobie uprz\u0105\u017c. Materia\u0142 Alpine Hemp jest oddychaj\u0105cy i wytrzyma\u0142y, idealny na spotkanie ze ska\u0142\u0105.<\/p>\n\n\n<div class=\"wp-block-image\">\n<figure class=\"aligncenter size-full is-resized\"><img decoding=\"async\" src=\"https:\/\/www.skalnik.pl\/blog\/wp-content\/uploads\/2023\/04\/00-0000000958_ACTION-1.jpg\" alt=\"zdj\u0119cie z g\u00f3ry na osob\u0119, kt\u00f3ra porusza si\u0119 na pionowym odcinku ferraty\" class=\"wp-image-22540\" width=\"1024\" srcset=\"https:\/\/www.skalnik.pl\/blog\/wp-content\/uploads\/2023\/04\/00-0000000958_ACTION-1.jpg 733w, https:\/\/www.skalnik.pl\/blog\/wp-content\/uploads\/2023\/04\/00-0000000958_ACTION-1-300x169.jpg 300w\" sizes=\"(max-width: 733px) 100vw, 733px\" \/><figcaption class=\"wp-element-caption\"><em>Ch\u0142odny poranek, wietrzne ostatnie metry przed szczytem &#8211; w takich momentach softshell zapewni komfort pokonywania ferraty (fot. Salewa)<\/em><\/figcaption><\/figure>\n<\/div>\n\n\n<p>Bardziej zaawansowanym konstrukcyjnie modelem jest softshell Ortles Durastretch. Ta kurtka bardziej przypomina softshelle, do kt\u00f3rych jeste\u015bmy przyzwyczajeni. Wiele kieszeni, regulowany kaptur i dolny obw\u00f3d pozwalaj\u0105 dobrze dopasowa\u0107 kurtk\u0119, co jest szczeg\u00f3lnie istotne przy silnym wietrze. Przed niewielkim deszczem z powodzeniem poradzi sobie warstwa DWR, kt\u00f3r\u0105 zabezpieczono tkanin\u0119 Durastretch.<\/p>\n\n\n\n<p class=\"has-very-light-gray-color has-vivid-cyan-blue-background-color has-text-color has-background\">Wybierz styl i jako\u015b\u0107. Kliknij po &#8211;&gt; <a href=\"https:\/\/www.skalnik.pl\/odziez\/odziez-damska\/odziez-damska-kurtki\/marka:salewa\" target=\"_blank\" rel=\"noopener noreferrer\" title=\"\"><strong>kurtki Salewa damskie<\/strong><\/a>. <\/p>\n\n\n\n<h2 class=\"wp-block-heading\"><span class=\"ez-toc-section\" id=\"Zestaw_asekuracyjny_na_via_ferraty\"><\/span>Zestaw asekuracyjny na via ferraty<span class=\"ez-toc-section-end\"><\/span><\/h2>\n\n\n\n<p>Sprz\u0119tem, kt\u00f3ry jest niezb\u0119dny do poruszania si\u0119 po via ferratach jest oczywi\u015bcie lon\u017ca na via ferraty, uprz\u0105\u017c, do kt\u00f3rej si\u0119 j\u0105 mocuje oraz kask. Dodam jeszcze oczywisto\u015b\u0107, o kt\u00f3rej mam nadziej\u0119 ka\u017cdy pami\u0119ta &#8211; wszystkie elementy musz\u0105 mie\u0107 atesty. Topowi producenci testuj\u0105 swoje produkty w ekstremalnych warunkach i dzi\u0119ki temu podczas u\u017cytkowania mo\u017cemy czu\u0107 si\u0119 pewnie.<\/p>\n\n\n<div class=\"wp-block-image\">\n<figure class=\"aligncenter size-large\"><img loading=\"lazy\" decoding=\"async\" width=\"1024\" height=\"683\" src=\"https:\/\/www.skalnik.pl\/blog\/wp-content\/uploads\/2023\/04\/trio.jpg\" alt=\"dwie osoby - kobieta, a z ty\u0142u m\u0119\u017cczyzna - poruszaj\u0105 si\u0119 po ferracie\" class=\"wp-image-22563\" srcset=\"https:\/\/www.skalnik.pl\/blog\/wp-content\/uploads\/2023\/04\/trio.jpg 1024w, https:\/\/www.skalnik.pl\/blog\/wp-content\/uploads\/2023\/04\/trio-300x200.jpg 300w, https:\/\/www.skalnik.pl\/blog\/wp-content\/uploads\/2023\/04\/trio-768x512.jpg 768w\" sizes=\"auto, (max-width: 1024px) 100vw, 1024px\" \/><figcaption class=\"wp-element-caption\"><em>Kask, uprz\u0105\u017c i lon\u017ca &#8211; ferratowe trio (fot. Salewa)<\/em><\/figcaption><\/figure>\n<\/div>\n\n\n<p>Lon\u017ce via ferrata s\u0105 jedynym elementem, kt\u00f3ry przeznaczony jest tylko do tej jednej aktywno\u015bci \u2013 pokonywania \u017celaznych dr\u00f3g. Opr\u00f3cz atestu wa\u017cne, \u017ceby lon\u017ca by\u0142a wygodna w obs\u0142udze \u2013 najlepiej sprawdzi\u0107 to na \u017cywo np. przekonuj\u0105c si\u0119 czy bez problemu karabinek damy rad\u0119 obs\u0142u\u017cy\u0107 jedn\u0105 r\u0119k\u0105. Ka\u017cda lon\u017ca Salewa wyposa\u017cona jest w bezpieczne, automatyczne karabinki, kt\u00f3re \u0142atwo otwieraj\u0105 si\u0119 do doci\u015bni\u0119ciu z dw\u00f3ch stron, a jednocze\u015bnie szybko zamykaj\u0105 i blokuj\u0105.<\/p>\n\n\n\n<p>W sk\u0142ad zestawu musi wchodzi\u0107 tak\u017ce uprz\u0105\u017c \u2013 do niej mocowana jest lon\u017ca. Model uprz\u0119\u017cy Via Ferrata Evo ju\u017c na pierwszy rzut oka r\u00f3\u017cni si\u0119 od innych modeli. Uprz\u0105\u017c nie ma wy\u015bcie\u0142anych paneli, bo na ferratach nie s\u0105 one potrzebne, uprz\u0105\u017c nie jest obci\u0105\u017cana. Jej niew\u0105tpliw\u0105 zalet\u0105 jest spory zakres regulacji za pomoc\u0105 wygodnych klamer. Jednocze\u015bnie pami\u0119taj, \u017ce na ferraty nie potrzebujesz specjalnej uprz\u0119\u017cy, w tej roli z powodzeniem sprawdzi si\u0119 standardowa uprz\u0105\u017c wspinaczkowa. Nawet je\u015bli dzi\u015b nie masz w planach innego pokonywania pion\u00f3w ni\u017c ferrata, kto wie, co przyniesie przysz\u0142o\u015b\u0107. Pod rozwag\u0119 warto zatem wzi\u0105\u0107 modele uprz\u0119\u017cy Salewa przeznaczone do wspinaczki.<\/p>\n\n\n<div class=\"wp-block-image\">\n<figure class=\"aligncenter size-large\"><img loading=\"lazy\" decoding=\"async\" width=\"1024\" height=\"683\" src=\"https:\/\/www.skalnik.pl\/blog\/wp-content\/uploads\/2023\/04\/zapinanie-karabinka.jpg\" alt=\"d\u0142o\u0144 z rozpi\u0119tym karabinkiem obok stalowej linki\" class=\"wp-image-22560\" srcset=\"https:\/\/www.skalnik.pl\/blog\/wp-content\/uploads\/2023\/04\/zapinanie-karabinka.jpg 1024w, https:\/\/www.skalnik.pl\/blog\/wp-content\/uploads\/2023\/04\/zapinanie-karabinka-300x200.jpg 300w, https:\/\/www.skalnik.pl\/blog\/wp-content\/uploads\/2023\/04\/zapinanie-karabinka-768x512.jpg 768w\" sizes=\"auto, (max-width: 1024px) 100vw, 1024px\" \/><figcaption class=\"wp-element-caption\"><em>Karabinki w lon\u017cy ferratowej musz\u0105 wygodnie otwiera\u0107 si\u0119 przy u\u017cyciu tylko jednej d\u0142oni (fot. Salewa)<\/em><\/figcaption><\/figure>\n<\/div>\n\n\n<p>Trzecim niezb\u0119dnym elementem, bez kt\u00f3rego wyj\u015bcie na ferrat\u0119 jest potencjalnie niebezpieczne stanowi kask. Nie ma specjalnych modeli tylko na ferraty, kaski s\u0105 atestowane do dzia\u0142a\u0144 g\u00f3rskich i tylko takie \u2013 bezpieczne i sprawdzone \u2013 oferuj\u0105 topowi producenci. &nbsp;Wybierz taki kask Salewa, kt\u00f3ry idealnie dopasujesz do swojej g\u0142owy. Na co jeszcze zwr\u00f3ci\u0107 uwag\u0119? Jaki system wentylacji ma kask (podczas wysi\u0142ku sporo ciep\u0142a uchodzi przez g\u0142ow\u0119). Por\u00f3wnaj modele kask\u00f3w Salewa: Pura, Vega i Vayu 2.0 \u2013 cho\u0107 na pierwszy rzut oka wygl\u0105daj\u0105 podobnie r\u00f3\u017cni\u0105 si\u0119 w\u0142a\u015bnie systemem wentylacji i dopasowania. &nbsp;<\/p>\n\n\n\n<p>Uzupe\u0142nieniem zestawu \u2013 niby opcjonalnym, ale lepiej o nim nie zapomnie\u0107 \u2013 s\u0105 r\u0119kawiczki na via ferraty. Lina wzd\u0142u\u017c kt\u00f3rej porusza si\u0119 na ferratach nie jest tylko autoasekuracj\u0105, niejednokrotnie po prostu trzeba mocno j\u0105 chwyci\u0107, a dzi\u0119ki r\u0119kawiczkom chwyt jest wygodny i stabilny. Polecam r\u0119kawiczki do po\u0142owy palc\u00f3w Salewa ma w swojej ofercie r\u0119kawiczki, kt\u00f3re cz\u0119\u015b\u0107 \u201echwytn\u0105\u201d maj\u0105 sk\u00f3rzan\u0105 lub wykonan\u0105 z tkaniny Durastretch.<\/p>\n\n\n\n<p class=\"has-very-light-gray-color has-vivid-cyan-blue-background-color has-text-color has-background\">Sprz\u0119t Salewa na ferraty znajdziesz &#8211;&gt; <strong><a href=\"https:\/\/www.skalnik.pl\/sprzet-wspinaczkowy\/inne\/inne-via-ferraty\/marka:salewa\" target=\"_blank\" rel=\"noopener noreferrer\" title=\"\">tutaj<\/a><\/strong>! <\/p>\n\n\n\n<hr class=\"wp-block-separator has-css-opacity is-style-dots\"\/>\n\n\n\n<p>Sezon ferratowy przed nami \u2013 \u017cycz\u0119 ka\u017cdej osobie wielu niezapomnianych wra\u017ce\u0144 i bezpiecznych w\u0119dr\u00f3wek po \u017celaznych perciach. Dajcie zna\u0107, kt\u00f3re produkty Salewa towarzysz\u0105 wam na w\u0119dr\u00f3wkach, nie tylko po Dolomitach.<\/p>\n","protected":false},"excerpt":{"rendered":"<p>Salewa &#8211; marka wywodz\u0105ca si\u0119 z Dolomit\u00f3w. Te g\u00f3ry s\u0105 kolebk\u0105 szlak\u00f3w via ferrata. Ubierz si\u0119 na ferraty z mark\u0105 Salewa. <\/p>\n","protected":false},"author":9,"featured_media":22631,"comment_status":"closed","ping_status":"closed","sticky":false,"template":"","format":"standard","meta":{"_acf_changed":false,"footnotes":""},"categories":[5],"tags":[],"magento_category":[80],"magento_product":[],"class_list":["post-22529","post","type-post","status-publish","format-standard","has-post-thumbnail","hentry","category-branza"],"acf":[],"aioseo_notices":[],"aioseo_head":"\n\t\t<!-- All in One SEO 4.9.10 - aioseo.com -->\n\t<meta name=\"description\" content=\"Z mark\u0105 Salewa ubierz si\u0119 na ferraty! Tu znajdzisz informacje jak ubra\u0107 si\u0119 i wyposa\u017cy\u0107 w produkty kt\u00f3re sprawdz\u0105 si\u0119 na via ferratach.\" \/>\n\t<meta name=\"robots\" content=\"max-image-preview:large\" \/>\n\t<meta name=\"author\" content=\"Beata Nawrotkiewicz\"\/>\n\t<link rel=\"canonical\" href=\"https:\/\/www.skalnik.pl\/blog\/ubierz-sie-na-ferraty-z-marka-salewa\/\" \/>\n\t<meta name=\"generator\" content=\"All in One SEO (AIOSEO) 4.9.10\" \/>\n\t\t<meta property=\"og:locale\" content=\"pl_PL\" \/>\n\t\t<meta property=\"og:site_name\" content=\"blog Skalnik - Blog, porady, artyku\u0142y - blog Skalnik\" \/>\n\t\t<meta property=\"og:type\" content=\"article\" \/>\n\t\t<meta property=\"og:title\" content=\"Ubierz si\u0119 na ferraty z mark\u0105 Salewa - blog Skalnik\" \/>\n\t\t<meta property=\"og:description\" content=\"Z mark\u0105 Salewa ubierz si\u0119 na ferraty! Tu znajdzisz informacje jak ubra\u0107 si\u0119 i wyposa\u017cy\u0107 w produkty kt\u00f3re sprawdz\u0105 si\u0119 na via ferratach.\" \/>\n\t\t<meta property=\"og:url\" content=\"https:\/\/www.skalnik.pl\/blog\/ubierz-sie-na-ferraty-z-marka-salewa\/\" \/>\n\t\t<meta property=\"og:image\" content=\"https:\/\/www.skalnik.pl\/blog\/wp-content\/uploads\/2023\/04\/00-0000063026_ACTION.jpg\" \/>\n\t\t<meta property=\"og:image:secure_url\" content=\"https:\/\/www.skalnik.pl\/blog\/wp-content\/uploads\/2023\/04\/00-0000063026_ACTION.jpg\" \/>\n\t\t<meta property=\"og:image:width\" content=\"890\" \/>\n\t\t<meta property=\"og:image:height\" content=\"593\" \/>\n\t\t<meta property=\"article:tag\" content=\"bran\u017ca\" \/>\n\t\t<meta property=\"article:published_time\" content=\"2023-04-07T06:14:00+00:00\" \/>\n\t\t<meta property=\"article:modified_time\" content=\"2024-06-18T13:50:46+00:00\" \/>\n\t\t<meta name=\"twitter:card\" content=\"summary_large_image\" \/>\n\t\t<meta name=\"twitter:title\" content=\"Ubierz si\u0119 na ferraty z mark\u0105 Salewa - blog Skalnik\" \/>\n\t\t<meta name=\"twitter:description\" content=\"Z mark\u0105 Salewa ubierz si\u0119 na ferraty! Tu znajdzisz informacje jak ubra\u0107 si\u0119 i wyposa\u017cy\u0107 w produkty kt\u00f3re sprawdz\u0105 si\u0119 na via ferratach.\" \/>\n\t\t<meta name=\"twitter:image\" content=\"https:\/\/www.skalnik.pl\/blog\/wp-content\/uploads\/2023\/04\/00-0000063026_ACTION.jpg\" \/>\n\t\t<script type=\"application\/ld+json\" class=\"aioseo-schema\">\n\t\t\t{\"@context\":\"https:\\\/\\\/schema.org\",\"@graph\":[{\"@type\":\"BlogPosting\",\"@id\":\"https:\\\/\\\/www.skalnik.pl\\\/blog\\\/ubierz-sie-na-ferraty-z-marka-salewa\\\/#blogposting\",\"name\":\"Ubierz si\\u0119 na ferraty z mark\\u0105 Salewa - blog Skalnik\",\"headline\":\"Ubierz si\\u0119 na ferraty z mark\\u0105 Salewa\",\"author\":{\"@id\":\"https:\\\/\\\/www.skalnik.pl\\\/blog\\\/author\\\/beata-nawrotkiewicz\\\/#author\"},\"publisher\":{\"@id\":\"https:\\\/\\\/www.skalnik.pl\\\/blog\\\/#organization\"},\"image\":{\"@type\":\"ImageObject\",\"url\":\"https:\\\/\\\/www.skalnik.pl\\\/blog\\\/wp-content\\\/uploads\\\/2023\\\/04\\\/Salewa-na-via-feraty.jpg\",\"width\":1920,\"height\":706},\"datePublished\":\"2023-04-07T08:14:00+02:00\",\"dateModified\":\"2024-06-18T15:50:46+02:00\",\"inLanguage\":\"pl-PL\",\"mainEntityOfPage\":{\"@id\":\"https:\\\/\\\/www.skalnik.pl\\\/blog\\\/ubierz-sie-na-ferraty-z-marka-salewa\\\/#webpage\"},\"isPartOf\":{\"@id\":\"https:\\\/\\\/www.skalnik.pl\\\/blog\\\/ubierz-sie-na-ferraty-z-marka-salewa\\\/#webpage\"},\"articleSection\":\"Bran\\u017ca, 1191\"},{\"@type\":\"BreadcrumbList\",\"@id\":\"https:\\\/\\\/www.skalnik.pl\\\/blog\\\/ubierz-sie-na-ferraty-z-marka-salewa\\\/#breadcrumblist\",\"itemListElement\":[{\"@type\":\"ListItem\",\"@id\":\"https:\\\/\\\/www.skalnik.pl\\\/blog#listItem\",\"position\":1,\"name\":\"Home\",\"item\":\"https:\\\/\\\/www.skalnik.pl\\\/blog\",\"nextItem\":{\"@type\":\"ListItem\",\"@id\":\"https:\\\/\\\/www.skalnik.pl\\\/blog\\\/.\\\/branza\\\/#listItem\",\"name\":\"Bran\\u017ca\"}},{\"@type\":\"ListItem\",\"@id\":\"https:\\\/\\\/www.skalnik.pl\\\/blog\\\/.\\\/branza\\\/#listItem\",\"position\":2,\"name\":\"Bran\\u017ca\",\"item\":\"https:\\\/\\\/www.skalnik.pl\\\/blog\\\/.\\\/branza\\\/\",\"nextItem\":{\"@type\":\"ListItem\",\"@id\":\"https:\\\/\\\/www.skalnik.pl\\\/blog\\\/ubierz-sie-na-ferraty-z-marka-salewa\\\/#listItem\",\"name\":\"Ubierz si\\u0119 na ferraty z mark\\u0105 Salewa\"},\"previousItem\":{\"@type\":\"ListItem\",\"@id\":\"https:\\\/\\\/www.skalnik.pl\\\/blog#listItem\",\"name\":\"Home\"}},{\"@type\":\"ListItem\",\"@id\":\"https:\\\/\\\/www.skalnik.pl\\\/blog\\\/ubierz-sie-na-ferraty-z-marka-salewa\\\/#listItem\",\"position\":3,\"name\":\"Ubierz si\\u0119 na ferraty z mark\\u0105 Salewa\",\"previousItem\":{\"@type\":\"ListItem\",\"@id\":\"https:\\\/\\\/www.skalnik.pl\\\/blog\\\/.\\\/branza\\\/#listItem\",\"name\":\"Bran\\u017ca\"}}]},{\"@type\":\"Organization\",\"@id\":\"https:\\\/\\\/www.skalnik.pl\\\/blog\\\/#organization\",\"name\":\"blog Skalnik\",\"description\":\"Blog, porady, artyku\\u0142y - blog Skalnik\",\"url\":\"https:\\\/\\\/www.skalnik.pl\\\/blog\\\/\"},{\"@type\":\"Person\",\"@id\":\"https:\\\/\\\/www.skalnik.pl\\\/blog\\\/author\\\/beata-nawrotkiewicz\\\/#author\",\"url\":\"https:\\\/\\\/www.skalnik.pl\\\/blog\\\/author\\\/beata-nawrotkiewicz\\\/\",\"name\":\"Beata Nawrotkiewicz\",\"image\":{\"@type\":\"ImageObject\",\"@id\":\"https:\\\/\\\/www.skalnik.pl\\\/blog\\\/ubierz-sie-na-ferraty-z-marka-salewa\\\/#authorImage\",\"url\":\"https:\\\/\\\/secure.gravatar.com\\\/avatar\\\/53cf81cfcc3a81694535515925ffcf159be725e8bd1fb455eeb9e2cadcaa5684?s=96&d=mm&r=g\",\"width\":96,\"height\":96,\"caption\":\"Beata Nawrotkiewicz\"}},{\"@type\":\"WebPage\",\"@id\":\"https:\\\/\\\/www.skalnik.pl\\\/blog\\\/ubierz-sie-na-ferraty-z-marka-salewa\\\/#webpage\",\"url\":\"https:\\\/\\\/www.skalnik.pl\\\/blog\\\/ubierz-sie-na-ferraty-z-marka-salewa\\\/\",\"name\":\"Ubierz si\\u0119 na ferraty z mark\\u0105 Salewa - blog Skalnik\",\"description\":\"Z mark\\u0105 Salewa ubierz si\\u0119 na ferraty! Tu znajdzisz informacje jak ubra\\u0107 si\\u0119 i wyposa\\u017cy\\u0107 w produkty kt\\u00f3re sprawdz\\u0105 si\\u0119 na via ferratach.\",\"inLanguage\":\"pl-PL\",\"isPartOf\":{\"@id\":\"https:\\\/\\\/www.skalnik.pl\\\/blog\\\/#website\"},\"breadcrumb\":{\"@id\":\"https:\\\/\\\/www.skalnik.pl\\\/blog\\\/ubierz-sie-na-ferraty-z-marka-salewa\\\/#breadcrumblist\"},\"author\":{\"@id\":\"https:\\\/\\\/www.skalnik.pl\\\/blog\\\/author\\\/beata-nawrotkiewicz\\\/#author\"},\"creator\":{\"@id\":\"https:\\\/\\\/www.skalnik.pl\\\/blog\\\/author\\\/beata-nawrotkiewicz\\\/#author\"},\"image\":{\"@type\":\"ImageObject\",\"url\":\"https:\\\/\\\/www.skalnik.pl\\\/blog\\\/wp-content\\\/uploads\\\/2023\\\/04\\\/Salewa-na-via-feraty.jpg\",\"@id\":\"https:\\\/\\\/www.skalnik.pl\\\/blog\\\/ubierz-sie-na-ferraty-z-marka-salewa\\\/#mainImage\",\"width\":1920,\"height\":706},\"primaryImageOfPage\":{\"@id\":\"https:\\\/\\\/www.skalnik.pl\\\/blog\\\/ubierz-sie-na-ferraty-z-marka-salewa\\\/#mainImage\"},\"datePublished\":\"2023-04-07T08:14:00+02:00\",\"dateModified\":\"2024-06-18T15:50:46+02:00\"},{\"@type\":\"WebSite\",\"@id\":\"https:\\\/\\\/www.skalnik.pl\\\/blog\\\/#website\",\"url\":\"https:\\\/\\\/www.skalnik.pl\\\/blog\\\/\",\"name\":\"blog Skalnik\",\"description\":\"Blog, porady, artyku\\u0142y - blog Skalnik\",\"inLanguage\":\"pl-PL\",\"publisher\":{\"@id\":\"https:\\\/\\\/www.skalnik.pl\\\/blog\\\/#organization\"}}]}\n\t\t<\/script>\n\t\t<!-- All in One SEO -->\n\n","aioseo_head_json":{"title":"Ubierz si\u0119 na ferraty z mark\u0105 Salewa - blog Skalnik","description":"Z mark\u0105 Salewa ubierz si\u0119 na ferraty! Tu znajdzisz informacje jak ubra\u0107 si\u0119 i wyposa\u017cy\u0107 w produkty kt\u00f3re sprawdz\u0105 si\u0119 na via ferratach.","canonical_url":"https:\/\/www.skalnik.pl\/blog\/ubierz-sie-na-ferraty-z-marka-salewa\/","robots":"max-image-preview:large","keywords":"","webmasterTools":{"miscellaneous":""},"schema":{"@context":"https:\/\/schema.org","@graph":[{"@type":"BlogPosting","@id":"https:\/\/www.skalnik.pl\/blog\/ubierz-sie-na-ferraty-z-marka-salewa\/#blogposting","name":"Ubierz si\u0119 na ferraty z mark\u0105 Salewa - blog Skalnik","headline":"Ubierz si\u0119 na ferraty z mark\u0105 Salewa","author":{"@id":"https:\/\/www.skalnik.pl\/blog\/author\/beata-nawrotkiewicz\/#author"},"publisher":{"@id":"https:\/\/www.skalnik.pl\/blog\/#organization"},"image":{"@type":"ImageObject","url":"https:\/\/www.skalnik.pl\/blog\/wp-content\/uploads\/2023\/04\/Salewa-na-via-feraty.jpg","width":1920,"height":706},"datePublished":"2023-04-07T08:14:00+02:00","dateModified":"2024-06-18T15:50:46+02:00","inLanguage":"pl-PL","mainEntityOfPage":{"@id":"https:\/\/www.skalnik.pl\/blog\/ubierz-sie-na-ferraty-z-marka-salewa\/#webpage"},"isPartOf":{"@id":"https:\/\/www.skalnik.pl\/blog\/ubierz-sie-na-ferraty-z-marka-salewa\/#webpage"},"articleSection":"Bran\u017ca, 1191"},{"@type":"BreadcrumbList","@id":"https:\/\/www.skalnik.pl\/blog\/ubierz-sie-na-ferraty-z-marka-salewa\/#breadcrumblist","itemListElement":[{"@type":"ListItem","@id":"https:\/\/www.skalnik.pl\/blog#listItem","position":1,"name":"Home","item":"https:\/\/www.skalnik.pl\/blog","nextItem":{"@type":"ListItem","@id":"https:\/\/www.skalnik.pl\/blog\/.\/branza\/#listItem","name":"Bran\u017ca"}},{"@type":"ListItem","@id":"https:\/\/www.skalnik.pl\/blog\/.\/branza\/#listItem","position":2,"name":"Bran\u017ca","item":"https:\/\/www.skalnik.pl\/blog\/.\/branza\/","nextItem":{"@type":"ListItem","@id":"https:\/\/www.skalnik.pl\/blog\/ubierz-sie-na-ferraty-z-marka-salewa\/#listItem","name":"Ubierz si\u0119 na ferraty z mark\u0105 Salewa"},"previousItem":{"@type":"ListItem","@id":"https:\/\/www.skalnik.pl\/blog#listItem","name":"Home"}},{"@type":"ListItem","@id":"https:\/\/www.skalnik.pl\/blog\/ubierz-sie-na-ferraty-z-marka-salewa\/#listItem","position":3,"name":"Ubierz si\u0119 na ferraty z mark\u0105 Salewa","previousItem":{"@type":"ListItem","@id":"https:\/\/www.skalnik.pl\/blog\/.\/branza\/#listItem","name":"Bran\u017ca"}}]},{"@type":"Organization","@id":"https:\/\/www.skalnik.pl\/blog\/#organization","name":"blog Skalnik","description":"Blog, porady, artyku\u0142y - blog Skalnik","url":"https:\/\/www.skalnik.pl\/blog\/"},{"@type":"Person","@id":"https:\/\/www.skalnik.pl\/blog\/author\/beata-nawrotkiewicz\/#author","url":"https:\/\/www.skalnik.pl\/blog\/author\/beata-nawrotkiewicz\/","name":"Beata Nawrotkiewicz","image":{"@type":"ImageObject","@id":"https:\/\/www.skalnik.pl\/blog\/ubierz-sie-na-ferraty-z-marka-salewa\/#authorImage","url":"https:\/\/secure.gravatar.com\/avatar\/53cf81cfcc3a81694535515925ffcf159be725e8bd1fb455eeb9e2cadcaa5684?s=96&d=mm&r=g","width":96,"height":96,"caption":"Beata Nawrotkiewicz"}},{"@type":"WebPage","@id":"https:\/\/www.skalnik.pl\/blog\/ubierz-sie-na-ferraty-z-marka-salewa\/#webpage","url":"https:\/\/www.skalnik.pl\/blog\/ubierz-sie-na-ferraty-z-marka-salewa\/","name":"Ubierz si\u0119 na ferraty z mark\u0105 Salewa - blog Skalnik","description":"Z mark\u0105 Salewa ubierz si\u0119 na ferraty! Tu znajdzisz informacje jak ubra\u0107 si\u0119 i wyposa\u017cy\u0107 w produkty kt\u00f3re sprawdz\u0105 si\u0119 na via ferratach.","inLanguage":"pl-PL","isPartOf":{"@id":"https:\/\/www.skalnik.pl\/blog\/#website"},"breadcrumb":{"@id":"https:\/\/www.skalnik.pl\/blog\/ubierz-sie-na-ferraty-z-marka-salewa\/#breadcrumblist"},"author":{"@id":"https:\/\/www.skalnik.pl\/blog\/author\/beata-nawrotkiewicz\/#author"},"creator":{"@id":"https:\/\/www.skalnik.pl\/blog\/author\/beata-nawrotkiewicz\/#author"},"image":{"@type":"ImageObject","url":"https:\/\/www.skalnik.pl\/blog\/wp-content\/uploads\/2023\/04\/Salewa-na-via-feraty.jpg","@id":"https:\/\/www.skalnik.pl\/blog\/ubierz-sie-na-ferraty-z-marka-salewa\/#mainImage","width":1920,"height":706},"primaryImageOfPage":{"@id":"https:\/\/www.skalnik.pl\/blog\/ubierz-sie-na-ferraty-z-marka-salewa\/#mainImage"},"datePublished":"2023-04-07T08:14:00+02:00","dateModified":"2024-06-18T15:50:46+02:00"},{"@type":"WebSite","@id":"https:\/\/www.skalnik.pl\/blog\/#website","url":"https:\/\/www.skalnik.pl\/blog\/","name":"blog Skalnik","description":"Blog, porady, artyku\u0142y - blog Skalnik","inLanguage":"pl-PL","publisher":{"@id":"https:\/\/www.skalnik.pl\/blog\/#organization"}}]},"og:locale":"pl_PL","og:site_name":"blog Skalnik - Blog, porady, artyku\u0142y - blog Skalnik","og:type":"article","og:title":"Ubierz si\u0119 na ferraty z mark\u0105 Salewa - blog Skalnik","og:description":"Z mark\u0105 Salewa ubierz si\u0119 na ferraty! Tu znajdzisz informacje jak ubra\u0107 si\u0119 i wyposa\u017cy\u0107 w produkty kt\u00f3re sprawdz\u0105 si\u0119 na via ferratach.","og:url":"https:\/\/www.skalnik.pl\/blog\/ubierz-sie-na-ferraty-z-marka-salewa\/","og:image":"https:\/\/www.skalnik.pl\/blog\/wp-content\/uploads\/2023\/04\/00-0000063026_ACTION.jpg","og:image:secure_url":"https:\/\/www.skalnik.pl\/blog\/wp-content\/uploads\/2023\/04\/00-0000063026_ACTION.jpg","og:image:width":890,"og:image:height":593,"article:tag":["bran\u017ca"],"article:published_time":"2023-04-07T06:14:00+00:00","article:modified_time":"2024-06-18T13:50:46+00:00","twitter:card":"summary_large_image","twitter:title":"Ubierz si\u0119 na ferraty z mark\u0105 Salewa - blog Skalnik","twitter:description":"Z mark\u0105 Salewa ubierz si\u0119 na ferraty! Tu znajdzisz informacje jak ubra\u0107 si\u0119 i wyposa\u017cy\u0107 w produkty kt\u00f3re sprawdz\u0105 si\u0119 na via ferratach.","twitter:image":"https:\/\/www.skalnik.pl\/blog\/wp-content\/uploads\/2023\/04\/00-0000063026_ACTION.jpg"},"aioseo_meta_data":{"post_id":"22529","title":null,"description":"Z mark\u0105 Salewa ubierz si\u0119 na ferraty! Tu znajdzisz informacje jak ubra\u0107 si\u0119 i wyposa\u017cy\u0107 w produkty kt\u00f3re sprawdz\u0105 si\u0119 na via ferratach.","keywords":[],"keyphrases":{"focus":{"keyphrase":null,"score":42,"analysis":{"keyphraseInTitle":{"score":3,"maxScore":9,"error":1},"keyphraseInDescription":{"score":3,"maxScore":9,"error":1},"keyphraseLength":{"score":9,"maxScore":9,"error":0,"length":2},"keyphraseInURL":{"score":1,"maxScore":5,"error":1},"keyphraseInIntroduction":{"score":3,"maxScore":9,"error":1},"keyphraseInSubHeadings":{"score":3,"maxScore":9,"error":1},"keyphraseInImageAlt":{"score":3,"maxScore":9,"error":1}}},"additional":[]},"primary_term":null,"canonical_url":null,"og_title":null,"og_description":null,"og_object_type":"default","og_image_type":"default","og_image_url":null,"og_image_width":null,"og_image_height":null,"og_image_custom_url":null,"og_image_custom_fields":null,"og_video":"","og_custom_url":null,"og_article_section":null,"og_article_tags":[],"twitter_use_og":false,"twitter_card":"default","twitter_image_type":"default","twitter_image_url":null,"twitter_image_custom_url":null,"twitter_image_custom_fields":null,"twitter_title":null,"twitter_description":null,"schema":{"blockGraphs":[],"customGraphs":[],"default":{"data":{"Article":[],"Course":[],"Dataset":[],"FAQPage":[],"Movie":[],"Person":[],"Product":[],"ProductReview":[],"Car":[],"Recipe":[],"Service":[],"SoftwareApplication":[],"WebPage":[]},"graphName":"","isEnabled":true},"graphs":[]},"schema_type":"default","schema_type_options":null,"pillar_content":false,"robots_default":true,"robots_noindex":false,"robots_noarchive":false,"robots_nosnippet":false,"robots_nofollow":false,"robots_noimageindex":false,"robots_noodp":false,"robots_notranslate":false,"robots_max_snippet":"-1","robots_max_videopreview":"-1","robots_max_imagepreview":"large","priority":null,"frequency":"default","local_seo":null,"breadcrumb_settings":null,"limit_modified_date":false,"ai":null,"created":"2023-04-02 13:37:20","updated":"2026-02-17 22:36:22","seo_analyzer_scan_date":null},"aioseo_breadcrumb":"<div class=\"aioseo-breadcrumbs\"><span class=\"aioseo-breadcrumb\">\n\t\t\t<a href=\"https:\/\/www.skalnik.pl\/blog\" title=\"Home\">Home<\/a>\n\t\t<\/span><span class=\"aioseo-breadcrumb-separator\">&raquo;<\/span><span class=\"aioseo-breadcrumb\">\n\t\t\t<a href=\"https:\/\/www.skalnik.pl\/blog\/.\/branza\/\" title=\"Bran\u017ca\">Bran\u017ca<\/a>\n\t\t<\/span><span class=\"aioseo-breadcrumb-separator\">&raquo;<\/span><span class=\"aioseo-breadcrumb\">\n\t\t\tUbierz si\u0119 na ferraty z mark\u0105 Salewa\n\t\t<\/span><\/div>","aioseo_breadcrumb_json":[{"label":"Home","link":"https:\/\/www.skalnik.pl\/blog"},{"label":"Bran\u017ca","link":"https:\/\/www.skalnik.pl\/blog\/.\/branza\/"},{"label":"Ubierz si\u0119 na ferraty z mark\u0105 Salewa","link":"https:\/\/www.skalnik.pl\/blog\/ubierz-sie-na-ferraty-z-marka-salewa\/"}],"_links":{"self":[{"href":"https:\/\/www.skalnik.pl\/blog\/wp-json\/wp\/v2\/posts\/22529","targetHints":{"allow":["GET"]}}],"collection":[{"href":"https:\/\/www.skalnik.pl\/blog\/wp-json\/wp\/v2\/posts"}],"about":[{"href":"https:\/\/www.skalnik.pl\/blog\/wp-json\/wp\/v2\/types\/post"}],"author":[{"embeddable":true,"href":"https:\/\/www.skalnik.pl\/blog\/wp-json\/wp\/v2\/users\/9"}],"replies":[{"embeddable":true,"href":"https:\/\/www.skalnik.pl\/blog\/wp-json\/wp\/v2\/comments?post=22529"}],"version-history":[{"count":19,"href":"https:\/\/www.skalnik.pl\/blog\/wp-json\/wp\/v2\/posts\/22529\/revisions"}],"predecessor-version":[{"id":26453,"href":"https:\/\/www.skalnik.pl\/blog\/wp-json\/wp\/v2\/posts\/22529\/revisions\/26453"}],"wp:featuredmedia":[{"embeddable":true,"href":"https:\/\/www.skalnik.pl\/blog\/wp-json\/wp\/v2\/media\/22631"}],"wp:attachment":[{"href":"https:\/\/www.skalnik.pl\/blog\/wp-json\/wp\/v2\/media?parent=22529"}],"wp:term":[{"taxonomy":"category","embeddable":true,"href":"https:\/\/www.skalnik.pl\/blog\/wp-json\/wp\/v2\/categories?post=22529"},{"taxonomy":"post_tag","embeddable":true,"href":"https:\/\/www.skalnik.pl\/blog\/wp-json\/wp\/v2\/tags?post=22529"},{"taxonomy":"magento_category","embeddable":true,"href":"https:\/\/www.skalnik.pl\/blog\/wp-json\/wp\/v2\/magento_category?post=22529"},{"taxonomy":"magento_product","embeddable":true,"href":"https:\/\/www.skalnik.pl\/blog\/wp-json\/wp\/v2\/magento_product?post=22529"}],"curies":[{"name":"wp","href":"https:\/\/api.w.org\/{rel}","templated":true}]}}