{"id":22567,"date":"2023-04-11T09:18:00","date_gmt":"2023-04-11T07:18:00","guid":{"rendered":"https:\/\/www.skalnik.pl\/blog\/?p=22567"},"modified":"2023-04-11T10:34:20","modified_gmt":"2023-04-11T08:34:20","slug":"gregory-historia-i-misja-marki-plecakow-turystycznych","status":"publish","type":"post","link":"https:\/\/www.skalnik.pl\/blog\/gregory-historia-i-misja-marki-plecakow-turystycznych\/","title":{"rendered":"Gregory &#8211; historia i misja marki plecak\u00f3w turystycznych"},"content":{"rendered":"\n<p><strong>Plecak turystyczny \u2013 bez niego trudno wyobrazi\u0107 sobie wi\u0119kszo\u015b\u0107 aktywno\u015bci terenowych. Zabierasz go na trekking, hiking, wycieczk\u0119 rowerow\u0105, wspinaczk\u0119, wypad narciarski, ale tak\u017ce w podr\u00f3\u017c czy na rekreacyjn\u0105 wycieczk\u0119 za miasto. Jest funkcjonalny i w\u0142a\u015bciwie niezast\u0105piony. Dlatego wybieraj\u0105c ten dla siebie przegl\u0105dasz zwykle ca\u0142\u0105 palet\u0119 ofert. I na pewno trafi\u0142e\u015b w niej na mark\u0119 Gregory. Poznaj jej histori\u0119, filozofi\u0119 oraz podej\u015bcie do tworzenia niezawodnych plecak\u00f3w na ka\u017cde outdoorowe wyzwanie.<\/strong><\/p>\n\n\n\n<div id=\"ez-toc-container\" class=\"ez-toc-v2_0_85 counter-hierarchy ez-toc-counter ez-toc-light-blue ez-toc-container-direction\">\n<div class=\"ez-toc-title-container\">\n<p class=\"ez-toc-title\" style=\"cursor:inherit\">SPIS TRE\u015aCI <\/p>\n<span class=\"ez-toc-title-toggle\"><a href=\"#\" class=\"ez-toc-pull-right ez-toc-btn ez-toc-btn-xs ez-toc-btn-default ez-toc-toggle\" aria-label=\"Prze\u0142\u0105cznik Spisu Tre\u015bci\"><span class=\"ez-toc-js-icon-con\"><span class=\"\"><span class=\"eztoc-hide\" style=\"display:none;\">Toggle<\/span><span class=\"ez-toc-icon-toggle-span\"><svg style=\"fill: #999;color:#999\" xmlns=\"http:\/\/www.w3.org\/2000\/svg\" class=\"list-377408\" width=\"20px\" height=\"20px\" viewBox=\"0 0 24 24\" fill=\"none\"><path d=\"M6 6H4v2h2V6zm14 0H8v2h12V6zM4 11h2v2H4v-2zm16 0H8v2h12v-2zM4 16h2v2H4v-2zm16 0H8v2h12v-2z\" fill=\"currentColor\"><\/path><\/svg><svg style=\"fill: #999;color:#999\" class=\"arrow-unsorted-368013\" xmlns=\"http:\/\/www.w3.org\/2000\/svg\" width=\"10px\" height=\"10px\" viewBox=\"0 0 24 24\" version=\"1.2\" baseProfile=\"tiny\"><path d=\"M18.2 9.3l-6.2-6.3-6.2 6.3c-.2.2-.3.4-.3.7s.1.5.3.7c.2.2.4.3.7.3h11c.3 0 .5-.1.7-.3.2-.2.3-.5.3-.7s-.1-.5-.3-.7zM5.8 14.7l6.2 6.3 6.2-6.3c.2-.2.3-.5.3-.7s-.1-.5-.3-.7c-.2-.2-.4-.3-.7-.3h-11c-.3 0-.5.1-.7.3-.2.2-.3.5-.3.7s.1.5.3.7z\"\/><\/svg><\/span><\/span><\/span><\/a><\/span><\/div>\n<nav><ul class='ez-toc-list ez-toc-list-level-1 ' ><li class='ez-toc-page-1 ez-toc-heading-level-2'><a class=\"ez-toc-link ez-toc-heading-1\" href=\"https:\/\/www.skalnik.pl\/blog\/gregory-historia-i-misja-marki-plecakow-turystycznych\/#Innowacyjne_podejscie_do_plecakow_turystycznych\" >Innowacyjne podej\u015bcie do plecak\u00f3w turystycznych<\/a><\/li><li class='ez-toc-page-1 ez-toc-heading-level-2'><a class=\"ez-toc-link ez-toc-heading-2\" href=\"https:\/\/www.skalnik.pl\/blog\/gregory-historia-i-misja-marki-plecakow-turystycznych\/#Plecaki_tworzone_dla_i_przez_milosnikow_outdooru\" >Plecaki tworzone dla i przez mi\u0142o\u015bnik\u00f3w outdooru<\/a><\/li><li class='ez-toc-page-1 ez-toc-heading-level-2'><a class=\"ez-toc-link ez-toc-heading-3\" href=\"https:\/\/www.skalnik.pl\/blog\/gregory-historia-i-misja-marki-plecakow-turystycznych\/#%E2%80%9EZielone%E2%80%9D_podejscie_do_produkcji\" >\u201eZielone\u201d podej\u015bcie do produkcji<\/a><\/li><li class='ez-toc-page-1 ez-toc-heading-level-2'><a class=\"ez-toc-link ez-toc-heading-4\" href=\"https:\/\/www.skalnik.pl\/blog\/gregory-historia-i-misja-marki-plecakow-turystycznych\/#Gregory-_nie_tylko_plecaki_w_gory\" >Gregory- nie tylko plecaki w g\u00f3ry<\/a><\/li><\/ul><\/nav><\/div>\n<h2 class=\"wp-block-heading\"><span class=\"ez-toc-section\" id=\"Innowacyjne_podejscie_do_plecakow_turystycznych\"><\/span>Innowacyjne podej\u015bcie do plecak\u00f3w turystycznych<span class=\"ez-toc-section-end\"><\/span><\/h2>\n\n\n\n<p>Wielu u\u017cytkownikom plecak\u00f3w wydaje si\u0119, \u017ce Gregory to marka nowa. Fakt, na polskich p\u00f3\u0142kach sklepowych mo\u017cna j\u0105 znale\u017a\u0107 powszechnie od oko\u0142o 10 lat. Jednak jej historia jest znacznie d\u0142u\u017csza. Firma Gregory Mountain Products powsta\u0142a w San Diego w Kalifornii w 1977, a jej tw\u00f3rca Wayne Gregory zwi\u0105zany jest z produkcj\u0105 plecak\u00f3w jeszcze d\u0142u\u017cej. Ju\u017c jako 14 latek, nale\u017c\u0105c do ruchu skautowego, stworzy\u0142 projekt swojego pierwszego plecaka. Model powsta\u0142 w ramach skautowskiego wyzwania, ale zobaczy\u0142 go Andy Drollinger, tw\u00f3rca jednej z miejscowych outdoorowych marek. Spodoba\u0142 mu si\u0119 na tyle, \u017ce obserwowa\u0142 Gregory\u2019ego i po kilku latach zaprosi\u0142 go do wsp\u00f3\u0142pracy. Wkr\u00f3tce te\u017c powsta\u0142a pierwsza w\u0142asna marka Wayne\u2019a, Sunbird, kt\u00f3r\u0105 jednak musia\u0142 zamkn\u0105\u0107 w 1973 r. Kontynuowa\u0142 prac\u0119 jako niezale\u017cny projektant tworz\u0105c plecaki, torby i inny sprz\u0119t outdoorowy dla zleceniodawc\u00f3w. Nie porzuci\u0142 te\u017c marze\u0144 o w\u0142asnym, ca\u0142o\u015bciowym projekcie i doprowadzi\u0142 do utworzenia firmy w 1977 r.<\/p>\n\n\n\n<div class=\"wp-block-image\"><figure class=\"aligncenter size-large\"><img loading=\"lazy\" decoding=\"async\" width=\"1024\" height=\"683\" src=\"https:\/\/www.skalnik.pl\/blog\/wp-content\/uploads\/2023\/04\/GMP_S20_ParagonMaven_Norway-1733-min-1-1024x683.jpg\" alt=\"plecaki turystyczne gregory w g\u00f3ry\" class=\"wp-image-22577\" srcset=\"https:\/\/www.skalnik.pl\/blog\/wp-content\/uploads\/2023\/04\/GMP_S20_ParagonMaven_Norway-1733-min-1-1024x683.jpg 1024w, https:\/\/www.skalnik.pl\/blog\/wp-content\/uploads\/2023\/04\/GMP_S20_ParagonMaven_Norway-1733-min-1-300x200.jpg 300w, https:\/\/www.skalnik.pl\/blog\/wp-content\/uploads\/2023\/04\/GMP_S20_ParagonMaven_Norway-1733-min-1-768x512.jpg 768w, https:\/\/www.skalnik.pl\/blog\/wp-content\/uploads\/2023\/04\/GMP_S20_ParagonMaven_Norway-1733-min-1-1536x1024.jpg 1536w, https:\/\/www.skalnik.pl\/blog\/wp-content\/uploads\/2023\/04\/GMP_S20_ParagonMaven_Norway-1733-min-1-2048x1365.jpg 2048w\" sizes=\"auto, (max-width: 1024px) 100vw, 1024px\" \/><figcaption><em>Plecaki Gregory wyr\u00f3\u017cniaj\u0105 si\u0119 innowacyjnymi systemami no\u015bnymi (fot. Gregory)<\/em><\/figcaption><\/figure><\/div>\n\n\n\n<p>Od pocz\u0105tku g\u0142\u00f3wnym celem Gregory\u2019ego by\u0142a innowacyjno\u015b\u0107 i tworzenie plecak\u00f3w idealnie dopasowanych do ruchu ludzkiego cia\u0142a. Nie interesowa\u0142y go przestarza\u0142e, statyczne konstrukcje. Plecaki Gregory mia\u0142y porusza\u0107 si\u0119 wraz z u\u017cytkownikiem, daj\u0105c perfekcyjne odci\u0105\u017cenie i przeniesienie ci\u0119\u017caru, a tak\u017ce stabilno\u015b\u0107 nawet podczas najbardziej wymagaj\u0105cych aktywno\u015bci.<\/p>\n\n\n\n<p>Nadzwyczajna staranno\u015b\u0107 projekt\u00f3w i nieszablonowe podej\u015bcie do nich sprawi\u0142y, \u017ce plecaki Gregory wyr\u00f3\u017cniaj\u0105 si\u0119 na rynku. Innowacyjno\u015b\u0107 obejmuje nie tylko system no\u015bny, ale tak\u017ce dost\u0119p do wn\u0119trza czy sposoby troczenia sprz\u0119tu. Dla konstruktor\u00f3w marki plecak to ca\u0142o\u015b\u0107, kt\u00f3ra ponadto nie mo\u017ce istnie\u0107 bez jego u\u017cytkownika. I to jego wygoda podczas outdoorowych wyzwa\u0144 jest tu najwa\u017cniejsza.<\/p>\n\n\n\n<p class=\"has-text-color has-background has-very-light-gray-color has-vivid-cyan-blue-background-color\">Zobacz wszystkie nasze &#8211;&gt; <strong><a href=\"https:\/\/www.skalnik.pl\/gregory\" target=\"_blank\" rel=\"noopener noreferrer\" title=\"\">plecaki Gregory<\/a><\/strong>! <\/p>\n\n\n\n<h2 class=\"wp-block-heading\"><span class=\"ez-toc-section\" id=\"Plecaki_tworzone_dla_i_przez_milosnikow_outdooru\"><\/span>Plecaki tworzone dla i przez mi\u0142o\u015bnik\u00f3w outdooru<span class=\"ez-toc-section-end\"><\/span><\/h2>\n\n\n\n<p>Od 2015 r. g\u0142\u00f3wna siedziba firmy Gregory Mountain Products zosta\u0142a przeniesiona z San Diego do Salt Lake City. Mie\u015bci si\u0119 u podn\u00f3\u017cy G\u00f3r Wasatch i to w\u0142a\u015bnie tu powstaj\u0105 projekty plecak\u00f3w i opracowywane s\u0105 kolejne generacje innowacyjnych system\u00f3w no\u015bnych i pas\u00f3w biodrowych. Prototypy tworzone s\u0105 r\u0119czne i testowane na miejscu, w otaczaj\u0105cych miasto g\u00f3rach.<\/p>\n\n\n\n<div class=\"wp-block-image\"><figure class=\"aligncenter size-large\"><img loading=\"lazy\" decoding=\"async\" width=\"1024\" height=\"683\" src=\"https:\/\/www.skalnik.pl\/blog\/wp-content\/uploads\/2023\/04\/S21_PNW_KalmiaKatmai-4074-min-1-1024x683.jpg\" alt=\"\" class=\"wp-image-22579\" srcset=\"https:\/\/www.skalnik.pl\/blog\/wp-content\/uploads\/2023\/04\/S21_PNW_KalmiaKatmai-4074-min-1-1024x683.jpg 1024w, https:\/\/www.skalnik.pl\/blog\/wp-content\/uploads\/2023\/04\/S21_PNW_KalmiaKatmai-4074-min-1-300x200.jpg 300w, https:\/\/www.skalnik.pl\/blog\/wp-content\/uploads\/2023\/04\/S21_PNW_KalmiaKatmai-4074-min-1-768x512.jpg 768w, https:\/\/www.skalnik.pl\/blog\/wp-content\/uploads\/2023\/04\/S21_PNW_KalmiaKatmai-4074-min-1-1536x1024.jpg 1536w, https:\/\/www.skalnik.pl\/blog\/wp-content\/uploads\/2023\/04\/S21_PNW_KalmiaKatmai-4074-min-1-2048x1365.jpg 2048w\" sizes=\"auto, (max-width: 1024px) 100vw, 1024px\" \/><figcaption><em>Gregory &#8211; plecaki tworzone dla i przez mi\u0142o\u015bnik\u00f3w outdooru (fot. Gregory)<\/em><\/figcaption><\/figure><\/div>\n\n\n\n<p>Je\u015bli wyobra\u017casz sobie, \u017ce taka praca musi przebiega\u0107 w skupieniu, bez kontaktu ze \u015bwiatem zewn\u0119trznym, to si\u0119 mylisz. Siedziba marki to miejsce, gdzie opr\u00f3cz mn\u00f3stwa plecak\u00f3w zobaczysz te\u017c ka\u017cdy mo\u017cliwy sprz\u0119t turystyczny, w\u0119dkarski, rowery, rzucone w k\u0105t buty trekkingowe czy biegowe, zim\u0105 narty. &nbsp;Mile widziane s\u0105 tu psy, kt\u00f3re mog\u0105 przychodzi\u0107 do biura wraz z pracownikami. Ludzie tworz\u0105cy mark\u0119 Gregory s\u0105 aktywni w r\u00f3\u017cnych dziedzinach i sami cz\u0119sto testuj\u0105 plecaki, kt\u00f3re projektuj\u0105 i tworz\u0105.<\/p>\n\n\n\n<p>Firma pracuje zgodnie z filozofi\u0105 \u201ework- hard, play- hard\u201d, a w jej rozumieniu \u201eplay\u201d odnosi si\u0119 przede wszystkim do aktywno\u015bci outdoorowej i \u0142\u0105czeniu pasji z tworzeniem innowacyjnych rozwi\u0105za\u0144 dla takich samych zapale\u0144c\u00f3w.<\/p>\n\n\n\n<h2 class=\"wp-block-heading\"><span class=\"ez-toc-section\" id=\"%E2%80%9EZielone%E2%80%9D_podejscie_do_produkcji\"><\/span>\u201eZielone\u201d podej\u015bcie do produkcji<span class=\"ez-toc-section-end\"><\/span><\/h2>\n\n\n\n<p>Na pierwszym miejscu w\u015br\u00f3d zasad projektowania i produkcji wyrob\u00f3w Gregory by\u0142y zawsze innowacyjno\u015b\u0107 i jako\u015b\u0107. Plecaki i inne wyroby ewoluowa\u0142y i by\u0142y dopasowywane nie tylko do aktualnych trend\u00f3w, ale tak\u017ce, a mo\u017ce przede wszystkim uwzgl\u0119dnia\u0142y zmieniaj\u0105ce si\u0119 podej\u015bcie do konstrukcji system\u00f3w no\u015bnych. Z czasem pojawi\u0142y si\u0119 inne wyzwania. Pocz\u0105tek XXI w. przyni\u00f3s\u0142 coraz wi\u0119ksz\u0105 \u015bwiadomo\u015b\u0107 w zakresie odpowiedzialno\u015bci produkcji i biznesu. W te trendy wpisuje si\u0119 tak\u017ce dzia\u0142alno\u015b\u0107 marki Gregory, kt\u00f3ra postawi\u0142a na zr\u00f3wnowa\u017con\u0105 produkcj\u0119, odpowiedzialne podej\u015bcie do \u015brodowiska naturalnego i pracownik\u00f3w oraz d\u0105\u017cenie do jak najmniejszego wp\u0142ywu na otoczenie.<\/p>\n\n\n\n<div class=\"wp-block-image\"><figure class=\"aligncenter size-large\"><img loading=\"lazy\" decoding=\"async\" width=\"1024\" height=\"683\" src=\"https:\/\/www.skalnik.pl\/blog\/wp-content\/uploads\/2023\/04\/GMP_S20_Norway_StoutAmber-1744-1024x683.jpg\" alt=\"turystka z plecakiem turystycznym gregory\" class=\"wp-image-22580\" srcset=\"https:\/\/www.skalnik.pl\/blog\/wp-content\/uploads\/2023\/04\/GMP_S20_Norway_StoutAmber-1744-1024x683.jpg 1024w, https:\/\/www.skalnik.pl\/blog\/wp-content\/uploads\/2023\/04\/GMP_S20_Norway_StoutAmber-1744-300x200.jpg 300w, https:\/\/www.skalnik.pl\/blog\/wp-content\/uploads\/2023\/04\/GMP_S20_Norway_StoutAmber-1744-768x512.jpg 768w, https:\/\/www.skalnik.pl\/blog\/wp-content\/uploads\/2023\/04\/GMP_S20_Norway_StoutAmber-1744-1536x1024.jpg 1536w, https:\/\/www.skalnik.pl\/blog\/wp-content\/uploads\/2023\/04\/GMP_S20_Norway_StoutAmber-1744-2048x1365.jpg 2048w\" sizes=\"auto, (max-width: 1024px) 100vw, 1024px\" \/><figcaption><em>Marka Gregory opiera swoje dzia\u0142ania na zr\u00f3wnowa\u017conym rozwoju i zasadach odpowiedzialno\u015bci spo\u0142ecznej (fot. Gregory)<\/em><\/figcaption><\/figure><\/div>\n\n\n\n<p>Zobacz jakie dzia\u0142ania podejmuje Gregory w zwi\u0105zku z d\u0105\u017ceniem do jak najbardziej zr\u00f3wnowa\u017conej produkcji swoich plecak\u00f3w.<\/p>\n\n\n\n<ul class=\"wp-block-list\"><li>d\u0105\u017cenie do neutralno\u015bci emisyjnej CO2 \u2013 obejmuje zar\u00f3wno sam\u0105 produkcj\u0119 i stosowane w niej technologie, jak i logistyk\u0119, pakowanie, transport oraz dzia\u0142anie \u015bwiatowego i lokalnych biur.<\/li><li>mo\u017cliwo\u015b\u0107 naprawy &#8211; &nbsp;plecaki Gregory projektowane s\u0105 w taki spos\u00f3b by mo\u017cliwa by\u0142a ich naprawa w serwisie. Dzi\u0119ki temu przy usterce nie jest konieczna wymiana ca\u0142ego plecak, a jedynie zepsutej cz\u0119\u015bci.<\/li><li>podniesienie efektywno\u015bci logistyki i transportu- stosowanie opakowa\u0144 biodegradowalnych oraz pakowanie plecak\u00f3w tak, by jednorazowo w opakowaniu mo\u017cna by\u0142o umie\u015bci\u0107 ich wi\u0119cej.<\/li><li>Program Zgodno\u015bci Spo\u0142ecznej (Social Compliance Program) \u2013 wewn\u0119trzny program uwzgl\u0119dniaj\u0105cy zasady odpowiedzialno\u015bci spo\u0142ecznej na ka\u017cdym etapie produkcji i transportu. Gwarantuje uczciwe traktowanie pracownik\u00f3w, eliminuje prac\u0119 dzieci, a tak\u017ce zobowi\u0105zuje podwykonawc\u00f3w do przestrzegania norm \u015brodowiskowych. Marka prowadzi niezapowiedziane kontrole w swoich fabrykach, u dostawc\u00f3w i w sieci logistycznej i na bie\u017c\u0105co weryfikuje przestrzeganie zasad.<\/li><\/ul>\n\n\n\n<p class=\"has-text-color has-background has-very-light-gray-color has-vivid-cyan-blue-background-color\">Zobacz &#8211;&gt; <strong><a href=\"https:\/\/www.skalnik.pl\/sprzet-turystyczny\/plecaki\/plecaki-turystyczne\/marka:gregory\" target=\"_blank\" rel=\"noopener noreferrer\" title=\"\">plecaki turystyczne Gregory<\/a><\/strong>. <\/p>\n\n\n\n<h2 class=\"wp-block-heading\"><span class=\"ez-toc-section\" id=\"Gregory-_nie_tylko_plecaki_w_gory\"><\/span>Gregory- nie tylko plecaki w g\u00f3ry<span class=\"ez-toc-section-end\"><\/span><\/h2>\n\n\n\n<p>Skoro wiesz ju\u017c jak\u0105 mark\u0105 jest Gregory, to poka\u017c\u0119 Ci jakie produkty znajdziesz w ich szerokiej ofercie. Cho\u0107 naczelne miejsce zajmuj\u0105 w niej plecaki, to znajdziesz tak\u017ce saszetki czy buk\u0142aki na wod\u0119.<\/p>\n\n\n\n<div class=\"wp-block-image\"><figure class=\"aligncenter size-large\"><img loading=\"lazy\" decoding=\"async\" width=\"1024\" height=\"683\" src=\"https:\/\/www.skalnik.pl\/blog\/wp-content\/uploads\/2023\/04\/GMP_S20_CitroJuno_Norway-7466-min-1024x683.jpg\" alt=\"tury\u015bci w g\u00f3rach z plecakiem Gregory\" class=\"wp-image-22581\" srcset=\"https:\/\/www.skalnik.pl\/blog\/wp-content\/uploads\/2023\/04\/GMP_S20_CitroJuno_Norway-7466-min-1024x683.jpg 1024w, https:\/\/www.skalnik.pl\/blog\/wp-content\/uploads\/2023\/04\/GMP_S20_CitroJuno_Norway-7466-min-300x200.jpg 300w, https:\/\/www.skalnik.pl\/blog\/wp-content\/uploads\/2023\/04\/GMP_S20_CitroJuno_Norway-7466-min-768x512.jpg 768w, https:\/\/www.skalnik.pl\/blog\/wp-content\/uploads\/2023\/04\/GMP_S20_CitroJuno_Norway-7466-min-1536x1024.jpg 1536w, https:\/\/www.skalnik.pl\/blog\/wp-content\/uploads\/2023\/04\/GMP_S20_CitroJuno_Norway-7466-min-2048x1365.jpg 2048w\" sizes=\"auto, (max-width: 1024px) 100vw, 1024px\" \/><figcaption><em>Sprawd\u017a, jaki plecak Gregory pasuje do Twoich aktywno\u015bci (fot. Gregory)<\/em><\/figcaption><\/figure><\/div>\n\n\n\n<p>Zobacz, jaki plecak Gregory wybra\u0107 do konkretnych aktywno\u015bci:<\/p>\n\n\n\n<ul class=\"wp-block-list\"><li>zaawansowane plecaki trekkingowe i do wypraw backpackerskich \u2013 modele <strong>Baltoro PRO<\/strong> i <strong>Deva PRO<\/strong> \u2013 plecaki o du\u017cych pojemno\u015bciach, na wielotygodniowe, wymagaj\u0105ce wyprawy, z regulowanym systemem no\u015bnym pod\u0105\u017caj\u0105cym za ruchami u\u017cytkownik\u00f3w. \u015awietnie sprawdzaj\u0105 si\u0119 przy du\u017cych obci\u0105\u017ceniach.<\/li><li>plecaki trekkingowe i dla podr\u00f3\u017cnik\u00f3w \u2013<strong> Stout i Amber, Katmai i Kalmia, Zulu i Jade<\/strong> z regulowanym systemem no\u015bnym i licznymi mo\u017cliwo\u015bciach troczenia sprz\u0119tu<\/li><li>plecaki do trekking\u00f3w w wersji \u201elight\u201d \u2013 <strong>Paragon i Maven<\/strong> z regulowanym, wentylowanym systemem no\u015bnym i dodatkowym dost\u0119pem do wn\u0119trza<\/li><li>plecaki do zada\u0144 typu fast and light- ultralekkie, minimalistyczne modele <strong>Focal i Facet<\/strong> z wentylowanym tylnym panelem<\/li><li>plecaki hikingowe, do kr\u00f3tkich, intensywnych w\u0119dr\u00f3wek \u2013 <strong>Citro i Juno, Arrio, Miko i Maya, Kiro<\/strong> &#8211; niewielkie modele o pojemno\u015bci do ok. 30 l, z wentylowanym systemem no\u015bnym<\/li><li>plecak trekkingowy dla dzieci &#8211; <strong>Icarus<\/strong> \u2013 dostosowany do sylwetki dziecka plecak o pojemno\u015bci pozwalaj\u0105cej zabra\u0107 podstawowe wyposa\u017cenie na w\u0119dr\u00f3wk\u0119 g\u00f3rsk\u0105.<\/li><li>plecaki z izolacj\u0105 i do\u0142\u0105czonym systemem nawadniaj\u0105cym \u2013<strong> Tempo i Pace<\/strong> \u2013 pozwalaj\u0105 na d\u0142u\u017csze utrzymywanie odpowiedniej temperatury wody w buk\u0142aku. Przeznaczone do szybkich trekking\u00f3w i bieg\u00f3w.<\/li><li>plecaki z systemem nawadniaj\u0105cym \u2013 <strong>Salvo i Sula<\/strong> \u2013 idealne dla biegaczy i os\u00f3b uprawiaj\u0105cych speed hiking<\/li><li>plecaki alpinistyczne i narciarskie \u2013 <strong>Alpinisto, Alpinisto LT, Targhee, Targhee Fasttrack<\/strong> \u2013 daj\u0105 mo\u017cliwo\u015b\u0107 troczenia czekan\u00f3w i nart. S\u0105 stosunkowo w\u0105skie by nie przeszkadza\u0107 w ruchu, a konstrukcja tylnego panelu sprawia, \u017ce nie przywiera do niego \u015bnieg.<\/li><li>plecaki codzienne \u2013 <strong>Nano, Rhune<\/strong> \u2013 idealne do miasta, na city break, spacer czy kr\u00f3tk\u0105 wycieczk\u0119<\/li><li>plecaki do podr\u00f3\u017cy- <strong>Border Traveler, Tetrad i Tribute<\/strong> \u2013 z \u0142atwym dost\u0119pem do \u015brodka, wymiarami pozwalaj\u0105cymi na zabranie w podr\u00f3\u017c samolotem oraz licznymi przemy\u015blanymi kieszeniami.<\/li><\/ul>\n\n\n\n<div class=\"wp-block-image\"><figure class=\"aligncenter size-large\"><img loading=\"lazy\" decoding=\"async\" width=\"1024\" height=\"682\" src=\"https:\/\/www.skalnik.pl\/blog\/wp-content\/uploads\/2023\/04\/GMP_S20_Mojave_CitroJunoH20_-3872-1024x682.jpg\" alt=\"buk\u0142ak na wod\u0119 marki Gregory\" class=\"wp-image-22582\" srcset=\"https:\/\/www.skalnik.pl\/blog\/wp-content\/uploads\/2023\/04\/GMP_S20_Mojave_CitroJunoH20_-3872-1024x682.jpg 1024w, https:\/\/www.skalnik.pl\/blog\/wp-content\/uploads\/2023\/04\/GMP_S20_Mojave_CitroJunoH20_-3872-300x200.jpg 300w, https:\/\/www.skalnik.pl\/blog\/wp-content\/uploads\/2023\/04\/GMP_S20_Mojave_CitroJunoH20_-3872-768x512.jpg 768w, https:\/\/www.skalnik.pl\/blog\/wp-content\/uploads\/2023\/04\/GMP_S20_Mojave_CitroJunoH20_-3872-1536x1024.jpg 1536w, https:\/\/www.skalnik.pl\/blog\/wp-content\/uploads\/2023\/04\/GMP_S20_Mojave_CitroJunoH20_-3872.jpg 2000w\" sizes=\"auto, (max-width: 1024px) 100vw, 1024px\" \/><figcaption><em>W ofercie Gregory znajdziesz te\u017c systemy nawadniaj\u0105ce do plecak\u00f3w (fot. Gregory)<\/em><\/figcaption><\/figure><\/div>\n\n\n\n<p>W kolekcji Gregory znajdziesz tak\u017ce systemy nawadniaj\u0105ce o r\u00f3\u017cnej pojemno\u015bci oraz saszetki, kt\u00f3re zast\u0119puj\u0105 ma\u0142y plecak np. podczas spaceru czy treningu.<\/p>\n\n\n\n<hr class=\"wp-block-separator is-style-dots\"\/>\n\n\n\n<p>Gregory to marka, kt\u00f3rej plecaki pokochali mi\u0142o\u015bnicy outdooru w ponad 40 krajach. \u0141\u0105cz\u0105c wygod\u0119 z funkcjonalno\u015bci\u0105 oraz odpowiedzialno\u015bci\u0105 produkcji, marka czerpie z najnowszych osi\u0105gni\u0119\u0107 techniki i dba o przysz\u0142o\u015b\u0107 \u015brodowiska naturalnego.<\/p>\n\n\n\n<p class=\"has-text-color has-background has-very-light-gray-color has-vivid-cyan-blue-background-color\">Zobacz jak wypad\u0142 jeden z plecak\u00f3w Gregory w naszym te\u015bcie. Test plecaka Gregory Jade znajdziesz &#8211;&gt;<strong><a href=\"https:\/\/www.skalnik.pl\/blog\/plecak-gregory-test-jade-38\/\" target=\"_blank\" rel=\"noopener noreferrer\" title=\"\"> tutaj<\/a><\/strong>.<\/p>\n","protected":false},"excerpt":{"rendered":"<p>Gregory to jeden z najbardziej cenionych producent\u00f3w plecak\u00f3w. Poznaj histori\u0119 marki i jej filozofi\u0119. <\/p>\n","protected":false},"author":41,"featured_media":22569,"comment_status":"closed","ping_status":"closed","sticky":false,"template":"","format":"standard","meta":{"_acf_changed":false,"footnotes":""},"categories":[5],"tags":[23],"magento_category":[242],"magento_product":[],"class_list":["post-22567","post","type-post","status-publish","format-standard","has-post-thumbnail","hentry","category-branza","tag-plecaki"],"acf":[],"aioseo_notices":[],"aioseo_head":"\n\t\t<!-- All in One SEO 4.9.10 - aioseo.com -->\n\t<meta name=\"description\" content=\"Gregory nale\u017cy do najbardziej cenionych producent\u00f3w plecak\u00f3w outdoorowych. Poznaj jej histori\u0119 i warto\u015bci, jakimi kieruje si\u0119 w swoich dzia\u0142aniach.\" \/>\n\t<meta name=\"robots\" content=\"max-image-preview:large\" \/>\n\t<meta name=\"author\" content=\"Anna \u015aliwa\"\/>\n\t<link rel=\"canonical\" href=\"https:\/\/www.skalnik.pl\/blog\/gregory-historia-i-misja-marki-plecakow-turystycznych\/\" \/>\n\t<meta name=\"generator\" content=\"All in One SEO (AIOSEO) 4.9.10\" \/>\n\t\t<meta property=\"og:locale\" content=\"pl_PL\" \/>\n\t\t<meta property=\"og:site_name\" content=\"blog Skalnik - Blog, porady, artyku\u0142y - blog Skalnik\" \/>\n\t\t<meta property=\"og:type\" content=\"article\" \/>\n\t\t<meta property=\"og:title\" content=\"Gregory \u2013 historia i misja marki plecak\u00f3w turystycznych - blog Skalnik\" \/>\n\t\t<meta property=\"og:description\" content=\"Gregory nale\u017cy do najbardziej cenionych producent\u00f3w plecak\u00f3w outdoorowych. Poznaj jej histori\u0119 i warto\u015bci, jakimi kieruje si\u0119 w swoich dzia\u0142aniach.\" \/>\n\t\t<meta property=\"og:url\" content=\"https:\/\/www.skalnik.pl\/blog\/gregory-historia-i-misja-marki-plecakow-turystycznych\/\" \/>\n\t\t<meta property=\"og:image\" content=\"https:\/\/www.skalnik.pl\/blog\/wp-content\/uploads\/2023\/04\/GMP_S20_ParagonMaven_Norway-1733-min-1-1024x683.jpg\" \/>\n\t\t<meta property=\"og:image:secure_url\" content=\"https:\/\/www.skalnik.pl\/blog\/wp-content\/uploads\/2023\/04\/GMP_S20_ParagonMaven_Norway-1733-min-1-1024x683.jpg\" \/>\n\t\t<meta property=\"article:tag\" content=\"bran\u017ca\" \/>\n\t\t<meta property=\"article:tag\" content=\"plecaki\" \/>\n\t\t<meta property=\"article:published_time\" content=\"2023-04-11T07:18:00+00:00\" \/>\n\t\t<meta property=\"article:modified_time\" content=\"2023-04-11T08:34:20+00:00\" \/>\n\t\t<meta name=\"twitter:card\" content=\"summary_large_image\" \/>\n\t\t<meta name=\"twitter:title\" content=\"Gregory \u2013 historia i misja marki plecak\u00f3w turystycznych - blog Skalnik\" \/>\n\t\t<meta name=\"twitter:description\" content=\"Gregory nale\u017cy do najbardziej cenionych producent\u00f3w plecak\u00f3w outdoorowych. Poznaj jej histori\u0119 i warto\u015bci, jakimi kieruje si\u0119 w swoich dzia\u0142aniach.\" \/>\n\t\t<meta name=\"twitter:image\" content=\"https:\/\/www.skalnik.pl\/blog\/wp-content\/uploads\/2023\/04\/GMP_S20_ParagonMaven_Norway-1733-min-1-1024x683.jpg\" \/>\n\t\t<script type=\"application\/ld+json\" class=\"aioseo-schema\">\n\t\t\t{\"@context\":\"https:\\\/\\\/schema.org\",\"@graph\":[{\"@type\":\"BlogPosting\",\"@id\":\"https:\\\/\\\/www.skalnik.pl\\\/blog\\\/gregory-historia-i-misja-marki-plecakow-turystycznych\\\/#blogposting\",\"name\":\"Gregory \\u2013 historia i misja marki plecak\\u00f3w turystycznych - blog Skalnik\",\"headline\":\"Gregory &#8211; historia i misja marki plecak\\u00f3w turystycznych\",\"author\":{\"@id\":\"https:\\\/\\\/www.skalnik.pl\\\/blog\\\/author\\\/anna-sliwa\\\/#author\"},\"publisher\":{\"@id\":\"https:\\\/\\\/www.skalnik.pl\\\/blog\\\/#organization\"},\"image\":{\"@type\":\"ImageObject\",\"url\":\"https:\\\/\\\/www.skalnik.pl\\\/blog\\\/wp-content\\\/uploads\\\/2023\\\/04\\\/GMP_S19_ZuluJade_AK_Lifestyle-9044-c-scaled.jpg\",\"width\":2560,\"height\":939},\"datePublished\":\"2023-04-11T09:18:00+02:00\",\"dateModified\":\"2023-04-11T10:34:20+02:00\",\"inLanguage\":\"pl-PL\",\"mainEntityOfPage\":{\"@id\":\"https:\\\/\\\/www.skalnik.pl\\\/blog\\\/gregory-historia-i-misja-marki-plecakow-turystycznych\\\/#webpage\"},\"isPartOf\":{\"@id\":\"https:\\\/\\\/www.skalnik.pl\\\/blog\\\/gregory-historia-i-misja-marki-plecakow-turystycznych\\\/#webpage\"},\"articleSection\":\"Bran\\u017ca, plecaki, 1201\"},{\"@type\":\"BreadcrumbList\",\"@id\":\"https:\\\/\\\/www.skalnik.pl\\\/blog\\\/gregory-historia-i-misja-marki-plecakow-turystycznych\\\/#breadcrumblist\",\"itemListElement\":[{\"@type\":\"ListItem\",\"@id\":\"https:\\\/\\\/www.skalnik.pl\\\/blog#listItem\",\"position\":1,\"name\":\"Home\",\"item\":\"https:\\\/\\\/www.skalnik.pl\\\/blog\",\"nextItem\":{\"@type\":\"ListItem\",\"@id\":\"https:\\\/\\\/www.skalnik.pl\\\/blog\\\/.\\\/branza\\\/#listItem\",\"name\":\"Bran\\u017ca\"}},{\"@type\":\"ListItem\",\"@id\":\"https:\\\/\\\/www.skalnik.pl\\\/blog\\\/.\\\/branza\\\/#listItem\",\"position\":2,\"name\":\"Bran\\u017ca\",\"item\":\"https:\\\/\\\/www.skalnik.pl\\\/blog\\\/.\\\/branza\\\/\",\"nextItem\":{\"@type\":\"ListItem\",\"@id\":\"https:\\\/\\\/www.skalnik.pl\\\/blog\\\/gregory-historia-i-misja-marki-plecakow-turystycznych\\\/#listItem\",\"name\":\"Gregory &#8211; historia i misja marki plecak\\u00f3w turystycznych\"},\"previousItem\":{\"@type\":\"ListItem\",\"@id\":\"https:\\\/\\\/www.skalnik.pl\\\/blog#listItem\",\"name\":\"Home\"}},{\"@type\":\"ListItem\",\"@id\":\"https:\\\/\\\/www.skalnik.pl\\\/blog\\\/gregory-historia-i-misja-marki-plecakow-turystycznych\\\/#listItem\",\"position\":3,\"name\":\"Gregory &#8211; historia i misja marki plecak\\u00f3w turystycznych\",\"previousItem\":{\"@type\":\"ListItem\",\"@id\":\"https:\\\/\\\/www.skalnik.pl\\\/blog\\\/.\\\/branza\\\/#listItem\",\"name\":\"Bran\\u017ca\"}}]},{\"@type\":\"Organization\",\"@id\":\"https:\\\/\\\/www.skalnik.pl\\\/blog\\\/#organization\",\"name\":\"blog Skalnik\",\"description\":\"Blog, porady, artyku\\u0142y - blog Skalnik\",\"url\":\"https:\\\/\\\/www.skalnik.pl\\\/blog\\\/\"},{\"@type\":\"Person\",\"@id\":\"https:\\\/\\\/www.skalnik.pl\\\/blog\\\/author\\\/anna-sliwa\\\/#author\",\"url\":\"https:\\\/\\\/www.skalnik.pl\\\/blog\\\/author\\\/anna-sliwa\\\/\",\"name\":\"Anna \\u015aliwa\",\"image\":{\"@type\":\"ImageObject\",\"@id\":\"https:\\\/\\\/www.skalnik.pl\\\/blog\\\/gregory-historia-i-misja-marki-plecakow-turystycznych\\\/#authorImage\",\"url\":\"https:\\\/\\\/secure.gravatar.com\\\/avatar\\\/e8300be3de710e2e109e5dfbf092dcf827242ec8071807a1e13f6b3f7c9bbd79?s=96&d=mm&r=g\",\"width\":96,\"height\":96,\"caption\":\"Anna \\u015aliwa\"}},{\"@type\":\"WebPage\",\"@id\":\"https:\\\/\\\/www.skalnik.pl\\\/blog\\\/gregory-historia-i-misja-marki-plecakow-turystycznych\\\/#webpage\",\"url\":\"https:\\\/\\\/www.skalnik.pl\\\/blog\\\/gregory-historia-i-misja-marki-plecakow-turystycznych\\\/\",\"name\":\"Gregory \\u2013 historia i misja marki plecak\\u00f3w turystycznych - blog Skalnik\",\"description\":\"Gregory nale\\u017cy do najbardziej cenionych producent\\u00f3w plecak\\u00f3w outdoorowych. Poznaj jej histori\\u0119 i warto\\u015bci, jakimi kieruje si\\u0119 w swoich dzia\\u0142aniach.\",\"inLanguage\":\"pl-PL\",\"isPartOf\":{\"@id\":\"https:\\\/\\\/www.skalnik.pl\\\/blog\\\/#website\"},\"breadcrumb\":{\"@id\":\"https:\\\/\\\/www.skalnik.pl\\\/blog\\\/gregory-historia-i-misja-marki-plecakow-turystycznych\\\/#breadcrumblist\"},\"author\":{\"@id\":\"https:\\\/\\\/www.skalnik.pl\\\/blog\\\/author\\\/anna-sliwa\\\/#author\"},\"creator\":{\"@id\":\"https:\\\/\\\/www.skalnik.pl\\\/blog\\\/author\\\/anna-sliwa\\\/#author\"},\"image\":{\"@type\":\"ImageObject\",\"url\":\"https:\\\/\\\/www.skalnik.pl\\\/blog\\\/wp-content\\\/uploads\\\/2023\\\/04\\\/GMP_S19_ZuluJade_AK_Lifestyle-9044-c-scaled.jpg\",\"@id\":\"https:\\\/\\\/www.skalnik.pl\\\/blog\\\/gregory-historia-i-misja-marki-plecakow-turystycznych\\\/#mainImage\",\"width\":2560,\"height\":939},\"primaryImageOfPage\":{\"@id\":\"https:\\\/\\\/www.skalnik.pl\\\/blog\\\/gregory-historia-i-misja-marki-plecakow-turystycznych\\\/#mainImage\"},\"datePublished\":\"2023-04-11T09:18:00+02:00\",\"dateModified\":\"2023-04-11T10:34:20+02:00\"},{\"@type\":\"WebSite\",\"@id\":\"https:\\\/\\\/www.skalnik.pl\\\/blog\\\/#website\",\"url\":\"https:\\\/\\\/www.skalnik.pl\\\/blog\\\/\",\"name\":\"blog Skalnik\",\"description\":\"Blog, porady, artyku\\u0142y - blog Skalnik\",\"inLanguage\":\"pl-PL\",\"publisher\":{\"@id\":\"https:\\\/\\\/www.skalnik.pl\\\/blog\\\/#organization\"}}]}\n\t\t<\/script>\n\t\t<!-- All in One SEO -->\n\n","aioseo_head_json":{"title":"Gregory \u2013 historia i misja marki plecak\u00f3w turystycznych - blog Skalnik","description":"Gregory nale\u017cy do najbardziej cenionych producent\u00f3w plecak\u00f3w outdoorowych. Poznaj jej histori\u0119 i warto\u015bci, jakimi kieruje si\u0119 w swoich dzia\u0142aniach.","canonical_url":"https:\/\/www.skalnik.pl\/blog\/gregory-historia-i-misja-marki-plecakow-turystycznych\/","robots":"max-image-preview:large","keywords":"","webmasterTools":{"miscellaneous":""},"schema":{"@context":"https:\/\/schema.org","@graph":[{"@type":"BlogPosting","@id":"https:\/\/www.skalnik.pl\/blog\/gregory-historia-i-misja-marki-plecakow-turystycznych\/#blogposting","name":"Gregory \u2013 historia i misja marki plecak\u00f3w turystycznych - blog Skalnik","headline":"Gregory &#8211; historia i misja marki plecak\u00f3w turystycznych","author":{"@id":"https:\/\/www.skalnik.pl\/blog\/author\/anna-sliwa\/#author"},"publisher":{"@id":"https:\/\/www.skalnik.pl\/blog\/#organization"},"image":{"@type":"ImageObject","url":"https:\/\/www.skalnik.pl\/blog\/wp-content\/uploads\/2023\/04\/GMP_S19_ZuluJade_AK_Lifestyle-9044-c-scaled.jpg","width":2560,"height":939},"datePublished":"2023-04-11T09:18:00+02:00","dateModified":"2023-04-11T10:34:20+02:00","inLanguage":"pl-PL","mainEntityOfPage":{"@id":"https:\/\/www.skalnik.pl\/blog\/gregory-historia-i-misja-marki-plecakow-turystycznych\/#webpage"},"isPartOf":{"@id":"https:\/\/www.skalnik.pl\/blog\/gregory-historia-i-misja-marki-plecakow-turystycznych\/#webpage"},"articleSection":"Bran\u017ca, plecaki, 1201"},{"@type":"BreadcrumbList","@id":"https:\/\/www.skalnik.pl\/blog\/gregory-historia-i-misja-marki-plecakow-turystycznych\/#breadcrumblist","itemListElement":[{"@type":"ListItem","@id":"https:\/\/www.skalnik.pl\/blog#listItem","position":1,"name":"Home","item":"https:\/\/www.skalnik.pl\/blog","nextItem":{"@type":"ListItem","@id":"https:\/\/www.skalnik.pl\/blog\/.\/branza\/#listItem","name":"Bran\u017ca"}},{"@type":"ListItem","@id":"https:\/\/www.skalnik.pl\/blog\/.\/branza\/#listItem","position":2,"name":"Bran\u017ca","item":"https:\/\/www.skalnik.pl\/blog\/.\/branza\/","nextItem":{"@type":"ListItem","@id":"https:\/\/www.skalnik.pl\/blog\/gregory-historia-i-misja-marki-plecakow-turystycznych\/#listItem","name":"Gregory &#8211; historia i misja marki plecak\u00f3w turystycznych"},"previousItem":{"@type":"ListItem","@id":"https:\/\/www.skalnik.pl\/blog#listItem","name":"Home"}},{"@type":"ListItem","@id":"https:\/\/www.skalnik.pl\/blog\/gregory-historia-i-misja-marki-plecakow-turystycznych\/#listItem","position":3,"name":"Gregory &#8211; historia i misja marki plecak\u00f3w turystycznych","previousItem":{"@type":"ListItem","@id":"https:\/\/www.skalnik.pl\/blog\/.\/branza\/#listItem","name":"Bran\u017ca"}}]},{"@type":"Organization","@id":"https:\/\/www.skalnik.pl\/blog\/#organization","name":"blog Skalnik","description":"Blog, porady, artyku\u0142y - blog Skalnik","url":"https:\/\/www.skalnik.pl\/blog\/"},{"@type":"Person","@id":"https:\/\/www.skalnik.pl\/blog\/author\/anna-sliwa\/#author","url":"https:\/\/www.skalnik.pl\/blog\/author\/anna-sliwa\/","name":"Anna \u015aliwa","image":{"@type":"ImageObject","@id":"https:\/\/www.skalnik.pl\/blog\/gregory-historia-i-misja-marki-plecakow-turystycznych\/#authorImage","url":"https:\/\/secure.gravatar.com\/avatar\/e8300be3de710e2e109e5dfbf092dcf827242ec8071807a1e13f6b3f7c9bbd79?s=96&d=mm&r=g","width":96,"height":96,"caption":"Anna \u015aliwa"}},{"@type":"WebPage","@id":"https:\/\/www.skalnik.pl\/blog\/gregory-historia-i-misja-marki-plecakow-turystycznych\/#webpage","url":"https:\/\/www.skalnik.pl\/blog\/gregory-historia-i-misja-marki-plecakow-turystycznych\/","name":"Gregory \u2013 historia i misja marki plecak\u00f3w turystycznych - blog Skalnik","description":"Gregory nale\u017cy do najbardziej cenionych producent\u00f3w plecak\u00f3w outdoorowych. Poznaj jej histori\u0119 i warto\u015bci, jakimi kieruje si\u0119 w swoich dzia\u0142aniach.","inLanguage":"pl-PL","isPartOf":{"@id":"https:\/\/www.skalnik.pl\/blog\/#website"},"breadcrumb":{"@id":"https:\/\/www.skalnik.pl\/blog\/gregory-historia-i-misja-marki-plecakow-turystycznych\/#breadcrumblist"},"author":{"@id":"https:\/\/www.skalnik.pl\/blog\/author\/anna-sliwa\/#author"},"creator":{"@id":"https:\/\/www.skalnik.pl\/blog\/author\/anna-sliwa\/#author"},"image":{"@type":"ImageObject","url":"https:\/\/www.skalnik.pl\/blog\/wp-content\/uploads\/2023\/04\/GMP_S19_ZuluJade_AK_Lifestyle-9044-c-scaled.jpg","@id":"https:\/\/www.skalnik.pl\/blog\/gregory-historia-i-misja-marki-plecakow-turystycznych\/#mainImage","width":2560,"height":939},"primaryImageOfPage":{"@id":"https:\/\/www.skalnik.pl\/blog\/gregory-historia-i-misja-marki-plecakow-turystycznych\/#mainImage"},"datePublished":"2023-04-11T09:18:00+02:00","dateModified":"2023-04-11T10:34:20+02:00"},{"@type":"WebSite","@id":"https:\/\/www.skalnik.pl\/blog\/#website","url":"https:\/\/www.skalnik.pl\/blog\/","name":"blog Skalnik","description":"Blog, porady, artyku\u0142y - blog Skalnik","inLanguage":"pl-PL","publisher":{"@id":"https:\/\/www.skalnik.pl\/blog\/#organization"}}]},"og:locale":"pl_PL","og:site_name":"blog Skalnik - Blog, porady, artyku\u0142y - blog Skalnik","og:type":"article","og:title":"Gregory \u2013 historia i misja marki plecak\u00f3w turystycznych - blog Skalnik","og:description":"Gregory nale\u017cy do najbardziej cenionych producent\u00f3w plecak\u00f3w outdoorowych. Poznaj jej histori\u0119 i warto\u015bci, jakimi kieruje si\u0119 w swoich dzia\u0142aniach.","og:url":"https:\/\/www.skalnik.pl\/blog\/gregory-historia-i-misja-marki-plecakow-turystycznych\/","og:image":"https:\/\/www.skalnik.pl\/blog\/wp-content\/uploads\/2023\/04\/GMP_S20_ParagonMaven_Norway-1733-min-1-1024x683.jpg","og:image:secure_url":"https:\/\/www.skalnik.pl\/blog\/wp-content\/uploads\/2023\/04\/GMP_S20_ParagonMaven_Norway-1733-min-1-1024x683.jpg","article:tag":["bran\u017ca","plecaki"],"article:published_time":"2023-04-11T07:18:00+00:00","article:modified_time":"2023-04-11T08:34:20+00:00","twitter:card":"summary_large_image","twitter:title":"Gregory \u2013 historia i misja marki plecak\u00f3w turystycznych - blog Skalnik","twitter:description":"Gregory nale\u017cy do najbardziej cenionych producent\u00f3w plecak\u00f3w outdoorowych. Poznaj jej histori\u0119 i warto\u015bci, jakimi kieruje si\u0119 w swoich dzia\u0142aniach.","twitter:image":"https:\/\/www.skalnik.pl\/blog\/wp-content\/uploads\/2023\/04\/GMP_S20_ParagonMaven_Norway-1733-min-1-1024x683.jpg"},"aioseo_meta_data":{"post_id":"22567","title":null,"description":"Gregory nale\u017cy do najbardziej cenionych producent\u00f3w plecak\u00f3w outdoorowych. Poznaj jej histori\u0119 i warto\u015bci, jakimi kieruje si\u0119 w swoich dzia\u0142aniach.","keywords":[],"keyphrases":{"focus":{"keyphrase":"gregory","score":90,"analysis":{"keyphraseInTitle":{"score":9,"maxScore":9,"error":0},"keyphraseInDescription":{"score":9,"maxScore":9,"error":0},"keyphraseLength":{"score":9,"maxScore":9,"error":0,"length":1},"keyphraseInURL":{"score":5,"maxScore":5,"error":0},"keyphraseInIntroduction":{"score":9,"maxScore":9,"error":0},"keyphraseInSubHeadings":{"score":3,"maxScore":9,"error":1},"keyphraseInImageAlt":{"score":9,"maxScore":9,"error":0}}},"additional":[]},"primary_term":null,"canonical_url":null,"og_title":null,"og_description":null,"og_object_type":"default","og_image_type":"default","og_image_url":null,"og_image_width":null,"og_image_height":null,"og_image_custom_url":null,"og_image_custom_fields":null,"og_video":"","og_custom_url":null,"og_article_section":null,"og_article_tags":[],"twitter_use_og":false,"twitter_card":"default","twitter_image_type":"default","twitter_image_url":null,"twitter_image_custom_url":null,"twitter_image_custom_fields":null,"twitter_title":null,"twitter_description":null,"schema":{"blockGraphs":[],"customGraphs":[],"default":{"data":{"Article":[],"Course":[],"Dataset":[],"FAQPage":[],"Movie":[],"Person":[],"Product":[],"ProductReview":[],"Car":[],"Recipe":[],"Service":[],"SoftwareApplication":[],"WebPage":[]},"graphName":"BlogPosting","isEnabled":true},"graphs":[]},"schema_type":"default","schema_type_options":null,"pillar_content":false,"robots_default":true,"robots_noindex":false,"robots_noarchive":false,"robots_nosnippet":false,"robots_nofollow":false,"robots_noimageindex":false,"robots_noodp":false,"robots_notranslate":false,"robots_max_snippet":"-1","robots_max_videopreview":"-1","robots_max_imagepreview":"large","priority":null,"frequency":"default","local_seo":null,"breadcrumb_settings":null,"limit_modified_date":false,"ai":null,"created":"2023-04-04 12:12:35","updated":"2026-02-17 22:36:22","seo_analyzer_scan_date":null},"aioseo_breadcrumb":"<div class=\"aioseo-breadcrumbs\"><span class=\"aioseo-breadcrumb\">\n\t\t\t<a href=\"https:\/\/www.skalnik.pl\/blog\" title=\"Home\">Home<\/a>\n\t\t<\/span><span class=\"aioseo-breadcrumb-separator\">&raquo;<\/span><span class=\"aioseo-breadcrumb\">\n\t\t\t<a href=\"https:\/\/www.skalnik.pl\/blog\/.\/branza\/\" title=\"Bran\u017ca\">Bran\u017ca<\/a>\n\t\t<\/span><span class=\"aioseo-breadcrumb-separator\">&raquo;<\/span><span class=\"aioseo-breadcrumb\">\n\t\t\tGregory \u2013 historia i misja marki plecak\u00f3w turystycznych\n\t\t<\/span><\/div>","aioseo_breadcrumb_json":[{"label":"Home","link":"https:\/\/www.skalnik.pl\/blog"},{"label":"Bran\u017ca","link":"https:\/\/www.skalnik.pl\/blog\/.\/branza\/"},{"label":"Gregory &#8211; historia i misja marki plecak\u00f3w turystycznych","link":"https:\/\/www.skalnik.pl\/blog\/gregory-historia-i-misja-marki-plecakow-turystycznych\/"}],"_links":{"self":[{"href":"https:\/\/www.skalnik.pl\/blog\/wp-json\/wp\/v2\/posts\/22567","targetHints":{"allow":["GET"]}}],"collection":[{"href":"https:\/\/www.skalnik.pl\/blog\/wp-json\/wp\/v2\/posts"}],"about":[{"href":"https:\/\/www.skalnik.pl\/blog\/wp-json\/wp\/v2\/types\/post"}],"author":[{"embeddable":true,"href":"https:\/\/www.skalnik.pl\/blog\/wp-json\/wp\/v2\/users\/41"}],"replies":[{"embeddable":true,"href":"https:\/\/www.skalnik.pl\/blog\/wp-json\/wp\/v2\/comments?post=22567"}],"version-history":[{"count":5,"href":"https:\/\/www.skalnik.pl\/blog\/wp-json\/wp\/v2\/posts\/22567\/revisions"}],"predecessor-version":[{"id":22635,"href":"https:\/\/www.skalnik.pl\/blog\/wp-json\/wp\/v2\/posts\/22567\/revisions\/22635"}],"wp:featuredmedia":[{"embeddable":true,"href":"https:\/\/www.skalnik.pl\/blog\/wp-json\/wp\/v2\/media\/22569"}],"wp:attachment":[{"href":"https:\/\/www.skalnik.pl\/blog\/wp-json\/wp\/v2\/media?parent=22567"}],"wp:term":[{"taxonomy":"category","embeddable":true,"href":"https:\/\/www.skalnik.pl\/blog\/wp-json\/wp\/v2\/categories?post=22567"},{"taxonomy":"post_tag","embeddable":true,"href":"https:\/\/www.skalnik.pl\/blog\/wp-json\/wp\/v2\/tags?post=22567"},{"taxonomy":"magento_category","embeddable":true,"href":"https:\/\/www.skalnik.pl\/blog\/wp-json\/wp\/v2\/magento_category?post=22567"},{"taxonomy":"magento_product","embeddable":true,"href":"https:\/\/www.skalnik.pl\/blog\/wp-json\/wp\/v2\/magento_product?post=22567"}],"curies":[{"name":"wp","href":"https:\/\/api.w.org\/{rel}","templated":true}]}}