{"id":22601,"date":"2023-04-06T07:40:36","date_gmt":"2023-04-06T05:40:36","guid":{"rendered":"https:\/\/www.skalnik.pl\/blog\/?p=22601"},"modified":"2023-05-05T14:46:35","modified_gmt":"2023-05-05T12:46:35","slug":"dynafit-ride-odziez-na-rower","status":"publish","type":"post","link":"https:\/\/www.skalnik.pl\/blog\/dynafit-ride-odziez-na-rower\/","title":{"rendered":"Dynafit Ride &#8211; odzie\u017c na rower"},"content":{"rendered":"\n<p><strong>Ka\u017cdego roku przychodzi czas, kiedy zima w g\u00f3rach nieuchronnie dobiega ko\u0144ca. Narciarskie przygody stopniowo uniemo\u017cliwia brak \u015bniegu, w grze zostaj\u0105 tylko ekstremali\u015bci, trzymaj\u0105cy si\u0119 jeszcze przez chwil\u0119 ostatnich p\u0142at\u00f3w zalegaj\u0105cego w \u017clebach firnu. Ale wiosna to nie koniec. Wiosna to zmiana!<\/strong><\/p>\n\n\n\n<p>To tylko moment przej\u015bciowy w cyklu! Wspinacze zamieniaj\u0105 p\u0119ki \u015brub lodowych i warthog\u00f3w na sety ko\u015bci, przywdziewaj\u0105c zamiast ci\u0119\u017ckich trep\u00f3w filigranowe \u201ebaletki\u201d, tury\u015bci piesi pozbywaj\u0105 si\u0119 rak\u00f3w, raczk\u00f3w i ci\u0119\u017ckich puch\u00f3wek. Co za\u015b z mi\u0142o\u015bnikami p\u0119du i szybkiego powrotu z g\u00f3ry na d\u00f3\u0142 \u2013 co z narciarzami?<\/p>\n\n\n\n<p>Narty musimy wprawdzie zawiesi\u0107 na ko\u0142ku, s\u0105 jednak sposoby, aby grawitacja ca\u0142y rok u\u0142atwia\u0142a nam zej\u015bcie z g\u00f3r i upaja\u0142a przy tym p\u0119dem. Takim sposobem jest rower \u2013 a firma nieod\u0142\u0105cznie kojarzona z nartami, Dynafit \u2013 doskonale zdaje sobie z tego spraw\u0119 i stworzy\u0142a kolekcj\u0119 <strong>Dynafit Ride<\/strong>, przeznaczon\u0105 w\u0142a\u015bnie dla fan\u00f3w MTB!<\/p>\n\n\n\n<p class=\"has-text-color has-background has-very-light-gray-color has-vivid-cyan-blue-background-color\">Kliknij w nazw\u0119 marki &#8211;&gt; <strong><a href=\"https:\/\/www.skalnik.pl\/dynafit\" target=\"_blank\" rel=\"noopener noreferrer\" title=\"\">Dynafit <\/a><\/strong>&lt;&#8211; i sta\u0144 oko w oko z jej produktami!<\/p>\n\n\n\n<div id=\"ez-toc-container\" class=\"ez-toc-v2_0_85 counter-hierarchy ez-toc-counter ez-toc-light-blue ez-toc-container-direction\">\n<div class=\"ez-toc-title-container\">\n<p class=\"ez-toc-title\" style=\"cursor:inherit\">SPIS TRE\u015aCI <\/p>\n<span class=\"ez-toc-title-toggle\"><a href=\"#\" class=\"ez-toc-pull-right ez-toc-btn ez-toc-btn-xs ez-toc-btn-default ez-toc-toggle\" aria-label=\"Prze\u0142\u0105cznik Spisu Tre\u015bci\"><span class=\"ez-toc-js-icon-con\"><span class=\"\"><span class=\"eztoc-hide\" style=\"display:none;\">Toggle<\/span><span class=\"ez-toc-icon-toggle-span\"><svg style=\"fill: #999;color:#999\" xmlns=\"http:\/\/www.w3.org\/2000\/svg\" class=\"list-377408\" width=\"20px\" height=\"20px\" viewBox=\"0 0 24 24\" fill=\"none\"><path d=\"M6 6H4v2h2V6zm14 0H8v2h12V6zM4 11h2v2H4v-2zm16 0H8v2h12v-2zM4 16h2v2H4v-2zm16 0H8v2h12v-2z\" fill=\"currentColor\"><\/path><\/svg><svg style=\"fill: #999;color:#999\" class=\"arrow-unsorted-368013\" xmlns=\"http:\/\/www.w3.org\/2000\/svg\" width=\"10px\" height=\"10px\" viewBox=\"0 0 24 24\" version=\"1.2\" baseProfile=\"tiny\"><path d=\"M18.2 9.3l-6.2-6.3-6.2 6.3c-.2.2-.3.4-.3.7s.1.5.3.7c.2.2.4.3.7.3h11c.3 0 .5-.1.7-.3.2-.2.3-.5.3-.7s-.1-.5-.3-.7zM5.8 14.7l6.2 6.3 6.2-6.3c.2-.2.3-.5.3-.7s-.1-.5-.3-.7c-.2-.2-.4-.3-.7-.3h-11c-.3 0-.5.1-.7.3-.2.2-.3.5-.3.7s.1.5.3.7z\"\/><\/svg><\/span><\/span><\/span><\/a><\/span><\/div>\n<nav><ul class='ez-toc-list ez-toc-list-level-1 ' ><li class='ez-toc-page-1 ez-toc-heading-level-2'><a class=\"ez-toc-link ez-toc-heading-1\" href=\"https:\/\/www.skalnik.pl\/blog\/dynafit-ride-odziez-na-rower\/#Dynafit_na_rower\" >Dynafit na rower!<\/a><\/li><li class='ez-toc-page-1 ez-toc-heading-level-2'><a class=\"ez-toc-link ez-toc-heading-2\" href=\"https:\/\/www.skalnik.pl\/blog\/dynafit-ride-odziez-na-rower\/#Kolekcja_Dynafit_Ride\" >Kolekcja Dynafit Ride<\/a><\/li><li class='ez-toc-page-1 ez-toc-heading-level-2'><a class=\"ez-toc-link ez-toc-heading-3\" href=\"https:\/\/www.skalnik.pl\/blog\/dynafit-ride-odziez-na-rower\/#Najciekawsza_odziez_rowerowa_szafy_Dynafit\" >Najciekawsza odzie\u017c rowerowa szafy Dynafit<\/a><\/li><li class='ez-toc-page-1 ez-toc-heading-level-2'><a class=\"ez-toc-link ez-toc-heading-4\" href=\"https:\/\/www.skalnik.pl\/blog\/dynafit-ride-odziez-na-rower\/#Spodenki_rowerowe_Dynfit\" >Spodenki rowerowe Dynfit<\/a><\/li><li class='ez-toc-page-1 ez-toc-heading-level-2'><a class=\"ez-toc-link ez-toc-heading-5\" href=\"https:\/\/www.skalnik.pl\/blog\/dynafit-ride-odziez-na-rower\/#Dynafit_%E2%80%93_koszulki_na_rower\" >Dynafit \u2013 koszulki na rower<\/a><\/li><li class='ez-toc-page-1 ez-toc-heading-level-2'><a class=\"ez-toc-link ez-toc-heading-6\" href=\"https:\/\/www.skalnik.pl\/blog\/dynafit-ride-odziez-na-rower\/#Rekawiczki_na_rower_%E2%80%93_Dynafit_Ride\" >R\u0119kawiczki na rower \u2013 Dynafit Ride<\/a><\/li><\/ul><\/nav><\/div>\n<h2 class=\"wp-block-heading\"><span class=\"ez-toc-section\" id=\"Dynafit_na_rower\"><\/span>Dynafit na rower!<span class=\"ez-toc-section-end\"><\/span><\/h2>\n\n\n\n<p>Nie ma w tym jednak nic zaskakuj\u0105cego \u2013 Dynafit po raz kolejny udowadnia, \u017ce w centrum jego uwagi s\u0105 sporty kojarzone z dynamik\u0105 i mobilno\u015bci\u0105. Pocz\u0105wszy od skitouringu, poprzez speed hiking, bieganie, a\u017c po sporty rowerowe. Czego zatem mo\u017cemy spodziewa\u0107 si\u0119 po kolekcji Dynafit Ride?<\/p>\n\n\n\n<div class=\"wp-block-image\"><figure class=\"aligncenter size-large\"><img loading=\"lazy\" decoding=\"async\" width=\"1024\" height=\"683\" src=\"https:\/\/www.skalnik.pl\/blog\/wp-content\/uploads\/2023\/04\/dynafit-odzie\u017c-rowerowa.jpg\" alt=\"dynafit kurtka rowerowa\" class=\"wp-image-22604\" srcset=\"https:\/\/www.skalnik.pl\/blog\/wp-content\/uploads\/2023\/04\/dynafit-odzie\u017c-rowerowa.jpg 1024w, https:\/\/www.skalnik.pl\/blog\/wp-content\/uploads\/2023\/04\/dynafit-odzie\u017c-rowerowa-300x200.jpg 300w, https:\/\/www.skalnik.pl\/blog\/wp-content\/uploads\/2023\/04\/dynafit-odzie\u017c-rowerowa-768x512.jpg 768w\" sizes=\"auto, (max-width: 1024px) 100vw, 1024px\" \/><figcaption><em>Dynafit to marka, kt\u00f3ra kocha dynamiczne dzia\u0142ania! (fot. Dynafit)<\/em><\/figcaption><\/figure><\/div>\n\n\n\n<h2 class=\"wp-block-heading\"><span class=\"ez-toc-section\" id=\"Kolekcja_Dynafit_Ride\"><\/span>Kolekcja Dynafit Ride<span class=\"ez-toc-section-end\"><\/span><\/h2>\n\n\n\n<p>Cechy, kt\u00f3rymi opisuje swoj\u0105 kolekcj\u0119 rowerow\u0105 Dynafit, to lekko\u015b\u0107, funkcjonalno\u015b\u0107 oraz ciekawy design. Firma kieruje si\u0119 tu zatem t\u0105 sam\u0105 filozofi\u0105, kt\u00f3r\u0105 znamy z kolekcji narciarskiej. Faktycznie, stylistyka i szata graficzna utrzymane s\u0105 w tonie, kt\u00f3ry znamy z pozosta\u0142ych produkt\u00f3w marki.<\/p>\n\n\n\n<p>Niekt\u00f3re produkty, jak kurtka Ride 3L, wizualnie wydaj\u0105 si\u0119 do\u015b\u0107 uniwersalne \u2013 kolarz nawet po zamianie roweru na narty nie b\u0119dzie wygl\u0105da\u0142 szczeg\u00f3lnie dziwnie. Zapewne ma to zwi\u0105zek z prezentowan\u0105 przez Dynafita filozofi\u0105 multisportowo\u015bci, wedle kt\u00f3rej, w zale\u017cno\u015bci od warunk\u00f3w, mo\u017cemy w jednej g\u00f3rskiej wycieczce zawrze\u0107 elementy kilku r\u00f3\u017cnych sport\u00f3w. Nie jest to fanaberia \u2013 w Alpach, w sezonie przej\u015bciowym nie jest rzadko\u015bci\u0105 widok skiturowca podje\u017cd\u017caj\u0105cego schroniskowym szutrem na rowerze, z nartami na plecach. W\u015br\u00f3d produkt\u00f3w spod znaku Dynafit Ride znajdziemy w\u0142a\u015bciwie pe\u0142ny zestaw ubioru, jaki przyda nam si\u0119 podczas przemierzania g\u00f3rskich \u015bcie\u017cek na dw\u00f3ch k\u00f3\u0142kach.<\/p>\n\n\n\n<p>Jest tu zar\u00f3wno kurtka przeciwdeszczowa, jak i przeciwwiatrowa, koszulki na rower z d\u0142ugim i kr\u00f3tkim r\u0119kawem, spodenki rowerowe, wk\u0142adki (\u201epieluchy\u201d), skarpety, r\u0119kawiczki (tylko w wersji z palcami). S\u0105 tak\u017ce akcesoria \u2013 kilka modeli okular\u00f3w przeciws\u0142onecznych, a tak\u017ce opaski na czo\u0142o. W stylistyce spodenek, okular\u00f3w, r\u0119kawiczek i koszulek wida\u0107 inspiracj\u0119 rowerowym enduro \u2013 i musz\u0119 przyzna\u0107, \u017ce wygl\u0105da to naprawd\u0119 ciekawie! Dodatkowym atutem jest sp\u00f3jny dla wszystkich produkt\u00f3w wyb\u00f3r kolor\u00f3w. Pozwala to skoordynowa\u0107 bardzo atrakcyjny dla oka zestaw.<\/p>\n\n\n\n<div class=\"wp-block-image\"><figure class=\"aligncenter size-large\"><img loading=\"lazy\" decoding=\"async\" width=\"1024\" height=\"683\" src=\"https:\/\/www.skalnik.pl\/blog\/wp-content\/uploads\/2023\/04\/dynafit-ride-kolekcja-rowerowa.jpg\" alt=\"\" class=\"wp-image-22613\" srcset=\"https:\/\/www.skalnik.pl\/blog\/wp-content\/uploads\/2023\/04\/dynafit-ride-kolekcja-rowerowa.jpg 1024w, https:\/\/www.skalnik.pl\/blog\/wp-content\/uploads\/2023\/04\/dynafit-ride-kolekcja-rowerowa-300x200.jpg 300w, https:\/\/www.skalnik.pl\/blog\/wp-content\/uploads\/2023\/04\/dynafit-ride-kolekcja-rowerowa-768x512.jpg 768w\" sizes=\"auto, (max-width: 1024px) 100vw, 1024px\" \/><figcaption><em>Skrojona na rower kolekcja Dynafit Ride. (fot. Dynafit)<\/em><\/figcaption><\/figure><\/div>\n\n\n\n<h2 class=\"wp-block-heading\"><span class=\"ez-toc-section\" id=\"Najciekawsza_odziez_rowerowa_szafy_Dynafit\"><\/span>Najciekawsza odzie\u017c rowerowa szafy Dynafit<span class=\"ez-toc-section-end\"><\/span><\/h2>\n\n\n\n<p>Bardzo ciekaw\u0105 propozycj\u0105 wydaje si\u0119 <strong>kurtka Dynafit Ride 3L<\/strong>, realizuj\u0105ca ide\u0119 dostosowania klasycznej, przeciwdeszczowej kurtki g\u00f3rskiej do dynamicznego sportu, jakim jest kolarstwo. Kurtka uszyta jest z trzywarstwowego, wodoodpornego laminatu Dynashell. Jak powszechnie wiadomo, stworzenie produktu membranowego, radz\u0105cego sobie w warunkach bardzo intensywnego wysi\u0142ku jest zadaniem karko\u0142omnym. W kurtce Ride 3L problem wentylacji rozwi\u0105zano w ciekawy spos\u00f3b \u2013 umieszczaj\u0105c zapinane otwory wentylacyjne nieco poni\u017cej pach, na klatce piersiowej (zamiast klasycznie, pod pachami), a wi\u0119c w miejscu zapewniaj\u0105cym zdecydowanie intensywniejszy przep\u0142yw powietrza.<\/p>\n\n\n\n<p>Kolejnym autorskim rozwi\u0105zaniem projektant\u00f3w marki Dynafit, kt\u00f3r\u0105 zastosowano w tej kurtce, jest powi\u0119kszana powierzchnia plec\u00f3w (zapinana na zamek b\u0142yskawiczny), maj\u0105ca chroni\u0107 nasz plecak przed wod\u0105 i b\u0142otem. Zaprojektowano j\u0105 dla plecak\u00f3w o pojemno\u015bci do 20 litr\u00f3w. W kurtce rowerowej nie mog\u0142o oczywi\u015bcie zabrakn\u0105\u0107 kompatybilnego z kaskiem kaptura.<\/p>\n\n\n\n<p class=\"has-text-color has-background has-very-light-gray-color has-vivid-cyan-blue-background-color\">Dopadnij &#8211;&gt; <strong><a href=\"https:\/\/www.skalnik.pl\/kurtki-rowerowe\/marka:dynafit\" target=\"_blank\" rel=\"noopener noreferrer\" title=\"\">kurtki rowerowe Dynafit<\/a><\/strong>. <\/p>\n\n\n\n<div class=\"wp-block-image\"><figure class=\"aligncenter size-large\"><img loading=\"lazy\" decoding=\"async\" width=\"1024\" height=\"683\" src=\"https:\/\/www.skalnik.pl\/blog\/wp-content\/uploads\/2023\/04\/kurtki-dynafit-spodenki-na-rower.jpg\" alt=\"kurtki i spodenki dynafit\" class=\"wp-image-22608\" srcset=\"https:\/\/www.skalnik.pl\/blog\/wp-content\/uploads\/2023\/04\/kurtki-dynafit-spodenki-na-rower.jpg 1024w, https:\/\/www.skalnik.pl\/blog\/wp-content\/uploads\/2023\/04\/kurtki-dynafit-spodenki-na-rower-300x200.jpg 300w, https:\/\/www.skalnik.pl\/blog\/wp-content\/uploads\/2023\/04\/kurtki-dynafit-spodenki-na-rower-768x512.jpg 768w\" sizes=\"auto, (max-width: 1024px) 100vw, 1024px\" \/><figcaption><em>Kurtki i spodenki na rower od marki Dynafit &#8211; skrojone, by czu\u0107 si\u0119 swobodnie i dzia\u0142a\u0107 na najwy\u017cszych obrotach! (fot. Dynafit)<\/em><\/figcaption><\/figure><\/div>\n\n\n\n<h2 class=\"wp-block-heading\"><span class=\"ez-toc-section\" id=\"Spodenki_rowerowe_Dynfit\"><\/span>Spodenki rowerowe Dynfit<span class=\"ez-toc-section-end\"><\/span><\/h2>\n\n\n\n<p><strong>Spodenki Dynafit Ride Dynastretch<\/strong> to softshellowa konstrukcja oparta o autorski materia\u0142 Dynafita. Jest on wiatroodporny, a dzi\u0119ki pow\u0142oce DWR ma r\u00f3wnie\u017c podwy\u017cszon\u0105 odporno\u015b\u0107 na wod\u0119, bez szkody dla oddychalno\u015bci. Dodatkowo Dynastretch jest elastyczny, co zwi\u0119ksza swobod\u0119 ruch\u00f3w.<\/p>\n\n\n\n<p>Jak na spodenki rowerowe przysta\u0142o, kr\u00f3j umo\u017cliwia za\u0142o\u017cenie pod nie szort\u00f3w z wk\u0142adk\u0105. Kr\u00f3tkie spodnie Dynafit Ride s\u0105 wyposa\u017cone w ta\u015bmy z rzepami na biodrach, umo\u017cliwiaj\u0105ce pewn\u0105 regulacj\u0119 szeroko\u015bci w tym miejscu. Bardzo przydatna sprawa. Niestety ale ten wymiar naszego cia\u0142a lubi si\u0119 czasem nieco waha\u0107.<\/p>\n\n\n\n<p class=\"has-text-color has-background has-very-light-gray-color has-vivid-cyan-blue-background-color\">Odkryj &#8211;&gt; <a href=\"https:\/\/www.skalnik.pl\/spodenki-rowerowe\/marka:dynafit\" target=\"_blank\" rel=\"noopener noreferrer\" title=\"\">spodenki rowerowe Dynafit<\/a>. <\/p>\n\n\n\n<h2 class=\"wp-block-heading\"><span class=\"ez-toc-section\" id=\"Dynafit_%E2%80%93_koszulki_na_rower\"><\/span>Dynafit \u2013 koszulki na rower<span class=\"ez-toc-section-end\"><\/span><\/h2>\n\n\n\n<p>Kolejnym zwracaj\u0105cym uwag\u0119 elementem kolekcji jest <strong>koszulka Dynafit Ride LS<\/strong>. Jest to klasyczny lognsleeve, \u015bwietnie wpisuj\u0105cy si\u0119 w endurow\u0105 stylistyk\u0119. Ta lekka koszulka na rower wyprodukowana jest cz\u0119\u015bciowo z materia\u0142\u00f3w pochodz\u0105cych z recyklingu. Wpisuje si\u0119 wi\u0119c w aktualny trend nieza\u015bmiecania planety i racjonalnego gospodarowania jej zasobami. Jest szybkoschn\u0105ca, posiada lu\u017any, niekr\u0119puj\u0105cy ruch\u00f3w kr\u00f3j oraz elastyczne mankiety.<\/p>\n\n\n\n<p class=\"has-text-color has-background has-very-light-gray-color has-vivid-cyan-blue-background-color\">Zdob\u0105d\u017a &#8211;&gt; <strong><a href=\"https:\/\/www.skalnik.pl\/koszulki-rowerowe\" target=\"_blank\" rel=\"noopener noreferrer\" title=\"\">koszulki rowerowe Dynafit<\/a><\/strong>.<\/p>\n\n\n\n<h2 class=\"wp-block-heading\"><span class=\"ez-toc-section\" id=\"Rekawiczki_na_rower_%E2%80%93_Dynafit_Ride\"><\/span>R\u0119kawiczki na rower \u2013 Dynafit Ride<span class=\"ez-toc-section-end\"><\/span><\/h2>\n\n\n\n<p>Dope\u0142nieniem oferty s\u0105 <strong>r\u0119kawiczki Dynafit Ride<\/strong>. Jest to model z pe\u0142nymi palcami, wykonany jednak z oddychaj\u0105cego materia\u0142u. Silikonowe elementy po stronie wewn\u0119trznej poprawiaj\u0105 chwytno\u015b\u0107, a o komfort termiczny dbaj\u0105 panele o zwi\u0119kszonej oddychalno\u015bci. Szeroki mankiet chroni przed zsuwaniem si\u0119 z d\u0142oni. S\u0105 to jedyne r\u0119kawiczki Dynafit na rower, jednak wyst\u0119puj\u0105 w czterech r\u00f3\u017cnych kolorach, koresponduj\u0105cych z kolorystyk\u0105 reszty kolekcji.<\/p>\n\n\n\n<div class=\"wp-block-image\"><figure class=\"aligncenter size-large\"><img loading=\"lazy\" decoding=\"async\" width=\"1024\" height=\"713\" src=\"https:\/\/www.skalnik.pl\/blog\/wp-content\/uploads\/2023\/04\/r\u0119kawiczki-rowerowe-dynafit.jpg\" alt=\"r\u0119kawiczki na rower, kobieta i m\u0119\u017cczyzna jad\u0105cy na rowerze\" class=\"wp-image-22607\" srcset=\"https:\/\/www.skalnik.pl\/blog\/wp-content\/uploads\/2023\/04\/r\u0119kawiczki-rowerowe-dynafit.jpg 1024w, https:\/\/www.skalnik.pl\/blog\/wp-content\/uploads\/2023\/04\/r\u0119kawiczki-rowerowe-dynafit-300x209.jpg 300w, https:\/\/www.skalnik.pl\/blog\/wp-content\/uploads\/2023\/04\/r\u0119kawiczki-rowerowe-dynafit-768x535.jpg 768w\" sizes=\"auto, (max-width: 1024px) 100vw, 1024px\" \/><figcaption><em>Dynafit zadba\u0142 te\u017c o akcesoria. Jednym z nich s\u0105 r\u0119kawiczki na rower &#8211; Dynafit Ride. (fot. Dynafit)<\/em><\/figcaption><\/figure><\/div>\n\n\n\n<p class=\"has-text-color has-background has-very-light-gray-color has-vivid-cyan-blue-background-color\">To tutaj &#8211;&gt; <strong><a href=\"https:\/\/www.skalnik.pl\/rekawiczki-rowerowe\" target=\"_blank\" rel=\"noopener noreferrer\" title=\"\">r\u0119kawiczki rowerowe Dynafit<\/a><\/strong>!<\/p>\n\n\n\n<hr class=\"wp-block-separator is-style-dots\"\/>\n\n\n\n<p>W kolekcji Ride wida\u0107 charakterystyczne dla Dynafita podej\u015bcie do estetyki i funkcjonalno\u015bci. Design odzie\u017cy rowerowej spod znaku kota jest r\u00f3wnie atrakcyjny jak znany z kolekcji narciarskiej, przy czym ogromnym plusem jest innowacyjne podej\u015bcie do tematu, skutkuj\u0105ce kilkoma naprawd\u0119 ciekawymi rozwi\u0105zaniami. Kolekcja Ride nie jest jednak jedyn\u0105 propozycj\u0105 Dynafita na rower \u2013 z my\u015bl\u0105 o uprawianiu kolarstwa g\u00f3rskiego stworzony zosta\u0142 r\u00f3wnie\u017c kask Dynafit TLT!<\/p>\n\n\n\n<iframe loading=\"lazy\" src=\"https:\/\/www.youtube.com\/embed\/zY2Oy46gCyg\" title=\"YouTube video player\" allow=\"accelerometer; autoplay; clipboard-write; encrypted-media; gyroscope; picture-in-picture; web-share\" allowfullscreen=\"\" width=\"800\" height=\"442\" frameborder=\"0\"><\/iframe>\n","protected":false},"excerpt":{"rendered":"<p>Dynafit to marka dla fanek i fan\u00f3w dynamicznych dzia\u0142a\u0144. Zdob\u0105d\u017a odzie\u017c Dynafit na rower!<\/p>\n","protected":false},"author":39,"featured_media":22603,"comment_status":"closed","ping_status":"closed","sticky":false,"template":"","format":"standard","meta":{"_acf_changed":false,"footnotes":""},"categories":[5],"tags":[],"magento_category":[],"magento_product":[],"class_list":["post-22601","post","type-post","status-publish","format-standard","has-post-thumbnail","hentry","category-branza"],"acf":[],"aioseo_notices":[],"aioseo_head":"\n\t\t<!-- All in One SEO 4.9.10 - aioseo.com -->\n\t<meta name=\"description\" content=\"Kurtki, koszulki i spodenki na rower. Teraz mo\u017cesz zdoby\u0107 je w kolekcji Ride arki Dynafit.\" \/>\n\t<meta name=\"robots\" content=\"max-image-preview:large\" \/>\n\t<meta name=\"author\" content=\"Skadi\"\/>\n\t<link rel=\"canonical\" href=\"https:\/\/www.skalnik.pl\/blog\/dynafit-ride-odziez-na-rower\/\" \/>\n\t<meta name=\"generator\" content=\"All in One SEO (AIOSEO) 4.9.10\" \/>\n\t\t<meta property=\"og:locale\" content=\"pl_PL\" \/>\n\t\t<meta property=\"og:site_name\" content=\"blog Skalnik - Blog, porady, artyku\u0142y - blog Skalnik\" \/>\n\t\t<meta property=\"og:type\" content=\"article\" \/>\n\t\t<meta property=\"og:title\" content=\"Dynafit Ride \u2013 odzie\u017c na rower - blog Skalnik\" \/>\n\t\t<meta property=\"og:description\" content=\"Kurtki, koszulki i spodenki na rower. Teraz mo\u017cesz zdoby\u0107 je w kolekcji Ride arki Dynafit.\" \/>\n\t\t<meta property=\"og:url\" content=\"https:\/\/www.skalnik.pl\/blog\/dynafit-ride-odziez-na-rower\/\" \/>\n\t\t<meta property=\"og:image\" content=\"https:\/\/www.skalnik.pl\/blog\/wp-content\/uploads\/2023\/04\/dynafit-odzie\u017c-rowerowa.jpg\" \/>\n\t\t<meta property=\"og:image:secure_url\" content=\"https:\/\/www.skalnik.pl\/blog\/wp-content\/uploads\/2023\/04\/dynafit-odzie\u017c-rowerowa.jpg\" \/>\n\t\t<meta property=\"og:image:width\" content=\"1024\" \/>\n\t\t<meta property=\"og:image:height\" content=\"683\" \/>\n\t\t<meta property=\"article:tag\" content=\"bran\u017ca\" \/>\n\t\t<meta property=\"article:published_time\" content=\"2023-04-06T05:40:36+00:00\" \/>\n\t\t<meta property=\"article:modified_time\" content=\"2023-05-05T12:46:35+00:00\" \/>\n\t\t<meta name=\"twitter:card\" content=\"summary_large_image\" \/>\n\t\t<meta name=\"twitter:title\" content=\"Dynafit Ride \u2013 odzie\u017c na rower - blog Skalnik\" \/>\n\t\t<meta name=\"twitter:description\" content=\"Kurtki, koszulki i spodenki na rower. Teraz mo\u017cesz zdoby\u0107 je w kolekcji Ride arki Dynafit.\" \/>\n\t\t<meta name=\"twitter:image\" content=\"https:\/\/www.skalnik.pl\/blog\/wp-content\/uploads\/2023\/04\/dynafit-odzie\u017c-rowerowa.jpg\" \/>\n\t\t<script type=\"application\/ld+json\" class=\"aioseo-schema\">\n\t\t\t{\"@context\":\"https:\\\/\\\/schema.org\",\"@graph\":[{\"@type\":\"BlogPosting\",\"@id\":\"https:\\\/\\\/www.skalnik.pl\\\/blog\\\/dynafit-ride-odziez-na-rower\\\/#blogposting\",\"name\":\"Dynafit Ride \\u2013 odzie\\u017c na rower - blog Skalnik\",\"headline\":\"Dynafit Ride &#8211; odzie\\u017c na rower\",\"author\":{\"@id\":\"https:\\\/\\\/www.skalnik.pl\\\/blog\\\/author\\\/skadi\\\/#author\"},\"publisher\":{\"@id\":\"https:\\\/\\\/www.skalnik.pl\\\/blog\\\/#organization\"},\"image\":{\"@type\":\"ImageObject\",\"url\":\"https:\\\/\\\/www.skalnik.pl\\\/blog\\\/wp-content\\\/uploads\\\/2023\\\/04\\\/dynafit-ride-na-rower.jpg\",\"width\":1920,\"height\":706},\"datePublished\":\"2023-04-06T07:40:36+02:00\",\"dateModified\":\"2023-05-05T14:46:35+02:00\",\"inLanguage\":\"pl-PL\",\"mainEntityOfPage\":{\"@id\":\"https:\\\/\\\/www.skalnik.pl\\\/blog\\\/dynafit-ride-odziez-na-rower\\\/#webpage\"},\"isPartOf\":{\"@id\":\"https:\\\/\\\/www.skalnik.pl\\\/blog\\\/dynafit-ride-odziez-na-rower\\\/#webpage\"},\"articleSection\":\"Bran\\u017ca\"},{\"@type\":\"BreadcrumbList\",\"@id\":\"https:\\\/\\\/www.skalnik.pl\\\/blog\\\/dynafit-ride-odziez-na-rower\\\/#breadcrumblist\",\"itemListElement\":[{\"@type\":\"ListItem\",\"@id\":\"https:\\\/\\\/www.skalnik.pl\\\/blog#listItem\",\"position\":1,\"name\":\"Home\",\"item\":\"https:\\\/\\\/www.skalnik.pl\\\/blog\",\"nextItem\":{\"@type\":\"ListItem\",\"@id\":\"https:\\\/\\\/www.skalnik.pl\\\/blog\\\/.\\\/branza\\\/#listItem\",\"name\":\"Bran\\u017ca\"}},{\"@type\":\"ListItem\",\"@id\":\"https:\\\/\\\/www.skalnik.pl\\\/blog\\\/.\\\/branza\\\/#listItem\",\"position\":2,\"name\":\"Bran\\u017ca\",\"item\":\"https:\\\/\\\/www.skalnik.pl\\\/blog\\\/.\\\/branza\\\/\",\"nextItem\":{\"@type\":\"ListItem\",\"@id\":\"https:\\\/\\\/www.skalnik.pl\\\/blog\\\/dynafit-ride-odziez-na-rower\\\/#listItem\",\"name\":\"Dynafit Ride &#8211; odzie\\u017c na rower\"},\"previousItem\":{\"@type\":\"ListItem\",\"@id\":\"https:\\\/\\\/www.skalnik.pl\\\/blog#listItem\",\"name\":\"Home\"}},{\"@type\":\"ListItem\",\"@id\":\"https:\\\/\\\/www.skalnik.pl\\\/blog\\\/dynafit-ride-odziez-na-rower\\\/#listItem\",\"position\":3,\"name\":\"Dynafit Ride &#8211; odzie\\u017c na rower\",\"previousItem\":{\"@type\":\"ListItem\",\"@id\":\"https:\\\/\\\/www.skalnik.pl\\\/blog\\\/.\\\/branza\\\/#listItem\",\"name\":\"Bran\\u017ca\"}}]},{\"@type\":\"Organization\",\"@id\":\"https:\\\/\\\/www.skalnik.pl\\\/blog\\\/#organization\",\"name\":\"blog Skalnik\",\"description\":\"Blog, porady, artyku\\u0142y - blog Skalnik\",\"url\":\"https:\\\/\\\/www.skalnik.pl\\\/blog\\\/\"},{\"@type\":\"Person\",\"@id\":\"https:\\\/\\\/www.skalnik.pl\\\/blog\\\/author\\\/skadi\\\/#author\",\"url\":\"https:\\\/\\\/www.skalnik.pl\\\/blog\\\/author\\\/skadi\\\/\",\"name\":\"Skadi\",\"image\":{\"@type\":\"ImageObject\",\"@id\":\"https:\\\/\\\/www.skalnik.pl\\\/blog\\\/dynafit-ride-odziez-na-rower\\\/#authorImage\",\"url\":\"https:\\\/\\\/secure.gravatar.com\\\/avatar\\\/ae13ef788103b67237116ff6ca11806fd62a3875c2f169205ba46718cec9cfc7?s=96&d=mm&r=g\",\"width\":96,\"height\":96,\"caption\":\"Skadi\"}},{\"@type\":\"WebPage\",\"@id\":\"https:\\\/\\\/www.skalnik.pl\\\/blog\\\/dynafit-ride-odziez-na-rower\\\/#webpage\",\"url\":\"https:\\\/\\\/www.skalnik.pl\\\/blog\\\/dynafit-ride-odziez-na-rower\\\/\",\"name\":\"Dynafit Ride \\u2013 odzie\\u017c na rower - blog Skalnik\",\"description\":\"Kurtki, koszulki i spodenki na rower. Teraz mo\\u017cesz zdoby\\u0107 je w kolekcji Ride arki Dynafit.\",\"inLanguage\":\"pl-PL\",\"isPartOf\":{\"@id\":\"https:\\\/\\\/www.skalnik.pl\\\/blog\\\/#website\"},\"breadcrumb\":{\"@id\":\"https:\\\/\\\/www.skalnik.pl\\\/blog\\\/dynafit-ride-odziez-na-rower\\\/#breadcrumblist\"},\"author\":{\"@id\":\"https:\\\/\\\/www.skalnik.pl\\\/blog\\\/author\\\/skadi\\\/#author\"},\"creator\":{\"@id\":\"https:\\\/\\\/www.skalnik.pl\\\/blog\\\/author\\\/skadi\\\/#author\"},\"image\":{\"@type\":\"ImageObject\",\"url\":\"https:\\\/\\\/www.skalnik.pl\\\/blog\\\/wp-content\\\/uploads\\\/2023\\\/04\\\/dynafit-ride-na-rower.jpg\",\"@id\":\"https:\\\/\\\/www.skalnik.pl\\\/blog\\\/dynafit-ride-odziez-na-rower\\\/#mainImage\",\"width\":1920,\"height\":706},\"primaryImageOfPage\":{\"@id\":\"https:\\\/\\\/www.skalnik.pl\\\/blog\\\/dynafit-ride-odziez-na-rower\\\/#mainImage\"},\"datePublished\":\"2023-04-06T07:40:36+02:00\",\"dateModified\":\"2023-05-05T14:46:35+02:00\"},{\"@type\":\"WebSite\",\"@id\":\"https:\\\/\\\/www.skalnik.pl\\\/blog\\\/#website\",\"url\":\"https:\\\/\\\/www.skalnik.pl\\\/blog\\\/\",\"name\":\"blog Skalnik\",\"description\":\"Blog, porady, artyku\\u0142y - blog Skalnik\",\"inLanguage\":\"pl-PL\",\"publisher\":{\"@id\":\"https:\\\/\\\/www.skalnik.pl\\\/blog\\\/#organization\"}}]}\n\t\t<\/script>\n\t\t<!-- All in One SEO -->\n\n","aioseo_head_json":{"title":"Dynafit Ride \u2013 odzie\u017c na rower - blog Skalnik","description":"Kurtki, koszulki i spodenki na rower. Teraz mo\u017cesz zdoby\u0107 je w kolekcji Ride arki Dynafit.","canonical_url":"https:\/\/www.skalnik.pl\/blog\/dynafit-ride-odziez-na-rower\/","robots":"max-image-preview:large","keywords":"","webmasterTools":{"miscellaneous":""},"schema":{"@context":"https:\/\/schema.org","@graph":[{"@type":"BlogPosting","@id":"https:\/\/www.skalnik.pl\/blog\/dynafit-ride-odziez-na-rower\/#blogposting","name":"Dynafit Ride \u2013 odzie\u017c na rower - blog Skalnik","headline":"Dynafit Ride &#8211; odzie\u017c na rower","author":{"@id":"https:\/\/www.skalnik.pl\/blog\/author\/skadi\/#author"},"publisher":{"@id":"https:\/\/www.skalnik.pl\/blog\/#organization"},"image":{"@type":"ImageObject","url":"https:\/\/www.skalnik.pl\/blog\/wp-content\/uploads\/2023\/04\/dynafit-ride-na-rower.jpg","width":1920,"height":706},"datePublished":"2023-04-06T07:40:36+02:00","dateModified":"2023-05-05T14:46:35+02:00","inLanguage":"pl-PL","mainEntityOfPage":{"@id":"https:\/\/www.skalnik.pl\/blog\/dynafit-ride-odziez-na-rower\/#webpage"},"isPartOf":{"@id":"https:\/\/www.skalnik.pl\/blog\/dynafit-ride-odziez-na-rower\/#webpage"},"articleSection":"Bran\u017ca"},{"@type":"BreadcrumbList","@id":"https:\/\/www.skalnik.pl\/blog\/dynafit-ride-odziez-na-rower\/#breadcrumblist","itemListElement":[{"@type":"ListItem","@id":"https:\/\/www.skalnik.pl\/blog#listItem","position":1,"name":"Home","item":"https:\/\/www.skalnik.pl\/blog","nextItem":{"@type":"ListItem","@id":"https:\/\/www.skalnik.pl\/blog\/.\/branza\/#listItem","name":"Bran\u017ca"}},{"@type":"ListItem","@id":"https:\/\/www.skalnik.pl\/blog\/.\/branza\/#listItem","position":2,"name":"Bran\u017ca","item":"https:\/\/www.skalnik.pl\/blog\/.\/branza\/","nextItem":{"@type":"ListItem","@id":"https:\/\/www.skalnik.pl\/blog\/dynafit-ride-odziez-na-rower\/#listItem","name":"Dynafit Ride &#8211; odzie\u017c na rower"},"previousItem":{"@type":"ListItem","@id":"https:\/\/www.skalnik.pl\/blog#listItem","name":"Home"}},{"@type":"ListItem","@id":"https:\/\/www.skalnik.pl\/blog\/dynafit-ride-odziez-na-rower\/#listItem","position":3,"name":"Dynafit Ride &#8211; odzie\u017c na rower","previousItem":{"@type":"ListItem","@id":"https:\/\/www.skalnik.pl\/blog\/.\/branza\/#listItem","name":"Bran\u017ca"}}]},{"@type":"Organization","@id":"https:\/\/www.skalnik.pl\/blog\/#organization","name":"blog Skalnik","description":"Blog, porady, artyku\u0142y - blog Skalnik","url":"https:\/\/www.skalnik.pl\/blog\/"},{"@type":"Person","@id":"https:\/\/www.skalnik.pl\/blog\/author\/skadi\/#author","url":"https:\/\/www.skalnik.pl\/blog\/author\/skadi\/","name":"Skadi","image":{"@type":"ImageObject","@id":"https:\/\/www.skalnik.pl\/blog\/dynafit-ride-odziez-na-rower\/#authorImage","url":"https:\/\/secure.gravatar.com\/avatar\/ae13ef788103b67237116ff6ca11806fd62a3875c2f169205ba46718cec9cfc7?s=96&d=mm&r=g","width":96,"height":96,"caption":"Skadi"}},{"@type":"WebPage","@id":"https:\/\/www.skalnik.pl\/blog\/dynafit-ride-odziez-na-rower\/#webpage","url":"https:\/\/www.skalnik.pl\/blog\/dynafit-ride-odziez-na-rower\/","name":"Dynafit Ride \u2013 odzie\u017c na rower - blog Skalnik","description":"Kurtki, koszulki i spodenki na rower. Teraz mo\u017cesz zdoby\u0107 je w kolekcji Ride arki Dynafit.","inLanguage":"pl-PL","isPartOf":{"@id":"https:\/\/www.skalnik.pl\/blog\/#website"},"breadcrumb":{"@id":"https:\/\/www.skalnik.pl\/blog\/dynafit-ride-odziez-na-rower\/#breadcrumblist"},"author":{"@id":"https:\/\/www.skalnik.pl\/blog\/author\/skadi\/#author"},"creator":{"@id":"https:\/\/www.skalnik.pl\/blog\/author\/skadi\/#author"},"image":{"@type":"ImageObject","url":"https:\/\/www.skalnik.pl\/blog\/wp-content\/uploads\/2023\/04\/dynafit-ride-na-rower.jpg","@id":"https:\/\/www.skalnik.pl\/blog\/dynafit-ride-odziez-na-rower\/#mainImage","width":1920,"height":706},"primaryImageOfPage":{"@id":"https:\/\/www.skalnik.pl\/blog\/dynafit-ride-odziez-na-rower\/#mainImage"},"datePublished":"2023-04-06T07:40:36+02:00","dateModified":"2023-05-05T14:46:35+02:00"},{"@type":"WebSite","@id":"https:\/\/www.skalnik.pl\/blog\/#website","url":"https:\/\/www.skalnik.pl\/blog\/","name":"blog Skalnik","description":"Blog, porady, artyku\u0142y - blog Skalnik","inLanguage":"pl-PL","publisher":{"@id":"https:\/\/www.skalnik.pl\/blog\/#organization"}}]},"og:locale":"pl_PL","og:site_name":"blog Skalnik - Blog, porady, artyku\u0142y - blog Skalnik","og:type":"article","og:title":"Dynafit Ride \u2013 odzie\u017c na rower - blog Skalnik","og:description":"Kurtki, koszulki i spodenki na rower. Teraz mo\u017cesz zdoby\u0107 je w kolekcji Ride arki Dynafit.","og:url":"https:\/\/www.skalnik.pl\/blog\/dynafit-ride-odziez-na-rower\/","og:image":"https:\/\/www.skalnik.pl\/blog\/wp-content\/uploads\/2023\/04\/dynafit-odzie\u017c-rowerowa.jpg","og:image:secure_url":"https:\/\/www.skalnik.pl\/blog\/wp-content\/uploads\/2023\/04\/dynafit-odzie\u017c-rowerowa.jpg","og:image:width":1024,"og:image:height":683,"article:tag":["bran\u017ca"],"article:published_time":"2023-04-06T05:40:36+00:00","article:modified_time":"2023-05-05T12:46:35+00:00","twitter:card":"summary_large_image","twitter:title":"Dynafit Ride \u2013 odzie\u017c na rower - blog Skalnik","twitter:description":"Kurtki, koszulki i spodenki na rower. Teraz mo\u017cesz zdoby\u0107 je w kolekcji Ride arki Dynafit.","twitter:image":"https:\/\/www.skalnik.pl\/blog\/wp-content\/uploads\/2023\/04\/dynafit-odzie\u017c-rowerowa.jpg"},"aioseo_meta_data":{"post_id":"22601","title":null,"description":"Kurtki, koszulki i spodenki na rower. Teraz mo\u017cesz zdoby\u0107 je w kolekcji Ride arki Dynafit.","keywords":[],"keyphrases":{"focus":{"keyphrase":"rower","score":90,"analysis":{"keyphraseInTitle":{"score":9,"maxScore":9,"error":0},"keyphraseInDescription":{"score":9,"maxScore":9,"error":0},"keyphraseLength":{"score":9,"maxScore":9,"error":0,"length":1},"keyphraseInURL":{"score":5,"maxScore":5,"error":0},"keyphraseInIntroduction":{"score":3,"maxScore":9,"error":1},"keyphraseInSubHeadings":{"score":9,"maxScore":9,"error":0},"keyphraseInImageAlt":{"score":9,"maxScore":9,"error":0}}},"additional":[]},"primary_term":null,"canonical_url":null,"og_title":null,"og_description":null,"og_object_type":"default","og_image_type":"default","og_image_url":null,"og_image_width":null,"og_image_height":null,"og_image_custom_url":null,"og_image_custom_fields":null,"og_video":"","og_custom_url":null,"og_article_section":null,"og_article_tags":[],"twitter_use_og":false,"twitter_card":"default","twitter_image_type":"default","twitter_image_url":null,"twitter_image_custom_url":null,"twitter_image_custom_fields":null,"twitter_title":null,"twitter_description":null,"schema":{"blockGraphs":[],"customGraphs":[],"default":{"data":{"Article":[],"Course":[],"Dataset":[],"FAQPage":[],"Movie":[],"Person":[],"Product":[],"ProductReview":[],"Car":[],"Recipe":[],"Service":[],"SoftwareApplication":[],"WebPage":[]},"graphName":"BlogPosting","isEnabled":true},"graphs":[]},"schema_type":"default","schema_type_options":null,"pillar_content":false,"robots_default":true,"robots_noindex":false,"robots_noarchive":false,"robots_nosnippet":false,"robots_nofollow":false,"robots_noimageindex":false,"robots_noodp":false,"robots_notranslate":false,"robots_max_snippet":"-1","robots_max_videopreview":"-1","robots_max_imagepreview":"large","priority":null,"frequency":"default","local_seo":null,"breadcrumb_settings":null,"limit_modified_date":false,"ai":null,"created":"2023-04-05 10:26:23","updated":"2026-02-17 22:35:27","seo_analyzer_scan_date":null},"aioseo_breadcrumb":"<div class=\"aioseo-breadcrumbs\"><span class=\"aioseo-breadcrumb\">\n\t\t\t<a href=\"https:\/\/www.skalnik.pl\/blog\" title=\"Home\">Home<\/a>\n\t\t<\/span><span class=\"aioseo-breadcrumb-separator\">&raquo;<\/span><span class=\"aioseo-breadcrumb\">\n\t\t\t<a href=\"https:\/\/www.skalnik.pl\/blog\/.\/branza\/\" title=\"Bran\u017ca\">Bran\u017ca<\/a>\n\t\t<\/span><span class=\"aioseo-breadcrumb-separator\">&raquo;<\/span><span class=\"aioseo-breadcrumb\">\n\t\t\tDynafit Ride \u2013 odzie\u017c na rower\n\t\t<\/span><\/div>","aioseo_breadcrumb_json":[{"label":"Home","link":"https:\/\/www.skalnik.pl\/blog"},{"label":"Bran\u017ca","link":"https:\/\/www.skalnik.pl\/blog\/.\/branza\/"},{"label":"Dynafit Ride &#8211; odzie\u017c na rower","link":"https:\/\/www.skalnik.pl\/blog\/dynafit-ride-odziez-na-rower\/"}],"_links":{"self":[{"href":"https:\/\/www.skalnik.pl\/blog\/wp-json\/wp\/v2\/posts\/22601","targetHints":{"allow":["GET"]}}],"collection":[{"href":"https:\/\/www.skalnik.pl\/blog\/wp-json\/wp\/v2\/posts"}],"about":[{"href":"https:\/\/www.skalnik.pl\/blog\/wp-json\/wp\/v2\/types\/post"}],"author":[{"embeddable":true,"href":"https:\/\/www.skalnik.pl\/blog\/wp-json\/wp\/v2\/users\/39"}],"replies":[{"embeddable":true,"href":"https:\/\/www.skalnik.pl\/blog\/wp-json\/wp\/v2\/comments?post=22601"}],"version-history":[{"count":10,"href":"https:\/\/www.skalnik.pl\/blog\/wp-json\/wp\/v2\/posts\/22601\/revisions"}],"predecessor-version":[{"id":22689,"href":"https:\/\/www.skalnik.pl\/blog\/wp-json\/wp\/v2\/posts\/22601\/revisions\/22689"}],"wp:featuredmedia":[{"embeddable":true,"href":"https:\/\/www.skalnik.pl\/blog\/wp-json\/wp\/v2\/media\/22603"}],"wp:attachment":[{"href":"https:\/\/www.skalnik.pl\/blog\/wp-json\/wp\/v2\/media?parent=22601"}],"wp:term":[{"taxonomy":"category","embeddable":true,"href":"https:\/\/www.skalnik.pl\/blog\/wp-json\/wp\/v2\/categories?post=22601"},{"taxonomy":"post_tag","embeddable":true,"href":"https:\/\/www.skalnik.pl\/blog\/wp-json\/wp\/v2\/tags?post=22601"},{"taxonomy":"magento_category","embeddable":true,"href":"https:\/\/www.skalnik.pl\/blog\/wp-json\/wp\/v2\/magento_category?post=22601"},{"taxonomy":"magento_product","embeddable":true,"href":"https:\/\/www.skalnik.pl\/blog\/wp-json\/wp\/v2\/magento_product?post=22601"}],"curies":[{"name":"wp","href":"https:\/\/api.w.org\/{rel}","templated":true}]}}