{"id":22636,"date":"2023-04-12T09:15:59","date_gmt":"2023-04-12T07:15:59","guid":{"rendered":"https:\/\/www.skalnik.pl\/blog\/?p=22636"},"modified":"2023-05-05T14:46:53","modified_gmt":"2023-05-05T12:46:53","slug":"grossglockner-jak-wejsc-na-najwyzszy-szczyt-austrii","status":"publish","type":"post","link":"https:\/\/www.skalnik.pl\/blog\/grossglockner-jak-wejsc-na-najwyzszy-szczyt-austrii\/","title":{"rendered":"Grossglockner &#8211; jak wej\u015b\u0107 na najwy\u017cszy szczyt Austrii"},"content":{"rendered":"\n<p><strong>Grossglockner nie jest najwy\u017cszym szczytem Alp. W\u0142a\u015bciwie niewiele znajdziemy tu &#8222;naj&#8221;. Jest najwy\u017cszym szczytem Austrii, przynale\u017cy zatem do Korony Europy &#8211; jednak do tego zestawienia zalicza si\u0119 tak\u017ce, na przyk\u0142ad o wiele mniej popularny Grauspitz. Mimo to, ka\u017cdego roku t\u0142umy turyst\u00f3w i wspinaczy szturmuj\u0105 ten klasyczny wierzcho\u0142ek, b\u0119d\u0105cy niemal punktem obowi\u0105zkowym w CV wysokog\u00f3rskiego \u0142azika. Co zatem decyduje o popularno\u015bci i wyj\u0105tkowo\u015bci Grossglocknera?<\/strong><\/p>\n\n\n\n<div id=\"ez-toc-container\" class=\"ez-toc-v2_0_85 counter-hierarchy ez-toc-counter ez-toc-light-blue ez-toc-container-direction\">\n<div class=\"ez-toc-title-container\">\n<p class=\"ez-toc-title\" style=\"cursor:inherit\">SPIS TRE\u015aCI <\/p>\n<span class=\"ez-toc-title-toggle\"><a href=\"#\" class=\"ez-toc-pull-right ez-toc-btn ez-toc-btn-xs ez-toc-btn-default ez-toc-toggle\" aria-label=\"Prze\u0142\u0105cznik Spisu Tre\u015bci\"><span class=\"ez-toc-js-icon-con\"><span class=\"\"><span class=\"eztoc-hide\" style=\"display:none;\">Toggle<\/span><span class=\"ez-toc-icon-toggle-span\"><svg style=\"fill: #999;color:#999\" xmlns=\"http:\/\/www.w3.org\/2000\/svg\" class=\"list-377408\" width=\"20px\" height=\"20px\" viewBox=\"0 0 24 24\" fill=\"none\"><path d=\"M6 6H4v2h2V6zm14 0H8v2h12V6zM4 11h2v2H4v-2zm16 0H8v2h12v-2zM4 16h2v2H4v-2zm16 0H8v2h12v-2z\" fill=\"currentColor\"><\/path><\/svg><svg style=\"fill: #999;color:#999\" class=\"arrow-unsorted-368013\" xmlns=\"http:\/\/www.w3.org\/2000\/svg\" width=\"10px\" height=\"10px\" viewBox=\"0 0 24 24\" version=\"1.2\" baseProfile=\"tiny\"><path d=\"M18.2 9.3l-6.2-6.3-6.2 6.3c-.2.2-.3.4-.3.7s.1.5.3.7c.2.2.4.3.7.3h11c.3 0 .5-.1.7-.3.2-.2.3-.5.3-.7s-.1-.5-.3-.7zM5.8 14.7l6.2 6.3 6.2-6.3c.2-.2.3-.5.3-.7s-.1-.5-.3-.7c-.2-.2-.4-.3-.7-.3h-11c-.3 0-.5.1-.7.3-.2.2-.3.5-.3.7s.1.5.3.7z\"\/><\/svg><\/span><\/span><\/span><\/a><\/span><\/div>\n<nav><ul class='ez-toc-list ez-toc-list-level-1 ' ><li class='ez-toc-page-1 ez-toc-heading-level-2'><a class=\"ez-toc-link ez-toc-heading-1\" href=\"https:\/\/www.skalnik.pl\/blog\/grossglockner-jak-wejsc-na-najwyzszy-szczyt-austrii\/#Wysokie_Taury_%E2%80%93_wyjatkowe_miejsce_w_Alpach\" >Wysokie Taury &#8211; wyj\u0105tkowe miejsce w Alpach<\/a><\/li><li class='ez-toc-page-1 ez-toc-heading-level-2'><a class=\"ez-toc-link ez-toc-heading-2\" href=\"https:\/\/www.skalnik.pl\/blog\/grossglockner-jak-wejsc-na-najwyzszy-szczyt-austrii\/#Grossglockner_%E2%80%93_kraina_obfitosci_i_roznorodnosci\" >Grossglockner &#8211; kraina obfito\u015bci i r\u00f3\u017cnorodno\u015bci<\/a><\/li><li class='ez-toc-page-1 ez-toc-heading-level-2'><a class=\"ez-toc-link ez-toc-heading-3\" href=\"https:\/\/www.skalnik.pl\/blog\/grossglockner-jak-wejsc-na-najwyzszy-szczyt-austrii\/#Kondycja_kluczem_do_sukcesu\" >Kondycja kluczem do sukcesu<\/a><\/li><li class='ez-toc-page-1 ez-toc-heading-level-2'><a class=\"ez-toc-link ez-toc-heading-4\" href=\"https:\/\/www.skalnik.pl\/blog\/grossglockner-jak-wejsc-na-najwyzszy-szczyt-austrii\/#Co_zabrac_na_Grossglocknera\" >Co zabra\u0107 na Grossglocknera?<\/a><\/li><li class='ez-toc-page-1 ez-toc-heading-level-2'><a class=\"ez-toc-link ez-toc-heading-5\" href=\"https:\/\/www.skalnik.pl\/blog\/grossglockner-jak-wejsc-na-najwyzszy-szczyt-austrii\/#Grossglockner_droga_normalna_od_strony_Kals\" >Grossglockner drog\u0105 normaln\u0105 od strony Kals<\/a><\/li><li class='ez-toc-page-1 ez-toc-heading-level-2'><a class=\"ez-toc-link ez-toc-heading-6\" href=\"https:\/\/www.skalnik.pl\/blog\/grossglockner-jak-wejsc-na-najwyzszy-szczyt-austrii\/#Drogi_polnocne_na_nawyzszy_szczyt_Austrii\" >Drogi p\u00f3\u0142nocne na nawy\u017cszy szczyt Austrii<\/a><\/li><li class='ez-toc-page-1 ez-toc-heading-level-2'><a class=\"ez-toc-link ez-toc-heading-7\" href=\"https:\/\/www.skalnik.pl\/blog\/grossglockner-jak-wejsc-na-najwyzszy-szczyt-austrii\/#Erzherzog_Johann_Hutte_%E2%80%93_szczyt_Grossglocknera\" >Erzherzog Johann H\u00fctte &#8211; szczyt Grossglocknera<\/a><\/li><li class='ez-toc-page-1 ez-toc-heading-level-2'><a class=\"ez-toc-link ez-toc-heading-8\" href=\"https:\/\/www.skalnik.pl\/blog\/grossglockner-jak-wejsc-na-najwyzszy-szczyt-austrii\/#Co_jeszcze_warto_zobaczyc\" >Co jeszcze warto zobaczy\u0107?<\/a><\/li><\/ul><\/nav><\/div>\n<h2 class=\"wp-block-heading\"><span class=\"ez-toc-section\" id=\"Wysokie_Taury_%E2%80%93_wyjatkowe_miejsce_w_Alpach\"><\/span>Wysokie Taury &#8211; wyj\u0105tkowe miejsce w Alpach<span class=\"ez-toc-section-end\"><\/span><\/h2>\n\n\n\n<p>Licz\u0105cy sobie 3798 m. n.p.m. Grossglockner znajduje si\u0119 w Parku Narodowym Wysokich Taur\u00f3w. Jest to najwi\u0119kszy, ale tak\u017ce najstarszy park narodowy w Austrii. Pomijaj\u0105c ju\u017c alpejsk\u0105 przyrod\u0119 o\u017cywion\u0105, park s\u0142ynie z najwi\u0119kszego lodowca Austrii &#8211; Pasterze. Skarbem tego parku jest r\u00f3wnie\u017c geologia &#8211; Wysokie Taury s\u0142yn\u0105 z ogromnych okaz\u00f3w kryszta\u0142\u00f3w g\u00f3rskich, kt\u00f3re mo\u017cemy ogl\u0105da\u0107 w parkowym muzeum. Mi rzuci\u0142a si\u0119 w oczy r\u00f3wnie\u017c obfito\u015b\u0107 modrzewi, kt\u00f3re zmieniaj\u0105c kolor, nadaj\u0105 g\u00f3rom jesieni\u0105 niezwyk\u0142y wygl\u0105d. Znajduje si\u0119 tu ponadto najwy\u017cej (nie licz\u0105c mo\u017ce dojazd\u00f3w do wysokich o\u015brodk\u00f3w narciarskich) po\u0142o\u017cona droga utwardzona w Austrii &#8211; Grossglockner Hochalpenstrasse.<\/p>\n\n\n\n<p class=\"has-text-color has-background has-very-light-gray-color has-vivid-cyan-blue-background-color\">Inne teksty o Alpejskich szczytach znajdziesz &#8211;&gt; <strong><a href=\"https:\/\/www.skalnik.pl\/blog\/tag\/alpy\/\" target=\"_blank\" rel=\"noopener noreferrer\" title=\"\">klikaj\u0105c tutaj<\/a><\/strong> &lt;&#8211;<\/p>\n\n\n\n<div class=\"wp-block-image\"><figure class=\"aligncenter size-large\"><img loading=\"lazy\" decoding=\"async\" width=\"1024\" height=\"683\" src=\"https:\/\/www.skalnik.pl\/blog\/wp-content\/uploads\/2023\/04\/grossgockner.jpg\" alt=\"najwy\u017cszy szczyt austrii grossglockner\" class=\"wp-image-22640\" srcset=\"https:\/\/www.skalnik.pl\/blog\/wp-content\/uploads\/2023\/04\/grossgockner.jpg 1024w, https:\/\/www.skalnik.pl\/blog\/wp-content\/uploads\/2023\/04\/grossgockner-300x200.jpg 300w, https:\/\/www.skalnik.pl\/blog\/wp-content\/uploads\/2023\/04\/grossgockner-768x512.jpg 768w\" sizes=\"auto, (max-width: 1024px) 100vw, 1024px\" \/><figcaption><em>Najwy\u017cszy szczyt Austrii to cel wielu os\u00f3b marz\u0105cych o alpejskich szczytach. (arch. autorki)<\/em><\/figcaption><\/figure><\/div>\n\n\n\n<h2 class=\"wp-block-heading\"><span class=\"ez-toc-section\" id=\"Grossglockner_%E2%80%93_kraina_obfitosci_i_roznorodnosci\"><\/span>Grossglockner &#8211; kraina obfito\u015bci i r\u00f3\u017cnorodno\u015bci<span class=\"ez-toc-section-end\"><\/span><\/h2>\n\n\n\n<p>Jak ju\u017c wspomnia\u0142am, trudno tu szuka\u0107 rekord\u00f3w. Jest to drugi co do wybitno\u015bci szczyt Alp. Niewiele jest innych &#8222;naj&#8221;, za to wyst\u0119puje tu chyba wszystko, co mo\u017cemy spotka\u0107 w wysokich g\u00f3rach &#8211; w umiarkowanej ilo\u015bci i rozmiarze. Mamy tu &#8222;prawdziwy&#8221; g\u00f3rski lodowiec z wykszta\u0142conym j\u0119zorem. Znajdziemy eksponowan\u0105 grani\u00f3wk\u0119 o umiarkowanych trudno\u015bciach &#8211; s\u0142ynny St\u00fcdlgrat. Jest te\u017c \u015bciana p\u00f3\u0142nocna, bogata w drogi zimowe i s\u0142yn\u0105ca z lodowego klasyka &#8211; rynny Pallavicini. Samych dr\u00f3g, kt\u00f3re mogliby\u015bmy okre\u015bli\u0107 jako &#8222;normalne&#8221;, czyli dost\u0119pne dla niewspinaj\u0105cego si\u0119 w ska\u0142ach wysokog\u00f3rskiego turysty, mamy na Grossglocknerze a\u017c trzy. <\/p>\n\n\n\n<p>Bogata jest r\u00f3wnie\u017c baza noclegowa &#8211; na najpopularniejszej drodze znajdziemy trzy schroniska. Cho\u0107 pierwsze wej\u015bcie na Grossglockner mia\u0142o miejsce w roku 1800, wci\u0105\u017c jest to g\u00f3ra niebezpieczna, zw\u0142aszcza w z\u0142ych warunkach pogodowych &#8211; o czym niejedna osoba si\u0119 przekona\u0142a. Je\u015bli jednak umiesz sprawnie pos\u0142ugiwa\u0107 si\u0119 rakami i czekanem, a lodowcowe niebezpiecze\u0144stwa nie s\u0105 dla Ciebie czarn\u0105 magi\u0105, mo\u017cesz \u015bmia\u0142o spr\u00f3bowa\u0107 zdoby\u0107 najwy\u017cszy szczyt Alp Austriackich!<\/p>\n\n\n\n<p class=\"has-text-color has-background has-very-light-gray-color has-vivid-cyan-blue-background-color\">Je\u015bli jednak brak Ci do\u015bwiadczenia w zdobywaniu szczyt\u00f3w w Alpach, rozwa\u017c wynaj\u0119cie przewodnika. Poznaj bli\u017cej prac\u0119 przewodnik\u00f3w wysokog\u00f3rskich z naszego &#8211;&gt;<strong><a href=\"https:\/\/www.skalnik.pl\/blog\/przewodnicy-maja-obcyk-w-terenie-nie-zawioda-jako-partner-wywiad-z-mackiem-ciesielskim\/\" target=\"_blank\" rel=\"noopener noreferrer\" title=\"\"> wywiadu z Ma\u0107kiem Ciesielskim<\/a><\/strong>. <\/p>\n\n\n\n<h2 class=\"wp-block-heading\"><span class=\"ez-toc-section\" id=\"Kondycja_kluczem_do_sukcesu\"><\/span>Kondycja kluczem do sukcesu<span class=\"ez-toc-section-end\"><\/span><\/h2>\n\n\n\n<p>Na pierwszy rzut oka, Grossglockner mo\u017ce nie wydawa\u0107 si\u0119 g\u00f3r\u0105 wymagaj\u0105c\u0105 kondycyjnie. Faktycznie, licz\u0105c od najpopularniejszego punktu startowego, jakim jest schronisko Studlhutte, mamy do pokonania &#8222;zaledwie&#8221; 1000 m w pionie. To 2\/3 wysoko\u015bci, jak\u0105 musimy pokona\u0107 id\u0105c na Rysy z Palenicy Bia\u0142cza\u0144skiej. We\u017amy jednak pod uwag\u0119, \u017ce tu przyjdzie nam nie\u015b\u0107 wi\u0119cej sprz\u0119tu. Letnie wej\u015bcie na Rysy nie wymaga od nas zabierania uprz\u0119\u017cy, liny, rak\u00f3w, czekana oraz ci\u0119\u017ckich but\u00f3w. Tu musimy zabra\u0107 ze sob\u0105 te kilka dodatkowych kilogram\u00f3w. Ponadto pierwsza noc sp\u0119dzona na wysoko\u015bci 2800 m. n.p.m. mo\u017ce by\u0107 bezsenna. Warto zatem mie\u0107 kondycyjny &#8222;zapas&#8221;. Wysi\u0142ek mo\u017cemy zmniejszy\u0107 sobie, rozk\u0142adaj\u0105c tras\u0119 na wi\u0119ksz\u0105 ilo\u015b\u0107 dni i rezerwuj\u0105c nocleg w schronisku Erzherzog Johann H\u00fctte. W dniu ataku szczytowego do pokonania zostanie nam wtedy tylko 400 m przewy\u017cszenia.<\/p>\n\n\n\n<div class=\"wp-block-image\"><figure class=\"aligncenter size-large\"><img loading=\"lazy\" decoding=\"async\" width=\"1024\" height=\"683\" src=\"https:\/\/www.skalnik.pl\/blog\/wp-content\/uploads\/2023\/04\/alpy-austria.jpg\" alt=\"\" class=\"wp-image-22642\" srcset=\"https:\/\/www.skalnik.pl\/blog\/wp-content\/uploads\/2023\/04\/alpy-austria.jpg 1024w, https:\/\/www.skalnik.pl\/blog\/wp-content\/uploads\/2023\/04\/alpy-austria-300x200.jpg 300w, https:\/\/www.skalnik.pl\/blog\/wp-content\/uploads\/2023\/04\/alpy-austria-768x512.jpg 768w\" sizes=\"auto, (max-width: 1024px) 100vw, 1024px\" \/><figcaption><em>Do wyjazdu w Alpy trzeba przygotowa\u0107 si\u0119 kondycyjnie. (arch. autorki)<\/em><\/figcaption><\/figure><\/div>\n\n\n\n<figure class=\"wp-block-image size-large\"><img loading=\"lazy\" decoding=\"async\" width=\"1024\" height=\"683\" src=\"https:\/\/www.skalnik.pl\/blog\/wp-content\/uploads\/2023\/04\/droga-na-grossglockner.jpg\" alt=\"droga na szczyt grossglockner\" class=\"wp-image-22644\" srcset=\"https:\/\/www.skalnik.pl\/blog\/wp-content\/uploads\/2023\/04\/droga-na-grossglockner.jpg 1024w, https:\/\/www.skalnik.pl\/blog\/wp-content\/uploads\/2023\/04\/droga-na-grossglockner-300x200.jpg 300w, https:\/\/www.skalnik.pl\/blog\/wp-content\/uploads\/2023\/04\/droga-na-grossglockner-768x512.jpg 768w\" sizes=\"auto, (max-width: 1024px) 100vw, 1024px\" \/><\/figure>\n\n\n\n<h2 class=\"wp-block-heading\"><span class=\"ez-toc-section\" id=\"Co_zabrac_na_Grossglocknera\"><\/span>Co zabra\u0107 na Grossglocknera?<span class=\"ez-toc-section-end\"><\/span><\/h2>\n\n\n\n<p>Przy za\u0142o\u017ceniu, \u017ce tras\u0119 pokonamy z wszelkimi udogodnieniami, tj. \u015bpi\u0105c i sto\u0142uj\u0105c si\u0119 w schroniskach, g\u0142\u00f3wny ci\u0119\u017car naszego baga\u017cu stanowi\u0107 b\u0119dzie sprz\u0119t lodowcowy oraz ubrania. Koniecznie zabierzmy zatem kask, uprz\u0105\u017c, lin\u0119 oraz zestaw do ratownictwa lodowcowego. R\u00f3\u017cne s\u0105 szko\u0142y komponowania tego elementu ekwipunku, ale zasadniczo sk\u0142ada si\u0119 on z kilku p\u0119tli, w tym z repsznura (do wychodzenia ze szczelin), 1-2 \u015brub lodowych, kilku karabink\u00f3w, a opcjonalnie tak\u017ce lekkich przyrz\u0105d\u00f3w do wychodzenia po linie. <\/p>\n\n\n\n<p>Ponadto koniecznie spakujmy raki oraz czekan. Wystarcz\u0105 tu najprostsze, turystyczne modele &#8211; na drodze normalnej nie napotkamy wspinania w stromym lodzie. Je\u015bli dopiero robimy zakupy, warto zwr\u00f3ci\u0107 uwag\u0119 na wag\u0119 sprz\u0119tu. Je\u015bli chodzi o obuwie, to solidne, sk\u00f3rzane buty trekkingowe (wysokie!) dadz\u0105 rad\u0119 &#8211; pami\u0119tajmy tylko, aby zabra\u0107 wtedy raki paskowe lub koszykowe. Moim zdaniem najlepiej sprawdz\u0105 si\u0119 lekkie modele wysokog\u00f3rskie, z podeszw\u0105 pod raki p\u00f3\u0142automatyczne. Ci\u0119\u017ckie modele pod &#8222;automaty&#8221; to moim zdaniem zdecydowanie zbyt ci\u0119\u017cki kaliber na letnie wej\u015bcie na Grossglocknera. Du\u017ca mo\u017cliwa r\u00f3\u017cnica temperatur pomi\u0119dzy parkingiem a partiami szczytowymi powoduje, \u017ce fajnym patentem b\u0119d\u0105 spodnie z odpinanymi nogawkami. <\/p>\n\n\n\n<p>Wi\u0119kszo\u015b\u0107 ataku szczytowego sp\u0119dzimy pewnie w wiatroszczelnej, softshellowej kurtce, ale schowany w plecaku sweter puchowy zapewni nam dodatkowy komfort na postojach. Pomimo, \u017ce atak szczytowy w deszczu by\u0142by zwyczajn\u0105 g\u0142upot\u0105, koniecznie spakujmy do plecaka awaryjn\u0105 kurtk\u0119 przeciwdeszczow\u0105. Pogoda bywa nieprzewidywalna i nawet pogodny dzie\u0144 mo\u017ce zaskoczy\u0107 nas nag\u0142\u0105 burz\u0105.<\/p>\n\n\n\n<div class=\"wp-block-image\"><figure class=\"aligncenter size-large\"><img loading=\"lazy\" decoding=\"async\" width=\"1024\" height=\"683\" src=\"https:\/\/www.skalnik.pl\/blog\/wp-content\/uploads\/2023\/04\/w-drodze-na-grossglockner.jpg\" alt=\"\" class=\"wp-image-22646\" srcset=\"https:\/\/www.skalnik.pl\/blog\/wp-content\/uploads\/2023\/04\/w-drodze-na-grossglockner.jpg 1024w, https:\/\/www.skalnik.pl\/blog\/wp-content\/uploads\/2023\/04\/w-drodze-na-grossglockner-300x200.jpg 300w, https:\/\/www.skalnik.pl\/blog\/wp-content\/uploads\/2023\/04\/w-drodze-na-grossglockner-768x512.jpg 768w\" sizes=\"auto, (max-width: 1024px) 100vw, 1024px\" \/><figcaption><em>Wyruszaj\u0105c na Grossglockner przygotuj si\u0119 te\u017c odpowiednio pod wzgl\u0119dem sprz\u0119tu i odzie\u017cy (arch. autorki).<\/em><\/figcaption><\/figure><\/div>\n\n\n\n<h2 class=\"wp-block-heading\"><span class=\"ez-toc-section\" id=\"Grossglockner_droga_normalna_od_strony_Kals\"><\/span>Grossglockner drog\u0105 normaln\u0105 od strony Kals<span class=\"ez-toc-section-end\"><\/span><\/h2>\n\n\n\n<p>W tym wariancie samoch\u00f3d parkujemy na p\u0142atnym parkingu Glocknerwinkl, po\u0142o\u017conym ok. 1900 m n.p.m. Znajduje si\u0119 tu pensjonat Lucknerhaus, zatem istnieje opcja cywilizowanego, wygodnego noclegu w punkcie startu. Z parkingu otwiera nam si\u0119 widok na piramid\u0119 szczytow\u0105 celu naszej wycieczki. Dolin\u0105 K\u00f6dnitztal poruszamy si\u0119 w kierunku p\u00f3\u0142nocnym, niemal prosto w kierunku szczytu. Po drodze mijamy kapliczk\u0119 oraz schronisko Lucknerh\u00fctte. <\/p>\n\n\n\n<p>Krajobraz otaczaj\u0105cy drog\u0119 zmienia si\u0119 od las\u00f3w, przez alpejskie \u0142\u0105ki a\u017c po kamienist\u0105 pustyni\u0119. Na wysoko\u015bci ok. 2500 m n.p.m. odbijamy w lewo, w kierunku schroniska St\u00fcdlh\u00fctte. Tu zatrzymujemy si\u0119 na nocleg. W sezonie turystycznym spodziewajmy si\u0119 wielu os\u00f3b. Wi\u0119kszo\u015b\u0107 nocuj\u0105cych p\u00f3jdzie zapewne t\u0105 sam\u0105 drog\u0105 co my, cho\u0107 schronisko jest tak\u017ce punktem wyj\u015bcia do drogi grani\u0105 St\u00fcdlgrat. Doj\u015bcie do schroniska zajmie nam najpewniej oko\u0142o 4 godzin, cho\u0107 czas ten mo\u017ce znacznie si\u0119 waha\u0107 &#8211; zw\u0142aszcza, gdy do schroniska wyjdziemy zm\u0119czeni, prosto po przyje\u017adzie z Polski. <\/p>\n\n\n\n<p>Warto wtedy rozwa\u017cy\u0107 dzie\u0144 rezerwowy, przeznaczony na ewentualny odpoczynek, w razie gdyby pierwsza noc nie zregenerowa\u0142a nas wystarczaj\u0105co. Oko\u0142o 3-4 nad ranem powinni\u015bmy wyj\u015b\u0107 ze schroniska, aby mie\u0107 wystarczaj\u0105co du\u017co czasu na atak szczytowy. Droga powy\u017cej schroniska wiedzie w\u015br\u00f3d piarg\u00f3w w stron\u0119 lodowca K\u00f6dnitzkees. Nim pod\u0105\u017camy w kierunku schroniska Erzherzog Johann. <\/p>\n\n\n\n<p>Na lodowcu wyst\u0119puj\u0105 ca\u0142kiem du\u017ce szczeliny, cho\u0107 te najwi\u0119ksze powinni\u015bmy z powodzeniem omin\u0105\u0107. Pami\u0119tajmy jednak, \u017ce pod nogami nie mamy niegro\u017anego pola firnowego ale pe\u0142noprawne, lodowe cielsko! Docieramy do po\u0142o\u017conego 3454 m. n.p.m. schroniska, g\u00f3ruj\u0105cego nad lodowcem Pasterze. Erzherzog Johann dzier\u017cy miano najwy\u017cej po\u0142o\u017conego schroniska w Alpach austriackich!<\/p>\n\n\n\n<div class=\"wp-block-image\"><figure class=\"aligncenter size-large\"><img loading=\"lazy\" decoding=\"async\" width=\"1024\" height=\"683\" src=\"https:\/\/www.skalnik.pl\/blog\/wp-content\/uploads\/2023\/04\/Erzherzog-Johann-H\u00fctte.jpg\" alt=\"\" class=\"wp-image-22647\" srcset=\"https:\/\/www.skalnik.pl\/blog\/wp-content\/uploads\/2023\/04\/Erzherzog-Johann-H\u00fctte.jpg 1024w, https:\/\/www.skalnik.pl\/blog\/wp-content\/uploads\/2023\/04\/Erzherzog-Johann-H\u00fctte-300x200.jpg 300w, https:\/\/www.skalnik.pl\/blog\/wp-content\/uploads\/2023\/04\/Erzherzog-Johann-H\u00fctte-768x512.jpg 768w\" sizes=\"auto, (max-width: 1024px) 100vw, 1024px\" \/><figcaption><em>Erzherzog-Johann-H\u00fctte &#8211; najwy\u017cej po\u0142oone schronisko w Austrii. (arch. autorki).<\/em><\/figcaption><\/figure><\/div>\n\n\n\n<h2 class=\"wp-block-heading\"><span class=\"ez-toc-section\" id=\"Drogi_polnocne_na_nawyzszy_szczyt_Austrii\"><\/span>Drogi p\u00f3\u0142nocne na nawy\u017cszy szczyt Austrii <span class=\"ez-toc-section-end\"><\/span><\/h2>\n\n\n\n<p>Do schroniska Erzherzog Johann wiod\u0105 r\u00f3wnie\u017c od p\u00f3\u0142nocy r\u00f3wnie\u017c drogi Glocknerkamp oraz Lammerweg. Zw\u0142aszcza ta druga charakteryzuje si\u0119 umiarkowanymi trudno\u015bciami, jednak s\u0105 one rzadziej ucz\u0119szczane i szczeg\u00f3lnie zdradliwe w przypadku za\u0142amania pogody. Plusem jest niew\u0105tpliwie przej\u015bcie przez s\u0142ynny lodowiec Pasterze, a tak\u017ce mo\u017cliwy dojazd widokow\u0105 drog\u0105 Grossglockner Hochalpenstrasse. <\/p>\n\n\n\n<p>Wycieczk\u0119 od tej strony mo\u017cna tak\u017ce zacz\u0105\u0107 z Heligenblut. Warto jednak potraktowa\u0107 to jako motyw przewodni &#8222;od\u015bwie\u017cenia&#8221; znajomo\u015bci z Grossglocknerem i na pocz\u0105tek wybra\u0107 opisywan\u0105 drog\u0119 normaln\u0105.<\/p>\n\n\n\n<h2 class=\"wp-block-heading\"><span class=\"ez-toc-section\" id=\"Erzherzog_Johann_Hutte_%E2%80%93_szczyt_Grossglocknera\"><\/span>Erzherzog Johann H\u00fctte &#8211; szczyt Grossglocknera<span class=\"ez-toc-section-end\"><\/span><\/h2>\n\n\n\n<p>Ten ko\u0144cowy odcinek, cho\u0107 kr\u00f3tki, dostarczy nam niezapomnianych wra\u017ce\u0144. Krajobraz otaczaj\u0105cy drog\u0119 stanowi\u0105 teraz niezliczone szczyty Alp. Jeste\u015bmy wprawdzie daleko od najwy\u017cszych alpejskich szczyt\u00f3w &#8211; s\u0105 one gdzie\u015b poza zasi\u0119giem naszego wzroku, po lewej. Szczyty po prawej stronie wydaj\u0105 si\u0119 za to by\u0107 na wyci\u0105gniecie r\u0119ki. Szerok\u0105, kamienist\u0105 grani\u0105 przemieszczamy si\u0119 na p\u00f3\u0142noc, w kierunku kr\u00f3tkiego \u017clebku Glocknerleitl. <\/p>\n\n\n\n<div class=\"wp-block-image\"><figure class=\"aligncenter size-large\"><img loading=\"lazy\" decoding=\"async\" width=\"1024\" height=\"683\" src=\"https:\/\/www.skalnik.pl\/blog\/wp-content\/uploads\/2023\/04\/grossglockner-widoki.jpg\" alt=\"\" class=\"wp-image-22648\" srcset=\"https:\/\/www.skalnik.pl\/blog\/wp-content\/uploads\/2023\/04\/grossglockner-widoki.jpg 1024w, https:\/\/www.skalnik.pl\/blog\/wp-content\/uploads\/2023\/04\/grossglockner-widoki-300x200.jpg 300w, https:\/\/www.skalnik.pl\/blog\/wp-content\/uploads\/2023\/04\/grossglockner-widoki-768x512.jpg 768w\" sizes=\"auto, (max-width: 1024px) 100vw, 1024px\" \/><figcaption><em>W czasie wej\u015bcia na szczyt mo\u017cna zachwyci\u0107 si\u0119 prawdziwie g\u00f3rskim krajobrazem! (arch. autorki).<\/em><\/figcaption><\/figure><\/div>\n\n\n\n<div class=\"wp-block-image\"><figure class=\"aligncenter size-large\"><img loading=\"lazy\" decoding=\"async\" width=\"1024\" height=\"683\" src=\"https:\/\/www.skalnik.pl\/blog\/wp-content\/uploads\/2023\/04\/wspinaczk-a-grossglockner.jpg\" alt=\"\" class=\"wp-image-22649\" srcset=\"https:\/\/www.skalnik.pl\/blog\/wp-content\/uploads\/2023\/04\/wspinaczk-a-grossglockner.jpg 1024w, https:\/\/www.skalnik.pl\/blog\/wp-content\/uploads\/2023\/04\/wspinaczk-a-grossglockner-300x200.jpg 300w, https:\/\/www.skalnik.pl\/blog\/wp-content\/uploads\/2023\/04\/wspinaczk-a-grossglockner-768x512.jpg 768w\" sizes=\"auto, (max-width: 1024px) 100vw, 1024px\" \/><figcaption><em>Czeka nas te\u017c prawdziwie g\u00f3rska przygoda! (arch. autorki).<\/em><\/figcaption><\/figure><\/div>\n\n\n\n<p>Ponad \u017clebem czeka nas jeszcze pokonanie niezbyt trudnej skalnej \u015bcianki, nast\u0119pnie za\u015b wychodzimy na gra\u0144. Miejscami jest ona dosy\u0107 eksponowana (jest to najtrudniejszy odcinek drogi), ale niezbyt d\u0142uga, a metalowe s\u0142upki zapewniaj\u0105 przyzwoit\u0105 asekuracj\u0119. <\/p>\n\n\n\n<p>Nieco niekomfortowe mo\u017ce by\u0107 ubezpieczone por\u0119cz\u00f3wk\u0105 przekroczenie g\u0142\u0119bokiej prze\u0142\u0105czki Glocknerscharte, oddzielaj\u0105cej wierzcho\u0142ki Kleinglocknera i Grossglocknera. Zerkaj\u0105c w d\u00f3\u0142, w praw\u0105 stron\u0119, widzimy s\u0142ynn\u0105 drog\u0119 rynn\u0105 Pallavicini. K\u0142opotem na tym odcinku mog\u0105 by\u0107 korki. Po kr\u00f3tkiej, &#8222;dw\u00f3jkowej&#8221; wspinaczce, wydostajemy si\u0119 na najwy\u017cszy austriacki szczyt. Grossglockner jest nasz! <\/p>\n\n\n\n<p>Najwy\u017cszy punkt bez w\u0105tpliwo\u015bci rozpoznamy po charakterystycznym krzy\u017cu. Droga prowadz\u0105ca nas na szczyt b\u0119dzie teraz nasz\u0105 drog\u0105 zej\u015bciow\u0105. Wszystkie pozosta\u0142e warianty s\u0105 bowiem znacznie trudniejsze. Zdobyli\u015bmy najwy\u017csz\u0105 g\u00f3r\u0119 Austrii, ale sukces musimy jeszcze donie\u015b\u0107 na d\u00f3\u0142. Cho\u0107 w dalsz\u0105 drog\u0119 ruszymy w\u015br\u00f3d wielu innych turyst\u00f3w, nie dajmy si\u0119 ponie\u015b\u0107 z\u0142udnemu poczuciu bezpiecze\u0144stwa &#8211; schodz\u0105c, nadal zachowajmy ostro\u017cno\u015b\u0107!<\/p>\n\n\n\n<div class=\"wp-block-image\"><figure class=\"aligncenter size-large\"><img loading=\"lazy\" decoding=\"async\" width=\"1024\" height=\"683\" src=\"https:\/\/www.skalnik.pl\/blog\/wp-content\/uploads\/2023\/04\/tu\u017c-przed-szczytem-grossglockner.jpg\" alt=\"\" class=\"wp-image-22650\" srcset=\"https:\/\/www.skalnik.pl\/blog\/wp-content\/uploads\/2023\/04\/tu\u017c-przed-szczytem-grossglockner.jpg 1024w, https:\/\/www.skalnik.pl\/blog\/wp-content\/uploads\/2023\/04\/tu\u017c-przed-szczytem-grossglockner-300x200.jpg 300w, https:\/\/www.skalnik.pl\/blog\/wp-content\/uploads\/2023\/04\/tu\u017c-przed-szczytem-grossglockner-768x512.jpg 768w\" sizes=\"auto, (max-width: 1024px) 100vw, 1024px\" \/><figcaption><em>Tu\u017c przed szczytem (arch. autorki).<\/em><\/figcaption><\/figure><\/div>\n\n\n\n<div class=\"wp-block-image\"><figure class=\"aligncenter size-large\"><img loading=\"lazy\" decoding=\"async\" width=\"1024\" height=\"683\" src=\"https:\/\/www.skalnik.pl\/blog\/wp-content\/uploads\/2023\/04\/grossglockner-na-szczycie-skadi.jpg\" alt=\"\" class=\"wp-image-22651\" srcset=\"https:\/\/www.skalnik.pl\/blog\/wp-content\/uploads\/2023\/04\/grossglockner-na-szczycie-skadi.jpg 1024w, https:\/\/www.skalnik.pl\/blog\/wp-content\/uploads\/2023\/04\/grossglockner-na-szczycie-skadi-300x200.jpg 300w, https:\/\/www.skalnik.pl\/blog\/wp-content\/uploads\/2023\/04\/grossglockner-na-szczycie-skadi-768x512.jpg 768w\" sizes=\"auto, (max-width: 1024px) 100vw, 1024px\" \/><figcaption><em>Autorka na szczycie &#8222;wielkiego dzwonnika&#8221; (arch. autorki).<\/em><\/figcaption><\/figure><\/div>\n\n\n\n<h2 class=\"wp-block-heading\"><span class=\"ez-toc-section\" id=\"Co_jeszcze_warto_zobaczyc\"><\/span>Co jeszcze warto zobaczy\u0107?<span class=\"ez-toc-section-end\"><\/span><\/h2>\n\n\n\n<p>A wi\u0119c zdobyli\u015bmy Grossglockner, wchodz\u0105c na szczyt drog\u0105 normaln\u0105. Czy to ju\u017c koniec naszej wycieczki w Taury? B\u0119d\u0105c tu, warto obejrze\u0107 miejscowe atrakcje. P\u0142atna droga wysokog\u00f3rska Grossglockner Hochalpenstrasse jest numerem jeden, je\u015bli mamy jeszcze troch\u0119 czasu, a jednocze\u015bnie nie chce nam si\u0119 wchodzi\u0107 na inne szczyty. Je\u015bli na g\u00f3r\u0119 startowali\u015bmy z Kals, wycieczka b\u0119dzie wymaga\u0107 od nas objechania ca\u0142ej grupy Grossglocknera. Przez Lienz dostrzemy do Heiligenblut &#8211; tu znajduje si\u0119 pocz\u0105tek tej wysokog\u00f3rskiej drogi. Prowadzi ona przez prze\u0142\u0119cz Hochtor, pokonuj\u0105c j\u0105 tunelem po\u0142o\u017conym kilkadziesi\u0105t metr\u00f3w poni\u017cej jej siod\u0142a (najwy\u017cszy punkt drogi). Wcze\u015bniej jednak mo\u017cliwe jest obranie kursu na boczn\u0105 odnog\u0119 w stron\u0119 schroniska Kaiser Franz Jozef Haus, obcnie b\u0119d\u0105cego w\u0142a\u015bciwie hotelem. Nieopodal znajduje si\u0119 punkt widokowy na lodowiec Pasterze. Nazwa tej drogi widokowej to Gletscherstrasse (droga lodowcowa). Po przejechaniu tunelu pod prze\u0142\u0119cz\u0105 Hochtor, czeka nas jeszcze &#8222;prze\u0142\u0119cz drogowa&#8221; Fuscher T\u00f6rl. Znajduje si\u0119 tu odnoga na szczyt Edelweissspitze. Znajduje si\u0119 tu restauracja i punkt widokowy, b\u0119d\u0105cy jednocze\u015bnie parkingiem. Po pokonaniu ca\u0142ej trasy, znajdziemy si\u0119 w rejonie miejscowo\u015bci Zell am See. <\/p>\n\n\n\n<hr class=\"wp-block-separator is-style-dots\"\/>\n\n\n\n<p>Pobyt na szczycie najwy\u017cszej g\u00f3ry Austrii oraz malownicza droga wysokog\u00f3rska do do\u015b\u0107 &#8222;syty&#8221; wynik tygodniowego urlopu. A skoro mamy za sob\u0105 wej\u015bcie drog\u0105 normaln\u0105, mo\u017cemy my\u015ble\u0107 o powrocie w znajome ju\u017c rejony &#8211; tym razem jedn\u0105 z pozosta\u0142ych dr\u00f3g!<\/p>\n\n\n\n<p class=\"has-text-color has-background has-very-light-gray-color has-vivid-cyan-blue-background-color\">Grossglockner traktowany cz\u0119sto jest jako rozgrzewka przed Mont Blanc. Tekst o tym jak wej\u015b\u0107 na najwy\u017cszy szczyt Mont Blanc przeczytasz &#8211;&gt; <strong><a href=\"https:\/\/www.skalnik.pl\/blog\/jak-wejsc-na-mont-blanc\/\" target=\"_blank\" rel=\"noopener noreferrer\" title=\"\">tutaj<\/a><\/strong>. <\/p>\n","protected":false},"excerpt":{"rendered":"<p>Marzysz o szczycie Grossglockner? Przeczytaj tekst &#8211; zr\u00f3b pierwszy krok by spe\u0142ni\u0107 marzenie. <\/p>\n","protected":false},"author":39,"featured_media":22637,"comment_status":"closed","ping_status":"closed","sticky":false,"template":"","format":"standard","meta":{"_acf_changed":false,"footnotes":""},"categories":[84],"tags":[96,28],"magento_category":[],"magento_product":[],"class_list":["post-22636","post","type-post","status-publish","format-standard","has-post-thumbnail","hentry","category-pasja","tag-alpy","tag-gory"],"acf":[],"aioseo_notices":[],"aioseo_head":"\n\t\t<!-- All in One SEO 4.9.10 - aioseo.com -->\n\t<meta name=\"description\" content=\"Jak zdoby\u0107 Grossglockner - najwy\u017cszy szczyt w Austrii? Wszystkiego dowiesz si\u0119 z artyku\u0142u, w kt\u00f3rym opisali\u015bmy naj\u0142atwiejsz\u0105 drog\u0119 na Grossglockner. Zobacz i wyrusz!\" \/>\n\t<meta name=\"robots\" content=\"max-image-preview:large\" \/>\n\t<meta name=\"author\" content=\"Skadi\"\/>\n\t<link rel=\"canonical\" href=\"https:\/\/www.skalnik.pl\/blog\/grossglockner-jak-wejsc-na-najwyzszy-szczyt-austrii\/\" \/>\n\t<meta name=\"generator\" content=\"All in One SEO (AIOSEO) 4.9.10\" \/>\n\t\t<meta property=\"og:locale\" content=\"pl_PL\" \/>\n\t\t<meta property=\"og:site_name\" content=\"blog Skalnik - Blog, porady, artyku\u0142y - blog Skalnik\" \/>\n\t\t<meta property=\"og:type\" content=\"article\" \/>\n\t\t<meta property=\"og:title\" content=\"Grossglockner \u2013 jak wej\u015b\u0107 na najwy\u017cszy szczyt Austrii - blog Skalnik\" \/>\n\t\t<meta property=\"og:description\" content=\"Jak zdoby\u0107 Grossglockner - najwy\u017cszy szczyt w Austrii? Wszystkiego dowiesz si\u0119 z artyku\u0142u, w kt\u00f3rym opisali\u015bmy naj\u0142atwiejsz\u0105 drog\u0119 na Grossglockner. Zobacz i wyrusz!\" \/>\n\t\t<meta property=\"og:url\" content=\"https:\/\/www.skalnik.pl\/blog\/grossglockner-jak-wejsc-na-najwyzszy-szczyt-austrii\/\" \/>\n\t\t<meta property=\"og:image\" content=\"https:\/\/www.skalnik.pl\/blog\/wp-content\/uploads\/2023\/04\/grossgockner.jpg\" \/>\n\t\t<meta property=\"og:image:secure_url\" content=\"https:\/\/www.skalnik.pl\/blog\/wp-content\/uploads\/2023\/04\/grossgockner.jpg\" \/>\n\t\t<meta property=\"og:image:width\" content=\"1024\" \/>\n\t\t<meta property=\"og:image:height\" content=\"683\" \/>\n\t\t<meta property=\"article:tag\" content=\"pasja\" \/>\n\t\t<meta property=\"article:tag\" content=\"alpy\" \/>\n\t\t<meta property=\"article:tag\" content=\"g\u00f3ry\" \/>\n\t\t<meta property=\"article:published_time\" content=\"2023-04-12T07:15:59+00:00\" \/>\n\t\t<meta property=\"article:modified_time\" content=\"2023-05-05T12:46:53+00:00\" \/>\n\t\t<meta name=\"twitter:card\" content=\"summary_large_image\" \/>\n\t\t<meta name=\"twitter:title\" content=\"Grossglockner \u2013 jak wej\u015b\u0107 na najwy\u017cszy szczyt Austrii - blog Skalnik\" \/>\n\t\t<meta name=\"twitter:description\" content=\"Jak zdoby\u0107 Grossglockner - najwy\u017cszy szczyt w Austrii? Wszystkiego dowiesz si\u0119 z artyku\u0142u, w kt\u00f3rym opisali\u015bmy naj\u0142atwiejsz\u0105 drog\u0119 na Grossglockner. Zobacz i wyrusz!\" \/>\n\t\t<meta name=\"twitter:image\" content=\"https:\/\/www.skalnik.pl\/blog\/wp-content\/uploads\/2023\/04\/grossgockner.jpg\" \/>\n\t\t<script type=\"application\/ld+json\" class=\"aioseo-schema\">\n\t\t\t{\"@context\":\"https:\\\/\\\/schema.org\",\"@graph\":[{\"@type\":\"BlogPosting\",\"@id\":\"https:\\\/\\\/www.skalnik.pl\\\/blog\\\/grossglockner-jak-wejsc-na-najwyzszy-szczyt-austrii\\\/#blogposting\",\"name\":\"Grossglockner \\u2013 jak wej\\u015b\\u0107 na najwy\\u017cszy szczyt Austrii - blog Skalnik\",\"headline\":\"Grossglockner &#8211; jak wej\\u015b\\u0107 na najwy\\u017cszy szczyt Austrii\",\"author\":{\"@id\":\"https:\\\/\\\/www.skalnik.pl\\\/blog\\\/author\\\/skadi\\\/#author\"},\"publisher\":{\"@id\":\"https:\\\/\\\/www.skalnik.pl\\\/blog\\\/#organization\"},\"image\":{\"@type\":\"ImageObject\",\"url\":\"https:\\\/\\\/www.skalnik.pl\\\/blog\\\/wp-content\\\/uploads\\\/2023\\\/04\\\/jak-wej\\u015b\\u0107-na-grossglockner.jpg\",\"width\":1920,\"height\":706},\"datePublished\":\"2023-04-12T09:15:59+02:00\",\"dateModified\":\"2023-05-05T14:46:53+02:00\",\"inLanguage\":\"pl-PL\",\"mainEntityOfPage\":{\"@id\":\"https:\\\/\\\/www.skalnik.pl\\\/blog\\\/grossglockner-jak-wejsc-na-najwyzszy-szczyt-austrii\\\/#webpage\"},\"isPartOf\":{\"@id\":\"https:\\\/\\\/www.skalnik.pl\\\/blog\\\/grossglockner-jak-wejsc-na-najwyzszy-szczyt-austrii\\\/#webpage\"},\"articleSection\":\"Pasja, alpy, g\\u00f3ry\"},{\"@type\":\"BreadcrumbList\",\"@id\":\"https:\\\/\\\/www.skalnik.pl\\\/blog\\\/grossglockner-jak-wejsc-na-najwyzszy-szczyt-austrii\\\/#breadcrumblist\",\"itemListElement\":[{\"@type\":\"ListItem\",\"@id\":\"https:\\\/\\\/www.skalnik.pl\\\/blog#listItem\",\"position\":1,\"name\":\"Home\",\"item\":\"https:\\\/\\\/www.skalnik.pl\\\/blog\",\"nextItem\":{\"@type\":\"ListItem\",\"@id\":\"https:\\\/\\\/www.skalnik.pl\\\/blog\\\/.\\\/pasja\\\/#listItem\",\"name\":\"Pasja\"}},{\"@type\":\"ListItem\",\"@id\":\"https:\\\/\\\/www.skalnik.pl\\\/blog\\\/.\\\/pasja\\\/#listItem\",\"position\":2,\"name\":\"Pasja\",\"item\":\"https:\\\/\\\/www.skalnik.pl\\\/blog\\\/.\\\/pasja\\\/\",\"nextItem\":{\"@type\":\"ListItem\",\"@id\":\"https:\\\/\\\/www.skalnik.pl\\\/blog\\\/grossglockner-jak-wejsc-na-najwyzszy-szczyt-austrii\\\/#listItem\",\"name\":\"Grossglockner &#8211; jak wej\\u015b\\u0107 na najwy\\u017cszy szczyt Austrii\"},\"previousItem\":{\"@type\":\"ListItem\",\"@id\":\"https:\\\/\\\/www.skalnik.pl\\\/blog#listItem\",\"name\":\"Home\"}},{\"@type\":\"ListItem\",\"@id\":\"https:\\\/\\\/www.skalnik.pl\\\/blog\\\/grossglockner-jak-wejsc-na-najwyzszy-szczyt-austrii\\\/#listItem\",\"position\":3,\"name\":\"Grossglockner &#8211; jak wej\\u015b\\u0107 na najwy\\u017cszy szczyt Austrii\",\"previousItem\":{\"@type\":\"ListItem\",\"@id\":\"https:\\\/\\\/www.skalnik.pl\\\/blog\\\/.\\\/pasja\\\/#listItem\",\"name\":\"Pasja\"}}]},{\"@type\":\"Organization\",\"@id\":\"https:\\\/\\\/www.skalnik.pl\\\/blog\\\/#organization\",\"name\":\"blog Skalnik\",\"description\":\"Blog, porady, artyku\\u0142y - blog Skalnik\",\"url\":\"https:\\\/\\\/www.skalnik.pl\\\/blog\\\/\"},{\"@type\":\"Person\",\"@id\":\"https:\\\/\\\/www.skalnik.pl\\\/blog\\\/author\\\/skadi\\\/#author\",\"url\":\"https:\\\/\\\/www.skalnik.pl\\\/blog\\\/author\\\/skadi\\\/\",\"name\":\"Skadi\",\"image\":{\"@type\":\"ImageObject\",\"@id\":\"https:\\\/\\\/www.skalnik.pl\\\/blog\\\/grossglockner-jak-wejsc-na-najwyzszy-szczyt-austrii\\\/#authorImage\",\"url\":\"https:\\\/\\\/secure.gravatar.com\\\/avatar\\\/ae13ef788103b67237116ff6ca11806fd62a3875c2f169205ba46718cec9cfc7?s=96&d=mm&r=g\",\"width\":96,\"height\":96,\"caption\":\"Skadi\"}},{\"@type\":\"WebPage\",\"@id\":\"https:\\\/\\\/www.skalnik.pl\\\/blog\\\/grossglockner-jak-wejsc-na-najwyzszy-szczyt-austrii\\\/#webpage\",\"url\":\"https:\\\/\\\/www.skalnik.pl\\\/blog\\\/grossglockner-jak-wejsc-na-najwyzszy-szczyt-austrii\\\/\",\"name\":\"Grossglockner \\u2013 jak wej\\u015b\\u0107 na najwy\\u017cszy szczyt Austrii - blog Skalnik\",\"description\":\"Jak zdoby\\u0107 Grossglockner - najwy\\u017cszy szczyt w Austrii? Wszystkiego dowiesz si\\u0119 z artyku\\u0142u, w kt\\u00f3rym opisali\\u015bmy naj\\u0142atwiejsz\\u0105 drog\\u0119 na Grossglockner. Zobacz i wyrusz!\",\"inLanguage\":\"pl-PL\",\"isPartOf\":{\"@id\":\"https:\\\/\\\/www.skalnik.pl\\\/blog\\\/#website\"},\"breadcrumb\":{\"@id\":\"https:\\\/\\\/www.skalnik.pl\\\/blog\\\/grossglockner-jak-wejsc-na-najwyzszy-szczyt-austrii\\\/#breadcrumblist\"},\"author\":{\"@id\":\"https:\\\/\\\/www.skalnik.pl\\\/blog\\\/author\\\/skadi\\\/#author\"},\"creator\":{\"@id\":\"https:\\\/\\\/www.skalnik.pl\\\/blog\\\/author\\\/skadi\\\/#author\"},\"image\":{\"@type\":\"ImageObject\",\"url\":\"https:\\\/\\\/www.skalnik.pl\\\/blog\\\/wp-content\\\/uploads\\\/2023\\\/04\\\/jak-wej\\u015b\\u0107-na-grossglockner.jpg\",\"@id\":\"https:\\\/\\\/www.skalnik.pl\\\/blog\\\/grossglockner-jak-wejsc-na-najwyzszy-szczyt-austrii\\\/#mainImage\",\"width\":1920,\"height\":706},\"primaryImageOfPage\":{\"@id\":\"https:\\\/\\\/www.skalnik.pl\\\/blog\\\/grossglockner-jak-wejsc-na-najwyzszy-szczyt-austrii\\\/#mainImage\"},\"datePublished\":\"2023-04-12T09:15:59+02:00\",\"dateModified\":\"2023-05-05T14:46:53+02:00\"},{\"@type\":\"WebSite\",\"@id\":\"https:\\\/\\\/www.skalnik.pl\\\/blog\\\/#website\",\"url\":\"https:\\\/\\\/www.skalnik.pl\\\/blog\\\/\",\"name\":\"blog Skalnik\",\"description\":\"Blog, porady, artyku\\u0142y - blog Skalnik\",\"inLanguage\":\"pl-PL\",\"publisher\":{\"@id\":\"https:\\\/\\\/www.skalnik.pl\\\/blog\\\/#organization\"}}]}\n\t\t<\/script>\n\t\t<!-- All in One SEO -->\n\n","aioseo_head_json":{"title":"Grossglockner \u2013 jak wej\u015b\u0107 na najwy\u017cszy szczyt Austrii - blog Skalnik","description":"Jak zdoby\u0107 Grossglockner - najwy\u017cszy szczyt w Austrii? Wszystkiego dowiesz si\u0119 z artyku\u0142u, w kt\u00f3rym opisali\u015bmy naj\u0142atwiejsz\u0105 drog\u0119 na Grossglockner. Zobacz i wyrusz!","canonical_url":"https:\/\/www.skalnik.pl\/blog\/grossglockner-jak-wejsc-na-najwyzszy-szczyt-austrii\/","robots":"max-image-preview:large","keywords":"","webmasterTools":{"miscellaneous":""},"schema":{"@context":"https:\/\/schema.org","@graph":[{"@type":"BlogPosting","@id":"https:\/\/www.skalnik.pl\/blog\/grossglockner-jak-wejsc-na-najwyzszy-szczyt-austrii\/#blogposting","name":"Grossglockner \u2013 jak wej\u015b\u0107 na najwy\u017cszy szczyt Austrii - blog Skalnik","headline":"Grossglockner &#8211; jak wej\u015b\u0107 na najwy\u017cszy szczyt Austrii","author":{"@id":"https:\/\/www.skalnik.pl\/blog\/author\/skadi\/#author"},"publisher":{"@id":"https:\/\/www.skalnik.pl\/blog\/#organization"},"image":{"@type":"ImageObject","url":"https:\/\/www.skalnik.pl\/blog\/wp-content\/uploads\/2023\/04\/jak-wej\u015b\u0107-na-grossglockner.jpg","width":1920,"height":706},"datePublished":"2023-04-12T09:15:59+02:00","dateModified":"2023-05-05T14:46:53+02:00","inLanguage":"pl-PL","mainEntityOfPage":{"@id":"https:\/\/www.skalnik.pl\/blog\/grossglockner-jak-wejsc-na-najwyzszy-szczyt-austrii\/#webpage"},"isPartOf":{"@id":"https:\/\/www.skalnik.pl\/blog\/grossglockner-jak-wejsc-na-najwyzszy-szczyt-austrii\/#webpage"},"articleSection":"Pasja, alpy, g\u00f3ry"},{"@type":"BreadcrumbList","@id":"https:\/\/www.skalnik.pl\/blog\/grossglockner-jak-wejsc-na-najwyzszy-szczyt-austrii\/#breadcrumblist","itemListElement":[{"@type":"ListItem","@id":"https:\/\/www.skalnik.pl\/blog#listItem","position":1,"name":"Home","item":"https:\/\/www.skalnik.pl\/blog","nextItem":{"@type":"ListItem","@id":"https:\/\/www.skalnik.pl\/blog\/.\/pasja\/#listItem","name":"Pasja"}},{"@type":"ListItem","@id":"https:\/\/www.skalnik.pl\/blog\/.\/pasja\/#listItem","position":2,"name":"Pasja","item":"https:\/\/www.skalnik.pl\/blog\/.\/pasja\/","nextItem":{"@type":"ListItem","@id":"https:\/\/www.skalnik.pl\/blog\/grossglockner-jak-wejsc-na-najwyzszy-szczyt-austrii\/#listItem","name":"Grossglockner &#8211; jak wej\u015b\u0107 na najwy\u017cszy szczyt Austrii"},"previousItem":{"@type":"ListItem","@id":"https:\/\/www.skalnik.pl\/blog#listItem","name":"Home"}},{"@type":"ListItem","@id":"https:\/\/www.skalnik.pl\/blog\/grossglockner-jak-wejsc-na-najwyzszy-szczyt-austrii\/#listItem","position":3,"name":"Grossglockner &#8211; jak wej\u015b\u0107 na najwy\u017cszy szczyt Austrii","previousItem":{"@type":"ListItem","@id":"https:\/\/www.skalnik.pl\/blog\/.\/pasja\/#listItem","name":"Pasja"}}]},{"@type":"Organization","@id":"https:\/\/www.skalnik.pl\/blog\/#organization","name":"blog Skalnik","description":"Blog, porady, artyku\u0142y - blog Skalnik","url":"https:\/\/www.skalnik.pl\/blog\/"},{"@type":"Person","@id":"https:\/\/www.skalnik.pl\/blog\/author\/skadi\/#author","url":"https:\/\/www.skalnik.pl\/blog\/author\/skadi\/","name":"Skadi","image":{"@type":"ImageObject","@id":"https:\/\/www.skalnik.pl\/blog\/grossglockner-jak-wejsc-na-najwyzszy-szczyt-austrii\/#authorImage","url":"https:\/\/secure.gravatar.com\/avatar\/ae13ef788103b67237116ff6ca11806fd62a3875c2f169205ba46718cec9cfc7?s=96&d=mm&r=g","width":96,"height":96,"caption":"Skadi"}},{"@type":"WebPage","@id":"https:\/\/www.skalnik.pl\/blog\/grossglockner-jak-wejsc-na-najwyzszy-szczyt-austrii\/#webpage","url":"https:\/\/www.skalnik.pl\/blog\/grossglockner-jak-wejsc-na-najwyzszy-szczyt-austrii\/","name":"Grossglockner \u2013 jak wej\u015b\u0107 na najwy\u017cszy szczyt Austrii - blog Skalnik","description":"Jak zdoby\u0107 Grossglockner - najwy\u017cszy szczyt w Austrii? Wszystkiego dowiesz si\u0119 z artyku\u0142u, w kt\u00f3rym opisali\u015bmy naj\u0142atwiejsz\u0105 drog\u0119 na Grossglockner. Zobacz i wyrusz!","inLanguage":"pl-PL","isPartOf":{"@id":"https:\/\/www.skalnik.pl\/blog\/#website"},"breadcrumb":{"@id":"https:\/\/www.skalnik.pl\/blog\/grossglockner-jak-wejsc-na-najwyzszy-szczyt-austrii\/#breadcrumblist"},"author":{"@id":"https:\/\/www.skalnik.pl\/blog\/author\/skadi\/#author"},"creator":{"@id":"https:\/\/www.skalnik.pl\/blog\/author\/skadi\/#author"},"image":{"@type":"ImageObject","url":"https:\/\/www.skalnik.pl\/blog\/wp-content\/uploads\/2023\/04\/jak-wej\u015b\u0107-na-grossglockner.jpg","@id":"https:\/\/www.skalnik.pl\/blog\/grossglockner-jak-wejsc-na-najwyzszy-szczyt-austrii\/#mainImage","width":1920,"height":706},"primaryImageOfPage":{"@id":"https:\/\/www.skalnik.pl\/blog\/grossglockner-jak-wejsc-na-najwyzszy-szczyt-austrii\/#mainImage"},"datePublished":"2023-04-12T09:15:59+02:00","dateModified":"2023-05-05T14:46:53+02:00"},{"@type":"WebSite","@id":"https:\/\/www.skalnik.pl\/blog\/#website","url":"https:\/\/www.skalnik.pl\/blog\/","name":"blog Skalnik","description":"Blog, porady, artyku\u0142y - blog Skalnik","inLanguage":"pl-PL","publisher":{"@id":"https:\/\/www.skalnik.pl\/blog\/#organization"}}]},"og:locale":"pl_PL","og:site_name":"blog Skalnik - Blog, porady, artyku\u0142y - blog Skalnik","og:type":"article","og:title":"Grossglockner \u2013 jak wej\u015b\u0107 na najwy\u017cszy szczyt Austrii - blog Skalnik","og:description":"Jak zdoby\u0107 Grossglockner - najwy\u017cszy szczyt w Austrii? Wszystkiego dowiesz si\u0119 z artyku\u0142u, w kt\u00f3rym opisali\u015bmy naj\u0142atwiejsz\u0105 drog\u0119 na Grossglockner. Zobacz i wyrusz!","og:url":"https:\/\/www.skalnik.pl\/blog\/grossglockner-jak-wejsc-na-najwyzszy-szczyt-austrii\/","og:image":"https:\/\/www.skalnik.pl\/blog\/wp-content\/uploads\/2023\/04\/grossgockner.jpg","og:image:secure_url":"https:\/\/www.skalnik.pl\/blog\/wp-content\/uploads\/2023\/04\/grossgockner.jpg","og:image:width":1024,"og:image:height":683,"article:tag":["pasja","alpy","g\u00f3ry"],"article:published_time":"2023-04-12T07:15:59+00:00","article:modified_time":"2023-05-05T12:46:53+00:00","twitter:card":"summary_large_image","twitter:title":"Grossglockner \u2013 jak wej\u015b\u0107 na najwy\u017cszy szczyt Austrii - blog Skalnik","twitter:description":"Jak zdoby\u0107 Grossglockner - najwy\u017cszy szczyt w Austrii? Wszystkiego dowiesz si\u0119 z artyku\u0142u, w kt\u00f3rym opisali\u015bmy naj\u0142atwiejsz\u0105 drog\u0119 na Grossglockner. Zobacz i wyrusz!","twitter:image":"https:\/\/www.skalnik.pl\/blog\/wp-content\/uploads\/2023\/04\/grossgockner.jpg"},"aioseo_meta_data":{"post_id":"22636","title":null,"description":"Jak zdoby\u0107 Grossglockner - najwy\u017cszy szczyt w Austrii? Wszystkiego dowiesz si\u0119 z artyku\u0142u, w kt\u00f3rym opisali\u015bmy naj\u0142atwiejsz\u0105 drog\u0119 na Grossglockner. Zobacz i wyrusz!","keywords":[],"keyphrases":{"focus":{"keyphrase":"grossglockner","score":90,"analysis":{"keyphraseInTitle":{"score":9,"maxScore":9,"error":0},"keyphraseInDescription":{"score":9,"maxScore":9,"error":0},"keyphraseLength":{"score":9,"maxScore":9,"error":0,"length":1},"keyphraseInURL":{"score":5,"maxScore":5,"error":0},"keyphraseInIntroduction":{"score":9,"maxScore":9,"error":0},"keyphraseInSubHeadings":{"score":3,"maxScore":9,"error":1},"keyphraseInImageAlt":{"score":9,"maxScore":9,"error":0}}},"additional":[]},"primary_term":null,"canonical_url":null,"og_title":null,"og_description":null,"og_object_type":"default","og_image_type":"default","og_image_url":null,"og_image_width":null,"og_image_height":null,"og_image_custom_url":null,"og_image_custom_fields":null,"og_video":"","og_custom_url":null,"og_article_section":null,"og_article_tags":[],"twitter_use_og":false,"twitter_card":"default","twitter_image_type":"default","twitter_image_url":null,"twitter_image_custom_url":null,"twitter_image_custom_fields":null,"twitter_title":null,"twitter_description":null,"schema":{"blockGraphs":[],"customGraphs":[],"default":{"data":{"Article":[],"Course":[],"Dataset":[],"FAQPage":[],"Movie":[],"Person":[],"Product":[],"ProductReview":[],"Car":[],"Recipe":[],"Service":[],"SoftwareApplication":[],"WebPage":[]},"graphName":"BlogPosting","isEnabled":true},"graphs":[]},"schema_type":"default","schema_type_options":null,"pillar_content":false,"robots_default":true,"robots_noindex":false,"robots_noarchive":false,"robots_nosnippet":false,"robots_nofollow":false,"robots_noimageindex":false,"robots_noodp":false,"robots_notranslate":false,"robots_max_snippet":"-1","robots_max_videopreview":"-1","robots_max_imagepreview":"large","priority":null,"frequency":"default","local_seo":null,"breadcrumb_settings":null,"limit_modified_date":false,"ai":null,"created":"2023-04-11 10:19:02","updated":"2026-02-17 22:36:22","seo_analyzer_scan_date":null},"aioseo_breadcrumb":"<div class=\"aioseo-breadcrumbs\"><span class=\"aioseo-breadcrumb\">\n\t\t\t<a href=\"https:\/\/www.skalnik.pl\/blog\" title=\"Home\">Home<\/a>\n\t\t<\/span><span class=\"aioseo-breadcrumb-separator\">&raquo;<\/span><span class=\"aioseo-breadcrumb\">\n\t\t\t<a href=\"https:\/\/www.skalnik.pl\/blog\/.\/pasja\/\" title=\"Pasja\">Pasja<\/a>\n\t\t<\/span><span class=\"aioseo-breadcrumb-separator\">&raquo;<\/span><span class=\"aioseo-breadcrumb\">\n\t\t\tGrossglockner \u2013 jak wej\u015b\u0107 na najwy\u017cszy szczyt Austrii\n\t\t<\/span><\/div>","aioseo_breadcrumb_json":[{"label":"Home","link":"https:\/\/www.skalnik.pl\/blog"},{"label":"Pasja","link":"https:\/\/www.skalnik.pl\/blog\/.\/pasja\/"},{"label":"Grossglockner &#8211; jak wej\u015b\u0107 na najwy\u017cszy szczyt Austrii","link":"https:\/\/www.skalnik.pl\/blog\/grossglockner-jak-wejsc-na-najwyzszy-szczyt-austrii\/"}],"_links":{"self":[{"href":"https:\/\/www.skalnik.pl\/blog\/wp-json\/wp\/v2\/posts\/22636","targetHints":{"allow":["GET"]}}],"collection":[{"href":"https:\/\/www.skalnik.pl\/blog\/wp-json\/wp\/v2\/posts"}],"about":[{"href":"https:\/\/www.skalnik.pl\/blog\/wp-json\/wp\/v2\/types\/post"}],"author":[{"embeddable":true,"href":"https:\/\/www.skalnik.pl\/blog\/wp-json\/wp\/v2\/users\/39"}],"replies":[{"embeddable":true,"href":"https:\/\/www.skalnik.pl\/blog\/wp-json\/wp\/v2\/comments?post=22636"}],"version-history":[{"count":8,"href":"https:\/\/www.skalnik.pl\/blog\/wp-json\/wp\/v2\/posts\/22636\/revisions"}],"predecessor-version":[{"id":22673,"href":"https:\/\/www.skalnik.pl\/blog\/wp-json\/wp\/v2\/posts\/22636\/revisions\/22673"}],"wp:featuredmedia":[{"embeddable":true,"href":"https:\/\/www.skalnik.pl\/blog\/wp-json\/wp\/v2\/media\/22637"}],"wp:attachment":[{"href":"https:\/\/www.skalnik.pl\/blog\/wp-json\/wp\/v2\/media?parent=22636"}],"wp:term":[{"taxonomy":"category","embeddable":true,"href":"https:\/\/www.skalnik.pl\/blog\/wp-json\/wp\/v2\/categories?post=22636"},{"taxonomy":"post_tag","embeddable":true,"href":"https:\/\/www.skalnik.pl\/blog\/wp-json\/wp\/v2\/tags?post=22636"},{"taxonomy":"magento_category","embeddable":true,"href":"https:\/\/www.skalnik.pl\/blog\/wp-json\/wp\/v2\/magento_category?post=22636"},{"taxonomy":"magento_product","embeddable":true,"href":"https:\/\/www.skalnik.pl\/blog\/wp-json\/wp\/v2\/magento_product?post=22636"}],"curies":[{"name":"wp","href":"https:\/\/api.w.org\/{rel}","templated":true}]}}