{"id":22698,"date":"2023-04-18T10:50:37","date_gmt":"2023-04-18T08:50:37","guid":{"rendered":"https:\/\/www.skalnik.pl\/blog\/?p=22698"},"modified":"2023-04-18T10:50:38","modified_gmt":"2023-04-18T08:50:38","slug":"la-sportiva-co-to-za-marka","status":"publish","type":"post","link":"https:\/\/www.skalnik.pl\/blog\/la-sportiva-co-to-za-marka\/","title":{"rendered":"La Sportiva &#8211; co to za marka"},"content":{"rendered":"\n<p><strong>W\u0119drujesz po g\u00f3rach, wspinasz si\u0119, biegasz w g\u00f3rach a mo\u017ce je\u017adzisz na nartach? Niezale\u017cnie, kt\u00f3ra opcja odnosi si\u0119 do Ciebie, na pewno rzuci\u0142a Ci si\u0119 w oczy nazwa i logo La Sportiva. Opowiem Ci o niej nieco wi\u0119cej bo to ponad 90 lat historii, kt\u00f3ra wci\u0105\u017c toczy si\u0119 u podn\u00f3\u017ca w\u0142oskich Dolomit\u00f3w.<\/strong><\/p>\n\n\n\n<div id=\"ez-toc-container\" class=\"ez-toc-v2_0_85 counter-hierarchy ez-toc-counter ez-toc-light-blue ez-toc-container-direction\">\n<div class=\"ez-toc-title-container\">\n<p class=\"ez-toc-title\" style=\"cursor:inherit\">SPIS TRE\u015aCI <\/p>\n<span class=\"ez-toc-title-toggle\"><a href=\"#\" class=\"ez-toc-pull-right ez-toc-btn ez-toc-btn-xs ez-toc-btn-default ez-toc-toggle\" aria-label=\"Prze\u0142\u0105cznik Spisu Tre\u015bci\"><span class=\"ez-toc-js-icon-con\"><span class=\"\"><span class=\"eztoc-hide\" style=\"display:none;\">Toggle<\/span><span class=\"ez-toc-icon-toggle-span\"><svg style=\"fill: #999;color:#999\" xmlns=\"http:\/\/www.w3.org\/2000\/svg\" class=\"list-377408\" width=\"20px\" height=\"20px\" viewBox=\"0 0 24 24\" fill=\"none\"><path d=\"M6 6H4v2h2V6zm14 0H8v2h12V6zM4 11h2v2H4v-2zm16 0H8v2h12v-2zM4 16h2v2H4v-2zm16 0H8v2h12v-2z\" fill=\"currentColor\"><\/path><\/svg><svg style=\"fill: #999;color:#999\" class=\"arrow-unsorted-368013\" xmlns=\"http:\/\/www.w3.org\/2000\/svg\" width=\"10px\" height=\"10px\" viewBox=\"0 0 24 24\" version=\"1.2\" baseProfile=\"tiny\"><path d=\"M18.2 9.3l-6.2-6.3-6.2 6.3c-.2.2-.3.4-.3.7s.1.5.3.7c.2.2.4.3.7.3h11c.3 0 .5-.1.7-.3.2-.2.3-.5.3-.7s-.1-.5-.3-.7zM5.8 14.7l6.2 6.3 6.2-6.3c.2-.2.3-.5.3-.7s-.1-.5-.3-.7c-.2-.2-.4-.3-.7-.3h-11c-.3 0-.5.1-.7.3-.2.2-.3.5-.3.7s.1.5.3.7z\"\/><\/svg><\/span><\/span><\/span><\/a><\/span><\/div>\n<nav><ul class='ez-toc-list ez-toc-list-level-1 ' ><li class='ez-toc-page-1 ez-toc-heading-level-2'><a class=\"ez-toc-link ez-toc-heading-1\" href=\"https:\/\/www.skalnik.pl\/blog\/la-sportiva-co-to-za-marka\/#Wszystko_w_rodzinie\" >Wszystko w rodzinie<\/a><\/li><li class='ez-toc-page-1 ez-toc-heading-level-2'><a class=\"ez-toc-link ez-toc-heading-2\" href=\"https:\/\/www.skalnik.pl\/blog\/la-sportiva-co-to-za-marka\/#Ludzie_Gor\" >Ludzie G\u00f3r<\/a><\/li><li class='ez-toc-page-1 ez-toc-heading-level-2'><a class=\"ez-toc-link ez-toc-heading-3\" href=\"https:\/\/www.skalnik.pl\/blog\/la-sportiva-co-to-za-marka\/#W_zgodzie_z_natura\" >W zgodzie z natur\u0105<\/a><\/li><li class='ez-toc-page-1 ez-toc-heading-level-2'><a class=\"ez-toc-link ez-toc-heading-4\" href=\"https:\/\/www.skalnik.pl\/blog\/la-sportiva-co-to-za-marka\/#La_Sportiva_%E2%80%93_co_znajdziesz_w_kolekcji_tej_firmy\" >La Sportiva \u2013 co znajdziesz w kolekcji tej firmy<\/a><\/li><\/ul><\/nav><\/div>\n<h2 class=\"wp-block-heading\"><span class=\"ez-toc-section\" id=\"Wszystko_w_rodzinie\"><\/span>Wszystko w rodzinie<span class=\"ez-toc-section-end\"><\/span><\/h2>\n\n\n\n<p>Trudno w to uwierzy\u0107, ale pomimo swojego \u015bwiatowego zasi\u0119gu i obecno\u015bci w ponad 70 krajach La Sportiva pozostaje firm\u0105 rodzinn\u0105. Narodzi\u0142a si\u0119 w 1928 r. pod nazw\u0105 Calzoleria Sportiva, a jej tw\u00f3rc\u0105 by\u0142 Narciso Delladio. Pocz\u0105tki marki to g\u0142\u00f3wnie produkcja sk\u00f3rzanych but\u00f3w dla rolnik\u00f3w, drwali i robotnik\u00f3w mieszkaj\u0105cych w dolinach Val di Fassa i Val di Fiemme w Dolomitach.<\/p>\n\n\n\n<p>Prze\u0142omowym momentem w historii firmy by\u0142a II wojna \u015bwiatowa, gdy produkowa\u0142a ona dla wojska. To w\u00f3wczas powsta\u0142 niezawodny system sznurowania, z kt\u00f3rego La Sportiva znana jest a\u017c do dzi\u015b. Po wojnie s\u0142awa fabryki rodziny Delladio wyp\u0142yn\u0119\u0142a poza doliny Dolomit\u00f3w. Gdy do zarz\u0105du wszed\u0142 syn Narciso, Francesco rozpocz\u0119\u0142a si\u0119 ekspansja na rynku sportowym i turystycznym oraz budowa nowych fabryk m.in. na przedmie\u015bciach Tesero. Po raz pierwszy u\u017cyto w\u00f3wczas nazwy La Sportiva, a jej buty pojawi\u0142y si\u0119 na wystawie w Mediolanie.<\/p>\n\n\n\n<div class=\"wp-block-image\"><figure class=\"aligncenter size-large\"><img loading=\"lazy\" decoding=\"async\" width=\"1024\" height=\"683\" src=\"https:\/\/www.skalnik.pl\/blog\/wp-content\/uploads\/2023\/04\/MantraPant_Wmns_Carbon_3-min-1024x683.jpg\" alt=\"spodnie la sportiva spodnie wspinaczkowe\" class=\"wp-image-22700\" srcset=\"https:\/\/www.skalnik.pl\/blog\/wp-content\/uploads\/2023\/04\/MantraPant_Wmns_Carbon_3-min-1024x683.jpg 1024w, https:\/\/www.skalnik.pl\/blog\/wp-content\/uploads\/2023\/04\/MantraPant_Wmns_Carbon_3-min-300x200.jpg 300w, https:\/\/www.skalnik.pl\/blog\/wp-content\/uploads\/2023\/04\/MantraPant_Wmns_Carbon_3-min-768x512.jpg 768w, https:\/\/www.skalnik.pl\/blog\/wp-content\/uploads\/2023\/04\/MantraPant_Wmns_Carbon_3-min-1536x1024.jpg 1536w, https:\/\/www.skalnik.pl\/blog\/wp-content\/uploads\/2023\/04\/MantraPant_Wmns_Carbon_3-min-2048x1365.jpg 2048w\" sizes=\"auto, (max-width: 1024px) 100vw, 1024px\" \/><figcaption><em>Buty to podstawa kolekcji marki La Sportiva (fot. La Sportiva)<\/em><\/figcaption><\/figure><\/div>\n\n\n\n<p>W kolejnych dziesi\u0119cioleciach do zarz\u0105du firmy do\u0142\u0105czali przedstawiciele nast\u0119pnych pokole\u0144 rodziny Delladio. Asortyment marki si\u0119 rozszerza\u0142 i opr\u00f3cz but\u00f3w turystycznych pojawi\u0142a si\u0119 kolekcja do narciarstwa biegowego, a w latach osiemdziesi\u0105tych do wspinaczki. Sta\u0142y rozw\u00f3j wymaga\u0142 budowy nowych fabryk, a w 1996 r. powsta\u0142a najwi\u0119ksza z nich w Ziano di Fiemme, gdzie znajduje si\u0119 tak\u017ce siedziba zarz\u0105du.&nbsp;<\/p>\n\n\n\n<p>Pod koniec XX w. La Sportiva wesz\u0142a w kr\u00f3tkotrwa\u0142y biznesowy \u201eromans\u201d z The North Face, dzi\u0119ki kt\u00f3remu pojawi\u0142a si\u0119 na rynku ameryka\u0144skim. Jednak r\u00f3\u017cne wzgl\u0119dy sprawi\u0142y, \u017ce ju\u017c w 2000 r. wykupione przez TNF udzia\u0142y wr\u00f3ci\u0142y do rodziny Delladio.&nbsp;<\/p>\n\n\n\n<div class=\"wp-block-image\"><figure class=\"aligncenter size-large\"><img loading=\"lazy\" decoding=\"async\" width=\"1024\" height=\"683\" src=\"https:\/\/www.skalnik.pl\/blog\/wp-content\/uploads\/2023\/04\/190328_SARTORI_3118-min-1024x683.jpg\" alt=\"buty skitour la sportiva\" class=\"wp-image-22703\" srcset=\"https:\/\/www.skalnik.pl\/blog\/wp-content\/uploads\/2023\/04\/190328_SARTORI_3118-min-1024x683.jpg 1024w, https:\/\/www.skalnik.pl\/blog\/wp-content\/uploads\/2023\/04\/190328_SARTORI_3118-min-300x200.jpg 300w, https:\/\/www.skalnik.pl\/blog\/wp-content\/uploads\/2023\/04\/190328_SARTORI_3118-min-768x512.jpg 768w\" sizes=\"auto, (max-width: 1024px) 100vw, 1024px\" \/><figcaption><em>W kolekcji La Sportiva znajdziesz buty na trekking, wspinaczk\u0119 czy na narty (fot. La Sportiva)<\/em><\/figcaption><\/figure><\/div>\n\n\n\n<p>Ogromnym krokiem naprz\u00f3d w rozwoju marki La Sportiva sta\u0142 si\u0119 rok 2016, gdy na rynek trafi\u0142a pierwsza firmowana przez ni\u0105 kolekcja odzie\u017cy g\u00f3rskiej. Tym samym czo\u0142owy producent obuwia trekkingowego, wspinaczkowego i narciarskiego rozszerzy\u0142 sw\u00f3j asortyment, tworz\u0105c kompletn\u0105 kolekcj\u0119 dla mi\u0142o\u015bnik\u00f3w outdooru. Dzi\u015b firm\u0105 zarz\u0105dza czwarta ju\u017c generacja rodziny Delladio i wcale nie zwalniaj\u0105 tempa. Wprost przeciwnie, pasja i ch\u0119\u0107 rozwoju s\u0105 takie same jak ponad 90 lat temu.<\/p>\n\n\n\n<p class=\"has-text-color has-background has-very-light-gray-color has-vivid-cyan-blue-background-color\">Zobacz wszystkie produkty marki <strong><a href=\"https:\/\/www.skalnik.pl\/la-sportiva\" target=\"_blank\" rel=\"noopener noreferrer\" title=\"\">La Sportiva<\/a><\/strong>, a jeszcze lepiej poznasz ten brand. <\/p>\n\n\n\n<h2 class=\"wp-block-heading\"><span class=\"ez-toc-section\" id=\"Ludzie_Gor\"><\/span>Ludzie G\u00f3r<span class=\"ez-toc-section-end\"><\/span><\/h2>\n\n\n\n<p>La Sportiva to marka, kt\u00f3ra narodzi\u0142a si\u0119 w g\u00f3rach i wci\u0105\u017c jest blisko nich. Siedziba w Ziano di Fiemme oraz po\u0142o\u017cone w Dolomitach fabryki s\u0105 podstaw\u0105 jej produkcji. Wi\u0119kszo\u015b\u0107 obuwia i odzie\u017cy produkowana jest na miejscu. Tu tak\u017ce powstaj\u0105 projekty, kt\u00f3re mo\u017cna \u0142atwo testowa\u0107 w najbli\u017cszej okolicy.<\/p>\n\n\n\n<div class=\"wp-block-image\"><figure class=\"aligncenter size-large\"><img loading=\"lazy\" decoding=\"async\" width=\"1024\" height=\"681\" src=\"https:\/\/www.skalnik.pl\/blog\/wp-content\/uploads\/2023\/04\/Giampaolo_Calza-23-1024x681.jpg\" alt=\"la sportiva odzie\u017c i buty w g\u00f3ry\" class=\"wp-image-22701\" srcset=\"https:\/\/www.skalnik.pl\/blog\/wp-content\/uploads\/2023\/04\/Giampaolo_Calza-23-1024x681.jpg 1024w, https:\/\/www.skalnik.pl\/blog\/wp-content\/uploads\/2023\/04\/Giampaolo_Calza-23-300x200.jpg 300w, https:\/\/www.skalnik.pl\/blog\/wp-content\/uploads\/2023\/04\/Giampaolo_Calza-23-768x511.jpg 768w, https:\/\/www.skalnik.pl\/blog\/wp-content\/uploads\/2023\/04\/Giampaolo_Calza-23-1536x1022.jpg 1536w, https:\/\/www.skalnik.pl\/blog\/wp-content\/uploads\/2023\/04\/Giampaolo_Calza-23.jpg 2000w\" sizes=\"auto, (max-width: 1024px) 100vw, 1024px\" \/><figcaption><em>La Sportiva &#8211; od zawsze zwi\u0105zana z g\u00f3rami (fot. La Sportiva)<\/em><\/figcaption><\/figure><\/div>\n\n\n\n<p>Marka i jej wyroby powstaj\u0105 z pasji i ch\u0119ci pokonywania kolejnych wyzwa\u0144. Wiedz\u0105 o tym doskonale sportowcy, alpini\u015bci i mi\u0142o\u015bnicy outdooru korzystaj\u0105cy z but\u00f3w i odzie\u017cy La Sportiva. Innowacyjno\u015b\u0107 marki nie rodzi si\u0119 jedynie z test\u00f3w i algorytm\u00f3w opracowywanych w zaciszu biur projektowych. G\u0142\u00f3wnymi jej motorami s\u0105 sami u\u017cytkownicy i ich uwagi sp\u0142ywaj\u0105ce do projektant\u00f3w. La Sportiva jest w bliskim i sta\u0142ym kontakcie z alpinistami, wspinaczami, biegaczami g\u00f3rskimi, narciarzami, przewodnikami i instruktorami, a ich przemy\u015blenia i uwagi dotycz\u0105ce konstrukcji obuwia i odzie\u017cy s\u0105 wykorzystywane w tworzeniu kolejnych projekt\u00f3w.<\/p>\n\n\n\n<p>Blisko\u015b\u0107 g\u00f3r daje tak\u017ce mo\u017cliwo\u015b\u0107 uprawiania najrozmaitszych aktywno\u015bci outdoorowych, a pracownicy firmy La Sportiva s\u0105 aktywni i realizuj\u0105 swoje pasje tam, gdzie pracuj\u0105, Dolomitach.<\/p>\n\n\n\n<h2 class=\"wp-block-heading\"><span class=\"ez-toc-section\" id=\"W_zgodzie_z_natura\"><\/span>W zgodzie z natur\u0105<span class=\"ez-toc-section-end\"><\/span><\/h2>\n\n\n\n<p>Historia firmy La Sportiva to ci\u0105g\u0142y kontakt z g\u00f3rami i natur\u0105. Natur\u0105, kt\u00f3ra potrzebuje sta\u0142ej troski, aby mog\u0142a by\u0107 zachowana dla przysz\u0142ych pokole\u0144. Od lat dziewi\u0119\u0107dziesi\u0105tych XX w. marka podejmuje kroki w kierunku zr\u00f3wnowa\u017conej produkcji oraz ograniczania wp\u0142ywu na \u015brodowisko naturalne. W 2003 r. La Sportiva wprowadzi\u0142a certyfikat ISO 140001 w zakresie r\u00f3wnowagi ekologicznej, co prze\u0142o\u017cy\u0142o si\u0119 m.in. na wprowadzenie do produkt\u00f3w klej\u00f3w na bazie wody oraz stosowaniu recyklingu w przypadku 50% odpad\u00f3w produkcyjnych.<\/p>\n\n\n\n<div class=\"wp-block-image\"><figure class=\"aligncenter size-large\"><img loading=\"lazy\" decoding=\"async\" width=\"1024\" height=\"680\" src=\"https:\/\/www.skalnik.pl\/blog\/wp-content\/uploads\/2023\/04\/trekking-7.1-min-1024x680.jpg\" alt=\"odzie\u017c la sportiva \" class=\"wp-image-22702\" srcset=\"https:\/\/www.skalnik.pl\/blog\/wp-content\/uploads\/2023\/04\/trekking-7.1-min-1024x680.jpg 1024w, https:\/\/www.skalnik.pl\/blog\/wp-content\/uploads\/2023\/04\/trekking-7.1-min-300x199.jpg 300w, https:\/\/www.skalnik.pl\/blog\/wp-content\/uploads\/2023\/04\/trekking-7.1-min-768x510.jpg 768w, https:\/\/www.skalnik.pl\/blog\/wp-content\/uploads\/2023\/04\/trekking-7.1-min-1536x1021.jpg 1536w, https:\/\/www.skalnik.pl\/blog\/wp-content\/uploads\/2023\/04\/trekking-7.1-min-2048x1361.jpg 2048w\" sizes=\"auto, (max-width: 1024px) 100vw, 1024px\" \/><figcaption><em>La Sportiva wprowadza w produkcji zasady odpowiedzialno\u015bci ekologicznej i spo\u0142ecznej (fot. La Sportiva)<\/em><\/figcaption><\/figure><\/div>\n\n\n\n<p>La Sportiva nale\u017cy do grona firm stosuj\u0105cych w produkcji certyfikat bluesign oraz d\u0105\u017cy do ograniczenia emisji CO2 zar\u00f3wno w produkcji, logistyce, jak i funkcjonowaniu swoich biur.<\/p>\n\n\n\n<p>W 2013 r. firma do\u0142\u0105czy\u0142a do partnerstwa European Outdoor Conservation Association (EOCA), kt\u00f3re realizuje projekty proekologiczne w rejonach g\u00f3rskich, wspomaga ochron\u0119 nied\u017awiedzi brunatnych, realizuje zadania zmierzaj\u0105ce do ograniczenia wycinki las\u00f3w oraz zwi\u0119kszania ich nasadze\u0144, a tak\u017ce tworzy trans graniczne szlaki turystyczne w rejonach g\u00f3rskich.<\/p>\n\n\n\n<h2 class=\"wp-block-heading\"><span class=\"ez-toc-section\" id=\"La_Sportiva_%E2%80%93_co_znajdziesz_w_kolekcji_tej_firmy\"><\/span>La Sportiva \u2013 co znajdziesz w kolekcji tej firmy<span class=\"ez-toc-section-end\"><\/span><\/h2>\n\n\n\n<p>Cho\u0107 La Sportiva zaczyna\u0142a od produkcji obuwia, dzi\u015b kompleksowo ubiera mi\u0142o\u015bnik\u00f3w outdooru od st\u00f3p do g\u0142\u00f3w. Ale to obuwie pozostaje jej flagowym produktem. W kolekcji znajduj\u0105 si\u0119 buty wspinaczkowe, w tym legendarne Miury, podej\u015bciowe, takie jak m.in. s\u0142ynne TX4 czy Boulder, trekkingowe m.in. TX5 i Raptor, wysokog\u00f3rskie &#8211; w\u015br\u00f3d kt\u00f3rych s\u0105 kultowe modele Nepal, Trango czy G2 EVO, do bieg\u00f3w g\u00f3rskich oraz narciarskie.<\/p>\n\n\n\n<p class=\"has-text-color has-background has-very-light-gray-color has-vivid-cyan-blue-background-color\">Zobacz <strong><a href=\"https:\/\/www.skalnik.pl\/buty\/buty-meskie\/buty-meskie-wysokie\/marka:la+sportiva\" target=\"_blank\" rel=\"noopener noreferrer\" title=\"\">buty trekkingowe La Sportiva m\u0119skie<\/a><\/strong>, albo kliknij po damskie buty <strong><a href=\"https:\/\/www.skalnik.pl\/buty\/buty-damskie\/buty-damskie-wysokie\/marka:la+sportiva\" target=\"_blank\" rel=\"noopener noreferrer\" title=\"\">tutaj<\/a><\/strong>.  <\/p>\n\n\n\n<div class=\"wp-block-image\"><figure class=\"aligncenter size-large\"><img loading=\"lazy\" decoding=\"async\" width=\"1024\" height=\"680\" src=\"https:\/\/www.skalnik.pl\/blog\/wp-content\/uploads\/2023\/04\/trekking-24.1-min-1024x680.jpg\" alt=\"buty la sportiva w g\u00f3ry\" class=\"wp-image-22704\" srcset=\"https:\/\/www.skalnik.pl\/blog\/wp-content\/uploads\/2023\/04\/trekking-24.1-min-1024x680.jpg 1024w, https:\/\/www.skalnik.pl\/blog\/wp-content\/uploads\/2023\/04\/trekking-24.1-min-300x199.jpg 300w, https:\/\/www.skalnik.pl\/blog\/wp-content\/uploads\/2023\/04\/trekking-24.1-min-768x510.jpg 768w, https:\/\/www.skalnik.pl\/blog\/wp-content\/uploads\/2023\/04\/trekking-24.1-min-1536x1021.jpg 1536w, https:\/\/www.skalnik.pl\/blog\/wp-content\/uploads\/2023\/04\/trekking-24.1-min-2048x1361.jpg 2048w\" sizes=\"auto, (max-width: 1024px) 100vw, 1024px\" \/><figcaption><em>Z odzie\u017c\u0105 i butami La Sportiva ubierzesz si\u0119 od st\u00f3p do g\u0142\u00f3w (fot. La Sportiva)<\/em><\/figcaption><\/figure><\/div>\n\n\n\n<p>Kolekcja technicznej odzie\u017cy g\u00f3rskiej La Sportiva obejmuje wszystkie jej warstwy od koszulek i legins\u00f3w, przez bluzy, spodnie, kurtki ocieplane, softshelle po hardshelle. Nie zapomniano o akcesoriach takich jak czapki, opaski, r\u0119kawiczki i skarpetki. W\u015br\u00f3d sprz\u0119tu, jaki oferuje La Sportiva s\u0105 plecaki do r\u00f3\u017cnych aktywno\u015bci, kije narciarskie i trekkingowe oraz narty.<\/p>\n\n\n\n<hr class=\"wp-block-separator is-style-dots\"\/>\n\n\n\n<p>Pasja i innowacje to g\u0142\u00f3wne motory nap\u0119dzaj\u0105ce dzia\u0142ania marki La Sportiva. Obuwie i odzie\u017c tworzone w g\u00f3rach dla Ludzi G\u00f3r nale\u017c\u0105 od lat do jednych z najch\u0119tniej wybieranych w outdoorowym \u015bwiecie. Rodzinna firma obecna w ponad 70 krajach to prawdziwy fenomen i dow\u00f3d, \u017ce \u0142\u0105czenie tradycji z nowoczesno\u015bci\u0105 ma sens.<\/p>\n","protected":false},"excerpt":{"rendered":"<p>Buty i odzie\u017c powstaj\u0105ce w Dolomitach dla Ludzi G\u00f3r. Poznaj mark\u0119 La Sportiva oraz jej podej\u015bcie do outdooru. <\/p>\n","protected":false},"author":41,"featured_media":22723,"comment_status":"closed","ping_status":"closed","sticky":false,"template":"","format":"standard","meta":{"_acf_changed":false,"footnotes":""},"categories":[5],"tags":[100],"magento_category":[281],"magento_product":[],"class_list":["post-22698","post","type-post","status-publish","format-standard","has-post-thumbnail","hentry","category-branza","tag-buty-trekkingowe"],"acf":[],"aioseo_notices":[],"aioseo_head":"\n\t\t<!-- All in One SEO 4.9.10 - aioseo.com -->\n\t<meta name=\"description\" content=\"Z mark\u0105 La Sportiva ubierzesz si\u0119 od st\u00f3p do g\u0142\u00f3w na trekking, narty, wspinaczk\u0119. Poznaj buty La Sportiva oraz odzie\u017c marki tworzonej w Dolomitach.\" \/>\n\t<meta name=\"robots\" content=\"max-image-preview:large\" \/>\n\t<meta name=\"author\" content=\"Anna \u015aliwa\"\/>\n\t<link rel=\"canonical\" href=\"https:\/\/www.skalnik.pl\/blog\/la-sportiva-co-to-za-marka\/\" \/>\n\t<meta name=\"generator\" content=\"All in One SEO (AIOSEO) 4.9.10\" \/>\n\t\t<meta property=\"og:locale\" content=\"pl_PL\" \/>\n\t\t<meta property=\"og:site_name\" content=\"blog Skalnik - Blog, porady, artyku\u0142y - blog Skalnik\" \/>\n\t\t<meta property=\"og:type\" content=\"article\" \/>\n\t\t<meta property=\"og:title\" content=\"La Sportiva \u2013 co to za marka - blog Skalnik\" \/>\n\t\t<meta property=\"og:description\" content=\"Z mark\u0105 La Sportiva ubierzesz si\u0119 od st\u00f3p do g\u0142\u00f3w na trekking, narty, wspinaczk\u0119. Poznaj buty La Sportiva oraz odzie\u017c marki tworzonej w Dolomitach.\" \/>\n\t\t<meta property=\"og:url\" content=\"https:\/\/www.skalnik.pl\/blog\/la-sportiva-co-to-za-marka\/\" \/>\n\t\t<meta property=\"og:image\" content=\"https:\/\/www.skalnik.pl\/blog\/wp-content\/uploads\/2023\/04\/MantraPant_Wmns_Carbon_3-min-1024x683.jpg\" \/>\n\t\t<meta property=\"og:image:secure_url\" content=\"https:\/\/www.skalnik.pl\/blog\/wp-content\/uploads\/2023\/04\/MantraPant_Wmns_Carbon_3-min-1024x683.jpg\" \/>\n\t\t<meta property=\"article:tag\" content=\"bran\u017ca\" \/>\n\t\t<meta property=\"article:tag\" content=\"buty trekkingowe\" \/>\n\t\t<meta property=\"article:published_time\" content=\"2023-04-18T08:50:37+00:00\" \/>\n\t\t<meta property=\"article:modified_time\" content=\"2023-04-18T08:50:38+00:00\" \/>\n\t\t<meta name=\"twitter:card\" content=\"summary_large_image\" \/>\n\t\t<meta name=\"twitter:title\" content=\"La Sportiva \u2013 co to za marka - blog Skalnik\" \/>\n\t\t<meta name=\"twitter:description\" content=\"Z mark\u0105 La Sportiva ubierzesz si\u0119 od st\u00f3p do g\u0142\u00f3w na trekking, narty, wspinaczk\u0119. Poznaj buty La Sportiva oraz odzie\u017c marki tworzonej w Dolomitach.\" \/>\n\t\t<meta name=\"twitter:image\" content=\"https:\/\/www.skalnik.pl\/blog\/wp-content\/uploads\/2023\/04\/MantraPant_Wmns_Carbon_3-min-1024x683.jpg\" \/>\n\t\t<script type=\"application\/ld+json\" class=\"aioseo-schema\">\n\t\t\t{\"@context\":\"https:\\\/\\\/schema.org\",\"@graph\":[{\"@type\":\"BlogPosting\",\"@id\":\"https:\\\/\\\/www.skalnik.pl\\\/blog\\\/la-sportiva-co-to-za-marka\\\/#blogposting\",\"name\":\"La Sportiva \\u2013 co to za marka - blog Skalnik\",\"headline\":\"La Sportiva &#8211; co to za marka\",\"author\":{\"@id\":\"https:\\\/\\\/www.skalnik.pl\\\/blog\\\/author\\\/anna-sliwa\\\/#author\"},\"publisher\":{\"@id\":\"https:\\\/\\\/www.skalnik.pl\\\/blog\\\/#organization\"},\"image\":{\"@type\":\"ImageObject\",\"url\":\"https:\\\/\\\/www.skalnik.pl\\\/blog\\\/wp-content\\\/uploads\\\/2023\\\/04\\\/\\u00a9Claudia-Ziegler-Training-la-sportiva.jpg\",\"width\":1920,\"height\":706,\"caption\":\"la sportiva historia marki\"},\"datePublished\":\"2023-04-18T10:50:37+02:00\",\"dateModified\":\"2023-04-18T10:50:38+02:00\",\"inLanguage\":\"pl-PL\",\"mainEntityOfPage\":{\"@id\":\"https:\\\/\\\/www.skalnik.pl\\\/blog\\\/la-sportiva-co-to-za-marka\\\/#webpage\"},\"isPartOf\":{\"@id\":\"https:\\\/\\\/www.skalnik.pl\\\/blog\\\/la-sportiva-co-to-za-marka\\\/#webpage\"},\"articleSection\":\"Bran\\u017ca, buty trekkingowe, 1133\"},{\"@type\":\"BreadcrumbList\",\"@id\":\"https:\\\/\\\/www.skalnik.pl\\\/blog\\\/la-sportiva-co-to-za-marka\\\/#breadcrumblist\",\"itemListElement\":[{\"@type\":\"ListItem\",\"@id\":\"https:\\\/\\\/www.skalnik.pl\\\/blog#listItem\",\"position\":1,\"name\":\"Home\",\"item\":\"https:\\\/\\\/www.skalnik.pl\\\/blog\",\"nextItem\":{\"@type\":\"ListItem\",\"@id\":\"https:\\\/\\\/www.skalnik.pl\\\/blog\\\/.\\\/branza\\\/#listItem\",\"name\":\"Bran\\u017ca\"}},{\"@type\":\"ListItem\",\"@id\":\"https:\\\/\\\/www.skalnik.pl\\\/blog\\\/.\\\/branza\\\/#listItem\",\"position\":2,\"name\":\"Bran\\u017ca\",\"item\":\"https:\\\/\\\/www.skalnik.pl\\\/blog\\\/.\\\/branza\\\/\",\"nextItem\":{\"@type\":\"ListItem\",\"@id\":\"https:\\\/\\\/www.skalnik.pl\\\/blog\\\/la-sportiva-co-to-za-marka\\\/#listItem\",\"name\":\"La Sportiva &#8211; co to za marka\"},\"previousItem\":{\"@type\":\"ListItem\",\"@id\":\"https:\\\/\\\/www.skalnik.pl\\\/blog#listItem\",\"name\":\"Home\"}},{\"@type\":\"ListItem\",\"@id\":\"https:\\\/\\\/www.skalnik.pl\\\/blog\\\/la-sportiva-co-to-za-marka\\\/#listItem\",\"position\":3,\"name\":\"La Sportiva &#8211; co to za marka\",\"previousItem\":{\"@type\":\"ListItem\",\"@id\":\"https:\\\/\\\/www.skalnik.pl\\\/blog\\\/.\\\/branza\\\/#listItem\",\"name\":\"Bran\\u017ca\"}}]},{\"@type\":\"Organization\",\"@id\":\"https:\\\/\\\/www.skalnik.pl\\\/blog\\\/#organization\",\"name\":\"blog Skalnik\",\"description\":\"Blog, porady, artyku\\u0142y - blog Skalnik\",\"url\":\"https:\\\/\\\/www.skalnik.pl\\\/blog\\\/\"},{\"@type\":\"Person\",\"@id\":\"https:\\\/\\\/www.skalnik.pl\\\/blog\\\/author\\\/anna-sliwa\\\/#author\",\"url\":\"https:\\\/\\\/www.skalnik.pl\\\/blog\\\/author\\\/anna-sliwa\\\/\",\"name\":\"Anna \\u015aliwa\",\"image\":{\"@type\":\"ImageObject\",\"@id\":\"https:\\\/\\\/www.skalnik.pl\\\/blog\\\/la-sportiva-co-to-za-marka\\\/#authorImage\",\"url\":\"https:\\\/\\\/secure.gravatar.com\\\/avatar\\\/e8300be3de710e2e109e5dfbf092dcf827242ec8071807a1e13f6b3f7c9bbd79?s=96&d=mm&r=g\",\"width\":96,\"height\":96,\"caption\":\"Anna \\u015aliwa\"}},{\"@type\":\"WebPage\",\"@id\":\"https:\\\/\\\/www.skalnik.pl\\\/blog\\\/la-sportiva-co-to-za-marka\\\/#webpage\",\"url\":\"https:\\\/\\\/www.skalnik.pl\\\/blog\\\/la-sportiva-co-to-za-marka\\\/\",\"name\":\"La Sportiva \\u2013 co to za marka - blog Skalnik\",\"description\":\"Z mark\\u0105 La Sportiva ubierzesz si\\u0119 od st\\u00f3p do g\\u0142\\u00f3w na trekking, narty, wspinaczk\\u0119. Poznaj buty La Sportiva oraz odzie\\u017c marki tworzonej w Dolomitach.\",\"inLanguage\":\"pl-PL\",\"isPartOf\":{\"@id\":\"https:\\\/\\\/www.skalnik.pl\\\/blog\\\/#website\"},\"breadcrumb\":{\"@id\":\"https:\\\/\\\/www.skalnik.pl\\\/blog\\\/la-sportiva-co-to-za-marka\\\/#breadcrumblist\"},\"author\":{\"@id\":\"https:\\\/\\\/www.skalnik.pl\\\/blog\\\/author\\\/anna-sliwa\\\/#author\"},\"creator\":{\"@id\":\"https:\\\/\\\/www.skalnik.pl\\\/blog\\\/author\\\/anna-sliwa\\\/#author\"},\"image\":{\"@type\":\"ImageObject\",\"url\":\"https:\\\/\\\/www.skalnik.pl\\\/blog\\\/wp-content\\\/uploads\\\/2023\\\/04\\\/\\u00a9Claudia-Ziegler-Training-la-sportiva.jpg\",\"@id\":\"https:\\\/\\\/www.skalnik.pl\\\/blog\\\/la-sportiva-co-to-za-marka\\\/#mainImage\",\"width\":1920,\"height\":706,\"caption\":\"la sportiva historia marki\"},\"primaryImageOfPage\":{\"@id\":\"https:\\\/\\\/www.skalnik.pl\\\/blog\\\/la-sportiva-co-to-za-marka\\\/#mainImage\"},\"datePublished\":\"2023-04-18T10:50:37+02:00\",\"dateModified\":\"2023-04-18T10:50:38+02:00\"},{\"@type\":\"WebSite\",\"@id\":\"https:\\\/\\\/www.skalnik.pl\\\/blog\\\/#website\",\"url\":\"https:\\\/\\\/www.skalnik.pl\\\/blog\\\/\",\"name\":\"blog Skalnik\",\"description\":\"Blog, porady, artyku\\u0142y - blog Skalnik\",\"inLanguage\":\"pl-PL\",\"publisher\":{\"@id\":\"https:\\\/\\\/www.skalnik.pl\\\/blog\\\/#organization\"}}]}\n\t\t<\/script>\n\t\t<!-- All in One SEO -->\n\n","aioseo_head_json":{"title":"La Sportiva \u2013 co to za marka - blog Skalnik","description":"Z mark\u0105 La Sportiva ubierzesz si\u0119 od st\u00f3p do g\u0142\u00f3w na trekking, narty, wspinaczk\u0119. Poznaj buty La Sportiva oraz odzie\u017c marki tworzonej w Dolomitach.","canonical_url":"https:\/\/www.skalnik.pl\/blog\/la-sportiva-co-to-za-marka\/","robots":"max-image-preview:large","keywords":"","webmasterTools":{"miscellaneous":""},"schema":{"@context":"https:\/\/schema.org","@graph":[{"@type":"BlogPosting","@id":"https:\/\/www.skalnik.pl\/blog\/la-sportiva-co-to-za-marka\/#blogposting","name":"La Sportiva \u2013 co to za marka - blog Skalnik","headline":"La Sportiva &#8211; co to za marka","author":{"@id":"https:\/\/www.skalnik.pl\/blog\/author\/anna-sliwa\/#author"},"publisher":{"@id":"https:\/\/www.skalnik.pl\/blog\/#organization"},"image":{"@type":"ImageObject","url":"https:\/\/www.skalnik.pl\/blog\/wp-content\/uploads\/2023\/04\/\u00a9Claudia-Ziegler-Training-la-sportiva.jpg","width":1920,"height":706,"caption":"la sportiva historia marki"},"datePublished":"2023-04-18T10:50:37+02:00","dateModified":"2023-04-18T10:50:38+02:00","inLanguage":"pl-PL","mainEntityOfPage":{"@id":"https:\/\/www.skalnik.pl\/blog\/la-sportiva-co-to-za-marka\/#webpage"},"isPartOf":{"@id":"https:\/\/www.skalnik.pl\/blog\/la-sportiva-co-to-za-marka\/#webpage"},"articleSection":"Bran\u017ca, buty trekkingowe, 1133"},{"@type":"BreadcrumbList","@id":"https:\/\/www.skalnik.pl\/blog\/la-sportiva-co-to-za-marka\/#breadcrumblist","itemListElement":[{"@type":"ListItem","@id":"https:\/\/www.skalnik.pl\/blog#listItem","position":1,"name":"Home","item":"https:\/\/www.skalnik.pl\/blog","nextItem":{"@type":"ListItem","@id":"https:\/\/www.skalnik.pl\/blog\/.\/branza\/#listItem","name":"Bran\u017ca"}},{"@type":"ListItem","@id":"https:\/\/www.skalnik.pl\/blog\/.\/branza\/#listItem","position":2,"name":"Bran\u017ca","item":"https:\/\/www.skalnik.pl\/blog\/.\/branza\/","nextItem":{"@type":"ListItem","@id":"https:\/\/www.skalnik.pl\/blog\/la-sportiva-co-to-za-marka\/#listItem","name":"La Sportiva &#8211; co to za marka"},"previousItem":{"@type":"ListItem","@id":"https:\/\/www.skalnik.pl\/blog#listItem","name":"Home"}},{"@type":"ListItem","@id":"https:\/\/www.skalnik.pl\/blog\/la-sportiva-co-to-za-marka\/#listItem","position":3,"name":"La Sportiva &#8211; co to za marka","previousItem":{"@type":"ListItem","@id":"https:\/\/www.skalnik.pl\/blog\/.\/branza\/#listItem","name":"Bran\u017ca"}}]},{"@type":"Organization","@id":"https:\/\/www.skalnik.pl\/blog\/#organization","name":"blog Skalnik","description":"Blog, porady, artyku\u0142y - blog Skalnik","url":"https:\/\/www.skalnik.pl\/blog\/"},{"@type":"Person","@id":"https:\/\/www.skalnik.pl\/blog\/author\/anna-sliwa\/#author","url":"https:\/\/www.skalnik.pl\/blog\/author\/anna-sliwa\/","name":"Anna \u015aliwa","image":{"@type":"ImageObject","@id":"https:\/\/www.skalnik.pl\/blog\/la-sportiva-co-to-za-marka\/#authorImage","url":"https:\/\/secure.gravatar.com\/avatar\/e8300be3de710e2e109e5dfbf092dcf827242ec8071807a1e13f6b3f7c9bbd79?s=96&d=mm&r=g","width":96,"height":96,"caption":"Anna \u015aliwa"}},{"@type":"WebPage","@id":"https:\/\/www.skalnik.pl\/blog\/la-sportiva-co-to-za-marka\/#webpage","url":"https:\/\/www.skalnik.pl\/blog\/la-sportiva-co-to-za-marka\/","name":"La Sportiva \u2013 co to za marka - blog Skalnik","description":"Z mark\u0105 La Sportiva ubierzesz si\u0119 od st\u00f3p do g\u0142\u00f3w na trekking, narty, wspinaczk\u0119. Poznaj buty La Sportiva oraz odzie\u017c marki tworzonej w Dolomitach.","inLanguage":"pl-PL","isPartOf":{"@id":"https:\/\/www.skalnik.pl\/blog\/#website"},"breadcrumb":{"@id":"https:\/\/www.skalnik.pl\/blog\/la-sportiva-co-to-za-marka\/#breadcrumblist"},"author":{"@id":"https:\/\/www.skalnik.pl\/blog\/author\/anna-sliwa\/#author"},"creator":{"@id":"https:\/\/www.skalnik.pl\/blog\/author\/anna-sliwa\/#author"},"image":{"@type":"ImageObject","url":"https:\/\/www.skalnik.pl\/blog\/wp-content\/uploads\/2023\/04\/\u00a9Claudia-Ziegler-Training-la-sportiva.jpg","@id":"https:\/\/www.skalnik.pl\/blog\/la-sportiva-co-to-za-marka\/#mainImage","width":1920,"height":706,"caption":"la sportiva historia marki"},"primaryImageOfPage":{"@id":"https:\/\/www.skalnik.pl\/blog\/la-sportiva-co-to-za-marka\/#mainImage"},"datePublished":"2023-04-18T10:50:37+02:00","dateModified":"2023-04-18T10:50:38+02:00"},{"@type":"WebSite","@id":"https:\/\/www.skalnik.pl\/blog\/#website","url":"https:\/\/www.skalnik.pl\/blog\/","name":"blog Skalnik","description":"Blog, porady, artyku\u0142y - blog Skalnik","inLanguage":"pl-PL","publisher":{"@id":"https:\/\/www.skalnik.pl\/blog\/#organization"}}]},"og:locale":"pl_PL","og:site_name":"blog Skalnik - Blog, porady, artyku\u0142y - blog Skalnik","og:type":"article","og:title":"La Sportiva \u2013 co to za marka - blog Skalnik","og:description":"Z mark\u0105 La Sportiva ubierzesz si\u0119 od st\u00f3p do g\u0142\u00f3w na trekking, narty, wspinaczk\u0119. Poznaj buty La Sportiva oraz odzie\u017c marki tworzonej w Dolomitach.","og:url":"https:\/\/www.skalnik.pl\/blog\/la-sportiva-co-to-za-marka\/","og:image":"https:\/\/www.skalnik.pl\/blog\/wp-content\/uploads\/2023\/04\/MantraPant_Wmns_Carbon_3-min-1024x683.jpg","og:image:secure_url":"https:\/\/www.skalnik.pl\/blog\/wp-content\/uploads\/2023\/04\/MantraPant_Wmns_Carbon_3-min-1024x683.jpg","article:tag":["bran\u017ca","buty trekkingowe"],"article:published_time":"2023-04-18T08:50:37+00:00","article:modified_time":"2023-04-18T08:50:38+00:00","twitter:card":"summary_large_image","twitter:title":"La Sportiva \u2013 co to za marka - blog Skalnik","twitter:description":"Z mark\u0105 La Sportiva ubierzesz si\u0119 od st\u00f3p do g\u0142\u00f3w na trekking, narty, wspinaczk\u0119. Poznaj buty La Sportiva oraz odzie\u017c marki tworzonej w Dolomitach.","twitter:image":"https:\/\/www.skalnik.pl\/blog\/wp-content\/uploads\/2023\/04\/MantraPant_Wmns_Carbon_3-min-1024x683.jpg"},"aioseo_meta_data":{"post_id":"22698","title":null,"description":"Z mark\u0105 La Sportiva ubierzesz si\u0119 od st\u00f3p do g\u0142\u00f3w na trekking, narty, wspinaczk\u0119. Poznaj buty La Sportiva oraz odzie\u017c marki tworzonej w Dolomitach.","keywords":[],"keyphrases":{"focus":{"keyphrase":"la sportiva","score":90,"analysis":{"keyphraseInTitle":{"score":9,"maxScore":9,"error":0},"keyphraseInDescription":{"score":9,"maxScore":9,"error":0},"keyphraseLength":{"score":9,"maxScore":9,"error":0,"length":2},"keyphraseInURL":{"score":5,"maxScore":5,"error":0},"keyphraseInIntroduction":{"score":9,"maxScore":9,"error":0},"keyphraseInSubHeadings":{"score":3,"maxScore":9,"error":1},"keyphraseInImageAlt":{"score":9,"maxScore":9,"error":0}}},"additional":[]},"primary_term":null,"canonical_url":null,"og_title":null,"og_description":null,"og_object_type":"default","og_image_type":"default","og_image_url":null,"og_image_width":null,"og_image_height":null,"og_image_custom_url":null,"og_image_custom_fields":null,"og_video":"","og_custom_url":null,"og_article_section":null,"og_article_tags":[],"twitter_use_og":false,"twitter_card":"default","twitter_image_type":"default","twitter_image_url":null,"twitter_image_custom_url":null,"twitter_image_custom_fields":null,"twitter_title":null,"twitter_description":null,"schema":{"blockGraphs":[],"customGraphs":[],"default":{"data":{"Article":[],"Course":[],"Dataset":[],"FAQPage":[],"Movie":[],"Person":[],"Product":[],"ProductReview":[],"Car":[],"Recipe":[],"Service":[],"SoftwareApplication":[],"WebPage":[]},"graphName":"BlogPosting","isEnabled":true},"graphs":[]},"schema_type":"default","schema_type_options":null,"pillar_content":false,"robots_default":true,"robots_noindex":false,"robots_noarchive":false,"robots_nosnippet":false,"robots_nofollow":false,"robots_noimageindex":false,"robots_noodp":false,"robots_notranslate":false,"robots_max_snippet":"-1","robots_max_videopreview":"-1","robots_max_imagepreview":"large","priority":null,"frequency":"default","local_seo":null,"breadcrumb_settings":null,"limit_modified_date":false,"ai":null,"created":"2023-04-15 08:31:38","updated":"2026-02-17 22:36:22","seo_analyzer_scan_date":null},"aioseo_breadcrumb":"<div class=\"aioseo-breadcrumbs\"><span class=\"aioseo-breadcrumb\">\n\t\t\t<a href=\"https:\/\/www.skalnik.pl\/blog\" title=\"Home\">Home<\/a>\n\t\t<\/span><span class=\"aioseo-breadcrumb-separator\">&raquo;<\/span><span class=\"aioseo-breadcrumb\">\n\t\t\t<a href=\"https:\/\/www.skalnik.pl\/blog\/.\/branza\/\" title=\"Bran\u017ca\">Bran\u017ca<\/a>\n\t\t<\/span><span class=\"aioseo-breadcrumb-separator\">&raquo;<\/span><span class=\"aioseo-breadcrumb\">\n\t\t\tLa Sportiva \u2013 co to za marka\n\t\t<\/span><\/div>","aioseo_breadcrumb_json":[{"label":"Home","link":"https:\/\/www.skalnik.pl\/blog"},{"label":"Bran\u017ca","link":"https:\/\/www.skalnik.pl\/blog\/.\/branza\/"},{"label":"La Sportiva &#8211; co to za marka","link":"https:\/\/www.skalnik.pl\/blog\/la-sportiva-co-to-za-marka\/"}],"_links":{"self":[{"href":"https:\/\/www.skalnik.pl\/blog\/wp-json\/wp\/v2\/posts\/22698","targetHints":{"allow":["GET"]}}],"collection":[{"href":"https:\/\/www.skalnik.pl\/blog\/wp-json\/wp\/v2\/posts"}],"about":[{"href":"https:\/\/www.skalnik.pl\/blog\/wp-json\/wp\/v2\/types\/post"}],"author":[{"embeddable":true,"href":"https:\/\/www.skalnik.pl\/blog\/wp-json\/wp\/v2\/users\/41"}],"replies":[{"embeddable":true,"href":"https:\/\/www.skalnik.pl\/blog\/wp-json\/wp\/v2\/comments?post=22698"}],"version-history":[{"count":2,"href":"https:\/\/www.skalnik.pl\/blog\/wp-json\/wp\/v2\/posts\/22698\/revisions"}],"predecessor-version":[{"id":22722,"href":"https:\/\/www.skalnik.pl\/blog\/wp-json\/wp\/v2\/posts\/22698\/revisions\/22722"}],"wp:featuredmedia":[{"embeddable":true,"href":"https:\/\/www.skalnik.pl\/blog\/wp-json\/wp\/v2\/media\/22723"}],"wp:attachment":[{"href":"https:\/\/www.skalnik.pl\/blog\/wp-json\/wp\/v2\/media?parent=22698"}],"wp:term":[{"taxonomy":"category","embeddable":true,"href":"https:\/\/www.skalnik.pl\/blog\/wp-json\/wp\/v2\/categories?post=22698"},{"taxonomy":"post_tag","embeddable":true,"href":"https:\/\/www.skalnik.pl\/blog\/wp-json\/wp\/v2\/tags?post=22698"},{"taxonomy":"magento_category","embeddable":true,"href":"https:\/\/www.skalnik.pl\/blog\/wp-json\/wp\/v2\/magento_category?post=22698"},{"taxonomy":"magento_product","embeddable":true,"href":"https:\/\/www.skalnik.pl\/blog\/wp-json\/wp\/v2\/magento_product?post=22698"}],"curies":[{"name":"wp","href":"https:\/\/api.w.org\/{rel}","templated":true}]}}