{"id":232,"date":"2017-12-26T14:11:36","date_gmt":"2017-12-26T13:11:36","guid":{"rendered":"https:\/\/skalnik.pl\/blog\/?p=232"},"modified":"2024-04-26T12:54:48","modified_gmt":"2024-04-26T10:54:48","slug":"slawek-nosal","status":"publish","type":"post","link":"https:\/\/www.skalnik.pl\/blog\/slawek-nosal\/","title":{"rendered":"S\u0142awek Nosal"},"content":{"rendered":"<p>Zim\u0105 do plecaka przypina skiturowe narty, latem wspinaczkow\u0105 lin\u0119, od zawsze wydeptuje turystyczne szlaki. Wychowa\u0142 si\u0119 w Sudetach, studiowa\u0142 na wroc\u0142awskiej polonistyce. Nie dzieli g\u00f3r na wysokie i niskie, bo nauczy\u0142 si\u0119, \u017ce w ka\u017cdych mo\u017cna prze\u017cy\u0107 ciekaw\u0105 przygod\u0119 i znale\u017a\u0107 zachwyt. W ska\u0142y wyrusza nie tyle po cyfr\u0119, ile po przyjemne zm\u0119czenie, wspomnienia i dobr\u0105 kaw\u0119. Bywa\u0142 tu i tam, najwi\u0119cej w Sudetach \u2013 w g\u00f3rach, w kt\u00f3rych jest r\u00f3wnie\u017c przewodnikiem g\u00f3rskim sudeckim.<\/p>\n<p>Wi\u0119cej znajdziesz na <a href=\"https:\/\/przewodnikwsudety.pl\/\" target=\"_blank\" rel=\"noopener noreferrer\">przewodnikwsudety.pl<\/a> Mo\u017cesz odwiedzi\u0107 go r\u00f3wnie\u017c na <a href=\"https:\/\/www.instagram.com\/slawek_nosal\/\">Instagramie<\/a>, lub zobaczy\u0107 ciekawostki o Sudetach na przewodnickim <a href=\"http:\/\/bit.ly\/przewodniksudecki\" target=\"_blank\" rel=\"noopener noreferrer\">Facebooku<\/a>.<\/p>\n<div class=\"page_gallery\">\n\n\t\t<style type=\"text\/css\">\n\t\t\t#gallery-1 {\n\t\t\t\tmargin: auto;\n\t\t\t}\n\t\t\t#gallery-1 .gallery-item {\n\t\t\t\tfloat: left;\n\t\t\t\tmargin-top: 10px;\n\t\t\t\ttext-align: center;\n\t\t\t\twidth: 33%;\n\t\t\t}\n\t\t\t#gallery-1 img {\n\t\t\t\tborder: 2px solid #cfcfcf;\n\t\t\t}\n\t\t\t#gallery-1 .gallery-caption {\n\t\t\t\tmargin-left: 0;\n\t\t\t}\n\t\t\t\/* see gallery_shortcode() in wp-includes\/media.php *\/\n\t\t<\/style>\n\t\t<div id='gallery-1' class='gallery galleryid-232 gallery-columns-3 gallery-size-large'><dl class='gallery-item'>\n\t\t\t<dt class='gallery-icon landscape'>\n\t\t\t\t<img loading=\"lazy\" decoding=\"async\" width=\"1024\" height=\"683\" src=\"https:\/\/www.skalnik.pl\/blog\/wp-content\/uploads\/2017\/10\/wspin-1024x683.jpg\" class=\"attachment-large size-large\" alt=\"\" aria-describedby=\"gallery-1-3291\" srcset=\"https:\/\/www.skalnik.pl\/blog\/wp-content\/uploads\/2017\/10\/wspin-1024x683.jpg 1024w, https:\/\/www.skalnik.pl\/blog\/wp-content\/uploads\/2017\/10\/wspin-300x200.jpg 300w, https:\/\/www.skalnik.pl\/blog\/wp-content\/uploads\/2017\/10\/wspin-768x512.jpg 768w, https:\/\/www.skalnik.pl\/blog\/wp-content\/uploads\/2017\/10\/wspin.jpg 1739w\" sizes=\"auto, (max-width: 1024px) 100vw, 1024px\" \/>\n\t\t\t<\/dt>\n\t\t\t\t<dd class='wp-caption-text gallery-caption' id='gallery-1-3291'>\n\t\t\t\tKarkonoski granit\n\t\t\t\t<\/dd><\/dl><dl class='gallery-item'>\n\t\t\t<dt class='gallery-icon landscape'>\n\t\t\t\t<img loading=\"lazy\" decoding=\"async\" width=\"1024\" height=\"601\" src=\"https:\/\/www.skalnik.pl\/blog\/wp-content\/uploads\/2017\/12\/skitour-karkonosze-1024x601.jpg\" class=\"attachment-large size-large\" alt=\"\" aria-describedby=\"gallery-1-5386\" srcset=\"https:\/\/www.skalnik.pl\/blog\/wp-content\/uploads\/2017\/12\/skitour-karkonosze-1024x601.jpg 1024w, https:\/\/www.skalnik.pl\/blog\/wp-content\/uploads\/2017\/12\/skitour-karkonosze-300x176.jpg 300w, https:\/\/www.skalnik.pl\/blog\/wp-content\/uploads\/2017\/12\/skitour-karkonosze-768x451.jpg 768w\" sizes=\"auto, (max-width: 1024px) 100vw, 1024px\" \/>\n\t\t\t<\/dt>\n\t\t\t\t<dd class='wp-caption-text gallery-caption' id='gallery-1-5386'>\n\t\t\t\tKarkonoska tura\n\t\t\t\t<\/dd><\/dl><dl class='gallery-item'>\n\t\t\t<dt class='gallery-icon landscape'>\n\t\t\t\t<img loading=\"lazy\" decoding=\"async\" width=\"1024\" height=\"709\" src=\"https:\/\/www.skalnik.pl\/blog\/wp-content\/uploads\/2017\/10\/via-1024x709.jpg\" class=\"attachment-large size-large\" alt=\"\" aria-describedby=\"gallery-1-3292\" srcset=\"https:\/\/www.skalnik.pl\/blog\/wp-content\/uploads\/2017\/10\/via-1024x709.jpg 1024w, https:\/\/www.skalnik.pl\/blog\/wp-content\/uploads\/2017\/10\/via-300x208.jpg 300w, https:\/\/www.skalnik.pl\/blog\/wp-content\/uploads\/2017\/10\/via-768x532.jpg 768w, https:\/\/www.skalnik.pl\/blog\/wp-content\/uploads\/2017\/10\/via.jpg 1476w\" sizes=\"auto, (max-width: 1024px) 100vw, 1024px\" \/>\n\t\t\t<\/dt>\n\t\t\t\t<dd class='wp-caption-text gallery-caption' id='gallery-1-3292'>\n\t\t\t\tSass Rigais &#8211; ferraty (Dolomity)\n\t\t\t\t<\/dd><\/dl><br style=\"clear: both\" \/><dl class='gallery-item'>\n\t\t\t<dt class='gallery-icon landscape'>\n\t\t\t\t<img loading=\"lazy\" decoding=\"async\" width=\"1024\" height=\"682\" src=\"https:\/\/www.skalnik.pl\/blog\/wp-content\/uploads\/2017\/10\/chaladi-1024x682.jpg\" class=\"attachment-large size-large\" alt=\"\" aria-describedby=\"gallery-1-3293\" srcset=\"https:\/\/www.skalnik.pl\/blog\/wp-content\/uploads\/2017\/10\/chaladi-1024x682.jpg 1024w, https:\/\/www.skalnik.pl\/blog\/wp-content\/uploads\/2017\/10\/chaladi-300x200.jpg 300w, https:\/\/www.skalnik.pl\/blog\/wp-content\/uploads\/2017\/10\/chaladi-768x512.jpg 768w, https:\/\/www.skalnik.pl\/blog\/wp-content\/uploads\/2017\/10\/chaladi.jpg 1529w\" sizes=\"auto, (max-width: 1024px) 100vw, 1024px\" \/>\n\t\t\t<\/dt>\n\t\t\t\t<dd class='wp-caption-text gallery-caption' id='gallery-1-3293'>\n\t\t\t\tLodowiec Chaladi (Kaukaz)\n\t\t\t\t<\/dd><\/dl><dl class='gallery-item'>\n\t\t\t<dt class='gallery-icon landscape'>\n\t\t\t\t<img loading=\"lazy\" decoding=\"async\" width=\"1024\" height=\"685\" src=\"https:\/\/www.skalnik.pl\/blog\/wp-content\/uploads\/2018\/07\/dolom-1024x685.jpg\" class=\"attachment-large size-large\" alt=\"\" aria-describedby=\"gallery-1-3529\" srcset=\"https:\/\/www.skalnik.pl\/blog\/wp-content\/uploads\/2018\/07\/dolom-1024x685.jpg 1024w, https:\/\/www.skalnik.pl\/blog\/wp-content\/uploads\/2018\/07\/dolom-300x201.jpg 300w, https:\/\/www.skalnik.pl\/blog\/wp-content\/uploads\/2018\/07\/dolom-768x514.jpg 768w, https:\/\/www.skalnik.pl\/blog\/wp-content\/uploads\/2018\/07\/dolom.jpg 1487w\" sizes=\"auto, (max-width: 1024px) 100vw, 1024px\" \/>\n\t\t\t<\/dt>\n\t\t\t\t<dd class='wp-caption-text gallery-caption' id='gallery-1-3529'>\n\t\t\t\tPod Gran Vernel i Punta Penia (Dolomity) \n\t\t\t\t<\/dd><\/dl><dl class='gallery-item'>\n\t\t\t<dt class='gallery-icon landscape'>\n\t\t\t\t<img loading=\"lazy\" decoding=\"async\" width=\"988\" height=\"640\" src=\"https:\/\/www.skalnik.pl\/blog\/wp-content\/uploads\/2017\/12\/tarey-wspinaczka-slawek-nosal-Niestandardowy.jpg\" class=\"attachment-large size-large\" alt=\"\" aria-describedby=\"gallery-1-17004\" srcset=\"https:\/\/www.skalnik.pl\/blog\/wp-content\/uploads\/2017\/12\/tarey-wspinaczka-slawek-nosal-Niestandardowy.jpg 988w, https:\/\/www.skalnik.pl\/blog\/wp-content\/uploads\/2017\/12\/tarey-wspinaczka-slawek-nosal-Niestandardowy-300x194.jpg 300w, https:\/\/www.skalnik.pl\/blog\/wp-content\/uploads\/2017\/12\/tarey-wspinaczka-slawek-nosal-Niestandardowy-768x497.jpg 768w\" sizes=\"auto, (max-width: 988px) 100vw, 988px\" \/>\n\t\t\t<\/dt>\n\t\t\t\t<dd class='wp-caption-text gallery-caption' id='gallery-1-17004'>\n\t\t\t\tNa tatrza\u0144skiej grani\n\t\t\t\t<\/dd><\/dl><br style=\"clear: both\" \/><dl class='gallery-item'>\n\t\t\t<dt class='gallery-icon landscape'>\n\t\t\t\t<img loading=\"lazy\" decoding=\"async\" width=\"968\" height=\"640\" src=\"https:\/\/www.skalnik.pl\/blog\/wp-content\/uploads\/2017\/12\/skitouring-slawek-nosal-Niestandardowy.jpg\" class=\"attachment-large size-large\" alt=\"\" aria-describedby=\"gallery-1-17002\" srcset=\"https:\/\/www.skalnik.pl\/blog\/wp-content\/uploads\/2017\/12\/skitouring-slawek-nosal-Niestandardowy.jpg 968w, https:\/\/www.skalnik.pl\/blog\/wp-content\/uploads\/2017\/12\/skitouring-slawek-nosal-Niestandardowy-300x198.jpg 300w, https:\/\/www.skalnik.pl\/blog\/wp-content\/uploads\/2017\/12\/skitouring-slawek-nosal-Niestandardowy-768x508.jpg 768w\" sizes=\"auto, (max-width: 968px) 100vw, 968px\" \/>\n\t\t\t<\/dt>\n\t\t\t\t<dd class='wp-caption-text gallery-caption' id='gallery-1-17002'>\n\t\t\t\tSkiturowo w Karkonoszch\n\t\t\t\t<\/dd><\/dl><dl class='gallery-item'>\n\t\t\t<dt class='gallery-icon landscape'>\n\t\t\t\t<img loading=\"lazy\" decoding=\"async\" width=\"960\" height=\"640\" src=\"https:\/\/www.skalnik.pl\/blog\/wp-content\/uploads\/2017\/12\/wspinanie-tatry-slawek-nosal-Niestandardowy.jpg\" class=\"attachment-large size-large\" alt=\"\" aria-describedby=\"gallery-1-17005\" srcset=\"https:\/\/www.skalnik.pl\/blog\/wp-content\/uploads\/2017\/12\/wspinanie-tatry-slawek-nosal-Niestandardowy.jpg 960w, https:\/\/www.skalnik.pl\/blog\/wp-content\/uploads\/2017\/12\/wspinanie-tatry-slawek-nosal-Niestandardowy-300x200.jpg 300w, https:\/\/www.skalnik.pl\/blog\/wp-content\/uploads\/2017\/12\/wspinanie-tatry-slawek-nosal-Niestandardowy-768x512.jpg 768w\" sizes=\"auto, (max-width: 960px) 100vw, 960px\" \/>\n\t\t\t<\/dt>\n\t\t\t\t<dd class='wp-caption-text gallery-caption' id='gallery-1-17005'>\n\t\t\t\tW Tatrach z lin\u0105\n\t\t\t\t<\/dd><\/dl><dl class='gallery-item'>\n\t\t\t<dt class='gallery-icon landscape'>\n\t\t\t\t<img loading=\"lazy\" decoding=\"async\" width=\"983\" height=\"640\" src=\"https:\/\/www.skalnik.pl\/blog\/wp-content\/uploads\/2017\/12\/skitury-sudety-slawek-nosal-Niestandardowy.jpg\" class=\"attachment-large size-large\" alt=\"\" aria-describedby=\"gallery-1-17003\" srcset=\"https:\/\/www.skalnik.pl\/blog\/wp-content\/uploads\/2017\/12\/skitury-sudety-slawek-nosal-Niestandardowy.jpg 983w, https:\/\/www.skalnik.pl\/blog\/wp-content\/uploads\/2017\/12\/skitury-sudety-slawek-nosal-Niestandardowy-300x195.jpg 300w, https:\/\/www.skalnik.pl\/blog\/wp-content\/uploads\/2017\/12\/skitury-sudety-slawek-nosal-Niestandardowy-768x500.jpg 768w\" sizes=\"auto, (max-width: 983px) 100vw, 983px\" \/>\n\t\t\t<\/dt>\n\t\t\t\t<dd class='wp-caption-text gallery-caption' id='gallery-1-17003'>\n\t\t\t\tSkalnik 945 m n.p.m.\n\t\t\t\t<\/dd><\/dl><br style=\"clear: both\" \/><dl class='gallery-item'>\n\t\t\t<dt class='gallery-icon landscape'>\n\t\t\t\t<img loading=\"lazy\" decoding=\"async\" width=\"960\" height=\"640\" src=\"https:\/\/www.skalnik.pl\/blog\/wp-content\/uploads\/2017\/12\/przewodnik-sudecki-slawek-nosal-Niestandardowy.jpg\" class=\"attachment-large size-large\" alt=\"\" aria-describedby=\"gallery-1-17001\" srcset=\"https:\/\/www.skalnik.pl\/blog\/wp-content\/uploads\/2017\/12\/przewodnik-sudecki-slawek-nosal-Niestandardowy.jpg 960w, https:\/\/www.skalnik.pl\/blog\/wp-content\/uploads\/2017\/12\/przewodnik-sudecki-slawek-nosal-Niestandardowy-300x200.jpg 300w, https:\/\/www.skalnik.pl\/blog\/wp-content\/uploads\/2017\/12\/przewodnik-sudecki-slawek-nosal-Niestandardowy-768x512.jpg 768w\" sizes=\"auto, (max-width: 960px) 100vw, 960px\" \/>\n\t\t\t<\/dt>\n\t\t\t\t<dd class='wp-caption-text gallery-caption' id='gallery-1-17001'>\n\t\t\t\tSudety, Sudety, Sudety!\n\t\t\t\t<\/dd><\/dl>\n\t\t\t<br style='clear: both' \/>\n\t\t<\/div>\n\n<\/div>\n\n\n<figure class=\"wp-block-image size-large is-resized\"><img loading=\"lazy\" decoding=\"async\" src=\"https:\/\/skalnik.pl\/blog\/wp-content\/uploads\/2021\/08\/s\u0142awomir-nosal-przewodnik-sudecki-partnerzy.jpg\" alt=\"\" class=\"wp-image-17826\" width=\"512\" height=\"112\"\/><\/figure>\n","protected":false},"excerpt":{"rendered":"<p>przewodnik sudecki, wspinacz, ski-turysta, copywriter. Pisze, my\u015bli o g\u00f3rach i sp\u0119dza w nich du\u017co czasu, bo tak\u0105 ma pasj\u0119 i tak\u0105 \u2013 na szcz\u0119\u015bcie \u2013 ma prac\u0119.   <\/p>\n","protected":false},"author":7,"featured_media":3528,"comment_status":"open","ping_status":"open","sticky":false,"template":"","format":"standard","meta":{"_acf_changed":false,"footnotes":""},"categories":[18],"tags":[],"magento_category":[],"magento_product":[],"class_list":["post-232","post","type-post","status-publish","format-standard","has-post-thumbnail","hentry","category-autorzy"],"acf":[],"aioseo_notices":[],"aioseo_head":"\n\t\t<!-- All in One SEO 4.9.10 - aioseo.com -->\n\t<meta name=\"description\" content=\"przewodnik sudecki, wspinacz, ski-turysta, copywriter. Pisze, my\u015bli o g\u00f3rach i sp\u0119dza w nich du\u017co czasu, bo tak\u0105 ma pasj\u0119 i tak\u0105 \u2013 na szcz\u0119\u015bcie \u2013 ma prac\u0119.\" \/>\n\t<meta name=\"robots\" content=\"max-image-preview:large\" \/>\n\t<meta name=\"author\" content=\"Redakcja skalnik.pl\"\/>\n\t<link rel=\"canonical\" href=\"https:\/\/www.skalnik.pl\/blog\/slawek-nosal\/\" \/>\n\t<meta name=\"generator\" content=\"All in One SEO (AIOSEO) 4.9.10\" \/>\n\t\t<meta property=\"og:locale\" content=\"pl_PL\" \/>\n\t\t<meta property=\"og:site_name\" content=\"blog Skalnik - Blog, porady, artyku\u0142y - blog Skalnik\" \/>\n\t\t<meta property=\"og:type\" content=\"article\" \/>\n\t\t<meta property=\"og:title\" content=\"S\u0142awek Nosal - blog Skalnik\" \/>\n\t\t<meta property=\"og:description\" content=\"przewodnik sudecki, wspinacz, ski-turysta, copywriter. Pisze, my\u015bli o g\u00f3rach i sp\u0119dza w nich du\u017co czasu, bo tak\u0105 ma pasj\u0119 i tak\u0105 \u2013 na szcz\u0119\u015bcie \u2013 ma prac\u0119.\" \/>\n\t\t<meta property=\"og:url\" content=\"https:\/\/www.skalnik.pl\/blog\/slawek-nosal\/\" \/>\n\t\t<meta property=\"og:image\" content=\"https:\/\/skalnik.pl\/blog\/wp-content\/uploads\/2021\/08\/s\u0142awomir-nosal-przewodnik-sudecki-partnerzy.jpg\" \/>\n\t\t<meta property=\"og:image:secure_url\" content=\"https:\/\/skalnik.pl\/blog\/wp-content\/uploads\/2021\/08\/s\u0142awomir-nosal-przewodnik-sudecki-partnerzy.jpg\" \/>\n\t\t<meta property=\"article:tag\" content=\"autorzy\" \/>\n\t\t<meta property=\"article:published_time\" content=\"2017-12-26T13:11:36+00:00\" \/>\n\t\t<meta property=\"article:modified_time\" content=\"2024-04-26T10:54:48+00:00\" \/>\n\t\t<meta name=\"twitter:card\" content=\"summary_large_image\" \/>\n\t\t<meta name=\"twitter:title\" content=\"S\u0142awek Nosal - blog Skalnik\" \/>\n\t\t<meta name=\"twitter:description\" content=\"przewodnik sudecki, wspinacz, ski-turysta, copywriter. Pisze, my\u015bli o g\u00f3rach i sp\u0119dza w nich du\u017co czasu, bo tak\u0105 ma pasj\u0119 i tak\u0105 \u2013 na szcz\u0119\u015bcie \u2013 ma prac\u0119.\" \/>\n\t\t<meta name=\"twitter:image\" content=\"https:\/\/skalnik.pl\/blog\/wp-content\/uploads\/2021\/08\/s\u0142awomir-nosal-przewodnik-sudecki-partnerzy.jpg\" \/>\n\t\t<script type=\"application\/ld+json\" class=\"aioseo-schema\">\n\t\t\t{\"@context\":\"https:\\\/\\\/schema.org\",\"@graph\":[{\"@type\":\"BlogPosting\",\"@id\":\"https:\\\/\\\/www.skalnik.pl\\\/blog\\\/slawek-nosal\\\/#blogposting\",\"name\":\"S\\u0142awek Nosal - blog Skalnik\",\"headline\":\"S\\u0142awek Nosal\",\"author\":{\"@id\":\"https:\\\/\\\/www.skalnik.pl\\\/blog\\\/author\\\/redakcja-skalnik-pl\\\/#author\"},\"publisher\":{\"@id\":\"https:\\\/\\\/www.skalnik.pl\\\/blog\\\/#organization\"},\"image\":{\"@type\":\"ImageObject\",\"url\":\"https:\\\/\\\/www.skalnik.pl\\\/blog\\\/wp-content\\\/uploads\\\/2018\\\/07\\\/p.jpg\",\"width\":2018,\"height\":2244},\"datePublished\":\"2017-12-26T14:11:36+02:00\",\"dateModified\":\"2024-04-26T12:54:48+02:00\",\"inLanguage\":\"pl-PL\",\"mainEntityOfPage\":{\"@id\":\"https:\\\/\\\/www.skalnik.pl\\\/blog\\\/slawek-nosal\\\/#webpage\"},\"isPartOf\":{\"@id\":\"https:\\\/\\\/www.skalnik.pl\\\/blog\\\/slawek-nosal\\\/#webpage\"},\"articleSection\":\"Autorzy\"},{\"@type\":\"BreadcrumbList\",\"@id\":\"https:\\\/\\\/www.skalnik.pl\\\/blog\\\/slawek-nosal\\\/#breadcrumblist\",\"itemListElement\":[{\"@type\":\"ListItem\",\"@id\":\"https:\\\/\\\/www.skalnik.pl\\\/blog#listItem\",\"position\":1,\"name\":\"Home\",\"item\":\"https:\\\/\\\/www.skalnik.pl\\\/blog\",\"nextItem\":{\"@type\":\"ListItem\",\"@id\":\"https:\\\/\\\/www.skalnik.pl\\\/blog\\\/.\\\/autorzy\\\/#listItem\",\"name\":\"Autorzy\"}},{\"@type\":\"ListItem\",\"@id\":\"https:\\\/\\\/www.skalnik.pl\\\/blog\\\/.\\\/autorzy\\\/#listItem\",\"position\":2,\"name\":\"Autorzy\",\"item\":\"https:\\\/\\\/www.skalnik.pl\\\/blog\\\/.\\\/autorzy\\\/\",\"nextItem\":{\"@type\":\"ListItem\",\"@id\":\"https:\\\/\\\/www.skalnik.pl\\\/blog\\\/slawek-nosal\\\/#listItem\",\"name\":\"S\\u0142awek Nosal\"},\"previousItem\":{\"@type\":\"ListItem\",\"@id\":\"https:\\\/\\\/www.skalnik.pl\\\/blog#listItem\",\"name\":\"Home\"}},{\"@type\":\"ListItem\",\"@id\":\"https:\\\/\\\/www.skalnik.pl\\\/blog\\\/slawek-nosal\\\/#listItem\",\"position\":3,\"name\":\"S\\u0142awek Nosal\",\"previousItem\":{\"@type\":\"ListItem\",\"@id\":\"https:\\\/\\\/www.skalnik.pl\\\/blog\\\/.\\\/autorzy\\\/#listItem\",\"name\":\"Autorzy\"}}]},{\"@type\":\"Organization\",\"@id\":\"https:\\\/\\\/www.skalnik.pl\\\/blog\\\/#organization\",\"name\":\"blog Skalnik\",\"description\":\"Blog, porady, artyku\\u0142y - blog Skalnik\",\"url\":\"https:\\\/\\\/www.skalnik.pl\\\/blog\\\/\"},{\"@type\":\"Person\",\"@id\":\"https:\\\/\\\/www.skalnik.pl\\\/blog\\\/author\\\/redakcja-skalnik-pl\\\/#author\",\"url\":\"https:\\\/\\\/www.skalnik.pl\\\/blog\\\/author\\\/redakcja-skalnik-pl\\\/\",\"name\":\"Redakcja skalnik.pl\",\"image\":{\"@type\":\"ImageObject\",\"@id\":\"https:\\\/\\\/www.skalnik.pl\\\/blog\\\/slawek-nosal\\\/#authorImage\",\"url\":\"https:\\\/\\\/secure.gravatar.com\\\/avatar\\\/7eab29b048aaf0899cd9a145e9adb814e2130ced31e65b454b902500bea65f9e?s=96&d=mm&r=g\",\"width\":96,\"height\":96,\"caption\":\"Redakcja skalnik.pl\"}},{\"@type\":\"WebPage\",\"@id\":\"https:\\\/\\\/www.skalnik.pl\\\/blog\\\/slawek-nosal\\\/#webpage\",\"url\":\"https:\\\/\\\/www.skalnik.pl\\\/blog\\\/slawek-nosal\\\/\",\"name\":\"S\\u0142awek Nosal - blog Skalnik\",\"description\":\"przewodnik sudecki, wspinacz, ski-turysta, copywriter. Pisze, my\\u015bli o g\\u00f3rach i sp\\u0119dza w nich du\\u017co czasu, bo tak\\u0105 ma pasj\\u0119 i tak\\u0105 \\u2013 na szcz\\u0119\\u015bcie \\u2013 ma prac\\u0119.\",\"inLanguage\":\"pl-PL\",\"isPartOf\":{\"@id\":\"https:\\\/\\\/www.skalnik.pl\\\/blog\\\/#website\"},\"breadcrumb\":{\"@id\":\"https:\\\/\\\/www.skalnik.pl\\\/blog\\\/slawek-nosal\\\/#breadcrumblist\"},\"author\":{\"@id\":\"https:\\\/\\\/www.skalnik.pl\\\/blog\\\/author\\\/redakcja-skalnik-pl\\\/#author\"},\"creator\":{\"@id\":\"https:\\\/\\\/www.skalnik.pl\\\/blog\\\/author\\\/redakcja-skalnik-pl\\\/#author\"},\"image\":{\"@type\":\"ImageObject\",\"url\":\"https:\\\/\\\/www.skalnik.pl\\\/blog\\\/wp-content\\\/uploads\\\/2018\\\/07\\\/p.jpg\",\"@id\":\"https:\\\/\\\/www.skalnik.pl\\\/blog\\\/slawek-nosal\\\/#mainImage\",\"width\":2018,\"height\":2244},\"primaryImageOfPage\":{\"@id\":\"https:\\\/\\\/www.skalnik.pl\\\/blog\\\/slawek-nosal\\\/#mainImage\"},\"datePublished\":\"2017-12-26T14:11:36+02:00\",\"dateModified\":\"2024-04-26T12:54:48+02:00\"},{\"@type\":\"WebSite\",\"@id\":\"https:\\\/\\\/www.skalnik.pl\\\/blog\\\/#website\",\"url\":\"https:\\\/\\\/www.skalnik.pl\\\/blog\\\/\",\"name\":\"blog Skalnik\",\"description\":\"Blog, porady, artyku\\u0142y - blog Skalnik\",\"inLanguage\":\"pl-PL\",\"publisher\":{\"@id\":\"https:\\\/\\\/www.skalnik.pl\\\/blog\\\/#organization\"}}]}\n\t\t<\/script>\n\t\t<!-- All in One SEO -->\n\n","aioseo_head_json":{"title":"S\u0142awek Nosal - blog Skalnik","description":"przewodnik sudecki, wspinacz, ski-turysta, copywriter. Pisze, my\u015bli o g\u00f3rach i sp\u0119dza w nich du\u017co czasu, bo tak\u0105 ma pasj\u0119 i tak\u0105 \u2013 na szcz\u0119\u015bcie \u2013 ma prac\u0119.","canonical_url":"https:\/\/www.skalnik.pl\/blog\/slawek-nosal\/","robots":"max-image-preview:large","keywords":"","webmasterTools":{"miscellaneous":""},"schema":{"@context":"https:\/\/schema.org","@graph":[{"@type":"BlogPosting","@id":"https:\/\/www.skalnik.pl\/blog\/slawek-nosal\/#blogposting","name":"S\u0142awek Nosal - blog Skalnik","headline":"S\u0142awek Nosal","author":{"@id":"https:\/\/www.skalnik.pl\/blog\/author\/redakcja-skalnik-pl\/#author"},"publisher":{"@id":"https:\/\/www.skalnik.pl\/blog\/#organization"},"image":{"@type":"ImageObject","url":"https:\/\/www.skalnik.pl\/blog\/wp-content\/uploads\/2018\/07\/p.jpg","width":2018,"height":2244},"datePublished":"2017-12-26T14:11:36+02:00","dateModified":"2024-04-26T12:54:48+02:00","inLanguage":"pl-PL","mainEntityOfPage":{"@id":"https:\/\/www.skalnik.pl\/blog\/slawek-nosal\/#webpage"},"isPartOf":{"@id":"https:\/\/www.skalnik.pl\/blog\/slawek-nosal\/#webpage"},"articleSection":"Autorzy"},{"@type":"BreadcrumbList","@id":"https:\/\/www.skalnik.pl\/blog\/slawek-nosal\/#breadcrumblist","itemListElement":[{"@type":"ListItem","@id":"https:\/\/www.skalnik.pl\/blog#listItem","position":1,"name":"Home","item":"https:\/\/www.skalnik.pl\/blog","nextItem":{"@type":"ListItem","@id":"https:\/\/www.skalnik.pl\/blog\/.\/autorzy\/#listItem","name":"Autorzy"}},{"@type":"ListItem","@id":"https:\/\/www.skalnik.pl\/blog\/.\/autorzy\/#listItem","position":2,"name":"Autorzy","item":"https:\/\/www.skalnik.pl\/blog\/.\/autorzy\/","nextItem":{"@type":"ListItem","@id":"https:\/\/www.skalnik.pl\/blog\/slawek-nosal\/#listItem","name":"S\u0142awek Nosal"},"previousItem":{"@type":"ListItem","@id":"https:\/\/www.skalnik.pl\/blog#listItem","name":"Home"}},{"@type":"ListItem","@id":"https:\/\/www.skalnik.pl\/blog\/slawek-nosal\/#listItem","position":3,"name":"S\u0142awek Nosal","previousItem":{"@type":"ListItem","@id":"https:\/\/www.skalnik.pl\/blog\/.\/autorzy\/#listItem","name":"Autorzy"}}]},{"@type":"Organization","@id":"https:\/\/www.skalnik.pl\/blog\/#organization","name":"blog Skalnik","description":"Blog, porady, artyku\u0142y - blog Skalnik","url":"https:\/\/www.skalnik.pl\/blog\/"},{"@type":"Person","@id":"https:\/\/www.skalnik.pl\/blog\/author\/redakcja-skalnik-pl\/#author","url":"https:\/\/www.skalnik.pl\/blog\/author\/redakcja-skalnik-pl\/","name":"Redakcja skalnik.pl","image":{"@type":"ImageObject","@id":"https:\/\/www.skalnik.pl\/blog\/slawek-nosal\/#authorImage","url":"https:\/\/secure.gravatar.com\/avatar\/7eab29b048aaf0899cd9a145e9adb814e2130ced31e65b454b902500bea65f9e?s=96&d=mm&r=g","width":96,"height":96,"caption":"Redakcja skalnik.pl"}},{"@type":"WebPage","@id":"https:\/\/www.skalnik.pl\/blog\/slawek-nosal\/#webpage","url":"https:\/\/www.skalnik.pl\/blog\/slawek-nosal\/","name":"S\u0142awek Nosal - blog Skalnik","description":"przewodnik sudecki, wspinacz, ski-turysta, copywriter. Pisze, my\u015bli o g\u00f3rach i sp\u0119dza w nich du\u017co czasu, bo tak\u0105 ma pasj\u0119 i tak\u0105 \u2013 na szcz\u0119\u015bcie \u2013 ma prac\u0119.","inLanguage":"pl-PL","isPartOf":{"@id":"https:\/\/www.skalnik.pl\/blog\/#website"},"breadcrumb":{"@id":"https:\/\/www.skalnik.pl\/blog\/slawek-nosal\/#breadcrumblist"},"author":{"@id":"https:\/\/www.skalnik.pl\/blog\/author\/redakcja-skalnik-pl\/#author"},"creator":{"@id":"https:\/\/www.skalnik.pl\/blog\/author\/redakcja-skalnik-pl\/#author"},"image":{"@type":"ImageObject","url":"https:\/\/www.skalnik.pl\/blog\/wp-content\/uploads\/2018\/07\/p.jpg","@id":"https:\/\/www.skalnik.pl\/blog\/slawek-nosal\/#mainImage","width":2018,"height":2244},"primaryImageOfPage":{"@id":"https:\/\/www.skalnik.pl\/blog\/slawek-nosal\/#mainImage"},"datePublished":"2017-12-26T14:11:36+02:00","dateModified":"2024-04-26T12:54:48+02:00"},{"@type":"WebSite","@id":"https:\/\/www.skalnik.pl\/blog\/#website","url":"https:\/\/www.skalnik.pl\/blog\/","name":"blog Skalnik","description":"Blog, porady, artyku\u0142y - blog Skalnik","inLanguage":"pl-PL","publisher":{"@id":"https:\/\/www.skalnik.pl\/blog\/#organization"}}]},"og:locale":"pl_PL","og:site_name":"blog Skalnik - Blog, porady, artyku\u0142y - blog Skalnik","og:type":"article","og:title":"S\u0142awek Nosal - blog Skalnik","og:description":"przewodnik sudecki, wspinacz, ski-turysta, copywriter. Pisze, my\u015bli o g\u00f3rach i sp\u0119dza w nich du\u017co czasu, bo tak\u0105 ma pasj\u0119 i tak\u0105 \u2013 na szcz\u0119\u015bcie \u2013 ma prac\u0119.","og:url":"https:\/\/www.skalnik.pl\/blog\/slawek-nosal\/","og:image":"https:\/\/skalnik.pl\/blog\/wp-content\/uploads\/2021\/08\/s\u0142awomir-nosal-przewodnik-sudecki-partnerzy.jpg","og:image:secure_url":"https:\/\/skalnik.pl\/blog\/wp-content\/uploads\/2021\/08\/s\u0142awomir-nosal-przewodnik-sudecki-partnerzy.jpg","article:tag":["autorzy"],"article:published_time":"2017-12-26T13:11:36+00:00","article:modified_time":"2024-04-26T10:54:48+00:00","twitter:card":"summary_large_image","twitter:title":"S\u0142awek Nosal - blog Skalnik","twitter:description":"przewodnik sudecki, wspinacz, ski-turysta, copywriter. Pisze, my\u015bli o g\u00f3rach i sp\u0119dza w nich du\u017co czasu, bo tak\u0105 ma pasj\u0119 i tak\u0105 \u2013 na szcz\u0119\u015bcie \u2013 ma prac\u0119.","twitter:image":"https:\/\/skalnik.pl\/blog\/wp-content\/uploads\/2021\/08\/s\u0142awomir-nosal-przewodnik-sudecki-partnerzy.jpg"},"aioseo_meta_data":{"post_id":"232","title":null,"description":null,"keywords":[{"label":"skalnik blog","value":"skalnik blog"},{"label":"blog turystyczny","value":"blog turystyczny"},{"label":"s\u0142awek nosal","value":"s\u0142awek nosal"},{"label":"przewodnik sudecki","value":"przewodnik sudecki"},{"label":"s\u0142awomir nosal","value":"s\u0142awomir nosal"}],"keyphrases":{"focus":{"keyphrase":"","score":0,"analysis":{"keyphraseInTitle":{"score":0,"maxScore":9,"error":1}}},"additional":[]},"primary_term":null,"canonical_url":null,"og_title":null,"og_description":null,"og_object_type":"default","og_image_type":"default","og_image_url":null,"og_image_width":null,"og_image_height":null,"og_image_custom_url":null,"og_image_custom_fields":null,"og_video":"","og_custom_url":null,"og_article_section":null,"og_article_tags":[],"twitter_use_og":false,"twitter_card":"default","twitter_image_type":"default","twitter_image_url":null,"twitter_image_custom_url":null,"twitter_image_custom_fields":null,"twitter_title":null,"twitter_description":null,"schema":{"blockGraphs":[],"customGraphs":[],"default":{"data":{"Article":[],"Course":[],"Dataset":[],"FAQPage":[],"Movie":[],"Person":[],"Product":[],"ProductReview":[],"Car":[],"Recipe":[],"Service":[],"SoftwareApplication":[],"WebPage":[]},"graphName":"","isEnabled":true},"graphs":[]},"schema_type":"default","schema_type_options":null,"pillar_content":false,"robots_default":true,"robots_noindex":false,"robots_noarchive":false,"robots_nosnippet":false,"robots_nofollow":false,"robots_noimageindex":false,"robots_noodp":false,"robots_notranslate":false,"robots_max_snippet":"-1","robots_max_videopreview":"-1","robots_max_imagepreview":"large","priority":null,"frequency":"default","local_seo":null,"breadcrumb_settings":null,"limit_modified_date":false,"ai":null,"created":"2022-08-26 09:49:58","updated":"2026-02-17 21:23:44","seo_analyzer_scan_date":null},"aioseo_breadcrumb":"<div class=\"aioseo-breadcrumbs\"><span class=\"aioseo-breadcrumb\">\n\t\t\t<a href=\"https:\/\/www.skalnik.pl\/blog\" title=\"Home\">Home<\/a>\n\t\t<\/span><span class=\"aioseo-breadcrumb-separator\">&raquo;<\/span><span class=\"aioseo-breadcrumb\">\n\t\t\t<a href=\"https:\/\/www.skalnik.pl\/blog\/.\/autorzy\/\" title=\"Autorzy\">Autorzy<\/a>\n\t\t<\/span><span class=\"aioseo-breadcrumb-separator\">&raquo;<\/span><span class=\"aioseo-breadcrumb\">\n\t\t\tS\u0142awek Nosal\n\t\t<\/span><\/div>","aioseo_breadcrumb_json":[{"label":"Home","link":"https:\/\/www.skalnik.pl\/blog"},{"label":"Autorzy","link":"https:\/\/www.skalnik.pl\/blog\/.\/autorzy\/"},{"label":"S\u0142awek Nosal","link":"https:\/\/www.skalnik.pl\/blog\/slawek-nosal\/"}],"_links":{"self":[{"href":"https:\/\/www.skalnik.pl\/blog\/wp-json\/wp\/v2\/posts\/232","targetHints":{"allow":["GET"]}}],"collection":[{"href":"https:\/\/www.skalnik.pl\/blog\/wp-json\/wp\/v2\/posts"}],"about":[{"href":"https:\/\/www.skalnik.pl\/blog\/wp-json\/wp\/v2\/types\/post"}],"author":[{"embeddable":true,"href":"https:\/\/www.skalnik.pl\/blog\/wp-json\/wp\/v2\/users\/7"}],"replies":[{"embeddable":true,"href":"https:\/\/www.skalnik.pl\/blog\/wp-json\/wp\/v2\/comments?post=232"}],"version-history":[{"count":36,"href":"https:\/\/www.skalnik.pl\/blog\/wp-json\/wp\/v2\/posts\/232\/revisions"}],"predecessor-version":[{"id":26239,"href":"https:\/\/www.skalnik.pl\/blog\/wp-json\/wp\/v2\/posts\/232\/revisions\/26239"}],"wp:featuredmedia":[{"embeddable":true,"href":"https:\/\/www.skalnik.pl\/blog\/wp-json\/wp\/v2\/media\/3528"}],"wp:attachment":[{"href":"https:\/\/www.skalnik.pl\/blog\/wp-json\/wp\/v2\/media?parent=232"}],"wp:term":[{"taxonomy":"category","embeddable":true,"href":"https:\/\/www.skalnik.pl\/blog\/wp-json\/wp\/v2\/categories?post=232"},{"taxonomy":"post_tag","embeddable":true,"href":"https:\/\/www.skalnik.pl\/blog\/wp-json\/wp\/v2\/tags?post=232"},{"taxonomy":"magento_category","embeddable":true,"href":"https:\/\/www.skalnik.pl\/blog\/wp-json\/wp\/v2\/magento_category?post=232"},{"taxonomy":"magento_product","embeddable":true,"href":"https:\/\/www.skalnik.pl\/blog\/wp-json\/wp\/v2\/magento_product?post=232"}],"curies":[{"name":"wp","href":"https:\/\/api.w.org\/{rel}","templated":true}]}}