{"id":23295,"date":"2023-06-22T13:38:21","date_gmt":"2023-06-22T11:38:21","guid":{"rendered":"https:\/\/www.skalnik.pl\/blog\/?p=23295"},"modified":"2023-06-28T11:28:17","modified_gmt":"2023-06-28T09:28:17","slug":"korona-gor-polski-mogielica","status":"publish","type":"post","link":"https:\/\/www.skalnik.pl\/blog\/korona-gor-polski-mogielica\/","title":{"rendered":"Korona G\u00f3r Polski: Mogielica"},"content":{"rendered":"\n<p><strong>Le\u017c\u0105ca w Beskidzie Wyspowym, Mogielica zachwyca pi\u0119kn\u0105 sylwetk\u0105, kt\u00f3r\u0105 ogl\u0105da\u0107 mo\u017cna z r\u00f3\u017cnych punkt\u00f3w w bli\u017cszej i dalszej okolicy. Wznosz\u0105cy si\u0119 na wysoko\u015b\u0107 1170 m n.p.m. szczyt zaliczany do Korony G\u00f3r Polski mo\u017cna zdoby\u0107 podczas kilkugodzinnej wycieczki. Du\u017ca liczba szlak\u00f3w w tym rejonie pozwala te\u017c w\u0142\u0105cza\u0107 Mogielic\u0119 do d\u0142u\u017cszych w\u0119dr\u00f3wek przez Beskid Wyspowy. Je\u015bli masz w planach wej\u015bcie na Mogielic\u0119, poka\u017c\u0119 Ci jak mo\u017cesz to zrobi\u0107.<\/strong><\/p>\n\n\n\n<div id=\"ez-toc-container\" class=\"ez-toc-v2_0_85 counter-hierarchy ez-toc-counter ez-toc-light-blue ez-toc-container-direction\">\n<div class=\"ez-toc-title-container\">\n<p class=\"ez-toc-title\" style=\"cursor:inherit\">SPIS TRE\u015aCI <\/p>\n<span class=\"ez-toc-title-toggle\"><a href=\"#\" class=\"ez-toc-pull-right ez-toc-btn ez-toc-btn-xs ez-toc-btn-default ez-toc-toggle\" aria-label=\"Prze\u0142\u0105cznik Spisu Tre\u015bci\"><span class=\"ez-toc-js-icon-con\"><span class=\"\"><span class=\"eztoc-hide\" style=\"display:none;\">Toggle<\/span><span class=\"ez-toc-icon-toggle-span\"><svg style=\"fill: #999;color:#999\" xmlns=\"http:\/\/www.w3.org\/2000\/svg\" class=\"list-377408\" width=\"20px\" height=\"20px\" viewBox=\"0 0 24 24\" fill=\"none\"><path d=\"M6 6H4v2h2V6zm14 0H8v2h12V6zM4 11h2v2H4v-2zm16 0H8v2h12v-2zM4 16h2v2H4v-2zm16 0H8v2h12v-2z\" fill=\"currentColor\"><\/path><\/svg><svg style=\"fill: #999;color:#999\" class=\"arrow-unsorted-368013\" xmlns=\"http:\/\/www.w3.org\/2000\/svg\" width=\"10px\" height=\"10px\" viewBox=\"0 0 24 24\" version=\"1.2\" baseProfile=\"tiny\"><path d=\"M18.2 9.3l-6.2-6.3-6.2 6.3c-.2.2-.3.4-.3.7s.1.5.3.7c.2.2.4.3.7.3h11c.3 0 .5-.1.7-.3.2-.2.3-.5.3-.7s-.1-.5-.3-.7zM5.8 14.7l6.2 6.3 6.2-6.3c.2-.2.3-.5.3-.7s-.1-.5-.3-.7c-.2-.2-.4-.3-.7-.3h-11c-.3 0-.5.1-.7.3-.2.2-.3.5-.3.7s.1.5.3.7z\"\/><\/svg><\/span><\/span><\/span><\/a><\/span><\/div>\n<nav><ul class='ez-toc-list ez-toc-list-level-1 ' ><li class='ez-toc-page-1 ez-toc-heading-level-2'><a class=\"ez-toc-link ez-toc-heading-1\" href=\"https:\/\/www.skalnik.pl\/blog\/korona-gor-polski-mogielica\/#Beskid_Wyspowy_%E2%80%93_wycieczki_nad_morzem_chmur\" >Beskid Wyspowy \u2013 wycieczki nad morzem chmur<\/a><\/li><li class='ez-toc-page-1 ez-toc-heading-level-2'><a class=\"ez-toc-link ez-toc-heading-2\" href=\"https:\/\/www.skalnik.pl\/blog\/korona-gor-polski-mogielica\/#Mogielica_%E2%80%93_parkingi_i_noclegi\" >Mogielica \u2013 parkingi i noclegi<\/a><\/li><li class='ez-toc-page-1 ez-toc-heading-level-2'><a class=\"ez-toc-link ez-toc-heading-3\" href=\"https:\/\/www.skalnik.pl\/blog\/korona-gor-polski-mogielica\/#Jak_przygotowac_sie_do_wycieczki\" >Jak przygotowa\u0107 si\u0119 do wycieczki<\/a><\/li><li class='ez-toc-page-1 ez-toc-heading-level-2'><a class=\"ez-toc-link ez-toc-heading-4\" href=\"https:\/\/www.skalnik.pl\/blog\/korona-gor-polski-mogielica\/#Mogielica_%E2%80%93_Polana_Stumorgowa_i_wieza_widokowa\" >Mogielica \u2013 Polana Stumorgowa i wie\u017ca widokowa<\/a><\/li><li class='ez-toc-page-1 ez-toc-heading-level-2'><a class=\"ez-toc-link ez-toc-heading-5\" href=\"https:\/\/www.skalnik.pl\/blog\/korona-gor-polski-mogielica\/#Mogielica_zima_%E2%80%93_trasy_narciarskie\" >Mogielica zim\u0105 \u2013 trasy narciarskie<\/a><\/li><li class='ez-toc-page-1 ez-toc-heading-level-2'><a class=\"ez-toc-link ez-toc-heading-6\" href=\"https:\/\/www.skalnik.pl\/blog\/korona-gor-polski-mogielica\/#Mogielica_%E2%80%93_szlaki_na_szczyt_KGP\" >Mogielica \u2013 szlaki na szczyt KGP<\/a><ul class='ez-toc-list-level-3' ><li class='ez-toc-heading-level-3'><a class=\"ez-toc-link ez-toc-heading-7\" href=\"https:\/\/www.skalnik.pl\/blog\/korona-gor-polski-mogielica\/#Szlak_zielony_z_Zalesia-Wyrebisk\" >Szlak zielony z Zalesia-Wyr\u0119bisk<\/a><\/li><li class='ez-toc-page-1 ez-toc-heading-level-3'><a class=\"ez-toc-link ez-toc-heading-8\" href=\"https:\/\/www.skalnik.pl\/blog\/korona-gor-polski-mogielica\/#Szlak_zielony_z_Przeleczy_Rydza-Smiglego_Chyszowki\" >Szlak zielony z Prze\u0142\u0119czy Rydza-\u015amig\u0142ego (Chysz\u00f3wki)<\/a><\/li><li class='ez-toc-page-1 ez-toc-heading-level-3'><a class=\"ez-toc-link ez-toc-heading-9\" href=\"https:\/\/www.skalnik.pl\/blog\/korona-gor-polski-mogielica\/#Szlak_niebieski_z_Jurkowa\" >Szlak niebieski z Jurkowa<\/a><\/li><li class='ez-toc-page-1 ez-toc-heading-level-3'><a class=\"ez-toc-link ez-toc-heading-10\" href=\"https:\/\/www.skalnik.pl\/blog\/korona-gor-polski-mogielica\/#Szlak_niebieski_ze_Szczawy-Gryblowki\" >Szlak niebieski ze Szczawy-Grybl\u00f3wki<\/a><\/li><\/ul><\/li><li class='ez-toc-page-1 ez-toc-heading-level-2'><a class=\"ez-toc-link ez-toc-heading-11\" href=\"https:\/\/www.skalnik.pl\/blog\/korona-gor-polski-mogielica\/#Mogielica_%E2%80%93_ciekawostki\" >Mogielica &#8211; ciekawostki<\/a><\/li><\/ul><\/nav><\/div>\n<h2 class=\"wp-block-heading\"><span class=\"ez-toc-section\" id=\"Beskid_Wyspowy_%E2%80%93_wycieczki_nad_morzem_chmur\"><\/span>Beskid Wyspowy \u2013 wycieczki nad morzem chmur<span class=\"ez-toc-section-end\"><\/span><\/h2>\n\n\n\n<p>Nazwa Beskid Wyspowy bardzo dobrze oddaje charakter tej cz\u0119\u015bci polskich Beskid\u00f3w. Nie znajdziesz tu niemal w og\u00f3le znanych na przyk\u0142ad z Beskidu S\u0105deckiego, Gorc\u00f3w czy Bieszczad\u00f3w d\u0142ugich, ci\u0105gn\u0105cych si\u0119 kilometrami grzbiet\u00f3w, kt\u00f3rymi mo\u017cna w\u0119drowa\u0107 nawet kilka godzin. O nie! Beskid Wyspowy to trud, pot\u2026 no mo\u017ce nie \u0142zy, ale na pewno wiele solidnych podej\u015b\u0107. Tworz\u0105 go pojedyncze masywy (wyj\u0105tkiem jest Pasmo \u0141ososi\u0144skie), o stromych zboczach, poprzecinane g\u0142\u0119bokimi dolinami potok\u00f3w oraz prze\u0142\u0119czami.<\/p>\n\n\n<div class=\"wp-block-image\">\n<figure class=\"aligncenter size-large\"><img loading=\"lazy\" decoding=\"async\" width=\"1024\" height=\"768\" src=\"https:\/\/www.skalnik.pl\/blog\/wp-content\/uploads\/2023\/06\/P5281233-min-1024x768.jpg\" alt=\"\" class=\"wp-image-23297\" srcset=\"https:\/\/www.skalnik.pl\/blog\/wp-content\/uploads\/2023\/06\/P5281233-min-1024x768.jpg 1024w, https:\/\/www.skalnik.pl\/blog\/wp-content\/uploads\/2023\/06\/P5281233-min-300x225.jpg 300w, https:\/\/www.skalnik.pl\/blog\/wp-content\/uploads\/2023\/06\/P5281233-min-768x576.jpg 768w, https:\/\/www.skalnik.pl\/blog\/wp-content\/uploads\/2023\/06\/P5281233-min-1536x1152.jpg 1536w, https:\/\/www.skalnik.pl\/blog\/wp-content\/uploads\/2023\/06\/P5281233-min-2048x1536.jpg 2048w\" sizes=\"auto, (max-width: 1024px) 100vw, 1024px\" \/><figcaption class=\"wp-element-caption\"><em>Widok na Beskid Wyspowy z wie\u017cy widokowej na Mogielicy (fot. Anna \u015aliwa)<\/em><\/figcaption><\/figure>\n<\/div>\n\n\n<p>Beskid Wyspowy jest wymagaj\u0105cy kondycyjnie ze wzgl\u0119du na ci\u0105g\u0142e podej\u015bcia i zej\u015bcia. Dlatego najwi\u0119cej turyst\u00f3w decyduje si\u0119 na wycieczki na pojedyncze szczyty podczas kr\u00f3tkich, kilkugodzinnych wycieczek. Model ten wspierany jest mocno przez lokalne w\u0142adze, kt\u00f3re w ostatnich latach postawi\u0142y na budow\u0119 w Beskidzie Wyspowym wie\u017c widokowych. Stan\u0119\u0142y one na Mogielicy (nowa wie\u017ca oddana do u\u017cytku w 2022 r.), Modyni, pod szczytem Jaworza w Pa\u015bmie \u0141ososi\u0144skim oraz na Skie\u0142ku, a w planach s\u0105 kolejne. Ch\u0119tnie odwiedzanym i niezwykle malowniczym punktem widokowym jest te\u017c&nbsp; \u0106wilin z rozleg\u0142\u0105 Polan\u0105 Michurow\u0105.<\/p>\n\n\n\n<p>Tworz\u0105ce Beskid Wyspowy g\u00f3ry nabieraj\u0105 szczeg\u00f3lnego uroku podczas inwersyjnej pogody. Gdy w dolinach zalegaj\u0105 mg\u0142y zalesione szczyty wznosz\u0105ce si\u0119 ponad nimi wygl\u0105daj\u0105 rzeczywi\u015bcie jak wyspy na sk\u0142\u0119bionym morzu chmur.<\/p>\n\n\n\n<div style=\"width:1020; height:800px; padding: 15px; resize:both; overflow: auto;\"> <div style=\"width:100%; height:100%; box-shadow: 5px 5px 15px #00000038;\"> <iframe src=\"https:\/\/kgp3d.amu.edu.pl\/szczyty\/Mogielica.html\" allow=\"xr xr-spatial-tracking\" style=\"height: 100%; width: 100%; border: 0;\" ><\/iframe> <\/div> <\/div>\n\n\n\n<h2 class=\"wp-block-heading\"><span class=\"ez-toc-section\" id=\"Mogielica_%E2%80%93_parkingi_i_noclegi\"><\/span>Mogielica \u2013 parkingi i noclegi<span class=\"ez-toc-section-end\"><\/span><\/h2>\n\n\n\n<p>Mogielica le\u017cy w po\u0142udniowej cz\u0119\u015bci Beskidu Wyspowego mi\u0119dzy Jurkowem, S\u0142opnicami, Prze\u0142\u0119cz\u0105 Rydza \u015amig\u0142ego i Kamienic\u0105 Gorcza\u0144sk\u0105.<\/p>\n\n\n\n<p>Parkingi pozwalaj\u0105ce na wej\u015bcie na Mogielic\u0119 znajduj\u0105 si\u0119 przy szlakach turystycznych:<\/p>\n\n\n\n<ul class=\"wp-block-list\">\n<li>w Jurkowie, niedaleko ko\u015bcio\u0142a przy szlaku niebieskim<\/li>\n\n\n\n<li>na Prze\u0142\u0119czy Rydza \u015amig\u0142ego przy szlaku zielonym<\/li>\n\n\n\n<li>niedaleko Prze\u0142\u0119czy S\u0142opnickiej, w przysi\u00f3\u0142ku Wyr\u0119biska przy szlaku zielonym \u2013 jest tu te\u017c punkt informacji turystycznej oraz wiaty przeznaczone do odpoczynku. W punkcie opr\u00f3cz pobrania map i informator\u00f3w, mo\u017cna kupi\u0107 domowe ciasto, chleb i inne lokalne przysmaki<\/li>\n\n\n\n<li>w przysi\u00f3\u0142ku Szczawy Grybl\u00f3wka, przy drodze nr 968 i szlaku niebieskim.<\/li>\n<\/ul>\n\n\n\n<p>Dla os\u00f3b, kt\u00f3re chcia\u0142yby zazna\u0107 w Beskidzie Wyspowym schroniskowej atmosfery nie mam dobrych wie\u015bci. Schronisk tu zwyczajnie nie ma. W rejonie Mogielicy, w okolicznych miejscowo\u015bciach mo\u017cna znale\u017a\u0107 nocleg w gospodarstwach agroturystycznych oraz niewielkich pensjonatach. Latem na po\u0142udniowo-zachodnim grzbiecie prowadz\u0105cym z Mogielicy przez Prze\u0142\u0119cz Przys\u0142opek na Krzyston\u00f3w i Jasie\u0144 dzia\u0142a Studencka Baza Namiotowa na Polanie Wa\u0142y prowadzona przez Studenckie Ko\u0142o Przewodnik\u00f3w Beskidzkich z Katowic.<\/p>\n\n\n<div class=\"wp-block-image\">\n<figure class=\"aligncenter size-large\"><img loading=\"lazy\" decoding=\"async\" width=\"1024\" height=\"768\" src=\"https:\/\/www.skalnik.pl\/blog\/wp-content\/uploads\/2023\/06\/P5281222-min-1024x768.jpg\" alt=\"beskidy panorama z mogielicy\" class=\"wp-image-23299\" srcset=\"https:\/\/www.skalnik.pl\/blog\/wp-content\/uploads\/2023\/06\/P5281222-min-1024x768.jpg 1024w, https:\/\/www.skalnik.pl\/blog\/wp-content\/uploads\/2023\/06\/P5281222-min-300x225.jpg 300w, https:\/\/www.skalnik.pl\/blog\/wp-content\/uploads\/2023\/06\/P5281222-min-768x576.jpg 768w, https:\/\/www.skalnik.pl\/blog\/wp-content\/uploads\/2023\/06\/P5281222-min-1536x1152.jpg 1536w, https:\/\/www.skalnik.pl\/blog\/wp-content\/uploads\/2023\/06\/P5281222-min-2048x1536.jpg 2048w\" sizes=\"auto, (max-width: 1024px) 100vw, 1024px\" \/><figcaption class=\"wp-element-caption\"><em>Poranny widok z wie\u017cy na Mogielicy (fot. Anna \u015aliwa)<\/em><\/figcaption><\/figure>\n<\/div>\n\n\n<p>Niekt\u00f3rzy tury\u015bci wybieraj\u0105 tak\u017ce nocleg pod szczytem Mogielicy, na Polanie Stumorgowej. W jej g\u00f3rnej cz\u0119\u015bci znajduje si\u0119 wiata z \u0142awami. Wok\u00f3\u0142 wiaty cz\u0119sto mo\u017cna spotka\u0107 namioty i p\u0142on\u0105ce ogniska. Nie jest to jednak oficjalne miejsce biwakowe, nie ma tu te\u017c \u017ar\u00f3d\u0142a wody.<\/p>\n\n\n\n<h2 class=\"wp-block-heading\"><span class=\"ez-toc-section\" id=\"Jak_przygotowac_sie_do_wycieczki\"><\/span>Jak przygotowa\u0107 si\u0119 do wycieczki<span class=\"ez-toc-section-end\"><\/span><\/h2>\n\n\n\n<p>Niezale\u017cnie od tego, z kt\u00f3rej strony zamierzasz wej\u015b\u0107 na Mogielic\u0119, ca\u0142a wycieczka wraz z powrotem nie powinna zaj\u0105\u0107 wi\u0119cej ni\u017c 5-6 godzin. Dlatego przygotuj si\u0119 do niej tak, jak do ka\u017cdego innego jednodniowego wyj\u015bcia. Pami\u0119taj o zabraniu kurtki przeciwdeszczowej, bluzy, a latem koniecznie nakrycia g\u0142owy chroni\u0105cego przed s\u0142o\u0144cem.<\/p>\n\n\n\n<p>Poniewa\u017c na szlaku nie ma schronisk ani punkt\u00f3w gastronomicznych, a tak\u017ce \u017ar\u00f3de\u0142 zabierz ze sob\u0105 odpowiedni\u0105 ilo\u015b\u0107 jedzenia oraz napoj\u00f3w. Szczeg\u00f3lnie podczas upa\u0142\u00f3w pami\u0119taj o wi\u0119kszej ilo\u015bci wody poniewa\u017c strome, do\u015b\u0107 m\u0119cz\u0105ce podej\u015bcia mog\u0105 spot\u0119gowa\u0107 pragnienie.<\/p>\n\n\n\n<p>Teren Beskidu Wyspowego obj\u0119ty jest dzia\u0142aniem Podhala\u0144skiej Grupy GOPR. Wychodz\u0105c na szlak koniecznie zainstaluj w telefonie aplikacj\u0119 Ratunek oraz wpisz numer alarmowy do GOPR.<\/p>\n\n\n<div class=\"wp-block-image\">\n<figure class=\"aligncenter size-full\"><img loading=\"lazy\" decoding=\"async\" width=\"542\" height=\"342\" src=\"https:\/\/www.skalnik.pl\/blog\/wp-content\/uploads\/2020\/08\/gopr-tylko-gopr.jpg\" alt=\"\" class=\"wp-image-13650\" srcset=\"https:\/\/www.skalnik.pl\/blog\/wp-content\/uploads\/2020\/08\/gopr-tylko-gopr.jpg 542w, https:\/\/www.skalnik.pl\/blog\/wp-content\/uploads\/2020\/08\/gopr-tylko-gopr-300x189.jpg 300w\" sizes=\"auto, (max-width: 542px) 100vw, 542px\" \/><\/figure>\n<\/div>\n\n\n<figure class=\"wp-block-image size-large\"><img loading=\"lazy\" decoding=\"async\" width=\"1024\" height=\"135\" src=\"https:\/\/www.skalnik.pl\/blog\/wp-content\/uploads\/2023\/05\/baner-GOPR06-1024x135.jpg\" alt=\"\" class=\"wp-image-23155\" srcset=\"https:\/\/www.skalnik.pl\/blog\/wp-content\/uploads\/2023\/05\/baner-GOPR06-1024x135.jpg 1024w, https:\/\/www.skalnik.pl\/blog\/wp-content\/uploads\/2023\/05\/baner-GOPR06-300x39.jpg 300w, https:\/\/www.skalnik.pl\/blog\/wp-content\/uploads\/2023\/05\/baner-GOPR06-768x101.jpg 768w, https:\/\/www.skalnik.pl\/blog\/wp-content\/uploads\/2023\/05\/baner-GOPR06.jpg 1141w\" sizes=\"auto, (max-width: 1024px) 100vw, 1024px\" \/><\/figure>\n\n\n\n<h2 class=\"wp-block-heading\"><span class=\"ez-toc-section\" id=\"Mogielica_%E2%80%93_Polana_Stumorgowa_i_wieza_widokowa\"><\/span>Mogielica \u2013 Polana Stumorgowa i wie\u017ca widokowa<span class=\"ez-toc-section-end\"><\/span><\/h2>\n\n\n\n<p>Charakterystyczna sylwetka Mogielicy widoczna jest z wielu miejsc w Beskidach czy Pieninach. Roz\u0142o\u017cysty masyw z wyra\u017anie zaznaczonym wierzcho\u0142kiem wie\u0144czy wystaj\u0105ca ponad drzewa wie\u017ca widokowa. To nowa, metalowa konstrukcja, oddana do u\u017cytku pod koniec 2022 r. Stoi na miejscu poprzedniej drewnianej wie\u017cy zbudowanej w 2008 r. i wcze\u015bniejszej wie\u017cy triangulacyjnej, kt\u00f3r\u0105 w latach osiemdziesi\u0105tych XX w. powali\u0142a wichura.<\/p>\n\n\n<div class=\"wp-block-image\">\n<figure class=\"aligncenter size-large\"><img loading=\"lazy\" decoding=\"async\" width=\"1024\" height=\"768\" src=\"https:\/\/www.skalnik.pl\/blog\/wp-content\/uploads\/2023\/06\/P5281231-min-1024x768.jpg\" alt=\"polana stumorgowa na mogielicy\" class=\"wp-image-23301\" srcset=\"https:\/\/www.skalnik.pl\/blog\/wp-content\/uploads\/2023\/06\/P5281231-min-1024x768.jpg 1024w, https:\/\/www.skalnik.pl\/blog\/wp-content\/uploads\/2023\/06\/P5281231-min-300x225.jpg 300w, https:\/\/www.skalnik.pl\/blog\/wp-content\/uploads\/2023\/06\/P5281231-min-768x576.jpg 768w, https:\/\/www.skalnik.pl\/blog\/wp-content\/uploads\/2023\/06\/P5281231-min-1536x1152.jpg 1536w, https:\/\/www.skalnik.pl\/blog\/wp-content\/uploads\/2023\/06\/P5281231-min-2048x1536.jpg 2048w\" sizes=\"auto, (max-width: 1024px) 100vw, 1024px\" \/><figcaption class=\"wp-element-caption\">Polana Stumorgowa widziana z wie\u017cy na Mogielicy (fot. Anna \u015aliwa)<\/figcaption><\/figure>\n<\/div>\n\n\n<p>Z wie\u017cy podziwia\u0107 mo\u017cna pi\u0119kn\u0105 panoram\u0119 obejmuj\u0105c\u0105 Beskid Wyspowy, Gorce, Beskid S\u0105decki, Pieniny, Tatry, Magur\u0119 Spisk\u0105, Beskid Niski, Beskid \u017bywiecki, Beskid \u015al\u0105ski oraz szczyty s\u0142owackiej Ma\u0142ej Fatry. Z kolei na p\u00f3\u0142noc zobaczy\u0107 mo\u017cna poza Beskidami tak\u017ce pog\u00f3rza, a nawet G\u00f3ry \u015awi\u0119tokrzyskie. Teren wok\u00f3\u0142 wie\u017cy i p\u00f3\u0142nocno-wschodnie zbocza Mogielicy obj\u0119te s\u0105 ochron\u0105 rezerwatu przyrody, kt\u00f3ry chroni zachowane fragmenty boru g\u00f3rnoreglowego.<\/p>\n\n\n<div class=\"wp-block-image\">\n<figure class=\"aligncenter size-large\"><img loading=\"lazy\" decoding=\"async\" width=\"1024\" height=\"768\" src=\"https:\/\/www.skalnik.pl\/blog\/wp-content\/uploads\/2023\/06\/P5281224-min-1024x768.jpg\" alt=\"tatry z mogielicy \" class=\"wp-image-23305\" srcset=\"https:\/\/www.skalnik.pl\/blog\/wp-content\/uploads\/2023\/06\/P5281224-min-1024x768.jpg 1024w, https:\/\/www.skalnik.pl\/blog\/wp-content\/uploads\/2023\/06\/P5281224-min-300x225.jpg 300w, https:\/\/www.skalnik.pl\/blog\/wp-content\/uploads\/2023\/06\/P5281224-min-768x576.jpg 768w, https:\/\/www.skalnik.pl\/blog\/wp-content\/uploads\/2023\/06\/P5281224-min-1536x1152.jpg 1536w, https:\/\/www.skalnik.pl\/blog\/wp-content\/uploads\/2023\/06\/P5281224-min-2048x1536.jpg 2048w\" sizes=\"auto, (max-width: 1024px) 100vw, 1024px\" \/><figcaption class=\"wp-element-caption\"><em>Tatry i wie\u017ca na Gorcu widziana z wie\u017cy widokowej na Mogielicy (fot. Anna \u015aliwa)<\/em><\/figcaption><\/figure>\n<\/div>\n\n\n<p>Poni\u017cej szczytu Mogielicy, na jej po\u0142udniowo-zachodnim grzbiecie rozci\u0105ga si\u0119 przepi\u0119kna Polana Stumorgowa, b\u0119d\u0105ca najwi\u0119ksz\u0105 polan\u0105 w ca\u0142ym Beskidzie Wyspowym. To niezwykle malownicze miejsce, z pi\u0119knymi widokami na Tatry. W jej g\u00f3rnej cz\u0119\u015bci stoi turystyczna wiata z \u0142awami i sto\u0142ami.&nbsp;&nbsp;<\/p>\n\n\n\n<h2 class=\"wp-block-heading\"><span class=\"ez-toc-section\" id=\"Mogielica_zima_%E2%80%93_trasy_narciarskie\"><\/span>Mogielica zim\u0105 \u2013 trasy narciarskie<span class=\"ez-toc-section-end\"><\/span><\/h2>\n\n\n\n<p>Na Mogielicy panuje specyficzny mikroklimat, kt\u00f3ry sprawia, \u017ce \u015bnieg utrzymuje si\u0119 tu wyj\u0105tkowo d\u0142ugo. Z tego wzgl\u0119du utworzono tu Tras\u0119 Narciarstwa Biegowego Mogielica, kt\u00f3ra prowadzi wok\u00f3\u0142 szczytu na wysoko\u015bci oko\u0142o 750-800 m n.p.m. \u0141\u0105czna d\u0142ugo\u015b\u0107 tras to 23 km. S\u0105 dobrze przygotowane i ratrakowane. Najbardziej dogodnym punktem startu jest parking przy punkcie Informacji Turystycznej w Zalesiu-Wyr\u0119biskach (niedaleko Prze\u0142\u0119czy S\u0142opnickiej).<\/p>\n\n\n<div class=\"wp-block-image\">\n<figure class=\"aligncenter size-large\"><img loading=\"lazy\" decoding=\"async\" width=\"1024\" height=\"768\" src=\"https:\/\/www.skalnik.pl\/blog\/wp-content\/uploads\/2023\/06\/P2090197-min-1024x768.jpg\" alt=\"\" class=\"wp-image-23302\" srcset=\"https:\/\/www.skalnik.pl\/blog\/wp-content\/uploads\/2023\/06\/P2090197-min-1024x768.jpg 1024w, https:\/\/www.skalnik.pl\/blog\/wp-content\/uploads\/2023\/06\/P2090197-min-300x225.jpg 300w, https:\/\/www.skalnik.pl\/blog\/wp-content\/uploads\/2023\/06\/P2090197-min-768x576.jpg 768w, https:\/\/www.skalnik.pl\/blog\/wp-content\/uploads\/2023\/06\/P2090197-min-1536x1152.jpg 1536w, https:\/\/www.skalnik.pl\/blog\/wp-content\/uploads\/2023\/06\/P2090197-min-2048x1536.jpg 2048w\" sizes=\"auto, (max-width: 1024px) 100vw, 1024px\" \/><figcaption class=\"wp-element-caption\"><em>Mogielica w zimowej szacie- widok z \u0106wilina (fot. Anna \u015aliwa)<\/em><\/figcaption><\/figure>\n<\/div>\n\n\n<h2 class=\"wp-block-heading\"><span class=\"ez-toc-section\" id=\"Mogielica_%E2%80%93_szlaki_na_szczyt_KGP\"><\/span>Mogielica \u2013 szlaki na szczyt KGP<span class=\"ez-toc-section-end\"><\/span><\/h2>\n\n\n\n<p>Na Mogielic\u0119 mo\u017cna wej\u015b\u0107 z czterech stron, z Prze\u0142\u0119czy Rydza \u015amig\u0142ego, Jurkowa, Szczawy-Grybl\u00f3wki oraz Zalesia-Wyr\u0119bisk. Opisz\u0119 Ci kr\u00f3tko te szlaki szereguj\u0105c je od najmniej do najbardziej wymagaj\u0105cego.<\/p>\n\n\n\n<h3 class=\"wp-block-heading\"><span class=\"ez-toc-section\" id=\"Szlak_zielony_z_Zalesia-Wyrebisk\"><\/span>Szlak zielony z Zalesia-Wyr\u0119bisk<span class=\"ez-toc-section-end\"><\/span><\/h3>\n\n\n\n<p>Pocz\u0105tek trasy znajduje si\u0119 na parkingu przy punkcie Informacji Turystycznej w Wyr\u0119biskach. Szlak zielony prowadzi stosunkowo \u0142agodnym grzbietem na po\u0142udniowo-wschodnich zboczach Mogielicy. Pocz\u0105tkowo wiedzie szerok\u0105 utwardzon\u0105 drog\u0105, na kt\u00f3rej trzeba uwa\u017ca\u0107 na rozp\u0119dzonych, zje\u017cd\u017caj\u0105cych z g\u00f3ry rowerzyst\u00f3w, potem pnie si\u0119 le\u015bn\u0105 drog\u0105 gruntow\u0105. Ca\u0142a trasa prowadzi lasem i brak jest na niej widok\u00f3w. Podej\u015bcie zajmuje oko\u0142o 1h 45 min i pokonuje si\u0119 w tym czasie 380 m przewy\u017cszenia.<\/p>\n\n\n\n<h3 class=\"wp-block-heading\"><span class=\"ez-toc-section\" id=\"Szlak_zielony_z_Przeleczy_Rydza-Smiglego_Chyszowki\"><\/span>Szlak zielony z Prze\u0142\u0119czy Rydza-\u015amig\u0142ego (Chysz\u00f3wki)<span class=\"ez-toc-section-end\"><\/span><\/h3>\n\n\n\n<p>Wej\u015bcie na Mogielic\u0119 z Prze\u0142\u0119czy Rydza \u015amig\u0142ego to najpopularniejszy spos\u00f3b dostania si\u0119 na szczyt. Tras\u0119 o d\u0142ugo\u015bci 3,5 km pokonuje si\u0119 w oko\u0142o 1h 45 min. Cho\u0107 wynik jest podobny do szlaku z Zalesia-Wyr\u0119bisk, to jest tu o 100 m wi\u0119cej przewy\u017cszenia i podej\u015bcie jest bardziej strome. Wej\u015bcie z Chysz\u00f3wek polecam ze wzgl\u0119du na walory widokowe. W pierwszej cz\u0119\u015bci prowadzi przez \u0142\u0105ki i pola, z kt\u00f3rych roztaczaj\u0105 si\u0119 \u0142adne widoki na okolic\u0119. Widokowa polana znajduje si\u0119 te\u017c oko\u0142o 100 m poni\u017cej szczytu. Dla tych panoram warto si\u0119 pom\u0119czy\u0107 na d\u0142u\u017cszym podej\u015bciu.<\/p>\n\n\n\n<h3 class=\"wp-block-heading\"><span class=\"ez-toc-section\" id=\"Szlak_niebieski_z_Jurkowa\"><\/span>Szlak niebieski z Jurkowa<span class=\"ez-toc-section-end\"><\/span><\/h3>\n\n\n\n<p>Podej\u015bcie na Mogielic\u0119 z Jurkowa to jednostajna w\u0119dr\u00f3wka pod g\u00f3r\u0119 przez oko\u0142o 2 h 45 min. Pokonuje si\u0119 tu a\u017c 600 m przewy\u017cszenia, a miejscami trasa jest do\u015b\u0107 stroma. Prowadzi ona g\u0142\u00f3wnie lasem, z niewielkimi polanami na wysoko\u015bci oko\u0142o 850 m n.p.m. w przysi\u00f3\u0142ku Cyrla.<\/p>\n\n\n<div class=\"wp-block-image\">\n<figure class=\"aligncenter size-large\"><img loading=\"lazy\" decoding=\"async\" width=\"1024\" height=\"768\" src=\"https:\/\/www.skalnik.pl\/blog\/wp-content\/uploads\/2023\/06\/PA041155-min-1-1024x768.jpg\" alt=\"mogielica z jurkowa widok z podej\u015bcia\" class=\"wp-image-23304\" srcset=\"https:\/\/www.skalnik.pl\/blog\/wp-content\/uploads\/2023\/06\/PA041155-min-1-1024x768.jpg 1024w, https:\/\/www.skalnik.pl\/blog\/wp-content\/uploads\/2023\/06\/PA041155-min-1-300x225.jpg 300w, https:\/\/www.skalnik.pl\/blog\/wp-content\/uploads\/2023\/06\/PA041155-min-1-768x576.jpg 768w, https:\/\/www.skalnik.pl\/blog\/wp-content\/uploads\/2023\/06\/PA041155-min-1-1536x1152.jpg 1536w, https:\/\/www.skalnik.pl\/blog\/wp-content\/uploads\/2023\/06\/PA041155-min-1-2048x1536.jpg 2048w\" sizes=\"auto, (max-width: 1024px) 100vw, 1024px\" \/><figcaption class=\"wp-element-caption\"><em>Babia G\u00f3ra i Beskid Wyspowy widziane ze szlaku niebieskiego z Jurkowa (fot. Anna \u015aliwa)<\/em><\/figcaption><\/figure>\n<\/div>\n\n\n<h3 class=\"wp-block-heading\"><span class=\"ez-toc-section\" id=\"Szlak_niebieski_ze_Szczawy-Gryblowki\"><\/span>Szlak niebieski ze Szczawy-Grybl\u00f3wki<span class=\"ez-toc-section-end\"><\/span><\/h3>\n\n\n\n<p>W podobnym czasie wejdziesz na Mogielic\u0119 niebieskim szlakiem ze Szczawy-Grybl\u00f3wki. Tu tak\u017ce zajmuje ono oko\u0142o 2h 45 min, podczas kt\u00f3rych pokonuje si\u0119 600 m podej\u015bcia. Tras\u0119 mo\u017cna podzieli\u0107 na dwie cz\u0119\u015bci &#8211; do Prze\u0142\u0119czy Przys\u0142opek szlak prowadzi le\u015bn\u0105 droga, trawersuj\u0105c zbocza Ma\u0142ego Krzystowa i stosunkowo \u0142agodnie pn\u0105c si\u0119 w g\u00f3r\u0119 (poza niewielkimi fragmentami). Za prze\u0142\u0119cz\u0105 rozpoczyna si\u0119 bardzo strome podej\u015bcie prowadz\u0105ce na Polan\u0119 Stumorgow\u0105. Ten odcinek potrafi naprawd\u0119 da\u0107 w ko\u015b\u0107, ale wszystko wynagradza wyj\u015bcie na Polan\u0119 i wspania\u0142e widoki, jakie si\u0119 st\u0105d roztaczaj\u0105.<\/p>\n\n\n\n<p>Je\u015bli chcesz w\u0142\u0105czy\u0107 Mogielic\u0119 w d\u0142u\u017csz\u0105 w\u0119dr\u00f3wk\u0119 przez Beskid Wyspowy, polecam Ci poszerzenie tego wariantu. Proponuj\u0119 wystartowa\u0107 z przysi\u00f3\u0142ka Rzeki k. Lubomierza i \u017c\u00f3\u0142tym szlakiem przej\u015b\u0107 ca\u0142y grzbiet z Jasieniem, Kutrzyc\u0105 i Krzystowem, a szlak niebieski \u201ez\u0142apa\u0107\u201d dopiero na Prze\u0142\u0119czy Przys\u0142opek. Widoki z ca\u0142ego grzbietu, a szczeg\u00f3lnie z Kutrzycy to jedne z najpi\u0119kniejszych miejsc w Beskidzie Wyspowym. W tej wersji na Mogielic\u0119 wejdziesz w oko\u0142o 4 h pokonuj\u0105c przy tym 780 m przewy\u017cszenia.<\/p>\n\n\n\n<div style=\"max-width:1020px;overflow:hidden;margin:0 auto;min-width:300px;\"><iframe src=\"https:\/\/mapa-turystyczna.pl\/map\/widget\/route\/h1l0p1\/gz1j.html\" height=\"800\" style=\"width:100%;border:0;\" loading=\"lazy\"><\/iframe><a href=\"https:\/\/mapa-turystyczna.pl\/route\/gz1j?utm_source=external_web&amp;utm_medium=widget&amp;utm_campaign=route_widget\" target=\"_blank\" rel=\"noopener\" style=\"color:#999;padding:7px 0;font-size: 13px;font-family:Roboto,Arial,sans-serif;display: inline-block;\">Trasa: Rzeki \u2013 Mogielica | mapa-turystyczna.pl<\/a><\/div>\n\n\n\n<p>Dzi\u0119ki du\u017cemu zag\u0119szczeniu szlak\u00f3w w rejonie Mogielicy mo\u017cesz je ze sob\u0105 \u0142\u0105czy\u0107 tworz\u0105c d\u0142u\u017csze trasy, \u017ceby nie wraca\u0107 t\u0105 sam\u0105 drog\u0105.<\/p>\n\n\n\n<h2 class=\"wp-block-heading\"><span class=\"ez-toc-section\" id=\"Mogielica_%E2%80%93_ciekawostki\"><\/span>Mogielica &#8211; ciekawostki<span class=\"ez-toc-section-end\"><\/span><\/h2>\n\n\n\n<ul class=\"wp-block-list\">\n<li>najstarsze wzmianki o Mogielicy pochodz\u0105 ze spis\u00f3w d\u00f3br kr\u00f3lewskich z XV w.: \u201etam te\u017c wznosz\u0105 si\u0119 pi\u0119kne Gorcze zako\u0144czone Mogilic\u0105\u201d<\/li>\n\n\n\n<li>nazwa Mogielica wywodzona jest od tego, \u017ce grzebano tu cia\u0142a topielc\u00f3w, opryszk\u00f3w i innych os\u00f3b, kt\u00f3re zmar\u0142y \u201ebez sakrament\u00f3w\u201d<\/li>\n\n\n\n<li>miejscowa nazwa szczytu to Zapowiednica, poniewa\u017c pojawienie si\u0119 nad ni\u0105 chmur zwiastowa\u0142o nadej\u015bcie silnej burzy<\/li>\n\n\n\n<li>wed\u0142ug legendy Mogielica by\u0142a \u017con\u0105 wielkoluda \u0141opienia, kt\u00f3ry wznosi si\u0119 po s\u0105siedzku<\/li>\n\n\n\n<li>pod szczytem Mogielicy znajduje si\u0119 wychodnia skalna Zb\u00f3jecki St\u00f3\u0142, na kt\u00f3rej zb\u00f3jcy mieli liczy\u0107 swoje \u0142upy<\/li>\n\n\n\n<li>najdalszym miejscem jakie mo\u017cna dojrze\u0107 z wie\u017cy widokowej na Mogielicy (przy sprzyjaj\u0105cych warunkach) s\u0105 G\u00f3ry \u015awi\u0119tokrzyskie odleg\u0142e o ok. 140 km<\/li>\n\n\n\n<li>na Prze\u0142\u0119czy Rydza \u015amig\u0142ego znajduje si\u0119 pochodz\u0105cy z 1938 r. obelisk i krzy\u017c postawiony na pami\u0105tk\u0119 Legion\u00f3w Polskich&nbsp;<\/li>\n<\/ul>\n\n\n\n<p class=\"has-white-color has-vivid-cyan-blue-background-color has-text-color has-background\">Zobacz inne propozycje wycieczek po szczytach KGP &#8211;&gt;<strong><a href=\"https:\/\/www.skalnik.pl\/tag\/korona-gor-polski\" target=\"_blank\" rel=\"noopener\" title=\"\"> kliknij tutaj<\/a><\/strong>. <\/p>\n\n\n\n<figure class=\"wp-block-image size-full\"><a href=\"https:\/\/www.skalnik.pl\/\" target=\"_blank\" rel=\"noreferrer noopener\"><img loading=\"lazy\" decoding=\"async\" width=\"1024\" height=\"250\" src=\"https:\/\/www.skalnik.pl\/blog\/wp-content\/uploads\/2023\/05\/Baner-blog_skalnik_1024x250pxA.jpg\" alt=\"\" class=\"wp-image-23052\" srcset=\"https:\/\/www.skalnik.pl\/blog\/wp-content\/uploads\/2023\/05\/Baner-blog_skalnik_1024x250pxA.jpg 1024w, https:\/\/www.skalnik.pl\/blog\/wp-content\/uploads\/2023\/05\/Baner-blog_skalnik_1024x250pxA-300x73.jpg 300w, https:\/\/www.skalnik.pl\/blog\/wp-content\/uploads\/2023\/05\/Baner-blog_skalnik_1024x250pxA-768x188.jpg 768w\" sizes=\"auto, (max-width: 1024px) 100vw, 1024px\" \/><\/a><\/figure>\n","protected":false},"excerpt":{"rendered":"<p>Zdobywasz Koron\u0119 G\u00f3r Polski? A mo\u017ce po prostu chcesz wybra\u0107 si\u0119 w Beskid Wyspowy? Przejrzyj opis szlak\u00f3w prowadz\u0105cych na Mogielic\u0119. <\/p>\n","protected":false},"author":41,"featured_media":23351,"comment_status":"closed","ping_status":"closed","sticky":false,"template":"","format":"standard","meta":{"_acf_changed":false,"footnotes":""},"categories":[84],"tags":[260],"magento_category":[],"magento_product":[],"class_list":["post-23295","post","type-post","status-publish","format-standard","has-post-thumbnail","hentry","category-pasja","tag-korona-gor-polski"],"acf":[],"aioseo_notices":[],"aioseo_head":"\n\t\t<!-- All in One SEO 4.9.10 - aioseo.com -->\n\t<meta name=\"description\" content=\"Mogielica to najwy\u017cszy szczyt Beskidu Wyspowego. Je\u015bli planujesz wycieczk\u0119 w Beskidy lub zdobywasz Koron\u0119 G\u00f3r Polski, poznaj szlaki prowadz\u0105ce na Mogielic\u0119.\" \/>\n\t<meta name=\"robots\" content=\"max-image-preview:large\" \/>\n\t<meta name=\"author\" content=\"Anna \u015aliwa\"\/>\n\t<link rel=\"canonical\" href=\"https:\/\/www.skalnik.pl\/blog\/korona-gor-polski-mogielica\/\" \/>\n\t<meta name=\"generator\" content=\"All in One SEO (AIOSEO) 4.9.10\" \/>\n\t\t<meta property=\"og:locale\" content=\"pl_PL\" \/>\n\t\t<meta property=\"og:site_name\" content=\"blog Skalnik - Blog, porady, artyku\u0142y - blog Skalnik\" \/>\n\t\t<meta property=\"og:type\" content=\"article\" \/>\n\t\t<meta property=\"og:title\" content=\"Korona G\u00f3r Polski: Mogielica - blog Skalnik\" \/>\n\t\t<meta property=\"og:description\" content=\"Mogielica to najwy\u017cszy szczyt Beskidu Wyspowego. Je\u015bli planujesz wycieczk\u0119 w Beskidy lub zdobywasz Koron\u0119 G\u00f3r Polski, poznaj szlaki prowadz\u0105ce na Mogielic\u0119.\" \/>\n\t\t<meta property=\"og:url\" content=\"https:\/\/www.skalnik.pl\/blog\/korona-gor-polski-mogielica\/\" \/>\n\t\t<meta property=\"og:image\" content=\"https:\/\/www.skalnik.pl\/blog\/wp-content\/uploads\/2023\/06\/P5281233-min-1024x768.jpg\" \/>\n\t\t<meta property=\"og:image:secure_url\" content=\"https:\/\/www.skalnik.pl\/blog\/wp-content\/uploads\/2023\/06\/P5281233-min-1024x768.jpg\" \/>\n\t\t<meta property=\"article:tag\" content=\"pasja\" \/>\n\t\t<meta property=\"article:tag\" content=\"korona g\u00f3r polski\" \/>\n\t\t<meta property=\"article:published_time\" content=\"2023-06-22T11:38:21+00:00\" \/>\n\t\t<meta property=\"article:modified_time\" content=\"2023-06-28T09:28:17+00:00\" \/>\n\t\t<meta name=\"twitter:card\" content=\"summary_large_image\" \/>\n\t\t<meta name=\"twitter:title\" content=\"Korona G\u00f3r Polski: Mogielica - blog Skalnik\" \/>\n\t\t<meta name=\"twitter:description\" content=\"Mogielica to najwy\u017cszy szczyt Beskidu Wyspowego. Je\u015bli planujesz wycieczk\u0119 w Beskidy lub zdobywasz Koron\u0119 G\u00f3r Polski, poznaj szlaki prowadz\u0105ce na Mogielic\u0119.\" \/>\n\t\t<meta name=\"twitter:image\" content=\"https:\/\/www.skalnik.pl\/blog\/wp-content\/uploads\/2023\/06\/P5281233-min-1024x768.jpg\" \/>\n\t\t<script type=\"application\/ld+json\" class=\"aioseo-schema\">\n\t\t\t{\"@context\":\"https:\\\/\\\/schema.org\",\"@graph\":[{\"@type\":\"BlogPosting\",\"@id\":\"https:\\\/\\\/www.skalnik.pl\\\/blog\\\/korona-gor-polski-mogielica\\\/#blogposting\",\"name\":\"Korona G\\u00f3r Polski: Mogielica - blog Skalnik\",\"headline\":\"Korona G\\u00f3r Polski: Mogielica\",\"author\":{\"@id\":\"https:\\\/\\\/www.skalnik.pl\\\/blog\\\/author\\\/anna-sliwa\\\/#author\"},\"publisher\":{\"@id\":\"https:\\\/\\\/www.skalnik.pl\\\/blog\\\/#organization\"},\"image\":{\"@type\":\"ImageObject\",\"url\":\"https:\\\/\\\/www.skalnik.pl\\\/blog\\\/wp-content\\\/uploads\\\/2023\\\/06\\\/mogielica-22.jpg\",\"width\":2048,\"height\":753},\"datePublished\":\"2023-06-22T13:38:21+02:00\",\"dateModified\":\"2023-06-28T11:28:17+02:00\",\"inLanguage\":\"pl-PL\",\"mainEntityOfPage\":{\"@id\":\"https:\\\/\\\/www.skalnik.pl\\\/blog\\\/korona-gor-polski-mogielica\\\/#webpage\"},\"isPartOf\":{\"@id\":\"https:\\\/\\\/www.skalnik.pl\\\/blog\\\/korona-gor-polski-mogielica\\\/#webpage\"},\"articleSection\":\"Pasja, korona g\\u00f3r polski\"},{\"@type\":\"BreadcrumbList\",\"@id\":\"https:\\\/\\\/www.skalnik.pl\\\/blog\\\/korona-gor-polski-mogielica\\\/#breadcrumblist\",\"itemListElement\":[{\"@type\":\"ListItem\",\"@id\":\"https:\\\/\\\/www.skalnik.pl\\\/blog#listItem\",\"position\":1,\"name\":\"Home\",\"item\":\"https:\\\/\\\/www.skalnik.pl\\\/blog\",\"nextItem\":{\"@type\":\"ListItem\",\"@id\":\"https:\\\/\\\/www.skalnik.pl\\\/blog\\\/.\\\/pasja\\\/#listItem\",\"name\":\"Pasja\"}},{\"@type\":\"ListItem\",\"@id\":\"https:\\\/\\\/www.skalnik.pl\\\/blog\\\/.\\\/pasja\\\/#listItem\",\"position\":2,\"name\":\"Pasja\",\"item\":\"https:\\\/\\\/www.skalnik.pl\\\/blog\\\/.\\\/pasja\\\/\",\"nextItem\":{\"@type\":\"ListItem\",\"@id\":\"https:\\\/\\\/www.skalnik.pl\\\/blog\\\/korona-gor-polski-mogielica\\\/#listItem\",\"name\":\"Korona G\\u00f3r Polski: Mogielica\"},\"previousItem\":{\"@type\":\"ListItem\",\"@id\":\"https:\\\/\\\/www.skalnik.pl\\\/blog#listItem\",\"name\":\"Home\"}},{\"@type\":\"ListItem\",\"@id\":\"https:\\\/\\\/www.skalnik.pl\\\/blog\\\/korona-gor-polski-mogielica\\\/#listItem\",\"position\":3,\"name\":\"Korona G\\u00f3r Polski: Mogielica\",\"previousItem\":{\"@type\":\"ListItem\",\"@id\":\"https:\\\/\\\/www.skalnik.pl\\\/blog\\\/.\\\/pasja\\\/#listItem\",\"name\":\"Pasja\"}}]},{\"@type\":\"Organization\",\"@id\":\"https:\\\/\\\/www.skalnik.pl\\\/blog\\\/#organization\",\"name\":\"blog Skalnik\",\"description\":\"Blog, porady, artyku\\u0142y - blog Skalnik\",\"url\":\"https:\\\/\\\/www.skalnik.pl\\\/blog\\\/\"},{\"@type\":\"Person\",\"@id\":\"https:\\\/\\\/www.skalnik.pl\\\/blog\\\/author\\\/anna-sliwa\\\/#author\",\"url\":\"https:\\\/\\\/www.skalnik.pl\\\/blog\\\/author\\\/anna-sliwa\\\/\",\"name\":\"Anna \\u015aliwa\",\"image\":{\"@type\":\"ImageObject\",\"@id\":\"https:\\\/\\\/www.skalnik.pl\\\/blog\\\/korona-gor-polski-mogielica\\\/#authorImage\",\"url\":\"https:\\\/\\\/secure.gravatar.com\\\/avatar\\\/e8300be3de710e2e109e5dfbf092dcf827242ec8071807a1e13f6b3f7c9bbd79?s=96&d=mm&r=g\",\"width\":96,\"height\":96,\"caption\":\"Anna \\u015aliwa\"}},{\"@type\":\"WebPage\",\"@id\":\"https:\\\/\\\/www.skalnik.pl\\\/blog\\\/korona-gor-polski-mogielica\\\/#webpage\",\"url\":\"https:\\\/\\\/www.skalnik.pl\\\/blog\\\/korona-gor-polski-mogielica\\\/\",\"name\":\"Korona G\\u00f3r Polski: Mogielica - blog Skalnik\",\"description\":\"Mogielica to najwy\\u017cszy szczyt Beskidu Wyspowego. Je\\u015bli planujesz wycieczk\\u0119 w Beskidy lub zdobywasz Koron\\u0119 G\\u00f3r Polski, poznaj szlaki prowadz\\u0105ce na Mogielic\\u0119.\",\"inLanguage\":\"pl-PL\",\"isPartOf\":{\"@id\":\"https:\\\/\\\/www.skalnik.pl\\\/blog\\\/#website\"},\"breadcrumb\":{\"@id\":\"https:\\\/\\\/www.skalnik.pl\\\/blog\\\/korona-gor-polski-mogielica\\\/#breadcrumblist\"},\"author\":{\"@id\":\"https:\\\/\\\/www.skalnik.pl\\\/blog\\\/author\\\/anna-sliwa\\\/#author\"},\"creator\":{\"@id\":\"https:\\\/\\\/www.skalnik.pl\\\/blog\\\/author\\\/anna-sliwa\\\/#author\"},\"image\":{\"@type\":\"ImageObject\",\"url\":\"https:\\\/\\\/www.skalnik.pl\\\/blog\\\/wp-content\\\/uploads\\\/2023\\\/06\\\/mogielica-22.jpg\",\"@id\":\"https:\\\/\\\/www.skalnik.pl\\\/blog\\\/korona-gor-polski-mogielica\\\/#mainImage\",\"width\":2048,\"height\":753},\"primaryImageOfPage\":{\"@id\":\"https:\\\/\\\/www.skalnik.pl\\\/blog\\\/korona-gor-polski-mogielica\\\/#mainImage\"},\"datePublished\":\"2023-06-22T13:38:21+02:00\",\"dateModified\":\"2023-06-28T11:28:17+02:00\"},{\"@type\":\"WebSite\",\"@id\":\"https:\\\/\\\/www.skalnik.pl\\\/blog\\\/#website\",\"url\":\"https:\\\/\\\/www.skalnik.pl\\\/blog\\\/\",\"name\":\"blog Skalnik\",\"description\":\"Blog, porady, artyku\\u0142y - blog Skalnik\",\"inLanguage\":\"pl-PL\",\"publisher\":{\"@id\":\"https:\\\/\\\/www.skalnik.pl\\\/blog\\\/#organization\"}}]}\n\t\t<\/script>\n\t\t<!-- All in One SEO -->\n\n","aioseo_head_json":{"title":"Korona G\u00f3r Polski: Mogielica - blog Skalnik","description":"Mogielica to najwy\u017cszy szczyt Beskidu Wyspowego. Je\u015bli planujesz wycieczk\u0119 w Beskidy lub zdobywasz Koron\u0119 G\u00f3r Polski, poznaj szlaki prowadz\u0105ce na Mogielic\u0119.","canonical_url":"https:\/\/www.skalnik.pl\/blog\/korona-gor-polski-mogielica\/","robots":"max-image-preview:large","keywords":"","webmasterTools":{"miscellaneous":""},"schema":{"@context":"https:\/\/schema.org","@graph":[{"@type":"BlogPosting","@id":"https:\/\/www.skalnik.pl\/blog\/korona-gor-polski-mogielica\/#blogposting","name":"Korona G\u00f3r Polski: Mogielica - blog Skalnik","headline":"Korona G\u00f3r Polski: Mogielica","author":{"@id":"https:\/\/www.skalnik.pl\/blog\/author\/anna-sliwa\/#author"},"publisher":{"@id":"https:\/\/www.skalnik.pl\/blog\/#organization"},"image":{"@type":"ImageObject","url":"https:\/\/www.skalnik.pl\/blog\/wp-content\/uploads\/2023\/06\/mogielica-22.jpg","width":2048,"height":753},"datePublished":"2023-06-22T13:38:21+02:00","dateModified":"2023-06-28T11:28:17+02:00","inLanguage":"pl-PL","mainEntityOfPage":{"@id":"https:\/\/www.skalnik.pl\/blog\/korona-gor-polski-mogielica\/#webpage"},"isPartOf":{"@id":"https:\/\/www.skalnik.pl\/blog\/korona-gor-polski-mogielica\/#webpage"},"articleSection":"Pasja, korona g\u00f3r polski"},{"@type":"BreadcrumbList","@id":"https:\/\/www.skalnik.pl\/blog\/korona-gor-polski-mogielica\/#breadcrumblist","itemListElement":[{"@type":"ListItem","@id":"https:\/\/www.skalnik.pl\/blog#listItem","position":1,"name":"Home","item":"https:\/\/www.skalnik.pl\/blog","nextItem":{"@type":"ListItem","@id":"https:\/\/www.skalnik.pl\/blog\/.\/pasja\/#listItem","name":"Pasja"}},{"@type":"ListItem","@id":"https:\/\/www.skalnik.pl\/blog\/.\/pasja\/#listItem","position":2,"name":"Pasja","item":"https:\/\/www.skalnik.pl\/blog\/.\/pasja\/","nextItem":{"@type":"ListItem","@id":"https:\/\/www.skalnik.pl\/blog\/korona-gor-polski-mogielica\/#listItem","name":"Korona G\u00f3r Polski: Mogielica"},"previousItem":{"@type":"ListItem","@id":"https:\/\/www.skalnik.pl\/blog#listItem","name":"Home"}},{"@type":"ListItem","@id":"https:\/\/www.skalnik.pl\/blog\/korona-gor-polski-mogielica\/#listItem","position":3,"name":"Korona G\u00f3r Polski: Mogielica","previousItem":{"@type":"ListItem","@id":"https:\/\/www.skalnik.pl\/blog\/.\/pasja\/#listItem","name":"Pasja"}}]},{"@type":"Organization","@id":"https:\/\/www.skalnik.pl\/blog\/#organization","name":"blog Skalnik","description":"Blog, porady, artyku\u0142y - blog Skalnik","url":"https:\/\/www.skalnik.pl\/blog\/"},{"@type":"Person","@id":"https:\/\/www.skalnik.pl\/blog\/author\/anna-sliwa\/#author","url":"https:\/\/www.skalnik.pl\/blog\/author\/anna-sliwa\/","name":"Anna \u015aliwa","image":{"@type":"ImageObject","@id":"https:\/\/www.skalnik.pl\/blog\/korona-gor-polski-mogielica\/#authorImage","url":"https:\/\/secure.gravatar.com\/avatar\/e8300be3de710e2e109e5dfbf092dcf827242ec8071807a1e13f6b3f7c9bbd79?s=96&d=mm&r=g","width":96,"height":96,"caption":"Anna \u015aliwa"}},{"@type":"WebPage","@id":"https:\/\/www.skalnik.pl\/blog\/korona-gor-polski-mogielica\/#webpage","url":"https:\/\/www.skalnik.pl\/blog\/korona-gor-polski-mogielica\/","name":"Korona G\u00f3r Polski: Mogielica - blog Skalnik","description":"Mogielica to najwy\u017cszy szczyt Beskidu Wyspowego. Je\u015bli planujesz wycieczk\u0119 w Beskidy lub zdobywasz Koron\u0119 G\u00f3r Polski, poznaj szlaki prowadz\u0105ce na Mogielic\u0119.","inLanguage":"pl-PL","isPartOf":{"@id":"https:\/\/www.skalnik.pl\/blog\/#website"},"breadcrumb":{"@id":"https:\/\/www.skalnik.pl\/blog\/korona-gor-polski-mogielica\/#breadcrumblist"},"author":{"@id":"https:\/\/www.skalnik.pl\/blog\/author\/anna-sliwa\/#author"},"creator":{"@id":"https:\/\/www.skalnik.pl\/blog\/author\/anna-sliwa\/#author"},"image":{"@type":"ImageObject","url":"https:\/\/www.skalnik.pl\/blog\/wp-content\/uploads\/2023\/06\/mogielica-22.jpg","@id":"https:\/\/www.skalnik.pl\/blog\/korona-gor-polski-mogielica\/#mainImage","width":2048,"height":753},"primaryImageOfPage":{"@id":"https:\/\/www.skalnik.pl\/blog\/korona-gor-polski-mogielica\/#mainImage"},"datePublished":"2023-06-22T13:38:21+02:00","dateModified":"2023-06-28T11:28:17+02:00"},{"@type":"WebSite","@id":"https:\/\/www.skalnik.pl\/blog\/#website","url":"https:\/\/www.skalnik.pl\/blog\/","name":"blog Skalnik","description":"Blog, porady, artyku\u0142y - blog Skalnik","inLanguage":"pl-PL","publisher":{"@id":"https:\/\/www.skalnik.pl\/blog\/#organization"}}]},"og:locale":"pl_PL","og:site_name":"blog Skalnik - Blog, porady, artyku\u0142y - blog Skalnik","og:type":"article","og:title":"Korona G\u00f3r Polski: Mogielica - blog Skalnik","og:description":"Mogielica to najwy\u017cszy szczyt Beskidu Wyspowego. Je\u015bli planujesz wycieczk\u0119 w Beskidy lub zdobywasz Koron\u0119 G\u00f3r Polski, poznaj szlaki prowadz\u0105ce na Mogielic\u0119.","og:url":"https:\/\/www.skalnik.pl\/blog\/korona-gor-polski-mogielica\/","og:image":"https:\/\/www.skalnik.pl\/blog\/wp-content\/uploads\/2023\/06\/P5281233-min-1024x768.jpg","og:image:secure_url":"https:\/\/www.skalnik.pl\/blog\/wp-content\/uploads\/2023\/06\/P5281233-min-1024x768.jpg","article:tag":["pasja","korona g\u00f3r polski"],"article:published_time":"2023-06-22T11:38:21+00:00","article:modified_time":"2023-06-28T09:28:17+00:00","twitter:card":"summary_large_image","twitter:title":"Korona G\u00f3r Polski: Mogielica - blog Skalnik","twitter:description":"Mogielica to najwy\u017cszy szczyt Beskidu Wyspowego. Je\u015bli planujesz wycieczk\u0119 w Beskidy lub zdobywasz Koron\u0119 G\u00f3r Polski, poznaj szlaki prowadz\u0105ce na Mogielic\u0119.","twitter:image":"https:\/\/www.skalnik.pl\/blog\/wp-content\/uploads\/2023\/06\/P5281233-min-1024x768.jpg"},"aioseo_meta_data":{"post_id":"23295","title":null,"description":"Mogielica to najwy\u017cszy szczyt Beskidu Wyspowego. Je\u015bli planujesz wycieczk\u0119 w Beskidy lub zdobywasz Koron\u0119 G\u00f3r Polski, poznaj szlaki prowadz\u0105ce na Mogielic\u0119.","keywords":[],"keyphrases":{"focus":{"keyphrase":"","score":0,"analysis":{"keyphraseInTitle":{"score":0,"maxScore":9,"error":1}}},"additional":[]},"primary_term":null,"canonical_url":null,"og_title":null,"og_description":null,"og_object_type":"default","og_image_type":"default","og_image_url":null,"og_image_width":null,"og_image_height":null,"og_image_custom_url":null,"og_image_custom_fields":null,"og_video":"","og_custom_url":null,"og_article_section":null,"og_article_tags":[],"twitter_use_og":false,"twitter_card":"default","twitter_image_type":"default","twitter_image_url":null,"twitter_image_custom_url":null,"twitter_image_custom_fields":null,"twitter_title":null,"twitter_description":null,"schema":{"blockGraphs":[],"customGraphs":[],"default":{"data":{"Article":[],"Course":[],"Dataset":[],"FAQPage":[],"Movie":[],"Person":[],"Product":[],"ProductReview":[],"Car":[],"Recipe":[],"Service":[],"SoftwareApplication":[],"WebPage":[]},"graphName":"","isEnabled":true},"graphs":[]},"schema_type":"default","schema_type_options":null,"pillar_content":false,"robots_default":true,"robots_noindex":false,"robots_noarchive":false,"robots_nosnippet":false,"robots_nofollow":false,"robots_noimageindex":false,"robots_noodp":false,"robots_notranslate":false,"robots_max_snippet":"-1","robots_max_videopreview":"-1","robots_max_imagepreview":"large","priority":null,"frequency":"default","local_seo":null,"breadcrumb_settings":null,"limit_modified_date":false,"ai":null,"created":"2023-06-21 06:02:45","updated":"2026-02-17 22:40:19","seo_analyzer_scan_date":null},"aioseo_breadcrumb":"<div class=\"aioseo-breadcrumbs\"><span class=\"aioseo-breadcrumb\">\n\t\t\t<a href=\"https:\/\/www.skalnik.pl\/blog\" title=\"Home\">Home<\/a>\n\t\t<\/span><span class=\"aioseo-breadcrumb-separator\">&raquo;<\/span><span class=\"aioseo-breadcrumb\">\n\t\t\t<a href=\"https:\/\/www.skalnik.pl\/blog\/.\/pasja\/\" title=\"Pasja\">Pasja<\/a>\n\t\t<\/span><span class=\"aioseo-breadcrumb-separator\">&raquo;<\/span><span class=\"aioseo-breadcrumb\">\n\t\t\tKorona G\u00f3r Polski: Mogielica\n\t\t<\/span><\/div>","aioseo_breadcrumb_json":[{"label":"Home","link":"https:\/\/www.skalnik.pl\/blog"},{"label":"Pasja","link":"https:\/\/www.skalnik.pl\/blog\/.\/pasja\/"},{"label":"Korona G\u00f3r Polski: Mogielica","link":"https:\/\/www.skalnik.pl\/blog\/korona-gor-polski-mogielica\/"}],"_links":{"self":[{"href":"https:\/\/www.skalnik.pl\/blog\/wp-json\/wp\/v2\/posts\/23295","targetHints":{"allow":["GET"]}}],"collection":[{"href":"https:\/\/www.skalnik.pl\/blog\/wp-json\/wp\/v2\/posts"}],"about":[{"href":"https:\/\/www.skalnik.pl\/blog\/wp-json\/wp\/v2\/types\/post"}],"author":[{"embeddable":true,"href":"https:\/\/www.skalnik.pl\/blog\/wp-json\/wp\/v2\/users\/41"}],"replies":[{"embeddable":true,"href":"https:\/\/www.skalnik.pl\/blog\/wp-json\/wp\/v2\/comments?post=23295"}],"version-history":[{"count":4,"href":"https:\/\/www.skalnik.pl\/blog\/wp-json\/wp\/v2\/posts\/23295\/revisions"}],"predecessor-version":[{"id":23465,"href":"https:\/\/www.skalnik.pl\/blog\/wp-json\/wp\/v2\/posts\/23295\/revisions\/23465"}],"wp:featuredmedia":[{"embeddable":true,"href":"https:\/\/www.skalnik.pl\/blog\/wp-json\/wp\/v2\/media\/23351"}],"wp:attachment":[{"href":"https:\/\/www.skalnik.pl\/blog\/wp-json\/wp\/v2\/media?parent=23295"}],"wp:term":[{"taxonomy":"category","embeddable":true,"href":"https:\/\/www.skalnik.pl\/blog\/wp-json\/wp\/v2\/categories?post=23295"},{"taxonomy":"post_tag","embeddable":true,"href":"https:\/\/www.skalnik.pl\/blog\/wp-json\/wp\/v2\/tags?post=23295"},{"taxonomy":"magento_category","embeddable":true,"href":"https:\/\/www.skalnik.pl\/blog\/wp-json\/wp\/v2\/magento_category?post=23295"},{"taxonomy":"magento_product","embeddable":true,"href":"https:\/\/www.skalnik.pl\/blog\/wp-json\/wp\/v2\/magento_product?post=23295"}],"curies":[{"name":"wp","href":"https:\/\/api.w.org\/{rel}","templated":true}]}}