{"id":23423,"date":"2023-06-27T15:16:21","date_gmt":"2023-06-27T13:16:21","guid":{"rendered":"https:\/\/www.skalnik.pl\/blog\/?p=23423"},"modified":"2023-07-10T12:19:45","modified_gmt":"2023-07-10T10:19:45","slug":"scarpa-green-manifesto-ekologiczny-manifest-marki","status":"publish","type":"post","link":"https:\/\/www.skalnik.pl\/blog\/scarpa-green-manifesto-ekologiczny-manifest-marki\/","title":{"rendered":"Scarpa &#8211; Green Manifesto. Ekologiczny manifest marki"},"content":{"rendered":"\n<p><strong>Scarpa to marka, kt\u00f3ra powsta\u0142a w g\u00f3rach i dla g\u00f3r, a w\u0142a\u015bciwie dla ludzi z g\u00f3rami zwi\u0105zanymi. Je\u015bli wspinasz si\u0119, uprawiasz trekkingi, hikingi czy turystyk\u0119 wysokog\u00f3rsk\u0105, je\u017adzisz na nartach lub po prostu \u017cyjesz aktywnie, na pewno znasz t\u0119 mark\u0119. Blisko\u015b\u0107 g\u00f3r od pocz\u0105tku oznacza\u0142a te\u017c po\u0142o\u017cenie nacisku w produkcji na trosk\u0119 o \u015brodowisko naturalne. Co\u015b, co w przesz\u0142o\u015bci mog\u0142o wydawa\u0107 si\u0119 ekstrawagancj\u0105, dzi\u015b jest celem wielu \u015bwiatowych producent\u00f3w sprz\u0119tu outdoorowego. Poznaj manifest ekologiczny marki Scarpa, kt\u00f3ry okre\u015bla dzi\u015b jej to\u017csamo\u015b\u0107 i podkre\u015bla zwi\u0105zek z g\u00f3rami.<\/strong><\/p>\n\n\n\n<div id=\"ez-toc-container\" class=\"ez-toc-v2_0_85 counter-hierarchy ez-toc-counter ez-toc-light-blue ez-toc-container-direction\">\n<div class=\"ez-toc-title-container\">\n<p class=\"ez-toc-title\" style=\"cursor:inherit\">SPIS TRE\u015aCI <\/p>\n<span class=\"ez-toc-title-toggle\"><a href=\"#\" class=\"ez-toc-pull-right ez-toc-btn ez-toc-btn-xs ez-toc-btn-default ez-toc-toggle\" aria-label=\"Prze\u0142\u0105cznik Spisu Tre\u015bci\"><span class=\"ez-toc-js-icon-con\"><span class=\"\"><span class=\"eztoc-hide\" style=\"display:none;\">Toggle<\/span><span class=\"ez-toc-icon-toggle-span\"><svg style=\"fill: #999;color:#999\" xmlns=\"http:\/\/www.w3.org\/2000\/svg\" class=\"list-377408\" width=\"20px\" height=\"20px\" viewBox=\"0 0 24 24\" fill=\"none\"><path d=\"M6 6H4v2h2V6zm14 0H8v2h12V6zM4 11h2v2H4v-2zm16 0H8v2h12v-2zM4 16h2v2H4v-2zm16 0H8v2h12v-2z\" fill=\"currentColor\"><\/path><\/svg><svg style=\"fill: #999;color:#999\" class=\"arrow-unsorted-368013\" xmlns=\"http:\/\/www.w3.org\/2000\/svg\" width=\"10px\" height=\"10px\" viewBox=\"0 0 24 24\" version=\"1.2\" baseProfile=\"tiny\"><path d=\"M18.2 9.3l-6.2-6.3-6.2 6.3c-.2.2-.3.4-.3.7s.1.5.3.7c.2.2.4.3.7.3h11c.3 0 .5-.1.7-.3.2-.2.3-.5.3-.7s-.1-.5-.3-.7zM5.8 14.7l6.2 6.3 6.2-6.3c.2-.2.3-.5.3-.7s-.1-.5-.3-.7c-.2-.2-.4-.3-.7-.3h-11c-.3 0-.5.1-.7.3-.2.2-.3.5-.3.7s.1.5.3.7z\"\/><\/svg><\/span><\/span><\/span><\/a><\/span><\/div>\n<nav><ul class='ez-toc-list ez-toc-list-level-1 ' ><li class='ez-toc-page-1 ez-toc-heading-level-2'><a class=\"ez-toc-link ez-toc-heading-1\" href=\"https:\/\/www.skalnik.pl\/blog\/scarpa-green-manifesto-ekologiczny-manifest-marki\/#Green_Manifesto_%E2%80%93_Scarpa_kreuje_zielona_rzeczywistosc\" >Green Manifesto \u2013 Scarpa kreuje zielon\u0105 rzeczywisto\u015b\u0107<\/a><\/li><li class='ez-toc-page-1 ez-toc-heading-level-2'><a class=\"ez-toc-link ez-toc-heading-2\" href=\"https:\/\/www.skalnik.pl\/blog\/scarpa-green-manifesto-ekologiczny-manifest-marki\/#Sustainability_%E2%80%93_zrownowazony_rozwoj\" >Sustainability \u2013 zr\u00f3wnowa\u017cony rozw\u00f3j<\/a><\/li><li class='ez-toc-page-1 ez-toc-heading-level-2'><a class=\"ez-toc-link ez-toc-heading-3\" href=\"https:\/\/www.skalnik.pl\/blog\/scarpa-green-manifesto-ekologiczny-manifest-marki\/#Care_%E2%80%93_troska\" >Care \u2013 troska<\/a><\/li><li class='ez-toc-page-1 ez-toc-heading-level-2'><a class=\"ez-toc-link ez-toc-heading-4\" href=\"https:\/\/www.skalnik.pl\/blog\/scarpa-green-manifesto-ekologiczny-manifest-marki\/#Air_%E2%80%93_powietrze\" >Air \u2013 powietrze<\/a><\/li><li class='ez-toc-page-1 ez-toc-heading-level-2'><a class=\"ez-toc-link ez-toc-heading-5\" href=\"https:\/\/www.skalnik.pl\/blog\/scarpa-green-manifesto-ekologiczny-manifest-marki\/#Respect_%E2%80%93_szacunek\" >Respect \u2013 szacunek<\/a><\/li><li class='ez-toc-page-1 ez-toc-heading-level-2'><a class=\"ez-toc-link ez-toc-heading-6\" href=\"https:\/\/www.skalnik.pl\/blog\/scarpa-green-manifesto-ekologiczny-manifest-marki\/#Performance_%E2%80%93_wydajnosc\" >Performance \u2013 wydajno\u015b\u0107<\/a><\/li><li class='ez-toc-page-1 ez-toc-heading-level-2'><a class=\"ez-toc-link ez-toc-heading-7\" href=\"https:\/\/www.skalnik.pl\/blog\/scarpa-green-manifesto-ekologiczny-manifest-marki\/#Authentic_%E2%80%93_autentycznosc\" >Authentic \u2013 autentyczno\u015b\u0107<\/a><\/li><\/ul><\/nav><\/div>\n<h2 class=\"wp-block-heading\"><span class=\"ez-toc-section\" id=\"Green_Manifesto_%E2%80%93_Scarpa_kreuje_zielona_rzeczywistosc\"><\/span>Green Manifesto \u2013 Scarpa kreuje zielon\u0105 rzeczywisto\u015b\u0107<span class=\"ez-toc-section-end\"><\/span><\/h2>\n\n\n\n<p>Zr\u00f3wnowa\u017cone podej\u015bcie do produkcji by\u0142o od pocz\u0105tku wpisane w dzia\u0142ania marki Scarpa. Wi\u0105za\u0142o si\u0119 z histori\u0105 powstania marki, jej warto\u015bciami oraz trwa\u0142ym i nierozerwalnym zwi\u0105zkiem z g\u00f3rami. Wed\u0142ug os\u00f3b tworz\u0105cych mark\u0119 Scarpa nie da si\u0119 oderwa\u0107 tworzenia obuwia, b\u0119d\u0105cego najwa\u017cniejszym punktem styku cz\u0142owieka z g\u00f3rami od dbania o nasz\u0105 planet\u0119 i o jej zachowanie dla przysz\u0142ych pokole\u0144.<\/p>\n\n\n<div class=\"wp-block-image\">\n<figure class=\"aligncenter size-full\"><img loading=\"lazy\" decoding=\"async\" width=\"1024\" height=\"683\" src=\"https:\/\/www.skalnik.pl\/blog\/wp-content\/uploads\/2023\/02\/Scarpa-buty.jpg\" alt=\"\" class=\"wp-image-22272\" srcset=\"https:\/\/www.skalnik.pl\/blog\/wp-content\/uploads\/2023\/02\/Scarpa-buty.jpg 1024w, https:\/\/www.skalnik.pl\/blog\/wp-content\/uploads\/2023\/02\/Scarpa-buty-300x200.jpg 300w, https:\/\/www.skalnik.pl\/blog\/wp-content\/uploads\/2023\/02\/Scarpa-buty-768x512.jpg 768w\" sizes=\"auto, (max-width: 1024px) 100vw, 1024px\" \/><figcaption class=\"wp-element-caption\"><em>Scarpa tworzy w zgodzie ze zr\u00f3wnowa\u017conym podej\u015bciem do produkcji (fot. Scarpa)<\/em><\/figcaption><\/figure>\n<\/div>\n\n\n<p>Odpowiedzialno\u015b\u0107 ekologiczna marki by\u0142a wci\u0105\u017c obecna w produkcji, nawet, gdy \u015bwiat nie my\u015bla\u0142 o niej jeszcze jako o wiod\u0105cym trendzie w gospodarce. Dzi\u015b ta troska sta\u0142a si\u0119 g\u0142\u00f3wnym za\u0142o\u017ceniem i has\u0142em marki, a \u201ezielony manifest\u201d to drogowskaz, kt\u00f3ry wskazuje kierunki jej rozwoju.<\/p>\n\n\n\n<p>Jego g\u0142\u00f3wne za\u0142o\u017cenia zosta\u0142y u\u0142o\u017cone tak, by tworzy\u0142y nazw\u0119 SCARPA: <\/p>\n\n\n\n<ul class=\"wp-block-list\">\n<li><strong>S<\/strong>ustainability &#8211; zr\u00f3wnowa\u017cony rozw\u00f3j<\/li>\n\n\n\n<li><strong>C<\/strong>are &#8211; troska<\/li>\n\n\n\n<li><strong>A<\/strong>ir &#8211; powietrze<\/li>\n\n\n\n<li><strong>R<\/strong>espect &#8211; szacunek<\/li>\n\n\n\n<li><strong>P<\/strong>erformance &#8211; wydajno\u015b\u0107<\/li>\n\n\n\n<li><strong>A<\/strong>uthentic &#8211; autentyczno\u015b\u0107<\/li>\n<\/ul>\n\n\n\n<p>Poka\u017c\u0119 Ci teraz, jak te has\u0142a przek\u0142adaj\u0105 si\u0119 na tworzenie but\u00f3w trekkingowych, wspinaczkowych i narciarskich Scarpa.<\/p>\n\n\n\n<iframe loading=\"lazy\" width=\"800\" height=\"442\" src=\"https:\/\/www.youtube.com\/embed\/alqP7byVABw\" title=\"YouTube video player\" frameborder=\"0\" allow=\"accelerometer; autoplay; clipboard-write; encrypted-media; gyroscope; picture-in-picture; web-share\" allowfullscreen><\/iframe>\n\n\n\n<p class=\"has-cyan-bluish-gray-background-color has-background\">Kliknij w nazw\u0119 marki i zobacz wszystkie produkty marki &#8211;&gt;<a href=\"https:\/\/www.skalnik.pl\/scarpa\" target=\"_blank\" rel=\"noopener\" title=\"\"> Scarpa<\/a><\/p>\n\n\n\n<h2 class=\"wp-block-heading\"><span class=\"ez-toc-section\" id=\"Sustainability_%E2%80%93_zrownowazony_rozwoj\"><\/span>Sustainability \u2013 zr\u00f3wnowa\u017cony rozw\u00f3j<span class=\"ez-toc-section-end\"><\/span><\/h2>\n\n\n\n<p>Dla marki Scarpa zr\u00f3wnowa\u017cony rozw\u00f3j by\u0142 zawsze imperatywem w biznesie. I cho\u0107 \u017cadne buty nie s\u0105 w 100% neutralne ekologicznie i produkowane wy\u0142\u0105cznie w drodze zr\u00f3wnowa\u017conej produkcji, to marka dok\u0142ada stara\u0144 by udzia\u0142 technologii, materia\u0142\u00f3w i dzia\u0142a\u0144 sk\u0142adaj\u0105cych si\u0119 na to has\u0142o by\u0142 przewa\u017caj\u0105cy w ka\u017cdej parze obuwia trafiaj\u0105cego do mi\u0142o\u015bnik\u00f3w outdooru.<\/p>\n\n\n<div class=\"wp-block-image\">\n<figure class=\"aligncenter size-large\"><img loading=\"lazy\" decoding=\"async\" width=\"1024\" height=\"681\" src=\"https:\/\/www.skalnik.pl\/blog\/wp-content\/uploads\/2023\/06\/cattura7-1024x681.png\" alt=\"\" class=\"wp-image-23424\" srcset=\"https:\/\/www.skalnik.pl\/blog\/wp-content\/uploads\/2023\/06\/cattura7-1024x681.png 1024w, https:\/\/www.skalnik.pl\/blog\/wp-content\/uploads\/2023\/06\/cattura7-300x200.png 300w, https:\/\/www.skalnik.pl\/blog\/wp-content\/uploads\/2023\/06\/cattura7-768x511.png 768w, https:\/\/www.skalnik.pl\/blog\/wp-content\/uploads\/2023\/06\/cattura7.png 1290w\" sizes=\"auto, (max-width: 1024px) 100vw, 1024px\" \/><figcaption class=\"wp-element-caption\"><em>&#8222;Zielone&#8221; technologie pomagaj\u0105 w pokonywaniu kolejnych g\u00f3rskich wyzwa\u0144 (fot. Scarpa)<\/em><\/figcaption><\/figure>\n<\/div>\n\n\n<p>Marce przy\u015bwieca idea odpowiedzialno\u015bci nie tylko za to co tu i teraz, ale tak\u017ce za przysz\u0142o\u015b\u0107. Nie jest ona tylko pustym frazesem, ale zobrazowana zosta\u0142a konkretnymi celami i standardami. W ramach tego has\u0142a Scarpa inwestuje w <strong>\u201ezielone\u201d technologie<\/strong> produkcji, podnosi <strong>efektywno\u015b\u0107<\/strong> swoich fabryk, stosuje <strong>zasady zr\u00f3wnowa\u017conego rozwoju<\/strong> okre\u015blone w dokumentach i zaleceniach mi\u0119dzynarodowych oraz przyk\u0142ada wag\u0119 do wsp\u00f3\u0142zale\u017cno\u015bci mi\u0119dzy swoimi dzia\u0142aniami, a \u017cyciem naszej planety.<\/p>\n\n\n\n<h2 class=\"wp-block-heading\"><span class=\"ez-toc-section\" id=\"Care_%E2%80%93_troska\"><\/span>Care \u2013 troska<span class=\"ez-toc-section-end\"><\/span><\/h2>\n\n\n\n<p>Troska i uwaga to dwa g\u0142\u00f3wne elementy, kt\u00f3re s\u0105 obecne w powstawaniu ka\u017cdej pary but\u00f3w trekkingowych, wspinaczkowych czy narciarskich Scarpa. Troska marki dotyczy zar\u00f3wno samego produktu, jak i ludzi, kt\u00f3rzy go tworz\u0105 i z niego korzystaj\u0105, a tak\u017ce Ziemi. Dlatego od pocz\u0105tku Scarpa z pe\u0142n\u0105 \u015bwiadomo\u015bci\u0105 nie stosuje powszechnych w \u015bwiatowej produkcji technik postarzania wyrob\u00f3w, kt\u00f3re prowadz\u0105 do szybkiego zu\u017cywania produkt\u00f3w.<\/p>\n\n\n\n<p>Buty wspinaczkowe czy trekkingowe to najwa\u017cniejszy punkt styku mi\u0119dzy cz\u0142owiekiem, a g\u00f3rami. Musi dawa\u0107 poczucie bezpiecze\u0144stwa wynikaj\u0105cego z niezawodno\u015bci. Troska nap\u0119dza tworzenie technologii, kt\u00f3re przed\u0142u\u017caj\u0105 \u017cywotno\u015b\u0107 obuwia Scarpa, ale jednocze\u015bnie s\u0105 jak najbardziej neutralne dla \u015brodowiska.<\/p>\n\n\n\n<p>Przedmiotem troski marki s\u0105 te\u017c pracownicy na wszystkich poziomach tworzenia obuwia, od projektant\u00f3w po dystrybucj\u0119.<\/p>\n\n\n\n<p>W ramach realizacji tego has\u0142a Scarpa prowadzi a\u017c <strong>90% swojej produkcji na terenie Europy<\/strong>, g\u0142\u00f3wnie we w\u0142asnych fabrykach, co pozwala na <strong>zintegrowanie \u0142a\u0144cuch\u00f3w dostaw<\/strong> i ich optymalizacj\u0119. Dzia\u0142ania projektant\u00f3w skupiaj\u0105 si\u0119 te\u017c na tworzeniu rozwi\u0105za\u0144, kt\u00f3re <strong>podnosz\u0105 jako\u015b\u0107<\/strong> i <strong>przed\u0142u\u017caj\u0105 trwa\u0142o\u015b\u0107<\/strong> obuwia.<\/p>\n\n\n\n<h2 class=\"wp-block-heading\"><span class=\"ez-toc-section\" id=\"Air_%E2%80%93_powietrze\"><\/span>Air \u2013 powietrze<span class=\"ez-toc-section-end\"><\/span><\/h2>\n\n\n\n<p>Outdoor i aktywno\u015b\u0107 nieodmiennie kojarzy si\u0119 z wolno\u015bci\u0105, a ta potrzebuje przestrzeni i powietrza. &nbsp;Cho\u0107 cz\u0142owiek tworzy wci\u0105\u017c nowe wynalazki pozwalaj\u0105ce na szybsze przemieszczanie si\u0119, to chodzenie jest najbardziej pierwotn\u0105 i naturaln\u0105 form\u0105 ruchu. Jest te\u017c rozwi\u0105zaniem najbardziej \u201ezielonym\u201d i to w\u0142a\u015bnie w takim przemieszczaniu wspomaga Scarpa u\u017cytkownik\u00f3w swojego obuwia.<\/p>\n\n\n<div class=\"wp-block-image\">\n<figure class=\"aligncenter size-large\"><img loading=\"lazy\" decoding=\"async\" width=\"1024\" height=\"683\" src=\"https:\/\/www.skalnik.pl\/blog\/wp-content\/uploads\/2023\/06\/32A6880-min-1024x683.jpg\" alt=\"\" class=\"wp-image-23425\" srcset=\"https:\/\/www.skalnik.pl\/blog\/wp-content\/uploads\/2023\/06\/32A6880-min-1024x683.jpg 1024w, https:\/\/www.skalnik.pl\/blog\/wp-content\/uploads\/2023\/06\/32A6880-min-300x200.jpg 300w, https:\/\/www.skalnik.pl\/blog\/wp-content\/uploads\/2023\/06\/32A6880-min-768x512.jpg 768w, https:\/\/www.skalnik.pl\/blog\/wp-content\/uploads\/2023\/06\/32A6880-min-1536x1024.jpg 1536w, https:\/\/www.skalnik.pl\/blog\/wp-content\/uploads\/2023\/06\/32A6880-min-2048x1365.jpg 2048w\" sizes=\"auto, (max-width: 1024px) 100vw, 1024px\" \/><figcaption class=\"wp-element-caption\"><em>Buty to Tw\u00f3j najwa\u017cniejszy \u0142\u0105cznik z g\u00f3rami i ska\u0142ami, a w\u0119dr\u00f3wka jest metafor\u0105 ludzkiego \u017cycia (fot. Scarpa) <\/em><\/figcaption><\/figure>\n<\/div>\n\n\n<p>Przemieszczanie si\u0119 pieszo jest metafor\u0105 odkrywania \u015bwiata i metafor\u0105 \u017cycia. Jak zesp\u00f3\u0142 podczas wspinaczki, tak\u017ce my wszyscy po\u0142\u0105czeni jeste\u015bmy ni\u0107mi, kt\u00f3re pozwalaj\u0105 nam dzia\u0142a\u0107 i pokonywa\u0107 kolejne wyzwania.<\/p>\n\n\n\n<p>Dla marki Scarpa wype\u0142nieniem tego has\u0142a manifestu jest <strong>u\u017cywanie zasob\u00f3w odnawialnych<\/strong>, w tym energii s\u0142onecznej i wiatrowej, <strong>stosowanie \u201ezielonych\u201d rozwi\u0105za\u0144 technologicznych<\/strong> i innowacyjnych ekologicznych patent\u00f3w, a tak\u017ce piel\u0119gnowanie i przekazywanie dalej ducha przygody pchaj\u0105cego do podejmowania wyzwa\u0144.<\/p>\n\n\n\n<h2 class=\"wp-block-heading\"><span class=\"ez-toc-section\" id=\"Respect_%E2%80%93_szacunek\"><\/span>Respect \u2013 szacunek<span class=\"ez-toc-section-end\"><\/span><\/h2>\n\n\n\n<p>Scarpa widzi szacunek jako najwy\u017csz\u0105 form\u0119 oddania i uznania. To fundament wsp\u00f3\u0142\u017cycia nie tylko mi\u0119dzy lud\u017ami, ale tak\u017ce w szerszym znaczeniu mi\u0119dzy cz\u0142owiekiem, a \u015bwiatem. Cz\u0142owiek w \u015brodowisku naturalnym, cz\u0142owiek w g\u00f3rach nie mo\u017ce funkcjonowa\u0107 je\u015bli nie ma szacunku do swojego otoczenia.<\/p>\n\n\n\n<p>Sacunek to patrzenie na \u015bwiat nie tylko w\u0142asnymi oczami, ale te\u017c oczami innych, a tak\u017ce oczami naszego otoczenia. Je\u015bli wspinasz si\u0119 lub chodzisz po g\u00f3rach, wiesz doskonale, \u017ce podstaw\u0105 wszelkich takich dzia\u0142a\u0144 jest szacunek dla g\u00f3r. Nie mo\u017cna ich zlekcewa\u017cy\u0107, ale nie mo\u017cna si\u0119 ich tak\u017ce ba\u0107. Szacunek to przestrzeganie zasad i \u015bwiadomo\u015b\u0107 tego, co mo\u017ce si\u0119 wydarzy\u0107.<\/p>\n\n\n<div class=\"wp-block-image\">\n<figure class=\"aligncenter size-full\"><img loading=\"lazy\" decoding=\"async\" width=\"1024\" height=\"683\" src=\"https:\/\/www.skalnik.pl\/blog\/wp-content\/uploads\/2023\/02\/Scarpa-buty-wspinaczkowe.jpg\" alt=\"wspinaczka  scarpa buty  \" class=\"wp-image-22262\" srcset=\"https:\/\/www.skalnik.pl\/blog\/wp-content\/uploads\/2023\/02\/Scarpa-buty-wspinaczkowe.jpg 1024w, https:\/\/www.skalnik.pl\/blog\/wp-content\/uploads\/2023\/02\/Scarpa-buty-wspinaczkowe-300x200.jpg 300w, https:\/\/www.skalnik.pl\/blog\/wp-content\/uploads\/2023\/02\/Scarpa-buty-wspinaczkowe-768x512.jpg 768w\" sizes=\"auto, (max-width: 1024px) 100vw, 1024px\" \/><figcaption class=\"wp-element-caption\"><em>Szacunek do g\u00f3r to podstawa w pokonywaniu kolejnych wyzwa\u0144 (fot. Scarpa)<\/em><\/figcaption><\/figure>\n<\/div>\n\n\n<p>Dok\u0142adnie te same wyznaczniki szacunku i odpowiedzialno\u015bci stosuje Scarpa w swojej produkcji. Przejawiaj\u0105 si\u0119 one w przestrzeganiu <strong>zasad odpowiedzialno\u015bci spo\u0142ecznej<\/strong>, etyce prowadzenia biznesu, <strong>u\u017cywaniu certyfikowanych materia\u0142\u00f3w<\/strong> i rozwi\u0105za\u0144 technologicznych oraz stosowaniu zasad <strong>zero waste<\/strong>.<\/p>\n\n\n\n<p>Jednym z kluczowych program\u00f3w marki jest dofinansowany przez Uni\u0119 Europejsk\u0105 program <strong>Re-Shoes<\/strong> polegaj\u0105cy na dawaniu \u201edrugiego\u201d \u017cycia zniszczonemu i zu\u017cytemu obuwiu Scarpa. Pilota\u017c prowadzony jest we W\u0142oszech, Niemczech i Austrii, gdzie w pierwszej fazie zebrano od u\u017cytkownik\u00f3w oko\u0142o 15 tysi\u0119cy par zu\u017cytych but\u00f3w Scarpa Mojito, najbardziej znanego i ikonicznego modelu marki. Z zebranego obuwia odzyskano sk\u00f3r\u0119, materia\u0142y syntetyczne, gum\u0119, piank\u0119 u\u017cywan\u0105 w podeszwach wewn\u0119trznych i poddano je regeneracji oraz recyklingowi zr\u00f3wnowa\u017conymi metodami. Uzyskane w ten spos\u00f3b surowce trafi\u0142y do nowych but\u00f3w Scarpa, kt\u00f3rych produkcja sta\u0142a si\u0119 dzi\u0119ki temu bardziej neutralna ekologicznie. &nbsp;<\/p>\n\n\n\n<h2 class=\"wp-block-heading\"><span class=\"ez-toc-section\" id=\"Performance_%E2%80%93_wydajnosc\"><\/span>Performance \u2013 wydajno\u015b\u0107<span class=\"ez-toc-section-end\"><\/span><\/h2>\n\n\n\n<p>Scarpa jest mark\u0105 produkuj\u0105c\u0105 techniczne obuwie do r\u00f3\u017cnych g\u00f3rskich wyzwa\u0144. B\u0119d\u0105c w gronie najlepszych producent\u00f3w na \u015bwiecie dostarcza produkty o najwy\u017cszej jako\u015bci oraz wydajno\u015bci. Innowacyjne technologie, nowoczesne materia\u0142y i rozwi\u0105zania konstrukcyjne wspomagaj\u0105 ka\u017cdego u\u017cytkownika w osi\u0105ganiu swoich cel\u00f3w.<\/p>\n\n\n\n<p>Wydajno\u015b\u0107 zak\u0142ada nadawanie kszta\u0142tu marzeniom ka\u017cdego z nas w najlepszy mo\u017cliwy spos\u00f3b, kt\u00f3ry zapewnia tak\u017ce maksymalne bezpiecze\u0144stwo i szacunku dla przyrody. To tak\u017ce bycie lepsz\u0105 wersj\u0105 samego siebie. Dlatego w nowych eko-produktach Scarpa zachowano ich <strong>niezawodno\u015b\u0107<\/strong> cenion\u0105 od lat w \u015brodowisku outdoorowym, przy jednoczesnym <strong>zastosowaniu technologii i materia\u0142\u00f3w biodegradowalnych<\/strong>, pochodzenia ro\u015blinnego, klej\u00f3w na bazie wody czy opakowa\u0144 z makulatury. Rozwi\u0105zania stosowane przez Scarpa odznaczaj\u0105 si\u0119 te\u017c <strong>zmniejszon\u0105 emisj\u0105 CO2<\/strong>.<\/p>\n\n\n\n<h2 class=\"wp-block-heading\"><span class=\"ez-toc-section\" id=\"Authentic_%E2%80%93_autentycznosc\"><\/span>Authentic \u2013 autentyczno\u015b\u0107<span class=\"ez-toc-section-end\"><\/span><\/h2>\n\n\n\n<p>Marka Scarpa jest dok\u0142adnie taka, jak\u0105 j\u0105 widzisz. Za\u0142o\u017cona w 1938 r. firma wci\u0105\u017c zmienia siebie i \u015bwiat korzystaj\u0105c z w\u0142asnych do\u015bwiadcze\u0144, ale tak\u017ce innowacyjnych rozwi\u0105za\u0144 i technologii. Droga wiod\u0105ca do odpowiedzialno\u015bci produkcji jest powolna i musi pokonywa\u0107 wiele pojawiaj\u0105cych si\u0119 ogranicze\u0144. Mo\u017cna j\u0105 por\u00f3wna\u0107 do wspinaczki now\u0105 drog\u0105, kt\u00f3ra na ka\u017cdym kroku i ka\u017cdym kolejnym wyci\u0105gu zaskakuje wyzwaniami.<\/p>\n\n\n<div class=\"wp-block-image\">\n<figure class=\"aligncenter size-full\"><img loading=\"lazy\" decoding=\"async\" width=\"1024\" height=\"690\" src=\"https:\/\/www.skalnik.pl\/blog\/wp-content\/uploads\/2023\/02\/Buty-wysokog\u00f3rskie-Scarpa.jpg\" alt=\"scarpa buty alpinizm\" class=\"wp-image-22264\" srcset=\"https:\/\/www.skalnik.pl\/blog\/wp-content\/uploads\/2023\/02\/Buty-wysokog\u00f3rskie-Scarpa.jpg 1024w, https:\/\/www.skalnik.pl\/blog\/wp-content\/uploads\/2023\/02\/Buty-wysokog\u00f3rskie-Scarpa-300x202.jpg 300w, https:\/\/www.skalnik.pl\/blog\/wp-content\/uploads\/2023\/02\/Buty-wysokog\u00f3rskie-Scarpa-768x518.jpg 768w\" sizes=\"auto, (max-width: 1024px) 100vw, 1024px\" \/><figcaption class=\"wp-element-caption\"><em>Droga do w pe\u0142ni odpowiedzialnej produkcji Scarpa wci\u0105\u017c trwa, a Green Manifesto jest jej wyznacznikiem. (fot. Scarpa)<\/em><\/figcaption><\/figure>\n<\/div>\n\n\n<p>Ta podr\u00f3\u017c marki Scarpa jest tak samo prawdziwa jak ta, kt\u00f3r\u0105 odbywasz pokonuj\u0105c kolejne g\u00f3rskie wyzwania, ale \u017cadne miejsce nie jest za daleko by do niego d\u0105\u017cy\u0107.<\/p>\n\n\n\n<p>W poj\u0119ciu autentyczno\u015bci marki mieszcz\u0105 si\u0119 <strong>innowacyjno\u015b\u0107, praca zespo\u0142owa<\/strong> oraz <strong>korzystanie z pomocy Ambasador\u00f3w Odpowiedzialno\u015bci<\/strong>, z kt\u00f3rymi \u0142atwiej jest realizowa\u0107 za\u0142o\u017cone cele.<\/p>\n\n\n\n<hr class=\"wp-block-separator has-alpha-channel-opacity is-style-dots\"\/>\n\n\n\n<p>Niewiele jest marek, kt\u00f3re od swoich pocz\u0105tk\u00f3w tak mocno zwracaj\u0105 uwag\u0119 na kwestie zwi\u0105zk\u00f3w produkcji ze \u015brodowiskiem naturalnym. Cho\u0107 Scarpa, podobnie jak inni producenci wci\u0105\u017c maj\u0105 przed sob\u0105 d\u0142ug\u0105 drog\u0119, to manifest ekologiczny, kt\u00f3ry jest dzi\u015b g\u0142\u00f3wnym dokumentem kreuj\u0105cym kierunki rozwoju marki sprawia, \u017ce ma ona \u015bci\u015ble wyznaczone cele i jest ukierunkowana na ich osi\u0105ganie. Wybieraj\u0105c buty Scarpa wiesz, \u017ce s\u0105 one tworzone tak, by wywiera\u0107 jak najmniejszy wp\u0142yw na otoczenie. Bo przecie\u017c i Ty i ja, chcemy by tak\u017ce kolejne pokolenia mog\u0142y si\u0119 cieszy\u0107 z pi\u0119kna g\u00f3r.<\/p>\n\n\n\n<figure class=\"wp-block-image size-full\"><img loading=\"lazy\" decoding=\"async\" width=\"1024\" height=\"250\" src=\"https:\/\/www.skalnik.pl\/blog\/wp-content\/uploads\/2023\/06\/reklama-scarpa-sklep.jpg\" alt=\"\" class=\"wp-image-23449\" srcset=\"https:\/\/www.skalnik.pl\/blog\/wp-content\/uploads\/2023\/06\/reklama-scarpa-sklep.jpg 1024w, https:\/\/www.skalnik.pl\/blog\/wp-content\/uploads\/2023\/06\/reklama-scarpa-sklep-300x73.jpg 300w, https:\/\/www.skalnik.pl\/blog\/wp-content\/uploads\/2023\/06\/reklama-scarpa-sklep-768x188.jpg 768w\" sizes=\"auto, (max-width: 1024px) 100vw, 1024px\" \/><\/figure>\n","protected":false},"excerpt":{"rendered":"<p>Poznaj Green Manifesto marki Scarpa, jednego z lider\u00f3w zr\u00f3wnowa\u017conego podej\u015bcia do produkcji w outdoorze. <\/p>\n","protected":false},"author":41,"featured_media":23658,"comment_status":"closed","ping_status":"closed","sticky":false,"template":"","format":"standard","meta":{"_acf_changed":false,"footnotes":""},"categories":[5],"tags":[100,27],"magento_category":[253],"magento_product":[],"class_list":["post-23423","post","type-post","status-publish","format-standard","has-post-thumbnail","hentry","category-branza","tag-buty-trekkingowe","tag-eko"],"acf":[],"aioseo_notices":[],"aioseo_head":"\n\t\t<!-- All in One SEO 4.9.10 - aioseo.com -->\n\t<meta name=\"description\" content=\"Green Manifesto Scarpa to deklaracja dzia\u0142a\u0144 marki w zakresie ekologii. Buty trekkingowe, wspinaczkowe, narciarskie Scarpa s\u0105 tworzone w spos\u00f3b zr\u00f3wnowa\u017cony.\" \/>\n\t<meta name=\"robots\" content=\"max-image-preview:large\" \/>\n\t<meta name=\"author\" content=\"Anna \u015aliwa\"\/>\n\t<link rel=\"canonical\" href=\"https:\/\/www.skalnik.pl\/blog\/scarpa-green-manifesto-ekologiczny-manifest-marki\/\" \/>\n\t<meta name=\"generator\" content=\"All in One SEO (AIOSEO) 4.9.10\" \/>\n\t\t<meta property=\"og:locale\" content=\"pl_PL\" \/>\n\t\t<meta property=\"og:site_name\" content=\"blog Skalnik - Blog, porady, artyku\u0142y - blog Skalnik\" \/>\n\t\t<meta property=\"og:type\" content=\"article\" \/>\n\t\t<meta property=\"og:title\" content=\"Scarpa \u2013 Green Manifesto. Ekologiczny manifest marki - blog Skalnik\" \/>\n\t\t<meta property=\"og:description\" content=\"Green Manifesto Scarpa to deklaracja dzia\u0142a\u0144 marki w zakresie ekologii. Buty trekkingowe, wspinaczkowe, narciarskie Scarpa s\u0105 tworzone w spos\u00f3b zr\u00f3wnowa\u017cony.\" \/>\n\t\t<meta property=\"og:url\" content=\"https:\/\/www.skalnik.pl\/blog\/scarpa-green-manifesto-ekologiczny-manifest-marki\/\" \/>\n\t\t<meta property=\"og:image\" content=\"https:\/\/www.skalnik.pl\/blog\/wp-content\/uploads\/2023\/02\/Scarpa-buty.jpg\" \/>\n\t\t<meta property=\"og:image:secure_url\" content=\"https:\/\/www.skalnik.pl\/blog\/wp-content\/uploads\/2023\/02\/Scarpa-buty.jpg\" \/>\n\t\t<meta property=\"og:image:width\" content=\"1024\" \/>\n\t\t<meta property=\"og:image:height\" content=\"683\" \/>\n\t\t<meta property=\"article:tag\" content=\"bran\u017ca\" \/>\n\t\t<meta property=\"article:tag\" content=\"buty trekkingowe\" \/>\n\t\t<meta property=\"article:tag\" content=\"eko\" \/>\n\t\t<meta property=\"article:published_time\" content=\"2023-06-27T13:16:21+00:00\" \/>\n\t\t<meta property=\"article:modified_time\" content=\"2023-07-10T10:19:45+00:00\" \/>\n\t\t<meta name=\"twitter:card\" content=\"summary_large_image\" \/>\n\t\t<meta name=\"twitter:title\" content=\"Scarpa \u2013 Green Manifesto. Ekologiczny manifest marki - blog Skalnik\" \/>\n\t\t<meta name=\"twitter:description\" content=\"Green Manifesto Scarpa to deklaracja dzia\u0142a\u0144 marki w zakresie ekologii. Buty trekkingowe, wspinaczkowe, narciarskie Scarpa s\u0105 tworzone w spos\u00f3b zr\u00f3wnowa\u017cony.\" \/>\n\t\t<meta name=\"twitter:image\" content=\"https:\/\/www.skalnik.pl\/blog\/wp-content\/uploads\/2023\/02\/Scarpa-buty.jpg\" \/>\n\t\t<script type=\"application\/ld+json\" class=\"aioseo-schema\">\n\t\t\t{\"@context\":\"https:\\\/\\\/schema.org\",\"@graph\":[{\"@type\":\"BlogPosting\",\"@id\":\"https:\\\/\\\/www.skalnik.pl\\\/blog\\\/scarpa-green-manifesto-ekologiczny-manifest-marki\\\/#blogposting\",\"name\":\"Scarpa \\u2013 Green Manifesto. Ekologiczny manifest marki - blog Skalnik\",\"headline\":\"Scarpa &#8211; Green Manifesto. Ekologiczny manifest marki\",\"author\":{\"@id\":\"https:\\\/\\\/www.skalnik.pl\\\/blog\\\/author\\\/anna-sliwa\\\/#author\"},\"publisher\":{\"@id\":\"https:\\\/\\\/www.skalnik.pl\\\/blog\\\/#organization\"},\"image\":{\"@type\":\"ImageObject\",\"url\":\"https:\\\/\\\/www.skalnik.pl\\\/blog\\\/wp-content\\\/uploads\\\/2023\\\/06\\\/okladka-scarpa-green-manifesto.jpg\",\"width\":1920,\"height\":706},\"datePublished\":\"2023-06-27T15:16:21+02:00\",\"dateModified\":\"2023-07-10T12:19:45+02:00\",\"inLanguage\":\"pl-PL\",\"mainEntityOfPage\":{\"@id\":\"https:\\\/\\\/www.skalnik.pl\\\/blog\\\/scarpa-green-manifesto-ekologiczny-manifest-marki\\\/#webpage\"},\"isPartOf\":{\"@id\":\"https:\\\/\\\/www.skalnik.pl\\\/blog\\\/scarpa-green-manifesto-ekologiczny-manifest-marki\\\/#webpage\"},\"articleSection\":\"Bran\\u017ca, buty trekkingowe, eko, 1099\"},{\"@type\":\"BreadcrumbList\",\"@id\":\"https:\\\/\\\/www.skalnik.pl\\\/blog\\\/scarpa-green-manifesto-ekologiczny-manifest-marki\\\/#breadcrumblist\",\"itemListElement\":[{\"@type\":\"ListItem\",\"@id\":\"https:\\\/\\\/www.skalnik.pl\\\/blog#listItem\",\"position\":1,\"name\":\"Home\",\"item\":\"https:\\\/\\\/www.skalnik.pl\\\/blog\",\"nextItem\":{\"@type\":\"ListItem\",\"@id\":\"https:\\\/\\\/www.skalnik.pl\\\/blog\\\/.\\\/branza\\\/#listItem\",\"name\":\"Bran\\u017ca\"}},{\"@type\":\"ListItem\",\"@id\":\"https:\\\/\\\/www.skalnik.pl\\\/blog\\\/.\\\/branza\\\/#listItem\",\"position\":2,\"name\":\"Bran\\u017ca\",\"item\":\"https:\\\/\\\/www.skalnik.pl\\\/blog\\\/.\\\/branza\\\/\",\"nextItem\":{\"@type\":\"ListItem\",\"@id\":\"https:\\\/\\\/www.skalnik.pl\\\/blog\\\/scarpa-green-manifesto-ekologiczny-manifest-marki\\\/#listItem\",\"name\":\"Scarpa &#8211; Green Manifesto. Ekologiczny manifest marki\"},\"previousItem\":{\"@type\":\"ListItem\",\"@id\":\"https:\\\/\\\/www.skalnik.pl\\\/blog#listItem\",\"name\":\"Home\"}},{\"@type\":\"ListItem\",\"@id\":\"https:\\\/\\\/www.skalnik.pl\\\/blog\\\/scarpa-green-manifesto-ekologiczny-manifest-marki\\\/#listItem\",\"position\":3,\"name\":\"Scarpa &#8211; Green Manifesto. Ekologiczny manifest marki\",\"previousItem\":{\"@type\":\"ListItem\",\"@id\":\"https:\\\/\\\/www.skalnik.pl\\\/blog\\\/.\\\/branza\\\/#listItem\",\"name\":\"Bran\\u017ca\"}}]},{\"@type\":\"Organization\",\"@id\":\"https:\\\/\\\/www.skalnik.pl\\\/blog\\\/#organization\",\"name\":\"blog Skalnik\",\"description\":\"Blog, porady, artyku\\u0142y - blog Skalnik\",\"url\":\"https:\\\/\\\/www.skalnik.pl\\\/blog\\\/\"},{\"@type\":\"Person\",\"@id\":\"https:\\\/\\\/www.skalnik.pl\\\/blog\\\/author\\\/anna-sliwa\\\/#author\",\"url\":\"https:\\\/\\\/www.skalnik.pl\\\/blog\\\/author\\\/anna-sliwa\\\/\",\"name\":\"Anna \\u015aliwa\",\"image\":{\"@type\":\"ImageObject\",\"@id\":\"https:\\\/\\\/www.skalnik.pl\\\/blog\\\/scarpa-green-manifesto-ekologiczny-manifest-marki\\\/#authorImage\",\"url\":\"https:\\\/\\\/secure.gravatar.com\\\/avatar\\\/e8300be3de710e2e109e5dfbf092dcf827242ec8071807a1e13f6b3f7c9bbd79?s=96&d=mm&r=g\",\"width\":96,\"height\":96,\"caption\":\"Anna \\u015aliwa\"}},{\"@type\":\"WebPage\",\"@id\":\"https:\\\/\\\/www.skalnik.pl\\\/blog\\\/scarpa-green-manifesto-ekologiczny-manifest-marki\\\/#webpage\",\"url\":\"https:\\\/\\\/www.skalnik.pl\\\/blog\\\/scarpa-green-manifesto-ekologiczny-manifest-marki\\\/\",\"name\":\"Scarpa \\u2013 Green Manifesto. Ekologiczny manifest marki - blog Skalnik\",\"description\":\"Green Manifesto Scarpa to deklaracja dzia\\u0142a\\u0144 marki w zakresie ekologii. Buty trekkingowe, wspinaczkowe, narciarskie Scarpa s\\u0105 tworzone w spos\\u00f3b zr\\u00f3wnowa\\u017cony.\",\"inLanguage\":\"pl-PL\",\"isPartOf\":{\"@id\":\"https:\\\/\\\/www.skalnik.pl\\\/blog\\\/#website\"},\"breadcrumb\":{\"@id\":\"https:\\\/\\\/www.skalnik.pl\\\/blog\\\/scarpa-green-manifesto-ekologiczny-manifest-marki\\\/#breadcrumblist\"},\"author\":{\"@id\":\"https:\\\/\\\/www.skalnik.pl\\\/blog\\\/author\\\/anna-sliwa\\\/#author\"},\"creator\":{\"@id\":\"https:\\\/\\\/www.skalnik.pl\\\/blog\\\/author\\\/anna-sliwa\\\/#author\"},\"image\":{\"@type\":\"ImageObject\",\"url\":\"https:\\\/\\\/www.skalnik.pl\\\/blog\\\/wp-content\\\/uploads\\\/2023\\\/06\\\/okladka-scarpa-green-manifesto.jpg\",\"@id\":\"https:\\\/\\\/www.skalnik.pl\\\/blog\\\/scarpa-green-manifesto-ekologiczny-manifest-marki\\\/#mainImage\",\"width\":1920,\"height\":706},\"primaryImageOfPage\":{\"@id\":\"https:\\\/\\\/www.skalnik.pl\\\/blog\\\/scarpa-green-manifesto-ekologiczny-manifest-marki\\\/#mainImage\"},\"datePublished\":\"2023-06-27T15:16:21+02:00\",\"dateModified\":\"2023-07-10T12:19:45+02:00\"},{\"@type\":\"WebSite\",\"@id\":\"https:\\\/\\\/www.skalnik.pl\\\/blog\\\/#website\",\"url\":\"https:\\\/\\\/www.skalnik.pl\\\/blog\\\/\",\"name\":\"blog Skalnik\",\"description\":\"Blog, porady, artyku\\u0142y - blog Skalnik\",\"inLanguage\":\"pl-PL\",\"publisher\":{\"@id\":\"https:\\\/\\\/www.skalnik.pl\\\/blog\\\/#organization\"}}]}\n\t\t<\/script>\n\t\t<!-- All in One SEO -->\n\n","aioseo_head_json":{"title":"Scarpa \u2013 Green Manifesto. Ekologiczny manifest marki - blog Skalnik","description":"Green Manifesto Scarpa to deklaracja dzia\u0142a\u0144 marki w zakresie ekologii. Buty trekkingowe, wspinaczkowe, narciarskie Scarpa s\u0105 tworzone w spos\u00f3b zr\u00f3wnowa\u017cony.","canonical_url":"https:\/\/www.skalnik.pl\/blog\/scarpa-green-manifesto-ekologiczny-manifest-marki\/","robots":"max-image-preview:large","keywords":"","webmasterTools":{"miscellaneous":""},"schema":{"@context":"https:\/\/schema.org","@graph":[{"@type":"BlogPosting","@id":"https:\/\/www.skalnik.pl\/blog\/scarpa-green-manifesto-ekologiczny-manifest-marki\/#blogposting","name":"Scarpa \u2013 Green Manifesto. Ekologiczny manifest marki - blog Skalnik","headline":"Scarpa &#8211; Green Manifesto. Ekologiczny manifest marki","author":{"@id":"https:\/\/www.skalnik.pl\/blog\/author\/anna-sliwa\/#author"},"publisher":{"@id":"https:\/\/www.skalnik.pl\/blog\/#organization"},"image":{"@type":"ImageObject","url":"https:\/\/www.skalnik.pl\/blog\/wp-content\/uploads\/2023\/06\/okladka-scarpa-green-manifesto.jpg","width":1920,"height":706},"datePublished":"2023-06-27T15:16:21+02:00","dateModified":"2023-07-10T12:19:45+02:00","inLanguage":"pl-PL","mainEntityOfPage":{"@id":"https:\/\/www.skalnik.pl\/blog\/scarpa-green-manifesto-ekologiczny-manifest-marki\/#webpage"},"isPartOf":{"@id":"https:\/\/www.skalnik.pl\/blog\/scarpa-green-manifesto-ekologiczny-manifest-marki\/#webpage"},"articleSection":"Bran\u017ca, buty trekkingowe, eko, 1099"},{"@type":"BreadcrumbList","@id":"https:\/\/www.skalnik.pl\/blog\/scarpa-green-manifesto-ekologiczny-manifest-marki\/#breadcrumblist","itemListElement":[{"@type":"ListItem","@id":"https:\/\/www.skalnik.pl\/blog#listItem","position":1,"name":"Home","item":"https:\/\/www.skalnik.pl\/blog","nextItem":{"@type":"ListItem","@id":"https:\/\/www.skalnik.pl\/blog\/.\/branza\/#listItem","name":"Bran\u017ca"}},{"@type":"ListItem","@id":"https:\/\/www.skalnik.pl\/blog\/.\/branza\/#listItem","position":2,"name":"Bran\u017ca","item":"https:\/\/www.skalnik.pl\/blog\/.\/branza\/","nextItem":{"@type":"ListItem","@id":"https:\/\/www.skalnik.pl\/blog\/scarpa-green-manifesto-ekologiczny-manifest-marki\/#listItem","name":"Scarpa &#8211; Green Manifesto. Ekologiczny manifest marki"},"previousItem":{"@type":"ListItem","@id":"https:\/\/www.skalnik.pl\/blog#listItem","name":"Home"}},{"@type":"ListItem","@id":"https:\/\/www.skalnik.pl\/blog\/scarpa-green-manifesto-ekologiczny-manifest-marki\/#listItem","position":3,"name":"Scarpa &#8211; Green Manifesto. Ekologiczny manifest marki","previousItem":{"@type":"ListItem","@id":"https:\/\/www.skalnik.pl\/blog\/.\/branza\/#listItem","name":"Bran\u017ca"}}]},{"@type":"Organization","@id":"https:\/\/www.skalnik.pl\/blog\/#organization","name":"blog Skalnik","description":"Blog, porady, artyku\u0142y - blog Skalnik","url":"https:\/\/www.skalnik.pl\/blog\/"},{"@type":"Person","@id":"https:\/\/www.skalnik.pl\/blog\/author\/anna-sliwa\/#author","url":"https:\/\/www.skalnik.pl\/blog\/author\/anna-sliwa\/","name":"Anna \u015aliwa","image":{"@type":"ImageObject","@id":"https:\/\/www.skalnik.pl\/blog\/scarpa-green-manifesto-ekologiczny-manifest-marki\/#authorImage","url":"https:\/\/secure.gravatar.com\/avatar\/e8300be3de710e2e109e5dfbf092dcf827242ec8071807a1e13f6b3f7c9bbd79?s=96&d=mm&r=g","width":96,"height":96,"caption":"Anna \u015aliwa"}},{"@type":"WebPage","@id":"https:\/\/www.skalnik.pl\/blog\/scarpa-green-manifesto-ekologiczny-manifest-marki\/#webpage","url":"https:\/\/www.skalnik.pl\/blog\/scarpa-green-manifesto-ekologiczny-manifest-marki\/","name":"Scarpa \u2013 Green Manifesto. Ekologiczny manifest marki - blog Skalnik","description":"Green Manifesto Scarpa to deklaracja dzia\u0142a\u0144 marki w zakresie ekologii. Buty trekkingowe, wspinaczkowe, narciarskie Scarpa s\u0105 tworzone w spos\u00f3b zr\u00f3wnowa\u017cony.","inLanguage":"pl-PL","isPartOf":{"@id":"https:\/\/www.skalnik.pl\/blog\/#website"},"breadcrumb":{"@id":"https:\/\/www.skalnik.pl\/blog\/scarpa-green-manifesto-ekologiczny-manifest-marki\/#breadcrumblist"},"author":{"@id":"https:\/\/www.skalnik.pl\/blog\/author\/anna-sliwa\/#author"},"creator":{"@id":"https:\/\/www.skalnik.pl\/blog\/author\/anna-sliwa\/#author"},"image":{"@type":"ImageObject","url":"https:\/\/www.skalnik.pl\/blog\/wp-content\/uploads\/2023\/06\/okladka-scarpa-green-manifesto.jpg","@id":"https:\/\/www.skalnik.pl\/blog\/scarpa-green-manifesto-ekologiczny-manifest-marki\/#mainImage","width":1920,"height":706},"primaryImageOfPage":{"@id":"https:\/\/www.skalnik.pl\/blog\/scarpa-green-manifesto-ekologiczny-manifest-marki\/#mainImage"},"datePublished":"2023-06-27T15:16:21+02:00","dateModified":"2023-07-10T12:19:45+02:00"},{"@type":"WebSite","@id":"https:\/\/www.skalnik.pl\/blog\/#website","url":"https:\/\/www.skalnik.pl\/blog\/","name":"blog Skalnik","description":"Blog, porady, artyku\u0142y - blog Skalnik","inLanguage":"pl-PL","publisher":{"@id":"https:\/\/www.skalnik.pl\/blog\/#organization"}}]},"og:locale":"pl_PL","og:site_name":"blog Skalnik - Blog, porady, artyku\u0142y - blog Skalnik","og:type":"article","og:title":"Scarpa \u2013 Green Manifesto. Ekologiczny manifest marki - blog Skalnik","og:description":"Green Manifesto Scarpa to deklaracja dzia\u0142a\u0144 marki w zakresie ekologii. Buty trekkingowe, wspinaczkowe, narciarskie Scarpa s\u0105 tworzone w spos\u00f3b zr\u00f3wnowa\u017cony.","og:url":"https:\/\/www.skalnik.pl\/blog\/scarpa-green-manifesto-ekologiczny-manifest-marki\/","og:image":"https:\/\/www.skalnik.pl\/blog\/wp-content\/uploads\/2023\/02\/Scarpa-buty.jpg","og:image:secure_url":"https:\/\/www.skalnik.pl\/blog\/wp-content\/uploads\/2023\/02\/Scarpa-buty.jpg","og:image:width":1024,"og:image:height":683,"article:tag":["bran\u017ca","buty trekkingowe","eko"],"article:published_time":"2023-06-27T13:16:21+00:00","article:modified_time":"2023-07-10T10:19:45+00:00","twitter:card":"summary_large_image","twitter:title":"Scarpa \u2013 Green Manifesto. Ekologiczny manifest marki - blog Skalnik","twitter:description":"Green Manifesto Scarpa to deklaracja dzia\u0142a\u0144 marki w zakresie ekologii. Buty trekkingowe, wspinaczkowe, narciarskie Scarpa s\u0105 tworzone w spos\u00f3b zr\u00f3wnowa\u017cony.","twitter:image":"https:\/\/www.skalnik.pl\/blog\/wp-content\/uploads\/2023\/02\/Scarpa-buty.jpg"},"aioseo_meta_data":{"post_id":"23423","title":null,"description":"Green Manifesto Scarpa to deklaracja dzia\u0142a\u0144 marki w zakresie ekologii. Buty trekkingowe, wspinaczkowe, narciarskie Scarpa s\u0105 tworzone w spos\u00f3b zr\u00f3wnowa\u017cony.","keywords":[],"keyphrases":{"focus":{"keyphrase":"scarpa","score":90,"analysis":{"keyphraseInTitle":{"score":9,"maxScore":9,"error":0},"keyphraseInDescription":{"score":9,"maxScore":9,"error":0},"keyphraseLength":{"score":9,"maxScore":9,"error":0,"length":1},"keyphraseInURL":{"score":5,"maxScore":5,"error":0},"keyphraseInIntroduction":{"score":9,"maxScore":9,"error":0},"keyphraseInSubHeadings":{"score":3,"maxScore":9,"error":1},"keyphraseInImageAlt":{"score":9,"maxScore":9,"error":0}}},"additional":[]},"primary_term":null,"canonical_url":null,"og_title":null,"og_description":null,"og_object_type":"default","og_image_type":"default","og_image_url":null,"og_image_width":null,"og_image_height":null,"og_image_custom_url":null,"og_image_custom_fields":null,"og_video":"","og_custom_url":null,"og_article_section":null,"og_article_tags":[],"twitter_use_og":false,"twitter_card":"default","twitter_image_type":"default","twitter_image_url":null,"twitter_image_custom_url":null,"twitter_image_custom_fields":null,"twitter_title":null,"twitter_description":null,"schema":{"blockGraphs":[],"customGraphs":[],"default":{"data":{"Article":[],"Course":[],"Dataset":[],"FAQPage":[],"Movie":[],"Person":[],"Product":[],"ProductReview":[],"Car":[],"Recipe":[],"Service":[],"SoftwareApplication":[],"WebPage":[]},"graphName":"","isEnabled":true},"graphs":[]},"schema_type":"default","schema_type_options":null,"pillar_content":false,"robots_default":true,"robots_noindex":false,"robots_noarchive":false,"robots_nosnippet":false,"robots_nofollow":false,"robots_noimageindex":false,"robots_noodp":false,"robots_notranslate":false,"robots_max_snippet":"-1","robots_max_videopreview":"-1","robots_max_imagepreview":"large","priority":null,"frequency":"default","local_seo":null,"breadcrumb_settings":null,"limit_modified_date":false,"ai":null,"created":"2023-06-26 10:27:40","updated":"2026-02-17 22:40:20","seo_analyzer_scan_date":null},"aioseo_breadcrumb":"<div class=\"aioseo-breadcrumbs\"><span class=\"aioseo-breadcrumb\">\n\t\t\t<a href=\"https:\/\/www.skalnik.pl\/blog\" title=\"Home\">Home<\/a>\n\t\t<\/span><span class=\"aioseo-breadcrumb-separator\">&raquo;<\/span><span class=\"aioseo-breadcrumb\">\n\t\t\t<a href=\"https:\/\/www.skalnik.pl\/blog\/.\/branza\/\" title=\"Bran\u017ca\">Bran\u017ca<\/a>\n\t\t<\/span><span class=\"aioseo-breadcrumb-separator\">&raquo;<\/span><span class=\"aioseo-breadcrumb\">\n\t\t\tScarpa \u2013 Green Manifesto. Ekologiczny manifest marki\n\t\t<\/span><\/div>","aioseo_breadcrumb_json":[{"label":"Home","link":"https:\/\/www.skalnik.pl\/blog"},{"label":"Bran\u017ca","link":"https:\/\/www.skalnik.pl\/blog\/.\/branza\/"},{"label":"Scarpa &#8211; Green Manifesto. Ekologiczny manifest marki","link":"https:\/\/www.skalnik.pl\/blog\/scarpa-green-manifesto-ekologiczny-manifest-marki\/"}],"_links":{"self":[{"href":"https:\/\/www.skalnik.pl\/blog\/wp-json\/wp\/v2\/posts\/23423","targetHints":{"allow":["GET"]}}],"collection":[{"href":"https:\/\/www.skalnik.pl\/blog\/wp-json\/wp\/v2\/posts"}],"about":[{"href":"https:\/\/www.skalnik.pl\/blog\/wp-json\/wp\/v2\/types\/post"}],"author":[{"embeddable":true,"href":"https:\/\/www.skalnik.pl\/blog\/wp-json\/wp\/v2\/users\/41"}],"replies":[{"embeddable":true,"href":"https:\/\/www.skalnik.pl\/blog\/wp-json\/wp\/v2\/comments?post=23423"}],"version-history":[{"count":6,"href":"https:\/\/www.skalnik.pl\/blog\/wp-json\/wp\/v2\/posts\/23423\/revisions"}],"predecessor-version":[{"id":23450,"href":"https:\/\/www.skalnik.pl\/blog\/wp-json\/wp\/v2\/posts\/23423\/revisions\/23450"}],"wp:featuredmedia":[{"embeddable":true,"href":"https:\/\/www.skalnik.pl\/blog\/wp-json\/wp\/v2\/media\/23658"}],"wp:attachment":[{"href":"https:\/\/www.skalnik.pl\/blog\/wp-json\/wp\/v2\/media?parent=23423"}],"wp:term":[{"taxonomy":"category","embeddable":true,"href":"https:\/\/www.skalnik.pl\/blog\/wp-json\/wp\/v2\/categories?post=23423"},{"taxonomy":"post_tag","embeddable":true,"href":"https:\/\/www.skalnik.pl\/blog\/wp-json\/wp\/v2\/tags?post=23423"},{"taxonomy":"magento_category","embeddable":true,"href":"https:\/\/www.skalnik.pl\/blog\/wp-json\/wp\/v2\/magento_category?post=23423"},{"taxonomy":"magento_product","embeddable":true,"href":"https:\/\/www.skalnik.pl\/blog\/wp-json\/wp\/v2\/magento_product?post=23423"}],"curies":[{"name":"wp","href":"https:\/\/api.w.org\/{rel}","templated":true}]}}