{"id":23509,"date":"2023-07-18T10:55:25","date_gmt":"2023-07-18T08:55:25","guid":{"rendered":"https:\/\/www.skalnik.pl\/blog\/?p=23509"},"modified":"2023-08-28T13:26:17","modified_gmt":"2023-08-28T11:26:17","slug":"bieszczady-najpiekniejsze-szlaki","status":"publish","type":"post","link":"https:\/\/www.skalnik.pl\/blog\/bieszczady-najpiekniejsze-szlaki\/","title":{"rendered":"Bieszczady &#8211; najpi\u0119kniejsze szlaki"},"content":{"rendered":"\n<p><strong>A gdyby tak rzuci\u0107 wszystko\u2026 na pewno znasz to has\u0142o. Przywo\u0142uje przed oczy obraz faluj\u0105cych na wietrze traw na po\u0142oninach, zielonych, a mo\u017ce w\u0142a\u015bnie okrytych jesiennymi barwami bieszczadzkich las\u00f3w oraz pe\u0142nych melancholii dolin opuszczonych wsi. Marzysz o wyje\u017adzie w Bieszczady? Zapraszam na m\u00f3j subiektywny przegl\u0105d najpi\u0119kniejszych szlak\u00f3w w tych najdalej na wsch\u00f3d po\u0142o\u017conych polskich g\u00f3rach.<\/strong><\/p>\n\n\n\n<div id=\"ez-toc-container\" class=\"ez-toc-v2_0_85 counter-hierarchy ez-toc-counter ez-toc-light-blue ez-toc-container-direction\">\n<div class=\"ez-toc-title-container\">\n<p class=\"ez-toc-title\" style=\"cursor:inherit\">SPIS TRE\u015aCI <\/p>\n<span class=\"ez-toc-title-toggle\"><a href=\"#\" class=\"ez-toc-pull-right ez-toc-btn ez-toc-btn-xs ez-toc-btn-default ez-toc-toggle\" aria-label=\"Prze\u0142\u0105cznik Spisu Tre\u015bci\"><span class=\"ez-toc-js-icon-con\"><span class=\"\"><span class=\"eztoc-hide\" style=\"display:none;\">Toggle<\/span><span class=\"ez-toc-icon-toggle-span\"><svg style=\"fill: #999;color:#999\" xmlns=\"http:\/\/www.w3.org\/2000\/svg\" class=\"list-377408\" width=\"20px\" height=\"20px\" viewBox=\"0 0 24 24\" fill=\"none\"><path d=\"M6 6H4v2h2V6zm14 0H8v2h12V6zM4 11h2v2H4v-2zm16 0H8v2h12v-2zM4 16h2v2H4v-2zm16 0H8v2h12v-2z\" fill=\"currentColor\"><\/path><\/svg><svg style=\"fill: #999;color:#999\" class=\"arrow-unsorted-368013\" xmlns=\"http:\/\/www.w3.org\/2000\/svg\" width=\"10px\" height=\"10px\" viewBox=\"0 0 24 24\" version=\"1.2\" baseProfile=\"tiny\"><path d=\"M18.2 9.3l-6.2-6.3-6.2 6.3c-.2.2-.3.4-.3.7s.1.5.3.7c.2.2.4.3.7.3h11c.3 0 .5-.1.7-.3.2-.2.3-.5.3-.7s-.1-.5-.3-.7zM5.8 14.7l6.2 6.3 6.2-6.3c.2-.2.3-.5.3-.7s-.1-.5-.3-.7c-.2-.2-.4-.3-.7-.3h-11c-.3 0-.5.1-.7.3-.2.2-.3.5-.3.7s.1.5.3.7z\"\/><\/svg><\/span><\/span><\/span><\/a><\/span><\/div>\n<nav><ul class='ez-toc-list ez-toc-list-level-1 ' ><li class='ez-toc-page-1 ez-toc-heading-level-2'><a class=\"ez-toc-link ez-toc-heading-1\" href=\"https:\/\/www.skalnik.pl\/blog\/bieszczady-najpiekniejsze-szlaki\/#Bieszczady_%E2%80%93_czy_na_pewno_dzikie\" >Bieszczady &#8211; czy na pewno dzikie?<\/a><\/li><li class='ez-toc-page-1 ez-toc-heading-level-2'><a class=\"ez-toc-link ez-toc-heading-2\" href=\"https:\/\/www.skalnik.pl\/blog\/bieszczady-najpiekniejsze-szlaki\/#Na_Tarnice_i_dalej\" >Na Tarnic\u0119 i dalej<\/a><\/li><li class='ez-toc-page-1 ez-toc-heading-level-2'><a class=\"ez-toc-link ez-toc-heading-3\" href=\"https:\/\/www.skalnik.pl\/blog\/bieszczady-najpiekniejsze-szlaki\/#Przez_Polonine_Wetlinska\" >Przez Po\u0142onin\u0119 Wetli\u0144sk\u0105<\/a><\/li><li class='ez-toc-page-1 ez-toc-heading-level-2'><a class=\"ez-toc-link ez-toc-heading-4\" href=\"https:\/\/www.skalnik.pl\/blog\/bieszczady-najpiekniejsze-szlaki\/#Polonina_Carynska_troche_inaczej\" >Po\u0142onina Cary\u0144ska troch\u0119 inaczej<\/a><\/li><li class='ez-toc-page-1 ez-toc-heading-level-2'><a class=\"ez-toc-link ez-toc-heading-5\" href=\"https:\/\/www.skalnik.pl\/blog\/bieszczady-najpiekniejsze-szlaki\/#Na_Wielka_i_Mala_Rawke\" >Na Wielk\u0105 i Ma\u0142\u0105 Rawk\u0119<\/a><\/li><li class='ez-toc-page-1 ez-toc-heading-level-2'><a class=\"ez-toc-link ez-toc-heading-6\" href=\"https:\/\/www.skalnik.pl\/blog\/bieszczady-najpiekniejsze-szlaki\/#Do_Jeziorek_Duszatynskich\" >Do Jeziorek Duszaty\u0144skich<\/a><\/li><li class='ez-toc-page-1 ez-toc-heading-level-2'><a class=\"ez-toc-link ez-toc-heading-7\" href=\"https:\/\/www.skalnik.pl\/blog\/bieszczady-najpiekniejsze-szlaki\/#W_krainie_dolin_%E2%80%93_do_zrodel_Sanu\" >W krainie dolin &#8211; do \u017ar\u00f3de\u0142 Sanu<\/a><\/li><\/ul><\/nav><\/div>\n<h2 class=\"wp-block-heading\"><span class=\"ez-toc-section\" id=\"Bieszczady_%E2%80%93_czy_na_pewno_dzikie\"><\/span>Bieszczady &#8211; czy na pewno dzikie?<span class=\"ez-toc-section-end\"><\/span><\/h2>\n\n\n\n<p>Z Bieszczadami powszechnie kojarzona jest dziko\u015b\u0107 i pierwotno\u015b\u0107. To wyobra\u017cenie, kt\u00f3re stworzy\u0142y powojenne losy tego terenu. Opuszczone w wyniku przesiedle\u0144 rozleg\u0142e tereny by\u0142y przez lata na nowo odkrywane przez turyst\u00f3w. Pozosta\u0142a po tych czasach wizja biwak\u00f3w na dziko, pustki na szlakach i konieczno\u015bci radzenia sobie bez cywilizacji. Dzi\u015b obraz ten si\u0119 zmieni\u0142. Bieszczady nie odbiegaj\u0105 standardem turystycznym od innych g\u00f3r Polski, a na najpi\u0119kniejszych szlakach turyst\u00f3w nie brakuje. Cho\u0107 oczywi\u015bcie nadal znajdziesz tu miejsca \u201egdzie diabe\u0142 m\u00f3wi dobranoc\u201d.<\/p>\n\n\n<div class=\"wp-block-image\">\n<figure class=\"aligncenter size-large\"><img loading=\"lazy\" decoding=\"async\" width=\"1024\" height=\"768\" src=\"https:\/\/www.skalnik.pl\/blog\/wp-content\/uploads\/2023\/06\/P5181041-min-1024x768.jpg\" alt=\"bieszczady dolina \u0142opienki ko\u015bci\u00f3\u0142ek\" class=\"wp-image-23511\" srcset=\"https:\/\/www.skalnik.pl\/blog\/wp-content\/uploads\/2023\/06\/P5181041-min-1024x768.jpg 1024w, https:\/\/www.skalnik.pl\/blog\/wp-content\/uploads\/2023\/06\/P5181041-min-300x225.jpg 300w, https:\/\/www.skalnik.pl\/blog\/wp-content\/uploads\/2023\/06\/P5181041-min-768x576.jpg 768w, https:\/\/www.skalnik.pl\/blog\/wp-content\/uploads\/2023\/06\/P5181041-min-1536x1152.jpg 1536w, https:\/\/www.skalnik.pl\/blog\/wp-content\/uploads\/2023\/06\/P5181041-min-2048x1536.jpg 2048w\" sizes=\"auto, (max-width: 1024px) 100vw, 1024px\" \/><figcaption class=\"wp-element-caption\"><em>Bieszczady to nie tylko Po\u0142oniny &#8211; w dolinie \u0141opienki (fot. Anna \u015aliwa)<\/em><\/figcaption><\/figure>\n<\/div>\n\n\n<p>Bieszczady s\u0105 niezwykle r\u00f3\u017cnorodne i maj\u0105 r\u00f3\u017cne oblicza. To najbardziej znane to oczywi\u015bcie po\u0142oniny- wyst\u0119puj\u0105ce jedynie we Wschodnich Karpatach g\u00f3rskie \u0142\u0105ki. Ale s\u0105 te\u017c inne bieszczadzkie twarze \u2013 bukowe lasy porastaj\u0105ce m.in. pasmo Wysokiego Dzia\u0142u, znajduj\u0105ce si\u0119 na zboczach Chryszczatej malownicze jeziorka Duszaty\u0144skie, doliny dawnych wsi takich jak Cary\u0144skie, Krywe, \u0141opienka czy Tyskowa. Ruszaj wi\u0119c odkrywa\u0107 to bogactwo krajobraz\u00f3w.<\/p>\n\n\n\n<h2 class=\"wp-block-heading\"><span class=\"ez-toc-section\" id=\"Na_Tarnice_i_dalej\"><\/span>Na Tarnic\u0119 i dalej<span class=\"ez-toc-section-end\"><\/span><\/h2>\n\n\n\n<p>By\u0107 w Bieszczadach i nie wej\u015b\u0107 na ich najwy\u017cszy po polskiej stronie szczyt? No nie, tak tego zostawi\u0107 nie mo\u017cesz. Tarnica licz\u0105ca 1346 m n.p.m. nale\u017cy do Korony G\u00f3r Polski i wznosi si\u0119 nad miejscowo\u015bci\u0105 Wo\u0142osate. To w\u0142a\u015bnie st\u0105d mo\u017cesz wej\u015b\u0107 na szczyt najszybciej, bo w oko\u0142o 2h 15 min. Z Wo\u0142osatego poprowadzi Ci\u0119 najpierw niebieski szlak do Prze\u0142\u0119czy pod Tarnic\u0105, a dalej kr\u00f3tkim doj\u015bciowym szlakiem \u017c\u00f3\u0142tym wejdziesz na szczyt. Mo\u017cesz st\u0105d ogl\u0105da\u0107 rozleg\u0142e panoramy obejmuj\u0105ce nie tylko polskie Bieszczady, ale tak\u017ce Bieszczady ukrai\u0144skie z Pikujem, Po\u0142onin\u0119 Bor\u017caw\u0119, R\u00f3wn\u0105, Krasn\u0105 oraz Gorgany. Je\u015bli trafisz na bardzo dobre warunki (zdarza si\u0119 to przede wszystkim zim\u0105, wczesn\u0105 wiosn\u0105 i jesieni\u0105), to z Tarnicy zobaczysz te\u017c Tatry.<\/p>\n\n\n<div class=\"wp-block-image\">\n<figure class=\"aligncenter size-large is-resized\"><img loading=\"lazy\" decoding=\"async\" src=\"https:\/\/www.skalnik.pl\/blog\/wp-content\/uploads\/2023\/06\/P6011261-min-1024x768.jpg\" alt=\"panorama z tarnicy\" class=\"wp-image-23512\" width=\"1024\" height=\"768\" srcset=\"https:\/\/www.skalnik.pl\/blog\/wp-content\/uploads\/2023\/06\/P6011261-min-1024x768.jpg 1024w, https:\/\/www.skalnik.pl\/blog\/wp-content\/uploads\/2023\/06\/P6011261-min-300x225.jpg 300w, https:\/\/www.skalnik.pl\/blog\/wp-content\/uploads\/2023\/06\/P6011261-min-768x576.jpg 768w, https:\/\/www.skalnik.pl\/blog\/wp-content\/uploads\/2023\/06\/P6011261-min-1536x1152.jpg 1536w, https:\/\/www.skalnik.pl\/blog\/wp-content\/uploads\/2023\/06\/P6011261-min-2048x1536.jpg 2048w\" sizes=\"auto, (max-width: 1024px) 100vw, 1024px\" \/><figcaption class=\"wp-element-caption\"><em>Widoki z Tarnicy na Pikuj i fragment Karpat ukrai\u0144skich (fot. Anna \u015aliwa)<\/em><\/figcaption><\/figure>\n<\/div>\n\n\n<p>Tarnica mo\u017ce by\u0107 celem wycieczki sama w sobie i je\u015bli nie masz du\u017co czasu wr\u00f3\u0107 t\u0105 sam\u0105 tras\u0105 do Wo\u0142osatego. Ca\u0142a wycieczka powinna zaj\u0105\u0107 nie wi\u0119cej ni\u017c 4 h. Jednak je\u015bli masz do dyspozycji ca\u0142y dzie\u0144 to proponuj\u0119 Ci i\u015b\u0107 dalej. Masz 3 mo\u017cliwo\u015bci do wyboru:<\/p>\n\n\n\n<ul class=\"wp-block-list\">\n<li>z Prze\u0142\u0119czy pod Tarnic\u0105 mo\u017cesz skierowa\u0107 si\u0119 czerwonym G\u0142\u00f3wnym Szlakiem Beskidzkim w stron\u0119 Ustrzyk G\u00f3rnych przez Szeroki Wierch. Ods\u0142oni\u0119ty grzbiet zapewnia pi\u0119kne widoki, a przed oczami b\u0119dziesz mie\u0107 ca\u0142y czas Po\u0142oniny Cary\u0144sk\u0105 i Wetli\u0144sk\u0105. Zej\u015bcie do Ustrzyk zajmuje oko\u0142o 2h 30 min i opr\u00f3cz pierwszego kr\u00f3tkiego podej\u015bcia z prze\u0142\u0119czy prowadzi niemal ca\u0142y czas w d\u00f3\u0142.<\/li>\n<\/ul>\n\n\n<div class=\"wp-block-image\">\n<figure class=\"aligncenter size-large\"><img loading=\"lazy\" decoding=\"async\" width=\"1024\" height=\"768\" src=\"https:\/\/www.skalnik.pl\/blog\/wp-content\/uploads\/2023\/06\/P6011267-min-1024x768.jpg\" alt=\"bieszczady po\u0142oniny szlaki\" class=\"wp-image-23513\" srcset=\"https:\/\/www.skalnik.pl\/blog\/wp-content\/uploads\/2023\/06\/P6011267-min-1024x768.jpg 1024w, https:\/\/www.skalnik.pl\/blog\/wp-content\/uploads\/2023\/06\/P6011267-min-300x225.jpg 300w, https:\/\/www.skalnik.pl\/blog\/wp-content\/uploads\/2023\/06\/P6011267-min-768x576.jpg 768w, https:\/\/www.skalnik.pl\/blog\/wp-content\/uploads\/2023\/06\/P6011267-min-1536x1152.jpg 1536w, https:\/\/www.skalnik.pl\/blog\/wp-content\/uploads\/2023\/06\/P6011267-min-2048x1536.jpg 2048w\" sizes=\"auto, (max-width: 1024px) 100vw, 1024px\" \/><figcaption class=\"wp-element-caption\"><em>W\u0119druj\u0105c szlakiem przez Szeroki Wierch b\u0119dziesz mie\u0107 przed oczami Po\u0142oniny Cary\u0144sk\u0105 i Wetli\u0144sk\u0105 (fot. Anna \u015aliwa)<\/em><\/figcaption><\/figure>\n<\/div>\n\n\n<ul class=\"wp-block-list\">\n<li>tak\u017ce z prze\u0142\u0119czy mo\u017cesz pow\u0119drowa\u0107 czerwonym szlakiem dalej, w stron\u0119 Prze\u0142\u0119czy Goprowskiej i na Kop\u0119 Bukowsk\u0105 (trawers), Halicz i Rozsypaniec do Prze\u0142\u0119czy Bukowskiej. St\u0105d czerwony szlak drog\u0105 sprowadzi Ci\u0119 z powrotem do Wo\u0142osatego. Przej\u015bcie ca\u0142ej p\u0119tli Wo\u0142osate &#8211; Wo\u0142osate zajmuje oko\u0142o 6h 30 min. S\u0105 tu dwa solidne podej\u015bcia &#8211; pierwsze na pocz\u0105tku, gdy idziemy niebieskim szlakiem pod Tarnic\u0119 i drugie z Prze\u0142\u0119czy Goprowskiej pod szczyt Kopy Bukowskiej.<\/li>\n\n\n\n<li>z Prze\u0142\u0119czy pod Tarnic\u0105 niebieskim szlakiem na Prze\u0142\u0119cz Goprowsk\u0105, Bukowe Berdo do Wide\u0142ek \u2013 Bukowe Berdo oraz rozpoczynaj\u0105cy je Krzemie\u0144 to niezwykle malowniczy grzbiet z licznymi podej\u015bciami i zej\u015bciami. Atrakcj\u0105 jest nie tyko on sam, ale tak\u017ce roztaczaj\u0105ce si\u0119 st\u0105d widoki, kt\u00f3re obejmuj\u0105 m.in. Dolin\u0119 Sanu po stronie ukrai\u0144skiej z widoczn\u0105 bardzo dobrze cerkwi\u0105 w Sokolikach. Przej\u015bcie ca\u0142ej trasy z Wo\u0142osatego zajmie Ci oko\u0142o 6 h 30 min.<\/li>\n<\/ul>\n\n\n\n<p class=\"has-white-color has-vivid-cyan-blue-background-color has-text-color has-background\">O Tarnicy pisali\u015bmy tak\u017ce w serii o Kronie G\u00f3r Polski &#8211;&gt; <strong><a href=\"https:\/\/www.skalnik.pl\/blog\/korona-gor-polski-tarnica\/\" target=\"_blank\" rel=\"noopener\" title=\"\">kliknij tutaj<\/a><\/strong>.<\/p>\n\n\n\n<h2 class=\"wp-block-heading\"><span class=\"ez-toc-section\" id=\"Przez_Polonine_Wetlinska\"><\/span>Przez Po\u0142onin\u0119 Wetli\u0144sk\u0105<span class=\"ez-toc-section-end\"><\/span><\/h2>\n\n\n\n<p>Tak wiem, wiem. Na Wetli\u0144sk\u0105 idzie ka\u017cdy. Ale nie spos\u00f3b odm\u00f3wi\u0107 tej trasie pi\u0119kna. Je\u015bli wybierasz si\u0119 w g\u00f3ry z ma\u0142ymi dzie\u0107mi to docenisz tak\u017ce to, \u017ce podej\u015bcie od prze\u0142\u0119czy Wy\u017cnej jest stosunkowo \u0142agodne i kr\u00f3tkie, a na g\u00f3rze odpoczniesz w schronie turystycznym Chatka Puchatka. Dla tych, kt\u00f3rzy marz\u0105 o noclegu na Po\u0142oninie Wetli\u0144skiej mam z\u0142\u0105 wiadomo\u015b\u0107. Chatka Puchatka nie jest ju\u017c schroniskiem i nie ma tu mo\u017cliwo\u015bci noclegu.<\/p>\n\n\n<div class=\"wp-block-image\">\n<figure class=\"aligncenter size-large\"><img loading=\"lazy\" decoding=\"async\" width=\"1024\" height=\"768\" src=\"https:\/\/www.skalnik.pl\/blog\/wp-content\/uploads\/2023\/06\/P5242463-min-1024x768.jpg\" alt=\"po\u0142onina wetli\u0144ska\" class=\"wp-image-23514\" srcset=\"https:\/\/www.skalnik.pl\/blog\/wp-content\/uploads\/2023\/06\/P5242463-min-1024x768.jpg 1024w, https:\/\/www.skalnik.pl\/blog\/wp-content\/uploads\/2023\/06\/P5242463-min-300x225.jpg 300w, https:\/\/www.skalnik.pl\/blog\/wp-content\/uploads\/2023\/06\/P5242463-min-768x576.jpg 768w, https:\/\/www.skalnik.pl\/blog\/wp-content\/uploads\/2023\/06\/P5242463-min-1536x1152.jpg 1536w, https:\/\/www.skalnik.pl\/blog\/wp-content\/uploads\/2023\/06\/P5242463-min-2048x1536.jpg 2048w\" sizes=\"auto, (max-width: 1024px) 100vw, 1024px\" \/><figcaption class=\"wp-element-caption\"><em>Na Po\u0142oninie Wetli\u0144skiej (fot. Anna \u015aliwa)<\/em><\/figcaption><\/figure>\n<\/div>\n\n\n<p>Je\u015bli chcesz wybra\u0107 si\u0119 na d\u0142u\u017csz\u0105 w\u0119dr\u00f3wk\u0119 mo\u017cesz przej\u015b\u0107 ca\u0142y grzbiet Po\u0142oniny od Prze\u0142\u0119czy Wy\u017cniej lub Brzeg\u00f3w G\u00f3rnych (d\u0142u\u017csze podej\u015bcie) a\u017c do Prze\u0142\u0119czy Or\u0142owicza i Wetliny-Starego Sio\u0142a. Z samej prze\u0142\u0119czy wejdziesz te\u017c szybko na Smerek. Przej\u015bcie ca\u0142ej Po\u0142oniny Wetli\u0144skiej ze Smerekiem to wycieczka na oko\u0142o 5h 30 min.<\/p>\n\n\n\n<h2 class=\"wp-block-heading\"><span class=\"ez-toc-section\" id=\"Polonina_Carynska_troche_inaczej\"><\/span>Po\u0142onina Cary\u0144ska troch\u0119 inaczej<span class=\"ez-toc-section-end\"><\/span><\/h2>\n\n\n\n<p>Oczywi\u015bcie mo\u017cna t\u0119 pi\u0119kn\u0105 po\u0142onin\u0119 przej\u015b\u0107 klasycznie, zaczynaj\u0105c na Prze\u0142\u0119czy Wy\u017cnia\u0144skiej sk\u0105d zielony szlak prowadzi na grzbiet, a nast\u0119pnie za czerwonymi znakami uda\u0107 si\u0119 do Ustrzyk G\u00f3rnych. Widoki na pewno Ci\u0119 nie zawiod\u0105. Ale proponuj\u0119 Ci nieco inny wariant. <\/p>\n\n\n\n<p>Rozpocznij wycieczk\u0119 na Prze\u0142\u0119czy Wy\u017cnia\u0144skiej i wejd\u017a na Po\u0142onin\u0119. St\u0105d grzbietem za czerwonymi i zielonymi znakami skieruj si\u0119 w stron\u0119 Ustrzyk. Po oko\u0142o p\u00f3\u0142 godzinie zielone oznaczenia skieruj\u0105 Ci\u0119 w stron\u0119 Prze\u0142\u0119czy Przys\u0142up Cary\u0144ski, gdzie znajduje si\u0119 schronisko Koliba. A co dalej? Proponuj\u0119 w\u0119dr\u00f3wk\u0119 w d\u00f3\u0142 doliny dawnej wsi Cary\u0144skie. Droga jest tu utwardzona, ale idzie si\u0119 przyjemnie. Na zboczach doliny z \u0142atwo\u015bci\u0105 wypatrzysz pozosta\u0142o\u015bci miedz, drzewa owocowe, a mniej wi\u0119cej w po\u0142owie drogi natkniesz si\u0119 na stary cmentarz i ruiny kaplicy oraz cerkwisko. To w\u0142a\u015bnie ta inna twarz Bieszczad\u00f3w. Melancholijna, zapatrzona w przesz\u0142o\u015b\u0107. Warto j\u0105 pozna\u0107.<\/p>\n\n\n<div class=\"wp-block-image\">\n<figure class=\"aligncenter size-large\"><img loading=\"lazy\" decoding=\"async\" width=\"1024\" height=\"769\" src=\"https:\/\/www.skalnik.pl\/blog\/wp-content\/uploads\/2023\/06\/P5211171-min-1024x769.jpg\" alt=\"po\u0142onina Cary\u0144ska bieszczady\" class=\"wp-image-23515\" srcset=\"https:\/\/www.skalnik.pl\/blog\/wp-content\/uploads\/2023\/06\/P5211171-min-1024x769.jpg 1024w, https:\/\/www.skalnik.pl\/blog\/wp-content\/uploads\/2023\/06\/P5211171-min-300x225.jpg 300w, https:\/\/www.skalnik.pl\/blog\/wp-content\/uploads\/2023\/06\/P5211171-min-768x577.jpg 768w, https:\/\/www.skalnik.pl\/blog\/wp-content\/uploads\/2023\/06\/P5211171-min-1536x1153.jpg 1536w, https:\/\/www.skalnik.pl\/blog\/wp-content\/uploads\/2023\/06\/P5211171-min-2048x1538.jpg 2048w\" sizes=\"auto, (max-width: 1024px) 100vw, 1024px\" \/><figcaption class=\"wp-element-caption\"><em>W\u0119dr\u00f3wka przez Po\u0142onin\u0119 Cary\u0144sk\u0105 (fot. Anna \u015aliwa)<\/em><\/figcaption><\/figure>\n<\/div>\n\n\n<p class=\"has-white-color has-vivid-cyan-blue-background-color has-text-color has-background\">Wybierasz si\u0119 na bieszczadzki szlak? Zobacz artyku\u0142 &#8211;&gt; &#8222;<strong><a href=\"https:\/\/www.skalnik.pl\/blog\/buty-w-bieszczady\/\" target=\"_blank\" rel=\"noopener\" title=\"\">Buty w Bieszczady<\/a><\/strong>&#8222;.<\/p>\n\n\n\n<h2 class=\"wp-block-heading\"><span class=\"ez-toc-section\" id=\"Na_Wielka_i_Mala_Rawke\"><\/span>Na Wielk\u0105 i Ma\u0142\u0105 Rawk\u0119<span class=\"ez-toc-section-end\"><\/span><\/h2>\n\n\n\n<p>Ma\u0142a i Wielka Rawka wznosz\u0105 si\u0119 na po\u0142udnie od drogi \u0142\u0105cz\u0105cej Ustrzyki G\u00f3rne z Wetlin\u0105. Porastaj\u0105 je po\u0142oniny, cho\u0107 las podchodzi tu znacznie wy\u017cej ni\u017c np. na s\u0105siedniej Cary\u0144skiej. Lubi\u0119 w\u0119dr\u00f3wki tym grzbietem, gdy\u017c jest tu mniej turyst\u00f3w, a po\u0142o\u017cenie pozwala spojrze\u0107 na Tarnic\u0119, czy Po\u0142oniny Cary\u0144sk\u0105 i Wetli\u0144sk\u0105 i z innej perspektywy. Na wycieczk\u0119 na Rawki polecam Ci nast\u0119puj\u0105c\u0105 tras\u0119: Prze\u0142\u0119cz Wy\u017cna \u2013 Dzia\u0142 \u2013 Ma\u0142a Rawka \u2013 Wielka Rawka \u2013 Ustrzyki G\u00f3rne. Podej\u015bcie z Prze\u0142\u0119czy Wy\u017cnej \u017c\u00f3\u0142tym szlakiem wyznakowano stosunkowo niedawno, a jest niezwykle wygodne. Prowadzi le\u015bn\u0105 drog\u0105, kt\u00f3ra do\u015b\u0107 \u0142agodnie pnie si\u0119 na grzbiet. Dalej czeka si\u0119 w\u0119dr\u00f3wka cz\u0119\u015bciowo bukowym lasem, cz\u0119\u015bciowo polanami grzbietowymi z \u0142adnymi widokami. W ten spos\u00f3b dotrzesz najpierw na Ma\u0142\u0105 Rawk\u0119, a potem na Wielk\u0105 Rawk\u0119. Panoramy st\u0105d to prawdziwa uczta dla oczu. Masz jeszcze si\u0142\u0119? Ruszaj troch\u0119 dalej na Kremenaros \u2013 miejsce, gdzie spotykaj\u0105 si\u0119 granice Polski, S\u0142owacji i&nbsp; Ukrainy. Do zej\u015bcia w stron\u0119 Ustrzyk G\u00f3rnych musisz wr\u00f3ci\u0107 t\u0105 sam\u0105 drog\u0105. Ostatni etap wycieczki to zej\u015bcie bukowym lasem do parkingu po\u0142o\u017conego oko\u0142o kilometr przed Ustrzykami. Ca\u0142e przej\u015bcie zajmie Ci oko\u0142o 5 h, a z dodatkowym wej\u015bciem na Kremenaros ok. 6 h.<\/p>\n\n\n<div class=\"wp-block-image\">\n<figure class=\"aligncenter size-large\"><img loading=\"lazy\" decoding=\"async\" width=\"1024\" height=\"768\" src=\"https:\/\/www.skalnik.pl\/blog\/wp-content\/uploads\/2023\/06\/P5191090-min-1024x768.jpg\" alt=\"Kremenaros znak graniczny trojstyk\" class=\"wp-image-23516\" srcset=\"https:\/\/www.skalnik.pl\/blog\/wp-content\/uploads\/2023\/06\/P5191090-min-1024x768.jpg 1024w, https:\/\/www.skalnik.pl\/blog\/wp-content\/uploads\/2023\/06\/P5191090-min-300x225.jpg 300w, https:\/\/www.skalnik.pl\/blog\/wp-content\/uploads\/2023\/06\/P5191090-min-768x576.jpg 768w, https:\/\/www.skalnik.pl\/blog\/wp-content\/uploads\/2023\/06\/P5191090-min-1536x1152.jpg 1536w, https:\/\/www.skalnik.pl\/blog\/wp-content\/uploads\/2023\/06\/P5191090-min-2048x1536.jpg 2048w\" sizes=\"auto, (max-width: 1024px) 100vw, 1024px\" \/><figcaption class=\"wp-element-caption\"><em>Kremenaros (Krzemieniec)- tr\u00f3jsyk granic Polski, S\u0142owacji i Ukrainy (fot. Anna \u015aliwa)<\/em><\/figcaption><\/figure>\n<\/div>\n\n\n<figure class=\"wp-block-image size-full\"><img loading=\"lazy\" decoding=\"async\" width=\"1024\" height=\"250\" src=\"https:\/\/www.skalnik.pl\/blog\/wp-content\/uploads\/2023\/05\/Baner-blog_skalnik_1024x250pxA.jpg\" alt=\"skalnik baner sklep g\u00f3rski\" class=\"wp-image-23052\" srcset=\"https:\/\/www.skalnik.pl\/blog\/wp-content\/uploads\/2023\/05\/Baner-blog_skalnik_1024x250pxA.jpg 1024w, https:\/\/www.skalnik.pl\/blog\/wp-content\/uploads\/2023\/05\/Baner-blog_skalnik_1024x250pxA-300x73.jpg 300w, https:\/\/www.skalnik.pl\/blog\/wp-content\/uploads\/2023\/05\/Baner-blog_skalnik_1024x250pxA-768x188.jpg 768w\" sizes=\"auto, (max-width: 1024px) 100vw, 1024px\" \/><\/figure>\n\n\n\n<h2 class=\"wp-block-heading\"><span class=\"ez-toc-section\" id=\"Do_Jeziorek_Duszatynskich\"><\/span>Do Jeziorek Duszaty\u0144skich<span class=\"ez-toc-section-end\"><\/span><\/h2>\n\n\n\n<p>Jeziorka Duszaty\u0144skie na zboczach Chryszczatej powsta\u0142y w wyniku osuwiska, kt\u00f3re mia\u0142o miejsce ponad 100 lat temu. Dzi\u015b cho\u0107 powoli wysychaj\u0105, to nadal zachwycaj\u0105 swoim pi\u0119knem. Wycieczk\u0119 do jeziorek polecam Ci na dzie\u0144 z nieco gorsz\u0105 pogod\u0105 poniewa\u017c idzie si\u0119 tu ca\u0142y czas lasem i nie ma dalekich widok\u00f3w. Do rezerwatu Zwiez\u0142o, kt\u00f3ry chroni jeziorka, dojdziesz czerwonym G\u0142\u00f3wnym Szlakiem Beskidzkim z Duszatyna. Podej\u015bcie zajmuje oko\u0142o p\u00f3\u0142torej godziny. Z powrotem wr\u00f3cisz w oko\u0142o godzin\u0119. Przy parkingu mo\u017cesz te\u017c zobaczy\u0107 dawny cmentarz i cerkwisko wsi Duszatyn. Oczywi\u015bcie, znad jeziorek mo\u017cesz te\u017c i\u015b\u0107 dalej i w oko\u0142o godzin\u0119 staniesz na szczycie Chryszczatej.<\/p>\n\n\n<div class=\"wp-block-image\">\n<figure class=\"aligncenter size-large\"><img loading=\"lazy\" decoding=\"async\" width=\"1024\" height=\"768\" src=\"https:\/\/www.skalnik.pl\/blog\/wp-content\/uploads\/2023\/06\/DSCN6422-1024x768.jpg\" alt=\"Jeziora Duszaty\u0144skie\" class=\"wp-image-23517\" srcset=\"https:\/\/www.skalnik.pl\/blog\/wp-content\/uploads\/2023\/06\/DSCN6422-1024x768.jpg 1024w, https:\/\/www.skalnik.pl\/blog\/wp-content\/uploads\/2023\/06\/DSCN6422-300x225.jpg 300w, https:\/\/www.skalnik.pl\/blog\/wp-content\/uploads\/2023\/06\/DSCN6422-768x576.jpg 768w, https:\/\/www.skalnik.pl\/blog\/wp-content\/uploads\/2023\/06\/DSCN6422-1536x1152.jpg 1536w, https:\/\/www.skalnik.pl\/blog\/wp-content\/uploads\/2023\/06\/DSCN6422-2048x1536.jpg 2048w\" sizes=\"auto, (max-width: 1024px) 100vw, 1024px\" \/><figcaption class=\"wp-element-caption\"><em>Jeziorka Duszaty\u0144skie ukryte w lesie na zboczu Chryszczatej (fot. Anna \u015aliwa)<\/em><\/figcaption><\/figure>\n<\/div>\n\n\n<h2 class=\"wp-block-heading\"><span class=\"ez-toc-section\" id=\"W_krainie_dolin_%E2%80%93_do_zrodel_Sanu\"><\/span>W krainie dolin &#8211; do \u017ar\u00f3de\u0142 Sanu<span class=\"ez-toc-section-end\"><\/span><\/h2>\n\n\n\n<p>I na koniec wycieczka nietypowa bo prowadz\u0105ca Dolin\u0105 G\u00f3rnego Sanu. Przygotuj si\u0119 na oko\u0142o 8 h w\u0119dr\u00f3wki, podczas kt\u00f3rej nie napotkasz \u017cadnej cywilizacji. Jest to wycieczka tam i z powrotem t\u0105 sam\u0105 drog\u0105, ale jest naprawd\u0119 warta przej\u015bcia.<\/p>\n\n\n\n<p>Trasa rozpoczyna si\u0119 w Bukowcu i prowadzi oznaczon\u0105 na zielono \u015bcie\u017ck\u0105 przyrodnicz\u0105 Bieszczadzkiego Parku Narodowego. Ko\u0144czy si\u0119 przy umownych \u017ar\u00f3d\u0142ach Sanu po polskiej stronie. Uwa\u017caj \u017ceby nie przekroczy\u0107 granicy z Ukrain\u0105, gdy\u017c jest to wykroczenie. Podczas w\u0119dr\u00f3wki odkryjesz pozosta\u0142o\u015bci dawnych wsi Beniowa i Sianki ze starymi cmentarzami i miejscami po cerkwiach. Z kilku punkt\u00f3w widokowych mo\u017cna te\u017c zajrze\u0107 na ukrai\u0144sk\u0105 stron\u0119.<\/p>\n\n\n\n<hr class=\"wp-block-separator has-alpha-channel-opacity is-style-dots\"\/>\n\n\n\n<p>Bieszczady maj\u0105 w sobie magi\u0119, kt\u00f3ra przyci\u0105ga turyst\u00f3w. Ruszaj na bieszczadzkie szlaki, kt\u00f3re s\u0105 pi\u0119kne o ka\u017cdej porze roku. Pami\u0119taj tylko, \u017ce na wiele z nich musisz wykupi\u0107 bilet wst\u0119pu do Bieszczadzkiego Parku Narodowego i zapisz numer do GOPR. <\/p>\n\n\n\n<figure class=\"wp-block-image size-large\"><img loading=\"lazy\" decoding=\"async\" width=\"1024\" height=\"135\" src=\"https:\/\/www.skalnik.pl\/blog\/wp-content\/uploads\/2023\/05\/baner-GOPR06-1024x135.jpg\" alt=\"\" class=\"wp-image-23155\" srcset=\"https:\/\/www.skalnik.pl\/blog\/wp-content\/uploads\/2023\/05\/baner-GOPR06-1024x135.jpg 1024w, https:\/\/www.skalnik.pl\/blog\/wp-content\/uploads\/2023\/05\/baner-GOPR06-300x39.jpg 300w, https:\/\/www.skalnik.pl\/blog\/wp-content\/uploads\/2023\/05\/baner-GOPR06-768x101.jpg 768w, https:\/\/www.skalnik.pl\/blog\/wp-content\/uploads\/2023\/05\/baner-GOPR06.jpg 1141w\" sizes=\"auto, (max-width: 1024px) 100vw, 1024px\" \/><\/figure>\n","protected":false},"excerpt":{"rendered":"<p>G\u00f3ry, chmury, doliny po\u0142oniny &#8211; t\u0119sknisz za bezkresem? Ruszaj w Bieszczady i poznaj ich najpi\u0119kniejsze szlaki!<\/p>\n","protected":false},"author":41,"featured_media":23510,"comment_status":"closed","ping_status":"closed","sticky":false,"template":"","format":"standard","meta":{"_acf_changed":false,"footnotes":""},"categories":[84],"tags":[91],"magento_category":[],"magento_product":[],"class_list":["post-23509","post","type-post","status-publish","format-standard","has-post-thumbnail","hentry","category-pasja","tag-trekking"],"acf":[],"aioseo_notices":[],"aioseo_head":"\n\t\t<!-- All in One SEO 4.9.10 - aioseo.com -->\n\t<meta name=\"description\" content=\"Bieszczady s\u0105 pi\u0119kne o ka\u017cdej porze roku. To nie tylko Po\u0142oniny, ale te\u017c nostalgiczne doliny czy bukowe lasy. Poznaj najpi\u0119kniejsze szlaki Bieszczad\u00f3w.\" \/>\n\t<meta name=\"robots\" content=\"max-image-preview:large\" \/>\n\t<meta name=\"author\" content=\"Anna \u015aliwa\"\/>\n\t<link rel=\"canonical\" href=\"https:\/\/www.skalnik.pl\/blog\/bieszczady-najpiekniejsze-szlaki\/\" \/>\n\t<meta name=\"generator\" content=\"All in One SEO (AIOSEO) 4.9.10\" \/>\n\t\t<meta property=\"og:locale\" content=\"pl_PL\" \/>\n\t\t<meta property=\"og:site_name\" content=\"blog Skalnik - Blog, porady, artyku\u0142y - blog Skalnik\" \/>\n\t\t<meta property=\"og:type\" content=\"article\" \/>\n\t\t<meta property=\"og:title\" content=\"Bieszczady \u2013 najpi\u0119kniejsze szlaki - blog Skalnik\" \/>\n\t\t<meta property=\"og:description\" content=\"Bieszczady s\u0105 pi\u0119kne o ka\u017cdej porze roku. To nie tylko Po\u0142oniny, ale te\u017c nostalgiczne doliny czy bukowe lasy. Poznaj najpi\u0119kniejsze szlaki Bieszczad\u00f3w.\" \/>\n\t\t<meta property=\"og:url\" content=\"https:\/\/www.skalnik.pl\/blog\/bieszczady-najpiekniejsze-szlaki\/\" \/>\n\t\t<meta property=\"og:image\" content=\"https:\/\/www.skalnik.pl\/blog\/wp-content\/uploads\/2023\/06\/P5181041-min-1024x768.jpg\" \/>\n\t\t<meta property=\"og:image:secure_url\" content=\"https:\/\/www.skalnik.pl\/blog\/wp-content\/uploads\/2023\/06\/P5181041-min-1024x768.jpg\" \/>\n\t\t<meta property=\"article:tag\" content=\"pasja\" \/>\n\t\t<meta property=\"article:tag\" content=\"trekking\" \/>\n\t\t<meta property=\"article:published_time\" content=\"2023-07-18T08:55:25+00:00\" \/>\n\t\t<meta property=\"article:modified_time\" content=\"2023-08-28T11:26:17+00:00\" \/>\n\t\t<meta name=\"twitter:card\" content=\"summary_large_image\" \/>\n\t\t<meta name=\"twitter:title\" content=\"Bieszczady \u2013 najpi\u0119kniejsze szlaki - blog Skalnik\" \/>\n\t\t<meta name=\"twitter:description\" content=\"Bieszczady s\u0105 pi\u0119kne o ka\u017cdej porze roku. To nie tylko Po\u0142oniny, ale te\u017c nostalgiczne doliny czy bukowe lasy. Poznaj najpi\u0119kniejsze szlaki Bieszczad\u00f3w.\" \/>\n\t\t<meta name=\"twitter:image\" content=\"https:\/\/www.skalnik.pl\/blog\/wp-content\/uploads\/2023\/06\/P5181041-min-1024x768.jpg\" \/>\n\t\t<script type=\"application\/ld+json\" class=\"aioseo-schema\">\n\t\t\t{\"@context\":\"https:\\\/\\\/schema.org\",\"@graph\":[{\"@type\":\"BlogPosting\",\"@id\":\"https:\\\/\\\/www.skalnik.pl\\\/blog\\\/bieszczady-najpiekniejsze-szlaki\\\/#blogposting\",\"name\":\"Bieszczady \\u2013 najpi\\u0119kniejsze szlaki - blog Skalnik\",\"headline\":\"Bieszczady &#8211; najpi\\u0119kniejsze szlaki\",\"author\":{\"@id\":\"https:\\\/\\\/www.skalnik.pl\\\/blog\\\/author\\\/anna-sliwa\\\/#author\"},\"publisher\":{\"@id\":\"https:\\\/\\\/www.skalnik.pl\\\/blog\\\/#organization\"},\"image\":{\"@type\":\"ImageObject\",\"url\":\"https:\\\/\\\/www.skalnik.pl\\\/blog\\\/wp-content\\\/uploads\\\/2023\\\/06\\\/AdobeStock_294255152-min-scaled.jpeg\",\"width\":2560,\"height\":942},\"datePublished\":\"2023-07-18T10:55:25+02:00\",\"dateModified\":\"2023-08-28T13:26:17+02:00\",\"inLanguage\":\"pl-PL\",\"mainEntityOfPage\":{\"@id\":\"https:\\\/\\\/www.skalnik.pl\\\/blog\\\/bieszczady-najpiekniejsze-szlaki\\\/#webpage\"},\"isPartOf\":{\"@id\":\"https:\\\/\\\/www.skalnik.pl\\\/blog\\\/bieszczady-najpiekniejsze-szlaki\\\/#webpage\"},\"articleSection\":\"Pasja, trekking\"},{\"@type\":\"BreadcrumbList\",\"@id\":\"https:\\\/\\\/www.skalnik.pl\\\/blog\\\/bieszczady-najpiekniejsze-szlaki\\\/#breadcrumblist\",\"itemListElement\":[{\"@type\":\"ListItem\",\"@id\":\"https:\\\/\\\/www.skalnik.pl\\\/blog#listItem\",\"position\":1,\"name\":\"Home\",\"item\":\"https:\\\/\\\/www.skalnik.pl\\\/blog\",\"nextItem\":{\"@type\":\"ListItem\",\"@id\":\"https:\\\/\\\/www.skalnik.pl\\\/blog\\\/.\\\/pasja\\\/#listItem\",\"name\":\"Pasja\"}},{\"@type\":\"ListItem\",\"@id\":\"https:\\\/\\\/www.skalnik.pl\\\/blog\\\/.\\\/pasja\\\/#listItem\",\"position\":2,\"name\":\"Pasja\",\"item\":\"https:\\\/\\\/www.skalnik.pl\\\/blog\\\/.\\\/pasja\\\/\",\"nextItem\":{\"@type\":\"ListItem\",\"@id\":\"https:\\\/\\\/www.skalnik.pl\\\/blog\\\/bieszczady-najpiekniejsze-szlaki\\\/#listItem\",\"name\":\"Bieszczady &#8211; najpi\\u0119kniejsze szlaki\"},\"previousItem\":{\"@type\":\"ListItem\",\"@id\":\"https:\\\/\\\/www.skalnik.pl\\\/blog#listItem\",\"name\":\"Home\"}},{\"@type\":\"ListItem\",\"@id\":\"https:\\\/\\\/www.skalnik.pl\\\/blog\\\/bieszczady-najpiekniejsze-szlaki\\\/#listItem\",\"position\":3,\"name\":\"Bieszczady &#8211; najpi\\u0119kniejsze szlaki\",\"previousItem\":{\"@type\":\"ListItem\",\"@id\":\"https:\\\/\\\/www.skalnik.pl\\\/blog\\\/.\\\/pasja\\\/#listItem\",\"name\":\"Pasja\"}}]},{\"@type\":\"Organization\",\"@id\":\"https:\\\/\\\/www.skalnik.pl\\\/blog\\\/#organization\",\"name\":\"blog Skalnik\",\"description\":\"Blog, porady, artyku\\u0142y - blog Skalnik\",\"url\":\"https:\\\/\\\/www.skalnik.pl\\\/blog\\\/\"},{\"@type\":\"Person\",\"@id\":\"https:\\\/\\\/www.skalnik.pl\\\/blog\\\/author\\\/anna-sliwa\\\/#author\",\"url\":\"https:\\\/\\\/www.skalnik.pl\\\/blog\\\/author\\\/anna-sliwa\\\/\",\"name\":\"Anna \\u015aliwa\",\"image\":{\"@type\":\"ImageObject\",\"@id\":\"https:\\\/\\\/www.skalnik.pl\\\/blog\\\/bieszczady-najpiekniejsze-szlaki\\\/#authorImage\",\"url\":\"https:\\\/\\\/secure.gravatar.com\\\/avatar\\\/e8300be3de710e2e109e5dfbf092dcf827242ec8071807a1e13f6b3f7c9bbd79?s=96&d=mm&r=g\",\"width\":96,\"height\":96,\"caption\":\"Anna \\u015aliwa\"}},{\"@type\":\"WebPage\",\"@id\":\"https:\\\/\\\/www.skalnik.pl\\\/blog\\\/bieszczady-najpiekniejsze-szlaki\\\/#webpage\",\"url\":\"https:\\\/\\\/www.skalnik.pl\\\/blog\\\/bieszczady-najpiekniejsze-szlaki\\\/\",\"name\":\"Bieszczady \\u2013 najpi\\u0119kniejsze szlaki - blog Skalnik\",\"description\":\"Bieszczady s\\u0105 pi\\u0119kne o ka\\u017cdej porze roku. To nie tylko Po\\u0142oniny, ale te\\u017c nostalgiczne doliny czy bukowe lasy. Poznaj najpi\\u0119kniejsze szlaki Bieszczad\\u00f3w.\",\"inLanguage\":\"pl-PL\",\"isPartOf\":{\"@id\":\"https:\\\/\\\/www.skalnik.pl\\\/blog\\\/#website\"},\"breadcrumb\":{\"@id\":\"https:\\\/\\\/www.skalnik.pl\\\/blog\\\/bieszczady-najpiekniejsze-szlaki\\\/#breadcrumblist\"},\"author\":{\"@id\":\"https:\\\/\\\/www.skalnik.pl\\\/blog\\\/author\\\/anna-sliwa\\\/#author\"},\"creator\":{\"@id\":\"https:\\\/\\\/www.skalnik.pl\\\/blog\\\/author\\\/anna-sliwa\\\/#author\"},\"image\":{\"@type\":\"ImageObject\",\"url\":\"https:\\\/\\\/www.skalnik.pl\\\/blog\\\/wp-content\\\/uploads\\\/2023\\\/06\\\/AdobeStock_294255152-min-scaled.jpeg\",\"@id\":\"https:\\\/\\\/www.skalnik.pl\\\/blog\\\/bieszczady-najpiekniejsze-szlaki\\\/#mainImage\",\"width\":2560,\"height\":942},\"primaryImageOfPage\":{\"@id\":\"https:\\\/\\\/www.skalnik.pl\\\/blog\\\/bieszczady-najpiekniejsze-szlaki\\\/#mainImage\"},\"datePublished\":\"2023-07-18T10:55:25+02:00\",\"dateModified\":\"2023-08-28T13:26:17+02:00\"},{\"@type\":\"WebSite\",\"@id\":\"https:\\\/\\\/www.skalnik.pl\\\/blog\\\/#website\",\"url\":\"https:\\\/\\\/www.skalnik.pl\\\/blog\\\/\",\"name\":\"blog Skalnik\",\"description\":\"Blog, porady, artyku\\u0142y - blog Skalnik\",\"inLanguage\":\"pl-PL\",\"publisher\":{\"@id\":\"https:\\\/\\\/www.skalnik.pl\\\/blog\\\/#organization\"}}]}\n\t\t<\/script>\n\t\t<!-- All in One SEO -->\n\n","aioseo_head_json":{"title":"Bieszczady \u2013 najpi\u0119kniejsze szlaki - blog Skalnik","description":"Bieszczady s\u0105 pi\u0119kne o ka\u017cdej porze roku. To nie tylko Po\u0142oniny, ale te\u017c nostalgiczne doliny czy bukowe lasy. Poznaj najpi\u0119kniejsze szlaki Bieszczad\u00f3w.","canonical_url":"https:\/\/www.skalnik.pl\/blog\/bieszczady-najpiekniejsze-szlaki\/","robots":"max-image-preview:large","keywords":"","webmasterTools":{"miscellaneous":""},"schema":{"@context":"https:\/\/schema.org","@graph":[{"@type":"BlogPosting","@id":"https:\/\/www.skalnik.pl\/blog\/bieszczady-najpiekniejsze-szlaki\/#blogposting","name":"Bieszczady \u2013 najpi\u0119kniejsze szlaki - blog Skalnik","headline":"Bieszczady &#8211; najpi\u0119kniejsze szlaki","author":{"@id":"https:\/\/www.skalnik.pl\/blog\/author\/anna-sliwa\/#author"},"publisher":{"@id":"https:\/\/www.skalnik.pl\/blog\/#organization"},"image":{"@type":"ImageObject","url":"https:\/\/www.skalnik.pl\/blog\/wp-content\/uploads\/2023\/06\/AdobeStock_294255152-min-scaled.jpeg","width":2560,"height":942},"datePublished":"2023-07-18T10:55:25+02:00","dateModified":"2023-08-28T13:26:17+02:00","inLanguage":"pl-PL","mainEntityOfPage":{"@id":"https:\/\/www.skalnik.pl\/blog\/bieszczady-najpiekniejsze-szlaki\/#webpage"},"isPartOf":{"@id":"https:\/\/www.skalnik.pl\/blog\/bieszczady-najpiekniejsze-szlaki\/#webpage"},"articleSection":"Pasja, trekking"},{"@type":"BreadcrumbList","@id":"https:\/\/www.skalnik.pl\/blog\/bieszczady-najpiekniejsze-szlaki\/#breadcrumblist","itemListElement":[{"@type":"ListItem","@id":"https:\/\/www.skalnik.pl\/blog#listItem","position":1,"name":"Home","item":"https:\/\/www.skalnik.pl\/blog","nextItem":{"@type":"ListItem","@id":"https:\/\/www.skalnik.pl\/blog\/.\/pasja\/#listItem","name":"Pasja"}},{"@type":"ListItem","@id":"https:\/\/www.skalnik.pl\/blog\/.\/pasja\/#listItem","position":2,"name":"Pasja","item":"https:\/\/www.skalnik.pl\/blog\/.\/pasja\/","nextItem":{"@type":"ListItem","@id":"https:\/\/www.skalnik.pl\/blog\/bieszczady-najpiekniejsze-szlaki\/#listItem","name":"Bieszczady &#8211; najpi\u0119kniejsze szlaki"},"previousItem":{"@type":"ListItem","@id":"https:\/\/www.skalnik.pl\/blog#listItem","name":"Home"}},{"@type":"ListItem","@id":"https:\/\/www.skalnik.pl\/blog\/bieszczady-najpiekniejsze-szlaki\/#listItem","position":3,"name":"Bieszczady &#8211; najpi\u0119kniejsze szlaki","previousItem":{"@type":"ListItem","@id":"https:\/\/www.skalnik.pl\/blog\/.\/pasja\/#listItem","name":"Pasja"}}]},{"@type":"Organization","@id":"https:\/\/www.skalnik.pl\/blog\/#organization","name":"blog Skalnik","description":"Blog, porady, artyku\u0142y - blog Skalnik","url":"https:\/\/www.skalnik.pl\/blog\/"},{"@type":"Person","@id":"https:\/\/www.skalnik.pl\/blog\/author\/anna-sliwa\/#author","url":"https:\/\/www.skalnik.pl\/blog\/author\/anna-sliwa\/","name":"Anna \u015aliwa","image":{"@type":"ImageObject","@id":"https:\/\/www.skalnik.pl\/blog\/bieszczady-najpiekniejsze-szlaki\/#authorImage","url":"https:\/\/secure.gravatar.com\/avatar\/e8300be3de710e2e109e5dfbf092dcf827242ec8071807a1e13f6b3f7c9bbd79?s=96&d=mm&r=g","width":96,"height":96,"caption":"Anna \u015aliwa"}},{"@type":"WebPage","@id":"https:\/\/www.skalnik.pl\/blog\/bieszczady-najpiekniejsze-szlaki\/#webpage","url":"https:\/\/www.skalnik.pl\/blog\/bieszczady-najpiekniejsze-szlaki\/","name":"Bieszczady \u2013 najpi\u0119kniejsze szlaki - blog Skalnik","description":"Bieszczady s\u0105 pi\u0119kne o ka\u017cdej porze roku. To nie tylko Po\u0142oniny, ale te\u017c nostalgiczne doliny czy bukowe lasy. Poznaj najpi\u0119kniejsze szlaki Bieszczad\u00f3w.","inLanguage":"pl-PL","isPartOf":{"@id":"https:\/\/www.skalnik.pl\/blog\/#website"},"breadcrumb":{"@id":"https:\/\/www.skalnik.pl\/blog\/bieszczady-najpiekniejsze-szlaki\/#breadcrumblist"},"author":{"@id":"https:\/\/www.skalnik.pl\/blog\/author\/anna-sliwa\/#author"},"creator":{"@id":"https:\/\/www.skalnik.pl\/blog\/author\/anna-sliwa\/#author"},"image":{"@type":"ImageObject","url":"https:\/\/www.skalnik.pl\/blog\/wp-content\/uploads\/2023\/06\/AdobeStock_294255152-min-scaled.jpeg","@id":"https:\/\/www.skalnik.pl\/blog\/bieszczady-najpiekniejsze-szlaki\/#mainImage","width":2560,"height":942},"primaryImageOfPage":{"@id":"https:\/\/www.skalnik.pl\/blog\/bieszczady-najpiekniejsze-szlaki\/#mainImage"},"datePublished":"2023-07-18T10:55:25+02:00","dateModified":"2023-08-28T13:26:17+02:00"},{"@type":"WebSite","@id":"https:\/\/www.skalnik.pl\/blog\/#website","url":"https:\/\/www.skalnik.pl\/blog\/","name":"blog Skalnik","description":"Blog, porady, artyku\u0142y - blog Skalnik","inLanguage":"pl-PL","publisher":{"@id":"https:\/\/www.skalnik.pl\/blog\/#organization"}}]},"og:locale":"pl_PL","og:site_name":"blog Skalnik - Blog, porady, artyku\u0142y - blog Skalnik","og:type":"article","og:title":"Bieszczady \u2013 najpi\u0119kniejsze szlaki - blog Skalnik","og:description":"Bieszczady s\u0105 pi\u0119kne o ka\u017cdej porze roku. To nie tylko Po\u0142oniny, ale te\u017c nostalgiczne doliny czy bukowe lasy. Poznaj najpi\u0119kniejsze szlaki Bieszczad\u00f3w.","og:url":"https:\/\/www.skalnik.pl\/blog\/bieszczady-najpiekniejsze-szlaki\/","og:image":"https:\/\/www.skalnik.pl\/blog\/wp-content\/uploads\/2023\/06\/P5181041-min-1024x768.jpg","og:image:secure_url":"https:\/\/www.skalnik.pl\/blog\/wp-content\/uploads\/2023\/06\/P5181041-min-1024x768.jpg","article:tag":["pasja","trekking"],"article:published_time":"2023-07-18T08:55:25+00:00","article:modified_time":"2023-08-28T11:26:17+00:00","twitter:card":"summary_large_image","twitter:title":"Bieszczady \u2013 najpi\u0119kniejsze szlaki - blog Skalnik","twitter:description":"Bieszczady s\u0105 pi\u0119kne o ka\u017cdej porze roku. To nie tylko Po\u0142oniny, ale te\u017c nostalgiczne doliny czy bukowe lasy. Poznaj najpi\u0119kniejsze szlaki Bieszczad\u00f3w.","twitter:image":"https:\/\/www.skalnik.pl\/blog\/wp-content\/uploads\/2023\/06\/P5181041-min-1024x768.jpg"},"aioseo_meta_data":{"post_id":"23509","title":null,"description":"Bieszczady s\u0105 pi\u0119kne o ka\u017cdej porze roku. To nie tylko Po\u0142oniny, ale te\u017c nostalgiczne doliny czy bukowe lasy. Poznaj najpi\u0119kniejsze szlaki Bieszczad\u00f3w.","keywords":[],"keyphrases":{"focus":{"keyphrase":"bieszczady","score":90,"analysis":{"keyphraseInTitle":{"score":9,"maxScore":9,"error":0},"keyphraseInDescription":{"score":9,"maxScore":9,"error":0},"keyphraseLength":{"score":9,"maxScore":9,"error":0,"length":1},"keyphraseInURL":{"score":5,"maxScore":5,"error":0},"keyphraseInIntroduction":{"score":9,"maxScore":9,"error":0},"keyphraseInSubHeadings":{"score":3,"maxScore":9,"error":1},"keyphraseInImageAlt":{"score":9,"maxScore":9,"error":0}}},"additional":[]},"primary_term":null,"canonical_url":null,"og_title":null,"og_description":null,"og_object_type":"default","og_image_type":"default","og_image_url":null,"og_image_width":null,"og_image_height":null,"og_image_custom_url":null,"og_image_custom_fields":null,"og_video":"","og_custom_url":null,"og_article_section":null,"og_article_tags":[],"twitter_use_og":false,"twitter_card":"default","twitter_image_type":"default","twitter_image_url":null,"twitter_image_custom_url":null,"twitter_image_custom_fields":null,"twitter_title":null,"twitter_description":null,"schema":{"blockGraphs":[],"customGraphs":[],"default":{"data":{"Article":[],"Course":[],"Dataset":[],"FAQPage":[],"Movie":[],"Person":[],"Product":[],"ProductReview":[],"Car":[],"Recipe":[],"Service":[],"SoftwareApplication":[],"WebPage":[]},"graphName":"","isEnabled":true},"graphs":[]},"schema_type":"default","schema_type_options":null,"pillar_content":false,"robots_default":true,"robots_noindex":false,"robots_noarchive":false,"robots_nosnippet":false,"robots_nofollow":false,"robots_noimageindex":false,"robots_noodp":false,"robots_notranslate":false,"robots_max_snippet":"-1","robots_max_videopreview":"-1","robots_max_imagepreview":"large","priority":null,"frequency":"default","local_seo":null,"breadcrumb_settings":null,"limit_modified_date":false,"ai":null,"created":"2023-06-30 05:30:59","updated":"2026-02-17 22:42:20","seo_analyzer_scan_date":null},"aioseo_breadcrumb":"<div class=\"aioseo-breadcrumbs\"><span class=\"aioseo-breadcrumb\">\n\t\t\t<a href=\"https:\/\/www.skalnik.pl\/blog\" title=\"Home\">Home<\/a>\n\t\t<\/span><span class=\"aioseo-breadcrumb-separator\">&raquo;<\/span><span class=\"aioseo-breadcrumb\">\n\t\t\t<a href=\"https:\/\/www.skalnik.pl\/blog\/.\/pasja\/\" title=\"Pasja\">Pasja<\/a>\n\t\t<\/span><span class=\"aioseo-breadcrumb-separator\">&raquo;<\/span><span class=\"aioseo-breadcrumb\">\n\t\t\tBieszczady \u2013 najpi\u0119kniejsze szlaki\n\t\t<\/span><\/div>","aioseo_breadcrumb_json":[{"label":"Home","link":"https:\/\/www.skalnik.pl\/blog"},{"label":"Pasja","link":"https:\/\/www.skalnik.pl\/blog\/.\/pasja\/"},{"label":"Bieszczady &#8211; najpi\u0119kniejsze szlaki","link":"https:\/\/www.skalnik.pl\/blog\/bieszczady-najpiekniejsze-szlaki\/"}],"_links":{"self":[{"href":"https:\/\/www.skalnik.pl\/blog\/wp-json\/wp\/v2\/posts\/23509","targetHints":{"allow":["GET"]}}],"collection":[{"href":"https:\/\/www.skalnik.pl\/blog\/wp-json\/wp\/v2\/posts"}],"about":[{"href":"https:\/\/www.skalnik.pl\/blog\/wp-json\/wp\/v2\/types\/post"}],"author":[{"embeddable":true,"href":"https:\/\/www.skalnik.pl\/blog\/wp-json\/wp\/v2\/users\/41"}],"replies":[{"embeddable":true,"href":"https:\/\/www.skalnik.pl\/blog\/wp-json\/wp\/v2\/comments?post=23509"}],"version-history":[{"count":7,"href":"https:\/\/www.skalnik.pl\/blog\/wp-json\/wp\/v2\/posts\/23509\/revisions"}],"predecessor-version":[{"id":23794,"href":"https:\/\/www.skalnik.pl\/blog\/wp-json\/wp\/v2\/posts\/23509\/revisions\/23794"}],"wp:featuredmedia":[{"embeddable":true,"href":"https:\/\/www.skalnik.pl\/blog\/wp-json\/wp\/v2\/media\/23510"}],"wp:attachment":[{"href":"https:\/\/www.skalnik.pl\/blog\/wp-json\/wp\/v2\/media?parent=23509"}],"wp:term":[{"taxonomy":"category","embeddable":true,"href":"https:\/\/www.skalnik.pl\/blog\/wp-json\/wp\/v2\/categories?post=23509"},{"taxonomy":"post_tag","embeddable":true,"href":"https:\/\/www.skalnik.pl\/blog\/wp-json\/wp\/v2\/tags?post=23509"},{"taxonomy":"magento_category","embeddable":true,"href":"https:\/\/www.skalnik.pl\/blog\/wp-json\/wp\/v2\/magento_category?post=23509"},{"taxonomy":"magento_product","embeddable":true,"href":"https:\/\/www.skalnik.pl\/blog\/wp-json\/wp\/v2\/magento_product?post=23509"}],"curies":[{"name":"wp","href":"https:\/\/api.w.org\/{rel}","templated":true}]}}