{"id":23592,"date":"2023-07-05T07:11:41","date_gmt":"2023-07-05T05:11:41","guid":{"rendered":"https:\/\/www.skalnik.pl\/blog\/?p=23592"},"modified":"2023-07-14T14:04:47","modified_gmt":"2023-07-14T12:04:47","slug":"karabinki-wspinaczkowe-vi-6","status":"publish","type":"post","link":"https:\/\/www.skalnik.pl\/blog\/karabinki-wspinaczkowe-vi-6\/","title":{"rendered":"Karabinki wspinaczkowe VI.6+"},"content":{"rendered":"\n<p><strong>Wszyscy zd\u0105\u017cyli\u015bmy si\u0119 przyzwyczai\u0107 do polskich marek sprz\u0119tu outdoorowego \u2013 krajowi producenci maj\u0105 d\u0142ug\u0105 tradycj\u0119 w szyciu odzie\u017cy czy plecak\u00f3w w g\u00f3ry. Do powszechnej \u015bwiadomo\u015bci wesz\u0142y tak\u017ce szyte w Polsce uprz\u0119\u017ce wspinaczkowe. Nie wszyscy jednak zdaj\u0105 sobie spraw\u0119, \u017ce w\u015br\u00f3d polskich marek znajdziemy tak\u017ce tak\u0105, kt\u00f3ra zajmuje si\u0119 produkcj\u0105 wspinaczkowego \u201ehardware\u2019u\u201d. Dla przyk\u0142adu jest to szpej taki jak karabinki wspinaczkowe, czy przyrz\u0105dy asekuracyjno-zjazdowe.<\/strong><\/p>\n\n\n\n<p>Szukaj\u0105c takich produkt\u00f3w nie jeste\u015bmy przestajemy by\u0107 zdani na produkty w\u0142oskie, niemieckie czy czeskie! Polsk\u0105 mark\u0105 sprz\u0119tu wspinaczkowego jest VI.6+. Pod jej szyldem kryj\u0105 si\u0119 nie tylko takie &#8222;gad\u017cety&#8221; jak raczki, magnezja czy plastry wspinaczkowe. <\/p>\n\n\n\n<p>Podstawowym elementem szpeju ka\u017cdego wspinacza oraz groto\u0142aza s\u0105 karabinki. Owal czy HMS znany jest ka\u017cdemu wspinaczowi, a wspinaczka bez nich jest obecnie trudna do wyobra\u017cenia (opr\u00f3cz oczywi\u015bcie bulderingu). Jak sami pewnie wiecie, sprz\u0119tem, kt\u00f3rego nigdy nie jest za wiele, s\u0105 w\u0142a\u015bnie karabinki wspinaczkowe. Rodzaje karabink\u00f3w nadaj\u0105ce si\u0119 do r\u00f3\u017cnych zastosowa\u0144 utrudniaj\u0105 nieco skompletowanie ekwipunku, a sytuacj\u0119 komplikuje to, \u017ce niekt\u00f3re u\u017cywane przez nas przyrz\u0105dy lepiej wsp\u00f3\u0142pracuj\u0105 nie tyle z konkretnymi typami, co wr\u0119cz modelami. <\/p>\n\n\n\n<p>Zupe\u0142nie nie dziwi zatem, \u017ce VI.6+ przygotowa\u0142o dla nas kilka wariant\u00f3w tego sprz\u0119tu! Dodatkowo modele aluminiowe oferowane s\u0105 w r\u00f3\u017cnych wariantach kolorystycznych. Zapraszam Was do kr\u00f3tkiego przegl\u0105du karabink\u00f3w VI.6+.<\/p>\n\n\n<div class=\"wp-block-image\">\n<figure class=\"aligncenter size-full\"><img loading=\"lazy\" decoding=\"async\" width=\"1024\" height=\"684\" src=\"https:\/\/www.skalnik.pl\/blog\/wp-content\/uploads\/2023\/07\/red-point_milima-2.jpg\" alt=\"przyrz\u0105d redpoint i karabinek safe\" class=\"wp-image-23593\" srcset=\"https:\/\/www.skalnik.pl\/blog\/wp-content\/uploads\/2023\/07\/red-point_milima-2.jpg 1024w, https:\/\/www.skalnik.pl\/blog\/wp-content\/uploads\/2023\/07\/red-point_milima-2-300x200.jpg 300w, https:\/\/www.skalnik.pl\/blog\/wp-content\/uploads\/2023\/07\/red-point_milima-2-768x513.jpg 768w\" sizes=\"auto, (max-width: 1024px) 100vw, 1024px\" \/><figcaption class=\"wp-element-caption\"><em>Marka VI.6+ to producent szpeju. W akcji karabinek Safe i przyrz\u0105d Red Point. (fot. milima.pl)<\/em><\/figcaption><\/figure>\n<\/div>\n\n\n<p class=\"has-white-color has-vivid-cyan-blue-background-color has-text-color has-background\">Zobacz wszystkie &#8211;&gt; <a href=\"https:\/\/www.skalnik.pl\/sprzet-wspinaczkowy\/wspinaczka\/wspinaczka-karabinki\/marka:vi.6\" target=\"_blank\" rel=\"noopener\" title=\"\"><strong>karabinki VI.6+<\/strong><\/a><\/p>\n\n\n\n<div id=\"ez-toc-container\" class=\"ez-toc-v2_0_85 counter-hierarchy ez-toc-counter ez-toc-light-blue ez-toc-container-direction\">\n<div class=\"ez-toc-title-container\">\n<p class=\"ez-toc-title\" style=\"cursor:inherit\">SPIS TRE\u015aCI <\/p>\n<span class=\"ez-toc-title-toggle\"><a href=\"#\" class=\"ez-toc-pull-right ez-toc-btn ez-toc-btn-xs ez-toc-btn-default ez-toc-toggle\" aria-label=\"Prze\u0142\u0105cznik Spisu Tre\u015bci\"><span class=\"ez-toc-js-icon-con\"><span class=\"\"><span class=\"eztoc-hide\" style=\"display:none;\">Toggle<\/span><span class=\"ez-toc-icon-toggle-span\"><svg style=\"fill: #999;color:#999\" xmlns=\"http:\/\/www.w3.org\/2000\/svg\" class=\"list-377408\" width=\"20px\" height=\"20px\" viewBox=\"0 0 24 24\" fill=\"none\"><path d=\"M6 6H4v2h2V6zm14 0H8v2h12V6zM4 11h2v2H4v-2zm16 0H8v2h12v-2zM4 16h2v2H4v-2zm16 0H8v2h12v-2z\" fill=\"currentColor\"><\/path><\/svg><svg style=\"fill: #999;color:#999\" class=\"arrow-unsorted-368013\" xmlns=\"http:\/\/www.w3.org\/2000\/svg\" width=\"10px\" height=\"10px\" viewBox=\"0 0 24 24\" version=\"1.2\" baseProfile=\"tiny\"><path d=\"M18.2 9.3l-6.2-6.3-6.2 6.3c-.2.2-.3.4-.3.7s.1.5.3.7c.2.2.4.3.7.3h11c.3 0 .5-.1.7-.3.2-.2.3-.5.3-.7s-.1-.5-.3-.7zM5.8 14.7l6.2 6.3 6.2-6.3c.2-.2.3-.5.3-.7s-.1-.5-.3-.7c-.2-.2-.4-.3-.7-.3h-11c-.3 0-.5.1-.7.3-.2.2-.3.5-.3.7s.1.5.3.7z\"\/><\/svg><\/span><\/span><\/span><\/a><\/span><\/div>\n<nav><ul class='ez-toc-list ez-toc-list-level-1 ' ><li class='ez-toc-page-1 ez-toc-heading-level-2'><a class=\"ez-toc-link ez-toc-heading-1\" href=\"https:\/\/www.skalnik.pl\/blog\/karabinki-wspinaczkowe-vi-6\/#Karabinek_Top_%E2%80%93_lekki_osobisty_karabinek_do_wspinaczki\" >Karabinek Top \u2013 lekki, osobisty karabinek do wspinaczki<\/a><\/li><li class='ez-toc-page-1 ez-toc-heading-level-2'><a class=\"ez-toc-link ez-toc-heading-2\" href=\"https:\/\/www.skalnik.pl\/blog\/karabinki-wspinaczkowe-vi-6\/#Karabinek_Safe_%E2%80%93_kolejna_propozycja_HMSa\" >Karabinek Safe \u2013 kolejna propozycja HMS\u2019a<\/a><\/li><li class='ez-toc-page-1 ez-toc-heading-level-2'><a class=\"ez-toc-link ez-toc-heading-3\" href=\"https:\/\/www.skalnik.pl\/blog\/karabinki-wspinaczkowe-vi-6\/#Karabinek_OVO_%E2%80%93_stalowy_owal_do_prac_wysokosciowych\" >Karabinek OVO \u2013 stalowy owal do prac wysoko\u015bciowych<\/a><\/li><li class='ez-toc-page-1 ez-toc-heading-level-2'><a class=\"ez-toc-link ez-toc-heading-4\" href=\"https:\/\/www.skalnik.pl\/blog\/karabinki-wspinaczkowe-vi-6\/#Karabinek_Gear\" >Karabinek Gear<\/a><\/li><\/ul><\/nav><\/div>\n<h2 class=\"wp-block-heading\"><span class=\"ez-toc-section\" id=\"Karabinek_Top_%E2%80%93_lekki_osobisty_karabinek_do_wspinaczki\"><\/span><strong>Karabinek Top \u2013 lekki, osobisty karabinek do wspinaczki<\/strong><span class=\"ez-toc-section-end\"><\/span><\/h2>\n\n\n<div class=\"wp-block-image\">\n<figure class=\"alignright size-thumbnail\"><img loading=\"lazy\" decoding=\"async\" width=\"300\" height=\"300\" src=\"https:\/\/www.skalnik.pl\/blog\/wp-content\/uploads\/2023\/07\/sp_03.12.2020_34_-300x300.jpg\" alt=\"karabinek top\" class=\"wp-image-23601\" srcset=\"https:\/\/www.skalnik.pl\/blog\/wp-content\/uploads\/2023\/07\/sp_03.12.2020_34_-300x300.jpg 300w, https:\/\/www.skalnik.pl\/blog\/wp-content\/uploads\/2023\/07\/sp_03.12.2020_34_.jpg 700w\" sizes=\"auto, (max-width: 300px) 100vw, 300px\" \/><\/figure>\n<\/div>\n\n\n<p>Top to karabinek wspinaczkowy z blokad\u0105, stworzony z my\u015bl\u0105 o uniwersalnych zastosowaniach w czasie wspinaczki. Ma on form\u0119 HMS\u2019a (karabinek osobisty, do wsp\u00f3\u0142pracy z przyrz\u0105dami asekuracyjnymi oraz do asekuracji z p\u00f3\u0142wyblinki). Mo\u017cna u\u017cywa\u0107 do do asekuracji, cho\u0107 jego odrobin\u0119 mniejsze rozmiary sprawiaj\u0105, \u017ce lepiej sprawdzi si\u0119 do u\u017cywania na stanowiskach, jako element autoasekuracji, czy za\u0142o\u017cenia blokera lub prusika do zjazdu. Z powodzeniem sprawdzi si\u0119 tak\u017ce do zak\u0142adania w\u0119dki oraz jako punkt centralny stanowiska.<\/p>\n\n\n\n<p>Zalet\u0105 karabinka Top jest komfortowy i bezpieczny zamek typu Key-lock, pozwalaj\u0105cy unikn\u0105\u0107 k\u0142opotliwego haczenia. Wymiary karabinka to 100 x 70 mm, a prze\u015bwit 20 mm. Przek\u0142ada si\u0119 to na ni\u017csz\u0105 wag\u0119, wynosz\u0105c\u0105 66 g, a tak\u017ce mniej zajmowanego miejsca. Wymiary te jednak predestynuj\u0105 go do u\u017cytku z cie\u0144szymi linami (zw\u0142aszcza gdy prowadzimy asekuracj\u0119 w uk\u0142adzie podw\u00f3jnym), a tak\u017ce jako dodatkowy karabinek zakr\u0119cany. Do grubszych lin oraz gdy waga nie jest dla nas priorytetem, odpowiednia b\u0119dzie kolejna propozycja.<\/p>\n\n\n<div class=\"wp-block-image\">\n<figure class=\"aligncenter size-full\"><img loading=\"lazy\" decoding=\"async\" width=\"1024\" height=\"768\" src=\"https:\/\/www.skalnik.pl\/blog\/wp-content\/uploads\/2023\/07\/karabinki-VI.6.jpg\" alt=\"karabinki wspinaczkowe Vi.6+\" class=\"wp-image-23595\" srcset=\"https:\/\/www.skalnik.pl\/blog\/wp-content\/uploads\/2023\/07\/karabinki-VI.6.jpg 1024w, https:\/\/www.skalnik.pl\/blog\/wp-content\/uploads\/2023\/07\/karabinki-VI.6-300x225.jpg 300w, https:\/\/www.skalnik.pl\/blog\/wp-content\/uploads\/2023\/07\/karabinki-VI.6-768x576.jpg 768w\" sizes=\"auto, (max-width: 1024px) 100vw, 1024px\" \/><figcaption class=\"wp-element-caption\"><em>Karabinki VI.6+. Na zdj\u0119ciu modele Gear (ekspresowy i zakr\u0119cany), Safe i Top.<\/em><\/figcaption><\/figure>\n<\/div>\n\n\n<h2 class=\"wp-block-heading\"><span class=\"ez-toc-section\" id=\"Karabinek_Safe_%E2%80%93_kolejna_propozycja_HMSa\"><\/span><strong>Karabinek Safe \u2013 kolejna propozycja HMS\u2019a<\/strong><span class=\"ez-toc-section-end\"><\/span><\/h2>\n\n\n<div class=\"wp-block-image\">\n<figure class=\"alignright size-thumbnail\"><img loading=\"lazy\" decoding=\"async\" width=\"300\" height=\"300\" src=\"https:\/\/www.skalnik.pl\/blog\/wp-content\/uploads\/2023\/07\/sp_03.12.2020_25_-300x300.jpg\" alt=\"karabinek safe\" class=\"wp-image-23603\" srcset=\"https:\/\/www.skalnik.pl\/blog\/wp-content\/uploads\/2023\/07\/sp_03.12.2020_25_-300x300.jpg 300w, https:\/\/www.skalnik.pl\/blog\/wp-content\/uploads\/2023\/07\/sp_03.12.2020_25_.jpg 700w\" sizes=\"auto, (max-width: 300px) 100vw, 300px\" \/><\/figure>\n<\/div>\n\n\n<p>Model Safe to karabinek osobisty (HMS) w nieco wi\u0119kszym wydaniu. Sprawdzi si\u0119 w tych samych zastosowaniach, co karabinek Top. Z uwagi na wi\u0119kszy rozmiar oraz 25 mm prze\u015bwit, zapewni lepsz\u0105 wsp\u00f3\u0142prac\u0119 z grubszymi linami, a tak\u017ce poprawi komfort manipulacji. U\u0142atwi tak\u017ce wykorzystanie karabinka jako elementu autoasekuracji. Wymiary karabinka Safe to 114 x 75 mm, a waga 75 g. Tak\u017ce tu znajdziemy system Key-lock, eliminuj\u0105cy haczenie wypinanej liny oraz zakr\u0119can\u0105 blokad\u0119 zamka.<\/p>\n\n\n\n<h2 class=\"wp-block-heading\"><span class=\"ez-toc-section\" id=\"Karabinek_OVO_%E2%80%93_stalowy_owal_do_prac_wysokosciowych\"><\/span><strong>Karabinek OVO \u2013 stalowy owal do prac wysoko\u015bciowych<\/strong><span class=\"ez-toc-section-end\"><\/span><\/h2>\n\n\n<div class=\"wp-block-image\">\n<figure class=\"alignright size-thumbnail\"><img loading=\"lazy\" decoding=\"async\" width=\"300\" height=\"300\" src=\"https:\/\/www.skalnik.pl\/blog\/wp-content\/uploads\/2023\/07\/010162-01_2-300x300.jpg\" alt=\"karabinek ovo owal\" class=\"wp-image-23606\" srcset=\"https:\/\/www.skalnik.pl\/blog\/wp-content\/uploads\/2023\/07\/010162-01_2-300x300.jpg 300w, https:\/\/www.skalnik.pl\/blog\/wp-content\/uploads\/2023\/07\/010162-01_2.jpg 700w\" sizes=\"auto, (max-width: 300px) 100vw, 300px\" \/><\/figure>\n<\/div>\n\n\n<p>Karabinek Ovo to klasyczna konstrukcja zakr\u0119canego, stalowego karabinka owalnego, a zatem podstawowego sprz\u0119tu u\u017cywanego w du\u017cych ilo\u015bciach w pracach wysoko\u015bciowych, dzia\u0142aniach ratowniczych i w jaskiniach.<\/p>\n\n\n\n<p>Wykonanie ze stali gwarantuje ponadprzeci\u0119tn\u0105 wytrzyma\u0142o\u015b\u0107, eliminuje nielubiane przez wielu zjawisko wycierania si\u0119 anodyzacji i zanieczyszczania ni\u0105 lin. Owalny kszta\u0142t i jednolity przekr\u00f3j ca\u0142ego karabinka zapewnia dobr\u0105 wsp\u00f3\u0142prac\u0119 i pozycjonowanie wielu przyrz\u0105d\u00f3w, takich jak cho\u0107by bloczki. \u015awietnie sprawdzi si\u0119 zatem w systemach wyci\u0105gowych, do por\u0119czowania, a tak\u017ce do wpinania do uprz\u0119\u017cy przyrz\u0105d\u00f3w zjazdowych takich jak rolki. Karabinek mo\u017cna wykorzysta\u0107 r\u00f3wnie\u017c jako dodatkowy hamulec przy ich u\u017cytkowaniu. W tym ostatnim przypadku ogromn\u0105 zalet\u0105 jest wi\u0119ksza odporno\u015b\u0107 stali na \u015bcieranie.<\/p>\n\n\n\n<p>Wymiary karabinka OVO wynosz\u0105 108 x 58 mm, prze\u015bwit 18,7 mm, a waga 164 g. Karabinek wykonany jest ze stali ocynkowanej, co zabezpiecza go przed korozj\u0105. Dodatkow\u0105 zalet\u0105 w stosunku do modeli aluminiowych jest niew\u0105tpliwie cena.<\/p>\n\n\n<div class=\"wp-block-image\">\n<figure class=\"aligncenter size-full\"><img loading=\"lazy\" decoding=\"async\" width=\"1024\" height=\"683\" src=\"https:\/\/www.skalnik.pl\/blog\/wp-content\/uploads\/2023\/07\/SS23_VI6_karabinek-ovo.jpg\" alt=\"karabinek owal ovo vi.6+ prace na wysoko\u015bciach\" class=\"wp-image-23594\" srcset=\"https:\/\/www.skalnik.pl\/blog\/wp-content\/uploads\/2023\/07\/SS23_VI6_karabinek-ovo.jpg 1024w, https:\/\/www.skalnik.pl\/blog\/wp-content\/uploads\/2023\/07\/SS23_VI6_karabinek-ovo-300x200.jpg 300w, https:\/\/www.skalnik.pl\/blog\/wp-content\/uploads\/2023\/07\/SS23_VI6_karabinek-ovo-768x512.jpg 768w\" sizes=\"auto, (max-width: 1024px) 100vw, 1024px\" \/><figcaption class=\"wp-element-caption\"><em>Karabinki Ovo. W sam raz do zada\u0144 specjalnych. (fot. VI.6+)<\/em><\/figcaption><\/figure>\n<\/div>\n\n\n<h2 class=\"wp-block-heading\"><span class=\"ez-toc-section\" id=\"Karabinek_Gear\"><\/span><strong>Karabinek Gear<\/strong><span class=\"ez-toc-section-end\"><\/span><\/h2>\n\n\n<div class=\"wp-block-image\">\n<figure class=\"alignright size-thumbnail\"><img loading=\"lazy\" decoding=\"async\" width=\"300\" height=\"300\" src=\"https:\/\/www.skalnik.pl\/blog\/wp-content\/uploads\/2023\/07\/022708-CZARNY-01-300x300.jpg\" alt=\"karabinek gear \" class=\"wp-image-23608\" srcset=\"https:\/\/www.skalnik.pl\/blog\/wp-content\/uploads\/2023\/07\/022708-CZARNY-01-300x300.jpg 300w, https:\/\/www.skalnik.pl\/blog\/wp-content\/uploads\/2023\/07\/022708-CZARNY-01.jpg 700w\" sizes=\"auto, (max-width: 300px) 100vw, 300px\" \/><\/figure>\n<\/div>\n\n\n<p>Ten model to odpowied\u017a na potrzeb\u0119 skonstruowania karabinka do zastosowa\u0144 niezwi\u0105zanych bezpo\u015brednio z zapewnieniem ochrony i bezpiecze\u0144stwa, jednak b\u0119d\u0105cego czym\u015b wi\u0119cej ni\u017c tylko element breloka do kluczy.<\/p>\n\n\n\n<p>Do cel\u00f3w takich jak mocowanie hamaka, po\u0142\u0105czenie dziabek ze smyczkami oraz do\u0142\u0105czenie stopki do \u201ema\u0142py\u201d nie potrzebujemy pe\u0142nowymiarowych karabink\u00f3w o du\u017cej wytrzyma\u0142o\u015bci. Z drugiej strony powszechnie dost\u0119pne miniaturowe karabinki \u201e<em>not for climb<\/em>\u201d cz\u0119sto nie utrzymuj\u0105 nawet statycznie podwieszonego ci\u0119\u017caru cz\u0142owieka, a ich zamki psuj\u0105 si\u0119 nawet po kr\u00f3tkotrwa\u0142ym u\u017cytkowaniu. Nie nadaj\u0105 si\u0119 wi\u0119c do wykorzystania jako karabinki sprz\u0119towe. Gear jest zatem rozwi\u0105zaniem kompromisowym \u2013 11 kN wytrzyma\u0142o\u015bci to a\u017c nadto aby utrzyma\u0107 nasz ci\u0119\u017car, jednak waga 25 g (dla wariantu niezakr\u0119canego) lub 28 g (zakr\u0119cany) jest na tyle ma\u0142a, aby nie by\u0107 przez nas odczuwalna. Klasyczna konstrukcja zamka i jego blokady jest jednocze\u015bnie du\u017co wygodniejsza w manipulacji ni\u017c nakr\u0119tka znana z karabink\u00f3w typu mailon (u\u017cywanych cho\u0107by do podczepienia stopki do ma\u0142py).<\/p>\n\n\n\n<p>Gear to znakomite rozwi\u0105zanie tak\u017ce do porz\u0105dkowania szpeju w domu \u2013 prze\u015bwit 16 mm jest wystarczaj\u0105cy aby przywiesi\u0107 go do r\u00f3\u017cnego rodzaju wieszak\u00f3w, ko\u0142k\u00f3w czy innych \u201ewynalazk\u00f3w\u201d.<\/p>\n\n\n\n<figure class=\"wp-block-image size-full\"><a href=\"https:\/\/www.skalnik.pl\/sprzet-wspinaczkowy\/wspinaczka\/wspinaczka-karabinki\/marka:vi.6\" target=\"_blank\" rel=\"noreferrer noopener\"><img loading=\"lazy\" decoding=\"async\" width=\"1024\" height=\"250\" src=\"https:\/\/www.skalnik.pl\/blog\/wp-content\/uploads\/2023\/07\/KARABINKI-VI.6-SKLEP.jpg\" alt=\"\" class=\"wp-image-23596\" srcset=\"https:\/\/www.skalnik.pl\/blog\/wp-content\/uploads\/2023\/07\/KARABINKI-VI.6-SKLEP.jpg 1024w, https:\/\/www.skalnik.pl\/blog\/wp-content\/uploads\/2023\/07\/KARABINKI-VI.6-SKLEP-300x73.jpg 300w, https:\/\/www.skalnik.pl\/blog\/wp-content\/uploads\/2023\/07\/KARABINKI-VI.6-SKLEP-768x188.jpg 768w\" sizes=\"auto, (max-width: 1024px) 100vw, 1024px\" \/><\/a><\/figure>\n\n\n\n<hr class=\"wp-block-separator has-alpha-channel-opacity is-style-dots\"\/>\n\n\n\n<p>Oferta karabink\u00f3w wspinaczkowych VI.6+ nie jest mo\u017ce szeroka, ale mo\u017cna j\u0105 uzna\u0107 za do\u015b\u0107 kompletn\u0105. Reprezentuje ona g\u0142\u00f3wne typy osobistych karabink\u00f3w do wspinaczki. Jak wida\u0107, dobieraj\u0105c szpej mo\u017cesz postawi\u0107 na produkty polskiej marki. <\/p>\n","protected":false},"excerpt":{"rendered":"<p>Poznaj karabinki wspinaczkowe polskiej marki VI.6+<\/p>\n","protected":false},"author":39,"featured_media":23598,"comment_status":"closed","ping_status":"closed","sticky":false,"template":"","format":"standard","meta":{"_acf_changed":false,"footnotes":""},"categories":[5],"tags":[90,138,20],"magento_category":[],"magento_product":[],"class_list":["post-23592","post","type-post","status-publish","format-standard","has-post-thumbnail","hentry","category-branza","tag-sprzet-wspinaczkowy","tag-vi-6","tag-wspinaczka"],"acf":[],"aioseo_notices":[],"aioseo_head":"\n\t\t<!-- All in One SEO 4.9.10 - aioseo.com -->\n\t<meta name=\"description\" content=\"Karabinki wspinaczkowe polskiej marki? Tak to mo\u017cliwe. Poznaj ofert\u0119 marki VI.6+, kt\u00f3ra tworzy karabinki HMS, karabinki owalne i sprz\u0119towe. Poznaj ca\u0142\u0105 ofert\u0119!\" \/>\n\t<meta name=\"robots\" content=\"max-image-preview:large\" \/>\n\t<meta name=\"author\" content=\"Skadi\"\/>\n\t<link rel=\"canonical\" href=\"https:\/\/www.skalnik.pl\/blog\/karabinki-wspinaczkowe-vi-6\/\" \/>\n\t<meta name=\"generator\" content=\"All in One SEO (AIOSEO) 4.9.10\" \/>\n\t\t<meta property=\"og:locale\" content=\"pl_PL\" \/>\n\t\t<meta property=\"og:site_name\" content=\"blog Skalnik - Blog, porady, artyku\u0142y - blog Skalnik\" \/>\n\t\t<meta property=\"og:type\" content=\"article\" \/>\n\t\t<meta property=\"og:title\" content=\"Karabinki wspinaczkowe VI.6+ - blog Skalnik\" \/>\n\t\t<meta property=\"og:description\" content=\"Karabinki wspinaczkowe polskiej marki? Tak to mo\u017cliwe. Poznaj ofert\u0119 marki VI.6+, kt\u00f3ra tworzy karabinki HMS, karabinki owalne i sprz\u0119towe. Poznaj ca\u0142\u0105 ofert\u0119!\" \/>\n\t\t<meta property=\"og:url\" content=\"https:\/\/www.skalnik.pl\/blog\/karabinki-wspinaczkowe-vi-6\/\" \/>\n\t\t<meta property=\"og:image\" content=\"https:\/\/www.skalnik.pl\/blog\/wp-content\/uploads\/2023\/07\/red-point_milima-2.jpg\" \/>\n\t\t<meta property=\"og:image:secure_url\" content=\"https:\/\/www.skalnik.pl\/blog\/wp-content\/uploads\/2023\/07\/red-point_milima-2.jpg\" \/>\n\t\t<meta property=\"og:image:width\" content=\"1024\" \/>\n\t\t<meta property=\"og:image:height\" content=\"684\" \/>\n\t\t<meta property=\"article:tag\" content=\"bran\u017ca\" \/>\n\t\t<meta property=\"article:tag\" content=\"sprz\u0119t wspinaczkowy\" \/>\n\t\t<meta property=\"article:tag\" content=\"vi.6+\" \/>\n\t\t<meta property=\"article:tag\" content=\"wspinaczka\" \/>\n\t\t<meta property=\"article:published_time\" content=\"2023-07-05T05:11:41+00:00\" \/>\n\t\t<meta property=\"article:modified_time\" content=\"2023-07-14T12:04:47+00:00\" \/>\n\t\t<meta name=\"twitter:card\" content=\"summary_large_image\" \/>\n\t\t<meta name=\"twitter:title\" content=\"Karabinki wspinaczkowe VI.6+ - blog Skalnik\" \/>\n\t\t<meta name=\"twitter:description\" content=\"Karabinki wspinaczkowe polskiej marki? Tak to mo\u017cliwe. Poznaj ofert\u0119 marki VI.6+, kt\u00f3ra tworzy karabinki HMS, karabinki owalne i sprz\u0119towe. Poznaj ca\u0142\u0105 ofert\u0119!\" \/>\n\t\t<meta name=\"twitter:image\" content=\"https:\/\/www.skalnik.pl\/blog\/wp-content\/uploads\/2023\/07\/red-point_milima-2.jpg\" \/>\n\t\t<script type=\"application\/ld+json\" class=\"aioseo-schema\">\n\t\t\t{\"@context\":\"https:\\\/\\\/schema.org\",\"@graph\":[{\"@type\":\"BlogPosting\",\"@id\":\"https:\\\/\\\/www.skalnik.pl\\\/blog\\\/karabinki-wspinaczkowe-vi-6\\\/#blogposting\",\"name\":\"Karabinki wspinaczkowe VI.6+ - blog Skalnik\",\"headline\":\"Karabinki wspinaczkowe VI.6+\",\"author\":{\"@id\":\"https:\\\/\\\/www.skalnik.pl\\\/blog\\\/author\\\/skadi\\\/#author\"},\"publisher\":{\"@id\":\"https:\\\/\\\/www.skalnik.pl\\\/blog\\\/#organization\"},\"image\":{\"@type\":\"ImageObject\",\"url\":\"https:\\\/\\\/www.skalnik.pl\\\/blog\\\/wp-content\\\/uploads\\\/2023\\\/07\\\/karabinki-VI6artykul-przeglad.jpg\",\"width\":1920,\"height\":706},\"datePublished\":\"2023-07-05T07:11:41+02:00\",\"dateModified\":\"2023-07-14T14:04:47+02:00\",\"inLanguage\":\"pl-PL\",\"mainEntityOfPage\":{\"@id\":\"https:\\\/\\\/www.skalnik.pl\\\/blog\\\/karabinki-wspinaczkowe-vi-6\\\/#webpage\"},\"isPartOf\":{\"@id\":\"https:\\\/\\\/www.skalnik.pl\\\/blog\\\/karabinki-wspinaczkowe-vi-6\\\/#webpage\"},\"articleSection\":\"Bran\\u017ca, sprz\\u0119t wspinaczkowy, VI.6+, wspinaczka\"},{\"@type\":\"BreadcrumbList\",\"@id\":\"https:\\\/\\\/www.skalnik.pl\\\/blog\\\/karabinki-wspinaczkowe-vi-6\\\/#breadcrumblist\",\"itemListElement\":[{\"@type\":\"ListItem\",\"@id\":\"https:\\\/\\\/www.skalnik.pl\\\/blog#listItem\",\"position\":1,\"name\":\"Home\",\"item\":\"https:\\\/\\\/www.skalnik.pl\\\/blog\",\"nextItem\":{\"@type\":\"ListItem\",\"@id\":\"https:\\\/\\\/www.skalnik.pl\\\/blog\\\/.\\\/branza\\\/#listItem\",\"name\":\"Bran\\u017ca\"}},{\"@type\":\"ListItem\",\"@id\":\"https:\\\/\\\/www.skalnik.pl\\\/blog\\\/.\\\/branza\\\/#listItem\",\"position\":2,\"name\":\"Bran\\u017ca\",\"item\":\"https:\\\/\\\/www.skalnik.pl\\\/blog\\\/.\\\/branza\\\/\",\"nextItem\":{\"@type\":\"ListItem\",\"@id\":\"https:\\\/\\\/www.skalnik.pl\\\/blog\\\/karabinki-wspinaczkowe-vi-6\\\/#listItem\",\"name\":\"Karabinki wspinaczkowe VI.6+\"},\"previousItem\":{\"@type\":\"ListItem\",\"@id\":\"https:\\\/\\\/www.skalnik.pl\\\/blog#listItem\",\"name\":\"Home\"}},{\"@type\":\"ListItem\",\"@id\":\"https:\\\/\\\/www.skalnik.pl\\\/blog\\\/karabinki-wspinaczkowe-vi-6\\\/#listItem\",\"position\":3,\"name\":\"Karabinki wspinaczkowe VI.6+\",\"previousItem\":{\"@type\":\"ListItem\",\"@id\":\"https:\\\/\\\/www.skalnik.pl\\\/blog\\\/.\\\/branza\\\/#listItem\",\"name\":\"Bran\\u017ca\"}}]},{\"@type\":\"Organization\",\"@id\":\"https:\\\/\\\/www.skalnik.pl\\\/blog\\\/#organization\",\"name\":\"blog Skalnik\",\"description\":\"Blog, porady, artyku\\u0142y - blog Skalnik\",\"url\":\"https:\\\/\\\/www.skalnik.pl\\\/blog\\\/\"},{\"@type\":\"Person\",\"@id\":\"https:\\\/\\\/www.skalnik.pl\\\/blog\\\/author\\\/skadi\\\/#author\",\"url\":\"https:\\\/\\\/www.skalnik.pl\\\/blog\\\/author\\\/skadi\\\/\",\"name\":\"Skadi\",\"image\":{\"@type\":\"ImageObject\",\"@id\":\"https:\\\/\\\/www.skalnik.pl\\\/blog\\\/karabinki-wspinaczkowe-vi-6\\\/#authorImage\",\"url\":\"https:\\\/\\\/secure.gravatar.com\\\/avatar\\\/ae13ef788103b67237116ff6ca11806fd62a3875c2f169205ba46718cec9cfc7?s=96&d=mm&r=g\",\"width\":96,\"height\":96,\"caption\":\"Skadi\"}},{\"@type\":\"WebPage\",\"@id\":\"https:\\\/\\\/www.skalnik.pl\\\/blog\\\/karabinki-wspinaczkowe-vi-6\\\/#webpage\",\"url\":\"https:\\\/\\\/www.skalnik.pl\\\/blog\\\/karabinki-wspinaczkowe-vi-6\\\/\",\"name\":\"Karabinki wspinaczkowe VI.6+ - blog Skalnik\",\"description\":\"Karabinki wspinaczkowe polskiej marki? Tak to mo\\u017cliwe. Poznaj ofert\\u0119 marki VI.6+, kt\\u00f3ra tworzy karabinki HMS, karabinki owalne i sprz\\u0119towe. Poznaj ca\\u0142\\u0105 ofert\\u0119!\",\"inLanguage\":\"pl-PL\",\"isPartOf\":{\"@id\":\"https:\\\/\\\/www.skalnik.pl\\\/blog\\\/#website\"},\"breadcrumb\":{\"@id\":\"https:\\\/\\\/www.skalnik.pl\\\/blog\\\/karabinki-wspinaczkowe-vi-6\\\/#breadcrumblist\"},\"author\":{\"@id\":\"https:\\\/\\\/www.skalnik.pl\\\/blog\\\/author\\\/skadi\\\/#author\"},\"creator\":{\"@id\":\"https:\\\/\\\/www.skalnik.pl\\\/blog\\\/author\\\/skadi\\\/#author\"},\"image\":{\"@type\":\"ImageObject\",\"url\":\"https:\\\/\\\/www.skalnik.pl\\\/blog\\\/wp-content\\\/uploads\\\/2023\\\/07\\\/karabinki-VI6artykul-przeglad.jpg\",\"@id\":\"https:\\\/\\\/www.skalnik.pl\\\/blog\\\/karabinki-wspinaczkowe-vi-6\\\/#mainImage\",\"width\":1920,\"height\":706},\"primaryImageOfPage\":{\"@id\":\"https:\\\/\\\/www.skalnik.pl\\\/blog\\\/karabinki-wspinaczkowe-vi-6\\\/#mainImage\"},\"datePublished\":\"2023-07-05T07:11:41+02:00\",\"dateModified\":\"2023-07-14T14:04:47+02:00\"},{\"@type\":\"WebSite\",\"@id\":\"https:\\\/\\\/www.skalnik.pl\\\/blog\\\/#website\",\"url\":\"https:\\\/\\\/www.skalnik.pl\\\/blog\\\/\",\"name\":\"blog Skalnik\",\"description\":\"Blog, porady, artyku\\u0142y - blog Skalnik\",\"inLanguage\":\"pl-PL\",\"publisher\":{\"@id\":\"https:\\\/\\\/www.skalnik.pl\\\/blog\\\/#organization\"}}]}\n\t\t<\/script>\n\t\t<!-- All in One SEO -->\n\n","aioseo_head_json":{"title":"Karabinki wspinaczkowe VI.6+ - blog Skalnik","description":"Karabinki wspinaczkowe polskiej marki? Tak to mo\u017cliwe. Poznaj ofert\u0119 marki VI.6+, kt\u00f3ra tworzy karabinki HMS, karabinki owalne i sprz\u0119towe. Poznaj ca\u0142\u0105 ofert\u0119!","canonical_url":"https:\/\/www.skalnik.pl\/blog\/karabinki-wspinaczkowe-vi-6\/","robots":"max-image-preview:large","keywords":"","webmasterTools":{"miscellaneous":""},"schema":{"@context":"https:\/\/schema.org","@graph":[{"@type":"BlogPosting","@id":"https:\/\/www.skalnik.pl\/blog\/karabinki-wspinaczkowe-vi-6\/#blogposting","name":"Karabinki wspinaczkowe VI.6+ - blog Skalnik","headline":"Karabinki wspinaczkowe VI.6+","author":{"@id":"https:\/\/www.skalnik.pl\/blog\/author\/skadi\/#author"},"publisher":{"@id":"https:\/\/www.skalnik.pl\/blog\/#organization"},"image":{"@type":"ImageObject","url":"https:\/\/www.skalnik.pl\/blog\/wp-content\/uploads\/2023\/07\/karabinki-VI6artykul-przeglad.jpg","width":1920,"height":706},"datePublished":"2023-07-05T07:11:41+02:00","dateModified":"2023-07-14T14:04:47+02:00","inLanguage":"pl-PL","mainEntityOfPage":{"@id":"https:\/\/www.skalnik.pl\/blog\/karabinki-wspinaczkowe-vi-6\/#webpage"},"isPartOf":{"@id":"https:\/\/www.skalnik.pl\/blog\/karabinki-wspinaczkowe-vi-6\/#webpage"},"articleSection":"Bran\u017ca, sprz\u0119t wspinaczkowy, VI.6+, wspinaczka"},{"@type":"BreadcrumbList","@id":"https:\/\/www.skalnik.pl\/blog\/karabinki-wspinaczkowe-vi-6\/#breadcrumblist","itemListElement":[{"@type":"ListItem","@id":"https:\/\/www.skalnik.pl\/blog#listItem","position":1,"name":"Home","item":"https:\/\/www.skalnik.pl\/blog","nextItem":{"@type":"ListItem","@id":"https:\/\/www.skalnik.pl\/blog\/.\/branza\/#listItem","name":"Bran\u017ca"}},{"@type":"ListItem","@id":"https:\/\/www.skalnik.pl\/blog\/.\/branza\/#listItem","position":2,"name":"Bran\u017ca","item":"https:\/\/www.skalnik.pl\/blog\/.\/branza\/","nextItem":{"@type":"ListItem","@id":"https:\/\/www.skalnik.pl\/blog\/karabinki-wspinaczkowe-vi-6\/#listItem","name":"Karabinki wspinaczkowe VI.6+"},"previousItem":{"@type":"ListItem","@id":"https:\/\/www.skalnik.pl\/blog#listItem","name":"Home"}},{"@type":"ListItem","@id":"https:\/\/www.skalnik.pl\/blog\/karabinki-wspinaczkowe-vi-6\/#listItem","position":3,"name":"Karabinki wspinaczkowe VI.6+","previousItem":{"@type":"ListItem","@id":"https:\/\/www.skalnik.pl\/blog\/.\/branza\/#listItem","name":"Bran\u017ca"}}]},{"@type":"Organization","@id":"https:\/\/www.skalnik.pl\/blog\/#organization","name":"blog Skalnik","description":"Blog, porady, artyku\u0142y - blog Skalnik","url":"https:\/\/www.skalnik.pl\/blog\/"},{"@type":"Person","@id":"https:\/\/www.skalnik.pl\/blog\/author\/skadi\/#author","url":"https:\/\/www.skalnik.pl\/blog\/author\/skadi\/","name":"Skadi","image":{"@type":"ImageObject","@id":"https:\/\/www.skalnik.pl\/blog\/karabinki-wspinaczkowe-vi-6\/#authorImage","url":"https:\/\/secure.gravatar.com\/avatar\/ae13ef788103b67237116ff6ca11806fd62a3875c2f169205ba46718cec9cfc7?s=96&d=mm&r=g","width":96,"height":96,"caption":"Skadi"}},{"@type":"WebPage","@id":"https:\/\/www.skalnik.pl\/blog\/karabinki-wspinaczkowe-vi-6\/#webpage","url":"https:\/\/www.skalnik.pl\/blog\/karabinki-wspinaczkowe-vi-6\/","name":"Karabinki wspinaczkowe VI.6+ - blog Skalnik","description":"Karabinki wspinaczkowe polskiej marki? Tak to mo\u017cliwe. Poznaj ofert\u0119 marki VI.6+, kt\u00f3ra tworzy karabinki HMS, karabinki owalne i sprz\u0119towe. Poznaj ca\u0142\u0105 ofert\u0119!","inLanguage":"pl-PL","isPartOf":{"@id":"https:\/\/www.skalnik.pl\/blog\/#website"},"breadcrumb":{"@id":"https:\/\/www.skalnik.pl\/blog\/karabinki-wspinaczkowe-vi-6\/#breadcrumblist"},"author":{"@id":"https:\/\/www.skalnik.pl\/blog\/author\/skadi\/#author"},"creator":{"@id":"https:\/\/www.skalnik.pl\/blog\/author\/skadi\/#author"},"image":{"@type":"ImageObject","url":"https:\/\/www.skalnik.pl\/blog\/wp-content\/uploads\/2023\/07\/karabinki-VI6artykul-przeglad.jpg","@id":"https:\/\/www.skalnik.pl\/blog\/karabinki-wspinaczkowe-vi-6\/#mainImage","width":1920,"height":706},"primaryImageOfPage":{"@id":"https:\/\/www.skalnik.pl\/blog\/karabinki-wspinaczkowe-vi-6\/#mainImage"},"datePublished":"2023-07-05T07:11:41+02:00","dateModified":"2023-07-14T14:04:47+02:00"},{"@type":"WebSite","@id":"https:\/\/www.skalnik.pl\/blog\/#website","url":"https:\/\/www.skalnik.pl\/blog\/","name":"blog Skalnik","description":"Blog, porady, artyku\u0142y - blog Skalnik","inLanguage":"pl-PL","publisher":{"@id":"https:\/\/www.skalnik.pl\/blog\/#organization"}}]},"og:locale":"pl_PL","og:site_name":"blog Skalnik - Blog, porady, artyku\u0142y - blog Skalnik","og:type":"article","og:title":"Karabinki wspinaczkowe VI.6+ - blog Skalnik","og:description":"Karabinki wspinaczkowe polskiej marki? Tak to mo\u017cliwe. Poznaj ofert\u0119 marki VI.6+, kt\u00f3ra tworzy karabinki HMS, karabinki owalne i sprz\u0119towe. Poznaj ca\u0142\u0105 ofert\u0119!","og:url":"https:\/\/www.skalnik.pl\/blog\/karabinki-wspinaczkowe-vi-6\/","og:image":"https:\/\/www.skalnik.pl\/blog\/wp-content\/uploads\/2023\/07\/red-point_milima-2.jpg","og:image:secure_url":"https:\/\/www.skalnik.pl\/blog\/wp-content\/uploads\/2023\/07\/red-point_milima-2.jpg","og:image:width":1024,"og:image:height":684,"article:tag":["bran\u017ca","sprz\u0119t wspinaczkowy","vi.6+","wspinaczka"],"article:published_time":"2023-07-05T05:11:41+00:00","article:modified_time":"2023-07-14T12:04:47+00:00","twitter:card":"summary_large_image","twitter:title":"Karabinki wspinaczkowe VI.6+ - blog Skalnik","twitter:description":"Karabinki wspinaczkowe polskiej marki? Tak to mo\u017cliwe. Poznaj ofert\u0119 marki VI.6+, kt\u00f3ra tworzy karabinki HMS, karabinki owalne i sprz\u0119towe. Poznaj ca\u0142\u0105 ofert\u0119!","twitter:image":"https:\/\/www.skalnik.pl\/blog\/wp-content\/uploads\/2023\/07\/red-point_milima-2.jpg"},"aioseo_meta_data":{"post_id":"23592","title":null,"description":"Karabinki wspinaczkowe polskiej marki? Tak to mo\u017cliwe. Poznaj ofert\u0119 marki VI.6+, kt\u00f3ra tworzy karabinki HMS, karabinki owalne i sprz\u0119towe. Poznaj ca\u0142\u0105 ofert\u0119!","keywords":[],"keyphrases":{"focus":{"keyphrase":"karabinki","score":90,"analysis":{"keyphraseInTitle":{"score":9,"maxScore":9,"error":0},"keyphraseInDescription":{"score":9,"maxScore":9,"error":0},"keyphraseLength":{"score":9,"maxScore":9,"error":0,"length":1},"keyphraseInURL":{"score":5,"maxScore":5,"error":0},"keyphraseInIntroduction":{"score":9,"maxScore":9,"error":0},"keyphraseInSubHeadings":{"score":3,"maxScore":9,"error":1},"keyphraseInImageAlt":{"score":9,"maxScore":9,"error":0}}},"additional":[]},"primary_term":null,"canonical_url":null,"og_title":null,"og_description":null,"og_object_type":"default","og_image_type":"default","og_image_url":null,"og_image_width":null,"og_image_height":null,"og_image_custom_url":null,"og_image_custom_fields":null,"og_video":"","og_custom_url":null,"og_article_section":null,"og_article_tags":[],"twitter_use_og":false,"twitter_card":"default","twitter_image_type":"default","twitter_image_url":null,"twitter_image_custom_url":null,"twitter_image_custom_fields":null,"twitter_title":null,"twitter_description":null,"schema":{"blockGraphs":[],"customGraphs":[],"default":{"data":{"Article":[],"Course":[],"Dataset":[],"FAQPage":[],"Movie":[],"Person":[],"Product":[],"ProductReview":[],"Car":[],"Recipe":[],"Service":[],"SoftwareApplication":[],"WebPage":[]},"graphName":"","isEnabled":true},"graphs":[]},"schema_type":"default","schema_type_options":null,"pillar_content":false,"robots_default":true,"robots_noindex":false,"robots_noarchive":false,"robots_nosnippet":false,"robots_nofollow":false,"robots_noimageindex":false,"robots_noodp":false,"robots_notranslate":false,"robots_max_snippet":"-1","robots_max_videopreview":"-1","robots_max_imagepreview":"large","priority":null,"frequency":"default","local_seo":null,"breadcrumb_settings":null,"limit_modified_date":false,"ai":null,"created":"2023-07-04 07:01:24","updated":"2026-02-17 22:41:23","seo_analyzer_scan_date":null},"aioseo_breadcrumb":"<div class=\"aioseo-breadcrumbs\"><span class=\"aioseo-breadcrumb\">\n\t\t\t<a href=\"https:\/\/www.skalnik.pl\/blog\" title=\"Home\">Home<\/a>\n\t\t<\/span><span class=\"aioseo-breadcrumb-separator\">&raquo;<\/span><span class=\"aioseo-breadcrumb\">\n\t\t\t<a href=\"https:\/\/www.skalnik.pl\/blog\/.\/branza\/\" title=\"Bran\u017ca\">Bran\u017ca<\/a>\n\t\t<\/span><span class=\"aioseo-breadcrumb-separator\">&raquo;<\/span><span class=\"aioseo-breadcrumb\">\n\t\t\tKarabinki wspinaczkowe VI.6+\n\t\t<\/span><\/div>","aioseo_breadcrumb_json":[{"label":"Home","link":"https:\/\/www.skalnik.pl\/blog"},{"label":"Bran\u017ca","link":"https:\/\/www.skalnik.pl\/blog\/.\/branza\/"},{"label":"Karabinki wspinaczkowe VI.6+","link":"https:\/\/www.skalnik.pl\/blog\/karabinki-wspinaczkowe-vi-6\/"}],"_links":{"self":[{"href":"https:\/\/www.skalnik.pl\/blog\/wp-json\/wp\/v2\/posts\/23592","targetHints":{"allow":["GET"]}}],"collection":[{"href":"https:\/\/www.skalnik.pl\/blog\/wp-json\/wp\/v2\/posts"}],"about":[{"href":"https:\/\/www.skalnik.pl\/blog\/wp-json\/wp\/v2\/types\/post"}],"author":[{"embeddable":true,"href":"https:\/\/www.skalnik.pl\/blog\/wp-json\/wp\/v2\/users\/39"}],"replies":[{"embeddable":true,"href":"https:\/\/www.skalnik.pl\/blog\/wp-json\/wp\/v2\/comments?post=23592"}],"version-history":[{"count":7,"href":"https:\/\/www.skalnik.pl\/blog\/wp-json\/wp\/v2\/posts\/23592\/revisions"}],"predecessor-version":[{"id":23614,"href":"https:\/\/www.skalnik.pl\/blog\/wp-json\/wp\/v2\/posts\/23592\/revisions\/23614"}],"wp:featuredmedia":[{"embeddable":true,"href":"https:\/\/www.skalnik.pl\/blog\/wp-json\/wp\/v2\/media\/23598"}],"wp:attachment":[{"href":"https:\/\/www.skalnik.pl\/blog\/wp-json\/wp\/v2\/media?parent=23592"}],"wp:term":[{"taxonomy":"category","embeddable":true,"href":"https:\/\/www.skalnik.pl\/blog\/wp-json\/wp\/v2\/categories?post=23592"},{"taxonomy":"post_tag","embeddable":true,"href":"https:\/\/www.skalnik.pl\/blog\/wp-json\/wp\/v2\/tags?post=23592"},{"taxonomy":"magento_category","embeddable":true,"href":"https:\/\/www.skalnik.pl\/blog\/wp-json\/wp\/v2\/magento_category?post=23592"},{"taxonomy":"magento_product","embeddable":true,"href":"https:\/\/www.skalnik.pl\/blog\/wp-json\/wp\/v2\/magento_product?post=23592"}],"curies":[{"name":"wp","href":"https:\/\/api.w.org\/{rel}","templated":true}]}}